{"id":101368,"date":"2024-08-08T08:38:59","date_gmt":"2024-08-08T08:38:59","guid":{"rendered":"https:\/\/les-atypiques-chalets.com\/?p=101368"},"modified":"2025-05-21T13:18:01","modified_gmt":"2025-05-21T13:18:01","slug":"explorez-la-faune-et-la-flore-de-gerardmer","status":"publish","type":"post","link":"https:\/\/les-atypiques-chalets.com\/de\/explorez-la-faune-et-la-flore-de-gerardmer\/","title":{"rendered":"Explorez la faune et la flore de G\u00e9rardmer"},"content":{"rendered":"<div class=\"wpb-content-wrapper\"><div class=\"vc_row wpb_row vc_row-fluid\"><div class=\"wpb_column vc_column_container vc_col-sm-12\"><div class=\"vc_column-inner\"><div class=\"wpb_wrapper\">\n\t<div class=\"wpb_text_column wpb_content_element\" >\n\t\t<div class=\"wpb_wrapper\">\n\t\t\t<h1><span style=\"color: #683c16;\">Explorez la faune<\/span><br \/>\n<span style=\"color: #683c16;\">et la flore de G\u00e9rardmer<\/span><\/h1>\n\n\t\t<\/div>\n\t<\/div>\n<\/div><\/div><\/div><\/div><div class=\"vc_row wpb_row vc_row-fluid\"><div class=\"wpb_column vc_column_container vc_col-sm-12\"><div class=\"vc_column-inner\"><div class=\"wpb_wrapper\">\t\t\n\t\t\t\t\n\t\t\t<!-- BEGIN .shb-accommodation-listing-filter-sorting -->\n\t\t\t<div class=\"shb-accommodation-listing-filter-sorting shb-clearfix\">\n\t\t\t\n\t\t\t\t\t\t\t\n\t\t\t\t<div class=\"shb-accommodation-listing-filter shb-clearfix\">\n\t\t\t\t\t<p>Filtern nach:<\/p>\n\t\t\t\t\t<ul>\n\t\t\t\t\t\t<li class=\"shb-filter-current\"><a href=\"https:\/\/les-atypiques-chalets.com\/de\/wp-json\/wp\/v2\/posts\/101368?shb-orderby=2\">All<\/a><\/li><li class=\"\"><a href=\"https:\/\/les-atypiques-chalets.com\/de\/wp-json\/wp\/v2\/posts\/101368?shb-orderby=2&shb-accommodation-type=chalet-4-personnes-gerardmer\">Chalet f\u00fcr 4 Personen<\/a><\/li><li class=\"\"><a href=\"https:\/\/les-atypiques-chalets.com\/de\/wp-json\/wp\/v2\/posts\/101368?shb-orderby=2&shb-accommodation-type=chalet-6-personnes\">Chalet f\u00fcr 6 Personen<\/a><\/li><li class=\"\"><a href=\"https:\/\/les-atypiques-chalets.com\/de\/wp-json\/wp\/v2\/posts\/101368?shb-orderby=2&shb-accommodation-type=chalets-6-personnes\">Chalets f\u00fcr 6 Personen<\/a><\/li>\t\t\t\t\t<\/ul>\n\t\t\t\t<\/div>\n\t\t\t\n\t\t\t\t\t\t\t\n\t\t\t\t\t\t\t\n\t\t\t\t<div class=\"shb-accommodation-listing-sorting shb-clearfix\">\n\t\t\t\t\t<select>\n\t\t\t\t\t\t<option value=\"https:\/\/les-atypiques-chalets.com\/de\/wp-json\/wp\/v2\/posts\/101368?shb-accommodation-type=0\" selected>Standard-Sortierung<\/option><option value=\"https:\/\/les-atypiques-chalets.com\/de\/wp-json\/wp\/v2\/posts\/101368?shb-accommodation-type=0&shb-orderby=1\" >Preis niedrig bis hoch<\/option><option value=\"https:\/\/les-atypiques-chalets.com\/de\/wp-json\/wp\/v2\/posts\/101368?shb-accommodation-type=0&shb-orderby=2\" >Preis hoch bis niedrig<\/option>\t\t\t\t\t<\/select>\n\t\t\t\t\t<i class=\"fas fa-chevron-down\"><\/i>\n\t\t\t\t<\/div>\n\t\t\t\n\t\t\t\t\t\n\t\t\t<!-- END .shb-accommodation-listing-filter-sorting -->\n\t\t\t<\/div>\n\t\t\n\t\t\t\t\n\t\t<!-- BEGIN .shb-accommodation-listing-style-1 -->\n\t\t<div class=\"shb-accommodation-listing-style-1 shb-accommodation-listing-style-1-columns-3\">\n\t\t\t\n\t\t\t\t\n\t\t\t<!-- BEGIN .shb-accommodation-listing-item -->\n\t\t\t<div class=\"shb-accommodation-listing-item\">\n\t\t\t\n\t\t\t\t\t\t\t\t\t<a href=\"https:\/\/les-atypiques-chalets.com\/de\/chalet-charkhan\/\" rel=\"bookmark\" title=\"Chalet Charkhan\">\n\t\t\t\t\t\t\t\t\t\t\t\t<img decoding=\"async\" class=\"shb-accommodation-listing-image\" src=\"https:\/\/les-atypiques-chalets.com\/wp-content\/uploads\/2025\/03\/salon-charkhan-03-L-1180x675.webp\" alt=\"Chalet Charkhan\" \/>\t\t\t\t\t<\/a>\n\t\t\t\t\t\t\t\n\t\t\t\t<div class=\"shb-accommodation-listing-description-wrapper\">\n\t\t\t\t\n\t\t\t\t\t<h3><a href=\"https:\/\/les-atypiques-chalets.com\/de\/chalet-charkhan\/\" rel=\"bookmark\" title=\"Chalet Charkhan\">Chalet Charkhan<\/a><\/h3>\n\t\t\t\t\n\t\t\t\t\t<div class=\"shb-accommodation-listing-description shb-clearfix\">\n\t\t\t\t\t\t<ul>\r\n<li><i class=\"fas fa-user\"><\/i><span>Kapazit\u00e4t<\/span> 6 Personen<\/li>\r\n<li><i class=\"fas fa-ruler-combined\"><\/i><span>Oberfl\u00e4che<\/span> 65 m\u00b2<\/li>\r\n<li><i class=\"fas fa-hot-tub\"><\/i><span> Nordische Badewanne<\/span> privativ<\/li>\r\n<\/ul>\t\t\t\t\t\t<a href=\"https:\/\/les-atypiques-chalets.com\/de\/chalet-charkhan\/\" class=\"shb-accommodation-listing-button1\">ab 225\u20ac\/Nacht<\/a>\n\t\t\t\t\t\t<a href=\"https:\/\/les-atypiques-chalets.com\/de\/chalet-charkhan\/\" class=\"shb-accommodation-listing-button2\">Zimmer anzeigen<i class=\"fas fa-chevron-right\"><\/i><\/a>\n\t\t\t\t\t<\/div>\n\t\t\t\t\n\t\t\t\t<\/div>\n\t\t\t\n\t\t\t<!-- END .shb-accommodation-listing-item -->\n\t\t\t<\/div>\n\t\t\n\t\t\t\t\n\t\t\t<!-- BEGIN .shb-accommodation-listing-item -->\n\t\t\t<div class=\"shb-accommodation-listing-item\">\n\t\t\t\n\t\t\t\t\t\t\t\t\t<a href=\"https:\/\/les-atypiques-chalets.com\/de\/chalet-aslan\/\" rel=\"bookmark\" title=\"Chalet Aslan\">\n\t\t\t\t\t\t\t\t\t\t\t\t<img decoding=\"async\" class=\"shb-accommodation-listing-image\" src=\"https:\/\/les-atypiques-chalets.com\/wp-content\/uploads\/2025\/03\/ASLAN-2-900x710.webp\" alt=\"Chalet Aslan\" \/>\t\t\t\t\t<\/a>\n\t\t\t\t\t\t\t\n\t\t\t\t<div class=\"shb-accommodation-listing-description-wrapper\">\n\t\t\t\t\n\t\t\t\t\t<h3><a href=\"https:\/\/les-atypiques-chalets.com\/de\/chalet-aslan\/\" rel=\"bookmark\" title=\"Chalet Aslan\">Chalet Aslan<\/a><\/h3>\n\t\t\t\t\n\t\t\t\t\t<div class=\"shb-accommodation-listing-description shb-clearfix\">\n\t\t\t\t\t\t<ul>\r\n<li><i class=\"fas fa-user\"><\/i><span>Kapazit\u00e4t<\/span> 5 Personen<\/li>\r\n<li><i class=\"fas fa-ruler-combined\"><\/i><span>Oberfl\u00e4che<\/span> 65 m\u00b2<\/li>\r\n<li><i class=\"fas fa-hot-tub\"><\/i><span> Nordische Badewanne<\/span> privativ<\/li>\r\n<\/ul>\t\t\t\t\t\t<a href=\"https:\/\/les-atypiques-chalets.com\/de\/chalet-aslan\/\" class=\"shb-accommodation-listing-button1\">ab 215 \u20ac\/Nacht<\/a>\n\t\t\t\t\t\t<a href=\"https:\/\/les-atypiques-chalets.com\/de\/chalet-aslan\/\" class=\"shb-accommodation-listing-button2\">Zimmer anzeigen<i class=\"fas fa-chevron-right\"><\/i><\/a>\n\t\t\t\t\t<\/div>\n\t\t\t\t\n\t\t\t\t<\/div>\n\t\t\t\n\t\t\t<!-- END .shb-accommodation-listing-item -->\n\t\t\t<\/div>\n\t\t\n\t\t\t\t\n\t\t\t<!-- BEGIN .shb-accommodation-listing-item -->\n\t\t\t<div class=\"shb-accommodation-listing-item\">\n\t\t\t\n\t\t\t\t\t\t\t\t\t<a href=\"https:\/\/les-atypiques-chalets.com\/de\/chalet-iorik\/\" rel=\"bookmark\" title=\"Chalet Iorik\">\n\t\t\t\t\t\t\t\t\t\t\t\t<img decoding=\"async\" class=\"shb-accommodation-listing-image\" src=\"https:\/\/les-atypiques-chalets.com\/wp-content\/uploads\/2025\/09\/iorik-sejour-L-1024x710.webp\" alt=\"Chalet Iorik\" \/>\t\t\t\t\t<\/a>\n\t\t\t\t\t\t\t\n\t\t\t\t<div class=\"shb-accommodation-listing-description-wrapper\">\n\t\t\t\t\n\t\t\t\t\t<h3><a href=\"https:\/\/les-atypiques-chalets.com\/de\/chalet-iorik\/\" rel=\"bookmark\" title=\"Chalet Iorik\">Chalet Iorik<\/a><\/h3>\n\t\t\t\t\n\t\t\t\t\t<div class=\"shb-accommodation-listing-description shb-clearfix\">\n\t\t\t\t\t\t<ul>\r\n<li><i class=\"fas fa-user\"><\/i><span>Kapazit\u00e4t<\/span> 4 Personen<\/li>\r\n<li><i class=\"fas fa-ruler-combined\"><\/i><span>Oberfl\u00e4che<\/span> 45 m2<\/li>\r\n<li><i class=\"fas fa-hot-tub\"><\/i><span> Nordische Badewanne<\/span> privativ<\/li>\r\n<\/ul>\t\t\t\t\t\t<a href=\"https:\/\/les-atypiques-chalets.com\/de\/chalet-iorik\/\" class=\"shb-accommodation-listing-button1\">ab 170\u20ac\/Nacht<\/a>\n\t\t\t\t\t\t<a href=\"https:\/\/les-atypiques-chalets.com\/de\/chalet-iorik\/\" class=\"shb-accommodation-listing-button2\">Zimmer anzeigen<i class=\"fas fa-chevron-right\"><\/i><\/a>\n\t\t\t\t\t<\/div>\n\t\t\t\t\n\t\t\t\t<\/div>\n\t\t\t\n\t\t\t<!-- END .shb-accommodation-listing-item -->\n\t\t\t<\/div>\n\t\t\n\t\t\t\t\t\n\t\t<!-- END .shb-accommodation-listing-style-1 -->\n\t\t<\/div>\n\t\n\t\t\n\t\t\t\n\t\t<div class=\"shb-clearboth\"><\/div>\n\t\t<div class=\"shb-accommodation-listing-1-pagination\">\n\t\t\t\t<\/div>\n\t\t\n\t\t\n\t<\/div><\/div><\/div><\/div><div class=\"vc_row wpb_row vc_row-fluid\"><div class=\"wpb_column vc_column_container vc_col-sm-12\"><div class=\"vc_column-inner\"><div class=\"wpb_wrapper\">\n\t<div class=\"wpb_text_column wpb_content_element\" >\n\t\t<div class=\"wpb_wrapper\">\n\t\t\t<h3><span style=\"color: #683c16;\">Einf\u00fchrung<\/span><\/h3>\n<hr \/>\n<p>G\u00e9rardmer, souvent surnomm\u00e9e la \u00ab Perle des Vosges \u00bb, est une petite ville nich\u00e9e au c\u0153ur des montagnes vosgiennes. Connue pour son magnifique lac et ses paysages pittoresques, G\u00e9rardmer est un v\u00e9ritable paradis pour les amoureux de la nature. Que vous soyez un randonneur passionn\u00e9, un photographe amateur ou simplement \u00e0 la recherche d&rsquo;un endroit paisible pour vous ressourcer, G\u00e9rardmer vous offre une richesse incroyable en termes de faune et de flore. Dans cet article, nous allons explorer en profondeur les tr\u00e9sors naturels de cette r\u00e9gion, tout en vous pr\u00e9sentant les meilleurs moyens de les d\u00e9couvrir.<\/p>\n<h3><span style=\"color: #683c16;\">G\u00e9rardmer : Un Joyau de la Nature<\/span><\/h3>\n<hr \/>\n<h4><strong>Localisation g\u00e9ographique et climat<\/strong><\/h4>\n<p>G\u00e9rardmer est situ\u00e9e dans le d\u00e9partement des <a href=\"https:\/\/les-atypiques-chalets.com\/de\/vivez-la-veritable-magie-dun-noel-en-montagne-dans-les-vosges\/\"  data-wpil-monitor-id=\"830\">Vogesen<\/a>, en r\u00e9gion Grand Est. Cette localisation privil\u00e9gi\u00e9e, entre montagnes et for\u00eats, contribue \u00e0 la grande diversit\u00e9 de son \u00e9cosyst\u00e8me. Le climat y est montagnard, avec des hivers rigoureux et des \u00e9t\u00e9s doux, cr\u00e9ant ainsi un environnement id\u00e9al pour une faune et une flore vari\u00e9es.<\/p>\n<h5><strong>Influence du climat sur la biodiversit\u00e9<\/strong><\/h5>\n<p>Le climat de <a href=\"https:\/\/les-atypiques-chalets.com\/de\/visitez-les-marches-de-gerardmer\/\"  data-wpil-monitor-id=\"493\">G\u00e9rardmer<\/a> joue un r\u00f4le crucial dans la diversit\u00e9 biologique de la r\u00e9gion. Les pr\u00e9cipitations abondantes et les temp\u00e9ratures vari\u00e9es favorisent la croissance de diff\u00e9rentes esp\u00e8ces v\u00e9g\u00e9tales et animales, cr\u00e9ant un \u00e9cosyst\u00e8me riche et complexe.<\/p>\n<h4><span style=\"color: #683c16;\"><strong>Histoire et pr\u00e9servation de l&rsquo;environnement naturel<\/strong><\/span><\/h4>\n<hr \/>\n<p>Depuis des si\u00e8cles, la <a href=\"https:\/\/les-atypiques-chalets.com\/de\/guide-des-boutiques-de-gerardmer\/\"  data-wpil-monitor-id=\"746\">r\u00e9gion de G\u00e9rardmer<\/a> a su pr\u00e9server son patrimoine naturel. Les habitants locaux, conscients de la richesse de leur environnement, ont mis en place diverses initiatives pour prot\u00e9ger la faune et la flore locales.<\/p>\n<h5><strong>Efforts locaux de conservation<\/strong><\/h5>\n<p>Les efforts de conservation incluent la cr\u00e9ation de r\u00e9serves naturelles, la r\u00e9glementation stricte des activit\u00e9s humaines dans les zones sensibles, et des programmes d&rsquo;\u00e9ducation environnementale destin\u00e9s \u00e0 sensibiliser les r\u00e9sidents et les visiteurs.<\/p>\n<h3><span style=\"color: #683c16;\">La Faune de G\u00e9rardmer<\/span><\/h3>\n<hr \/>\n<h4><strong>Mammif\u00e8res embl\u00e9matiques de la r\u00e9gion<\/strong><\/h4>\n<p>Les for\u00eats de G\u00e9rardmer abritent une vari\u00e9t\u00e9 de mammif\u00e8res, dont certains sont particuli\u00e8rement embl\u00e9matiques de la r\u00e9gion.<\/p>\n<h5><strong>Les cerfs et chevreuils<\/strong><\/h5>\n<p>Le cerf \u00e9laphe et le chevreuil sont deux des mammif\u00e8res les plus majestueux que l&rsquo;on peut rencontrer dans les for\u00eats de G\u00e9rardmer. Ces animaux, souvent aper\u00e7us au cr\u00e9puscule ou \u00e0 l&rsquo;aube, sont un spectacle \u00e0 ne pas manquer pour les amateurs de faune sauvage.<\/p>\n<h5><strong>Les renards et blaireaux<\/strong><\/h5>\n<p>Le renard roux et le blaireau sont \u00e9galement des habitants typiques des sous-bois vosgiens. Discrets et nocturnes, ces animaux jouent un r\u00f4le essentiel dans l&rsquo;\u00e9quilibre \u00e9cologique de la r\u00e9gion.<\/p>\n<h4><span style=\"color: #683c16;\">Oiseaux rares et migrateurs<\/span><\/h4>\n<hr \/>\n<p>G\u00e9rardmer est un point d&rsquo;arr\u00eat important pour de nombreuses esp\u00e8ces d&rsquo;oiseaux migrateurs.<\/p>\n<h5><strong>Esp\u00e8ces end\u00e9miques<\/strong><\/h5>\n<p>Parmi les esp\u00e8ces end\u00e9miques, on trouve le grand t\u00e9tras, un oiseau rare et prot\u00e9g\u00e9, ainsi que le pic noir, dont les coups de bec r\u00e9sonnent souvent dans les for\u00eats de la r\u00e9gion.<\/p>\n<h4><span style=\"color: #683c16;\">Les petites cr\u00e9atures et leur r\u00f4le \u00e9cologique<\/span><\/h4>\n<p>Les insectes, bien qu&rsquo;ils soient souvent moins remarqu\u00e9s, jouent un r\u00f4le crucial dans l&rsquo;\u00e9cosyst\u00e8me de G\u00e9rardmer.<\/p>\n<h5><strong>Insectes et leur importance dans l&rsquo;\u00e9cosyst\u00e8me<\/strong><\/h5>\n<p>Les abeilles, les papillons et les col\u00e9opt\u00e8res sont essentiels \u00e0 la pollinisation des plantes locales et \u00e0 l&rsquo;entretien de la biodiversit\u00e9. Leur pr\u00e9sence indique une bonne sant\u00e9 de l&rsquo;\u00e9cosyst\u00e8me.<\/p>\n<h3><span style=\"color: #683c16;\">La Flore de G\u00e9rardmer<\/span><\/h3>\n<hr \/>\n<h4><strong>For\u00eats majestueuses<\/strong><\/h4>\n<p>Les for\u00eats de G\u00e9rardmer sont principalement compos\u00e9es de sapins, de pins et de h\u00eatres, cr\u00e9ant des paysages \u00e0 couper le souffle.<\/p>\n<h5><strong>Principales essences d&rsquo;arbres<\/strong><\/h5>\n<p>Les sapins pectin\u00e9s et les h\u00eatres sont les deux essences d&rsquo;arbres les plus r\u00e9pandues dans les for\u00eats de G\u00e9rardmer, contribuant \u00e0 l&rsquo;apparence typique des for\u00eats vosgiennes.<\/p>\n<h5><strong>Flore de sous-bois<\/strong><\/h5>\n<p>Les sous-bois abritent une diversit\u00e9 de plantes, allant des foug\u00e8res aux myrtilles, en passant par des mousses et lichens qui tapissent le sol, cr\u00e9ant un environnement luxuriant et myst\u00e9rieux.<\/p>\n<h4><strong>Les prairies alpines<\/strong><\/h4>\n<p>Les prairies alpines de G\u00e9rardmer, situ\u00e9es \u00e0 des altitudes plus \u00e9lev\u00e9es, sont le refuge de nombreuses fleurs sauvages.<\/p>\n<h5><strong>Fleurs sauvages typiques<\/strong><\/h5>\n<p>Parmi les fleurs sauvages, on trouve l&rsquo;arnica et l&rsquo;edelweiss, embl\u00e8mes des prairies vosgiennes, qui ajoutent des touches de couleur aux paysages verdoyants.<\/p>\n<h5><strong>Plantes m\u00e9dicinales et leur usage traditionnel<\/strong><\/h5>\n<p>L&rsquo;arnica, utilis\u00e9e depuis des si\u00e8cles pour ses propri\u00e9t\u00e9s anti-inflammatoires, est l&rsquo;une des nombreuses plantes m\u00e9dicinales que l&rsquo;on peut trouver dans cette r\u00e9gion.<\/p>\n<h4><span style=\"color: #683c16;\">Zones humides et tourbi\u00e8res<\/span><\/h4>\n<hr \/>\n<p>Les zones humides de G\u00e9rardmer, telles que les tourbi\u00e8res, sont des habitats uniques et fragiles.<\/p>\n<h5><strong>V\u00e9g\u00e9tation sp\u00e9cifique des mar\u00e9cages<\/strong><\/h5>\n<p>La v\u00e9g\u00e9tation des tourbi\u00e8res est compos\u00e9e de plantes sp\u00e9cialis\u00e9es, comme la sphaigne, une mousse qui joue un r\u00f4le crucial dans la formation de ces milieux.<\/p>\n<h3><span style=\"color: #683c16;\">Les atypiques chalets :<br \/>\nUn H\u00e9bergement en Harmonie avec la Nature<\/span><\/h3>\n<hr \/>\n<h4><strong>Le concept des chalets atypiques<\/strong><\/h4>\n<p><a href=\"https:\/\/les-atypiques-chalets.com\/de\/\">Les chalets atypiques<\/a> de G\u00e9rardmer offrent une exp\u00e9rience d&rsquo;h\u00e9bergement unique, en harmonie avec la nature environnante.<\/p>\n<h5><strong>Respect de l&rsquo;environnement<\/strong><\/h5>\n<p>Ces chalets sont construits avec des mat\u00e9riaux \u00e9cologiques et sont souvent \u00e9quip\u00e9s de syst\u00e8mes d&rsquo;\u00e9nergie renouvelable, minimisant ainsi leur impact sur l&rsquo;environnement.<\/p>\n<h5><strong>Confort et immersion dans la nature<\/strong><\/h5>\n<p>Tout en offrant un confort moderne, ces <a href=\"https:\/\/les-atypiques-chalets.com\/de\/votre-chalet-de-randonnee-dans-les-vosges-au-coeur-de-la-nature\/\"  data-wpil-monitor-id=\"745\">chalets permettent aux visiteurs de s&rsquo;immerger totalement dans la nature<\/a>, avec des vues imprenables sur les montagnes ou le lac.<\/p>\n<h4><strong>Exemples de chalets populaires \u00e0 G\u00e9rardmer<\/strong><\/h4>\n<h5><strong>Des chalets avec vue sur le lac<\/strong><\/h5>\n<p>Lesen <a href=\"https:\/\/les-atypiques-chalets.com\/de\/chalet-a-louer-gerardmer-decouvrez-nos-chalets-a-louer-a-gerardmer\/\"  data-wpil-monitor-id=\"846\">chalets situ\u00e9s en bordure du lac de G\u00e9rardmer<\/a> offrent une vue spectaculaire, parfaite pour se d\u00e9tendre apr\u00e8s une journ\u00e9e de randonn\u00e9e.<\/p>\n<h5><strong>Chalets isol\u00e9s en pleine for\u00eat<\/strong><\/h5>\n<p>Pour ceux qui recherchent plus de tranquillit\u00e9, les chalets isol\u00e9s au c\u0153ur de la for\u00eat offrent un refuge parfait loin de l&rsquo;agitation de la vie quotidienne.<\/p>\n<h3><span style=\"color: #683c16;\">Activit\u00e9s de Plein Air<br \/>\npour D\u00e9couvrir la Faune et la Flore<\/span><\/h3>\n<hr \/>\n<h4><strong>Randonn\u00e9es et sentiers balis\u00e9s<\/strong><\/h4>\n<p>G\u00e9rardmer est un v\u00e9ritable paradis pour les randonneurs, avec de nombreux sentiers balis\u00e9s.<\/p>\n<h5><strong>Sentiers pour observer la faune<\/strong><\/h5>\n<p>Certains sentiers sont sp\u00e9cialement con\u00e7us pour l&rsquo;observation de la faune, avec des points d&rsquo;observation discrets et des panneaux d&rsquo;information.<\/p>\n<h5><strong>Chemins pour d\u00e9couvrir la flore locale<\/strong><\/h5>\n<p>D&rsquo;autres chemins vous emm\u00e8nent \u00e0 travers les prairies et les for\u00eats, o\u00f9 vous pourrez d\u00e9couvrir la flore locale dans toute sa splendeur.<\/p>\n<h4><strong>Observation des oiseaux<\/strong><\/h4>\n<p>L&rsquo;observation des oiseaux est une activit\u00e9 pris\u00e9e \u00e0 G\u00e9rardmer, surtout durant les migrations saisonni\u00e8res.<\/p>\n<h5><strong>Meilleures saisons pour l&rsquo;observation<\/strong><\/h5>\n<p>Les meilleures p\u00e9riodes pour l&rsquo;observation des oiseaux sont le printemps et l&rsquo;automne, lorsque de nombreuses esp\u00e8ces migrent \u00e0 travers la r\u00e9gion.<\/p>\n<h4><strong>Photographie de la nature<\/strong><\/h4>\n<p>La photographie de la nature \u00e0 G\u00e9rardmer est une activit\u00e9 enrichissante, gr\u00e2ce \u00e0 la diversit\u00e9 des paysages et des esp\u00e8ces.<\/p>\n<h5><strong>Spots recommand\u00e9s pour les photographes<\/strong><\/h5>\n<p>Parmi les spots recommand\u00e9s, on trouve le <a href=\"https:\/\/les-atypiques-chalets.com\/de\/location-proche-lac-gerardmer-decouvrez-les-atypiques-chalets-pour-un-sejour-inoubliable\/\"  data-wpil-monitor-id=\"876\">Lac de G\u00e9rardmer<\/a> au lever du soleil, et les for\u00eats environnantes en automne, lorsque les feuilles changent de couleur.<\/p>\n<h3><span style=\"color: #683c16;\">Conseils Pratiques pour les Visiteurs<\/span><\/h3>\n<hr \/>\n<h4><strong>Meilleures p\u00e9riodes pour visiter G\u00e9rardmer<\/strong><\/h4>\n<p>Les saisons les plus recommand\u00e9es pour visiter G\u00e9rardmer sont le printemps et l&rsquo;\u00e9t\u00e9, lorsque la nature est en pleine floraison.<\/p>\n<h5><strong>Climat et conditions m\u00e9t\u00e9orologiques<\/strong><\/h5>\n<p>Le climat peut varier rapidement dans les montagnes, il est donc <a href=\"https:\/\/les-atypiques-chalets.com\/de\/comment-preparer-votre-sejour-a-gerardmer-conseils-et-astuces\/\"  data-wpil-monitor-id=\"2107\">conseill\u00e9 de se pr\u00e9parer<\/a> \u00e0 diff\u00e9rentes conditions m\u00e9t\u00e9orologiques.<\/p>\n<h4><strong>Comment se pr\u00e9parer pour une visite nature<\/strong><\/h4>\n<p>Pour profiter pleinement de votre visite \u00e0 G\u00e9rardmer, quelques pr\u00e9parations sont n\u00e9cessaires.<\/p>\n<h5><strong>\u00c9quipement recommand\u00e9<\/strong><\/h5>\n<p>Il est conseill\u00e9 d&#8217;emporter des v\u00eatements adapt\u00e9s \u00e0 la <a href=\"https:\/\/les-atypiques-chalets.com\/de\/les-10-choses-a-faire-a-gerardmer-en-ete\/\"  data-wpil-monitor-id=\"1679\">Wanderung<\/a>, ainsi qu&rsquo;une paire de jumelles pour l&rsquo;observation de la faune.<\/p>\n<h5><strong>R\u00e8gles \u00e0 respecter pour pr\u00e9server la nature<\/strong><\/h5>\n<p>Respecter la nature est essentiel : ne laissez pas de d\u00e9chets derri\u00e8re vous, restez sur les sentiers balis\u00e9s, et ne d\u00e9rangez pas la faune locale.<\/p>\n<h3><span style=\"color: #683c16;\">Schlussfolgerung<\/span><\/h3>\n<hr \/>\n<p>G\u00e9rardmer est un v\u00e9ritable tr\u00e9sor pour les amoureux de la nature, offrant une faune et une flore riches et vari\u00e9es. La pr\u00e9servation de cet environnement est essentielle pour que les g\u00e9n\u00e9rations futures puissent \u00e9galement profiter de cette beaut\u00e9 naturelle. Alors, que vous soyez un aventurier chevronn\u00e9 ou un simple amoureux de la nature, <a href=\"https:\/\/les-atypiques-chalets.com\/de\/louez-un-chalet-a-gerardmer-pour-des-vacances-inoubliables\/\"  data-wpil-monitor-id=\"1029\">G\u00e9rardmer vous attend pour une exp\u00e9rience inoubliable<\/a>.<\/p>\n<hr \/>\n<h3><span style=\"color: #683c16;\">H\u00e4ufig gestellte Fragen<\/span><\/h3>\n<hr \/>\n<ol>\n<li><strong>Quelle est la <a href=\"https:\/\/les-atypiques-chalets.com\/de\/les-meilleurs-spots-pour-le-parapente-dans-la-region-de-gerardmer\/\"  data-wpil-monitor-id=\"2038\">meilleure saison pour visiter G\u00e9rardmer<\/a> ?<\/strong><br \/>\nLa meilleure saison pour visiter G\u00e9rardmer est le printemps, lorsque la nature se r\u00e9veille, ou l&rsquo;\u00e9t\u00e9 pour profiter pleinement des activit\u00e9s de plein air.<\/li>\n<li><strong>Quelles esp\u00e8ces animales peut-on observer \u00e0 G\u00e9rardmer ?<\/strong><br \/>\nVous pouvez observer des cerfs, des chevreuils, des renards, et une grande vari\u00e9t\u00e9 d&rsquo;oiseaux, notamment des esp\u00e8ces migratrices.<\/li>\n<li><strong>Quels sont les meilleurs sentiers pour une randonn\u00e9e ?<\/strong><br \/>\nLe sentier des Roches et le chemin de la Pierre Charlemagne sont deux des sentiers les plus populaires pour d\u00e9couvrir la nature autour de G\u00e9rardmer.<\/li>\n<li><strong>Y a-t-il des <a href=\"https:\/\/les-atypiques-chalets.com\/de\/chalets-gerardmer-avec-sauna-chalets-vosges-avec-sauna-les-atypiques-chalets\/\"  data-wpil-monitor-id=\"921\">chalets respectueux de l&rsquo;environnement \u00e0 G\u00e9rardmer<\/a> ?<\/strong><br \/>\nOui, de nombreux <a href=\"https:\/\/les-atypiques-chalets.com\/de\/chalets-a-gerardmer-pour-noel-reservez-maintenant\/\"  data-wpil-monitor-id=\"1043\">Chalets in G\u00e9rardmer<\/a> sont construits avec des mat\u00e9riaux \u00e9cologiques et sont con\u00e7us pour minimiser leur impact environnemental.<\/li>\n<li><strong>Comment se pr\u00e9parer pour une visite dans la nature ?<\/strong><br \/>\nIl est recommand\u00e9 de porter des v\u00eatements appropri\u00e9s, d&rsquo;apporter de l&rsquo;eau et des snacks, et de respecter les r\u00e8gles de conservation locales pour profiter au maximum de votre visite.<\/li>\n<\/ol>\n\n\t\t<\/div>\n\t<\/div>\n<\/div><\/div><\/div><\/div>\n<\/div>","protected":false},"excerpt":{"rendered":"Chalet IORIK Capacit\u00e9: 4 personnes Superficie: 45 m2 Bain Nordique: privatif Description de notre Chalet Iorik dans les Vosges Id\u00e9al pour les couples ou les petites familles, le Chalet IORIK est un \u00e9crin de douceur pouvant accueillir jusqu\u2019\u00e0 4 personnes. Avec ses 2 chambres cosy et ces 2 lits de 140\u00d7190, il vous promet des<a href=\"https:\/\/les-atypiques-chalets.com\/de\/chalet-aslan\/\" class=\"sohohotel-more-link\">Read More<\/a>","protected":false},"author":1,"featured_media":101369,"comment_status":"closed","ping_status":"open","sticky":false,"template":"","format":"standard","meta":{"_yoast_wpseo_title":"Explorez la faune et flore de G\u00e9rardmer","_yoast_wpseo_metadesc":"D\u00e9couvrez la richesse naturelle de G\u00e9rardmer et r\u00e9servez votre s\u00e9jour d\u00e8s maintenant !","_yoast_wpseo_focuskw":"#G\u00e9rardmer #FauneEtFlore #Nature #Randonn\u00e9e #ChaletsAtypiques #ObservationOiseaux #Tourisme\u00c9cologique #PhotographieNature","footnotes":""},"categories":[1190],"tags":[1192,1169,1009,1197,1195,1181,1182,1194,1124,1191,762,1196,1193,710,1125],"class_list":["post-101368","post","type-post","status-publish","format-standard","has-post-thumbnail","hentry","category-faune-et-flore","tag-biodiversite-gerardmer","tag-chalets-atypiques-gerardmer","tag-chalets-gerardmer","tag-ecotourisme-gerardmer","tag-especes-animales-gerardmer","tag-faune-gerardmer","tag-flore-gerardmer","tag-forets-gerardmer","tag-nature-gerardmer","tag-observation-oiseaux-gerardmer","tag-photographie-nature-gerardmer","tag-plantes-medicinales-gerardmer","tag-prairies-alpines-gerardmer","tag-randonnee-gerardmer","tag-tourisme-ecologique-gerardmer"],"_links":{"self":[{"href":"https:\/\/les-atypiques-chalets.com\/de\/wp-json\/wp\/v2\/posts\/101368","targetHints":{"allow":["GET"]}}],"collection":[{"href":"https:\/\/les-atypiques-chalets.com\/de\/wp-json\/wp\/v2\/posts"}],"about":[{"href":"https:\/\/les-atypiques-chalets.com\/de\/wp-json\/wp\/v2\/types\/post"}],"author":[{"embeddable":true,"href":"https:\/\/les-atypiques-chalets.com\/de\/wp-json\/wp\/v2\/users\/1"}],"replies":[{"embeddable":true,"href":"https:\/\/les-atypiques-chalets.com\/de\/wp-json\/wp\/v2\/comments?post=101368"}],"version-history":[{"count":0,"href":"https:\/\/les-atypiques-chalets.com\/de\/wp-json\/wp\/v2\/posts\/101368\/revisions"}],"wp:featuredmedia":[{"embeddable":true,"href":"https:\/\/les-atypiques-chalets.com\/de\/wp-json\/wp\/v2\/media\/101369"}],"wp:attachment":[{"href":"https:\/\/les-atypiques-chalets.com\/de\/wp-json\/wp\/v2\/media?parent=101368"}],"wp:term":[{"taxonomy":"category","embeddable":true,"href":"https:\/\/les-atypiques-chalets.com\/de\/wp-json\/wp\/v2\/categories?post=101368"},{"taxonomy":"post_tag","embeddable":true,"href":"https:\/\/les-atypiques-chalets.com\/de\/wp-json\/wp\/v2\/tags?post=101368"}],"curies":[{"name":"wp","href":"https:\/\/api.w.org\/{rel}","templated":true}]}}