{"id":10677,"date":"2024-04-18T08:11:28","date_gmt":"2024-04-18T08:11:28","guid":{"rendered":"https:\/\/les-atypiques-chalets.com\/?p=10677"},"modified":"2025-05-21T13:17:58","modified_gmt":"2025-05-21T13:17:58","slug":"triathlon-gerardmer-2024-hebergement-atypiques-chalets","status":"publish","type":"post","link":"https:\/\/les-atypiques-chalets.com\/de\/triathlon-gerardmer-2024-hebergement-atypiques-chalets\/","title":{"rendered":"Triathlon de G\u00e9rardmer 2024 und Unterkunft in den Atypischen Chalets"},"content":{"rendered":"<div class=\"wpb-content-wrapper\"><div class=\"vc_row wpb_row vc_row-fluid\"><div class=\"wpb_column vc_column_container vc_col-sm-12\"><div class=\"vc_column-inner\"><div class=\"wpb_wrapper\">\n\t<div class=\"wpb_text_column wpb_content_element\" >\n\t\t<div class=\"wpb_wrapper\">\n\t\t\t<h1><strong>Triathlon de G\u00e9rardmer 2024<br \/>\net H\u00e9bergement aux Atypiques Chalets<\/strong><\/h1>\n\n\t\t<\/div>\n\t<\/div>\n<\/div><\/div><\/div><\/div><div class=\"vc_row wpb_row vc_row-fluid\"><div class=\"wpb_column vc_column_container vc_col-sm-12\"><div class=\"vc_column-inner\"><div class=\"wpb_wrapper\"><div class=\"vc_empty_space\"   style=\"height: 32px\"><span class=\"vc_empty_space_inner\"><\/span><\/div>\t\n\t<!-- BEGIN .shb-accommodation-listing-style-1 -->\n\t<div class=\"shb-accommodation-listing-style-1 shb-accommodation-listing-style-1-columns-3 sohohotel-owl-carousel-4\">\n\t\t\n\t\t\t\t\n\t\t<!-- BEGIN .shb-accommodation-listing-item -->\n\t\t<div class=\"shb-accommodation-listing-item\">\n\t\t\t\n\t\t\t\t\t\t\t<a href=\"https:\/\/les-atypiques-chalets.com\/de\/chalet-charkhan\/\" rel=\"bookmark\" title=\"Chalet Charkhan\">\n\t\t\t\t\t\t\t\t\t\t<img decoding=\"async\" class=\"shb-accommodation-listing-image\" src=\"https:\/\/les-atypiques-chalets.com\/wp-content\/uploads\/2025\/03\/salon-charkhan-03-L-1180x675.webp\" alt=\"Chalet Charkhan\" \/>\t\t\t\t<\/a>\n\t\t\t\t\t\t\n\t\t\t<div class=\"shb-accommodation-listing-description-wrapper\">\n\t\t\t\t\n\t\t\t\t<h3><a href=\"https:\/\/les-atypiques-chalets.com\/de\/chalet-charkhan\/\" rel=\"bookmark\" title=\"Chalet Charkhan\">Chalet Charkhan<\/a><\/h3>\n\t\t\t\t\n\t\t\t\t<div class=\"shb-accommodation-listing-description shb-clearfix\">\n\t\t\t\t\t\n\t\t\t\t\t<ul>\r\n<li><i class=\"fas fa-user\"><\/i><span>Kapazit\u00e4t<\/span> 6 Personen<\/li>\r\n<li><i class=\"fas fa-ruler-combined\"><\/i><span>Oberfl\u00e4che<\/span> 65 m\u00b2<\/li>\r\n<li><i class=\"fas fa-hot-tub\"><\/i><span> Nordische Badewanne<\/span> privativ<\/li>\r\n<\/ul>\t\t\t\t\t\n\t\t\t\t\t<a href=\"https:\/\/les-atypiques-chalets.com\/de\/chalet-charkhan\/\" class=\"shb-accommodation-listing-button1\">ab 225\u20ac\/Nacht<\/a>\n\t\t\t\t\t<a href=\"https:\/\/les-atypiques-chalets.com\/de\/chalet-charkhan\/\" class=\"shb-accommodation-listing-button2\">Zimmer anzeigen<i class=\"fas fa-chevron-right\"><\/i><\/a>\n\t\t\t\t\n\t\t\t\t<\/div>\n\t\t\t\t\n\t\t\t<\/div>\n\t\t\t\n\t\t<!-- END .shb-accommodation-listing-item -->\n\t\t<\/div>\n\t\t\n\t\t\t\t\n\t\t<!-- BEGIN .shb-accommodation-listing-item -->\n\t\t<div class=\"shb-accommodation-listing-item\">\n\t\t\t\n\t\t\t\t\t\t\t<a href=\"https:\/\/les-atypiques-chalets.com\/de\/chalet-aslan\/\" rel=\"bookmark\" title=\"Chalet Aslan\">\n\t\t\t\t\t\t\t\t\t\t<img decoding=\"async\" class=\"shb-accommodation-listing-image\" src=\"https:\/\/les-atypiques-chalets.com\/wp-content\/uploads\/2025\/03\/ASLAN-2-900x710.webp\" alt=\"Chalet Aslan\" \/>\t\t\t\t<\/a>\n\t\t\t\t\t\t\n\t\t\t<div class=\"shb-accommodation-listing-description-wrapper\">\n\t\t\t\t\n\t\t\t\t<h3><a href=\"https:\/\/les-atypiques-chalets.com\/de\/chalet-aslan\/\" rel=\"bookmark\" title=\"Chalet Aslan\">Chalet Aslan<\/a><\/h3>\n\t\t\t\t\n\t\t\t\t<div class=\"shb-accommodation-listing-description shb-clearfix\">\n\t\t\t\t\t\n\t\t\t\t\t<ul>\r\n<li><i class=\"fas fa-user\"><\/i><span>Kapazit\u00e4t<\/span> 5 Personen<\/li>\r\n<li><i class=\"fas fa-ruler-combined\"><\/i><span>Oberfl\u00e4che<\/span> 65 m\u00b2<\/li>\r\n<li><i class=\"fas fa-hot-tub\"><\/i><span> Nordische Badewanne<\/span> privativ<\/li>\r\n<\/ul>\t\t\t\t\t\n\t\t\t\t\t<a href=\"https:\/\/les-atypiques-chalets.com\/de\/chalet-aslan\/\" class=\"shb-accommodation-listing-button1\">ab 215 \u20ac\/Nacht<\/a>\n\t\t\t\t\t<a href=\"https:\/\/les-atypiques-chalets.com\/de\/chalet-aslan\/\" class=\"shb-accommodation-listing-button2\">Zimmer anzeigen<i class=\"fas fa-chevron-right\"><\/i><\/a>\n\t\t\t\t\n\t\t\t\t<\/div>\n\t\t\t\t\n\t\t\t<\/div>\n\t\t\t\n\t\t<!-- END .shb-accommodation-listing-item -->\n\t\t<\/div>\n\t\t\n\t\t\t\t\n\t\t<!-- BEGIN .shb-accommodation-listing-item -->\n\t\t<div class=\"shb-accommodation-listing-item\">\n\t\t\t\n\t\t\t\t\t\t\t<a href=\"https:\/\/les-atypiques-chalets.com\/de\/chalet-iorik\/\" rel=\"bookmark\" title=\"Chalet Iorik\">\n\t\t\t\t\t\t\t\t\t\t<img decoding=\"async\" class=\"shb-accommodation-listing-image\" src=\"https:\/\/les-atypiques-chalets.com\/wp-content\/uploads\/2025\/09\/iorik-sejour-L-1024x710.webp\" alt=\"Chalet Iorik\" \/>\t\t\t\t<\/a>\n\t\t\t\t\t\t\n\t\t\t<div class=\"shb-accommodation-listing-description-wrapper\">\n\t\t\t\t\n\t\t\t\t<h3><a href=\"https:\/\/les-atypiques-chalets.com\/de\/chalet-iorik\/\" rel=\"bookmark\" title=\"Chalet Iorik\">Chalet Iorik<\/a><\/h3>\n\t\t\t\t\n\t\t\t\t<div class=\"shb-accommodation-listing-description shb-clearfix\">\n\t\t\t\t\t\n\t\t\t\t\t<ul>\r\n<li><i class=\"fas fa-user\"><\/i><span>Kapazit\u00e4t<\/span> 4 Personen<\/li>\r\n<li><i class=\"fas fa-ruler-combined\"><\/i><span>Oberfl\u00e4che<\/span> 45 m2<\/li>\r\n<li><i class=\"fas fa-hot-tub\"><\/i><span> Nordische Badewanne<\/span> privativ<\/li>\r\n<\/ul>\t\t\t\t\t\n\t\t\t\t\t<a href=\"https:\/\/les-atypiques-chalets.com\/de\/chalet-iorik\/\" class=\"shb-accommodation-listing-button1\">ab 170\u20ac\/Nacht<\/a>\n\t\t\t\t\t<a href=\"https:\/\/les-atypiques-chalets.com\/de\/chalet-iorik\/\" class=\"shb-accommodation-listing-button2\">Zimmer anzeigen<i class=\"fas fa-chevron-right\"><\/i><\/a>\n\t\t\t\t\n\t\t\t\t<\/div>\n\t\t\t\t\n\t\t\t<\/div>\n\t\t\t\n\t\t<!-- END .shb-accommodation-listing-item -->\n\t\t<\/div>\n\t\t\n\t\t\t\t\n\t<!-- END .shb-accommodation-listing-style-1 -->\n\t<\/div>\n\t\n\t<div class=\"vc_row wpb_row vc_inner vc_row-fluid\"><div class=\"wpb_column vc_column_container vc_col-sm-4\"><div class=\"vc_column-inner\"><div class=\"wpb_wrapper\">\n\t<div  class=\"wpb_single_image wpb_content_element vc_align_left wpb_content_element\">\n\t\t\n\t\t<figure class=\"wpb_wrapper vc_figure\">\n\t\t\t<a href=\"https:\/\/www.airbnb.fr\/rooms\/1181799444491659558?source_impression_id=p3_1737454110_P389ZYEJ78eXKMcr\" target=\"_self\" class=\"vc_single_image-wrapper   vc_box_border_grey\" rel=\"nofollow noopener\"><img decoding=\"async\" width=\"694\" height=\"426\" src=\"https:\/\/les-atypiques-chalets.com\/wp-content\/uploads\/2025\/01\/Capture-decran-2025-01-15-a-13.55.52.jpg\" class=\"vc_single_image-img attachment-full\" alt=\"Die Atypiques Chalets mit einer perfekten Punktzahl von 5,0 ausgezeichnet, was sie zu einem Favoriten von Reisenden macht.\" title=\"Les Atypiques Chalets \u2013 Ein Herzenswunsch von Airbnb-Reisenden\" srcset=\"https:\/\/les-atypiques-chalets.com\/wp-content\/uploads\/2025\/01\/Capture-decran-2025-01-15-a-13.55.52.jpg 694w, https:\/\/les-atypiques-chalets.com\/wp-content\/uploads\/2025\/01\/Capture-decran-2025-01-15-a-13.55.52-300x184.jpg 300w, https:\/\/les-atypiques-chalets.com\/wp-content\/uploads\/2025\/01\/Capture-decran-2025-01-15-a-13.55.52-100x61.jpg 100w, https:\/\/les-atypiques-chalets.com\/wp-content\/uploads\/2025\/01\/Capture-decran-2025-01-15-a-13.55.52-600x368.jpg 600w\" sizes=\"(max-width: 694px) 100vw, 694px\" \/><\/a>\n\t\t<\/figure>\n\t<\/div>\n<\/div><\/div><\/div><div class=\"wpb_column vc_column_container vc_col-sm-4\"><div class=\"vc_column-inner\"><div class=\"wpb_wrapper\">\n\t<div  class=\"wpb_single_image wpb_content_element vc_align_left wpb_content_element\">\n\t\t\n\t\t<figure class=\"wpb_wrapper vc_figure\">\n\t\t\t<a href=\"https:\/\/www.google.com\/search?q=Les+Atypiques+Chalets&#038;stick=H4sIAAAAAAAA_-NgU1I1qDAxtzRONkwyTTM3MDK2TEmzMqgAshItTdIMTFINjC1NDJIXsYr6pBYrOJZUFmQWlgJZzhmJOaklxQAK4Na5QQAAAA&#038;hl=fr&#038;ma\" target=\"_self\" class=\"vc_single_image-wrapper   vc_box_border_grey\" rel=\"nofollow noopener\"><img decoding=\"async\" width=\"324\" height=\"156\" src=\"https:\/\/les-atypiques-chalets.com\/wp-content\/uploads\/2024\/03\/avis-google.webp\" class=\"vc_single_image-img attachment-full\" alt=\"\" title=\"Google-Bewertung\" srcset=\"https:\/\/les-atypiques-chalets.com\/wp-content\/uploads\/2024\/03\/avis-google.webp 324w, https:\/\/les-atypiques-chalets.com\/wp-content\/uploads\/2024\/03\/avis-google-300x144.webp 300w, https:\/\/les-atypiques-chalets.com\/wp-content\/uploads\/2024\/03\/avis-google-100x48.webp 100w\" sizes=\"(max-width: 324px) 100vw, 324px\" \/><\/a>\n\t\t<\/figure>\n\t<\/div>\n<\/div><\/div><\/div><div class=\"wpb_column vc_column_container vc_col-sm-4\"><div class=\"vc_column-inner\"><div class=\"wpb_wrapper\">\n\t<div  class=\"wpb_single_image wpb_content_element vc_align_left wpb_content_element\">\n\t\t\n\t\t<figure class=\"wpb_wrapper vc_figure\">\n\t\t\t<a href=\"https:\/\/www.airbnb.fr\/users\/show\/202431572\" target=\"_self\" class=\"vc_single_image-wrapper   vc_box_border_grey\" rel=\"nofollow noopener\"><img decoding=\"async\" width=\"375\" height=\"125\" src=\"https:\/\/les-atypiques-chalets.com\/wp-content\/uploads\/2024\/10\/create-a-professionally-written-new-airbnb-listing-1600x533-1.webp\" class=\"vc_single_image-img attachment-full\" alt=\"\" title=\"Erstellen Sie eine professionell geschriebene neue Airbnb-Liste (1600x533)\" srcset=\"https:\/\/les-atypiques-chalets.com\/wp-content\/uploads\/2024\/10\/create-a-professionally-written-new-airbnb-listing-1600x533-1.webp 375w, https:\/\/les-atypiques-chalets.com\/wp-content\/uploads\/2024\/10\/create-a-professionally-written-new-airbnb-listing-1600x533-1-300x100.webp 300w, https:\/\/les-atypiques-chalets.com\/wp-content\/uploads\/2024\/10\/create-a-professionally-written-new-airbnb-listing-1600x533-1-100x33.webp 100w\" sizes=\"(max-width: 375px) 100vw, 375px\" \/><\/a>\n\t\t<\/figure>\n\t<\/div>\n<\/div><\/div><\/div><\/div><\/div><\/div><\/div><\/div><div class=\"vc_row wpb_row vc_row-fluid\"><div class=\"wpb_column vc_column_container vc_col-sm-12\"><div class=\"vc_column-inner\"><div class=\"wpb_wrapper\"><div class=\"vc_empty_space\"   style=\"height: 32px\"><span class=\"vc_empty_space_inner\"><\/span><\/div><div class=\"vc_separator wpb_content_element vc_separator_align_center vc_sep_width_100 vc_sep_pos_align_center vc_separator_no_text vc_sep_color_grey wpb_content_element  wpb_content_element\" ><span class=\"vc_sep_holder vc_sep_holder_l\"><span class=\"vc_sep_line\"><\/span><\/span><span class=\"vc_sep_holder vc_sep_holder_r\"><span class=\"vc_sep_line\"><\/span><\/span>\n<\/div><div class=\"vc_empty_space\"   style=\"height: 32px\"><span class=\"vc_empty_space_inner\"><\/span><\/div><\/div><\/div><\/div><\/div><div class=\"vc_row wpb_row vc_row-fluid\"><div class=\"wpb_column vc_column_container vc_col-sm-12\"><div class=\"vc_column-inner\"><div class=\"wpb_wrapper\">\n\t<div class=\"wpb_text_column wpb_content_element\" >\n\t\t<div class=\"wpb_wrapper\">\n\t\t\t<h3><strong>Einf\u00fchrung<\/strong><\/h3>\n<p>Chaque ann\u00e9e, des athl\u00e8tes de toutes comp\u00e9tences se rassemblent \u00e0 G\u00e9rardmer pour participer \u00e0 l&rsquo;un des triathlons les plus pittoresques d&rsquo;Europe. Le Triathlon de G\u00e9rardmer 2024 promet d&rsquo;\u00eatre un \u00e9v\u00e9nement exceptionnel, avec ses \u00e9preuves vari\u00e9es et son cadre spectaculaire. Pour ceux qui recherchent un h\u00e9bergement unique et confortable, Les Atypiques Chalets offrent une pause bien m\u00e9rit\u00e9e apr\u00e8s les rigueurs de la comp\u00e9tition.<\/p>\n<h3><strong>Le Triathlon de G\u00e9rardmer 2024<\/strong><\/h3>\n<p>Niche dans les Vosges, le <a href=\"https:\/\/triathlondegerardmer.com\/\" target=\"_blank\" rel=\"noopener nofollow\">Triathlon von G\u00e9rardmer<\/a> est c\u00e9l\u00e8bre pour son cadre naturel \u00e9poustouflant et ses parcours exigeants. La comp\u00e9tition de 2024, qui aura lieu les 7 et 8 septembre, comprendra des \u00e9preuves pour tous les niveaux : du sprint pour les novices aux distances plus longues pour les triathl\u00e8tes aguerris.<\/p>\n<h3><strong>Preparation pour le Triathlon<\/strong><\/h3>\n<p>La pr\u00e9paration pour un triathlon demande une planification minutieuse, tant sur le plan physique que mat\u00e9riel. Voici quelques <a href=\"https:\/\/les-atypiques-chalets.com\/de\/comment-preparer-votre-sejour-a-gerardmer-conseils-et-astuces\/\" data-wpil-monitor-id=\"2104\">conseils pour vous pr\u00e9parer<\/a> efficacement : entra\u00eenez-vous r\u00e9guli\u00e8rement, suivez un r\u00e9gime alimentaire \u00e9quilibr\u00e9 et assurez-vous d&rsquo;avoir tout l&rsquo;\u00e9quipement n\u00e9cessaire bien avant le jour J.<\/p>\n<h3><strong>Les Atypiques Chalets:<br \/>\nUn H\u00e9bergement Unique<\/strong><\/h3>\n<p>Situ\u00e9s \u00e0 proximit\u00e9 du lac de G\u00e9rardmer, <a href=\"https:\/\/les-atypiques-chalets.com\/de\/\">Die Ungew\u00f6hnlichen Chalets<\/a> offrent un cadre id\u00e9al pour se d\u00e9tendre avant et apr\u00e8s le triathlon. Avec leurs installations confortables et leur ambiance chaleureuse, ils sont parfaits pour recharger les batteries.<\/p>\n<h3><strong>Activit\u00e9s et Attractions \u00e0 G\u00e9rardmer<\/strong><\/h3>\n<p>Outre le triathlon, G\u00e9rardmer est une destination de choix pour les amoureux de la nature et les familles. Profitez de votre s\u00e9jour pour explorer les sentiers de <a href=\"https:\/\/les-atypiques-chalets.com\/de\/les-10-choses-a-faire-a-gerardmer-en-ete\/\" data-wpil-monitor-id=\"1706\">Wanderung<\/a>, les plages du lac et les restaurants locaux offrant des sp\u00e9cialit\u00e9s vosgiennes.<\/p>\n<h3><strong>Jour de Course: Conseils et Strat\u00e9gies<\/strong><\/h3>\n<p>Le jour de la course est crucial. Restez hydrat\u00e9, g\u00e9rez votre effort durant les diff\u00e9rentes phases de la course et ajustez votre strat\u00e9gie selon votre condition physique et les conditions m\u00e9t\u00e9orologiques.<\/p>\n<h3><strong>R\u00e9cup\u00e9ration Apr\u00e8s le Triathlon<\/strong><\/h3>\n<p>Apr\u00e8s l&rsquo;effort, le r\u00e9confort. Les <a href=\"https:\/\/les-atypiques-chalets.com\/de\/a-propos-de-nous\/\" data-wpil-monitor-id=\"3\">Au\u00dfergew\u00f6hnliche Chalets<\/a> proposent des solutions pour aider \u00e0 la r\u00e9cup\u00e9ration des athl\u00e8tes : s\u00e9ances de massage, bains relaxants et une nourriture r\u00e9confortante.<\/p>\n<h3><strong>Schlussfolgerung<\/strong><\/h3>\n<p>Nous esp\u00e9rons vous voir nombreux sur la ligne de d\u00e9part du Triathlon de <a href=\"https:\/\/les-atypiques-chalets.com\/de\/10-activites-a-faire-a-gerardmer\/\" data-wpil-monitor-id=\"234\">G\u00e9rardmer<\/a> 2024. R\u00e9servez votre s\u00e9jour aux <a href=\"https:\/\/les-atypiques-chalets.com\/de\/explorez-les-sentiers-vtt-de-gerardmer-avec-les-atypiques-chalets\/\" data-wpil-monitor-id=\"57\">Au\u00dfergew\u00f6hnliche Chalets<\/a> et profitez pleinement de cette exp\u00e9rience unique. Bonne chance \u00e0 tous les participants et au plaisir de vous accueillir dans les magnifiques <a href=\"https:\/\/les-atypiques-chalets.com\/de\/quest-ce-quun-bain-nordique\/\" data-wpil-monitor-id=\"283\">Vogesen<\/a>!<\/p>\n\n\t\t<\/div>\n\t<\/div>\n<\/div><\/div><\/div><\/div><div class=\"vc_row wpb_row vc_row-fluid\"><div class=\"wpb_column vc_column_container vc_col-sm-12\"><div class=\"vc_column-inner\"><div class=\"wpb_wrapper\"><div class=\"vc_empty_space\"   style=\"height: 32px\"><span class=\"vc_empty_space_inner\"><\/span><\/div><div class=\"vc_separator wpb_content_element vc_separator_align_center vc_sep_width_100 vc_sep_pos_align_center vc_separator_no_text vc_sep_color_grey wpb_content_element  wpb_content_element\" ><span class=\"vc_sep_holder vc_sep_holder_l\"><span class=\"vc_sep_line\"><\/span><\/span><span class=\"vc_sep_holder vc_sep_holder_r\"><span class=\"vc_sep_line\"><\/span><\/span>\n<\/div><div class=\"vc_empty_space\"   style=\"height: 32px\"><span class=\"vc_empty_space_inner\"><\/span><\/div><\/div><\/div><\/div><\/div><div class=\"vc_row wpb_row vc_row-fluid\"><div class=\"wpb_column vc_column_container vc_col-sm-12\"><div class=\"vc_column-inner\"><div class=\"wpb_wrapper\">\t\t\n\t\t\t\t\n\t\t\t<!-- BEGIN .shb-accommodation-listing-filter-sorting -->\n\t\t\t<div class=\"shb-accommodation-listing-filter-sorting shb-clearfix\">\n\t\t\t\n\t\t\t\t\t\t\t\n\t\t\t\t<div class=\"shb-accommodation-listing-filter shb-clearfix\">\n\t\t\t\t\t<p>Filtern nach:<\/p>\n\t\t\t\t\t<ul>\n\t\t\t\t\t\t<li class=\"shb-filter-current\"><a href=\"https:\/\/les-atypiques-chalets.com\/de\/wp-json\/wp\/v2\/posts\/10677?shb-orderby=2\">All<\/a><\/li><li class=\"\"><a href=\"https:\/\/les-atypiques-chalets.com\/de\/wp-json\/wp\/v2\/posts\/10677?shb-orderby=2&amp;shb-accommodation-type=chalet-4-personnes-gerardmer\">Chalet f\u00fcr 4 Personen<\/a><\/li><li class=\"\"><a href=\"https:\/\/les-atypiques-chalets.com\/de\/wp-json\/wp\/v2\/posts\/10677?shb-orderby=2&amp;shb-accommodation-type=chalet-6-personnes\">Chalet f\u00fcr 6 Personen<\/a><\/li><li class=\"\"><a href=\"https:\/\/les-atypiques-chalets.com\/de\/wp-json\/wp\/v2\/posts\/10677?shb-orderby=2&amp;shb-accommodation-type=chalets-6-personnes\">Chalets f\u00fcr 6 Personen<\/a><\/li>\t\t\t\t\t<\/ul>\n\t\t\t\t<\/div>\n\t\t\t\n\t\t\t\t\t\t\t\n\t\t\t\t\t\t\t\n\t\t\t\t<div class=\"shb-accommodation-listing-sorting shb-clearfix\">\n\t\t\t\t\t<select>\n\t\t\t\t\t\t<option value=\"https:\/\/les-atypiques-chalets.com\/de\/wp-json\/wp\/v2\/posts\/10677?shb-accommodation-type=0\" selected>Standard-Sortierung<\/option><option value=\"https:\/\/les-atypiques-chalets.com\/de\/wp-json\/wp\/v2\/posts\/10677?shb-accommodation-type=0&shb-orderby=1\" >Preis niedrig bis hoch<\/option><option value=\"https:\/\/les-atypiques-chalets.com\/de\/wp-json\/wp\/v2\/posts\/10677?shb-accommodation-type=0&shb-orderby=2\" >Preis hoch bis niedrig<\/option>\t\t\t\t\t<\/select>\n\t\t\t\t\t<i class=\"fas fa-chevron-down\"><\/i>\n\t\t\t\t<\/div>\n\t\t\t\n\t\t\t\t\t\n\t\t\t<!-- END .shb-accommodation-listing-filter-sorting -->\n\t\t\t<\/div>\n\t\t\n\t\t\t\t\n\t\t<!-- BEGIN .shb-accommodation-listing-style-2 -->\n\t\t<div class=\"shb-accommodation-listing-style-2 shb-accommodation-listing-style-2-columns-3\">\n\t\t\t\n\t\t\t\t\n\t\t\t<!-- BEGIN .shb-accommodation-listing-item -->\n\t\t\t<div class=\"shb-accommodation-listing-item\">\n\t\t\t\t\n\t\t\t\t<div class=\"shb-accommodation-listing-image\">\n\t\t\t\t\t\n\t\t\t\t\t<a href=\"https:\/\/les-atypiques-chalets.com\/de\/chalet-charkhan\/\" rel=\"bookmark\" class=\"shb-accommodation-listing-button1\">ab 225\u20ac\/Nacht<\/a>\n\t\t\t\t\t\n\t\t\t\t\t\t\t\t\t\t\t\t\t\t\t<a href=\"https:\/\/les-atypiques-chalets.com\/de\/chalet-charkhan\/\" rel=\"bookmark\">\n\t\t\t\t\t\t<img decoding=\"async\" src=\"https:\/\/les-atypiques-chalets.com\/wp-content\/uploads\/2025\/03\/salon-charkhan-03-L-1180x675.webp\" alt=\"Chalet Charkhan\" \/>\t\t\t\t\t<\/a>\n\t\t\t\t\t\t\t\t\t\t\n\t\t\t\t<\/div>\n\t\t\t\t\n\t\t\t\t<div class=\"shb-accommodation-listing-description-wrapper\">\n\t\t\t\t\n\t\t\t\t\t<h3><a href=\"https:\/\/les-atypiques-chalets.com\/de\/chalet-charkhan\/\" rel=\"bookmark\" title=\"Chalet Charkhan\">Chalet Charkhan<\/a><\/h3>\n\t\t\t\t\n\t\t\t\t\t<div class=\"shb-accommodation-listing-description shb-clearfix\">\n\t\t\t\t\t\n\t\t\t\t\t\t<ul>\r\n<li><i class=\"fas fa-user\"><\/i><span>Kapazit\u00e4t<\/span> 6 Personen<\/li>\r\n<li><i class=\"fas fa-ruler-combined\"><\/i><span>Oberfl\u00e4che<\/span> 65 m\u00b2<\/li>\r\n<li><i class=\"fas fa-hot-tub\"><\/i><span> Nordische Badewanne<\/span> privativ<\/li>\r\n<\/ul>\t\t\t\t\t\n\t\t\t\t\t<\/div>\n\t\t\t\t\n\t\t\t\t<\/div>\n\t\t\t\t\n\t\t\t<!-- END .shb-accommodation-listing-item -->\n\t\t\t<\/div>\n\t\t\n\t\t\t\t\n\t\t\t<!-- BEGIN .shb-accommodation-listing-item -->\n\t\t\t<div class=\"shb-accommodation-listing-item\">\n\t\t\t\t\n\t\t\t\t<div class=\"shb-accommodation-listing-image\">\n\t\t\t\t\t\n\t\t\t\t\t<a href=\"https:\/\/les-atypiques-chalets.com\/de\/chalet-aslan\/\" rel=\"bookmark\" class=\"shb-accommodation-listing-button1\">ab 215 \u20ac\/Nacht<\/a>\n\t\t\t\t\t\n\t\t\t\t\t\t\t\t\t\t\t\t\t\t\t<a href=\"https:\/\/les-atypiques-chalets.com\/de\/chalet-aslan\/\" rel=\"bookmark\">\n\t\t\t\t\t\t<img decoding=\"async\" src=\"https:\/\/les-atypiques-chalets.com\/wp-content\/uploads\/2025\/03\/ASLAN-2-900x710.webp\" alt=\"Chalet Aslan\" \/>\t\t\t\t\t<\/a>\n\t\t\t\t\t\t\t\t\t\t\n\t\t\t\t<\/div>\n\t\t\t\t\n\t\t\t\t<div class=\"shb-accommodation-listing-description-wrapper\">\n\t\t\t\t\n\t\t\t\t\t<h3><a href=\"https:\/\/les-atypiques-chalets.com\/de\/chalet-aslan\/\" rel=\"bookmark\" title=\"Chalet Aslan\">Chalet Aslan<\/a><\/h3>\n\t\t\t\t\n\t\t\t\t\t<div class=\"shb-accommodation-listing-description shb-clearfix\">\n\t\t\t\t\t\n\t\t\t\t\t\t<ul>\r\n<li><i class=\"fas fa-user\"><\/i><span>Kapazit\u00e4t<\/span> 5 Personen<\/li>\r\n<li><i class=\"fas fa-ruler-combined\"><\/i><span>Oberfl\u00e4che<\/span> 65 m\u00b2<\/li>\r\n<li><i class=\"fas fa-hot-tub\"><\/i><span> Nordische Badewanne<\/span> privativ<\/li>\r\n<\/ul>\t\t\t\t\t\n\t\t\t\t\t<\/div>\n\t\t\t\t\n\t\t\t\t<\/div>\n\t\t\t\t\n\t\t\t<!-- END .shb-accommodation-listing-item -->\n\t\t\t<\/div>\n\t\t\n\t\t\t\t\n\t\t\t<!-- BEGIN .shb-accommodation-listing-item -->\n\t\t\t<div class=\"shb-accommodation-listing-item\">\n\t\t\t\t\n\t\t\t\t<div class=\"shb-accommodation-listing-image\">\n\t\t\t\t\t\n\t\t\t\t\t<a href=\"https:\/\/les-atypiques-chalets.com\/de\/chalet-iorik\/\" rel=\"bookmark\" class=\"shb-accommodation-listing-button1\">ab 170\u20ac\/Nacht<\/a>\n\t\t\t\t\t\n\t\t\t\t\t\t\t\t\t\t\t\t\t\t\t<a href=\"https:\/\/les-atypiques-chalets.com\/de\/chalet-iorik\/\" rel=\"bookmark\">\n\t\t\t\t\t\t<img decoding=\"async\" src=\"https:\/\/les-atypiques-chalets.com\/wp-content\/uploads\/2025\/09\/iorik-sejour-L-1024x710.webp\" alt=\"Chalet Iorik\" \/>\t\t\t\t\t<\/a>\n\t\t\t\t\t\t\t\t\t\t\n\t\t\t\t<\/div>\n\t\t\t\t\n\t\t\t\t<div class=\"shb-accommodation-listing-description-wrapper\">\n\t\t\t\t\n\t\t\t\t\t<h3><a href=\"https:\/\/les-atypiques-chalets.com\/de\/chalet-iorik\/\" rel=\"bookmark\" title=\"Chalet Iorik\">Chalet Iorik<\/a><\/h3>\n\t\t\t\t\n\t\t\t\t\t<div class=\"shb-accommodation-listing-description shb-clearfix\">\n\t\t\t\t\t\n\t\t\t\t\t\t<ul>\r\n<li><i class=\"fas fa-user\"><\/i><span>Kapazit\u00e4t<\/span> 4 Personen<\/li>\r\n<li><i class=\"fas fa-ruler-combined\"><\/i><span>Oberfl\u00e4che<\/span> 45 m2<\/li>\r\n<li><i class=\"fas fa-hot-tub\"><\/i><span> Nordische Badewanne<\/span> privativ<\/li>\r\n<\/ul>\t\t\t\t\t\n\t\t\t\t\t<\/div>\n\t\t\t\t\n\t\t\t\t<\/div>\n\t\t\t\t\n\t\t\t<!-- END .shb-accommodation-listing-item -->\n\t\t\t<\/div>\n\t\t\n\t\t\t\t\t\n\t\t<!-- END .shb-accommodation-listing-style-2 -->\n\t\t<\/div>\n\t\n\t\t\n\t\t\t\n\t\t<div class=\"shb-clearboth\"><\/div>\n\t\t<div class=\"shb-accommodation-listing-2-pagination\">\n\t\t\t\t<\/div>\n\t\t\n\t\t\n\t<\/div><\/div><\/div><\/div><div class=\"vc_row wpb_row vc_row-fluid\"><div class=\"wpb_column vc_column_container vc_col-sm-12\"><div class=\"vc_column-inner\"><div class=\"wpb_wrapper\">\n\t<div class=\"wpb_text_column wpb_content_element\" >\n\t\t<div class=\"wpb_wrapper\">\n\t\t\t<h3><strong>FAQ<\/strong><\/h3>\n<h3><strong>Quelles sont les distances propos\u00e9es lors du Triathlon de G\u00e9rardmer 2024 ?<\/strong><\/h3>\n<p>Pour 2024, le Triathlon de <a href=\"https:\/\/les-atypiques-chalets.com\/de\/visitez-les-marches-de-gerardmer\/\" data-wpil-monitor-id=\"500\">G\u00e9rardmer<\/a> propose plusieurs distances pour satisfaire tous les niveaux d&rsquo;athl\u00e8tes :<\/p>\n<ul>\n<li><strong>Sprint<\/strong> : Id\u00e9al pour les d\u00e9butants ou ceux qui pr\u00e9f\u00e8rent une course plus courte.<\/li>\n<li><strong>Olympique<\/strong> : Un d\u00e9fi interm\u00e9diaire pour les triathl\u00e8tes ayant une exp\u00e9rience mod\u00e9r\u00e9e.<\/li>\n<li><strong>Distance Moyenne<\/strong> (Half Ironman) : Pour les athl\u00e8tes exp\u00e9riment\u00e9s cherchant \u00e0 tester leurs limites sur une longue distance.<\/li>\n<\/ul>\n<h3><strong>Quels services sont inclus dans l&rsquo;h\u00e9bergement aux Atypiques Chalets ?<\/strong><\/h3>\n<p>Lesen <a href=\"https:\/\/les-atypiques-chalets.com\/de\/blog\/\" data-wpil-monitor-id=\"85\">Au\u00dfergew\u00f6hnliche Chalets<\/a> offrent une gamme de services destin\u00e9s \u00e0 rendre votre s\u00e9jour aussi confortable et agr\u00e9able que possible, incluant :<\/p>\n<ul>\n<li><a href=\"https:\/\/les-atypiques-chalets.com\/de\/hebergement-romantique-pour-les-couples-vivez-une-experience-unique-dans-nos-chalets-atypiques\/\" data-wpil-monitor-id=\"979\">H\u00e9bergement confortable avec options de chalets<\/a> adapt\u00e9es \u00e0 diff\u00e9rentes tailles de groupes.<\/li>\n<li><strong>Acc\u00e8s \u00e0 des installations de bien-\u00eatre<\/strong>, telles que <a href=\"https:\/\/les-atypiques-chalets.com\/de\/sauna\/\" data-wpil-monitor-id=\"110\">Sauna<\/a> et jacuzzi, parfaits pour la r\u00e9cup\u00e9ration apr\u00e8s la course.<\/li>\n<li><strong>Proximit\u00e9 avec le <a href=\"https:\/\/les-atypiques-chalets.com\/de\/idees-de-week-end-a-gerardmer\/\" data-wpil-monitor-id=\"382\">Lac de G\u00e9rardmer<\/a><\/strong>, permettant un acc\u00e8s facile \u00e0 diverses activit\u00e9s aquatiques et de d\u00e9tente.<\/li>\n<\/ul>\n<h3><strong>Comment s&rsquo;inscrire au Triathlon de G\u00e9rardmer 2024 ?<\/strong><\/h3>\n<p>Pour vous inscrire au Triathlon de <a href=\"https:\/\/les-atypiques-chalets.com\/de\/rejoignez-laventure-a-gerardmer-reservez-votre-sejour\/\" data-wpil-monitor-id=\"784\">G\u00e9rardmer<\/a> 2024, vous devez visiter le site officiel de l&rsquo;\u00e9v\u00e9nement et suivre les instructions pour l&rsquo;inscription. Il est conseill\u00e9 de s&rsquo;inscrire bien \u00e0 l&rsquo;avance, car les places peuvent \u00eatre limit\u00e9es et tr\u00e8s demand\u00e9es.<\/p>\n<h3><strong>Quelles activit\u00e9s peut-on pratiquer \u00e0 G\u00e9rardmer en dehors du triathlon ?<\/strong><\/h3>\n<p>G\u00e9rardmer, souvent appel\u00e9e la perle des <a href=\"https:\/\/les-atypiques-chalets.com\/de\/organisez-votre-sejour-a-gerardmer\/\" data-wpil-monitor-id=\"330\">Vogesen<\/a>, offre une multitude d&rsquo;activit\u00e9s pour tous les go\u00fbts :<\/p>\n<ul>\n<li><a href=\"https:\/\/les-atypiques-chalets.com\/de\/randonnee-en-montagne-une-aventure-inoubliable\/\" data-wpil-monitor-id=\"618\">Randonn\u00e9e dans les magnifiques montagnes<\/a> environnantes.<\/li>\n<li><strong>Sports nautiques<\/strong> sur le lac, y compris cano\u00eb et voile.<\/li>\n<li><strong>Visites culturelles<\/strong> dans la ville, avec ses <a href=\"https:\/\/les-atypiques-chalets.com\/de\/guide-des-boutiques-de-gerardmer\/\" data-wpil-monitor-id=\"665\">boutiques artisanales et ses caf\u00e9s locaux<\/a>.<\/li>\n<\/ul>\n<h3><strong>Quels sont les conseils pour une r\u00e9cup\u00e9ration efficace apr\u00e8s le triathlon ?<\/strong><\/h3>\n<p>Une bonne r\u00e9cup\u00e9ration apr\u00e8s le triathlon est cruciale pour le bien-\u00eatre \u00e0 long terme de l&rsquo;athl\u00e8te. Voici quelques conseils :<\/p>\n<ul>\n<li><strong>Hydratation et nutrition appropri\u00e9es<\/strong> pour reconstituer les fluides et nutriments perdus.<\/li>\n<li><strong>Repos actif<\/strong> comme la marche l\u00e9g\u00e8re ou le stretching pour aider \u00e0 r\u00e9duire la raideur musculaire.<\/li>\n<li><strong>Utilisation des installations de bien-\u00eatre<\/strong> telles que celles offertes par Les <a href=\"https:\/\/les-atypiques-chalets.com\/de\/meilleurs-chalets-familiaux-a-louer-dans-les-vosges\/\" data-wpil-monitor-id=\"125\">Au\u00dfergew\u00f6hnliche Chalets<\/a> pour aider \u00e0 la d\u00e9tente et \u00e0 la r\u00e9cup\u00e9ration musculaire.<\/li>\n<\/ul>\n<h3><strong>Les Atypiques Chalets conviennent-ils aux familles et accompagnateurs des athl\u00e8tes ?<\/strong><\/h3>\n<p>Absolument, <a href=\"https:\/\/les-atypiques-chalets.com\/de\/chalets-avec-bain-nordique-dans-les-vosges\/\" data-wpil-monitor-id=\"144\">Die Ungew\u00f6hnlichen Chalets<\/a> sont con\u00e7us pour accueillir les athl\u00e8tes ainsi que leurs familles et amis. Avec des options de logement flexibles et diverses activit\u00e9s \u00e0 proximit\u00e9, c&rsquo;est le lieu id\u00e9al pour que les accompagnateurs profitent \u00e9galement de leur s\u00e9jour pendant que les athl\u00e8tes se pr\u00e9parent ou r\u00e9cup\u00e8rent de la comp\u00e9tition.<\/p>\n\n\t\t<\/div>\n\t<\/div>\n<\/div><\/div><\/div><\/div>\n<\/div>","protected":false},"excerpt":{"rendered":"Chalet IORIK Capacit\u00e9: 4 personnes Superficie: 45 m2 Bain Nordique: privatif Description de notre Chalet Iorik dans les Vosges Id\u00e9al pour les couples ou les petites familles, le Chalet IORIK est un \u00e9crin de douceur pouvant accueillir jusqu\u2019\u00e0 4 personnes. Avec ses 2 chambres cosy et ces 2 lits de 140\u00d7190, il vous promet des<a href=\"https:\/\/les-atypiques-chalets.com\/de\/chalet-aslan\/\" class=\"sohohotel-more-link\">Read More<\/a>","protected":false},"author":1,"featured_media":10678,"comment_status":"closed","ping_status":"open","sticky":false,"template":"","format":"standard","meta":{"_yoast_wpseo_title":"Triathlon de G\u00e9rardmer 2024 et H\u00e9bergement","_yoast_wpseo_metadesc":"Pr\u00e9parez-vous pour le Triathlon de G\u00e9rardmer 2024 et d\u00e9couvrez l'h\u00e9bergement id\u00e9al aux Atypiques Chalets pour une exp\u00e9rience m\u00e9morable.","_yoast_wpseo_focuskw":"#TriathlonG\u00e9rardmer2024 #AtypiquesChalets #G\u00e9rardmer #TriathlonPrep #Vosges","footnotes":""},"categories":[993],"tags":[753,998,996,1001,997,995,968,999,1000,713,734,994],"class_list":["post-10677","post","type-post","status-publish","format-standard","has-post-thumbnail","hentry","category-triathlon-de-gerardmer-2024","tag-activites-gerardmer","tag-gerardmer-evenement-sportif","tag-gerardmer-triathlon","tag-hebergement-familial-vosges","tag-hebergement-pour-triathlon","tag-hebergement-triathlon","tag-les-atypiques-chalets","tag-preparation-triathlon","tag-recuperation-triathlon","tag-sports-nautiques-gerardmer","tag-tourisme-vosges","tag-triathlon-de-gerardmer-2024"],"_links":{"self":[{"href":"https:\/\/les-atypiques-chalets.com\/de\/wp-json\/wp\/v2\/posts\/10677","targetHints":{"allow":["GET"]}}],"collection":[{"href":"https:\/\/les-atypiques-chalets.com\/de\/wp-json\/wp\/v2\/posts"}],"about":[{"href":"https:\/\/les-atypiques-chalets.com\/de\/wp-json\/wp\/v2\/types\/post"}],"author":[{"embeddable":true,"href":"https:\/\/les-atypiques-chalets.com\/de\/wp-json\/wp\/v2\/users\/1"}],"replies":[{"embeddable":true,"href":"https:\/\/les-atypiques-chalets.com\/de\/wp-json\/wp\/v2\/comments?post=10677"}],"version-history":[{"count":0,"href":"https:\/\/les-atypiques-chalets.com\/de\/wp-json\/wp\/v2\/posts\/10677\/revisions"}],"wp:featuredmedia":[{"embeddable":true,"href":"https:\/\/les-atypiques-chalets.com\/de\/wp-json\/wp\/v2\/media\/10678"}],"wp:attachment":[{"href":"https:\/\/les-atypiques-chalets.com\/de\/wp-json\/wp\/v2\/media?parent=10677"}],"wp:term":[{"taxonomy":"category","embeddable":true,"href":"https:\/\/les-atypiques-chalets.com\/de\/wp-json\/wp\/v2\/categories?post=10677"},{"taxonomy":"post_tag","embeddable":true,"href":"https:\/\/les-atypiques-chalets.com\/de\/wp-json\/wp\/v2\/tags?post=10677"}],"curies":[{"name":"wp","href":"https:\/\/api.w.org\/{rel}","templated":true}]}}