{"id":1078654,"date":"2024-12-17T13:22:38","date_gmt":"2024-12-17T13:22:38","guid":{"rendered":"https:\/\/les-atypiques-chalets.com\/pourquoi-gerardmer-est-la-destination-parfaite-pour-les-amoureux-de-la-nature-2\/"},"modified":"2026-01-07T10:04:00","modified_gmt":"2026-01-07T10:04:00","slug":"location-dun-chalet-a-gerardmer-en-hiver","status":"publish","type":"post","link":"https:\/\/les-atypiques-chalets.com\/de\/location-dun-chalet-a-gerardmer-en-hiver\/","title":{"rendered":"Die Vorteile einer Chalet-Miete in G\u00e9rardmer im Winter"},"content":{"rendered":"<div class=\"wpb-content-wrapper\"><div class=\"vc_row wpb_row vc_row-fluid\"><div class=\"wpb_column vc_column_container vc_col-sm-12\"><div class=\"vc_column-inner\"><div class=\"wpb_wrapper\">\n\t<div class=\"wpb_text_column wpb_content_element\" >\n\t\t<div class=\"wpb_wrapper\">\n\t\t\t<h1 class=\"p1\"><span style=\"color: #683c16;\">Les Avantages de la Location<br \/>\nd&rsquo;un Chalet<\/span><\/h1>\n<hr \/>\n<h2 class=\"p1\"><span style=\"color: #000000;\">Dans les Vosges \u00e0 G\u00e9rardmer en Hiver<\/span><\/h2>\n\n\t\t<\/div>\n\t<\/div>\n<\/div><\/div><\/div><\/div><div class=\"vc_row wpb_row vc_row-fluid\"><div class=\"wpb_column vc_column_container vc_col-sm-12\"><div class=\"vc_column-inner\"><div class=\"wpb_wrapper\"><div class=\"vc_empty_space\"   style=\"height: 32px\"><span class=\"vc_empty_space_inner\"><\/span><\/div>\t\n\t<!-- BEGIN .shb-accommodation-listing-style-1 -->\n\t<div class=\"shb-accommodation-listing-style-1 shb-accommodation-listing-style-1-columns-3 sohohotel-owl-carousel-4\">\n\t\t\n\t\t\t\t\n\t\t<!-- BEGIN .shb-accommodation-listing-item -->\n\t\t<div class=\"shb-accommodation-listing-item\">\n\t\t\t\n\t\t\t\t\t\t\t<a href=\"https:\/\/les-atypiques-chalets.com\/de\/chalet-charkhan\/\" rel=\"bookmark\" title=\"Chalet Charkhan\">\n\t\t\t\t\t\t\t\t\t\t<img decoding=\"async\" class=\"shb-accommodation-listing-image\" src=\"https:\/\/les-atypiques-chalets.com\/wp-content\/uploads\/2025\/03\/salon-charkhan-03-L-1180x675.webp\" alt=\"Chalet Charkhan\" \/>\t\t\t\t<\/a>\n\t\t\t\t\t\t\n\t\t\t<div class=\"shb-accommodation-listing-description-wrapper\">\n\t\t\t\t\n\t\t\t\t<h3><a href=\"https:\/\/les-atypiques-chalets.com\/de\/chalet-charkhan\/\" rel=\"bookmark\" title=\"Chalet Charkhan\">Chalet Charkhan<\/a><\/h3>\n\t\t\t\t\n\t\t\t\t<div class=\"shb-accommodation-listing-description shb-clearfix\">\n\t\t\t\t\t\n\t\t\t\t\t<ul>\r\n<li><i class=\"fas fa-user\"><\/i><span>Kapazit\u00e4t<\/span> 6 Personen<\/li>\r\n<li><i class=\"fas fa-ruler-combined\"><\/i><span>Oberfl\u00e4che<\/span> 65 m\u00b2<\/li>\r\n<li><i class=\"fas fa-hot-tub\"><\/i><span> Nordische Badewanne<\/span> privativ<\/li>\r\n<\/ul>\t\t\t\t\t\n\t\t\t\t\t<a href=\"https:\/\/les-atypiques-chalets.com\/de\/chalet-charkhan\/\" class=\"shb-accommodation-listing-button1\">ab 225\u20ac\/Nacht<\/a>\n\t\t\t\t\t<a href=\"https:\/\/les-atypiques-chalets.com\/de\/chalet-charkhan\/\" class=\"shb-accommodation-listing-button2\">Zimmer anzeigen<i class=\"fas fa-chevron-right\"><\/i><\/a>\n\t\t\t\t\n\t\t\t\t<\/div>\n\t\t\t\t\n\t\t\t<\/div>\n\t\t\t\n\t\t<!-- END .shb-accommodation-listing-item -->\n\t\t<\/div>\n\t\t\n\t\t\t\t\n\t\t<!-- BEGIN .shb-accommodation-listing-item -->\n\t\t<div class=\"shb-accommodation-listing-item\">\n\t\t\t\n\t\t\t\t\t\t\t<a href=\"https:\/\/les-atypiques-chalets.com\/de\/chalet-aslan\/\" rel=\"bookmark\" title=\"Chalet Aslan\">\n\t\t\t\t\t\t\t\t\t\t<img decoding=\"async\" class=\"shb-accommodation-listing-image\" src=\"https:\/\/les-atypiques-chalets.com\/wp-content\/uploads\/2025\/03\/ASLAN-2-900x710.webp\" alt=\"Chalet Aslan\" \/>\t\t\t\t<\/a>\n\t\t\t\t\t\t\n\t\t\t<div class=\"shb-accommodation-listing-description-wrapper\">\n\t\t\t\t\n\t\t\t\t<h3><a href=\"https:\/\/les-atypiques-chalets.com\/de\/chalet-aslan\/\" rel=\"bookmark\" title=\"Chalet Aslan\">Chalet Aslan<\/a><\/h3>\n\t\t\t\t\n\t\t\t\t<div class=\"shb-accommodation-listing-description shb-clearfix\">\n\t\t\t\t\t\n\t\t\t\t\t<ul>\r\n<li><i class=\"fas fa-user\"><\/i><span>Kapazit\u00e4t<\/span> 5 Personen<\/li>\r\n<li><i class=\"fas fa-ruler-combined\"><\/i><span>Oberfl\u00e4che<\/span> 65 m\u00b2<\/li>\r\n<li><i class=\"fas fa-hot-tub\"><\/i><span> Nordische Badewanne<\/span> privativ<\/li>\r\n<\/ul>\t\t\t\t\t\n\t\t\t\t\t<a href=\"https:\/\/les-atypiques-chalets.com\/de\/chalet-aslan\/\" class=\"shb-accommodation-listing-button1\">ab 215 \u20ac\/Nacht<\/a>\n\t\t\t\t\t<a href=\"https:\/\/les-atypiques-chalets.com\/de\/chalet-aslan\/\" class=\"shb-accommodation-listing-button2\">Zimmer anzeigen<i class=\"fas fa-chevron-right\"><\/i><\/a>\n\t\t\t\t\n\t\t\t\t<\/div>\n\t\t\t\t\n\t\t\t<\/div>\n\t\t\t\n\t\t<!-- END .shb-accommodation-listing-item -->\n\t\t<\/div>\n\t\t\n\t\t\t\t\n\t\t<!-- BEGIN .shb-accommodation-listing-item -->\n\t\t<div class=\"shb-accommodation-listing-item\">\n\t\t\t\n\t\t\t\t\t\t\t<a href=\"https:\/\/les-atypiques-chalets.com\/de\/chalet-iorik\/\" rel=\"bookmark\" title=\"Chalet Iorik\">\n\t\t\t\t\t\t\t\t\t\t<img decoding=\"async\" class=\"shb-accommodation-listing-image\" src=\"https:\/\/les-atypiques-chalets.com\/wp-content\/uploads\/2025\/09\/iorik-sejour-L-1024x710.webp\" alt=\"Chalet Iorik\" \/>\t\t\t\t<\/a>\n\t\t\t\t\t\t\n\t\t\t<div class=\"shb-accommodation-listing-description-wrapper\">\n\t\t\t\t\n\t\t\t\t<h3><a href=\"https:\/\/les-atypiques-chalets.com\/de\/chalet-iorik\/\" rel=\"bookmark\" title=\"Chalet Iorik\">Chalet Iorik<\/a><\/h3>\n\t\t\t\t\n\t\t\t\t<div class=\"shb-accommodation-listing-description shb-clearfix\">\n\t\t\t\t\t\n\t\t\t\t\t<ul>\r\n<li><i class=\"fas fa-user\"><\/i><span>Kapazit\u00e4t<\/span> 4 Personen<\/li>\r\n<li><i class=\"fas fa-ruler-combined\"><\/i><span>Oberfl\u00e4che<\/span> 45 m2<\/li>\r\n<li><i class=\"fas fa-hot-tub\"><\/i><span> Nordische Badewanne<\/span> privativ<\/li>\r\n<\/ul>\t\t\t\t\t\n\t\t\t\t\t<a href=\"https:\/\/les-atypiques-chalets.com\/de\/chalet-iorik\/\" class=\"shb-accommodation-listing-button1\">ab 170\u20ac\/Nacht<\/a>\n\t\t\t\t\t<a href=\"https:\/\/les-atypiques-chalets.com\/de\/chalet-iorik\/\" class=\"shb-accommodation-listing-button2\">Zimmer anzeigen<i class=\"fas fa-chevron-right\"><\/i><\/a>\n\t\t\t\t\n\t\t\t\t<\/div>\n\t\t\t\t\n\t\t\t<\/div>\n\t\t\t\n\t\t<!-- END .shb-accommodation-listing-item -->\n\t\t<\/div>\n\t\t\n\t\t\t\t\n\t<!-- END .shb-accommodation-listing-style-1 -->\n\t<\/div>\n\t\n\t<\/div><\/div><\/div><\/div><div class=\"vc_row wpb_row vc_row-fluid\"><div class=\"wpb_column vc_column_container vc_col-sm-12\"><div class=\"vc_column-inner\"><div class=\"wpb_wrapper\">\n\t<div class=\"wpb_text_column wpb_content_element\" >\n\t\t<div class=\"wpb_wrapper\">\n\t\t\t<h3><span style=\"color: #683c16;\">Einf\u00fchrung<\/span><\/h3>\n<p><a href=\"https:\/\/gerardmer.net\/\" target=\"_blank\" rel=\"noopener nofollow\">G\u00e9rardmer, surnomm\u00e9e la \u00ab\u00a0Perle des Vosges\u00a0\u00bb<\/a>, est une destination id\u00e9ale pour des vacances d&rsquo;hiver inoubliables. <strong>Louer un chalet dans cette r\u00e9gion offre une exp\u00e9rience unique<\/strong>, combinant confort, d\u00e9tente et proximit\u00e9 avec la nature. Avec ses chalets atypiques \u00e9quip\u00e9s de bains nordiques, spas et saunas privatifs, G\u00e9rardmer est l&rsquo;endroit r\u00eav\u00e9 pour se ressourcer. D\u00e9couvrez pourquoi ce choix d&rsquo;h\u00e9bergement est un atout majeur pour profiter pleinement de votre s\u00e9jour hivernal.<\/p>\n<hr \/>\n<h3><span style=\"color: #683c16;\">1. Confort et Intimit\u00e9 des Chalets Atypiques<\/span><\/h3>\n<p>Lesen <a href=\"https:\/\/les-atypiques-chalets.com\/de\/\" data-wpil-monitor-id=\"1117\">chalets atypiques de G\u00e9rardmer<\/a> se d\u00e9marquent par leur architecture authentique et leurs \u00e9quipements haut de gamme. <strong>Ces h\u00e9bergements offrent un cadre chaleureux et priv\u00e9, parfait pour des s\u00e9jours en couple ou en famille.<\/strong> Les mat\u00e9riaux naturels comme le bois et la pierre cr\u00e9ent une ambiance cosy et apaisante, id\u00e9ale pour \u00e9chapper \u00e0 l&rsquo;agitation de la vie quotidienne.<\/p>\n<hr \/>\n<h3><span style=\"color: #683c16;\">2. Bain Nordique Privatif : Une D\u00e9tente Unique<\/span><\/h3>\n<p><strong>Le <a href=\"https:\/\/les-atypiques-chalets.com\/de\/product\/reservation-2\/\" data-wpil-monitor-id=\"1116\">Private Nordsee-Einheit<\/a> est un incontournable.<\/strong> Chauff\u00e9 au bois et situ\u00e9 en plein air, il permet de se relaxer tout en admirant les paysages enneig\u00e9s. Ce contraste entre l&rsquo;eau chaude et l&rsquo;air frais procure une sensation de bien-\u00eatre in\u00e9gal\u00e9e, id\u00e9ale pour oublier le stress et profiter du moment pr\u00e9sent.<\/p>\n<hr \/>\n<h3><span style=\"color: #683c16;\">3. Spa Privatif en Pleine Nature<\/span><\/h3>\n<p>Apr\u00e8s une journ\u00e9e bien remplie, rien de tel que de se pr\u00e9lasser dans un <a href=\"https:\/\/les-atypiques-chalets.com\/de\/tag\/spa\/\" data-wpil-monitor-id=\"2125\">Spa<\/a> privatif chauff\u00e9. <strong>Ces espaces de d\u00e9tente offrent une exp\u00e9rience revitalisante, parfaite pour soulager les muscles fatigu\u00e9s.<\/strong> Avec une vue imprenable sur les montagnes environnantes, le spa devient un v\u00e9ritable sanctuaire de relaxation.<\/p>\n<hr \/>\n<h3><span style=\"color: #683c16;\">4. Sauna Privatif : Chaleur et Bien-\u00eatre<\/span><\/h3>\n<p>Le sauna privatif est l&rsquo;un des \u00e9quipements les plus pris\u00e9s des chalets \u00e0 <a href=\"https:\/\/les-atypiques-chalets.com\/de\/pourquoi-gerardmer-est-la-destination-parfaite-pour-les-amoureux-de-la-nature\/\" data-wpil-monitor-id=\"1122\">G\u00e9rardmer<\/a>. <strong>Cette chaleur s\u00e8che favorise la relaxation et l&rsquo;\u00e9limination des toxines<\/strong>, tout en offrant un moment de calme absolu. Apr\u00e8s une <a href=\"https:\/\/les-atypiques-chalets.com\/de\/decouverte-du-champ-de-roches-pres-de-gerardmer-hebergement-unique-aux-atypiques-chalets\/\" data-wpil-monitor-id=\"1123\">journ\u00e9e sur les pistes ou en randonn\u00e9e<\/a>, c&rsquo;est l&rsquo;endroit id\u00e9al pour recharger vos batteries.<\/p>\n<hr \/>\n<h3><span style=\"color: #683c16;\">5. Proximit\u00e9 des Activit\u00e9s Hivernales<\/span><\/h3>\n<p><a href=\"https:\/\/les-atypiques-chalets.com\/de\/les-activites-familiales-autour-de-gerardmer-suggestions-dactivites-et-de-sorties-adaptees-aux-familles-avec-enfants-dans-la-region\/\" data-wpil-monitor-id=\"1124\">G\u00e9rardmer est un v\u00e9ritable paradis pour les amateurs de sports<\/a> d&rsquo;hiver. <strong>Louer un chalet vous place \u00e0 proximit\u00e9 imm\u00e9diate des pistes de ski, des sentiers de raquettes et des espaces de luge.<\/strong> Vous pouvez ainsi profiter pleinement des nombreuses activit\u00e9s qu&rsquo;offre la r\u00e9gion sans perdre de temps en d\u00e9placements.<\/p>\n<hr \/>\n<h3><span style=\"color: #683c16;\">6. Cadre Naturel Exceptionnel<\/span><\/h3>\n<p><strong>La beaut\u00e9 <\/strong><a href=\"https:\/\/les-atypiques-chalets.com\/de\/visitez-le-parc-naturel-de-gerardmer\/\" data-wpil-monitor-id=\"1121\">naturelle de G\u00e9rardmer est un atout ind\u00e9niable. Les chalets<\/a> sont souvent situ\u00e9s dans des emplacements privil\u00e9gi\u00e9s, offrant des vues panoramiques sur les montagnes et les for\u00eats enneig\u00e9es. Ce cadre paisible et ressour\u00e7ant est parfait pour se reconnecter avec la nature.<\/p>\n<hr \/>\n<h3><span style=\"color: #683c16;\">7. H\u00e9bergements Adapt\u00e9s aux Familles et Groupes<\/span><\/h3>\n<p>Les chalets de <a href=\"https:\/\/les-atypiques-chalets.com\/de\/decouverte-de-gerardmer-et-ses-environs\/\" data-wpil-monitor-id=\"1125\">G\u00e9rardmer<\/a> offrent des configurations vari\u00e9es, pouvant accueillir des couples, des familles ou m\u00eame des groupes d&rsquo;amis. <strong>Les espaces de vie spacieux et conviviaux sont parfaits pour partager des moments inoubliables.<\/strong> Certains <a href=\"https:\/\/les-atypiques-chalets.com\/de\/trouvez-le-chalet-parfait-a-louer-a-gerardmer\/\" data-wpil-monitor-id=\"1128\">Chalets<\/a> proposent m\u00eame des dortoirs ou des salles de jeux pour les enfants.<\/p>\n<hr \/>\n<h3><span style=\"color: #683c16;\">8. Gastronomie Locale et Immersion Culturelle<\/span><\/h3>\n<p>En s\u00e9journant dans un chalet, vous avez l&rsquo;opportunit\u00e9 de d\u00e9couvrir la <a href=\"https:\/\/les-atypiques-chalets.com\/de\/tag\/cuisine-locale\/\" data-wpil-monitor-id=\"2144\">cuisine locale<\/a>. <strong>Certains h\u00e9bergements proposent des plats pr\u00e9par\u00e9s avec des produits du terroir<\/strong>, permettant une immersion totale dans la <a href=\"https:\/\/les-atypiques-chalets.com\/de\/la-fete-des-jonquilles-de-gerardmer\/\" data-wpil-monitor-id=\"1119\">culture vosgienne<\/a>. Ne manquez pas de d\u00e9guster les sp\u00e9cialit\u00e9s r\u00e9gionales comme la tarte aux myrtilles ou le fromage de Munster.<\/p>\n<hr \/>\n<h3><span style=\"color: #683c16;\">9. Flexibilit\u00e9 et Libert\u00e9 Totale<\/span><\/h3>\n<p>Contrairement aux h\u00f4tels, les chalets offrent une grande libert\u00e9. <strong>Vous pouvez organiser votre s\u00e9jour selon vos envies, sans contraintes horaires.<\/strong> Cette flexibilit\u00e9 est id\u00e9ale pour personnaliser votre exp\u00e9rience et profiter pleinement de votre temps.<\/p>\n<hr \/>\n<h3><span style=\"color: #683c16;\">10. \u00c9quipements Modernes et Services Personnalis\u00e9s<\/span><\/h3>\n<p>Lesen <a href=\"https:\/\/les-atypiques-chalets.com\/de\/location-dun-chalet-a-gerardmer-en-hiver-2\/\" data-wpil-monitor-id=\"1144\">chalets modernes de G\u00e9rardmer<\/a> sont \u00e9quip\u00e9s de tout ce dont vous avez besoin : <strong>Wi-Fi, cuisines \u00e9quip\u00e9es, salons spacieux, et parfois m\u00eame des espaces bien-\u00eatre comme des salles de massage.<\/strong> De plus, des services personnalis\u00e9s comme la livraison de repas ou l\u2019organisation d\u2019activit\u00e9s peuvent \u00eatre propos\u00e9s.<\/p>\n<hr \/>\n<h3><span style=\"color: #683c16;\">11. S\u00e9curit\u00e9 et Tranquillit\u00e9<\/span><\/h3>\n<p><strong>Opter pour un <a href=\"https:\/\/les-atypiques-chalets.com\/de\/chalet-mit-privatem-sauna\/\" data-wpil-monitor-id=\"2521\">chalet privatif<\/a> garantit une tranquillit\u00e9 absolue.<\/strong> Loin de l\u2019agitation des grandes structures touristiques, vous pouvez profiter de votre s\u00e9jour en toute s\u00e9r\u00e9nit\u00e9. Les chalets offrent un cadre s\u00e9curis\u00e9, parfait pour les familles avec enfants.<\/p>\n<hr \/>\n<h3><span style=\"color: #683c16;\">12. Exp\u00e9rience Authentique et Locale<\/span><\/h3>\n<p>S\u00e9journer dans un chalet \u00e0 G\u00e9rardmer, c\u2019est vivre une exp\u00e9rience authentique en harmonie avec la <a href=\"https:\/\/les-atypiques-chalets.com\/de\/les-activites-familiales-autour-de-gerardmer-suggestions-dactivites-et-de-sorties-adaptees-aux-familles-avec-enfants-dans-la-region\/\" data-wpil-monitor-id=\"1120\">culture locale<\/a>. <strong>Vous aurez l\u2019opportunit\u00e9 de d\u00e9couvrir les <a href=\"https:\/\/les-atypiques-chalets.com\/de\/vivez-la-veritable-magie-dun-noel-en-montagne-dans-les-vosges\/\" data-wpil-monitor-id=\"1115\">Vogesenbr\u00e4uche<\/a><\/strong>, tout en profitant d\u2019un accueil chaleureux et convivial.<\/p>\n<hr \/>\n<h3><span style=\"color: #683c16;\">13. Respect de l\u2019Environnement<\/span><\/h3>\n<p>De nombreux chalets adoptent des pratiques \u00e9cologiques. <strong>Ils utilisent des mat\u00e9riaux durables et des sources d\u2019\u00e9nergie renouvelable,<\/strong> offrant ainsi un s\u00e9jour respectueux de l\u2019environnement. Cela permet de profiter de vos vacances tout en minimisant votre empreinte \u00e9cologique.<\/p>\n<hr \/>\n<h3><span style=\"color: #683c16;\">14. Accessibilit\u00e9 et Transports Pratiques<\/span><\/h3>\n<p><strong>G\u00e9rardmer est facilement accessible<\/strong> gr\u00e2ce \u00e0 des infrastructures bien d\u00e9velopp\u00e9es. De nombreux chalets se trouvent \u00e0 proximit\u00e9 des navettes gratuites, facilitant vos d\u00e9placements vers les activit\u00e9s locales.<\/p>\n<hr \/>\n<h3><span style=\"color: #683c16;\">15. Tarifs Comp\u00e9titifs et Offres Sp\u00e9ciales<\/span><\/h3>\n<p>Enfin, louer un <a href=\"https:\/\/les-atypiques-chalets.com\/de\/chalet-a-louer-gerardmer-decouvrez-nos-chalets-a-louer-a-gerardmer\/\" data-wpil-monitor-id=\"1127\">Chalet in G\u00e9rardmer<\/a> peut \u00eatre une option \u00e9conomique, surtout pour les groupes. <strong>Des promotions sont souvent propos\u00e9es,<\/strong> notamment pour les s\u00e9jours prolong\u00e9s ou hors saison, ce qui rend ces h\u00e9bergements accessibles \u00e0 tous les budgets.<\/p>\n<hr \/>\n<h3><span style=\"color: #683c16;\">Schlussfolgerung<\/span><\/h3>\n<p><strong>Louer un chalet \u00e0 G\u00e9rardmer en hiver, c\u2019est choisir un cadre exceptionnel pour des vacances m\u00e9morables.<\/strong> Avec ses \u00e9quipements de luxe comme les <a href=\"https:\/\/les-atypiques-chalets.com\/de\/bains-nordiques-gerardmer-vosges\/\" data-wpil-monitor-id=\"1118\">bains nordiques<\/a>, spas et saunas privatifs, et sa proximit\u00e9 avec les activit\u00e9s hivernales, G\u00e9rardmer est une destination incontournable. Profitez de cette <a href=\"https:\/\/les-atypiques-chalets.com\/de\/romantische-unterkunft\/\" data-wpil-monitor-id=\"1126\">exp\u00e9rience unique<\/a> pour vous d\u00e9tendre, vous ressourcer et cr\u00e9er des souvenirs inoubliables.<\/p>\n\n\t\t<\/div>\n\t<\/div>\n<\/div><\/div><\/div><\/div><div class=\"vc_row wpb_row vc_row-fluid\"><div class=\"wpb_column vc_column_container vc_col-sm-12\"><div class=\"vc_column-inner\"><div class=\"wpb_wrapper\"><div class=\"vc_empty_space\"   style=\"height: 60px\"><span class=\"vc_empty_space_inner\"><\/span><\/div><\/div><\/div><\/div><\/div>\n<\/div>","protected":false},"excerpt":{"rendered":"Chalet IORIK Capacit\u00e9: 4 personnes Superficie: 45 m2 Bain Nordique: privatif Description de notre Chalet Iorik dans les Vosges Id\u00e9al pour les couples ou les petites familles, le Chalet IORIK est un \u00e9crin de douceur pouvant accueillir jusqu\u2019\u00e0 4 personnes. Avec ses 2 chambres cosy et ces 2 lits de 140\u00d7190, il vous promet des<a href=\"https:\/\/les-atypiques-chalets.com\/de\/chalet-aslan\/\" class=\"sohohotel-more-link\">Read More<\/a>","protected":false},"author":1,"featured_media":1078861,"comment_status":"closed","ping_status":"closed","sticky":false,"template":"","format":"standard","meta":{"_yoast_wpseo_title":"D\u00e9couvrez les chalets de G\u00e9rardmer","_yoast_wpseo_metadesc":"Louez un chalet avec spa et bain nordique privatif. D\u00e9tente et nature garanties\u202f! R\u00e9servez votre s\u00e9jour d\u00e8s maintenant\u202f!","_yoast_wpseo_focuskw":"#chaletsG\u00e9rardmer #bainnordiqueprivatif #spaVosges #vacancesd\u00e9tente #saunaVosges #locationchalets","footnotes":""},"categories":[707,1167,1166,810],"tags":[1489,1130,1169,1490,1491,1487,1260,1452,1488,1115],"class_list":["post-1078654","post","type-post","status-publish","format-standard","has-post-thumbnail","hentry","category-gerardmer","category-chalet-avec-sauna-gerardmer","category-chalets-avec-sauna","category-locatif-saisonnier","tag-activites-hivernales-gerardmer","tag-bain-nordique-privatif","tag-chalets-atypiques-gerardmer","tag-chalets-luxe-vosges","tag-escapade-romantique-vosges","tag-location-chalet-hiver-gerardmer","tag-sauna-privatif-vosges","tag-sejour-detente-gerardmer","tag-spa-privatif-gerardmer","tag-vacances-en-famille-gerardmer"],"_links":{"self":[{"href":"https:\/\/les-atypiques-chalets.com\/de\/wp-json\/wp\/v2\/posts\/1078654","targetHints":{"allow":["GET"]}}],"collection":[{"href":"https:\/\/les-atypiques-chalets.com\/de\/wp-json\/wp\/v2\/posts"}],"about":[{"href":"https:\/\/les-atypiques-chalets.com\/de\/wp-json\/wp\/v2\/types\/post"}],"author":[{"embeddable":true,"href":"https:\/\/les-atypiques-chalets.com\/de\/wp-json\/wp\/v2\/users\/1"}],"replies":[{"embeddable":true,"href":"https:\/\/les-atypiques-chalets.com\/de\/wp-json\/wp\/v2\/comments?post=1078654"}],"version-history":[{"count":0,"href":"https:\/\/les-atypiques-chalets.com\/de\/wp-json\/wp\/v2\/posts\/1078654\/revisions"}],"wp:featuredmedia":[{"embeddable":true,"href":"https:\/\/les-atypiques-chalets.com\/de\/wp-json\/wp\/v2\/media\/1078861"}],"wp:attachment":[{"href":"https:\/\/les-atypiques-chalets.com\/de\/wp-json\/wp\/v2\/media?parent=1078654"}],"wp:term":[{"taxonomy":"category","embeddable":true,"href":"https:\/\/les-atypiques-chalets.com\/de\/wp-json\/wp\/v2\/categories?post=1078654"},{"taxonomy":"post_tag","embeddable":true,"href":"https:\/\/les-atypiques-chalets.com\/de\/wp-json\/wp\/v2\/tags?post=1078654"}],"curies":[{"name":"wp","href":"https:\/\/api.w.org\/{rel}","templated":true}]}}