{"id":1086002,"date":"2025-01-08T13:22:38","date_gmt":"2025-01-08T13:22:38","guid":{"rendered":"https:\/\/les-atypiques-chalets.com\/location-dun-chalet-a-gerardmer-en-hiver-2\/"},"modified":"2026-01-07T10:00:55","modified_gmt":"2026-01-07T10:00:55","slug":"checklist-essentielle-pour-un-sejour-en-chalet-a-gerardmer","status":"publish","type":"post","link":"https:\/\/les-atypiques-chalets.com\/de\/checklist-essentielle-pour-un-sejour-en-chalet-a-gerardmer\/","title":{"rendered":"Checkliste f\u00fcr einen unverzichtbaren Aufenthalt in einer H\u00fctte in G\u00e9rardmer"},"content":{"rendered":"<div class=\"wpb-content-wrapper\"><div class=\"vc_row wpb_row vc_row-fluid\"><div class=\"wpb_column vc_column_container vc_col-sm-12\"><div class=\"vc_column-inner\"><div class=\"wpb_wrapper\">\n\t<div class=\"wpb_text_column wpb_content_element\" >\n\t\t<div class=\"wpb_wrapper\">\n\t\t\t<h1 class=\"p1\"><span style=\"color: #683c16;\"><strong>Checklist Essentielle<\/strong><\/span><\/h1>\n<hr \/>\n<h2 class=\"p1\"><span style=\"color: #683c16;\"><strong>pour un S\u00e9jour en Chalet \u00e0 G\u00e9rardmer<\/strong><\/span><\/h2>\n\n\t\t<\/div>\n\t<\/div>\n<\/div><\/div><\/div><\/div><div class=\"vc_row wpb_row vc_row-fluid\"><div class=\"wpb_column vc_column_container vc_col-sm-12\"><div class=\"vc_column-inner\"><div class=\"wpb_wrapper\"><div class=\"vc_empty_space\"   style=\"height: 32px\"><span class=\"vc_empty_space_inner\"><\/span><\/div>\t\n\t<!-- BEGIN .shb-accommodation-listing-style-1 -->\n\t<div class=\"shb-accommodation-listing-style-1 shb-accommodation-listing-style-1-columns-3 sohohotel-owl-carousel-4\">\n\t\t\n\t\t\t\t\n\t\t<!-- BEGIN .shb-accommodation-listing-item -->\n\t\t<div class=\"shb-accommodation-listing-item\">\n\t\t\t\n\t\t\t\t\t\t\t<a href=\"https:\/\/les-atypiques-chalets.com\/de\/chalet-charkhan\/\" rel=\"bookmark\" title=\"Chalet Charkhan\">\n\t\t\t\t\t\t\t\t\t\t<img decoding=\"async\" class=\"shb-accommodation-listing-image\" src=\"https:\/\/les-atypiques-chalets.com\/wp-content\/uploads\/2025\/03\/salon-charkhan-03-L-1180x675.webp\" alt=\"Chalet Charkhan\" \/>\t\t\t\t<\/a>\n\t\t\t\t\t\t\n\t\t\t<div class=\"shb-accommodation-listing-description-wrapper\">\n\t\t\t\t\n\t\t\t\t<h3><a href=\"https:\/\/les-atypiques-chalets.com\/de\/chalet-charkhan\/\" rel=\"bookmark\" title=\"Chalet Charkhan\">Chalet Charkhan<\/a><\/h3>\n\t\t\t\t\n\t\t\t\t<div class=\"shb-accommodation-listing-description shb-clearfix\">\n\t\t\t\t\t\n\t\t\t\t\t<ul>\r\n<li><i class=\"fas fa-user\"><\/i><span>Kapazit\u00e4t<\/span> 6 Personen<\/li>\r\n<li><i class=\"fas fa-ruler-combined\"><\/i><span>Oberfl\u00e4che<\/span> 65 m\u00b2<\/li>\r\n<li><i class=\"fas fa-hot-tub\"><\/i><span> Nordische Badewanne<\/span> privativ<\/li>\r\n<\/ul>\t\t\t\t\t\n\t\t\t\t\t<a href=\"https:\/\/les-atypiques-chalets.com\/de\/chalet-charkhan\/\" class=\"shb-accommodation-listing-button1\">ab 225\u20ac\/Nacht<\/a>\n\t\t\t\t\t<a href=\"https:\/\/les-atypiques-chalets.com\/de\/chalet-charkhan\/\" class=\"shb-accommodation-listing-button2\">Zimmer anzeigen<i class=\"fas fa-chevron-right\"><\/i><\/a>\n\t\t\t\t\n\t\t\t\t<\/div>\n\t\t\t\t\n\t\t\t<\/div>\n\t\t\t\n\t\t<!-- END .shb-accommodation-listing-item -->\n\t\t<\/div>\n\t\t\n\t\t\t\t\n\t\t<!-- BEGIN .shb-accommodation-listing-item -->\n\t\t<div class=\"shb-accommodation-listing-item\">\n\t\t\t\n\t\t\t\t\t\t\t<a href=\"https:\/\/les-atypiques-chalets.com\/de\/chalet-aslan\/\" rel=\"bookmark\" title=\"Chalet Aslan\">\n\t\t\t\t\t\t\t\t\t\t<img decoding=\"async\" class=\"shb-accommodation-listing-image\" src=\"https:\/\/les-atypiques-chalets.com\/wp-content\/uploads\/2025\/03\/ASLAN-2-900x710.webp\" alt=\"Chalet Aslan\" \/>\t\t\t\t<\/a>\n\t\t\t\t\t\t\n\t\t\t<div class=\"shb-accommodation-listing-description-wrapper\">\n\t\t\t\t\n\t\t\t\t<h3><a href=\"https:\/\/les-atypiques-chalets.com\/de\/chalet-aslan\/\" rel=\"bookmark\" title=\"Chalet Aslan\">Chalet Aslan<\/a><\/h3>\n\t\t\t\t\n\t\t\t\t<div class=\"shb-accommodation-listing-description shb-clearfix\">\n\t\t\t\t\t\n\t\t\t\t\t<ul>\r\n<li><i class=\"fas fa-user\"><\/i><span>Kapazit\u00e4t<\/span> 5 Personen<\/li>\r\n<li><i class=\"fas fa-ruler-combined\"><\/i><span>Oberfl\u00e4che<\/span> 65 m\u00b2<\/li>\r\n<li><i class=\"fas fa-hot-tub\"><\/i><span> Nordische Badewanne<\/span> privativ<\/li>\r\n<\/ul>\t\t\t\t\t\n\t\t\t\t\t<a href=\"https:\/\/les-atypiques-chalets.com\/de\/chalet-aslan\/\" class=\"shb-accommodation-listing-button1\">ab 215 \u20ac\/Nacht<\/a>\n\t\t\t\t\t<a href=\"https:\/\/les-atypiques-chalets.com\/de\/chalet-aslan\/\" class=\"shb-accommodation-listing-button2\">Zimmer anzeigen<i class=\"fas fa-chevron-right\"><\/i><\/a>\n\t\t\t\t\n\t\t\t\t<\/div>\n\t\t\t\t\n\t\t\t<\/div>\n\t\t\t\n\t\t<!-- END .shb-accommodation-listing-item -->\n\t\t<\/div>\n\t\t\n\t\t\t\t\n\t\t<!-- BEGIN .shb-accommodation-listing-item -->\n\t\t<div class=\"shb-accommodation-listing-item\">\n\t\t\t\n\t\t\t\t\t\t\t<a href=\"https:\/\/les-atypiques-chalets.com\/de\/chalet-iorik\/\" rel=\"bookmark\" title=\"Chalet Iorik\">\n\t\t\t\t\t\t\t\t\t\t<img decoding=\"async\" class=\"shb-accommodation-listing-image\" src=\"https:\/\/les-atypiques-chalets.com\/wp-content\/uploads\/2025\/09\/iorik-sejour-L-1024x710.webp\" alt=\"Chalet Iorik\" \/>\t\t\t\t<\/a>\n\t\t\t\t\t\t\n\t\t\t<div class=\"shb-accommodation-listing-description-wrapper\">\n\t\t\t\t\n\t\t\t\t<h3><a href=\"https:\/\/les-atypiques-chalets.com\/de\/chalet-iorik\/\" rel=\"bookmark\" title=\"Chalet Iorik\">Chalet Iorik<\/a><\/h3>\n\t\t\t\t\n\t\t\t\t<div class=\"shb-accommodation-listing-description shb-clearfix\">\n\t\t\t\t\t\n\t\t\t\t\t<ul>\r\n<li><i class=\"fas fa-user\"><\/i><span>Kapazit\u00e4t<\/span> 4 Personen<\/li>\r\n<li><i class=\"fas fa-ruler-combined\"><\/i><span>Oberfl\u00e4che<\/span> 45 m2<\/li>\r\n<li><i class=\"fas fa-hot-tub\"><\/i><span> Nordische Badewanne<\/span> privativ<\/li>\r\n<\/ul>\t\t\t\t\t\n\t\t\t\t\t<a href=\"https:\/\/les-atypiques-chalets.com\/de\/chalet-iorik\/\" class=\"shb-accommodation-listing-button1\">ab 170\u20ac\/Nacht<\/a>\n\t\t\t\t\t<a href=\"https:\/\/les-atypiques-chalets.com\/de\/chalet-iorik\/\" class=\"shb-accommodation-listing-button2\">Zimmer anzeigen<i class=\"fas fa-chevron-right\"><\/i><\/a>\n\t\t\t\t\n\t\t\t\t<\/div>\n\t\t\t\t\n\t\t\t<\/div>\n\t\t\t\n\t\t<!-- END .shb-accommodation-listing-item -->\n\t\t<\/div>\n\t\t\n\t\t\t\t\n\t<!-- END .shb-accommodation-listing-style-1 -->\n\t<\/div>\n\t\n\t<\/div><\/div><\/div><\/div><div class=\"vc_row wpb_row vc_row-fluid\"><div class=\"wpb_column vc_column_container vc_col-sm-12\"><div class=\"vc_column-inner\"><div class=\"wpb_wrapper\">\n\t<div class=\"wpb_text_column wpb_content_element\" >\n\t\t<div class=\"wpb_wrapper\">\n\t\t\t<p>Pr\u00e9parer un s\u00e9jour en chalet \u00e0 G\u00e9rardmer n\u00e9cessite une organisation minutieuse pour profiter pleinement de cette destination pris\u00e9e des Vosges. Voici une checklist essentielle pour vous aider dans vos pr\u00e9paratifs, ainsi que des informations sur les h\u00e9bergements avec sauna et bain nordique privatifs.<\/p>\n<div>\n<hr \/>\n<\/div>\n<h2><\/h2>\n<h2><strong>1. Planification du S\u00e9jour<\/strong> \ud83d\udcc5<\/h2>\n<hr \/>\n<h3><strong>R\u00e9servation de l&rsquo;h\u00e9bergement<\/strong><\/h3>\n<p>G\u00e9rardmer offre une vari\u00e9t\u00e9 de chalets \u00e9quip\u00e9s de saunas et bains nordiques privatifs. Parmi eux, <strong>Die Ungew\u00f6hnlichen Chalets<\/strong> proposent des h\u00e9bergements tels que le Chalet IORIK, pouvant accueillir jusqu&rsquo;\u00e0 4 personnes, avec <a href=\"https:\/\/les-atypiques-chalets.com\/de\/le-chalet-parfait-a-gerardmer-pour-vos-vacances-dete\/\"  data-wpil-monitor-id=\"1154\">Private Nordsee-Einheit<\/a> et vue imprenable sur le lac de G\u00e9rardmer.<\/p>\n<p><a href=\"https:\/\/www.explore-grandest.com\" rel=\"nofollow noopener\" target=\"_blank\">Explore Grand Est<\/a><\/p>\n<h3><strong>Dur\u00e9e du s\u00e9jour<\/strong><\/h3>\n<p>Pour une exp\u00e9rience compl\u00e8te, un s\u00e9jour de 3 \u00e0 7 jours est recommand\u00e9, selon les activit\u00e9s pr\u00e9vues.<\/p>\n<div>\n<hr \/>\n<\/div>\n<h2><\/h2>\n<h2><strong>2. Pr\u00e9paration des Bagages<\/strong> \ud83c\udf92<\/h2>\n<hr \/>\n<h3><strong>V\u00eatements :<\/strong><\/h3>\n<ul data-spread=\"false\">\n<li><strong>Im Winter<\/strong> : Bonnet, gants, doudoune chaude, \u00e9charpe, combinaison de ski, chaussettes \u00e9paisses, chaussures de ski ou snowboard, <a href=\"https:\/\/les-atypiques-chalets.com\/de\/tag\/apres-ski\/\" data-wpil-monitor-id=\"2140\">apr\u00e8s-skis<\/a>.<\/li>\n<li><strong>Im Sommer<\/strong> : Lunettes de soleil, chapeau ou casquette, cr\u00e8me solaire, tongs ou sandales, maillot de bain, v\u00eatements l\u00e9gers, imperm\u00e9able en cas de pluie.<\/li>\n<\/ul>\n<h3><strong>Accessoires :<\/strong><\/h3>\n<ul data-spread=\"false\">\n<li>Maillot de bain pour profiter du bain nordique ou du sauna.<\/li>\n<li>Appareil photo pour immortaliser les paysages.<\/li>\n<li>Trousse de premiers secours incluant pansements, thermom\u00e8tre, et cr\u00e8me hydratante pour le froid.<\/li>\n<\/ul>\n<div>\n<hr \/>\n<\/div>\n<h2><\/h2>\n<h2><strong>3. Activit\u00e9s \u00e0 Pr\u00e9voir<\/strong> \ud83c\udfd4\ufe0f<\/h2>\n<hr \/>\n<h3><strong>Sports d&rsquo;hiver<\/strong> :<\/h3>\n<p>Ski alpin, snowboard, raquettes, luge.<\/p>\n<h3><strong>Activit\u00e9s estivales<\/strong> :<\/h3>\n<p>Randonn\u00e9es, VTT, sports nautiques sur le <a href=\"https:\/\/les-atypiques-chalets.com\/de\/les-10-choses-a-faire-a-gerardmer-en-ete\/\" data-wpil-monitor-id=\"1664\">Lac de G\u00e9rardmer<\/a>, baignade.<\/p>\n<h3><strong>Bien-\u00eatre<\/strong> :<\/h3>\n<p>Profitez des installations de votre chalet, notamment le sauna et le <a href=\"https:\/\/les-atypiques-chalets.com\/de\/nordische-bader-gerardmer\/\" data-wpil-monitor-id=\"2493\">Nordisches Bad<\/a>, pour des moments de d\u00e9tente apr\u00e8s une journ\u00e9e d&rsquo;activit\u00e9s.<\/p>\n<div>\n<hr \/>\n<\/div>\n<h2><\/h2>\n<h2><strong>4. Informations Pratiques<\/strong> \ud83d\udccd<\/h2>\n<hr \/>\n<h3><strong>Zugang<\/strong><\/h3>\n<p>G\u00e9rardmer est accessible en voiture, en train ou en bus. Les a\u00e9roports les plus proches sont ceux de Strasbourg et de Mulhouse.<\/p>\n<h3><strong>Documents<\/strong><\/h3>\n<p>N&rsquo;oubliez pas vos pi\u00e8ces d&rsquo;identit\u00e9, moyens de paiement, et confirmations de r\u00e9servation.<\/p>\n<h3><strong>S\u00e9curit\u00e9<\/strong><\/h3>\n<p>En hiver, \u00e9quipez votre v\u00e9hicule de cha\u00eenes ou chaussettes \u00e0 neige. V\u00e9rifiez les conditions m\u00e9t\u00e9orologiques avant votre d\u00e9part.<\/p>\n<div>\n<hr \/>\n<\/div>\n<h2><\/h2>\n<h2><strong>5 &#8211; H\u00e9bergements Recommand\u00e9s<\/strong> \ud83c\udfe8<\/h2>\n<hr \/>\n<h3><strong>Die Ungew\u00f6hnlichen Chalets<\/strong><\/h3>\n<p>Barbey-Seroux, France<\/p>\n<ul data-spread=\"false\">\n<li>3 Chalets pour 4 personnes et 6 personnes, avec <a href=\"https:\/\/les-atypiques-chalets.com\/de\/hebergement-romantique-pour-les-couples\/\" data-wpil-monitor-id=\"1762\">Private Nordsee-Einheit<\/a> \u00e0 10 km de G\u00e9rardmer, au calme.<\/li>\n<li><a href=\"https:\/\/www.explore-grandest.com\" rel=\"nofollow noopener\" target=\"_blank\">Explore Grand Est<\/a><\/li>\n<\/ul>\n<div>\n<hr \/>\n<\/div>\n<h2><\/h2>\n<h2><strong>6. Activit\u00e9s Incontournables \u00e0 G\u00e9rardmer<\/strong> \ud83c\udf3f<\/h2>\n<hr \/>\n<h3><strong>Randonn\u00e9e autour du Lac de G\u00e9rardmer<\/strong><\/h3>\n<p>Le lac, surnomm\u00e9 le \u00ab\u00a0joyau de la ville\u00a0\u00bb, offre un cadre idyllique pour des promenades en famille, des pique-niques au bord de l&rsquo;eau et diverses activit\u00e9s nautiques.<\/p>\n<p><a href=\"https:\/\/www.petitfute.com\" rel=\"nofollow noopener\" target=\"_blank\">Petit Fut\u00e9<\/a><\/p>\n<h3><strong>Sports d&rsquo;hiver \u00e0 La Mauselaine<\/strong><\/h3>\n<p>La station de <a href=\"https:\/\/les-atypiques-chalets.com\/de\/tag\/ski\/\" data-wpil-monitor-id=\"2243\">ski<\/a> La Mauselaine propose 22 pistes pour tous les niveaux, avec des descentes nocturnes \u00e9clair\u00e9es et sonoris\u00e9es, offrant une exp\u00e9rience unique aux amateurs de glisse.<\/p>\n<p><a href=\"https:\/\/generationvoyage.fr\" rel=\"nofollow noopener\" target=\"_blank\">Generation Voyage<\/a><\/p>\n<h3><strong>Cascade de M\u00e9relle<\/strong><\/h3>\n<p>Une randonn\u00e9e vers cette cascade vous permettra de d\u00e9couvrir un site naturel apaisant, id\u00e9al pour les amoureux de la nature et les photographes.<\/p>\n<p><a href=\"https:\/\/lebonroadtrip.fr\" rel=\"nofollow noopener\" target=\"_blank\">Lebonroadtrip<\/a><\/p>\n<h3><strong>Tour de M\u00e9relle<\/strong><\/h3>\n<p>En gravissant cette tour, vous b\u00e9n\u00e9ficierez d&rsquo;un panorama \u00e0 couper le souffle sur la vall\u00e9e environnante, une exp\u00e9rience recommand\u00e9e pour les passionn\u00e9s de paysages.<\/p>\n<p><a href=\"https:\/\/lebonroadtrip.fr\" rel=\"nofollow noopener\" target=\"_blank\">Lebonroadtrip<\/a><\/p>\n<div>\n<hr \/>\n<\/div>\n<h2><\/h2>\n<h2><strong>7. Restaurants Recommand\u00e9s \u00e0 G\u00e9rardmer<\/strong> \ud83c\udf74<\/h2>\n<hr \/>\n<h3><strong>A la Chaume de Mon P\u00e8re<\/strong><\/h3>\n<p>G\u00e9rardmer, France<\/p>\n<ul data-spread=\"false\">\n<li>Restaurant gastronomique proposant une cuisine raffin\u00e9e du terroir, avec des sp\u00e9cialit\u00e9s vosgiennes et alsaciennes.<\/li>\n<li><a href=\"https:\/\/www.petitfute.com\" rel=\"nofollow noopener\" target=\"_blank\">Petit Fut\u00e9<\/a><\/li>\n<\/ul>\n<h3><strong>L&rsquo;Assiette du Coq \u00e0 l&rsquo;\u00c2ne<\/strong><\/h3>\n<p>G\u00e9rardmer, France<\/p>\n<ul data-spread=\"false\">\n<li>Situ\u00e9 au centre-ville, ce restaurant offre une <a href=\"https:\/\/les-atypiques-chalets.com\/de\/meilleurs-restaurants-gerardmer-tour-culinaire\/\" data-wpil-monitor-id=\"1943\">cuisine du terroir<\/a> avec des sp\u00e9cialit\u00e9s des Vosges et d&rsquo;Alsace, dans un d\u00e9cor de ferme montagnarde.<\/li>\n<li><a href=\"https:\/\/www.lelorrain.fr\" rel=\"nofollow noopener\" target=\"_blank\">Le Lorrain<\/a><\/li>\n<\/ul>\n<h3><strong>La Taverne Alsacienne<\/strong><\/h3>\n<p>G\u00e9rardmer, France<\/p>\n<ul data-spread=\"false\">\n<li>\u00c9tablissement r\u00e9put\u00e9 pour ses plats traditionnels alsaciens, offrant une ambiance chaleureuse et conviviale.<\/li>\n<li><a href=\"https:\/\/www.tripadvisor.fr\" rel=\"nofollow noopener\" target=\"_blank\">Tripadvisor<\/a><\/li>\n<\/ul>\n<div>\n<hr \/>\n<\/div>\n<p>Avec cette checklist et ces recommandations, vous \u00eates pr\u00eat \u00e0 vivre un <a href=\"https:\/\/les-atypiques-chalets.com\/de\/ungewohnliche-chalets-in-den-vogesen-ein-unvergesslicher-aufenthalt-im-einklang-mit-der-natur\/\" data-wpil-monitor-id=\"1209\">s\u00e9jour unique et inoubliable<\/a> \u00e0 G\u00e9rardmer. Bonnes vacances \ud83c\udfd5\ufe0f !<\/p>\n\n\t\t<\/div>\n\t<\/div>\n<\/div><\/div><\/div><\/div><div class=\"vc_row wpb_row vc_row-fluid\"><div class=\"wpb_column vc_column_container vc_col-sm-12\"><div class=\"vc_column-inner\"><div class=\"wpb_wrapper\"><div class=\"vc_empty_space\"   style=\"height: 60px\"><span class=\"vc_empty_space_inner\"><\/span><\/div><\/div><\/div><\/div><\/div>\n<\/div>","protected":false},"excerpt":{"rendered":"Chalet IORIK Capacit\u00e9: 4 personnes Superficie: 45 m2 Bain Nordique: privatif Description de notre Chalet Iorik dans les Vosges Id\u00e9al pour les couples ou les petites familles, le Chalet IORIK est un \u00e9crin de douceur pouvant accueillir jusqu\u2019\u00e0 4 personnes. Avec ses 2 chambres cosy et ces 2 lits de 140\u00d7190, il vous promet des<a href=\"https:\/\/les-atypiques-chalets.com\/de\/chalet-aslan\/\" class=\"sohohotel-more-link\">Read More<\/a>","protected":false},"author":1,"featured_media":1086186,"comment_status":"closed","ping_status":"closed","sticky":false,"template":"","format":"standard","meta":{"_yoast_wpseo_title":"S\u00e9jour en chalet \u00e0 G\u00e9rardmer \ud83c\udf32","_yoast_wpseo_metadesc":"D\u00e9couvrez les meilleures activit\u00e9s, h\u00e9bergements et restaurants \u00e0 G\u00e9rardmer. Profitez de la nature et du bien-\u00eatre. R\u00e9servez d\u00e8s maintenant\u202f!","_yoast_wpseo_focuskw":"#S\u00e9jourG\u00e9rardmer #ChaletsVosges #VacancesNature #TourismeVosges #Activit\u00e9sG\u00e9rardmer #LacDeG\u00e9rardmer #Bien\u00catreVosges","footnotes":""},"categories":[707,1167,1166,810],"tags":[753,1484,1136,1019,758,1092,731,710,717,1492,711,712,1493,923,1091],"class_list":["post-1086002","post","type-post","status-publish","format-standard","has-post-thumbnail","hentry","category-gerardmer","category-chalet-avec-sauna-gerardmer","category-chalets-avec-sauna","category-locatif-saisonnier","tag-activites-gerardmer","tag-bien-etre-gerardmer","tag-chalets-avec-bain-nordique","tag-chalets-avec-sauna","tag-hebergements-gerardmer","tag-lac-gerardmer","tag-nature-vosges","tag-randonnee-gerardmer","tag-restaurants-gerardmer","tag-sejour-chalet-gerardmer","tag-ski-gerardmer","tag-spa-gerardmer","tag-station-la-mauselaine","tag-tourisme-gerardmer","tag-vacances-vosges"],"_links":{"self":[{"href":"https:\/\/les-atypiques-chalets.com\/de\/wp-json\/wp\/v2\/posts\/1086002","targetHints":{"allow":["GET"]}}],"collection":[{"href":"https:\/\/les-atypiques-chalets.com\/de\/wp-json\/wp\/v2\/posts"}],"about":[{"href":"https:\/\/les-atypiques-chalets.com\/de\/wp-json\/wp\/v2\/types\/post"}],"author":[{"embeddable":true,"href":"https:\/\/les-atypiques-chalets.com\/de\/wp-json\/wp\/v2\/users\/1"}],"replies":[{"embeddable":true,"href":"https:\/\/les-atypiques-chalets.com\/de\/wp-json\/wp\/v2\/comments?post=1086002"}],"version-history":[{"count":0,"href":"https:\/\/les-atypiques-chalets.com\/de\/wp-json\/wp\/v2\/posts\/1086002\/revisions"}],"wp:featuredmedia":[{"embeddable":true,"href":"https:\/\/les-atypiques-chalets.com\/de\/wp-json\/wp\/v2\/media\/1086186"}],"wp:attachment":[{"href":"https:\/\/les-atypiques-chalets.com\/de\/wp-json\/wp\/v2\/media?parent=1086002"}],"wp:term":[{"taxonomy":"category","embeddable":true,"href":"https:\/\/les-atypiques-chalets.com\/de\/wp-json\/wp\/v2\/categories?post=1086002"},{"taxonomy":"post_tag","embeddable":true,"href":"https:\/\/les-atypiques-chalets.com\/de\/wp-json\/wp\/v2\/tags?post=1086002"}],"curies":[{"name":"wp","href":"https:\/\/api.w.org\/{rel}","templated":true}]}}