{"id":10885,"date":"2024-05-22T13:00:20","date_gmt":"2024-05-22T13:00:20","guid":{"rendered":"https:\/\/les-atypiques-chalets.com\/?p=10885"},"modified":"2026-01-07T10:00:45","modified_gmt":"2026-01-07T10:00:45","slug":"les-bienfaits-du-sauna-apres-une-journee-de-ski-ou-de-sport-a-gerardmer","status":"publish","type":"post","link":"https:\/\/les-atypiques-chalets.com\/de\/les-bienfaits-du-sauna-apres-une-journee-de-ski-ou-de-sport-a-gerardmer\/","title":{"rendered":"Les Bienfaits du Sauna Apr\u00e8s une Journ\u00e9e de Ski ou de Sport \u00e0 G\u00e9rardmer"},"content":{"rendered":"<div class=\"wpb-content-wrapper\"><div class=\"vc_row wpb_row vc_row-fluid\"><div class=\"wpb_column vc_column_container vc_col-sm-12\"><div class=\"vc_column-inner\"><div class=\"wpb_wrapper\">\n\t<div class=\"wpb_text_column wpb_content_element\" >\n\t\t<div class=\"wpb_wrapper\">\n\t\t\t<h1><strong>Les Bienfaits du Sauna Apr\u00e8s<br \/>\nune Journ\u00e9e de Ski ou de Sport<br \/>\nin G\u00e9rardmer<\/strong><\/h1>\n\n\t\t<\/div>\n\t<\/div>\n<\/div><\/div><\/div><\/div><div class=\"vc_row wpb_row vc_row-fluid\"><div class=\"wpb_column vc_column_container vc_col-sm-4\"><div class=\"vc_column-inner\"><div class=\"wpb_wrapper\"><div class=\"vc_empty_space\"   style=\"height: 32px\"><span class=\"vc_empty_space_inner\"><\/span><\/div>\n\t<div  class=\"wpb_single_image wpb_content_element vc_align_center wpb_content_element\">\n\t\t\n\t\t<figure class=\"wpb_wrapper vc_figure\">\n\t\t\t<div class=\"vc_single_image-wrapper   vc_box_border_grey\"><img decoding=\"async\" width=\"425\" height=\"425\" src=\"https:\/\/les-atypiques-chalets.com\/wp-content\/uploads\/2024\/05\/sauna01.webp\" class=\"vc_single_image-img attachment-full\" alt=\"Private Sauna in the Atypical Chalets in G\u00e9rardmer\" title=\"Private Sauna in den Atypischen Chalets\" srcset=\"https:\/\/les-atypiques-chalets.com\/wp-content\/uploads\/2024\/05\/sauna01.webp 425w, https:\/\/les-atypiques-chalets.com\/wp-content\/uploads\/2024\/05\/sauna01-300x300.webp 300w, https:\/\/les-atypiques-chalets.com\/wp-content\/uploads\/2024\/05\/sauna01-150x150.webp 150w, https:\/\/les-atypiques-chalets.com\/wp-content\/uploads\/2024\/05\/sauna01-124x124.webp 124w, https:\/\/les-atypiques-chalets.com\/wp-content\/uploads\/2024\/05\/sauna01-100x100.webp 100w, https:\/\/les-atypiques-chalets.com\/wp-content\/uploads\/2024\/05\/sauna01-190x190.webp 190w, https:\/\/les-atypiques-chalets.com\/wp-content\/uploads\/2024\/05\/sauna01-170x170.webp 170w\" sizes=\"(max-width: 425px) 100vw, 425px\" \/><\/div>\n\t\t<\/figure>\n\t<\/div>\n<\/div><\/div><\/div><div class=\"wpb_column vc_column_container vc_col-sm-4\"><div class=\"vc_column-inner\"><div class=\"wpb_wrapper\"><div class=\"vc_empty_space\"   style=\"height: 32px\"><span class=\"vc_empty_space_inner\"><\/span><\/div>\n\t<div  class=\"wpb_single_image wpb_content_element vc_align_center wpb_content_element\">\n\t\t\n\t\t<figure class=\"wpb_wrapper vc_figure\">\n\t\t\t<div class=\"vc_single_image-wrapper   vc_box_border_grey\"><img decoding=\"async\" width=\"425\" height=\"425\" src=\"https:\/\/les-atypiques-chalets.com\/wp-content\/uploads\/2024\/05\/sauna02.webp\" class=\"vc_single_image-img attachment-full\" alt=\"Chalet mit privater Sauna in G\u00e9rardmer\" title=\"Private Sauna in den Atypischen Chalets\" srcset=\"https:\/\/les-atypiques-chalets.com\/wp-content\/uploads\/2024\/05\/sauna02.webp 425w, https:\/\/les-atypiques-chalets.com\/wp-content\/uploads\/2024\/05\/sauna02-300x300.webp 300w, https:\/\/les-atypiques-chalets.com\/wp-content\/uploads\/2024\/05\/sauna02-150x150.webp 150w, https:\/\/les-atypiques-chalets.com\/wp-content\/uploads\/2024\/05\/sauna02-124x124.webp 124w, https:\/\/les-atypiques-chalets.com\/wp-content\/uploads\/2024\/05\/sauna02-100x100.webp 100w, https:\/\/les-atypiques-chalets.com\/wp-content\/uploads\/2024\/05\/sauna02-190x190.webp 190w, https:\/\/les-atypiques-chalets.com\/wp-content\/uploads\/2024\/05\/sauna02-170x170.webp 170w\" sizes=\"(max-width: 425px) 100vw, 425px\" \/><\/div>\n\t\t<\/figure>\n\t<\/div>\n<\/div><\/div><\/div><div class=\"wpb_column vc_column_container vc_col-sm-4\"><div class=\"vc_column-inner\"><div class=\"wpb_wrapper\"><div class=\"vc_empty_space\"   style=\"height: 32px\"><span class=\"vc_empty_space_inner\"><\/span><\/div>\n\t<div  class=\"wpb_single_image wpb_content_element vc_align_center wpb_content_element\">\n\t\t\n\t\t<figure class=\"wpb_wrapper vc_figure\">\n\t\t\t<div class=\"vc_single_image-wrapper   vc_box_border_grey\"><img decoding=\"async\" width=\"425\" height=\"425\" src=\"https:\/\/les-atypiques-chalets.com\/wp-content\/uploads\/2024\/05\/sauna03.webp\" class=\"vc_single_image-img attachment-full\" alt=\"Chalet mit privater Sauna in G\u00e9rardmer\" title=\"Private Sauna in den Atypischen Chalets\" srcset=\"https:\/\/les-atypiques-chalets.com\/wp-content\/uploads\/2024\/05\/sauna03.webp 425w, https:\/\/les-atypiques-chalets.com\/wp-content\/uploads\/2024\/05\/sauna03-300x300.webp 300w, https:\/\/les-atypiques-chalets.com\/wp-content\/uploads\/2024\/05\/sauna03-150x150.webp 150w, https:\/\/les-atypiques-chalets.com\/wp-content\/uploads\/2024\/05\/sauna03-124x124.webp 124w, https:\/\/les-atypiques-chalets.com\/wp-content\/uploads\/2024\/05\/sauna03-100x100.webp 100w, https:\/\/les-atypiques-chalets.com\/wp-content\/uploads\/2024\/05\/sauna03-190x190.webp 190w, https:\/\/les-atypiques-chalets.com\/wp-content\/uploads\/2024\/05\/sauna03-170x170.webp 170w\" sizes=\"(max-width: 425px) 100vw, 425px\" \/><\/div>\n\t\t<\/figure>\n\t<\/div>\n<\/div><\/div><\/div><\/div><div class=\"vc_row wpb_row vc_row-fluid\"><div class=\"wpb_column vc_column_container vc_col-sm-12\"><div class=\"vc_column-inner\"><div class=\"wpb_wrapper\"><section class=\"vc_cta3-container\"><div class=\"vc_general vc_do_cta3 vc_cta3 vc_cta3-style-classic vc_cta3-shape-rounded vc_cta3-align-left vc_cta3-color-sandy-brown vc_cta3-icon-size-md\"><div class=\"vc_cta3_content-container\"><div class=\"vc_cta3-content\"><header class=\"vc_cta3-content-header\"><h2>R\u00e9servez vite votre sauna privatif<\/h2><\/header><p><strong>Les Atypiques chalets vous propose un Sauna privatif rien que vous&#8230;<\/strong><br \/>\n<strong><a href=\"https:\/\/les-atypiques-chalets.com\/de\/contact-atypiques-chalets\/\">Contactez-nous vite<\/a>&#8230;<\/strong><\/p>\n<\/div><\/div><\/div><\/section><div class=\"vc_empty_space\"   style=\"height: 32px\"><span class=\"vc_empty_space_inner\"><\/span><\/div><\/div><\/div><\/div><\/div><div class=\"vc_row wpb_row vc_row-fluid\"><div class=\"wpb_column vc_column_container vc_col-sm-12\"><div class=\"vc_column-inner\"><div class=\"wpb_wrapper\">\n\t<div class=\"wpb_text_column wpb_content_element\" >\n\t\t<div class=\"wpb_wrapper\">\n\t\t\t<p><strong>Einf\u00fchrung<\/strong><\/p>\n<p>Apr\u00e8s une journ\u00e9e bien remplie sur les pistes de ski ou une intense s\u00e9ance de sport, rien ne vaut une session de sauna pour d\u00e9tendre les muscles et revitaliser le corps. <a href=\"https:\/\/les-atypiques-chalets.com\/de\/le-patrimoine-architectural-autour-de-gerardmer-decouverte-des-batiments-historiques-chateaux-et-eglises\/\">G\u00e9rardmer<\/a>, situ\u00e9e au c\u0153ur des Vosges, est une destination pris\u00e9e pour ses activit\u00e9s hivernales et ses chalets atypiques dot\u00e9s de saunas. Cet article explore les multiples bienfaits du sauna, particuli\u00e8rement apr\u00e8s une journ\u00e9e d&rsquo;efforts physiques, et pourquoi int\u00e9grer cette pratique dans votre routine post-sportive \u00e0 <a href=\"https:\/\/les-atypiques-chalets.com\/de\/10-activites-a-faire-a-gerardmer\/\"  data-wpil-monitor-id=\"233\">G\u00e9rardmer<\/a> est une excellente id\u00e9e.<\/p>\n<p><strong>Les Bienfaits du <a href=\"https:\/\/les-atypiques-chalets.com\/de\/sauna\/\"  data-wpil-monitor-id=\"446\">Sauna<\/a><\/strong><\/p>\n<h3>Relaxation Musculaire<\/h3>\n<p><strong>La chaleur pour soulager les tensions musculaires<\/strong><\/p>\n<p>Le sauna est particuli\u00e8rement b\u00e9n\u00e9fique pour d\u00e9tendre les muscles apr\u00e8s une journ\u00e9e de <a href=\"https:\/\/les-atypiques-chalets.com\/de\/rejoignez-laventure-a-gerardmer-reservez-votre-sejour\/\"  data-wpil-monitor-id=\"771\">ski<\/a> ou de sport. La chaleur p\u00e9n\u00e8tre profond\u00e9ment dans les tissus musculaires, aidant \u00e0 r\u00e9duire les tensions et les courbatures.<\/p>\n<h3>Am\u00e9lioration de la Circulation Sanguine<\/h3>\n<p><strong>Stimulation de la circulation et apport d&rsquo;oxyg\u00e8ne<\/strong><\/p>\n<p>La chaleur du <a href=\"https:\/\/les-atypiques-chalets.com\/de\/les-10-choses-a-faire-a-gerardmer-en-ete\/\"  data-wpil-monitor-id=\"1708\">Sauna<\/a> dilate les vaisseaux sanguins, augmentant ainsi la circulation. Cela permet un meilleur apport en oxyg\u00e8ne et nutriments aux muscles fatigu\u00e9s, acc\u00e9l\u00e9rant ainsi la r\u00e9cup\u00e9ration.<\/p>\n<h3>\u00c9limination des Toxines<\/h3>\n<p><strong>Transpiration et <a href=\"https:\/\/les-atypiques-chalets.com\/de\/nordische-bader-gerardmer\/\"  data-wpil-monitor-id=\"2487\">d\u00e9toxification du corps<\/a><\/strong><\/p>\n<p>La transpiration induite par le sauna aide \u00e0 \u00e9liminer les toxines accumul\u00e9es dans le corps. Apr\u00e8s des activit\u00e9s sportives intenses, cette d\u00e9toxification est particuli\u00e8rement b\u00e9n\u00e9fique pour retrouver une sensation de l\u00e9g\u00e8ret\u00e9 et de bien-\u00eatre.<\/p>\n<h3>R\u00e9duction du Stress et de l&rsquo;Anxi\u00e9t\u00e9<\/h3>\n<p><strong>Effet apaisant sur le syst\u00e8me nerveux<\/strong><\/p>\n<p><a href=\"https:\/\/les-atypiques-chalets.com\/de\/sauna\/\">Le sauna<\/a> est \u00e9galement connu pour ses effets relaxants sur le syst\u00e8me nerveux. Il aide \u00e0 diminuer les niveaux de cortisol, l&rsquo;hormone du stress, et favorise une sensation de d\u00e9tente profonde, id\u00e9ale apr\u00e8s une journ\u00e9e \u00e9prouvante.<\/p>\n\n\t\t<\/div>\n\t<\/div>\n<\/div><\/div><\/div><\/div><div class=\"vc_row wpb_row vc_row-fluid\"><div class=\"wpb_column vc_column_container vc_col-sm-12\"><div class=\"vc_column-inner\"><div class=\"wpb_wrapper\">\t\t\n\t\t\t\t\n\t\t\t<!-- BEGIN .shb-accommodation-listing-filter-sorting -->\n\t\t\t<div class=\"shb-accommodation-listing-filter-sorting shb-clearfix\">\n\t\t\t\n\t\t\t\t\t\t\t\n\t\t\t\t<div class=\"shb-accommodation-listing-filter shb-clearfix\">\n\t\t\t\t\t<p>Filtern nach:<\/p>\n\t\t\t\t\t<ul>\n\t\t\t\t\t\t<li class=\"shb-filter-current\"><a href=\"https:\/\/les-atypiques-chalets.com\/de\/wp-json\/wp\/v2\/posts\/10885?shb-orderby=2\">All<\/a><\/li><li class=\"\"><a href=\"https:\/\/les-atypiques-chalets.com\/de\/wp-json\/wp\/v2\/posts\/10885?shb-orderby=2&shb-accommodation-type=chalet-4-personnes-gerardmer\">Chalet f\u00fcr 4 Personen<\/a><\/li><li class=\"\"><a href=\"https:\/\/les-atypiques-chalets.com\/de\/wp-json\/wp\/v2\/posts\/10885?shb-orderby=2&shb-accommodation-type=chalet-6-personnes\">Chalet f\u00fcr 6 Personen<\/a><\/li><li class=\"\"><a href=\"https:\/\/les-atypiques-chalets.com\/de\/wp-json\/wp\/v2\/posts\/10885?shb-orderby=2&shb-accommodation-type=chalets-6-personnes\">Chalets f\u00fcr 6 Personen<\/a><\/li>\t\t\t\t\t<\/ul>\n\t\t\t\t<\/div>\n\t\t\t\n\t\t\t\t\t\t\t\n\t\t\t\t\t\t\t\n\t\t\t\t<div class=\"shb-accommodation-listing-sorting shb-clearfix\">\n\t\t\t\t\t<select>\n\t\t\t\t\t\t<option value=\"https:\/\/les-atypiques-chalets.com\/de\/wp-json\/wp\/v2\/posts\/10885?shb-accommodation-type=0\" selected>Standard-Sortierung<\/option><option value=\"https:\/\/les-atypiques-chalets.com\/de\/wp-json\/wp\/v2\/posts\/10885?shb-accommodation-type=0&shb-orderby=1\" >Preis niedrig bis hoch<\/option><option value=\"https:\/\/les-atypiques-chalets.com\/de\/wp-json\/wp\/v2\/posts\/10885?shb-accommodation-type=0&shb-orderby=2\" >Preis hoch bis niedrig<\/option>\t\t\t\t\t<\/select>\n\t\t\t\t\t<i class=\"fas fa-chevron-down\"><\/i>\n\t\t\t\t<\/div>\n\t\t\t\n\t\t\t\t\t\n\t\t\t<!-- END .shb-accommodation-listing-filter-sorting -->\n\t\t\t<\/div>\n\t\t\n\t\t\t\t\n\t\t<!-- BEGIN .shb-accommodation-listing-style-1 -->\n\t\t<div class=\"shb-accommodation-listing-style-1 shb-accommodation-listing-style-1-columns-3\">\n\t\t\t\n\t\t\t\t\n\t\t\t<!-- BEGIN .shb-accommodation-listing-item -->\n\t\t\t<div class=\"shb-accommodation-listing-item\">\n\t\t\t\n\t\t\t\t\t\t\t\t\t<a href=\"https:\/\/les-atypiques-chalets.com\/de\/chalet-charkhan\/\" rel=\"bookmark\" title=\"Chalet Charkhan\">\n\t\t\t\t\t\t\t\t\t\t\t\t<img decoding=\"async\" class=\"shb-accommodation-listing-image\" src=\"https:\/\/les-atypiques-chalets.com\/wp-content\/uploads\/2025\/03\/salon-charkhan-03-L-1180x675.webp\" alt=\"Chalet Charkhan\" \/>\t\t\t\t\t<\/a>\n\t\t\t\t\t\t\t\n\t\t\t\t<div class=\"shb-accommodation-listing-description-wrapper\">\n\t\t\t\t\n\t\t\t\t\t<h3><a href=\"https:\/\/les-atypiques-chalets.com\/de\/chalet-charkhan\/\" rel=\"bookmark\" title=\"Chalet Charkhan\">Chalet Charkhan<\/a><\/h3>\n\t\t\t\t\n\t\t\t\t\t<div class=\"shb-accommodation-listing-description shb-clearfix\">\n\t\t\t\t\t\t<ul>\r\n<li><i class=\"fas fa-user\"><\/i><span>Kapazit\u00e4t<\/span> 6 Personen<\/li>\r\n<li><i class=\"fas fa-ruler-combined\"><\/i><span>Oberfl\u00e4che<\/span> 65 m\u00b2<\/li>\r\n<li><i class=\"fas fa-hot-tub\"><\/i><span> Nordische Badewanne<\/span> privativ<\/li>\r\n<\/ul>\t\t\t\t\t\t<a href=\"https:\/\/les-atypiques-chalets.com\/de\/chalet-charkhan\/\" class=\"shb-accommodation-listing-button1\">ab 225\u20ac\/Nacht<\/a>\n\t\t\t\t\t\t<a href=\"https:\/\/les-atypiques-chalets.com\/de\/chalet-charkhan\/\" class=\"shb-accommodation-listing-button2\">Zimmer anzeigen<i class=\"fas fa-chevron-right\"><\/i><\/a>\n\t\t\t\t\t<\/div>\n\t\t\t\t\n\t\t\t\t<\/div>\n\t\t\t\n\t\t\t<!-- END .shb-accommodation-listing-item -->\n\t\t\t<\/div>\n\t\t\n\t\t\t\t\n\t\t\t<!-- BEGIN .shb-accommodation-listing-item -->\n\t\t\t<div class=\"shb-accommodation-listing-item\">\n\t\t\t\n\t\t\t\t\t\t\t\t\t<a href=\"https:\/\/les-atypiques-chalets.com\/de\/chalet-aslan\/\" rel=\"bookmark\" title=\"Chalet Aslan\">\n\t\t\t\t\t\t\t\t\t\t\t\t<img decoding=\"async\" class=\"shb-accommodation-listing-image\" src=\"https:\/\/les-atypiques-chalets.com\/wp-content\/uploads\/2025\/03\/ASLAN-2-900x710.webp\" alt=\"Chalet Aslan\" \/>\t\t\t\t\t<\/a>\n\t\t\t\t\t\t\t\n\t\t\t\t<div class=\"shb-accommodation-listing-description-wrapper\">\n\t\t\t\t\n\t\t\t\t\t<h3><a href=\"https:\/\/les-atypiques-chalets.com\/de\/chalet-aslan\/\" rel=\"bookmark\" title=\"Chalet Aslan\">Chalet Aslan<\/a><\/h3>\n\t\t\t\t\n\t\t\t\t\t<div class=\"shb-accommodation-listing-description shb-clearfix\">\n\t\t\t\t\t\t<ul>\r\n<li><i class=\"fas fa-user\"><\/i><span>Kapazit\u00e4t<\/span> 5 Personen<\/li>\r\n<li><i class=\"fas fa-ruler-combined\"><\/i><span>Oberfl\u00e4che<\/span> 65 m\u00b2<\/li>\r\n<li><i class=\"fas fa-hot-tub\"><\/i><span> Nordische Badewanne<\/span> privativ<\/li>\r\n<\/ul>\t\t\t\t\t\t<a href=\"https:\/\/les-atypiques-chalets.com\/de\/chalet-aslan\/\" class=\"shb-accommodation-listing-button1\">ab 215 \u20ac\/Nacht<\/a>\n\t\t\t\t\t\t<a href=\"https:\/\/les-atypiques-chalets.com\/de\/chalet-aslan\/\" class=\"shb-accommodation-listing-button2\">Zimmer anzeigen<i class=\"fas fa-chevron-right\"><\/i><\/a>\n\t\t\t\t\t<\/div>\n\t\t\t\t\n\t\t\t\t<\/div>\n\t\t\t\n\t\t\t<!-- END .shb-accommodation-listing-item -->\n\t\t\t<\/div>\n\t\t\n\t\t\t\t\n\t\t\t<!-- BEGIN .shb-accommodation-listing-item -->\n\t\t\t<div class=\"shb-accommodation-listing-item\">\n\t\t\t\n\t\t\t\t\t\t\t\t\t<a href=\"https:\/\/les-atypiques-chalets.com\/de\/chalet-iorik\/\" rel=\"bookmark\" title=\"Chalet Iorik\">\n\t\t\t\t\t\t\t\t\t\t\t\t<img decoding=\"async\" class=\"shb-accommodation-listing-image\" src=\"https:\/\/les-atypiques-chalets.com\/wp-content\/uploads\/2025\/09\/iorik-sejour-L-1024x710.webp\" alt=\"Chalet Iorik\" \/>\t\t\t\t\t<\/a>\n\t\t\t\t\t\t\t\n\t\t\t\t<div class=\"shb-accommodation-listing-description-wrapper\">\n\t\t\t\t\n\t\t\t\t\t<h3><a href=\"https:\/\/les-atypiques-chalets.com\/de\/chalet-iorik\/\" rel=\"bookmark\" title=\"Chalet Iorik\">Chalet Iorik<\/a><\/h3>\n\t\t\t\t\n\t\t\t\t\t<div class=\"shb-accommodation-listing-description shb-clearfix\">\n\t\t\t\t\t\t<ul>\r\n<li><i class=\"fas fa-user\"><\/i><span>Kapazit\u00e4t<\/span> 4 Personen<\/li>\r\n<li><i class=\"fas fa-ruler-combined\"><\/i><span>Oberfl\u00e4che<\/span> 45 m2<\/li>\r\n<li><i class=\"fas fa-hot-tub\"><\/i><span> Nordische Badewanne<\/span> privativ<\/li>\r\n<\/ul>\t\t\t\t\t\t<a href=\"https:\/\/les-atypiques-chalets.com\/de\/chalet-iorik\/\" class=\"shb-accommodation-listing-button1\">ab 170\u20ac\/Nacht<\/a>\n\t\t\t\t\t\t<a href=\"https:\/\/les-atypiques-chalets.com\/de\/chalet-iorik\/\" class=\"shb-accommodation-listing-button2\">Zimmer anzeigen<i class=\"fas fa-chevron-right\"><\/i><\/a>\n\t\t\t\t\t<\/div>\n\t\t\t\t\n\t\t\t\t<\/div>\n\t\t\t\n\t\t\t<!-- END .shb-accommodation-listing-item -->\n\t\t\t<\/div>\n\t\t\n\t\t\t\t\t\n\t\t<!-- END .shb-accommodation-listing-style-1 -->\n\t\t<\/div>\n\t\n\t\t\n\t\t\t\n\t\t<div class=\"shb-clearboth\"><\/div>\n\t\t<div class=\"shb-accommodation-listing-1-pagination\">\n\t\t\t\t<\/div>\n\t\t\n\t\t\n\t<\/div><\/div><\/div><\/div><div class=\"vc_row wpb_row vc_row-fluid\"><div class=\"wpb_column vc_column_container vc_col-sm-12\"><div class=\"vc_column-inner\"><div class=\"wpb_wrapper\">\n\t<div class=\"wpb_text_column wpb_content_element\" >\n\t\t<div class=\"wpb_wrapper\">\n\t\t\t<p><strong>Lesen <a href=\"https:\/\/les-atypiques-chalets.com\/de\/a-propos-de-nous\/\"  data-wpil-monitor-id=\"18\">Au\u00dfergew\u00f6hnliche Chalets<\/a> in G\u00e9rardmer<\/strong><\/p>\n<h3>H\u00e9bergements de Charme avec Sauna<\/h3>\n<p><strong>Confort et <a href=\"https:\/\/les-atypiques-chalets.com\/de\/quest-ce-quun-bain-nordique\/\"  data-wpil-monitor-id=\"273\">bien-\u00eatre au c\u0153ur des Vosges<\/a><\/strong><\/p>\n<p>Les chalets atypiques de <a href=\"https:\/\/gerardmer.net\/\" target=\"_blank\" rel=\"noopener nofollow\">G\u00e9rardmer<\/a> offrent une exp\u00e9rience unique alliant confort et bien-\u00eatre. \u00c9quip\u00e9s de <a href=\"https:\/\/les-atypiques-chalets.com\/de\/trouvez-le-chalet-parfait-a-louer-a-gerardmer\/\" data-wpil-monitor-id=\"163\">saunas privatifs<\/a>, ces chalets permettent de profiter pleinement des bienfaits de la chaleur apr\u00e8s une journ\u00e9e active.<\/p>\n<h3>Cadre Id\u00e9al pour la R\u00e9cup\u00e9ration<\/h3>\n<p><strong>Un environnement propice \u00e0 la d\u00e9tente<\/strong><\/p>\n<p>Situ\u00e9s au milieu de paysages pittoresques, les <a href=\"https:\/\/les-atypiques-chalets.com\/de\/explorez-les-sentiers-vtt-de-gerardmer-avec-les-atypiques-chalets\/\" data-wpil-monitor-id=\"67\">chalets avec sauna de G\u00e9rardmer<\/a> offrent un cadre id\u00e9al pour se ressourcer. La combinaison de l&rsquo;air pur des <a href=\"https:\/\/les-atypiques-chalets.com\/de\/organisez-votre-sejour-a-gerardmer\/\" data-wpil-monitor-id=\"329\">Vogesen<\/a> et des bienfaits du sauna garantit une r\u00e9cup\u00e9ration optimale.<\/p>\n<p><strong>Pourquoi Choisir un Sauna apr\u00e8s le Sport<\/strong><\/p>\n<h3>R\u00e9cup\u00e9ration Acc\u00e9l\u00e9r\u00e9e<\/h3>\n<p><strong>Acc\u00e9l\u00e9ration des processus de r\u00e9cup\u00e9ration<\/strong><\/p>\n<p>Int\u00e9grer une session de sauna apr\u00e8s le sport permet d&rsquo;acc\u00e9l\u00e9rer la r\u00e9cup\u00e9ration musculaire gr\u00e2ce \u00e0 l&rsquo;augmentation de la circulation sanguine et \u00e0 l&rsquo;\u00e9limination des toxines.<\/p>\n<h3>Pr\u00e9vention des Courbatures<\/h3>\n<p><strong>R\u00e9duction des douleurs post-exercice<\/strong><\/p>\n<p>Le sauna aide \u00e0 r\u00e9duire les courbatures en d\u00e9tendant les muscles et en am\u00e9liorant la circulation, ce qui favorise l&rsquo;\u00e9limination de l&rsquo;acide lactique et autres d\u00e9chets m\u00e9taboliques.<\/p>\n<h3>Am\u00e9lioration de la Flexibilit\u00e9<\/h3>\n<p><strong>Effet b\u00e9n\u00e9fique sur les articulations et les muscles<\/strong><\/p>\n<p>La chaleur du sauna am\u00e9liore la flexibilit\u00e9 des muscles et des articulations, ce qui est particuli\u00e8rement avantageux apr\u00e8s des activit\u00e9s physiques intenses comme le <a href=\"https:\/\/les-atypiques-chalets.com\/de\/tag\/ski\/\" data-wpil-monitor-id=\"2256\">ski<\/a>.<\/p>\n<p><strong>Conseils pour une Utilisation Optimale du Sauna<\/strong><\/p>\n<h3>Hydratation<\/h3>\n<p><strong>Importance de boire suffisamment d&rsquo;eau<\/strong><\/p>\n<p>Avant et apr\u00e8s une session de sauna, il est crucial de bien s&rsquo;hydrater pour compenser la perte de liquides due \u00e0 la transpiration.<\/p>\n<h3>Dur\u00e9e et Fr\u00e9quence<\/h3>\n<p><strong>Sessions courtes et r\u00e9guli\u00e8res<\/strong><\/p>\n<p>Il est recommand\u00e9 de limiter les sessions de sauna \u00e0 15-20 minutes et de ne pas d\u00e9passer trois \u00e0 quatre sessions par semaine pour \u00e9viter la d\u00e9shydratation et l&rsquo;\u00e9puisement.<\/p>\n<h3>Combinaison avec des Douches Froides<\/h3>\n<p><strong>Alternance chaud-froid pour revitaliser le corps<\/strong><\/p>\n<p>Alterner les sessions de sauna avec des douches froides peut augmenter les b\u00e9n\u00e9fices, en stimulant davantage la circulation sanguine et renfor\u00e7ant le syst\u00e8me immunitaire.<\/p>\n<p><strong>FAQ<\/strong><\/p>\n<ul>\n<li>Was sind die <a href=\"https:\/\/les-atypiques-chalets.com\/de\/chalet-mit-privatem-sauna\/\" data-wpil-monitor-id=\"2504\">bienfaits du sauna<\/a> apr\u00e8s une journ\u00e9e de ski ou de sport?<\/li>\n<li>Le sauna aide \u00e0 d\u00e9tendre les muscles, am\u00e9liorer la circulation sanguine, \u00e9liminer les toxines, et r\u00e9duire le stress et l&rsquo;anxi\u00e9t\u00e9.<\/li>\n<li>Comment le sauna aide-t-il \u00e0 la r\u00e9cup\u00e9ration musculaire?<\/li>\n<li>La chaleur du sauna dilate les vaisseaux sanguins, ce qui augmente l&rsquo;apport en oxyg\u00e8ne et en nutriments aux muscles, facilitant ainsi leur r\u00e9cup\u00e9ration.<\/li>\n<li>Warum sollten Sie sich f\u00fcr einen <a href=\"https:\/\/les-atypiques-chalets.com\/de\/passez-lete-dans-un-chalet-avec-bain-nordiques-privatif-a-gerardmer\/\" data-wpil-monitor-id=\"188\">chalet avec sauna \u00e0 G\u00e9rardmer<\/a>?<\/li>\n<li>Lesen <a href=\"https:\/\/les-atypiques-chalets.com\/de\/louez-un-chalet-avec-sauna-a-gerardmer\/\" data-wpil-monitor-id=\"375\">chalets avec sauna<\/a> offrent un confort optimal et un environnement propice \u00e0 la d\u00e9tente apr\u00e8s une journ\u00e9e d&rsquo;activit\u00e9s physiques intenses.<\/li>\n<li>Combien de temps devrais-je passer dans un sauna apr\u00e8s le sport?<\/li>\n<li>Il est recommand\u00e9 de limiter chaque session de sauna \u00e0 15-20 minutes pour \u00e9viter la d\u00e9shydratation et maximiser les bienfaits.<\/li>\n<li>Est-il n\u00e9cessaire de boire beaucoup d&rsquo;eau apr\u00e8s une session de sauna?<\/li>\n<li>Oui, il est essentiel de bien s&rsquo;hydrater avant et apr\u00e8s une session de sauna pour compenser la perte de liquides due \u00e0 la transpiration.<\/li>\n<li>Peut-on utiliser le sauna tous les jours apr\u00e8s le sport?<\/li>\n<li>Il est conseill\u00e9 de ne pas d\u00e9passer trois \u00e0 quatre sessions de sauna par semaine pour \u00e9viter les risques li\u00e9s \u00e0 une exposition excessive \u00e0 la chaleur.<\/li>\n<\/ul>\n<p><strong>Schlussfolgerung<\/strong><\/p>\n<p>Le sauna est un alli\u00e9 pr\u00e9cieux pour la r\u00e9cup\u00e9ration et le bien-\u00eatre apr\u00e8s <a href=\"https:\/\/les-atypiques-chalets.com\/de\/gerardmer-hiver-ski-raquettes\/\">une journ\u00e9e de ski<\/a> ou de sport \u00e0 G\u00e9rardmer. Les <a href=\"https:\/\/les-atypiques-chalets.com\/de\/blog\/\" data-wpil-monitor-id=\"99\">chalets atypiques<\/a> \u00e9quip\u00e9s de saunas offrent un cadre id\u00e9al pour profiter de ces bienfaits, garantissant une exp\u00e9rience de d\u00e9tente et de revitalisation in\u00e9gal\u00e9e. Int\u00e9grer le sauna dans votre routine post-sportive peut significativement am\u00e9liorer votre r\u00e9cup\u00e9ration et votre bien-\u00eatre g\u00e9n\u00e9ral.<\/p>\n\n\t\t<\/div>\n\t<\/div>\n<\/div><\/div><\/div><\/div>\n<\/div>","protected":false},"excerpt":{"rendered":"Chalet IORIK Capacit\u00e9: 4 personnes Superficie: 45 m2 Bain Nordique: privatif Description de notre Chalet Iorik dans les Vosges Id\u00e9al pour les couples ou les petites familles, le Chalet IORIK est un \u00e9crin de douceur pouvant accueillir jusqu\u2019\u00e0 4 personnes. Avec ses 2 chambres cosy et ces 2 lits de 140\u00d7190, il vous promet des<a href=\"https:\/\/les-atypiques-chalets.com\/de\/chalet-aslan\/\" class=\"sohohotel-more-link\">Read More<\/a>","protected":false},"author":1,"featured_media":10791,"comment_status":"closed","ping_status":"open","sticky":false,"template":"","format":"standard","meta":{"_yoast_wpseo_title":"Les Bienfaits du Sauna \u00e0 G\u00e9rardmer","_yoast_wpseo_metadesc":"Profitez des bienfaits du sauna apr\u00e8s le sport \u00e0 G\u00e9rardmer. R\u00e9servez maintenant !","_yoast_wpseo_focuskw":"#sauna #bien\u00eatre #chaletG\u00e9rardmer #Vosges #r\u00e9cup\u00e9ration #sport #ski #d\u00e9tente #sant\u00e9 #circulation #d\u00e9toxification","footnotes":""},"categories":[1010],"tags":[1024,1015,1012,1020,1019,1022,1027,1013,1021,1025,664,1026,968,1028,1014,1017,1018,1011,668,1016,1023,671],"class_list":["post-10885","post","type-post","status-publish","format-standard","has-post-thumbnail","hentry","category-sauna","tag-anxiete","tag-avantages-du-sauna","tag-bien-etre","tag-bienfaits-du-sauna","tag-chalets-avec-sauna","tag-circulation-sanguine","tag-courbatures","tag-detente-musculaire","tag-detoxification","tag-flexibilite","tag-gerardmer","tag-hydratation","tag-les-atypiques-chalets","tag-recuperation-acceleree","tag-recuperation-sportive","tag-relaxation","tag-sante","tag-sauna","tag-ski","tag-sport","tag-stress","tag-vosges"],"_links":{"self":[{"href":"https:\/\/les-atypiques-chalets.com\/de\/wp-json\/wp\/v2\/posts\/10885","targetHints":{"allow":["GET"]}}],"collection":[{"href":"https:\/\/les-atypiques-chalets.com\/de\/wp-json\/wp\/v2\/posts"}],"about":[{"href":"https:\/\/les-atypiques-chalets.com\/de\/wp-json\/wp\/v2\/types\/post"}],"author":[{"embeddable":true,"href":"https:\/\/les-atypiques-chalets.com\/de\/wp-json\/wp\/v2\/users\/1"}],"replies":[{"embeddable":true,"href":"https:\/\/les-atypiques-chalets.com\/de\/wp-json\/wp\/v2\/comments?post=10885"}],"version-history":[{"count":0,"href":"https:\/\/les-atypiques-chalets.com\/de\/wp-json\/wp\/v2\/posts\/10885\/revisions"}],"wp:featuredmedia":[{"embeddable":true,"href":"https:\/\/les-atypiques-chalets.com\/de\/wp-json\/wp\/v2\/media\/10791"}],"wp:attachment":[{"href":"https:\/\/les-atypiques-chalets.com\/de\/wp-json\/wp\/v2\/media?parent=10885"}],"wp:term":[{"taxonomy":"category","embeddable":true,"href":"https:\/\/les-atypiques-chalets.com\/de\/wp-json\/wp\/v2\/categories?post=10885"},{"taxonomy":"post_tag","embeddable":true,"href":"https:\/\/les-atypiques-chalets.com\/de\/wp-json\/wp\/v2\/tags?post=10885"}],"curies":[{"name":"wp","href":"https:\/\/api.w.org\/{rel}","templated":true}]}}