{"id":10897,"date":"2024-05-22T13:47:46","date_gmt":"2024-05-22T13:47:46","guid":{"rendered":"https:\/\/les-atypiques-chalets.com\/?p=10897"},"modified":"2026-01-07T10:03:57","modified_gmt":"2026-01-07T10:03:57","slug":"pourquoi-louer-un-chalet-dans-les-vosges-pour-vos-vacances-en-famille","status":"publish","type":"post","link":"https:\/\/les-atypiques-chalets.com\/de\/pourquoi-louer-un-chalet-dans-les-vosges-pour-vos-vacances-en-famille\/","title":{"rendered":"Warum ein Chalet in den Vogesen f\u00fcr Ihren Familienurlaub mieten"},"content":{"rendered":"<div class=\"wpb-content-wrapper\"><div class=\"vc_row wpb_row vc_row-fluid\"><div class=\"wpb_column vc_column_container vc_col-sm-12\"><div class=\"vc_column-inner\"><div class=\"wpb_wrapper\">\n\t<div class=\"wpb_text_column wpb_content_element\" >\n\t\t<div class=\"wpb_wrapper\">\n\t\t\t<h1><strong>Pourquoi Louer un Chalet<br \/>\nin den Vogesen<br \/>\npour Vos Vacances en Famille<\/strong><\/h1>\n\n\t\t<\/div>\n\t<\/div>\n<\/div><\/div><\/div><\/div><div class=\"vc_row wpb_row vc_row-fluid\"><div class=\"wpb_column vc_column_container vc_col-sm-12\"><div class=\"vc_column-inner\"><div class=\"wpb_wrapper\"><div class=\"vc_separator wpb_content_element vc_separator_align_center vc_sep_width_100 vc_sep_pos_align_center vc_separator_no_text vc_sep_color_grey wpb_content_element  wpb_content_element\" ><span class=\"vc_sep_holder vc_sep_holder_l\"><span class=\"vc_sep_line\"><\/span><\/span><span class=\"vc_sep_holder vc_sep_holder_r\"><span class=\"vc_sep_line\"><\/span><\/span>\n<\/div><\/div><\/div><\/div><\/div><div class=\"vc_row wpb_row vc_row-fluid\"><div class=\"wpb_column vc_column_container vc_col-sm-12\"><div class=\"vc_column-inner\"><div class=\"wpb_wrapper\">\n\t<div class=\"wpb_text_column wpb_content_element\" >\n\t\t<div class=\"wpb_wrapper\">\n\t\t\t<h2>Einf\u00fchrung<\/h2>\n<p>Les Vosges, avec leurs paysages \u00e9poustouflants et leur riche patrimoine naturel, sont une destination de choix pour des vacances en famille. Louer un chalet dans cette r\u00e9gion promet non seulement un s\u00e9jour confortable mais aussi une exp\u00e9rience m\u00e9morable gr\u00e2ce \u00e0 des \u00e9quipements comme le sauna et le bain nordique. Que vous cherchiez \u00e0 vous d\u00e9tendre ou \u00e0 explorer les environs, les chalets atypiques des Vosges, notamment autour de G\u00e9rardmer, offrent une multitude d&rsquo;avantages pour des vacances inoubliables.<\/p>\n<h2>Les Vosges:<br \/>\nUne Destination Id\u00e9ale pour les Familles<\/h2>\n<h3>La Beaut\u00e9 Naturelle des Vosges<\/h3>\n<p>Lesen <a href=\"https:\/\/les-atypiques-chalets.com\/de\/quest-ce-quun-bain-nordique\/\"  data-wpil-monitor-id=\"281\">Vogesen<\/a> sont connues pour leurs paysages verdoyants, leurs montagnes majestueuses et leurs lacs sereins. Cette r\u00e9gion est parfaite pour des activit\u00e9s en plein air comme la randonn\u00e9e, le VTT, et les sports nautiques. La biodiversit\u00e9 exceptionnelle et les parcs naturels offrent un cadre id\u00e9al pour les amoureux de la nature.<\/p>\n<h3>G\u00e9rardmer: La Perle des Vosges<\/h3>\n<p>Situ\u00e9e au c\u0153ur des <a href=\"https:\/\/les-atypiques-chalets.com\/de\/organisez-votre-sejour-a-gerardmer\/\"  data-wpil-monitor-id=\"362\">Vogesen<\/a>, G\u00e9rardmer est une station de ski renomm\u00e9e et une destination de vacances populaire. Avec son lac pittoresque et ses nombreuses activit\u00e9s estivales et hivernales, <a href=\"https:\/\/les-atypiques-chalets.com\/de\/guide-des-boutiques-de-gerardmer\/\"  data-wpil-monitor-id=\"711\">G\u00e9rardmer est une base id\u00e9ale pour explorer la r\u00e9gion<\/a> tout en profitant du confort d&rsquo;un chalet.<\/p>\n<h2>Les Avantages de Louer un Chalet<\/h2>\n<h3>Un Confort In\u00e9gal\u00e9<\/h3>\n<p>Louer un <a href=\"https:\/\/les-atypiques-chalets.com\/de\/meilleurs-chalets-familiaux-a-louer-dans-les-vosges\/\"  data-wpil-monitor-id=\"117\">chalet dans les Vosges<\/a>, c&rsquo;est b\u00e9n\u00e9ficier d&rsquo;un confort optimal. Les chalets sont souvent \u00e9quip\u00e9s de tout le n\u00e9cessaire pour rendre votre s\u00e9jour agr\u00e9able, y compris des cuisines bien \u00e9quip\u00e9es, des salons spacieux, et des chambres confortables. Certains chalets offrent m\u00eame des \u00e9quipements suppl\u00e9mentaires comme des salles de jeux pour enfants et des espaces de d\u00e9tente.<\/p>\n<h3>Une Intimit\u00e9 Pr\u00e9serv\u00e9e<\/h3>\n<p>Contrairement aux h\u00f4tels, les chalets offrent une intimit\u00e9 pr\u00e9cieuse, ce qui est parfait pour les familles. Vous pouvez profiter de votre propre espace sans les interruptions typiques des h\u00e9bergements partag\u00e9s. Cela permet \u00e9galement une plus grande libert\u00e9 dans votre emploi du temps et vos activit\u00e9s.<\/p>\n<h3>Une Exp\u00e9rience Authentique<\/h3>\n<p>Aufenthalt in einem <a href=\"https:\/\/les-atypiques-chalets.com\/de\/hebergement-romantique-pour-les-couples-vivez-une-experience-unique-dans-nos-chalets-atypiques\/\"  data-wpil-monitor-id=\"995\">chalet vous permet de vivre une exp\u00e9rience<\/a> authentique. Les chalets sont souvent construits dans le style traditionnel des <a href=\"https:\/\/les-atypiques-chalets.com\/de\/idees-de-week-end-a-gerardmer\/\"  data-wpil-monitor-id=\"402\">Vogesen<\/a>, avec des mat\u00e9riaux locaux et une architecture qui s&rsquo;int\u00e8gre parfaitement dans le paysage. C&rsquo;est une mani\u00e8re unique de se plonger dans la culture locale.<\/p>\n\n\t\t<\/div>\n\t<\/div>\n<\/div><\/div><\/div><\/div><div class=\"vc_row wpb_row vc_row-fluid\"><div class=\"wpb_column vc_column_container vc_col-sm-12\"><div class=\"vc_column-inner\"><div class=\"wpb_wrapper\">\t\t\n\t\t\t\t\n\t\t\t<!-- BEGIN .shb-accommodation-listing-filter-sorting -->\n\t\t\t<div class=\"shb-accommodation-listing-filter-sorting shb-clearfix\">\n\t\t\t\n\t\t\t\t\t\t\t\n\t\t\t\t<div class=\"shb-accommodation-listing-filter shb-clearfix\">\n\t\t\t\t\t<p>Filtern nach:<\/p>\n\t\t\t\t\t<ul>\n\t\t\t\t\t\t<li class=\"shb-filter-current\"><a href=\"https:\/\/les-atypiques-chalets.com\/de\/wp-json\/wp\/v2\/posts\/10897?shb-orderby=2\">All<\/a><\/li><li class=\"\"><a href=\"https:\/\/les-atypiques-chalets.com\/de\/wp-json\/wp\/v2\/posts\/10897?shb-orderby=2&shb-accommodation-type=chalet-4-personnes-gerardmer\">Chalet f\u00fcr 4 Personen<\/a><\/li><li class=\"\"><a href=\"https:\/\/les-atypiques-chalets.com\/de\/wp-json\/wp\/v2\/posts\/10897?shb-orderby=2&shb-accommodation-type=chalet-6-personnes\">Chalet f\u00fcr 6 Personen<\/a><\/li><li class=\"\"><a href=\"https:\/\/les-atypiques-chalets.com\/de\/wp-json\/wp\/v2\/posts\/10897?shb-orderby=2&shb-accommodation-type=chalets-6-personnes\">Chalets f\u00fcr 6 Personen<\/a><\/li>\t\t\t\t\t<\/ul>\n\t\t\t\t<\/div>\n\t\t\t\n\t\t\t\t\t\t\t\n\t\t\t\t\t\t\t\n\t\t\t\t<div class=\"shb-accommodation-listing-sorting shb-clearfix\">\n\t\t\t\t\t<select>\n\t\t\t\t\t\t<option value=\"https:\/\/les-atypiques-chalets.com\/de\/wp-json\/wp\/v2\/posts\/10897?shb-accommodation-type=0\" selected>Standard-Sortierung<\/option><option value=\"https:\/\/les-atypiques-chalets.com\/de\/wp-json\/wp\/v2\/posts\/10897?shb-accommodation-type=0&shb-orderby=1\" >Preis niedrig bis hoch<\/option><option value=\"https:\/\/les-atypiques-chalets.com\/de\/wp-json\/wp\/v2\/posts\/10897?shb-accommodation-type=0&shb-orderby=2\" >Preis hoch bis niedrig<\/option>\t\t\t\t\t<\/select>\n\t\t\t\t\t<i class=\"fas fa-chevron-down\"><\/i>\n\t\t\t\t<\/div>\n\t\t\t\n\t\t\t\t\t\n\t\t\t<!-- END .shb-accommodation-listing-filter-sorting -->\n\t\t\t<\/div>\n\t\t\n\t\t\t\t\n\t\t<!-- BEGIN .shb-accommodation-listing-style-1 -->\n\t\t<div class=\"shb-accommodation-listing-style-1 shb-accommodation-listing-style-1-columns-3\">\n\t\t\t\n\t\t\t\t\n\t\t\t<!-- BEGIN .shb-accommodation-listing-item -->\n\t\t\t<div class=\"shb-accommodation-listing-item\">\n\t\t\t\n\t\t\t\t\t\t\t\t\t<a href=\"https:\/\/les-atypiques-chalets.com\/de\/chalet-charkhan\/\" rel=\"bookmark\" title=\"Chalet Charkhan\">\n\t\t\t\t\t\t\t\t\t\t\t\t<img decoding=\"async\" class=\"shb-accommodation-listing-image\" src=\"https:\/\/les-atypiques-chalets.com\/wp-content\/uploads\/2025\/03\/salon-charkhan-03-L-1180x675.webp\" alt=\"Chalet Charkhan\" \/>\t\t\t\t\t<\/a>\n\t\t\t\t\t\t\t\n\t\t\t\t<div class=\"shb-accommodation-listing-description-wrapper\">\n\t\t\t\t\n\t\t\t\t\t<h3><a href=\"https:\/\/les-atypiques-chalets.com\/de\/chalet-charkhan\/\" rel=\"bookmark\" title=\"Chalet Charkhan\">Chalet Charkhan<\/a><\/h3>\n\t\t\t\t\n\t\t\t\t\t<div class=\"shb-accommodation-listing-description shb-clearfix\">\n\t\t\t\t\t\t<ul>\r\n<li><i class=\"fas fa-user\"><\/i><span>Kapazit\u00e4t<\/span> 6 Personen<\/li>\r\n<li><i class=\"fas fa-ruler-combined\"><\/i><span>Oberfl\u00e4che<\/span> 65 m\u00b2<\/li>\r\n<li><i class=\"fas fa-hot-tub\"><\/i><span> Nordische Badewanne<\/span> privativ<\/li>\r\n<\/ul>\t\t\t\t\t\t<a href=\"https:\/\/les-atypiques-chalets.com\/de\/chalet-charkhan\/\" class=\"shb-accommodation-listing-button1\">ab 225\u20ac\/Nacht<\/a>\n\t\t\t\t\t\t<a href=\"https:\/\/les-atypiques-chalets.com\/de\/chalet-charkhan\/\" class=\"shb-accommodation-listing-button2\">Zimmer anzeigen<i class=\"fas fa-chevron-right\"><\/i><\/a>\n\t\t\t\t\t<\/div>\n\t\t\t\t\n\t\t\t\t<\/div>\n\t\t\t\n\t\t\t<!-- END .shb-accommodation-listing-item -->\n\t\t\t<\/div>\n\t\t\n\t\t\t\t\n\t\t\t<!-- BEGIN .shb-accommodation-listing-item -->\n\t\t\t<div class=\"shb-accommodation-listing-item\">\n\t\t\t\n\t\t\t\t\t\t\t\t\t<a href=\"https:\/\/les-atypiques-chalets.com\/de\/chalet-aslan\/\" rel=\"bookmark\" title=\"Chalet Aslan\">\n\t\t\t\t\t\t\t\t\t\t\t\t<img decoding=\"async\" class=\"shb-accommodation-listing-image\" src=\"https:\/\/les-atypiques-chalets.com\/wp-content\/uploads\/2025\/03\/ASLAN-2-900x710.webp\" alt=\"Chalet Aslan\" \/>\t\t\t\t\t<\/a>\n\t\t\t\t\t\t\t\n\t\t\t\t<div class=\"shb-accommodation-listing-description-wrapper\">\n\t\t\t\t\n\t\t\t\t\t<h3><a href=\"https:\/\/les-atypiques-chalets.com\/de\/chalet-aslan\/\" rel=\"bookmark\" title=\"Chalet Aslan\">Chalet Aslan<\/a><\/h3>\n\t\t\t\t\n\t\t\t\t\t<div class=\"shb-accommodation-listing-description shb-clearfix\">\n\t\t\t\t\t\t<ul>\r\n<li><i class=\"fas fa-user\"><\/i><span>Kapazit\u00e4t<\/span> 5 Personen<\/li>\r\n<li><i class=\"fas fa-ruler-combined\"><\/i><span>Oberfl\u00e4che<\/span> 65 m\u00b2<\/li>\r\n<li><i class=\"fas fa-hot-tub\"><\/i><span> Nordische Badewanne<\/span> privativ<\/li>\r\n<\/ul>\t\t\t\t\t\t<a href=\"https:\/\/les-atypiques-chalets.com\/de\/chalet-aslan\/\" class=\"shb-accommodation-listing-button1\">ab 215 \u20ac\/Nacht<\/a>\n\t\t\t\t\t\t<a href=\"https:\/\/les-atypiques-chalets.com\/de\/chalet-aslan\/\" class=\"shb-accommodation-listing-button2\">Zimmer anzeigen<i class=\"fas fa-chevron-right\"><\/i><\/a>\n\t\t\t\t\t<\/div>\n\t\t\t\t\n\t\t\t\t<\/div>\n\t\t\t\n\t\t\t<!-- END .shb-accommodation-listing-item -->\n\t\t\t<\/div>\n\t\t\n\t\t\t\t\n\t\t\t<!-- BEGIN .shb-accommodation-listing-item -->\n\t\t\t<div class=\"shb-accommodation-listing-item\">\n\t\t\t\n\t\t\t\t\t\t\t\t\t<a href=\"https:\/\/les-atypiques-chalets.com\/de\/chalet-iorik\/\" rel=\"bookmark\" title=\"Chalet Iorik\">\n\t\t\t\t\t\t\t\t\t\t\t\t<img decoding=\"async\" class=\"shb-accommodation-listing-image\" src=\"https:\/\/les-atypiques-chalets.com\/wp-content\/uploads\/2025\/09\/iorik-sejour-L-1024x710.webp\" alt=\"Chalet Iorik\" \/>\t\t\t\t\t<\/a>\n\t\t\t\t\t\t\t\n\t\t\t\t<div class=\"shb-accommodation-listing-description-wrapper\">\n\t\t\t\t\n\t\t\t\t\t<h3><a href=\"https:\/\/les-atypiques-chalets.com\/de\/chalet-iorik\/\" rel=\"bookmark\" title=\"Chalet Iorik\">Chalet Iorik<\/a><\/h3>\n\t\t\t\t\n\t\t\t\t\t<div class=\"shb-accommodation-listing-description shb-clearfix\">\n\t\t\t\t\t\t<ul>\r\n<li><i class=\"fas fa-user\"><\/i><span>Kapazit\u00e4t<\/span> 4 Personen<\/li>\r\n<li><i class=\"fas fa-ruler-combined\"><\/i><span>Oberfl\u00e4che<\/span> 45 m2<\/li>\r\n<li><i class=\"fas fa-hot-tub\"><\/i><span> Nordische Badewanne<\/span> privativ<\/li>\r\n<\/ul>\t\t\t\t\t\t<a href=\"https:\/\/les-atypiques-chalets.com\/de\/chalet-iorik\/\" class=\"shb-accommodation-listing-button1\">ab 170\u20ac\/Nacht<\/a>\n\t\t\t\t\t\t<a href=\"https:\/\/les-atypiques-chalets.com\/de\/chalet-iorik\/\" class=\"shb-accommodation-listing-button2\">Zimmer anzeigen<i class=\"fas fa-chevron-right\"><\/i><\/a>\n\t\t\t\t\t<\/div>\n\t\t\t\t\n\t\t\t\t<\/div>\n\t\t\t\n\t\t\t<!-- END .shb-accommodation-listing-item -->\n\t\t\t<\/div>\n\t\t\n\t\t\t\t\t\n\t\t<!-- END .shb-accommodation-listing-style-1 -->\n\t\t<\/div>\n\t\n\t\t\n\t\t\t\n\t\t<div class=\"shb-clearboth\"><\/div>\n\t\t<div class=\"shb-accommodation-listing-1-pagination\">\n\t\t\t\t<\/div>\n\t\t\n\t\t\n\t<\/div><\/div><\/div><\/div><div class=\"vc_row wpb_row vc_row-fluid\"><div class=\"wpb_column vc_column_container vc_col-sm-12\"><div class=\"vc_column-inner\"><div class=\"wpb_wrapper\">\n\t<div class=\"wpb_text_column wpb_content_element\" >\n\t\t<div class=\"wpb_wrapper\">\n\t\t\t<h2>Les Atouts des Chalets Atypiques<br \/>\ndes Vosges<\/h2>\n<h3>Des \u00c9quipements de Luxe:<br \/>\nSauna et Bain Nordique<\/h3>\n<h4>Le Sauna: Un D\u00e9tente Parfaite<\/h4>\n<p><a href=\"https:\/\/les-atypiques-chalets.com\/de\/sauna\/\">Le sauna est un incontournable<\/a> pour se d\u00e9tendre apr\u00e8s une journ\u00e9e d&rsquo;activit\u00e9s. Les <a href=\"https:\/\/les-atypiques-chalets.com\/de\/chalet-mit-privatem-sauna\/\"  data-wpil-monitor-id=\"2519\">bienfaits du sauna<\/a> sont nombreux: il aide \u00e0 \u00e9liminer les toxines, am\u00e9liore la circulation sanguine, et favorise la relaxation musculaire. De nombreux <a href=\"https:\/\/les-atypiques-chalets.com\/de\/louez-un-chalet-avec-sauna-a-gerardmer\/\"  data-wpil-monitor-id=\"376\">chalets dans les Vosges sont \u00e9quip\u00e9s de saunas<\/a> priv\u00e9s, offrant une exp\u00e9rience de d\u00e9tente ultime dans le confort de votre h\u00e9bergement.<\/p>\n<h4>Le Bain Nordique: Une Exp\u00e9rience Unique<\/h4>\n<p><a href=\"https:\/\/les-atypiques-chalets.com\/de\/bains-nordiques\/\">Le bain nordique<\/a>, \u00e9galement connu sous le nom de bain \u00e0 remous ext\u00e9rieur, est une autre installation luxueuse que l&rsquo;on trouve souvent dans les chalets des Vosges. Imaginez-vous plong\u00e9 dans une eau chaude, entour\u00e9 par la beaut\u00e9 naturelle des montagnes, surtout en hiver avec la neige tout autour. C&rsquo;est une exp\u00e9rience \u00e0 ne pas manquer pour toute la famille.<\/p>\n<h3>Les Atypiques Chalets:<br \/>\nUn H\u00e9bergement Unique<\/h3>\n<p><a href=\"https:\/\/les-atypiques-chalets.com\/de\/\">Les chalets atypiques<\/a> se distinguent par leur design unique et leurs \u00e9quipements de haute qualit\u00e9. Que vous optiez pour un chalet en bois traditionnel ou une construction moderne avec des grandes baies vitr\u00e9es offrant une vue imprenable, chaque <a href=\"https:\/\/les-atypiques-chalets.com\/de\/sejour-detente-dans-un-chalet-avec-bain-nordique-et-sauna-dans-les-vosges\/\"  data-wpil-monitor-id=\"542\">chalet promet une exp\u00e9rience de s\u00e9jour<\/a> inoubliable. Les propri\u00e9taires de ces chalets mettent souvent un point d&rsquo;honneur \u00e0 offrir des services personnalis\u00e9s pour rendre votre s\u00e9jour encore plus sp\u00e9cial.<\/p>\n<h2>Les Activit\u00e9s \u00e0 Proximit\u00e9 des Chalets<\/h2>\n<h3>Activit\u00e9s de Plein Air<\/h3>\n<p>Lesen <a href=\"https:\/\/les-atypiques-chalets.com\/de\/vivez-la-veritable-magie-dun-noel-en-montagne-dans-les-vosges\/\"  data-wpil-monitor-id=\"822\">Vogesen<\/a> offrent une multitude d&rsquo;activit\u00e9s pour toute la famille. En \u00e9t\u00e9, les randonn\u00e9es, <a href=\"https:\/\/les-atypiques-chalets.com\/de\/explorez-les-sentiers-vtt-de-gerardmer-avec-les-atypiques-chalets\/\">les balades \u00e0 v\u00e9lo<\/a>, et les sports nautiques sur les lacs sont tr\u00e8s populaires. <a href=\"https:\/\/les-atypiques-chalets.com\/de\/guide-ski-vosges-top-stations-decouvertes\/\">En hiver, le ski, la luge<\/a>, et les balades en raquettes sont des activit\u00e9s incontournables. Les parcs naturels et les r\u00e9serves offrent \u00e9galement des sentiers balis\u00e9s pour d\u00e9couvrir la <a href=\"https:\/\/les-atypiques-chalets.com\/de\/explorez-la-faune-et-la-flore-de-gerardmer\/\"  data-wpil-monitor-id=\"466\">Fauna und Flora<\/a> locales.<\/p>\n<h3>D\u00e9couverte de la Culture Locale<\/h3>\n<p>Outre les activit\u00e9s de plein air, la r\u00e9gion des <a href=\"https:\/\/les-atypiques-chalets.com\/de\/tag\/vogesen\/\"  data-wpil-monitor-id=\"2197\">Vogesen<\/a> regorge de richesses culturelles. <a href=\"https:\/\/les-atypiques-chalets.com\/de\/les-activites-familiales-autour-de-gerardmer-suggestions-dactivites-et-de-sorties-adaptees-aux-familles-avec-enfants-dans-la-region\/\">Visitez les villages pittoresques<\/a>, les march\u00e9s locaux, et <a href=\"https:\/\/les-atypiques-chalets.com\/de\/la-fete-des-jonquilles-de-gerardmer\/\">les festivals<\/a> pour d\u00e9couvrir la gastronomie locale, les traditions artisanales, et l&rsquo;hospitalit\u00e9 vosgienne. G\u00e9rardmer, en particulier, est connue pour ses \u00e9v\u00e9nements culturels tout au long de l&rsquo;ann\u00e9e.<\/p>\n<h2>Pourquoi Choisir les Vosges<br \/>\npour des Vacances en Famille?<\/h2>\n<h3>Un Cadre Naturel Exceptionnel<\/h3>\n<p>Les Vosges offrent un cadre naturel \u00e9poustouflant, id\u00e9al pour des <a href=\"https:\/\/les-atypiques-chalets.com\/de\/les-10-choses-a-faire-a-gerardmer-en-ete\/\"  data-wpil-monitor-id=\"1709\">Familienurlaub<\/a>. Les montagnes, les for\u00eats, et les lacs cr\u00e9ent un environnement propice \u00e0 la d\u00e9tente et aux activit\u00e9s en plein air.<\/p>\n<h3>Une Accessibilit\u00e9 Facile<\/h3>\n<p>Situ\u00e9es \u00e0 proximit\u00e9 de grandes villes comme Strasbourg, Nancy, et m\u00eame des fronti\u00e8res allemandes et suisses, les Vosges sont facilement accessibles en voiture ou en train. Cette proximit\u00e9 permet des d\u00e9placements rapides et faciles, rendant les Vosges une destination pratique pour les familles.<\/p>\n<h3>Une Large Gamme d&rsquo;Activit\u00e9s<\/h3>\n<p>Que vous soyez amateurs de sports d&rsquo;hiver, de randonn\u00e9es, ou de d\u00e9couvertes culturelles, les Vosges ont quelque chose \u00e0 offrir \u00e0 chacun. Les nombreuses activit\u00e9s disponibles garantissent que chaque <a href=\"https:\/\/les-atypiques-chalets.com\/de\/aux-atypiques-chalets-nous-accueillons-votre-compagnon-a-quatre-pattes-comme-un-membre-de-la-famille\/\"  data-wpil-monitor-id=\"514\">membre de la famille<\/a> trouvera de quoi s&rsquo;occuper et se divertir.<\/p>\n<h2>Schlussfolgerung<\/h2>\n<p>Louer un <a href=\"https:\/\/les-atypiques-chalets.com\/de\/trouvez-le-chalet-parfait-a-louer-a-gerardmer\/\"  data-wpil-monitor-id=\"158\">Chalet<\/a> dans les Vosges pour vos vacances en famille est une excellente id\u00e9e pour profiter d&rsquo;un cadre naturel splendide, d&rsquo;un confort in\u00e9gal\u00e9, et d&rsquo;activit\u00e9s vari\u00e9es pour tous les \u00e2ges. Avec des \u00e9quipements de luxe comme le sauna et le <a href=\"https:\/\/les-atypiques-chalets.com\/de\/bains-nordiques-gerardmer-vosges\/\"  data-wpil-monitor-id=\"34\">Nordisches Bad<\/a>, votre s\u00e9jour sera synonyme de d\u00e9tente et de plaisir. Les <a href=\"https:\/\/les-atypiques-chalets.com\/de\/a-propos-de-nous\/\"  data-wpil-monitor-id=\"9\">chalets atypiques<\/a>, en particulier autour de G\u00e9rardmer, offrent une exp\u00e9rience unique et m\u00e9morable, id\u00e9ale pour cr\u00e9er des souvenirs inoubliables avec vos proches.<\/p>\n\n\t\t<\/div>\n\t<\/div>\n<\/div><\/div><\/div><\/div><div class=\"vc_row wpb_row vc_row-fluid\"><div class=\"wpb_column vc_column_container vc_col-sm-4\"><div class=\"vc_column-inner\"><div class=\"wpb_wrapper\">\n\t<div  class=\"wpb_single_image wpb_content_element vc_align_left wpb_content_element\">\n\t\t\n\t\t<figure class=\"wpb_wrapper vc_figure\">\n\t\t\t<div class=\"vc_single_image-wrapper   vc_box_border_grey\"><img decoding=\"async\" width=\"425\" height=\"425\" src=\"https:\/\/les-atypiques-chalets.com\/wp-content\/uploads\/2024\/03\/bain-finlandais.webp\" class=\"vc_single_image-img attachment-full\" alt=\"Frau mit M\u00fctze genie\u00dft ein privates skandinavisches Bad im Herzen der verschneiten Vogesen\" title=\"Nordisches Bad im Schnee der Vogesen\" srcset=\"https:\/\/les-atypiques-chalets.com\/wp-content\/uploads\/2024\/03\/bain-finlandais.webp 425w, https:\/\/les-atypiques-chalets.com\/wp-content\/uploads\/2024\/03\/bain-finlandais-300x300.webp 300w, https:\/\/les-atypiques-chalets.com\/wp-content\/uploads\/2024\/03\/bain-finlandais-150x150.webp 150w, https:\/\/les-atypiques-chalets.com\/wp-content\/uploads\/2024\/03\/bain-finlandais-124x124.webp 124w, https:\/\/les-atypiques-chalets.com\/wp-content\/uploads\/2024\/03\/bain-finlandais-100x100.webp 100w, https:\/\/les-atypiques-chalets.com\/wp-content\/uploads\/2024\/03\/bain-finlandais-190x190.webp 190w, https:\/\/les-atypiques-chalets.com\/wp-content\/uploads\/2024\/03\/bain-finlandais-170x170.webp 170w\" sizes=\"(max-width: 425px) 100vw, 425px\" \/><\/div>\n\t\t<\/figure>\n\t<\/div>\n<\/div><\/div><\/div><div class=\"wpb_column vc_column_container vc_col-sm-4\"><div class=\"vc_column-inner\"><div class=\"wpb_wrapper\">\n\t<div  class=\"wpb_single_image wpb_content_element vc_align_left wpb_content_element\">\n\t\t\n\t\t<figure class=\"wpb_wrapper vc_figure\">\n\t\t\t<div class=\"vc_single_image-wrapper   vc_box_border_grey\"><img decoding=\"async\" width=\"980\" height=\"980\" src=\"https:\/\/les-atypiques-chalets.com\/wp-content\/uploads\/2024\/02\/les-atypiques-chalets-saint-valentin.webp\" class=\"vc_single_image-img attachment-full\" alt=\"Magischer Valentinstag in den Atypischen Chalets\" title=\"les-atypiques-chalets-valentinstag\" srcset=\"https:\/\/les-atypiques-chalets.com\/wp-content\/uploads\/2024\/02\/les-atypiques-chalets-saint-valentin.webp 980w, https:\/\/les-atypiques-chalets.com\/wp-content\/uploads\/2024\/02\/les-atypiques-chalets-saint-valentin-300x300.webp 300w, https:\/\/les-atypiques-chalets.com\/wp-content\/uploads\/2024\/02\/les-atypiques-chalets-saint-valentin-150x150.webp 150w, https:\/\/les-atypiques-chalets.com\/wp-content\/uploads\/2024\/02\/les-atypiques-chalets-saint-valentin-768x768.webp 768w, https:\/\/les-atypiques-chalets.com\/wp-content\/uploads\/2024\/02\/les-atypiques-chalets-saint-valentin-124x124.webp 124w, https:\/\/les-atypiques-chalets.com\/wp-content\/uploads\/2024\/02\/les-atypiques-chalets-saint-valentin-100x100.webp 100w, https:\/\/les-atypiques-chalets.com\/wp-content\/uploads\/2024\/02\/les-atypiques-chalets-saint-valentin-190x190.webp 190w, https:\/\/les-atypiques-chalets.com\/wp-content\/uploads\/2024\/02\/les-atypiques-chalets-saint-valentin-170x170.webp 170w, https:\/\/les-atypiques-chalets.com\/wp-content\/uploads\/2024\/02\/les-atypiques-chalets-saint-valentin-600x600.webp 600w\" sizes=\"(max-width: 980px) 100vw, 980px\" \/><\/div>\n\t\t<\/figure>\n\t<\/div>\n<\/div><\/div><\/div><div class=\"wpb_column vc_column_container vc_col-sm-4\"><div class=\"vc_column-inner\"><div class=\"wpb_wrapper\">\n\t<div  class=\"wpb_single_image wpb_content_element vc_align_left wpb_content_element\">\n\t\t\n\t\t<figure class=\"wpb_wrapper vc_figure\">\n\t\t\t<div class=\"vc_single_image-wrapper   vc_box_border_grey\"><img decoding=\"async\" width=\"425\" height=\"425\" src=\"https:\/\/les-atypiques-chalets.com\/wp-content\/uploads\/2024\/03\/bain-finlandais3-2.webp\" class=\"vc_single_image-img attachment-full\" alt=\"\" title=\"bain-finlandais3\" srcset=\"https:\/\/les-atypiques-chalets.com\/wp-content\/uploads\/2024\/03\/bain-finlandais3-2.webp 425w, https:\/\/les-atypiques-chalets.com\/wp-content\/uploads\/2024\/03\/bain-finlandais3-2-300x300.webp 300w, https:\/\/les-atypiques-chalets.com\/wp-content\/uploads\/2024\/03\/bain-finlandais3-2-150x150.webp 150w, https:\/\/les-atypiques-chalets.com\/wp-content\/uploads\/2024\/03\/bain-finlandais3-2-124x124.webp 124w, https:\/\/les-atypiques-chalets.com\/wp-content\/uploads\/2024\/03\/bain-finlandais3-2-100x100.webp 100w, https:\/\/les-atypiques-chalets.com\/wp-content\/uploads\/2024\/03\/bain-finlandais3-2-190x190.webp 190w, https:\/\/les-atypiques-chalets.com\/wp-content\/uploads\/2024\/03\/bain-finlandais3-2-170x170.webp 170w\" sizes=\"(max-width: 425px) 100vw, 425px\" \/><\/div>\n\t\t<\/figure>\n\t<\/div>\n<\/div><\/div><\/div><\/div><div class=\"vc_row wpb_row vc_row-fluid\"><div class=\"wpb_column vc_column_container vc_col-sm-12\"><div class=\"vc_column-inner\"><div class=\"wpb_wrapper\"><section class=\"vc_cta3-container\"><div class=\"vc_general vc_do_cta3 vc_cta3 vc_cta3-style-classic vc_cta3-shape-rounded vc_cta3-align-left vc_cta3-color-sandy-brown vc_cta3-icon-size-md vc_cta3-actions-bottom\"><div class=\"vc_cta3_content-container\"><div class=\"vc_cta3-content\"><header class=\"vc_cta3-content-header\"><h2>Envie d'un Bain Nordiques?<\/h2><\/header><p>D\u00e9couvrez les bienfaits des bains nordiques avec les <a href=\"https:\/\/les-atypiques-chalets.com\/de\/blog\/\"  data-wpil-monitor-id=\"91\">Au\u00dfergew\u00f6hnliche Chalets<\/a><\/p>\n<\/div><div class=\"vc_cta3-actions\"><div class=\"vc_btn3-container vc_btn3-inline vc_do_btn\" ><a class=\"vc_general vc_btn3 vc_btn3-size-md vc_btn3-shape-rounded vc_btn3-style-modern vc_btn3-color-sandy-brown\" href=\"https:\/\/les-atypiques-chalets.com\/de\/bains-nordiques\/\" title=\"Bains Nordiques\">+ d'infos<\/a><\/div><\/div><\/div><\/div><\/section><\/div><\/div><\/div><\/div><div class=\"vc_row wpb_row vc_row-fluid\"><div class=\"wpb_column vc_column_container vc_col-sm-12\"><div class=\"vc_column-inner\"><div class=\"wpb_wrapper\">\n\t<div class=\"wpb_text_column wpb_content_element\" >\n\t\t<div class=\"wpb_wrapper\">\n\t\t\t<p><strong>FAQ<\/strong><\/p>\n<p><strong>Quels sont les avantages de louer un <a href=\"https:\/\/les-atypiques-chalets.com\/de\/offrez-vous-un-week-end-dans-un-chalet-des-vosges\/\"  data-wpil-monitor-id=\"521\">chalet dans les Vosges<\/a> pour des vacances en famille?<\/strong><\/p>\n<p>Louer un <a href=\"https:\/\/les-atypiques-chalets.com\/de\/week-end-spa-dans-un-chalet-avec-bain-nordique-privatif-dans-les-vosges\/\"  data-wpil-monitor-id=\"531\">chalet dans les Vosges<\/a> offre un confort in\u00e9gal\u00e9, une intimit\u00e9 pr\u00e9cieuse, et une exp\u00e9rience authentique. Les <a href=\"https:\/\/les-atypiques-chalets.com\/de\/chalets-avec-bain-nordique-dans-les-vosges\/\"  data-wpil-monitor-id=\"138\">chalets sont souvent \u00e9quip\u00e9s de saunas et de bains nordiques<\/a> pour une d\u00e9tente maximale.<\/p>\n<p><strong>Warum w\u00e4hlen <a href=\"https:\/\/les-atypiques-chalets.com\/de\/10-activites-a-faire-a-gerardmer\/\"  data-wpil-monitor-id=\"246\">G\u00e9rardmer<\/a> pour s\u00e9journer dans les Vosges?<\/strong><\/p>\n<p><a href=\"https:\/\/les-atypiques-chalets.com\/de\/decouvrez-le-lac-de-gerardmer\/\"  data-wpil-monitor-id=\"431\">G\u00e9rardmer est une station de ski renomm\u00e9e avec un lac<\/a> pittoresque, offrant une multitude d&rsquo;activit\u00e9s estivales et hivernales. C&rsquo;est une base id\u00e9ale pour explorer la r\u00e9gion tout en profitant du confort d&rsquo;un chalet.<\/p>\n<p><strong>Quelles activit\u00e9s peut-on faire en famille dans les Vosges?<\/strong><\/p>\n<p>Lesen <a href=\"https:\/\/les-atypiques-chalets.com\/de\/votre-chalet-de-randonnee-dans-les-vosges-au-coeur-de-la-nature\/\"  data-wpil-monitor-id=\"710\">Vosges offrent des activit\u00e9s de plein air comme la randonn\u00e9e<\/a>, le VTT, et les sports nautiques en \u00e9t\u00e9, ainsi que le ski et les balades en raquettes en hiver. La r\u00e9gion propose \u00e9galement des d\u00e9couvertes culturelles et gastronomiques.<\/p>\n<p><strong>Quels sont les bienfaits du sauna apr\u00e8s une journ\u00e9e d&rsquo;activit\u00e9s?<\/strong><\/p>\n<p>Le sauna aide \u00e0 \u00e9liminer les toxines, am\u00e9liore la circulation sanguine, et favorise la relaxation musculaire. C&rsquo;est une installation id\u00e9ale pour se d\u00e9tendre apr\u00e8s une journ\u00e9e d&rsquo;activit\u00e9s en plein air.<\/p>\n<p><strong>Qu&rsquo;est-ce qu&rsquo;un <a href=\"https:\/\/les-atypiques-chalets.com\/de\/passez-lete-dans-un-chalet-avec-bain-nordiques-privatif-a-gerardmer\/\"  data-wpil-monitor-id=\"187\">bain nordique?<\/a><\/strong><\/p>\n<p>Un <a href=\"https:\/\/les-atypiques-chalets.com\/de\/nordische-bader-gerardmer\/\"  data-wpil-monitor-id=\"2480\">Nordisches Bad<\/a> est un bain \u00e0 remous ext\u00e9rieur, souvent chauff\u00e9 au bois, offrant une exp\u00e9rience unique de d\u00e9tente en pleine nature. C&rsquo;est particuli\u00e8rement agr\u00e9able en hiver, entour\u00e9 de neige.<\/p>\n<p><strong>Comment acc\u00e9der facilement aux Vosges?<\/strong><\/p>\n<p>Les Vosges sont facilement accessibles en voiture ou en train depuis des grandes villes comme Strasbourg et Nancy, ainsi que des fronti\u00e8res allemandes et suisses, ce qui en fait une destination pratique pour les familles.<\/p>\n\n\t\t<\/div>\n\t<\/div>\n<\/div><\/div><\/div><\/div>\n<\/div>","protected":false},"excerpt":{"rendered":"Chalet IORIK Capacit\u00e9: 4 personnes Superficie: 45 m2 Bain Nordique: privatif Description de notre Chalet Iorik dans les Vosges Id\u00e9al pour les couples ou les petites familles, le Chalet IORIK est un \u00e9crin de douceur pouvant accueillir jusqu\u2019\u00e0 4 personnes. Avec ses 2 chambres cosy et ces 2 lits de 140\u00d7190, il vous promet des<a href=\"https:\/\/les-atypiques-chalets.com\/de\/chalet-aslan\/\" class=\"sohohotel-more-link\">Read More<\/a>","protected":false},"author":1,"featured_media":9203,"comment_status":"closed","ping_status":"open","sticky":false,"template":"","format":"standard","meta":{"_yoast_wpseo_title":"Louez un Chalet dans les Vosges","_yoast_wpseo_metadesc":"Profitez de vacances inoubliables en famille dans un chalet des Vosges! R\u00e9servez maintenant.","_yoast_wpseo_focuskw":"#Vosges #G\u00e9rardmer #ChaletsAtypiques #VacancesEnFamille #Sauna #BainNordique #Activit\u00e9sEnPleinAir #TourismeVosgien","footnotes":""},"categories":[746],"tags":[721,1032,940,1034,664,1030,1011,1035,1033,1031,671],"class_list":["post-10897","post","type-post","status-publish","format-standard","has-post-thumbnail","hentry","category-location-saisonniere","tag-activites-en-plein-air","tag-bain-nordique","tag-chalets-atypiques","tag-confort-des-chalets","tag-gerardmer","tag-location-de-chalet","tag-sauna","tag-tourisme-vosgien","tag-vacances-dans-les-vosges","tag-vacances-en-famille","tag-vosges"],"_links":{"self":[{"href":"https:\/\/les-atypiques-chalets.com\/de\/wp-json\/wp\/v2\/posts\/10897","targetHints":{"allow":["GET"]}}],"collection":[{"href":"https:\/\/les-atypiques-chalets.com\/de\/wp-json\/wp\/v2\/posts"}],"about":[{"href":"https:\/\/les-atypiques-chalets.com\/de\/wp-json\/wp\/v2\/types\/post"}],"author":[{"embeddable":true,"href":"https:\/\/les-atypiques-chalets.com\/de\/wp-json\/wp\/v2\/users\/1"}],"replies":[{"embeddable":true,"href":"https:\/\/les-atypiques-chalets.com\/de\/wp-json\/wp\/v2\/comments?post=10897"}],"version-history":[{"count":0,"href":"https:\/\/les-atypiques-chalets.com\/de\/wp-json\/wp\/v2\/posts\/10897\/revisions"}],"wp:featuredmedia":[{"embeddable":true,"href":"https:\/\/les-atypiques-chalets.com\/de\/wp-json\/wp\/v2\/media\/9203"}],"wp:attachment":[{"href":"https:\/\/les-atypiques-chalets.com\/de\/wp-json\/wp\/v2\/media?parent=10897"}],"wp:term":[{"taxonomy":"category","embeddable":true,"href":"https:\/\/les-atypiques-chalets.com\/de\/wp-json\/wp\/v2\/categories?post=10897"},{"taxonomy":"post_tag","embeddable":true,"href":"https:\/\/les-atypiques-chalets.com\/de\/wp-json\/wp\/v2\/tags?post=10897"}],"curies":[{"name":"wp","href":"https:\/\/api.w.org\/{rel}","templated":true}]}}