{"id":10934,"date":"2024-06-05T07:38:17","date_gmt":"2024-06-05T07:38:17","guid":{"rendered":"https:\/\/les-atypiques-chalets.com\/?p=10934"},"modified":"2024-12-10T09:38:39","modified_gmt":"2024-12-10T09:38:39","slug":"apercu-de-levenement-gerardmer-open-swim-stars","status":"publish","type":"post","link":"https:\/\/les-atypiques-chalets.com\/de\/apercu-de-levenement-gerardmer-open-swim-stars\/","title":{"rendered":"\u00dcbersicht der Veranstaltung G\u00e9rardmer Open Swim Stars"},"content":{"rendered":"<div class=\"wpb-content-wrapper\"><div class=\"vc_row wpb_row vc_row-fluid\"><div class=\"wpb_column vc_column_container vc_col-sm-12\"><div class=\"vc_column-inner\"><div class=\"wpb_wrapper\">\n\t<div class=\"wpb_text_column wpb_content_element\" >\n\t\t<div class=\"wpb_wrapper\">\n\t\t\t<h1>Aper\u00e7u de l&rsquo;\u00e9v\u00e9nement<br \/>\nG\u00e9rardmer Open Swim Stars<\/h1>\n<h1><\/h1>\n\n\t\t<\/div>\n\t<\/div>\n<\/div><\/div><\/div><\/div><div class=\"vc_row wpb_row vc_row-fluid\"><div class=\"wpb_column vc_column_container vc_col-sm-12\"><div class=\"vc_column-inner\"><div class=\"wpb_wrapper\"><div class=\"vc_empty_space\"   style=\"height: 32px\"><span class=\"vc_empty_space_inner\"><\/span><\/div><div class=\"vc_separator wpb_content_element vc_separator_align_center vc_sep_width_100 vc_sep_pos_align_center wpb_content_element vc_separator-has-text\" ><span class=\"vc_sep_holder vc_sep_holder_l\"><span style=\"border-color:#683c16;\" class=\"vc_sep_line\"><\/span><\/span><h4>Die Ungew\u00f6hnlichen Chalets<\/h4><span class=\"vc_sep_holder vc_sep_holder_r\"><span style=\"border-color:#683c16;\" class=\"vc_sep_line\"><\/span><\/span>\n<\/div><div class=\"vc_empty_space\"   style=\"height: 32px\"><span class=\"vc_empty_space_inner\"><\/span><\/div><\/div><\/div><\/div><\/div><div class=\"vc_row wpb_row vc_row-fluid\"><div class=\"wpb_column vc_column_container vc_col-sm-12\"><div class=\"vc_column-inner\"><div class=\"wpb_wrapper\">\n\t<div class=\"wpb_text_column wpb_content_element\" >\n\t\t<div class=\"wpb_wrapper\">\n\t\t\t<p><strong>Einf\u00fchrung<\/strong> Le <a href=\"https:\/\/openswimstars.com\/gerardmer\/\" target=\"_blank\" rel=\"noopener nofollow\">G\u00e9rardmer Open Swim Stars<\/a> est un \u00e9v\u00e9nement incontournable pour les passionn\u00e9s de natation en eau libre. Pr\u00e9vu pour le 29 juin 2024 au magnifique Lac de G\u00e9rardmer, cet \u00e9v\u00e9nement attire des nageurs de tous niveaux venant de toute la France et au-del\u00e0.<\/p>\n<p><strong>Histoire et Importance de l&rsquo;\u00c9v\u00e9nement<\/strong> Cr\u00e9\u00e9 pour promouvoir la natation en milieu naturel, le <a href=\"https:\/\/www.facebook.com\/events\/lac-de-g%C3%A9rardmer\/open-swim-stars-gerardmer\/558363359362543\/\" target=\"_blank\" rel=\"noopener nofollow\">G\u00e9rardmer Open Swim Stars<\/a> s&rsquo;est rapidement impos\u00e9 comme une comp\u00e9tition phare, attirant amateurs et professionnels. Le cadre idyllique des Vosges rend cette course encore plus spectaculaire et m\u00e9morable.<\/p>\n\n\t\t<\/div>\n\t<\/div>\n<\/div><\/div><\/div><\/div><div class=\"vc_row wpb_row vc_row-fluid\"><div class=\"wpb_column vc_column_container vc_col-sm-12\"><div class=\"vc_column-inner\"><div class=\"wpb_wrapper\"><div class=\"vc_empty_space\"   style=\"height: 32px\"><span class=\"vc_empty_space_inner\"><\/span><\/div><div class=\"vc_separator wpb_content_element vc_separator_align_center vc_sep_width_100 vc_sep_pos_align_center wpb_content_element vc_separator-has-text\" ><span class=\"vc_sep_holder vc_sep_holder_l\"><span style=\"border-color:#683c16;\" class=\"vc_sep_line\"><\/span><\/span><h4>Die Ungew\u00f6hnlichen Chalets<\/h4><span class=\"vc_sep_holder vc_sep_holder_r\"><span style=\"border-color:#683c16;\" class=\"vc_sep_line\"><\/span><\/span>\n<\/div><div class=\"vc_empty_space\"   style=\"height: 32px\"><span class=\"vc_empty_space_inner\"><\/span><\/div><\/div><\/div><\/div><\/div><div class=\"vc_row wpb_row vc_row-fluid\"><div class=\"wpb_column vc_column_container vc_col-sm-12\"><div class=\"vc_column-inner\"><div class=\"wpb_wrapper\">\t\t\n\t\t\t\t\n\t\t\t<!-- BEGIN .shb-accommodation-listing-filter-sorting -->\n\t\t\t<div class=\"shb-accommodation-listing-filter-sorting shb-clearfix\">\n\t\t\t\n\t\t\t\t\t\t\t\n\t\t\t\t<div class=\"shb-accommodation-listing-filter shb-clearfix\">\n\t\t\t\t\t<p>Filtern nach:<\/p>\n\t\t\t\t\t<ul>\n\t\t\t\t\t\t<li class=\"shb-filter-current\"><a href=\"https:\/\/les-atypiques-chalets.com\/de\/wp-json\/wp\/v2\/posts\/10934?shb-orderby=2\">All<\/a><\/li><li class=\"\"><a href=\"https:\/\/les-atypiques-chalets.com\/de\/wp-json\/wp\/v2\/posts\/10934?shb-orderby=2&amp;shb-accommodation-type=chalet-4-personnes-gerardmer\">Chalet f\u00fcr 4 Personen<\/a><\/li><li class=\"\"><a href=\"https:\/\/les-atypiques-chalets.com\/de\/wp-json\/wp\/v2\/posts\/10934?shb-orderby=2&amp;shb-accommodation-type=chalet-6-personnes\">Chalet f\u00fcr 6 Personen<\/a><\/li><li class=\"\"><a href=\"https:\/\/les-atypiques-chalets.com\/de\/wp-json\/wp\/v2\/posts\/10934?shb-orderby=2&amp;shb-accommodation-type=chalets-6-personnes\">Chalets f\u00fcr 6 Personen<\/a><\/li>\t\t\t\t\t<\/ul>\n\t\t\t\t<\/div>\n\t\t\t\n\t\t\t\t\t\t\t\n\t\t\t\t\t\t\t\n\t\t\t\t<div class=\"shb-accommodation-listing-sorting shb-clearfix\">\n\t\t\t\t\t<select>\n\t\t\t\t\t\t<option value=\"https:\/\/les-atypiques-chalets.com\/de\/wp-json\/wp\/v2\/posts\/10934?shb-accommodation-type=0\" selected>Standard-Sortierung<\/option><option value=\"https:\/\/les-atypiques-chalets.com\/de\/wp-json\/wp\/v2\/posts\/10934?shb-accommodation-type=0&shb-orderby=1\" >Preis niedrig bis hoch<\/option><option value=\"https:\/\/les-atypiques-chalets.com\/de\/wp-json\/wp\/v2\/posts\/10934?shb-accommodation-type=0&shb-orderby=2\" >Preis hoch bis niedrig<\/option>\t\t\t\t\t<\/select>\n\t\t\t\t\t<i class=\"fas fa-chevron-down\"><\/i>\n\t\t\t\t<\/div>\n\t\t\t\n\t\t\t\t\t\n\t\t\t<!-- END .shb-accommodation-listing-filter-sorting -->\n\t\t\t<\/div>\n\t\t\n\t\t\t\t\n\t\t<!-- BEGIN .shb-accommodation-listing-style-1 -->\n\t\t<div class=\"shb-accommodation-listing-style-1 shb-accommodation-listing-style-1-columns-3\">\n\t\t\t\n\t\t\t\t\n\t\t\t<!-- BEGIN .shb-accommodation-listing-item -->\n\t\t\t<div class=\"shb-accommodation-listing-item\">\n\t\t\t\n\t\t\t\t\t\t\t\t\t<a href=\"https:\/\/les-atypiques-chalets.com\/de\/chalet-charkhan\/\" rel=\"bookmark\" title=\"Chalet Charkhan\">\n\t\t\t\t\t\t\t\t\t\t\t\t<img decoding=\"async\" class=\"shb-accommodation-listing-image\" src=\"https:\/\/les-atypiques-chalets.com\/wp-content\/uploads\/2025\/03\/salon-charkhan-03-L-1180x675.webp\" alt=\"Chalet Charkhan\" \/>\t\t\t\t\t<\/a>\n\t\t\t\t\t\t\t\n\t\t\t\t<div class=\"shb-accommodation-listing-description-wrapper\">\n\t\t\t\t\n\t\t\t\t\t<h3><a href=\"https:\/\/les-atypiques-chalets.com\/de\/chalet-charkhan\/\" rel=\"bookmark\" title=\"Chalet Charkhan\">Chalet Charkhan<\/a><\/h3>\n\t\t\t\t\n\t\t\t\t\t<div class=\"shb-accommodation-listing-description shb-clearfix\">\n\t\t\t\t\t\t<ul>\r\n<li><i class=\"fas fa-user\"><\/i><span>Kapazit\u00e4t<\/span> 6 Personen<\/li>\r\n<li><i class=\"fas fa-ruler-combined\"><\/i><span>Oberfl\u00e4che<\/span> 65 m\u00b2<\/li>\r\n<li><i class=\"fas fa-hot-tub\"><\/i><span> Nordische Badewanne<\/span> privativ<\/li>\r\n<\/ul>\t\t\t\t\t\t<a href=\"https:\/\/les-atypiques-chalets.com\/de\/chalet-charkhan\/\" class=\"shb-accommodation-listing-button1\">ab 225\u20ac\/Nacht<\/a>\n\t\t\t\t\t\t<a href=\"https:\/\/les-atypiques-chalets.com\/de\/chalet-charkhan\/\" class=\"shb-accommodation-listing-button2\">Zimmer anzeigen<i class=\"fas fa-chevron-right\"><\/i><\/a>\n\t\t\t\t\t<\/div>\n\t\t\t\t\n\t\t\t\t<\/div>\n\t\t\t\n\t\t\t<!-- END .shb-accommodation-listing-item -->\n\t\t\t<\/div>\n\t\t\n\t\t\t\t\n\t\t\t<!-- BEGIN .shb-accommodation-listing-item -->\n\t\t\t<div class=\"shb-accommodation-listing-item\">\n\t\t\t\n\t\t\t\t\t\t\t\t\t<a href=\"https:\/\/les-atypiques-chalets.com\/de\/chalet-aslan\/\" rel=\"bookmark\" title=\"Chalet Aslan\">\n\t\t\t\t\t\t\t\t\t\t\t\t<img decoding=\"async\" class=\"shb-accommodation-listing-image\" src=\"https:\/\/les-atypiques-chalets.com\/wp-content\/uploads\/2025\/03\/ASLAN-2-900x710.webp\" alt=\"Chalet Aslan\" \/>\t\t\t\t\t<\/a>\n\t\t\t\t\t\t\t\n\t\t\t\t<div class=\"shb-accommodation-listing-description-wrapper\">\n\t\t\t\t\n\t\t\t\t\t<h3><a href=\"https:\/\/les-atypiques-chalets.com\/de\/chalet-aslan\/\" rel=\"bookmark\" title=\"Chalet Aslan\">Chalet Aslan<\/a><\/h3>\n\t\t\t\t\n\t\t\t\t\t<div class=\"shb-accommodation-listing-description shb-clearfix\">\n\t\t\t\t\t\t<ul>\r\n<li><i class=\"fas fa-user\"><\/i><span>Kapazit\u00e4t<\/span> 5 Personen<\/li>\r\n<li><i class=\"fas fa-ruler-combined\"><\/i><span>Oberfl\u00e4che<\/span> 65 m\u00b2<\/li>\r\n<li><i class=\"fas fa-hot-tub\"><\/i><span> Nordische Badewanne<\/span> privativ<\/li>\r\n<\/ul>\t\t\t\t\t\t<a href=\"https:\/\/les-atypiques-chalets.com\/de\/chalet-aslan\/\" class=\"shb-accommodation-listing-button1\">ab 215 \u20ac\/Nacht<\/a>\n\t\t\t\t\t\t<a href=\"https:\/\/les-atypiques-chalets.com\/de\/chalet-aslan\/\" class=\"shb-accommodation-listing-button2\">Zimmer anzeigen<i class=\"fas fa-chevron-right\"><\/i><\/a>\n\t\t\t\t\t<\/div>\n\t\t\t\t\n\t\t\t\t<\/div>\n\t\t\t\n\t\t\t<!-- END .shb-accommodation-listing-item -->\n\t\t\t<\/div>\n\t\t\n\t\t\t\t\n\t\t\t<!-- BEGIN .shb-accommodation-listing-item -->\n\t\t\t<div class=\"shb-accommodation-listing-item\">\n\t\t\t\n\t\t\t\t\t\t\t\t\t<a href=\"https:\/\/les-atypiques-chalets.com\/de\/chalet-iorik\/\" rel=\"bookmark\" title=\"Chalet Iorik\">\n\t\t\t\t\t\t\t\t\t\t\t\t<img decoding=\"async\" class=\"shb-accommodation-listing-image\" src=\"https:\/\/les-atypiques-chalets.com\/wp-content\/uploads\/2025\/09\/iorik-sejour-L-1024x710.webp\" alt=\"Chalet Iorik\" \/>\t\t\t\t\t<\/a>\n\t\t\t\t\t\t\t\n\t\t\t\t<div class=\"shb-accommodation-listing-description-wrapper\">\n\t\t\t\t\n\t\t\t\t\t<h3><a href=\"https:\/\/les-atypiques-chalets.com\/de\/chalet-iorik\/\" rel=\"bookmark\" title=\"Chalet Iorik\">Chalet Iorik<\/a><\/h3>\n\t\t\t\t\n\t\t\t\t\t<div class=\"shb-accommodation-listing-description shb-clearfix\">\n\t\t\t\t\t\t<ul>\r\n<li><i class=\"fas fa-user\"><\/i><span>Kapazit\u00e4t<\/span> 4 Personen<\/li>\r\n<li><i class=\"fas fa-ruler-combined\"><\/i><span>Oberfl\u00e4che<\/span> 45 m2<\/li>\r\n<li><i class=\"fas fa-hot-tub\"><\/i><span> Nordische Badewanne<\/span> privativ<\/li>\r\n<\/ul>\t\t\t\t\t\t<a href=\"https:\/\/les-atypiques-chalets.com\/de\/chalet-iorik\/\" class=\"shb-accommodation-listing-button1\">ab 170\u20ac\/Nacht<\/a>\n\t\t\t\t\t\t<a href=\"https:\/\/les-atypiques-chalets.com\/de\/chalet-iorik\/\" class=\"shb-accommodation-listing-button2\">Zimmer anzeigen<i class=\"fas fa-chevron-right\"><\/i><\/a>\n\t\t\t\t\t<\/div>\n\t\t\t\t\n\t\t\t\t<\/div>\n\t\t\t\n\t\t\t<!-- END .shb-accommodation-listing-item -->\n\t\t\t<\/div>\n\t\t\n\t\t\t\t\t\n\t\t<!-- END .shb-accommodation-listing-style-1 -->\n\t\t<\/div>\n\t\n\t\t\n\t\t\t\n\t\t<div class=\"shb-clearboth\"><\/div>\n\t\t<div class=\"shb-accommodation-listing-1-pagination\">\n\t\t\t\t<\/div>\n\t\t\n\t\t\n\t<\/div><\/div><\/div><\/div><div class=\"vc_row wpb_row vc_row-fluid\"><div class=\"wpb_column vc_column_container vc_col-sm-12\"><div class=\"vc_column-inner\"><div class=\"wpb_wrapper\"><div class=\"vc_empty_space\"   style=\"height: 32px\"><span class=\"vc_empty_space_inner\"><\/span><\/div><div class=\"vc_separator wpb_content_element vc_separator_align_center vc_sep_width_100 vc_sep_pos_align_center wpb_content_element vc_separator-has-text\" ><span class=\"vc_sep_holder vc_sep_holder_l\"><span style=\"border-color:#683c16;\" class=\"vc_sep_line\"><\/span><\/span><h4>Die Ungew\u00f6hnlichen Chalets<\/h4><span class=\"vc_sep_holder vc_sep_holder_r\"><span style=\"border-color:#683c16;\" class=\"vc_sep_line\"><\/span><\/span>\n<\/div><div class=\"vc_empty_space\"   style=\"height: 32px\"><span class=\"vc_empty_space_inner\"><\/span><\/div><\/div><\/div><\/div><\/div><div class=\"vc_row wpb_row vc_row-fluid\"><div class=\"wpb_column vc_column_container vc_col-sm-12\"><div class=\"vc_column-inner\"><div class=\"wpb_wrapper\">\n\t<div class=\"wpb_text_column wpb_content_element\" >\n\t\t<div class=\"wpb_wrapper\">\n\t\t\t<p><strong>Les Diff\u00e9rentes \u00c9preuves<\/strong> L&rsquo;\u00e9v\u00e9nement propose plusieurs courses adapt\u00e9es \u00e0 tous les niveaux :<\/p>\n<ul>\n<li>500 m\u00e8tres pour les d\u00e9butants<\/li>\n<li>1,5 kilom\u00e8tre pour les nageurs interm\u00e9diaires<\/li>\n<li>3 kilom\u00e8tres pour les plus exp\u00e9riment\u00e9s<\/li>\n<li>5 kilom\u00e8tres pour les nageurs aguerris<\/li>\n<\/ul>\n<p><strong>Inscriptions et Pr\u00e9paratifs<\/strong> Les inscriptions sont ouvertes en ligne sur le site officiel de l&rsquo;\u00e9v\u00e9nement. Il est recommand\u00e9 de s&rsquo;inscrire t\u00f4t pour garantir votre place et de bien pr\u00e9parer votre mat\u00e9riel.<\/p>\n<p><strong>Conseils pour les Participants<\/strong><\/p>\n<ul>\n<li>Arrivez en avance pour vous familiariser avec le parcours.<\/li>\n<li>Assurez-vous d&rsquo;avoir un \u00e9quipement adapt\u00e9, notamment une combinaison de nage pour les eaux plus fra\u00eeches.<\/li>\n<li>Restez hydrat\u00e9 et bien nourri avant la course.<\/li>\n<\/ul>\n<h3>Pourquoi Choisir les Atypiques Chalets<br \/>\npour Votre S\u00e9jour<\/h3>\n<p><strong>Pr\u00e9sentation des Atypiques Chalets<\/strong> Situ\u00e9s \u00e0 proximit\u00e9 du Lac de G\u00e9rardmer, <a href=\"https:\/\/les-atypiques-chalets.com\/de\/\">les Atypiques Chalets<\/a> offrent un h\u00e9bergement unique et confortable. Chaque <a href=\"https:\/\/les-atypiques-chalets.com\/de\/hebergement-romantique-pour-les-couples-vivez-une-experience-unique-dans-nos-chalets-atypiques\/\" data-wpil-monitor-id=\"1008\">chalet est con\u00e7u pour offrir une exp\u00e9rience<\/a> immersive au c\u0153ur de la nature, sans sacrifier le confort.<\/p>\n<p><strong>Avantages de S\u00e9journer aux <a href=\"https:\/\/les-atypiques-chalets.com\/de\/a-propos-de-nous\/\" data-wpil-monitor-id=\"17\">Au\u00dfergew\u00f6hnliche Chalets<\/a><\/strong><\/p>\n<ul>\n<li><strong>Proximit\u00e9 avec le Lac<\/strong>: Id\u00e9alement situ\u00e9s \u00e0 quelques minutes du lieu de l&rsquo;\u00e9v\u00e9nement, nos chalets permettent un acc\u00e8s facile et rapide aux courses.<\/li>\n<li><strong>Confort et Commodit\u00e9s<\/strong>: Nos <a href=\"https:\/\/les-atypiques-chalets.com\/de\/sejour-detente-dans-un-chalet-avec-bain-nordique-et-sauna-dans-les-vosges\/\" data-wpil-monitor-id=\"551\">chalets sont \u00e9quip\u00e9s de tout le n\u00e9cessaire pour un s\u00e9jour<\/a> agr\u00e9able, y compris des cuisines \u00e9quip\u00e9es, des salles de bains modernes et des espaces de vie confortables.<\/li>\n<li><strong>Exp\u00e9rience Unique<\/strong>: Profitez d&rsquo;une ambiance chaleureuse et d&rsquo;une vue imprenable sur la nature environnante.<\/li>\n<\/ul>\n<p><strong>Activit\u00e9s \u00e0 Proximit\u00e9<\/strong> Outre l&rsquo;Open Swim Stars, <a href=\"https:\/\/les-atypiques-chalets.com\/de\/10-activites-a-faire-a-gerardmer\/\" data-wpil-monitor-id=\"220\">G\u00e9rardmer offre de nombreuses activit\u00e9s<\/a> pour les visiteurs :<\/p>\n<ul>\n<li><a href=\"https:\/\/les-atypiques-chalets.com\/de\/randonnee-en-montagne-une-aventure-inoubliable\/\" data-wpil-monitor-id=\"617\">Randonn\u00e9es et balades en montagne<\/a><\/li>\n<li>Visites de vignobles locaux<\/li>\n<li>Activit\u00e9s nautiques sur le lac<\/li>\n<\/ul>\n<p><strong>T\u00e9moignages de Clients<\/strong> Nos clients appr\u00e9cient particuli\u00e8rement la tranquillit\u00e9 et le charme de nos chalets, ainsi que notre accueil chaleureux et notre service personnalis\u00e9. Voici quelques t\u00e9moignages :<\/p>\n<ul>\n<li>\u00ab\u00a0Un s\u00e9jour exceptionnel dans un cadre magnifique. Les chalets sont confortables et bien situ\u00e9s.\u00a0\u00bb &#8211; Marie D.<\/li>\n<li>\u00ab\u00a0Id\u00e9al pour un week-end de d\u00e9tente apr\u00e8s la course. Je recommande vivement !\u00a0\u00bb &#8211; Paul G.<\/li>\n<\/ul>\n<h3>Schlussfolgerung<\/h3>\n<p>Le <a href=\"https:\/\/les-atypiques-chalets.com\/de\/organisez-votre-sejour-a-gerardmer\/\" data-wpil-monitor-id=\"353\">G\u00e9rardmer<\/a> Open Swim Stars est un \u00e9v\u00e9nement \u00e0 ne pas manquer pour les amateurs de natation. Pour rendre votre exp\u00e9rience encore plus m\u00e9morable, r\u00e9servez votre s\u00e9jour aux <a href=\"https:\/\/les-atypiques-chalets.com\/de\/explorez-les-sentiers-vtt-de-gerardmer-avec-les-atypiques-chalets\/\" data-wpil-monitor-id=\"66\">Au\u00dfergew\u00f6hnliche Chalets<\/a>. Profitez de la nature, du confort et de la proximit\u00e9 avec le lieu de l&rsquo;\u00e9v\u00e9nement. <a href=\"https:\/\/les-atypiques-chalets.com\/de\/chalets-a-gerardmer-pour-noel-reservez-maintenant\/\" data-wpil-monitor-id=\"1045\">R\u00e9servez d\u00e8s maintenant<\/a> pour vivre une aventure inoubliable !<\/p>\n\n\t\t<\/div>\n\t<\/div>\n<\/div><\/div><\/div><\/div><div class=\"vc_row wpb_row vc_row-fluid\"><div class=\"wpb_column vc_column_container vc_col-sm-12\"><div class=\"vc_column-inner\"><div class=\"wpb_wrapper\"><div class=\"vc_empty_space\"   style=\"height: 32px\"><span class=\"vc_empty_space_inner\"><\/span><\/div><div class=\"vc_separator wpb_content_element vc_separator_align_center vc_sep_width_100 vc_sep_pos_align_center wpb_content_element vc_separator-has-text\" ><span class=\"vc_sep_holder vc_sep_holder_l\"><span style=\"border-color:#683c16;\" class=\"vc_sep_line\"><\/span><\/span><h4>Die Ungew\u00f6hnlichen Chalets<\/h4><span class=\"vc_sep_holder vc_sep_holder_r\"><span style=\"border-color:#683c16;\" class=\"vc_sep_line\"><\/span><\/span>\n<\/div><div class=\"vc_empty_space\"   style=\"height: 32px\"><span class=\"vc_empty_space_inner\"><\/span><\/div><\/div><\/div><\/div><\/div><div class=\"vc_row wpb_row vc_row-fluid\"><div class=\"wpb_column vc_column_container vc_col-sm-12\"><div class=\"vc_column-inner\"><div class=\"wpb_wrapper\">\n\t<div class=\"wpb_text_column wpb_content_element\" >\n\t\t<div class=\"wpb_wrapper\">\n\t\t\t<p><strong>FAQ<\/strong><\/p>\n<p><strong>Quelles sont les dates de l&rsquo;\u00e9v\u00e9nement <a href=\"https:\/\/les-atypiques-chalets.com\/de\/idees-de-week-end-a-gerardmer\/\" data-wpil-monitor-id=\"394\">G\u00e9rardmer<\/a> Open Swim Stars 2024 ?<\/strong> L&rsquo;\u00e9v\u00e9nement se d\u00e9roule le 29 juin 2024.<\/p>\n<p><strong>O\u00f9 se situe le Lac de G\u00e9rardmer ?<\/strong> Le Lac de <a href=\"https:\/\/les-atypiques-chalets.com\/de\/quest-ce-quun-bain-nordique\/\" data-wpil-monitor-id=\"272\">G\u00e9rardmer est situ\u00e9 dans les Vosges<\/a>, en France.<\/p>\n<p><strong>Quels types de courses sont propos\u00e9s ?<\/strong> Il y a des courses de 500 m\u00e8tres, 1,5 kilom\u00e8tre, 3 kilom\u00e8tres et 5 kilom\u00e8tres.<\/p>\n<p><strong>Comment s&rsquo;inscrire \u00e0 l&rsquo;\u00e9v\u00e9nement ?<\/strong> Les inscriptions se font en ligne sur le site officiel de l&rsquo;Open Swim Stars.<\/p>\n<p><strong>Pourquoi choisir les <a href=\"https:\/\/les-atypiques-chalets.com\/de\/blog\/\" data-wpil-monitor-id=\"98\">Au\u00dfergew\u00f6hnliche Chalets<\/a> pour son s\u00e9jour ?<\/strong> Les Atypiques Chalets offrent confort, proximit\u00e9 avec le lac et une exp\u00e9rience unique en pleine nature.<\/p>\n<p><strong>Quelles activit\u00e9s peut-on faire \u00e0 <a href=\"https:\/\/les-atypiques-chalets.com\/de\/visitez-les-marches-de-gerardmer\/\" data-wpil-monitor-id=\"499\">G\u00e9rardmer<\/a> en dehors de l&rsquo;\u00e9v\u00e9nement ?<\/strong> Vous pouvez faire des randonn\u00e9es, des visites de vignobles et des activit\u00e9s nautiques sur le lac.<\/p>\n\n\t\t<\/div>\n\t<\/div>\n<\/div><\/div><\/div><\/div>\n<\/div>","protected":false},"excerpt":{"rendered":"Chalet IORIK Capacit\u00e9: 4 personnes Superficie: 45 m2 Bain Nordique: privatif Description de notre Chalet Iorik dans les Vosges Id\u00e9al pour les couples ou les petites familles, le Chalet IORIK est un \u00e9crin de douceur pouvant accueillir jusqu\u2019\u00e0 4 personnes. Avec ses 2 chambres cosy et ces 2 lits de 140\u00d7190, il vous promet des<a href=\"https:\/\/les-atypiques-chalets.com\/de\/chalet-aslan\/\" class=\"sohohotel-more-link\">Read More<\/a>","protected":false},"author":1,"featured_media":10938,"comment_status":"closed","ping_status":"open","sticky":false,"template":"","format":"standard","meta":{"_yoast_wpseo_title":"Participez au G\u00e9rardmer Open Swim Stars","_yoast_wpseo_metadesc":"Rejoignez-nous au G\u00e9rardmer Open Swim Stars et s\u00e9journez aux Atypiques Chalets. R\u00e9servez maintenant!","_yoast_wpseo_focuskw":"#G\u00e9rardmer #OpenSwimStars #natation #\u00e9venementsportif #Vosges #AtypiquesChalets #s\u00e9jour #vacances","footnotes":""},"categories":[1036],"tags":[1044,906,1045,1039,1040,1037,730,708,1038,1043,1041,923,1042,671],"class_list":["post-10934","post","type-post","status-publish","format-standard","has-post-thumbnail","hentry","category-open-swim-stars","tag-activites-nautiques-gerardmer","tag-atypiques-chalets","tag-chalets-confort-gerardmer","tag-competition-de-natation","tag-evenement-sportif-gerardmer","tag-gerardmer-open-swim-stars","tag-hebergement-gerardmer","tag-lac-de-gerardmer","tag-natation-en-eau-libre","tag-randonnee-vosges","tag-sejour-natation","tag-tourisme-gerardmer","tag-vacances-nature-gerardmer","tag-vosges"],"_links":{"self":[{"href":"https:\/\/les-atypiques-chalets.com\/de\/wp-json\/wp\/v2\/posts\/10934","targetHints":{"allow":["GET"]}}],"collection":[{"href":"https:\/\/les-atypiques-chalets.com\/de\/wp-json\/wp\/v2\/posts"}],"about":[{"href":"https:\/\/les-atypiques-chalets.com\/de\/wp-json\/wp\/v2\/types\/post"}],"author":[{"embeddable":true,"href":"https:\/\/les-atypiques-chalets.com\/de\/wp-json\/wp\/v2\/users\/1"}],"replies":[{"embeddable":true,"href":"https:\/\/les-atypiques-chalets.com\/de\/wp-json\/wp\/v2\/comments?post=10934"}],"version-history":[{"count":0,"href":"https:\/\/les-atypiques-chalets.com\/de\/wp-json\/wp\/v2\/posts\/10934\/revisions"}],"wp:featuredmedia":[{"embeddable":true,"href":"https:\/\/les-atypiques-chalets.com\/de\/wp-json\/wp\/v2\/media\/10938"}],"wp:attachment":[{"href":"https:\/\/les-atypiques-chalets.com\/de\/wp-json\/wp\/v2\/media?parent=10934"}],"wp:term":[{"taxonomy":"category","embeddable":true,"href":"https:\/\/les-atypiques-chalets.com\/de\/wp-json\/wp\/v2\/categories?post=10934"},{"taxonomy":"post_tag","embeddable":true,"href":"https:\/\/les-atypiques-chalets.com\/de\/wp-json\/wp\/v2\/tags?post=10934"}],"curies":[{"name":"wp","href":"https:\/\/api.w.org\/{rel}","templated":true}]}}