{"id":10952,"date":"2024-06-06T08:21:14","date_gmt":"2024-06-06T08:21:14","guid":{"rendered":"https:\/\/les-atypiques-chalets.com\/?p=10952"},"modified":"2025-05-21T12:46:26","modified_gmt":"2025-05-21T12:46:26","slug":"radrouten-gerardmer","status":"publish","type":"post","link":"https:\/\/les-atypiques-chalets.com\/de\/itineraires-cyclisme-gerardmer\/","title":{"rendered":"Die 10 besten Radrouten rund um G\u00e9rardmer"},"content":{"rendered":"<div class=\"wpb-content-wrapper\"><div class=\"vc_row wpb_row vc_row-fluid\"><div class=\"wpb_column vc_column_container vc_col-sm-12\"><div class=\"vc_column-inner\"><div class=\"wpb_wrapper\">\n\t<div class=\"wpb_text_column wpb_content_element\" >\n\t\t<div class=\"wpb_wrapper\">\n\t\t\t<h1>Die 10 besten Radrouten rund um G\u00e9rardmer<\/h1>\n\n\t\t<\/div>\n\t<\/div>\n<\/div><\/div><\/div><\/div><div class=\"vc_row wpb_row vc_row-fluid\"><div class=\"wpb_column vc_column_container vc_col-sm-12\"><div class=\"vc_column-inner\"><div class=\"wpb_wrapper\"><div class=\"vc_empty_space\"   style=\"height: 32px\"><span class=\"vc_empty_space_inner\"><\/span><\/div><div class=\"vc_separator wpb_content_element vc_separator_align_center vc_sep_width_100 vc_sep_pos_align_center wpb_content_element vc_separator-has-text\" ><span class=\"vc_sep_holder vc_sep_holder_l\"><span style=\"border-color:#683c16;\" class=\"vc_sep_line\"><\/span><\/span><h4>Die Ungew\u00f6hnlichen Chalets<\/h4><span class=\"vc_sep_holder vc_sep_holder_r\"><span style=\"border-color:#683c16;\" class=\"vc_sep_line\"><\/span><\/span>\n<\/div><div class=\"vc_empty_space\"   style=\"height: 32px\"><span class=\"vc_empty_space_inner\"><\/span><\/div><\/div><\/div><\/div><\/div><div class=\"vc_row wpb_row vc_row-fluid\"><div class=\"wpb_column vc_column_container vc_col-sm-12\"><div class=\"vc_column-inner\"><div class=\"wpb_wrapper\">\n\t<div class=\"wpb_text_column wpb_content_element\" >\n\t\t<div class=\"wpb_wrapper\">\n\t\t\t<h3><strong>Die besten Radstrecken<br \/>\nrund um G\u00e9rardmer<\/strong><\/h3>\n<p><strong>Einf\u00fchrung<\/strong><\/p>\n<p>G\u00e9rardmer, im Herzen der Vogesen gelegen, ist dank seiner abwechslungsreichen Landschaften und Strecken f\u00fcr alle Niveaus ein beliebtes Ziel f\u00fcr Radfahrer. Egal, ob Sie ein Fan von Rennr\u00e4dern oder Mountainbikes sind, G\u00e9rardmer bietet ein unvergessliches Erlebnis. Machen Sie sich bereit, spektakul\u00e4re Routen zu erkunden und gleichzeitig hochwertige Unterk\u00fcnfte in <a href=\"https:\/\/les-atypiques-chalets.com\/de\/a-propos-de-nous\/\"  data-wpil-monitor-id=\"16\">Au\u00dfergew\u00f6hnliche Chalets<\/a>.<\/p>\n<p><strong>Bereiten Sie sich auf Ihr Fahrabenteuer vor<\/strong><\/p>\n<p>F\u00fcr ein gelungenes Abenteuer bei <a href=\"https:\/\/les-atypiques-chalets.com\/de\/10-activites-a-faire-a-gerardmer\/\"  data-wpil-monitor-id=\"232\">G\u00e9rardmer<\/a>, ist eine gute Vorbereitung unerl\u00e4sslich. Stellen Sie sicher, dass Sie die richtige Ausr\u00fcstung haben, befolgen Sie Sicherheitshinweise und w\u00e4hlen Sie Routen, die Ihrem K\u00f6nnen entsprechen. Hier sind einige Schl\u00fcsselelemente, um Ihre Reise gut vorzubereiten.<\/p>\n<h3><strong>Ausr\u00fcstung<\/strong><\/h3>\n<p>Ein gut gewartetes Fahrrad, ein Helm, geeignete Kleidung und Werkzeuge zur Reparatur sind unerl\u00e4sslich. F\u00fcr Mountainbikes denken Sie an passende Reifen und zus\u00e4tzlichen Schutz.<\/p>\n<h3><strong>Sicherheitshinweise<\/strong><\/h3>\n<p>Fahren Sie nach M\u00f6glichkeit in der Gruppe, informieren Sie sich \u00fcber die Wetterbedingungen und nehmen Sie immer ein Erste-Hilfe-Set mit. Sicherheit sollte bei jeder Ausfahrt oberste Priorit\u00e4t haben.<\/p>\n<h3><strong>Die unverzichtbaren Routen<\/strong><\/h3>\n<p><a href=\"https:\/\/gerardmer.net\/details_adherent.php?produit=777000649\" target=\"_blank\" rel=\"noopener nofollow\"><strong>Rund um den G\u00e9rardmer See<\/strong><\/a><\/p>\n<p>Diese Route eignet sich ideal f\u00fcr einen Familienausflug oder als Aufw\u00e4rmrunde. Sie kombiniert den Spa\u00df am Radfahren mit der Sch\u00f6nheit der Landschaft rund um den See und bietet eine friedliche und angenehme Fahrt.<\/p>\n<p><strong>Der Aufstieg zum Col de la Schlucht<\/strong><\/p>\n<p>Eine unumg\u00e4ngliche Herausforderung f\u00fcr Kletterliebhaber, <a href=\"https:\/\/climbfinder.com\/fr\/montees\/col-de-la-schlucht-la-bresse\" target=\"_blank\" rel=\"noopener nofollow\">die Auffahrt zum Schluchtenpass<\/a> bietet atemberaubende Ausblicke auf die Vogesen und einen allm\u00e4hlichen Anstieg, der Ihre Ausdauer auf die Probe stellen wird.<\/p>\n<p><strong>Durchquerung der Vogesenw\u00e4lder<\/strong><\/p>\n<p>Erkunden Sie das gr\u00fcne Herz der <a href=\"https:\/\/les-atypiques-chalets.com\/de\/quest-ce-quun-bain-nordique\/\" data-wpil-monitor-id=\"280\">Vogesen<\/a> durch Waldwege. Diese Route bietet K\u00fchle und Ruhe, perfekt f\u00fcr eine Immersion in die Natur.<\/p>\n<p><a href=\"https:\/\/www.verdontourisme.com\/informations\/equipement\/la-route-des-cretes-le-grand-canyon-espace-cyclosport-5257141id\/#:~:text=Ce%20parcours%20v%C3%A9lo%20de%2024,inoubliables%20sur%20le%20Grand%20Canyon.\" target=\"_blank\" rel=\"noopener nofollow\"><strong>Gratwanderweg<\/strong><\/a><\/p>\n<p>F\u00fcr erfahrene Radfahrer bietet diese anspruchsvolle Strecke atemberaubende Panoramen auf die Gipfel der Vogesen. Erwarten Sie intensive Anstiege und aufregende Abfahrten.<\/p>\n\n\t\t<\/div>\n\t<\/div>\n<\/div><\/div><\/div><\/div><div class=\"vc_row wpb_row vc_row-fluid\"><div class=\"wpb_column vc_column_container vc_col-sm-12\"><div class=\"vc_column-inner\"><div class=\"wpb_wrapper\"><div class=\"vc_empty_space\"   style=\"height: 32px\"><span class=\"vc_empty_space_inner\"><\/span><\/div><div class=\"vc_separator wpb_content_element vc_separator_align_center vc_sep_width_100 vc_sep_pos_align_center wpb_content_element vc_separator-has-text\" ><span class=\"vc_sep_holder vc_sep_holder_l\"><span style=\"border-color:#683c16;\" class=\"vc_sep_line\"><\/span><\/span><h4>Die Ungew\u00f6hnlichen Chalets<\/h4><span class=\"vc_sep_holder vc_sep_holder_r\"><span style=\"border-color:#683c16;\" class=\"vc_sep_line\"><\/span><\/span>\n<\/div><div class=\"vc_empty_space\"   style=\"height: 32px\"><span class=\"vc_empty_space_inner\"><\/span><\/div><\/div><\/div><\/div><\/div><div class=\"vc_row wpb_row vc_row-fluid\"><div class=\"wpb_column vc_column_container vc_col-sm-12\"><div class=\"vc_column-inner\"><div class=\"wpb_wrapper\">\t\t\n\t\t\t\t\n\t\t\t<!-- BEGIN .shb-accommodation-listing-filter-sorting -->\n\t\t\t<div class=\"shb-accommodation-listing-filter-sorting shb-clearfix\">\n\t\t\t\n\t\t\t\t\t\t\t\n\t\t\t\t<div class=\"shb-accommodation-listing-filter shb-clearfix\">\n\t\t\t\t\t<p>Filtern nach:<\/p>\n\t\t\t\t\t<ul>\n\t\t\t\t\t\t<li class=\"shb-filter-current\"><a href=\"https:\/\/les-atypiques-chalets.com\/de\/wp-json\/wp\/v2\/posts\/10952?shb-orderby=2\">All<\/a><\/li><li class=\"\"><a href=\"https:\/\/les-atypiques-chalets.com\/de\/wp-json\/wp\/v2\/posts\/10952?shb-orderby=2&amp;shb-accommodation-type=chalet-4-personnes-gerardmer\">Chalet f\u00fcr 4 Personen<\/a><\/li><li class=\"\"><a href=\"https:\/\/les-atypiques-chalets.com\/de\/wp-json\/wp\/v2\/posts\/10952?shb-orderby=2&amp;shb-accommodation-type=chalet-6-personnes\">Chalet f\u00fcr 6 Personen<\/a><\/li><li class=\"\"><a href=\"https:\/\/les-atypiques-chalets.com\/de\/wp-json\/wp\/v2\/posts\/10952?shb-orderby=2&amp;shb-accommodation-type=chalets-6-personnes\">Chalets f\u00fcr 6 Personen<\/a><\/li>\t\t\t\t\t<\/ul>\n\t\t\t\t<\/div>\n\t\t\t\n\t\t\t\t\t\t\t\n\t\t\t\t\t\t\t\n\t\t\t\t<div class=\"shb-accommodation-listing-sorting shb-clearfix\">\n\t\t\t\t\t<select>\n\t\t\t\t\t\t<option value=\"https:\/\/les-atypiques-chalets.com\/de\/wp-json\/wp\/v2\/posts\/10952?shb-accommodation-type=0\" selected>Standard-Sortierung<\/option><option value=\"https:\/\/les-atypiques-chalets.com\/de\/wp-json\/wp\/v2\/posts\/10952?shb-accommodation-type=0&shb-orderby=1\" >Preis niedrig bis hoch<\/option><option value=\"https:\/\/les-atypiques-chalets.com\/de\/wp-json\/wp\/v2\/posts\/10952?shb-accommodation-type=0&shb-orderby=2\" >Preis hoch bis niedrig<\/option>\t\t\t\t\t<\/select>\n\t\t\t\t\t<i class=\"fas fa-chevron-down\"><\/i>\n\t\t\t\t<\/div>\n\t\t\t\n\t\t\t\t\t\n\t\t\t<!-- END .shb-accommodation-listing-filter-sorting -->\n\t\t\t<\/div>\n\t\t\n\t\t\t\t\n\t\t<!-- BEGIN .shb-accommodation-listing-style-1 -->\n\t\t<div class=\"shb-accommodation-listing-style-1 shb-accommodation-listing-style-1-columns-3\">\n\t\t\t\n\t\t\t\t\n\t\t\t<!-- BEGIN .shb-accommodation-listing-item -->\n\t\t\t<div class=\"shb-accommodation-listing-item\">\n\t\t\t\n\t\t\t\t\t\t\t\t\t<a href=\"https:\/\/les-atypiques-chalets.com\/de\/chalet-charkhan\/\" rel=\"bookmark\" title=\"Chalet Charkhan\">\n\t\t\t\t\t\t\t\t\t\t\t\t<img decoding=\"async\" class=\"shb-accommodation-listing-image\" src=\"https:\/\/les-atypiques-chalets.com\/wp-content\/uploads\/2025\/03\/salon-charkhan-03-L-1180x675.webp\" alt=\"Chalet Charkhan\" \/>\t\t\t\t\t<\/a>\n\t\t\t\t\t\t\t\n\t\t\t\t<div class=\"shb-accommodation-listing-description-wrapper\">\n\t\t\t\t\n\t\t\t\t\t<h3><a href=\"https:\/\/les-atypiques-chalets.com\/de\/chalet-charkhan\/\" rel=\"bookmark\" title=\"Chalet Charkhan\">Chalet Charkhan<\/a><\/h3>\n\t\t\t\t\n\t\t\t\t\t<div class=\"shb-accommodation-listing-description shb-clearfix\">\n\t\t\t\t\t\t<ul>\r\n<li><i class=\"fas fa-user\"><\/i><span>Kapazit\u00e4t<\/span> 6 Personen<\/li>\r\n<li><i class=\"fas fa-ruler-combined\"><\/i><span>Oberfl\u00e4che<\/span> 65 m\u00b2<\/li>\r\n<li><i class=\"fas fa-hot-tub\"><\/i><span> Nordische Badewanne<\/span> privativ<\/li>\r\n<\/ul>\t\t\t\t\t\t<a href=\"https:\/\/les-atypiques-chalets.com\/de\/chalet-charkhan\/\" class=\"shb-accommodation-listing-button1\">ab 225\u20ac\/Nacht<\/a>\n\t\t\t\t\t\t<a href=\"https:\/\/les-atypiques-chalets.com\/de\/chalet-charkhan\/\" class=\"shb-accommodation-listing-button2\">Zimmer anzeigen<i class=\"fas fa-chevron-right\"><\/i><\/a>\n\t\t\t\t\t<\/div>\n\t\t\t\t\n\t\t\t\t<\/div>\n\t\t\t\n\t\t\t<!-- END .shb-accommodation-listing-item -->\n\t\t\t<\/div>\n\t\t\n\t\t\t\t\n\t\t\t<!-- BEGIN .shb-accommodation-listing-item -->\n\t\t\t<div class=\"shb-accommodation-listing-item\">\n\t\t\t\n\t\t\t\t\t\t\t\t\t<a href=\"https:\/\/les-atypiques-chalets.com\/de\/chalet-aslan\/\" rel=\"bookmark\" title=\"Chalet Aslan\">\n\t\t\t\t\t\t\t\t\t\t\t\t<img decoding=\"async\" class=\"shb-accommodation-listing-image\" src=\"https:\/\/les-atypiques-chalets.com\/wp-content\/uploads\/2025\/03\/ASLAN-2-900x710.webp\" alt=\"Chalet Aslan\" \/>\t\t\t\t\t<\/a>\n\t\t\t\t\t\t\t\n\t\t\t\t<div class=\"shb-accommodation-listing-description-wrapper\">\n\t\t\t\t\n\t\t\t\t\t<h3><a href=\"https:\/\/les-atypiques-chalets.com\/de\/chalet-aslan\/\" rel=\"bookmark\" title=\"Chalet Aslan\">Chalet Aslan<\/a><\/h3>\n\t\t\t\t\n\t\t\t\t\t<div class=\"shb-accommodation-listing-description shb-clearfix\">\n\t\t\t\t\t\t<ul>\r\n<li><i class=\"fas fa-user\"><\/i><span>Kapazit\u00e4t<\/span> 5 Personen<\/li>\r\n<li><i class=\"fas fa-ruler-combined\"><\/i><span>Oberfl\u00e4che<\/span> 65 m\u00b2<\/li>\r\n<li><i class=\"fas fa-hot-tub\"><\/i><span> Nordische Badewanne<\/span> privativ<\/li>\r\n<\/ul>\t\t\t\t\t\t<a href=\"https:\/\/les-atypiques-chalets.com\/de\/chalet-aslan\/\" class=\"shb-accommodation-listing-button1\">ab 215 \u20ac\/Nacht<\/a>\n\t\t\t\t\t\t<a href=\"https:\/\/les-atypiques-chalets.com\/de\/chalet-aslan\/\" class=\"shb-accommodation-listing-button2\">Zimmer anzeigen<i class=\"fas fa-chevron-right\"><\/i><\/a>\n\t\t\t\t\t<\/div>\n\t\t\t\t\n\t\t\t\t<\/div>\n\t\t\t\n\t\t\t<!-- END .shb-accommodation-listing-item -->\n\t\t\t<\/div>\n\t\t\n\t\t\t\t\n\t\t\t<!-- BEGIN .shb-accommodation-listing-item -->\n\t\t\t<div class=\"shb-accommodation-listing-item\">\n\t\t\t\n\t\t\t\t\t\t\t\t\t<a href=\"https:\/\/les-atypiques-chalets.com\/de\/chalet-iorik\/\" rel=\"bookmark\" title=\"Chalet Iorik\">\n\t\t\t\t\t\t\t\t\t\t\t\t<img decoding=\"async\" class=\"shb-accommodation-listing-image\" src=\"https:\/\/les-atypiques-chalets.com\/wp-content\/uploads\/2025\/09\/iorik-sejour-L-1024x710.webp\" alt=\"Chalet Iorik\" \/>\t\t\t\t\t<\/a>\n\t\t\t\t\t\t\t\n\t\t\t\t<div class=\"shb-accommodation-listing-description-wrapper\">\n\t\t\t\t\n\t\t\t\t\t<h3><a href=\"https:\/\/les-atypiques-chalets.com\/de\/chalet-iorik\/\" rel=\"bookmark\" title=\"Chalet Iorik\">Chalet Iorik<\/a><\/h3>\n\t\t\t\t\n\t\t\t\t\t<div class=\"shb-accommodation-listing-description shb-clearfix\">\n\t\t\t\t\t\t<ul>\r\n<li><i class=\"fas fa-user\"><\/i><span>Kapazit\u00e4t<\/span> 4 Personen<\/li>\r\n<li><i class=\"fas fa-ruler-combined\"><\/i><span>Oberfl\u00e4che<\/span> 45 m2<\/li>\r\n<li><i class=\"fas fa-hot-tub\"><\/i><span> Nordische Badewanne<\/span> privativ<\/li>\r\n<\/ul>\t\t\t\t\t\t<a href=\"https:\/\/les-atypiques-chalets.com\/de\/chalet-iorik\/\" class=\"shb-accommodation-listing-button1\">ab 170\u20ac\/Nacht<\/a>\n\t\t\t\t\t\t<a href=\"https:\/\/les-atypiques-chalets.com\/de\/chalet-iorik\/\" class=\"shb-accommodation-listing-button2\">Zimmer anzeigen<i class=\"fas fa-chevron-right\"><\/i><\/a>\n\t\t\t\t\t<\/div>\n\t\t\t\t\n\t\t\t\t<\/div>\n\t\t\t\n\t\t\t<!-- END .shb-accommodation-listing-item -->\n\t\t\t<\/div>\n\t\t\n\t\t\t\t\t\n\t\t<!-- END .shb-accommodation-listing-style-1 -->\n\t\t<\/div>\n\t\n\t\t\n\t\t\t\n\t\t<div class=\"shb-clearboth\"><\/div>\n\t\t<div class=\"shb-accommodation-listing-1-pagination\">\n\t\t\t\t<\/div>\n\t\t\n\t\t\n\t<\/div><\/div><\/div><\/div><div class=\"vc_row wpb_row vc_row-fluid\"><div class=\"wpb_column vc_column_container vc_col-sm-12\"><div class=\"vc_column-inner\"><div class=\"wpb_wrapper\"><div class=\"vc_empty_space\"   style=\"height: 32px\"><span class=\"vc_empty_space_inner\"><\/span><\/div><div class=\"vc_separator wpb_content_element vc_separator_align_center vc_sep_width_100 vc_sep_pos_align_center wpb_content_element vc_separator-has-text\" ><span class=\"vc_sep_holder vc_sep_holder_l\"><span style=\"border-color:#683c16;\" class=\"vc_sep_line\"><\/span><\/span><h4>Die Ungew\u00f6hnlichen Chalets<\/h4><span class=\"vc_sep_holder vc_sep_holder_r\"><span style=\"border-color:#683c16;\" class=\"vc_sep_line\"><\/span><\/span>\n<\/div><div class=\"vc_empty_space\"   style=\"height: 32px\"><span class=\"vc_empty_space_inner\"><\/span><\/div><\/div><\/div><\/div><\/div><div class=\"vc_row wpb_row vc_row-fluid\"><div class=\"wpb_column vc_column_container vc_col-sm-12\"><div class=\"vc_column-inner\"><div class=\"wpb_wrapper\">\n\t<div class=\"wpb_text_column wpb_content_element\" >\n\t\t<div class=\"wpb_wrapper\">\n\t\t\t<h3><strong>Routen f\u00fcr Anf\u00e4nger<\/strong><\/h3>\n<p>G\u00e9rardmer ist ein idealer Spielplatz f\u00fcr Anf\u00e4nger, mit vielen gr\u00fcnen Wegen und leichten Pisten. Diese sicheren Routen erm\u00f6glichen es, die Freude am Radfahren mit Zuversicht zu entdecken.<\/p>\n<h3><strong>Herausforderungen f\u00fcr erfahrene Radfahrer<\/strong><\/h3>\n<p>F\u00fcr die Mutigsten, die mythischen P\u00e4sse der <a href=\"https:\/\/les-atypiques-chalets.com\/de\/organisez-votre-sejour-a-gerardmer\/\" data-wpil-monitor-id=\"328\">Vogesen<\/a> und die Schotterpisten bieten unvergessliche Herausforderungen. Machen Sie sich bereit f\u00fcr steile Anstiege und abwechslungsreiches Terrain.<\/p>\n<h3><strong>Radsport und kulturelle Entdeckung<\/strong><\/h3>\n<p>Kombinieren Sie Ihre Leidenschaft f\u00fcr das Radfahren mit der Entdeckung traditioneller D\u00f6rfer und der <a href=\"https:\/\/les-atypiques-chalets.com\/de\/meilleurs-restaurants-gerardmer-tour-culinaire\/\" data-wpil-monitor-id=\"1980\">Gastronomie der Vogesen<\/a>. Jeder Ausflug wird zu einer Erfahrung reich an kulturellen Entdeckungen.<\/p>\n<h3><strong>Radfahren bei jedem Wetter<\/strong><\/h3>\n<p>Jede Jahreszeit bietet andere Empfindungen und Landschaften. Im Fr\u00fchling explodieren die Blumen in Farbe. Im Sommer sind die Wege ideal f\u00fcr lange <a href=\"https:\/\/les-atypiques-chalets.com\/de\/les-10-choses-a-faire-a-gerardmer-en-ete\/\" data-wpil-monitor-id=\"1710\">Wanderungen<\/a>. Der Herbst f\u00e4rbt die W\u00e4lder in tausend Farben und der Winter verwandelt die Landschaft in ein wei\u00dfes Paradies.<\/p>\n<h3><strong>Trainingsratschl\u00e4ge f\u00fcr Radfahrer<\/strong><\/h3>\n<p>Bereiten Sie sich k\u00f6rperlich mit spezifischen \u00dcbungen und guter Ern\u00e4hrung vor. Diese Elemente sind entscheidend, um Ihre Radausfl\u00fcge in vollen Z\u00fcgen zu genie\u00dfen und Ihre Leistung zu verbessern.<\/p>\n<h3><strong>Die Ausr\u00fcstung des perfekten Radfahrers<\/strong><\/h3>\n<p>W\u00e4hlen Sie Ihr Fahrrad entsprechend der Art der Strecke, die Sie zur\u00fccklegen m\u00f6chten. Unverzichtbares Zubeh\u00f6r sind Handschuhe, eine Pumpe, Lichter und ein GPS-Ger\u00e4t.<\/p>\n<h3><strong>Planen Sie Ihren Radurlaub in G\u00e9rardmer<\/strong><\/h3>\n<p>F\u00fcr einen unbeschwerten Aufenthalt finden Sie die besten Unterk\u00fcnfte und Dienstleistungen f\u00fcr Radfahrer. Les Atypiques Chalets bieten eine komfortable Umgebung mit Wellnessangeboten, wie zum Beispiel einem <a href=\"https:\/\/les-atypiques-chalets.com\/de\/bains-nordiques-gerardmer-vosges\/\" data-wpil-monitor-id=\"33\">Nordisches Bad<\/a> und eine Sauna, perfekt zur Erholung nach dem Training.<\/p>\n<h3><strong>An lokalen Radsportveranstaltungen teilnehmen<\/strong><\/h3>\n<p>Tauchen Sie in die lokale Fahrrad-Community ein, indem Sie an organisierten Rennen und Touren teilnehmen. Diese Veranstaltungen sind eine hervorragende Gelegenheit, andere Enthusiasten zu treffen und neue Routen zu entdecken.<\/p>\n<h3><strong>Sicherheit geht vor: Praktische Ratschl\u00e4ge<\/strong><\/h3>\n<p>Um sicher zu fahren, befolgen Sie diese praktischen Ratschl\u00e4ge. Fahren Sie in einer Gruppe, seien Sie sichtbar und lernen Sie die Grundlagen der Ersten Hilfe und der Notfallreparatur.<\/p>\n<h3><strong>Die Umgebung von G\u00e9rardmer mit dem Fahrrad erkunden<\/strong><\/h3>\n<p>Die Umgebung von <a href=\"https:\/\/les-atypiques-chalets.com\/de\/visitez-les-marches-de-gerardmer\/\" data-wpil-monitor-id=\"498\">G\u00e9rardmer<\/a> bieten eine Vielzahl von Routen zu den umliegenden Gipfeln und durch die Naturparks. Erweitern Sie Ihren Horizont und entdecken Sie bei jeder Ausfahrt neue Landschaften.<\/p>\n<h3><strong>Die gesundheitlichen Vorteile des Radfahrens<\/strong><\/h3>\n<p>Radfahren ist gut f\u00fcr K\u00f6rper und Geist. Es verbessert die k\u00f6rperliche Fitness, reduziert Stress und vermittelt ein unvergleichliches Gef\u00fchl von Freiheit. Genie\u00dfen Sie diese Vorteile und erkunden Sie <a href=\"https:\/\/les-atypiques-chalets.com\/de\/rejoignez-laventure-a-gerardmer-reservez-votre-sejour\/\" data-wpil-monitor-id=\"783\">G\u00e9rardmer<\/a>.<\/p>\n<h3><strong>Ressourcen und Radfahrer-Communitys<\/strong><\/h3>\n<p>Nutzen Sie Apps, Karten und treten Sie Clubs bei, um Teil der gro\u00dfen Radfahrgemeinschaft von G\u00e9rardmer zu werden. Diese Ressourcen helfen Ihnen bei der Planung Ihrer Ausfl\u00fcge und beim Teilen Ihrer Erfahrungen.<\/p>\n<h3><strong>Fotografie und Radfahren: Das Abenteuer verewigen<\/strong><\/h3>\n<p>Halten Sie die H\u00f6hepunkte Ihres Fahrabenteuers mit unseren Fotografie-Tipps fest. Teilen Sie Ihre sch\u00f6nsten Bilder und inspirieren Sie andere Radfahrer.<\/p>\n<h3><strong>Nachhaltiger Radtourismus in G\u00e9rardmer<\/strong><\/h3>\n<p>Umweltschonende Praktiken anwenden und zur Erhaltung der Sch\u00f6nheit beitragen <a href=\"https:\/\/les-atypiques-chalets.com\/de\/visitez-le-parc-naturel-de-gerardmer\/\" data-wpil-monitor-id=\"418\">Naturprodukte von G\u00e9rardmer<\/a>. Nachhaltiger Radtourismus ist eine respektvolle und bereichernde Art, die Region zu entdecken.<\/p>\n<h3><strong>Herausforderungen des Radfahrens in der H\u00f6he<\/strong><\/h3>\n<p>Lernen Sie, Anstrengung in den Bergen zu bew\u00e4ltigen und sich an klimatische Ver\u00e4nderungen anzupassen, um ein optimales Erlebnis zu gew\u00e4hrleisten. Diese Tipps helfen Ihnen, das Beste aus Ihren H\u00f6henausfl\u00fcgen herauszuholen.<\/p>\n<h3><strong>Feedback: Erfahrungsberichte von Radfahrern<\/strong><\/h3>\n<p>Teile die Abenteuer und Ratschl\u00e4ge derer, die die Stra\u00dfen und Wege von G\u00e9rardmer vor dir erkundet haben. Ihre Berichte werden dich inspirieren und dir bei deinen eigenen Erkundungen helfen.<\/p>\n<h3><strong>Empfohlene Unterkunft: Les Atypiques Chalets<\/strong><\/h3>\n<p>Um Ihr Rad Abenteuer in vollen Z\u00fcgen zu genie\u00dfen, \u00fcbernachten Sie <a href=\"https:\/\/les-atypiques-chalets.com\/de\/\">Aux Chalets atypiques<\/a>. Nach der Anstrengung entspannen Sie sich in einem nordischen Bad oder einem <a href=\"https:\/\/les-atypiques-chalets.com\/de\/sauna\/\" data-wpil-monitor-id=\"109\">Sauna<\/a>, und genie\u00dfen Sie eine komfortable und einladende Unterkunft.<\/p>\n<h3><strong>Vogesenradweg<\/strong><\/h3>\n<p><a href=\"https:\/\/bike.vosges.fr\/fr\/famille\/details\/47-autour-de-la-vologne\" target=\"_blank\" rel=\"noopener nofollow\">Die V\u00e9loroute des Vologne-Tals<\/a> ist eine au\u00dfergew\u00f6hnliche Route f\u00fcr Rennradfahrer. Die Strecke folgt dem Fluss Vologne und bietet auf ihren 30 km wundersch\u00f6ne Landschaften. Sie ist perfekt f\u00fcr eine lange und angenehme Ausfahrt.<\/p>\n<h3><strong>MTB-Weg Basse des Feignes<\/strong><\/h3>\n<p>F\u00fcr Mountainbike-Enthusiasten ist der Sentier de la Basse des Feignes eine ausgezeichnete Wahl. Diese 15 km lange Strecke bietet technisch anspruchsvolle Abfahrten und herausfordernde Anstiege, durchquert dichte W\u00e4lder und bietet einen Panoramablick auf die Region.<\/p>\n<h3><\/h3>\n\n\t\t<\/div>\n\t<\/div>\n<\/div><\/div><\/div><\/div><div class=\"vc_row wpb_row vc_row-fluid\"><div class=\"wpb_column vc_column_container vc_col-sm-12\"><div class=\"vc_column-inner\"><div class=\"wpb_wrapper\"><div class=\"vc_empty_space\"   style=\"height: 32px\"><span class=\"vc_empty_space_inner\"><\/span><\/div><div class=\"vc_separator wpb_content_element vc_separator_align_center vc_sep_width_100 vc_sep_pos_align_center wpb_content_element vc_separator-has-text\" ><span class=\"vc_sep_holder vc_sep_holder_l\"><span style=\"border-color:#683c16;\" class=\"vc_sep_line\"><\/span><\/span><h4>Die Ungew\u00f6hnlichen Chalets<\/h4><span class=\"vc_sep_holder vc_sep_holder_r\"><span style=\"border-color:#683c16;\" class=\"vc_sep_line\"><\/span><\/span>\n<\/div><div class=\"vc_empty_space\"   style=\"height: 32px\"><span class=\"vc_empty_space_inner\"><\/span><\/div><\/div><\/div><\/div><\/div><div class=\"vc_row wpb_row vc_row-fluid\"><div class=\"wpb_column vc_column_container vc_col-sm-12\"><div class=\"vc_column-inner\"><div class=\"wpb_wrapper\">\n\t<div class=\"wpb_text_column wpb_content_element\" >\n\t\t<div class=\"wpb_wrapper\">\n\t\t\t<p><strong>Schlussfolgerung<\/strong><\/p>\n<p>G\u00e9rardmer ist ein Muss f\u00fcr Radfahrer und bietet abwechslungsreiche Routen und atemberaubende Landschaften. Ob Anf\u00e4nger oder Profi, hier finden Sie Strecken f\u00fcr jeden Anspruch. Nach einem anstrengenden Tag genie\u00dfen Sie den Komfort von <a href=\"https:\/\/les-atypiques-chalets.com\/de\/blog\/\" data-wpil-monitor-id=\"97\">Au\u00dfergew\u00f6hnliche Chalets<\/a>, wo Sie in einem nordischen Bad oder einer Sauna entspannen k\u00f6nnen. Indem Sie k\u00f6rperliche Aktivit\u00e4t, kulturelle Entdeckungen und Momente der Entspannung kombinieren, wird Ihr <a href=\"https:\/\/les-atypiques-chalets.com\/de\/location-proche-lac-gerardmer-decouvrez-les-atypiques-chalets-pour-un-sejour-inoubliable\/\" data-wpil-monitor-id=\"866\">Der Aufenthalt in G\u00e9rardmer wird ein unvergessliches Erlebnis sein<\/a>.<\/p>\n<p><strong>H\u00e4ufig gestellte Fragen<\/strong><\/p>\n<p><strong>Was sind die <a href=\"https:\/\/les-atypiques-chalets.com\/de\/les-meilleurs-bars-et-cafes-de-gerardmer\/\" data-wpil-monitor-id=\"449\">Beste Monate zum Radfahren in G\u00e9rardmer?<\/a><\/strong> Die besten Monate f\u00fcr Radtouren in G\u00e9rardmer sind von Mai bis September, wenn die Wetterbedingungen am g\u00fcnstigsten sind.<\/p>\n<p><strong>Gibt es Fahrradverleihe in G\u00e9rardmer?<\/strong> Ja, mehrere <a href=\"https:\/\/les-atypiques-chalets.com\/de\/guide-des-boutiques-de-gerardmer\/\" data-wpil-monitor-id=\"661\">Es gibt Fahrradvermietungen in G\u00e9rardmer<\/a>, bietet eine Auswahl an Rennr\u00e4dern und Mountainbikes.<\/p>\n<p><strong>Sind die Radwege f\u00fcr Anf\u00e4nger geeignet?<\/strong> Es gibt in G\u00e9rardmer Routen f\u00fcr jedes Niveau, von leichten Wegen rund um den See bis hin zu anspruchsvolleren Herausforderungen wie dem Col de la Schlucht.<\/p>\n<p><strong>Muss man die Unterkunft reservieren? <a href=\"https:\/\/les-atypiques-chalets.com\/de\/meilleurs-chalets-familiaux-a-louer-dans-les-vosges\/\" data-wpil-monitor-id=\"126\">Au\u00dfergew\u00f6hnliche Chalets<\/a> im Voraus?<\/strong> Es wird empfohlen, besonders in der Hochsaison im Voraus zu buchen, um die Verf\u00fcgbarkeit zu gew\u00e4hrleisten.<\/p>\n<p><strong><a href=\"https:\/\/les-atypiques-chalets.com\/de\/chalets-avec-bain-nordique-dans-les-vosges\/\" data-wpil-monitor-id=\"149\">Die Ungew\u00f6hnlichen Chalets<\/a> Bieten sie spezielle Dienstleistungen f\u00fcr Radfahrer an?<\/strong> Ja, sie bieten fahrradfreundliche Dienstleistungen an, wie z. B. sichere Fahrradaufbewahrung, Routenkarten und pers\u00f6nliche Empfehlungen.<\/p>\n<p><strong>Gibt es eine Anleitung f\u00fcr Mountainbike-Touren?<\/strong> Ja, die Atypiques Chalets k\u00f6nnen gef\u00fchrte Ausfl\u00fcge organisieren, um zu erkunden <a href=\"https:\/\/les-atypiques-chalets.com\/de\/explorez-les-sentiers-vtt-de-gerardmer-avec-les-atypiques-chalets\/\" data-wpil-monitor-id=\"61\">beste<\/a> Mountainbike-Wege der Region.<\/p>\n\n\t\t<\/div>\n\t<\/div>\n<\/div><\/div><\/div><\/div>\n<\/div>","protected":false},"excerpt":{"rendered":"Chalet IORIK Capacit\u00e9: 4 personnes Superficie: 45 m2 Bain Nordique: privatif Description de notre Chalet Iorik dans les Vosges Id\u00e9al pour les couples ou les petites familles, le Chalet IORIK est un \u00e9crin de douceur pouvant accueillir jusqu\u2019\u00e0 4 personnes. Avec ses 2 chambres cosy et ces 2 lits de 140\u00d7190, il vous promet des<a href=\"https:\/\/les-atypiques-chalets.com\/de\/chalet-aslan\/\" class=\"sohohotel-more-link\">Read More<\/a>","protected":false},"author":1,"featured_media":9794,"comment_status":"closed","ping_status":"open","sticky":false,"template":"","format":"standard","meta":{"_yoast_wpseo_title":"Les 10 meilleurs itin\u00e9raires de cyclisme autour de G\u00e9rardmer","_yoast_wpseo_metadesc":"D\u00e9couvrez les meilleurs itin\u00e9raires de cyclisme autour de G\u00e9rardmer pour une aventure inoubliable sur routes et pistes d\u00e9di\u00e9es aux amateurs de v\u00e9lo.","_yoast_wpseo_focuskw":"#CyclismeG\u00e9rardmer #V\u00e9loDeRouteVosges #VTTG\u00e9rardmer #Itin\u00e9rairesCyclisme #S\u00e9jourCycliste #AtypiquesChalets #ColsVosges #NatureEtCyclisme #Cyclotourisme","footnotes":""},"categories":[960],"tags":[819,1052,1055,1051,949,951,1057,1060,1053,953,1046,1056,1049,1058,1059,1050,1054,1047,1048],"class_list":["post-10952","post","type-post","status-publish","format-standard","has-post-thumbnail","hentry","category-velo","tag-atypiques-chalets-gerardmer","tag-bien-etre-apres-cyclisme-gerardmer","tag-circuits-velo-gerardmer","tag-cols-vosges-cyclisme","tag-cyclisme-gerardmer","tag-cyclotourisme-gerardmer","tag-decouvertes-cyclisme-gerardmer","tag-evenements-cyclistes-gerardmer","tag-hebergement-cyclistes-gerardmer","tag-itineraires-cyclisme-gerardmer","tag-meilleurs-parcours-velo-gerardmer","tag-nature-vosges-cyclisme","tag-randonnee-velo-gerardmer","tag-sante-cyclisme-gerardmer","tag-securite-cyclisme-gerardmer","tag-sejour-cycliste-gerardmer","tag-vacances-velo-gerardmer","tag-velo-de-route-vosges","tag-vtt-gerardmer"],"_links":{"self":[{"href":"https:\/\/les-atypiques-chalets.com\/de\/wp-json\/wp\/v2\/posts\/10952","targetHints":{"allow":["GET"]}}],"collection":[{"href":"https:\/\/les-atypiques-chalets.com\/de\/wp-json\/wp\/v2\/posts"}],"about":[{"href":"https:\/\/les-atypiques-chalets.com\/de\/wp-json\/wp\/v2\/types\/post"}],"author":[{"embeddable":true,"href":"https:\/\/les-atypiques-chalets.com\/de\/wp-json\/wp\/v2\/users\/1"}],"replies":[{"embeddable":true,"href":"https:\/\/les-atypiques-chalets.com\/de\/wp-json\/wp\/v2\/comments?post=10952"}],"version-history":[{"count":0,"href":"https:\/\/les-atypiques-chalets.com\/de\/wp-json\/wp\/v2\/posts\/10952\/revisions"}],"wp:featuredmedia":[{"embeddable":true,"href":"https:\/\/les-atypiques-chalets.com\/de\/wp-json\/wp\/v2\/media\/9794"}],"wp:attachment":[{"href":"https:\/\/les-atypiques-chalets.com\/de\/wp-json\/wp\/v2\/media?parent=10952"}],"wp:term":[{"taxonomy":"category","embeddable":true,"href":"https:\/\/les-atypiques-chalets.com\/de\/wp-json\/wp\/v2\/categories?post=10952"},{"taxonomy":"post_tag","embeddable":true,"href":"https:\/\/les-atypiques-chalets.com\/de\/wp-json\/wp\/v2\/tags?post=10952"}],"curies":[{"name":"wp","href":"https:\/\/api.w.org\/{rel}","templated":true}]}}