{"id":10974,"date":"2024-06-13T12:12:03","date_gmt":"2024-06-13T12:12:03","guid":{"rendered":"https:\/\/les-atypiques-chalets.com\/?p=10974"},"modified":"2025-05-21T14:02:25","modified_gmt":"2025-05-21T14:02:25","slug":"comment-preparer-votre-sejour-en-ete-a-gerardmer","status":"publish","type":"post","link":"https:\/\/les-atypiques-chalets.com\/de\/comment-preparer-votre-sejour-en-ete-a-gerardmer\/","title":{"rendered":"Comment Pr\u00e9parer Votre S\u00e9jour en \u00e9t\u00e9 \u00e0 G\u00e9rardmer"},"content":{"rendered":"<div class=\"wpb-content-wrapper\"><div class=\"vc_row wpb_row vc_row-fluid\"><div class=\"wpb_column vc_column_container vc_col-sm-12\"><div class=\"vc_column-inner\"><div class=\"wpb_wrapper\">\n\t<div class=\"wpb_text_column wpb_content_element\" >\n\t\t<div class=\"wpb_wrapper\">\n\t\t\t<h1>Comment Pr\u00e9parer Votre S\u00e9jour<br \/>\nen \u00e9t\u00e9 \u00e0 G\u00e9rardmer,<\/h1>\n<h3>Conseils et Astuces<\/h3>\n\n\t\t<\/div>\n\t<\/div>\n<\/div><\/div><\/div><\/div><div class=\"vc_row wpb_row vc_row-fluid\"><div class=\"wpb_column vc_column_container vc_col-sm-12\"><div class=\"vc_column-inner\"><div class=\"wpb_wrapper\"><div class=\"vc_empty_space\"   style=\"height: 32px\"><span class=\"vc_empty_space_inner\"><\/span><\/div><div class=\"vc_separator wpb_content_element vc_separator_align_center vc_sep_width_100 vc_sep_pos_align_center wpb_content_element vc_separator-has-text\" ><span class=\"vc_sep_holder vc_sep_holder_l\"><span style=\"border-color:#683c16;\" class=\"vc_sep_line\"><\/span><\/span><h4>Die Ungew\u00f6hnlichen Chalets<\/h4><span class=\"vc_sep_holder vc_sep_holder_r\"><span style=\"border-color:#683c16;\" class=\"vc_sep_line\"><\/span><\/span>\n<\/div><div class=\"vc_empty_space\"   style=\"height: 32px\"><span class=\"vc_empty_space_inner\"><\/span><\/div><\/div><\/div><\/div><\/div><div class=\"vc_row wpb_row vc_row-fluid\"><div class=\"wpb_column vc_column_container vc_col-sm-12\"><div class=\"vc_column-inner\"><div class=\"wpb_wrapper\">\n\t<div class=\"wpb_text_column wpb_content_element\" >\n\t\t<div class=\"wpb_wrapper\">\n\t\t\t<h2>Einf\u00fchrung<\/h2>\n<p><a href=\"https:\/\/les-atypiques-chalets.com\/de\/decouverte-de-gerardmer-et-ses-environs\/\">G\u00e9rardmer, souvent surnomm\u00e9e \u00ab\u00a0la perle des Vosges\u00a0\u00bb<\/a>, est une destination estivale pris\u00e9e pour son magnifique lac, ses paysages verdoyants et ses activit\u00e9s de plein air vari\u00e9es. Que vous soyez un amateur de randonn\u00e9e, de sports nautiques ou simplement \u00e0 la recherche de d\u00e9tente, <a href=\"https:\/\/www.mairie-gerardmer.fr\/\" target=\"_blank\" rel=\"noopener nofollow\">G\u00e9rardmer<\/a> a de quoi vous s\u00e9duire. Ce guide complet vous aidera \u00e0 pr\u00e9parer votre s\u00e9jour estival, en vous offrant des conseils pratiques et des astuces pour profiter pleinement de votre visite, y compris des informations sur la location de chalets atypiques et les meilleures activit\u00e9s \u00e0 faire dans la r\u00e9gion.<\/p>\n\n\t\t<\/div>\n\t<\/div>\n<\/div><\/div><\/div><\/div><div class=\"vc_row wpb_row vc_row-fluid\"><div class=\"wpb_column vc_column_container vc_col-sm-12\"><div class=\"vc_column-inner\"><div class=\"wpb_wrapper\"><div class=\"vc_empty_space\"   style=\"height: 32px\"><span class=\"vc_empty_space_inner\"><\/span><\/div><div class=\"vc_separator wpb_content_element vc_separator_align_center vc_sep_width_100 vc_sep_pos_align_center wpb_content_element vc_separator-has-text\" ><span class=\"vc_sep_holder vc_sep_holder_l\"><span style=\"border-color:#683c16;\" class=\"vc_sep_line\"><\/span><\/span><h4>Die Ungew\u00f6hnlichen Chalets<\/h4><span class=\"vc_sep_holder vc_sep_holder_r\"><span style=\"border-color:#683c16;\" class=\"vc_sep_line\"><\/span><\/span>\n<\/div><div class=\"vc_empty_space\"   style=\"height: 32px\"><span class=\"vc_empty_space_inner\"><\/span><\/div><\/div><\/div><\/div><\/div><div class=\"vc_row wpb_row vc_row-fluid\"><div class=\"wpb_column vc_column_container vc_col-sm-12\"><div class=\"vc_column-inner\"><div class=\"wpb_wrapper\">\n\t<div class=\"wpb_text_column wpb_content_element\" >\n\t\t<div class=\"wpb_wrapper\">\n\t\t\t<h2>Introduction \u00e0 G\u00e9rardmer<\/h2>\n<h3><strong>L&rsquo;histoire de G\u00e9rardmer<\/strong><\/h3>\n<p><a href=\"https:\/\/les-atypiques-chalets.com\/de\/guide-des-boutiques-de-gerardmer\/\">G\u00e9rardmer a une riche histoire qui remonte \u00e0 plusieurs si\u00e8cles<\/a>. Initialement un petit village de montagne, il a \u00e9volu\u00e9 pour devenir une destination touristique de premier plan dans les Vosges, connue pour son environnement naturel spectaculaire et son patrimoine culturel.<\/p>\n<h3><strong>Pourquoi visiter G\u00e9rardmer en \u00e9t\u00e9?<\/strong><\/h3>\n<p>L&rsquo;\u00e9t\u00e9 est la saison id\u00e9ale pour d\u00e9couvrir G\u00e9rardmer. Le climat est agr\u00e9able, avec des temp\u00e9ratures douces et de longues journ\u00e9es ensoleill\u00e9es. C&rsquo;est la p\u00e9riode <a href=\"https:\/\/les-atypiques-chalets.com\/de\/trouvez-le-chalet-parfait-a-louer-a-gerardmer\/\" data-wpil-monitor-id=\"164\">parfaite pour profiter du lac de G\u00e9rardmer<\/a>, explorer les sentiers de randonn\u00e9e et participer aux nombreuses activit\u00e9s de plein air disponibles.<\/p>\n\n\t\t<\/div>\n\t<\/div>\n<\/div><\/div><\/div><\/div><div class=\"vc_row wpb_row vc_row-fluid\"><div class=\"wpb_column vc_column_container vc_col-sm-12\"><div class=\"vc_column-inner\"><div class=\"wpb_wrapper\"><div class=\"vc_empty_space\"   style=\"height: 32px\"><span class=\"vc_empty_space_inner\"><\/span><\/div><div class=\"vc_separator wpb_content_element vc_separator_align_center vc_sep_width_100 vc_sep_pos_align_center wpb_content_element vc_separator-has-text\" ><span class=\"vc_sep_holder vc_sep_holder_l\"><span style=\"border-color:#683c16;\" class=\"vc_sep_line\"><\/span><\/span><h4>Die Ungew\u00f6hnlichen Chalets<\/h4><span class=\"vc_sep_holder vc_sep_holder_r\"><span style=\"border-color:#683c16;\" class=\"vc_sep_line\"><\/span><\/span>\n<\/div><div class=\"vc_empty_space\"   style=\"height: 32px\"><span class=\"vc_empty_space_inner\"><\/span><\/div><\/div><\/div><\/div><\/div><div class=\"vc_row wpb_row vc_row-fluid\"><div class=\"wpb_column vc_column_container vc_col-sm-12\"><div class=\"vc_column-inner\"><div class=\"wpb_wrapper\">\n\t<div class=\"wpb_text_column wpb_content_element\" >\n\t\t<div class=\"wpb_wrapper\">\n\t\t\t<h2>Planification de Votre S\u00e9jour<\/h2>\n<h3><strong>Quand partir?<\/strong><\/h3>\n<p>L&rsquo;\u00e9t\u00e9, de juin \u00e0 septembre, est le meilleur moment pour visiter <a href=\"https:\/\/les-atypiques-chalets.com\/de\/10-activites-a-faire-a-gerardmer\/\" data-wpil-monitor-id=\"211\">G\u00e9rardmer<\/a>. Les mois de juillet et ao\u00fbt sont les plus populaires, mais juin et septembre offrent \u00e9galement des conditions m\u00e9t\u00e9orologiques agr\u00e9ables avec moins de foule.<\/p>\n<h3><strong>Comment se rendre \u00e0 G\u00e9rardmer?<\/strong><\/h3>\n<p>G\u00e9rardmer est accessible en voiture, en train ou en bus. Les a\u00e9roports les plus proches sont ceux de Strasbourg et de Mulhouse. Depuis ces villes, vous pouvez louer une voiture ou prendre un train jusqu&rsquo;\u00e0 <a href=\"https:\/\/les-atypiques-chalets.com\/de\/quest-ce-quun-bain-nordique\/\" data-wpil-monitor-id=\"278\">G\u00e9rardmer<\/a>.<\/p>\n<h3><strong>Dur\u00e9e id\u00e9ale du s\u00e9jour<\/strong><\/h3>\n<p>Pour profiter pleinement de toutes les attractions de <a href=\"https:\/\/les-atypiques-chalets.com\/de\/visitez-les-marches-de-gerardmer\/\" data-wpil-monitor-id=\"473\">G\u00e9rardmer<\/a>, un s\u00e9jour de 5 \u00e0 7 jours est id\u00e9al. Cela vous permettra de participer \u00e0 <a href=\"https:\/\/les-atypiques-chalets.com\/de\/gerardmer-se-prepare-a-accueillir-un-nouveau-festival-musical-et-culturel-prometteur-le-fa-solac\/\">diverses activit\u00e9s<\/a> et d&rsquo;explorer les environs \u00e0 un rythme d\u00e9tendu.<\/p>\n<h2><\/h2>\n\n\t\t<\/div>\n\t<\/div>\n<\/div><\/div><\/div><\/div><div class=\"vc_row wpb_row vc_row-fluid\"><div class=\"wpb_column vc_column_container vc_col-sm-12\"><div class=\"vc_column-inner\"><div class=\"wpb_wrapper\"><div class=\"vc_empty_space\"   style=\"height: 32px\"><span class=\"vc_empty_space_inner\"><\/span><\/div><div class=\"vc_separator wpb_content_element vc_separator_align_center vc_sep_width_100 vc_sep_pos_align_center wpb_content_element vc_separator-has-text\" ><span class=\"vc_sep_holder vc_sep_holder_l\"><span style=\"border-color:#683c16;\" class=\"vc_sep_line\"><\/span><\/span><h4>Die Ungew\u00f6hnlichen Chalets<\/h4><span class=\"vc_sep_holder vc_sep_holder_r\"><span style=\"border-color:#683c16;\" class=\"vc_sep_line\"><\/span><\/span>\n<\/div><div class=\"vc_empty_space\"   style=\"height: 32px\"><span class=\"vc_empty_space_inner\"><\/span><\/div><\/div><\/div><\/div><\/div><div class=\"vc_row wpb_row vc_row-fluid\"><div class=\"wpb_column vc_column_container vc_col-sm-12\"><div class=\"vc_column-inner\"><div class=\"wpb_wrapper\">\t\t\n\t\t\t\t\n\t\t\t<!-- BEGIN .shb-accommodation-listing-filter-sorting -->\n\t\t\t<div class=\"shb-accommodation-listing-filter-sorting shb-clearfix\">\n\t\t\t\n\t\t\t\t\t\t\t\n\t\t\t\t<div class=\"shb-accommodation-listing-filter shb-clearfix\">\n\t\t\t\t\t<p>Filtern nach:<\/p>\n\t\t\t\t\t<ul>\n\t\t\t\t\t\t<li class=\"shb-filter-current\"><a href=\"https:\/\/les-atypiques-chalets.com\/de\/wp-json\/wp\/v2\/posts\/10974?shb-orderby=2\">All<\/a><\/li><li class=\"\"><a href=\"https:\/\/les-atypiques-chalets.com\/de\/wp-json\/wp\/v2\/posts\/10974?shb-orderby=2&amp;shb-accommodation-type=chalet-4-personnes-gerardmer\">Chalet f\u00fcr 4 Personen<\/a><\/li><li class=\"\"><a href=\"https:\/\/les-atypiques-chalets.com\/de\/wp-json\/wp\/v2\/posts\/10974?shb-orderby=2&amp;shb-accommodation-type=chalet-6-personnes\">Chalet f\u00fcr 6 Personen<\/a><\/li><li class=\"\"><a href=\"https:\/\/les-atypiques-chalets.com\/de\/wp-json\/wp\/v2\/posts\/10974?shb-orderby=2&amp;shb-accommodation-type=chalets-6-personnes\">Chalets f\u00fcr 6 Personen<\/a><\/li>\t\t\t\t\t<\/ul>\n\t\t\t\t<\/div>\n\t\t\t\n\t\t\t\t\t\t\t\n\t\t\t\t\t\t\t\n\t\t\t\t<div class=\"shb-accommodation-listing-sorting shb-clearfix\">\n\t\t\t\t\t<select>\n\t\t\t\t\t\t<option value=\"https:\/\/les-atypiques-chalets.com\/de\/wp-json\/wp\/v2\/posts\/10974?shb-accommodation-type=0\" selected>Standard-Sortierung<\/option><option value=\"https:\/\/les-atypiques-chalets.com\/de\/wp-json\/wp\/v2\/posts\/10974?shb-accommodation-type=0&shb-orderby=1\" >Preis niedrig bis hoch<\/option><option value=\"https:\/\/les-atypiques-chalets.com\/de\/wp-json\/wp\/v2\/posts\/10974?shb-accommodation-type=0&shb-orderby=2\" >Preis hoch bis niedrig<\/option>\t\t\t\t\t<\/select>\n\t\t\t\t\t<i class=\"fas fa-chevron-down\"><\/i>\n\t\t\t\t<\/div>\n\t\t\t\n\t\t\t\t\t\n\t\t\t<!-- END .shb-accommodation-listing-filter-sorting -->\n\t\t\t<\/div>\n\t\t\n\t\t\t\t\n\t\t<!-- BEGIN .shb-accommodation-listing-style-1 -->\n\t\t<div class=\"shb-accommodation-listing-style-1 shb-accommodation-listing-style-1-columns-3\">\n\t\t\t\n\t\t\t\t\n\t\t\t<!-- BEGIN .shb-accommodation-listing-item -->\n\t\t\t<div class=\"shb-accommodation-listing-item\">\n\t\t\t\n\t\t\t\t\t\t\t\t\t<a href=\"https:\/\/les-atypiques-chalets.com\/de\/chalet-charkhan\/\" rel=\"bookmark\" title=\"Chalet Charkhan\">\n\t\t\t\t\t\t\t\t\t\t\t\t<img decoding=\"async\" class=\"shb-accommodation-listing-image\" src=\"https:\/\/les-atypiques-chalets.com\/wp-content\/uploads\/2025\/03\/salon-charkhan-03-L-1180x675.webp\" alt=\"Chalet Charkhan\" \/>\t\t\t\t\t<\/a>\n\t\t\t\t\t\t\t\n\t\t\t\t<div class=\"shb-accommodation-listing-description-wrapper\">\n\t\t\t\t\n\t\t\t\t\t<h3><a href=\"https:\/\/les-atypiques-chalets.com\/de\/chalet-charkhan\/\" rel=\"bookmark\" title=\"Chalet Charkhan\">Chalet Charkhan<\/a><\/h3>\n\t\t\t\t\n\t\t\t\t\t<div class=\"shb-accommodation-listing-description shb-clearfix\">\n\t\t\t\t\t\t<ul>\r\n<li><i class=\"fas fa-user\"><\/i><span>Kapazit\u00e4t<\/span> 6 Personen<\/li>\r\n<li><i class=\"fas fa-ruler-combined\"><\/i><span>Oberfl\u00e4che<\/span> 65 m\u00b2<\/li>\r\n<li><i class=\"fas fa-hot-tub\"><\/i><span> Nordische Badewanne<\/span> privativ<\/li>\r\n<\/ul>\t\t\t\t\t\t<a href=\"https:\/\/les-atypiques-chalets.com\/de\/chalet-charkhan\/\" class=\"shb-accommodation-listing-button1\">ab 225\u20ac\/Nacht<\/a>\n\t\t\t\t\t\t<a href=\"https:\/\/les-atypiques-chalets.com\/de\/chalet-charkhan\/\" class=\"shb-accommodation-listing-button2\">Zimmer anzeigen<i class=\"fas fa-chevron-right\"><\/i><\/a>\n\t\t\t\t\t<\/div>\n\t\t\t\t\n\t\t\t\t<\/div>\n\t\t\t\n\t\t\t<!-- END .shb-accommodation-listing-item -->\n\t\t\t<\/div>\n\t\t\n\t\t\t\t\n\t\t\t<!-- BEGIN .shb-accommodation-listing-item -->\n\t\t\t<div class=\"shb-accommodation-listing-item\">\n\t\t\t\n\t\t\t\t\t\t\t\t\t<a href=\"https:\/\/les-atypiques-chalets.com\/de\/chalet-aslan\/\" rel=\"bookmark\" title=\"Chalet Aslan\">\n\t\t\t\t\t\t\t\t\t\t\t\t<img decoding=\"async\" class=\"shb-accommodation-listing-image\" src=\"https:\/\/les-atypiques-chalets.com\/wp-content\/uploads\/2025\/03\/ASLAN-2-900x710.webp\" alt=\"Chalet Aslan\" \/>\t\t\t\t\t<\/a>\n\t\t\t\t\t\t\t\n\t\t\t\t<div class=\"shb-accommodation-listing-description-wrapper\">\n\t\t\t\t\n\t\t\t\t\t<h3><a href=\"https:\/\/les-atypiques-chalets.com\/de\/chalet-aslan\/\" rel=\"bookmark\" title=\"Chalet Aslan\">Chalet Aslan<\/a><\/h3>\n\t\t\t\t\n\t\t\t\t\t<div class=\"shb-accommodation-listing-description shb-clearfix\">\n\t\t\t\t\t\t<ul>\r\n<li><i class=\"fas fa-user\"><\/i><span>Kapazit\u00e4t<\/span> 5 Personen<\/li>\r\n<li><i class=\"fas fa-ruler-combined\"><\/i><span>Oberfl\u00e4che<\/span> 65 m\u00b2<\/li>\r\n<li><i class=\"fas fa-hot-tub\"><\/i><span> Nordische Badewanne<\/span> privativ<\/li>\r\n<\/ul>\t\t\t\t\t\t<a href=\"https:\/\/les-atypiques-chalets.com\/de\/chalet-aslan\/\" class=\"shb-accommodation-listing-button1\">ab 215 \u20ac\/Nacht<\/a>\n\t\t\t\t\t\t<a href=\"https:\/\/les-atypiques-chalets.com\/de\/chalet-aslan\/\" class=\"shb-accommodation-listing-button2\">Zimmer anzeigen<i class=\"fas fa-chevron-right\"><\/i><\/a>\n\t\t\t\t\t<\/div>\n\t\t\t\t\n\t\t\t\t<\/div>\n\t\t\t\n\t\t\t<!-- END .shb-accommodation-listing-item -->\n\t\t\t<\/div>\n\t\t\n\t\t\t\t\n\t\t\t<!-- BEGIN .shb-accommodation-listing-item -->\n\t\t\t<div class=\"shb-accommodation-listing-item\">\n\t\t\t\n\t\t\t\t\t\t\t\t\t<a href=\"https:\/\/les-atypiques-chalets.com\/de\/chalet-iorik\/\" rel=\"bookmark\" title=\"Chalet Iorik\">\n\t\t\t\t\t\t\t\t\t\t\t\t<img decoding=\"async\" class=\"shb-accommodation-listing-image\" src=\"https:\/\/les-atypiques-chalets.com\/wp-content\/uploads\/2025\/09\/iorik-sejour-L-1024x710.webp\" alt=\"Chalet Iorik\" \/>\t\t\t\t\t<\/a>\n\t\t\t\t\t\t\t\n\t\t\t\t<div class=\"shb-accommodation-listing-description-wrapper\">\n\t\t\t\t\n\t\t\t\t\t<h3><a href=\"https:\/\/les-atypiques-chalets.com\/de\/chalet-iorik\/\" rel=\"bookmark\" title=\"Chalet Iorik\">Chalet Iorik<\/a><\/h3>\n\t\t\t\t\n\t\t\t\t\t<div class=\"shb-accommodation-listing-description shb-clearfix\">\n\t\t\t\t\t\t<ul>\r\n<li><i class=\"fas fa-user\"><\/i><span>Kapazit\u00e4t<\/span> 4 Personen<\/li>\r\n<li><i class=\"fas fa-ruler-combined\"><\/i><span>Oberfl\u00e4che<\/span> 45 m2<\/li>\r\n<li><i class=\"fas fa-hot-tub\"><\/i><span> Nordische Badewanne<\/span> privativ<\/li>\r\n<\/ul>\t\t\t\t\t\t<a href=\"https:\/\/les-atypiques-chalets.com\/de\/chalet-iorik\/\" class=\"shb-accommodation-listing-button1\">ab 170\u20ac\/Nacht<\/a>\n\t\t\t\t\t\t<a href=\"https:\/\/les-atypiques-chalets.com\/de\/chalet-iorik\/\" class=\"shb-accommodation-listing-button2\">Zimmer anzeigen<i class=\"fas fa-chevron-right\"><\/i><\/a>\n\t\t\t\t\t<\/div>\n\t\t\t\t\n\t\t\t\t<\/div>\n\t\t\t\n\t\t\t<!-- END .shb-accommodation-listing-item -->\n\t\t\t<\/div>\n\t\t\n\t\t\t\t\t\n\t\t<!-- END .shb-accommodation-listing-style-1 -->\n\t\t<\/div>\n\t\n\t\t\n\t\t\t\n\t\t<div class=\"shb-clearboth\"><\/div>\n\t\t<div class=\"shb-accommodation-listing-1-pagination\">\n\t\t\t\t<\/div>\n\t\t\n\t\t\n\t<\/div><\/div><\/div><\/div><div class=\"vc_row wpb_row vc_row-fluid\"><div class=\"wpb_column vc_column_container vc_col-sm-12\"><div class=\"vc_column-inner\"><div class=\"wpb_wrapper\">\n\t<div class=\"wpb_text_column wpb_content_element\" >\n\t\t<div class=\"wpb_wrapper\">\n\t\t\t<h2>H\u00e9bergements \u00e0 G\u00e9rardmer<\/h2>\n<h3><strong>Les types d&rsquo;h\u00e9bergements<\/strong><\/h3>\n<p>G\u00e9rardmer offre une vari\u00e9t\u00e9 d&rsquo;h\u00e9bergements, des h\u00f4tels et g\u00eetes aux campings et chambres d&rsquo;h\u00f4tes. Cependant, pour une <a href=\"https:\/\/les-atypiques-chalets.com\/de\/hebergement-romantique-pour-les-couples-vivez-une-experience-unique-dans-nos-chalets-atypiques\/\" data-wpil-monitor-id=\"1009\">exp\u00e9rience unique<\/a>, la location d&rsquo;un chalet est fortement recommand\u00e9e.<\/p>\n<h3><strong>Les atypiques chalets<\/strong><\/h3>\n<p><a href=\"https:\/\/les-atypiques-chalets.com\/de\/\">Les chalets atypiques \u00e0 G\u00e9rardmer<\/a> offrent une exp\u00e9rience authentique et confortable. Ils sont souvent situ\u00e9s dans des endroits pittoresques, offrant une <a href=\"https:\/\/les-atypiques-chalets.com\/de\/location-chalet-vosges-jacuzzi\/\" data-wpil-monitor-id=\"2116\">vue magnifique sur le lac<\/a> ou les montagnes environnantes. Ces <a href=\"https:\/\/les-atypiques-chalets.com\/de\/politique-de-confidentialite\/\" data-wpil-monitor-id=\"2000\">chalets sont \u00e9quip\u00e9s de tout le confort<\/a> moderne tout en conservant un charme rustique.<\/p>\n<h3><strong>Conseils pour la location saisonni\u00e8re<\/strong><\/h3>\n<ul>\n<li><strong>R\u00e9servez \u00e0 l&rsquo;avance<\/strong> : <a href=\"https:\/\/les-atypiques-chalets.com\/de\/tag\/spa\/\" data-wpil-monitor-id=\"2138\">Les chalets les plus populaires<\/a> se r\u00e9servent rapidement, surtout en haute saison.<\/li>\n<li><strong><a href=\"https:\/\/les-atypiques-chalets.com\/de\/avis-voyageurs\/\" data-wpil-monitor-id=\"601\">Lisez les<\/a> avis<\/strong> : Les avis des pr\u00e9c\u00e9dents locataires peuvent vous donner une bonne id\u00e9e de la qualit\u00e9 de l&rsquo;h\u00e9bergement.<\/li>\n<li><strong>V\u00e9rifiez les \u00e9quipements<\/strong> : Assurez-vous que le <a href=\"https:\/\/les-atypiques-chalets.com\/de\/sejour-detente-dans-un-chalet-avec-bain-nordique-et-sauna-dans-les-vosges\/\" data-wpil-monitor-id=\"547\">chalet dispose de toutes les commodit\u00e9s n\u00e9cessaires pour votre s\u00e9jour<\/a>.<\/li>\n<\/ul>\n\n\t\t<\/div>\n\t<\/div>\n<\/div><\/div><\/div><\/div><div class=\"vc_row wpb_row vc_row-fluid\"><div class=\"wpb_column vc_column_container vc_col-sm-12\"><div class=\"vc_column-inner\"><div class=\"wpb_wrapper\"><div class=\"vc_empty_space\"   style=\"height: 32px\"><span class=\"vc_empty_space_inner\"><\/span><\/div><div class=\"vc_separator wpb_content_element vc_separator_align_center vc_sep_width_100 vc_sep_pos_align_center wpb_content_element vc_separator-has-text\" ><span class=\"vc_sep_holder vc_sep_holder_l\"><span style=\"border-color:#683c16;\" class=\"vc_sep_line\"><\/span><\/span><h4>Die Ungew\u00f6hnlichen Chalets<\/h4><span class=\"vc_sep_holder vc_sep_holder_r\"><span style=\"border-color:#683c16;\" class=\"vc_sep_line\"><\/span><\/span>\n<\/div><div class=\"vc_empty_space\"   style=\"height: 32px\"><span class=\"vc_empty_space_inner\"><\/span><\/div><\/div><\/div><\/div><\/div><div class=\"vc_row wpb_row vc_row-fluid\"><div class=\"wpb_column vc_column_container vc_col-sm-12\"><div class=\"vc_column-inner\"><div class=\"wpb_wrapper\">\n\t<div class=\"wpb_text_column wpb_content_element\" >\n\t\t<div class=\"wpb_wrapper\">\n\t\t\t<h2>Activit\u00e9s Estivales \u00e0 G\u00e9rardmer<\/h2>\n<h3><strong>Activit\u00e9s nautiques<\/strong><\/h3>\n<p>Le <a href=\"https:\/\/les-atypiques-chalets.com\/de\/idees-de-week-end-a-gerardmer\/\" data-wpil-monitor-id=\"385\">Lac de G\u00e9rardmer<\/a> est le lieu id\u00e9al pour pratiquer des sports nautiques comme le kayak, la voile, la planche \u00e0 voile et m\u00eame la baignade. Des p\u00e9dalos et des bateaux peuvent \u00e9galement \u00eatre lou\u00e9s pour une exploration plus tranquille.<\/p>\n<h3><strong>Randonn\u00e9es et promenades<\/strong><\/h3>\n<p>Les Vosges offrent de nombreux <a href=\"https:\/\/les-atypiques-chalets.com\/de\/votre-chalet-de-randonnee-dans-les-vosges-au-coeur-de-la-nature\/\">sentiers de randonn\u00e9e<\/a> pour tous les niveaux. Des promenades faciles autour du lac aux <a href=\"https:\/\/les-atypiques-chalets.com\/de\/randonnee-en-montagne-une-aventure-inoubliable\/\" data-wpil-monitor-id=\"616\">randonn\u00e9es plus ardues dans les montagnes<\/a>, il y en a pour tous les go\u00fbts. Les <a href=\"https:\/\/les-atypiques-chalets.com\/de\/les-meilleurs-spots-pour-le-parapente-dans-la-region-de-gerardmer\/\" data-wpil-monitor-id=\"2022\">cascades de Tendon et le sentier des Roches<\/a> sont des incontournables.<\/p>\n<h3><strong>Visites culturelles<\/strong><\/h3>\n<p><a href=\"https:\/\/les-atypiques-chalets.com\/de\/tag\/aventures-estivales\/\" data-wpil-monitor-id=\"2141\">G\u00e9rardmer et ses environs<\/a> abritent de nombreux sites culturels et historiques. Ne manquez pas de visiter l&rsquo;\u00e9glise Saint-Barth\u00e9lemy, le mus\u00e9e de la Faune Lorraine, et les march\u00e9s <a href=\"https:\/\/les-atypiques-chalets.com\/de\/astuces-eco-responsables-pour-les-locataires-saisonniers-conseils-pour-un-sejour-ecologique-et-responsable-dans-votre-location-saisonniere\/\" data-wpil-monitor-id=\"255\">locaux pour d\u00e9couvrir l&rsquo;artisanat et les produits<\/a> locaux.<\/p>\n\n\t\t<\/div>\n\t<\/div>\n<\/div><\/div><\/div><\/div><div class=\"vc_row wpb_row vc_row-fluid\"><div class=\"wpb_column vc_column_container vc_col-sm-12\"><div class=\"vc_column-inner\"><div class=\"wpb_wrapper\"><div class=\"vc_empty_space\"   style=\"height: 32px\"><span class=\"vc_empty_space_inner\"><\/span><\/div><div class=\"vc_separator wpb_content_element vc_separator_align_center vc_sep_width_100 vc_sep_pos_align_center wpb_content_element vc_separator-has-text\" ><span class=\"vc_sep_holder vc_sep_holder_l\"><span style=\"border-color:#683c16;\" class=\"vc_sep_line\"><\/span><\/span><h4>Die Ungew\u00f6hnlichen Chalets<\/h4><span class=\"vc_sep_holder vc_sep_holder_r\"><span style=\"border-color:#683c16;\" class=\"vc_sep_line\"><\/span><\/span>\n<\/div><div class=\"vc_empty_space\"   style=\"height: 32px\"><span class=\"vc_empty_space_inner\"><\/span><\/div><\/div><\/div><\/div><\/div><div class=\"vc_row wpb_row vc_row-fluid\"><div class=\"wpb_column vc_column_container vc_col-sm-12\"><div class=\"vc_column-inner\"><div class=\"wpb_wrapper\">\n\t<div class=\"wpb_text_column wpb_content_element\" >\n\t\t<div class=\"wpb_wrapper\">\n\t\t\t<h2>Gastronomie Locale<\/h2>\n<h3><strong>Les sp\u00e9cialit\u00e9s vosgiennes<\/strong><\/h3>\n<p>La r\u00e9gion des <a href=\"https:\/\/les-atypiques-chalets.com\/de\/organisez-votre-sejour-a-gerardmer\/\" data-wpil-monitor-id=\"322\">Vogesen<\/a> est r\u00e9put\u00e9e pour ses sp\u00e9cialit\u00e9s culinaires. Le munster, les tourtes vosgiennes, et <a href=\"https:\/\/les-atypiques-chalets.com\/de\/comment-preparer-votre-sejour-a-gerardmer-conseils-et-astuces\/\" data-wpil-monitor-id=\"2083\">les plats \u00e0 base de mirabelles<\/a> sont des incontournables.<\/p>\n<h3><strong>Meilleurs restaurants \u00e0 G\u00e9rardmer<\/strong><\/h3>\n<p>Pour go\u00fbter aux d\u00e9lices locaux, <a href=\"https:\/\/les-atypiques-chalets.com\/de\/meilleurs-restaurants-gerardmer-tour-culinaire\/\">rendez-vous dans des restaurants<\/a> comme \u00ab\u00a0Le Coq \u00e0 l&rsquo;\u00c2ne\u00a0\u00bb, \u00ab\u00a0La Table du Haut Jardin\u00a0\u00bb et \u00ab\u00a0L&rsquo;Auberge de la Poirie\u00a0\u00bb. Ces \u00e9tablissements offrent des plats traditionnels pr\u00e9par\u00e9s avec des produits frais et locaux.<\/p>\n\n\t\t<\/div>\n\t<\/div>\n<\/div><\/div><\/div><\/div><div class=\"vc_row wpb_row vc_row-fluid\"><div class=\"wpb_column vc_column_container vc_col-sm-12\"><div class=\"vc_column-inner\"><div class=\"wpb_wrapper\"><div class=\"vc_empty_space\"   style=\"height: 32px\"><span class=\"vc_empty_space_inner\"><\/span><\/div><div class=\"vc_separator wpb_content_element vc_separator_align_center vc_sep_width_100 vc_sep_pos_align_center wpb_content_element vc_separator-has-text\" ><span class=\"vc_sep_holder vc_sep_holder_l\"><span style=\"border-color:#683c16;\" class=\"vc_sep_line\"><\/span><\/span><h4>Die Ungew\u00f6hnlichen Chalets<\/h4><span class=\"vc_sep_holder vc_sep_holder_r\"><span style=\"border-color:#683c16;\" class=\"vc_sep_line\"><\/span><\/span>\n<\/div><div class=\"vc_empty_space\"   style=\"height: 32px\"><span class=\"vc_empty_space_inner\"><\/span><\/div><\/div><\/div><\/div><\/div><div class=\"vc_row wpb_row vc_row-fluid\"><div class=\"wpb_column vc_column_container vc_col-sm-12\"><div class=\"vc_column-inner\"><div class=\"wpb_wrapper\">\n\t<div class=\"wpb_text_column wpb_content_element\" >\n\t\t<div class=\"wpb_wrapper\">\n\t\t\t<h2>Conseils Pratiques pour Votre S\u00e9jour<\/h2>\n<h3><strong>Ce qu&rsquo;il faut emporter<\/strong><\/h3>\n<ul>\n<li><strong>V\u00eatements adapt\u00e9s<\/strong> : Emportez des v\u00eatements l\u00e9gers pour la journ\u00e9e et des couches suppl\u00e9mentaires pour les soir\u00e9es plus fra\u00eeches.<\/li>\n<li><strong>Chaussures de <a href=\"https:\/\/les-atypiques-chalets.com\/de\/les-10-choses-a-faire-a-gerardmer-en-ete\/\" data-wpil-monitor-id=\"1681\">Wanderung<\/a><\/strong> : Indispensables pour explorer les sentiers de montagne.<\/li>\n<li><strong>\u00c9quipement de baignade<\/strong> : N&rsquo;oubliez pas votre <a href=\"https:\/\/les-atypiques-chalets.com\/de\/wpbc-booking\/\" data-wpil-monitor-id=\"2046\">maillot de bain pour profiter du lac<\/a>.<\/li>\n<\/ul>\n<h3><strong>Sicherheitshinweise<\/strong><\/h3>\n<ul>\n<li><strong>Respectez la nature<\/strong> : Suivez les sentiers balis\u00e9s et ne laissez pas de d\u00e9chets.<\/li>\n<li><strong>Pr\u00e9parez-vous aux conditions m\u00e9t\u00e9orologiques<\/strong> : Le temps peut changer rapidement en montagne, alors soyez pr\u00eats.<\/li>\n<\/ul>\n<h3><strong>Astuces pour \u00e9conomiser<\/strong><\/h3>\n<ul>\n<li><strong>R\u00e9servez en avance<\/strong> : Pour obtenir les <a href=\"https:\/\/les-atypiques-chalets.com\/de\/infos-legales\/\" data-wpil-monitor-id=\"2011\">meilleurs tarifs sur les h\u00e9bergements<\/a> et les activit\u00e9s.<\/li>\n<li><strong>Profitez des march\u00e9s locaux<\/strong> : Achetez des produits frais et pr\u00e9parez vos repas pour \u00e9conomiser sur les restaurants.<\/li>\n<\/ul>\n\n\t\t<\/div>\n\t<\/div>\n<\/div><\/div><\/div><\/div><div class=\"vc_row wpb_row vc_row-fluid\"><div class=\"wpb_column vc_column_container vc_col-sm-12\"><div class=\"vc_column-inner\"><div class=\"wpb_wrapper\"><div class=\"vc_empty_space\"   style=\"height: 32px\"><span class=\"vc_empty_space_inner\"><\/span><\/div><div class=\"vc_btn3-container vc_btn3-center vc_do_btn\" ><a class=\"vc_general vc_btn3 vc_btn3-size-lg vc_btn3-shape-rounded vc_btn3-style-modern vc_btn3-color-success\" href=\"https:\/\/les-atypiques-chalets.com\/de\/meilleurs-restaurants-gerardmer-tour-culinaire\/\" title=\"\">\u201cNe manquez pas notre s\u00e9lection des 20 meilleurs restaurants \u00e0 G\u00e9rardmer pour agr\u00e9menter vos soir\u00e9es d\u2019\u00e9t\u00e9.\u201d<\/a><\/div><div class=\"vc_separator wpb_content_element vc_separator_align_center vc_sep_width_100 vc_sep_pos_align_center wpb_content_element vc_separator-has-text\" ><span class=\"vc_sep_holder vc_sep_holder_l\"><span style=\"border-color:#683c16;\" class=\"vc_sep_line\"><\/span><\/span><h4>Die Ungew\u00f6hnlichen Chalets<\/h4><span class=\"vc_sep_holder vc_sep_holder_r\"><span style=\"border-color:#683c16;\" class=\"vc_sep_line\"><\/span><\/span>\n<\/div><div class=\"vc_empty_space\"   style=\"height: 32px\"><span class=\"vc_empty_space_inner\"><\/span><\/div><\/div><\/div><\/div><\/div><div class=\"vc_row wpb_row vc_row-fluid\"><div class=\"wpb_column vc_column_container vc_col-sm-12\"><div class=\"vc_column-inner\"><div class=\"wpb_wrapper\">\n\t<div class=\"wpb_text_column wpb_content_element\" >\n\t\t<div class=\"wpb_wrapper\">\n\t\t\t<h2>FAQ<\/h2>\n<p><strong>Quelle est la <a href=\"https:\/\/les-atypiques-chalets.com\/de\/les-meilleurs-bars-et-cafes-de-gerardmer\/\" data-wpil-monitor-id=\"453\">meilleure p\u00e9riode pour visiter G\u00e9rardmer?<\/a><\/strong> La meilleure p\u00e9riode pour visiter G\u00e9rardmer est en \u00e9t\u00e9, de juin \u00e0 septembre, lorsque le temps est le plus favorable pour les activit\u00e9s de plein air.<\/p>\n<p><strong>Comment se rendre \u00e0 <a href=\"https:\/\/les-atypiques-chalets.com\/de\/rejoignez-laventure-a-gerardmer-reservez-votre-sejour\/\" data-wpil-monitor-id=\"782\">G\u00e9rardmer<\/a> sans voiture?<\/strong> Vous pouvez vous rendre \u00e0 G\u00e9rardmer en train ou en bus depuis les grandes villes comme Strasbourg et Mulhouse. Des taxis et des services de location de voitures sont \u00e9galement disponibles.<\/p>\n<p><strong>Quels sont les meilleurs endroits pour se loger \u00e0 G\u00e9rardmer?<\/strong> Lesen <a href=\"https:\/\/les-atypiques-chalets.com\/de\/a-propos-de-nous\/\" data-wpil-monitor-id=\"15\">chalets atypiques<\/a> offrent une exp\u00e9rience unique et confortable. Il existe \u00e9galement de nombreux h\u00f4tels, g\u00eetes et chambres d&rsquo;h\u00f4tes.<\/p>\n<p><strong>Quelles activit\u00e9s sont recommand\u00e9es pour les familles?<\/strong> Les activit\u00e9s nautiques sur le lac, les randonn\u00e9es faciles, et les visites culturelles comme le mus\u00e9e de la Faune Lorraine sont parfaites pour les familles.<\/p>\n<p><strong>Was sind die <\/strong><a href=\"https:\/\/les-atypiques-chalets.com\/de\/reseaux-sociaux\/\" data-wpil-monitor-id=\"2058\">plats typiques \u00e0 go\u00fbter \u00e0 G\u00e9rardmer?<\/a> Ne manquez pas le munster, les tourtes vosgiennes, et les plats \u00e0 base de mirabelles. Ces sp\u00e9cialit\u00e9s locales sont d\u00e9licieuses.<\/p>\n<p><strong>Comment trouver des locations de <a href=\"https:\/\/les-atypiques-chalets.com\/de\/explorez-les-sentiers-vtt-de-gerardmer-avec-les-atypiques-chalets\/\" data-wpil-monitor-id=\"65\">chalets \u00e0 G\u00e9rardmer?<\/a><\/strong> Utilisez des sites de location en ligne comme Airbnb, Abritel, et consultez les avis des pr\u00e9c\u00e9dents locataires pour trouver les meilleures options.<\/p>\n<h2>Schlussfolgerung<\/h2>\n<p>Pr\u00e9parer votre s\u00e9jour en \u00e9t\u00e9 <a href=\"https:\/\/les-atypiques-chalets.com\/de\/location-proche-lac-gerardmer-decouvrez-les-atypiques-chalets-pour-un-sejour-inoubliable\/\" data-wpil-monitor-id=\"855\">in G\u00e9rardmer<\/a> est la cl\u00e9 pour une exp\u00e9rience inoubliable. En suivant ces conseils et astuces, vous pourrez profiter pleinement de tout ce que cette <a href=\"https:\/\/les-atypiques-chalets.com\/de\/guide-complet-des-activites-a-faire-lors-de-la-location-dun-chalet-a-gerardmer\/\" data-wpil-monitor-id=\"2113\">magnifique destination a \u00e0 offrir<\/a>. Que vous choisissiez de s\u00e9journer dans un <a href=\"https:\/\/les-atypiques-chalets.com\/de\/blog\/\" data-wpil-monitor-id=\"96\">chalet atypique<\/a>, de vous aventurer sur les sentiers de randonn\u00e9e, ou de savourer les d\u00e9lices culinaires locaux, G\u00e9rardmer vous promet des vacances m\u00e9morables dans les Vosges.<\/p>\n\n\t\t<\/div>\n\t<\/div>\n<\/div><\/div><\/div><\/div>\n<\/div>","protected":false},"excerpt":{"rendered":"Chalet IORIK Capacit\u00e9: 4 personnes Superficie: 45 m2 Bain Nordique: privatif Description de notre Chalet Iorik dans les Vosges Id\u00e9al pour les couples ou les petites familles, le Chalet IORIK est un \u00e9crin de douceur pouvant accueillir jusqu\u2019\u00e0 4 personnes. Avec ses 2 chambres cosy et ces 2 lits de 140\u00d7190, il vous promet des<a href=\"https:\/\/les-atypiques-chalets.com\/de\/chalet-aslan\/\" class=\"sohohotel-more-link\">Read More<\/a>","protected":false},"author":1,"featured_media":10975,"comment_status":"closed","ping_status":"open","sticky":false,"template":"","format":"standard","meta":{"_yoast_wpseo_title":"S\u00e9jour en \u00c9t\u00e9 \u00e0 G\u00e9rardmer : Conseils et Astuces","_yoast_wpseo_metadesc":"Pr\u00e9parez votre s\u00e9jour estival \u00e0 G\u00e9rardmer avec nos conseils et astuces pratiques. R\u00e9servez maintenant !","_yoast_wpseo_focuskw":"#AtypiquesChalets #G\u00e9rardmer #Vosges #LocationSaisonni\u00e8re #\u00c9t\u00e9\u00e0G\u00e9rardmer #Activit\u00e9sEstivales #H\u00e9bergement #Randonn\u00e9eVosges #GastronomieVosgienne #SportsNautiques","footnotes":""},"categories":[707],"tags":[1080,1079,706,664,730,968,747,1043,713,671],"class_list":["post-10974","post","type-post","status-publish","format-standard","has-post-thumbnail","hentry","category-gerardmer","tag-activites-estivales-gerardmer","tag-ete-a-gerardmer","tag-gastronomie-vosgienne","tag-gerardmer","tag-hebergement-gerardmer","tag-les-atypiques-chalets","tag-location-saisonniere","tag-randonnee-vosges","tag-sports-nautiques-gerardmer","tag-vosges"],"_links":{"self":[{"href":"https:\/\/les-atypiques-chalets.com\/de\/wp-json\/wp\/v2\/posts\/10974","targetHints":{"allow":["GET"]}}],"collection":[{"href":"https:\/\/les-atypiques-chalets.com\/de\/wp-json\/wp\/v2\/posts"}],"about":[{"href":"https:\/\/les-atypiques-chalets.com\/de\/wp-json\/wp\/v2\/types\/post"}],"author":[{"embeddable":true,"href":"https:\/\/les-atypiques-chalets.com\/de\/wp-json\/wp\/v2\/users\/1"}],"replies":[{"embeddable":true,"href":"https:\/\/les-atypiques-chalets.com\/de\/wp-json\/wp\/v2\/comments?post=10974"}],"version-history":[{"count":0,"href":"https:\/\/les-atypiques-chalets.com\/de\/wp-json\/wp\/v2\/posts\/10974\/revisions"}],"wp:featuredmedia":[{"embeddable":true,"href":"https:\/\/les-atypiques-chalets.com\/de\/wp-json\/wp\/v2\/media\/10975"}],"wp:attachment":[{"href":"https:\/\/les-atypiques-chalets.com\/de\/wp-json\/wp\/v2\/media?parent=10974"}],"wp:term":[{"taxonomy":"category","embeddable":true,"href":"https:\/\/les-atypiques-chalets.com\/de\/wp-json\/wp\/v2\/categories?post=10974"},{"taxonomy":"post_tag","embeddable":true,"href":"https:\/\/les-atypiques-chalets.com\/de\/wp-json\/wp\/v2\/tags?post=10974"}],"curies":[{"name":"wp","href":"https:\/\/api.w.org\/{rel}","templated":true}]}}