{"id":11095,"date":"2024-07-01T13:42:08","date_gmt":"2024-07-01T13:42:08","guid":{"rendered":"https:\/\/les-atypiques-chalets.com\/?p=11095"},"modified":"2025-05-21T19:10:24","modified_gmt":"2025-05-21T19:10:24","slug":"10-activites-a-faire-a-gerardmer","status":"publish","type":"post","link":"https:\/\/les-atypiques-chalets.com\/de\/10-activites-a-faire-a-gerardmer\/","title":{"rendered":"10 activit\u00e9s \u00e0 faire \u00e0 G\u00e9rardmer"},"content":{"rendered":"<div class=\"wpb-content-wrapper\"><div class=\"vc_row wpb_row vc_row-fluid\"><div class=\"wpb_column vc_column_container vc_col-sm-12\"><div class=\"vc_column-inner\"><div class=\"wpb_wrapper\">\n\t<div class=\"wpb_text_column wpb_content_element\" >\n\t\t<div class=\"wpb_wrapper\">\n\t\t\t<h1 class=\"elementor-heading-title elementor-size-default\"><span style=\"color: #683c16;\">10 activit\u00e9s \u00e0 faire \u00e0 G\u00e9rardmer<\/span><\/h1>\n\n\t\t<\/div>\n\t<\/div>\n<\/div><\/div><\/div><\/div><div class=\"vc_row wpb_row vc_row-fluid\"><div class=\"wpb_column vc_column_container vc_col-sm-12\"><div class=\"vc_column-inner\"><div class=\"wpb_wrapper\"><div class=\"vc_empty_space\"   style=\"height: 32px\"><span class=\"vc_empty_space_inner\"><\/span><\/div><div class=\"vc_separator wpb_content_element vc_separator_align_center vc_sep_width_100 vc_sep_pos_align_center wpb_content_element vc_separator-has-text\" ><span class=\"vc_sep_holder vc_sep_holder_l\"><span style=\"border-color:#683c16;\" class=\"vc_sep_line\"><\/span><\/span><h4>Les Atypiques Chalets avec bain nordique privatif<\/h4><span class=\"vc_sep_holder vc_sep_holder_r\"><span style=\"border-color:#683c16;\" class=\"vc_sep_line\"><\/span><\/span>\n<\/div><div class=\"vc_empty_space\"   style=\"height: 32px\"><span class=\"vc_empty_space_inner\"><\/span><\/div><\/div><\/div><\/div><\/div><div class=\"vc_row wpb_row vc_row-fluid\"><div class=\"wpb_column vc_column_container vc_col-sm-12\"><div class=\"vc_column-inner\"><div class=\"wpb_wrapper\">\n\t<div class=\"wpb_text_column wpb_content_element\" >\n\t\t<div class=\"wpb_wrapper\">\n\t\t\t<p><strong>D\u00e9couvrir G\u00e9rardmer : Une Destination Incontournable<\/strong><\/p>\n<p>G\u00e9rardmer, nich\u00e9e au c\u0153ur des Vosges, est une destination pris\u00e9e pour ses paysages pittoresques, son riche patrimoine et ses nombreuses activit\u00e9s en plein air. Que vous soyez amateur de nature, de sports ou de d\u00e9tente, G\u00e9rardmer a de quoi combler toutes vos attentes. Cet article vous d\u00e9voile les incontournables de <a href=\"https:\/\/les-atypiques-chalets.com\/de\/location-proche-lac-gerardmer-decouvrez-les-atypiques-chalets-pour-un-sejour-inoubliable\/\"  data-wpil-monitor-id=\"863\">G\u00e9rardmer pour un s\u00e9jour inoubliable<\/a>.<\/p>\n<h3>Un Havre de Paix au C\u0153ur des Vosges<\/h3>\n<p><a href=\"https:\/\/les-atypiques-chalets.com\/de\/comment-preparer-votre-sejour-en-ete-a-gerardmer\/\">G\u00e9rardmer<\/a>, souvent surnomm\u00e9e la Perle des Vosges, offre un cadre idyllique entour\u00e9 de montagnes, de for\u00eats denses et de lacs cristallins. La beaut\u00e9 naturelle de cette r\u00e9gion est un v\u00e9ritable appel \u00e0 l&rsquo;\u00e9vasion et \u00e0 la s\u00e9r\u00e9nit\u00e9.<\/p>\n<h3><\/h3>\n\n\t\t<\/div>\n\t<\/div>\n<\/div><\/div><\/div><\/div><div class=\"vc_row wpb_row vc_row-fluid\"><div class=\"wpb_column vc_column_container vc_col-sm-12\"><div class=\"vc_column-inner\"><div class=\"wpb_wrapper\"><div class=\"vc_empty_space\"   style=\"height: 32px\"><span class=\"vc_empty_space_inner\"><\/span><\/div><div class=\"vc_separator wpb_content_element vc_separator_align_center vc_sep_width_100 vc_sep_pos_align_center wpb_content_element vc_separator-has-text\" ><span class=\"vc_sep_holder vc_sep_holder_l\"><span style=\"border-color:#683c16;\" class=\"vc_sep_line\"><\/span><\/span><h4>Les Atypiques Chalets avec bain nordique privatif<\/h4><span class=\"vc_sep_holder vc_sep_holder_r\"><span style=\"border-color:#683c16;\" class=\"vc_sep_line\"><\/span><\/span>\n<\/div><div class=\"vc_empty_space\"   style=\"height: 32px\"><span class=\"vc_empty_space_inner\"><\/span><\/div><\/div><\/div><\/div><\/div><div class=\"vc_row wpb_row vc_row-fluid\"><div class=\"wpb_column vc_column_container vc_col-sm-12\"><div class=\"vc_column-inner\"><div class=\"wpb_wrapper\">\t\t\n\t\t\t\t\n\t\t\t<!-- BEGIN .shb-accommodation-listing-filter-sorting -->\n\t\t\t<div class=\"shb-accommodation-listing-filter-sorting shb-clearfix\">\n\t\t\t\n\t\t\t\t\t\t\t\n\t\t\t\t<div class=\"shb-accommodation-listing-filter shb-clearfix\">\n\t\t\t\t\t<p>Filtern nach:<\/p>\n\t\t\t\t\t<ul>\n\t\t\t\t\t\t<li class=\"shb-filter-current\"><a href=\"https:\/\/les-atypiques-chalets.com\/de\/wp-json\/wp\/v2\/posts\/11095?shb-orderby=2\">All<\/a><\/li><li class=\"\"><a href=\"https:\/\/les-atypiques-chalets.com\/de\/wp-json\/wp\/v2\/posts\/11095?shb-orderby=2&shb-accommodation-type=chalet-4-personnes-gerardmer\">Chalet f\u00fcr 4 Personen<\/a><\/li><li class=\"\"><a href=\"https:\/\/les-atypiques-chalets.com\/de\/wp-json\/wp\/v2\/posts\/11095?shb-orderby=2&shb-accommodation-type=chalet-6-personnes\">Chalet f\u00fcr 6 Personen<\/a><\/li><li class=\"\"><a href=\"https:\/\/les-atypiques-chalets.com\/de\/wp-json\/wp\/v2\/posts\/11095?shb-orderby=2&shb-accommodation-type=chalets-6-personnes\">Chalets f\u00fcr 6 Personen<\/a><\/li>\t\t\t\t\t<\/ul>\n\t\t\t\t<\/div>\n\t\t\t\n\t\t\t\t\t\t\t\n\t\t\t\t\t\t\t\n\t\t\t\t<div class=\"shb-accommodation-listing-sorting shb-clearfix\">\n\t\t\t\t\t<select>\n\t\t\t\t\t\t<option value=\"https:\/\/les-atypiques-chalets.com\/de\/wp-json\/wp\/v2\/posts\/11095?shb-accommodation-type=0\" selected>Standard-Sortierung<\/option><option value=\"https:\/\/les-atypiques-chalets.com\/de\/wp-json\/wp\/v2\/posts\/11095?shb-accommodation-type=0&shb-orderby=1\" >Preis niedrig bis hoch<\/option><option value=\"https:\/\/les-atypiques-chalets.com\/de\/wp-json\/wp\/v2\/posts\/11095?shb-accommodation-type=0&shb-orderby=2\" >Preis hoch bis niedrig<\/option>\t\t\t\t\t<\/select>\n\t\t\t\t\t<i class=\"fas fa-chevron-down\"><\/i>\n\t\t\t\t<\/div>\n\t\t\t\n\t\t\t\t\t\n\t\t\t<!-- END .shb-accommodation-listing-filter-sorting -->\n\t\t\t<\/div>\n\t\t\n\t\t\t\t\n\t\t<!-- BEGIN .shb-accommodation-listing-style-1 -->\n\t\t<div class=\"shb-accommodation-listing-style-1 shb-accommodation-listing-style-1-columns-3\">\n\t\t\t\n\t\t\t\t\n\t\t\t<!-- BEGIN .shb-accommodation-listing-item -->\n\t\t\t<div class=\"shb-accommodation-listing-item\">\n\t\t\t\n\t\t\t\t\t\t\t\t\t<a href=\"https:\/\/les-atypiques-chalets.com\/de\/chalet-charkhan\/\" rel=\"bookmark\" title=\"Chalet Charkhan\">\n\t\t\t\t\t\t\t\t\t\t\t\t<img decoding=\"async\" class=\"shb-accommodation-listing-image\" src=\"https:\/\/les-atypiques-chalets.com\/wp-content\/uploads\/2025\/03\/salon-charkhan-03-L-1180x675.webp\" alt=\"Chalet Charkhan\" \/>\t\t\t\t\t<\/a>\n\t\t\t\t\t\t\t\n\t\t\t\t<div class=\"shb-accommodation-listing-description-wrapper\">\n\t\t\t\t\n\t\t\t\t\t<h3><a href=\"https:\/\/les-atypiques-chalets.com\/de\/chalet-charkhan\/\" rel=\"bookmark\" title=\"Chalet Charkhan\">Chalet Charkhan<\/a><\/h3>\n\t\t\t\t\n\t\t\t\t\t<div class=\"shb-accommodation-listing-description shb-clearfix\">\n\t\t\t\t\t\t<ul>\r\n<li><i class=\"fas fa-user\"><\/i><span>Kapazit\u00e4t<\/span> 6 Personen<\/li>\r\n<li><i class=\"fas fa-ruler-combined\"><\/i><span>Oberfl\u00e4che<\/span> 65 m\u00b2<\/li>\r\n<li><i class=\"fas fa-hot-tub\"><\/i><span> Nordische Badewanne<\/span> privativ<\/li>\r\n<\/ul>\t\t\t\t\t\t<a href=\"https:\/\/les-atypiques-chalets.com\/de\/chalet-charkhan\/\" class=\"shb-accommodation-listing-button1\">ab 225\u20ac\/Nacht<\/a>\n\t\t\t\t\t\t<a href=\"https:\/\/les-atypiques-chalets.com\/de\/chalet-charkhan\/\" class=\"shb-accommodation-listing-button2\">Zimmer anzeigen<i class=\"fas fa-chevron-right\"><\/i><\/a>\n\t\t\t\t\t<\/div>\n\t\t\t\t\n\t\t\t\t<\/div>\n\t\t\t\n\t\t\t<!-- END .shb-accommodation-listing-item -->\n\t\t\t<\/div>\n\t\t\n\t\t\t\t\n\t\t\t<!-- BEGIN .shb-accommodation-listing-item -->\n\t\t\t<div class=\"shb-accommodation-listing-item\">\n\t\t\t\n\t\t\t\t\t\t\t\t\t<a href=\"https:\/\/les-atypiques-chalets.com\/de\/chalet-aslan\/\" rel=\"bookmark\" title=\"Chalet Aslan\">\n\t\t\t\t\t\t\t\t\t\t\t\t<img decoding=\"async\" class=\"shb-accommodation-listing-image\" src=\"https:\/\/les-atypiques-chalets.com\/wp-content\/uploads\/2025\/03\/ASLAN-2-900x710.webp\" alt=\"Chalet Aslan\" \/>\t\t\t\t\t<\/a>\n\t\t\t\t\t\t\t\n\t\t\t\t<div class=\"shb-accommodation-listing-description-wrapper\">\n\t\t\t\t\n\t\t\t\t\t<h3><a href=\"https:\/\/les-atypiques-chalets.com\/de\/chalet-aslan\/\" rel=\"bookmark\" title=\"Chalet Aslan\">Chalet Aslan<\/a><\/h3>\n\t\t\t\t\n\t\t\t\t\t<div class=\"shb-accommodation-listing-description shb-clearfix\">\n\t\t\t\t\t\t<ul>\r\n<li><i class=\"fas fa-user\"><\/i><span>Kapazit\u00e4t<\/span> 5 Personen<\/li>\r\n<li><i class=\"fas fa-ruler-combined\"><\/i><span>Oberfl\u00e4che<\/span> 65 m\u00b2<\/li>\r\n<li><i class=\"fas fa-hot-tub\"><\/i><span> Nordische Badewanne<\/span> privativ<\/li>\r\n<\/ul>\t\t\t\t\t\t<a href=\"https:\/\/les-atypiques-chalets.com\/de\/chalet-aslan\/\" class=\"shb-accommodation-listing-button1\">ab 215 \u20ac\/Nacht<\/a>\n\t\t\t\t\t\t<a href=\"https:\/\/les-atypiques-chalets.com\/de\/chalet-aslan\/\" class=\"shb-accommodation-listing-button2\">Zimmer anzeigen<i class=\"fas fa-chevron-right\"><\/i><\/a>\n\t\t\t\t\t<\/div>\n\t\t\t\t\n\t\t\t\t<\/div>\n\t\t\t\n\t\t\t<!-- END .shb-accommodation-listing-item -->\n\t\t\t<\/div>\n\t\t\n\t\t\t\t\n\t\t\t<!-- BEGIN .shb-accommodation-listing-item -->\n\t\t\t<div class=\"shb-accommodation-listing-item\">\n\t\t\t\n\t\t\t\t\t\t\t\t\t<a href=\"https:\/\/les-atypiques-chalets.com\/de\/chalet-iorik\/\" rel=\"bookmark\" title=\"Chalet Iorik\">\n\t\t\t\t\t\t\t\t\t\t\t\t<img decoding=\"async\" class=\"shb-accommodation-listing-image\" src=\"https:\/\/les-atypiques-chalets.com\/wp-content\/uploads\/2025\/09\/iorik-sejour-L-1024x710.webp\" alt=\"Chalet Iorik\" \/>\t\t\t\t\t<\/a>\n\t\t\t\t\t\t\t\n\t\t\t\t<div class=\"shb-accommodation-listing-description-wrapper\">\n\t\t\t\t\n\t\t\t\t\t<h3><a href=\"https:\/\/les-atypiques-chalets.com\/de\/chalet-iorik\/\" rel=\"bookmark\" title=\"Chalet Iorik\">Chalet Iorik<\/a><\/h3>\n\t\t\t\t\n\t\t\t\t\t<div class=\"shb-accommodation-listing-description shb-clearfix\">\n\t\t\t\t\t\t<ul>\r\n<li><i class=\"fas fa-user\"><\/i><span>Kapazit\u00e4t<\/span> 4 Personen<\/li>\r\n<li><i class=\"fas fa-ruler-combined\"><\/i><span>Oberfl\u00e4che<\/span> 45 m2<\/li>\r\n<li><i class=\"fas fa-hot-tub\"><\/i><span> Nordische Badewanne<\/span> privativ<\/li>\r\n<\/ul>\t\t\t\t\t\t<a href=\"https:\/\/les-atypiques-chalets.com\/de\/chalet-iorik\/\" class=\"shb-accommodation-listing-button1\">ab 170\u20ac\/Nacht<\/a>\n\t\t\t\t\t\t<a href=\"https:\/\/les-atypiques-chalets.com\/de\/chalet-iorik\/\" class=\"shb-accommodation-listing-button2\">Zimmer anzeigen<i class=\"fas fa-chevron-right\"><\/i><\/a>\n\t\t\t\t\t<\/div>\n\t\t\t\t\n\t\t\t\t<\/div>\n\t\t\t\n\t\t\t<!-- END .shb-accommodation-listing-item -->\n\t\t\t<\/div>\n\t\t\n\t\t\t\t\t\n\t\t<!-- END .shb-accommodation-listing-style-1 -->\n\t\t<\/div>\n\t\n\t\t\n\t\t\t\n\t\t<div class=\"shb-clearboth\"><\/div>\n\t\t<div class=\"shb-accommodation-listing-1-pagination\">\n\t\t\t\t<\/div>\n\t\t\n\t\t\n\t<\/div><\/div><\/div><\/div><div class=\"vc_row wpb_row vc_row-fluid\"><div class=\"wpb_column vc_column_container vc_col-sm-12\"><div class=\"vc_column-inner\"><div class=\"wpb_wrapper\"><div class=\"vc_empty_space\"   style=\"height: 32px\"><span class=\"vc_empty_space_inner\"><\/span><\/div><div class=\"vc_separator wpb_content_element vc_separator_align_center vc_sep_width_100 vc_sep_pos_align_center wpb_content_element vc_separator-has-text\" ><span class=\"vc_sep_holder vc_sep_holder_l\"><span style=\"border-color:#683c16;\" class=\"vc_sep_line\"><\/span><\/span><h4>Les Atypiques Chalets avec bain nordique privatif<\/h4><span class=\"vc_sep_holder vc_sep_holder_r\"><span style=\"border-color:#683c16;\" class=\"vc_sep_line\"><\/span><\/span>\n<\/div><div class=\"vc_empty_space\"   style=\"height: 32px\"><span class=\"vc_empty_space_inner\"><\/span><\/div><\/div><\/div><\/div><\/div><div class=\"vc_row wpb_row vc_row-fluid\"><div class=\"wpb_column vc_column_container vc_col-sm-12\"><div class=\"vc_column-inner\"><div class=\"wpb_wrapper\">\n\t<div  class=\"wpb_single_image wpb_content_element vc_align_center wpb_content_element\">\n\t\t\n\t\t<figure class=\"wpb_wrapper vc_figure\">\n\t\t\t<div class=\"vc_single_image-wrapper   vc_box_border_grey\"><img decoding=\"async\" width=\"1456\" height=\"816\" src=\"https:\/\/les-atypiques-chalets.com\/wp-content\/uploads\/2024\/07\/ski-gerardmer.webp\" class=\"vc_single_image-img attachment-full\" alt=\"Skieur d\u00e9valant une piste enneig\u00e9e \u00e0 La Mauselaine\" title=\"Ski \u00e0 La Mauselaine\" srcset=\"https:\/\/les-atypiques-chalets.com\/wp-content\/uploads\/2024\/07\/ski-gerardmer.webp 1456w, https:\/\/les-atypiques-chalets.com\/wp-content\/uploads\/2024\/07\/ski-gerardmer-300x168.webp 300w, https:\/\/les-atypiques-chalets.com\/wp-content\/uploads\/2024\/07\/ski-gerardmer-1024x574.webp 1024w, https:\/\/les-atypiques-chalets.com\/wp-content\/uploads\/2024\/07\/ski-gerardmer-768x430.webp 768w, https:\/\/les-atypiques-chalets.com\/wp-content\/uploads\/2024\/07\/ski-gerardmer-100x56.webp 100w, https:\/\/les-atypiques-chalets.com\/wp-content\/uploads\/2024\/07\/ski-gerardmer-600x336.webp 600w\" sizes=\"(max-width: 1456px) 100vw, 1456px\" \/><\/div>\n\t\t<\/figure>\n\t<\/div>\n\n\t<div class=\"wpb_text_column wpb_content_element\" >\n\t\t<div class=\"wpb_wrapper\">\n\t\t\t<h3>1. Glisser sur les pistes de La Mauselaine<\/h3>\n<p>Profitez de l&rsquo;une des plus grandes <a href=\"https:\/\/gerardmer.net\/details_adherent.php?produit=777000036\" target=\"_blank\" rel=\"noopener nofollow\">stations de ski des Vosges<\/a>, avec ses 40 km de pistes adapt\u00e9es \u00e0 tous les niveaux. Les descentes nocturnes et les descentes aux flambeaux en font une <a href=\"https:\/\/les-atypiques-chalets.com\/de\/hebergement-romantique-pour-les-couples-vivez-une-experience-unique-dans-nos-chalets-atypiques\/\" data-wpil-monitor-id=\"1010\">exp\u00e9rience unique<\/a>.<\/p>\n\n\t\t<\/div>\n\t<\/div>\n<div class=\"vc_separator wpb_content_element vc_separator_align_center vc_sep_width_100 vc_sep_pos_align_center wpb_content_element vc_separator-has-text\" ><span class=\"vc_sep_holder vc_sep_holder_l\"><span style=\"border-color:#683c16;\" class=\"vc_sep_line\"><\/span><\/span><h4>Les Atypiques Chalets avec bain nordique privatif<\/h4><span class=\"vc_sep_holder vc_sep_holder_r\"><span style=\"border-color:#683c16;\" class=\"vc_sep_line\"><\/span><\/span>\n<\/div>\n\t<div  class=\"wpb_single_image wpb_content_element vc_align_center wpb_content_element\">\n\t\t\n\t\t<figure class=\"wpb_wrapper vc_figure\">\n\t\t\t<div class=\"vc_single_image-wrapper   vc_box_border_grey\"><img decoding=\"async\" width=\"1456\" height=\"816\" src=\"https:\/\/les-atypiques-chalets.com\/wp-content\/uploads\/2024\/07\/biathlon.webp\" class=\"vc_single_image-img attachment-full\" alt=\"Participant au biathlon combinant ski de fond et tir \u00e0 la carabine\" title=\"Biathlon \u00e0 G\u00e9rardmer\" srcset=\"https:\/\/les-atypiques-chalets.com\/wp-content\/uploads\/2024\/07\/biathlon.webp 1456w, https:\/\/les-atypiques-chalets.com\/wp-content\/uploads\/2024\/07\/biathlon-300x168.webp 300w, https:\/\/les-atypiques-chalets.com\/wp-content\/uploads\/2024\/07\/biathlon-1024x574.webp 1024w, https:\/\/les-atypiques-chalets.com\/wp-content\/uploads\/2024\/07\/biathlon-768x430.webp 768w, https:\/\/les-atypiques-chalets.com\/wp-content\/uploads\/2024\/07\/biathlon-100x56.webp 100w, https:\/\/les-atypiques-chalets.com\/wp-content\/uploads\/2024\/07\/biathlon-600x336.webp 600w\" sizes=\"(max-width: 1456px) 100vw, 1456px\" \/><\/div>\n\t\t<\/figure>\n\t<\/div>\n\n\t<div class=\"wpb_text_column wpb_content_element\" >\n\t\t<div class=\"wpb_wrapper\">\n\t\t\t<h3>2. S\u2019initier au biathlon<\/h3>\n<p><a href=\"https:\/\/gerardmer.net\/details_adherent.php?produit=777007504\" target=\"_blank\" rel=\"noopener nofollow\">Combinez ski de fond et tir \u00e0 la carabine<\/a> pour une activit\u00e9 ludique et sportive. Encadr\u00e9s par des professionnels, d\u00e9couvrez les techniques de tir et testez votre pr\u00e9cision.<\/p>\n\n\t\t<\/div>\n\t<\/div>\n<div class=\"vc_separator wpb_content_element vc_separator_align_center vc_sep_width_100 vc_sep_pos_align_center wpb_content_element vc_separator-has-text\" ><span class=\"vc_sep_holder vc_sep_holder_l\"><span style=\"border-color:#683c16;\" class=\"vc_sep_line\"><\/span><\/span><h4>Les Atypiques Chalets avec bain nordique privatif<\/h4><span class=\"vc_sep_holder vc_sep_holder_r\"><span style=\"border-color:#683c16;\" class=\"vc_sep_line\"><\/span><\/span>\n<\/div>\n\t<div  class=\"wpb_single_image wpb_content_element vc_align_center wpb_content_element\">\n\t\t\n\t\t<figure class=\"wpb_wrapper vc_figure\">\n\t\t\t<div class=\"vc_single_image-wrapper   vc_box_border_grey\"><img decoding=\"async\" width=\"1456\" height=\"816\" src=\"https:\/\/les-atypiques-chalets.com\/wp-content\/uploads\/2024\/07\/luge-gerardmer.webp\" class=\"vc_single_image-img attachment-full\" alt=\"Famille d\u00e9valant une piste de luge \u00e0 G\u00e9rardmer\" title=\"Luge \u00e0 G\u00e9rardmer\" srcset=\"https:\/\/les-atypiques-chalets.com\/wp-content\/uploads\/2024\/07\/luge-gerardmer.webp 1456w, https:\/\/les-atypiques-chalets.com\/wp-content\/uploads\/2024\/07\/luge-gerardmer-300x168.webp 300w, https:\/\/les-atypiques-chalets.com\/wp-content\/uploads\/2024\/07\/luge-gerardmer-1024x574.webp 1024w, https:\/\/les-atypiques-chalets.com\/wp-content\/uploads\/2024\/07\/luge-gerardmer-768x430.webp 768w, https:\/\/les-atypiques-chalets.com\/wp-content\/uploads\/2024\/07\/luge-gerardmer-100x56.webp 100w, https:\/\/les-atypiques-chalets.com\/wp-content\/uploads\/2024\/07\/luge-gerardmer-600x336.webp 600w\" sizes=\"(max-width: 1456px) 100vw, 1456px\" \/><\/div>\n\t\t<\/figure>\n\t<\/div>\n\n\t<div class=\"wpb_text_column wpb_content_element\" >\n\t\t<div class=\"wpb_wrapper\">\n\t\t\t<h3>3. D\u00e9valer les pistes de luge<\/h3>\n<p>Pour une exp\u00e9rience familiale, d\u00e9valez les <a href=\"https:\/\/gerardmer.net\/details_adherent.php?produit=777002026\" target=\"_blank\" rel=\"noopener nofollow\">pistes de luge de La Mauselaine<\/a>. S\u00e9curis\u00e9es et adapt\u00e9es \u00e0 tous les \u00e2ges, ces pistes offrent des moments de plaisir inoubliables.<\/p>\n\n\t\t<\/div>\n\t<\/div>\n<div class=\"vc_separator wpb_content_element vc_separator_align_center vc_sep_width_100 vc_sep_pos_align_center wpb_content_element vc_separator-has-text\" ><span class=\"vc_sep_holder vc_sep_holder_l\"><span style=\"border-color:#683c16;\" class=\"vc_sep_line\"><\/span><\/span><h4>Les Atypiques Chalets avec bain nordique privatif<\/h4><span class=\"vc_sep_holder vc_sep_holder_r\"><span style=\"border-color:#683c16;\" class=\"vc_sep_line\"><\/span><\/span>\n<\/div>\n\t<div  class=\"wpb_single_image wpb_content_element vc_align_center wpb_content_element\">\n\t\t\n\t\t<figure class=\"wpb_wrapper vc_figure\">\n\t\t\t<div class=\"vc_single_image-wrapper   vc_box_border_grey\"><img decoding=\"async\" width=\"1456\" height=\"816\" src=\"https:\/\/les-atypiques-chalets.com\/wp-content\/uploads\/2024\/07\/raquette-dans-la-neige.webp\" class=\"vc_single_image-img attachment-full\" alt=\"Randonneur en raquettes dans la neige\" title=\"Randonn\u00e9e en raquettes\" srcset=\"https:\/\/les-atypiques-chalets.com\/wp-content\/uploads\/2024\/07\/raquette-dans-la-neige.webp 1456w, https:\/\/les-atypiques-chalets.com\/wp-content\/uploads\/2024\/07\/raquette-dans-la-neige-300x168.webp 300w, https:\/\/les-atypiques-chalets.com\/wp-content\/uploads\/2024\/07\/raquette-dans-la-neige-1024x574.webp 1024w, https:\/\/les-atypiques-chalets.com\/wp-content\/uploads\/2024\/07\/raquette-dans-la-neige-768x430.webp 768w, https:\/\/les-atypiques-chalets.com\/wp-content\/uploads\/2024\/07\/raquette-dans-la-neige-100x56.webp 100w, https:\/\/les-atypiques-chalets.com\/wp-content\/uploads\/2024\/07\/raquette-dans-la-neige-600x336.webp 600w\" sizes=\"(max-width: 1456px) 100vw, 1456px\" \/><\/div>\n\t\t<\/figure>\n\t<\/div>\n\n\t<div class=\"wpb_text_column wpb_content_element\" >\n\t\t<div class=\"wpb_wrapper\">\n\t\t\t<h3>4. Explorer les paysages en raquettes<\/h3>\n<p><a href=\"https:\/\/gerardmer.net\/raquettes-accompagnees.php#top\" target=\"_blank\" rel=\"noopener nofollow\">Parcourez les sentiers enneig\u00e9s en raquettes<\/a> et admirez les paysages hivernaux des Vosges. Choisissez parmi plusieurs itin\u00e9raires balis\u00e9s offrant des vues imprenables sur la nature environnante.<\/p>\n\n\t\t<\/div>\n\t<\/div>\n<div class=\"vc_separator wpb_content_element vc_separator_align_center vc_sep_width_100 vc_sep_pos_align_center wpb_content_element vc_separator-has-text\" ><span class=\"vc_sep_holder vc_sep_holder_l\"><span style=\"border-color:#683c16;\" class=\"vc_sep_line\"><\/span><\/span><h4>Les Atypiques Chalets avec bain nordique privatif<\/h4><span class=\"vc_sep_holder vc_sep_holder_r\"><span style=\"border-color:#683c16;\" class=\"vc_sep_line\"><\/span><\/span>\n<\/div>\n\t<div  class=\"wpb_single_image wpb_content_element vc_align_center wpb_content_element\">\n\t\t\n\t\t<figure class=\"wpb_wrapper vc_figure\">\n\t\t\t<div class=\"vc_single_image-wrapper   vc_box_border_grey\"><img decoding=\"async\" width=\"1456\" height=\"816\" src=\"https:\/\/les-atypiques-chalets.com\/wp-content\/uploads\/2024\/07\/saut-a-ski.webp\" class=\"vc_single_image-img attachment-full\" alt=\"Skieur s&#039;\u00e9lan\u00e7ant sur un tremplin de saut \u00e0 ski\" title=\"Saut \u00e0 ski \u00e0 G\u00e9rardmer\" srcset=\"https:\/\/les-atypiques-chalets.com\/wp-content\/uploads\/2024\/07\/saut-a-ski.webp 1456w, https:\/\/les-atypiques-chalets.com\/wp-content\/uploads\/2024\/07\/saut-a-ski-300x168.webp 300w, https:\/\/les-atypiques-chalets.com\/wp-content\/uploads\/2024\/07\/saut-a-ski-1024x574.webp 1024w, https:\/\/les-atypiques-chalets.com\/wp-content\/uploads\/2024\/07\/saut-a-ski-768x430.webp 768w, https:\/\/les-atypiques-chalets.com\/wp-content\/uploads\/2024\/07\/saut-a-ski-100x56.webp 100w, https:\/\/les-atypiques-chalets.com\/wp-content\/uploads\/2024\/07\/saut-a-ski-600x336.webp 600w\" sizes=\"(max-width: 1456px) 100vw, 1456px\" \/><\/div>\n\t\t<\/figure>\n\t<\/div>\n\n\t<div class=\"wpb_text_column wpb_content_element\" >\n\t\t<div class=\"wpb_wrapper\">\n\t\t\t<h3>5. S\u2019envoler au saut \u00e0 ski<\/h3>\n<p>Pour les amateurs de sensations fortes, initiez-vous au <a href=\"https:\/\/gerardmer.net\/details_adherent.php?produit=777007505\" target=\"_blank\" rel=\"noopener nofollow\">saut \u00e0 ski<\/a>. Sous la supervision de moniteurs, vivez des moments d&rsquo;adr\u00e9naline pure en vous lan\u00e7ant sur les tremplins de <a href=\"https:\/\/les-atypiques-chalets.com\/de\/les-10-choses-a-faire-a-gerardmer-en-ete\/\" data-wpil-monitor-id=\"1712\">G\u00e9rardmer<\/a>.<\/p>\n\n\t\t<\/div>\n\t<\/div>\n<div class=\"vc_separator wpb_content_element vc_separator_align_center vc_sep_width_100 vc_sep_pos_align_center wpb_content_element vc_separator-has-text\" ><span class=\"vc_sep_holder vc_sep_holder_l\"><span style=\"border-color:#683c16;\" class=\"vc_sep_line\"><\/span><\/span><h4>Les Atypiques Chalets avec bain nordique privatif<\/h4><span class=\"vc_sep_holder vc_sep_holder_r\"><span style=\"border-color:#683c16;\" class=\"vc_sep_line\"><\/span><\/span>\n<\/div>\n\t<div  class=\"wpb_single_image wpb_content_element vc_align_center wpb_content_element\">\n\t\t\n\t\t<figure class=\"wpb_wrapper vc_figure\">\n\t\t\t<div class=\"vc_single_image-wrapper   vc_box_border_grey\"><img decoding=\"async\" width=\"1456\" height=\"816\" src=\"https:\/\/les-atypiques-chalets.com\/wp-content\/uploads\/2024\/07\/randonnees-gerardmer.webp\" class=\"vc_single_image-img attachment-full\" alt=\"Vue de la Tour de M\u00e9relle sur le lac de G\u00e9rardmer\" title=\"Randonn\u00e9e au lac de G\u00e9rardmer\" srcset=\"https:\/\/les-atypiques-chalets.com\/wp-content\/uploads\/2024\/07\/randonnees-gerardmer.webp 1456w, https:\/\/les-atypiques-chalets.com\/wp-content\/uploads\/2024\/07\/randonnees-gerardmer-300x168.webp 300w, https:\/\/les-atypiques-chalets.com\/wp-content\/uploads\/2024\/07\/randonnees-gerardmer-1024x574.webp 1024w, https:\/\/les-atypiques-chalets.com\/wp-content\/uploads\/2024\/07\/randonnees-gerardmer-768x430.webp 768w, https:\/\/les-atypiques-chalets.com\/wp-content\/uploads\/2024\/07\/randonnees-gerardmer-100x56.webp 100w, https:\/\/les-atypiques-chalets.com\/wp-content\/uploads\/2024\/07\/randonnees-gerardmer-600x336.webp 600w\" sizes=\"(max-width: 1456px) 100vw, 1456px\" \/><\/div>\n\t\t<\/figure>\n\t<\/div>\n\n\t<div class=\"wpb_text_column wpb_content_element\" >\n\t\t<div class=\"wpb_wrapper\">\n\t\t\t<h3>6. Randonner autour du lac et gravir la Tour de M\u00e9relle<\/h3>\n<p>Une randonn\u00e9e autour du lac de G\u00e9rardmer vous m\u00e8nera \u00e0 la <a href=\"https:\/\/randonnee-alsace.com\/biblio_rando\/gerardmer-rando-tour-merelle\/\" target=\"_blank\" rel=\"noopener nofollow\">Tour de M\u00e9relle<\/a>. Gravissez les 85 marches de la tour pour profiter d&rsquo;une vue panoramique \u00e0 couper le souffle.<\/p>\n\n\t\t<\/div>\n\t<\/div>\n<div class=\"vc_separator wpb_content_element vc_separator_align_center vc_sep_width_100 vc_sep_pos_align_center wpb_content_element vc_separator-has-text\" ><span class=\"vc_sep_holder vc_sep_holder_l\"><span style=\"border-color:#683c16;\" class=\"vc_sep_line\"><\/span><\/span><h4>Les Atypiques Chalets avec bain nordique privatif<\/h4><span class=\"vc_sep_holder vc_sep_holder_r\"><span style=\"border-color:#683c16;\" class=\"vc_sep_line\"><\/span><\/span>\n<\/div>\n\t<div  class=\"wpb_single_image wpb_content_element vc_align_center wpb_content_element\">\n\t\t\n\t\t<figure class=\"wpb_wrapper vc_figure\">\n\t\t\t<div class=\"vc_single_image-wrapper   vc_box_border_grey\"><img decoding=\"async\" width=\"1456\" height=\"816\" src=\"https:\/\/les-atypiques-chalets.com\/wp-content\/uploads\/2024\/07\/vtt.webp\" class=\"vc_single_image-img attachment-full\" alt=\"Parcours VTT technique G\u00e9rardmer dans les Vosges\" title=\"VTT dans les Vosges\" srcset=\"https:\/\/les-atypiques-chalets.com\/wp-content\/uploads\/2024\/07\/vtt.webp 1456w, https:\/\/les-atypiques-chalets.com\/wp-content\/uploads\/2024\/07\/vtt-300x168.webp 300w, https:\/\/les-atypiques-chalets.com\/wp-content\/uploads\/2024\/07\/vtt-1024x574.webp 1024w, https:\/\/les-atypiques-chalets.com\/wp-content\/uploads\/2024\/07\/vtt-768x430.webp 768w, https:\/\/les-atypiques-chalets.com\/wp-content\/uploads\/2024\/07\/vtt-100x56.webp 100w, https:\/\/les-atypiques-chalets.com\/wp-content\/uploads\/2024\/07\/vtt-600x336.webp 600w\" sizes=\"(max-width: 1456px) 100vw, 1456px\" \/><\/div>\n\t\t<\/figure>\n\t<\/div>\n\n\t<div class=\"wpb_text_column wpb_content_element\" >\n\t\t<div class=\"wpb_wrapper\">\n\t\t\t<h3>7. Parcourir le Parc naturel des Ballons des Vosges en VTT<\/h3>\n<p>Explorez les sentiers du Parc naturel des <a href=\"https:\/\/www.komoot.com\/fr-fr\/guide\/515971\/rando-vtt-et-circuits-a-ballons-des-vosges\" target=\"_blank\" rel=\"noopener nofollow\">Ballons des Vosges \u00e0 VTT<\/a>. Adapt\u00e9s \u00e0 tous les niveaux, ces parcours vous offrent des panoramas exceptionnels sur les montagnes vosgiennes.<\/p>\n\n\t\t<\/div>\n\t<\/div>\n<div class=\"vc_separator wpb_content_element vc_separator_align_center vc_sep_width_100 vc_sep_pos_align_center wpb_content_element vc_separator-has-text\" ><span class=\"vc_sep_holder vc_sep_holder_l\"><span style=\"border-color:#683c16;\" class=\"vc_sep_line\"><\/span><\/span><h4>Les Atypiques Chalets avec bain nordique privatif<\/h4><span class=\"vc_sep_holder vc_sep_holder_r\"><span style=\"border-color:#683c16;\" class=\"vc_sep_line\"><\/span><\/span>\n<\/div>\n\t<div  class=\"wpb_single_image wpb_content_element vc_align_center wpb_content_element\">\n\t\t\n\t\t<figure class=\"wpb_wrapper vc_figure\">\n\t\t\t<div class=\"vc_single_image-wrapper   vc_box_border_grey\"><img decoding=\"async\" width=\"1456\" height=\"816\" src=\"https:\/\/les-atypiques-chalets.com\/wp-content\/uploads\/2024\/07\/parapente.webp\" class=\"vc_single_image-img attachment-full\" alt=\"Parapentiste en vol au-dessus des montagnes vosgiennes\" title=\"Parapente \u00e0 G\u00e9rardmer\" srcset=\"https:\/\/les-atypiques-chalets.com\/wp-content\/uploads\/2024\/07\/parapente.webp 1456w, https:\/\/les-atypiques-chalets.com\/wp-content\/uploads\/2024\/07\/parapente-300x168.webp 300w, https:\/\/les-atypiques-chalets.com\/wp-content\/uploads\/2024\/07\/parapente-1024x574.webp 1024w, https:\/\/les-atypiques-chalets.com\/wp-content\/uploads\/2024\/07\/parapente-768x430.webp 768w, https:\/\/les-atypiques-chalets.com\/wp-content\/uploads\/2024\/07\/parapente-100x56.webp 100w, https:\/\/les-atypiques-chalets.com\/wp-content\/uploads\/2024\/07\/parapente-600x336.webp 600w\" sizes=\"(max-width: 1456px) 100vw, 1456px\" \/><\/div>\n\t\t<\/figure>\n\t<\/div>\n\n\t<div class=\"wpb_text_column wpb_content_element\" >\n\t\t<div class=\"wpb_wrapper\">\n\t\t\t<h3>8. Survoler les paysages en parapente<\/h3>\n<p>Vivez une exp\u00e9rience a\u00e9rienne unique en <a href=\"https:\/\/vosges-parapente.fr\/\" target=\"_blank\" rel=\"noopener nofollow\">survolant les Vosges en parapente<\/a>. Accompagn\u00e9 d&rsquo;un moniteur, d\u00e9couvrez des vues imprenables et ressentez la libert\u00e9 du vol.<\/p>\n\n\t\t<\/div>\n\t<\/div>\n<div class=\"vc_separator wpb_content_element vc_separator_align_center vc_sep_width_100 vc_sep_pos_align_center wpb_content_element vc_separator-has-text\" ><span class=\"vc_sep_holder vc_sep_holder_l\"><span style=\"border-color:#683c16;\" class=\"vc_sep_line\"><\/span><\/span><h4>Les Atypiques Chalets avec bain nordique privatif<\/h4><span class=\"vc_sep_holder vc_sep_holder_r\"><span style=\"border-color:#683c16;\" class=\"vc_sep_line\"><\/span><\/span>\n<\/div>\n\t<div  class=\"wpb_single_image wpb_content_element vc_align_center wpb_content_element\">\n\t\t\n\t\t<figure class=\"wpb_wrapper vc_figure\">\n\t\t\t<div class=\"vc_single_image-wrapper   vc_box_border_grey\"><img decoding=\"async\" width=\"1456\" height=\"816\" src=\"https:\/\/les-atypiques-chalets.com\/wp-content\/uploads\/2024\/07\/accrobranche.webp\" class=\"vc_single_image-img attachment-full\" alt=\"Participant \u00e0 un parcours d&#039;accrobranche\" title=\"Accrobranche \u00e0 G\u00e9rardmer\" srcset=\"https:\/\/les-atypiques-chalets.com\/wp-content\/uploads\/2024\/07\/accrobranche.webp 1456w, https:\/\/les-atypiques-chalets.com\/wp-content\/uploads\/2024\/07\/accrobranche-300x168.webp 300w, https:\/\/les-atypiques-chalets.com\/wp-content\/uploads\/2024\/07\/accrobranche-1024x574.webp 1024w, https:\/\/les-atypiques-chalets.com\/wp-content\/uploads\/2024\/07\/accrobranche-768x430.webp 768w, https:\/\/les-atypiques-chalets.com\/wp-content\/uploads\/2024\/07\/accrobranche-100x56.webp 100w, https:\/\/les-atypiques-chalets.com\/wp-content\/uploads\/2024\/07\/accrobranche-600x336.webp 600w\" sizes=\"(max-width: 1456px) 100vw, 1456px\" \/><\/div>\n\t\t<\/figure>\n\t<\/div>\n\n\t<div class=\"wpb_text_column wpb_content_element\" >\n\t\t<div class=\"wpb_wrapper\">\n\t\t\t<h3>9. Grimper dans les arbres lors d\u2019un accrobranche<\/h3>\n<p>Le parc d&rsquo;aventures <a href=\"https:\/\/www.facebook.com\/acrosphere88\" target=\"_blank\" rel=\"noopener nofollow\">Arco Sph\u00e8re<\/a> propose des parcours d&rsquo;accrobranche pour toute la famille. Traversez les arbres et les falaises en toute s\u00e9curit\u00e9, et d\u00e9couvrez la nature sous un nouvel angle.<\/p>\n\n\t\t<\/div>\n\t<\/div>\n<div class=\"vc_separator wpb_content_element vc_separator_align_center vc_sep_width_100 vc_sep_pos_align_center wpb_content_element vc_separator-has-text\" ><span class=\"vc_sep_holder vc_sep_holder_l\"><span style=\"border-color:#683c16;\" class=\"vc_sep_line\"><\/span><\/span><h4>Les Atypiques Chalets avec bain nordique privatif<\/h4><span class=\"vc_sep_holder vc_sep_holder_r\"><span style=\"border-color:#683c16;\" class=\"vc_sep_line\"><\/span><\/span>\n<\/div>\n\t<div  class=\"wpb_single_image wpb_content_element vc_align_center wpb_content_element\">\n\t\t\n\t\t<figure class=\"wpb_wrapper vc_figure\">\n\t\t\t<div class=\"vc_single_image-wrapper   vc_box_border_grey\"><img decoding=\"async\" width=\"1456\" height=\"816\" src=\"https:\/\/les-atypiques-chalets.com\/wp-content\/uploads\/2024\/07\/pedalo-a-gerardmer.webp\" class=\"vc_single_image-img attachment-full\" alt=\"Famille en p\u00e9dalo sur le lac de G\u00e9rardmer\" title=\"Balade en p\u00e9dalo sur le lac de G\u00e9rardmer\" srcset=\"https:\/\/les-atypiques-chalets.com\/wp-content\/uploads\/2024\/07\/pedalo-a-gerardmer.webp 1456w, https:\/\/les-atypiques-chalets.com\/wp-content\/uploads\/2024\/07\/pedalo-a-gerardmer-300x168.webp 300w, https:\/\/les-atypiques-chalets.com\/wp-content\/uploads\/2024\/07\/pedalo-a-gerardmer-1024x574.webp 1024w, https:\/\/les-atypiques-chalets.com\/wp-content\/uploads\/2024\/07\/pedalo-a-gerardmer-768x430.webp 768w, https:\/\/les-atypiques-chalets.com\/wp-content\/uploads\/2024\/07\/pedalo-a-gerardmer-100x56.webp 100w, https:\/\/les-atypiques-chalets.com\/wp-content\/uploads\/2024\/07\/pedalo-a-gerardmer-600x336.webp 600w\" sizes=\"(max-width: 1456px) 100vw, 1456px\" \/><\/div>\n\t\t<\/figure>\n\t<\/div>\n\n\t<div class=\"wpb_text_column wpb_content_element\" >\n\t\t<div class=\"wpb_wrapper\">\n\t\t\t<h3>10. Sillonner le lac en p\u00e9dalo ou en bateau solaire<\/h3>\n<p>D\u00e9couvrez le lac de <a href=\"https:\/\/www.location-bateaux-gerardmer.com\/\" target=\"_blank\" rel=\"noopener nofollow\">G\u00e9rardmer en p\u00e9dalo<\/a> ou en bateau solaire. Profitez d&rsquo;une balade \u00e9cologique et paisible tout en admirant le paysage serein du plus grand lac naturel des <a href=\"https:\/\/les-atypiques-chalets.com\/de\/organisez-votre-sejour-a-gerardmer\/\" data-wpil-monitor-id=\"327\">Vogesen<\/a>.<\/p>\n\n\t\t<\/div>\n\t<\/div>\n<div class=\"vc_separator wpb_content_element vc_separator_align_center vc_sep_width_100 vc_sep_pos_align_center wpb_content_element vc_separator-has-text\" ><span class=\"vc_sep_holder vc_sep_holder_l\"><span style=\"border-color:#683c16;\" class=\"vc_sep_line\"><\/span><\/span><h4>Les Atypiques Chalets avec bain nordique privatif<\/h4><span class=\"vc_sep_holder vc_sep_holder_r\"><span style=\"border-color:#683c16;\" class=\"vc_sep_line\"><\/span><\/span>\n<\/div><\/div><\/div><\/div><\/div><div class=\"vc_row wpb_row vc_row-fluid\"><div class=\"wpb_column vc_column_container vc_col-sm-12\"><div class=\"vc_column-inner\"><div class=\"wpb_wrapper\">\n\t<div class=\"wpb_text_column wpb_content_element\" >\n\t\t<div class=\"wpb_wrapper\">\n\t\t\t<h3>Activit\u00e9s de Plein Air :<br \/>\nEntre Nature et Aventure<\/h3>\n<h4>Randonn\u00e9e et Balades en Nature<\/h4>\n<p>Les sentiers de randonn\u00e9e autour de <a href=\"https:\/\/les-atypiques-chalets.com\/de\/explorez-les-sentiers-vtt-de-gerardmer-avec-les-atypiques-chalets\/\" data-wpil-monitor-id=\"64\">G\u00e9rardmer<\/a> sont nombreux et vari\u00e9s, adapt\u00e9s \u00e0 tous les niveaux de difficult\u00e9. Des promenades tranquilles aux excursions plus sportives, chaque sentier offre des vues imprenables sur les paysages vosgiens. La c\u00e9l\u00e8bre randonn\u00e9e du <a href=\"https:\/\/les-atypiques-chalets.com\/de\/idees-de-week-end-a-gerardmer\/\" data-wpil-monitor-id=\"384\">Lac de G\u00e9rardmer<\/a> est un incontournable, offrant un circuit autour du lac avec des points de vue spectaculaires.<\/p>\n<h4>Sports Nautiques et Loisirs Aquatiques<\/h4>\n<p>Le <a href=\"https:\/\/les-atypiques-chalets.com\/de\/visitez-le-parc-naturel-de-gerardmer\/\" data-wpil-monitor-id=\"416\">Lac de G\u00e9rardmer<\/a>, le plus grand lac naturel des Vosges, est un terrain de jeu id\u00e9al pour les amateurs de sports nautiques. Kayak, paddle, voile, ou encore baignade, les activit\u00e9s aquatiques sont nombreuses et accessibles \u00e0 tous. En \u00e9t\u00e9, les plages am\u00e9nag\u00e9es permettent de profiter pleinement des journ\u00e9es ensoleill\u00e9es.<\/p>\n<h4>Ski et Sports d\u2019Hiver<\/h4>\n<p>En hiver, <a href=\"https:\/\/les-atypiques-chalets.com\/de\/rejoignez-laventure-a-gerardmer-reservez-votre-sejour\/\" data-wpil-monitor-id=\"749\">G\u00e9rardmer se transforme en station de ski<\/a> dynamique, avec des pistes pour tous les niveaux. Ski alpin, ski de fond, snowboard, raquettes, les activit\u00e9s ne manquent pas pour profiter de la neige et des paysages <a href=\"https:\/\/les-atypiques-chalets.com\/de\/tag\/pistes-enneigees\/\" data-wpil-monitor-id=\"2288\">enneig\u00e9s<\/a>. Le domaine skiable de <a href=\"https:\/\/les-atypiques-chalets.com\/de\/decouvrez-le-lac-de-gerardmer\/\" data-wpil-monitor-id=\"426\">G\u00e9rardmer-La<\/a> Mauselaine est particuli\u00e8rement appr\u00e9ci\u00e9 pour la qualit\u00e9 de ses infrastructures et ses panoramas exceptionnels.<\/p>\n\n\t\t<\/div>\n\t<\/div>\n<\/div><\/div><\/div><\/div><div class=\"vc_row wpb_row vc_row-fluid\"><div class=\"wpb_column vc_column_container vc_col-sm-12\"><div class=\"vc_column-inner\"><div class=\"wpb_wrapper\"><div class=\"vc_empty_space\"   style=\"height: 32px\"><span class=\"vc_empty_space_inner\"><\/span><\/div><div class=\"vc_separator wpb_content_element vc_separator_align_center vc_sep_width_100 vc_sep_pos_align_center wpb_content_element vc_separator-has-text\" ><span class=\"vc_sep_holder vc_sep_holder_l\"><span style=\"border-color:#683c16;\" class=\"vc_sep_line\"><\/span><\/span><h4>Les Atypiques Chalets avec bain nordique privatif<\/h4><span class=\"vc_sep_holder vc_sep_holder_r\"><span style=\"border-color:#683c16;\" class=\"vc_sep_line\"><\/span><\/span>\n<\/div><div class=\"vc_empty_space\"   style=\"height: 32px\"><span class=\"vc_empty_space_inner\"><\/span><\/div><\/div><\/div><\/div><\/div><div class=\"vc_row wpb_row vc_row-fluid\"><div class=\"wpb_column vc_column_container vc_col-sm-12\"><div class=\"vc_column-inner\"><div class=\"wpb_wrapper\">\n\t<div class=\"wpb_text_column wpb_content_element\" >\n\t\t<div class=\"wpb_wrapper\">\n\t\t\t<h3>Un Patrimoine Culturel et Historique Riche<\/h3>\n<h4>\u00c9glises et Monuments Historiques<\/h4>\n<p><a href=\"https:\/\/les-atypiques-chalets.com\/de\/le-patrimoine-architectural-autour-de-gerardmer-decouverte-des-batiments-historiques-chateaux-et-eglises\/\">G\u00e9rardmer est aussi une ville charg\u00e9e d&rsquo;histoire<\/a>, avec de nombreux monuments \u00e0 d\u00e9couvrir. L&rsquo;\u00e9glise Saint-Barth\u00e9lemy, avec son architecture n\u00e9o-gothique, est un \u00e9difice remarquable. Ne manquez pas non plus la visite de la Tour de M\u00e9relle, qui offre une vue panoramique sur la r\u00e9gion.<\/p>\n<h4>Festivals et \u00c9v\u00e9nements Locaux<\/h4>\n<p>La vie culturelle de <a href=\"https:\/\/les-atypiques-chalets.com\/de\/les-legendes-et-histoires-mysterieuses-de-la-region-de-gerardmer\/\">G\u00e9rardmer est rythm\u00e9e par de nombreux \u00e9v\u00e9nements<\/a> tout au long de l&rsquo;ann\u00e9e. Le Festival International du Film Fantastique de G\u00e9rardmer est un rendez-vous incontournable pour les cin\u00e9philes, attirant chaque ann\u00e9e des visiteurs du monde entier. Les march\u00e9s locaux, les foires et les f\u00eates traditionnelles sont autant d&rsquo;occasions de d\u00e9couvrir les produits du terroir et <a href=\"https:\/\/les-atypiques-chalets.com\/de\/guide-des-boutiques-de-gerardmer\/\">l&rsquo;artisanat local<\/a>.<\/p>\n\n\t\t<\/div>\n\t<\/div>\n<\/div><\/div><\/div><\/div><div class=\"vc_row wpb_row vc_row-fluid\"><div class=\"wpb_column vc_column_container vc_col-sm-12\"><div class=\"vc_column-inner\"><div class=\"wpb_wrapper\"><div class=\"vc_empty_space\"   style=\"height: 32px\"><span class=\"vc_empty_space_inner\"><\/span><\/div><div class=\"vc_separator wpb_content_element vc_separator_align_center vc_sep_width_100 vc_sep_pos_align_center wpb_content_element vc_separator-has-text\" ><span class=\"vc_sep_holder vc_sep_holder_l\"><span style=\"border-color:#683c16;\" class=\"vc_sep_line\"><\/span><\/span><h4>Les Atypiques Chalets avec bain nordique privatif<\/h4><span class=\"vc_sep_holder vc_sep_holder_r\"><span style=\"border-color:#683c16;\" class=\"vc_sep_line\"><\/span><\/span>\n<\/div><div class=\"vc_empty_space\"   style=\"height: 32px\"><span class=\"vc_empty_space_inner\"><\/span><\/div><\/div><\/div><\/div><\/div><div class=\"vc_row wpb_row vc_row-fluid\"><div class=\"wpb_column vc_column_container vc_col-sm-12\"><div class=\"vc_column-inner\"><div class=\"wpb_wrapper\">\n\t<div class=\"wpb_text_column wpb_content_element\" >\n\t\t<div class=\"wpb_wrapper\">\n\t\t\t<h3>Gastronomie et Sp\u00e9cialit\u00e9s Locales<\/h3>\n<h4>D\u00e9gustation de Produits du Terroir<\/h4>\n<p>La gastronomie vosgienne est \u00e0 l&rsquo;image de sa r\u00e9gion : g\u00e9n\u00e9reuse et authentique. Les restaurants de G\u00e9rardmer proposent des <a href=\"https:\/\/les-atypiques-chalets.com\/de\/meilleurs-restaurants-gerardmer-tour-culinaire\/\" data-wpil-monitor-id=\"1963\">sp\u00e9cialit\u00e9s locales<\/a> \u00e0 base de produits frais et de saison. Les amateurs de fromage ne manqueront pas de go\u00fbter au fameux Munster, accompagn\u00e9 d&rsquo;un bon vin de la r\u00e9gion.<\/p>\n<h4>March\u00e9s et Artisans Locaux<\/h4>\n<p>Lesen <a href=\"https:\/\/les-atypiques-chalets.com\/de\/visitez-les-marches-de-gerardmer\/\" data-wpil-monitor-id=\"468\">march\u00e9s de G\u00e9rardmer<\/a> sont l&rsquo;endroit id\u00e9al pour d\u00e9couvrir les produits du terroir et rencontrer les artisans locaux. Vous y trouverez des charcuteries, des confitures, des miels et autres d\u00e9lices locaux. C&rsquo;est aussi l&rsquo;occasion de ramener chez soi un souvenir artisanal, comme les c\u00e9l\u00e8bres objets en bois des <a href=\"https:\/\/les-atypiques-chalets.com\/de\/vivez-la-veritable-magie-dun-noel-en-montagne-dans-les-vosges\/\" data-wpil-monitor-id=\"834\">Vogesen<\/a>.<\/p>\n\n\t\t<\/div>\n\t<\/div>\n<\/div><\/div><\/div><\/div><div class=\"vc_row wpb_row vc_row-fluid\"><div class=\"wpb_column vc_column_container vc_col-sm-12\"><div class=\"vc_column-inner\"><div class=\"wpb_wrapper\"><div class=\"vc_empty_space\"   style=\"height: 32px\"><span class=\"vc_empty_space_inner\"><\/span><\/div><div class=\"vc_separator wpb_content_element vc_separator_align_center vc_sep_width_100 vc_sep_pos_align_center wpb_content_element vc_separator-has-text\" ><span class=\"vc_sep_holder vc_sep_holder_l\"><span style=\"border-color:#683c16;\" class=\"vc_sep_line\"><\/span><\/span><h4>Les Atypiques Chalets avec bain nordique privatif<\/h4><span class=\"vc_sep_holder vc_sep_holder_r\"><span style=\"border-color:#683c16;\" class=\"vc_sep_line\"><\/span><\/span>\n<\/div><div class=\"vc_empty_space\"   style=\"height: 32px\"><span class=\"vc_empty_space_inner\"><\/span><\/div><\/div><\/div><\/div><\/div><div class=\"vc_row wpb_row vc_row-fluid\"><div class=\"wpb_column vc_column_container vc_col-sm-12\"><div class=\"vc_column-inner\"><div class=\"wpb_wrapper\">\n\t<div class=\"wpb_text_column wpb_content_element\" >\n\t\t<div class=\"wpb_wrapper\">\n\t\t\t<h3>H\u00e9bergements : Du Confort au Plus Pr\u00e8s de la Nature<\/h3>\n<h4>H\u00f4tels et Chambres d\u2019H\u00f4tes<\/h4>\n<p>G\u00e9rardmer offre une large gamme d&rsquo;h\u00e9bergements, allant des h\u00f4tels de luxe aux charmantes chambres d&rsquo;h\u00f4tes. Que vous recherchiez le confort moderne ou le charme authentique, vous trouverez un h\u00e9bergement adapt\u00e9 \u00e0 vos envies et \u00e0 votre budget.<\/p>\n<h4>Camping et H\u00e9bergements Insolites<\/h4>\n<p>Pour les amoureux de la nature, les campings et h\u00e9bergements insolites, tels que les cabanes dans les arbres ou les yourtes, sont une option id\u00e9ale. Profitez d&rsquo;une immersion totale dans la nature tout en b\u00e9n\u00e9ficiant de tout le confort n\u00e9cessaire.<\/p>\n\n\t\t<\/div>\n\t<\/div>\n<\/div><\/div><\/div><\/div><div class=\"vc_row wpb_row vc_row-fluid\"><div class=\"wpb_column vc_column_container vc_col-sm-12\"><div class=\"vc_column-inner\"><div class=\"wpb_wrapper\"><div class=\"vc_empty_space\"   style=\"height: 32px\"><span class=\"vc_empty_space_inner\"><\/span><\/div><div class=\"vc_separator wpb_content_element vc_separator_align_center vc_sep_width_100 vc_sep_pos_align_center wpb_content_element vc_separator-has-text\" ><span class=\"vc_sep_holder vc_sep_holder_l\"><span style=\"border-color:#683c16;\" class=\"vc_sep_line\"><\/span><\/span><h4>Les Atypiques Chalets avec bain nordique privatif<\/h4><span class=\"vc_sep_holder vc_sep_holder_r\"><span style=\"border-color:#683c16;\" class=\"vc_sep_line\"><\/span><\/span>\n<\/div><div class=\"vc_empty_space\"   style=\"height: 32px\"><span class=\"vc_empty_space_inner\"><\/span><\/div><\/div><\/div><\/div><\/div><div class=\"vc_row wpb_row vc_row-fluid\"><div class=\"wpb_column vc_column_container vc_col-sm-12\"><div class=\"vc_column-inner\"><div class=\"wpb_wrapper\">\n\t<div class=\"wpb_text_column wpb_content_element\" >\n\t\t<div class=\"wpb_wrapper\">\n\t\t\t<h3>Schlussfolgerung<\/h3>\n<p>G\u00e9rardmer est une destination incontournable pour ceux qui cherchent \u00e0 se ressourcer en pleine nature tout en profitant d&rsquo;une multitude d&rsquo;activit\u00e9s et d&rsquo;un riche patrimoine culturel. Que vous soyez en qu\u00eate d&rsquo;aventure, de d\u00e9tente ou de d\u00e9couvertes gastronomiques, G\u00e9rardmer saura vous s\u00e9duire par son charme et son authenticit\u00e9. Planifiez d\u00e8s maintenant votre s\u00e9jour \u00e0 <a href=\"https:\/\/les-atypiques-chalets.com\/de\/quest-ce-quun-bain-nordique\/\" data-wpil-monitor-id=\"271\">G\u00e9rardmer et laissez-vous emporter par la magie des Vosges<\/a>.<\/p>\n\n\t\t<\/div>\n\t<\/div>\n<\/div><\/div><\/div><\/div>\n<\/div>","protected":false},"excerpt":{"rendered":"Chalet IORIK Capacit\u00e9: 4 personnes Superficie: 45 m2 Bain Nordique: privatif Description de notre Chalet Iorik dans les Vosges Id\u00e9al pour les couples ou les petites familles, le Chalet IORIK est un \u00e9crin de douceur pouvant accueillir jusqu\u2019\u00e0 4 personnes. Avec ses 2 chambres cosy et ces 2 lits de 140\u00d7190, il vous promet des<a href=\"https:\/\/les-atypiques-chalets.com\/de\/chalet-aslan\/\" class=\"sohohotel-more-link\">Read More<\/a>","protected":false},"author":1,"featured_media":11098,"comment_status":"closed","ping_status":"open","sticky":false,"template":"","format":"standard","meta":{"_yoast_wpseo_title":"10 activit\u00e9s \u00e0 faire \u00e0 G\u00e9rardmer","_yoast_wpseo_metadesc":"D\u00e9couvrez les 10 meilleures activit\u00e9s \u00e0 G\u00e9rardmer et vivez une aventure inoubliable. R\u00e9servez maintenant !","_yoast_wpseo_focuskw":"#G\u00e9rardmer #Vosges #VacancesNature #Ski #Randonn\u00e9e #LacG\u00e9rardmer #SportsDHiver #Parapente #Accrobranche #TourDeM\u00e9relle","footnotes":""},"categories":[707],"tags":[1098,753,664,1092,1095,731,838,710,1096,711,1093,1097,1091,735,1094],"class_list":["post-11095","post","type-post","status-publish","format-standard","has-post-thumbnail","hentry","category-gerardmer","tag-accrobranche-gerardmer","tag-activites-gerardmer","tag-gerardmer","tag-lac-gerardmer","tag-luge-gerardmer","tag-nature-vosges","tag-parapente-vosges","tag-randonnee-gerardmer","tag-saut-a-ski-gerardmer","tag-ski-gerardmer","tag-sports-dhiver-gerardmer","tag-tour-de-merelle","tag-vacances-vosges","tag-visiter-gerardmer","tag-vtt-vosges"],"_links":{"self":[{"href":"https:\/\/les-atypiques-chalets.com\/de\/wp-json\/wp\/v2\/posts\/11095","targetHints":{"allow":["GET"]}}],"collection":[{"href":"https:\/\/les-atypiques-chalets.com\/de\/wp-json\/wp\/v2\/posts"}],"about":[{"href":"https:\/\/les-atypiques-chalets.com\/de\/wp-json\/wp\/v2\/types\/post"}],"author":[{"embeddable":true,"href":"https:\/\/les-atypiques-chalets.com\/de\/wp-json\/wp\/v2\/users\/1"}],"replies":[{"embeddable":true,"href":"https:\/\/les-atypiques-chalets.com\/de\/wp-json\/wp\/v2\/comments?post=11095"}],"version-history":[{"count":0,"href":"https:\/\/les-atypiques-chalets.com\/de\/wp-json\/wp\/v2\/posts\/11095\/revisions"}],"wp:featuredmedia":[{"embeddable":true,"href":"https:\/\/les-atypiques-chalets.com\/de\/wp-json\/wp\/v2\/media\/11098"}],"wp:attachment":[{"href":"https:\/\/les-atypiques-chalets.com\/de\/wp-json\/wp\/v2\/media?parent=11095"}],"wp:term":[{"taxonomy":"category","embeddable":true,"href":"https:\/\/les-atypiques-chalets.com\/de\/wp-json\/wp\/v2\/categories?post=11095"},{"taxonomy":"post_tag","embeddable":true,"href":"https:\/\/les-atypiques-chalets.com\/de\/wp-json\/wp\/v2\/tags?post=11095"}],"curies":[{"name":"wp","href":"https:\/\/api.w.org\/{rel}","templated":true}]}}