{"id":11122,"date":"2024-07-02T13:22:19","date_gmt":"2024-07-02T13:22:19","guid":{"rendered":"https:\/\/les-atypiques-chalets.com\/?p=11122"},"modified":"2026-01-07T10:00:46","modified_gmt":"2026-01-07T10:00:46","slug":"reservez-votre-chalet-a-gerardmer-pour-6-personnes-aux-atypiques-chalets","status":"publish","type":"post","link":"https:\/\/les-atypiques-chalets.com\/de\/reservez-votre-chalet-a-gerardmer-pour-6-personnes-aux-atypiques-chalets\/","title":{"rendered":"Buchen Sie Ihr Chalet in G\u00e9rardmer f\u00fcr 6 Personen in den Atypiques Chalets"},"content":{"rendered":"<div class=\"wpb-content-wrapper\"><div class=\"vc_row wpb_row vc_row-fluid\"><div class=\"wpb_column vc_column_container vc_col-sm-12\"><div class=\"vc_column-inner\"><div class=\"wpb_wrapper\">\n\t<div class=\"wpb_text_column wpb_content_element\" >\n\t\t<div class=\"wpb_wrapper\">\n\t\t\t<h1><span style=\"color: #683c16;\">R\u00e9servez votre chalet dans les Vosges<\/span><br \/>\n<span style=\"color: #683c16;\">10 km von G\u00e9rardmer<\/span><br \/>\n<span style=\"color: #683c16;\">pour 6 personnes<\/span><br \/>\n<span style=\"color: #683c16;\">Aux Chalets atypiques<\/span><\/h1>\n\n\t\t<\/div>\n\t<\/div>\n<\/div><\/div><\/div><\/div><div class=\"vc_row wpb_row vc_row-fluid\"><div class=\"wpb_column vc_column_container vc_col-sm-12\"><div class=\"vc_column-inner\"><div class=\"wpb_wrapper\"><div class=\"vc_empty_space\"   style=\"height: 32px\"><span class=\"vc_empty_space_inner\"><\/span><\/div><div class=\"vc_separator wpb_content_element vc_separator_align_center vc_sep_width_100 vc_sep_pos_align_center wpb_content_element vc_separator-has-text\" ><span class=\"vc_sep_holder vc_sep_holder_l\"><span style=\"border-color:#683c16;\" class=\"vc_sep_line\"><\/span><\/span><h4>Les Atypiques Chalets - Bain nordique - Sauna - Privatif<\/h4><span class=\"vc_sep_holder vc_sep_holder_r\"><span style=\"border-color:#683c16;\" class=\"vc_sep_line\"><\/span><\/span>\n<\/div><div class=\"vc_empty_space\"   style=\"height: 32px\"><span class=\"vc_empty_space_inner\"><\/span><\/div><\/div><\/div><\/div><\/div><div class=\"vc_row wpb_row vc_row-fluid\"><div class=\"wpb_column vc_column_container vc_col-sm-12\"><div class=\"vc_column-inner\"><div class=\"wpb_wrapper\">\t\t\n\t\t\t\t\n\t\t\t<!-- BEGIN .shb-accommodation-listing-filter-sorting -->\n\t\t\t<div class=\"shb-accommodation-listing-filter-sorting shb-clearfix\">\n\t\t\t\n\t\t\t\t\t\t\t\n\t\t\t\t<div class=\"shb-accommodation-listing-filter shb-clearfix\">\n\t\t\t\t\t<p>Filtern nach:<\/p>\n\t\t\t\t\t<ul>\n\t\t\t\t\t\t<li class=\"shb-filter-current\"><a href=\"https:\/\/les-atypiques-chalets.com\/de\/wp-json\/wp\/v2\/posts\/11122?shb-orderby=2\">All<\/a><\/li><li class=\"\"><a href=\"https:\/\/les-atypiques-chalets.com\/de\/wp-json\/wp\/v2\/posts\/11122?shb-orderby=2&shb-accommodation-type=chalet-4-personnes-gerardmer\">Chalet f\u00fcr 4 Personen<\/a><\/li><li class=\"\"><a href=\"https:\/\/les-atypiques-chalets.com\/de\/wp-json\/wp\/v2\/posts\/11122?shb-orderby=2&shb-accommodation-type=chalet-6-personnes\">Chalet f\u00fcr 6 Personen<\/a><\/li><li class=\"\"><a href=\"https:\/\/les-atypiques-chalets.com\/de\/wp-json\/wp\/v2\/posts\/11122?shb-orderby=2&shb-accommodation-type=chalets-6-personnes\">Chalets f\u00fcr 6 Personen<\/a><\/li>\t\t\t\t\t<\/ul>\n\t\t\t\t<\/div>\n\t\t\t\n\t\t\t\t\t\t\t\n\t\t\t\t\t\t\t\n\t\t\t\t<div class=\"shb-accommodation-listing-sorting shb-clearfix\">\n\t\t\t\t\t<select>\n\t\t\t\t\t\t<option value=\"https:\/\/les-atypiques-chalets.com\/de\/wp-json\/wp\/v2\/posts\/11122?shb-accommodation-type=0\" selected>Standard-Sortierung<\/option><option value=\"https:\/\/les-atypiques-chalets.com\/de\/wp-json\/wp\/v2\/posts\/11122?shb-accommodation-type=0&shb-orderby=1\" >Preis niedrig bis hoch<\/option><option value=\"https:\/\/les-atypiques-chalets.com\/de\/wp-json\/wp\/v2\/posts\/11122?shb-accommodation-type=0&shb-orderby=2\" >Preis hoch bis niedrig<\/option>\t\t\t\t\t<\/select>\n\t\t\t\t\t<i class=\"fas fa-chevron-down\"><\/i>\n\t\t\t\t<\/div>\n\t\t\t\n\t\t\t\t\t\n\t\t\t<!-- END .shb-accommodation-listing-filter-sorting -->\n\t\t\t<\/div>\n\t\t\n\t\t\t\t\n\t\t<!-- BEGIN .shb-accommodation-listing-style-1 -->\n\t\t<div class=\"shb-accommodation-listing-style-1 shb-accommodation-listing-style-1-columns-3\">\n\t\t\t\n\t\t\t\t\n\t\t\t<!-- BEGIN .shb-accommodation-listing-item -->\n\t\t\t<div class=\"shb-accommodation-listing-item\">\n\t\t\t\n\t\t\t\t\t\t\t\t\t<a href=\"https:\/\/les-atypiques-chalets.com\/de\/chalet-charkhan\/\" rel=\"bookmark\" title=\"Chalet Charkhan\">\n\t\t\t\t\t\t\t\t\t\t\t\t<img decoding=\"async\" class=\"shb-accommodation-listing-image\" src=\"https:\/\/les-atypiques-chalets.com\/wp-content\/uploads\/2025\/03\/salon-charkhan-03-L-1180x675.webp\" alt=\"Chalet Charkhan\" \/>\t\t\t\t\t<\/a>\n\t\t\t\t\t\t\t\n\t\t\t\t<div class=\"shb-accommodation-listing-description-wrapper\">\n\t\t\t\t\n\t\t\t\t\t<h3><a href=\"https:\/\/les-atypiques-chalets.com\/de\/chalet-charkhan\/\" rel=\"bookmark\" title=\"Chalet Charkhan\">Chalet Charkhan<\/a><\/h3>\n\t\t\t\t\n\t\t\t\t\t<div class=\"shb-accommodation-listing-description shb-clearfix\">\n\t\t\t\t\t\t<ul>\r\n<li><i class=\"fas fa-user\"><\/i><span>Kapazit\u00e4t<\/span> 6 Personen<\/li>\r\n<li><i class=\"fas fa-ruler-combined\"><\/i><span>Oberfl\u00e4che<\/span> 65 m\u00b2<\/li>\r\n<li><i class=\"fas fa-hot-tub\"><\/i><span> Nordische Badewanne<\/span> privativ<\/li>\r\n<\/ul>\t\t\t\t\t\t<a href=\"https:\/\/les-atypiques-chalets.com\/de\/chalet-charkhan\/\" class=\"shb-accommodation-listing-button1\">ab 225\u20ac\/Nacht<\/a>\n\t\t\t\t\t\t<a href=\"https:\/\/les-atypiques-chalets.com\/de\/chalet-charkhan\/\" class=\"shb-accommodation-listing-button2\">Zimmer anzeigen<i class=\"fas fa-chevron-right\"><\/i><\/a>\n\t\t\t\t\t<\/div>\n\t\t\t\t\n\t\t\t\t<\/div>\n\t\t\t\n\t\t\t<!-- END .shb-accommodation-listing-item -->\n\t\t\t<\/div>\n\t\t\n\t\t\t\t\n\t\t\t<!-- BEGIN .shb-accommodation-listing-item -->\n\t\t\t<div class=\"shb-accommodation-listing-item\">\n\t\t\t\n\t\t\t\t\t\t\t\t\t<a href=\"https:\/\/les-atypiques-chalets.com\/de\/chalet-aslan\/\" rel=\"bookmark\" title=\"Chalet Aslan\">\n\t\t\t\t\t\t\t\t\t\t\t\t<img decoding=\"async\" class=\"shb-accommodation-listing-image\" src=\"https:\/\/les-atypiques-chalets.com\/wp-content\/uploads\/2025\/03\/ASLAN-2-900x710.webp\" alt=\"Chalet Aslan\" \/>\t\t\t\t\t<\/a>\n\t\t\t\t\t\t\t\n\t\t\t\t<div class=\"shb-accommodation-listing-description-wrapper\">\n\t\t\t\t\n\t\t\t\t\t<h3><a href=\"https:\/\/les-atypiques-chalets.com\/de\/chalet-aslan\/\" rel=\"bookmark\" title=\"Chalet Aslan\">Chalet Aslan<\/a><\/h3>\n\t\t\t\t\n\t\t\t\t\t<div class=\"shb-accommodation-listing-description shb-clearfix\">\n\t\t\t\t\t\t<ul>\r\n<li><i class=\"fas fa-user\"><\/i><span>Kapazit\u00e4t<\/span> 5 Personen<\/li>\r\n<li><i class=\"fas fa-ruler-combined\"><\/i><span>Oberfl\u00e4che<\/span> 65 m\u00b2<\/li>\r\n<li><i class=\"fas fa-hot-tub\"><\/i><span> Nordische Badewanne<\/span> privativ<\/li>\r\n<\/ul>\t\t\t\t\t\t<a href=\"https:\/\/les-atypiques-chalets.com\/de\/chalet-aslan\/\" class=\"shb-accommodation-listing-button1\">ab 215 \u20ac\/Nacht<\/a>\n\t\t\t\t\t\t<a href=\"https:\/\/les-atypiques-chalets.com\/de\/chalet-aslan\/\" class=\"shb-accommodation-listing-button2\">Zimmer anzeigen<i class=\"fas fa-chevron-right\"><\/i><\/a>\n\t\t\t\t\t<\/div>\n\t\t\t\t\n\t\t\t\t<\/div>\n\t\t\t\n\t\t\t<!-- END .shb-accommodation-listing-item -->\n\t\t\t<\/div>\n\t\t\n\t\t\t\t\n\t\t\t<!-- BEGIN .shb-accommodation-listing-item -->\n\t\t\t<div class=\"shb-accommodation-listing-item\">\n\t\t\t\n\t\t\t\t\t\t\t\t\t<a href=\"https:\/\/les-atypiques-chalets.com\/de\/chalet-iorik\/\" rel=\"bookmark\" title=\"Chalet Iorik\">\n\t\t\t\t\t\t\t\t\t\t\t\t<img decoding=\"async\" class=\"shb-accommodation-listing-image\" src=\"https:\/\/les-atypiques-chalets.com\/wp-content\/uploads\/2025\/09\/iorik-sejour-L-1024x710.webp\" alt=\"Chalet Iorik\" \/>\t\t\t\t\t<\/a>\n\t\t\t\t\t\t\t\n\t\t\t\t<div class=\"shb-accommodation-listing-description-wrapper\">\n\t\t\t\t\n\t\t\t\t\t<h3><a href=\"https:\/\/les-atypiques-chalets.com\/de\/chalet-iorik\/\" rel=\"bookmark\" title=\"Chalet Iorik\">Chalet Iorik<\/a><\/h3>\n\t\t\t\t\n\t\t\t\t\t<div class=\"shb-accommodation-listing-description shb-clearfix\">\n\t\t\t\t\t\t<ul>\r\n<li><i class=\"fas fa-user\"><\/i><span>Kapazit\u00e4t<\/span> 4 Personen<\/li>\r\n<li><i class=\"fas fa-ruler-combined\"><\/i><span>Oberfl\u00e4che<\/span> 45 m2<\/li>\r\n<li><i class=\"fas fa-hot-tub\"><\/i><span> Nordische Badewanne<\/span> privativ<\/li>\r\n<\/ul>\t\t\t\t\t\t<a href=\"https:\/\/les-atypiques-chalets.com\/de\/chalet-iorik\/\" class=\"shb-accommodation-listing-button1\">ab 170\u20ac\/Nacht<\/a>\n\t\t\t\t\t\t<a href=\"https:\/\/les-atypiques-chalets.com\/de\/chalet-iorik\/\" class=\"shb-accommodation-listing-button2\">Zimmer anzeigen<i class=\"fas fa-chevron-right\"><\/i><\/a>\n\t\t\t\t\t<\/div>\n\t\t\t\t\n\t\t\t\t<\/div>\n\t\t\t\n\t\t\t<!-- END .shb-accommodation-listing-item -->\n\t\t\t<\/div>\n\t\t\n\t\t\t\t\t\n\t\t<!-- END .shb-accommodation-listing-style-1 -->\n\t\t<\/div>\n\t\n\t\t\n\t\t\t\n\t\t<div class=\"shb-clearboth\"><\/div>\n\t\t<div class=\"shb-accommodation-listing-1-pagination\">\n\t\t\t\t<\/div>\n\t\t\n\t\t\n\t<\/div><\/div><\/div><\/div><div class=\"vc_row wpb_row vc_row-fluid\"><div class=\"wpb_column vc_column_container vc_col-sm-12\"><div class=\"vc_column-inner\"><div class=\"wpb_wrapper\"><div class=\"vc_empty_space\"   style=\"height: 32px\"><span class=\"vc_empty_space_inner\"><\/span><\/div><div class=\"vc_separator wpb_content_element vc_separator_align_center vc_sep_width_100 vc_sep_pos_align_center wpb_content_element vc_separator-has-text\" ><span class=\"vc_sep_holder vc_sep_holder_l\"><span style=\"border-color:#683c16;\" class=\"vc_sep_line\"><\/span><\/span><h4>Les Atypiques Chalets - Bain nordique - Sauna - Privatif<\/h4><span class=\"vc_sep_holder vc_sep_holder_r\"><span style=\"border-color:#683c16;\" class=\"vc_sep_line\"><\/span><\/span>\n<\/div><div class=\"vc_empty_space\"   style=\"height: 32px\"><span class=\"vc_empty_space_inner\"><\/span><\/div><\/div><\/div><\/div><\/div><div class=\"vc_row wpb_row vc_row-fluid\"><div class=\"wpb_column vc_column_container vc_col-sm-12\"><div class=\"vc_column-inner\"><div class=\"wpb_wrapper\">\n\t<div class=\"wpb_text_column wpb_content_element\" >\n\t\t<div class=\"wpb_wrapper\">\n\t\t\t<h2><span style=\"color: #683c16;\">Einf\u00fchrung<\/span><\/h2>\n<p>Bienvenue \u00e0 <a href=\"https:\/\/les-atypiques-chalets.com\/de\/lhistoire-et-la-culture-de-la-region-de-gerardmer\/\">G\u00e9rardmer<\/a>, la perle des Vosges ! Imaginez-vous entour\u00e9 de montagnes enneig\u00e9es ou de for\u00eats verdoyantes, selon la saison. Un s\u00e9jour dans cette magnifique r\u00e9gion ne serait pas complet sans un h\u00e9bergement de qualit\u00e9. C\u2019est l\u00e0 que <a href=\"https:\/\/les-atypiques-chalets.com\/de\/\">les Atypiques Chalets<\/a> entrent en jeu, offrant des chalets spacieux et confortables pour des groupes jusqu&rsquo;\u00e0 six personnes. Que vous planifiez une escapade en famille ou entre amis, vous trouverez ici tout ce dont vous avez besoin pour des vacances inoubliables.<\/p>\n\n\t\t<\/div>\n\t<\/div>\n<\/div><\/div><\/div><\/div><div class=\"vc_row wpb_row vc_row-fluid\"><div class=\"wpb_column vc_column_container vc_col-sm-12\"><div class=\"vc_column-inner\"><div class=\"wpb_wrapper\"><div class=\"vc_empty_space\"   style=\"height: 32px\"><span class=\"vc_empty_space_inner\"><\/span><\/div><div class=\"vc_separator wpb_content_element vc_separator_align_center vc_sep_width_100 vc_sep_pos_align_center wpb_content_element vc_separator-has-text\" ><span class=\"vc_sep_holder vc_sep_holder_l\"><span style=\"border-color:#683c16;\" class=\"vc_sep_line\"><\/span><\/span><h4>Les Atypiques Chalets - Bain nordique - Sauna - Privatif<\/h4><span class=\"vc_sep_holder vc_sep_holder_r\"><span style=\"border-color:#683c16;\" class=\"vc_sep_line\"><\/span><\/span>\n<\/div><div class=\"vc_empty_space\"   style=\"height: 32px\"><span class=\"vc_empty_space_inner\"><\/span><\/div><\/div><\/div><\/div><\/div><div class=\"vc_row wpb_row vc_row-fluid\"><div class=\"wpb_column vc_column_container vc_col-sm-12\"><div class=\"vc_column-inner\"><div class=\"wpb_wrapper\">\n\t<div class=\"wpb_text_column wpb_content_element\" >\n\t\t<div class=\"wpb_wrapper\">\n\t\t\t<h2><span style=\"color: #683c16;\">Pourquoi choisir G\u00e9rardmer<\/span><br \/>\n<span style=\"color: #683c16;\">pour vos vacances ?<\/span><\/h2>\n<p><a href=\"https:\/\/les-atypiques-chalets.com\/de\/les-activites-familiales-autour-de-gerardmer-suggestions-dactivites-et-de-sorties-adaptees-aux-familles-avec-enfants-dans-la-region\/\">G\u00e9rardmer<\/a> est un v\u00e9ritable paradis pour les amoureux de la nature et les passionn\u00e9s d&rsquo;activit\u00e9s de plein air. Que ce soit pour le <a href=\"https:\/\/les-atypiques-chalets.com\/de\/tag\/ski\/\"  data-wpil-monitor-id=\"2257\">ski<\/a> en hiver ou les randonn\u00e9es en \u00e9t\u00e9, cette ville a tout pour plaire.<\/p>\n<h3>Beaut\u00e9 naturelle<\/h3>\n<p>Avec son lac pittoresque et ses montagnes majestueuses, <a href=\"https:\/\/les-atypiques-chalets.com\/de\/nordische-bader-gerardmer\/\"  data-wpil-monitor-id=\"2488\">G\u00e9rardmer offre des paysages \u00e0<\/a> couper le souffle en toutes saisons. Les for\u00eats denses et les prairies fleuries cr\u00e9ent une toile de fond parfaite pour vos aventures.<\/p>\n<h3>Activit\u00e9s disponibles<\/h3>\n<p><a href=\"https:\/\/les-atypiques-chalets.com\/de\/10-activites-a-faire-a-gerardmer\/\">Des sports nautiques aux pistes de ski, en passant par les sentiers de randonn\u00e9e, G\u00e9rardmer regorge d\u2019activit\u00e9s pour tous les go\u00fbts<\/a>. Les amateurs de sensations fortes pourront s\u2019essayer au parapente, tandis que les familles appr\u00e9cieront les balades tranquilles autour du lac.<\/p>\n<h3>Climat et saisonnalit\u00e9<\/h3>\n<p>G\u00e9rardmer est belle toute l\u2019ann\u00e9e, avec des \u00e9t\u00e9s doux et des <a href=\"https:\/\/les-atypiques-chalets.com\/de\/guide-ski-vosges-top-stations-decouvertes\/\">hivers enneig\u00e9s<\/a>. Chaque saison apporte son lot de charmes et d\u2019activit\u00e9s, rendant cette destination parfaite pour un voyage \u00e0 n\u2019importe quel moment de l\u2019ann\u00e9e.<\/p>\n\n\t\t<\/div>\n\t<\/div>\n<\/div><\/div><\/div><\/div><div class=\"vc_row wpb_row vc_row-fluid\"><div class=\"wpb_column vc_column_container vc_col-sm-12\"><div class=\"vc_column-inner\"><div class=\"wpb_wrapper\"><div class=\"vc_empty_space\"   style=\"height: 32px\"><span class=\"vc_empty_space_inner\"><\/span><\/div><div class=\"vc_separator wpb_content_element vc_separator_align_center vc_sep_width_100 vc_sep_pos_align_center wpb_content_element vc_separator-has-text\" ><span class=\"vc_sep_holder vc_sep_holder_l\"><span style=\"border-color:#683c16;\" class=\"vc_sep_line\"><\/span><\/span><h4>Les Atypiques Chalets - Bain nordique - Sauna - Privatif<\/h4><span class=\"vc_sep_holder vc_sep_holder_r\"><span style=\"border-color:#683c16;\" class=\"vc_sep_line\"><\/span><\/span>\n<\/div><div class=\"vc_empty_space\"   style=\"height: 32px\"><span class=\"vc_empty_space_inner\"><\/span><\/div><\/div><\/div><\/div><\/div><div class=\"vc_row wpb_row vc_row-fluid\"><div class=\"wpb_column vc_column_container vc_col-sm-12\"><div class=\"vc_column-inner\"><div class=\"wpb_wrapper\">\n\t<div class=\"wpb_text_column wpb_content_element\" >\n\t\t<div class=\"wpb_wrapper\">\n\t\t\t<h2><span style=\"color: #683c16;\">Les Atypiques Chalets :<\/span><br \/>\n<span style=\"color: #683c16;\">Une exp\u00e9rience unique<\/span><\/h2>\n<h3>Pr\u00e9sentation des Atypiques Chalets<\/h3>\n<p>Situ\u00e9s au c\u0153ur de <a href=\"https:\/\/les-atypiques-chalets.com\/de\/10-activites-a-faire-a-gerardmer\/\">G\u00e9rardmer<\/a>, les Atypiques Chalets se distinguent par leur charme rustique et leurs \u00e9quipements modernes. Con\u00e7us pour offrir confort et commodit\u00e9, ces chalets sont l\u2019endroit id\u00e9al pour se d\u00e9tendre apr\u00e8s une journ\u00e9e d\u2019aventures.<\/p>\n<h3>Localisation strat\u00e9gique<\/h3>\n<p>Lesen <a href=\"https:\/\/les-atypiques-chalets.com\/de\/a-propos-de-nous\/\" data-wpil-monitor-id=\"1\">Au\u00dfergew\u00f6hnliche Chalets<\/a> b\u00e9n\u00e9ficient d\u2019une localisation id\u00e9ale, \u00e0 proximit\u00e9 des principales attractions et commodit\u00e9s de G\u00e9rardmer. Que vous souhaitiez explorer la nature ou d\u00e9couvrir la ville, tout est facilement accessible.<\/p>\n\n\t\t<\/div>\n\t<\/div>\n<\/div><\/div><\/div><\/div><div class=\"vc_row wpb_row vc_row-fluid\"><div class=\"wpb_column vc_column_container vc_col-sm-12\"><div class=\"vc_column-inner\"><div class=\"wpb_wrapper\"><div class=\"vc_empty_space\"   style=\"height: 32px\"><span class=\"vc_empty_space_inner\"><\/span><\/div><div class=\"vc_separator wpb_content_element vc_separator_align_center vc_sep_width_100 vc_sep_pos_align_center wpb_content_element vc_separator-has-text\" ><span class=\"vc_sep_holder vc_sep_holder_l\"><span style=\"border-color:#683c16;\" class=\"vc_sep_line\"><\/span><\/span><h4>Les Atypiques Chalets - Bain nordique - Sauna - Privatif<\/h4><span class=\"vc_sep_holder vc_sep_holder_r\"><span style=\"border-color:#683c16;\" class=\"vc_sep_line\"><\/span><\/span>\n<\/div><div class=\"vc_empty_space\"   style=\"height: 32px\"><span class=\"vc_empty_space_inner\"><\/span><\/div><\/div><\/div><\/div><\/div><div class=\"vc_row wpb_row vc_row-fluid\"><div class=\"wpb_column vc_column_container vc_col-sm-12\"><div class=\"vc_column-inner\"><div class=\"wpb_wrapper\">\n\t<div class=\"wpb_text_column wpb_content_element\" >\n\t\t<div class=\"wpb_wrapper\">\n\t\t\t<h2><span style=\"color: #683c16;\">Confort et commodit\u00e9s<\/span><br \/>\n<span style=\"color: #683c16;\">des chalets<\/span><\/h2>\n<h3>Espaces de vie spacieux<\/h3>\n<p>Chaque chalet est con\u00e7u pour offrir des espaces de vie g\u00e9n\u00e9reux, parfaits pour se retrouver en famille ou entre amis. Les salons sont \u00e9quip\u00e9s de canap\u00e9s confortables, et certaines unit\u00e9s disposent m\u00eame de chemin\u00e9es pour une ambiance chaleureuse.<\/p>\n<h3>Cuisine enti\u00e8rement \u00e9quip\u00e9e<\/h3>\n<p>Pr\u00e9parer des repas devient un plaisir gr\u00e2ce <a href=\"https:\/\/les-atypiques-chalets.com\/de\/chalet-iorik\/\">aux cuisines enti\u00e8rement \u00e9quip\u00e9es<\/a> des chalets. Vous y trouverez tout le n\u00e9cessaire pour cuisiner, des ustensiles aux appareils modernes.<\/p>\n<h3>Chambres confortables<\/h3>\n<p>Les chambres des <a href=\"https:\/\/les-atypiques-chalets.com\/de\/blog\/\" data-wpil-monitor-id=\"84\">Au\u00dfergew\u00f6hnliche Chalets<\/a> sont synonymes de confort. Avec des lits douillets et une d\u00e9coration soign\u00e9e, elles garantissent des nuits reposantes apr\u00e8s une journ\u00e9e bien remplie.<\/p>\n\n\t\t<\/div>\n\t<\/div>\n<\/div><\/div><\/div><\/div><div class=\"vc_row wpb_row vc_row-fluid\"><div class=\"wpb_column vc_column_container vc_col-sm-12\"><div class=\"vc_column-inner\"><div class=\"wpb_wrapper\"><div class=\"vc_empty_space\"   style=\"height: 32px\"><span class=\"vc_empty_space_inner\"><\/span><\/div><div class=\"vc_separator wpb_content_element vc_separator_align_center vc_sep_width_100 vc_sep_pos_align_center wpb_content_element vc_separator-has-text\" ><span class=\"vc_sep_holder vc_sep_holder_l\"><span style=\"border-color:#683c16;\" class=\"vc_sep_line\"><\/span><\/span><h4>Les Atypiques Chalets - Bain nordique - Sauna - Privatif<\/h4><span class=\"vc_sep_holder vc_sep_holder_r\"><span style=\"border-color:#683c16;\" class=\"vc_sep_line\"><\/span><\/span>\n<\/div><div class=\"vc_empty_space\"   style=\"height: 32px\"><span class=\"vc_empty_space_inner\"><\/span><\/div><\/div><\/div><\/div><\/div><div class=\"vc_row wpb_row vc_row-fluid\"><div class=\"wpb_column vc_column_container vc_col-sm-12\"><div class=\"vc_column-inner\"><div class=\"wpb_wrapper\">\n\t<div class=\"wpb_text_column wpb_content_element\" >\n\t\t<div class=\"wpb_wrapper\">\n\t\t\t<h2><span style=\"color: #683c16;\">Activit\u00e9s \u00e0 proximit\u00e9 des chalets<\/span><\/h2>\n<h3>Sports d&rsquo;hiver et d&rsquo;\u00e9t\u00e9<\/h3>\n<p>En hiver, <a href=\"https:\/\/les-atypiques-chalets.com\/de\/rejoignez-laventure-a-gerardmer-reservez-votre-sejour\/\">les pistes de ski de G\u00e9rardmer<\/a> attirent des skieurs de tous niveaux. En \u00e9t\u00e9, les montagnes deviennent le terrain de jeu des randonneurs et des v\u00e9t\u00e9tistes.<\/p>\n<h3>Randonn\u00e9es et nature<\/h3>\n<p><a href=\"https:\/\/les-atypiques-chalets.com\/de\/les-meilleurs-itineraires-de-randonnee-autour-de-gerardmer\/\">Les sentiers de randonn\u00e9e<\/a> offrent des vues spectaculaires et des rencontres avec la faune locale. Ne manquez pas le sentier de la cascade <a href=\"https:\/\/les-atypiques-chalets.com\/de\/les-10-choses-a-faire-a-gerardmer-en-ete\/\"  data-wpil-monitor-id=\"1660\">de M\u00e9relle<\/a> pour une balade m\u00e9morable.<\/p>\n<h3>Attractions locales<\/h3>\n<p>Visitez les march\u00e9s locaux, les mus\u00e9es et autres attractions culturelles pour <a href=\"https:\/\/les-atypiques-chalets.com\/de\/votre-guide-des-evenements-et-festivals-a-gerardmer-2024\/\">d\u00e9couvrir l\u2019histoire et le patrimoine de G\u00e9rardmer<\/a>. Le festival du film fantastique est un \u00e9v\u00e9nement incontournable pour les cin\u00e9philes.<\/p>\n<h2><\/h2>\n\n\t\t<\/div>\n\t<\/div>\n<\/div><\/div><\/div><\/div><div class=\"vc_row wpb_row vc_row-fluid\"><div class=\"wpb_column vc_column_container vc_col-sm-12\"><div class=\"vc_column-inner\"><div class=\"wpb_wrapper\"><div class=\"vc_empty_space\"   style=\"height: 32px\"><span class=\"vc_empty_space_inner\"><\/span><\/div><div class=\"vc_separator wpb_content_element vc_separator_align_center vc_sep_width_100 vc_sep_pos_align_center wpb_content_element vc_separator-has-text\" ><span class=\"vc_sep_holder vc_sep_holder_l\"><span style=\"border-color:#683c16;\" class=\"vc_sep_line\"><\/span><\/span><h4>Les Atypiques Chalets - Bain nordique - Sauna - Privatif<\/h4><span class=\"vc_sep_holder vc_sep_holder_r\"><span style=\"border-color:#683c16;\" class=\"vc_sep_line\"><\/span><\/span>\n<\/div><div class=\"vc_empty_space\"   style=\"height: 32px\"><span class=\"vc_empty_space_inner\"><\/span><\/div><\/div><\/div><\/div><\/div><div class=\"vc_row wpb_row vc_row-fluid\"><div class=\"wpb_column vc_column_container vc_col-sm-12\"><div class=\"vc_column-inner\"><div class=\"wpb_wrapper\">\n\t<div class=\"wpb_text_column wpb_content_element\" >\n\t\t<div class=\"wpb_wrapper\">\n\t\t\t<h2><span style=\"color: #683c16;\">Pourquoi choisir un chalet<\/span><br \/>\n<span style=\"color: #683c16;\">pour 6 personnes ?<\/span><\/h2>\n<h3>Parfait pour les familles et groupes d&rsquo;amis<\/h3>\n<p>Un chalet pour six personnes offre l\u2019espace n\u00e9cessaire pour que chacun puisse se sentir \u00e0 l\u2019aise. C\u2019est l\u2019option id\u00e9ale pour les familles nombreuses ou les groupes d\u2019amis souhaitant passer du temps ensemble sans sacrifier leur confort.<\/p>\n<h3>Intimit\u00e9 et espace<\/h3>\n<p>Contrairement aux h\u00f4tels, les chalets offrent une intimit\u00e9 incomparable. Vous pouvez profiter de votre espace sans \u00eatre d\u00e9rang\u00e9 par les autres vacanciers, ce qui rend votre s\u00e9jour encore plus agr\u00e9able.<\/p>\n\n\t\t<\/div>\n\t<\/div>\n<\/div><\/div><\/div><\/div><div class=\"vc_row wpb_row vc_row-fluid\"><div class=\"wpb_column vc_column_container vc_col-sm-12\"><div class=\"vc_column-inner\"><div class=\"wpb_wrapper\"><div class=\"vc_empty_space\"   style=\"height: 32px\"><span class=\"vc_empty_space_inner\"><\/span><\/div><div class=\"vc_separator wpb_content_element vc_separator_align_center vc_sep_width_100 vc_sep_pos_align_center wpb_content_element vc_separator-has-text\" ><span class=\"vc_sep_holder vc_sep_holder_l\"><span style=\"border-color:#683c16;\" class=\"vc_sep_line\"><\/span><\/span><h4>Les Atypiques Chalets - Bain nordique - Sauna - Privatif<\/h4><span class=\"vc_sep_holder vc_sep_holder_r\"><span style=\"border-color:#683c16;\" class=\"vc_sep_line\"><\/span><\/span>\n<\/div><div class=\"vc_empty_space\"   style=\"height: 32px\"><span class=\"vc_empty_space_inner\"><\/span><\/div><\/div><\/div><\/div><\/div><div class=\"vc_row wpb_row vc_row-fluid\"><div class=\"wpb_column vc_column_container vc_col-sm-12\"><div class=\"vc_column-inner\"><div class=\"wpb_wrapper\">\n\t<div class=\"wpb_text_column wpb_content_element\" >\n\t\t<div class=\"wpb_wrapper\">\n\t\t\t<h2><span style=\"color: #683c16;\">Processus de r\u00e9servation<\/span><br \/>\n<span style=\"color: #683c16;\">facile et rapide<\/span><\/h2>\n<h3>\u00c9tapes de la r\u00e9servation en ligne<\/h3>\n<p>R\u00e9server un <a href=\"https:\/\/les-atypiques-chalets.com\/de\/meilleurs-chalets-familiaux-a-louer-dans-les-vosges\/\" data-wpil-monitor-id=\"124\">chalet aux Atypiques<\/a> Chalets est un jeu d\u2019enfant gr\u00e2ce \u00e0 leur site internet intuitif. En quelques clics, choisissez vos dates, s\u00e9lectionnez votre <a href=\"https:\/\/les-atypiques-chalets.com\/de\/chalets-a-gerardmer-pour-noel-reservez-maintenant\/\" data-wpil-monitor-id=\"1031\">chalet et finalisez votre r\u00e9servation<\/a>.<\/p>\n<h3>Options de paiement<\/h3>\n<p><a href=\"https:\/\/les-atypiques-chalets.com\/de\/chalets-avec-bain-nordique-dans-les-vosges\/\" data-wpil-monitor-id=\"143\">Die Ungew\u00f6hnlichen Chalets<\/a> offrent plusieurs options de paiement pour s\u2019adapter \u00e0 vos pr\u00e9f\u00e9rences. Carte de cr\u00e9dit, PayPal ou virement bancaire, tout est fait pour faciliter la transaction.<\/p>\n\n\t\t<\/div>\n\t<\/div>\n<\/div><\/div><\/div><\/div><div class=\"vc_row wpb_row vc_row-fluid\"><div class=\"wpb_column vc_column_container vc_col-sm-12\"><div class=\"vc_column-inner\"><div class=\"wpb_wrapper\"><div class=\"vc_empty_space\"   style=\"height: 32px\"><span class=\"vc_empty_space_inner\"><\/span><\/div><div class=\"vc_separator wpb_content_element vc_separator_align_center vc_sep_width_100 vc_sep_pos_align_center wpb_content_element vc_separator-has-text\" ><span class=\"vc_sep_holder vc_sep_holder_l\"><span style=\"border-color:#683c16;\" class=\"vc_sep_line\"><\/span><\/span><h4>Les Atypiques Chalets - Bain nordique - Sauna - Privatif<\/h4><span class=\"vc_sep_holder vc_sep_holder_r\"><span style=\"border-color:#683c16;\" class=\"vc_sep_line\"><\/span><\/span>\n<\/div><div class=\"vc_empty_space\"   style=\"height: 32px\"><span class=\"vc_empty_space_inner\"><\/span><\/div><\/div><\/div><\/div><\/div><div class=\"vc_row wpb_row vc_row-fluid\"><div class=\"wpb_column vc_column_container vc_col-sm-12\"><div class=\"vc_column-inner\"><div class=\"wpb_wrapper\">\n\t<div class=\"wpb_text_column wpb_content_element\" >\n\t\t<div class=\"wpb_wrapper\">\n\t\t\t<h2><span style=\"color: #683c16;\">T\u00e9moignages de clients satisfaits<\/span><\/h2>\n<h3>Avis de familles<\/h3>\n<p>\u00ab\u00a0Nous avons pass\u00e9 des vacances incroyables \u00e0 <a href=\"https:\/\/gerardmer.net\/\" target=\"_blank\" rel=\"noopener nofollow\">G\u00e9rardmer<\/a> gr\u00e2ce aux Atypiques Chalets. Les enfants ont ador\u00e9 la proximit\u00e9 des pistes de ski, et nous avons tous appr\u00e9ci\u00e9 le confort du chalet.\u00a0\u00bb &#8211; Famille Dupont<\/p>\n<h3>Exp\u00e9riences de groupes d&rsquo;amis<\/h3>\n<p><a href=\"https:\/\/les-atypiques-chalets.com\/de\/trouvez-le-chalet-parfait-a-louer-a-gerardmer\/\" data-wpil-monitor-id=\"155\">\u00ab\u00a0Les Atypiques Chalets sont parfaits<\/a> pour une escapade entre amis. Nous avons pu profiter des activit\u00e9s en journ\u00e9e et nous d\u00e9tendre le soir dans un cadre cosy et convivial.\u00a0\u00bb &#8211; Groupe d\u2019amis<\/p>\n<h2><\/h2>\n\n\t\t<\/div>\n\t<\/div>\n<\/div><\/div><\/div><\/div><div class=\"vc_row wpb_row vc_row-fluid\"><div class=\"wpb_column vc_column_container vc_col-sm-12\"><div class=\"vc_column-inner\"><div class=\"wpb_wrapper\"><div class=\"vc_empty_space\"   style=\"height: 32px\"><span class=\"vc_empty_space_inner\"><\/span><\/div><div class=\"vc_separator wpb_content_element vc_separator_align_center vc_sep_width_100 vc_sep_pos_align_center wpb_content_element vc_separator-has-text\" ><span class=\"vc_sep_holder vc_sep_holder_l\"><span style=\"border-color:#683c16;\" class=\"vc_sep_line\"><\/span><\/span><h4>Les Atypiques Chalets - Bain nordique - Sauna - Privatif<\/h4><span class=\"vc_sep_holder vc_sep_holder_r\"><span style=\"border-color:#683c16;\" class=\"vc_sep_line\"><\/span><\/span>\n<\/div><div class=\"vc_empty_space\"   style=\"height: 32px\"><span class=\"vc_empty_space_inner\"><\/span><\/div><\/div><\/div><\/div><\/div><div class=\"vc_row wpb_row vc_row-fluid\"><div class=\"wpb_column vc_column_container vc_col-sm-12\"><div class=\"vc_column-inner\"><div class=\"wpb_wrapper\">\n\t<div class=\"wpb_text_column wpb_content_element\" >\n\t\t<div class=\"wpb_wrapper\">\n\t\t\t<h2><span style=\"color: #683c16;\">Conseils pour un s\u00e9jour<\/span><br \/>\n<span style=\"color: #683c16;\">r\u00e9ussi \u00e0 G\u00e9rardmer<\/span><\/h2>\n<h3>Meilleures p\u00e9riodes pour visiter<\/h3>\n<p>Pour profiter pleinement de <a href=\"https:\/\/les-atypiques-chalets.com\/de\/visitez-les-marches-de-gerardmer\/\" data-wpil-monitor-id=\"497\">G\u00e9rardmer<\/a>, il est important de choisir la bonne p\u00e9riode. L\u2019hiver est parfait pour les sports d\u2019hiver, tandis que l\u2019\u00e9t\u00e9 est id\u00e9al pour les <a href=\"https:\/\/les-atypiques-chalets.com\/de\/chalet-mit-jacuzzi-in-gerardmer-vogesen\/\" data-wpil-monitor-id=\"2422\">Outdoor-Aktivit\u00e4ten<\/a>.<\/p>\n<h3>Ce qu&rsquo;il faut apporter<\/h3>\n<p>N\u2019oubliez pas d\u2019apporter des v\u00eatements adapt\u00e9s \u00e0 la saison, de bonnes chaussures de marche, et bien s\u00fbr, votre appareil photo pour capturer les paysages \u00e9poustouflants.<\/p>\n\n\t\t<\/div>\n\t<\/div>\n<\/div><\/div><\/div><\/div><div class=\"vc_row wpb_row vc_row-fluid\"><div class=\"wpb_column vc_column_container vc_col-sm-12\"><div class=\"vc_column-inner\"><div class=\"wpb_wrapper\"><div class=\"vc_empty_space\"   style=\"height: 32px\"><span class=\"vc_empty_space_inner\"><\/span><\/div><div class=\"vc_separator wpb_content_element vc_separator_align_center vc_sep_width_100 vc_sep_pos_align_center wpb_content_element vc_separator-has-text\" ><span class=\"vc_sep_holder vc_sep_holder_l\"><span style=\"border-color:#683c16;\" class=\"vc_sep_line\"><\/span><\/span><h4>Les Atypiques Chalets - Bain nordique - Sauna - Privatif<\/h4><span class=\"vc_sep_holder vc_sep_holder_r\"><span style=\"border-color:#683c16;\" class=\"vc_sep_line\"><\/span><\/span>\n<\/div><div class=\"vc_empty_space\"   style=\"height: 32px\"><span class=\"vc_empty_space_inner\"><\/span><\/div><\/div><\/div><\/div><\/div><div class=\"vc_row wpb_row vc_row-fluid\"><div class=\"wpb_column vc_column_container vc_col-sm-12\"><div class=\"vc_column-inner\"><div class=\"wpb_wrapper\">\n\t<div class=\"wpb_text_column wpb_content_element\" >\n\t\t<div class=\"wpb_wrapper\">\n\t\t\t<h2><span style=\"color: #683c16;\">D\u00e9couvrir la culture locale<\/span><\/h2>\n<h3>Gastronomie r\u00e9gionale<\/h3>\n<p>D\u00e9gustez les sp\u00e9cialit\u00e9s locales comme la tarte aux myrtilles, les fromages des Vosges et les plats traditionnels dans l<a href=\"https:\/\/les-atypiques-chalets.com\/de\/meilleurs-restaurants-gerardmer-tour-culinaire\/\">es restaurants de G\u00e9rardmer<\/a>.<\/p>\n<h3>Festivals et \u00e9v\u00e9nements<\/h3>\n<p>Ne manquez pas les \u00e9v\u00e9nements locaux tels que le festival du film fantastique de G\u00e9rardmer ou les march\u00e9s <a href=\"https:\/\/les-atypiques-chalets.com\/de\/les-10-plus-beaux-marches-de-noel-en-alsace\/\" data-wpil-monitor-id=\"572\">de No\u00ebl<\/a> pour une immersion totale dans la culture locale.<\/p>\n\n\t\t<\/div>\n\t<\/div>\n<\/div><\/div><\/div><\/div><div class=\"vc_row wpb_row vc_row-fluid\"><div class=\"wpb_column vc_column_container vc_col-sm-12\"><div class=\"vc_column-inner\"><div class=\"wpb_wrapper\"><div class=\"vc_empty_space\"   style=\"height: 32px\"><span class=\"vc_empty_space_inner\"><\/span><\/div><div class=\"vc_separator wpb_content_element vc_separator_align_center vc_sep_width_100 vc_sep_pos_align_center wpb_content_element vc_separator-has-text\" ><span class=\"vc_sep_holder vc_sep_holder_l\"><span style=\"border-color:#683c16;\" class=\"vc_sep_line\"><\/span><\/span><h4>Les Atypiques Chalets - Bain nordique - Sauna - Privatif<\/h4><span class=\"vc_sep_holder vc_sep_holder_r\"><span style=\"border-color:#683c16;\" class=\"vc_sep_line\"><\/span><\/span>\n<\/div><div class=\"vc_empty_space\"   style=\"height: 32px\"><span class=\"vc_empty_space_inner\"><\/span><\/div><\/div><\/div><\/div><\/div><div class=\"vc_row wpb_row vc_row-fluid\"><div class=\"wpb_column vc_column_container vc_col-sm-12\"><div class=\"vc_column-inner\"><div class=\"wpb_wrapper\">\n\t<div class=\"wpb_text_column wpb_content_element\" >\n\t\t<div class=\"wpb_wrapper\">\n\t\t\t<h2><span style=\"color: #683c16;\">Acc\u00e8s et transport<\/span><\/h2>\n<h3>Comment se rendre \u00e0 G\u00e9rardmer<\/h3>\n<p>G\u00e9rardmer est facilement accessible en voiture, en train ou en bus. Les grandes villes comme Strasbourg et Nancy ne sont qu\u2019\u00e0 quelques heures de route.<\/p>\n<h3>Moyens de transport locaux<\/h3>\n<p>Une fois sur place, vous pouvez utiliser les transports en commun, louer une voiture ou profiter des services de taxi pour vous d\u00e9placer facilement.<\/p>\n<h2><span style=\"color: #683c16;\">Durabilit\u00e9 et respect<\/span><br \/>\n<span style=\"color: #683c16;\">de l&rsquo;environnement<\/span><\/h2>\n<h3>Engagement \u00e9cologique des Atypiques Chalets<\/h3>\n<p>Les Atypiques Chalets s\u2019engagent \u00e0 minimiser leur impact environnemental gr\u00e2ce \u00e0 des pratiques durables, comme l\u2019utilisation de mat\u00e9riaux <a href=\"https:\/\/les-atypiques-chalets.com\/de\/astuces-eco-responsables-pour-les-locataires-saisonniers-conseils-pour-un-sejour-ecologique-et-responsable-dans-votre-location-saisonniere\/\" data-wpil-monitor-id=\"260\">\u00e9cologiques et la gestion responsable<\/a> des d\u00e9chets.<\/p>\n<h3>Conseils pour des vacances \u00e9coresponsables<\/h3>\n<p>Pour des vacances plus vertes, pensez \u00e0 limiter votre consommation d\u2019\u00e9nergie, \u00e0 recycler vos d\u00e9chets et \u00e0 respecter la nature environnante.<\/p>\n\n\t\t<\/div>\n\t<\/div>\n<\/div><\/div><\/div><\/div><div class=\"vc_row wpb_row vc_row-fluid\"><div class=\"wpb_column vc_column_container vc_col-sm-12\"><div class=\"vc_column-inner\"><div class=\"wpb_wrapper\"><div class=\"vc_empty_space\"   style=\"height: 32px\"><span class=\"vc_empty_space_inner\"><\/span><\/div><div class=\"vc_separator wpb_content_element vc_separator_align_center vc_sep_width_100 vc_sep_pos_align_center wpb_content_element vc_separator-has-text\" ><span class=\"vc_sep_holder vc_sep_holder_l\"><span style=\"border-color:#683c16;\" class=\"vc_sep_line\"><\/span><\/span><h4>Les Atypiques Chalets - Bain nordique - Sauna - Privatif<\/h4><span class=\"vc_sep_holder vc_sep_holder_r\"><span style=\"border-color:#683c16;\" class=\"vc_sep_line\"><\/span><\/span>\n<\/div><div class=\"vc_empty_space\"   style=\"height: 32px\"><span class=\"vc_empty_space_inner\"><\/span><\/div><\/div><\/div><\/div><\/div><div class=\"vc_row wpb_row vc_row-fluid\"><div class=\"wpb_column vc_column_container vc_col-sm-12\"><div class=\"vc_column-inner\"><div class=\"wpb_wrapper\">\n\t<div class=\"wpb_text_column wpb_content_element\" >\n\t\t<div class=\"wpb_wrapper\">\n\t\t\t<h2><span style=\"color: #683c16;\">H\u00e4ufig gestellte Fragen<\/span><\/h2>\n<h3>Quelles sont les politiques d&rsquo;annulation ?<\/h3>\n<p><a href=\"https:\/\/les-atypiques-chalets.com\/de\/quest-ce-quun-bain-nordique\/\" data-wpil-monitor-id=\"268\">Die Ungew\u00f6hnlichen Chalets<\/a> offrent des politiques d&rsquo;annulation flexibles pour s&rsquo;adapter \u00e0 vos impr\u00e9vus. Consultez leur <a href=\"https:\/\/les-atypiques-chalets.com\/de\/politique-de-confidentialite\/\" data-wpil-monitor-id=\"1990\">site web<\/a> pour les d\u00e9tails sp\u00e9cifiques.<\/p>\n<h3>Y a-t-il des activit\u00e9s pour les enfants ?<\/h3>\n<p>Oui, G\u00e9rardmer propose de nombreuses activit\u00e9s pour les enfants, des aires de jeux aux ateliers cr\u00e9atifs en passant par les activit\u00e9s de plein air.<\/p>\n<h3>Quels sont les modes de paiement accept\u00e9s ?<\/h3>\n<p><a href=\"https:\/\/les-atypiques-chalets.com\/de\/organisez-votre-sejour-a-gerardmer\/\" data-wpil-monitor-id=\"324\">Die Ungew\u00f6hnlichen Chalets<\/a> acceptent les cartes de cr\u00e9dit, PayPal et les virements bancaires pour faciliter vos transactions.<\/p>\n<h3>Les animaux de compagnie sont-ils accept\u00e9s ?<\/h3>\n<p>Certains chalets acceptent les animaux de compagnie. V\u00e9rifiez les conditions lors de la r\u00e9servation.<\/p>\n<h3>Y a-t-il des offres sp\u00e9ciales pour les longs s\u00e9jours ?<\/h3>\n<p>Des offres sp\u00e9ciales sont disponibles pour les s\u00e9jours prolong\u00e9s. Contactez <a href=\"https:\/\/les-atypiques-chalets.com\/de\/visitez-le-parc-naturel-de-gerardmer\/\" data-wpil-monitor-id=\"410\">les Atypiques Chalets<\/a> pour plus d\u2019informations.<\/p>\n<hr \/>\n<h2><span style=\"color: #683c16;\">Schlussfolgerung<\/span><\/h2>\n<p>En choisissant les <a href=\"https:\/\/les-atypiques-chalets.com\/de\/explorez-les-sentiers-vtt-de-gerardmer-avec-les-atypiques-chalets\/\" data-wpil-monitor-id=\"56\">Atypiques Chalets pour votre s\u00e9jour \u00e0 G\u00e9rardmer<\/a>, vous optez pour le confort, la commodit\u00e9 et une exp\u00e9rience m\u00e9morable. Que vous veniez pour les sports d&rsquo;hiver, les randonn\u00e9es estivales ou simplement pour vous d\u00e9tendre, vous trouverez ici tout ce dont vous avez besoin pour des <a href=\"https:\/\/les-atypiques-chalets.com\/de\/le-chalet-parfait-a-gerardmer-pour-vos-vacances-dete\/\" data-wpil-monitor-id=\"1162\">vacances parfaites<\/a>. R\u00e9servez d\u00e8s maintenant et pr\u00e9parez-vous \u00e0 vivre des moments inoubliables au c\u0153ur des <a href=\"https:\/\/les-atypiques-chalets.com\/de\/idees-de-week-end-a-gerardmer\/\" data-wpil-monitor-id=\"395\">Vogesen<\/a>.<\/p>\n<h2><\/h2>\n\n\t\t<\/div>\n\t<\/div>\n<\/div><\/div><\/div><\/div><div class=\"vc_row wpb_row vc_row-fluid\"><div class=\"wpb_column vc_column_container vc_col-sm-12\"><div class=\"vc_column-inner\"><div class=\"wpb_wrapper\"><div class=\"vc_empty_space\"   style=\"height: 32px\"><span class=\"vc_empty_space_inner\"><\/span><\/div><div class=\"vc_separator wpb_content_element vc_separator_align_center vc_sep_width_100 vc_sep_pos_align_center wpb_content_element vc_separator-has-text\" ><span class=\"vc_sep_holder vc_sep_holder_l\"><span style=\"border-color:#683c16;\" class=\"vc_sep_line\"><\/span><\/span><h4>Les Atypiques Chalets - Bain nordique - Sauna - Privatif<\/h4><span class=\"vc_sep_holder vc_sep_holder_r\"><span style=\"border-color:#683c16;\" class=\"vc_sep_line\"><\/span><\/span>\n<\/div><div class=\"vc_empty_space\"   style=\"height: 32px\"><span class=\"vc_empty_space_inner\"><\/span><\/div><\/div><\/div><\/div><\/div><div class=\"vc_row wpb_row vc_row-fluid\"><div class=\"wpb_column vc_column_container vc_col-sm-12\"><div class=\"vc_column-inner\"><div class=\"wpb_wrapper\">\n\t<div class=\"wpb_text_column wpb_content_element\" >\n\t\t<div class=\"wpb_wrapper\">\n\t\t\t<h2>H\u00e4ufig gestellte Fragen<\/h2>\n<ol>\n<li><strong>Quels sont les modes de paiement accept\u00e9s ?<\/strong> Lesen <a href=\"https:\/\/les-atypiques-chalets.com\/de\/aux-atypiques-chalets-nous-accueillons-votre-compagnon-a-quatre-pattes-comme-un-membre-de-la-famille\/\" data-wpil-monitor-id=\"513\">Au\u00dfergew\u00f6hnliche Chalets<\/a> acceptent les cartes de cr\u00e9dit, PayPal et les virements bancaires pour faciliter vos transactions.<\/li>\n<li><strong>Les animaux de compagnie sont-ils accept\u00e9s ?<\/strong> Certains chalets acceptent les animaux de compagnie. V\u00e9rifiez les conditions lors de la r\u00e9servation.<\/li>\n<li><strong>Y a-t-il des offres sp\u00e9ciales pour les longs s\u00e9jours ?<\/strong> Des offres sp\u00e9ciales sont disponibles pour les s\u00e9jours prolong\u00e9s. Contactez les <a href=\"https:\/\/les-atypiques-chalets.com\/de\/halloween-2024-en-lorraine-les-meilleurs-evenements-a-ne-pas-manquer\/\" data-wpil-monitor-id=\"580\">Au\u00dfergew\u00f6hnliche Chalets<\/a> pour plus d\u2019informations.<\/li>\n<li><strong>Comment contacter le service client ?<\/strong> Vous pouvez contacter le service client des <a href=\"https:\/\/les-atypiques-chalets.com\/de\/\">Au\u00dfergew\u00f6hnliche Chalets<\/a> via leur site web ou par t\u00e9l\u00e9phone pour toute question ou assistance.<\/li>\n<li><strong>Lesen <a href=\"https:\/\/les-atypiques-chalets.com\/de\/chalet-fur-6-personen-gerardmer\/\" data-wpil-monitor-id=\"2443\">chalets sont-ils accessibles aux personnes<\/a> \u00e0 mobilit\u00e9 r\u00e9duite ?<\/strong> Certains chalets sont adapt\u00e9s aux personnes \u00e0 mobilit\u00e9 r\u00e9duite. Veuillez v\u00e9rifier les sp\u00e9cifications lors de la r\u00e9servation.<\/li>\n<\/ol>\n<h3><\/h3>\n\n\t\t<\/div>\n\t<\/div>\n<\/div><\/div><\/div><\/div>\n<\/div>","protected":false},"excerpt":{"rendered":"Chalet IORIK Capacit\u00e9: 4 personnes Superficie: 45 m2 Bain Nordique: privatif Description de notre Chalet Iorik dans les Vosges Id\u00e9al pour les couples ou les petites familles, le Chalet IORIK est un \u00e9crin de douceur pouvant accueillir jusqu\u2019\u00e0 4 personnes. Avec ses 2 chambres cosy et ces 2 lits de 140\u00d7190, il vous promet des<a href=\"https:\/\/les-atypiques-chalets.com\/de\/chalet-aslan\/\" class=\"sohohotel-more-link\">Read More<\/a>","protected":false},"author":1,"featured_media":10988,"comment_status":"closed","ping_status":"open","sticky":false,"template":"","format":"standard","meta":{"_yoast_wpseo_title":"Location Chalet G\u00e9rardmer","_yoast_wpseo_metadesc":"R\u00e9servez votre chalet \u00e0 G\u00e9rardmer pour 6 personnes et vivez des vacances inoubliables!","_yoast_wpseo_focuskw":"#ChaletG\u00e9rardmer #LocationChalet #VacancesG\u00e9rardmer #S\u00e9jourEnFamille #ChaletConfort #MontagnesVosges #AtypiquesChalets #EscapadeNature #vosges #chaletvosges","footnotes":""},"categories":[1099],"tags":[753,819,1116,1107,1110,1105,1104,1103,1111,1009,1114,730,1100,1102,1113,1101,1109,1006,1106,1112,922,1108,1115,1008,1117],"class_list":["post-11122","post","type-post","status-publish","format-standard","has-post-thumbnail","hentry","category-les-atypiques-chalets","tag-activites-gerardmer","tag-atypiques-chalets-gerardmer","tag-chalet-avec-vue-gerardmer","tag-chalet-confortable-gerardmer","tag-chalet-cosy-gerardmer","tag-chalet-de-montagne","tag-chalet-familial-gerardmer","tag-chalet-gerardmer","tag-chalet-spacieux-gerardmer","tag-chalets-gerardmer","tag-escapade-gerardmer","tag-hebergement-gerardmer","tag-location-chalet","tag-location-chalet-6-personnes","tag-location-chalet-familial","tag-location-chalet-gerardmer","tag-location-chalet-luxe","tag-location-saisonniere-gerardmer","tag-location-vacances-vosges","tag-reservation-chalet-gerardmer","tag-sejour-gerardmer","tag-sejour-nature-gerardmer","tag-vacances-en-famille-gerardmer","tag-vacances-gerardmer","tag-vacances-sportives-gerardmer"],"_links":{"self":[{"href":"https:\/\/les-atypiques-chalets.com\/de\/wp-json\/wp\/v2\/posts\/11122","targetHints":{"allow":["GET"]}}],"collection":[{"href":"https:\/\/les-atypiques-chalets.com\/de\/wp-json\/wp\/v2\/posts"}],"about":[{"href":"https:\/\/les-atypiques-chalets.com\/de\/wp-json\/wp\/v2\/types\/post"}],"author":[{"embeddable":true,"href":"https:\/\/les-atypiques-chalets.com\/de\/wp-json\/wp\/v2\/users\/1"}],"replies":[{"embeddable":true,"href":"https:\/\/les-atypiques-chalets.com\/de\/wp-json\/wp\/v2\/comments?post=11122"}],"version-history":[{"count":0,"href":"https:\/\/les-atypiques-chalets.com\/de\/wp-json\/wp\/v2\/posts\/11122\/revisions"}],"wp:featuredmedia":[{"embeddable":true,"href":"https:\/\/les-atypiques-chalets.com\/de\/wp-json\/wp\/v2\/media\/10988"}],"wp:attachment":[{"href":"https:\/\/les-atypiques-chalets.com\/de\/wp-json\/wp\/v2\/media?parent=11122"}],"wp:term":[{"taxonomy":"category","embeddable":true,"href":"https:\/\/les-atypiques-chalets.com\/de\/wp-json\/wp\/v2\/categories?post=11122"},{"taxonomy":"post_tag","embeddable":true,"href":"https:\/\/les-atypiques-chalets.com\/de\/wp-json\/wp\/v2\/tags?post=11122"}],"curies":[{"name":"wp","href":"https:\/\/api.w.org\/{rel}","templated":true}]}}