{"id":11161,"date":"2024-07-03T12:50:55","date_gmt":"2024-07-03T12:50:55","guid":{"rendered":"https:\/\/les-atypiques-chalets.com\/?p=11161"},"modified":"2026-01-07T10:00:50","modified_gmt":"2026-01-07T10:00:50","slug":"trouvez-le-chalet-parfait-a-louer-a-gerardmer","status":"publish","type":"post","link":"https:\/\/les-atypiques-chalets.com\/de\/trouvez-le-chalet-parfait-a-louer-a-gerardmer\/","title":{"rendered":"Trouvez le chalet parfait \u00e0 louer \u00e0 G\u00e9rardmer"},"content":{"rendered":"<div class=\"wpb-content-wrapper\"><div class=\"vc_row wpb_row vc_row-fluid\"><div class=\"wpb_column vc_column_container vc_col-sm-12\"><div class=\"vc_column-inner\"><div class=\"wpb_wrapper\">\n\t<div class=\"wpb_text_column wpb_content_element\" >\n\t\t<div class=\"wpb_wrapper\">\n\t\t\t<h1><span style=\"color: #683c16;\">Trouvez le chalet<\/span><br \/>\n<span style=\"color: #683c16;\">parfait \u00e0 louer<\/span><br \/>\n<span style=\"color: #683c16;\">in G\u00e9rardmer<\/span><\/h1>\n\n\t\t<\/div>\n\t<\/div>\n<\/div><\/div><\/div><\/div><div class=\"vc_row wpb_row vc_row-fluid\"><div class=\"wpb_column vc_column_container vc_col-sm-12\"><div class=\"vc_column-inner\"><div class=\"wpb_wrapper\"><div class=\"vc_empty_space\"   style=\"height: 32px\"><span class=\"vc_empty_space_inner\"><\/span><\/div><div class=\"vc_separator wpb_content_element vc_separator_align_center vc_sep_width_100 vc_sep_pos_align_center wpb_content_element vc_separator-has-text\" ><span class=\"vc_sep_holder vc_sep_holder_l\"><span style=\"border-color:#683c16;\" class=\"vc_sep_line\"><\/span><\/span><h4>Les Atypiques Chalets - Sauna et Bains Nordiques - Privatifs<\/h4><span class=\"vc_sep_holder vc_sep_holder_r\"><span style=\"border-color:#683c16;\" class=\"vc_sep_line\"><\/span><\/span>\n<\/div><div class=\"vc_empty_space\"   style=\"height: 32px\"><span class=\"vc_empty_space_inner\"><\/span><\/div><\/div><\/div><\/div><\/div><div class=\"vc_row wpb_row vc_row-fluid\"><div class=\"wpb_column vc_column_container vc_col-sm-12\"><div class=\"vc_column-inner\"><div class=\"wpb_wrapper\">\t\t\n\t\t\t\t\n\t\t\t<!-- BEGIN .shb-accommodation-listing-filter-sorting -->\n\t\t\t<div class=\"shb-accommodation-listing-filter-sorting shb-clearfix\">\n\t\t\t\n\t\t\t\t\t\t\t\n\t\t\t\t<div class=\"shb-accommodation-listing-filter shb-clearfix\">\n\t\t\t\t\t<p>Filtern nach:<\/p>\n\t\t\t\t\t<ul>\n\t\t\t\t\t\t<li class=\"shb-filter-current\"><a href=\"https:\/\/les-atypiques-chalets.com\/de\/wp-json\/wp\/v2\/posts\/11161?shb-orderby=2\">All<\/a><\/li><li class=\"\"><a href=\"https:\/\/les-atypiques-chalets.com\/de\/wp-json\/wp\/v2\/posts\/11161?shb-orderby=2&shb-accommodation-type=chalet-4-personnes-gerardmer\">Chalet f\u00fcr 4 Personen<\/a><\/li><li class=\"\"><a href=\"https:\/\/les-atypiques-chalets.com\/de\/wp-json\/wp\/v2\/posts\/11161?shb-orderby=2&shb-accommodation-type=chalet-6-personnes\">Chalet f\u00fcr 6 Personen<\/a><\/li><li class=\"\"><a href=\"https:\/\/les-atypiques-chalets.com\/de\/wp-json\/wp\/v2\/posts\/11161?shb-orderby=2&shb-accommodation-type=chalets-6-personnes\">Chalets f\u00fcr 6 Personen<\/a><\/li>\t\t\t\t\t<\/ul>\n\t\t\t\t<\/div>\n\t\t\t\n\t\t\t\t\t\t\t\n\t\t\t\t\t\t\t\n\t\t\t\t<div class=\"shb-accommodation-listing-sorting shb-clearfix\">\n\t\t\t\t\t<select>\n\t\t\t\t\t\t<option value=\"https:\/\/les-atypiques-chalets.com\/de\/wp-json\/wp\/v2\/posts\/11161?shb-accommodation-type=0\" selected>Standard-Sortierung<\/option><option value=\"https:\/\/les-atypiques-chalets.com\/de\/wp-json\/wp\/v2\/posts\/11161?shb-accommodation-type=0&shb-orderby=1\" >Preis niedrig bis hoch<\/option><option value=\"https:\/\/les-atypiques-chalets.com\/de\/wp-json\/wp\/v2\/posts\/11161?shb-accommodation-type=0&shb-orderby=2\" >Preis hoch bis niedrig<\/option>\t\t\t\t\t<\/select>\n\t\t\t\t\t<i class=\"fas fa-chevron-down\"><\/i>\n\t\t\t\t<\/div>\n\t\t\t\n\t\t\t\t\t\n\t\t\t<!-- END .shb-accommodation-listing-filter-sorting -->\n\t\t\t<\/div>\n\t\t\n\t\t\t\t\n\t\t<!-- BEGIN .shb-accommodation-listing-style-1 -->\n\t\t<div class=\"shb-accommodation-listing-style-1 shb-accommodation-listing-style-1-columns-3\">\n\t\t\t\n\t\t\t\t\n\t\t\t<!-- BEGIN .shb-accommodation-listing-item -->\n\t\t\t<div class=\"shb-accommodation-listing-item\">\n\t\t\t\n\t\t\t\t\t\t\t\t\t<a href=\"https:\/\/les-atypiques-chalets.com\/de\/chalet-charkhan\/\" rel=\"bookmark\" title=\"Chalet Charkhan\">\n\t\t\t\t\t\t\t\t\t\t\t\t<img decoding=\"async\" class=\"shb-accommodation-listing-image\" src=\"https:\/\/les-atypiques-chalets.com\/wp-content\/uploads\/2025\/03\/salon-charkhan-03-L-1180x675.webp\" alt=\"Chalet Charkhan\" \/>\t\t\t\t\t<\/a>\n\t\t\t\t\t\t\t\n\t\t\t\t<div class=\"shb-accommodation-listing-description-wrapper\">\n\t\t\t\t\n\t\t\t\t\t<h3><a href=\"https:\/\/les-atypiques-chalets.com\/de\/chalet-charkhan\/\" rel=\"bookmark\" title=\"Chalet Charkhan\">Chalet Charkhan<\/a><\/h3>\n\t\t\t\t\n\t\t\t\t\t<div class=\"shb-accommodation-listing-description shb-clearfix\">\n\t\t\t\t\t\t<ul>\r\n<li><i class=\"fas fa-user\"><\/i><span>Kapazit\u00e4t<\/span> 6 Personen<\/li>\r\n<li><i class=\"fas fa-ruler-combined\"><\/i><span>Oberfl\u00e4che<\/span> 65 m\u00b2<\/li>\r\n<li><i class=\"fas fa-hot-tub\"><\/i><span> Nordische Badewanne<\/span> privativ<\/li>\r\n<\/ul>\t\t\t\t\t\t<a href=\"https:\/\/les-atypiques-chalets.com\/de\/chalet-charkhan\/\" class=\"shb-accommodation-listing-button1\">ab 225\u20ac\/Nacht<\/a>\n\t\t\t\t\t\t<a href=\"https:\/\/les-atypiques-chalets.com\/de\/chalet-charkhan\/\" class=\"shb-accommodation-listing-button2\">Zimmer anzeigen<i class=\"fas fa-chevron-right\"><\/i><\/a>\n\t\t\t\t\t<\/div>\n\t\t\t\t\n\t\t\t\t<\/div>\n\t\t\t\n\t\t\t<!-- END .shb-accommodation-listing-item -->\n\t\t\t<\/div>\n\t\t\n\t\t\t\t\n\t\t\t<!-- BEGIN .shb-accommodation-listing-item -->\n\t\t\t<div class=\"shb-accommodation-listing-item\">\n\t\t\t\n\t\t\t\t\t\t\t\t\t<a href=\"https:\/\/les-atypiques-chalets.com\/de\/chalet-aslan\/\" rel=\"bookmark\" title=\"Chalet Aslan\">\n\t\t\t\t\t\t\t\t\t\t\t\t<img decoding=\"async\" class=\"shb-accommodation-listing-image\" src=\"https:\/\/les-atypiques-chalets.com\/wp-content\/uploads\/2025\/03\/ASLAN-2-900x710.webp\" alt=\"Chalet Aslan\" \/>\t\t\t\t\t<\/a>\n\t\t\t\t\t\t\t\n\t\t\t\t<div class=\"shb-accommodation-listing-description-wrapper\">\n\t\t\t\t\n\t\t\t\t\t<h3><a href=\"https:\/\/les-atypiques-chalets.com\/de\/chalet-aslan\/\" rel=\"bookmark\" title=\"Chalet Aslan\">Chalet Aslan<\/a><\/h3>\n\t\t\t\t\n\t\t\t\t\t<div class=\"shb-accommodation-listing-description shb-clearfix\">\n\t\t\t\t\t\t<ul>\r\n<li><i class=\"fas fa-user\"><\/i><span>Kapazit\u00e4t<\/span> 5 Personen<\/li>\r\n<li><i class=\"fas fa-ruler-combined\"><\/i><span>Oberfl\u00e4che<\/span> 65 m\u00b2<\/li>\r\n<li><i class=\"fas fa-hot-tub\"><\/i><span> Nordische Badewanne<\/span> privativ<\/li>\r\n<\/ul>\t\t\t\t\t\t<a href=\"https:\/\/les-atypiques-chalets.com\/de\/chalet-aslan\/\" class=\"shb-accommodation-listing-button1\">ab 215 \u20ac\/Nacht<\/a>\n\t\t\t\t\t\t<a href=\"https:\/\/les-atypiques-chalets.com\/de\/chalet-aslan\/\" class=\"shb-accommodation-listing-button2\">Zimmer anzeigen<i class=\"fas fa-chevron-right\"><\/i><\/a>\n\t\t\t\t\t<\/div>\n\t\t\t\t\n\t\t\t\t<\/div>\n\t\t\t\n\t\t\t<!-- END .shb-accommodation-listing-item -->\n\t\t\t<\/div>\n\t\t\n\t\t\t\t\n\t\t\t<!-- BEGIN .shb-accommodation-listing-item -->\n\t\t\t<div class=\"shb-accommodation-listing-item\">\n\t\t\t\n\t\t\t\t\t\t\t\t\t<a href=\"https:\/\/les-atypiques-chalets.com\/de\/chalet-iorik\/\" rel=\"bookmark\" title=\"Chalet Iorik\">\n\t\t\t\t\t\t\t\t\t\t\t\t<img decoding=\"async\" class=\"shb-accommodation-listing-image\" src=\"https:\/\/les-atypiques-chalets.com\/wp-content\/uploads\/2025\/09\/iorik-sejour-L-1024x710.webp\" alt=\"Chalet Iorik\" \/>\t\t\t\t\t<\/a>\n\t\t\t\t\t\t\t\n\t\t\t\t<div class=\"shb-accommodation-listing-description-wrapper\">\n\t\t\t\t\n\t\t\t\t\t<h3><a href=\"https:\/\/les-atypiques-chalets.com\/de\/chalet-iorik\/\" rel=\"bookmark\" title=\"Chalet Iorik\">Chalet Iorik<\/a><\/h3>\n\t\t\t\t\n\t\t\t\t\t<div class=\"shb-accommodation-listing-description shb-clearfix\">\n\t\t\t\t\t\t<ul>\r\n<li><i class=\"fas fa-user\"><\/i><span>Kapazit\u00e4t<\/span> 4 Personen<\/li>\r\n<li><i class=\"fas fa-ruler-combined\"><\/i><span>Oberfl\u00e4che<\/span> 45 m2<\/li>\r\n<li><i class=\"fas fa-hot-tub\"><\/i><span> Nordische Badewanne<\/span> privativ<\/li>\r\n<\/ul>\t\t\t\t\t\t<a href=\"https:\/\/les-atypiques-chalets.com\/de\/chalet-iorik\/\" class=\"shb-accommodation-listing-button1\">ab 170\u20ac\/Nacht<\/a>\n\t\t\t\t\t\t<a href=\"https:\/\/les-atypiques-chalets.com\/de\/chalet-iorik\/\" class=\"shb-accommodation-listing-button2\">Zimmer anzeigen<i class=\"fas fa-chevron-right\"><\/i><\/a>\n\t\t\t\t\t<\/div>\n\t\t\t\t\n\t\t\t\t<\/div>\n\t\t\t\n\t\t\t<!-- END .shb-accommodation-listing-item -->\n\t\t\t<\/div>\n\t\t\n\t\t\t\t\t\n\t\t<!-- END .shb-accommodation-listing-style-1 -->\n\t\t<\/div>\n\t\n\t\t\n\t\t\t\n\t\t<div class=\"shb-clearboth\"><\/div>\n\t\t<div class=\"shb-accommodation-listing-1-pagination\">\n\t\t\t\t<\/div>\n\t\t\n\t\t\n\t<\/div><\/div><\/div><\/div><div class=\"vc_row wpb_row vc_row-fluid\"><div class=\"wpb_column vc_column_container vc_col-sm-12\"><div class=\"vc_column-inner\"><div class=\"wpb_wrapper\"><div class=\"vc_empty_space\"   style=\"height: 32px\"><span class=\"vc_empty_space_inner\"><\/span><\/div><div class=\"vc_separator wpb_content_element vc_separator_align_center vc_sep_width_100 vc_sep_pos_align_center wpb_content_element vc_separator-has-text\" ><span class=\"vc_sep_holder vc_sep_holder_l\"><span style=\"border-color:#683c16;\" class=\"vc_sep_line\"><\/span><\/span><h4>Les Atypiques Chalets - Sauna et Bains Nordiques - Privatifs<\/h4><span class=\"vc_sep_holder vc_sep_holder_r\"><span style=\"border-color:#683c16;\" class=\"vc_sep_line\"><\/span><\/span>\n<\/div><div class=\"vc_empty_space\"   style=\"height: 32px\"><span class=\"vc_empty_space_inner\"><\/span><\/div><\/div><\/div><\/div><\/div><div class=\"vc_row wpb_row vc_row-fluid\"><div class=\"wpb_column vc_column_container vc_col-sm-12\"><div class=\"vc_column-inner\"><div class=\"wpb_wrapper\">\n\t<div class=\"wpb_text_column wpb_content_element\" >\n\t\t<div class=\"wpb_wrapper\">\n\t\t\t<p><strong><span style=\"color: #683c16;\">Einf\u00fchrung<\/span><\/strong><\/p>\n<p>Vous r\u00eavez de passer des vacances m\u00e9morables entour\u00e9 par la nature, dans un cadre idyllique et paisible? <a href=\"https:\/\/les-atypiques-chalets.com\/de\/decouverte-de-gerardmer-et-ses-environs\/\">G\u00e9rardmer<\/a>, avec ses paysages pittoresques et ses nombreuses activit\u00e9s, est la destination parfaite. Pour rendre votre s\u00e9jour encore plus sp\u00e9cial, choisir le bon chalet est essentiel. Dans cet article, nous vous guiderons \u00e0 travers tout ce que vous devez savoir pour trouver le <a href=\"https:\/\/les-atypiques-chalets.com\/de\/passez-lete-dans-un-chalet-avec-bain-nordiques-privatif-a-gerardmer\/\"  data-wpil-monitor-id=\"181\">chalet parfait \u00e0 louer \u00e0 G\u00e9rardmer<\/a>.<\/p>\n<p><strong>Warum w\u00e4hlen <a href=\"https:\/\/les-atypiques-chalets.com\/de\/quest-ce-quun-bain-nordique\/\"  data-wpil-monitor-id=\"277\">G\u00e9rardmer<\/a> pour vos vacances?<\/strong><\/p>\n<p>Situ\u00e9e dans les <a href=\"https:\/\/les-atypiques-chalets.com\/de\/organisez-votre-sejour-a-gerardmer\/\"  data-wpil-monitor-id=\"325\">Vogesen<\/a>, G\u00e9rardmer est une ville charmante qui attire les amoureux de la nature et les aventuriers. La beaut\u00e9 <a href=\"https:\/\/les-atypiques-chalets.com\/de\/visitez-le-parc-naturel-de-gerardmer\/\"  data-wpil-monitor-id=\"417\">naturelle de G\u00e9rardmer<\/a>, avec ses for\u00eats denses, ses montagnes majestueuses et son lac scintillant, offre un cadre parfait pour se d\u00e9tendre et se ressourcer. Que vous soyez passionn\u00e9 de <a href=\"https:\/\/les-atypiques-chalets.com\/de\/les-10-choses-a-faire-a-gerardmer-en-ete\/\"  data-wpil-monitor-id=\"1680\">Wanderungen<\/a>, de sports nautiques ou de ski, G\u00e9rardmer propose une multitude d&rsquo;activit\u00e9s pour tous les go\u00fbts.<\/p>\n<p><span style=\"color: #683c16;\"><strong>Lesen <a href=\"https:\/\/les-atypiques-chalets.com\/de\/a-propos-de-nous\/\"  data-wpil-monitor-id=\"8\">Au\u00dfergew\u00f6hnliche Chalets<\/a> : Une exp\u00e9rience unique<\/strong><\/span><\/p>\n<p><a href=\"https:\/\/les-atypiques-chalets.com\/de\/\">Die Ungew\u00f6hnlichen Chalets<\/a> ne sont pas de simples h\u00e9bergements; ils offrent une exp\u00e9rience inoubliable. Chaque chalet est con\u00e7u pour vous offrir confort et originalit\u00e9, avec des \u00e9quipements modernes et un style unique. Que vous cherchiez un chalet cosy pour une escapade romantique ou un grand chalet pour des vacances en famille, Les <a href=\"https:\/\/les-atypiques-chalets.com\/de\/blog\/\"  data-wpil-monitor-id=\"90\">Au\u00dfergew\u00f6hnliche Chalets<\/a> ont quelque chose pour tout le monde. Les t\u00e9moignages de clients satisfaits soulignent la qualit\u00e9 des services et l&rsquo;accueil chaleureux.<\/p>\n<p><strong>Types de <\/strong><a href=\"https:\/\/les-atypiques-chalets.com\/de\/louez-un-chalet-avec-sauna-a-gerardmer\/\"  data-wpil-monitor-id=\"373\">chalets \u00e0 louer \u00e0 G\u00e9rardmer<\/a><\/p>\n<h3><span style=\"color: #683c16;\">Chalet traditionnel<\/span><\/h3>\n<p><strong>Caract\u00e9ristiques<\/strong>: Les chalets traditionnels de <a href=\"https:\/\/les-atypiques-chalets.com\/de\/visitez-les-marches-de-gerardmer\/\"  data-wpil-monitor-id=\"495\">G\u00e9rardmer<\/a> sont souvent construits en bois, avec une architecture typique des montagnes. Ils offrent une ambiance chaleureuse et authentique.<\/p>\n<p><strong>Avantages<\/strong>: En choisissant un chalet traditionnel, vous b\u00e9n\u00e9ficiez d&rsquo;une immersion totale dans le cadre montagnard, avec tout le confort n\u00e9cessaire pour un s\u00e9jour agr\u00e9able.<\/p>\n<h3><span style=\"color: #683c16;\">Chalet moderne<\/span><\/h3>\n<p><strong>Caract\u00e9ristiques<\/strong>: <a href=\"https:\/\/les-atypiques-chalets.com\/de\/chalet-iorik\/\">Les chalets modernes<\/a> sont \u00e9quip\u00e9s de toutes les commodit\u00e9s contemporaines, avec des designs \u00e9pur\u00e9s et \u00e9l\u00e9gants.<\/p>\n<p><strong>Avantages<\/strong>: Id\u00e9aux pour ceux qui recherchent un m\u00e9lange de confort moderne et de nature, ces chalets offrent souvent des vues imprenables sur le paysage environnant.<\/p>\n<h3><span style=\"color: #683c16;\">Chalet de luxe<\/span><\/h3>\n<p><strong>Caract\u00e9ristiques<\/strong>: Les <a href=\"https:\/\/les-atypiques-chalets.com\/de\/chalets-gerardmer-avec-sauna-chalets-vosges-avec-sauna-les-atypiques-chalets\/\"  data-wpil-monitor-id=\"918\">chalets de luxe \u00e0 G\u00e9rardmer<\/a> sont synonymes de raffinement et d&rsquo;exclusivit\u00e9, avec des \u00e9quipements haut de gamme tels que des spas priv\u00e9s, des cuisines enti\u00e8rement \u00e9quip\u00e9es et des espaces de vie spacieux.<\/p>\n<p><strong>Avantages<\/strong>: Ils sont parfaits pour ceux qui veulent se faire plaisir et vivre une <a href=\"https:\/\/les-atypiques-chalets.com\/de\/hebergement-romantique-pour-les-couples-vivez-une-experience-unique-dans-nos-chalets-atypiques\/\"  data-wpil-monitor-id=\"994\">exp\u00e9rience unique<\/a> et m\u00e9morable.<\/p>\n<p><strong>Lesen <a href=\"https:\/\/les-atypiques-chalets.com\/de\/chalet-mit-jacuzzi-in-gerardmer-vogesen\/\"  data-wpil-monitor-id=\"2426\">\u00e9quipements des chalets<\/a><\/strong><\/p>\n<h3><span style=\"color: #683c16;\">Private Sauna<\/span><\/h3>\n<p><strong>B\u00e9n\u00e9fices pour la sant\u00e9<\/strong>: <a href=\"https:\/\/les-atypiques-chalets.com\/de\/sauna\/\">Un sauna privatif<\/a> dans votre chalet peut \u00eatre un excellent moyen de d\u00e9tendre vos muscles apr\u00e8s une journ\u00e9e d&rsquo;activit\u00e9s et de purifier votre corps.<\/p>\n<p><strong>Exp\u00e9rience utilisateur<\/strong>: Imaginez-vous en train de vous relaxer dans un sauna chaud, entour\u00e9 de bois parfum\u00e9, apr\u00e8s une journ\u00e9e bien remplie. Le r\u00eave, non?<\/p>\n<h3><span style=\"color: #683c16;\">Private Nordische Badewanne<\/span><\/h3>\n<p><strong>D\u00e9tente en plein air<\/strong>: <a href=\"https:\/\/les-atypiques-chalets.com\/de\/bains-nordiques-gerardmer-vosges\/\">Un bain nordique privatif<\/a> vous permet de vous immerger dans de l&rsquo;eau chaude tout en profitant du grand air et de la vue sur les montagnes.<\/p>\n<p><strong>Utilisation en hiver<\/strong>: Utilis\u00e9 m\u00eame en hiver, le contraste entre la chaleur du bain et le froid ext\u00e9rieur est une exp\u00e9rience revigorante et unique.<\/p>\n<p><strong>Comment <a href=\"https:\/\/les-atypiques-chalets.com\/de\/chalets-a-gerardmer-pour-noel-reservez-maintenant\/\"  data-wpil-monitor-id=\"1037\">r\u00e9server votre chalet?<\/a><\/strong><\/p>\n<p><a href=\"https:\/\/les-atypiques-chalets.com\/de\/reservez-votre-chalet-a-gerardmer-pour-6-personnes-aux-atypiques-chalets\/\"  data-wpil-monitor-id=\"197\">R\u00e9server votre chalet \u00e0 G\u00e9rardmer<\/a> est simple et rapide. Suivez ces \u00e9tapes pour garantir votre s\u00e9jour parfait:<\/p>\n<ol>\n<li>Choisissez vos dates de s\u00e9jour.<\/li>\n<li>S\u00e9lectionnez le type de chalet qui vous convient.<\/li>\n<li>Remplissez les informations n\u00e9cessaires et effectuez le paiement.<\/li>\n<\/ol>\n<p>Pour \u00e9viter les mauvaises surprises, il est conseill\u00e9 de r\u00e9server bien \u00e0 l&rsquo;avance, surtout pendant les p\u00e9riodes de haute saison comme No\u00ebl ou les vacances d&rsquo;\u00e9t\u00e9.<\/p>\n<p><a href=\"https:\/\/les-atypiques-chalets.com\/de\/10-activites-a-faire-a-gerardmer\/\"  data-wpil-monitor-id=\"217\"><strong>Activit\u00e9s \u00e0 faire \u00e0 G\u00e9rardmer<\/strong><\/a><\/p>\n<h3><span style=\"color: #683c16;\">Im Winter<\/span><\/h3>\n<p><strong>Ski et snowboard<\/strong>: <a href=\"https:\/\/les-atypiques-chalets.com\/de\/rejoignez-laventure-a-gerardmer-reservez-votre-sejour\/\"  data-wpil-monitor-id=\"743\">G\u00e9rardmer est r\u00e9put\u00e9e pour ses stations de ski<\/a>, offrant des pistes pour tous les niveaux.<\/p>\n<p><strong>Balades en raquettes<\/strong>: Explorez les sentiers <a href=\"https:\/\/les-atypiques-chalets.com\/de\/tag\/pistes-enneigees\/\"  data-wpil-monitor-id=\"2286\">enneig\u00e9s<\/a> \u00e0 pied et d\u00e9couvrez la nature hivernale \u00e0 votre rythme.<\/p>\n<h3><span style=\"color: #683c16;\">Im Sommer<\/span><\/h3>\n<p><strong>Randonn\u00e9e<\/strong>: Avec ses nombreux sentiers, G\u00e9rardmer est un paradis pour les randonneurs.<\/p>\n<p><strong>VTT<\/strong>: Les <a href=\"https:\/\/les-atypiques-chalets.com\/de\/explorez-les-sentiers-vtt-de-gerardmer-avec-les-atypiques-chalets\/\">amateurs de v\u00e9lo tout-terrain<\/a> trouveront des pistes vari\u00e9es et stimulantes.<\/p>\n<p><strong>Sports nautiques sur le lac<\/strong>: Profitez du <a href=\"https:\/\/les-atypiques-chalets.com\/de\/idees-de-week-end-a-gerardmer\/\"  data-wpil-monitor-id=\"387\">Lac de G\u00e9rardmer<\/a> pour faire du kayak, du paddle ou simplement nager.<\/p>\n<p><strong><a href=\"https:\/\/les-atypiques-chalets.com\/de\/astuces-eco-responsables-pour-les-locataires-saisonniers-conseils-pour-un-sejour-ecologique-et-responsable-dans-votre-location-saisonniere\/\"  data-wpil-monitor-id=\"259\">Conseils pour un s\u00e9jour<\/a> r\u00e9ussi<\/strong><\/p>\n<p>Pour que votre <a href=\"https:\/\/les-atypiques-chalets.com\/de\/location-proche-lac-gerardmer-decouvrez-les-atypiques-chalets-pour-un-sejour-inoubliable\/\"  data-wpil-monitor-id=\"857\">s\u00e9jour \u00e0 G\u00e9rardmer soit inoubliable<\/a>, voici quelques conseils pratiques:<\/p>\n<ul>\n<li><strong>Pr\u00e9paration de vos bagages<\/strong>: Pr\u00e9voyez des v\u00eatements adapt\u00e9s \u00e0 la saison et aux activit\u00e9s que vous souhaitez faire.<\/li>\n<li><strong>Conseils pour les familles<\/strong>: Optez pour des chalets spacieux et v\u00e9rifiez les \u00e9quipements pour enfants.<\/li>\n<li><strong>Conseils pour les couples<\/strong>: Choisissez un chalet avec des installations de bien-\u00eatre comme un sauna ou un <a href=\"https:\/\/les-atypiques-chalets.com\/de\/chalets-avec-bain-nordique-dans-les-vosges\/\"  data-wpil-monitor-id=\"145\">Nordisches Bad<\/a> pour une escapade romantique.<\/li>\n<\/ul>\n<p><strong><a href=\"https:\/\/les-atypiques-chalets.com\/de\/pourquoi-choisir-gerardmer-pour-votre-prochaine-location-de-chalet\/\"  data-wpil-monitor-id=\"1055\">Pourquoi choisir un chalet<\/a> plut\u00f4t qu\u2019un h\u00f4tel?<\/strong><\/p>\n<p>Opter pour un <a href=\"https:\/\/les-atypiques-chalets.com\/de\/location-dun-chalet-a-gerardmer-en-hiver\/\"  data-wpil-monitor-id=\"1109\">chalet plut\u00f4t qu&rsquo;un h\u00f4tel pr\u00e9sente de nombreux avantages<\/a>:<\/p>\n<ul>\n<li><strong>Intimit\u00e9<\/strong>: Vous avez votre propre espace sans les interruptions fr\u00e9quentes que vous pourriez rencontrer dans un h\u00f4tel.<\/li>\n<li><strong>Espace et confort<\/strong>: Les chalets offrent souvent plus d&rsquo;espace pour se d\u00e9tendre et se sentir comme chez soi.<\/li>\n<li><strong>Connexion avec la nature<\/strong>: S\u00e9journer dans un <a href=\"https:\/\/les-atypiques-chalets.com\/de\/votre-chalet-de-randonnee-dans-les-vosges-au-coeur-de-la-nature\/\"  data-wpil-monitor-id=\"744\">chalet vous permet de vous rapprocher de la nature<\/a>, ce qui est parfait pour se d\u00e9connecter du stress quotidien.<\/li>\n<\/ul>\n<p><span style=\"color: #683c16;\"><strong>Schlussfolgerung<\/strong><\/span><\/p>\n<p>Louer un <a href=\"https:\/\/les-atypiques-chalets.com\/de\/chalet-a-louer-gerardmer-decouvrez-nos-chalets-a-louer-a-gerardmer\/\"  data-wpil-monitor-id=\"839\">Chalet in G\u00e9rardmer<\/a> est une excellente mani\u00e8re de profiter de vos vacances, que ce soit en famille, entre amis ou en couple. Avec une vari\u00e9t\u00e9 de chalets adapt\u00e9s \u00e0 tous les go\u00fbts et des \u00e9quipements de luxe comme des saunas et des bains nordiques privatifs, Les <a href=\"https:\/\/les-atypiques-chalets.com\/de\/meilleurs-chalets-familiaux-a-louer-dans-les-vosges\/\"  data-wpil-monitor-id=\"118\">Au\u00dfergew\u00f6hnliche Chalets<\/a> garantissent une exp\u00e9rience inoubliable. R\u00e9servez d\u00e8s maintenant et pr\u00e9parez-vous \u00e0 vivre des moments magiques dans un <a href=\"https:\/\/les-atypiques-chalets.com\/de\/nordische-bader-gerardmer\/\"  data-wpil-monitor-id=\"2490\">nat\u00fcrlicher Rahmen<\/a> exceptionnel.<\/p>\n\n\t\t<\/div>\n\t<\/div>\n<\/div><\/div><\/div><\/div><div class=\"vc_row wpb_row vc_row-fluid\"><div class=\"wpb_column vc_column_container vc_col-sm-12\"><div class=\"vc_column-inner\"><div class=\"wpb_wrapper\"><div class=\"vc_empty_space\"   style=\"height: 32px\"><span class=\"vc_empty_space_inner\"><\/span><\/div><div class=\"vc_separator wpb_content_element vc_separator_align_center vc_sep_width_100 vc_sep_pos_align_center wpb_content_element vc_separator-has-text\" ><span class=\"vc_sep_holder vc_sep_holder_l\"><span style=\"border-color:#683c16;\" class=\"vc_sep_line\"><\/span><\/span><h4>Les Atypiques Chalets - Sauna et Bains Nordiques - Privatifs<\/h4><span class=\"vc_sep_holder vc_sep_holder_r\"><span style=\"border-color:#683c16;\" class=\"vc_sep_line\"><\/span><\/span>\n<\/div><div class=\"vc_empty_space\"   style=\"height: 32px\"><span class=\"vc_empty_space_inner\"><\/span><\/div><\/div><\/div><\/div><\/div><div class=\"vc_row wpb_row vc_row-fluid\"><div class=\"wpb_column vc_column_container vc_col-sm-12\"><div class=\"vc_column-inner\"><div class=\"wpb_wrapper\">\n\t<div class=\"wpb_text_column wpb_content_element\" >\n\t\t<div class=\"wpb_wrapper\">\n\t\t\t<p><strong>H\u00e4ufig gestellte Fragen<\/strong><\/p>\n<p><strong>Quelle est la <a href=\"https:\/\/les-atypiques-chalets.com\/de\/les-meilleurs-bars-et-cafes-de-gerardmer\/\"  data-wpil-monitor-id=\"455\">meilleure p\u00e9riode pour louer un chalet \u00e0 G\u00e9rardmer?<\/a><\/strong> La meilleure p\u00e9riode d\u00e9pend de vos pr\u00e9f\u00e9rences. En hiver, pour les activit\u00e9s de neige, et en \u00e9t\u00e9, pour les randonn\u00e9es et les sports nautiques.<\/p>\n<p><strong>Les chalets acceptent-ils les animaux de compagnie?<\/strong> Certains chalets acceptent les animaux de compagnie. Il est pr\u00e9f\u00e9rable de v\u00e9rifier lors de la r\u00e9servation.<\/p>\n<p><strong>Quels sont les moyens de transport disponibles pour se rendre \u00e0 G\u00e9rardmer?<\/strong> Vous pouvez vous rendre \u00e0 G\u00e9rardmer en voiture, en train (jusqu&rsquo;\u00e0 une gare proche) ou en bus.<\/p>\n<p><strong>Les chalets sont-ils \u00e9quip\u00e9s de connexion Wi-Fi?<\/strong> Oui, la plupart des chalets offrent une connexion Wi-Fi pour rester connect\u00e9 m\u00eame en vacances.<\/p>\n<p><strong>Quels sont les moyens de paiement accept\u00e9s pour la r\u00e9servation?<\/strong> Les paiements peuvent g\u00e9n\u00e9ralement \u00eatre effectu\u00e9s par carte bancaire, virement bancaire ou parfois m\u00eame par ch\u00e8ques vacances.<\/p>\n\n\t\t<\/div>\n\t<\/div>\n<\/div><\/div><\/div><\/div>\n<\/div>","protected":false},"excerpt":{"rendered":"Chalet IORIK Capacit\u00e9: 4 personnes Superficie: 45 m2 Bain Nordique: privatif Description de notre Chalet Iorik dans les Vosges Id\u00e9al pour les couples ou les petites familles, le Chalet IORIK est un \u00e9crin de douceur pouvant accueillir jusqu\u2019\u00e0 4 personnes. Avec ses 2 chambres cosy et ces 2 lits de 140\u00d7190, il vous promet des<a href=\"https:\/\/les-atypiques-chalets.com\/de\/chalet-aslan\/\" class=\"sohohotel-more-link\">Read More<\/a>","protected":false},"author":1,"featured_media":11163,"comment_status":"closed","ping_status":"open","sticky":false,"template":"","format":"standard","meta":{"_yoast_wpseo_title":"Chalet \u00e0 louer G\u00e9rardmer","_yoast_wpseo_metadesc":"Louez votre chalet de r\u00eave \u00e0 G\u00e9rardmer. R\u00e9servez maintenant et profitez de vacances inoubliables!","_yoast_wpseo_focuskw":"#LocationChalet #ChaletG\u00e9rardmer #VacancesG\u00e9rardmer #AtypiquesChalets #SaunaPrivatif #BainNordique #S\u00e9jourMontagne #H\u00e9bergement #Nature #Ski #Randonn\u00e9e #Famille #Couples","footnotes":""},"categories":[1127],"tags":[753,1130,1128,1132,1134,1133,730,968,1101,1124,710,1129,1131,711,1008],"class_list":["post-11161","post","type-post","status-publish","format-standard","has-post-thumbnail","hentry","category-location-chalet-gerardmer","tag-activites-gerardmer","tag-bain-nordique-privatif","tag-chalet-a-louer-gerardmer","tag-chalets-luxe-gerardmer","tag-couples-gerardmer","tag-famille-gerardmer","tag-hebergement-gerardmer","tag-les-atypiques-chalets","tag-location-chalet-gerardmer","tag-nature-gerardmer","tag-randonnee-gerardmer","tag-sauna-privatif","tag-sejour-montagne-gerardmer","tag-ski-gerardmer","tag-vacances-gerardmer"],"_links":{"self":[{"href":"https:\/\/les-atypiques-chalets.com\/de\/wp-json\/wp\/v2\/posts\/11161","targetHints":{"allow":["GET"]}}],"collection":[{"href":"https:\/\/les-atypiques-chalets.com\/de\/wp-json\/wp\/v2\/posts"}],"about":[{"href":"https:\/\/les-atypiques-chalets.com\/de\/wp-json\/wp\/v2\/types\/post"}],"author":[{"embeddable":true,"href":"https:\/\/les-atypiques-chalets.com\/de\/wp-json\/wp\/v2\/users\/1"}],"replies":[{"embeddable":true,"href":"https:\/\/les-atypiques-chalets.com\/de\/wp-json\/wp\/v2\/comments?post=11161"}],"version-history":[{"count":0,"href":"https:\/\/les-atypiques-chalets.com\/de\/wp-json\/wp\/v2\/posts\/11161\/revisions"}],"wp:featuredmedia":[{"embeddable":true,"href":"https:\/\/les-atypiques-chalets.com\/de\/wp-json\/wp\/v2\/media\/11163"}],"wp:attachment":[{"href":"https:\/\/les-atypiques-chalets.com\/de\/wp-json\/wp\/v2\/media?parent=11161"}],"wp:term":[{"taxonomy":"category","embeddable":true,"href":"https:\/\/les-atypiques-chalets.com\/de\/wp-json\/wp\/v2\/categories?post=11161"},{"taxonomy":"post_tag","embeddable":true,"href":"https:\/\/les-atypiques-chalets.com\/de\/wp-json\/wp\/v2\/tags?post=11161"}],"curies":[{"name":"wp","href":"https:\/\/api.w.org\/{rel}","templated":true}]}}