{"id":11181,"date":"2024-07-04T08:59:52","date_gmt":"2024-07-04T08:59:52","guid":{"rendered":"https:\/\/les-atypiques-chalets.com\/?p=11181"},"modified":"2026-01-07T10:00:14","modified_gmt":"2026-01-07T10:00:14","slug":"chalets-avec-bain-nordique-dans-les-vosges","status":"publish","type":"post","link":"https:\/\/les-atypiques-chalets.com\/de\/chalets-avec-bain-nordique-dans-les-vosges\/","title":{"rendered":"Chalets mit Nordik-Whirlpool in den Vogesen"},"content":{"rendered":"<div class=\"wpb-content-wrapper\"><div class=\"vc_row wpb_row vc_row-fluid\"><div class=\"wpb_column vc_column_container vc_col-sm-12\"><div class=\"vc_column-inner\"><div class=\"wpb_wrapper\">\n\t<div class=\"wpb_text_column wpb_content_element\" >\n\t\t<div class=\"wpb_wrapper\">\n\t\t\t<h1><span style=\"color: #683c16;\">Chalets avec bain nordique<\/span><br \/>\n<span style=\"color: #683c16;\">in den Vogesen<\/span><\/h1>\n\n\t\t<\/div>\n\t<\/div>\n<\/div><\/div><\/div><\/div><div class=\"vc_row wpb_row vc_row-fluid\"><div class=\"wpb_column vc_column_container vc_col-sm-12\"><div class=\"vc_column-inner\"><div class=\"wpb_wrapper\"><div class=\"vc_separator wpb_content_element vc_separator_align_center vc_sep_width_100 vc_sep_pos_align_center wpb_content_element vc_separator-has-text\" ><span class=\"vc_sep_holder vc_sep_holder_l\"><span style=\"border-color:#683c16;\" class=\"vc_sep_line\"><\/span><\/span><h4>Die Ungew\u00f6hnlichen Chalets<\/h4><span class=\"vc_sep_holder vc_sep_holder_r\"><span style=\"border-color:#683c16;\" class=\"vc_sep_line\"><\/span><\/span>\n<\/div>\t\t\n\t\t\t\t\n\t\t\t<!-- BEGIN .shb-accommodation-listing-filter-sorting -->\n\t\t\t<div class=\"shb-accommodation-listing-filter-sorting shb-clearfix\">\n\t\t\t\n\t\t\t\t\t\t\t\n\t\t\t\t<div class=\"shb-accommodation-listing-filter shb-clearfix\">\n\t\t\t\t\t<p>Filtern nach:<\/p>\n\t\t\t\t\t<ul>\n\t\t\t\t\t\t<li class=\"shb-filter-current\"><a href=\"https:\/\/les-atypiques-chalets.com\/de\/wp-json\/wp\/v2\/posts\/11181?shb-orderby=2\">All<\/a><\/li><li class=\"\"><a href=\"https:\/\/les-atypiques-chalets.com\/de\/wp-json\/wp\/v2\/posts\/11181?shb-orderby=2&shb-accommodation-type=chalet-4-personnes-gerardmer\">Chalet f\u00fcr 4 Personen<\/a><\/li><li class=\"\"><a href=\"https:\/\/les-atypiques-chalets.com\/de\/wp-json\/wp\/v2\/posts\/11181?shb-orderby=2&shb-accommodation-type=chalet-6-personnes\">Chalet f\u00fcr 6 Personen<\/a><\/li><li class=\"\"><a href=\"https:\/\/les-atypiques-chalets.com\/de\/wp-json\/wp\/v2\/posts\/11181?shb-orderby=2&shb-accommodation-type=chalets-6-personnes\">Chalets f\u00fcr 6 Personen<\/a><\/li>\t\t\t\t\t<\/ul>\n\t\t\t\t<\/div>\n\t\t\t\n\t\t\t\t\t\t\t\n\t\t\t\t\t\t\t\n\t\t\t\t<div class=\"shb-accommodation-listing-sorting shb-clearfix\">\n\t\t\t\t\t<select>\n\t\t\t\t\t\t<option value=\"https:\/\/les-atypiques-chalets.com\/de\/wp-json\/wp\/v2\/posts\/11181?shb-accommodation-type=0\" selected>Standard-Sortierung<\/option><option value=\"https:\/\/les-atypiques-chalets.com\/de\/wp-json\/wp\/v2\/posts\/11181?shb-accommodation-type=0&shb-orderby=1\" >Preis niedrig bis hoch<\/option><option value=\"https:\/\/les-atypiques-chalets.com\/de\/wp-json\/wp\/v2\/posts\/11181?shb-accommodation-type=0&shb-orderby=2\" >Preis hoch bis niedrig<\/option>\t\t\t\t\t<\/select>\n\t\t\t\t\t<i class=\"fas fa-chevron-down\"><\/i>\n\t\t\t\t<\/div>\n\t\t\t\n\t\t\t\t\t\n\t\t\t<!-- END .shb-accommodation-listing-filter-sorting -->\n\t\t\t<\/div>\n\t\t\n\t\t\t\t\n\t\t<!-- BEGIN .shb-accommodation-listing-style-1 -->\n\t\t<div class=\"shb-accommodation-listing-style-1 shb-accommodation-listing-style-1-columns-3\">\n\t\t\t\n\t\t\t\t\n\t\t\t<!-- BEGIN .shb-accommodation-listing-item -->\n\t\t\t<div class=\"shb-accommodation-listing-item\">\n\t\t\t\n\t\t\t\t\t\t\t\t\t<a href=\"https:\/\/les-atypiques-chalets.com\/de\/chalet-charkhan\/\" rel=\"bookmark\" title=\"Chalet Charkhan\">\n\t\t\t\t\t\t\t\t\t\t\t\t<img decoding=\"async\" class=\"shb-accommodation-listing-image\" src=\"https:\/\/les-atypiques-chalets.com\/wp-content\/uploads\/2025\/03\/salon-charkhan-03-L-1180x675.webp\" alt=\"Chalet Charkhan\" \/>\t\t\t\t\t<\/a>\n\t\t\t\t\t\t\t\n\t\t\t\t<div class=\"shb-accommodation-listing-description-wrapper\">\n\t\t\t\t\n\t\t\t\t\t<h3><a href=\"https:\/\/les-atypiques-chalets.com\/de\/chalet-charkhan\/\" rel=\"bookmark\" title=\"Chalet Charkhan\">Chalet Charkhan<\/a><\/h3>\n\t\t\t\t\n\t\t\t\t\t<div class=\"shb-accommodation-listing-description shb-clearfix\">\n\t\t\t\t\t\t<ul>\r\n<li><i class=\"fas fa-user\"><\/i><span>Kapazit\u00e4t<\/span> 6 Personen<\/li>\r\n<li><i class=\"fas fa-ruler-combined\"><\/i><span>Oberfl\u00e4che<\/span> 65 m\u00b2<\/li>\r\n<li><i class=\"fas fa-hot-tub\"><\/i><span> Nordische Badewanne<\/span> privativ<\/li>\r\n<\/ul>\t\t\t\t\t\t<a href=\"https:\/\/les-atypiques-chalets.com\/de\/chalet-charkhan\/\" class=\"shb-accommodation-listing-button1\">ab 225\u20ac\/Nacht<\/a>\n\t\t\t\t\t\t<a href=\"https:\/\/les-atypiques-chalets.com\/de\/chalet-charkhan\/\" class=\"shb-accommodation-listing-button2\">Zimmer anzeigen<i class=\"fas fa-chevron-right\"><\/i><\/a>\n\t\t\t\t\t<\/div>\n\t\t\t\t\n\t\t\t\t<\/div>\n\t\t\t\n\t\t\t<!-- END .shb-accommodation-listing-item -->\n\t\t\t<\/div>\n\t\t\n\t\t\t\t\n\t\t\t<!-- BEGIN .shb-accommodation-listing-item -->\n\t\t\t<div class=\"shb-accommodation-listing-item\">\n\t\t\t\n\t\t\t\t\t\t\t\t\t<a href=\"https:\/\/les-atypiques-chalets.com\/de\/chalet-aslan\/\" rel=\"bookmark\" title=\"Chalet Aslan\">\n\t\t\t\t\t\t\t\t\t\t\t\t<img decoding=\"async\" class=\"shb-accommodation-listing-image\" src=\"https:\/\/les-atypiques-chalets.com\/wp-content\/uploads\/2025\/03\/ASLAN-2-900x710.webp\" alt=\"Chalet Aslan\" \/>\t\t\t\t\t<\/a>\n\t\t\t\t\t\t\t\n\t\t\t\t<div class=\"shb-accommodation-listing-description-wrapper\">\n\t\t\t\t\n\t\t\t\t\t<h3><a href=\"https:\/\/les-atypiques-chalets.com\/de\/chalet-aslan\/\" rel=\"bookmark\" title=\"Chalet Aslan\">Chalet Aslan<\/a><\/h3>\n\t\t\t\t\n\t\t\t\t\t<div class=\"shb-accommodation-listing-description shb-clearfix\">\n\t\t\t\t\t\t<ul>\r\n<li><i class=\"fas fa-user\"><\/i><span>Kapazit\u00e4t<\/span> 5 Personen<\/li>\r\n<li><i class=\"fas fa-ruler-combined\"><\/i><span>Oberfl\u00e4che<\/span> 65 m\u00b2<\/li>\r\n<li><i class=\"fas fa-hot-tub\"><\/i><span> Nordische Badewanne<\/span> privativ<\/li>\r\n<\/ul>\t\t\t\t\t\t<a href=\"https:\/\/les-atypiques-chalets.com\/de\/chalet-aslan\/\" class=\"shb-accommodation-listing-button1\">ab 215 \u20ac\/Nacht<\/a>\n\t\t\t\t\t\t<a href=\"https:\/\/les-atypiques-chalets.com\/de\/chalet-aslan\/\" class=\"shb-accommodation-listing-button2\">Zimmer anzeigen<i class=\"fas fa-chevron-right\"><\/i><\/a>\n\t\t\t\t\t<\/div>\n\t\t\t\t\n\t\t\t\t<\/div>\n\t\t\t\n\t\t\t<!-- END .shb-accommodation-listing-item -->\n\t\t\t<\/div>\n\t\t\n\t\t\t\t\n\t\t\t<!-- BEGIN .shb-accommodation-listing-item -->\n\t\t\t<div class=\"shb-accommodation-listing-item\">\n\t\t\t\n\t\t\t\t\t\t\t\t\t<a href=\"https:\/\/les-atypiques-chalets.com\/de\/chalet-iorik\/\" rel=\"bookmark\" title=\"Chalet Iorik\">\n\t\t\t\t\t\t\t\t\t\t\t\t<img decoding=\"async\" class=\"shb-accommodation-listing-image\" src=\"https:\/\/les-atypiques-chalets.com\/wp-content\/uploads\/2025\/09\/iorik-sejour-L-1024x710.webp\" alt=\"Chalet Iorik\" \/>\t\t\t\t\t<\/a>\n\t\t\t\t\t\t\t\n\t\t\t\t<div class=\"shb-accommodation-listing-description-wrapper\">\n\t\t\t\t\n\t\t\t\t\t<h3><a href=\"https:\/\/les-atypiques-chalets.com\/de\/chalet-iorik\/\" rel=\"bookmark\" title=\"Chalet Iorik\">Chalet Iorik<\/a><\/h3>\n\t\t\t\t\n\t\t\t\t\t<div class=\"shb-accommodation-listing-description shb-clearfix\">\n\t\t\t\t\t\t<ul>\r\n<li><i class=\"fas fa-user\"><\/i><span>Kapazit\u00e4t<\/span> 4 Personen<\/li>\r\n<li><i class=\"fas fa-ruler-combined\"><\/i><span>Oberfl\u00e4che<\/span> 45 m2<\/li>\r\n<li><i class=\"fas fa-hot-tub\"><\/i><span> Nordische Badewanne<\/span> privativ<\/li>\r\n<\/ul>\t\t\t\t\t\t<a href=\"https:\/\/les-atypiques-chalets.com\/de\/chalet-iorik\/\" class=\"shb-accommodation-listing-button1\">ab 170\u20ac\/Nacht<\/a>\n\t\t\t\t\t\t<a href=\"https:\/\/les-atypiques-chalets.com\/de\/chalet-iorik\/\" class=\"shb-accommodation-listing-button2\">Zimmer anzeigen<i class=\"fas fa-chevron-right\"><\/i><\/a>\n\t\t\t\t\t<\/div>\n\t\t\t\t\n\t\t\t\t<\/div>\n\t\t\t\n\t\t\t<!-- END .shb-accommodation-listing-item -->\n\t\t\t<\/div>\n\t\t\n\t\t\t\t\t\n\t\t<!-- END .shb-accommodation-listing-style-1 -->\n\t\t<\/div>\n\t\n\t\t\n\t\t\t\n\t\t<div class=\"shb-clearboth\"><\/div>\n\t\t<div class=\"shb-accommodation-listing-1-pagination\">\n\t\t\t\t<\/div>\n\t\t\n\t\t\n\t<div class=\"vc_separator wpb_content_element vc_separator_align_center vc_sep_width_100 vc_sep_pos_align_center wpb_content_element vc_separator-has-text\" ><span class=\"vc_sep_holder vc_sep_holder_l\"><span style=\"border-color:#683c16;\" class=\"vc_sep_line\"><\/span><\/span><h4>Die Ungew\u00f6hnlichen Chalets<\/h4><span class=\"vc_sep_holder vc_sep_holder_r\"><span style=\"border-color:#683c16;\" class=\"vc_sep_line\"><\/span><\/span>\n<\/div><\/div><\/div><\/div><\/div><div class=\"vc_row wpb_row vc_row-fluid\"><div class=\"wpb_column vc_column_container vc_col-sm-12\"><div class=\"vc_column-inner\"><div class=\"wpb_wrapper\">\n\t<div class=\"wpb_text_column wpb_content_element\" >\n\t\t<div class=\"wpb_wrapper\">\n\t\t\t<h3><span style=\"color: #683c16;\">Einf\u00fchrung<\/span><\/h3>\n<p>Imaginez-vous plong\u00e9 dans <a href=\"https:\/\/les-atypiques-chalets.com\/de\/bains-nordiques-gerardmer-vosges\/\">un bain nordique<\/a>, entour\u00e9 par les paysages \u00e9poustouflants des Vosges. C\u2019est exactement l\u2019exp\u00e9rience que vous offrent les <a href=\"https:\/\/les-atypiques-chalets.com\/de\/\">Au\u00dfergew\u00f6hnliche Chalets<\/a>. Dans cet article, nous allons explorer pourquoi les chalets avec bain nordique sont une option id\u00e9ale pour vos vacances et comment profiter au mieux de votre s\u00e9jour dans les Vosges.<\/p>\n<hr \/>\n<h3><span style=\"color: #683c16;\">Les Vosges : Une Destination de R\u00eave<\/span><\/h3>\n<p>Les Vosges, situ\u00e9es dans le nord-est de la France, sont une destination pris\u00e9e pour leur beaut\u00e9 naturelle et leurs nombreuses activit\u00e9s. Que ce soit pour des randonn\u00e9es, des sports d&rsquo;hiver, ou simplement pour profiter de la tranquillit\u00e9, les Vosges offrent quelque chose pour tout le monde. Le climat vari\u00e9 assure des paysages magnifiques toute l&rsquo;ann\u00e9e, que ce soit sous la neige ou en pleine floraison.<\/p>\n<hr \/>\n<h3><span style=\"color: #683c16;\">Pourquoi Choisir un Chalet avec Bain Nordique?<\/span><\/h3>\n<p><a href=\"https:\/\/les-atypiques-chalets.com\/de\/quest-ce-quun-bain-nordique\/\">Le bain nordique<\/a>, aussi connu sous le nom de hot tub scandinave, offre une exp\u00e9rience relaxante et th\u00e9rapeutique. L&rsquo;eau chaude aide \u00e0 d\u00e9tendre les muscles et \u00e0 r\u00e9duire le stress, tandis que le cadre naturel ajoute une dimension apaisante. Que ce soit en plein hiver ou lors d&rsquo;une fra\u00eeche soir\u00e9e d&rsquo;\u00e9t\u00e9, un <a href=\"https:\/\/les-atypiques-chalets.com\/de\/nordische-bader-gerardmer\/\"  data-wpil-monitor-id=\"2468\">Nordisches Bad<\/a> est toujours une bonne id\u00e9e.<\/p>\n<hr \/>\n<h3><span style=\"color: #683c16;\">Les Atypiques Chalets : Une Exp\u00e9rience Unique<\/span><\/h3>\n<p>Lesen <a href=\"https:\/\/les-atypiques-chalets.com\/de\/a-propos-de-nous\/\"  data-wpil-monitor-id=\"7\">Au\u00dfergew\u00f6hnliche Chalets<\/a> se distinguent par leur charme et leur originalit\u00e9. Avec une vari\u00e9t\u00e9 de chalets disponibles, chacun \u00e9quip\u00e9 de services modernes et d&rsquo;un <a href=\"https:\/\/les-atypiques-chalets.com\/de\/passez-lete-dans-un-chalet-avec-bain-nordiques-privatif-a-gerardmer\/\"  data-wpil-monitor-id=\"178\">Private Nordsee-Einheit<\/a>, votre s\u00e9jour sera \u00e0 la fois confortable et m\u00e9morable. Vous pouvez choisir entre diff\u00e9rents styles de chalets, chacun offrant une <a href=\"https:\/\/les-atypiques-chalets.com\/de\/hebergement-romantique-pour-les-couples-vivez-une-experience-unique-dans-nos-chalets-atypiques\/\"  data-wpil-monitor-id=\"993\">exp\u00e9rience unique<\/a>.<\/p>\n<hr \/>\n<h3><span style=\"color: #683c16;\">Location de Chalet dans les Vosges avec Bain Nordique<\/span><\/h3>\n<p>La r\u00e9servation d&rsquo;un <a href=\"https:\/\/les-atypiques-chalets.com\/de\/meilleurs-chalets-familiaux-a-louer-dans-les-vosges\/\"  data-wpil-monitor-id=\"116\">chalet avec bain nordique dans les Vosges<\/a> est simple et flexible. <a href=\"https:\/\/les-atypiques-chalets.com\/de\/reservation\/\">Les Atypiques Chalets offrent diverses options de personnalisation<\/a> pour r\u00e9pondre \u00e0 vos besoins sp\u00e9cifiques. Les tarifs sont comp\u00e9titifs, et des offres sp\u00e9ciales sont souvent disponibles pour rendre votre <a href=\"https:\/\/les-atypiques-chalets.com\/de\/chalets-abordables-dans-les-vosges-sejour-de-reve-a-petit-prix\/\"  data-wpil-monitor-id=\"673\">s\u00e9jour encore plus abordable<\/a>.<\/p>\n<hr \/>\n<h3><span style=\"color: #683c16;\">Activit\u00e9s \u00e0 Proximit\u00e9 des Chalets<\/span><\/h3>\n<p><a href=\"https:\/\/les-atypiques-chalets.com\/de\/10-activites-a-faire-a-gerardmer\/\">Les Vosges sont un terrain de jeu pour les amateurs de plein air<\/a>. Vous pouvez explorer de nombreux sentiers de randonn\u00e9e, profiter des pistes de <a href=\"https:\/\/les-atypiques-chalets.com\/de\/rejoignez-laventure-a-gerardmer-reservez-votre-sejour\/\"  data-wpil-monitor-id=\"805\">ski<\/a> en hiver, ou d\u00e9couvrir les sites culturels et historiques de la r\u00e9gion. Les <a href=\"https:\/\/les-atypiques-chalets.com\/de\/explorez-les-sentiers-vtt-de-gerardmer-avec-les-atypiques-chalets\/\"  data-wpil-monitor-id=\"63\">Au\u00dfergew\u00f6hnliche Chalets<\/a> sont id\u00e9alement situ\u00e9s pour vous permettre de profiter de toutes ces activit\u00e9s.<\/p>\n<hr \/>\n<h3><span style=\"color: #683c16;\">Conseils pour un S\u00e9jour Parfait<\/span><\/h3>\n<p>Pour pr\u00e9parer au mieux votre s\u00e9jour, pensez \u00e0 v\u00e9rifier la m\u00e9t\u00e9o et \u00e0 packer en cons\u00e9quence. Des v\u00eatements chauds en hiver et des tenues l\u00e9g\u00e8res en \u00e9t\u00e9 sont recommand\u00e9s. N&rsquo;oubliez pas vos maillots de bain pour le bain nordique et des chaussures de marche pour les <a href=\"https:\/\/les-atypiques-chalets.com\/de\/les-10-choses-a-faire-a-gerardmer-en-ete\/\"  data-wpil-monitor-id=\"1713\">Wanderungen<\/a>.<\/p>\n<hr \/>\n<h3><span style=\"color: #683c16;\">L&rsquo;Impact \u00c9cologique des Chalets avec Bain Nordique<\/span><\/h3>\n<p>Les Atypiques Chalets sont engag\u00e9s dans des pratiques <a href=\"https:\/\/les-atypiques-chalets.com\/de\/astuces-eco-responsables-pour-les-locataires-saisonniers-conseils-pour-un-sejour-ecologique-et-responsable-dans-votre-location-saisonniere\/\">\u00e9cologiques<\/a> pour minimiser leur impact sur l&rsquo;environnement. De l&rsquo;utilisation de mat\u00e9riaux durables \u00e0 la gestion responsable des ressources, chaque d\u00e9tail est pris en compte pour offrir un s\u00e9jour \u00e9cologique.<\/p>\n<hr \/>\n<h3><span style=\"color: #683c16;\">T\u00e9moignages de Clients<\/span><\/h3>\n<p>De nombreux clients ont partag\u00e9 leurs exp\u00e9riences positives apr\u00e8s avoir s\u00e9journ\u00e9 aux <a href=\"https:\/\/les-atypiques-chalets.com\/de\/blog\/\"  data-wpil-monitor-id=\"89\">Au\u00dfergew\u00f6hnliche Chalets<\/a>. Le confort des chalets, la beaut\u00e9 des environs, et la <a href=\"https:\/\/les-atypiques-chalets.com\/de\/sejour-detente-dans-un-chalet-avec-bain-nordique-et-sauna-dans-les-vosges\/\"  data-wpil-monitor-id=\"536\">d\u00e9tente offerte par le bain nordique<\/a> sont souvent mis en avant dans les t\u00e9moignages.<\/p>\n<hr \/>\n<h3><span style=\"color: #683c16;\">Foire aux Questions (FAQ)<\/span><\/h3>\n<p><strong>Comment <a href=\"https:\/\/les-atypiques-chalets.com\/de\/chalets-a-gerardmer-pour-noel-reservez-maintenant\/\"  data-wpil-monitor-id=\"1044\">r\u00e9server un chalet<\/a> ?<\/strong><br \/>\nVous pouvez r\u00e9server directement sur le site web des <a href=\"https:\/\/les-atypiques-chalets.com\/de\/a-propos-de-nous\/\"  data-wpil-monitor-id=\"433\">Au\u00dfergew\u00f6hnliche Chalets<\/a> ou par t\u00e9l\u00e9phone.<\/p>\n<p><strong>Quels sont les \u00e9quipements inclus ?<\/strong><br \/>\nChaque <a href=\"https:\/\/les-atypiques-chalets.com\/de\/trouvez-le-chalet-parfait-a-louer-a-gerardmer\/\"  data-wpil-monitor-id=\"159\">chalet est \u00e9quip\u00e9 d&rsquo;un bain nordique privatif<\/a>, d&rsquo;une cuisine compl\u00e8te, et de tout le n\u00e9cessaire pour un s\u00e9jour confortable.<\/p>\n<p><strong>Peut-on annuler une r\u00e9servation ?<\/strong><br \/>\nOui, les conditions d&rsquo;annulation sont flexibles et peuvent \u00eatre consult\u00e9es sur le <a href=\"https:\/\/les-atypiques-chalets.com\/de\/politique-de-confidentialite\/\"  data-wpil-monitor-id=\"1989\">site web<\/a>.<\/p>\n<p><strong>Y a-t-il des activit\u00e9s pour les enfants ?<\/strong><br \/>\nOui, de nombreuses activit\u00e9s adapt\u00e9es aux enfants sont disponibles \u00e0 proximit\u00e9 des chalets.<\/p>\n<p><strong>Lesen <a href=\"https:\/\/les-atypiques-chalets.com\/de\/chalet-fur-6-personen-gerardmer\/\"  data-wpil-monitor-id=\"2448\">chalets sont-ils accessibles aux personnes<\/a> \u00e0 mobilit\u00e9 r\u00e9duite ?<\/strong><br \/>\nCertains chalets sont accessibles, il est recommand\u00e9 de v\u00e9rifier les d\u00e9tails lors de la r\u00e9servation.<\/p>\n<p><strong>Schlussfolgerung<\/strong><\/p>\n<p>Les Vosges et <a href=\"https:\/\/les-atypiques-chalets.com\/de\/reservez-votre-chalet-a-gerardmer-pour-6-personnes-aux-atypiques-chalets\/\"  data-wpil-monitor-id=\"199\">les Atypiques Chalets<\/a> offrent une exp\u00e9rience inoubliable pour tous ceux qui cherchent \u00e0 se d\u00e9tendre et \u00e0 se reconnecter avec la nature. Que ce soit pour un week-end romantique ou des vacances en famille, un <a href=\"https:\/\/les-atypiques-chalets.com\/de\/week-end-spa-dans-un-chalet-avec-bain-nordique-privatif-dans-les-vosges\/\"  data-wpil-monitor-id=\"525\">chalet avec bain nordique<\/a> est le choix parfait.<\/p>\n\n\t\t<\/div>\n\t<\/div>\n<\/div><\/div><\/div><\/div>\n<\/div>","protected":false},"excerpt":{"rendered":"Chalet IORIK Capacit\u00e9: 4 personnes Superficie: 45 m2 Bain Nordique: privatif Description de notre Chalet Iorik dans les Vosges Id\u00e9al pour les couples ou les petites familles, le Chalet IORIK est un \u00e9crin de douceur pouvant accueillir jusqu\u2019\u00e0 4 personnes. Avec ses 2 chambres cosy et ces 2 lits de 140\u00d7190, il vous promet des<a href=\"https:\/\/les-atypiques-chalets.com\/de\/chalet-aslan\/\" class=\"sohohotel-more-link\">Read More<\/a>","protected":false},"author":1,"featured_media":11183,"comment_status":"closed","ping_status":"open","sticky":false,"template":"","format":"standard","meta":{"_yoast_wpseo_title":"Chalets Vosges Bain Nordique","_yoast_wpseo_metadesc":"R\u00e9servez votre chalet avec bain nordique dans les Vosges aujourd'hui!","_yoast_wpseo_focuskw":"#chaletsVosges #bainnordique #AtypiquesChalets #vacancesVosges #s\u00e9jourd\u00e9tente #locationchalet","footnotes":""},"categories":[1081],"tags":[1140,1139,1136,1144,820,1141,911,968,1138,1135,731,1142,1143,1137,1091],"class_list":["post-11181","post","type-post","status-publish","format-standard","has-post-thumbnail","hentry","category-bain-nordique","tag-activites-vosges","tag-chalet-romantique-vosges","tag-chalets-avec-bain-nordique","tag-chalets-de-montagne-vosges","tag-chalets-vosges","tag-ecotourisme-vosges","tag-hebergement-vosges","tag-les-atypiques-chalets","tag-location-chalet-avec-bain-nordique","tag-location-chalet-vosges-bain-nordique","tag-nature-vosges","tag-reservation-chalet-vosges","tag-sejour-detente-vosges","tag-sejour-vosges","tag-vacances-vosges"],"_links":{"self":[{"href":"https:\/\/les-atypiques-chalets.com\/de\/wp-json\/wp\/v2\/posts\/11181","targetHints":{"allow":["GET"]}}],"collection":[{"href":"https:\/\/les-atypiques-chalets.com\/de\/wp-json\/wp\/v2\/posts"}],"about":[{"href":"https:\/\/les-atypiques-chalets.com\/de\/wp-json\/wp\/v2\/types\/post"}],"author":[{"embeddable":true,"href":"https:\/\/les-atypiques-chalets.com\/de\/wp-json\/wp\/v2\/users\/1"}],"replies":[{"embeddable":true,"href":"https:\/\/les-atypiques-chalets.com\/de\/wp-json\/wp\/v2\/comments?post=11181"}],"version-history":[{"count":0,"href":"https:\/\/les-atypiques-chalets.com\/de\/wp-json\/wp\/v2\/posts\/11181\/revisions"}],"wp:featuredmedia":[{"embeddable":true,"href":"https:\/\/les-atypiques-chalets.com\/de\/wp-json\/wp\/v2\/media\/11183"}],"wp:attachment":[{"href":"https:\/\/les-atypiques-chalets.com\/de\/wp-json\/wp\/v2\/media?parent=11181"}],"wp:term":[{"taxonomy":"category","embeddable":true,"href":"https:\/\/les-atypiques-chalets.com\/de\/wp-json\/wp\/v2\/categories?post=11181"},{"taxonomy":"post_tag","embeddable":true,"href":"https:\/\/les-atypiques-chalets.com\/de\/wp-json\/wp\/v2\/tags?post=11181"}],"curies":[{"name":"wp","href":"https:\/\/api.w.org\/{rel}","templated":true}]}}