{"id":1147235,"date":"2025-01-08T13:22:38","date_gmt":"2025-01-08T13:22:38","guid":{"rendered":"https:\/\/les-atypiques-chalets.com\/checklist-essentielle-pour-un-sejour-en-chalet-a-gerardmer-2\/"},"modified":"2026-01-07T10:00:56","modified_gmt":"2026-01-07T10:00:56","slug":"le-chalet-parfait-a-gerardmer-pour-vos-vacances-dete","status":"publish","type":"post","link":"https:\/\/les-atypiques-chalets.com\/de\/le-chalet-parfait-a-gerardmer-pour-vos-vacances-dete\/","title":{"rendered":"le Chalet Parfait \u00e0 G\u00e9rardmer pour Vos Vacances d&rsquo;\u00c9t\u00e9"},"content":{"rendered":"<div class=\"wpb-content-wrapper\"><div class=\"vc_row wpb_row vc_row-fluid\"><div class=\"wpb_column vc_column_container vc_col-sm-12\"><div class=\"vc_column-inner\"><div class=\"wpb_wrapper\">\n\t<div class=\"wpb_text_column wpb_content_element\" >\n\t\t<div class=\"wpb_wrapper\">\n\t\t\t<h1 class=\"p1\"><span style=\"color: #683c16;\"><strong>Comment Choisir le Chalet Parfait<\/strong><\/span><\/h1>\n<hr \/>\n<h2 class=\"p1\"><span style=\"color: #683c16;\"><strong>\u00e0 G\u00e9rardmer pour Vos Vacances d&rsquo;\u00c9t\u00e9<\/strong><\/span><\/h2>\n\n\t\t<\/div>\n\t<\/div>\n<\/div><\/div><\/div><\/div><div class=\"vc_row wpb_row vc_row-fluid\"><div class=\"wpb_column vc_column_container vc_col-sm-12\"><div class=\"vc_column-inner\"><div class=\"wpb_wrapper\"><div class=\"vc_empty_space\"   style=\"height: 32px\"><span class=\"vc_empty_space_inner\"><\/span><\/div>\t\n\t<!-- BEGIN .shb-accommodation-listing-style-1 -->\n\t<div class=\"shb-accommodation-listing-style-1 shb-accommodation-listing-style-1-columns-3 sohohotel-owl-carousel-4\">\n\t\t\n\t\t\t\t\n\t\t<!-- BEGIN .shb-accommodation-listing-item -->\n\t\t<div class=\"shb-accommodation-listing-item\">\n\t\t\t\n\t\t\t\t\t\t\t<a href=\"https:\/\/les-atypiques-chalets.com\/de\/chalet-charkhan\/\" rel=\"bookmark\" title=\"Chalet Charkhan\">\n\t\t\t\t\t\t\t\t\t\t<img decoding=\"async\" class=\"shb-accommodation-listing-image\" src=\"https:\/\/les-atypiques-chalets.com\/wp-content\/uploads\/2025\/03\/salon-charkhan-03-L-1180x675.webp\" alt=\"Chalet Charkhan\" \/>\t\t\t\t<\/a>\n\t\t\t\t\t\t\n\t\t\t<div class=\"shb-accommodation-listing-description-wrapper\">\n\t\t\t\t\n\t\t\t\t<h3><a href=\"https:\/\/les-atypiques-chalets.com\/de\/chalet-charkhan\/\" rel=\"bookmark\" title=\"Chalet Charkhan\">Chalet Charkhan<\/a><\/h3>\n\t\t\t\t\n\t\t\t\t<div class=\"shb-accommodation-listing-description shb-clearfix\">\n\t\t\t\t\t\n\t\t\t\t\t<ul>\r\n<li><i class=\"fas fa-user\"><\/i><span>Kapazit\u00e4t<\/span> 6 Personen<\/li>\r\n<li><i class=\"fas fa-ruler-combined\"><\/i><span>Oberfl\u00e4che<\/span> 65 m\u00b2<\/li>\r\n<li><i class=\"fas fa-hot-tub\"><\/i><span> Nordische Badewanne<\/span> privativ<\/li>\r\n<\/ul>\t\t\t\t\t\n\t\t\t\t\t<a href=\"https:\/\/les-atypiques-chalets.com\/de\/chalet-charkhan\/\" class=\"shb-accommodation-listing-button1\">ab 225\u20ac\/Nacht<\/a>\n\t\t\t\t\t<a href=\"https:\/\/les-atypiques-chalets.com\/de\/chalet-charkhan\/\" class=\"shb-accommodation-listing-button2\">Zimmer anzeigen<i class=\"fas fa-chevron-right\"><\/i><\/a>\n\t\t\t\t\n\t\t\t\t<\/div>\n\t\t\t\t\n\t\t\t<\/div>\n\t\t\t\n\t\t<!-- END .shb-accommodation-listing-item -->\n\t\t<\/div>\n\t\t\n\t\t\t\t\n\t\t<!-- BEGIN .shb-accommodation-listing-item -->\n\t\t<div class=\"shb-accommodation-listing-item\">\n\t\t\t\n\t\t\t\t\t\t\t<a href=\"https:\/\/les-atypiques-chalets.com\/de\/chalet-aslan\/\" rel=\"bookmark\" title=\"Chalet Aslan\">\n\t\t\t\t\t\t\t\t\t\t<img decoding=\"async\" class=\"shb-accommodation-listing-image\" src=\"https:\/\/les-atypiques-chalets.com\/wp-content\/uploads\/2025\/03\/ASLAN-2-900x710.webp\" alt=\"Chalet Aslan\" \/>\t\t\t\t<\/a>\n\t\t\t\t\t\t\n\t\t\t<div class=\"shb-accommodation-listing-description-wrapper\">\n\t\t\t\t\n\t\t\t\t<h3><a href=\"https:\/\/les-atypiques-chalets.com\/de\/chalet-aslan\/\" rel=\"bookmark\" title=\"Chalet Aslan\">Chalet Aslan<\/a><\/h3>\n\t\t\t\t\n\t\t\t\t<div class=\"shb-accommodation-listing-description shb-clearfix\">\n\t\t\t\t\t\n\t\t\t\t\t<ul>\r\n<li><i class=\"fas fa-user\"><\/i><span>Kapazit\u00e4t<\/span> 5 Personen<\/li>\r\n<li><i class=\"fas fa-ruler-combined\"><\/i><span>Oberfl\u00e4che<\/span> 65 m\u00b2<\/li>\r\n<li><i class=\"fas fa-hot-tub\"><\/i><span> Nordische Badewanne<\/span> privativ<\/li>\r\n<\/ul>\t\t\t\t\t\n\t\t\t\t\t<a href=\"https:\/\/les-atypiques-chalets.com\/de\/chalet-aslan\/\" class=\"shb-accommodation-listing-button1\">ab 215 \u20ac\/Nacht<\/a>\n\t\t\t\t\t<a href=\"https:\/\/les-atypiques-chalets.com\/de\/chalet-aslan\/\" class=\"shb-accommodation-listing-button2\">Zimmer anzeigen<i class=\"fas fa-chevron-right\"><\/i><\/a>\n\t\t\t\t\n\t\t\t\t<\/div>\n\t\t\t\t\n\t\t\t<\/div>\n\t\t\t\n\t\t<!-- END .shb-accommodation-listing-item -->\n\t\t<\/div>\n\t\t\n\t\t\t\t\n\t\t<!-- BEGIN .shb-accommodation-listing-item -->\n\t\t<div class=\"shb-accommodation-listing-item\">\n\t\t\t\n\t\t\t\t\t\t\t<a href=\"https:\/\/les-atypiques-chalets.com\/de\/chalet-iorik\/\" rel=\"bookmark\" title=\"Chalet Iorik\">\n\t\t\t\t\t\t\t\t\t\t<img decoding=\"async\" class=\"shb-accommodation-listing-image\" src=\"https:\/\/les-atypiques-chalets.com\/wp-content\/uploads\/2025\/09\/iorik-sejour-L-1024x710.webp\" alt=\"Chalet Iorik\" \/>\t\t\t\t<\/a>\n\t\t\t\t\t\t\n\t\t\t<div class=\"shb-accommodation-listing-description-wrapper\">\n\t\t\t\t\n\t\t\t\t<h3><a href=\"https:\/\/les-atypiques-chalets.com\/de\/chalet-iorik\/\" rel=\"bookmark\" title=\"Chalet Iorik\">Chalet Iorik<\/a><\/h3>\n\t\t\t\t\n\t\t\t\t<div class=\"shb-accommodation-listing-description shb-clearfix\">\n\t\t\t\t\t\n\t\t\t\t\t<ul>\r\n<li><i class=\"fas fa-user\"><\/i><span>Kapazit\u00e4t<\/span> 4 Personen<\/li>\r\n<li><i class=\"fas fa-ruler-combined\"><\/i><span>Oberfl\u00e4che<\/span> 45 m2<\/li>\r\n<li><i class=\"fas fa-hot-tub\"><\/i><span> Nordische Badewanne<\/span> privativ<\/li>\r\n<\/ul>\t\t\t\t\t\n\t\t\t\t\t<a href=\"https:\/\/les-atypiques-chalets.com\/de\/chalet-iorik\/\" class=\"shb-accommodation-listing-button1\">ab 170\u20ac\/Nacht<\/a>\n\t\t\t\t\t<a href=\"https:\/\/les-atypiques-chalets.com\/de\/chalet-iorik\/\" class=\"shb-accommodation-listing-button2\">Zimmer anzeigen<i class=\"fas fa-chevron-right\"><\/i><\/a>\n\t\t\t\t\n\t\t\t\t<\/div>\n\t\t\t\t\n\t\t\t<\/div>\n\t\t\t\n\t\t<!-- END .shb-accommodation-listing-item -->\n\t\t<\/div>\n\t\t\n\t\t\t\t\n\t<!-- END .shb-accommodation-listing-style-1 -->\n\t<\/div>\n\t\n\t<\/div><\/div><\/div><\/div><div class=\"vc_row wpb_row vc_row-fluid\"><div class=\"wpb_column vc_column_container vc_col-sm-12\"><div class=\"vc_column-inner\"><div class=\"wpb_wrapper\">\n\t<div class=\"wpb_text_column wpb_content_element\" >\n\t\t<div class=\"wpb_wrapper\">\n\t\t\t<h2><span style=\"color: #683c16;\">Einf\u00fchrung<\/span><\/h2>\n<p>L\u2019\u00e9t\u00e9 est le moment id\u00e9al pour \u00e9chapper au tumulte quotidien et se ressourcer au calme. Et quoi de mieux que de passer vos vacances dans un chalet nich\u00e9 au c\u0153ur des Vosges ? G\u00e9rardmer, avec son lac pittoresque et ses paysages enchanteurs, offre le cadre parfait pour des vacances relaxantes, tout en vous permettant de profiter d\u2019une exp\u00e9rience unique gr\u00e2ce \u00e0 ses chalets atypiques.<\/p>\n<hr \/>\n<h2><span style=\"color: #683c16;\"><strong>Pourquoi G\u00e9rardmer<br \/>\nest-elle une destination<br \/>\nincontournable ?<\/strong><\/span><\/h2>\n<h3><strong>Le charme naturel des Vosges<\/strong><\/h3>\n<h4><strong>Des paysages \u00e0 couper le souffle<\/strong><\/h4>\n<p>G\u00e9rardmer est entour\u00e9e de montagnes verdoyantes et de for\u00eats denses, offrant une <a href=\"https:\/\/les-atypiques-chalets.com\/de\/meilleurs-restaurants-gerardmer-tour-culinaire\/\"  data-wpil-monitor-id=\"1968\">vue panoramique<\/a> exceptionnelle. Les amateurs de randonn\u00e9e et de photographie trouveront ici leur petit coin de paradis.<\/p>\n<h4><strong>Activit\u00e9s estivales pour tous les go\u00fbts<\/strong><\/h4>\n<p>Que vous soyez fan de baignade, de sports nautiques ou simplement de balades tranquilles, le <a href=\"https:\/\/les-atypiques-chalets.com\/de\/les-10-choses-a-faire-a-gerardmer-en-ete\/\"  data-wpil-monitor-id=\"1663\">Lac de G\u00e9rardmer<\/a> est une v\u00e9ritable p\u00e9pite. Vous pourrez aussi vous aventurer dans les sentiers environnants pour explorer la faune et la flore locales.<\/p>\n<h3><strong>Une richesse culturelle locale<\/strong><\/h3>\n<h4><strong>Gastronomie et traditions<\/strong><\/h4>\n<p>Lesen <a href=\"https:\/\/les-atypiques-chalets.com\/de\/tag\/vogesen\/\"  data-wpil-monitor-id=\"2180\">Vogesen<\/a> sont r\u00e9put\u00e9es pour leurs sp\u00e9cialit\u00e9s culinaires, comme la quiche lorraine ou les bonbons des Vosges. Les restaurants locaux vous permettront de savourer ces d\u00e9lices.<\/p>\n<h4><strong>March\u00e9s et artisanat local<\/strong><\/h4>\n<p>Fl\u00e2nez dans les march\u00e9s pour d\u00e9couvrir des produits artisanaux uniques, parfaits pour rapporter un souvenir authentique.<\/p>\n<hr \/>\n<h2><span style=\"color: #683c16;\"><strong>Les crit\u00e8res pour<br \/>\nchoisir le chalet parfait<\/strong><\/span><\/h2>\n<h3><strong>Emplacement id\u00e9al<\/strong><\/h3>\n<h4><strong>Proximit\u00e9 du lac de G\u00e9rardmer<\/strong><\/h4>\n<p>Un chalet proche du lac vous permettra de profiter pleinement des activit\u00e9s nautiques et des promenades autour de ce joyau naturel.<\/p>\n<h4><strong>Chalets au calme en pleine nature<\/strong><\/h4>\n<p>Si vous recherchez la s\u00e9r\u00e9nit\u00e9, privil\u00e9giez les chalets isol\u00e9s, loin du tumulte, pour vous reconnecter avec la nature.<\/p>\n<h3><strong>Confort et \u00e9quipements<\/strong><\/h3>\n<h4><strong>Private Nordische Badewanne<\/strong><\/h4>\n<p>Quoi de plus relaxant que de se plonger dans un <a href=\"https:\/\/les-atypiques-chalets.com\/de\/nordische-bader-gerardmer\/\"  data-wpil-monitor-id=\"2494\">Nordisches Bad<\/a> en bois, avec une vue imprenable sur les montagnes ?<\/p>\n<h4><strong>Private Sauna<\/strong><\/h4>\n<p>Pour une touche de luxe suppl\u00e9mentaire, optez pour un <a href=\"https:\/\/les-atypiques-chalets.com\/de\/chalet-fur-6-personen-gerardmer\/\"  data-wpil-monitor-id=\"2449\">chalet \u00e9quip\u00e9 d\u2019un sauna<\/a> privatif, id\u00e9al pour \u00e9liminer le stress.<\/p>\n<h3><strong>Design et architecture<\/strong><\/h3>\n<h4><strong>Les chalets Aframe : une tendance atypique<\/strong><\/h4>\n<p>Les chalets Aframe, avec leur structure en forme de A, sont parfaits pour les amateurs de modernit\u00e9. Leur design original les distingue des chalets traditionnels.<\/p>\n<h4><strong>La construction en bois : un retour \u00e0 l\u2019essentiel<\/strong><\/h4>\n<p>Les chalets en bois offrent une atmosph\u00e8re chaleureuse et authentique, id\u00e9ale pour des vacances au naturel.<\/p>\n<hr \/>\n<h2><strong><span style=\"color: #683c16;\">Les avantages<\/span><br \/>\n<span style=\"color: #683c16;\">des chalets atypiques \u00e0 G\u00e9rardme<\/span>r<\/strong><\/h2>\n<h3><strong>Un s\u00e9jour unique et m\u00e9morable<\/strong><\/h3>\n<p>Les chalets atypiques, avec leurs designs originaux et leurs \u00e9quipements haut de gamme, transforment votre <a href=\"https:\/\/les-atypiques-chalets.com\/de\/ungewohnliche-chalets-in-den-vogesen-ein-unvergesslicher-aufenthalt-im-einklang-mit-der-natur\/\"  data-wpil-monitor-id=\"1217\">s\u00e9jour en une exp\u00e9rience inoubliable<\/a>.<\/p>\n<h3><strong>Le mariage entre tradition et modernit\u00e9<\/strong><\/h3>\n<p>Ces h\u00e9bergements combinent le charme rustique du bois avec des installations modernes, vous offrant le meilleur des deux mondes.<\/p>\n<hr \/>\n<h2><span style=\"color: #683c16;\"><strong>Astuces pour r\u00e9server<br \/>\nun chalet \u00e0 G\u00e9rardmer<\/strong><\/span><\/h2>\n<h3><strong>R\u00e9servation anticip\u00e9e : un must<\/strong><\/h3>\n<p>G\u00e9rardmer \u00e9tant une destination pris\u00e9e, il est <a href=\"https:\/\/les-atypiques-chalets.com\/de\/checklist-essentielle-pour-un-sejour-en-chalet-a-gerardmer\/\"  data-wpil-monitor-id=\"1197\">essentiel de r\u00e9server votre chalet<\/a> plusieurs mois \u00e0 l\u2019avance pour \u00e9viter les d\u00e9ceptions.<\/p>\n<h3><strong>Plateformes recommand\u00e9es pour trouver des chalets<\/strong><\/h3>\n<h4><strong>Sites locaux<\/strong><\/h4>\n<p>Privil\u00e9giez les sites sp\u00e9cialis\u00e9s dans les h\u00e9bergements vosgiens pour d\u00e9nicher des chalets authentiques et adapt\u00e9s \u00e0 vos besoins.<\/p>\n<h4><strong>Conseils pour \u00e9viter les arnaques<\/strong><\/h4>\n<p>V\u00e9rifiez toujours les avis des pr\u00e9c\u00e9dents locataires et privil\u00e9giez les plateformes reconnues pour garantir une r\u00e9servation sans souci.<\/p>\n<hr \/>\n<h2><span style=\"color: #683c16;\"><strong>Schlussfolgerung<\/strong><\/span><\/h2>\n<p>Passer vos vacances d\u2019\u00e9t\u00e9 \u00e0 <a href=\"https:\/\/les-atypiques-chalets.com\/de\/comment-economiser-sur-votre-location-de-chalet-a-gerardmer\/\"  data-wpil-monitor-id=\"1178\">G\u00e9rardmer dans un chalet<\/a> atypique est une exp\u00e9rience \u00e0 ne pas manquer. Entre le calme des montagnes, les activit\u00e9s vari\u00e9es et le confort luxueux des chalets Aframe ou en bois, vous \u00eates s\u00fbr de vivre des moments inoubliables.<\/p>\n\n\t\t<\/div>\n\t<\/div>\n<\/div><\/div><\/div><\/div><div class=\"vc_row wpb_row vc_row-fluid\"><div class=\"wpb_column vc_column_container vc_col-sm-12\"><div class=\"vc_column-inner\"><div class=\"wpb_wrapper\"><div class=\"vc_empty_space\"   style=\"height: 60px\"><span class=\"vc_empty_space_inner\"><\/span><\/div><\/div><\/div><\/div><\/div><div class=\"vc_row wpb_row vc_row-fluid\"><div class=\"wpb_column vc_column_container vc_col-sm-12\"><div class=\"vc_column-inner\"><div class=\"wpb_wrapper\">\n\t<div class=\"wpb_text_column wpb_content_element\" >\n\t\t<div class=\"wpb_wrapper\">\n\t\t\t<h2><strong>FAQ<\/strong><\/h2>\n<ol>\n<li><strong>Quelles activit\u00e9s peut-on faire \u00e0 G\u00e9rardmer en \u00e9t\u00e9 ?<\/strong><br \/>\nVous pouvez profiter du lac pour la baignade, les sports nautiques, ou explorer les sentiers de randonn\u00e9e pour d\u00e9couvrir les magnifiques paysages des Vosges.<\/li>\n<li><strong>Quels sont les avantages d\u2019un <a href=\"https:\/\/les-atypiques-chalets.com\/de\/hebergement-romantique-pour-les-couples\/\"  data-wpil-monitor-id=\"1761\">Private Nordsee-Einheit<\/a> ?<\/strong><br \/>\nUn bain nordique offre une relaxation optimale, tout en vous permettant de profiter de l\u2019air frais des montagnes.<\/li>\n<li><strong>Pourquoi privil\u00e9gier un <a class=\"wpil_keyword_link\" title=\"chalet Aframe\" href=\"https:\/\/les-atypiques-chalets.com\/de\/\" data-wpil-keyword-link=\"linked\" data-wpil-monitor-id=\"1152\">chalet Aframe<\/a> pour ses vacances ?<\/strong><br \/>\nLes chalets Aframe se distinguent par leur design moderne et leur atmosph\u00e8re cosy, parfaits pour un s\u00e9jour hors du commun.<\/li>\n<li><strong>Lesen <a href=\"https:\/\/les-atypiques-chalets.com\/de\/les-atypiques-chalets-a-gerardmer-un-sejour-atypique-dans-les-vosges\/\"  data-wpil-monitor-id=\"1493\">Chalets in G\u00e9rardmer<\/a> sont-ils adapt\u00e9s aux familles ?<\/strong><br \/>\nOui, de nombreux chalets offrent des \u00e9quipements adapt\u00e9s aux familles, avec suffisamment d\u2019espace pour tout le monde.<\/li>\n<li><strong>Comment s\u2019assurer de r\u00e9server un chalet authentique ?<\/strong><br \/>\nUtilisez des plateformes fiables, v\u00e9rifiez les avis des locataires pr\u00e9c\u00e9dents et contactez directement les propri\u00e9taires pour poser vos questions.<\/li>\n<\/ol>\n\n\t\t<\/div>\n\t<\/div>\n<\/div><\/div><\/div><\/div>\n<\/div>","protected":false},"excerpt":{"rendered":"Chalet IORIK Capacit\u00e9: 4 personnes Superficie: 45 m2 Bain Nordique: privatif Description de notre Chalet Iorik dans les Vosges Id\u00e9al pour les couples ou les petites familles, le Chalet IORIK est un \u00e9crin de douceur pouvant accueillir jusqu\u2019\u00e0 4 personnes. Avec ses 2 chambres cosy et ces 2 lits de 140\u00d7190, il vous promet des<a href=\"https:\/\/les-atypiques-chalets.com\/de\/chalet-aslan\/\" class=\"sohohotel-more-link\">Read More<\/a>","protected":false},"author":1,"featured_media":41523,"comment_status":"closed","ping_status":"closed","sticky":false,"template":"","format":"standard","meta":{"_yoast_wpseo_title":"Chalets uniques \u00e0 G\u00e9rardmer \ud83c\udf32","_yoast_wpseo_metadesc":"D\u00e9couvrez nos chalets Aframe avec bain nordique et sauna privatifs. R\u00e9servez votre s\u00e9jour au calme d\u00e8s maintenant !","_yoast_wpseo_focuskw":"#ChaletsAtypiques #S\u00e9jourAuCalme #BainNordique #SaunaPrivatif #ChaletAframe #ConstructionBois #VacancesVosges","footnotes":""},"categories":[707,1167,1166,810],"tags":[1130,1495,940,1496,1498,1497,1101,1129,1494,1091],"class_list":["post-1147235","post","type-post","status-publish","format-standard","has-post-thumbnail","hentry","category-gerardmer","category-chalet-avec-sauna-gerardmer","category-chalets-avec-sauna","category-locatif-saisonnier","tag-bain-nordique-privatif","tag-chalet-aframe","tag-chalets-atypiques","tag-construction-en-bois","tag-detente-en-montagne","tag-hebergement-insolite","tag-location-chalet-gerardmer","tag-sauna-privatif","tag-sejour-au-calme","tag-vacances-vosges"],"_links":{"self":[{"href":"https:\/\/les-atypiques-chalets.com\/de\/wp-json\/wp\/v2\/posts\/1147235","targetHints":{"allow":["GET"]}}],"collection":[{"href":"https:\/\/les-atypiques-chalets.com\/de\/wp-json\/wp\/v2\/posts"}],"about":[{"href":"https:\/\/les-atypiques-chalets.com\/de\/wp-json\/wp\/v2\/types\/post"}],"author":[{"embeddable":true,"href":"https:\/\/les-atypiques-chalets.com\/de\/wp-json\/wp\/v2\/users\/1"}],"replies":[{"embeddable":true,"href":"https:\/\/les-atypiques-chalets.com\/de\/wp-json\/wp\/v2\/comments?post=1147235"}],"version-history":[{"count":0,"href":"https:\/\/les-atypiques-chalets.com\/de\/wp-json\/wp\/v2\/posts\/1147235\/revisions"}],"wp:featuredmedia":[{"embeddable":true,"href":"https:\/\/les-atypiques-chalets.com\/de\/wp-json\/wp\/v2\/media\/41523"}],"wp:attachment":[{"href":"https:\/\/les-atypiques-chalets.com\/de\/wp-json\/wp\/v2\/media?parent=1147235"}],"wp:term":[{"taxonomy":"category","embeddable":true,"href":"https:\/\/les-atypiques-chalets.com\/de\/wp-json\/wp\/v2\/categories?post=1147235"},{"taxonomy":"post_tag","embeddable":true,"href":"https:\/\/les-atypiques-chalets.com\/de\/wp-json\/wp\/v2\/tags?post=1147235"}],"curies":[{"name":"wp","href":"https:\/\/api.w.org\/{rel}","templated":true}]}}