{"id":120304,"date":"2024-08-14T08:43:47","date_gmt":"2024-08-14T08:43:47","guid":{"rendered":"https:\/\/les-atypiques-chalets.com\/?p=120304"},"modified":"2025-05-21T19:08:42","modified_gmt":"2025-05-21T19:08:42","slug":"visitez-les-marches-de-gerardmer","status":"publish","type":"post","link":"https:\/\/les-atypiques-chalets.com\/de\/visitez-les-marches-de-gerardmer\/","title":{"rendered":"Besuchen Sie die M\u00e4rkte von G\u00e9rardmer"},"content":{"rendered":"<div class=\"wpb-content-wrapper\"><div class=\"vc_row wpb_row vc_row-fluid\"><div class=\"wpb_column vc_column_container vc_col-sm-12\"><div class=\"vc_column-inner\"><div class=\"wpb_wrapper\">\n\t<div class=\"wpb_text_column wpb_content_element\" >\n\t\t<div class=\"wpb_wrapper\">\n\t\t\t<h1><span style=\"color: #683c16;\">Besuchen Sie die M\u00e4rkte von G\u00e9rardmer<\/span><\/h1>\n\n\t\t<\/div>\n\t<\/div>\n<\/div><\/div><\/div><\/div><div class=\"vc_row wpb_row vc_row-fluid\"><div class=\"wpb_column vc_column_container vc_col-sm-12\"><div class=\"vc_column-inner\"><div class=\"wpb_wrapper\">\t\t\n\t\t\t\t\n\t\t\t<!-- BEGIN .shb-accommodation-listing-filter-sorting -->\n\t\t\t<div class=\"shb-accommodation-listing-filter-sorting shb-clearfix\">\n\t\t\t\n\t\t\t\t\t\t\t\n\t\t\t\t<div class=\"shb-accommodation-listing-filter shb-clearfix\">\n\t\t\t\t\t<p>Filtern nach:<\/p>\n\t\t\t\t\t<ul>\n\t\t\t\t\t\t<li class=\"shb-filter-current\"><a href=\"https:\/\/les-atypiques-chalets.com\/de\/wp-json\/wp\/v2\/posts\/120304?shb-orderby=2\">All<\/a><\/li><li class=\"\"><a href=\"https:\/\/les-atypiques-chalets.com\/de\/wp-json\/wp\/v2\/posts\/120304?shb-orderby=2&shb-accommodation-type=chalet-4-personnes-gerardmer\">Chalet f\u00fcr 4 Personen<\/a><\/li><li class=\"\"><a href=\"https:\/\/les-atypiques-chalets.com\/de\/wp-json\/wp\/v2\/posts\/120304?shb-orderby=2&shb-accommodation-type=chalet-6-personnes\">Chalet f\u00fcr 6 Personen<\/a><\/li><li class=\"\"><a href=\"https:\/\/les-atypiques-chalets.com\/de\/wp-json\/wp\/v2\/posts\/120304?shb-orderby=2&shb-accommodation-type=chalets-6-personnes\">Chalets f\u00fcr 6 Personen<\/a><\/li>\t\t\t\t\t<\/ul>\n\t\t\t\t<\/div>\n\t\t\t\n\t\t\t\t\t\t\t\n\t\t\t\t\t\t\t\n\t\t\t\t<div class=\"shb-accommodation-listing-sorting shb-clearfix\">\n\t\t\t\t\t<select>\n\t\t\t\t\t\t<option value=\"https:\/\/les-atypiques-chalets.com\/de\/wp-json\/wp\/v2\/posts\/120304?shb-accommodation-type=0\" selected>Standard-Sortierung<\/option><option value=\"https:\/\/les-atypiques-chalets.com\/de\/wp-json\/wp\/v2\/posts\/120304?shb-accommodation-type=0&shb-orderby=1\" >Preis niedrig bis hoch<\/option><option value=\"https:\/\/les-atypiques-chalets.com\/de\/wp-json\/wp\/v2\/posts\/120304?shb-accommodation-type=0&shb-orderby=2\" >Preis hoch bis niedrig<\/option>\t\t\t\t\t<\/select>\n\t\t\t\t\t<i class=\"fas fa-chevron-down\"><\/i>\n\t\t\t\t<\/div>\n\t\t\t\n\t\t\t\t\t\n\t\t\t<!-- END .shb-accommodation-listing-filter-sorting -->\n\t\t\t<\/div>\n\t\t\n\t\t\t\t\n\t\t<!-- BEGIN .shb-accommodation-listing-style-1 -->\n\t\t<div class=\"shb-accommodation-listing-style-1 shb-accommodation-listing-style-1-columns-3\">\n\t\t\t\n\t\t\t\t\n\t\t\t<!-- BEGIN .shb-accommodation-listing-item -->\n\t\t\t<div class=\"shb-accommodation-listing-item\">\n\t\t\t\n\t\t\t\t\t\t\t\t\t<a href=\"https:\/\/les-atypiques-chalets.com\/de\/chalet-charkhan\/\" rel=\"bookmark\" title=\"Chalet Charkhan\">\n\t\t\t\t\t\t\t\t\t\t\t\t<img decoding=\"async\" class=\"shb-accommodation-listing-image\" src=\"https:\/\/les-atypiques-chalets.com\/wp-content\/uploads\/2025\/03\/salon-charkhan-03-L-1180x675.webp\" alt=\"Chalet Charkhan\" \/>\t\t\t\t\t<\/a>\n\t\t\t\t\t\t\t\n\t\t\t\t<div class=\"shb-accommodation-listing-description-wrapper\">\n\t\t\t\t\n\t\t\t\t\t<h3><a href=\"https:\/\/les-atypiques-chalets.com\/de\/chalet-charkhan\/\" rel=\"bookmark\" title=\"Chalet Charkhan\">Chalet Charkhan<\/a><\/h3>\n\t\t\t\t\n\t\t\t\t\t<div class=\"shb-accommodation-listing-description shb-clearfix\">\n\t\t\t\t\t\t<ul>\r\n<li><i class=\"fas fa-user\"><\/i><span>Kapazit\u00e4t<\/span> 6 Personen<\/li>\r\n<li><i class=\"fas fa-ruler-combined\"><\/i><span>Oberfl\u00e4che<\/span> 65 m\u00b2<\/li>\r\n<li><i class=\"fas fa-hot-tub\"><\/i><span> Nordische Badewanne<\/span> privativ<\/li>\r\n<\/ul>\t\t\t\t\t\t<a href=\"https:\/\/les-atypiques-chalets.com\/de\/chalet-charkhan\/\" class=\"shb-accommodation-listing-button1\">ab 225\u20ac\/Nacht<\/a>\n\t\t\t\t\t\t<a href=\"https:\/\/les-atypiques-chalets.com\/de\/chalet-charkhan\/\" class=\"shb-accommodation-listing-button2\">Zimmer anzeigen<i class=\"fas fa-chevron-right\"><\/i><\/a>\n\t\t\t\t\t<\/div>\n\t\t\t\t\n\t\t\t\t<\/div>\n\t\t\t\n\t\t\t<!-- END .shb-accommodation-listing-item -->\n\t\t\t<\/div>\n\t\t\n\t\t\t\t\n\t\t\t<!-- BEGIN .shb-accommodation-listing-item -->\n\t\t\t<div class=\"shb-accommodation-listing-item\">\n\t\t\t\n\t\t\t\t\t\t\t\t\t<a href=\"https:\/\/les-atypiques-chalets.com\/de\/chalet-aslan\/\" rel=\"bookmark\" title=\"Chalet Aslan\">\n\t\t\t\t\t\t\t\t\t\t\t\t<img decoding=\"async\" class=\"shb-accommodation-listing-image\" src=\"https:\/\/les-atypiques-chalets.com\/wp-content\/uploads\/2025\/03\/ASLAN-2-900x710.webp\" alt=\"Chalet Aslan\" \/>\t\t\t\t\t<\/a>\n\t\t\t\t\t\t\t\n\t\t\t\t<div class=\"shb-accommodation-listing-description-wrapper\">\n\t\t\t\t\n\t\t\t\t\t<h3><a href=\"https:\/\/les-atypiques-chalets.com\/de\/chalet-aslan\/\" rel=\"bookmark\" title=\"Chalet Aslan\">Chalet Aslan<\/a><\/h3>\n\t\t\t\t\n\t\t\t\t\t<div class=\"shb-accommodation-listing-description shb-clearfix\">\n\t\t\t\t\t\t<ul>\r\n<li><i class=\"fas fa-user\"><\/i><span>Kapazit\u00e4t<\/span> 5 Personen<\/li>\r\n<li><i class=\"fas fa-ruler-combined\"><\/i><span>Oberfl\u00e4che<\/span> 65 m\u00b2<\/li>\r\n<li><i class=\"fas fa-hot-tub\"><\/i><span> Nordische Badewanne<\/span> privativ<\/li>\r\n<\/ul>\t\t\t\t\t\t<a href=\"https:\/\/les-atypiques-chalets.com\/de\/chalet-aslan\/\" class=\"shb-accommodation-listing-button1\">ab 215 \u20ac\/Nacht<\/a>\n\t\t\t\t\t\t<a href=\"https:\/\/les-atypiques-chalets.com\/de\/chalet-aslan\/\" class=\"shb-accommodation-listing-button2\">Zimmer anzeigen<i class=\"fas fa-chevron-right\"><\/i><\/a>\n\t\t\t\t\t<\/div>\n\t\t\t\t\n\t\t\t\t<\/div>\n\t\t\t\n\t\t\t<!-- END .shb-accommodation-listing-item -->\n\t\t\t<\/div>\n\t\t\n\t\t\t\t\n\t\t\t<!-- BEGIN .shb-accommodation-listing-item -->\n\t\t\t<div class=\"shb-accommodation-listing-item\">\n\t\t\t\n\t\t\t\t\t\t\t\t\t<a href=\"https:\/\/les-atypiques-chalets.com\/de\/chalet-iorik\/\" rel=\"bookmark\" title=\"Chalet Iorik\">\n\t\t\t\t\t\t\t\t\t\t\t\t<img decoding=\"async\" class=\"shb-accommodation-listing-image\" src=\"https:\/\/les-atypiques-chalets.com\/wp-content\/uploads\/2025\/09\/iorik-sejour-L-1024x710.webp\" alt=\"Chalet Iorik\" \/>\t\t\t\t\t<\/a>\n\t\t\t\t\t\t\t\n\t\t\t\t<div class=\"shb-accommodation-listing-description-wrapper\">\n\t\t\t\t\n\t\t\t\t\t<h3><a href=\"https:\/\/les-atypiques-chalets.com\/de\/chalet-iorik\/\" rel=\"bookmark\" title=\"Chalet Iorik\">Chalet Iorik<\/a><\/h3>\n\t\t\t\t\n\t\t\t\t\t<div class=\"shb-accommodation-listing-description shb-clearfix\">\n\t\t\t\t\t\t<ul>\r\n<li><i class=\"fas fa-user\"><\/i><span>Kapazit\u00e4t<\/span> 4 Personen<\/li>\r\n<li><i class=\"fas fa-ruler-combined\"><\/i><span>Oberfl\u00e4che<\/span> 45 m2<\/li>\r\n<li><i class=\"fas fa-hot-tub\"><\/i><span> Nordische Badewanne<\/span> privativ<\/li>\r\n<\/ul>\t\t\t\t\t\t<a href=\"https:\/\/les-atypiques-chalets.com\/de\/chalet-iorik\/\" class=\"shb-accommodation-listing-button1\">ab 170\u20ac\/Nacht<\/a>\n\t\t\t\t\t\t<a href=\"https:\/\/les-atypiques-chalets.com\/de\/chalet-iorik\/\" class=\"shb-accommodation-listing-button2\">Zimmer anzeigen<i class=\"fas fa-chevron-right\"><\/i><\/a>\n\t\t\t\t\t<\/div>\n\t\t\t\t\n\t\t\t\t<\/div>\n\t\t\t\n\t\t\t<!-- END .shb-accommodation-listing-item -->\n\t\t\t<\/div>\n\t\t\n\t\t\t\t\t\n\t\t<!-- END .shb-accommodation-listing-style-1 -->\n\t\t<\/div>\n\t\n\t\t\n\t\t\t\n\t\t<div class=\"shb-clearboth\"><\/div>\n\t\t<div class=\"shb-accommodation-listing-1-pagination\">\n\t\t\t\t<\/div>\n\t\t\n\t\t\n\t<\/div><\/div><\/div><\/div><div class=\"vc_row wpb_row vc_row-fluid\"><div class=\"wpb_column vc_column_container vc_col-sm-12\"><div class=\"vc_column-inner\"><div class=\"wpb_wrapper\">\n\t<div class=\"wpb_text_column wpb_content_element\" >\n\t\t<div class=\"wpb_wrapper\">\n\t\t\t<h3><span style=\"color: #683c16;\">Einf\u00fchrung<\/span><\/h3>\n<hr \/>\n<p>Situ\u00e9e au c\u0153ur des Vosges, G\u00e9rardmer est bien plus qu&rsquo;une simple station de ski ou une destination de vacances d&rsquo;\u00e9t\u00e9. C&rsquo;est aussi un lieu o\u00f9 la gastronomie locale prend tout son sens, notamment \u00e0 travers ses march\u00e9s hebdomadaires. Si vous \u00eates \u00e0 la recherche d&rsquo;une exp\u00e9rience authentique, qui vous permet de d\u00e9couvrir les saveurs locales tout en vous immergeant dans la culture de la r\u00e9gion, les march\u00e9s de G\u00e9rardmer sont une \u00e9tape incontournable. Cet article vous guidera \u00e0 travers les diff\u00e9rents march\u00e9s de G\u00e9rardmer, leurs particularit\u00e9s, et comment vous pouvez en tirer le meilleur parti lors de votre visite.<\/p>\n<p><strong>Pourquoi G\u00e9rardmer est une destination<br \/>\nincontournable pour les gourmets<\/strong><\/p>\n<h3><span style=\"color: #683c16;\">Un panorama des saveurs locales<\/span><\/h3>\n<hr \/>\n<p>Les march\u00e9s de G\u00e9rardmer sont un v\u00e9ritable reflet de la richesse gastronomique de la r\u00e9gion. Ici, chaque stand raconte une histoire, celle des produits cultiv\u00e9s avec amour et respect pour la terre. Que vous soyez amateur de fromages odorants, de charcuteries artisanales ou de fruits et l\u00e9gumes de saison, vous trouverez votre bonheur.<\/p>\n<h3><span style=\"color: #683c16;\">L\u2019authenticit\u00e9 des produits du terroir<\/span><\/h3>\n<hr \/>\n<p>\u00c0 G\u00e9rardmer, l&rsquo;accent est mis sur les <a href=\"https:\/\/les-atypiques-chalets.com\/de\/meilleurs-restaurants-gerardmer-tour-culinaire\/\"  data-wpil-monitor-id=\"1967\">lokale Produkte<\/a>. Les producteurs que vous rencontrerez sur les march\u00e9s sont souvent ceux qui cultivent, \u00e9l\u00e8vent, ou fabriquent les produits eux-m\u00eames. Cette proximit\u00e9 avec la source garantit non seulement la fra\u00eecheur des produits, mais aussi leur qualit\u00e9 et leur authenticit\u00e9.<\/p>\n<h3><span style=\"color: #683c16;\">La convivialit\u00e9 des commer\u00e7ants locaux<\/span><\/h3>\n<hr \/>\n<p>Les march\u00e9s de G\u00e9rardmer sont aussi une occasion unique de rencontrer les gens du pays. Les commer\u00e7ants sont chaleureux, pr\u00eats \u00e0 partager des anecdotes, des conseils de cuisine, ou tout simplement \u00e0 \u00e9changer quelques mots avec les visiteurs. Cette ambiance conviviale fait des march\u00e9s de G\u00e9rardmer un lieu de rencontre autant qu&rsquo;un lieu d&rsquo;achat.<\/p>\n<p><strong>Les march\u00e9s hebdomadaires de G\u00e9rardmer<\/strong><\/p>\n<h3><span style=\"color: #683c16;\">Le march\u00e9 du jeudi matin<\/span><\/h3>\n<hr \/>\n<h4><strong>Emplacement et horaires<\/strong><\/h4>\n<p>Le march\u00e9 du jeudi matin se tient au centre de G\u00e9rardmer, g\u00e9n\u00e9ralement autour de la Place du Tilleul. Il commence t\u00f4t, vers 8 heures, et se termine en d\u00e9but d&rsquo;apr\u00e8s-midi. C&rsquo;est le march\u00e9 le plus fr\u00e9quent\u00e9 de la semaine, o\u00f9 vous trouverez une grande vari\u00e9t\u00e9 de produits, allant des aliments aux v\u00eatements.<\/p>\n<h4><strong>Types de produits disponibles<\/strong><\/h4>\n<p>Sur ce march\u00e9, vous pouvez acheter des produits frais comme des fruits, des l\u00e9gumes, des viandes, et des fromages. Il y a \u00e9galement des stands d&rsquo;artisanat o\u00f9 vous pouvez d\u00e9nicher des objets uniques fabriqu\u00e9s par des artisans <a href=\"https:\/\/les-atypiques-chalets.com\/de\/guide-des-boutiques-de-gerardmer\/\"  data-wpil-monitor-id=\"644\">locaux<\/a>.<\/p>\n<h3><span style=\"color: #683c16;\">Le march\u00e9 du samedi matin<\/span><\/h3>\n<hr \/>\n<h4><strong>Produits bio et artisanaux<\/strong><\/h4>\n<p>Le march\u00e9 du samedi matin est plus petit mais tout aussi int\u00e9ressant, notamment pour les amateurs de produits bio. Ici, les producteurs locaux vendent directement leurs r\u00e9coltes, garantissant ainsi la qualit\u00e9 et la fra\u00eecheur des produits. Vous y trouverez aussi des produits artisanaux, parfaits pour ramener un souvenir authentique de votre s\u00e9jour.<\/p>\n<h4><strong>Rencontres avec les producteurs<\/strong><\/h4>\n<p>Le samedi, prenez le temps de discuter avec les producteurs. Ils sont souvent passionn\u00e9s par leur m\u00e9tier et heureux de partager leur savoir-faire avec les visiteurs. C&rsquo;est une excellente occasion d&rsquo;en apprendre plus sur les m\u00e9thodes de production et d&rsquo;\u00e9levage locales.<\/p>\n<p><strong>Les produits phares des march\u00e9s de G\u00e9rardmer<\/strong><\/p>\n<h3><span style=\"color: #683c16;\">Les fromages locaux<\/span><\/h3>\n<hr \/>\n<p>Lesen <a href=\"https:\/\/les-atypiques-chalets.com\/de\/rejoignez-laventure-a-gerardmer-reservez-votre-sejour\/\"  data-wpil-monitor-id=\"756\">Vogesen<\/a> sont r\u00e9put\u00e9es pour leurs fromages, et les march\u00e9s de G\u00e9rardmer ne font pas exception. Le Munster, avec son go\u00fbt puissant, est incontournable, mais vous trouverez aussi des fromages plus doux, affin\u00e9s avec soin.<\/p>\n<h3><span style=\"color: #683c16;\">Les charcuteries traditionnelles<\/span><\/h3>\n<hr \/>\n<p>La charcuterie est \u00e9galement une sp\u00e9cialit\u00e9 de la r\u00e9gion. Saucisses, jambons, p\u00e2t\u00e9s : les amateurs de viande seront combl\u00e9s par la vari\u00e9t\u00e9 et la qualit\u00e9 des produits propos\u00e9s.<\/p>\n<h3><span style=\"color: #683c16;\">Les fruits et l\u00e9gumes de saison<\/span><\/h3>\n<hr \/>\n<p>Les produits frais de saison sont \u00e0 l&rsquo;honneur sur les march\u00e9s de G\u00e9rardmer. Que ce soit des pommes de terre nouvelles, des choux-fleurs croquants ou des fruits rouges juteux, chaque saison apporte son lot de d\u00e9lices.<\/p>\n<h3><span style=\"color: #683c16;\">Les produits artisanaux :<br \/>\nconfitures, miel, et autres douceurs<\/span><\/h3>\n<hr \/>\n<p>Les march\u00e9s regorgent aussi de petites douceurs locales, comme des confitures maison, du miel r\u00e9colt\u00e9 dans les <a href=\"https:\/\/les-atypiques-chalets.com\/de\/vivez-la-veritable-magie-dun-noel-en-montagne-dans-les-vosges\/\"  data-wpil-monitor-id=\"829\">Vogesen<\/a>, et des biscuits traditionnels. Ces produits sont <a href=\"https:\/\/les-atypiques-chalets.com\/de\/le-chalet-parfait-a-gerardmer-pour-vos-vacances-dete\/\"  data-wpil-monitor-id=\"1167\">parfaits pour ramener un go\u00fbt de G\u00e9rardmer<\/a> chez vous.<\/p>\n<p><strong>Exp\u00e9riences culinaires autour des march\u00e9s<\/strong><\/p>\n<h3><span style=\"color: #683c16;\">D\u00e9gustations sur place<\/span><\/h3>\n<hr \/>\n<p>De nombreux stands offrent des d\u00e9gustations sur place, vous permettant de go\u00fbter avant d&rsquo;acheter. C&rsquo;est une excellente mani\u00e8re de d\u00e9couvrir de nouveaux produits et de discuter avec les producteurs.<\/p>\n<h3><span style=\"color: #683c16;\">Recettes inspir\u00e9es des produits locaux<\/span><\/h3>\n<hr \/>\n<p>Pourquoi ne pas vous inspirer des produits du march\u00e9 pour vos repas ? Les commer\u00e7ants sont souvent pr\u00eats \u00e0 partager leurs meilleures recettes avec vous, vous permettant de reproduire chez vous les saveurs d\u00e9couvertes sur le march\u00e9.<\/p>\n<h3><span style=\"color: #683c16;\">Ateliers et d\u00e9monstrations culinaires<\/span><\/h3>\n<hr \/>\n<p>Certains march\u00e9s proposent \u00e9galement des ateliers ou des d\u00e9monstrations culinaires. C&rsquo;est l&rsquo;occasion d&rsquo;apprendre \u00e0 <a href=\"https:\/\/les-atypiques-chalets.com\/de\/tag\/cuisine-locale\/\"  data-wpil-monitor-id=\"2147\">cuisiner les produits locaux<\/a> avec des chefs ou des producteurs eux-m\u00eames.<\/p>\n<p><strong>L\u2019impact des march\u00e9s sur la communaut\u00e9 locale<\/strong><\/p>\n<h3><span style=\"color: #683c16;\">Soutien aux petits producteurs<\/span><\/h3>\n<hr \/>\n<p>En achetant sur les march\u00e9s de G\u00e9rardmer, vous soutenez directement les petits producteurs locaux. Cela permet de maintenir l&rsquo;\u00e9conomie locale et de pr\u00e9server les savoir-faire traditionnels.<\/p>\n<h3><span style=\"color: #683c16;\">Cr\u00e9ation de liens sociaux<\/span><\/h3>\n<hr \/>\n<p>Les march\u00e9s ne sont pas seulement des lieux de commerce, mais aussi des espaces de rencontre. Ils jouent un r\u00f4le essentiel dans la vie sociale de la communaut\u00e9, en permettant aux habitants et aux visiteurs de se rencontrer et d&rsquo;\u00e9changer.<\/p>\n<h3><span style=\"color: #683c16;\">Pr\u00e9servation des traditions locales<\/span><\/h3>\n<hr \/>\n<p>Enfin, les march\u00e9s sont un moyen de pr\u00e9server et de transmettre les traditions locales. En participant \u00e0 ces march\u00e9s, vous contribuez \u00e0 maintenir vivantes les pratiques agricoles et artisanales de la r\u00e9gion.<\/p>\n<p><a href=\"https:\/\/les-atypiques-chalets.com\/de\/comment-preparer-votre-sejour-a-gerardmer-conseils-et-astuces\/\"  data-wpil-monitor-id=\"2075\"><strong>Conseils pour profiter pleinement des march\u00e9s de G\u00e9rardmer<\/strong><\/a><\/p>\n<h3>Meilleurs moments pour visiter<\/h3>\n<hr \/>\n<p>Il est conseill\u00e9 de visiter les march\u00e9s t\u00f4t le matin pour profiter du plus grand choix de produits. Les premiers arriv\u00e9s sont souvent les mieux servis, notamment pour les produits les plus pris\u00e9s.<\/p>\n<h3><span style=\"color: #683c16;\">Astuces pour d\u00e9nicher les meilleurs produits<\/span><\/h3>\n<hr \/>\n<p>Prenez le temps de faire le tour du march\u00e9 avant d&rsquo;acheter. Comparez les produits et les prix, et n&rsquo;h\u00e9sitez pas \u00e0 poser des questions aux commer\u00e7ants. Vous trouverez ainsi les meilleurs produits au meilleur prix.<\/p>\n<h3><span style=\"color: #683c16;\">Respecter l\u2019environnement en faisant ses achats<\/span><\/h3>\n<hr \/>\n<p>Apportez vos propres sacs ou paniers pour r\u00e9duire l&rsquo;utilisation de plastique. De plus, privil\u00e9giez les produits locaux et de saison pour r\u00e9duire votre empreinte carbone.<\/p>\n<p><a href=\"https:\/\/les-atypiques-chalets.com\/de\/comment-economiser-sur-votre-location-de-chalet-a-gerardmer\/\"  data-wpil-monitor-id=\"1181\"><strong>Comment acc\u00e9der aux march\u00e9s de G\u00e9rardmer<\/strong><\/a><\/p>\n<h3><span style=\"color: #683c16;\">Informations pratiques : transports et stationnement<\/span><\/h3>\n<hr \/>\n<p>G\u00e9rardmer est facilement accessible en voiture, avec plusieurs parkings disponibles \u00e0 proximit\u00e9 des march\u00e9s. Si vous \u00eates en transports en commun, v\u00e9rifiez les horaires des bus locaux, qui desservent le centre-ville.<\/p>\n<h3><span style=\"color: #683c16;\">Accessibilit\u00e9 pour les personnes \u00e0 mobilit\u00e9 r\u00e9duite<\/span><\/h3>\n<hr \/>\n<p>Les march\u00e9s de G\u00e9rardmer sont en grande partie accessibles aux personnes \u00e0 mobilit\u00e9 r\u00e9duite. Toutefois, certains stands peuvent \u00eatre plus difficiles d&rsquo;acc\u00e8s en raison de l&rsquo;affluence.<\/p>\n<p><strong>Autres attractions \u00e0 <a href=\"https:\/\/les-atypiques-chalets.com\/de\/chalet-a-louer-gerardmer-decouvrez-nos-chalets-a-louer-a-gerardmer\/\"  data-wpil-monitor-id=\"845\">d\u00e9couvrir \u00e0 G\u00e9rardmer<\/a><\/strong><\/p>\n<h3><span style=\"color: #683c16;\">Visite du lac de G\u00e9rardmer<\/span><\/h3>\n<hr \/>\n<p>Apr\u00e8s avoir fl\u00e2n\u00e9 sur les march\u00e9s, une visite du <a href=\"https:\/\/les-atypiques-chalets.com\/de\/location-proche-lac-gerardmer-decouvrez-les-atypiques-chalets-pour-un-sejour-inoubliable\/\"  data-wpil-monitor-id=\"867\">Lac de G\u00e9rardmer<\/a> s\u2019impose. Ce magnifique lac est id\u00e9al pour une promenade ou un pique-nique.<\/p>\n<h3><span style=\"color: #683c16;\">Randonn\u00e9es et activit\u00e9s en plein air<\/span><\/h3>\n<hr \/>\n<p><a href=\"https:\/\/les-atypiques-chalets.com\/de\/les-10-choses-a-faire-a-gerardmer-en-ete\/\"  data-wpil-monitor-id=\"1672\">G\u00e9rardmer offre \u00e9galement de nombreuses possibilit\u00e9s de randonn\u00e9es<\/a> et d&rsquo;activit\u00e9s en plein air. Que vous soyez amateur de <a href=\"https:\/\/les-atypiques-chalets.com\/de\/tag\/ski\/\"  data-wpil-monitor-id=\"2262\">ski<\/a> en hiver ou de randonn\u00e9e en \u00e9t\u00e9, il y a toujours quelque chose \u00e0 faire.<\/p>\n<h3><span style=\"color: #683c16;\">H\u00e9bergement et restaurants locaux<\/span><\/h3>\n<hr \/>\n<p>Pour prolonger votre s\u00e9jour, G\u00e9rardmer dispose de nombreux h\u00e9bergements <a href=\"https:\/\/les-atypiques-chalets.com\/de\/\">comme les Atypiques Chalets<\/a>, et restaurants qui mettent en valeur les produits locaux. Profitez-en pour go\u00fbter les sp\u00e9cialit\u00e9s culinaires de la r\u00e9gion dans un cadre authentique.<\/p>\n<h3><span style=\"color: #683c16;\">Schlussfolgerung<\/span><\/h3>\n<p>Les march\u00e9s de G\u00e9rardmer sont une v\u00e9ritable invitation \u00e0 la d\u00e9couverte des saveurs locales et \u00e0 l&rsquo;immersion dans la culture vosgienne. Que vous soyez un visiteur occasionnel ou un habitu\u00e9, ces march\u00e9s offrent une <a href=\"https:\/\/les-atypiques-chalets.com\/de\/hebergement-romantique-pour-les-couples-vivez-une-experience-unique-dans-nos-chalets-atypiques\/\"  data-wpil-monitor-id=\"1004\">exp\u00e9rience unique<\/a>, riche en d\u00e9couvertes et en rencontres. Alors, lors de votre prochaine visite \u00e0 G\u00e9rardmer, ne manquez pas de faire un tour sur ses march\u00e9s pour une plong\u00e9e gourmande au <a href=\"https:\/\/les-atypiques-chalets.com\/de\/votre-chalet-de-randonnee-dans-les-vosges-au-coeur-de-la-nature\/\"  data-wpil-monitor-id=\"759\">c\u0153ur des Vosges<\/a>.<\/p>\n<hr \/>\n<h3><span style=\"color: #683c16;\">FAQ<\/span><\/h3>\n<hr \/>\n<h3><strong>Quels sont les jours de march\u00e9 \u00e0 G\u00e9rardmer ?<\/strong><\/h3>\n<p>Les march\u00e9s principaux ont lieu les jeudi et samedi matin.<\/p>\n<h3><strong>Peut-on trouver des produits bio sur les march\u00e9s ?<\/strong><\/h3>\n<p>Oui, particuli\u00e8rement lors du march\u00e9 du samedi matin, o\u00f9 de nombreux producteurs bio proposent leurs produits.<\/p>\n<h3><strong>Les march\u00e9s de G\u00e9rardmer sont-ils accessibles toute l&rsquo;ann\u00e9e ?<\/strong><\/h3>\n<p>Oui, les march\u00e9s de G\u00e9rardmer sont ouverts toute l&rsquo;ann\u00e9e, bien que certains produits soient saisonniers.<\/p>\n<h3><strong>Quels types de produits artisanaux peut-on acheter ?<\/strong><\/h3>\n<p>Vous pouvez trouver des confitures, du miel, des savons artisanaux, et bien d&rsquo;autres produits typiques de la r\u00e9gion.<\/p>\n<h3><strong>Y a-t-il des \u00e9v\u00e9nements sp\u00e9ciaux autour des march\u00e9s ?<\/strong><\/h3>\n<p>Oui, il arrive que des d\u00e9monstrations culinaires ou des ateliers soient organis\u00e9s, surtout en p\u00e9riode estivale.<\/p>\n\n\t\t<\/div>\n\t<\/div>\n<\/div><\/div><\/div><\/div>\n<\/div>","protected":false},"excerpt":{"rendered":"Chalet IORIK Capacit\u00e9: 4 personnes Superficie: 45 m2 Bain Nordique: privatif Description de notre Chalet Iorik dans les Vosges Id\u00e9al pour les couples ou les petites familles, le Chalet IORIK est un \u00e9crin de douceur pouvant accueillir jusqu\u2019\u00e0 4 personnes. Avec ses 2 chambres cosy et ces 2 lits de 140\u00d7190, il vous promet des<a href=\"https:\/\/les-atypiques-chalets.com\/de\/chalet-aslan\/\" class=\"sohohotel-more-link\">Read More<\/a>","protected":false},"author":1,"featured_media":120306,"comment_status":"closed","ping_status":"open","sticky":false,"template":"","format":"standard","meta":{"_yoast_wpseo_title":"Visitez les march\u00e9s de G\u00e9rardmer","_yoast_wpseo_metadesc":"D\u00e9couvrez les saveurs locales \u00e0 G\u00e9rardmer. Explorez les march\u00e9s et savourez l'authenticit\u00e9. Planifiez votre visite maintenant !","_yoast_wpseo_focuskw":"#G\u00e9rardmer #March\u00e9s #Gastronomie #ProduitsLocaux #Tourisme #CultureVosgienne #Fromages #Charcuterie #Bio #Artisanat","footnotes":""},"categories":[707],"tags":[916,1209,821,1215,1216,1208,1007,664,1207,1213,1212,1210,852,1214,923,1211],"class_list":["post-120304","post","type-post","status-publish","format-standard","has-post-thumbnail","hentry","category-gerardmer","tag-artisanat-gerardmer","tag-charcuteries-traditionnelles","tag-culture-vosgienne","tag-degustation-produits-gerardmer","tag-experience-authentique-gerardmer","tag-fromages-gerardmer","tag-gastronomie-gerardmer","tag-gerardmer","tag-marches-de-gerardmer","tag-marches-hebdomadaires-gerardmer","tag-producteurs-locaux","tag-produits-bio-gerardmer","tag-produits-locaux","tag-saveurs-locales-gerardmer","tag-tourisme-gerardmer","tag-visite-marches-gerardmer"],"_links":{"self":[{"href":"https:\/\/les-atypiques-chalets.com\/de\/wp-json\/wp\/v2\/posts\/120304","targetHints":{"allow":["GET"]}}],"collection":[{"href":"https:\/\/les-atypiques-chalets.com\/de\/wp-json\/wp\/v2\/posts"}],"about":[{"href":"https:\/\/les-atypiques-chalets.com\/de\/wp-json\/wp\/v2\/types\/post"}],"author":[{"embeddable":true,"href":"https:\/\/les-atypiques-chalets.com\/de\/wp-json\/wp\/v2\/users\/1"}],"replies":[{"embeddable":true,"href":"https:\/\/les-atypiques-chalets.com\/de\/wp-json\/wp\/v2\/comments?post=120304"}],"version-history":[{"count":0,"href":"https:\/\/les-atypiques-chalets.com\/de\/wp-json\/wp\/v2\/posts\/120304\/revisions"}],"wp:featuredmedia":[{"embeddable":true,"href":"https:\/\/les-atypiques-chalets.com\/de\/wp-json\/wp\/v2\/media\/120306"}],"wp:attachment":[{"href":"https:\/\/les-atypiques-chalets.com\/de\/wp-json\/wp\/v2\/media?parent=120304"}],"wp:term":[{"taxonomy":"category","embeddable":true,"href":"https:\/\/les-atypiques-chalets.com\/de\/wp-json\/wp\/v2\/categories?post=120304"},{"taxonomy":"post_tag","embeddable":true,"href":"https:\/\/les-atypiques-chalets.com\/de\/wp-json\/wp\/v2\/tags?post=120304"}],"curies":[{"name":"wp","href":"https:\/\/api.w.org\/{rel}","templated":true}]}}