{"id":1212180,"date":"2025-01-08T13:22:38","date_gmt":"2025-01-08T13:22:38","guid":{"rendered":"https:\/\/les-atypiques-chalets.com\/comment-economiser-sur-votre-location-de-chalet-a-gerardmer-2\/"},"modified":"2026-01-07T10:00:57","modified_gmt":"2026-01-07T10:00:57","slug":"temoignages-de-vacanciers","status":"publish","type":"post","link":"https:\/\/les-atypiques-chalets.com\/de\/temoignages-de-vacanciers\/","title":{"rendered":"T\u00e9moignages de Vacanciers"},"content":{"rendered":"<div class=\"wpb-content-wrapper\"><div class=\"vc_row wpb_row vc_row-fluid\"><div class=\"wpb_column vc_column_container vc_col-sm-12\"><div class=\"vc_column-inner\"><div class=\"wpb_wrapper\">\n\t<div class=\"wpb_text_column wpb_content_element\" >\n\t\t<div class=\"wpb_wrapper\">\n\t\t\t<h1 class=\"p1\"><span style=\"color: #683c16;\"><strong>T\u00e9moignages de Vacanciers :<\/strong><\/span><\/h1>\n<hr \/>\n<h2 class=\"p1\">Leur Exp\u00e9rience de Location de Chalet<br \/>\nin G\u00e9rardmer<\/h2>\n\n\t\t<\/div>\n\t<\/div>\n<\/div><\/div><\/div><\/div><div class=\"vc_row wpb_row vc_row-fluid\"><div class=\"wpb_column vc_column_container vc_col-sm-4\"><div class=\"vc_column-inner\"><div class=\"wpb_wrapper\">\n\t<div  class=\"wpb_single_image wpb_content_element vc_align_left wpb_content_element\">\n\t\t\n\t\t<figure class=\"wpb_wrapper vc_figure\">\n\t\t\t<a href=\"https:\/\/www.airbnb.fr\/rooms\/1181799444491659558?source_impression_id=p3_1737454110_P389ZYEJ78eXKMcr\" target=\"_self\" class=\"vc_single_image-wrapper   vc_box_border_grey\" rel=\"nofollow noopener\"><img decoding=\"async\" width=\"694\" height=\"426\" src=\"https:\/\/les-atypiques-chalets.com\/wp-content\/uploads\/2025\/01\/Capture-decran-2025-01-15-a-13.55.52.jpg\" class=\"vc_single_image-img attachment-full\" alt=\"Die Atypiques Chalets mit einer perfekten Punktzahl von 5,0 ausgezeichnet, was sie zu einem Favoriten von Reisenden macht.\" title=\"Les Atypiques Chalets \u2013 Ein Herzenswunsch von Airbnb-Reisenden\" srcset=\"https:\/\/les-atypiques-chalets.com\/wp-content\/uploads\/2025\/01\/Capture-decran-2025-01-15-a-13.55.52.jpg 694w, https:\/\/les-atypiques-chalets.com\/wp-content\/uploads\/2025\/01\/Capture-decran-2025-01-15-a-13.55.52-300x184.jpg 300w, https:\/\/les-atypiques-chalets.com\/wp-content\/uploads\/2025\/01\/Capture-decran-2025-01-15-a-13.55.52-100x61.jpg 100w, https:\/\/les-atypiques-chalets.com\/wp-content\/uploads\/2025\/01\/Capture-decran-2025-01-15-a-13.55.52-600x368.jpg 600w\" sizes=\"(max-width: 694px) 100vw, 694px\" \/><\/a>\n\t\t<\/figure>\n\t<\/div>\n<\/div><\/div><\/div><div class=\"wpb_column vc_column_container vc_col-sm-4\"><div class=\"vc_column-inner\"><div class=\"wpb_wrapper\">\n\t<div  class=\"wpb_single_image wpb_content_element vc_align_left wpb_content_element\">\n\t\t\n\t\t<figure class=\"wpb_wrapper vc_figure\">\n\t\t\t<a href=\"https:\/\/www.google.com\/search?q=Les+Atypiques+Chalets&#038;stick=H4sIAAAAAAAA_-NgU1I1qDAxtzRONkwyTTM3MDK2TEmzMqgAshItTdIMTFINjC1NDJIXsYr6pBYrOJZUFmQWlgJZzhmJOaklxQAK4Na5QQAAAA&#038;hl=fr&#038;ma\" target=\"_self\" class=\"vc_single_image-wrapper   vc_box_border_grey\" rel=\"nofollow noopener\"><img decoding=\"async\" width=\"324\" height=\"156\" src=\"https:\/\/les-atypiques-chalets.com\/wp-content\/uploads\/2024\/03\/avis-google.webp\" class=\"vc_single_image-img attachment-full\" alt=\"\" title=\"Google-Bewertung\" srcset=\"https:\/\/les-atypiques-chalets.com\/wp-content\/uploads\/2024\/03\/avis-google.webp 324w, https:\/\/les-atypiques-chalets.com\/wp-content\/uploads\/2024\/03\/avis-google-300x144.webp 300w, https:\/\/les-atypiques-chalets.com\/wp-content\/uploads\/2024\/03\/avis-google-100x48.webp 100w\" sizes=\"(max-width: 324px) 100vw, 324px\" \/><\/a>\n\t\t<\/figure>\n\t<\/div>\n<\/div><\/div><\/div><div class=\"wpb_column vc_column_container vc_col-sm-4\"><div class=\"vc_column-inner\"><div class=\"wpb_wrapper\">\n\t<div  class=\"wpb_single_image wpb_content_element vc_align_left wpb_content_element\">\n\t\t\n\t\t<figure class=\"wpb_wrapper vc_figure\">\n\t\t\t<a href=\"https:\/\/www.airbnb.fr\/users\/show\/202431572\" target=\"_self\" class=\"vc_single_image-wrapper   vc_box_border_grey\" rel=\"nofollow noopener\"><img decoding=\"async\" width=\"375\" height=\"125\" src=\"https:\/\/les-atypiques-chalets.com\/wp-content\/uploads\/2024\/10\/create-a-professionally-written-new-airbnb-listing-1600x533-1.webp\" class=\"vc_single_image-img attachment-full\" alt=\"\" title=\"Erstellen Sie eine professionell geschriebene neue Airbnb-Liste (1600x533)\" srcset=\"https:\/\/les-atypiques-chalets.com\/wp-content\/uploads\/2024\/10\/create-a-professionally-written-new-airbnb-listing-1600x533-1.webp 375w, https:\/\/les-atypiques-chalets.com\/wp-content\/uploads\/2024\/10\/create-a-professionally-written-new-airbnb-listing-1600x533-1-300x100.webp 300w, https:\/\/les-atypiques-chalets.com\/wp-content\/uploads\/2024\/10\/create-a-professionally-written-new-airbnb-listing-1600x533-1-100x33.webp 100w\" sizes=\"(max-width: 375px) 100vw, 375px\" \/><\/a>\n\t\t<\/figure>\n\t<\/div>\n<\/div><\/div><\/div><\/div><div class=\"vc_row wpb_row vc_row-fluid\"><div class=\"wpb_column vc_column_container vc_col-sm-12\"><div class=\"vc_column-inner\"><div class=\"wpb_wrapper\"><div class=\"vc_empty_space\"   style=\"height: 32px\"><span class=\"vc_empty_space_inner\"><\/span><\/div>\t\n\t<!-- BEGIN .shb-accommodation-listing-style-1 -->\n\t<div class=\"shb-accommodation-listing-style-1 shb-accommodation-listing-style-1-columns-3 sohohotel-owl-carousel-4\">\n\t\t\n\t\t\t\t\n\t\t<!-- BEGIN .shb-accommodation-listing-item -->\n\t\t<div class=\"shb-accommodation-listing-item\">\n\t\t\t\n\t\t\t\t\t\t\t<a href=\"https:\/\/les-atypiques-chalets.com\/de\/chalet-charkhan\/\" rel=\"bookmark\" title=\"Chalet Charkhan\">\n\t\t\t\t\t\t\t\t\t\t<img decoding=\"async\" class=\"shb-accommodation-listing-image\" src=\"https:\/\/les-atypiques-chalets.com\/wp-content\/uploads\/2025\/03\/salon-charkhan-03-L-1180x675.webp\" alt=\"Chalet Charkhan\" \/>\t\t\t\t<\/a>\n\t\t\t\t\t\t\n\t\t\t<div class=\"shb-accommodation-listing-description-wrapper\">\n\t\t\t\t\n\t\t\t\t<h3><a href=\"https:\/\/les-atypiques-chalets.com\/de\/chalet-charkhan\/\" rel=\"bookmark\" title=\"Chalet Charkhan\">Chalet Charkhan<\/a><\/h3>\n\t\t\t\t\n\t\t\t\t<div class=\"shb-accommodation-listing-description shb-clearfix\">\n\t\t\t\t\t\n\t\t\t\t\t<ul>\r\n<li><i class=\"fas fa-user\"><\/i><span>Kapazit\u00e4t<\/span> 6 Personen<\/li>\r\n<li><i class=\"fas fa-ruler-combined\"><\/i><span>Oberfl\u00e4che<\/span> 65 m\u00b2<\/li>\r\n<li><i class=\"fas fa-hot-tub\"><\/i><span> Nordische Badewanne<\/span> privativ<\/li>\r\n<\/ul>\t\t\t\t\t\n\t\t\t\t\t<a href=\"https:\/\/les-atypiques-chalets.com\/de\/chalet-charkhan\/\" class=\"shb-accommodation-listing-button1\">ab 225\u20ac\/Nacht<\/a>\n\t\t\t\t\t<a href=\"https:\/\/les-atypiques-chalets.com\/de\/chalet-charkhan\/\" class=\"shb-accommodation-listing-button2\">Zimmer anzeigen<i class=\"fas fa-chevron-right\"><\/i><\/a>\n\t\t\t\t\n\t\t\t\t<\/div>\n\t\t\t\t\n\t\t\t<\/div>\n\t\t\t\n\t\t<!-- END .shb-accommodation-listing-item -->\n\t\t<\/div>\n\t\t\n\t\t\t\t\n\t\t<!-- BEGIN .shb-accommodation-listing-item -->\n\t\t<div class=\"shb-accommodation-listing-item\">\n\t\t\t\n\t\t\t\t\t\t\t<a href=\"https:\/\/les-atypiques-chalets.com\/de\/chalet-aslan\/\" rel=\"bookmark\" title=\"Chalet Aslan\">\n\t\t\t\t\t\t\t\t\t\t<img decoding=\"async\" class=\"shb-accommodation-listing-image\" src=\"https:\/\/les-atypiques-chalets.com\/wp-content\/uploads\/2025\/03\/ASLAN-2-900x710.webp\" alt=\"Chalet Aslan\" \/>\t\t\t\t<\/a>\n\t\t\t\t\t\t\n\t\t\t<div class=\"shb-accommodation-listing-description-wrapper\">\n\t\t\t\t\n\t\t\t\t<h3><a href=\"https:\/\/les-atypiques-chalets.com\/de\/chalet-aslan\/\" rel=\"bookmark\" title=\"Chalet Aslan\">Chalet Aslan<\/a><\/h3>\n\t\t\t\t\n\t\t\t\t<div class=\"shb-accommodation-listing-description shb-clearfix\">\n\t\t\t\t\t\n\t\t\t\t\t<ul>\r\n<li><i class=\"fas fa-user\"><\/i><span>Kapazit\u00e4t<\/span> 5 Personen<\/li>\r\n<li><i class=\"fas fa-ruler-combined\"><\/i><span>Oberfl\u00e4che<\/span> 65 m\u00b2<\/li>\r\n<li><i class=\"fas fa-hot-tub\"><\/i><span> Nordische Badewanne<\/span> privativ<\/li>\r\n<\/ul>\t\t\t\t\t\n\t\t\t\t\t<a href=\"https:\/\/les-atypiques-chalets.com\/de\/chalet-aslan\/\" class=\"shb-accommodation-listing-button1\">ab 215 \u20ac\/Nacht<\/a>\n\t\t\t\t\t<a href=\"https:\/\/les-atypiques-chalets.com\/de\/chalet-aslan\/\" class=\"shb-accommodation-listing-button2\">Zimmer anzeigen<i class=\"fas fa-chevron-right\"><\/i><\/a>\n\t\t\t\t\n\t\t\t\t<\/div>\n\t\t\t\t\n\t\t\t<\/div>\n\t\t\t\n\t\t<!-- END .shb-accommodation-listing-item -->\n\t\t<\/div>\n\t\t\n\t\t\t\t\n\t\t<!-- BEGIN .shb-accommodation-listing-item -->\n\t\t<div class=\"shb-accommodation-listing-item\">\n\t\t\t\n\t\t\t\t\t\t\t<a href=\"https:\/\/les-atypiques-chalets.com\/de\/chalet-iorik\/\" rel=\"bookmark\" title=\"Chalet Iorik\">\n\t\t\t\t\t\t\t\t\t\t<img decoding=\"async\" class=\"shb-accommodation-listing-image\" src=\"https:\/\/les-atypiques-chalets.com\/wp-content\/uploads\/2025\/09\/iorik-sejour-L-1024x710.webp\" alt=\"Chalet Iorik\" \/>\t\t\t\t<\/a>\n\t\t\t\t\t\t\n\t\t\t<div class=\"shb-accommodation-listing-description-wrapper\">\n\t\t\t\t\n\t\t\t\t<h3><a href=\"https:\/\/les-atypiques-chalets.com\/de\/chalet-iorik\/\" rel=\"bookmark\" title=\"Chalet Iorik\">Chalet Iorik<\/a><\/h3>\n\t\t\t\t\n\t\t\t\t<div class=\"shb-accommodation-listing-description shb-clearfix\">\n\t\t\t\t\t\n\t\t\t\t\t<ul>\r\n<li><i class=\"fas fa-user\"><\/i><span>Kapazit\u00e4t<\/span> 4 Personen<\/li>\r\n<li><i class=\"fas fa-ruler-combined\"><\/i><span>Oberfl\u00e4che<\/span> 45 m2<\/li>\r\n<li><i class=\"fas fa-hot-tub\"><\/i><span> Nordische Badewanne<\/span> privativ<\/li>\r\n<\/ul>\t\t\t\t\t\n\t\t\t\t\t<a href=\"https:\/\/les-atypiques-chalets.com\/de\/chalet-iorik\/\" class=\"shb-accommodation-listing-button1\">ab 170\u20ac\/Nacht<\/a>\n\t\t\t\t\t<a href=\"https:\/\/les-atypiques-chalets.com\/de\/chalet-iorik\/\" class=\"shb-accommodation-listing-button2\">Zimmer anzeigen<i class=\"fas fa-chevron-right\"><\/i><\/a>\n\t\t\t\t\n\t\t\t\t<\/div>\n\t\t\t\t\n\t\t\t<\/div>\n\t\t\t\n\t\t<!-- END .shb-accommodation-listing-item -->\n\t\t<\/div>\n\t\t\n\t\t\t\t\n\t<!-- END .shb-accommodation-listing-style-1 -->\n\t<\/div>\n\t\n\t<\/div><\/div><\/div><\/div><div class=\"vc_row wpb_row vc_row-fluid\"><div class=\"wpb_column vc_column_container vc_col-sm-12\"><div class=\"vc_column-inner\"><div class=\"wpb_wrapper\">\n\t<div class=\"wpb_text_column wpb_content_element\" >\n\t\t<div class=\"wpb_wrapper\">\n\t\t\t<h2><span style=\"color: #683c16;\">Einf\u00fchrung<\/span><\/h2>\n<p>Vous r\u00eavez d\u2019un s\u00e9jour en pleine nature, loin de l\u2019agitation quotidienne ? G\u00e9rardmer, surnomm\u00e9e la perle des Vosges, est une destination de choix. Parmi ses tr\u00e9sors, la location de chalets offre une exp\u00e9rience unique. D\u00e9couvrons ensemble les t\u00e9moignages des vacanciers, notamment ceux ayant s\u00e9journ\u00e9 dans les c\u00e9l\u00e8bres <em>Au\u00dfergew\u00f6hnliche Chalets<\/em>.<\/p>\n<hr \/>\n<h2><span style=\"color: #683c16;\">G\u00e9rardmer, Une Destination Enchanteresse<\/span><\/h2>\n<h3><span style=\"color: #683c16;\">Un Cadre Naturel Exceptionnel<\/span><\/h3>\n<p>Nich\u00e9e au c\u0153ur des Vosges, G\u00e9rardmer s\u00e9duit par ses paysages pittoresques, ses lacs scintillants, et ses for\u00eats verdoyantes. Un v\u00e9ritable havre de paix pour les amoureux de la nature.<\/p>\n<h3><span style=\"color: #683c16;\">Des Activit\u00e9s Pour Tous Les Go\u00fbts<\/span><\/h3>\n<p>Que vous soyez adepte de <a href=\"https:\/\/les-atypiques-chalets.com\/de\/les-10-choses-a-faire-a-gerardmer-en-ete\/\" data-wpil-monitor-id=\"1732\">Wanderungen<\/a>, de sports nautiques ou de moments cocooning, G\u00e9rardmer offre une panoplie d\u2019activit\u00e9s adapt\u00e9es \u00e0 tous les profils.<\/p>\n<hr \/>\n<h2><span style=\"color: #683c16;\">Les Atypiques Chalets :<br \/>\nUne Exp\u00e9rience Unique<\/span><\/h2>\n<h3><span style=\"color: #683c16;\">Un Concept Innovant<\/span><\/h3>\n<p><a href=\"https:\/\/les-atypiques-chalets.com\/de\/kontakt-chalet-gerardmer\/\" data-wpil-monitor-id=\"2463\">Die Ungew\u00f6hnlichen Chalets<\/a>, comme leur nom l\u2019indique, ne sont pas des chalets ordinaires. Con\u00e7us pour offrir confort et originalit\u00e9, ils allient modernit\u00e9 et charme rustique.<\/p>\n<h4><span style=\"color: #683c16;\">Une Architecture Singuli\u00e8re<\/span><\/h4>\n<p>Ces chalets se distinguent par leur design audacieux : des structures en bois naturel, des baies vitr\u00e9es laissant entrer la lumi\u00e8re, et des terrasses offrant des <a href=\"https:\/\/les-atypiques-chalets.com\/de\/meilleurs-restaurants-gerardmer-tour-culinaire\/\" data-wpil-monitor-id=\"1961\">vues panoramiques<\/a> \u00e0 couper le souffle.<\/p>\n<h4><span style=\"color: #683c16;\">\u00c9quipements Haut de Gamme<\/span><\/h4>\n<p>Bain nordique privatif, sauna privatif, cuisine \u00e9quip\u00e9e\u2026 Tout est pens\u00e9 pour que votre <a href=\"https:\/\/les-atypiques-chalets.com\/de\/ungewohnliche-chalets-in-den-vogesen-ein-unvergesslicher-aufenthalt-im-einklang-mit-der-natur\/\" data-wpil-monitor-id=\"1225\">s\u00e9jour soit inoubliable<\/a>.<\/p>\n<h3><span style=\"color: #683c16;\">Localisation Id\u00e9ale<\/span><\/h3>\n<p>Proches du lac et des pistes de ski, ces <a href=\"https:\/\/les-atypiques-chalets.com\/de\/checklist-essentielle-pour-un-sejour-en-chalet-a-gerardmer\/\" data-wpil-monitor-id=\"1205\">chalets permettent de profiter pleinement des attraits de G\u00e9rardmer<\/a>, \u00e9t\u00e9 comme hiver.<\/p>\n<hr \/>\n<h2><span style=\"color: #683c16;\">T\u00e9moignages de Vacanciers<\/span><\/h2>\n<h3><span style=\"color: #683c16;\">Une Parenth\u00e8se Enchant\u00e9e en Famille<\/span><\/h3>\n<p><strong>\u00ab\u00a0Nous avons pass\u00e9 un week-end magique en famille dans un <a href=\"https:\/\/les-atypiques-chalets.com\/de\/les-atypiques-chalets-a-gerardmer-un-sejour-atypique-dans-les-vosges\/\" data-wpil-monitor-id=\"1506\">chalet atypique.<\/a> Les enfants ont ador\u00e9 l\u2019espace et la vue. Mention sp\u00e9ciale pour le jacuzzi !\u00a0\u00bb \u2013 Sophie, 42 ans.<\/strong><\/p>\n<h3><span style=\"color: #683c16;\">Un S\u00e9jour Romantique Inoubliable<\/span><\/h3>\n<p><strong>\u00ab\u00a0Mon conjoint et moi avons choisi un chalet pour notre anniversaire de mariage. Le cadre \u00e9tait idyllique, entre nature et confort absolu.\u00a0\u00bb \u2013 Lucas, 35 ans<\/strong>.<\/p>\n<h3><span style=\"color: #683c16;\">Des Souvenirs Entre Amis<\/span><\/h3>\n<p><strong>\u00ab\u00a0Un s\u00e9jour entre amis o\u00f9 chacun a pu se d\u00e9tendre et s\u2019amuser. Le barbecue sur la terrasse et les soir\u00e9es au coin du feu resteront grav\u00e9s dans nos m\u00e9moires.\u00a0\u00bb \u2013 M\u00e9lanie, 29 ans.<\/strong><\/p>\n<p>&nbsp;<\/p>\n<p>Plus d&rsquo;avis clients : <a href=\"https:\/\/www.google.com\/search?q=Les+Atypiques+Chalets&amp;stick=H4sIAAAAAAAA_-NgU1I1qDAxtzRONkwyTTM3MDK2TEmzMqgAshItTdIMTFINjC1NDJIXsYr6pBYrOJZUFmQWlgJZzhmJOaklxQAK4Na5QQAAAA&amp;hl=fr&amp;ma\" target=\"_blank\" rel=\"noopener nofollow\">Goolge avis<\/a><\/p>\n<hr \/>\n<h2><span style=\"color: #683c16;\">Pourquoi Opter Pour Les Chalets Atypiques \u00e0 G\u00e9rardmer ?<\/span><\/h2>\n<h3><span style=\"color: #683c16;\">Un Rapport Qualit\u00e9-Prix Imbattable<\/span><\/h3>\n<p>Contrairement aux id\u00e9es re\u00e7ues, ces chalets offrent un excellent rapport qualit\u00e9-prix, surtout lorsqu\u2019on partage les frais entre amis ou en famille.<\/p>\n<h3><span style=\"color: #683c16;\">Une Exp\u00e9rience Immersive<\/span><\/h3>\n<p>S\u00e9journer dans un chalet, c\u2019est vivre au rythme de la nature, se r\u00e9veiller avec le chant des oiseaux et admirer des couchers de soleil spectaculaires.<\/p>\n<h3><span style=\"color: #683c16;\">Une Solution Cl\u00e9 En Main<\/span><\/h3>\n<p><a href=\"https:\/\/les-atypiques-chalets.com\/de\/comment-preparer-votre-sejour-a-gerardmer-conseils-et-astuces\/\" data-wpil-monitor-id=\"2067\">Die Ungew\u00f6hnlichen Chalets<\/a> proposent des prestations compl\u00e8tes : linge de lit fourni (option), m\u00e9nage inclus, et m\u00eame des activit\u00e9s organis\u00e9es sur demande.<\/p>\n<hr \/>\n<h2><span style=\"color: #683c16;\">Conseils Pour Un S\u00e9jour R\u00e9ussi<\/span><\/h2>\n<h3><span style=\"color: #683c16;\">R\u00e9servez T\u00f4t<\/span><\/h3>\n<p>Ces chalets \u00e9tant tr\u00e8s pris\u00e9s, il est conseill\u00e9 de r\u00e9server plusieurs mois \u00e0 l\u2019avance, surtout pendant les p\u00e9riodes de vacances scolaires.<\/p>\n<h3><span style=\"color: #683c16;\">Pr\u00e9parez Votre S\u00e9jour<\/span><\/h3>\n<p>Listez les activit\u00e9s que vous souhaitez faire : randonn\u00e9e autour du lac, visite des march\u00e9s locaux, ou encore une journ\u00e9e de d\u00e9tente dans un <a href=\"https:\/\/les-atypiques-chalets.com\/de\/tag\/spa\/\" data-wpil-monitor-id=\"2124\">Spa<\/a>.<\/p>\n<h3><span style=\"color: #683c16;\">Pensez Aux Saisons<\/span><\/h3>\n<p>Chaque <a href=\"https:\/\/les-atypiques-chalets.com\/de\/nordische-bader-gerardmer\/\" data-wpil-monitor-id=\"2495\">saison \u00e0 G\u00e9rardmer<\/a> a son charme. L\u2019hiver pour le ski, l\u2019\u00e9t\u00e9 pour les baignades, l\u2019automne pour les couleurs flamboyantes des for\u00eats.<\/p>\n<hr \/>\n<h2><span style=\"color: #683c16;\">Schlussfolgerung<\/span><\/h2>\n<p><a href=\"https:\/\/les-atypiques-chalets.com\/de\/chalet-mit-jacuzzi-fur-4-personen-in-gerardmer\/\" data-wpil-monitor-id=\"2409\">Les Atypiques Chalets \u00e0 G\u00e9rardmer<\/a> offrent bien plus qu\u2019un simple h\u00e9bergement : une v\u00e9ritable immersion dans un cadre enchanteur, o\u00f9 confort et authenticit\u00e9 se rencontrent. Que ce soit en famille, en couple ou entre amis, chaque s\u00e9jour devient une aventure m\u00e9morable. Alors, pr\u00eat \u00e0 tenter l\u2019exp\u00e9rience ?<\/p>\n\n\t\t<\/div>\n\t<\/div>\n<\/div><\/div><\/div><\/div><div class=\"vc_row wpb_row vc_row-fluid\"><div class=\"wpb_column vc_column_container vc_col-sm-12\"><div class=\"vc_column-inner\"><div class=\"wpb_wrapper\"><div class=\"vc_empty_space\"   style=\"height: 60px\"><span class=\"vc_empty_space_inner\"><\/span><\/div><\/div><\/div><\/div><\/div><div class=\"vc_row wpb_row vc_row-fluid\"><div class=\"wpb_column vc_column_container vc_col-sm-12\"><div class=\"vc_column-inner\"><div class=\"wpb_wrapper\">\n\t<div class=\"wpb_text_column wpb_content_element\" >\n\t\t<div class=\"wpb_wrapper\">\n\t\t\t<h2><span style=\"color: #808080;\">FAQ<\/span><\/h2>\n<h3><span style=\"color: #808080;\">1. Quels sont les tarifs des Atypiques Chalets ?<\/span><\/h3>\n<p><span style=\"color: #808080;\">Les tarifs varient selon la saison, la taille du chalet et les \u00e9quipements. Comptez entre 150\u20ac et 300\u20ac par nuit.<\/span><\/p>\n<h3><span style=\"color: #808080;\">2. Les animaux sont-ils accept\u00e9s ?<\/span><\/h3>\n<p><span style=\"color: #808080;\">Les Atyiques Chalets acceptent les animaux de compagnie. V\u00e9rifiez les conditions avant de r\u00e9server.<\/span><\/p>\n<h3><span style=\"color: #808080;\">3. Quelles activit\u00e9s peut-on faire autour des chalets ?<\/span><\/h3>\n<p><span style=\"color: #808080;\">Randonn\u00e9es, ski, paddle sur le lac, ou encore d\u00e9gustation de sp\u00e9cialit\u00e9s locales.<\/span><\/p>\n<h3><span style=\"color: #808080;\">4. Y a-t-il un service de restauration inclus ?<\/span><\/h3>\n<p><span style=\"color: #808080;\">Non, mais les chalets disposent de cuisines enti\u00e8rement \u00e9quip\u00e9es et il existe de nombreux restaurants \u00e0 proximit\u00e9. Nous proposons \u00e9galement des plateaux ap\u00e9ritifs.<\/span><\/p>\n<h3><span style=\"color: #808080;\">5. Comment r\u00e9server un chalet ?<\/span><\/h3>\n<p><span style=\"color: #808080;\">Rendez-vous sur le site officiel des Atypiques Chalets : <a href=\"https:\/\/les-atypiques-chalets.com\/de\/reservation\/\">r\u00e9servation<\/a> ou contactez-les directement par t\u00e9l\u00e9phone.<\/span><\/p>\n\n\t\t<\/div>\n\t<\/div>\n<\/div><\/div><\/div><\/div>\n<\/div>","protected":false},"excerpt":{"rendered":"Chalet IORIK Capacit\u00e9: 4 personnes Superficie: 45 m2 Bain Nordique: privatif Description de notre Chalet Iorik dans les Vosges Id\u00e9al pour les couples ou les petites familles, le Chalet IORIK est un \u00e9crin de douceur pouvant accueillir jusqu\u2019\u00e0 4 personnes. Avec ses 2 chambres cosy et ces 2 lits de 140\u00d7190, il vous promet des<a href=\"https:\/\/les-atypiques-chalets.com\/de\/chalet-aslan\/\" class=\"sohohotel-more-link\">Read More<\/a>","protected":false},"author":1,"featured_media":1212378,"comment_status":"closed","ping_status":"closed","sticky":false,"template":"","format":"standard","meta":{"_yoast_wpseo_title":"Avis Chalets \u00e0 G\u00e9rardmer","_yoast_wpseo_metadesc":"D\u00e9couvrez des t\u00e9moignages inspirants de vacanciers sur les chalets \u00e0 G\u00e9rardmer. R\u00e9servez d\u00e8s maintenant et vivez un s\u00e9jour inoubliable !","_yoast_wpseo_focuskw":"#LocationChalet #VacancesG\u00e9rardmer #ChaletsAtypiques #S\u00e9jourNature #VacancesVosges #ChaletSpa #WeekEndRomantique #T\u00e9moignagesVacanciers","footnotes":""},"categories":[707,1167,1166,810],"tags":[1513,1169,1509,1101,1512,1108,1508,1511,1091,1510],"class_list":["post-1212180","post","type-post","status-publish","format-standard","has-post-thumbnail","hentry","category-gerardmer","category-chalet-avec-sauna-gerardmer","category-chalets-avec-sauna","category-locatif-saisonnier","tag-chalet-haut-de-gamme-gerardmer","tag-chalets-atypiques-gerardmer","tag-chalets-avec-spa-gerardmer","tag-location-chalet-gerardmer","tag-sejour-lac-gerardmer","tag-sejour-nature-gerardmer","tag-temoignages-location-chalet","tag-vacances-famille-gerardmer","tag-vacances-vosges","tag-week-end-romantique-gerardmer"],"_links":{"self":[{"href":"https:\/\/les-atypiques-chalets.com\/de\/wp-json\/wp\/v2\/posts\/1212180","targetHints":{"allow":["GET"]}}],"collection":[{"href":"https:\/\/les-atypiques-chalets.com\/de\/wp-json\/wp\/v2\/posts"}],"about":[{"href":"https:\/\/les-atypiques-chalets.com\/de\/wp-json\/wp\/v2\/types\/post"}],"author":[{"embeddable":true,"href":"https:\/\/les-atypiques-chalets.com\/de\/wp-json\/wp\/v2\/users\/1"}],"replies":[{"embeddable":true,"href":"https:\/\/les-atypiques-chalets.com\/de\/wp-json\/wp\/v2\/comments?post=1212180"}],"version-history":[{"count":0,"href":"https:\/\/les-atypiques-chalets.com\/de\/wp-json\/wp\/v2\/posts\/1212180\/revisions"}],"wp:featuredmedia":[{"embeddable":true,"href":"https:\/\/les-atypiques-chalets.com\/de\/wp-json\/wp\/v2\/media\/1212378"}],"wp:attachment":[{"href":"https:\/\/les-atypiques-chalets.com\/de\/wp-json\/wp\/v2\/media?parent=1212180"}],"wp:term":[{"taxonomy":"category","embeddable":true,"href":"https:\/\/les-atypiques-chalets.com\/de\/wp-json\/wp\/v2\/categories?post=1212180"},{"taxonomy":"post_tag","embeddable":true,"href":"https:\/\/les-atypiques-chalets.com\/de\/wp-json\/wp\/v2\/tags?post=1212180"}],"curies":[{"name":"wp","href":"https:\/\/api.w.org\/{rel}","templated":true}]}}