{"id":129367,"date":"2024-08-17T08:01:38","date_gmt":"2024-08-17T08:01:38","guid":{"rendered":"https:\/\/les-atypiques-chalets.com\/?p=129367"},"modified":"2025-05-21T14:02:26","modified_gmt":"2025-05-21T14:02:26","slug":"aux-atypiques-chalets-nous-accueillons-votre-compagnon-a-quatre-pattes-comme-un-membre-de-la-famille","status":"publish","type":"post","link":"https:\/\/les-atypiques-chalets.com\/de\/aux-atypiques-chalets-nous-accueillons-votre-compagnon-a-quatre-pattes-comme-un-membre-de-la-famille\/","title":{"rendered":"Aux Atypiques Chalets, Nous Accueillons Votre Compagnon \u00e0 Quatre Pattes Comme un Membre de la Famille"},"content":{"rendered":"<div class=\"wpb-content-wrapper\"><div class=\"vc_row wpb_row vc_row-fluid\"><div class=\"wpb_column vc_column_container vc_col-sm-12\"><div class=\"vc_column-inner\"><div class=\"wpb_wrapper\">\n\t<div class=\"wpb_text_column wpb_content_element\" >\n\t\t<div class=\"wpb_wrapper\">\n\t\t\t<h1 class=\"\" data-start=\"84\" data-end=\"178\">\ud83d\udc15 Week-end insolite<br \/>\navec votre chien dans les Vosges<br \/>\nVivez l\u2019exp\u00e9rience Atypiques Chalets<\/h1>\n<hr \/>\n<h2>Comme un Membre de la Famille<\/h2>\n\n\t\t<\/div>\n\t<\/div>\n<\/div><\/div><\/div><\/div><div class=\"vc_row wpb_row vc_row-fluid\"><div class=\"wpb_column vc_column_container vc_col-sm-12\"><div class=\"vc_column-inner\"><div class=\"wpb_wrapper\">\t\t\n\t\t\t\t\n\t\t\t<!-- BEGIN .shb-accommodation-listing-filter-sorting -->\n\t\t\t<div class=\"shb-accommodation-listing-filter-sorting shb-clearfix\">\n\t\t\t\n\t\t\t\t\t\t\t\n\t\t\t\t<div class=\"shb-accommodation-listing-filter shb-clearfix\">\n\t\t\t\t\t<p>Filtern nach:<\/p>\n\t\t\t\t\t<ul>\n\t\t\t\t\t\t<li class=\"shb-filter-current\"><a href=\"https:\/\/les-atypiques-chalets.com\/de\/wp-json\/wp\/v2\/posts\/129367?shb-orderby=2\">All<\/a><\/li><li class=\"\"><a href=\"https:\/\/les-atypiques-chalets.com\/de\/wp-json\/wp\/v2\/posts\/129367?shb-orderby=2&shb-accommodation-type=chalet-4-personnes-gerardmer\">Chalet f\u00fcr 4 Personen<\/a><\/li><li class=\"\"><a href=\"https:\/\/les-atypiques-chalets.com\/de\/wp-json\/wp\/v2\/posts\/129367?shb-orderby=2&shb-accommodation-type=chalet-6-personnes\">Chalet f\u00fcr 6 Personen<\/a><\/li><li class=\"\"><a href=\"https:\/\/les-atypiques-chalets.com\/de\/wp-json\/wp\/v2\/posts\/129367?shb-orderby=2&shb-accommodation-type=chalets-6-personnes\">Chalets f\u00fcr 6 Personen<\/a><\/li>\t\t\t\t\t<\/ul>\n\t\t\t\t<\/div>\n\t\t\t\n\t\t\t\t\t\t\t\n\t\t\t\t\t\t\t\n\t\t\t\t<div class=\"shb-accommodation-listing-sorting shb-clearfix\">\n\t\t\t\t\t<select>\n\t\t\t\t\t\t<option value=\"https:\/\/les-atypiques-chalets.com\/de\/wp-json\/wp\/v2\/posts\/129367?shb-accommodation-type=0\" selected>Standard-Sortierung<\/option><option value=\"https:\/\/les-atypiques-chalets.com\/de\/wp-json\/wp\/v2\/posts\/129367?shb-accommodation-type=0&shb-orderby=1\" >Preis niedrig bis hoch<\/option><option value=\"https:\/\/les-atypiques-chalets.com\/de\/wp-json\/wp\/v2\/posts\/129367?shb-accommodation-type=0&shb-orderby=2\" >Preis hoch bis niedrig<\/option>\t\t\t\t\t<\/select>\n\t\t\t\t\t<i class=\"fas fa-chevron-down\"><\/i>\n\t\t\t\t<\/div>\n\t\t\t\n\t\t\t\t\t\n\t\t\t<!-- END .shb-accommodation-listing-filter-sorting -->\n\t\t\t<\/div>\n\t\t\n\t\t\t\t\n\t\t<!-- BEGIN .shb-accommodation-listing-style-1 -->\n\t\t<div class=\"shb-accommodation-listing-style-1 shb-accommodation-listing-style-1-columns-3\">\n\t\t\t\n\t\t\t\t\n\t\t\t<!-- BEGIN .shb-accommodation-listing-item -->\n\t\t\t<div class=\"shb-accommodation-listing-item\">\n\t\t\t\n\t\t\t\t\t\t\t\t\t<a href=\"https:\/\/les-atypiques-chalets.com\/de\/chalet-charkhan\/\" rel=\"bookmark\" title=\"Chalet Charkhan\">\n\t\t\t\t\t\t\t\t\t\t\t\t<img decoding=\"async\" class=\"shb-accommodation-listing-image\" src=\"https:\/\/les-atypiques-chalets.com\/wp-content\/uploads\/2025\/03\/salon-charkhan-03-L-1180x675.webp\" alt=\"Chalet Charkhan\" \/>\t\t\t\t\t<\/a>\n\t\t\t\t\t\t\t\n\t\t\t\t<div class=\"shb-accommodation-listing-description-wrapper\">\n\t\t\t\t\n\t\t\t\t\t<h3><a href=\"https:\/\/les-atypiques-chalets.com\/de\/chalet-charkhan\/\" rel=\"bookmark\" title=\"Chalet Charkhan\">Chalet Charkhan<\/a><\/h3>\n\t\t\t\t\n\t\t\t\t\t<div class=\"shb-accommodation-listing-description shb-clearfix\">\n\t\t\t\t\t\t<ul>\r\n<li><i class=\"fas fa-user\"><\/i><span>Kapazit\u00e4t<\/span> 6 Personen<\/li>\r\n<li><i class=\"fas fa-ruler-combined\"><\/i><span>Oberfl\u00e4che<\/span> 65 m\u00b2<\/li>\r\n<li><i class=\"fas fa-hot-tub\"><\/i><span> Nordische Badewanne<\/span> privativ<\/li>\r\n<\/ul>\t\t\t\t\t\t<a href=\"https:\/\/les-atypiques-chalets.com\/de\/chalet-charkhan\/\" class=\"shb-accommodation-listing-button1\">ab 225\u20ac\/Nacht<\/a>\n\t\t\t\t\t\t<a href=\"https:\/\/les-atypiques-chalets.com\/de\/chalet-charkhan\/\" class=\"shb-accommodation-listing-button2\">Zimmer anzeigen<i class=\"fas fa-chevron-right\"><\/i><\/a>\n\t\t\t\t\t<\/div>\n\t\t\t\t\n\t\t\t\t<\/div>\n\t\t\t\n\t\t\t<!-- END .shb-accommodation-listing-item -->\n\t\t\t<\/div>\n\t\t\n\t\t\t\t\n\t\t\t<!-- BEGIN .shb-accommodation-listing-item -->\n\t\t\t<div class=\"shb-accommodation-listing-item\">\n\t\t\t\n\t\t\t\t\t\t\t\t\t<a href=\"https:\/\/les-atypiques-chalets.com\/de\/chalet-aslan\/\" rel=\"bookmark\" title=\"Chalet Aslan\">\n\t\t\t\t\t\t\t\t\t\t\t\t<img decoding=\"async\" class=\"shb-accommodation-listing-image\" src=\"https:\/\/les-atypiques-chalets.com\/wp-content\/uploads\/2025\/03\/ASLAN-2-900x710.webp\" alt=\"Chalet Aslan\" \/>\t\t\t\t\t<\/a>\n\t\t\t\t\t\t\t\n\t\t\t\t<div class=\"shb-accommodation-listing-description-wrapper\">\n\t\t\t\t\n\t\t\t\t\t<h3><a href=\"https:\/\/les-atypiques-chalets.com\/de\/chalet-aslan\/\" rel=\"bookmark\" title=\"Chalet Aslan\">Chalet Aslan<\/a><\/h3>\n\t\t\t\t\n\t\t\t\t\t<div class=\"shb-accommodation-listing-description shb-clearfix\">\n\t\t\t\t\t\t<ul>\r\n<li><i class=\"fas fa-user\"><\/i><span>Kapazit\u00e4t<\/span> 5 Personen<\/li>\r\n<li><i class=\"fas fa-ruler-combined\"><\/i><span>Oberfl\u00e4che<\/span> 65 m\u00b2<\/li>\r\n<li><i class=\"fas fa-hot-tub\"><\/i><span> Nordische Badewanne<\/span> privativ<\/li>\r\n<\/ul>\t\t\t\t\t\t<a href=\"https:\/\/les-atypiques-chalets.com\/de\/chalet-aslan\/\" class=\"shb-accommodation-listing-button1\">ab 215 \u20ac\/Nacht<\/a>\n\t\t\t\t\t\t<a href=\"https:\/\/les-atypiques-chalets.com\/de\/chalet-aslan\/\" class=\"shb-accommodation-listing-button2\">Zimmer anzeigen<i class=\"fas fa-chevron-right\"><\/i><\/a>\n\t\t\t\t\t<\/div>\n\t\t\t\t\n\t\t\t\t<\/div>\n\t\t\t\n\t\t\t<!-- END .shb-accommodation-listing-item -->\n\t\t\t<\/div>\n\t\t\n\t\t\t\t\n\t\t\t<!-- BEGIN .shb-accommodation-listing-item -->\n\t\t\t<div class=\"shb-accommodation-listing-item\">\n\t\t\t\n\t\t\t\t\t\t\t\t\t<a href=\"https:\/\/les-atypiques-chalets.com\/de\/chalet-iorik\/\" rel=\"bookmark\" title=\"Chalet Iorik\">\n\t\t\t\t\t\t\t\t\t\t\t\t<img decoding=\"async\" class=\"shb-accommodation-listing-image\" src=\"https:\/\/les-atypiques-chalets.com\/wp-content\/uploads\/2025\/09\/iorik-sejour-L-1024x710.webp\" alt=\"Chalet Iorik\" \/>\t\t\t\t\t<\/a>\n\t\t\t\t\t\t\t\n\t\t\t\t<div class=\"shb-accommodation-listing-description-wrapper\">\n\t\t\t\t\n\t\t\t\t\t<h3><a href=\"https:\/\/les-atypiques-chalets.com\/de\/chalet-iorik\/\" rel=\"bookmark\" title=\"Chalet Iorik\">Chalet Iorik<\/a><\/h3>\n\t\t\t\t\n\t\t\t\t\t<div class=\"shb-accommodation-listing-description shb-clearfix\">\n\t\t\t\t\t\t<ul>\r\n<li><i class=\"fas fa-user\"><\/i><span>Kapazit\u00e4t<\/span> 4 Personen<\/li>\r\n<li><i class=\"fas fa-ruler-combined\"><\/i><span>Oberfl\u00e4che<\/span> 45 m2<\/li>\r\n<li><i class=\"fas fa-hot-tub\"><\/i><span> Nordische Badewanne<\/span> privativ<\/li>\r\n<\/ul>\t\t\t\t\t\t<a href=\"https:\/\/les-atypiques-chalets.com\/de\/chalet-iorik\/\" class=\"shb-accommodation-listing-button1\">ab 170\u20ac\/Nacht<\/a>\n\t\t\t\t\t\t<a href=\"https:\/\/les-atypiques-chalets.com\/de\/chalet-iorik\/\" class=\"shb-accommodation-listing-button2\">Zimmer anzeigen<i class=\"fas fa-chevron-right\"><\/i><\/a>\n\t\t\t\t\t<\/div>\n\t\t\t\t\n\t\t\t\t<\/div>\n\t\t\t\n\t\t\t<!-- END .shb-accommodation-listing-item -->\n\t\t\t<\/div>\n\t\t\n\t\t\t\t\t\n\t\t<!-- END .shb-accommodation-listing-style-1 -->\n\t\t<\/div>\n\t\n\t\t\n\t\t\t\n\t\t<div class=\"shb-clearboth\"><\/div>\n\t\t<div class=\"shb-accommodation-listing-1-pagination\">\n\t\t\t\t<\/div>\n\t\t\n\t\t\n\t<\/div><\/div><\/div><\/div><div class=\"vc_row wpb_row vc_row-fluid\"><div class=\"wpb_column vc_column_container vc_col-sm-6\"><div class=\"vc_column-inner\"><div class=\"wpb_wrapper\">\n\t<div  class=\"wpb_single_image wpb_content_element vc_align_left wpb_content_element\">\n\t\t\n\t\t<figure class=\"wpb_wrapper vc_figure\">\n\t\t\t<div class=\"vc_single_image-wrapper   vc_box_border_grey\"><img decoding=\"async\" width=\"1320\" height=\"1320\" src=\"https:\/\/les-atypiques-chalets.com\/wp-content\/uploads\/2024\/08\/chien.webp\" class=\"vc_single_image-img attachment-full\" alt=\"Chien Shikoku sur la terrasse d\u2019un chalet A-Frame aux Atypiques Chalets\" title=\"Chien Shikoku en s\u00e9jour aux Atypiques Chalets Vosges\" srcset=\"https:\/\/les-atypiques-chalets.com\/wp-content\/uploads\/2024\/08\/chien.webp 1320w, https:\/\/les-atypiques-chalets.com\/wp-content\/uploads\/2024\/08\/chien-300x300.webp 300w, https:\/\/les-atypiques-chalets.com\/wp-content\/uploads\/2024\/08\/chien-1024x1024.webp 1024w, https:\/\/les-atypiques-chalets.com\/wp-content\/uploads\/2024\/08\/chien-150x150.webp 150w, https:\/\/les-atypiques-chalets.com\/wp-content\/uploads\/2024\/08\/chien-768x768.webp 768w, https:\/\/les-atypiques-chalets.com\/wp-content\/uploads\/2024\/08\/chien-124x124.webp 124w, https:\/\/les-atypiques-chalets.com\/wp-content\/uploads\/2024\/08\/chien-100x100.webp 100w, https:\/\/les-atypiques-chalets.com\/wp-content\/uploads\/2024\/08\/chien-190x190.webp 190w, https:\/\/les-atypiques-chalets.com\/wp-content\/uploads\/2024\/08\/chien-170x170.webp 170w, https:\/\/les-atypiques-chalets.com\/wp-content\/uploads\/2024\/08\/chien-600x600.webp 600w\" sizes=\"(max-width: 1320px) 100vw, 1320px\" \/><\/div>\n\t\t<\/figure>\n\t<\/div>\n<\/div><\/div><\/div><div class=\"wpb_column vc_column_container vc_col-sm-6\"><div class=\"vc_column-inner\"><div class=\"wpb_wrapper\">\n\t<div  class=\"wpb_single_image wpb_content_element vc_align_left wpb_content_element\">\n\t\t\n\t\t<figure class=\"wpb_wrapper vc_figure\">\n\t\t\t<div class=\"vc_single_image-wrapper   vc_box_border_grey\"><img decoding=\"async\" width=\"947\" height=\"947\" src=\"https:\/\/les-atypiques-chalets.com\/wp-content\/uploads\/2024\/08\/chien2-1.webp\" class=\"vc_single_image-img attachment-full\" alt=\"services chalet G\u00e9rardmer avec chien bain nordique raclett\" title=\"Chien en d\u00e9tente au soleil \u2013 Terrasse chalet Vosges dog-friendly\" srcset=\"https:\/\/les-atypiques-chalets.com\/wp-content\/uploads\/2024\/08\/chien2-1.webp 947w, https:\/\/les-atypiques-chalets.com\/wp-content\/uploads\/2024\/08\/chien2-1-300x300.webp 300w, https:\/\/les-atypiques-chalets.com\/wp-content\/uploads\/2024\/08\/chien2-1-150x150.webp 150w, https:\/\/les-atypiques-chalets.com\/wp-content\/uploads\/2024\/08\/chien2-1-768x768.webp 768w, https:\/\/les-atypiques-chalets.com\/wp-content\/uploads\/2024\/08\/chien2-1-124x124.webp 124w, https:\/\/les-atypiques-chalets.com\/wp-content\/uploads\/2024\/08\/chien2-1-100x100.webp 100w, https:\/\/les-atypiques-chalets.com\/wp-content\/uploads\/2024\/08\/chien2-1-190x190.webp 190w, https:\/\/les-atypiques-chalets.com\/wp-content\/uploads\/2024\/08\/chien2-1-170x170.webp 170w, https:\/\/les-atypiques-chalets.com\/wp-content\/uploads\/2024\/08\/chien2-1-600x600.webp 600w\" sizes=\"(max-width: 947px) 100vw, 947px\" \/><\/div>\n\t\t<\/figure>\n\t<\/div>\n<\/div><\/div><\/div><\/div><div class=\"vc_row wpb_row vc_row-fluid\"><div class=\"wpb_column vc_column_container vc_col-sm-12\"><div class=\"vc_column-inner\"><div class=\"wpb_wrapper\">\n\t<div class=\"wpb_text_column wpb_content_element\" >\n\t\t<div class=\"wpb_wrapper\">\n\t\t\t<h1 class=\"\" data-start=\"84\" data-end=\"178\"><\/h1>\n<h2 class=\"\" data-start=\"185\" data-end=\"253\">\ud83c\udf33 Des vacances inoubliables avec votre compagnon \u00e0 quatre pattes<\/h2>\n<p class=\"\" data-start=\"255\" data-end=\"576\">Chez Les Atypiques Chalets, nous savons qu\u2019un s\u00e9jour r\u00e9ussi passe aussi par le bonheur de votre chien. C\u2019est pourquoi nous accueillons votre compagnon \u00e0 quatre pattes <strong data-start=\"422\" data-end=\"455\">comme un membre de la famille<\/strong>. Nich\u00e9s en pleine nature, nos chalets sont le terrain de jeu id\u00e9al pour les animaux en qu\u00eate de libert\u00e9 et de grand air.<\/p>\n<hr class=\"\" data-start=\"578\" data-end=\"581\" \/>\n<h2 class=\"\" data-start=\"583\" data-end=\"626\">\ud83d\ude97 Accueil, confort et libert\u00e9 pour tous<\/h2>\n<p class=\"\" data-start=\"628\" data-end=\"924\">Pas besoin de le laisser chez des amis ou en pension : chez nous, votre chien est le bienvenu. \u00c0 son arriv\u00e9e, il trouvera une gamelle, un tapis de repos et de l\u2019eau fra\u00eeche. Vous, vous profitez du <strong data-start=\"825\" data-end=\"856\">calme de la for\u00eat vosgienne<\/strong>, pendant qu\u2019il explore en toute s\u00e9curit\u00e9 l\u2019espace autour du chalet.<\/p>\n<p class=\"\" data-start=\"926\" data-end=\"1116\">die Wanderwege <a href=\"https:\/\/les-atypiques-chalets.com\/de\/tag\/spa\/\"  data-wpil-monitor-id=\"2139\">promenade<\/a> partent directement des chalets, sans route \u00e0 traverser. \u00c0 vous <a href=\"https:\/\/les-atypiques-chalets.com\/de\/politique-de-confidentialite\/\"  data-wpil-monitor-id=\"2002\">les balades matinales<\/a> dans les bois, les siestes sur la terrasse et les couchers de soleil partag\u00e9s.<\/p>\n<hr class=\"\" data-start=\"1118\" data-end=\"1121\" \/>\n<h2 class=\"\" data-start=\"1123\" data-end=\"1163\">\ud83d\udec1 Bain nordique, nature et bien-\u00eatre<\/h2>\n<p class=\"\" data-start=\"1165\" data-end=\"1387\">Pendant que votre chien se repose, vous profitez de votre <strong data-start=\"1223\" data-end=\"1265\">bain nordique privatif chauff\u00e9 au bois<\/strong>. Chaque chalet A-Frame est \u00e9quip\u00e9 d&rsquo;un espace bien-\u00eatre ext\u00e9rieur pour savourer l&rsquo;instant pr\u00e9sent dans un cadre apaisant.<\/p>\n<p class=\"\" data-start=\"1389\" data-end=\"1504\">Et si vous voulez prolonger l&rsquo;exp\u00e9rience, un <a href=\"https:\/\/les-atypiques-chalets.com\/de\/les-meilleurs-spots-pour-le-parapente-dans-la-region-de-gerardmer\/\"  data-wpil-monitor-id=\"2024\">sauna est \u00e0<\/a> disposition, \u00e0 partager ou \u00e0 privatiser, selon vos envies.<\/p>\n<hr class=\"\" data-start=\"1506\" data-end=\"1509\" \/>\n<h2 class=\"\" data-start=\"1511\" data-end=\"1567\">\ud83d\udccc Activit\u00e9s \u00e0 faire avec votre chien dans les Vosges<\/h2>\n<ul data-start=\"1569\" data-end=\"1782\">\n<li class=\"\" data-start=\"1569\" data-end=\"1613\">\n<p class=\"\" data-start=\"1571\" data-end=\"1613\">\ud83d\udc3e Randonn\u00e9es autour du lac de G\u00e9rardmer<\/p>\n<\/li>\n<li class=\"\" data-start=\"1614\" data-end=\"1657\">\n<p class=\"\" data-start=\"1616\" data-end=\"1657\">\ud83d\udeb6\u200d\u2642\ufe0f Balades sur les cr\u00eates vosgiennes<\/p>\n<\/li>\n<li class=\"\" data-start=\"1658\" data-end=\"1701\">\n<p class=\"\" data-start=\"1660\" data-end=\"1701\">\u2615 <a href=\"https:\/\/les-atypiques-chalets.com\/de\/reseaux-sociaux\/\"  data-wpil-monitor-id=\"2061\">Caf\u00e9s-patios dog-friendly \u00e0 G\u00e9rardmer<\/a><\/p>\n<\/li>\n<li class=\"\" data-start=\"1702\" data-end=\"1738\">\n<p class=\"\" data-start=\"1704\" data-end=\"1738\">\ud83c\udfe1 March\u00e9s de producteurs locaux<\/p>\n<\/li>\n<li class=\"\" data-start=\"1739\" data-end=\"1782\">\n<p class=\"\" data-start=\"1741\" data-end=\"1782\">\ud83c\udfa4 <a href=\"https:\/\/les-atypiques-chalets.com\/de\/meilleurs-restaurants-gerardmer-tour-culinaire\/\"  data-wpil-monitor-id=\"1939\">Festivals et \u00e9v\u00e9nements en plein air<\/a><\/p>\n<\/li>\n<\/ul>\n<hr class=\"\" data-start=\"1784\" data-end=\"1787\" \/>\n<h2 class=\"\" data-start=\"1789\" data-end=\"1847\">\ud83e\udd1d Vivre l&rsquo;exp\u00e9rience Atypiques Chalets avec son animal<\/h2>\n<p class=\"\" data-start=\"1849\" data-end=\"2077\">Nos <a href=\"https:\/\/les-atypiques-chalets.com\/de\/comment-preparer-votre-sejour-a-gerardmer-conseils-et-astuces\/\"  data-wpil-monitor-id=\"2085\">chalets Aslan et Charkhan<\/a> sont con\u00e7us pour que toute la famille, y compris le chien, se sente bien. Ils disposent de deux chambres, d&rsquo;une pi\u00e8ce de vie lumineuse, d&rsquo;une cuisine \u00e9quip\u00e9e et d&rsquo;une terrasse ouverte sur la nature.<\/p>\n<p class=\"\" data-start=\"2079\" data-end=\"2214\"><strong data-start=\"2079\" data-end=\"2098\">Kostenlose Parkpl\u00e4tze<\/strong>, acc\u00e8s facile, <strong data-start=\"2114\" data-end=\"2140\">aucun voisinage direct<\/strong>, tout est pens\u00e9 pour le confort, la tranquillit\u00e9 et la libert\u00e9 de chacun.<\/p>\n<hr class=\"\" data-start=\"2216\" data-end=\"2219\" \/>\n<h2 class=\"\" data-start=\"2221\" data-end=\"2274\">\u2753 FAQ : Venir avec son chien aux Atypiques Chalets<\/h2>\n<h3 class=\"\" data-start=\"2276\" data-end=\"2320\">\ud83d\udc36 Mon chien est-il vraiment accept\u00e9 ?<\/h3>\n<p class=\"\" data-start=\"2321\" data-end=\"2414\">Oui, nous accueillons avec plaisir tous les chiens bien \u00e9duqu\u00e9s, quelle que soit leur taille.<\/p>\n<h3 class=\"\" data-start=\"2416\" data-end=\"2473\">\ud83c\udf1f Dois-je pr\u00e9venir avant de venir avec un animal ?<\/h3>\n<p class=\"\" data-start=\"2474\" data-end=\"2555\">Oui, <a href=\"https:\/\/les-atypiques-chalets.com\/de\/wpbc-booking\/\"  data-wpil-monitor-id=\"2050\">indiquez-le simplement<\/a> lors de votre r\u00e9servation ou contactez-nous en amont.<\/p>\n<h3 class=\"\" data-start=\"2557\" data-end=\"2618\">\ud83d\ude91 Y a-t-il des frais suppl\u00e9mentaires pour les chiens ?<\/h3>\n<p class=\"\" data-start=\"2619\" data-end=\"2684\">Un suppl\u00e9ment modique peut \u00eatre appliqu\u00e9 pour le m\u00e9nage renforc\u00e9.<\/p>\n<h3 class=\"\" data-start=\"2686\" data-end=\"2737\">\ud83d\udc3e Puis-je laisser mon chien seul au chalet ?<\/h3>\n<p class=\"\" data-start=\"2738\" data-end=\"2870\">Si votre chien est calme, vous pouvez le laisser temporairement. Sinon, nous recommandons de l&#8217;emmener avec vous dans vos activit\u00e9s.<\/p>\n<hr class=\"\" data-start=\"2872\" data-end=\"2875\" \/>\n<h2 class=\"\" data-start=\"2877\" data-end=\"2937\">\ud83d\udccd R\u00e9servez votre s\u00e9jour avec votre chien dans les Vosges<\/h2>\n<p class=\"\" data-start=\"2939\" data-end=\"3132\">Genie\u00dfen Sie ein <a href=\"https:\/\/les-atypiques-chalets.com\/de\/infos-legales\/\"  data-wpil-monitor-id=\"2013\">week-end ou de vacances 100% nature<\/a> avec votre compagnon \u00e0 quatre pattes.<br data-start=\"3026\" data-end=\"3029\" \/>R\u00e9servez d\u00e8s aujourd\u2019hui un chalet Atypiques et vivez une exp\u00e9rience unique en harmonie avec la nature.<\/p>\n<p class=\"\" data-start=\"3134\" data-end=\"3191\">\ud83d\udc49 <a class=\"\" href=\"https:\/\/les-atypiques-chalets.com\/de\/reservation\/\" rel=\"noopener\" data-start=\"3137\" data-end=\"3191\">Voir les disponibilit\u00e9s<\/a><\/p>\n\n\t\t<\/div>\n\t<\/div>\n<\/div><\/div><\/div><\/div>\n<\/div>","protected":false},"excerpt":{"rendered":"Chalet IORIK Capacit\u00e9: 4 personnes Superficie: 45 m2 Bain Nordique: privatif Description de notre Chalet Iorik dans les Vosges Id\u00e9al pour les couples ou les petites familles, le Chalet IORIK est un \u00e9crin de douceur pouvant accueillir jusqu\u2019\u00e0 4 personnes. Avec ses 2 chambres cosy et ces 2 lits de 140\u00d7190, il vous promet des<a href=\"https:\/\/les-atypiques-chalets.com\/de\/chalet-aslan\/\" class=\"sohohotel-more-link\">Read More<\/a>","protected":false},"author":1,"featured_media":129369,"comment_status":"closed","ping_status":"open","sticky":false,"template":"","format":"standard","meta":{"_yoast_wpseo_title":"Week-end avec chien dans les Vosges | Chalets Atypiques","_yoast_wpseo_metadesc":"S\u00e9journez dans un chalet A-Frame avec votre chien. Randos, bain nordique et nature au c\u0153ur des Vosges. Animaux accept\u00e9s avec accueil personnalis\u00e9.","_yoast_wpseo_focuskw":"#LocationChaletVosges #ChaletVosgesAvecChien #VacancesAvecChien #S\u00e9jourAvecChien #VosgesDogFriendly #WeekEndInsolite #ChaletAcceptantAnimaux","footnotes":""},"categories":[1232],"tags":[1686,1683,1685,1681,1238,1682,1684],"class_list":["post-129367","post","type-post","status-publish","format-standard","has-post-thumbnail","hentry","category-chiens-et-chats","tag-chalet-vosges-chien-accepte","tag-chalets-animaux-acceptes","tag-hebergement-dog-friendly-vosges","tag-location-chalet-chien-vosges","tag-sejour-avec-chien-vosges","tag-vacances-chien-vosges","tag-week-end-avec-chien-vosges"],"_links":{"self":[{"href":"https:\/\/les-atypiques-chalets.com\/de\/wp-json\/wp\/v2\/posts\/129367","targetHints":{"allow":["GET"]}}],"collection":[{"href":"https:\/\/les-atypiques-chalets.com\/de\/wp-json\/wp\/v2\/posts"}],"about":[{"href":"https:\/\/les-atypiques-chalets.com\/de\/wp-json\/wp\/v2\/types\/post"}],"author":[{"embeddable":true,"href":"https:\/\/les-atypiques-chalets.com\/de\/wp-json\/wp\/v2\/users\/1"}],"replies":[{"embeddable":true,"href":"https:\/\/les-atypiques-chalets.com\/de\/wp-json\/wp\/v2\/comments?post=129367"}],"version-history":[{"count":0,"href":"https:\/\/les-atypiques-chalets.com\/de\/wp-json\/wp\/v2\/posts\/129367\/revisions"}],"wp:featuredmedia":[{"embeddable":true,"href":"https:\/\/les-atypiques-chalets.com\/de\/wp-json\/wp\/v2\/media\/129369"}],"wp:attachment":[{"href":"https:\/\/les-atypiques-chalets.com\/de\/wp-json\/wp\/v2\/media?parent=129367"}],"wp:term":[{"taxonomy":"category","embeddable":true,"href":"https:\/\/les-atypiques-chalets.com\/de\/wp-json\/wp\/v2\/categories?post=129367"},{"taxonomy":"post_tag","embeddable":true,"href":"https:\/\/les-atypiques-chalets.com\/de\/wp-json\/wp\/v2\/tags?post=129367"}],"curies":[{"name":"wp","href":"https:\/\/api.w.org\/{rel}","templated":true}]}}