{"id":1301490,"date":"2025-01-08T13:22:38","date_gmt":"2025-01-08T13:22:38","guid":{"rendered":"https:\/\/les-atypiques-chalets.com\/temoignages-de-vacanciers-2\/"},"modified":"2025-05-21T19:07:58","modified_gmt":"2025-05-21T19:07:58","slug":"guide-complet-des-activites-a-faire-lors-de-la-location-dun-chalet-a-gerardmer","status":"publish","type":"post","link":"https:\/\/les-atypiques-chalets.com\/de\/guide-complet-des-activites-a-faire-lors-de-la-location-dun-chalet-a-gerardmer\/","title":{"rendered":"Umfassender Leitfaden f\u00fcr Aktivit\u00e4ten bei der Anmietung einer H\u00fctte in G\u00e9rardmer \ud83c\udfde\ufe0f"},"content":{"rendered":"<div class=\"wpb-content-wrapper\"><div class=\"vc_row wpb_row vc_row-fluid\"><div class=\"wpb_column vc_column_container vc_col-sm-12\"><div class=\"vc_column-inner\"><div class=\"wpb_wrapper\">\n\t<div class=\"wpb_text_column wpb_content_element\" >\n\t\t<div class=\"wpb_wrapper\">\n\t\t\t<h1 class=\"p1\"><span style=\"color: #683c16;\"><strong>Guide Complet des Activit\u00e9s \u00e0 Faire \u00a0\ud83c\udfde\ufe0f<\/strong><\/span><\/h1>\n<hr \/>\n<h2 class=\"p1\"><strong>Lors de la Location d&rsquo;un Chalet \u00e0 G\u00e9rardmer<\/strong><\/h2>\n\n\t\t<\/div>\n\t<\/div>\n<\/div><\/div><\/div><\/div><div class=\"vc_row wpb_row vc_row-fluid\"><div class=\"wpb_column vc_column_container vc_col-sm-4\"><div class=\"vc_column-inner\"><div class=\"wpb_wrapper\">\n\t<div  class=\"wpb_single_image wpb_content_element vc_align_left wpb_content_element\">\n\t\t\n\t\t<figure class=\"wpb_wrapper vc_figure\">\n\t\t\t<a href=\"https:\/\/www.airbnb.fr\/rooms\/1181799444491659558?source_impression_id=p3_1737454110_P389ZYEJ78eXKMcr\" target=\"_self\" class=\"vc_single_image-wrapper   vc_box_border_grey\" rel=\"nofollow noopener\"><img decoding=\"async\" width=\"694\" height=\"426\" src=\"https:\/\/les-atypiques-chalets.com\/wp-content\/uploads\/2025\/01\/Capture-decran-2025-01-15-a-13.55.52.jpg\" class=\"vc_single_image-img attachment-full\" alt=\"Die Atypiques Chalets mit einer perfekten Punktzahl von 5,0 ausgezeichnet, was sie zu einem Favoriten von Reisenden macht.\" title=\"Les Atypiques Chalets \u2013 Ein Herzenswunsch von Airbnb-Reisenden\" srcset=\"https:\/\/les-atypiques-chalets.com\/wp-content\/uploads\/2025\/01\/Capture-decran-2025-01-15-a-13.55.52.jpg 694w, https:\/\/les-atypiques-chalets.com\/wp-content\/uploads\/2025\/01\/Capture-decran-2025-01-15-a-13.55.52-300x184.jpg 300w, https:\/\/les-atypiques-chalets.com\/wp-content\/uploads\/2025\/01\/Capture-decran-2025-01-15-a-13.55.52-100x61.jpg 100w, https:\/\/les-atypiques-chalets.com\/wp-content\/uploads\/2025\/01\/Capture-decran-2025-01-15-a-13.55.52-600x368.jpg 600w\" sizes=\"(max-width: 694px) 100vw, 694px\" \/><\/a>\n\t\t<\/figure>\n\t<\/div>\n<\/div><\/div><\/div><div class=\"wpb_column vc_column_container vc_col-sm-4\"><div class=\"vc_column-inner\"><div class=\"wpb_wrapper\">\n\t<div  class=\"wpb_single_image wpb_content_element vc_align_left wpb_content_element\">\n\t\t\n\t\t<figure class=\"wpb_wrapper vc_figure\">\n\t\t\t<a href=\"https:\/\/www.google.com\/search?q=Les+Atypiques+Chalets&#038;stick=H4sIAAAAAAAA_-NgU1I1qDAxtzRONkwyTTM3MDK2TEmzMqgAshItTdIMTFINjC1NDJIXsYr6pBYrOJZUFmQWlgJZzhmJOaklxQAK4Na5QQAAAA&#038;hl=fr&#038;ma\" target=\"_self\" class=\"vc_single_image-wrapper   vc_box_border_grey\" rel=\"nofollow noopener\"><img decoding=\"async\" width=\"324\" height=\"156\" src=\"https:\/\/les-atypiques-chalets.com\/wp-content\/uploads\/2024\/03\/avis-google.webp\" class=\"vc_single_image-img attachment-full\" alt=\"\" title=\"Google-Bewertung\" srcset=\"https:\/\/les-atypiques-chalets.com\/wp-content\/uploads\/2024\/03\/avis-google.webp 324w, https:\/\/les-atypiques-chalets.com\/wp-content\/uploads\/2024\/03\/avis-google-300x144.webp 300w, https:\/\/les-atypiques-chalets.com\/wp-content\/uploads\/2024\/03\/avis-google-100x48.webp 100w\" sizes=\"(max-width: 324px) 100vw, 324px\" \/><\/a>\n\t\t<\/figure>\n\t<\/div>\n<\/div><\/div><\/div><div class=\"wpb_column vc_column_container vc_col-sm-4\"><div class=\"vc_column-inner\"><div class=\"wpb_wrapper\">\n\t<div  class=\"wpb_single_image wpb_content_element vc_align_left wpb_content_element\">\n\t\t\n\t\t<figure class=\"wpb_wrapper vc_figure\">\n\t\t\t<a href=\"https:\/\/www.airbnb.fr\/users\/show\/202431572\" target=\"_self\" class=\"vc_single_image-wrapper   vc_box_border_grey\" rel=\"nofollow noopener\"><img decoding=\"async\" width=\"375\" height=\"125\" src=\"https:\/\/les-atypiques-chalets.com\/wp-content\/uploads\/2024\/10\/create-a-professionally-written-new-airbnb-listing-1600x533-1.webp\" class=\"vc_single_image-img attachment-full\" alt=\"\" title=\"Erstellen Sie eine professionell geschriebene neue Airbnb-Liste (1600x533)\" srcset=\"https:\/\/les-atypiques-chalets.com\/wp-content\/uploads\/2024\/10\/create-a-professionally-written-new-airbnb-listing-1600x533-1.webp 375w, https:\/\/les-atypiques-chalets.com\/wp-content\/uploads\/2024\/10\/create-a-professionally-written-new-airbnb-listing-1600x533-1-300x100.webp 300w, https:\/\/les-atypiques-chalets.com\/wp-content\/uploads\/2024\/10\/create-a-professionally-written-new-airbnb-listing-1600x533-1-100x33.webp 100w\" sizes=\"(max-width: 375px) 100vw, 375px\" \/><\/a>\n\t\t<\/figure>\n\t<\/div>\n<\/div><\/div><\/div><\/div><div class=\"vc_row wpb_row vc_row-fluid\"><div class=\"wpb_column vc_column_container vc_col-sm-12\"><div class=\"vc_column-inner\"><div class=\"wpb_wrapper\"><div class=\"vc_empty_space\"   style=\"height: 32px\"><span class=\"vc_empty_space_inner\"><\/span><\/div>\t\n\t<!-- BEGIN .shb-accommodation-listing-style-1 -->\n\t<div class=\"shb-accommodation-listing-style-1 shb-accommodation-listing-style-1-columns-3 sohohotel-owl-carousel-4\">\n\t\t\n\t\t\t\t\n\t\t<!-- BEGIN .shb-accommodation-listing-item -->\n\t\t<div class=\"shb-accommodation-listing-item\">\n\t\t\t\n\t\t\t\t\t\t\t<a href=\"https:\/\/les-atypiques-chalets.com\/de\/chalet-charkhan\/\" rel=\"bookmark\" title=\"Chalet Charkhan\">\n\t\t\t\t\t\t\t\t\t\t<img decoding=\"async\" class=\"shb-accommodation-listing-image\" src=\"https:\/\/les-atypiques-chalets.com\/wp-content\/uploads\/2025\/03\/salon-charkhan-03-L-1180x675.webp\" alt=\"Chalet Charkhan\" \/>\t\t\t\t<\/a>\n\t\t\t\t\t\t\n\t\t\t<div class=\"shb-accommodation-listing-description-wrapper\">\n\t\t\t\t\n\t\t\t\t<h3><a href=\"https:\/\/les-atypiques-chalets.com\/de\/chalet-charkhan\/\" rel=\"bookmark\" title=\"Chalet Charkhan\">Chalet Charkhan<\/a><\/h3>\n\t\t\t\t\n\t\t\t\t<div class=\"shb-accommodation-listing-description shb-clearfix\">\n\t\t\t\t\t\n\t\t\t\t\t<ul>\r\n<li><i class=\"fas fa-user\"><\/i><span>Kapazit\u00e4t<\/span> 6 Personen<\/li>\r\n<li><i class=\"fas fa-ruler-combined\"><\/i><span>Oberfl\u00e4che<\/span> 65 m\u00b2<\/li>\r\n<li><i class=\"fas fa-hot-tub\"><\/i><span> Nordische Badewanne<\/span> privativ<\/li>\r\n<\/ul>\t\t\t\t\t\n\t\t\t\t\t<a href=\"https:\/\/les-atypiques-chalets.com\/de\/chalet-charkhan\/\" class=\"shb-accommodation-listing-button1\">ab 225\u20ac\/Nacht<\/a>\n\t\t\t\t\t<a href=\"https:\/\/les-atypiques-chalets.com\/de\/chalet-charkhan\/\" class=\"shb-accommodation-listing-button2\">Zimmer anzeigen<i class=\"fas fa-chevron-right\"><\/i><\/a>\n\t\t\t\t\n\t\t\t\t<\/div>\n\t\t\t\t\n\t\t\t<\/div>\n\t\t\t\n\t\t<!-- END .shb-accommodation-listing-item -->\n\t\t<\/div>\n\t\t\n\t\t\t\t\n\t\t<!-- BEGIN .shb-accommodation-listing-item -->\n\t\t<div class=\"shb-accommodation-listing-item\">\n\t\t\t\n\t\t\t\t\t\t\t<a href=\"https:\/\/les-atypiques-chalets.com\/de\/chalet-aslan\/\" rel=\"bookmark\" title=\"Chalet Aslan\">\n\t\t\t\t\t\t\t\t\t\t<img decoding=\"async\" class=\"shb-accommodation-listing-image\" src=\"https:\/\/les-atypiques-chalets.com\/wp-content\/uploads\/2025\/03\/ASLAN-2-900x710.webp\" alt=\"Chalet Aslan\" \/>\t\t\t\t<\/a>\n\t\t\t\t\t\t\n\t\t\t<div class=\"shb-accommodation-listing-description-wrapper\">\n\t\t\t\t\n\t\t\t\t<h3><a href=\"https:\/\/les-atypiques-chalets.com\/de\/chalet-aslan\/\" rel=\"bookmark\" title=\"Chalet Aslan\">Chalet Aslan<\/a><\/h3>\n\t\t\t\t\n\t\t\t\t<div class=\"shb-accommodation-listing-description shb-clearfix\">\n\t\t\t\t\t\n\t\t\t\t\t<ul>\r\n<li><i class=\"fas fa-user\"><\/i><span>Kapazit\u00e4t<\/span> 5 Personen<\/li>\r\n<li><i class=\"fas fa-ruler-combined\"><\/i><span>Oberfl\u00e4che<\/span> 65 m\u00b2<\/li>\r\n<li><i class=\"fas fa-hot-tub\"><\/i><span> Nordische Badewanne<\/span> privativ<\/li>\r\n<\/ul>\t\t\t\t\t\n\t\t\t\t\t<a href=\"https:\/\/les-atypiques-chalets.com\/de\/chalet-aslan\/\" class=\"shb-accommodation-listing-button1\">ab 215 \u20ac\/Nacht<\/a>\n\t\t\t\t\t<a href=\"https:\/\/les-atypiques-chalets.com\/de\/chalet-aslan\/\" class=\"shb-accommodation-listing-button2\">Zimmer anzeigen<i class=\"fas fa-chevron-right\"><\/i><\/a>\n\t\t\t\t\n\t\t\t\t<\/div>\n\t\t\t\t\n\t\t\t<\/div>\n\t\t\t\n\t\t<!-- END .shb-accommodation-listing-item -->\n\t\t<\/div>\n\t\t\n\t\t\t\t\n\t\t<!-- BEGIN .shb-accommodation-listing-item -->\n\t\t<div class=\"shb-accommodation-listing-item\">\n\t\t\t\n\t\t\t\t\t\t\t<a href=\"https:\/\/les-atypiques-chalets.com\/de\/chalet-iorik\/\" rel=\"bookmark\" title=\"Chalet Iorik\">\n\t\t\t\t\t\t\t\t\t\t<img decoding=\"async\" class=\"shb-accommodation-listing-image\" src=\"https:\/\/les-atypiques-chalets.com\/wp-content\/uploads\/2025\/09\/iorik-sejour-L-1024x710.webp\" alt=\"Chalet Iorik\" \/>\t\t\t\t<\/a>\n\t\t\t\t\t\t\n\t\t\t<div class=\"shb-accommodation-listing-description-wrapper\">\n\t\t\t\t\n\t\t\t\t<h3><a href=\"https:\/\/les-atypiques-chalets.com\/de\/chalet-iorik\/\" rel=\"bookmark\" title=\"Chalet Iorik\">Chalet Iorik<\/a><\/h3>\n\t\t\t\t\n\t\t\t\t<div class=\"shb-accommodation-listing-description shb-clearfix\">\n\t\t\t\t\t\n\t\t\t\t\t<ul>\r\n<li><i class=\"fas fa-user\"><\/i><span>Kapazit\u00e4t<\/span> 4 Personen<\/li>\r\n<li><i class=\"fas fa-ruler-combined\"><\/i><span>Oberfl\u00e4che<\/span> 45 m2<\/li>\r\n<li><i class=\"fas fa-hot-tub\"><\/i><span> Nordische Badewanne<\/span> privativ<\/li>\r\n<\/ul>\t\t\t\t\t\n\t\t\t\t\t<a href=\"https:\/\/les-atypiques-chalets.com\/de\/chalet-iorik\/\" class=\"shb-accommodation-listing-button1\">ab 170\u20ac\/Nacht<\/a>\n\t\t\t\t\t<a href=\"https:\/\/les-atypiques-chalets.com\/de\/chalet-iorik\/\" class=\"shb-accommodation-listing-button2\">Zimmer anzeigen<i class=\"fas fa-chevron-right\"><\/i><\/a>\n\t\t\t\t\n\t\t\t\t<\/div>\n\t\t\t\t\n\t\t\t<\/div>\n\t\t\t\n\t\t<!-- END .shb-accommodation-listing-item -->\n\t\t<\/div>\n\t\t\n\t\t\t\t\n\t<!-- END .shb-accommodation-listing-style-1 -->\n\t<\/div>\n\t\n\t<\/div><\/div><\/div><\/div><div class=\"vc_row wpb_row vc_row-fluid\"><div class=\"wpb_column vc_column_container vc_col-sm-12\"><div class=\"vc_column-inner\"><div class=\"wpb_wrapper\">\n\t<div class=\"wpb_text_column wpb_content_element\" >\n\t\t<div class=\"wpb_wrapper\">\n\t\t\t<h3><span style=\"color: #683c16;\">Einf\u00fchrung<\/span> \ud83d\udcdc<\/h3>\n<p>Nich\u00e9e au c\u0153ur des Vosges, G\u00e9rardmer est une destination pris\u00e9e pour ses paysages \u00e9poustouflants et ses nombreuses activit\u00e9s. Louer un chalet ici offre une exp\u00e9rience authentique, m\u00ealant confort et proximit\u00e9 avec la nature. Que vous soyez amateur de sensations fortes, de d\u00e9tente ou de d\u00e9couvertes culturelles, G\u00e9rardmer a de quoi satisfaire toutes vos envies.<\/p>\n<hr \/>\n<h3><span style=\"color: #683c16;\">1. Profiter des Activit\u00e9s Nautiques<br \/>\nsur le Lac de G\u00e9rardmer<\/span> \ud83d\udea3\u200d\u2642\ufe0f<\/h3>\n<p>Le <a href=\"https:\/\/les-atypiques-chalets.com\/de\/les-10-choses-a-faire-a-gerardmer-en-ete\/\" data-wpil-monitor-id=\"1662\">Lac de G\u00e9rardmer<\/a> est un v\u00e9ritable joyau offrant une multitude d&rsquo;activit\u00e9s nautiques. Vous pouvez y pratiquer la baignade, la voile, le kayak ou encore louer un p\u00e9dalo pour une balade paisible sur l&rsquo;eau. Les rives am\u00e9nag\u00e9es sont id\u00e9ales pour des pique-niques en famille ou entre amis.<\/p>\n<hr \/>\n<h3><span style=\"color: #683c16;\">2. Explorer les Sentiers de Randonn\u00e9e<\/span> \ud83e\udd7e<\/h3>\n<p>Les environs de G\u00e9rardmer regorgent de sentiers de randonn\u00e9e adapt\u00e9s \u00e0 tous les niveaux. Parmi les incontournables, la randonn\u00e9e autour du lac offre des panoramas \u00e0 couper le souffle. Les plus aventureux pourront s&rsquo;attaquer aux sentiers menant aux sommets environnants, offrant des vues imprenables sur la r\u00e9gion.<\/p>\n<hr \/>\n<h3><span style=\"color: #683c16;\">3. S&rsquo;initier au VTT et Cyclotourisme<\/span> \ud83d\udeb5\u200d\u2640\ufe0f<\/h3>\n<p>Les amateurs de v\u00e9lo trouveront leur bonheur avec les nombreuses pistes cyclables et circuits VTT de la r\u00e9gion. Que vous soyez d\u00e9butant ou confirm\u00e9, les itin\u00e9raires balis\u00e9s vous m\u00e8neront \u00e0 travers for\u00eats et montagnes, pour des sensations garanties.<\/p>\n<hr \/>\n<h3><span style=\"color: #683c16;\">4. D\u00e9couvrir l&rsquo;Accrobranche \u00e0 Acro-Sph\u00e8re<\/span> \ud83c\udf33<\/h3>\n<p>Pour une activit\u00e9 ludique en famille ou entre amis, le parc Acro-Sph\u00e8re propose des parcours d&rsquo;accrobranche adapt\u00e9s \u00e0 tous les \u00e2ges. Situ\u00e9 en pleine nature, il offre une exp\u00e9rience unique alliant d\u00e9fi physique et plaisir.<\/p>\n<hr \/>\n<h3><span style=\"color: #683c16;\">5. Admirer la Vue depuis<br \/>\nl&rsquo;Observatoire de Merelle<\/span> \ud83d\udd2d<\/h3>\n<p>Apr\u00e8s une petite randonn\u00e9e, l&rsquo;Observatoire de Merelle r\u00e9compense les visiteurs avec une vue panoramique exceptionnelle sur le lac de G\u00e9rardmer et ses environs. Un lieu id\u00e9al pour les amateurs de photographie et de nature.<\/p>\n<hr \/>\n<h3><span style=\"color: #683c16;\">6. Se d\u00e9tendre au Spa et Bien-\u00eatre<\/span> \ud83e\uddd6\u200d\u2640\ufe0f<\/h3>\n<p>Apr\u00e8s une journ\u00e9e d&rsquo;activit\u00e9s, rien de tel qu&rsquo;un moment de d\u00e9tente. Plusieurs \u00e9tablissements \u00e0 G\u00e9rardmer proposent des services de spa, massages et autres soins pour une relaxation optimale. Certains chalets disposent m\u00eame de <a href=\"https:\/\/les-atypiques-chalets.com\/de\/hebergement-romantique-pour-les-couples\/\" data-wpil-monitor-id=\"1760\">bains nordiques privatifs<\/a> pour une exp\u00e9rience unique.<\/p>\n<hr \/>\n<h3><span style=\"color: #683c16;\"><strong>7. Participer aux \u00c9v\u00e9nements Culturels<\/strong> \ud83c\udfad<\/span><\/h3>\n<p>G\u00e9rardmer est \u00e9galement riche en \u00e9v\u00e9nements culturels tout au long de l&rsquo;ann\u00e9e. Le Festival International du Film Fantastique en hiver est particuli\u00e8rement renomm\u00e9 et attire des visiteurs du monde entier.<\/p>\n<hr \/>\n<h3><span style=\"color: #683c16;\">8. Go\u00fbter aux Sp\u00e9cialit\u00e9s Locales \ud83e\uddc0<\/span><\/h3>\n<p>Die <a href=\"https:\/\/les-atypiques-chalets.com\/de\/meilleurs-restaurants-gerardmer-tour-culinaire\/\" data-wpil-monitor-id=\"1960\">Gastronomie der Vogesen<\/a> est \u00e0 l&rsquo;honneur dans les nombreux restaurants et march\u00e9s de G\u00e9rardmer. Ne manquez pas de d\u00e9guster le c\u00e9l\u00e8bre munster, les charcuteries locales ou encore les d\u00e9licieuses tartes aux myrtilles.<\/p>\n<hr \/>\n<h3><span style=\"color: #683c16;\">9. Visiter les Mus\u00e9es<br \/>\net Sites Historiques \ud83c\udfdb\ufe0f<\/span><\/h3>\n<p>Pour les passionn\u00e9s d&rsquo;histoire et de culture, G\u00e9rardmer et ses environs offrent plusieurs mus\u00e9es et sites \u00e0 d\u00e9couvrir, tels que le Mus\u00e9e Faune Lorraine ou encore les vestiges des mines de cuivre.<\/p>\n<hr \/>\n<h3><span style=\"color: #683c16;\">10. S&rsquo;initier au Parapente \ud83e\ude82<\/span><\/h3>\n<p>Pour une dose d&rsquo;adr\u00e9naline, pourquoi ne pas tenter un vol en parapente ? Accompagn\u00e9 d&rsquo;un moniteur exp\u00e9riment\u00e9, survolez les paysages vosgiens pour une exp\u00e9rience inoubliable.<\/p>\n<hr \/>\n<h3><span style=\"color: #683c16;\">11. Pratiquer le Ski en Hiver \u26f7\ufe0f<\/span><\/h3>\n<p>En saison hivernale, <a href=\"https:\/\/les-atypiques-chalets.com\/de\/kategorie\/ski-gerardmer\/\" data-wpil-monitor-id=\"2153\">G\u00e9rardmer se transforme en station de ski<\/a> avec des pistes adapt\u00e9es \u00e0 tous les niveaux. Ski alpin, ski de fond ou encore balades en raquettes, les activit\u00e9s ne manquent pas pour profiter de la neige.<\/p>\n<hr \/>\n<h3><span style=\"color: #683c16;\">12. Faire de la Luge en Famille \ud83d\udef7<\/span><\/h3>\n<p>Les pistes de luge am\u00e9nag\u00e9es sont parfaites pour des moments de fun en famille. Petits et grands pourront s&rsquo;amuser en toute s\u00e9curit\u00e9 sur des parcours d\u00e9di\u00e9s.<\/p>\n<hr \/>\n<h3><span style=\"color: #683c16;\">13. Explorer les<br \/>\nCascades Environnantes \ud83d\udca6<\/span><\/h3>\n<p>Les alentours de G\u00e9rardmer abritent de magnifiques cascades, telles que la Cascade de la M\u00e9relle ou le Saut des Cuves. Ces sites naturels offrent des balades rafra\u00eechissantes et des paysages enchanteurs.<\/p>\n<hr \/>\n<h3><span style=\"color: #683c16;\">14. Participer \u00e0 des Ateliers<br \/>\nd&rsquo;Artisanat Local \ud83d\udee0\ufe0f<\/span><\/h3>\n<p>D\u00e9couvrez le savoir-faire local en participant \u00e0 des ateliers d&rsquo;artisanat. Que ce soit la fabrication de sabots, la poterie ou encore le travail du bois, ces activit\u00e9s vous plongent au c\u0153ur des traditions vosgiennes.<\/p>\n<hr \/>\n<h3><span style=\"color: #683c16;\">15. Se Promener en Cal\u00e8che<br \/>\nou \u00e0 Cheval \ud83d\udc34<\/span><\/h3>\n<p>Pour une exp\u00e9rience authentique, optez pour une balade en cal\u00e8che ou \u00e0 cheval \u00e0 travers les for\u00eats et prairies de la r\u00e9gion. Plusieurs centres \u00e9questres proposent des sorties adapt\u00e9es \u00e0 tous les niveaux.<\/p>\n<hr \/>\n<h3><span style=\"color: #683c16;\">Conclusion \ud83c\udfe1<\/span><\/h3>\n<p>Louer un <a href=\"https:\/\/les-atypiques-chalets.com\/de\/checklist-essentielle-pour-un-sejour-en-chalet-a-gerardmer\/\" data-wpil-monitor-id=\"1195\">Chalet in G\u00e9rardmer<\/a> est une invitation \u00e0 la d\u00e9couverte et \u00e0 l&rsquo;\u00e9vasion. Entre activit\u00e9s de plein air, d\u00e9couvertes culturelles et moments de d\u00e9tente, chaque journ\u00e9e offre son lot d&rsquo;exp\u00e9riences enrichissantes. Que vous soyez en famille, entre amis ou en couple, G\u00e9rardmer saura vous s\u00e9duire par son authenticit\u00e9 et sa diversit\u00e9.<\/p>\n\n\t\t<\/div>\n\t<\/div>\n<\/div><\/div><\/div><\/div><div class=\"vc_row wpb_row vc_row-fluid\"><div class=\"wpb_column vc_column_container vc_col-sm-12\"><div class=\"vc_column-inner\"><div class=\"wpb_wrapper\"><div class=\"vc_empty_space\"   style=\"height: 60px\"><span class=\"vc_empty_space_inner\"><\/span><\/div><\/div><\/div><\/div><\/div><div class=\"vc_row wpb_row vc_row-fluid\"><div class=\"wpb_column vc_column_container vc_col-sm-12\"><div class=\"vc_column-inner\"><div class=\"wpb_wrapper\">\n\t<div class=\"wpb_text_column wpb_content_element\" >\n\t\t<div class=\"wpb_wrapper\">\n\t\t\t<table>\n<thead>\n<tr>\n<th><span style=\"color: #ffffff;\"><strong>Activit\u00e9<\/strong><\/span><\/th>\n<th><span style=\"color: #ffffff;\"><strong>Description<\/strong><\/span><\/th>\n<th><span style=\"color: #ffffff;\"><strong><a href=\"https:\/\/les-atypiques-chalets.com\/de\/politique-de-confidentialite\/\" data-wpil-monitor-id=\"1988\">Site Web<\/a><\/strong><\/span><\/th>\n<\/tr>\n<\/thead>\n<tbody>\n<tr>\n<td><strong>Ski alpin \u00e0 La Mauselaine<\/strong><\/td>\n<td>Profitez des pistes vari\u00e9es de la station de La Mauselaine, id\u00e9ale pour les skieurs de tous niveaux.<\/td>\n<td><a href=\"https:\/\/www.gerardmer-ski.com\" target=\"_new\" rel=\"noopener nofollow\">gerardmer-ski.com<\/a><\/td>\n<\/tr>\n<tr>\n<td><strong>Ski nordique aux Bas-Rupts<\/strong><\/td>\n<td>D\u00e9couvrez les sentiers de <a href=\"https:\/\/les-atypiques-chalets.com\/de\/tag\/ski\/\" data-wpil-monitor-id=\"2242\">ski<\/a> de fond des Bas-Rupts, offrant des parcours au c\u0153ur de la nature vosgienne.<\/td>\n<td><a href=\"https:\/\/www.gerardmer-nordique.com\" target=\"_new\" rel=\"noopener nofollow\">gerardmer-nordique.com<\/a><\/td>\n<\/tr>\n<tr>\n<td><strong>Randonn\u00e9e VTT<\/strong><\/td>\n<td>Explorez les nombreux sentiers balis\u00e9s autour de G\u00e9rardmer, adapt\u00e9s \u00e0 tous les niveaux de v\u00e9t\u00e9tistes.<\/td>\n<td><a href=\"https:\/\/www.rando-gerardmer.fr\" target=\"_new\" rel=\"noopener nofollow\">rando-gerardmer.fr<\/a><\/td>\n<\/tr>\n<tr>\n<td><strong>Bowling de G\u00e9rardmer<\/strong><\/td>\n<td>Passez une soir\u00e9e conviviale au bowling, avec \u00e9galement une patinoire et un mur d&rsquo;escalade sur place.<\/td>\n<td><a href=\"https:\/\/www.bowling-gerardmer.com\" target=\"_new\" rel=\"noopener nofollow\">bowling-gerardmer.com<\/a><\/td>\n<\/tr>\n<tr>\n<td><strong>Parc d&rsquo;aventures Acro-Sph\u00e8re<\/strong><\/td>\n<td>Vivez des sensations fortes avec des parcours d&rsquo;accrobranche adapt\u00e9s \u00e0 toute la famille.<\/td>\n<td><a href=\"https:\/\/www.vosges-aventures.com\" target=\"_new\" rel=\"noopener nofollow\">vosges-aventures.com<\/a><\/td>\n<\/tr>\n<tr>\n<td><strong>Randonn\u00e9e guid\u00e9e en montagne<\/strong><\/td>\n<td>Partez en excursion avec des guides exp\u00e9riment\u00e9s pour d\u00e9couvrir les plus beaux paysages des <a href=\"https:\/\/les-atypiques-chalets.com\/de\/tag\/vogesen\/\" data-wpil-monitor-id=\"2179\">Vogesen<\/a>.<\/td>\n<td><a href=\"https:\/\/www.rando-gerardmer.fr\" target=\"_new\" rel=\"noopener nofollow\">rando-gerardmer.fr<\/a><\/td>\n<\/tr>\n<tr>\n<td><strong>Parapente avec Vosges dans l&rsquo;Vent<\/strong><\/td>\n<td>Survolez <a href=\"https:\/\/les-atypiques-chalets.com\/de\/les-meilleurs-spots-pour-le-parapente-dans-la-region-de-gerardmer\/\" data-wpil-monitor-id=\"2028\">G\u00e9rardmer et ses environs pour une exp\u00e9rience inoubliable en parapente<\/a>.<\/td>\n<td><a href=\"https:\/\/www.vosges-dans-le-vent.com\" target=\"_new\" rel=\"noopener nofollow\">vosges-dans-le-vent.com<\/a><\/td>\n<\/tr>\n<tr>\n<td><strong>Centre nautique ASG Voile<\/strong><\/td>\n<td>Initiez-vous \u00e0 la voile ou perfectionnez vos comp\u00e9tences sur le lac de G\u00e9rardmer.<\/td>\n<td><a target=\"_new\" rel=\"noopener\">asso.ffv.fr\/asg-voile<\/a><\/td>\n<\/tr>\n<tr>\n<td><strong>Karting chez Manacha Kart<\/strong><\/td>\n<td>Ressentez l&rsquo;adr\u00e9naline sur le circuit de karting de Manacha Kart.<\/td>\n<td><a href=\"https:\/\/www.manacha-kart.com\" target=\"_new\" rel=\"noopener nofollow\">manacha-kart.com<\/a><\/td>\n<\/tr>\n<tr>\n<td><strong>Casino JOA de G\u00e9rardmer<\/strong><\/td>\n<td>Tentez votre chance au casino avec une vari\u00e9t\u00e9 de jeux et de divertissements.<\/td>\n<td><a href=\"https:\/\/www.joa-casino.com\" target=\"_new\" rel=\"noopener nofollow\">joa-casino.com<\/a><\/td>\n<\/tr>\n<tr>\n<td><strong>M\u00e9diath\u00e8que Espace Tilleul<\/strong><\/td>\n<td>Profitez d&rsquo;une vaste collection de livres, de m\u00e9dias et d&rsquo;expositions culturelles.<\/td>\n<td><a target=\"_new\" rel=\"noopener\">mediathequegerardmer.hautetfort.com<\/a><\/td>\n<\/tr>\n<tr>\n<td><strong>Mus\u00e9e du Textile des Vosges<\/strong><\/td>\n<td>D\u00e9couvrez l&rsquo;histoire du textile dans la r\u00e9gion \u00e0 travers des expositions interactives.<\/td>\n<td><a target=\"_new\" rel=\"noopener\">musee.ventron.fr<\/a><\/td>\n<\/tr>\n<tr>\n<td><strong>Mus\u00e9e Faune Lorraine<\/strong><\/td>\n<td>Explorez la faune locale avec des expositions \u00e9ducatives pour toute la famille.<\/td>\n<td><a href=\"https:\/\/www.museefaunelorraine.com\" target=\"_new\" rel=\"noopener nofollow\">museefaunelorraine.com<\/a><\/td>\n<\/tr>\n<tr>\n<td><strong>Mus\u00e9e de la Pierre \u00ab\u00a0Pierres du Monde\u00a0\u00bb<\/strong><\/td>\n<td>Admirez une collection impressionnante de min\u00e9raux et de fossiles du monde entier.<\/td>\n<td><a href=\"https:\/\/www.pierres-du-monde-vosges.fr\" target=\"_new\" rel=\"noopener nofollow\">pierres-du-monde-vosges.fr<\/a><\/td>\n<\/tr>\n<tr>\n<td><strong>Imagerie d&rsquo;\u00c9pinal<\/strong><\/td>\n<td>Plongez dans l&rsquo;univers des images d&rsquo;\u00c9pinal et de l&rsquo;art populaire fran\u00e7ais.<\/td>\n<td><a href=\"https:\/\/www.imagerie-epinal.com\" target=\"_new\" rel=\"noopener nofollow\">imagerie-epinal.com<\/a><\/td>\n<\/tr>\n<tr>\n<td><strong>Cin\u00e9ma olfactif 3D &#8211; Maison Louis<\/strong><\/td>\n<td>Vivez une exp\u00e9rience cin\u00e9matographique unique avec des projections en 3D et des effets olfactifs.<\/td>\n<td><a href=\"https:\/\/www.maisonlouis.fr\" target=\"_new\" rel=\"noopener nofollow\">maisonlouis.fr<\/a><\/td>\n<\/tr>\n<tr>\n<td><strong>Les Hautes Mynes<\/strong><\/td>\n<td>Explorez les anciennes mines de cuivre avec des visites guid\u00e9es passionnantes.<\/td>\n<td><a href=\"http:\/\/www.hautesmynes.com\" target=\"_new\" rel=\"noopener nofollow\">hautesmynes.com<\/a><\/td>\n<\/tr>\n<tr>\n<td><strong>Mus\u00e9e de la Lutherie de Mirecourt<\/strong><\/td>\n<td>D\u00e9couvrez l&rsquo;art de la fabrication des instruments \u00e0 cordes dans ce mus\u00e9e d\u00e9di\u00e9.<\/td>\n<td><a href=\"http:\/\/www.musee-lutherie-mirecourt.fr\" target=\"_new\" rel=\"noopener nofollow\">musee-lutherie-mirecourt.fr<\/a><\/td>\n<\/tr>\n<\/tbody>\n<\/table>\n\n\t\t<\/div>\n\t<\/div>\n<\/div><\/div><\/div><\/div><div class=\"vc_row wpb_row vc_row-fluid\"><div class=\"wpb_column vc_column_container vc_col-sm-12\"><div class=\"vc_column-inner\"><div class=\"wpb_wrapper\"><div class=\"vc_empty_space\"   style=\"height: 60px\"><span class=\"vc_empty_space_inner\"><\/span><\/div><\/div><\/div><\/div><\/div><div class=\"vc_row wpb_row vc_row-fluid\"><div class=\"wpb_column vc_column_container vc_col-sm-12\"><div class=\"vc_column-inner\"><div class=\"wpb_wrapper\">\n\t<div class=\"wpb_text_column wpb_content_element\" >\n\t\t<div class=\"wpb_wrapper\">\n\t\t\t<h3><strong>FAQ<\/strong><\/h3>\n<ol>\n<li><strong>Quelle est la <a href=\"https:\/\/les-atypiques-chalets.com\/de\/comment-preparer-votre-sejour-a-gerardmer-conseils-et-astuces\/\" data-wpil-monitor-id=\"2077\">meilleure p\u00e9riode pour visiter G\u00e9rardmer<\/a> ?<\/strong> \ud83d\udcc5<br \/>\nG\u00e9rardmer est une destination attrayante toute l\u2019ann\u00e9e. En hiver, les amateurs de sports de neige profiteront des stations de ski, tandis qu\u2019en \u00e9t\u00e9, les activit\u00e9s nautiques et les randonn\u00e9es sont \u00e0 l\u2019honneur.<\/li>\n<li><strong>Les activit\u00e9s nautiques sur le lac de G\u00e9rardmer sont-elles accessibles \u00e0 tous ?<\/strong> \ud83d\udea3\u200d\u2642\ufe0f<br \/>\nOui, le lac propose une vari\u00e9t\u00e9 d\u2019activit\u00e9s nautiques adapt\u00e9es \u00e0 tous les \u00e2ges et niveaux, de la baignade au kayak en passant par la voile et le p\u00e9dalo.<\/li>\n<li><strong>Faut-il r\u00e9server les activit\u00e9s \u00e0 l\u2019avance ?<\/strong> \ud83d\udcc6<br \/>\nPour certaines activit\u00e9s, notamment en haute saison, il est recommand\u00e9 de r\u00e9server \u00e0 l\u2019avance, surtout pour des exp\u00e9riences encadr\u00e9es comme le parapente ou les soins en <a href=\"https:\/\/les-atypiques-chalets.com\/de\/tag\/spa\/\" data-wpil-monitor-id=\"2123\">Spa<\/a>.<\/li>\n<li><strong>Y a-t-il des \u00e9v\u00e9nements culturels majeurs \u00e0 G\u00e9rardmer ?<\/strong> \ud83c\udfad<br \/>\nOui, G\u00e9rardmer accueille plusieurs \u00e9v\u00e9nements culturels, dont le c\u00e9l\u00e8bre Festival International du Film Fantastique en hiver, qui attire des visiteurs du monde entier.<\/li>\n<li><strong>Les sentiers de randonn\u00e9e sont-ils bien balis\u00e9s ?<\/strong> \ud83e\udd7e<br \/>\nOui, la plupart des sentiers autour de G\u00e9rardmer sont bien balis\u00e9s et entretenus, offrant des parcours s\u00e9curis\u00e9s pour tous les niveaux de randonneurs.<\/li>\n<\/ol>\n\n\t\t<\/div>\n\t<\/div>\n<\/div><\/div><\/div><\/div>\n<\/div>","protected":false},"excerpt":{"rendered":"Chalet IORIK Capacit\u00e9: 4 personnes Superficie: 45 m2 Bain Nordique: privatif Description de notre Chalet Iorik dans les Vosges Id\u00e9al pour les couples ou les petites familles, le Chalet IORIK est un \u00e9crin de douceur pouvant accueillir jusqu\u2019\u00e0 4 personnes. Avec ses 2 chambres cosy et ces 2 lits de 140\u00d7190, il vous promet des<a href=\"https:\/\/les-atypiques-chalets.com\/de\/chalet-aslan\/\" class=\"sohohotel-more-link\">Read More<\/a>","protected":false},"author":1,"featured_media":1301795,"comment_status":"closed","ping_status":"closed","sticky":false,"template":"","format":"standard","meta":{"_yoast_wpseo_title":"Guide Complet des Activit\u00e9s \u00e0 Faire \u00e0 G\u00e9rardmer \ud83c\udfde\ufe0f","_yoast_wpseo_metadesc":"D\u00e9couvrez les meilleures activit\u00e9s \u00e0 faire lors de la location d'un chalet \u00e0 G\u00e9rardmer. R\u00e9servez votre s\u00e9jour d\u00e8s maintenant","_yoast_wpseo_focuskw":"#ChaletG\u00e9rardmer #Activit\u00e9sVosges #VacancesNature #SkiEtRandonn\u00e9e #TourismeG\u00e9rardmer","footnotes":""},"categories":[707,846,1190,810,1292,836,1178,901,1385,670,960,1029,1423],"tags":[753,1514,706,708,1101,1043,711,713,923,1091],"class_list":["post-1301490","post","type-post","status-publish","format-standard","has-post-thumbnail","hentry","category-gerardmer","category-eco-responsables","category-faune-et-flore","category-locatif-saisonnier","category-marche-de-noel","category-parapente","category-parc-naturel-des-vosges","category-randonnee-dans-les-vosges","category-randonnees","category-ski-gerardmer","category-velo","category-vosges","category-week-end-amoureux","tag-activites-gerardmer","tag-bains-nordiques-gerardmer","tag-gastronomie-vosgienne","tag-lac-de-gerardmer","tag-location-chalet-gerardmer","tag-randonnee-vosges","tag-ski-gerardmer","tag-sports-nautiques-gerardmer","tag-tourisme-gerardmer","tag-vacances-vosges"],"_links":{"self":[{"href":"https:\/\/les-atypiques-chalets.com\/de\/wp-json\/wp\/v2\/posts\/1301490","targetHints":{"allow":["GET"]}}],"collection":[{"href":"https:\/\/les-atypiques-chalets.com\/de\/wp-json\/wp\/v2\/posts"}],"about":[{"href":"https:\/\/les-atypiques-chalets.com\/de\/wp-json\/wp\/v2\/types\/post"}],"author":[{"embeddable":true,"href":"https:\/\/les-atypiques-chalets.com\/de\/wp-json\/wp\/v2\/users\/1"}],"replies":[{"embeddable":true,"href":"https:\/\/les-atypiques-chalets.com\/de\/wp-json\/wp\/v2\/comments?post=1301490"}],"version-history":[{"count":0,"href":"https:\/\/les-atypiques-chalets.com\/de\/wp-json\/wp\/v2\/posts\/1301490\/revisions"}],"wp:featuredmedia":[{"embeddable":true,"href":"https:\/\/les-atypiques-chalets.com\/de\/wp-json\/wp\/v2\/media\/1301795"}],"wp:attachment":[{"href":"https:\/\/les-atypiques-chalets.com\/de\/wp-json\/wp\/v2\/media?parent=1301490"}],"wp:term":[{"taxonomy":"category","embeddable":true,"href":"https:\/\/les-atypiques-chalets.com\/de\/wp-json\/wp\/v2\/categories?post=1301490"},{"taxonomy":"post_tag","embeddable":true,"href":"https:\/\/les-atypiques-chalets.com\/de\/wp-json\/wp\/v2\/tags?post=1301490"}],"curies":[{"name":"wp","href":"https:\/\/api.w.org\/{rel}","templated":true}]}}