{"id":1698502,"date":"2025-03-14T07:24:26","date_gmt":"2025-03-14T07:24:26","guid":{"rendered":"https:\/\/les-atypiques-chalets.com\/?p=1698502"},"modified":"2025-05-21T14:26:40","modified_gmt":"2025-05-21T14:26:40","slug":"decouvrir-le-charme-du-chalet-dans-les-vosges-au-printemps","status":"publish","type":"post","link":"https:\/\/les-atypiques-chalets.com\/de\/decouvrir-le-charme-du-chalet-dans-les-vosges-au-printemps\/","title":{"rendered":"D\u00e9couvrir le Charme du Chalet dans les Vosges au Printemps"},"content":{"rendered":"<div class=\"wpb-content-wrapper\"><div class=\"vc_row wpb_row vc_row-fluid\"><div class=\"wpb_column vc_column_container vc_col-sm-12\"><div class=\"vc_column-inner\"><div class=\"wpb_wrapper\"><div class=\"vc_empty_space\"   style=\"height: 32px\"><span class=\"vc_empty_space_inner\"><\/span><\/div>\t\n\t<!-- BEGIN .shb-accommodation-listing-style-1 -->\n\t<div class=\"shb-accommodation-listing-style-1 shb-accommodation-listing-style-1-columns-3 sohohotel-owl-carousel-4\">\n\t\t\n\t\t\t\t\n\t\t<!-- BEGIN .shb-accommodation-listing-item -->\n\t\t<div class=\"shb-accommodation-listing-item\">\n\t\t\t\n\t\t\t\t\t\t\t<a href=\"https:\/\/les-atypiques-chalets.com\/de\/chalet-charkhan\/\" rel=\"bookmark\" title=\"Chalet Charkhan\">\n\t\t\t\t\t\t\t\t\t\t<img decoding=\"async\" class=\"shb-accommodation-listing-image\" src=\"https:\/\/les-atypiques-chalets.com\/wp-content\/uploads\/2025\/03\/salon-charkhan-03-L-1180x675.webp\" alt=\"Chalet Charkhan\" \/>\t\t\t\t<\/a>\n\t\t\t\t\t\t\n\t\t\t<div class=\"shb-accommodation-listing-description-wrapper\">\n\t\t\t\t\n\t\t\t\t<h3><a href=\"https:\/\/les-atypiques-chalets.com\/de\/chalet-charkhan\/\" rel=\"bookmark\" title=\"Chalet Charkhan\">Chalet Charkhan<\/a><\/h3>\n\t\t\t\t\n\t\t\t\t<div class=\"shb-accommodation-listing-description shb-clearfix\">\n\t\t\t\t\t\n\t\t\t\t\t<ul>\r\n<li><i class=\"fas fa-user\"><\/i><span>Kapazit\u00e4t<\/span> 6 Personen<\/li>\r\n<li><i class=\"fas fa-ruler-combined\"><\/i><span>Oberfl\u00e4che<\/span> 65 m\u00b2<\/li>\r\n<li><i class=\"fas fa-hot-tub\"><\/i><span> Nordische Badewanne<\/span> privativ<\/li>\r\n<\/ul>\t\t\t\t\t\n\t\t\t\t\t<a href=\"https:\/\/les-atypiques-chalets.com\/de\/chalet-charkhan\/\" class=\"shb-accommodation-listing-button1\">ab 225\u20ac\/Nacht<\/a>\n\t\t\t\t\t<a href=\"https:\/\/les-atypiques-chalets.com\/de\/chalet-charkhan\/\" class=\"shb-accommodation-listing-button2\">Zimmer anzeigen<i class=\"fas fa-chevron-right\"><\/i><\/a>\n\t\t\t\t\n\t\t\t\t<\/div>\n\t\t\t\t\n\t\t\t<\/div>\n\t\t\t\n\t\t<!-- END .shb-accommodation-listing-item -->\n\t\t<\/div>\n\t\t\n\t\t\t\t\n\t\t<!-- BEGIN .shb-accommodation-listing-item -->\n\t\t<div class=\"shb-accommodation-listing-item\">\n\t\t\t\n\t\t\t\t\t\t\t<a href=\"https:\/\/les-atypiques-chalets.com\/de\/chalet-aslan\/\" rel=\"bookmark\" title=\"Chalet Aslan\">\n\t\t\t\t\t\t\t\t\t\t<img decoding=\"async\" class=\"shb-accommodation-listing-image\" src=\"https:\/\/les-atypiques-chalets.com\/wp-content\/uploads\/2025\/03\/ASLAN-2-900x710.webp\" alt=\"Chalet Aslan\" \/>\t\t\t\t<\/a>\n\t\t\t\t\t\t\n\t\t\t<div class=\"shb-accommodation-listing-description-wrapper\">\n\t\t\t\t\n\t\t\t\t<h3><a href=\"https:\/\/les-atypiques-chalets.com\/de\/chalet-aslan\/\" rel=\"bookmark\" title=\"Chalet Aslan\">Chalet Aslan<\/a><\/h3>\n\t\t\t\t\n\t\t\t\t<div class=\"shb-accommodation-listing-description shb-clearfix\">\n\t\t\t\t\t\n\t\t\t\t\t<ul>\r\n<li><i class=\"fas fa-user\"><\/i><span>Kapazit\u00e4t<\/span> 5 Personen<\/li>\r\n<li><i class=\"fas fa-ruler-combined\"><\/i><span>Oberfl\u00e4che<\/span> 65 m\u00b2<\/li>\r\n<li><i class=\"fas fa-hot-tub\"><\/i><span> Nordische Badewanne<\/span> privativ<\/li>\r\n<\/ul>\t\t\t\t\t\n\t\t\t\t\t<a href=\"https:\/\/les-atypiques-chalets.com\/de\/chalet-aslan\/\" class=\"shb-accommodation-listing-button1\">ab 215 \u20ac\/Nacht<\/a>\n\t\t\t\t\t<a href=\"https:\/\/les-atypiques-chalets.com\/de\/chalet-aslan\/\" class=\"shb-accommodation-listing-button2\">Zimmer anzeigen<i class=\"fas fa-chevron-right\"><\/i><\/a>\n\t\t\t\t\n\t\t\t\t<\/div>\n\t\t\t\t\n\t\t\t<\/div>\n\t\t\t\n\t\t<!-- END .shb-accommodation-listing-item -->\n\t\t<\/div>\n\t\t\n\t\t\t\t\n\t\t<!-- BEGIN .shb-accommodation-listing-item -->\n\t\t<div class=\"shb-accommodation-listing-item\">\n\t\t\t\n\t\t\t\t\t\t\t<a href=\"https:\/\/les-atypiques-chalets.com\/de\/chalet-iorik\/\" rel=\"bookmark\" title=\"Chalet Iorik\">\n\t\t\t\t\t\t\t\t\t\t<img decoding=\"async\" class=\"shb-accommodation-listing-image\" src=\"https:\/\/les-atypiques-chalets.com\/wp-content\/uploads\/2025\/09\/iorik-sejour-L-1024x710.webp\" alt=\"Chalet Iorik\" \/>\t\t\t\t<\/a>\n\t\t\t\t\t\t\n\t\t\t<div class=\"shb-accommodation-listing-description-wrapper\">\n\t\t\t\t\n\t\t\t\t<h3><a href=\"https:\/\/les-atypiques-chalets.com\/de\/chalet-iorik\/\" rel=\"bookmark\" title=\"Chalet Iorik\">Chalet Iorik<\/a><\/h3>\n\t\t\t\t\n\t\t\t\t<div class=\"shb-accommodation-listing-description shb-clearfix\">\n\t\t\t\t\t\n\t\t\t\t\t<ul>\r\n<li><i class=\"fas fa-user\"><\/i><span>Kapazit\u00e4t<\/span> 4 Personen<\/li>\r\n<li><i class=\"fas fa-ruler-combined\"><\/i><span>Oberfl\u00e4che<\/span> 45 m2<\/li>\r\n<li><i class=\"fas fa-hot-tub\"><\/i><span> Nordische Badewanne<\/span> privativ<\/li>\r\n<\/ul>\t\t\t\t\t\n\t\t\t\t\t<a href=\"https:\/\/les-atypiques-chalets.com\/de\/chalet-iorik\/\" class=\"shb-accommodation-listing-button1\">ab 170\u20ac\/Nacht<\/a>\n\t\t\t\t\t<a href=\"https:\/\/les-atypiques-chalets.com\/de\/chalet-iorik\/\" class=\"shb-accommodation-listing-button2\">Zimmer anzeigen<i class=\"fas fa-chevron-right\"><\/i><\/a>\n\t\t\t\t\n\t\t\t\t<\/div>\n\t\t\t\t\n\t\t\t<\/div>\n\t\t\t\n\t\t<!-- END .shb-accommodation-listing-item -->\n\t\t<\/div>\n\t\t\n\t\t\t\t\n\t<!-- END .shb-accommodation-listing-style-1 -->\n\t<\/div>\n\t\n\t<div class=\"vc_row wpb_row vc_inner vc_row-fluid\"><div class=\"wpb_column vc_column_container vc_col-sm-4\"><div class=\"vc_column-inner\"><div class=\"wpb_wrapper\">\n\t<div  class=\"wpb_single_image wpb_content_element vc_align_left wpb_content_element\">\n\t\t\n\t\t<figure class=\"wpb_wrapper vc_figure\">\n\t\t\t<a href=\"https:\/\/www.airbnb.fr\/rooms\/1181799444491659558?source_impression_id=p3_1737454110_P389ZYEJ78eXKMcr\" target=\"_self\" class=\"vc_single_image-wrapper   vc_box_border_grey\" rel=\"nofollow noopener\"><img decoding=\"async\" width=\"694\" height=\"426\" src=\"https:\/\/les-atypiques-chalets.com\/wp-content\/uploads\/2025\/01\/Capture-decran-2025-01-15-a-13.55.52.jpg\" class=\"vc_single_image-img attachment-full\" alt=\"Die Atypiques Chalets mit einer perfekten Punktzahl von 5,0 ausgezeichnet, was sie zu einem Favoriten von Reisenden macht.\" title=\"Les Atypiques Chalets \u2013 Ein Herzenswunsch von Airbnb-Reisenden\" srcset=\"https:\/\/les-atypiques-chalets.com\/wp-content\/uploads\/2025\/01\/Capture-decran-2025-01-15-a-13.55.52.jpg 694w, https:\/\/les-atypiques-chalets.com\/wp-content\/uploads\/2025\/01\/Capture-decran-2025-01-15-a-13.55.52-300x184.jpg 300w, https:\/\/les-atypiques-chalets.com\/wp-content\/uploads\/2025\/01\/Capture-decran-2025-01-15-a-13.55.52-100x61.jpg 100w, https:\/\/les-atypiques-chalets.com\/wp-content\/uploads\/2025\/01\/Capture-decran-2025-01-15-a-13.55.52-600x368.jpg 600w\" sizes=\"(max-width: 694px) 100vw, 694px\" \/><\/a>\n\t\t<\/figure>\n\t<\/div>\n<\/div><\/div><\/div><div class=\"wpb_column vc_column_container vc_col-sm-4\"><div class=\"vc_column-inner\"><div class=\"wpb_wrapper\">\n\t<div  class=\"wpb_single_image wpb_content_element vc_align_left wpb_content_element\">\n\t\t\n\t\t<figure class=\"wpb_wrapper vc_figure\">\n\t\t\t<a href=\"https:\/\/www.google.com\/search?q=Les+Atypiques+Chalets&#038;stick=H4sIAAAAAAAA_-NgU1I1qDAxtzRONkwyTTM3MDK2TEmzMqgAshItTdIMTFINjC1NDJIXsYr6pBYrOJZUFmQWlgJZzhmJOaklxQAK4Na5QQAAAA&#038;hl=fr&#038;ma\" target=\"_self\" class=\"vc_single_image-wrapper   vc_box_border_grey\" rel=\"nofollow noopener\"><img decoding=\"async\" width=\"324\" height=\"156\" src=\"https:\/\/les-atypiques-chalets.com\/wp-content\/uploads\/2024\/03\/avis-google.webp\" class=\"vc_single_image-img attachment-full\" alt=\"\" title=\"Google-Bewertung\" srcset=\"https:\/\/les-atypiques-chalets.com\/wp-content\/uploads\/2024\/03\/avis-google.webp 324w, https:\/\/les-atypiques-chalets.com\/wp-content\/uploads\/2024\/03\/avis-google-300x144.webp 300w, https:\/\/les-atypiques-chalets.com\/wp-content\/uploads\/2024\/03\/avis-google-100x48.webp 100w\" sizes=\"(max-width: 324px) 100vw, 324px\" \/><\/a>\n\t\t<\/figure>\n\t<\/div>\n<\/div><\/div><\/div><div class=\"wpb_column vc_column_container vc_col-sm-4\"><div class=\"vc_column-inner\"><div class=\"wpb_wrapper\">\n\t<div  class=\"wpb_single_image wpb_content_element vc_align_left wpb_content_element\">\n\t\t\n\t\t<figure class=\"wpb_wrapper vc_figure\">\n\t\t\t<a href=\"https:\/\/www.airbnb.fr\/users\/show\/202431572\" target=\"_self\" class=\"vc_single_image-wrapper   vc_box_border_grey\" rel=\"nofollow noopener\"><img decoding=\"async\" width=\"375\" height=\"125\" src=\"https:\/\/les-atypiques-chalets.com\/wp-content\/uploads\/2024\/10\/create-a-professionally-written-new-airbnb-listing-1600x533-1.webp\" class=\"vc_single_image-img attachment-full\" alt=\"\" title=\"Erstellen Sie eine professionell geschriebene neue Airbnb-Liste (1600x533)\" srcset=\"https:\/\/les-atypiques-chalets.com\/wp-content\/uploads\/2024\/10\/create-a-professionally-written-new-airbnb-listing-1600x533-1.webp 375w, https:\/\/les-atypiques-chalets.com\/wp-content\/uploads\/2024\/10\/create-a-professionally-written-new-airbnb-listing-1600x533-1-300x100.webp 300w, https:\/\/les-atypiques-chalets.com\/wp-content\/uploads\/2024\/10\/create-a-professionally-written-new-airbnb-listing-1600x533-1-100x33.webp 100w\" sizes=\"(max-width: 375px) 100vw, 375px\" \/><\/a>\n\t\t<\/figure>\n\t<\/div>\n<\/div><\/div><\/div><\/div><\/div><\/div><\/div><\/div><div class=\"vc_row wpb_row vc_row-fluid\"><div class=\"wpb_column vc_column_container vc_col-sm-12\"><div class=\"vc_column-inner\"><div class=\"wpb_wrapper\">\n\t<div class=\"wpb_text_column wpb_content_element\" >\n\t\t<div class=\"wpb_wrapper\">\n\t\t\t<p>Keywords: chalet, Vosges, printemps, nature, d\u00e9tente, montagne<\/p>\n<p>Au c\u0153ur des montagnes, le printemps r\u00e9invente le paysage des Vosges, offrant un d\u00e9cor enchanteur aux amoureux de la nature et de la vie authentique. Le chalet, symbole de confort et de tradition, s&rsquo;impose comme le refuge id\u00e9al pour se ressourcer et profiter d\u2019un s\u00e9jour riche en \u00e9motions. Cet article vous invite \u00e0 explorer en d\u00e9tail les multiples atouts et les exp\u00e9riences inoubliables qu\u2019offre un <a href=\"https:\/\/les-atypiques-chalets.com\/de\/les-atypiques-chalets-a-gerardmer-un-sejour-atypique-dans-les-vosges\/\" data-wpil-monitor-id=\"1491\">s\u00e9jour dans un chalet Vosges<\/a> au printemps.<\/p>\n<h2>Introduction au Charme<br \/>\nPrintanier des Vosges<\/h2>\n<p>Le printemps dans les <a href=\"https:\/\/les-atypiques-chalets.com\/de\/tag\/vogesen\/\" data-wpil-monitor-id=\"2170\">Vogesen<\/a> est une saison aux multiples facettes. Apr\u00e8s les rigueurs de l&rsquo;hiver, la nature se r\u00e9veille progressivement et offre un spectacle de renouveau. Les for\u00eats se parent de feuilles naissantes, les ruisseaux, gorg\u00e9s de fonte des neiges, d\u00e9valent avec vigueur, et les oiseaux retrouvent leur m\u00e9lodie pour annoncer l\u2019arriv\u00e9e des beaux jours. Au c\u0153ur de ce renouveau, le chalet devient le t\u00e9moin silencieux d\u2019un retour \u00e0 l\u2019essence de la vie montagnarde.<\/p>\n<p>Dans cet univers, chaque pierre, chaque poutre et chaque coin de votre refuge raconte une histoire. L\u2019architecture traditionnelle se m\u00eale aux innovations modernes pour offrir \u00e0 la fois authenticit\u00e9 et confort contemporain. En s\u00e9journant dans <a href=\"https:\/\/les-atypiques-chalets.com\/de\/hebergement-romantique-pour-les-couples\/\" data-wpil-monitor-id=\"1754\">ein Chalet in den Vogesen<\/a> au printemps, vous serez t\u00e9moin d\u2019un dialogue harmonieux entre l\u2019art de vivre montagnard et le luxe discret d\u2019un habitat pens\u00e9 pour le bien-\u00eatre.<\/p>\n<h2>L&rsquo;Emplacement Strat\u00e9gique<br \/>\npour un S\u00e9jour R\u00e9ussi<\/h2>\n<p>Les Vosges, riches en panorama et en biodiversit\u00e9, accueillent de nombreux chalets diss\u00e9min\u00e9s dans des cadres naturels pr\u00e9serv\u00e9s. L\u2019emplacement d\u2019un chalet est un \u00e9l\u00e9ment cl\u00e9 pour profiter pleinement de l\u2019exp\u00e9rience printani\u00e8re. Que vous soyez un amateur de <a href=\"https:\/\/les-atypiques-chalets.com\/de\/week-end-dans-les-vosges-au-printemps-une-invitation-a-la-decouverte\/\" data-wpil-monitor-id=\"1308\">Wanderungen<\/a>, passionn\u00e9 de photographie ou simplement en qu\u00eate de s\u00e9r\u00e9nit\u00e9, la r\u00e9gion offre des opportunit\u00e9s unique \u00e0 chaque recoin.<\/p>\n<p>Imaginez des journ\u00e9es ponctu\u00e9es de balades en for\u00eat, d\u2019observation de la faune locale et de d\u00e9couvertes de cascades cach\u00e9es. Les sentiers de <a href=\"https:\/\/les-atypiques-chalets.com\/de\/les-plus-belles-randonnees-dans-le-haut-rhin-guide-complet\/\" data-wpil-monitor-id=\"1309\">Wanderung<\/a> sillonnant les for\u00eats prim\u00e9es ne demandent qu\u2019\u00e0 \u00eatre explor\u00e9s. Pour enrichir votre exp\u00e9rience, vous pouvez consulter le site officiel du tourisme dans les Vosges en cliquant sur<br \/>\n<a href=\"https:\/\/www.vosges-tourisme.com\" target=\"_blank\" rel=\"noopener noreferrer nofollow\">ce lien<\/a> qui vous orientera vers des activit\u00e9s en plein air et des circuits d\u00e9couverte.<\/p>\n<p>Les commodit\u00e9s \u00e0 proximit\u00e9, telles que les restaurants de montagne, les commerces artisanaux et les \u00e9tablissements de <a href=\"https:\/\/les-atypiques-chalets.com\/de\/quest-ce-quun-bain-nordique\/\" data-wpil-monitor-id=\"1310\">Wohlbefinden<\/a>, compl\u00e8tent l\u2019exp\u00e9rience en offrant un confort suppl\u00e9mentaire. Par ailleurs, l\u2019emplacement d\u2019un chalet permet d\u2019acc\u00e9der facilement aux sites historiques et culturels, offrant ainsi une immersion compl\u00e8te dans la <a href=\"https:\/\/les-atypiques-chalets.com\/de\/la-fete-des-jonquilles-de-gerardmer\/\" data-wpil-monitor-id=\"1304\">culture vosgienne<\/a>.<\/p>\n<h2>Les Caract\u00e9ristiques Distinctives<br \/>\nd\u2019un Chalet en Printemps<\/h2>\n<p>Le chalet traditionnel se distingue par son architecture en bois et pierre qui s\u2019int\u00e8gre parfaitement au d\u00e9cor naturel des Vosges. Au printemps, ces mat\u00e9riaux naturels prennent une dimension particuli\u00e8re, r\u00e9chauffant les c\u0153urs et les esprits apr\u00e8s un hiver souvent rigoureux. Gr\u00e2ce \u00e0 des travaux de r\u00e9novation moderne, les chalets offrent d\u00e9sormais des \u00e9quipements de haute qualit\u00e9 tout en pr\u00e9servant leur charme d\u2019antan.<\/p>\n<p>L\u2019int\u00e9rieur d\u2019un chalet est souvent pens\u00e9 pour maximiser la lumi\u00e8re naturelle et offrir des espaces confortables et conviviaux. De grandes baies vitr\u00e9es laissent entrer la lumi\u00e8re du soleil printanier, cr\u00e9ant une ambiance chaleureuse et accueillante. Les espaces de vie ouverts permettent un contact direct avec la nature, m\u00eame depuis l\u2019int\u00e9rieur. Chaque pi\u00e8ce, du salon \u00e0 la cuisine, est con\u00e7ue pour offrir un confort absolu, avec des mat\u00e9riaux nobles mis en valeur par des \u00e9l\u00e9ments d\u00e9coratifs traditionnels.<\/p>\n<p>Le chauffage par le bois ou par des syst\u00e8mes modernes permet de recr\u00e9er la sensation d\u2019un feu de chemin\u00e9e traditionnel, garantissant chaleur et convivialit\u00e9. L\u2019am\u00e9nagement ext\u00e9rieur des chalets, souvent agr\u00e9ment\u00e9 de terrasses et de jardins fleuris, invite \u00e0 la <a href=\"https:\/\/les-atypiques-chalets.com\/de\/product\/reservation\/\" data-wpil-monitor-id=\"1311\">d\u00e9tente et aux repas en plein air<\/a> pendant les longs apr\u00e8s-midis printaniers.<\/p>\n<h2>Activit\u00e9s Printani\u00e8res<br \/>\npour Petits et Grands<\/h2>\n<p>La r\u00e9gion des Vosges regorge d\u2019activit\u00e9s adapt\u00e9es \u00e0 tous les \u00e2ges et tous les int\u00e9r\u00eats, surtout au printemps. Pour les amateurs de sensations fortes, des <a href=\"https:\/\/les-atypiques-chalets.com\/de\/radrouten-gerardmer\/\" data-wpil-monitor-id=\"1312\">parcours d\u2019accrobranche et des itin\u00e9raires VTT<\/a> soigneusement balis\u00e9s traversent les for\u00eats regonfl\u00e9es par la vie nouvelle. Les familles peuvent profiter de balades en nature, agr\u00e9ment\u00e9es d\u2019aires de pique-nique o\u00f9 l\u2019on d\u00e9guste des <a href=\"https:\/\/les-atypiques-chalets.com\/de\/astuces-eco-responsables-pour-les-locataires-saisonniers-conseils-pour-un-sejour-ecologique-et-responsable-dans-votre-location-saisonniere\/\" data-wpil-monitor-id=\"1305\">lokale Produkte<\/a>.<\/p>\n<p>Le printemps est aussi la p\u00e9riode id\u00e9ale pour la pratique de <a href=\"https:\/\/les-atypiques-chalets.com\/de\/les-10-choses-a-faire-a-gerardmer-en-ete\/\" data-wpil-monitor-id=\"1739\">Wanderungen<\/a> p\u00e9destres et de courses d\u2019orientation. Des itin\u00e9raires pour d\u00e9butants aux circuits plus exigeants pour les experts, chacun peut trouver son plaisir en explorant les sentiers sinueux des Vosges. Les sentiers th\u00e9matiques, souvent accompagn\u00e9s d\u2019informations historiques et naturalistes, enrichissent l\u2019exp\u00e9rience de d\u00e9couverte et permettent d\u2019en apprendre plus sur la <a href=\"https:\/\/les-atypiques-chalets.com\/de\/explorez-la-faune-et-la-flore-de-gerardmer\/\" data-wpil-monitor-id=\"1303\">faune et la flore locales<\/a>.<\/p>\n<p>Les amateurs d\u2019activit\u00e9s aquatiques ne sont pas en reste : les lacs et rivi\u00e8res, d\u00e9bordant de vie apr\u00e8s le d\u00e9gel, offrent un cadre parfait pour des balades en cano\u00eb ou des s\u00e9ances de p\u00eache paisibles. Par ailleurs, de nombreux festivals et \u00e9v\u00e9nements organis\u00e9s durant le printemps c\u00e9l\u00e8brent le renouveau de la nature et les traditions r\u00e9gionales. Chaque \u00e9v\u00e9nement, qu\u2019il s\u2019agisse de march\u00e9s artisanaux ou de concerts en plein air, ajoute une couleur suppl\u00e9mentaire \u00e0 la palette d\u00e9j\u00e0 riche des activit\u00e9s vosgiennes.<\/p>\n<p>En outre, plusieurs stations de bien-\u00eatre et centres de <a href=\"https:\/\/les-atypiques-chalets.com\/de\/tag\/spa\/\" data-wpil-monitor-id=\"2120\">Spa<\/a> situ\u00e9s \u00e0 proximit\u00e9 des chalets offrent des soins relaxants et des massages th\u00e9rapeutiques, invitant \u00e0 une pause d\u00e9tente dans un cadre d\u00e9paysant. L\u2019alliance de l\u2019activit\u00e9 physique et du repos contribue ainsi \u00e0 une exp\u00e9rience holistique qui ravive l\u2019esprit et le corps.<\/p>\n<h2>Convivialit\u00e9 et Traditions :<br \/>\nL\u2019Accueil Vosgien<\/h2>\n<p>L\u2019un des grands atouts d\u2019un s\u00e9jour en chalet dans les Vosges au printemps r\u00e9side dans l\u2019hospitalit\u00e9 locale. La r\u00e9gion est r\u00e9put\u00e9e pour son accueil chaleureux et ses traditions profond\u00e9ment ancr\u00e9es. Les habitants, fiers de leur patrimoine, vous transmettent des savoir-faire artisanaux et culinaires uniques que vous n\u2019\u00eates pas pr\u00e8s d\u2019oublier.<\/p>\n<p>Lors de votre passage dans un chalet typique, vous aurez l\u2019occasion de d\u00e9couvrir des recettes traditionnelles pr\u00e9par\u00e9es avec des produits du terroir. Les plats \u00e0 base de gibier, de fromages fermiers et de charcuteries artisanales se marient harmonieusement \u00e0 des vins locaux issus des vignobles vosgiens. Un petit-d\u00e9jeuner copieux ou un d\u00eener sous forme de raclette ou de fondue, servis dans une ambiance conviviale, font partie int\u00e9grante de l\u2019exp\u00e9rience.<\/p>\n<p>Au-del\u00e0 de la cuisine, les traditions se refl\u00e8tent \u00e9galement dans l\u2019architecture et l\u2019art de vivre. Les d\u00e9corations en bois, les moulures sculpt\u00e9es, ainsi que les chemin\u00e9es en pierre t\u00e9moignent d\u2019un savoir-faire pass\u00e9 de g\u00e9n\u00e9ration en g\u00e9n\u00e9ration. Chaque d\u00e9tail compte pour cr\u00e9er ce sentiment de chaleur et d\u2019authenticit\u00e9 si cher aux c\u0153urs des Vosges.<\/p>\n<p>De nombreux villages environnant les chalets conservent un charme d\u2019antan, avec leurs <a href=\"https:\/\/les-atypiques-chalets.com\/de\/le-patrimoine-architectural-autour-de-gerardmer-decouverte-des-batiments-historiques-chateaux-et-eglises\/\" data-wpil-monitor-id=\"1306\">\u00e9glises historiques<\/a>, leurs fontaines en pierre et leurs ruelles pav\u00e9es. Ces lieux, empreints de folklore, proposent des visites guid\u00e9es, des expositions d\u2019artisanat et des march\u00e9s locaux qui mettent en valeur le riche patrimoine culturel de la r\u00e9gion.<\/p>\n<h2>Praktische Ratschl\u00e4ge<br \/>\npour un S\u00e9jour R\u00e9ussi<\/h2>\n<p>Pour profiter pleinement d\u2019un <a href=\"https:\/\/les-atypiques-chalets.com\/de\/comment-preparer-votre-sejour-a-gerardmer-conseils-et-astuces\/\" data-wpil-monitor-id=\"2088\">s\u00e9jour dans un chalet des Vosges au printemps, quelques conseils<\/a> pratiques peuvent s\u2019av\u00e9rer utiles. Tout d\u2019abord, il est essentiel de bien s\u2019\u00e9quiper : des v\u00eatements adapt\u00e9s aux changements climatiques, des chaussures de randonn\u00e9e robustes et un \u00e9quipement de pluie sont indispensables. M\u00eame si le printemps est synonyme de douceur, le temps en montagne peut \u00eatre impr\u00e9visible. Pr\u00e9voir une tenue adapt\u00e9e est donc primordial pour \u00e9viter toute d\u00e9convenue.<\/p>\n<p>Ensuite, planifiez votre s\u00e9jour en fonction des activit\u00e9s que vous souhaitez r\u00e9aliser. Pensez \u00e0 consulter les pr\u00e9visions m\u00e9t\u00e9orologiques et \u00e0 <a href=\"https:\/\/les-atypiques-chalets.com\/de\/product\/reservation-2\/\" data-wpil-monitor-id=\"1307\">r\u00e9server certaines activit\u00e9s<\/a> \u00e0 l\u2019avance, notamment les excursions guid\u00e9es ou les visites de sites incontournables. Les offices de tourisme locaux, tels que celui accessible via<br \/>\n<a href=\"https:\/\/www.vosges-tourisme.com\" target=\"_blank\" rel=\"noopener noreferrer nofollow\">Vosges Tourisme<\/a>, offrent des informations pr\u00e9cieuses sur les \u00e9v\u00e9nements et les lieux \u00e0 ne pas manquer.<\/p>\n<p>Si vous \u00eates amateur de photographie, le printemps offre des conditions id\u00e9ales pour capturer la nature luxuriante sous un jour nouveau. Les levers et couchers de soleil y sont particuli\u00e8rement saisissants, mettant en lumi\u00e8re la beaut\u00e9 authentique des paysages vosgiens. N\u2019oubliez pas de respecter la nature et de suivre les instructions locales pour la pr\u00e9servation des sites naturels.<\/p>\n<p>Enfin, pour une immersion totale dans la r\u00e9gion, envisagez de participer aux ateliers et cours propos\u00e9s par les artisans locaux. Que ce soit des ateliers de cuisine, des s\u00e9ances de d\u00e9couverte des plantes m\u00e9dicinales ou des initiations aux techniques artisanales, ces activit\u00e9s vous permettront de repartir avec des souvenirs uniques et des anecdotes enrichissantes.<\/p>\n<h2>L&rsquo;Impact Environnemental<br \/>\net le Tourisme Responsable<\/h2>\n<p>Avec la prise de conscience croissante des enjeux environnementaux, de nombreux <a href=\"https:\/\/les-atypiques-chalets.com\/de\/chalets-abordables-dans-les-vosges-sejour-de-reve-a-petit-prix\/\" data-wpil-monitor-id=\"1302\">chalets dans les Vosges<\/a> mettent en \u0153uvre des pratiques de tourisme durable. L\u2019utilisation de mat\u00e9riaux \u00e9cologiques, le recours \u00e0 des \u00e9nergies renouvelables et la gestion responsable des d\u00e9chets font partie des mesures adopt\u00e9es par les propri\u00e9taires. Cette approche, respectueuse de la nature, renforce l\u2019authenticit\u00e9 et la qualit\u00e9 de l\u2019exp\u00e9rience offerte aux visiteurs.<\/p>\n<p>Le tourisme responsable est un engagement partag\u00e9 par les populations locales qui d\u00e9sirent pr\u00e9server leurs traditions et leur environnement pour les g\u00e9n\u00e9rations futures. En choisissant un chalet qui adopte ces pratiques, vous contribuez activement \u00e0 la protection de ce cadre naturel exceptionnel. Ainsi, votre s\u00e9jour devient non seulement un moment de d\u00e9tente mais aussi un acte de pr\u00e9servation de l\u2019h\u00e9ritage naturel des Vosges.<\/p>\n<p>De plus, plusieurs initiatives locales encouragent la r\u00e9duction de l\u2019empreinte \u00e9cologique des visiteurs. Des circuits de ramassage des d\u00e9chets en montagne aux ateliers de sensibilisation \u00e0 la biodiversit\u00e9, chaque geste compte pour promouvoir un tourisme respectueux de l\u2019environnement. Ces actions renforcent le sentiment d\u2019appartenance \u00e0 une communaut\u00e9 qui prend soin de son cadre de vie.<\/p>\n<h2>Le Printemps et les Sens :<br \/>\nUne Exp\u00e9rience Multisensorielle<\/h2>\n<p>Le retour du printemps dans les Vosges d\u00e9clenche une v\u00e9ritable explosion de sensations. Le parfum des fleurs sauvages, le chant m\u00e9lodieux des oiseaux, et le bruissement des feuilles caress\u00e9es par le vent cr\u00e9ent une symphonie naturelle qui apaise l\u2019\u00e2me. S\u00e9journer dans un chalet durant cette p\u00e9riode vous permet de vivre une exp\u00e9rience sensorielle compl\u00e8te.<\/p>\n<p>Chaque instant pass\u00e9 dans cet environnement invite \u00e0 la m\u00e9ditation et \u00e0 la reconnexion avec la nature. Les soir\u00e9es au coin du feu, agr\u00e9ment\u00e9es par des r\u00e9cits anciens et des l\u00e9gendes de la r\u00e9gion, \u00e9veillent l\u2019imagination et renforcent le sentiment de bien-\u00eatre. Laissez-vous bercer par la douceur du printemps, en savourant un instant de calme ou en partageant un repas en famille sur la terrasse du chalet, entour\u00e9 par le paysage en pleine mutation.<\/p>\n<p>Les activit\u00e9s autour du chalet ne se limitent pas aux promenades et aux d\u00e9couvertes visuelles. Des d\u00e9gustations de produits locaux, comme les fromages affin\u00e9s et les charcuteries artisanales, viennent compl\u00e9ter cette exp\u00e9rience multisensorielle. Les march\u00e9s locaux offrent une immersion authentique dans les traditions culinaires vosgiennes, permettant de go\u00fbter aux saveurs uniques de la r\u00e9gion.<\/p>\n<p>De surcro\u00eet, certains chalets proposent des animations sp\u00e9ciales durant le printemps, telles que des concerts en plein air ou des projections de films en montagne. Ces \u00e9v\u00e9nements, souvent organis\u00e9s en collaboration avec des artistes et musiciens locaux, renforcent les liens entre les habitants et les visiteurs, et offrent un aper\u00e7u privil\u00e9gi\u00e9 de la culture vibrante des Vosges.<\/p>\n<h2>Conclusion :<br \/>\nUne Invitation \u00e0 la D\u00e9couverte<\/h2>\n<p>En conclusion, le s\u00e9jour dans un chalet des Vosges au printemps repr\u00e9sente bien plus qu\u2019une simple escapade. C\u2019est une invitation \u00e0 la d\u00e9couverte d\u2019un territoire riche en histoire, en culture et en beaut\u00e9s naturelles. En optant pour un chalet au c\u0153ur de cette r\u00e9gion, vous choisissez de vivre une exp\u00e9rience authentique, o\u00f9 chaque instant est sublim\u00e9 par le contact direct avec la nature et le savoir-faire local.<\/p>\n<p>Ce cadre authentique permet de renouer avec les valeurs essentielles de la vie, en vous \u00e9loignant du tumulte quotidien pour retrouver la s\u00e9r\u00e9nit\u00e9 d\u2019un environnement pr\u00e9serv\u00e9. Que vous soyez en qu\u00eate d\u2019aventure, de d\u00e9tente ou de culture, les Vosges au printemps offrent un d\u00e9cor id\u00e9al pour r\u00e9pondre \u00e0 toutes vos attentes.<\/p>\n<p>N\u2019h\u00e9sitez pas \u00e0 explorer cette destination unique, \u00e0 participer aux nombreuses activit\u00e9s et \u00e0 vous impr\u00e9gner de l\u2019accueil chaleureux des locaux. Un s\u00e9jour dans un chalet dans les Vosges au printemps est l\u2019assurance d\u2019un voyage enrichissant, tant du point de vue sensoriel qu\u2019\u00e9motionnel. Embarquez pour cette aventure, et laissez-vous envo\u00fbter par la magie du printemps dans les montagnes vosgiennes.<\/p>\n\n\t\t<\/div>\n\t<\/div>\n<\/div><\/div><\/div><\/div>\n<\/div>","protected":false},"excerpt":{"rendered":"Chalet IORIK Capacit\u00e9: 4 personnes Superficie: 45 m2 Bain Nordique: privatif Description de notre Chalet Iorik dans les Vosges Id\u00e9al pour les couples ou les petites familles, le Chalet IORIK est un \u00e9crin de douceur pouvant accueillir jusqu\u2019\u00e0 4 personnes. Avec ses 2 chambres cosy et ces 2 lits de 140\u00d7190, il vous promet des<a href=\"https:\/\/les-atypiques-chalets.com\/de\/chalet-aslan\/\" class=\"sohohotel-more-link\">Read More<\/a>","protected":false},"author":1,"featured_media":1704558,"comment_status":"closed","ping_status":"closed","sticky":false,"template":"","format":"standard","meta":{"_yoast_wpseo_title":"D\u00e9couvrir le Charme du Chalet dans les Vosges au Printemps","_yoast_wpseo_metadesc":"D\u00e9couvrez un chalet unique dans les Vosges au printemps. Profitez de la nature, des activit\u00e9s de plein air et de l'architecture chaleureuse pour un s\u00e9jour inoubliable en montagne.","_yoast_wpseo_focuskw":"#ChaletVosges #PrintempsEnVosges #VacancesMontagne #NatureAuthentique #S\u00e9jourDeCharme","footnotes":""},"categories":[1127],"tags":[1552,1072,782,1570,671],"class_list":["post-1698502","post","type-post","status-publish","format-standard","has-post-thumbnail","hentry","category-location-chalet-gerardmer","tag-chalet","tag-montagne","tag-nature","tag-printemps","tag-vosges"],"_links":{"self":[{"href":"https:\/\/les-atypiques-chalets.com\/de\/wp-json\/wp\/v2\/posts\/1698502","targetHints":{"allow":["GET"]}}],"collection":[{"href":"https:\/\/les-atypiques-chalets.com\/de\/wp-json\/wp\/v2\/posts"}],"about":[{"href":"https:\/\/les-atypiques-chalets.com\/de\/wp-json\/wp\/v2\/types\/post"}],"author":[{"embeddable":true,"href":"https:\/\/les-atypiques-chalets.com\/de\/wp-json\/wp\/v2\/users\/1"}],"replies":[{"embeddable":true,"href":"https:\/\/les-atypiques-chalets.com\/de\/wp-json\/wp\/v2\/comments?post=1698502"}],"version-history":[{"count":0,"href":"https:\/\/les-atypiques-chalets.com\/de\/wp-json\/wp\/v2\/posts\/1698502\/revisions"}],"wp:featuredmedia":[{"embeddable":true,"href":"https:\/\/les-atypiques-chalets.com\/de\/wp-json\/wp\/v2\/media\/1704558"}],"wp:attachment":[{"href":"https:\/\/les-atypiques-chalets.com\/de\/wp-json\/wp\/v2\/media?parent=1698502"}],"wp:term":[{"taxonomy":"category","embeddable":true,"href":"https:\/\/les-atypiques-chalets.com\/de\/wp-json\/wp\/v2\/categories?post=1698502"},{"taxonomy":"post_tag","embeddable":true,"href":"https:\/\/les-atypiques-chalets.com\/de\/wp-json\/wp\/v2\/tags?post=1698502"}],"curies":[{"name":"wp","href":"https:\/\/api.w.org\/{rel}","templated":true}]}}