{"id":1698503,"date":"2025-03-14T07:15:07","date_gmt":"2025-03-14T07:15:07","guid":{"rendered":"https:\/\/les-atypiques-chalets.com\/?p=1698503"},"modified":"2025-05-21T14:26:40","modified_gmt":"2025-05-21T14:26:40","slug":"escapade-inoubliable-au-chalet-des-vosges-pour-la-fete-des-jonquilles","status":"publish","type":"post","link":"https:\/\/les-atypiques-chalets.com\/de\/escapade-inoubliable-au-chalet-des-vosges-pour-la-fete-des-jonquilles\/","title":{"rendered":"Escapade Inoubliable au Chalet des Vosges pour la F\u00eate des Jonquilles"},"content":{"rendered":"<div class=\"wpb-content-wrapper\"><div class=\"vc_row wpb_row vc_row-fluid\"><div class=\"wpb_column vc_column_container vc_col-sm-12\"><div class=\"vc_column-inner\"><div class=\"wpb_wrapper\"><div class=\"vc_empty_space\"   style=\"height: 32px\"><span class=\"vc_empty_space_inner\"><\/span><\/div>\t\n\t<!-- BEGIN .shb-accommodation-listing-style-1 -->\n\t<div class=\"shb-accommodation-listing-style-1 shb-accommodation-listing-style-1-columns-3 sohohotel-owl-carousel-4\">\n\t\t\n\t\t\t\t\n\t\t<!-- BEGIN .shb-accommodation-listing-item -->\n\t\t<div class=\"shb-accommodation-listing-item\">\n\t\t\t\n\t\t\t\t\t\t\t<a href=\"https:\/\/les-atypiques-chalets.com\/de\/chalet-charkhan\/\" rel=\"bookmark\" title=\"Chalet Charkhan\">\n\t\t\t\t\t\t\t\t\t\t<img decoding=\"async\" class=\"shb-accommodation-listing-image\" src=\"https:\/\/les-atypiques-chalets.com\/wp-content\/uploads\/2025\/03\/salon-charkhan-03-L-1180x675.webp\" alt=\"Chalet Charkhan\" \/>\t\t\t\t<\/a>\n\t\t\t\t\t\t\n\t\t\t<div class=\"shb-accommodation-listing-description-wrapper\">\n\t\t\t\t\n\t\t\t\t<h3><a href=\"https:\/\/les-atypiques-chalets.com\/de\/chalet-charkhan\/\" rel=\"bookmark\" title=\"Chalet Charkhan\">Chalet Charkhan<\/a><\/h3>\n\t\t\t\t\n\t\t\t\t<div class=\"shb-accommodation-listing-description shb-clearfix\">\n\t\t\t\t\t\n\t\t\t\t\t<ul>\r\n<li><i class=\"fas fa-user\"><\/i><span>Kapazit\u00e4t<\/span> 6 Personen<\/li>\r\n<li><i class=\"fas fa-ruler-combined\"><\/i><span>Oberfl\u00e4che<\/span> 65 m\u00b2<\/li>\r\n<li><i class=\"fas fa-hot-tub\"><\/i><span> Nordische Badewanne<\/span> privativ<\/li>\r\n<\/ul>\t\t\t\t\t\n\t\t\t\t\t<a href=\"https:\/\/les-atypiques-chalets.com\/de\/chalet-charkhan\/\" class=\"shb-accommodation-listing-button1\">ab 225\u20ac\/Nacht<\/a>\n\t\t\t\t\t<a href=\"https:\/\/les-atypiques-chalets.com\/de\/chalet-charkhan\/\" class=\"shb-accommodation-listing-button2\">Zimmer anzeigen<i class=\"fas fa-chevron-right\"><\/i><\/a>\n\t\t\t\t\n\t\t\t\t<\/div>\n\t\t\t\t\n\t\t\t<\/div>\n\t\t\t\n\t\t<!-- END .shb-accommodation-listing-item -->\n\t\t<\/div>\n\t\t\n\t\t\t\t\n\t\t<!-- BEGIN .shb-accommodation-listing-item -->\n\t\t<div class=\"shb-accommodation-listing-item\">\n\t\t\t\n\t\t\t\t\t\t\t<a href=\"https:\/\/les-atypiques-chalets.com\/de\/chalet-aslan\/\" rel=\"bookmark\" title=\"Chalet Aslan\">\n\t\t\t\t\t\t\t\t\t\t<img decoding=\"async\" class=\"shb-accommodation-listing-image\" src=\"https:\/\/les-atypiques-chalets.com\/wp-content\/uploads\/2025\/03\/ASLAN-2-900x710.webp\" alt=\"Chalet Aslan\" \/>\t\t\t\t<\/a>\n\t\t\t\t\t\t\n\t\t\t<div class=\"shb-accommodation-listing-description-wrapper\">\n\t\t\t\t\n\t\t\t\t<h3><a href=\"https:\/\/les-atypiques-chalets.com\/de\/chalet-aslan\/\" rel=\"bookmark\" title=\"Chalet Aslan\">Chalet Aslan<\/a><\/h3>\n\t\t\t\t\n\t\t\t\t<div class=\"shb-accommodation-listing-description shb-clearfix\">\n\t\t\t\t\t\n\t\t\t\t\t<ul>\r\n<li><i class=\"fas fa-user\"><\/i><span>Kapazit\u00e4t<\/span> 5 Personen<\/li>\r\n<li><i class=\"fas fa-ruler-combined\"><\/i><span>Oberfl\u00e4che<\/span> 65 m\u00b2<\/li>\r\n<li><i class=\"fas fa-hot-tub\"><\/i><span> Nordische Badewanne<\/span> privativ<\/li>\r\n<\/ul>\t\t\t\t\t\n\t\t\t\t\t<a href=\"https:\/\/les-atypiques-chalets.com\/de\/chalet-aslan\/\" class=\"shb-accommodation-listing-button1\">ab 215 \u20ac\/Nacht<\/a>\n\t\t\t\t\t<a href=\"https:\/\/les-atypiques-chalets.com\/de\/chalet-aslan\/\" class=\"shb-accommodation-listing-button2\">Zimmer anzeigen<i class=\"fas fa-chevron-right\"><\/i><\/a>\n\t\t\t\t\n\t\t\t\t<\/div>\n\t\t\t\t\n\t\t\t<\/div>\n\t\t\t\n\t\t<!-- END .shb-accommodation-listing-item -->\n\t\t<\/div>\n\t\t\n\t\t\t\t\n\t\t<!-- BEGIN .shb-accommodation-listing-item -->\n\t\t<div class=\"shb-accommodation-listing-item\">\n\t\t\t\n\t\t\t\t\t\t\t<a href=\"https:\/\/les-atypiques-chalets.com\/de\/chalet-iorik\/\" rel=\"bookmark\" title=\"Chalet Iorik\">\n\t\t\t\t\t\t\t\t\t\t<img decoding=\"async\" class=\"shb-accommodation-listing-image\" src=\"https:\/\/les-atypiques-chalets.com\/wp-content\/uploads\/2025\/09\/iorik-sejour-L-1024x710.webp\" alt=\"Chalet Iorik\" \/>\t\t\t\t<\/a>\n\t\t\t\t\t\t\n\t\t\t<div class=\"shb-accommodation-listing-description-wrapper\">\n\t\t\t\t\n\t\t\t\t<h3><a href=\"https:\/\/les-atypiques-chalets.com\/de\/chalet-iorik\/\" rel=\"bookmark\" title=\"Chalet Iorik\">Chalet Iorik<\/a><\/h3>\n\t\t\t\t\n\t\t\t\t<div class=\"shb-accommodation-listing-description shb-clearfix\">\n\t\t\t\t\t\n\t\t\t\t\t<ul>\r\n<li><i class=\"fas fa-user\"><\/i><span>Kapazit\u00e4t<\/span> 4 Personen<\/li>\r\n<li><i class=\"fas fa-ruler-combined\"><\/i><span>Oberfl\u00e4che<\/span> 45 m2<\/li>\r\n<li><i class=\"fas fa-hot-tub\"><\/i><span> Nordische Badewanne<\/span> privativ<\/li>\r\n<\/ul>\t\t\t\t\t\n\t\t\t\t\t<a href=\"https:\/\/les-atypiques-chalets.com\/de\/chalet-iorik\/\" class=\"shb-accommodation-listing-button1\">ab 170\u20ac\/Nacht<\/a>\n\t\t\t\t\t<a href=\"https:\/\/les-atypiques-chalets.com\/de\/chalet-iorik\/\" class=\"shb-accommodation-listing-button2\">Zimmer anzeigen<i class=\"fas fa-chevron-right\"><\/i><\/a>\n\t\t\t\t\n\t\t\t\t<\/div>\n\t\t\t\t\n\t\t\t<\/div>\n\t\t\t\n\t\t<!-- END .shb-accommodation-listing-item -->\n\t\t<\/div>\n\t\t\n\t\t\t\t\n\t<!-- END .shb-accommodation-listing-style-1 -->\n\t<\/div>\n\t\n\t<div class=\"vc_row wpb_row vc_inner vc_row-fluid\"><div class=\"wpb_column vc_column_container vc_col-sm-4\"><div class=\"vc_column-inner\"><div class=\"wpb_wrapper\">\n\t<div  class=\"wpb_single_image wpb_content_element vc_align_left wpb_content_element\">\n\t\t\n\t\t<figure class=\"wpb_wrapper vc_figure\">\n\t\t\t<a href=\"https:\/\/www.airbnb.fr\/rooms\/1181799444491659558?source_impression_id=p3_1737454110_P389ZYEJ78eXKMcr\" target=\"_self\" class=\"vc_single_image-wrapper   vc_box_border_grey\" rel=\"nofollow noopener\"><img decoding=\"async\" width=\"694\" height=\"426\" src=\"https:\/\/les-atypiques-chalets.com\/wp-content\/uploads\/2025\/01\/Capture-decran-2025-01-15-a-13.55.52.jpg\" class=\"vc_single_image-img attachment-full\" alt=\"Die Atypiques Chalets mit einer perfekten Punktzahl von 5,0 ausgezeichnet, was sie zu einem Favoriten von Reisenden macht.\" title=\"Les Atypiques Chalets \u2013 Ein Herzenswunsch von Airbnb-Reisenden\" srcset=\"https:\/\/les-atypiques-chalets.com\/wp-content\/uploads\/2025\/01\/Capture-decran-2025-01-15-a-13.55.52.jpg 694w, https:\/\/les-atypiques-chalets.com\/wp-content\/uploads\/2025\/01\/Capture-decran-2025-01-15-a-13.55.52-300x184.jpg 300w, https:\/\/les-atypiques-chalets.com\/wp-content\/uploads\/2025\/01\/Capture-decran-2025-01-15-a-13.55.52-100x61.jpg 100w, https:\/\/les-atypiques-chalets.com\/wp-content\/uploads\/2025\/01\/Capture-decran-2025-01-15-a-13.55.52-600x368.jpg 600w\" sizes=\"(max-width: 694px) 100vw, 694px\" \/><\/a>\n\t\t<\/figure>\n\t<\/div>\n<\/div><\/div><\/div><div class=\"wpb_column vc_column_container vc_col-sm-4\"><div class=\"vc_column-inner\"><div class=\"wpb_wrapper\">\n\t<div  class=\"wpb_single_image wpb_content_element vc_align_left wpb_content_element\">\n\t\t\n\t\t<figure class=\"wpb_wrapper vc_figure\">\n\t\t\t<a href=\"https:\/\/www.google.com\/search?q=Les+Atypiques+Chalets&#038;stick=H4sIAAAAAAAA_-NgU1I1qDAxtzRONkwyTTM3MDK2TEmzMqgAshItTdIMTFINjC1NDJIXsYr6pBYrOJZUFmQWlgJZzhmJOaklxQAK4Na5QQAAAA&#038;hl=fr&#038;ma\" target=\"_self\" class=\"vc_single_image-wrapper   vc_box_border_grey\" rel=\"nofollow noopener\"><img decoding=\"async\" width=\"324\" height=\"156\" src=\"https:\/\/les-atypiques-chalets.com\/wp-content\/uploads\/2024\/03\/avis-google.webp\" class=\"vc_single_image-img attachment-full\" alt=\"\" title=\"Google-Bewertung\" srcset=\"https:\/\/les-atypiques-chalets.com\/wp-content\/uploads\/2024\/03\/avis-google.webp 324w, https:\/\/les-atypiques-chalets.com\/wp-content\/uploads\/2024\/03\/avis-google-300x144.webp 300w, https:\/\/les-atypiques-chalets.com\/wp-content\/uploads\/2024\/03\/avis-google-100x48.webp 100w\" sizes=\"(max-width: 324px) 100vw, 324px\" \/><\/a>\n\t\t<\/figure>\n\t<\/div>\n<\/div><\/div><\/div><div class=\"wpb_column vc_column_container vc_col-sm-4\"><div class=\"vc_column-inner\"><div class=\"wpb_wrapper\">\n\t<div  class=\"wpb_single_image wpb_content_element vc_align_left wpb_content_element\">\n\t\t\n\t\t<figure class=\"wpb_wrapper vc_figure\">\n\t\t\t<a href=\"https:\/\/www.airbnb.fr\/users\/show\/202431572\" target=\"_self\" class=\"vc_single_image-wrapper   vc_box_border_grey\" rel=\"nofollow noopener\"><img decoding=\"async\" width=\"375\" height=\"125\" src=\"https:\/\/les-atypiques-chalets.com\/wp-content\/uploads\/2024\/10\/create-a-professionally-written-new-airbnb-listing-1600x533-1.webp\" class=\"vc_single_image-img attachment-full\" alt=\"\" title=\"Erstellen Sie eine professionell geschriebene neue Airbnb-Liste (1600x533)\" srcset=\"https:\/\/les-atypiques-chalets.com\/wp-content\/uploads\/2024\/10\/create-a-professionally-written-new-airbnb-listing-1600x533-1.webp 375w, https:\/\/les-atypiques-chalets.com\/wp-content\/uploads\/2024\/10\/create-a-professionally-written-new-airbnb-listing-1600x533-1-300x100.webp 300w, https:\/\/les-atypiques-chalets.com\/wp-content\/uploads\/2024\/10\/create-a-professionally-written-new-airbnb-listing-1600x533-1-100x33.webp 100w\" sizes=\"(max-width: 375px) 100vw, 375px\" \/><\/a>\n\t\t<\/figure>\n\t<\/div>\n<\/div><\/div><\/div><\/div><\/div><\/div><\/div><\/div><div class=\"vc_row wpb_row vc_row-fluid\"><div class=\"wpb_column vc_column_container vc_col-sm-12\"><div class=\"vc_column-inner\"><div class=\"wpb_wrapper\">\n\t<div class=\"wpb_text_column wpb_content_element\" >\n\t\t<div class=\"wpb_wrapper\">\n\t\t\t<p>Keywords: chalet Vosges f\u00eate des jonquilles, escapade Vosges, tradition florale, s\u00e9jour en montagne, tourisme Vosges<\/p>\n<p>Bienvenue dans l&rsquo;univers f\u00e9erique du chalet des Vosges pendant la F\u00eate des Jonquilles. Si vous \u00eates \u00e0 la recherche d&rsquo;un s\u00e9jour m\u00ealant charme authentique, traditions locales et paysages grandioses, cet article est fait pour vous. Nous vous invitons \u00e0 plonger dans l&rsquo;atmosph\u00e8re estivale et printani\u00e8re des Vosges, une r\u00e9gion r\u00e9put\u00e9e pour ses for\u00eats majestueuses, ses montagnes pittoresques et sa riche histoire culturelle. \u00c0 l&rsquo;approche de la c\u00e9l\u00e8bre <a href=\"https:\/\/les-atypiques-chalets.com\/de\/gerardmer-fetes-des-jonquilles-2025-un-evenement-floral-a-ne-pas-manquer\/\" data-wpil-monitor-id=\"1284\">f\u00eate des jonquilles<\/a>, le temps est venu de d\u00e9couvrir comment allier d\u00e9tente, d\u00e9couvertes culturelles et activit\u00e9s en pleine nature dans un cadre idyllique.<\/p>\n<h2>Le Charme Authentique<br \/>\ndu Chalet Vosges<\/h2>\n<p>Lesen <a href=\"https:\/\/les-atypiques-chalets.com\/de\/les-atypiques-chalets-a-gerardmer-un-sejour-atypique-dans-les-vosges\/\" data-wpil-monitor-id=\"1496\">chalets des Vosges<\/a> repr\u00e9sentent la quintessence du refuge montagnard. Con\u00e7us dans le respect de l&rsquo;architecture traditionnelle, ils offrent une ambiance chaleureuse et rustique, id\u00e9ale pour se ressourcer loin du tumulte urbain. Chaque chalet est pens\u00e9 pour offrir confort et intimit\u00e9, avec des \u00e9l\u00e9ments en bois massif et des chemin\u00e9es en pierre qui ajoutent une touche authentique \u00e0 votre s\u00e9jour.<\/p>\n<p>Au-del\u00e0 de leur aspect esth\u00e9tique, ces chalets sont souvent situ\u00e9s \u00e0 proximit\u00e9 de sentiers de <a href=\"https:\/\/les-atypiques-chalets.com\/de\/les-plus-belles-randonnees-dans-le-haut-rhin-guide-complet\/\" data-wpil-monitor-id=\"1288\">Wanderung<\/a> et de pistes cyclables, permettant aux visiteurs de se reconnecter avec la nature. La f\u00eate des jonquilles marque une p\u00e9riode o\u00f9 les paysages se parent de touches de jaune vif, symbole d\u2019espoir et de renouveau. Ce spectacle color\u00e9 se marie <a href=\"https:\/\/les-atypiques-chalets.com\/de\/trouvez-le-chalet-parfait-a-louer-a-gerardmer\/\" data-wpil-monitor-id=\"1296\">parfaitement avec l\u2019ambiance chaleureuse du chalet<\/a>, singuli\u00e8re dans cette r\u00e9gion du nord-est de la France.<\/p>\n<p>Le choix d\u2019un <a href=\"https:\/\/les-atypiques-chalets.com\/de\/votre-chalet-de-randonnee-dans-les-vosges-au-coeur-de-la-nature\/\" data-wpil-monitor-id=\"1281\">chalet dans les Vosges<\/a> pour c\u00e9l\u00e9brer la f\u00eate des jonquilles n\u2019est pas anodin. La r\u00e9gion offre un cadre id\u00e9al pour des <a href=\"https:\/\/les-atypiques-chalets.com\/de\/reservez-votre-chalet-a-gerardmer-pour-6-personnes-aux-atypiques-chalets\/\" data-wpil-monitor-id=\"1297\">vacances en famille ou une escapade<\/a> en amoureux. Apr\u00e8s une <a href=\"https:\/\/les-atypiques-chalets.com\/de\/decouverte-du-champ-de-roches-pres-de-gerardmer-hebergement-unique-aux-atypiques-chalets\/\" data-wpil-monitor-id=\"1298\">journ\u00e9e pass\u00e9e \u00e0 d\u00e9couvrir les magnifiques paysages et les champs<\/a> de jonquilles en fleurs, un chaleureux feu de chemin\u00e9e dans votre chalet vous attend pour un moment de d\u00e9tente absolue.<\/p>\n<h2>La F\u00eate des Jonquilles :<br \/>\nTradition et Renouveau<\/h2>\n<p>La f\u00eate des jonquilles est bien plus qu\u2019une c\u00e9l\u00e9bration de la floraison de ces embl\u00e9matiques fleurs jaunes. Elle est le reflet d\u2019un riche h\u00e9ritage culturel o\u00f9 traditions et modernit\u00e9 se m\u00ealent harmonieusement. Organis\u00e9e dans divers villages et municipalit\u00e9s des Vosges, cette f\u00eate est l\u2019occasion pour les habitants de revisiter les coutumes ancestrales et d\u2019accueillir les visiteurs dans une ambiance conviviale et festive.<\/p>\n<p>Durant la f\u00eate des jonquilles, vous pourrez assister \u00e0 de nombreuses animations telles que des expositions florales, des march\u00e9s artisanaux, des concerts en plein air et m\u00eame des ateliers de jardinage pour petits et grands. Chaque \u00e9v\u00e9nement est teint\u00e9 d\u2019une attention particuli\u00e8re port\u00e9e \u00e0 la nature et au respect de l\u2019environnement, faisant de cette c\u00e9l\u00e9bration un rendez-vous incontournable pour les amoureux de la biodiversit\u00e9.<\/p>\n<p>Les traditions de la f\u00eate des jonquilles trouvent souvent leur origine dans d\u2019anciennes c\u00e9r\u00e9monies pa\u00efennes, c\u00e9l\u00e9brant la fin de l\u2019hiver et l\u2019arriv\u00e9e d\u2019un printemps prometteur. Aujourd\u2019hui, ces traditions ont \u00e9volu\u00e9 pour inclure des manifestations culturelles et artistiques tr\u00e8s pris\u00e9es des touristes comme des locaux. Une parfaite illustration de la fusion entre pass\u00e9 et pr\u00e9sent, la f\u00eate incarne un vent de renouveau qui stimule l\u2019\u00e9conomie locale et incite \u00e0 la pr\u00e9servation des savoir-faire traditionnels.<\/p>\n<p>Pour ceux qui souhaitent en savoir plus sur le contexte historique et les \u00e9v\u00e9nements \u00e0 venir, le site officiel <a href=\"https:\/\/www.vosges-tourisme.com\" target=\"_blank\" rel=\"noopener noreferrer nofollow\">Vosges Tourisme<\/a> offre une mine d\u2019informations d\u00e9taill\u00e9es sur les diff\u00e9rentes manifestations et sur les itin\u00e9raires recommand\u00e9s dans la r\u00e9gion.<\/p>\n<h2>Activit\u00e9s et D\u00e9couvertes aux Vosges<br \/>\npendant la F\u00eate des Jonquilles<\/h2>\n<p>Outre l&rsquo;ambiance festive qui r\u00e8gne durant cette p\u00e9riode, la <a href=\"https:\/\/les-atypiques-chalets.com\/de\/les-activites-familiales-autour-de-gerardmer-suggestions-dactivites-et-de-sorties-adaptees-aux-familles-avec-enfants-dans-la-region\/\" data-wpil-monitor-id=\"1299\">r\u00e9gion des Vosges regorge d&rsquo;activit\u00e9s<\/a> passionnantes \u00e0 d\u00e9couvrir. Voici quelques exemples d\u2019activit\u00e9s qui vous permettront de vivre un s\u00e9jour riche en \u00e9motions et en d\u00e9couvertes culturelles :<\/p>\n<h3>Randonn\u00e9es et Balades en Nature<\/h3>\n<p>Les Vosges sont l&rsquo;une des destinations les plus pris\u00e9es pour les amateurs de <a href=\"https:\/\/les-atypiques-chalets.com\/de\/les-10-choses-a-faire-a-gerardmer-en-ete\/\" data-wpil-monitor-id=\"1740\">Wanderungen<\/a>. De nombreux sentiers, adapt\u00e9s \u00e0 tous les niveaux, serpentent \u00e0 travers des paysages vari\u00e9s allant des for\u00eats denses aux prairies fleuries. La p\u00e9riode de la f\u00eate des jonquilles est id\u00e9ale pour partir en exploration, car les champs se teintent d&rsquo;une <a href=\"https:\/\/les-atypiques-chalets.com\/de\/conseils-de-decoration-et-amenagement-pour-les-locations-saisonnieres-11-astuces-cles-pour-attirer-les-locataires\/\" data-wpil-monitor-id=\"1285\">palette de couleurs<\/a> \u00e9clatantes. Chaque pas vous rapproche de la nature et d\u00e9voile des panoramas \u00e0 couper le souffle.<\/p>\n<p>Les randonneurs pourront choisir parmi une multitude de circuits, que ce soit pour une promenade paisible en famille ou pour une exp\u00e9dition plus sportive. Par exemple, le sentier des Cr\u00eates offre un parcours panoramique exceptionnel, tandis que les chemins moins connus r\u00e9v\u00e8lent des tr\u00e9sors cach\u00e9s de biodiversit\u00e9.<\/p>\n<h3>D\u00e9couverte du Patrimoine Culturel<\/h3>\n<p>Les Vosges, c\u2019est aussi une plong\u00e9e fascinante dans <a href=\"https:\/\/les-atypiques-chalets.com\/de\/lhistoire-et-la-culture-de-la-region-de-gerardmer\/\" data-wpil-monitor-id=\"1300\">l&rsquo;histoire et la culture de la r\u00e9gion<\/a>. En visitant les villages traditionnels, vous pourrez admirer l\u2019architecture typique, les <a href=\"https:\/\/les-atypiques-chalets.com\/de\/le-patrimoine-architectural-autour-de-gerardmer-decouverte-des-batiments-historiques-chateaux-et-eglises\/\" data-wpil-monitor-id=\"1289\">\u00e9glises<\/a> centenaires et les mus\u00e9es retra\u00e7ant l\u2019histoire locale. La f\u00eate des jonquilles sert \u00e9galement de cadre \u00e0 des expositions et des d\u00e9monstrations d\u2019artisanat, mettant en lumi\u00e8re le savoir-faire ancestral des Vosgiens.<\/p>\n<p>Parmi les lieux \u00e0 ne pas manquer, on peut citer le mus\u00e9e de la montagne qui retrace l\u2019\u00e9volution de l\u2019habitat et des traditions dans les zones rurales. Ces rendez-vous culturels vous permettent de vivre au rythme des saisons et de ressentir l\u2019\u00e2me vivante de cette r\u00e9gion.<\/p>\n<h3>Activit\u00e9s Sportives et Loisirs<\/h3>\n<p>Pour les amateurs d\u2019activit\u00e9s plus dynamiques, la r\u00e9gion propose des <a href=\"https:\/\/les-atypiques-chalets.com\/de\/decouvrez-le-tourisme-nature-dans-les-vosges\/\" data-wpil-monitor-id=\"1293\">sports de plein air<\/a> adapt\u00e9s \u00e0 tous les \u00e2ges. La f\u00eate des jonquilles co\u00efncide souvent avec des comp\u00e9titions de VTT, des parcours d\u2019accrobranche et m\u00eame des initiations \u00e0 l\u2019escalade. Ces activit\u00e9s sportive permettent aux visiteurs de se reconnecter avec leur corps et de profiter pleinement des espaces naturels des <a href=\"https:\/\/les-atypiques-chalets.com\/de\/tag\/vogesen\/\" data-wpil-monitor-id=\"2169\">Vogesen<\/a>.<\/p>\n<p>Les familles trouveront \u00e9galement leur bonheur dans des activit\u00e9s ludiques telles que la g\u00e9ocaching, une chasse au tr\u00e9sor moderne m\u00ealant technologie et nature, ou encore des balades \u00e0 cheval au c\u0153ur des for\u00eats. Ces initiatives sont con\u00e7ues pour favoriser le lien interg\u00e9n\u00e9rationnel et cr\u00e9er des souvenirs imp\u00e9rissables.<\/p>\n<h2>Gastronomie et Convivialit\u00e9<br \/>\ndans un Cadre Montagnard<\/h2>\n<p><a href=\"https:\/\/les-atypiques-chalets.com\/de\/pourquoi-choisir-gerardmer-pour-votre-prochaine-location-de-chalet\/\" data-wpil-monitor-id=\"1282\">Un s\u00e9jour dans un chalet des Vosges<\/a> durant la f\u00eate des jonquilles ne serait pas complet sans s&rsquo;adonner \u00e0 la d\u00e9couverte de la gastronomie locale. La r\u00e9gion est r\u00e9put\u00e9e pour ses produits du terroir, ses sp\u00e9cialit\u00e9s culinaires et leurs recettes authentiques transmises de g\u00e9n\u00e9ration en g\u00e9n\u00e9ration.<\/p>\n<p>Au c\u0153ur du chalet, vous pouvez pr\u00e9parer des <a href=\"https:\/\/les-atypiques-chalets.com\/de\/meilleurs-restaurants-gerardmer-tour-culinaire\/\" data-wpil-monitor-id=\"1952\">plats savoureux<\/a> \u00e0 base de produits frais du march\u00e9. Les sp\u00e9cialit\u00e9s locales incluent la tartiflette, les fromages affin\u00e9s et les charcuteries artisanales, qui se marient parfaitement avec les vins de la r\u00e9gion. Le charme d\u2019un repas en famille ou entre amis, autour d\u2019une grande table, illustre parfaitement l\u2019esprit convivial et chaleureux des Vosges.<\/p>\n<p>De nombreux restaurants et auberges situ\u00e9s \u00e0 proximit\u00e9 des chalets accueillent les visiteurs pour leur faire d\u00e9couvrir des mets typiques. Ils proposent souvent des menus traditionnels mis en valeur par des chefs passionn\u00e9s. Les march\u00e9s de producteurs locaux sont d\u2019ailleurs des lieux incontournables o\u00f9 l\u2019on peut d\u00e9guster et acheter des produits frais, tout en \u00e9changeant avec les artisans qui perp\u00e9tuent ces traditions culinaires.<\/p>\n<h2>Comment Organiser Votre S\u00e9jour<br \/>\nau Chalet pendant la F\u00eate des Jonquilles<\/h2>\n<p>Organiser un <a href=\"https:\/\/les-atypiques-chalets.com\/de\/chalets-gerardmer-avec-sauna-chalets-vosges-avec-sauna-les-atypiques-chalets\/\" data-wpil-monitor-id=\"1294\">s\u00e9jour dans un chalet au c\u0153ur des Vosges<\/a> pendant la f\u00eate des jonquilles demande quelques pr\u00e9paratifs afin de profiter pleinement de toutes les facettes de cette exp\u00e9rience authentique. Voici quelques <a href=\"https:\/\/les-atypiques-chalets.com\/de\/conseils-pour-des-vacances-reussies-en-location-saisonniere\/\" data-wpil-monitor-id=\"1292\">conseils pratiques pour r\u00e9ussir vos vacances<\/a> :<\/p>\n<h3>Choisir le Chalet Id\u00e9al<\/h3>\n<p>La premi\u00e8re \u00e9tape consiste \u00e0 s\u00e9lectionner le chalet qui r\u00e9pondra \u00e0 vos besoins en termes d\u2019espace, de confort et de localisation. Il est essentiel de privil\u00e9gier un chalet situ\u00e9 \u00e0 proximit\u00e9 des sites d\u2019animation de la f\u00eate et des principales attractions touristiques. Certains \u00e9tablissements offrent m\u00eame des forfaits incluant des activit\u00e9s culturelles et des excursions dans la r\u00e9gion.<\/p>\n<p>Prenez le temps de consulter les avis des pr\u00e9c\u00e9dents visiteurs et n\u2019h\u00e9sitez pas \u00e0 contacter les propri\u00e9taires pour obtenir des renseignements compl\u00e9mentaires sur les \u00e9quipements et les services propos\u00e9s. Un bon choix de logement fera toute la diff\u00e9rence dans la qualit\u00e9 de votre s\u00e9jour.<\/p>\n<h3>Planifier un Itin\u00e9raire d&rsquo;Activit\u00e9s<\/h3>\n<p>Pour maximiser votre exp\u00e9rience, il est conseill\u00e9 de planifier \u00e0 l\u2019avance les activit\u00e9s auxquelles vous souhaitez participer. Que vous soyez amateur de randonn\u00e9e, passionn\u00e9 par l&rsquo;histoire ou fin gourmet, les Vosges offrent un \u00e9ventail d\u2019options qui sauront satisfaire toutes vos envies.<\/p>\n<p>\u00c9tablissez un itin\u00e9raire en tenant compte des horaires des animations de la f\u00eate des jonquilles, des heures d\u2019ouverture des mus\u00e9es et des march\u00e9s locaux. N\u2019oubliez pas d\u2019inclure des moments de repos pour profiter pleinement de la tranquillit\u00e9 du chalet. La planification est la cl\u00e9 d\u2019un s\u00e9jour r\u00e9ussi et sans stress.<\/p>\n<h3>R\u00e9server Vos Activit\u00e9s et Excursions<\/h3>\n<p>De nombreuses activit\u00e9s, notamment les visites guid\u00e9es et les excursions nature, n\u00e9cessitent une <a href=\"https:\/\/les-atypiques-chalets.com\/de\/reservation\/\" data-wpil-monitor-id=\"1290\">r\u00e9servation<\/a> pr\u00e9alable. Afin d\u2019\u00e9viter les mauvaises surprises, renseignez-vous sur les disponibilit\u00e9s et r\u00e9servez d\u00e8s que possible. Certaines excursions combinent plusieurs activit\u00e9s telles que la randonn\u00e9e, la d\u00e9gustation de <a href=\"https:\/\/les-atypiques-chalets.com\/de\/astuces-eco-responsables-pour-les-locataires-saisonniers-conseils-pour-un-sejour-ecologique-et-responsable-dans-votre-location-saisonniere\/\" data-wpil-monitor-id=\"1286\">lokale Produkte<\/a> et la visite de sites historiques.<\/p>\n<p>Il est \u00e9galement recommand\u00e9 de contacter l\u2019office de tourisme local pour obtenir des conseils personnalis\u00e9s sur les activit\u00e9s adapt\u00e9es \u00e0 vos go\u00fbts et \u00e0 votre disponibilit\u00e9. Vous pouvez par exemple visiter le site de <a href=\"https:\/\/www.vosges-tourisme.com\" target=\"_blank\" rel=\"noopener noreferrer nofollow\">Vosges Tourisme<\/a> pour d\u00e9couvrir les \u00e9v\u00e9nements et les excursions propos\u00e9s pendant la saison de la f\u00eate des jonquilles.<\/p>\n<h2>Immersion dans la Nature :<br \/>\nL&rsquo;Attraction des Jonquilles<\/h2>\n<p>Les jonquilles, symboles du renouveau et du printemps, offrent un spectacle visuel \u00e9poustouflant. Dans les vastes plaines et les prairies des Vosges, ces fleurs jaunes ponctuent les paysages, \u00e9voquant des sentiments de chaleur et de l\u00e9g\u00e8ret\u00e9 apr\u00e8s l\u2019hiver rigoureux.<\/p>\n<p>La floraison des jonquilles est un moment tant attendu par les habitants et les visiteurs. Ce ph\u00e9nom\u00e8ne naturel invite \u00e0 la m\u00e9ditation et \u00e0 la d\u00e9tente, tout en offrant de superbes opportunit\u00e9s photographiques. Les passionn\u00e9s de botanique et les amateurs de photographie trouvent dans ce d\u00e9cor une source d&rsquo;inspiration sans fin, capable de capturer l\u2019essence m\u00eame de la nature et de la vie.<\/p>\n<p>De nombreux sentiers sp\u00e9cialement am\u00e9nag\u00e9s permettent aux visiteurs d&rsquo;observer de pr\u00e8s la m\u00e9tamorphose des paysages. Les experts locaux organisent r\u00e9guli\u00e8rement des balades comment\u00e9es, durant lesquelles ils expliquent la symbolique des jonquilles et leur importance \u00e9cologique. Ces explications enrichissantes offrent une perspective nouvelle sur la coexistence harmonieuse entre l\u2019homme et la nature dans cette r\u00e9gion si particuli\u00e8re.<\/p>\n<h2>La Vie Locale et<br \/>\nl\u2019Art de la Convivialit\u00e9<\/h2>\n<p>Au-del\u00e0 de ses beaut\u00e9s naturelles, la r\u00e9gion des Vosges s\u00e9duit par la vitalit\u00e9 et la g\u00e9n\u00e9rosit\u00e9 de ses habitants. En participant \u00e0 la f\u00eate des jonquilles, vous aurez l\u2019opportunit\u00e9 de vivre des moments authentiques, ponctu\u00e9s par des rencontres chaleureuses et des \u00e9changes riches de sens.<\/p>\n<p>Les march\u00e9s locaux, ponctu\u00e9s de stands artisanaux et de d\u00e9gustations, permettent de d\u00e9couvrir l\u2019art de vivre vosgien. Les habitants, fiers de leur patrimoine, partagent volontiers anecdotes et conseils sur les secrets cach\u00e9s de la r\u00e9gion. Cette interaction cr\u00e9e un sentiment de communaut\u00e9 et d\u2019appartenance qui transforme chaque visite en une exp\u00e9rience humaine inoubliable.<\/p>\n<p>Les soir\u00e9es festives organis\u00e9es dans les villages voisins offrent quant \u00e0 elles une immersion dans la musique traditionnelle, les danses folkloriques et les chants populaires. Ces \u00e9v\u00e9nements, souvent en plein air et agr\u00e9ment\u00e9s de feux de camp, invitent tous les participants \u00e0 se laisser emporter par l\u2019ambiance conviviale et \u00e0 partager des moments de pure joie.<\/p>\n<h2>Praktische Ratschl\u00e4ge<br \/>\npour un S\u00e9jour R\u00e9ussit<\/h2>\n<p>Pour cl\u00f4turer notre exploration du <a href=\"https:\/\/les-atypiques-chalets.com\/de\/la-fete-des-jonquilles-de-gerardmer\/\" data-wpil-monitor-id=\"1283\">s\u00e9jour au chalet des Vosges pendant la f\u00eate des jonquilles<\/a>, voici quelques conseils pratiques \u00e0 garder en t\u00eate :<\/p>\n<ul>\n<li><strong>R\u00e9servez \u00e0 l&rsquo;avance :<\/strong> La p\u00e9riode de la f\u00eate des jonquilles est tr\u00e8s pris\u00e9e. Il est conseill\u00e9 de <a href=\"https:\/\/les-atypiques-chalets.com\/de\/product\/reservation-2\/\" data-wpil-monitor-id=\"1287\">r\u00e9server votre logement et vos activit\u00e9s<\/a> bien \u00e0 l&rsquo;avance pour \u00e9viter toute d\u00e9convenue.<\/li>\n<li><strong>Pr\u00e9parez vos \u00e9quipements :<\/strong> Si vous envisagez d&rsquo;explorer les sentiers de randonn\u00e9e, n&rsquo;oubliez pas de vous \u00e9quiper de v\u00eatements adapt\u00e9s, de bonnes chaussures et d\u2019un appareil photo pour immortaliser ces instants magiques.<\/li>\n<li><strong>Informez-vous sur la m\u00e9t\u00e9o :<\/strong> Les conditions climatiques en montagne peuvent \u00e9voluer rapidement. Consultez r\u00e9guli\u00e8rement les pr\u00e9visions m\u00e9t\u00e9o et adaptez vos plans en cons\u00e9quence.<\/li>\n<li><strong>Respectez l&rsquo;environnement :<\/strong> La pr\u00e9servation des paysages et de la biodiversit\u00e9 est une priorit\u00e9. Veillez \u00e0 respecter les espaces naturels et \u00e0 adopter des comportements \u00e9coresponsables durant votre s\u00e9jour.<\/li>\n<li><strong>Plongez dans la culture locale :<\/strong> Profitez de chaque opportunit\u00e9 pour \u00e9changer avec les habitants et d\u00e9couvrir les coutumes r\u00e9gionales. Ces \u00e9changes authentiques enrichissent votre exp\u00e9rience et offrent une vision plus compl\u00e8te de la vie vosgienne.<\/li>\n<\/ul>\n<h2>Conclusion : Une Odyss\u00e9e entre Nature,<br \/>\nCulture et Tradition<\/h2>\n<p>En conclusion, un <a href=\"https:\/\/les-atypiques-chalets.com\/de\/halloween-2024-en-lorraine-les-meilleurs-evenements-a-ne-pas-manquer\/\" data-wpil-monitor-id=\"1295\">s\u00e9jour dans un chalet des Vosges durant la F\u00eate<\/a> des Jonquilles s&rsquo;annonce comme une v\u00e9ritable odyss\u00e9e m\u00ealant nature, culture et convivialit\u00e9. Ce moment privil\u00e9gi\u00e9 permet non seulement de se ressourcer dans un environnement authentique et <a href=\"https:\/\/les-atypiques-chalets.com\/de\/quest-ce-quun-bain-nordique\/\" data-wpil-monitor-id=\"1291\">relaxant<\/a>, mais \u00e9galement de participer \u00e0 une tradition florale riche de sens et d&rsquo;histoire. Le mariage <a href=\"https:\/\/les-atypiques-chalets.com\/de\/le-chalet-parfait-a-gerardmer-pour-vos-vacances-dete\/\" data-wpil-monitor-id=\"1301\">parfait entre le confort d\u2019un chalet<\/a> typiquement vosgien et la c\u00e9l\u00e9bration color\u00e9e de la jonquille offre une exp\u00e9rience unique pour ceux qui souhaitent s&rsquo;\u00e9vader et d\u00e9couvrir une r\u00e9gion au patrimoine vivant.<\/p>\n<p>Que vous soyez amateur de randonn\u00e9es, passionn\u00e9 par l&rsquo;histoire locale ou simplement en qu\u00eate de moments de d\u00e9tente, les Vosges vous accueillent avec un sourire sinc\u00e8re et une hospitalit\u00e9 l\u00e9gendaire. La f\u00eate des jonquilles est l&rsquo;occasion de red\u00e9couvrir la nature dans toute sa splendeur et de partager des moments intenses avec vos proches. Ce s\u00e9jour marquera sans aucun doute une pause bienvenue dans votre quotidien, tout en vous offrant des souvenirs imp\u00e9rissables.<\/p>\n<p>N&rsquo;attendez plus pour organiser votre voyage et laissez-vous s\u00e9duire par l&rsquo;authenticit\u00e9 d&rsquo;un chalet au c\u0153ur des Vosges lors de la f\u00eate des jonquilles. Entre traditions ancestrales, paysages envo\u00fbtants et une multitude d&rsquo;activit\u00e9s, chaque instant devient une c\u00e9l\u00e9bration de la vie et du renouveau. Embarquez pour une aventure o\u00f9 chaque fleur de jonquille raconte une histoire, chaque sentier d\u00e9voile un secret, et chaque rencontre nourrit l\u2019\u00e2me.<\/p>\n<p>En r\u00e9sum\u00e9, cet article vous a pr\u00e9sent\u00e9 de mani\u00e8re d\u00e9taill\u00e9e et enrichie les multiples facettes de ce qui rend un s\u00e9jour au <a href=\"https:\/\/les-atypiques-chalets.com\/de\/week-end-dans-les-vosges-au-printemps-une-invitation-a-la-decouverte\/\" data-wpil-monitor-id=\"1280\">chalet dans les Vosges<\/a> pendant la f\u00eate des jonquilles si unique. Entre le charme des chalets traditionnels, la richesse des activit\u00e9s culturelles et sportives, et l\u2019authenticit\u00e9 de la vie locale, chaque aspect de votre escapade contribuera \u00e0 cr\u00e9er des souvenirs authentiques et durables. Alors, pr\u00e9parez vos valises, laissez-vous \u00e9blouir par la beaut\u00e9 des paysages et vivez des moments exceptionnels au c\u0153ur de l\u2019un des territoires les plus enchanteurs de France.<\/p>\n\n\t\t<\/div>\n\t<\/div>\n<\/div><\/div><\/div><\/div>\n<\/div>","protected":false},"excerpt":{"rendered":"Chalet IORIK Capacit\u00e9: 4 personnes Superficie: 45 m2 Bain Nordique: privatif Description de notre Chalet Iorik dans les Vosges Id\u00e9al pour les couples ou les petites familles, le Chalet IORIK est un \u00e9crin de douceur pouvant accueillir jusqu\u2019\u00e0 4 personnes. Avec ses 2 chambres cosy et ces 2 lits de 140\u00d7190, il vous promet des<a href=\"https:\/\/les-atypiques-chalets.com\/de\/chalet-aslan\/\" class=\"sohohotel-more-link\">Read More<\/a>","protected":false},"author":1,"featured_media":1704495,"comment_status":"closed","ping_status":"closed","sticky":false,"template":"","format":"standard","meta":{"_yoast_wpseo_title":"Escapade Inoubliable au Chalet des Vosges pour la F\u00eate des Jonquilles","_yoast_wpseo_metadesc":"D\u00e9couvrez l'exp\u00e9rience unique d'un s\u00e9jour dans un chalet authentique des Vosges durant la f\u00eate des jonquilles. Plongez dans la tradition, la nature et la convivialit\u00e9 de cette r\u00e9gion montagnarde exceptionnelle.","_yoast_wpseo_focuskw":"#ChaletVosges #F\u00eateDesJonquilles #TourismeVosges #EscapadeMontagnarde #TraditionVosgienne","footnotes":""},"categories":[1127],"tags":[1268,1571,944,734,1572],"class_list":["post-1698503","post","type-post","status-publish","format-standard","has-post-thumbnail","hentry","category-location-chalet-gerardmer","tag-chalet-vosges","tag-escapade-montagnarde","tag-fete-des-jonquilles","tag-tourisme-vosges","tag-tradition-locale"],"_links":{"self":[{"href":"https:\/\/les-atypiques-chalets.com\/de\/wp-json\/wp\/v2\/posts\/1698503","targetHints":{"allow":["GET"]}}],"collection":[{"href":"https:\/\/les-atypiques-chalets.com\/de\/wp-json\/wp\/v2\/posts"}],"about":[{"href":"https:\/\/les-atypiques-chalets.com\/de\/wp-json\/wp\/v2\/types\/post"}],"author":[{"embeddable":true,"href":"https:\/\/les-atypiques-chalets.com\/de\/wp-json\/wp\/v2\/users\/1"}],"replies":[{"embeddable":true,"href":"https:\/\/les-atypiques-chalets.com\/de\/wp-json\/wp\/v2\/comments?post=1698503"}],"version-history":[{"count":0,"href":"https:\/\/les-atypiques-chalets.com\/de\/wp-json\/wp\/v2\/posts\/1698503\/revisions"}],"wp:featuredmedia":[{"embeddable":true,"href":"https:\/\/les-atypiques-chalets.com\/de\/wp-json\/wp\/v2\/media\/1704495"}],"wp:attachment":[{"href":"https:\/\/les-atypiques-chalets.com\/de\/wp-json\/wp\/v2\/media?parent=1698503"}],"wp:term":[{"taxonomy":"category","embeddable":true,"href":"https:\/\/les-atypiques-chalets.com\/de\/wp-json\/wp\/v2\/categories?post=1698503"},{"taxonomy":"post_tag","embeddable":true,"href":"https:\/\/les-atypiques-chalets.com\/de\/wp-json\/wp\/v2\/tags?post=1698503"}],"curies":[{"name":"wp","href":"https:\/\/api.w.org\/{rel}","templated":true}]}}