{"id":1698533,"date":"2025-03-14T07:07:51","date_gmt":"2025-03-14T07:07:51","guid":{"rendered":"https:\/\/les-atypiques-chalets.com\/?p=1698533"},"modified":"2025-05-21T14:26:39","modified_gmt":"2025-05-21T14:26:39","slug":"week-end-dans-les-vosges-au-printemps-une-invitation-a-la-decouverte","status":"publish","type":"post","link":"https:\/\/les-atypiques-chalets.com\/de\/week-end-dans-les-vosges-au-printemps-une-invitation-a-la-decouverte\/","title":{"rendered":"Week-end dans les Vosges au Printemps : Une Invitation \u00e0 la D\u00e9couverte"},"content":{"rendered":"<div class=\"wpb-content-wrapper\"><div class=\"vc_row wpb_row vc_row-fluid\"><div class=\"wpb_column vc_column_container vc_col-sm-12\"><div class=\"vc_column-inner\"><div class=\"wpb_wrapper\"><div class=\"vc_empty_space\"   style=\"height: 32px\"><span class=\"vc_empty_space_inner\"><\/span><\/div>\t\n\t<!-- BEGIN .shb-accommodation-listing-style-1 -->\n\t<div class=\"shb-accommodation-listing-style-1 shb-accommodation-listing-style-1-columns-3 sohohotel-owl-carousel-4\">\n\t\t\n\t\t\t\t\n\t\t<!-- BEGIN .shb-accommodation-listing-item -->\n\t\t<div class=\"shb-accommodation-listing-item\">\n\t\t\t\n\t\t\t\t\t\t\t<a href=\"https:\/\/les-atypiques-chalets.com\/de\/chalet-charkhan\/\" rel=\"bookmark\" title=\"Chalet Charkhan\">\n\t\t\t\t\t\t\t\t\t\t<img decoding=\"async\" class=\"shb-accommodation-listing-image\" src=\"https:\/\/les-atypiques-chalets.com\/wp-content\/uploads\/2025\/03\/salon-charkhan-03-L-1180x675.webp\" alt=\"Chalet Charkhan\" \/>\t\t\t\t<\/a>\n\t\t\t\t\t\t\n\t\t\t<div class=\"shb-accommodation-listing-description-wrapper\">\n\t\t\t\t\n\t\t\t\t<h3><a href=\"https:\/\/les-atypiques-chalets.com\/de\/chalet-charkhan\/\" rel=\"bookmark\" title=\"Chalet Charkhan\">Chalet Charkhan<\/a><\/h3>\n\t\t\t\t\n\t\t\t\t<div class=\"shb-accommodation-listing-description shb-clearfix\">\n\t\t\t\t\t\n\t\t\t\t\t<ul>\r\n<li><i class=\"fas fa-user\"><\/i><span>Kapazit\u00e4t<\/span> 6 Personen<\/li>\r\n<li><i class=\"fas fa-ruler-combined\"><\/i><span>Oberfl\u00e4che<\/span> 65 m\u00b2<\/li>\r\n<li><i class=\"fas fa-hot-tub\"><\/i><span> Nordische Badewanne<\/span> privativ<\/li>\r\n<\/ul>\t\t\t\t\t\n\t\t\t\t\t<a href=\"https:\/\/les-atypiques-chalets.com\/de\/chalet-charkhan\/\" class=\"shb-accommodation-listing-button1\">ab 225\u20ac\/Nacht<\/a>\n\t\t\t\t\t<a href=\"https:\/\/les-atypiques-chalets.com\/de\/chalet-charkhan\/\" class=\"shb-accommodation-listing-button2\">Zimmer anzeigen<i class=\"fas fa-chevron-right\"><\/i><\/a>\n\t\t\t\t\n\t\t\t\t<\/div>\n\t\t\t\t\n\t\t\t<\/div>\n\t\t\t\n\t\t<!-- END .shb-accommodation-listing-item -->\n\t\t<\/div>\n\t\t\n\t\t\t\t\n\t\t<!-- BEGIN .shb-accommodation-listing-item -->\n\t\t<div class=\"shb-accommodation-listing-item\">\n\t\t\t\n\t\t\t\t\t\t\t<a href=\"https:\/\/les-atypiques-chalets.com\/de\/chalet-aslan\/\" rel=\"bookmark\" title=\"Chalet Aslan\">\n\t\t\t\t\t\t\t\t\t\t<img decoding=\"async\" class=\"shb-accommodation-listing-image\" src=\"https:\/\/les-atypiques-chalets.com\/wp-content\/uploads\/2025\/03\/ASLAN-2-900x710.webp\" alt=\"Chalet Aslan\" \/>\t\t\t\t<\/a>\n\t\t\t\t\t\t\n\t\t\t<div class=\"shb-accommodation-listing-description-wrapper\">\n\t\t\t\t\n\t\t\t\t<h3><a href=\"https:\/\/les-atypiques-chalets.com\/de\/chalet-aslan\/\" rel=\"bookmark\" title=\"Chalet Aslan\">Chalet Aslan<\/a><\/h3>\n\t\t\t\t\n\t\t\t\t<div class=\"shb-accommodation-listing-description shb-clearfix\">\n\t\t\t\t\t\n\t\t\t\t\t<ul>\r\n<li><i class=\"fas fa-user\"><\/i><span>Kapazit\u00e4t<\/span> 5 Personen<\/li>\r\n<li><i class=\"fas fa-ruler-combined\"><\/i><span>Oberfl\u00e4che<\/span> 65 m\u00b2<\/li>\r\n<li><i class=\"fas fa-hot-tub\"><\/i><span> Nordische Badewanne<\/span> privativ<\/li>\r\n<\/ul>\t\t\t\t\t\n\t\t\t\t\t<a href=\"https:\/\/les-atypiques-chalets.com\/de\/chalet-aslan\/\" class=\"shb-accommodation-listing-button1\">ab 215 \u20ac\/Nacht<\/a>\n\t\t\t\t\t<a href=\"https:\/\/les-atypiques-chalets.com\/de\/chalet-aslan\/\" class=\"shb-accommodation-listing-button2\">Zimmer anzeigen<i class=\"fas fa-chevron-right\"><\/i><\/a>\n\t\t\t\t\n\t\t\t\t<\/div>\n\t\t\t\t\n\t\t\t<\/div>\n\t\t\t\n\t\t<!-- END .shb-accommodation-listing-item -->\n\t\t<\/div>\n\t\t\n\t\t\t\t\n\t\t<!-- BEGIN .shb-accommodation-listing-item -->\n\t\t<div class=\"shb-accommodation-listing-item\">\n\t\t\t\n\t\t\t\t\t\t\t<a href=\"https:\/\/les-atypiques-chalets.com\/de\/chalet-iorik\/\" rel=\"bookmark\" title=\"Chalet Iorik\">\n\t\t\t\t\t\t\t\t\t\t<img decoding=\"async\" class=\"shb-accommodation-listing-image\" src=\"https:\/\/les-atypiques-chalets.com\/wp-content\/uploads\/2025\/09\/iorik-sejour-L-1024x710.webp\" alt=\"Chalet Iorik\" \/>\t\t\t\t<\/a>\n\t\t\t\t\t\t\n\t\t\t<div class=\"shb-accommodation-listing-description-wrapper\">\n\t\t\t\t\n\t\t\t\t<h3><a href=\"https:\/\/les-atypiques-chalets.com\/de\/chalet-iorik\/\" rel=\"bookmark\" title=\"Chalet Iorik\">Chalet Iorik<\/a><\/h3>\n\t\t\t\t\n\t\t\t\t<div class=\"shb-accommodation-listing-description shb-clearfix\">\n\t\t\t\t\t\n\t\t\t\t\t<ul>\r\n<li><i class=\"fas fa-user\"><\/i><span>Kapazit\u00e4t<\/span> 4 Personen<\/li>\r\n<li><i class=\"fas fa-ruler-combined\"><\/i><span>Oberfl\u00e4che<\/span> 45 m2<\/li>\r\n<li><i class=\"fas fa-hot-tub\"><\/i><span> Nordische Badewanne<\/span> privativ<\/li>\r\n<\/ul>\t\t\t\t\t\n\t\t\t\t\t<a href=\"https:\/\/les-atypiques-chalets.com\/de\/chalet-iorik\/\" class=\"shb-accommodation-listing-button1\">ab 170\u20ac\/Nacht<\/a>\n\t\t\t\t\t<a href=\"https:\/\/les-atypiques-chalets.com\/de\/chalet-iorik\/\" class=\"shb-accommodation-listing-button2\">Zimmer anzeigen<i class=\"fas fa-chevron-right\"><\/i><\/a>\n\t\t\t\t\n\t\t\t\t<\/div>\n\t\t\t\t\n\t\t\t<\/div>\n\t\t\t\n\t\t<!-- END .shb-accommodation-listing-item -->\n\t\t<\/div>\n\t\t\n\t\t\t\t\n\t<!-- END .shb-accommodation-listing-style-1 -->\n\t<\/div>\n\t\n\t<div class=\"vc_row wpb_row vc_inner vc_row-fluid\"><div class=\"wpb_column vc_column_container vc_col-sm-4\"><div class=\"vc_column-inner\"><div class=\"wpb_wrapper\">\n\t<div  class=\"wpb_single_image wpb_content_element vc_align_left wpb_content_element\">\n\t\t\n\t\t<figure class=\"wpb_wrapper vc_figure\">\n\t\t\t<a href=\"https:\/\/www.airbnb.fr\/rooms\/1181799444491659558?source_impression_id=p3_1737454110_P389ZYEJ78eXKMcr\" target=\"_self\" class=\"vc_single_image-wrapper   vc_box_border_grey\" rel=\"nofollow noopener\"><img decoding=\"async\" width=\"694\" height=\"426\" src=\"https:\/\/les-atypiques-chalets.com\/wp-content\/uploads\/2025\/01\/Capture-decran-2025-01-15-a-13.55.52.jpg\" class=\"vc_single_image-img attachment-full\" alt=\"Die Atypiques Chalets mit einer perfekten Punktzahl von 5,0 ausgezeichnet, was sie zu einem Favoriten von Reisenden macht.\" title=\"Les Atypiques Chalets \u2013 Ein Herzenswunsch von Airbnb-Reisenden\" srcset=\"https:\/\/les-atypiques-chalets.com\/wp-content\/uploads\/2025\/01\/Capture-decran-2025-01-15-a-13.55.52.jpg 694w, https:\/\/les-atypiques-chalets.com\/wp-content\/uploads\/2025\/01\/Capture-decran-2025-01-15-a-13.55.52-300x184.jpg 300w, https:\/\/les-atypiques-chalets.com\/wp-content\/uploads\/2025\/01\/Capture-decran-2025-01-15-a-13.55.52-100x61.jpg 100w, https:\/\/les-atypiques-chalets.com\/wp-content\/uploads\/2025\/01\/Capture-decran-2025-01-15-a-13.55.52-600x368.jpg 600w\" sizes=\"(max-width: 694px) 100vw, 694px\" \/><\/a>\n\t\t<\/figure>\n\t<\/div>\n<\/div><\/div><\/div><div class=\"wpb_column vc_column_container vc_col-sm-4\"><div class=\"vc_column-inner\"><div class=\"wpb_wrapper\">\n\t<div  class=\"wpb_single_image wpb_content_element vc_align_left wpb_content_element\">\n\t\t\n\t\t<figure class=\"wpb_wrapper vc_figure\">\n\t\t\t<a href=\"https:\/\/www.google.com\/search?q=Les+Atypiques+Chalets&#038;stick=H4sIAAAAAAAA_-NgU1I1qDAxtzRONkwyTTM3MDK2TEmzMqgAshItTdIMTFINjC1NDJIXsYr6pBYrOJZUFmQWlgJZzhmJOaklxQAK4Na5QQAAAA&#038;hl=fr&#038;ma\" target=\"_self\" class=\"vc_single_image-wrapper   vc_box_border_grey\" rel=\"nofollow noopener\"><img decoding=\"async\" width=\"324\" height=\"156\" src=\"https:\/\/les-atypiques-chalets.com\/wp-content\/uploads\/2024\/03\/avis-google.webp\" class=\"vc_single_image-img attachment-full\" alt=\"\" title=\"Google-Bewertung\" srcset=\"https:\/\/les-atypiques-chalets.com\/wp-content\/uploads\/2024\/03\/avis-google.webp 324w, https:\/\/les-atypiques-chalets.com\/wp-content\/uploads\/2024\/03\/avis-google-300x144.webp 300w, https:\/\/les-atypiques-chalets.com\/wp-content\/uploads\/2024\/03\/avis-google-100x48.webp 100w\" sizes=\"(max-width: 324px) 100vw, 324px\" \/><\/a>\n\t\t<\/figure>\n\t<\/div>\n<\/div><\/div><\/div><div class=\"wpb_column vc_column_container vc_col-sm-4\"><div class=\"vc_column-inner\"><div class=\"wpb_wrapper\">\n\t<div  class=\"wpb_single_image wpb_content_element vc_align_left wpb_content_element\">\n\t\t\n\t\t<figure class=\"wpb_wrapper vc_figure\">\n\t\t\t<a href=\"https:\/\/www.airbnb.fr\/users\/show\/202431572\" target=\"_self\" class=\"vc_single_image-wrapper   vc_box_border_grey\" rel=\"nofollow noopener\"><img decoding=\"async\" width=\"375\" height=\"125\" src=\"https:\/\/les-atypiques-chalets.com\/wp-content\/uploads\/2024\/10\/create-a-professionally-written-new-airbnb-listing-1600x533-1.webp\" class=\"vc_single_image-img attachment-full\" alt=\"\" title=\"Erstellen Sie eine professionell geschriebene neue Airbnb-Liste (1600x533)\" srcset=\"https:\/\/les-atypiques-chalets.com\/wp-content\/uploads\/2024\/10\/create-a-professionally-written-new-airbnb-listing-1600x533-1.webp 375w, https:\/\/les-atypiques-chalets.com\/wp-content\/uploads\/2024\/10\/create-a-professionally-written-new-airbnb-listing-1600x533-1-300x100.webp 300w, https:\/\/les-atypiques-chalets.com\/wp-content\/uploads\/2024\/10\/create-a-professionally-written-new-airbnb-listing-1600x533-1-100x33.webp 100w\" sizes=\"(max-width: 375px) 100vw, 375px\" \/><\/a>\n\t\t<\/figure>\n\t<\/div>\n<\/div><\/div><\/div><\/div><\/div><\/div><\/div><\/div><div class=\"vc_row wpb_row vc_row-fluid\"><div class=\"wpb_column vc_column_container vc_col-sm-12\"><div class=\"vc_column-inner\"><div class=\"wpb_wrapper\">\n\t<div class=\"wpb_text_column wpb_content_element\" >\n\t\t<div class=\"wpb_wrapper\">\n\t\t\t<p>Keywords: week-end, Vosges, printemps, nature, escapade<\/p>\n<p><strong>Einleitung :<\/strong> Le printemps, avec ses jours qui s\u2019allongent et sa nature qui rena\u00eet, offre le cadre id\u00e9al pour une escapade dans les Vosges. Si vous \u00eates en qu\u00eate d\u2019un week-end alliant qui\u00e9tude, d\u00e9couvertes culturelles et activit\u00e9s en plein air, les Vosges se pr\u00e9sentent comme une destination incontournable. Cet article vous guide pas \u00e0 pas pour organiser un s\u00e9jour r\u00e9ussi dans cette r\u00e9gion aux mille charmes. \u00c0 travers des conseils pratiques, des recommandations d\u2019activit\u00e9s et une plong\u00e9e au c\u0153ur de l\u2019ambiance vosgienne, pr\u00e9parez-vous \u00e0 vivre une exp\u00e9rience riche en \u00e9motions et en d\u00e9couvertes. Que vous soyez amateur de <a href=\"https:\/\/les-atypiques-chalets.com\/de\/les-plus-belles-randonnees-dans-le-haut-rhin-guide-complet\/\" data-wpil-monitor-id=\"1272\">Wanderungen<\/a>, passionn\u00e9 d\u2019histoire ou simple amoureux de paysages fleuris, vous trouverez ici toutes les cl\u00e9s pour profiter pleinement de votre week-end printanier dans les Vosges.<\/p>\n<h2>Les Charmes Naturels<br \/>\ndes Vosges au Printemps<\/h2>\n<p>Au c\u0153ur des Vosges, le printemps transforme la r\u00e9gion en un patchwork de couleurs et de senteurs. Les for\u00eats se parent de jeunes feuilles, les prairies se couvrent de fleurs sauvages et les ruisseaux murmurent une douce symphonie. Un voyage dans cette r\u00e9gion \u00e0 cette p\u00e9riode de l\u2019ann\u00e9e, c\u2019est l\u2019opportunit\u00e9 de renouer avec une <a href=\"https:\/\/les-atypiques-chalets.com\/de\/la-fete-des-jonquilles-de-gerardmer\/\" data-wpil-monitor-id=\"1273\">nature<\/a> vivifiante et de laisser parler son amour pour le grand air.<\/p>\n<h3>Le Renouveau de la Nature<\/h3>\n<p>Le printemps est synonyme de renouveau dans les <a href=\"https:\/\/les-atypiques-chalets.com\/de\/tag\/vogesen\/\" data-wpil-monitor-id=\"2168\">Vogesen<\/a>. Tandis que l\u2019hiver laisse place \u00e0 des temp\u00e9ratures plus cl\u00e9mentes, les paysages se parent d\u2019un nouveau visage. Les arbres, apr\u00e8s les froids mois d\u2019hiver, retrouvent leur \u00e9clat, et les clairi\u00e8res se m\u00e9tamorphosent en v\u00e9ritables jardins naturels. Les randonneurs appr\u00e9cieront particuli\u00e8rement les sentiers qui, bord\u00e9s de fleurs et de mousses, invitent \u00e0 la contemplation et \u00e0 la m\u00e9ditation. Des moments d\u2019\u00e9vasion pure offrent \u00e9galement aux photographes et aux amoureux de la <a href=\"https:\/\/les-atypiques-chalets.com\/de\/la-fete-des-jonquilles-de-gerardmer\/\" data-wpil-monitor-id=\"1264\">nature des opportunit\u00e9s uniques<\/a> pour capturer la beaut\u00e9 \u00e9ph\u00e9m\u00e8re du printemps.<\/p>\n<p>En parcourant ces sentiers, il est possible de d\u00e9couvrir des clairi\u00e8res cach\u00e9es o\u00f9 la faune et la flore se rencontrent dans une harmonie surprenante. <strong>Les cascades et les \u00e9tangs<\/strong> se parent d\u2019une atmosph\u00e8re f\u00e9\u00e9rique, invitant petits et grands \u00e0 s\u2019immerger dans un univers de douceur. Ce renouveau naturel est une v\u00e9ritable bouff\u00e9e d\u2019air frais pour ceux qui ont longtemps \u00e9t\u00e9 enferm\u00e9s dans le tumulte quotidien, et vient r\u00e9affirmer l\u2019importance du contact avec l\u2019environnement.<\/p>\n<h3>Les Activit\u00e9s de Plein Air<\/h3>\n<p>Le printemps dans les Vosges est \u00e9galement une invitation \u00e0 l\u2019aventure. Les amateurs de <a href=\"https:\/\/les-atypiques-chalets.com\/de\/decouvrez-le-tourisme-nature-dans-les-vosges\/\" data-wpil-monitor-id=\"1276\">sports et d\u2019activit\u00e9s de plein air<\/a> trouveront ici leur bonheur gr\u00e2ce \u00e0 des sentiers vari\u00e9s et des panoramas exceptionnels. La <a href=\"https:\/\/les-atypiques-chalets.com\/de\/les-10-choses-a-faire-a-gerardmer-en-ete\/\" data-wpil-monitor-id=\"1741\">Wanderung<\/a> est une activit\u00e9 de pr\u00e9dilection dans cette r\u00e9gion. Que vous soyez randonneur d\u00e9butant ou exp\u00e9riment\u00e9, les chemins vosgiens offrent des parcours adapt\u00e9s \u00e0 tous les niveaux. En suivant les sentiers balis\u00e9s, chacun peut s\u2019immerger dans la nature et observer, de pr\u00e8s, la <a href=\"https:\/\/les-atypiques-chalets.com\/de\/explorez-la-faune-et-la-flore-de-gerardmer\/\" data-wpil-monitor-id=\"1266\">faune et la flore locales<\/a>.<\/p>\n<p>Pour ceux qui pr\u00e9f\u00e8rent une activit\u00e9 plus sportive, le VTT et le trail en montagne repr\u00e9sentent un challenge \u00e0 la hauteur des paysages environnants. La possibilit\u00e9 de pratiquer le parapente ou le <a href=\"https:\/\/les-atypiques-chalets.com\/de\/radrouten-gerardmer\/\" data-wpil-monitor-id=\"1274\">Fahrrad<\/a> de descente dans certaines vall\u00e9es ajoute une dimension ludique et enthousiasmante \u00e0 l\u2019exp\u00e9rience. Chaque sentier, chaque colline pr\u00e9sente un d\u00e9fi unique, permettant aux passionn\u00e9s d\u2019adr\u00e9naline de se surpasser tout en profitant d\u2019une vue imprenable sur la vall\u00e9e.<\/p>\n<h2>D\u00e9couverte des Villages<br \/>\net de la Culture Vosgienne<\/h2>\n<p>Outre ses paysages naturels \u00e9poustouflants, les Vosges poss\u00e8dent un riche patrimoine culturel et historique. Le printemps est le moment id\u00e9al pour explorer ces villages pittoresques, o\u00f9 le temps semble s\u2019\u00eatre arr\u00eat\u00e9. Entre vieilles pierres et traditions s\u00e9culaires, chaque hameau raconte une histoire, celle d\u2019un peuple fier et attach\u00e9 \u00e0 ses racines.<\/p>\n<h3>Histoire et Traditions<\/h3>\n<p>Les villages vosgiens offrent un plongeon dans l\u2019histoire de la r\u00e9gion. Les ruelles pav\u00e9es, les <a href=\"https:\/\/les-atypiques-chalets.com\/de\/le-patrimoine-architectural-autour-de-gerardmer-decouverte-des-batiments-historiques-chateaux-et-eglises\/\" data-wpil-monitor-id=\"1265\">maisons \u00e0 colombages et les \u00e9glises<\/a> centenaires invitent \u00e0 la d\u00e9couverte d\u2019un pass\u00e9 riche en anecdotes et en l\u00e9gendes. De nombreuses fortifications et ch\u00e2teaux se dressent encore, t\u00e9moignant d\u2019un pass\u00e9 tumultueux o\u00f9 l\u2019art de vivre se m\u00ealait aux d\u00e9fis de l\u2019\u00e9poque.<\/p>\n<p>La r\u00e9gion est \u00e9galement connue pour ses traditions populaires. Lors de votre visite, vous aurez la chance d\u2019assister \u00e0 des manifestations culturelles et des f\u00eates locales, v\u00e9ritables vitrines de l\u2019\u00e2me vosgienne. Ces \u00e9v\u00e9nements permettent de d\u00e9couvrir la musique traditionnelle, les danses folkloriques et les costumes typiques qui font la fiert\u00e9 des habitants. Cette immersion dans le pass\u00e9 et les coutumes locales offre un aper\u00e7u fascinant de la vie rurale et de l\u2019importance des liens communautaires.<\/p>\n<p>Pour en savoir plus sur cette richesse culturelle, vous pouvez consulter des ressources en ligne telles que <a href=\"https:\/\/www.vosges-tourisme.com\" target=\"_blank\" rel=\"noopener noreferrer nofollow\"><em>Vosges Tourisme<\/em><\/a>, qui propose de nombreux articles et guides sur les sites historiques et les traditions locales.<\/p>\n<h3>Artisanat et Gastronomie<\/h3>\n<p>Un autre attrait majeur des <a href=\"https:\/\/les-atypiques-chalets.com\/de\/guide-des-boutiques-de-gerardmer\/\" data-wpil-monitor-id=\"1267\">Vosges r\u00e9side dans leur artisanat local<\/a> et leur gastronomie. Le printemps apporte avec lui une explosion de saveurs et d&rsquo;ar\u00f4mes, notamment gr\u00e2ce aux produits frais de saison. Les march\u00e9s locaux regorgent de produits du terroir tels que le fromage, les charcuteries, les confitures et les vins r\u00e9gionaux. Ces produits, souvent \u00e9labor\u00e9s selon des recettes traditionnelles, racontent une histoire culturelle et gastronomique riche en traditions.<\/p>\n<p>Lors de votre week-end, prenez le temps de visiter les ateliers d\u2019artisans locaux. Vous y d\u00e9couvrirez le savoir-faire ancestral transmis de g\u00e9n\u00e9ration en g\u00e9n\u00e9ration. De la poterie aux tissus brod\u00e9s, ces cr\u00e9ations artisanales illustrent parfaitement l\u2019alliance entre tradition et modernit\u00e9. N\u2019h\u00e9sitez pas \u00e0 d\u00e9guster les sp\u00e9cialit\u00e9s culinaires, comme la fameuse tarte flamb\u00e9e ou les plats mijot\u00e9s, qui constituent une v\u00e9ritable invitation au voyage gustatif.<\/p>\n<h2>Activit\u00e9s et Loisirs<br \/>\npour un Week-end R\u00e9ussi<\/h2>\n<p>Pour que votre <a href=\"https:\/\/les-atypiques-chalets.com\/de\/organisez-votre-sejour-a-gerardmer\/\" data-wpil-monitor-id=\"1268\">s\u00e9jour printanier dans les Vosges<\/a> soit m\u00e9morable, il est important de planifier un \u00e9ventail d\u2019activit\u00e9s qui vous fera profiter pleinement de cette r\u00e9gion aux multiples facettes. De la randonn\u00e9e aux moments de d\u00e9tente, chaque instant pass\u00e9 dans ces <a href=\"https:\/\/les-atypiques-chalets.com\/de\/meilleurs-restaurants-gerardmer-tour-culinaire\/\" data-wpil-monitor-id=\"1951\">paysages pittoresques<\/a> marquera votre esprit et votre c\u0153ur.<\/p>\n<h3>Randonn\u00e9e et D\u00e9couvertes<\/h3>\n<p>La randonn\u00e9e occupe une place centrale lors d\u2019un week-end dans les Vosges. La r\u00e9gion offre une multitude de parcours qui varient en difficult\u00e9 et en longueur, adapt\u00e9s aux familles, aux couples et aux aventuriers solitaires. Des itin\u00e9raires balis\u00e9s permettent de vous guider facilement \u00e0 travers les for\u00eats primordiales et les cr\u00eates panoramiques, garantissant des <a href=\"https:\/\/les-atypiques-chalets.com\/de\/product\/reservation\/\" data-wpil-monitor-id=\"1277\">exp\u00e9riences de pleine nature<\/a> enrichissantes et s\u00e9curis\u00e9es.<\/p>\n<p>En plus de la randonn\u00e9e, plusieurs circuits th\u00e9matiques vous invitent \u00e0 d\u00e9couvrir des sites d&rsquo;int\u00e9r\u00eat comme les lacs glaciaires, les cascades et m\u00eame les vestiges architecturaux cach\u00e9s au d\u00e9tour des sentiers. Laissez-vous surprendre par la singularit\u00e9 de chaque lieu et capturez ces moments uniques avec votre appareil photo. Les paysages se transforment \u00e0 chaque pas, proposant de nouvelles perspectives \u00e0 explorer et \u00e0 admirer.<\/p>\n<h3>D\u00e9tente et Bien-\u00eatre<\/h3>\n<p>Le week-end ne se r\u00e9sume pas seulement \u00e0 l\u2019aventure et aux activit\u00e9s sportives. Dans les Vosges, le printemps est \u00e9galement une p\u00e9riode d\u00e9di\u00e9e \u00e0 la d\u00e9tente et au bien-\u00eatre. Apr\u00e8s une journ\u00e9e riche en \u00e9motions, rien de tel qu\u2019un moment de relaxation pour recharger vos batteries. De nombreux h\u00e9bergements de charme offrent des espaces spa, des centres de <a href=\"https:\/\/les-atypiques-chalets.com\/de\/quest-ce-quun-bain-nordique\/\" data-wpil-monitor-id=\"1269\">bien-\u00eatre et m\u00eame des bains<\/a> thermaux o\u00f9 s\u2019initier \u00e0 des rituels de d\u00e9tente traditionnels.<\/p>\n<p>Imaginez-vous en train de vous pr\u00e9lasser dans un jacuzzi en terrasse, face \u00e0 un paysage de montagne sublim\u00e9 par la lumi\u00e8re dor\u00e9e du cr\u00e9puscule. Ces instants de calme et de qui\u00e9tude permettent de se recentrer et de profiter pleinement de l\u2019ambiance paisible du printemps. Enrichissez ainsi votre s\u00e9jour par des activit\u00e9s de m\u00e9ditation, du yoga en plein air ou simplement une lecture au bord d\u2019un lac. Laissez-vous porter par la douceur de vivre que procurent ces moments de bien-\u00eatre, qui se marient \u00e0 merveille avec la beaut\u00e9 des lieux.<\/p>\n<h2>Praktische Ratschl\u00e4ge<br \/>\npour Organiser Votre S\u00e9jour<\/h2>\n<p>Pour que votre week-end dans les Vosges au printemps soit une r\u00e9ussite totale, il est essentiel de bien pr\u00e9parer votre voyage. Voici quelques <a href=\"https:\/\/les-atypiques-chalets.com\/de\/astuces-eco-responsables-pour-les-locataires-saisonniers-conseils-pour-un-sejour-ecologique-et-responsable-dans-votre-location-saisonniere\/\" data-wpil-monitor-id=\"1278\">conseils pratiques indispensables pour profiter au maximum de votre s\u00e9jour<\/a>.<\/p>\n<h3>H\u00e9bergement et Restauration<\/h3>\n<p>Le choix de l\u2019h\u00e9bergement est une \u00e9tape cruciale. La r\u00e9gion propose une large gamme d\u2019options, allant des g\u00eetes ruraux et chambres d\u2019h\u00f4tes aux h\u00f4tels de charme situ\u00e9s au c\u0153ur des villages historiques. Il est conseill\u00e9 de <a href=\"https:\/\/les-atypiques-chalets.com\/de\/reservation\/\" data-wpil-monitor-id=\"1275\">r\u00e9server<\/a> \u00e0 l\u2019avance, surtout durant la haute saison printani\u00e8re, afin de b\u00e9n\u00e9ficier des meilleures offres. Chaque \u00e9tablissement offre une <a href=\"https:\/\/les-atypiques-chalets.com\/de\/romantische-unterkunft\/\" data-wpil-monitor-id=\"1279\">exp\u00e9rience unique<\/a>, que ce soit par son standing, sa proximit\u00e9 avec la nature ou son authenticit\u00e9. Certains h\u00e9bergements int\u00e8grent m\u00eame des espaces bien-\u00eatre, comme des piscines chauff\u00e9es ou des studios de yoga, pour sublimer votre s\u00e9jour.<\/p>\n<p>En parall\u00e8le, la gastronomie occupe une place pr\u00e9pond\u00e9rante dans l\u2019exp\u00e9rience vosgienne. La diversit\u00e9 des restaurants et des auberges locales vous permet de savourer des plats traditionnels revisit\u00e9s ou authentiques, pr\u00e9par\u00e9s avec des produits du terroir. Pensez \u00e0 go\u00fbter aux sp\u00e9cialit\u00e9s comme la quiche lorraine, la pot\u00e9e vosgienne ou encore des desserts faits maison qui raviront vos papilles. Les producteurs locaux mettent un point d\u2019honneur \u00e0 valoriser les ingr\u00e9dients frais et bio, ce qui ajoute une dimension saine et authentique \u00e0 chaque repas.<\/p>\n<h3>Planification et Astuces<\/h3>\n<p>Pour optimiser votre s\u00e9jour, il est conseill\u00e9 de planifier vos journ\u00e9es afin de ne rien manquer des tr\u00e9sors offerts par la r\u00e9gion. Commencez par \u00e9tablir un itin\u00e9raire qui combine balades en pleine nature, d\u00e9couvertes culturelles et moments de d\u00e9tente. Il peut s\u2019av\u00e9rer utile de consulter les offices de tourisme locaux ou des sites sp\u00e9cialis\u00e9s comme <a href=\"https:\/\/www.vosges-tourisme.com\" target=\"_blank\" rel=\"noopener noreferrer nofollow\"><em>Vosges Tourisme<\/em><\/a> pour obtenir les derni\u00e8res informations sur les \u00e9v\u00e9nements et les activit\u00e9s en cours.<\/p>\n<p>Pensez \u00e9galement \u00e0 vous \u00e9quiper selon la m\u00e9t\u00e9o printani\u00e8re : des v\u00eatements superposables, des chaussures de randonn\u00e9e robustes et des accessoires de pluie pourront s\u2019av\u00e9rer indispensables pour faire face aux impr\u00e9vus. N\u2019oubliez pas d\u2019emporter un appareil photo pour immortaliser les panoramas splendides et les instants magiques que vous vivrez dans cette r\u00e9gion. Les Vosges, avec leur capacit\u00e9 \u00e0 surprendre \u00e0 chaque d\u00e9tour, garantissent des souvenirs inoubliables, et une bonne pr\u00e9paration vous permettra de profiter pleinement de chaque moment.<\/p>\n<p>Enfin, il est important d\u2019adopter un rythme qui vous convienne. Certaines journ\u00e9es peuvent \u00eatre d\u00e9di\u00e9es \u00e0 l\u2019exploration intense tandis que d\u2019autres seront <a href=\"https:\/\/les-atypiques-chalets.com\/de\/product\/reservation-2\/\" data-wpil-monitor-id=\"1270\">r\u00e9serv\u00e9es \u00e0 la d\u00e9tente<\/a> pure. Saupoudrez vos journ\u00e9es d\u2019instants improvis\u00e9s, comme un pique-nique dans une clairi\u00e8re ou une visite spontan\u00e9e chez un artisan local, pour rendre votre week-end encore plus m\u00e9morable.<\/p>\n<h2>Conclusion : Un Week-end Printanier<br \/>\nInoubliable dans les Vosges<\/h2>\n<p>En conclusion, un week-end dans les Vosges au printemps est bien plus qu\u2019une simple escapade : c\u2019est une v\u00e9ritable immersion dans un univers o\u00f9 la nature, la culture et le bien-\u00eatre s\u2019entrelacent harmonieusement. Que vous soyez attir\u00e9 par des randonn\u00e9es revigorantes, la d\u00e9couverte de villages pleins de charme ou des moments de d\u00e9tente dans des cadres authentiques, la r\u00e9gion promet une exp\u00e9rience riche et vari\u00e9e qui saura satisfaire toutes vos envies.<\/p>\n<p>Les paysages transform\u00e9s par la douceur du printemps, les sentiers inexplor\u00e9s et l\u2019ambiance conviviale des habitants font des Vosges une destination de r\u00eave pour ceux qui veulent s\u2019\u00e9vader du quotidien. En vous immergeant dans cet environnement, vous prendrez conscience de la beaut\u00e9 de la nature et de l\u2019importance de ralentir pour savourer chaque instant. Un week-end dans les Vosges devient ainsi une v\u00e9ritable cure de jouvence, une invitation \u00e0 la d\u00e9couverte de soi par le biais de la rencontre et de l\u2019\u00e9merveillement devant les petites grandes merveilles de la vie.<\/p>\n<p>N\u2019oubliez pas que la cl\u00e9 d\u2019un s\u00e9jour r\u00e9ussi r\u00e9side dans l\u2019\u00e9quilibre entre l\u2019organisation et la spontan\u00e9it\u00e9. Profitez des suggestions mentionn\u00e9es dans cet article pour planifier vos activit\u00e9s, mais laissez aussi une place \u00e0 l\u2019impr\u00e9vu. Car c\u2019est souvent dans les moments inattendus que se cachent les plus belles surprises. Laissez-vous porter par la s\u00e9r\u00e9nit\u00e9 de la r\u00e9gion et savourez chaque instant avec passion et \u00e9merveillement.<\/p>\n<p>En d\u00e9finitive, le week-end vosgien au printemps est l\u2019occasion id\u00e9ale de se reconnecter \u00e0 l\u2019essentiel, de d\u00e9couvrir des lieux charg\u00e9s d\u2019histoire et de s\u2019immerger dans une nature renaissante. Que vous soyez un aventurier passionn\u00e9, un amateur d\u2019histoire ou simplement \u00e0 la recherche d\u2019un moment de d\u00e9tente, les Vosges vous accueilleront avec leur hospitalit\u00e9 l\u00e9gendaire et leur beaut\u00e9 intemporelle.<\/p>\n<p><strong>En R\u00e9sum\u00e9 :<\/strong> La r\u00e9gion des Vosges, \u00e0 l&rsquo;aube du printemps, se r\u00e9v\u00e8le \u00eatre une destination hors du commun. Avec ses paysages revitalis\u00e9s, ses villages empreints d&rsquo;histoire et sa palette d&rsquo;activit\u00e9s diversifi\u00e9es, elle offre \u00e0 ses visiteurs un week-end riche en d\u00e9couvertes et en moments de d\u00e9tente. Plongez au c\u0153ur de ses for\u00eats luxuriantes, laissez-vous charmer par ses cascades et ses \u00e9tangs f\u00e9\u00e9riques, et impr\u00e9gnez-vous de la culture locale \u00e0 travers ses traditions et son artisanat. Un <a href=\"https:\/\/les-atypiques-chalets.com\/de\/les-atypiques-chalets-a-gerardmer-un-sejour-atypique-dans-les-vosges\/\" data-wpil-monitor-id=\"1502\">s\u00e9jour dans les Vosges<\/a>, c&rsquo;est aussi l&rsquo;occasion de se ressourcer dans des cadres idylliques, o\u00f9 la modernit\u00e9 et l&rsquo;authenticit\u00e9 se rencontrent pour offrir une parenth\u00e8se enchant\u00e9e loin du tumulte urbain.<\/p>\n<p>Qu&rsquo;il s&rsquo;agisse de longues balades en nature, de visites culturelles ou de moments de relaxation dans des \u00e9tablissements de charme, chaque instant pass\u00e9 dans cette r\u00e9gion vous rapproche un peu plus de l&rsquo;essence m\u00eame de la vie. C\u2019est une invitation \u00e0 ralentir, \u00e0 profiter de l\u2019instant pr\u00e9sent et \u00e0 red\u00e9couvrir la beaut\u00e9 simple et pure d\u2019un environnement naturel pr\u00e9serv\u00e9. Alors, pr\u00e9parez vos sacs, chaussez vos bottes de <a href=\"https:\/\/les-atypiques-chalets.com\/de\/decouverte-du-champ-de-roches-pres-de-gerardmer-hebergement-unique-aux-atypiques-chalets\/\" data-wpil-monitor-id=\"1271\">randonn\u00e9e et laissez-vous guider par le charme intemporel des Vosges<\/a> au printemps pour vivre un week-end inoubliable sous le signe de l&rsquo;\u00e9vasion, de la culture et de la d\u00e9tente.<\/p>\n\n\t\t<\/div>\n\t<\/div>\n<\/div><\/div><\/div><\/div>\n<\/div>","protected":false},"excerpt":{"rendered":"Chalet IORIK Capacit\u00e9: 4 personnes Superficie: 45 m2 Bain Nordique: privatif Description de notre Chalet Iorik dans les Vosges Id\u00e9al pour les couples ou les petites familles, le Chalet IORIK est un \u00e9crin de douceur pouvant accueillir jusqu\u2019\u00e0 4 personnes. Avec ses 2 chambres cosy et ces 2 lits de 140\u00d7190, il vous promet des<a href=\"https:\/\/les-atypiques-chalets.com\/de\/chalet-aslan\/\" class=\"sohohotel-more-link\">Read More<\/a>","protected":false},"author":1,"featured_media":1704462,"comment_status":"closed","ping_status":"closed","sticky":false,"template":"","format":"standard","meta":{"_yoast_wpseo_title":"Week-end dans les Vosges au Printemps : Nature, Culture et D\u00e9tente","_yoast_wpseo_metadesc":"D\u00e9couvrez comment organiser un week-end inoubliable dans les Vosges au printemps. Balades en pleine nature, villages pittoresques, gastronomie locale et activit\u00e9s de d\u00e9tente vous attendent dans cette r\u00e9gion riche en charme et en surprises.","_yoast_wpseo_focuskw":"#Vosges #Printemps #Escapade #Nature #WeekEnd","footnotes":""},"categories":[1127,707,1099,1423],"tags":[1553,782,1570,732,671],"class_list":["post-1698533","post","type-post","status-publish","format-standard","has-post-thumbnail","hentry","category-location-chalet-gerardmer","category-gerardmer","category-les-atypiques-chalets","category-week-end-amoureux","tag-escapade","tag-nature","tag-printemps","tag-randonnee","tag-vosges"],"_links":{"self":[{"href":"https:\/\/les-atypiques-chalets.com\/de\/wp-json\/wp\/v2\/posts\/1698533","targetHints":{"allow":["GET"]}}],"collection":[{"href":"https:\/\/les-atypiques-chalets.com\/de\/wp-json\/wp\/v2\/posts"}],"about":[{"href":"https:\/\/les-atypiques-chalets.com\/de\/wp-json\/wp\/v2\/types\/post"}],"author":[{"embeddable":true,"href":"https:\/\/les-atypiques-chalets.com\/de\/wp-json\/wp\/v2\/users\/1"}],"replies":[{"embeddable":true,"href":"https:\/\/les-atypiques-chalets.com\/de\/wp-json\/wp\/v2\/comments?post=1698533"}],"version-history":[{"count":0,"href":"https:\/\/les-atypiques-chalets.com\/de\/wp-json\/wp\/v2\/posts\/1698533\/revisions"}],"wp:featuredmedia":[{"embeddable":true,"href":"https:\/\/les-atypiques-chalets.com\/de\/wp-json\/wp\/v2\/media\/1704462"}],"wp:attachment":[{"href":"https:\/\/les-atypiques-chalets.com\/de\/wp-json\/wp\/v2\/media?parent=1698533"}],"wp:term":[{"taxonomy":"category","embeddable":true,"href":"https:\/\/les-atypiques-chalets.com\/de\/wp-json\/wp\/v2\/categories?post=1698533"},{"taxonomy":"post_tag","embeddable":true,"href":"https:\/\/les-atypiques-chalets.com\/de\/wp-json\/wp\/v2\/tags?post=1698533"}],"curies":[{"name":"wp","href":"https:\/\/api.w.org\/{rel}","templated":true}]}}