{"id":1698564,"date":"2025-03-13T15:18:01","date_gmt":"2025-03-13T15:18:01","guid":{"rendered":"https:\/\/les-atypiques-chalets.com\/?p=1698564"},"modified":"2025-05-21T13:17:49","modified_gmt":"2025-05-21T13:17:49","slug":"gerardmer-fetes-des-jonquilles-2025-un-evenement-floral-a-ne-pas-manquer","status":"publish","type":"post","link":"https:\/\/les-atypiques-chalets.com\/de\/gerardmer-fetes-des-jonquilles-2025-un-evenement-floral-a-ne-pas-manquer\/","title":{"rendered":"G\u00e9rardmer f\u00eates des jonquilles 2025 : Un \u00e9v\u00e9nement floral \u00e0 ne pas manquer !"},"content":{"rendered":"<div class=\"wpb-content-wrapper\"><div class=\"vc_row wpb_row vc_row-fluid\"><div class=\"wpb_column vc_column_container vc_col-sm-12\"><div class=\"vc_column-inner\"><div class=\"wpb_wrapper\"><div class=\"vc_empty_space\"   style=\"height: 32px\"><span class=\"vc_empty_space_inner\"><\/span><\/div>\t\n\t<!-- BEGIN .shb-accommodation-listing-style-1 -->\n\t<div class=\"shb-accommodation-listing-style-1 shb-accommodation-listing-style-1-columns-3 sohohotel-owl-carousel-4\">\n\t\t\n\t\t\t\t\n\t\t<!-- BEGIN .shb-accommodation-listing-item -->\n\t\t<div class=\"shb-accommodation-listing-item\">\n\t\t\t\n\t\t\t\t\t\t\t<a href=\"https:\/\/les-atypiques-chalets.com\/de\/chalet-charkhan\/\" rel=\"bookmark\" title=\"Chalet Charkhan\">\n\t\t\t\t\t\t\t\t\t\t<img decoding=\"async\" class=\"shb-accommodation-listing-image\" src=\"https:\/\/les-atypiques-chalets.com\/wp-content\/uploads\/2025\/03\/salon-charkhan-03-L-1180x675.webp\" alt=\"Chalet Charkhan\" \/>\t\t\t\t<\/a>\n\t\t\t\t\t\t\n\t\t\t<div class=\"shb-accommodation-listing-description-wrapper\">\n\t\t\t\t\n\t\t\t\t<h3><a href=\"https:\/\/les-atypiques-chalets.com\/de\/chalet-charkhan\/\" rel=\"bookmark\" title=\"Chalet Charkhan\">Chalet Charkhan<\/a><\/h3>\n\t\t\t\t\n\t\t\t\t<div class=\"shb-accommodation-listing-description shb-clearfix\">\n\t\t\t\t\t\n\t\t\t\t\t<ul>\r\n<li><i class=\"fas fa-user\"><\/i><span>Kapazit\u00e4t<\/span> 6 Personen<\/li>\r\n<li><i class=\"fas fa-ruler-combined\"><\/i><span>Oberfl\u00e4che<\/span> 65 m\u00b2<\/li>\r\n<li><i class=\"fas fa-hot-tub\"><\/i><span> Nordische Badewanne<\/span> privativ<\/li>\r\n<\/ul>\t\t\t\t\t\n\t\t\t\t\t<a href=\"https:\/\/les-atypiques-chalets.com\/de\/chalet-charkhan\/\" class=\"shb-accommodation-listing-button1\">ab 225\u20ac\/Nacht<\/a>\n\t\t\t\t\t<a href=\"https:\/\/les-atypiques-chalets.com\/de\/chalet-charkhan\/\" class=\"shb-accommodation-listing-button2\">Zimmer anzeigen<i class=\"fas fa-chevron-right\"><\/i><\/a>\n\t\t\t\t\n\t\t\t\t<\/div>\n\t\t\t\t\n\t\t\t<\/div>\n\t\t\t\n\t\t<!-- END .shb-accommodation-listing-item -->\n\t\t<\/div>\n\t\t\n\t\t\t\t\n\t\t<!-- BEGIN .shb-accommodation-listing-item -->\n\t\t<div class=\"shb-accommodation-listing-item\">\n\t\t\t\n\t\t\t\t\t\t\t<a href=\"https:\/\/les-atypiques-chalets.com\/de\/chalet-aslan\/\" rel=\"bookmark\" title=\"Chalet Aslan\">\n\t\t\t\t\t\t\t\t\t\t<img decoding=\"async\" class=\"shb-accommodation-listing-image\" src=\"https:\/\/les-atypiques-chalets.com\/wp-content\/uploads\/2025\/03\/ASLAN-2-900x710.webp\" alt=\"Chalet Aslan\" \/>\t\t\t\t<\/a>\n\t\t\t\t\t\t\n\t\t\t<div class=\"shb-accommodation-listing-description-wrapper\">\n\t\t\t\t\n\t\t\t\t<h3><a href=\"https:\/\/les-atypiques-chalets.com\/de\/chalet-aslan\/\" rel=\"bookmark\" title=\"Chalet Aslan\">Chalet Aslan<\/a><\/h3>\n\t\t\t\t\n\t\t\t\t<div class=\"shb-accommodation-listing-description shb-clearfix\">\n\t\t\t\t\t\n\t\t\t\t\t<ul>\r\n<li><i class=\"fas fa-user\"><\/i><span>Kapazit\u00e4t<\/span> 5 Personen<\/li>\r\n<li><i class=\"fas fa-ruler-combined\"><\/i><span>Oberfl\u00e4che<\/span> 65 m\u00b2<\/li>\r\n<li><i class=\"fas fa-hot-tub\"><\/i><span> Nordische Badewanne<\/span> privativ<\/li>\r\n<\/ul>\t\t\t\t\t\n\t\t\t\t\t<a href=\"https:\/\/les-atypiques-chalets.com\/de\/chalet-aslan\/\" class=\"shb-accommodation-listing-button1\">ab 215 \u20ac\/Nacht<\/a>\n\t\t\t\t\t<a href=\"https:\/\/les-atypiques-chalets.com\/de\/chalet-aslan\/\" class=\"shb-accommodation-listing-button2\">Zimmer anzeigen<i class=\"fas fa-chevron-right\"><\/i><\/a>\n\t\t\t\t\n\t\t\t\t<\/div>\n\t\t\t\t\n\t\t\t<\/div>\n\t\t\t\n\t\t<!-- END .shb-accommodation-listing-item -->\n\t\t<\/div>\n\t\t\n\t\t\t\t\n\t\t<!-- BEGIN .shb-accommodation-listing-item -->\n\t\t<div class=\"shb-accommodation-listing-item\">\n\t\t\t\n\t\t\t\t\t\t\t<a href=\"https:\/\/les-atypiques-chalets.com\/de\/chalet-iorik\/\" rel=\"bookmark\" title=\"Chalet Iorik\">\n\t\t\t\t\t\t\t\t\t\t<img decoding=\"async\" class=\"shb-accommodation-listing-image\" src=\"https:\/\/les-atypiques-chalets.com\/wp-content\/uploads\/2025\/09\/iorik-sejour-L-1024x710.webp\" alt=\"Chalet Iorik\" \/>\t\t\t\t<\/a>\n\t\t\t\t\t\t\n\t\t\t<div class=\"shb-accommodation-listing-description-wrapper\">\n\t\t\t\t\n\t\t\t\t<h3><a href=\"https:\/\/les-atypiques-chalets.com\/de\/chalet-iorik\/\" rel=\"bookmark\" title=\"Chalet Iorik\">Chalet Iorik<\/a><\/h3>\n\t\t\t\t\n\t\t\t\t<div class=\"shb-accommodation-listing-description shb-clearfix\">\n\t\t\t\t\t\n\t\t\t\t\t<ul>\r\n<li><i class=\"fas fa-user\"><\/i><span>Kapazit\u00e4t<\/span> 4 Personen<\/li>\r\n<li><i class=\"fas fa-ruler-combined\"><\/i><span>Oberfl\u00e4che<\/span> 45 m2<\/li>\r\n<li><i class=\"fas fa-hot-tub\"><\/i><span> Nordische Badewanne<\/span> privativ<\/li>\r\n<\/ul>\t\t\t\t\t\n\t\t\t\t\t<a href=\"https:\/\/les-atypiques-chalets.com\/de\/chalet-iorik\/\" class=\"shb-accommodation-listing-button1\">ab 170\u20ac\/Nacht<\/a>\n\t\t\t\t\t<a href=\"https:\/\/les-atypiques-chalets.com\/de\/chalet-iorik\/\" class=\"shb-accommodation-listing-button2\">Zimmer anzeigen<i class=\"fas fa-chevron-right\"><\/i><\/a>\n\t\t\t\t\n\t\t\t\t<\/div>\n\t\t\t\t\n\t\t\t<\/div>\n\t\t\t\n\t\t<!-- END .shb-accommodation-listing-item -->\n\t\t<\/div>\n\t\t\n\t\t\t\t\n\t<!-- END .shb-accommodation-listing-style-1 -->\n\t<\/div>\n\t\n\t<div class=\"vc_row wpb_row vc_inner vc_row-fluid\"><div class=\"wpb_column vc_column_container vc_col-sm-4\"><div class=\"vc_column-inner\"><div class=\"wpb_wrapper\">\n\t<div  class=\"wpb_single_image wpb_content_element vc_align_left wpb_content_element\">\n\t\t\n\t\t<figure class=\"wpb_wrapper vc_figure\">\n\t\t\t<a href=\"https:\/\/www.airbnb.fr\/rooms\/1181799444491659558?source_impression_id=p3_1737454110_P389ZYEJ78eXKMcr\" target=\"_self\" class=\"vc_single_image-wrapper   vc_box_border_grey\" rel=\"nofollow noopener\"><img decoding=\"async\" width=\"694\" height=\"426\" src=\"https:\/\/les-atypiques-chalets.com\/wp-content\/uploads\/2025\/01\/Capture-decran-2025-01-15-a-13.55.52.jpg\" class=\"vc_single_image-img attachment-full\" alt=\"Die Atypiques Chalets mit einer perfekten Punktzahl von 5,0 ausgezeichnet, was sie zu einem Favoriten von Reisenden macht.\" title=\"Les Atypiques Chalets \u2013 Ein Herzenswunsch von Airbnb-Reisenden\" srcset=\"https:\/\/les-atypiques-chalets.com\/wp-content\/uploads\/2025\/01\/Capture-decran-2025-01-15-a-13.55.52.jpg 694w, https:\/\/les-atypiques-chalets.com\/wp-content\/uploads\/2025\/01\/Capture-decran-2025-01-15-a-13.55.52-300x184.jpg 300w, https:\/\/les-atypiques-chalets.com\/wp-content\/uploads\/2025\/01\/Capture-decran-2025-01-15-a-13.55.52-100x61.jpg 100w, https:\/\/les-atypiques-chalets.com\/wp-content\/uploads\/2025\/01\/Capture-decran-2025-01-15-a-13.55.52-600x368.jpg 600w\" sizes=\"(max-width: 694px) 100vw, 694px\" \/><\/a>\n\t\t<\/figure>\n\t<\/div>\n<\/div><\/div><\/div><div class=\"wpb_column vc_column_container vc_col-sm-4\"><div class=\"vc_column-inner\"><div class=\"wpb_wrapper\">\n\t<div  class=\"wpb_single_image wpb_content_element vc_align_left wpb_content_element\">\n\t\t\n\t\t<figure class=\"wpb_wrapper vc_figure\">\n\t\t\t<a href=\"https:\/\/www.google.com\/search?q=Les+Atypiques+Chalets&#038;stick=H4sIAAAAAAAA_-NgU1I1qDAxtzRONkwyTTM3MDK2TEmzMqgAshItTdIMTFINjC1NDJIXsYr6pBYrOJZUFmQWlgJZzhmJOaklxQAK4Na5QQAAAA&#038;hl=fr&#038;ma\" target=\"_self\" class=\"vc_single_image-wrapper   vc_box_border_grey\" rel=\"nofollow noopener\"><img decoding=\"async\" width=\"324\" height=\"156\" src=\"https:\/\/les-atypiques-chalets.com\/wp-content\/uploads\/2024\/03\/avis-google.webp\" class=\"vc_single_image-img attachment-full\" alt=\"\" title=\"Google-Bewertung\" srcset=\"https:\/\/les-atypiques-chalets.com\/wp-content\/uploads\/2024\/03\/avis-google.webp 324w, https:\/\/les-atypiques-chalets.com\/wp-content\/uploads\/2024\/03\/avis-google-300x144.webp 300w, https:\/\/les-atypiques-chalets.com\/wp-content\/uploads\/2024\/03\/avis-google-100x48.webp 100w\" sizes=\"(max-width: 324px) 100vw, 324px\" \/><\/a>\n\t\t<\/figure>\n\t<\/div>\n<\/div><\/div><\/div><div class=\"wpb_column vc_column_container vc_col-sm-4\"><div class=\"vc_column-inner\"><div class=\"wpb_wrapper\">\n\t<div  class=\"wpb_single_image wpb_content_element vc_align_left wpb_content_element\">\n\t\t\n\t\t<figure class=\"wpb_wrapper vc_figure\">\n\t\t\t<a href=\"https:\/\/www.airbnb.fr\/users\/show\/202431572\" target=\"_self\" class=\"vc_single_image-wrapper   vc_box_border_grey\" rel=\"nofollow noopener\"><img decoding=\"async\" width=\"375\" height=\"125\" src=\"https:\/\/les-atypiques-chalets.com\/wp-content\/uploads\/2024\/10\/create-a-professionally-written-new-airbnb-listing-1600x533-1.webp\" class=\"vc_single_image-img attachment-full\" alt=\"\" title=\"Erstellen Sie eine professionell geschriebene neue Airbnb-Liste (1600x533)\" srcset=\"https:\/\/les-atypiques-chalets.com\/wp-content\/uploads\/2024\/10\/create-a-professionally-written-new-airbnb-listing-1600x533-1.webp 375w, https:\/\/les-atypiques-chalets.com\/wp-content\/uploads\/2024\/10\/create-a-professionally-written-new-airbnb-listing-1600x533-1-300x100.webp 300w, https:\/\/les-atypiques-chalets.com\/wp-content\/uploads\/2024\/10\/create-a-professionally-written-new-airbnb-listing-1600x533-1-100x33.webp 100w\" sizes=\"(max-width: 375px) 100vw, 375px\" \/><\/a>\n\t\t<\/figure>\n\t<\/div>\n<\/div><\/div><\/div><\/div><\/div><\/div><\/div><\/div><div class=\"vc_row wpb_row vc_row-fluid\"><div class=\"wpb_column vc_column_container vc_col-sm-12\"><div class=\"vc_column-inner\"><div class=\"wpb_wrapper\">\n\t<div class=\"wpb_text_column wpb_content_element\" >\n\t\t<div class=\"wpb_wrapper\">\n\t\t\t<p>Keywords: G\u00e9rardmer, f\u00eates des jonquilles, 2025, tourisme, \u00e9v\u00e9nements, fleurs<\/p>\n<p>Bienvenue \u00e0 G\u00e9rardmer, la perle des Vosges, o\u00f9 la nature s&rsquo;\u00e9panouit et o\u00f9 le charme des paysages se m\u00eale \u00e0 la tradition et \u00e0 l\u2019animation culturelle. Dans cet article, nous vous proposons un tour d\u2019horizon complet et d\u00e9taill\u00e9 des<br \/>\n<strong>f\u00eates des jonquilles 2025<\/strong>, un \u00e9v\u00e9nement incontournable pour tous <a href=\"https:\/\/les-atypiques-chalets.com\/de\/pourquoi-gerardmer-est-la-destination-parfaite-pour-les-amoureux-de-la-nature\/\" data-wpil-monitor-id=\"1227\">les amoureux de la nature<\/a>, de la culture et du patrimoine r\u00e9gional. Nous aborderons l\u2019histoire de cette manifestation, l\u2019organisation de l\u2019\u00e9v\u00e9nement,<br \/>\nla programmation des animations, sans oublier des <a href=\"https:\/\/les-atypiques-chalets.com\/de\/astuces-eco-responsables-pour-les-locataires-saisonniers-conseils-pour-un-sejour-ecologique-et-responsable-dans-votre-location-saisonniere\/\" data-wpil-monitor-id=\"1239\">conseils pratiques pour profiter pleinement de votre s\u00e9jour<\/a>. Suivez le guide pour en savoir plus sur ce festival exceptionnel qui, chaque ann\u00e9e, attire un public passionn\u00e9 et curieux.<\/p>\n<h2>Pr\u00e9sentation de G\u00e9rardmer<\/h2>\n<p>Situ\u00e9e au c\u0153ur des montagnes vosgiennes, G\u00e9rardmer est une charmante station touristique reconnue pour ses paysages verdoyants et son lac pittoresque. Ville dynamique tant en \u00e9t\u00e9 qu\u2019en hiver, elle offre des<br \/>\nactivit\u00e9s vari\u00e9es allant du <a href=\"https:\/\/les-atypiques-chalets.com\/de\/rejoignez-laventure-a-gerardmer-reservez-votre-sejour\/\" data-wpil-monitor-id=\"1236\">ski<\/a> aux randonn\u00e9es p\u00e9destres en passant par de nombreux festivals culturels. En 2025, la ville se <a href=\"https:\/\/les-atypiques-chalets.com\/de\/gerardmer-se-prepare-a-accueillir-un-nouveau-festival-musical-et-culturel-prometteur-le-fa-solac\/\" data-wpil-monitor-id=\"1242\">pr\u00e9pare \u00e0 accueillir le festival<\/a> des jonquilles qui promet d\u2019\u00eatre l\u2019un des moments forts de l\u2019ann\u00e9e.<br \/>\nLa richesse historique et la beaut\u00e9 naturelle de ce lieu se retrouvent au c\u0153ur des festivit\u00e9s et font de cette destination un lieu de pr\u00e9dilection pour les vacanciers, les passionn\u00e9s de botanique et tous ceux qui souhaitent<br \/>\nse reconnecter \u00e0 la nature.<\/p>\n<p>L\u2019histoire de <a href=\"https:\/\/les-atypiques-chalets.com\/de\/les-10-choses-a-faire-a-gerardmer-en-ete\/\" data-wpil-monitor-id=\"1742\">G\u00e9rardmer<\/a> se raconte \u00e0 travers ses monuments historiques, ses traditions locales et ses nombreux \u00e9v\u00e9nements qui c\u00e9l\u00e8brent la culture et la nature. Parmi ces \u00e9v\u00e9nements, vous retrouverez les fameuses f\u00eates<br \/>\ndes jonquilles, d\u00e9di\u00e9es \u00e0 la c\u00e9l\u00e9bration du printemps et de la floraison, qui symbolise le renouveau et l\u2019optimisme. Les habitants et les visiteurs se retrouvent pour partager des moments de convivialit\u00e9 et d\u00e9couvrir des<br \/>\nexpositions, des concerts, des march\u00e9s artisanaux et, bien \u00e9videmment, admirer les jonquilles dans toute leur splendeur.<\/p>\n<h2>Histoire et symbolique<br \/>\ndes f\u00eates des jonquilles<\/h2>\n<p>Les f\u00eates des jonquilles trouvent leur origine dans des traditions ancestrales qui remontent \u00e0 plusieurs g\u00e9n\u00e9rations. Les jonquilles, fleurs aux couleurs vives et aux formes harmonieuses, sont le symbole du renouveau,<br \/>\nde la vitalit\u00e9 et de l\u2019espoir. Tandis que l\u2019hiver c\u00e8de doucement la place au printemps, ces fleurs \u00e9mergent et apportent une touche de lumi\u00e8re et de couleur \u00e0 la nature. C\u2019est ce renouveau qui est c\u00e9l\u00e9br\u00e9 avec intensit\u00e9<br \/>\nlors de ces f\u00eates et qui invite chacun \u00e0 repartir du bon pied, avec \u00e9nergie et optimisme.<\/p>\n<p>Historiquement, ces f\u00eates \u00e9taient l\u2019occasion pour les communaut\u00e9s rurales de se rassembler, d\u2019\u00e9changer et de partager leurs r\u00e9coltes et leur savoir-faire artisanal. Aujourd\u2019hui, bien que le contexte ait \u00e9volu\u00e9, l\u2019esprit de<br \/>\nc\u00e9l\u00e9bration et de partage demeure intact. La modernit\u00e9 a permis d&rsquo;\u00e9largir le public, attirant aussi bien les locaux que les visiteurs venus de toute la r\u00e9gion et m\u00eame de l\u2019\u00e9tranger. Ainsi, en 2025, la f\u00eate des jonquilles \u00e0<br \/>\nG\u00e9rardmer promet de marier tradition et innovation pour le plus grand plaisir des passionn\u00e9s.<\/p>\n<h2>Organisation et pr\u00e9paration<br \/>\nde l&rsquo;\u00e9v\u00e9nement 2025<\/h2>\n<p>L&rsquo;organisation des f\u00eates des jonquilles 2025 repose sur une collaboration \u00e9troite entre la mairie de G\u00e9rardmer, les associations culturelles et les acteurs \u00e9conomiques locaux. Des \u00e9quipes d\u00e9di\u00e9es travaillent depuis<br \/>\nplusieurs mois pour pr\u00e9parer un programme riche et vari\u00e9, qui saura s\u00e9duire un public de tous horizons. Le principal objectif est de cr\u00e9er une ambiance chaleureuse et festive, propice aux \u00e9changes et aux d\u00e9couvertes.<\/p>\n<p>Le processus de pr\u00e9paration implique plusieurs \u00e9tapes, dont la mise en place d\u2019un comit\u00e9 de pilotage, la coordination avec les diff\u00e9rents services municipaux et la cr\u00e9ation d\u2019un calendrier d\u2019animations d\u00e9taill\u00e9. Chaque \u00e9poque de<br \/>\nla journ\u00e9e est pens\u00e9e pour offrir aux visiteurs des exp\u00e9riences diversifi\u00e9es. Par exemple, un <em>concours floral<\/em> sera organis\u00e9 pour encourager la participation des amateurs de jardinage tandis que des expositions temporaires mettront<br \/>\nen lumi\u00e8re l\u2019art floral et l\u2019artisanat local.<\/p>\n<p>L\u2019\u00e9v\u00e9nement s\u2019adresse \u00e0 un large public, des familles aux passionn\u00e9s de botanique en passant par les touristes internationaux. Pour plus d\u2019informations et des mises \u00e0 jour en temps r\u00e9el sur l\u2019organisation, nous vous invitons \u00e0 consulter<br \/>\nle site officiel de G\u00e9rardmer disponible sur <a href=\"https:\/\/fr.wikipedia.org\/wiki\/G%C3%A9rardmer\" target=\"_blank\" rel=\"noopener noreferrer nofollow\"><em>Wikipedia G\u00e9rardmer<\/em><\/a>. Ce lien vous permettra d&rsquo;approfondir vos connaissances sur cette ville embl\u00e9matique.<\/p>\n<h2>Programmation pr\u00e9visionnelle<br \/>\net animations phares<\/h2>\n<p>L\u2019un des atouts majeurs de l\u2019\u00e9v\u00e9nement r\u00e9side dans sa programmation riche et diversifi\u00e9e. En 2025, les festivit\u00e9s s\u2019annoncent sous le signe de la cr\u00e9ativit\u00e9 et de l\u2019innovation. Diverses animations seront propos\u00e9es tout<br \/>\nau long de la journ\u00e9e, afin de satisfaire les attentes de tous les visiteurs. Parmi les temps forts, on retrouve:<\/p>\n<h3>Expositions et installations florales<\/h3>\n<p>Les jonquilles seront \u00e0 l\u2019honneur dans des expositions spectaculaires qui m\u00ealeront art contemporain et traditions locales. Des artistes de renom ainsi que des talents \u00e9mergents seront invit\u00e9s \u00e0 cr\u00e9er des installations<br \/>\n\u00e9ph\u00e9m\u00e8res dans diff\u00e9rents points de la ville. Ces espaces d\u2019expositions offriront une immersion totale dans un univers color\u00e9 o\u00f9 chaque fleur raconte une histoire. Vous pourrez admirer des compositions florales,<br \/>\nassister \u00e0 des ateliers interactifs et m\u00eame participer \u00e0 la cr\u00e9ation collective d\u2019une grande \u0153uvre v\u00e9g\u00e9tale.<\/p>\n<h3>March\u00e9s et animations culturelles<\/h3>\n<p>Le march\u00e9 artisanal, v\u00e9ritable vitrine du savoir-faire local, sera l\u2019un des lieux incontournables de l\u2019\u00e9v\u00e9nement. Les artisans de G\u00e9rardmer et des environs proposeront des produits typiques, allant des cr\u00e9ations<br \/>\nartisanales aux sp\u00e9cialit\u00e9s culinaires r\u00e9gionales. De nombreux stands permettront aux visiteurs de d\u00e9guster des mets savoureux tout en d\u00e9couvrant l\u2019histoire et les traditions qui font la renomm\u00e9e de la r\u00e9gion.<\/p>\n<p>Par ailleurs, des animations musicales et th\u00e9\u00e2trales viendront ponctuer les festivit\u00e9s. Des groupes de musique traditionnels, des chorales et m\u00eame des spectacles de rue seront au programme, garantissant une ambiance<br \/>\nfestive et conviviale. Les concerts en plein air inviteront chacun \u00e0 danser et \u00e0 c\u00e9l\u00e9brer ce moment de renouveau et de partage.<\/p>\n<h3>Ateliers et activit\u00e9s pour tous<\/h3>\n<p>Les organisateurs n\u2019ont pas oubli\u00e9 les plus jeunes et ceux qui souhaitent apprendre de nouvelles techniques en lien avec le monde floral. Des ateliers de jardinage, de peinture sur fleurs et de cr\u00e9ation de couronnes seront<br \/>\ndisponibles pour petits et grands. Ces activit\u00e9s permettent non seulement de d\u00e9couvrir l\u2019univers fascinant des jonquilles, mais aussi de s\u2019initier \u00e0 l\u2019art du bricolage et \u00e0 l\u2019expression artistique.<\/p>\n<h2>Les animations nocturnes<br \/>\net ambiances festives<\/h2>\n<p>Alors que la journ\u00e9e s\u2019ach\u00e8ve, les f\u00eates des jonquilles ne perdent pas de leur magie. Les <a href=\"https:\/\/les-atypiques-chalets.com\/de\/halloween-dans-les-vosges-decouvrez-les-evenements-incontournables\/\" data-wpil-monitor-id=\"1240\">animations nocturnes promettent de transformer G\u00e9rardmer<\/a> en un v\u00e9ritable \u00e9crin de lumi\u00e8re. Des \u00e9clairages artistiques,<br \/>\ndes projections et des installations lumineuses seront mis en place pour sublimer les flancs de montagnes et les rives du lac. L\u2019effet visuel est tout simplement spectaculaire et contribue \u00e0 cr\u00e9er une ambiance f\u00e9erique<br \/>\nqui restera grav\u00e9e dans les m\u00e9moires de tous les participants.<\/p>\n<p>Les restaurants, bars et h\u00e9bergements de la ville se pr\u00e9parent eux aussi \u00e0 accueillir une affluence importante durant l\u2019\u00e9v\u00e9nement. De nombreux \u00e9tablissements proposeront des menus sp\u00e9ciaux, mettant en avant les produits<br \/>\nlocaux et de saison. L&rsquo;organisation de soir\u00e9es th\u00e9matiques et de d\u00eeners festifs permettra aux visiteurs de prolonger leur immersion dans la culture vosgienne bien apr\u00e8s la tomb\u00e9e de la nuit.<\/p>\n<h2>Activit\u00e9s et excursions annexes<\/h2>\n<p>Au-del\u00e0 du festival lui-m\u00eame, <a href=\"https:\/\/les-atypiques-chalets.com\/de\/decouvrez-le-tourisme-nature-dans-les-vosges\/\" data-wpil-monitor-id=\"1231\">G\u00e9rardmer offre une multitude d\u2019activit\u00e9s pour agr\u00e9menter votre s\u00e9jour<\/a>. Pour les sportifs, des <a href=\"https:\/\/les-atypiques-chalets.com\/de\/les-plus-belles-randonnees-dans-le-haut-rhin-guide-complet\/\" data-wpil-monitor-id=\"1232\">randonn\u00e9es accompagn\u00e9es par des guides<\/a> passionn\u00e9s vous feront d\u00e9couvrir les secrets des<br \/>\nmassifs environnants, les sentiers cach\u00e9s et les panoramas \u00e0 couper le souffle. De nombreux circuits balis\u00e9s vous invitent \u00e0 explorer la r\u00e9gion \u00e0 pied, \u00e0 <a href=\"https:\/\/les-atypiques-chalets.com\/de\/radrouten-gerardmer\/\" data-wpil-monitor-id=\"1237\">Fahrrad<\/a>, voire m\u00eame en raquettes pour les plus t\u00e9m\u00e9raires.<\/p>\n<p>Les amateurs de sports nautiques pourront profiter du <a href=\"https:\/\/les-atypiques-chalets.com\/de\/decouvrez-le-lac-de-gerardmer\/\" data-wpil-monitor-id=\"1229\">Lac de G\u00e9rardmer<\/a>, parfait pour faire de la voile, du p\u00e9dalo ou m\u00eame une petite escapade en kayak. Pour ceux qui pr\u00e9f\u00e8rent un moment de d\u00e9tente, des spas et centres<br \/>\nde <a href=\"https:\/\/les-atypiques-chalets.com\/de\/quest-ce-quun-bain-nordique\/\" data-wpil-monitor-id=\"1233\">bien-\u00eatre vous offriront des instants de relaxation<\/a> et de ressourcement. La diversit\u00e9 des activit\u00e9s permet \u00e0 chacun de composer son propre programme de vacances, entre d\u00e9couvertes culturelles et aventures en pleine nature.<\/p>\n<p>Pour les curieux souhaitant aller plus loin dans la d\u00e9couverte de la r\u00e9gion, des visites guid\u00e9es des sites historiques, des mus\u00e9es et des monuments locaux sont organis\u00e9es tout au long de l\u2019ann\u00e9e. G\u00e9rardmer n\u2019est pas<br \/>\nseulement un lieu de passage, mais une destination \u00e0 part enti\u00e8re, riche en histoire et en traditions, o\u00f9 chaque coin de rue raconte une l\u00e9gende.<\/p>\n<h2>Conseils pratiques<br \/>\npour un festival r\u00e9ussi<\/h2>\n<p>Afin de profiter pleinement des f\u00eates des jonquilles 2025, nous avons rassembl\u00e9 quelques conseils pratiques qui vous aideront \u00e0 organiser votre visite. Tout d\u2019abord, il est recommand\u00e9 de <a href=\"https:\/\/les-atypiques-chalets.com\/de\/product\/reservation-2\/\" data-wpil-monitor-id=\"1234\">r\u00e9server votre h\u00e9bergement<\/a> bien<br \/>\n\u00e0 l\u2019avance, car la demande est g\u00e9n\u00e9ralement tr\u00e8s forte durant cette p\u00e9riode festive. G\u00e9rardmer propose une large gamme d\u2019options, allant des h\u00f4tels de charme aux g\u00eetes confortables en passant par les chambres d\u2019h\u00f4tes typiques de<br \/>\nla r\u00e9gion.<\/p>\n<p>Pensez \u00e9galement \u00e0 consulter le programme des animations avant votre arriv\u00e9e. Le site officiel de l\u2019\u00e9v\u00e9nement, ainsi que les pages d\u00e9di\u00e9es sur les r\u00e9seaux sociaux, offrent des mises \u00e0 jour r\u00e9guli\u00e8res sur les horaires,<br \/>\nles lieux et les nouveaut\u00e9s de la programmation. Ainsi, vous pourrez planifier vos journ\u00e9es et ne rien manquer des activit\u00e9s qui vous int\u00e9ressent le plus.<\/p>\n<p>Pour les amateurs de photographie et d\u2019instantan\u00e9s nature, n\u2019oubliez pas d\u2019emmener votre appareil photo ou votre smartphone. Les fleurs, les paysages et les installations artistiques offrent un d\u00e9cor id\u00e9al pour<br \/>\ncapturer des souvenirs uniques. De plus, il est conseill\u00e9 de porter des v\u00eatements confortables et adapt\u00e9s aux conditions m\u00e9t\u00e9orologiques, car la m\u00e9t\u00e9o peut varier en cette p\u00e9riode de l\u2019ann\u00e9e.<\/p>\n<p>Enfin, pour ceux qui souhaitent en savoir plus sur l\u2019histoire et la <a href=\"https:\/\/les-atypiques-chalets.com\/de\/le-patrimoine-architectural-autour-de-gerardmer-decouverte-des-batiments-historiques-chateaux-et-eglises\/\" data-wpil-monitor-id=\"1230\">culture de G\u00e9rardmer<\/a>, nous recommandons vivement de visiter le site de l\u2019Office de Tourisme de G\u00e9rardmer. Ce portail est un excellent moyen<br \/>\nd\u2019obtenir des informations actualis\u00e9es, des cartes d\u00e9taill\u00e9es et des <a href=\"https:\/\/les-atypiques-chalets.com\/de\/comment-preparer-votre-sejour-a-gerardmer-conseils-et-astuces\/\" data-wpil-monitor-id=\"2093\">conseils pratiques pour parfaire votre s\u00e9jour<\/a>.<\/p>\n<h2>Impact \u00e9conomique<br \/>\net culturel de l&rsquo;\u00e9v\u00e9nement<\/h2>\n<p>Lesen <a href=\"https:\/\/les-atypiques-chalets.com\/de\/votre-guide-des-evenements-et-festivals-a-gerardmer-2024\/\" data-wpil-monitor-id=\"1243\">f\u00eates des jonquilles ne se contentent pas d&rsquo;\u00eatre un \u00e9v\u00e9nement<\/a> festif, elles ont \u00e9galement un impact significatif sur l&rsquo;\u00e9conomie locale et la valorisation culturelle de la r\u00e9gion. Chaque ann\u00e9e, cet \u00e9v\u00e9nement<br \/>\ng\u00e9n\u00e8re une affluence importante qui b\u00e9n\u00e9ficie aux commer\u00e7ants, restaurateurs et <a href=\"https:\/\/les-atypiques-chalets.com\/de\/infos-legales\/\" data-wpil-monitor-id=\"2008\">h\u00e9bergeurs<\/a> de G\u00e9rardmer. La mise en valeur du patrimoine naturel et historique de la ville participe autant \u00e0 l&rsquo;aspect \u00e9conomique qu&rsquo;\u00e0<br \/>\nla promotion de la culture locale.<\/p>\n<p>De plus, gr\u00e2ce \u00e0 la m\u00e9diatisation de l&rsquo;\u00e9v\u00e9nement et aux retomb\u00e9es touristiques, G\u00e9rardmer renforce sa position de destination de choix pour les amateurs d&rsquo;\u00e9v\u00e9nements culturels et naturels. Des partenariats avec<br \/>\ndes entreprises locales et des sponsors nationaux contribuent au financement des animations et \u00e0 l&rsquo;am\u00e9lioration des infrastructures. Cette synergie entre acteurs publics et priv\u00e9s permet de faire vivre l&rsquo;\u00e9v\u00e9nement tout en<br \/>\nassurant sa p\u00e9rennit\u00e9 sur le long terme.<\/p>\n<h2>L&rsquo;engagement en faveur<br \/>\nde l&rsquo;environnement<\/h2>\n<p>Les f\u00eates des jonquilles 2025 s\u2019inscrivent dans une d\u00e9marche \u00e9co-responsable visant \u00e0 r\u00e9duire l\u2019empreinte environnementale de l\u2019\u00e9v\u00e9nement. De nombreuses initiatives ont \u00e9t\u00e9 mises en place pour encourager<br \/>\nle recyclage, favoriser l\u2019utilisation de mat\u00e9riaux biod\u00e9gradables et promouvoir le covoiturage entre les visiteurs. Par exemple, des points de collecte pour le tri des d\u00e9chets seront diss\u00e9min\u00e9s sur l\u2019ensemble du site<br \/>\nfestif et des animations seront organis\u00e9es pour sensibiliser le public aux questions environnementales.<\/p>\n<p>L\u2019implication des acteurs locaux dans cette d\u00e9marche est remarquable et t\u00e9moigne d\u2019une volont\u00e9 commune de pr\u00e9server la beaut\u00e9 <a href=\"https:\/\/les-atypiques-chalets.com\/de\/visitez-le-parc-naturel-de-gerardmer\/\" data-wpil-monitor-id=\"1235\">naturelle de G\u00e9rardmer<\/a>. Ainsi, en participant \u00e0 ces f\u00eates, chaque visiteur contribue indirectement<br \/>\n\u00e0 la protection de l\u2019environnement et \u00e0 l\u2019am\u00e9lioration de la qualit\u00e9 de vie dans la r\u00e9gion.<\/p>\n<h2>Les retomb\u00e9es m\u00e9diatiques<br \/>\net l&rsquo;attrait international<\/h2>\n<p>Les f\u00eates des jonquilles ont su capter l\u2019attention des m\u00e9dias nationaux et internationaux gr\u00e2ce \u00e0 leur originalit\u00e9 et leur dimension artistique. Chaque \u00e9dition attire des journalistes, blogueurs et influenceurs qui<br \/>\npartagent leurs exp\u00e9riences et leurs d\u00e9couvertes \u00e0 travers divers supports num\u00e9riques. Cette visibilit\u00e9 m\u00e9diatique contribue \u00e0 asseoir la r\u00e9putation de G\u00e9rardmer en tant que destination culturelle et touristique<br \/>\nd\u2019exception.<\/p>\n<p>Lesen <a href=\"https:\/\/les-atypiques-chalets.com\/de\/reseaux-sociaux\/\" data-wpil-monitor-id=\"2053\">r\u00e9seaux sociaux<\/a> jouent un r\u00f4le d\u00e9terminant dans la promotion de l\u2019\u00e9v\u00e9nement. Des campagnes de communication cibl\u00e9es sur Facebook, Instagram et Twitter permettent de toucher un public large et vari\u00e9.<br \/>\nLes hashtags sp\u00e9cifiques, que nous \u00e9voquerons plus bas, facilitent la diffusion des informations et la mise en r\u00e9seau entre les visiteurs. Cette dynamique collaboratif renforce le sentiment d\u2019appartenance et<br \/>\nl\u2019enthousiasme autour des f\u00eates des jonquilles.<\/p>\n<h2>Conclusion : Une invitation<br \/>\n\u00e0 c\u00e9l\u00e9brer le renouveau<\/h2>\n<p>En conclusion, les <a href=\"https:\/\/les-atypiques-chalets.com\/de\/la-fete-des-jonquilles-de-gerardmer\/\" data-wpil-monitor-id=\"1228\">f\u00eates des jonquilles 2025 \u00e0 G\u00e9rardmer<\/a> promettent d\u2019\u00eatre un rendez-vous exceptionnel pour c\u00e9l\u00e9brer le renouveau et s\u2019immerger dans une ambiance conviviale et festive. Cet \u00e9v\u00e9nement, riche en<br \/>\ndiversit\u00e9 et en \u00e9motions, offre \u00e0 la fois une vitrine pour le patrimoine naturel et culturel de la r\u00e9gion et une occasion unique de cr\u00e9er des souvenirs inoubliables. Que vous soyez amateur de nature, passionn\u00e9 d\u2019arts<br \/>\nou simplement en qu\u00eate d\u2019un moment de d\u00e9tente, vous trouverez \u00e0 G\u00e9rardmer de quoi nourrir votre curiosit\u00e9 et votre esprit.<\/p>\n<p>Nous esp\u00e9rons que ce <a href=\"https:\/\/les-atypiques-chalets.com\/de\/guide-ski-vosges-top-stations-decouvertes\/\" data-wpil-monitor-id=\"1241\">guide complet<\/a> vous aura fourni toutes les informations n\u00e9cessaires pour planifier votre venue et profiter au mieux de cette c\u00e9l\u00e9bration haute en couleur et en \u00e9motions. N\u2019h\u00e9sitez pas \u00e0<br \/>\npartager cet article avec vos amis et sur vos r\u00e9seaux sociaux pour faire conna\u00eetre cette initiative qui s\u2019annonce d\u00e9j\u00e0 comme l\u2019un des \u00e9v\u00e9nements phares de 2025 dans la r\u00e9gion des <a href=\"https:\/\/les-atypiques-chalets.com\/de\/organisez-votre-sejour-a-gerardmer\/\" data-wpil-monitor-id=\"1238\">Vogesen<\/a>.<\/p>\n\n\t\t<\/div>\n\t<\/div>\n<\/div><\/div><\/div><\/div>\n<\/div>","protected":false},"excerpt":{"rendered":"Chalet IORIK Capacit\u00e9: 4 personnes Superficie: 45 m2 Bain Nordique: privatif Description de notre Chalet Iorik dans les Vosges Id\u00e9al pour les couples ou les petites familles, le Chalet IORIK est un \u00e9crin de douceur pouvant accueillir jusqu\u2019\u00e0 4 personnes. Avec ses 2 chambres cosy et ces 2 lits de 140\u00d7190, il vous promet des<a href=\"https:\/\/les-atypiques-chalets.com\/de\/chalet-aslan\/\" class=\"sohohotel-more-link\">Read More<\/a>","protected":false},"author":1,"featured_media":1698974,"comment_status":"closed","ping_status":"closed","sticky":false,"template":"","format":"standard","meta":{"_yoast_wpseo_title":"G\u00e9rardmer f\u00eates des jonquilles 2025 : Un \u00e9v\u00e9nement floral incontournable en 2025","_yoast_wpseo_metadesc":"D\u00e9couvrez le festival des jonquilles de G\u00e9rardmer en 2025, un \u00e9v\u00e9nement culturel et floral riche en animations, histoire et activit\u00e9s touristiques. Lisez notre guide complet pour pr\u00e9parer votre visite.","_yoast_wpseo_focuskw":"#G\u00e9rardmer #Jonquilles2025 #FestivalFloral #\u00c9v\u00e9nement #Tourisme","footnotes":""},"categories":[1579],"tags":[1576,1577,1578,1575,664],"class_list":["post-1698564","post","type-post","status-publish","format-standard","has-post-thumbnail","hentry","category-fetes-des-jonquilles-2025","tag-1576","tag-evenements-culturels","tag-festival-floral","tag-fetes-des-jonquilles","tag-gerardmer"],"_links":{"self":[{"href":"https:\/\/les-atypiques-chalets.com\/de\/wp-json\/wp\/v2\/posts\/1698564","targetHints":{"allow":["GET"]}}],"collection":[{"href":"https:\/\/les-atypiques-chalets.com\/de\/wp-json\/wp\/v2\/posts"}],"about":[{"href":"https:\/\/les-atypiques-chalets.com\/de\/wp-json\/wp\/v2\/types\/post"}],"author":[{"embeddable":true,"href":"https:\/\/les-atypiques-chalets.com\/de\/wp-json\/wp\/v2\/users\/1"}],"replies":[{"embeddable":true,"href":"https:\/\/les-atypiques-chalets.com\/de\/wp-json\/wp\/v2\/comments?post=1698564"}],"version-history":[{"count":0,"href":"https:\/\/les-atypiques-chalets.com\/de\/wp-json\/wp\/v2\/posts\/1698564\/revisions"}],"wp:featuredmedia":[{"embeddable":true,"href":"https:\/\/les-atypiques-chalets.com\/de\/wp-json\/wp\/v2\/media\/1698974"}],"wp:attachment":[{"href":"https:\/\/les-atypiques-chalets.com\/de\/wp-json\/wp\/v2\/media?parent=1698564"}],"wp:term":[{"taxonomy":"category","embeddable":true,"href":"https:\/\/les-atypiques-chalets.com\/de\/wp-json\/wp\/v2\/categories?post=1698564"},{"taxonomy":"post_tag","embeddable":true,"href":"https:\/\/les-atypiques-chalets.com\/de\/wp-json\/wp\/v2\/tags?post=1698564"}],"curies":[{"name":"wp","href":"https:\/\/api.w.org\/{rel}","templated":true}]}}