{"id":172417,"date":"2024-09-02T12:05:24","date_gmt":"2024-09-02T12:05:24","guid":{"rendered":"https:\/\/les-atypiques-chalets.com\/?p=172417"},"modified":"2025-05-21T19:08:44","modified_gmt":"2025-05-21T19:08:44","slug":"offrez-vous-un-week-end-dans-un-chalet-des-vosges","status":"publish","type":"post","link":"https:\/\/les-atypiques-chalets.com\/de\/offrez-vous-un-week-end-dans-un-chalet-des-vosges\/","title":{"rendered":"Bieten Sie ein Wochenende in einer H\u00fctte in den Vogesen an"},"content":{"rendered":"<div class=\"wpb-content-wrapper\"><div class=\"vc_row wpb_row vc_row-fluid\"><div class=\"wpb_column vc_column_container vc_col-sm-12\"><div class=\"vc_column-inner\"><div class=\"wpb_wrapper\">\n\t<div class=\"wpb_text_column wpb_content_element\" >\n\t\t<div class=\"wpb_wrapper\">\n\t\t\t<h1><span style=\"color: #683c16;\">Offrez-vous un week-end<\/span><br \/>\n<span style=\"color: #683c16;\">dans un chalet des Vosges<\/span><\/h1>\n\n\t\t<\/div>\n\t<\/div>\n<\/div><\/div><\/div><\/div><div class=\"vc_row wpb_row vc_row-fluid\"><div class=\"wpb_column vc_column_container vc_col-sm-12\"><div class=\"vc_column-inner\"><div class=\"wpb_wrapper\">\n<div class=\"vc-zigzag-wrapper vc-zigzag-align-center\"><div class=\"vc-zigzag-inner\" style=\"width: 100%;min-height: 14px;background: 0 repeat-x url(&#039;data:image\/svg+xml;utf-8,%3C%3Fxml%20version%3D%221.0%22%20encoding%3D%22utf-8%22%3F%3E%3C%21DOCTYPE%20svg%20PUBLIC%20%22-%2F%2FW3C%2F%2FDTD%20SVG%201.1%2F%2FEN%22%20%22http%3A%2F%2Fwww.w3.org%2FGraphics%2FSVG%2F1.1%2FDTD%2Fsvg11.dtd%22%3E%3Csvg%20width%3D%2214px%22%20height%3D%2212px%22%20viewBox%3D%220%200%2018%2015%22%20version%3D%221.1%22%20xmlns%3D%22http%3A%2F%2Fwww.w3.org%2F2000%2Fsvg%22%20xmlns%3Axlink%3D%22http%3A%2F%2Fwww.w3.org%2F1999%2Fxlink%22%3E%3Cpolygon%20id%3D%22Combined-Shape%22%20fill%3D%22%23ebebeb%22%20points%3D%228.98762301%200%200%209.12771969%200%2014.519983%209%205.40479869%2018%2014.519983%2018%209.12771969%22%3E%3C%2Fpolygon%3E%3C%2Fsvg%3E&#039;);\"><\/div><\/div>\t\t\n\t\t\t\t\n\t\t\t<!-- BEGIN .shb-accommodation-listing-filter-sorting -->\n\t\t\t<div class=\"shb-accommodation-listing-filter-sorting shb-clearfix\">\n\t\t\t\n\t\t\t\t\t\t\t\n\t\t\t\t<div class=\"shb-accommodation-listing-filter shb-clearfix\">\n\t\t\t\t\t<p>Filtern nach:<\/p>\n\t\t\t\t\t<ul>\n\t\t\t\t\t\t<li class=\"shb-filter-current\"><a href=\"https:\/\/les-atypiques-chalets.com\/de\/wp-json\/wp\/v2\/posts\/172417?shb-orderby=2\">All<\/a><\/li><li class=\"\"><a href=\"https:\/\/les-atypiques-chalets.com\/de\/wp-json\/wp\/v2\/posts\/172417?shb-orderby=2&shb-accommodation-type=chalet-4-personnes-gerardmer\">Chalet f\u00fcr 4 Personen<\/a><\/li><li class=\"\"><a href=\"https:\/\/les-atypiques-chalets.com\/de\/wp-json\/wp\/v2\/posts\/172417?shb-orderby=2&shb-accommodation-type=chalet-6-personnes\">Chalet f\u00fcr 6 Personen<\/a><\/li><li class=\"\"><a href=\"https:\/\/les-atypiques-chalets.com\/de\/wp-json\/wp\/v2\/posts\/172417?shb-orderby=2&shb-accommodation-type=chalets-6-personnes\">Chalets f\u00fcr 6 Personen<\/a><\/li>\t\t\t\t\t<\/ul>\n\t\t\t\t<\/div>\n\t\t\t\n\t\t\t\t\t\t\t\n\t\t\t\t\t\t\t\n\t\t\t\t<div class=\"shb-accommodation-listing-sorting shb-clearfix\">\n\t\t\t\t\t<select>\n\t\t\t\t\t\t<option value=\"https:\/\/les-atypiques-chalets.com\/de\/wp-json\/wp\/v2\/posts\/172417?shb-accommodation-type=0\" selected>Standard-Sortierung<\/option><option value=\"https:\/\/les-atypiques-chalets.com\/de\/wp-json\/wp\/v2\/posts\/172417?shb-accommodation-type=0&shb-orderby=1\" >Preis niedrig bis hoch<\/option><option value=\"https:\/\/les-atypiques-chalets.com\/de\/wp-json\/wp\/v2\/posts\/172417?shb-accommodation-type=0&shb-orderby=2\" >Preis hoch bis niedrig<\/option>\t\t\t\t\t<\/select>\n\t\t\t\t\t<i class=\"fas fa-chevron-down\"><\/i>\n\t\t\t\t<\/div>\n\t\t\t\n\t\t\t\t\t\n\t\t\t<!-- END .shb-accommodation-listing-filter-sorting -->\n\t\t\t<\/div>\n\t\t\n\t\t\t\t\n\t\t<!-- BEGIN .shb-accommodation-listing-style-1 -->\n\t\t<div class=\"shb-accommodation-listing-style-1 shb-accommodation-listing-style-1-columns-3\">\n\t\t\t\n\t\t\t\t\n\t\t\t<!-- BEGIN .shb-accommodation-listing-item -->\n\t\t\t<div class=\"shb-accommodation-listing-item\">\n\t\t\t\n\t\t\t\t\t\t\t\t\t<a href=\"https:\/\/les-atypiques-chalets.com\/de\/chalet-charkhan\/\" rel=\"bookmark\" title=\"Chalet Charkhan\">\n\t\t\t\t\t\t\t\t\t\t\t\t<img decoding=\"async\" class=\"shb-accommodation-listing-image\" src=\"https:\/\/les-atypiques-chalets.com\/wp-content\/uploads\/2025\/03\/salon-charkhan-03-L-1180x675.webp\" alt=\"Chalet Charkhan\" \/>\t\t\t\t\t<\/a>\n\t\t\t\t\t\t\t\n\t\t\t\t<div class=\"shb-accommodation-listing-description-wrapper\">\n\t\t\t\t\n\t\t\t\t\t<h3><a href=\"https:\/\/les-atypiques-chalets.com\/de\/chalet-charkhan\/\" rel=\"bookmark\" title=\"Chalet Charkhan\">Chalet Charkhan<\/a><\/h3>\n\t\t\t\t\n\t\t\t\t\t<div class=\"shb-accommodation-listing-description shb-clearfix\">\n\t\t\t\t\t\t<ul>\r\n<li><i class=\"fas fa-user\"><\/i><span>Kapazit\u00e4t<\/span> 6 Personen<\/li>\r\n<li><i class=\"fas fa-ruler-combined\"><\/i><span>Oberfl\u00e4che<\/span> 65 m\u00b2<\/li>\r\n<li><i class=\"fas fa-hot-tub\"><\/i><span> Nordische Badewanne<\/span> privativ<\/li>\r\n<\/ul>\t\t\t\t\t\t<a href=\"https:\/\/les-atypiques-chalets.com\/de\/chalet-charkhan\/\" class=\"shb-accommodation-listing-button1\">ab 225\u20ac\/Nacht<\/a>\n\t\t\t\t\t\t<a href=\"https:\/\/les-atypiques-chalets.com\/de\/chalet-charkhan\/\" class=\"shb-accommodation-listing-button2\">Zimmer anzeigen<i class=\"fas fa-chevron-right\"><\/i><\/a>\n\t\t\t\t\t<\/div>\n\t\t\t\t\n\t\t\t\t<\/div>\n\t\t\t\n\t\t\t<!-- END .shb-accommodation-listing-item -->\n\t\t\t<\/div>\n\t\t\n\t\t\t\t\n\t\t\t<!-- BEGIN .shb-accommodation-listing-item -->\n\t\t\t<div class=\"shb-accommodation-listing-item\">\n\t\t\t\n\t\t\t\t\t\t\t\t\t<a href=\"https:\/\/les-atypiques-chalets.com\/de\/chalet-aslan\/\" rel=\"bookmark\" title=\"Chalet Aslan\">\n\t\t\t\t\t\t\t\t\t\t\t\t<img decoding=\"async\" class=\"shb-accommodation-listing-image\" src=\"https:\/\/les-atypiques-chalets.com\/wp-content\/uploads\/2025\/03\/ASLAN-2-900x710.webp\" alt=\"Chalet Aslan\" \/>\t\t\t\t\t<\/a>\n\t\t\t\t\t\t\t\n\t\t\t\t<div class=\"shb-accommodation-listing-description-wrapper\">\n\t\t\t\t\n\t\t\t\t\t<h3><a href=\"https:\/\/les-atypiques-chalets.com\/de\/chalet-aslan\/\" rel=\"bookmark\" title=\"Chalet Aslan\">Chalet Aslan<\/a><\/h3>\n\t\t\t\t\n\t\t\t\t\t<div class=\"shb-accommodation-listing-description shb-clearfix\">\n\t\t\t\t\t\t<ul>\r\n<li><i class=\"fas fa-user\"><\/i><span>Kapazit\u00e4t<\/span> 5 Personen<\/li>\r\n<li><i class=\"fas fa-ruler-combined\"><\/i><span>Oberfl\u00e4che<\/span> 65 m\u00b2<\/li>\r\n<li><i class=\"fas fa-hot-tub\"><\/i><span> Nordische Badewanne<\/span> privativ<\/li>\r\n<\/ul>\t\t\t\t\t\t<a href=\"https:\/\/les-atypiques-chalets.com\/de\/chalet-aslan\/\" class=\"shb-accommodation-listing-button1\">ab 215 \u20ac\/Nacht<\/a>\n\t\t\t\t\t\t<a href=\"https:\/\/les-atypiques-chalets.com\/de\/chalet-aslan\/\" class=\"shb-accommodation-listing-button2\">Zimmer anzeigen<i class=\"fas fa-chevron-right\"><\/i><\/a>\n\t\t\t\t\t<\/div>\n\t\t\t\t\n\t\t\t\t<\/div>\n\t\t\t\n\t\t\t<!-- END .shb-accommodation-listing-item -->\n\t\t\t<\/div>\n\t\t\n\t\t\t\t\n\t\t\t<!-- BEGIN .shb-accommodation-listing-item -->\n\t\t\t<div class=\"shb-accommodation-listing-item\">\n\t\t\t\n\t\t\t\t\t\t\t\t\t<a href=\"https:\/\/les-atypiques-chalets.com\/de\/chalet-iorik\/\" rel=\"bookmark\" title=\"Chalet Iorik\">\n\t\t\t\t\t\t\t\t\t\t\t\t<img decoding=\"async\" class=\"shb-accommodation-listing-image\" src=\"https:\/\/les-atypiques-chalets.com\/wp-content\/uploads\/2025\/09\/iorik-sejour-L-1024x710.webp\" alt=\"Chalet Iorik\" \/>\t\t\t\t\t<\/a>\n\t\t\t\t\t\t\t\n\t\t\t\t<div class=\"shb-accommodation-listing-description-wrapper\">\n\t\t\t\t\n\t\t\t\t\t<h3><a href=\"https:\/\/les-atypiques-chalets.com\/de\/chalet-iorik\/\" rel=\"bookmark\" title=\"Chalet Iorik\">Chalet Iorik<\/a><\/h3>\n\t\t\t\t\n\t\t\t\t\t<div class=\"shb-accommodation-listing-description shb-clearfix\">\n\t\t\t\t\t\t<ul>\r\n<li><i class=\"fas fa-user\"><\/i><span>Kapazit\u00e4t<\/span> 4 Personen<\/li>\r\n<li><i class=\"fas fa-ruler-combined\"><\/i><span>Oberfl\u00e4che<\/span> 45 m2<\/li>\r\n<li><i class=\"fas fa-hot-tub\"><\/i><span> Nordische Badewanne<\/span> privativ<\/li>\r\n<\/ul>\t\t\t\t\t\t<a href=\"https:\/\/les-atypiques-chalets.com\/de\/chalet-iorik\/\" class=\"shb-accommodation-listing-button1\">ab 170\u20ac\/Nacht<\/a>\n\t\t\t\t\t\t<a href=\"https:\/\/les-atypiques-chalets.com\/de\/chalet-iorik\/\" class=\"shb-accommodation-listing-button2\">Zimmer anzeigen<i class=\"fas fa-chevron-right\"><\/i><\/a>\n\t\t\t\t\t<\/div>\n\t\t\t\t\n\t\t\t\t<\/div>\n\t\t\t\n\t\t\t<!-- END .shb-accommodation-listing-item -->\n\t\t\t<\/div>\n\t\t\n\t\t\t\t\t\n\t\t<!-- END .shb-accommodation-listing-style-1 -->\n\t\t<\/div>\n\t\n\t\t\n\t\t\t\n\t\t<div class=\"shb-clearboth\"><\/div>\n\t\t<div class=\"shb-accommodation-listing-1-pagination\">\n\t\t\t\t<\/div>\n\t\t\n\t\t\n\t\n<div class=\"vc-zigzag-wrapper vc-zigzag-align-center\"><div class=\"vc-zigzag-inner\" style=\"width: 100%;min-height: 14px;background: 0 repeat-x url(&#039;data:image\/svg+xml;utf-8,%3C%3Fxml%20version%3D%221.0%22%20encoding%3D%22utf-8%22%3F%3E%3C%21DOCTYPE%20svg%20PUBLIC%20%22-%2F%2FW3C%2F%2FDTD%20SVG%201.1%2F%2FEN%22%20%22http%3A%2F%2Fwww.w3.org%2FGraphics%2FSVG%2F1.1%2FDTD%2Fsvg11.dtd%22%3E%3Csvg%20width%3D%2214px%22%20height%3D%2212px%22%20viewBox%3D%220%200%2018%2015%22%20version%3D%221.1%22%20xmlns%3D%22http%3A%2F%2Fwww.w3.org%2F2000%2Fsvg%22%20xmlns%3Axlink%3D%22http%3A%2F%2Fwww.w3.org%2F1999%2Fxlink%22%3E%3Cpolygon%20id%3D%22Combined-Shape%22%20fill%3D%22%23ebebeb%22%20points%3D%228.98762301%200%200%209.12771969%200%2014.519983%209%205.40479869%2018%2014.519983%2018%209.12771969%22%3E%3C%2Fpolygon%3E%3C%2Fsvg%3E&#039;);\"><\/div><\/div><\/div><\/div><\/div><\/div><div class=\"vc_row wpb_row vc_row-fluid\"><div class=\"wpb_column vc_column_container vc_col-sm-12\"><div class=\"vc_column-inner\"><div class=\"wpb_wrapper\">\n\t<div class=\"wpb_text_column wpb_content_element\" >\n\t\t<div class=\"wpb_wrapper\">\n\t\t\t<h3><span style=\"color: #683c16;\">Einf\u00fchrung<\/span><\/h3>\n<hr \/>\n<p>Les Vosges, cette cha\u00eene de montagnes situ\u00e9e dans l&rsquo;est de la France, sont une destination pris\u00e9e pour les amoureux de la nature et les adeptes de s\u00e9jours relaxants. Rien de tel qu&rsquo;un week-end dans un chalet pour se ressourcer loin du tumulte de la vie quotidienne. Que vous cherchiez un refuge romantique ou un lieu convivial pour une escapade en famille, la location d\u2019un chalet dans les Vosges est l&rsquo;option id\u00e9ale. Dans cet article, nous vous guiderons \u00e0 travers tout ce que vous devez savoir pour organiser le <a href=\"https:\/\/les-atypiques-chalets.com\/de\/week-end-en-amoureux-decouvrez-les-vosges-a-deux-dans-des-chalets-atypiques\/\"  data-wpil-monitor-id=\"967\">week-end parfait dans un chalet<\/a> vosgien, en mettant l&rsquo;accent sur les meilleures pratiques pour trouver le chalet qui correspond \u00e0 vos attentes.<\/p>\n<h3><span style=\"color: #683c16;\">Pourquoi choisir les Vosges<br \/>\npour un week-end en chalet ?<\/span><\/h3>\n<hr \/>\n<p>Lesen <a href=\"https:\/\/les-atypiques-chalets.com\/de\/rejoignez-laventure-a-gerardmer-reservez-votre-sejour\/\"  data-wpil-monitor-id=\"807\">Vogesen<\/a> sont reconnues pour leurs paysages \u00e0 couper le souffle, m\u00ealant for\u00eats denses, lacs cristallins et montagnes majestueuses. C\u2019est une destination id\u00e9ale pour ceux qui souhaitent s&rsquo;\u00e9vader le temps d\u2019un week-end. Les activit\u00e9s y sont nombreuses : randonn\u00e9e, ski, ou encore baignade en \u00e9t\u00e9. De plus, les <a href=\"https:\/\/les-atypiques-chalets.com\/de\/tag\/vogesen\/\"  data-wpil-monitor-id=\"2194\">Vogesen<\/a> sont facilement accessibles depuis les grandes villes fran\u00e7aises, ce qui en fait une destination pratique pour un court s\u00e9jour.<\/p>\n<h3><span style=\"color: #683c16;\">Les avantages de louer un chalet<br \/>\npour le week-end<\/span><\/h3>\n<hr \/>\n<p>Louer un <a href=\"https:\/\/les-atypiques-chalets.com\/de\/chalet-avec-bain-nordique-dans-les-vosges-detente-assuree\/\"  data-wpil-monitor-id=\"559\">chalet dans les Vosges<\/a> offre une multitude d\u2019avantages. Tout d\u2019abord, la tranquillit\u00e9 : un <a href=\"https:\/\/les-atypiques-chalets.com\/de\/votre-chalet-de-randonnee-dans-les-vosges-au-coeur-de-la-nature\/\"  data-wpil-monitor-id=\"664\">chalet vous permet de profiter de la nature<\/a> en toute intimit\u00e9, loin des foules. Ensuite, le confort : de nombreux chalets sont \u00e9quip\u00e9s de commodit\u00e9s modernes tout en conservant leur charme rustique. Enfin, la localisation : que vous choisissiez un <a href=\"https:\/\/les-atypiques-chalets.com\/de\/location-proche-lac-gerardmer-decouvrez-les-atypiques-chalets-pour-un-sejour-inoubliable\/\"  data-wpil-monitor-id=\"875\">chalet au bord d\u2019un lac<\/a> ou en pleine for\u00eat, l\u2019immersion dans la nature est garantie.<\/p>\n<h3><span style=\"color: #683c16;\">Types de chalets disponibles dans les Vosges<\/span><\/h3>\n<hr \/>\n<p>Il existe une grande vari\u00e9t\u00e9 de <a href=\"https:\/\/les-atypiques-chalets.com\/de\/chalets-abordables-dans-les-vosges-sejour-de-reve-a-petit-prix\/\"  data-wpil-monitor-id=\"663\">chalets \u00e0 louer dans les Vosges<\/a>, adapt\u00e9s \u00e0 tous les go\u00fbts et \u00e0 tous les budgets. Les chalets traditionnels, souvent en bois, offrent un cadre chaleureux et authentique. Les chalets modernes, quant \u00e0 eux, combinent design contemporain et \u00e9quipements de pointe. Enfin, pour ceux en qu\u00eate d&rsquo;originalit\u00e9, les <a href=\"https:\/\/les-atypiques-chalets.com\/de\/randonnees-pres-de-votre-chalet-dans-les-vosges\/\"  data-wpil-monitor-id=\"556\">Au\u00dfergew\u00f6hnliche Chalets<\/a> offrent des options uniques, avec des designs innovants et des emplacements de r\u00eave.<\/p>\n<h3><span style=\"color: #683c16;\">Pr\u00e9sentation des Atypiques Chalets<\/span><\/h3>\n<hr \/>\n<p><a href=\"https:\/\/les-atypiques-chalets.com\/de\/\">Die Ungew\u00f6hnlichen Chalets<\/a> se distinguent par leur caract\u00e8re unique. Que ce soit par leur architecture audacieuse ou par leur emplacement exclusif, ils promettent une exp\u00e9rience inoubliable. Ces chalets sont souvent situ\u00e9s dans des endroits isol\u00e9s, offrant des vues imprenables sur les paysages vosgiens. Les t\u00e9moignages de clients sont unanimes : s\u00e9journer dans un <a href=\"https:\/\/les-atypiques-chalets.com\/de\/blog\/\"  data-wpil-monitor-id=\"567\">Atypique Chalet<\/a>, c\u2019est s\u2019offrir une parenth\u00e8se hors du temps, au c\u0153ur d\u2019une nature pr\u00e9serv\u00e9e.<\/p>\n<h3><span style=\"color: #683c16;\">Comment r\u00e9server un chalet dans les Vosges ?<\/span><\/h3>\n<hr \/>\n<p><a href=\"https:\/\/les-atypiques-chalets.com\/de\/reservation\/\">La r\u00e9servation d\u2019un chalet peut se faire facilement en ligne<\/a>. Plusieurs plateformes sp\u00e9cialis\u00e9es proposent une large gamme de chalets \u00e0 des prix comp\u00e9titifs. <a href=\"https:\/\/les-atypiques-chalets.com\/de\/avis-voyageurs\/\"  data-wpil-monitor-id=\"596\">Il est conseill\u00e9 de comparer les offres et de lire<\/a> attentivement les avis des pr\u00e9c\u00e9dents locataires pour faire le meilleur choix. Pensez \u00e9galement \u00e0 r\u00e9server \u00e0 l\u2019avance, surtout en haute saison, pour \u00e9viter les mauvaises surprises.<\/p>\n<h3><span style=\"color: #683c16;\">Activit\u00e9s \u00e0 faire lors de votre s\u00e9jour en chalet<\/span><\/h3>\n<hr \/>\n<p>Lors de votre <a href=\"https:\/\/les-atypiques-chalets.com\/de\/sejour-detente-dans-un-chalet-avec-bain-nordique-et-sauna-dans-les-vosges\/\"  data-wpil-monitor-id=\"539\">Aufenthalt in einem Chalet in den Vogesen<\/a>, les activit\u00e9s ne manqueront pas. En hiver, le <a href=\"https:\/\/les-atypiques-chalets.com\/de\/tag\/ski\/\"  data-wpil-monitor-id=\"2263\">ski<\/a> et les raquettes sont \u00e0 l\u2019honneur. En \u00e9t\u00e9, les <a href=\"https:\/\/les-atypiques-chalets.com\/de\/les-10-choses-a-faire-a-gerardmer-en-ete\/\"  data-wpil-monitor-id=\"1716\">Wanderungen<\/a> et les baignades dans les lacs sont incontournables. Pour ceux qui recherchent la d\u00e9tente, de nombreux chalets offrent des services de <a href=\"https:\/\/les-atypiques-chalets.com\/de\/tag\/spa\/\"  data-wpil-monitor-id=\"2131\">Spa<\/a> et de massage. Il est \u00e9galement possible de d\u00e9couvrir les richesses culturelles et historiques de la r\u00e9gion en visitant les nombreux mus\u00e9es et sites historiques.<\/p>\n<h3><span style=\"color: #683c16;\">Gastronomie vosgienne :<br \/>\nUn r\u00e9gal pour les papilles<\/span><\/h3>\n<hr \/>\n<p><a href=\"https:\/\/les-atypiques-chalets.com\/de\/meilleurs-restaurants-gerardmer-tour-culinaire\/\">La gastronomie vosgienne<\/a> est un v\u00e9ritable d\u00e9lice pour les gourmands. Parmi les sp\u00e9cialit\u00e9s locales, on retrouve la c\u00e9l\u00e8bre quiche lorraine, le munster, et les d\u00e9licieux g\u00e2teaux aux myrtilles. Les restaurants de la r\u00e9gion proposent une cuisine traditionnelle qui ravira vos papilles. Ne manquez pas l\u2019occasion de d\u00e9guster ces mets lors de votre s\u00e9jour, pour une exp\u00e9rience compl\u00e8te des Vosges.<\/p>\n<h3><span style=\"color: #683c16;\">Le climat des Vosges : Quand partir ?<\/span><\/h3>\n<hr \/>\n<p>Le climat des Vosges varie selon les saisons, offrant des exp\u00e9riences diff\u00e9rentes tout au long de l&rsquo;ann\u00e9e. En hiver, la neige transforme les montagnes en un paradis pour les amateurs de sports d\u2019hiver. Le printemps et l&rsquo;\u00e9t\u00e9, avec leurs temp\u00e9ratures douces, sont parfaits pour les randonn\u00e9es et les activit\u00e9s en plein air. L\u2019automne, quant \u00e0 lui, d\u00e9voile des paysages color\u00e9s, id\u00e9als pour les balades romantiques. Il est donc important de choisir la saison qui correspond le mieux \u00e0 vos envies pour profiter pleinement de votre s\u00e9jour.<\/p>\n<h3><span style=\"color: #683c16;\">Pr\u00e9paration de votre s\u00e9jour en chalet<\/span><\/h3>\n<hr \/>\n<p>Pour que votre week-end en chalet soit une r\u00e9ussite, il est <a href=\"https:\/\/les-atypiques-chalets.com\/de\/checklist-essentielle-pour-un-sejour-en-chalet-a-gerardmer\/\"  data-wpil-monitor-id=\"1203\">essentiel de bien pr\u00e9parer votre s\u00e9jour<\/a>. Pensez \u00e0 emporter des v\u00eatements adapt\u00e9s \u00e0 la saison et aux activit\u00e9s pr\u00e9vues. Si vous envisagez des randonn\u00e9es, une bonne paire de chaussures est indispensable. N&rsquo;oubliez pas non plus les produits de premi\u00e8re n\u00e9cessit\u00e9, surtout si votre chalet est isol\u00e9. Enfin, informez-vous sur les conditions m\u00e9t\u00e9orologiques avant de partir pour \u00e9viter les mauvaises surprises.<\/p>\n<h3><span style=\"color: #683c16;\">Les meilleurs endroits \u00e0 visiter pr\u00e8s de votre chalet<\/span><\/h3>\n<hr \/>\n<p>Lesen <a href=\"https:\/\/les-atypiques-chalets.com\/de\/decouvrez-le-tourisme-nature-dans-les-vosges\/\"  data-wpil-monitor-id=\"571\">Vosges regorgent de lieux magnifiques \u00e0 d\u00e9couvrir<\/a>. Parmi les incontournables, on trouve les <a href=\"https:\/\/les-atypiques-chalets.com\/de\/pourquoi-choisir-gerardmer-pour-votre-prochaine-location-de-chalet\/\"  data-wpil-monitor-id=\"1059\">lacs de G\u00e9rardmer<\/a> et de Longemer, parfaits pour une journ\u00e9e au bord de l\u2019eau. Les for\u00eats environnantes offrent de nombreux sentiers de randonn\u00e9e pour tous les niveaux. Les villages comme La Bresse et Xonrupt-Longemer valent \u00e9galement le d\u00e9tour, avec leur charme pittoresque et leurs march\u00e9s locaux.<\/p>\n<h3><span style=\"color: #683c16;\">Profiter des offres sp\u00e9ciales et des promotions<\/span><\/h3>\n<hr \/>\n<p>Pour \u00e9conomiser sur la <a href=\"https:\/\/les-atypiques-chalets.com\/de\/location-dun-chalet-a-gerardmer-en-hiver\/\"  data-wpil-monitor-id=\"1113\">location de votre chalet<\/a>, il est possible de profiter de promotions et d\u2019offres sp\u00e9ciales. Certaines plateformes proposent des r\u00e9ductions pour les r\u00e9servations anticip\u00e9es ou pour les s\u00e9jours de derni\u00e8re minute. N&rsquo;h\u00e9sitez pas \u00e0 vous inscrire aux newsletters des sites de r\u00e9servation pour recevoir les meilleures offres directement dans votre bo\u00eete mail.<\/p>\n<h3><span style=\"color: #683c16;\">Conseils pour un s\u00e9jour \u00e9coresponsable en chalet<\/span><\/h3>\n<hr \/>\n<p>Si vous \u00eates soucieux de l&rsquo;environnement, il existe plusieurs fa\u00e7ons de rendre votre s\u00e9jour en chalet plus <a href=\"https:\/\/les-atypiques-chalets.com\/de\/astuces-eco-responsables-pour-les-locataires-saisonniers-conseils-pour-un-sejour-ecologique-et-responsable-dans-votre-location-saisonniere\/\">\u00e9coresponsable<\/a>. Choisissez un h\u00e9bergement avec un label \u00e9cologique, r\u00e9duisez votre consommation d&rsquo;\u00e9nergie, et respectez les consignes de tri des d\u00e9chets. Pensez \u00e9galement \u00e0 privil\u00e9gier les activit\u00e9s de plein air non motoris\u00e9es et \u00e0 respecter la faune et la flore locales.<\/p>\n<h3><span style=\"color: #683c16;\">T\u00e9moignages et avis de clients ayant lou\u00e9 un chalet<\/span><\/h3>\n<hr \/>\n<p>Les avis des clients pr\u00e9c\u00e9dents peuvent \u00eatre tr\u00e8s utiles pour choisir le chalet id\u00e9al. De nombreux locataires partagent leur exp\u00e9rience en ligne, donnant des conseils sur les meilleures p\u00e9riodes pour r\u00e9server, les chalets les plus confortables, et les activit\u00e9s \u00e0 ne pas manquer. N&rsquo;h\u00e9sitez pas \u00e0 consulter ces avis pour vous faire une id\u00e9e pr\u00e9cise de ce qui vous attend.<\/p>\n<h3><span style=\"color: #683c16;\">Schlussfolgerung<\/span><\/h3>\n<hr \/>\n<p>Louer un <a href=\"https:\/\/les-atypiques-chalets.com\/de\/week-end-spa-dans-un-chalet-avec-bain-nordique-privatif-dans-les-vosges\/\"  data-wpil-monitor-id=\"527\">chalet dans les Vosges pour un week-end<\/a> est une exp\u00e9rience qui combine d\u00e9tente, nature et confort. Que vous soyez en qu\u00eate de tranquillit\u00e9 ou d\u2019aventure, vous trouverez dans les Vosges un cadre id\u00e9al pour vous ressourcer. Avec une grande vari\u00e9t\u00e9 de chalets disponibles, des activit\u00e9s pour tous les go\u00fbts et une gastronomie <a href=\"https:\/\/les-atypiques-chalets.com\/de\/vivez-la-veritable-magie-dun-noel-en-montagne-dans-les-vosges\/\"  data-wpil-monitor-id=\"814\">locale<\/a> \u00e0 savourer, il ne vous reste plus qu\u2019\u00e0 r\u00e9server votre prochain s\u00e9jour et \u00e0 profiter d\u2019un moment inoubliable.<\/p>\n<hr \/>\n<h3><span style=\"color: #683c16;\">FAQ<\/span><\/h3>\n<hr \/>\n<ol>\n<li><strong>Quelle est la meilleure p\u00e9riode pour louer un <a href=\"https:\/\/les-atypiques-chalets.com\/de\/chalet-a-louer-gerardmer-decouvrez-nos-chalets-a-louer-a-gerardmer\/\"  data-wpil-monitor-id=\"844\">Chalet<\/a> dans les Vosges ?<\/strong>\n<ul>\n<li>La meilleure p\u00e9riode d\u00e9pend de vos pr\u00e9f\u00e9rences : l&rsquo;hiver pour le ski, l&rsquo;\u00e9t\u00e9 pour les randonn\u00e9es, et l&rsquo;automne pour admirer les couleurs de la nature.<\/li>\n<\/ul>\n<\/li>\n<li><strong>Was sind die <a href=\"https:\/\/les-atypiques-chalets.com\/de\/hebergement-romantique-pour-les-couples-vivez-une-experience-unique-dans-nos-chalets-atypiques\/\"  data-wpil-monitor-id=\"991\">chalets les plus recommand\u00e9s pour un week-end en couple<\/a> ?<\/strong>\n<ul>\n<li>Lesen <a href=\"https:\/\/les-atypiques-chalets.com\/de\/chalets-de-luxe-avec-jacuzzi-ou-bain-finlandais\/\"  data-wpil-monitor-id=\"688\">chalets avec<\/a> jacuzzi ou spa, situ\u00e9s en pleine nature, sont id\u00e9als pour un week-end romantique en couple.<\/li>\n<\/ul>\n<\/li>\n<li><strong>Comment se rendre facilement dans les Vosges depuis Paris ?<\/strong>\n<ul>\n<li>Les Vosges sont accessibles en train depuis Paris, avec des liaisons directes vers les principales villes de la r\u00e9gion. La voiture est \u00e9galement une option pratique.<\/li>\n<\/ul>\n<\/li>\n<li><strong>Quelles sont les options pour un <a href=\"https:\/\/les-atypiques-chalets.com\/de\/ungewohnliche-chalets-in-den-vogesen-ein-unvergesslicher-aufenthalt-im-einklang-mit-der-natur\/\"  data-wpil-monitor-id=\"1214\">Aufenthalt in einer H\u00fctte<\/a> \u00e9coresponsable ?<\/strong>\n<ul>\n<li>Optez pour un chalet avec un label \u00e9cologique et adoptez des pratiques respectueuses de l&rsquo;environnement, comme la r\u00e9duction des d\u00e9chets et l&rsquo;utilisation d&rsquo;\u00e9nergies renouvelables.<\/li>\n<\/ul>\n<\/li>\n<li><strong>Est-il possible de louer un <a href=\"https:\/\/les-atypiques-chalets.com\/de\/tag\/chalets-avec-jacuzzi-prive\/\"  data-wpil-monitor-id=\"2230\">chalet avec un jacuzzi<\/a> ou un spa ?<\/strong>\n<ul>\n<li>Oui, de nombreux <a href=\"https:\/\/les-atypiques-chalets.com\/de\/chalets-gerardmer-avec-sauna-chalets-vosges-avec-sauna-les-atypiques-chalets\/\"  data-wpil-monitor-id=\"917\">chalets dans les Vosges<\/a> proposent des \u00e9quipements de bien-\u00eatre tels que des jacuzzis ou des spas, parfaits pour un s\u00e9jour relaxant.<\/li>\n<\/ul>\n<\/li>\n<\/ol>\n\n\t\t<\/div>\n\t<\/div>\n<\/div><\/div><\/div><\/div>\n<\/div>","protected":false},"excerpt":{"rendered":"Chalet IORIK Capacit\u00e9: 4 personnes Superficie: 45 m2 Bain Nordique: privatif Description de notre Chalet Iorik dans les Vosges Id\u00e9al pour les couples ou les petites familles, le Chalet IORIK est un \u00e9crin de douceur pouvant accueillir jusqu\u2019\u00e0 4 personnes. Avec ses 2 chambres cosy et ces 2 lits de 140\u00d7190, il vous promet des<a href=\"https:\/\/les-atypiques-chalets.com\/de\/chalet-aslan\/\" class=\"sohohotel-more-link\">Read More<\/a>","protected":false},"author":1,"featured_media":172453,"comment_status":"closed","ping_status":"open","sticky":false,"template":"","format":"standard","meta":{"_yoast_wpseo_title":"Chalet Vosges Week-end","_yoast_wpseo_metadesc":"R\u00e9servez votre week-end en chalet dans les Vosges et vivez une exp\u00e9rience unique.","_yoast_wpseo_focuskw":"#ChaletVosges #LocationChalet #WeekendVosges #NatureVosges #S\u00e9jourVosges #VacancesVosges #AtypiqueChalet #Randonn\u00e9eVosges #RelaxationVosges","footnotes":""},"categories":[1243],"tags":[1140,1139,1244,882,1247,1248,1188,1145,731,1155,1159,1246,1249,1091,1245],"class_list":["post-172417","post","type-post","status-publish","format-standard","has-post-thumbnail","hentry","category-un-chalet-des-vosges","tag-activites-vosges","tag-chalet-romantique-vosges","tag-chalet-vosges-location-week-end","tag-chalets-atypiques-vosges","tag-detente-vosges","tag-ecoresponsable-vosges","tag-gastronomie-vosges","tag-location-chalet-vosges","tag-nature-vosges","tag-randonnees-vosges","tag-reserver-chalet-vosges","tag-sejour-en-chalet-vosges","tag-spa-chalet-vosges","tag-vacances-vosges","tag-week-end-vosges"],"_links":{"self":[{"href":"https:\/\/les-atypiques-chalets.com\/de\/wp-json\/wp\/v2\/posts\/172417","targetHints":{"allow":["GET"]}}],"collection":[{"href":"https:\/\/les-atypiques-chalets.com\/de\/wp-json\/wp\/v2\/posts"}],"about":[{"href":"https:\/\/les-atypiques-chalets.com\/de\/wp-json\/wp\/v2\/types\/post"}],"author":[{"embeddable":true,"href":"https:\/\/les-atypiques-chalets.com\/de\/wp-json\/wp\/v2\/users\/1"}],"replies":[{"embeddable":true,"href":"https:\/\/les-atypiques-chalets.com\/de\/wp-json\/wp\/v2\/comments?post=172417"}],"version-history":[{"count":0,"href":"https:\/\/les-atypiques-chalets.com\/de\/wp-json\/wp\/v2\/posts\/172417\/revisions"}],"wp:featuredmedia":[{"embeddable":true,"href":"https:\/\/les-atypiques-chalets.com\/de\/wp-json\/wp\/v2\/media\/172453"}],"wp:attachment":[{"href":"https:\/\/les-atypiques-chalets.com\/de\/wp-json\/wp\/v2\/media?parent=172417"}],"wp:term":[{"taxonomy":"category","embeddable":true,"href":"https:\/\/les-atypiques-chalets.com\/de\/wp-json\/wp\/v2\/categories?post=172417"},{"taxonomy":"post_tag","embeddable":true,"href":"https:\/\/les-atypiques-chalets.com\/de\/wp-json\/wp\/v2\/tags?post=172417"}],"curies":[{"name":"wp","href":"https:\/\/api.w.org\/{rel}","templated":true}]}}