{"id":1738752,"date":"2025-03-18T14:29:14","date_gmt":"2025-03-18T14:29:14","guid":{"rendered":"https:\/\/les-atypiques-chalets.com\/?p=1738752"},"modified":"2026-01-07T10:01:02","modified_gmt":"2026-01-07T10:01:02","slug":"les-atypiques-chalets-a-gerardmer-un-sejour-atypique-dans-les-vosges","status":"publish","type":"post","link":"https:\/\/les-atypiques-chalets.com\/de\/les-atypiques-chalets-a-gerardmer-un-sejour-atypique-dans-les-vosges\/","title":{"rendered":"Die unkonventionellen Chalets in G\u00e9rardmer Ein unkonventioneller Aufenthalt in den Vogesen"},"content":{"rendered":"<div class=\"wpb-content-wrapper\"><div class=\"vc_row wpb_row vc_row-fluid\"><div class=\"wpb_column vc_column_container vc_col-sm-12\"><div class=\"vc_column-inner\"><div class=\"wpb_wrapper\">\n\t<div class=\"wpb_text_column wpb_content_element\" >\n\t\t<div class=\"wpb_wrapper\">\n\t\t\t<h1>\u2728 Les Atypiques Chalets :<br \/>\nune Exp\u00e9rience Unique<br \/>\nau C\u0153ur des Vosges \u2728<\/h1>\n\n\t\t<\/div>\n\t<\/div>\n<\/div><\/div><\/div><\/div><div class=\"vc_row wpb_row vc_row-fluid\"><div class=\"wpb_column vc_column_container vc_col-sm-12\"><div class=\"vc_column-inner\"><div class=\"wpb_wrapper\"><div class=\"vc_empty_space\"   style=\"height: 32px\"><span class=\"vc_empty_space_inner\"><\/span><\/div>\t\n\t<!-- BEGIN .shb-accommodation-listing-style-1 -->\n\t<div class=\"shb-accommodation-listing-style-1 shb-accommodation-listing-style-1-columns-3 sohohotel-owl-carousel-4\">\n\t\t\n\t\t\t\t\n\t\t<!-- BEGIN .shb-accommodation-listing-item -->\n\t\t<div class=\"shb-accommodation-listing-item\">\n\t\t\t\n\t\t\t\t\t\t\t<a href=\"https:\/\/les-atypiques-chalets.com\/de\/chalet-charkhan\/\" rel=\"bookmark\" title=\"Chalet Charkhan\">\n\t\t\t\t\t\t\t\t\t\t<img decoding=\"async\" class=\"shb-accommodation-listing-image\" src=\"https:\/\/les-atypiques-chalets.com\/wp-content\/uploads\/2025\/03\/salon-charkhan-03-L-1180x675.webp\" alt=\"Chalet Charkhan\" \/>\t\t\t\t<\/a>\n\t\t\t\t\t\t\n\t\t\t<div class=\"shb-accommodation-listing-description-wrapper\">\n\t\t\t\t\n\t\t\t\t<h3><a href=\"https:\/\/les-atypiques-chalets.com\/de\/chalet-charkhan\/\" rel=\"bookmark\" title=\"Chalet Charkhan\">Chalet Charkhan<\/a><\/h3>\n\t\t\t\t\n\t\t\t\t<div class=\"shb-accommodation-listing-description shb-clearfix\">\n\t\t\t\t\t\n\t\t\t\t\t<ul>\r\n<li><i class=\"fas fa-user\"><\/i><span>Kapazit\u00e4t<\/span> 6 Personen<\/li>\r\n<li><i class=\"fas fa-ruler-combined\"><\/i><span>Oberfl\u00e4che<\/span> 65 m\u00b2<\/li>\r\n<li><i class=\"fas fa-hot-tub\"><\/i><span> Nordische Badewanne<\/span> privativ<\/li>\r\n<\/ul>\t\t\t\t\t\n\t\t\t\t\t<a href=\"https:\/\/les-atypiques-chalets.com\/de\/chalet-charkhan\/\" class=\"shb-accommodation-listing-button1\">ab 225\u20ac\/Nacht<\/a>\n\t\t\t\t\t<a href=\"https:\/\/les-atypiques-chalets.com\/de\/chalet-charkhan\/\" class=\"shb-accommodation-listing-button2\">Zimmer anzeigen<i class=\"fas fa-chevron-right\"><\/i><\/a>\n\t\t\t\t\n\t\t\t\t<\/div>\n\t\t\t\t\n\t\t\t<\/div>\n\t\t\t\n\t\t<!-- END .shb-accommodation-listing-item -->\n\t\t<\/div>\n\t\t\n\t\t\t\t\n\t\t<!-- BEGIN .shb-accommodation-listing-item -->\n\t\t<div class=\"shb-accommodation-listing-item\">\n\t\t\t\n\t\t\t\t\t\t\t<a href=\"https:\/\/les-atypiques-chalets.com\/de\/chalet-aslan\/\" rel=\"bookmark\" title=\"Chalet Aslan\">\n\t\t\t\t\t\t\t\t\t\t<img decoding=\"async\" class=\"shb-accommodation-listing-image\" src=\"https:\/\/les-atypiques-chalets.com\/wp-content\/uploads\/2025\/03\/ASLAN-2-900x710.webp\" alt=\"Chalet Aslan\" \/>\t\t\t\t<\/a>\n\t\t\t\t\t\t\n\t\t\t<div class=\"shb-accommodation-listing-description-wrapper\">\n\t\t\t\t\n\t\t\t\t<h3><a href=\"https:\/\/les-atypiques-chalets.com\/de\/chalet-aslan\/\" rel=\"bookmark\" title=\"Chalet Aslan\">Chalet Aslan<\/a><\/h3>\n\t\t\t\t\n\t\t\t\t<div class=\"shb-accommodation-listing-description shb-clearfix\">\n\t\t\t\t\t\n\t\t\t\t\t<ul>\r\n<li><i class=\"fas fa-user\"><\/i><span>Kapazit\u00e4t<\/span> 5 Personen<\/li>\r\n<li><i class=\"fas fa-ruler-combined\"><\/i><span>Oberfl\u00e4che<\/span> 65 m\u00b2<\/li>\r\n<li><i class=\"fas fa-hot-tub\"><\/i><span> Nordische Badewanne<\/span> privativ<\/li>\r\n<\/ul>\t\t\t\t\t\n\t\t\t\t\t<a href=\"https:\/\/les-atypiques-chalets.com\/de\/chalet-aslan\/\" class=\"shb-accommodation-listing-button1\">ab 215 \u20ac\/Nacht<\/a>\n\t\t\t\t\t<a href=\"https:\/\/les-atypiques-chalets.com\/de\/chalet-aslan\/\" class=\"shb-accommodation-listing-button2\">Zimmer anzeigen<i class=\"fas fa-chevron-right\"><\/i><\/a>\n\t\t\t\t\n\t\t\t\t<\/div>\n\t\t\t\t\n\t\t\t<\/div>\n\t\t\t\n\t\t<!-- END .shb-accommodation-listing-item -->\n\t\t<\/div>\n\t\t\n\t\t\t\t\n\t\t<!-- BEGIN .shb-accommodation-listing-item -->\n\t\t<div class=\"shb-accommodation-listing-item\">\n\t\t\t\n\t\t\t\t\t\t\t<a href=\"https:\/\/les-atypiques-chalets.com\/de\/chalet-iorik\/\" rel=\"bookmark\" title=\"Chalet Iorik\">\n\t\t\t\t\t\t\t\t\t\t<img decoding=\"async\" class=\"shb-accommodation-listing-image\" src=\"https:\/\/les-atypiques-chalets.com\/wp-content\/uploads\/2025\/09\/iorik-sejour-L-1024x710.webp\" alt=\"Chalet Iorik\" \/>\t\t\t\t<\/a>\n\t\t\t\t\t\t\n\t\t\t<div class=\"shb-accommodation-listing-description-wrapper\">\n\t\t\t\t\n\t\t\t\t<h3><a href=\"https:\/\/les-atypiques-chalets.com\/de\/chalet-iorik\/\" rel=\"bookmark\" title=\"Chalet Iorik\">Chalet Iorik<\/a><\/h3>\n\t\t\t\t\n\t\t\t\t<div class=\"shb-accommodation-listing-description shb-clearfix\">\n\t\t\t\t\t\n\t\t\t\t\t<ul>\r\n<li><i class=\"fas fa-user\"><\/i><span>Kapazit\u00e4t<\/span> 4 Personen<\/li>\r\n<li><i class=\"fas fa-ruler-combined\"><\/i><span>Oberfl\u00e4che<\/span> 45 m2<\/li>\r\n<li><i class=\"fas fa-hot-tub\"><\/i><span> Nordische Badewanne<\/span> privativ<\/li>\r\n<\/ul>\t\t\t\t\t\n\t\t\t\t\t<a href=\"https:\/\/les-atypiques-chalets.com\/de\/chalet-iorik\/\" class=\"shb-accommodation-listing-button1\">ab 170\u20ac\/Nacht<\/a>\n\t\t\t\t\t<a href=\"https:\/\/les-atypiques-chalets.com\/de\/chalet-iorik\/\" class=\"shb-accommodation-listing-button2\">Zimmer anzeigen<i class=\"fas fa-chevron-right\"><\/i><\/a>\n\t\t\t\t\n\t\t\t\t<\/div>\n\t\t\t\t\n\t\t\t<\/div>\n\t\t\t\n\t\t<!-- END .shb-accommodation-listing-item -->\n\t\t<\/div>\n\t\t\n\t\t\t\t\n\t<!-- END .shb-accommodation-listing-style-1 -->\n\t<\/div>\n\t\n\t<div class=\"vc_row wpb_row vc_inner vc_row-fluid\"><div class=\"wpb_column vc_column_container vc_col-sm-4\"><div class=\"vc_column-inner\"><div class=\"wpb_wrapper\">\n\t<div  class=\"wpb_single_image wpb_content_element vc_align_left wpb_content_element\">\n\t\t\n\t\t<figure class=\"wpb_wrapper vc_figure\">\n\t\t\t<a href=\"https:\/\/www.airbnb.fr\/rooms\/1181799444491659558?source_impression_id=p3_1737454110_P389ZYEJ78eXKMcr\" target=\"_self\" class=\"vc_single_image-wrapper   vc_box_border_grey\" rel=\"nofollow noopener\"><img decoding=\"async\" width=\"694\" height=\"426\" src=\"https:\/\/les-atypiques-chalets.com\/wp-content\/uploads\/2025\/01\/Capture-decran-2025-01-15-a-13.55.52.jpg\" class=\"vc_single_image-img attachment-full\" alt=\"Die Atypiques Chalets mit einer perfekten Punktzahl von 5,0 ausgezeichnet, was sie zu einem Favoriten von Reisenden macht.\" title=\"Les Atypiques Chalets \u2013 Ein Herzenswunsch von Airbnb-Reisenden\" srcset=\"https:\/\/les-atypiques-chalets.com\/wp-content\/uploads\/2025\/01\/Capture-decran-2025-01-15-a-13.55.52.jpg 694w, https:\/\/les-atypiques-chalets.com\/wp-content\/uploads\/2025\/01\/Capture-decran-2025-01-15-a-13.55.52-300x184.jpg 300w, https:\/\/les-atypiques-chalets.com\/wp-content\/uploads\/2025\/01\/Capture-decran-2025-01-15-a-13.55.52-100x61.jpg 100w, https:\/\/les-atypiques-chalets.com\/wp-content\/uploads\/2025\/01\/Capture-decran-2025-01-15-a-13.55.52-600x368.jpg 600w\" sizes=\"(max-width: 694px) 100vw, 694px\" \/><\/a>\n\t\t<\/figure>\n\t<\/div>\n<\/div><\/div><\/div><div class=\"wpb_column vc_column_container vc_col-sm-4\"><div class=\"vc_column-inner\"><div class=\"wpb_wrapper\">\n\t<div  class=\"wpb_single_image wpb_content_element vc_align_left wpb_content_element\">\n\t\t\n\t\t<figure class=\"wpb_wrapper vc_figure\">\n\t\t\t<a href=\"https:\/\/www.google.com\/search?q=Les+Atypiques+Chalets&#038;stick=H4sIAAAAAAAA_-NgU1I1qDAxtzRONkwyTTM3MDK2TEmzMqgAshItTdIMTFINjC1NDJIXsYr6pBYrOJZUFmQWlgJZzhmJOaklxQAK4Na5QQAAAA&#038;hl=fr&#038;ma\" target=\"_self\" class=\"vc_single_image-wrapper   vc_box_border_grey\" rel=\"nofollow noopener\"><img decoding=\"async\" width=\"324\" height=\"156\" src=\"https:\/\/les-atypiques-chalets.com\/wp-content\/uploads\/2024\/03\/avis-google.webp\" class=\"vc_single_image-img attachment-full\" alt=\"\" title=\"Google-Bewertung\" srcset=\"https:\/\/les-atypiques-chalets.com\/wp-content\/uploads\/2024\/03\/avis-google.webp 324w, https:\/\/les-atypiques-chalets.com\/wp-content\/uploads\/2024\/03\/avis-google-300x144.webp 300w, https:\/\/les-atypiques-chalets.com\/wp-content\/uploads\/2024\/03\/avis-google-100x48.webp 100w\" sizes=\"(max-width: 324px) 100vw, 324px\" \/><\/a>\n\t\t<\/figure>\n\t<\/div>\n<\/div><\/div><\/div><div class=\"wpb_column vc_column_container vc_col-sm-4\"><div class=\"vc_column-inner\"><div class=\"wpb_wrapper\">\n\t<div  class=\"wpb_single_image wpb_content_element vc_align_left wpb_content_element\">\n\t\t\n\t\t<figure class=\"wpb_wrapper vc_figure\">\n\t\t\t<a href=\"https:\/\/www.airbnb.fr\/users\/show\/202431572\" target=\"_self\" class=\"vc_single_image-wrapper   vc_box_border_grey\" rel=\"nofollow noopener\"><img decoding=\"async\" width=\"375\" height=\"125\" src=\"https:\/\/les-atypiques-chalets.com\/wp-content\/uploads\/2024\/10\/create-a-professionally-written-new-airbnb-listing-1600x533-1.webp\" class=\"vc_single_image-img attachment-full\" alt=\"\" title=\"Erstellen Sie eine professionell geschriebene neue Airbnb-Liste (1600x533)\" srcset=\"https:\/\/les-atypiques-chalets.com\/wp-content\/uploads\/2024\/10\/create-a-professionally-written-new-airbnb-listing-1600x533-1.webp 375w, https:\/\/les-atypiques-chalets.com\/wp-content\/uploads\/2024\/10\/create-a-professionally-written-new-airbnb-listing-1600x533-1-300x100.webp 300w, https:\/\/les-atypiques-chalets.com\/wp-content\/uploads\/2024\/10\/create-a-professionally-written-new-airbnb-listing-1600x533-1-100x33.webp 100w\" sizes=\"(max-width: 375px) 100vw, 375px\" \/><\/a>\n\t\t<\/figure>\n\t<\/div>\n<\/div><\/div><\/div><\/div><\/div><\/div><\/div><\/div><div class=\"vc_row wpb_row vc_row-fluid\"><div class=\"wpb_column vc_column_container vc_col-sm-12\"><div class=\"vc_column-inner\"><div class=\"wpb_wrapper\">\n\t<div class=\"wpb_text_column wpb_content_element\" >\n\t\t<div class=\"wpb_wrapper\">\n\t\t\t<h2>\ud83c\udfe0 Un Concept Insolite<br \/>\net Haut de Gamme<\/h2>\n<p>\u25cf Situ\u00e9s <strong>10 km von G\u00e9rardmer<\/strong>, les Atypiques Chalets offrent une <strong>exp\u00e9rience immersive<\/strong> dans un village paisible, loin de l&rsquo;agitation touristique en haute saison. \u25cf Inspir\u00e9s de l&rsquo;architecture <strong>A-frame<\/strong> (<em>maison en A<\/em>), ces chalets combinent <strong>design scandinave et confort moderne<\/strong>. \u25cf Id\u00e9al pour les couples, familles ou groupes d&rsquo;amis en qu\u00eate de <strong>d\u00e9connexion et de bien-\u00eatre<\/strong>.<\/p>\n<p><img decoding=\"async\" class=\"size-medium wp-image-919060\" src=\"https:\/\/les-atypiques-chalets.com\/wp-content\/uploads\/2024\/12\/neige-atypiques-chalets01-300x169.webp\" alt=\"Zwei A-f\u00f6rmige Holzchalets mit schr\u00e4gen D\u00e4chern, umgeben von Schnee, in G\u00e9rardmer in den Vogesen, die ihre moderne Architektur und ihre nat\u00fcrliche Umgebung hervorheben.\" width=\"300\" height=\"169\" srcset=\"https:\/\/les-atypiques-chalets.com\/wp-content\/uploads\/2024\/12\/neige-atypiques-chalets01-300x169.webp 300w, https:\/\/les-atypiques-chalets.com\/wp-content\/uploads\/2024\/12\/neige-atypiques-chalets01-1024x576.webp 1024w, https:\/\/les-atypiques-chalets.com\/wp-content\/uploads\/2024\/12\/neige-atypiques-chalets01-768x432.webp 768w, https:\/\/les-atypiques-chalets.com\/wp-content\/uploads\/2024\/12\/neige-atypiques-chalets01-100x56.webp 100w, https:\/\/les-atypiques-chalets.com\/wp-content\/uploads\/2024\/12\/neige-atypiques-chalets01-600x338.webp 600w, https:\/\/les-atypiques-chalets.com\/wp-content\/uploads\/2024\/12\/neige-atypiques-chalets01.webp 1200w\" sizes=\"(max-width: 300px) 100vw, 300px\" \/><\/p>\n<h2>\ud83c\udff0 Les Chalets Disponibles<\/h2>\n<p><img decoding=\"async\" class=\"size-medium wp-image-1616258\" src=\"https:\/\/les-atypiques-chalets.com\/wp-content\/uploads\/2025\/03\/chalet-iorik-09-2024-2-300x187.webp\" alt=\"Atypisches Chalet im A-Frame-Stil in den Vogesen mit Spa\" width=\"300\" height=\"187\" srcset=\"https:\/\/les-atypiques-chalets.com\/wp-content\/uploads\/2025\/03\/chalet-iorik-09-2024-2-300x187.webp 300w, https:\/\/les-atypiques-chalets.com\/wp-content\/uploads\/2025\/03\/chalet-iorik-09-2024-2-768x479.webp 768w, https:\/\/les-atypiques-chalets.com\/wp-content\/uploads\/2025\/03\/chalet-iorik-09-2024-2-100x62.webp 100w, https:\/\/les-atypiques-chalets.com\/wp-content\/uploads\/2025\/03\/chalet-iorik-09-2024-2-600x374.webp 600w, https:\/\/les-atypiques-chalets.com\/wp-content\/uploads\/2025\/03\/chalet-iorik-09-2024-2.webp 815w\" sizes=\"(max-width: 300px) 100vw, 300px\" \/><\/p>\n<h3>1. <a href=\"https:\/\/les-atypiques-chalets.com\/de\/chalet-iorik-pour-4-personnes-a-gerardmer-dans-les-vosges\/\"><strong>Chalet IORIK<\/strong><\/a><\/h3>\n<p>\u2728 Capacit\u00e9 : <strong>4 Personen<\/strong> \u2728 Ambiance cosy et chaleureuse \u2728 Id\u00e9al pour une escapade en amoureux ou en famille<\/p>\n<p><img decoding=\"async\" class=\"size-medium wp-image-228202\" src=\"https:\/\/les-atypiques-chalets.com\/wp-content\/uploads\/2024\/09\/CHARKHAN-300x300.webp\" alt=\"Chalets Charkan in G\u00e9rardmer, mit moderner A-Architektur, umgeben von Gr\u00fcn.\" width=\"300\" height=\"300\" srcset=\"https:\/\/les-atypiques-chalets.com\/wp-content\/uploads\/2024\/09\/CHARKHAN-300x300.webp 300w, https:\/\/les-atypiques-chalets.com\/wp-content\/uploads\/2024\/09\/CHARKHAN-1024x1024.webp 1024w, https:\/\/les-atypiques-chalets.com\/wp-content\/uploads\/2024\/09\/CHARKHAN-150x150.webp 150w, https:\/\/les-atypiques-chalets.com\/wp-content\/uploads\/2024\/09\/CHARKHAN-768x768.webp 768w, https:\/\/les-atypiques-chalets.com\/wp-content\/uploads\/2024\/09\/CHARKHAN-124x124.webp 124w, https:\/\/les-atypiques-chalets.com\/wp-content\/uploads\/2024\/09\/CHARKHAN-100x100.webp 100w, https:\/\/les-atypiques-chalets.com\/wp-content\/uploads\/2024\/09\/CHARKHAN-190x190.webp 190w, https:\/\/les-atypiques-chalets.com\/wp-content\/uploads\/2024\/09\/CHARKHAN-170x170.webp 170w, https:\/\/les-atypiques-chalets.com\/wp-content\/uploads\/2024\/09\/CHARKHAN-600x600.webp 600w, https:\/\/les-atypiques-chalets.com\/wp-content\/uploads\/2024\/09\/CHARKHAN.webp 1260w\" sizes=\"(max-width: 300px) 100vw, 300px\" \/><\/p>\n<h3>2. <a href=\"https:\/\/les-atypiques-chalets.com\/de\/chalet-iorik-pour-4-personnes-a-gerardmer-dans-les-vosges\/\"><strong>Chalet ASLAN<\/strong><\/a><\/h3>\n<p>\u2728 Capacit\u00e9 : <strong>6 Personen<\/strong> \u2728 2 chambres + mezzanine \u2728 Parfait pour un s\u00e9jour entre amis ou une famille nombreuse<\/p>\n<p><img decoding=\"async\" class=\"size-medium wp-image-228200\" src=\"https:\/\/les-atypiques-chalets.com\/wp-content\/uploads\/2024\/09\/ASLAN-2-225x300.webp\" alt=\"Chalet Aslan en bois et m\u00e9tal avec une architecture en A, situ\u00e9 \u00e0 G\u00e9rardmer dans un cadre naturel verdoyant.\" width=\"225\" height=\"300\" srcset=\"https:\/\/les-atypiques-chalets.com\/wp-content\/uploads\/2024\/09\/ASLAN-2-225x300.webp 225w, https:\/\/les-atypiques-chalets.com\/wp-content\/uploads\/2024\/09\/ASLAN-2-768x1024.webp 768w, https:\/\/les-atypiques-chalets.com\/wp-content\/uploads\/2024\/09\/ASLAN-2-75x100.webp 75w, https:\/\/les-atypiques-chalets.com\/wp-content\/uploads\/2024\/09\/ASLAN-2-600x800.webp 600w, https:\/\/les-atypiques-chalets.com\/wp-content\/uploads\/2024\/09\/ASLAN-2.webp 900w\" sizes=\"(max-width: 225px) 100vw, 225px\" \/><\/p>\n<h3>3. <a href=\"https:\/\/les-atypiques-chalets.com\/de\/chalet-charkhan-avec-jacuzzi-a-gerardmer-vosges-6-personnes\/\"><strong>Chalet CHARKHAN<\/strong><\/a><\/h3>\n<p>\u2728 Capacit\u00e9 : <strong>4 Personen<\/strong> \u2728 M\u00eame esprit qu&rsquo;IORIK avec une touche unique<\/p>\n<h2>\ud83c\udf1f Des \u00c9quipements Haut de Gamme<\/h2>\n<p>\u25b6\ufe0f <strong>Bien-\u00eatre et d\u00e9tente<\/strong> \u2705 <strong>Private Nordische Badewanne<\/strong> sur la terrasse de chaque chalet \u2705 <strong>Sauna commun<\/strong>, pouvant \u00eatre <strong>privatis\u00e9<\/strong> sur r\u00e9servation<\/p>\n<p>\u25b6\ufe0f <strong>Confort et modernit\u00e9<\/strong> \u2705 <strong>Einbauk\u00fcche<\/strong> (four, plaques, frigo, lave-vaisselle, cafeti\u00e8re <strong>Dolce Gusto<\/strong>) \u2705 <strong>Wi-Fi haut d\u00e9bit<\/strong> \u2705 <strong>TV \u00e9cran plat<\/strong> \u2705 <strong>Linge de maison fourni<\/strong><\/p>\n<p>\u25b6\ufe0f <strong>Ext\u00e9rieur et nature<\/strong> \u2705 <strong>Terrasse privative<\/strong> avec salon de jardin \u2705 <strong>Barbecue \u00e0 disposition<\/strong> \u2705 <strong>Parking gratuit sur place<\/strong> \u2705 <strong>Abri s\u00e9curis\u00e9 pour v\u00e9los<\/strong><\/p>\n<h2><img decoding=\"async\" class=\"size-medium wp-image-78715 alignleft\" src=\"https:\/\/les-atypiques-chalets.com\/wp-content\/uploads\/2024\/08\/park-national-des-vosges-300x168.webp\" alt=\"\" width=\"300\" height=\"168\" srcset=\"https:\/\/les-atypiques-chalets.com\/wp-content\/uploads\/2024\/08\/park-national-des-vosges-300x168.webp 300w, https:\/\/les-atypiques-chalets.com\/wp-content\/uploads\/2024\/08\/park-national-des-vosges-1024x574.webp 1024w, https:\/\/les-atypiques-chalets.com\/wp-content\/uploads\/2024\/08\/park-national-des-vosges-768x430.webp 768w, https:\/\/les-atypiques-chalets.com\/wp-content\/uploads\/2024\/08\/park-national-des-vosges-100x56.webp 100w, https:\/\/les-atypiques-chalets.com\/wp-content\/uploads\/2024\/08\/park-national-des-vosges.webp 1456w, https:\/\/les-atypiques-chalets.com\/wp-content\/uploads\/2024\/08\/park-national-des-vosges-600x336.webp 600w\" sizes=\"(max-width: 300px) 100vw, 300px\" \/><\/h2>\n<p>&nbsp;<\/p>\n<p>&nbsp;<\/p>\n<p>&nbsp;<\/p>\n<p>&nbsp;<\/p>\n<h2><\/h2>\n<h2>\ud83c\udf3f Un Cadre Naturel Exceptionnel<\/h2>\n<p>\ud83d\udccd <strong>Village calme et pr\u00e9serv\u00e9<\/strong>, loin de l&rsquo;agitation de G\u00e9rardmer \ud83d\udccd Acc\u00e8s direct \u00e0 de nombreux <strong>sentiers de randonn\u00e9e et pistes VTT<\/strong> \ud83d\udccd Proche des <strong>Skigebiete<\/strong> (Mauselaine, Le Poli&#8230;) \ud83d\udccd <strong>\u00c0 10 km du lac de G\u00e9rardmer<\/strong>, id\u00e9al pour les activit\u00e9s nautiques \ud83d\udccd Commerces et restaurants accessibles \u00e0 proximit\u00e9<\/p>\n<p><img decoding=\"async\" class=\"size-medium wp-image-11163\" src=\"https:\/\/les-atypiques-chalets.com\/wp-content\/uploads\/2024\/07\/Location-chalet-Gerardmer-300x168.webp\" alt=\"Chalet avec bain nordique privatif \u00e0 G\u00e9rardmer\" width=\"300\" height=\"168\" srcset=\"https:\/\/les-atypiques-chalets.com\/wp-content\/uploads\/2024\/07\/Location-chalet-Gerardmer-300x168.webp 300w, https:\/\/les-atypiques-chalets.com\/wp-content\/uploads\/2024\/07\/Location-chalet-Gerardmer-1024x574.webp 1024w, https:\/\/les-atypiques-chalets.com\/wp-content\/uploads\/2024\/07\/Location-chalet-Gerardmer-768x430.webp 768w, https:\/\/les-atypiques-chalets.com\/wp-content\/uploads\/2024\/07\/Location-chalet-Gerardmer-100x56.webp 100w, https:\/\/les-atypiques-chalets.com\/wp-content\/uploads\/2024\/07\/Location-chalet-Gerardmer.webp 1456w, https:\/\/les-atypiques-chalets.com\/wp-content\/uploads\/2024\/07\/Location-chalet-Gerardmer-600x336.webp 600w\" sizes=\"(max-width: 300px) 100vw, 300px\" \/><\/p>\n<h2>\ud83d\udcdd Avis des Clients<\/h2>\n<p>\ud83d\udd39 <strong>Note moyenne : 9.5\/10<\/strong> \u2b50\u2b50\u2b50\u2b50\u2b50 \ud83d\udcc5 \u00ab\u00a0Chalet magnifique, propre et tr\u00e8s bien \u00e9quip\u00e9 ! Le <a href=\"https:\/\/les-atypiques-chalets.com\/de\/hebergement-romantique-pour-les-couples\/\" data-wpil-monitor-id=\"1758\">Private Nordsee-Einheit<\/a> sous les \u00e9toiles, un vrai bonheur.\u00a0\u00bb \ud83d\udcc5 \u00ab\u00a0Cadre paisible et reposant, parfait pour une d\u00e9connexion totale.\u00a0\u00bb \ud83d\udcc5 \u00ab\u00a0Accueil chaleureux des h\u00f4tes, tr\u00e8s disponibles et aux petits soins !<\/p>\n<h2>\ud83d\udcb8 Tarifs et Disponibilit\u00e9s<\/h2>\n<p>\ud83c\udfe1 <strong>Tarif \u00e0 partir de 150\u20ac\/nuit<\/strong> (variable selon la saison et le chalet) \ud83c\udfe1 <strong>S\u00e9jour minimum : 3 nuits<\/strong> \ud83c\udfe1 <strong>Online-Buchung<\/strong> via le site officiel ou plateformes partenaires (Booking, Airbnb&#8230;) \ud83c\udfe1 <strong>Animaux accept\u00e9s<\/strong> (suppl\u00e9ment appliqu\u00e9)<\/p>\n<h2>\ud83d\udcbc Infos et R\u00e9servations<\/h2>\n<p>\ud83d\udc49 Site officiel : <strong><a href=\"https:\/\/chatgpt.com\/c\/67d93fd3-c754-8010-a96a-0afe52dec2bf#\" rel=\"nofollow noopener\" target=\"_blank\">les-atypiques-chalets.com<\/a><\/strong> \ud83d\udc49 Contact direct avec les propri\u00e9taires pour des offres exclusives \ud83d\udc49 Possibilit\u00e9 d&rsquo;options suppl\u00e9mentaires (plateaux repas, m\u00e9nage&#8230;)<\/p>\n<hr \/>\n<h2><img decoding=\"async\" class=\"size-medium wp-image-1550531 alignleft\" src=\"https:\/\/les-atypiques-chalets.com\/wp-content\/uploads\/2025\/01\/yep-1-1-1-1-1-300x168.webp\" alt=\"Famille profitant d'une journ\u00e9e de ski dans les Vosges pr\u00e8s de G\u00e9rardmer, mettant en valeur la proximit\u00e9 des chalets avec les pistes enneig\u00e9es.\" width=\"300\" height=\"168\" srcset=\"https:\/\/les-atypiques-chalets.com\/wp-content\/uploads\/2025\/01\/yep-1-1-1-1-1-300x168.webp 300w, https:\/\/les-atypiques-chalets.com\/wp-content\/uploads\/2025\/01\/yep-1-1-1-1-1-1024x574.webp 1024w, https:\/\/les-atypiques-chalets.com\/wp-content\/uploads\/2025\/01\/yep-1-1-1-1-1-768x430.webp 768w, https:\/\/les-atypiques-chalets.com\/wp-content\/uploads\/2025\/01\/yep-1-1-1-1-1-100x56.webp 100w, https:\/\/les-atypiques-chalets.com\/wp-content\/uploads\/2025\/01\/yep-1-1-1-1-1.webp 1456w, https:\/\/les-atypiques-chalets.com\/wp-content\/uploads\/2025\/01\/yep-1-1-1-1-1-600x336.webp 600w\" sizes=\"(max-width: 300px) 100vw, 300px\" \/><img decoding=\"async\" class=\"size-medium wp-image-1550529 alignleft\" src=\"https:\/\/les-atypiques-chalets.com\/wp-content\/uploads\/2025\/01\/activite-1-300x168.webp\" alt=\"Activit\u00e9s en pleine nature \u00e0 G\u00e9rardmer : VTT, randonn\u00e9e, sports nautiques et d\u00e9tente en for\u00eat. D\u00e9couvrez les loisirs incontournables \u00e0 faire lors d\u2019un s\u00e9jour en chalet dans les Vosges.\" width=\"300\" height=\"168\" srcset=\"https:\/\/les-atypiques-chalets.com\/wp-content\/uploads\/2025\/01\/activite-1-300x168.webp 300w, https:\/\/les-atypiques-chalets.com\/wp-content\/uploads\/2025\/01\/activite-1-1024x574.webp 1024w, https:\/\/les-atypiques-chalets.com\/wp-content\/uploads\/2025\/01\/activite-1-768x430.webp 768w, https:\/\/les-atypiques-chalets.com\/wp-content\/uploads\/2025\/01\/activite-1-100x56.webp 100w, https:\/\/les-atypiques-chalets.com\/wp-content\/uploads\/2025\/01\/activite-1.webp 1456w, https:\/\/les-atypiques-chalets.com\/wp-content\/uploads\/2025\/01\/activite-1-600x336.webp 600w\" sizes=\"(max-width: 300px) 100vw, 300px\" \/><\/h2>\n<h2>\ud83d\udeb6 Activit\u00e9s et<\/h2>\n<h2><\/h2>\n<h2><\/h2>\n<h2>Loisirs \u00e0 Proximit\u00e9<\/h2>\n<p>\u25b6\ufe0f <strong>Im Sommer<\/strong> : \u2705 Randonn\u00e9es dans le Parc Naturel des Ballons des <a href=\"https:\/\/les-atypiques-chalets.com\/de\/les-10-choses-a-faire-a-gerardmer-en-ete\/\" data-wpil-monitor-id=\"1658\">Vosges \u2705 Activit\u00e9s nautiques sur le lac de G\u00e9rardmer<\/a> (paddle, voile, baignade) \u2705 VTT et circuits cyclables balis\u00e9s \u2705 Accrobranche et parcours aventure<\/p>\n<p>\u25b6\ufe0f <strong>Im Winter<\/strong> : \u2705 Ski alpin et snowboard \u00e0 la station de G\u00e9rardmer \u2705 Ski de fond et raquettes \u2705 Patinoire en plein air \u2705 March\u00e9s de No\u00ebl f\u00e9eriques dans les villages alentours<\/p>\n<p>\u25b6\ufe0f <strong>Culture et d\u00e9couvertes<\/strong> : \u2705 Route des Cr\u00eates et ses panoramas \u2705 Visite des confiseries et distilleries locales \u2705 D\u00e9gustation des sp\u00e9cialit\u00e9s vosgiennes (munster, tarte aux brimbelles)<\/p>\n<hr \/>\n<p><img decoding=\"async\" class=\"size-medium wp-image-1704462\" src=\"https:\/\/les-atypiques-chalets.com\/wp-content\/uploads\/2025\/03\/week-end-300x168.webp\" alt=\"Randonn\u00e9e printani\u00e8re dans les Vosges\u00a0: sentier forestier fleuri sous un ciel bleu\" width=\"300\" height=\"168\" srcset=\"https:\/\/les-atypiques-chalets.com\/wp-content\/uploads\/2025\/03\/week-end-300x168.webp 300w, https:\/\/les-atypiques-chalets.com\/wp-content\/uploads\/2025\/03\/week-end-1024x574.webp 1024w, https:\/\/les-atypiques-chalets.com\/wp-content\/uploads\/2025\/03\/week-end-768x430.webp 768w, https:\/\/les-atypiques-chalets.com\/wp-content\/uploads\/2025\/03\/week-end-100x56.webp 100w, https:\/\/les-atypiques-chalets.com\/wp-content\/uploads\/2025\/03\/week-end.webp 1456w, https:\/\/les-atypiques-chalets.com\/wp-content\/uploads\/2025\/03\/week-end-600x336.webp 600w\" sizes=\"(max-width: 300px) 100vw, 300px\" \/><\/p>\n<h2><\/h2>\n<h2><\/h2>\n<h2><\/h2>\n<h2><\/h2>\n<h2>\u2753 FAQ \u2013 Questions Fr\u00e9quentes<\/h2>\n<h3>\ud83d\udd39 O\u00f9 sont situ\u00e9s les Atypiques Chalets ?<\/h3>\n<p>Lesen <a href=\"https:\/\/les-atypiques-chalets.com\/de\/chalet-mit-jacuzzi-in-gerardmer-vogesen\/\" data-wpil-monitor-id=\"2420\">chalets se trouvent \u00e0 10 km de G\u00e9rardmer<\/a>, dans un village calme, loin de l&rsquo;agitation touristique en haute saison.<\/p>\n<h3>\ud83d\udd39 Y a-t-il une vue sur le lac de G\u00e9rardmer ?<\/h3>\n<p>Non, les chalets ne disposent <strong>pas de vue sur le lac<\/strong>, mais ils offrent un <a href=\"https:\/\/les-atypiques-chalets.com\/de\/nordische-bader-gerardmer\/\" data-wpil-monitor-id=\"2498\">nat\u00fcrlicher Rahmen<\/a> paisible et pr\u00e9serv\u00e9.<\/p>\n<h3>\ud83d\udd39 Les chalets ont-ils un bain nordique ?<\/h3>\n<p>Oui, <strong>chaque <\/strong><a href=\"https:\/\/les-atypiques-chalets.com\/de\/chalet-fur-6-personen-gerardmer\/\" data-wpil-monitor-id=\"2440\">chalet poss\u00e8de son propre bain nordique privatif sur la terrasse<\/a>.<\/p>\n<h3>\ud83d\udd39 Y a-t-il un sauna ?<\/h3>\n<p>Oui, un <strong>Sauna f\u00fcr die Gemeinschaft<\/strong> est \u00e0 disposition et peut \u00eatre <strong>privatis\u00e9 sur r\u00e9servation<\/strong>.<\/p>\n<h3>\ud83d\udd39 Quels \u00e9quipements trouve-t-on dans la cuisine ?<\/h3>\n<p>Chaque <a href=\"https:\/\/les-atypiques-chalets.com\/de\/chalet-mit-jacuzzi-fur-4-personen-in-gerardmer\/\" data-wpil-monitor-id=\"2406\">chalet dispose d&rsquo;une <strong>cuisine \u00e9quip\u00e9e<\/strong><\/a> avec un four, des plaques de cuisson, un r\u00e9frig\u00e9rateur, un lave-vaisselle et une <strong>cafeti\u00e8re Dolce Gusto<\/strong>.<\/p>\n<h3>\ud83d\udd39 Y a-t-il un po\u00eale \u00e0 bois dans les chalets ?<\/h3>\n<p>Non, <strong>il n\u2019y a pas de po\u00eale \u00e0 bois<\/strong> dans les chalets.<\/p>\n<h3>\ud83d\udd39 Peut-on venir avec un animal de compagnie ?<\/h3>\n<p>Oui, les animaux sont <strong>accept\u00e9s avec un suppl\u00e9ment<\/strong>.<\/p>\n<h3>\ud83d\udd39 Quel est le tarif et la dur\u00e9e minimale de s\u00e9jour ?<\/h3>\n<p>Le tarif commence <strong>\u00e0 partir de 150\u20ac\/nuit<\/strong>, avec un <strong>s\u00e9jour minimum de 3 nuits<\/strong>.<\/p>\n<h3>\ud83d\udd39 Comment r\u00e9server un chalet ?<\/h3>\n<p>Vous pouvez r\u00e9server directement <strong>sur le site officiel ou via des plateformes comme Booking et Airbnb<\/strong>.<\/p>\n<hr \/>\n<p>\u2728 <strong>Ne manquez pas l&rsquo;exp\u00e9rience inoubliable des Atypiques Chalets !<\/strong> \u2728<\/p>\n\n\t\t<\/div>\n\t<\/div>\n<\/div><\/div><\/div><\/div>\n<\/div>","protected":false},"excerpt":{"rendered":"Chalet IORIK Capacit\u00e9: 4 personnes Superficie: 45 m2 Bain Nordique: privatif Description de notre Chalet Iorik dans les Vosges Id\u00e9al pour les couples ou les petites familles, le Chalet IORIK est un \u00e9crin de douceur pouvant accueillir jusqu\u2019\u00e0 4 personnes. Avec ses 2 chambres cosy et ces 2 lits de 140\u00d7190, il vous promet des<a href=\"https:\/\/les-atypiques-chalets.com\/de\/chalet-aslan\/\" class=\"sohohotel-more-link\">Read More<\/a>","protected":false},"author":1,"featured_media":1212378,"comment_status":"closed","ping_status":"closed","sticky":false,"template":"","format":"standard","meta":{"_yoast_wpseo_title":"S\u00e9jour unique aux Atypiques Chalets \u00e0 G\u00e9rardmer","_yoast_wpseo_metadesc":"Profitez d\u2019un chalet A-frame avec bain nordique privatif et sauna commun privatisable.","_yoast_wpseo_focuskw":"#LocationChalet #G\u00e9rardmer #Vosges #S\u00e9jourInsolite #ChaletAFrame #BainNordique #SaunaPriv\u00e9 #VacancesMontagne","footnotes":""},"categories":[1167,1580,1166,707,810],"tags":[1583,1582,940,1586,1585,1561,1581,1584,1137,681],"class_list":["post-1738752","post","type-post","status-publish","format-standard","has-post-thumbnail","hentry","category-chalet-avec-sauna-gerardmer","category-chalets-aframe","category-chalets-avec-sauna","category-gerardmer","category-locatif-saisonnier","tag-bain-nordique-prive","tag-chalet-a-frame","tag-chalets-atypiques","tag-hebergement-insolite-vosges","tag-location-vacances-gerardmer","tag-nature-et-detente","tag-ocation-chalet-gerardmer","tag-sauna-privatisable","tag-sejour-vosges","tag-vacances-en-montagne"],"_links":{"self":[{"href":"https:\/\/les-atypiques-chalets.com\/de\/wp-json\/wp\/v2\/posts\/1738752","targetHints":{"allow":["GET"]}}],"collection":[{"href":"https:\/\/les-atypiques-chalets.com\/de\/wp-json\/wp\/v2\/posts"}],"about":[{"href":"https:\/\/les-atypiques-chalets.com\/de\/wp-json\/wp\/v2\/types\/post"}],"author":[{"embeddable":true,"href":"https:\/\/les-atypiques-chalets.com\/de\/wp-json\/wp\/v2\/users\/1"}],"replies":[{"embeddable":true,"href":"https:\/\/les-atypiques-chalets.com\/de\/wp-json\/wp\/v2\/comments?post=1738752"}],"version-history":[{"count":0,"href":"https:\/\/les-atypiques-chalets.com\/de\/wp-json\/wp\/v2\/posts\/1738752\/revisions"}],"wp:featuredmedia":[{"embeddable":true,"href":"https:\/\/les-atypiques-chalets.com\/de\/wp-json\/wp\/v2\/media\/1212378"}],"wp:attachment":[{"href":"https:\/\/les-atypiques-chalets.com\/de\/wp-json\/wp\/v2\/media?parent=1738752"}],"wp:term":[{"taxonomy":"category","embeddable":true,"href":"https:\/\/les-atypiques-chalets.com\/de\/wp-json\/wp\/v2\/categories?post=1738752"},{"taxonomy":"post_tag","embeddable":true,"href":"https:\/\/les-atypiques-chalets.com\/de\/wp-json\/wp\/v2\/tags?post=1738752"}],"curies":[{"name":"wp","href":"https:\/\/api.w.org\/{rel}","templated":true}]}}