{"id":174610,"date":"2024-09-03T08:23:36","date_gmt":"2024-09-03T08:23:36","guid":{"rendered":"https:\/\/les-atypiques-chalets.com\/?p=174610"},"modified":"2025-09-23T06:51:32","modified_gmt":"2025-09-23T06:51:32","slug":"randonnees-pres-de-votre-chalet-dans-les-vosges","status":"publish","type":"post","link":"https:\/\/les-atypiques-chalets.com\/de\/randonnees-pres-de-votre-chalet-dans-les-vosges\/","title":{"rendered":"Wanderungen in der N\u00e4he Ihres Chalets in den Vogesen"},"content":{"rendered":"<div class=\"wpb-content-wrapper\"><div class=\"vc_row wpb_row vc_row-fluid\"><div class=\"wpb_column vc_column_container vc_col-sm-12\"><div class=\"vc_column-inner\"><div class=\"wpb_wrapper\">\n\t<div class=\"wpb_text_column wpb_content_element\" >\n\t\t<div class=\"wpb_wrapper\">\n\t\t\t<h1><span style=\"color: #683c16;\">Wanderungen<\/span><br \/>\n<span style=\"color: #683c16;\">pr\u00e8s de votre chalet<\/span><br \/>\n<span style=\"color: #683c16;\">in den Vogesen<\/span><\/h1>\n\n\t\t<\/div>\n\t<\/div>\n<\/div><\/div><\/div><\/div><div class=\"vc_row wpb_row vc_row-fluid\"><div class=\"wpb_column vc_column_container vc_col-sm-12\"><div class=\"vc_column-inner\"><div class=\"wpb_wrapper\"><div class=\"vc_empty_space\"   style=\"height: 32px\"><span class=\"vc_empty_space_inner\"><\/span><\/div>\t\t\n\t\t\t\t\n\t\t\t<!-- BEGIN .shb-accommodation-listing-filter-sorting -->\n\t\t\t<div class=\"shb-accommodation-listing-filter-sorting shb-clearfix\">\n\t\t\t\n\t\t\t\t\t\t\t\n\t\t\t\t<div class=\"shb-accommodation-listing-filter shb-clearfix\">\n\t\t\t\t\t<p>Filtern nach:<\/p>\n\t\t\t\t\t<ul>\n\t\t\t\t\t\t<li class=\"shb-filter-current\"><a href=\"https:\/\/les-atypiques-chalets.com\/de\/wp-json\/wp\/v2\/posts\/174610?shb-orderby=2\">All<\/a><\/li><li class=\"\"><a href=\"https:\/\/les-atypiques-chalets.com\/de\/wp-json\/wp\/v2\/posts\/174610?shb-orderby=2&shb-accommodation-type=chalet-4-personnes-gerardmer\">Chalet f\u00fcr 4 Personen<\/a><\/li><li class=\"\"><a href=\"https:\/\/les-atypiques-chalets.com\/de\/wp-json\/wp\/v2\/posts\/174610?shb-orderby=2&shb-accommodation-type=chalet-6-personnes\">Chalet f\u00fcr 6 Personen<\/a><\/li><li class=\"\"><a href=\"https:\/\/les-atypiques-chalets.com\/de\/wp-json\/wp\/v2\/posts\/174610?shb-orderby=2&shb-accommodation-type=chalets-6-personnes\">Chalets f\u00fcr 6 Personen<\/a><\/li>\t\t\t\t\t<\/ul>\n\t\t\t\t<\/div>\n\t\t\t\n\t\t\t\t\t\t\t\n\t\t\t\t\t\t\t\n\t\t\t\t<div class=\"shb-accommodation-listing-sorting shb-clearfix\">\n\t\t\t\t\t<select>\n\t\t\t\t\t\t<option value=\"https:\/\/les-atypiques-chalets.com\/de\/wp-json\/wp\/v2\/posts\/174610?shb-accommodation-type=0\" selected>Standard-Sortierung<\/option><option value=\"https:\/\/les-atypiques-chalets.com\/de\/wp-json\/wp\/v2\/posts\/174610?shb-accommodation-type=0&shb-orderby=1\" >Preis niedrig bis hoch<\/option><option value=\"https:\/\/les-atypiques-chalets.com\/de\/wp-json\/wp\/v2\/posts\/174610?shb-accommodation-type=0&shb-orderby=2\" >Preis hoch bis niedrig<\/option>\t\t\t\t\t<\/select>\n\t\t\t\t\t<i class=\"fas fa-chevron-down\"><\/i>\n\t\t\t\t<\/div>\n\t\t\t\n\t\t\t\t\t\n\t\t\t<!-- END .shb-accommodation-listing-filter-sorting -->\n\t\t\t<\/div>\n\t\t\n\t\t\t\t\n\t\t<!-- BEGIN .shb-accommodation-listing-style-1 -->\n\t\t<div class=\"shb-accommodation-listing-style-1 shb-accommodation-listing-style-1-columns-3\">\n\t\t\t\n\t\t\t\t\n\t\t\t<!-- BEGIN .shb-accommodation-listing-item -->\n\t\t\t<div class=\"shb-accommodation-listing-item\">\n\t\t\t\n\t\t\t\t\t\t\t\t\t<a href=\"https:\/\/les-atypiques-chalets.com\/de\/chalet-charkhan\/\" rel=\"bookmark\" title=\"Chalet Charkhan\">\n\t\t\t\t\t\t\t\t\t\t\t\t<img decoding=\"async\" class=\"shb-accommodation-listing-image\" src=\"https:\/\/les-atypiques-chalets.com\/wp-content\/uploads\/2025\/03\/salon-charkhan-03-L-1180x675.webp\" alt=\"Chalet Charkhan\" \/>\t\t\t\t\t<\/a>\n\t\t\t\t\t\t\t\n\t\t\t\t<div class=\"shb-accommodation-listing-description-wrapper\">\n\t\t\t\t\n\t\t\t\t\t<h3><a href=\"https:\/\/les-atypiques-chalets.com\/de\/chalet-charkhan\/\" rel=\"bookmark\" title=\"Chalet Charkhan\">Chalet Charkhan<\/a><\/h3>\n\t\t\t\t\n\t\t\t\t\t<div class=\"shb-accommodation-listing-description shb-clearfix\">\n\t\t\t\t\t\t<ul>\r\n<li><i class=\"fas fa-user\"><\/i><span>Kapazit\u00e4t<\/span> 6 Personen<\/li>\r\n<li><i class=\"fas fa-ruler-combined\"><\/i><span>Oberfl\u00e4che<\/span> 65 m\u00b2<\/li>\r\n<li><i class=\"fas fa-hot-tub\"><\/i><span> Nordische Badewanne<\/span> privativ<\/li>\r\n<\/ul>\t\t\t\t\t\t<a href=\"https:\/\/les-atypiques-chalets.com\/de\/chalet-charkhan\/\" class=\"shb-accommodation-listing-button1\">ab 225\u20ac\/Nacht<\/a>\n\t\t\t\t\t\t<a href=\"https:\/\/les-atypiques-chalets.com\/de\/chalet-charkhan\/\" class=\"shb-accommodation-listing-button2\">Zimmer anzeigen<i class=\"fas fa-chevron-right\"><\/i><\/a>\n\t\t\t\t\t<\/div>\n\t\t\t\t\n\t\t\t\t<\/div>\n\t\t\t\n\t\t\t<!-- END .shb-accommodation-listing-item -->\n\t\t\t<\/div>\n\t\t\n\t\t\t\t\n\t\t\t<!-- BEGIN .shb-accommodation-listing-item -->\n\t\t\t<div class=\"shb-accommodation-listing-item\">\n\t\t\t\n\t\t\t\t\t\t\t\t\t<a href=\"https:\/\/les-atypiques-chalets.com\/de\/chalet-aslan\/\" rel=\"bookmark\" title=\"Chalet Aslan\">\n\t\t\t\t\t\t\t\t\t\t\t\t<img decoding=\"async\" class=\"shb-accommodation-listing-image\" src=\"https:\/\/les-atypiques-chalets.com\/wp-content\/uploads\/2025\/03\/ASLAN-2-900x710.webp\" alt=\"Chalet Aslan\" \/>\t\t\t\t\t<\/a>\n\t\t\t\t\t\t\t\n\t\t\t\t<div class=\"shb-accommodation-listing-description-wrapper\">\n\t\t\t\t\n\t\t\t\t\t<h3><a href=\"https:\/\/les-atypiques-chalets.com\/de\/chalet-aslan\/\" rel=\"bookmark\" title=\"Chalet Aslan\">Chalet Aslan<\/a><\/h3>\n\t\t\t\t\n\t\t\t\t\t<div class=\"shb-accommodation-listing-description shb-clearfix\">\n\t\t\t\t\t\t<ul>\r\n<li><i class=\"fas fa-user\"><\/i><span>Kapazit\u00e4t<\/span> 5 Personen<\/li>\r\n<li><i class=\"fas fa-ruler-combined\"><\/i><span>Oberfl\u00e4che<\/span> 65 m\u00b2<\/li>\r\n<li><i class=\"fas fa-hot-tub\"><\/i><span> Nordische Badewanne<\/span> privativ<\/li>\r\n<\/ul>\t\t\t\t\t\t<a href=\"https:\/\/les-atypiques-chalets.com\/de\/chalet-aslan\/\" class=\"shb-accommodation-listing-button1\">ab 215 \u20ac\/Nacht<\/a>\n\t\t\t\t\t\t<a href=\"https:\/\/les-atypiques-chalets.com\/de\/chalet-aslan\/\" class=\"shb-accommodation-listing-button2\">Zimmer anzeigen<i class=\"fas fa-chevron-right\"><\/i><\/a>\n\t\t\t\t\t<\/div>\n\t\t\t\t\n\t\t\t\t<\/div>\n\t\t\t\n\t\t\t<!-- END .shb-accommodation-listing-item -->\n\t\t\t<\/div>\n\t\t\n\t\t\t\t\n\t\t\t<!-- BEGIN .shb-accommodation-listing-item -->\n\t\t\t<div class=\"shb-accommodation-listing-item\">\n\t\t\t\n\t\t\t\t\t\t\t\t\t<a href=\"https:\/\/les-atypiques-chalets.com\/de\/chalet-iorik\/\" rel=\"bookmark\" title=\"Chalet Iorik\">\n\t\t\t\t\t\t\t\t\t\t\t\t<img decoding=\"async\" class=\"shb-accommodation-listing-image\" src=\"https:\/\/les-atypiques-chalets.com\/wp-content\/uploads\/2025\/09\/iorik-sejour-L-1024x710.webp\" alt=\"Chalet Iorik\" \/>\t\t\t\t\t<\/a>\n\t\t\t\t\t\t\t\n\t\t\t\t<div class=\"shb-accommodation-listing-description-wrapper\">\n\t\t\t\t\n\t\t\t\t\t<h3><a href=\"https:\/\/les-atypiques-chalets.com\/de\/chalet-iorik\/\" rel=\"bookmark\" title=\"Chalet Iorik\">Chalet Iorik<\/a><\/h3>\n\t\t\t\t\n\t\t\t\t\t<div class=\"shb-accommodation-listing-description shb-clearfix\">\n\t\t\t\t\t\t<ul>\r\n<li><i class=\"fas fa-user\"><\/i><span>Kapazit\u00e4t<\/span> 4 Personen<\/li>\r\n<li><i class=\"fas fa-ruler-combined\"><\/i><span>Oberfl\u00e4che<\/span> 45 m2<\/li>\r\n<li><i class=\"fas fa-hot-tub\"><\/i><span> Nordische Badewanne<\/span> privativ<\/li>\r\n<\/ul>\t\t\t\t\t\t<a href=\"https:\/\/les-atypiques-chalets.com\/de\/chalet-iorik\/\" class=\"shb-accommodation-listing-button1\">ab 170\u20ac\/Nacht<\/a>\n\t\t\t\t\t\t<a href=\"https:\/\/les-atypiques-chalets.com\/de\/chalet-iorik\/\" class=\"shb-accommodation-listing-button2\">Zimmer anzeigen<i class=\"fas fa-chevron-right\"><\/i><\/a>\n\t\t\t\t\t<\/div>\n\t\t\t\t\n\t\t\t\t<\/div>\n\t\t\t\n\t\t\t<!-- END .shb-accommodation-listing-item -->\n\t\t\t<\/div>\n\t\t\n\t\t\t\t\t\n\t\t<!-- END .shb-accommodation-listing-style-1 -->\n\t\t<\/div>\n\t\n\t\t\n\t\t\t\n\t\t<div class=\"shb-clearboth\"><\/div>\n\t\t<div class=\"shb-accommodation-listing-1-pagination\">\n\t\t\t\t<\/div>\n\t\t\n\t\t\n\t<div class=\"vc_empty_space\"   style=\"height: 32px\"><span class=\"vc_empty_space_inner\"><\/span><\/div><\/div><\/div><\/div><\/div><div class=\"vc_row wpb_row vc_row-fluid\"><div class=\"wpb_column vc_column_container vc_col-sm-12\"><div class=\"vc_column-inner\"><div class=\"wpb_wrapper\">\n\t<div class=\"wpb_text_column wpb_content_element\" >\n\t\t<div class=\"wpb_wrapper\">\n\t\t\t<h4><span style=\"color: #683c16;\">Einf\u00fchrung<\/span><\/h4>\n<hr \/>\n<p>Les Vosges, situ\u00e9es au c\u0153ur de la r\u00e9gion Grand Est de la France, sont un v\u00e9ritable paradis pour les amoureux de la nature et les passionn\u00e9s de randonn\u00e9e. Entre for\u00eats denses, lacs paisibles et sommets majestueux, les Vosges offrent un cadre id\u00e9al pour des escapades en pleine nature. S\u00e9journer dans un chalet typique de la r\u00e9gion, c&rsquo;est s&rsquo;offrir un acc\u00e8s direct aux plus beaux sentiers de randonn\u00e9e tout en profitant du confort et de la tranquillit\u00e9 d&rsquo;une retraite \u00e0 la montagne.<\/p>\n<h4><span style=\"color: #683c16;\">Pourquoi choisir les Vosges<br \/>\npour une randonn\u00e9e pr\u00e8s de votre chalet<\/span><\/h4>\n<hr \/>\n<p>La beaut\u00e9 naturelle des <a href=\"https:\/\/les-atypiques-chalets.com\/de\/tag\/vogesen\/\"  data-wpil-monitor-id=\"2192\">Vogesen<\/a> est ind\u00e9niable. Les vastes for\u00eats de sapins, les cascades scintillantes, et les panoramas \u00e0 couper le souffle attirent chaque ann\u00e9e des milliers de randonneurs. Que vous soyez un marcheur aguerri ou un simple amateur de balades en nature, les Vosges proposent une diversit\u00e9 de sentiers qui sauront r\u00e9pondre \u00e0 toutes les attentes.<\/p>\n<p>De plus, les sentiers de randonn\u00e9e sont souvent accessibles directement depuis votre chalet, ce qui vous permet de partir \u00e0 l&rsquo;aventure d\u00e8s le pas de la porte. Imaginez vous r\u00e9veiller avec une vue sur les montagnes, enfiler vos chaussures de randonn\u00e9e, et partir explorer la nature sans avoir besoin de prendre la voiture. C&rsquo;est une <a href=\"https:\/\/les-atypiques-chalets.com\/de\/hebergement-romantique-pour-les-couples-vivez-une-experience-unique-dans-nos-chalets-atypiques\/\"  data-wpil-monitor-id=\"989\">exp\u00e9rience unique<\/a> que vous ne trouverez nulle part ailleurs.<\/p>\n<h4><span style=\"color: #683c16;\">Les meilleures p\u00e9riodes<\/span><br \/>\n<span style=\"color: #683c16;\">pour randonner dans les Vosge<\/span><strong>s<\/strong><\/h4>\n<hr \/>\n<p><strong>Randonn\u00e9es en \u00e9t\u00e9<\/strong><br \/>\nL&rsquo;\u00e9t\u00e9 est la saison id\u00e9ale pour <a href=\"https:\/\/les-atypiques-chalets.com\/de\/decouvrez-le-tourisme-nature-dans-les-vosges\/\"  data-wpil-monitor-id=\"568\">d\u00e9couvrir les Vosges<\/a>. Les temp\u00e9ratures agr\u00e9ables et les journ\u00e9es longues permettent de profiter pleinement des sentiers. C&rsquo;est \u00e9galement la p\u00e9riode o\u00f9 la flore est \u00e0 son apog\u00e9e, avec des prairies fleuries et des for\u00eats verdoyantes.<\/p>\n<p><strong>Randonn\u00e9es en automne<\/strong><br \/>\nL&rsquo;automne offre un spectacle magnifique dans les Vosges, avec les for\u00eats qui se parent de couleurs chatoyantes. Les temp\u00e9ratures commencent \u00e0 baisser, mais les sentiers sont souvent moins fr\u00e9quent\u00e9s, offrant une exp\u00e9rience plus paisible.<\/p>\n<p><strong>Randonn\u00e9es en hiver<\/strong><br \/>\nL&rsquo;hiver transforme les <a href=\"https:\/\/les-atypiques-chalets.com\/de\/vivez-la-veritable-magie-dun-noel-en-montagne-dans-les-vosges\/\"  data-wpil-monitor-id=\"816\">Vosges en un v\u00e9ritable<\/a> pays des merveilles hivernales. Les sentiers enneig\u00e9s offrent des <a href=\"https:\/\/les-atypiques-chalets.com\/de\/randonnee-en-montagne-une-aventure-inoubliable\/\"  data-wpil-monitor-id=\"612\">randonn\u00e9es \u00e0 raquettes inoubliables<\/a>. C&rsquo;est \u00e9galement une p\u00e9riode id\u00e9ale pour observer la faune locale qui s&rsquo;adapte \u00e0 l&rsquo;hiver rigoureux.<\/p>\n<h4><span style=\"color: #683c16;\">Randonn\u00e9e Vosges pr\u00e8s du chalet :<\/span><br \/>\n<span style=\"color: #683c16;\">Les points de d\u00e9part incontournables<\/span><\/h4>\n<hr \/>\n<p><strong>G\u00e9rardmer : La perle des Vosges<\/strong><br \/>\nG\u00e9rardmer est sans doute l&rsquo;un des meilleurs points de d\u00e9part pour vos <a href=\"https:\/\/les-atypiques-chalets.com\/de\/chalets-gerardmer-avec-sauna-chalets-vosges-avec-sauna-les-atypiques-chalets\/\"  data-wpil-monitor-id=\"915\">Wanderungen<\/a> dans les Vosges. Situ\u00e9e au bord d&rsquo;un magnifique lac, cette ville est entour\u00e9e de sentiers de randonn\u00e9e adapt\u00e9s \u00e0 tous les niveaux.<\/p>\n<p><strong>La Bresse : Un acc\u00e8s facile aux sentiers<\/strong><br \/>\nLa Bresse est une autre destination populaire pour les randonneurs. Ce charmant village est situ\u00e9 \u00e0 proximit\u00e9 de nombreux sentiers qui offrent des vues imprenables sur les montagnes vosgiennes.<\/p>\n<p><strong>Le Hohneck : Un sommet incontournable<\/strong><br \/>\nLe Hohneck, avec ses 1 363 m\u00e8tres d&rsquo;altitude, est l&rsquo;un des sommets les plus \u00e9lev\u00e9s des Vosges. Depuis ce point, de nombreux sentiers permettent d&rsquo;explorer les cr\u00eates et de profiter de <a href=\"https:\/\/les-atypiques-chalets.com\/de\/meilleurs-restaurants-gerardmer-tour-culinaire\/\"  data-wpil-monitor-id=\"1983\">vues panoramiques<\/a> exceptionnelles.<\/p>\n<h4><span style=\"color: #683c16;\">Les Atypiques Chalets :<\/span><br \/>\n<span style=\"color: #683c16;\">Une exp\u00e9rience unique pour les randonneurs<\/span><\/h4>\n<hr \/>\n<p>S\u00e9journer dans l&rsquo;un des <a href=\"https:\/\/les-atypiques-chalets.com\/de\/\">Au\u00dfergew\u00f6hnliche Chalets<\/a>, c&rsquo;est choisir une exp\u00e9rience authentique et confortable. Ces chalets, souvent construits en bois local, offrent tout le confort moderne tout en respectant l&rsquo;environnement. Ils sont id\u00e9alement situ\u00e9s pour permettre un acc\u00e8s rapide aux meilleurs sentiers de randonn\u00e9e.<\/p>\n<p><strong>Confort et charme des chalets<\/strong><br \/>\nLes chalets sont \u00e9quip\u00e9s de tout ce dont vous avez besoin pour un s\u00e9jour relaxant : une cuisine enti\u00e8rement \u00e9quip\u00e9e, une chemin\u00e9e pour les soir\u00e9es fra\u00eeches, et parfois m\u00eame <a href=\"https:\/\/les-atypiques-chalets.com\/de\/bains-nordiques-gerardmer-vosges\/\">un bain nordique<\/a> pour d\u00e9tendre vos muscles apr\u00e8s une longue journ\u00e9e de marche.<\/p>\n<p><strong>Proximit\u00e9 des sentiers de randonn\u00e9e<\/strong><br \/>\nL&rsquo;un des principaux avantages des <a href=\"https:\/\/les-atypiques-chalets.com\/de\/blog\/\"  data-wpil-monitor-id=\"564\">Au\u00dfergew\u00f6hnliche Chalets<\/a> est leur proximit\u00e9 avec les sentiers. Vous pouvez litt\u00e9ralement commencer votre randonn\u00e9e d\u00e8s que vous sortez de votre h\u00e9bergement, ce qui est un atout majeur pour les amoureux de la nature.<\/p>\n<h4><span style=\"color: #683c16;\">Les sentiers de randonn\u00e9e<\/span><br \/>\n<span style=\"color: #683c16;\">incontournables pr\u00e8s de G\u00e9rardmer<\/span><\/h4>\n<hr \/>\n<p><strong>Le tour du <a href=\"https:\/\/les-atypiques-chalets.com\/de\/location-proche-lac-gerardmer-decouvrez-les-atypiques-chalets-pour-un-sejour-inoubliable\/\"  data-wpil-monitor-id=\"874\">Lac de G\u00e9rardmer<\/a><\/strong><br \/>\nC&rsquo;est une randonn\u00e9e facile, accessible \u00e0 tous, qui fait le tour du <a href=\"https:\/\/les-atypiques-chalets.com\/de\/pourquoi-choisir-gerardmer-pour-votre-prochaine-location-de-chalet\/\"  data-wpil-monitor-id=\"1058\">Lac de G\u00e9rardmer<\/a>. Le sentier est bien entretenu et offre de nombreuses aires de repos pour admirer le paysage.<\/p>\n<p><strong>Randonn\u00e9e au sommet du Hohneck<\/strong><br \/>\nPour les plus aventureux, la mont\u00e9e au sommet du Hohneck est un must. Le parcours peut \u00eatre un peu exigeant, mais la r\u00e9compense est \u00e0 la hauteur de l&rsquo;effort, avec une vue panoramique sur toute la r\u00e9gion.<\/p>\n<p><strong>Le sentier des Roches : Une aventure \u00e0 ne pas manquer<\/strong><br \/>\nCe sentier est un peu plus technique et n\u00e9cessite une bonne condition physique. Il offre des passages vertigineux et des vues spectaculaires, parfait pour les randonneurs en qu\u00eate de sensations fortes.<\/p>\n<h4><span style=\"color: #683c16;\">Les randonn\u00e9es familiales dans les Vosges<\/span><\/h4>\n<hr \/>\n<p><strong>Sentiers adapt\u00e9s aux familles avec enfants<\/strong><br \/>\nLes Vosges regorgent de sentiers adapt\u00e9s aux familles, avec des parcours faciles et bien balis\u00e9s. Le tour du lac de G\u00e9rardmer est par exemple une excellente option pour une sortie en famille.<\/p>\n<p><strong>Conseils pour une randonn\u00e9e s\u00e9curis\u00e9e en famille<\/strong><br \/>\nIl est important de bien pr\u00e9parer votre randonn\u00e9e en famille. Assurez-vous que tout le monde porte des chaussures adapt\u00e9es et que vous avez suffisamment d&rsquo;eau et de nourriture pour toute la dur\u00e9e de la sortie.<\/p>\n<h4><strong>Randonn\u00e9es pour les amateurs de d\u00e9fis<\/strong><\/h4>\n<p><strong>Les sentiers pour les randonneurs exp\u00e9riment\u00e9s<\/strong><br \/>\nPour ceux qui recherchent un vrai d\u00e9fi, les Vosges offrent des sentiers plus exigeants, comme le sentier des Roches ou la mont\u00e9e vers le Grand Ballon, le point culminant des Vosges.<\/p>\n<p><strong>\u00c9quipement recommand\u00e9 pour ces randonn\u00e9es<\/strong><br \/>\nPour les randonn\u00e9es plus difficiles, il est recommand\u00e9 d&rsquo;avoir un \u00e9quipement adapt\u00e9, comme des chaussures de randonn\u00e9e robustes, des b\u00e2tons de marche, et un sac \u00e0 dos bien \u00e9quip\u00e9.<\/p>\n<h4><strong>D\u00e9couverte de la faune<br \/>\net de la flore des Vosges pendant vos randonn\u00e9es<\/strong><\/h4>\n<p><strong>Les esp\u00e8ces v\u00e9g\u00e9tales typiques des Vosges<\/strong><br \/>\nPendant vos randonn\u00e9es, vous aurez l&rsquo;occasion de d\u00e9couvrir une flore riche et vari\u00e9e. Des for\u00eats de sapins aux prairies fleuries, les Vosges sont un v\u00e9ritable jardin naturel.<\/p>\n<p><strong>Observation des animaux sauvages<\/strong><br \/>\nLes Vosges abritent \u00e9galement une faune vari\u00e9e. Si vous \u00eates chanceux, vous pourrez observer des cerfs, des chamois, ou m\u00eame des lynx dans leur habitat naturel.<\/p>\n<h4><span style=\"color: #683c16;\">Les avantages de s\u00e9journer<br \/>\ndans un chalet pour vos randonn\u00e9es<\/span><\/h4>\n<hr \/>\n<p><strong>Libert\u00e9 et flexibilit\u00e9 dans l&rsquo;organisation des randonn\u00e9es<\/strong><br \/>\nS\u00e9journer dans un chalet vous permet de planifier vos randonn\u00e9es en toute libert\u00e9. Vous pouvez partir quand bon vous semble et revenir \u00e0 votre rythme, sans \u00eatre contraint par des horaires fixes.<\/p>\n<p><strong>Retour au confort apr\u00e8s une journ\u00e9e en pleine nature<\/strong><br \/>\nApr\u00e8s une journ\u00e9e de randonn\u00e9e, rien de tel que de revenir dans un chalet confortable o\u00f9 vous pouvez vous d\u00e9tendre et profiter du calme.<\/p>\n<h4><span style=\"color: #683c16;\">Conseils pratiques pour pr\u00e9parer<\/span><br \/>\n<span style=\"color: #683c16;\">vos randonn\u00e9es dans les Vosges<\/span><\/h4>\n<hr \/>\n<p><strong>\u00c9quipement essentiel<\/strong><br \/>\nAssurez-vous d&rsquo;avoir un bon \u00e9quipement de randonn\u00e9e : chaussures adapt\u00e9es, v\u00eatements pour tous les temps, et un sac \u00e0 dos bien pr\u00e9par\u00e9.<\/p>\n<p><strong>Pr\u00e9paration physique<\/strong><br \/>\nIl est \u00e9galement important de vous pr\u00e9parer physiquement avant de partir en randonn\u00e9e, surtout si vous pr\u00e9voyez de faire des parcours plus difficiles.<\/p>\n<h4><span style=\"color: #683c16;\">Les Atypiques Chalets :<\/span><br \/>\n<span style=\"color: #683c16;\">Une immersion totale dans la nature<\/span><\/h4>\n<hr \/>\n<p><strong>Services propos\u00e9s par Les <a href=\"https:\/\/les-atypiques-chalets.com\/de\/halloween-2024-en-lorraine-les-meilleurs-evenements-a-ne-pas-manquer\/\"  data-wpil-monitor-id=\"585\">Au\u00dfergew\u00f6hnliche Chalets<\/a><\/strong><br \/>\nCes <a href=\"https:\/\/les-atypiques-chalets.com\/de\/chalets-abordables-dans-les-vosges-sejour-de-reve-a-petit-prix\/\"  data-wpil-monitor-id=\"707\">chalets offrent une gamme de services pour rendre votre s\u00e9jour<\/a> encore plus agr\u00e9able, comme des paniers repas pour vos randonn\u00e9es ou des guides locaux pour vous accompagner.<\/p>\n<p><strong>T\u00e9moignages de visiteurs<\/strong><br \/>\nDe nombreux visiteurs ont d\u00e9j\u00e0 partag\u00e9 leur exp\u00e9rience positive dans les <a href=\"https:\/\/les-atypiques-chalets.com\/de\/week-end-en-amoureux-decouvrez-les-vosges-a-deux-dans-des-chalets-atypiques\/\"  data-wpil-monitor-id=\"973\">Au\u00dfergew\u00f6hnliche Chalets<\/a>, soulignant le confort des lieux et la beaut\u00e9 des environs.<\/p>\n<h4><span style=\"color: #683c16;\">Gastronomie vosgienne apr\u00e8s la randonn\u00e9e<\/span><\/h4>\n<hr \/>\n<p><strong>O\u00f9 manger pr\u00e8s de votre chalet<\/strong><br \/>\nApr\u00e8s une longue journ\u00e9e de randonn\u00e9e, vous aurez s\u00fbrement envie de go\u00fbter aux sp\u00e9cialit\u00e9s locales. Les Vosges regorgent de restaurants proposant une cuisine traditionnelle et savoureuse.<\/p>\n<p><strong>Sp\u00e9cialit\u00e9s locales \u00e0 d\u00e9couvrir<\/strong><br \/>\nNe manquez pas de d\u00e9guster les plats typiques des Vosges, comme la tarte aux myrtilles, la choucroute, ou encore le fameux Munster.<\/p>\n<h4><span style=\"color: #683c16;\">Les alternatives \u00e0 la randonn\u00e9e dans les Vosges<\/span><\/h4>\n<hr \/>\n<p><strong>Activit\u00e9s pour les jours de pluie<\/strong><br \/>\nSi la m\u00e9t\u00e9o ne permet pas de randonner, vous pouvez toujours d\u00e9couvrir d&rsquo;autres activit\u00e9s, comme la visite des mus\u00e9es locaux ou la d\u00e9tente dans un <a href=\"https:\/\/les-atypiques-chalets.com\/de\/tag\/spa\/\"  data-wpil-monitor-id=\"2129\">Spa<\/a>.<\/p>\n<p><strong>D\u00e9couvertes culturelles \u00e0 proximit\u00e9<\/strong><br \/>\nLes Vosges sont \u00e9galement riches en patrimoine culturel, avec de nombreux sites historiques <a href=\"https:\/\/les-atypiques-chalets.com\/de\/le-jardin-de-berchigranges\/\"  data-wpil-monitor-id=\"2365\">\u00e0<\/a> visiter, comme les ch\u00e2teaux m\u00e9di\u00e9vaux ou les villages pittoresques.<\/p>\n<h4><span style=\"color: #683c16;\">Schlussfolgerung<\/span><\/h4>\n<hr \/>\n<p>Les Vosges sont une destination incontournable pour les amateurs de randonn\u00e9e. Que vous soyez en qu\u00eate de d\u00e9fis ou que vous recherchiez une escapade tranquille en famille, vous trouverez votre bonheur sur les sentiers vosgiens. S\u00e9journer dans un chalet, c&rsquo;est s&rsquo;assurer une immersion totale dans la nature tout en b\u00e9n\u00e9ficiant du confort n\u00e9cessaire pour se ressourcer apr\u00e8s chaque aventure. Alors, qu&rsquo;attendez-vous pour chausser vos bottes et partir \u00e0 la d\u00e9couverte des merveilles des Vosges ?<\/p>\n<hr \/>\n<h4><span style=\"color: #683c16;\">FAQ<\/span><\/h4>\n<hr \/>\n<p><strong>Quelles sont les randonn\u00e9es les plus accessibles depuis G\u00e9rardmer ?<\/strong><br \/>\nLes randonn\u00e9es autour du lac de G\u00e9rardmer et la mont\u00e9e au Hohneck sont parmi les plus accessibles et offrent des vues spectaculaires.<\/p>\n<p><strong>Lesen <a href=\"https:\/\/les-atypiques-chalets.com\/de\/les-atypiques-chalets-a-gerardmer-un-sejour-atypique-dans-les-vosges\/\"  data-wpil-monitor-id=\"1500\">Au\u00dfergew\u00f6hnliche Chalets<\/a> sont-ils adapt\u00e9s aux familles ?<\/strong><br \/>\nOui, les Atypiques <a href=\"https:\/\/les-atypiques-chalets.com\/de\/le-chalet-parfait-a-gerardmer-pour-vos-vacances-dete\/\"  data-wpil-monitor-id=\"1173\">Chalets sont parfaits<\/a> pour les familles, offrant tout le confort n\u00e9cessaire et un acc\u00e8s facile aux sentiers de randonn\u00e9e.<\/p>\n<p><strong>Quelle est la meilleure p\u00e9riode pour <a href=\"https:\/\/les-atypiques-chalets.com\/de\/les-10-choses-a-faire-a-gerardmer-en-ete\/\"  data-wpil-monitor-id=\"1719\">randonner dans les Vosges<\/a> ?<\/strong><br \/>\nL&rsquo;\u00e9t\u00e9 et l&rsquo;automne sont les meilleures saisons pour randonner dans les Vosges, offrant des conditions id\u00e9ales pour d\u00e9couvrir la r\u00e9gion.<\/p>\n<p><strong><a href=\"https:\/\/les-atypiques-chalets.com\/de\/comment-preparer-votre-sejour-a-gerardmer-conseils-et-astuces\/\"  data-wpil-monitor-id=\"2095\">Comment pr\u00e9parer<\/a> une randonn\u00e9e en hiver dans les Vosges ?<\/strong><br \/>\nPour une randonn\u00e9e en hiver, assurez-vous d&rsquo;avoir un \u00e9quipement adapt\u00e9 aux conditions froides et enneig\u00e9es, et privil\u00e9giez les sentiers bien balis\u00e9s.<\/p>\n<p><strong>Quelles autres activit\u00e9s peut-on faire dans les Vosges ?<\/strong><br \/>\nOutre la randonn\u00e9e, les Vosges offrent de nombreuses autres activit\u00e9s, comme le VTT, les visites culturelles, et les sports d&rsquo;hiver.<\/p>\n\n\t\t<\/div>\n\t<\/div>\n<\/div><\/div><\/div><\/div>\n<\/div>","protected":false},"excerpt":{"rendered":"Chalet IORIK Capacit\u00e9: 4 personnes Superficie: 45 m2 Bain Nordique: privatif Description de notre Chalet Iorik dans les Vosges Id\u00e9al pour les couples ou les petites familles, le Chalet IORIK est un \u00e9crin de douceur pouvant accueillir jusqu\u2019\u00e0 4 personnes. Avec ses 2 chambres cosy et ces 2 lits de 140\u00d7190, il vous promet des<a href=\"https:\/\/les-atypiques-chalets.com\/de\/chalet-aslan\/\" class=\"sohohotel-more-link\">Read More<\/a>","protected":false},"author":1,"featured_media":174632,"comment_status":"closed","ping_status":"open","sticky":false,"template":"","format":"standard","meta":{"_yoast_wpseo_title":"Randonn\u00e9e pr\u00e8s du chalet Vosges","_yoast_wpseo_metadesc":"Explorez les plus beaux sentiers pr\u00e8s de votre chalet dans les Vosges. R\u00e9servez votre s\u00e9jour nature d\u00e8s maintenant !","_yoast_wpseo_focuskw":"#Randonn\u00e9eVosges #ChaletsVosges #G\u00e9rardmer #NatureVosges #TourismeVosges #Activit\u00e9sVosges #VacancesNature","footnotes":""},"categories":[1243],"tags":[1140,906,1268,1271,1272,664,1274,1092,731,1273,1269,1043,1270,734,1160],"class_list":["post-174610","post","type-post","status-publish","format-standard","has-post-thumbnail","hentry","category-un-chalet-des-vosges","tag-activites-vosges","tag-atypiques-chalets","tag-chalet-vosges","tag-faune-vosges","tag-flore-vosges","tag-gerardmer","tag-hohneck-randonnee","tag-lac-gerardmer","tag-nature-vosges","tag-randonnee-famille-vosges","tag-randonnee-pres-du-chalet","tag-randonnee-vosges","tag-sentiers-vosges","tag-tourisme-vosges","tag-vacances-nature-vosges"],"_links":{"self":[{"href":"https:\/\/les-atypiques-chalets.com\/de\/wp-json\/wp\/v2\/posts\/174610","targetHints":{"allow":["GET"]}}],"collection":[{"href":"https:\/\/les-atypiques-chalets.com\/de\/wp-json\/wp\/v2\/posts"}],"about":[{"href":"https:\/\/les-atypiques-chalets.com\/de\/wp-json\/wp\/v2\/types\/post"}],"author":[{"embeddable":true,"href":"https:\/\/les-atypiques-chalets.com\/de\/wp-json\/wp\/v2\/users\/1"}],"replies":[{"embeddable":true,"href":"https:\/\/les-atypiques-chalets.com\/de\/wp-json\/wp\/v2\/comments?post=174610"}],"version-history":[{"count":0,"href":"https:\/\/les-atypiques-chalets.com\/de\/wp-json\/wp\/v2\/posts\/174610\/revisions"}],"wp:featuredmedia":[{"embeddable":true,"href":"https:\/\/les-atypiques-chalets.com\/de\/wp-json\/wp\/v2\/media\/174632"}],"wp:attachment":[{"href":"https:\/\/les-atypiques-chalets.com\/de\/wp-json\/wp\/v2\/media?parent=174610"}],"wp:term":[{"taxonomy":"category","embeddable":true,"href":"https:\/\/les-atypiques-chalets.com\/de\/wp-json\/wp\/v2\/categories?post=174610"},{"taxonomy":"post_tag","embeddable":true,"href":"https:\/\/les-atypiques-chalets.com\/de\/wp-json\/wp\/v2\/tags?post=174610"}],"curies":[{"name":"wp","href":"https:\/\/api.w.org\/{rel}","templated":true}]}}