{"id":1807336,"date":"2025-03-18T14:29:14","date_gmt":"2025-03-18T14:29:14","guid":{"rendered":"https:\/\/les-atypiques-chalets.com\/les-atypiques-chalets-a-gerardmer-un-sejour-atypique-dans-les-vosges-2\/"},"modified":"2026-01-07T09:49:42","modified_gmt":"2026-01-07T09:49:42","slug":"week-end-en-amoureux-dans-les-vosges","status":"publish","type":"post","link":"https:\/\/les-atypiques-chalets.com\/de\/week-end-en-amoureux-dans-les-vosges\/","title":{"rendered":"Week-end en Amoureux Vosges : Chalet Romantique avec Spa [2026]"},"content":{"rendered":"<div class=\"wpb-content-wrapper\"><p><strong>week-end en amoureux Vosges<\/strong> : Week-end en amoureux dans les Vosges : chalet romantique avec bain nordique privatif, sauna, nature pr\u00e9serv\u00e9e. Parfait pour une escapade \u00e0 deux.<\/p>\n<div class=\"vc_row wpb_row vc_row-fluid\"><div class=\"wpb_column vc_column_container vc_col-sm-12\"><div class=\"vc_column-inner\"><div class=\"wpb_wrapper\">\n\t<div class=\"wpb_text_column wpb_content_element\" >\n\t\t<div class=\"wpb_wrapper\">\n\t\t\t<h1>\u2728 Week end<br \/>\nen amoureux dans les vosges\u00a0\u2728<\/h1>\n\n\t\t<\/div>\n\t<\/div>\n\n\t<div class=\"wpb_text_column wpb_content_element\" >\n\t\t<div class=\"wpb_wrapper\">\n\t\t\t<h2>D\u00e9couvrez les Atypiques Chalets<br \/>\nin G\u00e9rardmer<\/h2>\n\n\t\t<\/div>\n\t<\/div>\n<\/div><\/div><\/div><\/div><div class=\"vc_row wpb_row vc_row-fluid\"><div class=\"wpb_column vc_column_container vc_col-sm-12\"><div class=\"vc_column-inner\"><div class=\"wpb_wrapper\"><div class=\"vc_empty_space\"   style=\"height: 32px\"><span class=\"vc_empty_space_inner\"><\/span><\/div>\t\n\t<!-- BEGIN .shb-accommodation-listing-style-1 -->\n\t<div class=\"shb-accommodation-listing-style-1 shb-accommodation-listing-style-1-columns-3 sohohotel-owl-carousel-4\">\n\t\t\n\t\t\t\t\n\t\t<!-- BEGIN .shb-accommodation-listing-item -->\n\t\t<div class=\"shb-accommodation-listing-item\">\n\t\t\t\n\t\t\t\t\t\t\t<a href=\"https:\/\/les-atypiques-chalets.com\/de\/chalet-charkhan\/\" rel=\"bookmark\" title=\"Chalet Charkhan\">\n\t\t\t\t\t\t\t\t\t\t<img decoding=\"async\" class=\"shb-accommodation-listing-image\" src=\"https:\/\/les-atypiques-chalets.com\/wp-content\/uploads\/2025\/03\/salon-charkhan-03-L-1180x675.webp\" alt=\"Chalet Charkhan\" \/>\t\t\t\t<\/a>\n\t\t\t\t\t\t\n\t\t\t<div class=\"shb-accommodation-listing-description-wrapper\">\n\t\t\t\t\n\t\t\t\t<h3><a href=\"https:\/\/les-atypiques-chalets.com\/de\/chalet-charkhan\/\" rel=\"bookmark\" title=\"Chalet Charkhan\">Chalet Charkhan<\/a><\/h3>\n\t\t\t\t\n\t\t\t\t<div class=\"shb-accommodation-listing-description shb-clearfix\">\n\t\t\t\t\t\n\t\t\t\t\t<ul>\r\n<li><i class=\"fas fa-user\"><\/i><span>Kapazit\u00e4t<\/span> 6 Personen<\/li>\r\n<li><i class=\"fas fa-ruler-combined\"><\/i><span>Oberfl\u00e4che<\/span> 65 m\u00b2<\/li>\r\n<li><i class=\"fas fa-hot-tub\"><\/i><span> Nordische Badewanne<\/span> privativ<\/li>\r\n<\/ul>\t\t\t\t\t\n\t\t\t\t\t<a href=\"https:\/\/les-atypiques-chalets.com\/de\/chalet-charkhan\/\" class=\"shb-accommodation-listing-button1\">ab 225\u20ac\/Nacht<\/a>\n\t\t\t\t\t<a href=\"https:\/\/les-atypiques-chalets.com\/de\/chalet-charkhan\/\" class=\"shb-accommodation-listing-button2\">Zimmer anzeigen<i class=\"fas fa-chevron-right\"><\/i><\/a>\n\t\t\t\t\n\t\t\t\t<\/div>\n\t\t\t\t\n\t\t\t<\/div>\n\t\t\t\n\t\t<!-- END .shb-accommodation-listing-item -->\n\t\t<\/div>\n\t\t\n\t\t\t\t\n\t\t<!-- BEGIN .shb-accommodation-listing-item -->\n\t\t<div class=\"shb-accommodation-listing-item\">\n\t\t\t\n\t\t\t\t\t\t\t<a href=\"https:\/\/les-atypiques-chalets.com\/de\/chalet-aslan\/\" rel=\"bookmark\" title=\"Chalet Aslan\">\n\t\t\t\t\t\t\t\t\t\t<img decoding=\"async\" class=\"shb-accommodation-listing-image\" src=\"https:\/\/les-atypiques-chalets.com\/wp-content\/uploads\/2025\/03\/ASLAN-2-900x710.webp\" alt=\"Chalet Aslan\" \/>\t\t\t\t<\/a>\n\t\t\t\t\t\t\n\t\t\t<div class=\"shb-accommodation-listing-description-wrapper\">\n\t\t\t\t\n\t\t\t\t<h3><a href=\"https:\/\/les-atypiques-chalets.com\/de\/chalet-aslan\/\" rel=\"bookmark\" title=\"Chalet Aslan\">Chalet Aslan<\/a><\/h3>\n\t\t\t\t\n\t\t\t\t<div class=\"shb-accommodation-listing-description shb-clearfix\">\n\t\t\t\t\t\n\t\t\t\t\t<ul>\r\n<li><i class=\"fas fa-user\"><\/i><span>Kapazit\u00e4t<\/span> 5 Personen<\/li>\r\n<li><i class=\"fas fa-ruler-combined\"><\/i><span>Oberfl\u00e4che<\/span> 65 m\u00b2<\/li>\r\n<li><i class=\"fas fa-hot-tub\"><\/i><span> Nordische Badewanne<\/span> privativ<\/li>\r\n<\/ul>\t\t\t\t\t\n\t\t\t\t\t<a href=\"https:\/\/les-atypiques-chalets.com\/de\/chalet-aslan\/\" class=\"shb-accommodation-listing-button1\">ab 215 \u20ac\/Nacht<\/a>\n\t\t\t\t\t<a href=\"https:\/\/les-atypiques-chalets.com\/de\/chalet-aslan\/\" class=\"shb-accommodation-listing-button2\">Zimmer anzeigen<i class=\"fas fa-chevron-right\"><\/i><\/a>\n\t\t\t\t\n\t\t\t\t<\/div>\n\t\t\t\t\n\t\t\t<\/div>\n\t\t\t\n\t\t<!-- END .shb-accommodation-listing-item -->\n\t\t<\/div>\n\t\t\n\t\t\t\t\n\t\t<!-- BEGIN .shb-accommodation-listing-item -->\n\t\t<div class=\"shb-accommodation-listing-item\">\n\t\t\t\n\t\t\t\t\t\t\t<a href=\"https:\/\/les-atypiques-chalets.com\/de\/chalet-iorik\/\" rel=\"bookmark\" title=\"Chalet Iorik\">\n\t\t\t\t\t\t\t\t\t\t<img decoding=\"async\" class=\"shb-accommodation-listing-image\" src=\"https:\/\/les-atypiques-chalets.com\/wp-content\/uploads\/2025\/09\/iorik-sejour-L-1024x710.webp\" alt=\"Chalet Iorik\" \/>\t\t\t\t<\/a>\n\t\t\t\t\t\t\n\t\t\t<div class=\"shb-accommodation-listing-description-wrapper\">\n\t\t\t\t\n\t\t\t\t<h3><a href=\"https:\/\/les-atypiques-chalets.com\/de\/chalet-iorik\/\" rel=\"bookmark\" title=\"Chalet Iorik\">Chalet Iorik<\/a><\/h3>\n\t\t\t\t\n\t\t\t\t<div class=\"shb-accommodation-listing-description shb-clearfix\">\n\t\t\t\t\t\n\t\t\t\t\t<ul>\r\n<li><i class=\"fas fa-user\"><\/i><span>Kapazit\u00e4t<\/span> 4 Personen<\/li>\r\n<li><i class=\"fas fa-ruler-combined\"><\/i><span>Oberfl\u00e4che<\/span> 45 m2<\/li>\r\n<li><i class=\"fas fa-hot-tub\"><\/i><span> Nordische Badewanne<\/span> privativ<\/li>\r\n<\/ul>\t\t\t\t\t\n\t\t\t\t\t<a href=\"https:\/\/les-atypiques-chalets.com\/de\/chalet-iorik\/\" class=\"shb-accommodation-listing-button1\">ab 170\u20ac\/Nacht<\/a>\n\t\t\t\t\t<a href=\"https:\/\/les-atypiques-chalets.com\/de\/chalet-iorik\/\" class=\"shb-accommodation-listing-button2\">Zimmer anzeigen<i class=\"fas fa-chevron-right\"><\/i><\/a>\n\t\t\t\t\n\t\t\t\t<\/div>\n\t\t\t\t\n\t\t\t<\/div>\n\t\t\t\n\t\t<!-- END .shb-accommodation-listing-item -->\n\t\t<\/div>\n\t\t\n\t\t\t\t\n\t<!-- END .shb-accommodation-listing-style-1 -->\n\t<\/div>\n\t\n\t<div class=\"vc_row wpb_row vc_inner vc_row-fluid\"><div class=\"wpb_column vc_column_container vc_col-sm-4\"><div class=\"vc_column-inner\"><div class=\"wpb_wrapper\">\n\t<div  class=\"wpb_single_image wpb_content_element vc_align_left wpb_content_element\">\n\t\t\n\t\t<figure class=\"wpb_wrapper vc_figure\">\n\t\t\t<a href=\"https:\/\/www.airbnb.fr\/rooms\/1181799444491659558?source_impression_id=p3_1737454110_P389ZYEJ78eXKMcr\" target=\"_self\" class=\"vc_single_image-wrapper   vc_box_border_grey\" rel=\"nofollow noopener\"><img decoding=\"async\" width=\"694\" height=\"426\" src=\"https:\/\/les-atypiques-chalets.com\/wp-content\/uploads\/2025\/01\/Capture-decran-2025-01-15-a-13.55.52.jpg\" class=\"vc_single_image-img attachment-full\" alt=\"Die Atypiques Chalets mit einer perfekten Punktzahl von 5,0 ausgezeichnet, was sie zu einem Favoriten von Reisenden macht.\" title=\"Les Atypiques Chalets \u2013 Ein Herzenswunsch von Airbnb-Reisenden\" srcset=\"https:\/\/les-atypiques-chalets.com\/wp-content\/uploads\/2025\/01\/Capture-decran-2025-01-15-a-13.55.52.jpg 694w, https:\/\/les-atypiques-chalets.com\/wp-content\/uploads\/2025\/01\/Capture-decran-2025-01-15-a-13.55.52-300x184.jpg 300w, https:\/\/les-atypiques-chalets.com\/wp-content\/uploads\/2025\/01\/Capture-decran-2025-01-15-a-13.55.52-100x61.jpg 100w, https:\/\/les-atypiques-chalets.com\/wp-content\/uploads\/2025\/01\/Capture-decran-2025-01-15-a-13.55.52-600x368.jpg 600w\" sizes=\"(max-width: 694px) 100vw, 694px\" \/><\/a>\n\t\t<\/figure>\n\t<\/div>\n<\/div><\/div><\/div><div class=\"wpb_column vc_column_container vc_col-sm-4\"><div class=\"vc_column-inner\"><div class=\"wpb_wrapper\">\n\t<div  class=\"wpb_single_image wpb_content_element vc_align_left wpb_content_element\">\n\t\t\n\t\t<figure class=\"wpb_wrapper vc_figure\">\n\t\t\t<a href=\"https:\/\/www.google.com\/search?q=Les+Atypiques+Chalets&#038;stick=H4sIAAAAAAAA_-NgU1I1qDAxtzRONkwyTTM3MDK2TEmzMqgAshItTdIMTFINjC1NDJIXsYr6pBYrOJZUFmQWlgJZzhmJOaklxQAK4Na5QQAAAA&#038;hl=fr&#038;ma\" target=\"_self\" class=\"vc_single_image-wrapper   vc_box_border_grey\" rel=\"nofollow noopener\"><img decoding=\"async\" width=\"324\" height=\"156\" src=\"https:\/\/les-atypiques-chalets.com\/wp-content\/uploads\/2024\/03\/avis-google.webp\" class=\"vc_single_image-img attachment-full\" alt=\"\" title=\"Google-Bewertung\" srcset=\"https:\/\/les-atypiques-chalets.com\/wp-content\/uploads\/2024\/03\/avis-google.webp 324w, https:\/\/les-atypiques-chalets.com\/wp-content\/uploads\/2024\/03\/avis-google-300x144.webp 300w, https:\/\/les-atypiques-chalets.com\/wp-content\/uploads\/2024\/03\/avis-google-100x48.webp 100w\" sizes=\"(max-width: 324px) 100vw, 324px\" \/><\/a>\n\t\t<\/figure>\n\t<\/div>\n<\/div><\/div><\/div><div class=\"wpb_column vc_column_container vc_col-sm-4\"><div class=\"vc_column-inner\"><div class=\"wpb_wrapper\">\n\t<div  class=\"wpb_single_image wpb_content_element vc_align_left wpb_content_element\">\n\t\t\n\t\t<figure class=\"wpb_wrapper vc_figure\">\n\t\t\t<a href=\"https:\/\/www.airbnb.fr\/users\/show\/202431572\" target=\"_self\" class=\"vc_single_image-wrapper   vc_box_border_grey\" rel=\"nofollow noopener\"><img decoding=\"async\" width=\"375\" height=\"125\" src=\"https:\/\/les-atypiques-chalets.com\/wp-content\/uploads\/2024\/10\/create-a-professionally-written-new-airbnb-listing-1600x533-1.webp\" class=\"vc_single_image-img attachment-full\" alt=\"\" title=\"Erstellen Sie eine professionell geschriebene neue Airbnb-Liste (1600x533)\" srcset=\"https:\/\/les-atypiques-chalets.com\/wp-content\/uploads\/2024\/10\/create-a-professionally-written-new-airbnb-listing-1600x533-1.webp 375w, https:\/\/les-atypiques-chalets.com\/wp-content\/uploads\/2024\/10\/create-a-professionally-written-new-airbnb-listing-1600x533-1-300x100.webp 300w, https:\/\/les-atypiques-chalets.com\/wp-content\/uploads\/2024\/10\/create-a-professionally-written-new-airbnb-listing-1600x533-1-100x33.webp 100w\" sizes=\"(max-width: 375px) 100vw, 375px\" \/><\/a>\n\t\t<\/figure>\n\t<\/div>\n<\/div><\/div><\/div><\/div><\/div><\/div><\/div><\/div><div class=\"vc_row wpb_row vc_row-fluid\"><div class=\"wpb_column vc_column_container vc_col-sm-12\"><div class=\"vc_column-inner\"><div class=\"wpb_wrapper\">\n\t<div class=\"wpb_text_column wpb_content_element\" >\n\t\t<div class=\"wpb_wrapper\">\n\t\t\t<h3 data-start=\"2533\" data-end=\"2549\"><strong data-start=\"2533\" data-end=\"2549\">Einf\u00fchrung<\/strong><\/h3>\n<p class=\"\" data-start=\"2551\" data-end=\"3058\">Imaginez-vous, main dans la main avec votre moiti\u00e9, entour\u00e9s par les paysages enchanteurs des Vosges, respirant l&rsquo;air pur de la montagne et profitant d&rsquo;un chalet cosy rien que pour vous deux. Les Vosges, avec leurs for\u00eats denses, leurs lacs scintillants et leurs montagnes majestueuses, offrent le cadre id\u00e9al pour une escapade romantique. Et au c\u0153ur de cette nature pr\u00e9serv\u00e9e se trouvent <a href=\"https:\/\/les-atypiques-chalets.com\/de\/chalet-mit-jacuzzi-fur-4-personen-in-gerardmer\/\" data-wpil-monitor-id=\"2413\">les Atypiques Chalets \u00e0 G\u00e9rardmer<\/a>, des havres de paix con\u00e7us pour les couples en qu\u00eate de d\u00e9tente et de ressourcement.<\/p>\n<h3 data-start=\"3060\" data-end=\"3122\"><strong data-start=\"3060\" data-end=\"3122\">Pourquoi choisir les Vosges<br \/>\npour un week-end en amoureux ?<\/strong><\/h3>\n<p class=\"\" data-start=\"3124\" data-end=\"3555\">Les Vosges sont une <a href=\"https:\/\/les-atypiques-chalets.com\/de\/pourquoi-gerardmer-est-la-destination-parfaite-pour-les-amoureux-de-la-nature\/\" data-wpil-monitor-id=\"1508\">destination de choix pour les amoureux de la nature<\/a> et de la tranquillit\u00e9. Leurs paysages pittoresques, alternant entre for\u00eats verdoyantes, lacs paisibles et sommets <a href=\"https:\/\/les-atypiques-chalets.com\/de\/chalet-a-frame-vosges-lalliance-parfaite-entre-tradition-et-modernite\/\" data-wpil-monitor-id=\"1521\">montagneux<\/a>, cr\u00e9ent une atmosph\u00e8re propice \u00e0 la romance. De plus, la <a href=\"https:\/\/les-atypiques-chalets.com\/de\/les-activites-familiales-autour-de-gerardmer-suggestions-dactivites-et-de-sorties-adaptees-aux-familles-avec-enfants-dans-la-region\/\" data-wpil-monitor-id=\"1525\">r\u00e9gion propose une multitude d&rsquo;activit\u00e9s adapt\u00e9es<\/a> aux couples, qu&rsquo;il s&rsquo;agisse de randonn\u00e9es main dans la main, de balades en VTT ou de moments de d\u00e9tente dans des spas naturels.<\/p>\n<h3 data-start=\"3557\" data-end=\"3592\"><strong data-start=\"3557\" data-end=\"3592\">G\u00e9rardmer : La perle des Vosges<\/strong><\/h3>\n<p class=\"\" data-start=\"3594\" data-end=\"3967\">Surnomm\u00e9e la \u00ab\u00a0Perle des Vosges\u00a0\u00bb, <a href=\"https:\/\/les-atypiques-chalets.com\/de\/visitez-le-parc-naturel-de-gerardmer\/\" data-wpil-monitor-id=\"1520\">G\u00e9rardmer est une charmante ville nich\u00e9e au bord d&rsquo;un lac<\/a> \u00e9ponyme. R\u00e9put\u00e9e pour ses paysages \u00e0 couper le souffle et son ambiance conviviale, elle constitue une destination pris\u00e9e des couples en qu\u00eate de d\u00e9paysement. Ses ruelles pittoresques, ses march\u00e9s locaux et ses festivals en font un lieu vivant et accueillant tout au long de l&rsquo;ann\u00e9e.<\/p>\n<h3 data-start=\"3969\" data-end=\"4018\"><strong data-start=\"3969\" data-end=\"4018\">Les Atypiques Chalets :<br \/>\nUne exp\u00e9rience unique<\/strong><\/h3>\n<p class=\"\" data-start=\"4020\" data-end=\"4375\">Situ\u00e9s \u00e0 seulement 10 km de G\u00e9rardmer, <a href=\"https:\/\/les-atypiques-chalets.com\/de\/reservation\/\" data-wpil-monitor-id=\"1510\">les Atypiques Chalets<\/a> offrent une exp\u00e9rience d&rsquo;h\u00e9bergement hors du commun. Ces chalets, con\u00e7us avec soin et originalit\u00e9, allient confort moderne et charme rustique. Leur emplacement privil\u00e9gi\u00e9 permet aux visiteurs de profiter pleinement de la <a href=\"https:\/\/les-atypiques-chalets.com\/de\/decouvrir-le-charme-du-chalet-dans-les-vosges-au-printemps\/\" data-wpil-monitor-id=\"1523\">nature<\/a> environnante tout en \u00e9tant \u00e0 proximit\u00e9 des commodit\u00e9s de la ville.<\/p>\n<h3 data-start=\"4377\" data-end=\"4421\"><strong data-start=\"4377\" data-end=\"4421\">Les diff\u00e9rents types de chalets propos\u00e9s<\/strong><\/h3>\n<p><img decoding=\"async\" class=\"size-medium wp-image-9225\" src=\"https:\/\/les-atypiques-chalets.com\/wp-content\/uploads\/2023\/11\/athypiques-chalets-017-300x200.webp\" alt=\"Chalet IOREK, salon, s\u00e9jour des Atypiques Chalets \u00e0 Gerardmer dans les Vosges. Chalet pour 4\/5 personnes. Forme en A\" width=\"300\" height=\"200\" srcset=\"https:\/\/les-atypiques-chalets.com\/wp-content\/uploads\/2023\/11\/athypiques-chalets-017-300x200.webp 300w, https:\/\/les-atypiques-chalets.com\/wp-content\/uploads\/2023\/11\/athypiques-chalets-017-1024x683.webp 1024w, https:\/\/les-atypiques-chalets.com\/wp-content\/uploads\/2023\/11\/athypiques-chalets-017-768x512.webp 768w, https:\/\/les-atypiques-chalets.com\/wp-content\/uploads\/2023\/11\/athypiques-chalets-017-1536x1024.webp 1536w, https:\/\/les-atypiques-chalets.com\/wp-content\/uploads\/2023\/11\/athypiques-chalets-017-100x67.webp 100w, https:\/\/les-atypiques-chalets.com\/wp-content\/uploads\/2023\/11\/athypiques-chalets-017-600x400.webp 600w, https:\/\/les-atypiques-chalets.com\/wp-content\/uploads\/2023\/11\/athypiques-chalets-017.webp 1590w\" sizes=\"(max-width: 300px) 100vw, 300px\" \/><\/p>\n<p><strong style=\"font-size: 16px;\" data-start=\"4423\" data-end=\"4439\">Chalet Iorik<\/strong><\/p>\n<p class=\"\" data-start=\"4441\" data-end=\"4786\"><a href=\"https:\/\/les-atypiques-chalets.com\/de\/chalet-iorik-pour-4-personnes-a-gerardmer-dans-les-vosges\/\">Le Chalet Iorik<\/a> est un cocon chaleureux de 45 m\u00b2, id\u00e9al pour accueillir jusqu&rsquo;\u00e0 4 personnes. Enti\u00e8rement construit en bois clair, il d\u00e9gage une ambiance apaisante et naturelle. Son espace de vie lumineux et ouvert est parfait pour des moments conviviaux, et son <a href=\"https:\/\/les-atypiques-chalets.com\/de\/bains-nordiques-gerardmer-vosges\/\" data-wpil-monitor-id=\"1517\">Nordisches Bad<\/a> privatif avec baln\u00e9oth\u00e9rapie offre une touche de luxe suppl\u00e9mentaire.<\/p>\n<p><img decoding=\"async\" class=\"size-medium wp-image-1799264\" src=\"https:\/\/les-atypiques-chalets.com\/wp-content\/uploads\/2025\/03\/salon-aslan-05-L-300x169.webp\" alt=\"Vue int\u00e9rieure du chalet Aslan avec grandes baies vitr\u00e9es et terrasse en bois\" width=\"300\" height=\"169\" srcset=\"https:\/\/les-atypiques-chalets.com\/wp-content\/uploads\/2025\/03\/salon-aslan-05-L-300x169.webp 300w, https:\/\/les-atypiques-chalets.com\/wp-content\/uploads\/2025\/03\/salon-aslan-05-L-1024x576.webp 1024w, https:\/\/les-atypiques-chalets.com\/wp-content\/uploads\/2025\/03\/salon-aslan-05-L-768x432.webp 768w, https:\/\/les-atypiques-chalets.com\/wp-content\/uploads\/2025\/03\/salon-aslan-05-L-100x56.webp 100w, https:\/\/les-atypiques-chalets.com\/wp-content\/uploads\/2025\/03\/salon-aslan-05-L-600x338.webp 600w, https:\/\/les-atypiques-chalets.com\/wp-content\/uploads\/2025\/03\/salon-aslan-05-L.webp 1200w\" sizes=\"(max-width: 300px) 100vw, 300px\" \/><\/p>\n<p><strong style=\"font-size: 16px;\" data-start=\"4788\" data-end=\"4804\">Chalet Aslan<\/strong><\/p>\n<p class=\"\" data-start=\"4806\" data-end=\"5127\"><a href=\"https:\/\/les-atypiques-chalets.com\/de\/chalet-aslan-jacuzzi-sauna-gerardmer-vosges-6-personnes\/\">Le Chalet Aslan<\/a>, \u00e9galement de style norv\u00e9gien, est un refuge spacieux et \u00e9l\u00e9gant. Il dispose de deux chambres confortables, d&rsquo;une cuisine enti\u00e8rement \u00e9quip\u00e9e et d&rsquo;un salon avec une vue imprenable sur les montagnes environnantes. Son <a href=\"https:\/\/les-atypiques-chalets.com\/de\/product\/reservation-2\/\" data-wpil-monitor-id=\"1516\">Private Nordsee-Einheit<\/a> et son sauna offrent aux couples des moments de d\u00e9tente in\u00e9gal\u00e9s.<\/p>\n<p><img decoding=\"async\" class=\"size-medium wp-image-1800289\" src=\"https:\/\/les-atypiques-chalets.com\/wp-content\/uploads\/2025\/03\/salon-charkhan-04-L-300x169.webp\" alt=\"Vue sur le salon lumineux et la salle \u00e0 manger du chalet Charkhan avec grande baie vitr\u00e9e\" width=\"300\" height=\"169\" srcset=\"https:\/\/les-atypiques-chalets.com\/wp-content\/uploads\/2025\/03\/salon-charkhan-04-L-300x169.webp 300w, https:\/\/les-atypiques-chalets.com\/wp-content\/uploads\/2025\/03\/salon-charkhan-04-L-1024x576.webp 1024w, https:\/\/les-atypiques-chalets.com\/wp-content\/uploads\/2025\/03\/salon-charkhan-04-L-768x432.webp 768w, https:\/\/les-atypiques-chalets.com\/wp-content\/uploads\/2025\/03\/salon-charkhan-04-L-100x56.webp 100w, https:\/\/les-atypiques-chalets.com\/wp-content\/uploads\/2025\/03\/salon-charkhan-04-L-600x338.webp 600w, https:\/\/les-atypiques-chalets.com\/wp-content\/uploads\/2025\/03\/salon-charkhan-04-L.webp 1200w\" sizes=\"(max-width: 300px) 100vw, 300px\" \/><\/p>\n<p class=\"\" data-start=\"5129\" data-end=\"5148\"><strong data-start=\"5129\" data-end=\"5148\"><a href=\"https:\/\/les-atypiques-chalets.com\/de\/chalet-fur-6-personen-gerardmer\/\" data-wpil-monitor-id=\"2452\">Chalet Charkhan<\/a><\/strong><\/p>\n<p class=\"\" data-start=\"5150\" data-end=\"5399\"><a href=\"https:\/\/les-atypiques-chalets.com\/de\/chalet-charkhan-avec-jacuzzi-a-gerardmer-vosges-6-personnes\/\">Le Chalet Charkhan<\/a> se distingue par son design unique et son atmosph\u00e8re intime. Parfait pour une <a href=\"https:\/\/les-atypiques-chalets.com\/de\/chalets-de-luxe-avec-jacuzzi-ou-bain-finlandais\/\" data-wpil-monitor-id=\"1511\">romantische Eskapade<\/a>, il offre tout le confort n\u00e9cessaire, y compris un bain nordique privatif et un espace ext\u00e9rieur pour profiter des soir\u00e9es \u00e9toil\u00e9es.<\/p>\n<h3 data-start=\"5401\" data-end=\"5446\"><strong data-start=\"5401\" data-end=\"5446\">Le confort et les \u00e9quipements des chalets<\/strong><\/h3>\n<p class=\"\" data-start=\"5448\" data-end=\"5803\">Chaque chalet est \u00e9quip\u00e9 de mani\u00e8re \u00e0 garantir un s\u00e9jour des plus agr\u00e9ables. Les <a href=\"https:\/\/les-atypiques-chalets.com\/de\/chalets-atypiques-notre-collection-dhebergements-uniques\/\" data-wpil-monitor-id=\"1515\">bains nordiques privatifs permettent de se d\u00e9tendre en pleine nature<\/a>, tandis que les saunas offrent une exp\u00e9rience de bien-\u00eatre incomparable. Les espaces de vie sont con\u00e7us pour le confort, avec des cuisines modernes, des salons douillets et des chambres d\u00e9cor\u00e9es avec go\u00fbt.<\/p>\n\n\t\t<\/div>\n\t<\/div>\n<\/div><\/div><\/div><\/div><div class=\"vc_row wpb_row vc_row-fluid\"><div class=\"wpb_column vc_column_container vc_col-sm-12\"><div class=\"vc_column-inner\"><div class=\"wpb_wrapper\">\n\t<div  class=\"wpb_single_image wpb_content_element vc_align_left wpb_content_element\">\n\t\t\n\t\t<figure class=\"wpb_wrapper vc_figure\">\n\t\t\t<div class=\"vc_single_image-wrapper   vc_box_border_grey\"><img decoding=\"async\" width=\"1200\" height=\"675\" src=\"https:\/\/les-atypiques-chalets.com\/wp-content\/uploads\/2025\/03\/salon-charkhan-01-L.webp\" class=\"vc_single_image-img attachment-full\" alt=\"Chalet-Interieur f\u00fcr 6 Personen G\u00e9rardmer A-Frame-Architektur\" title=\"\u00dcbersicht \u00fcber das Chalet Charkhan \u2013 A-Frame-Design und heller Raum\" srcset=\"https:\/\/les-atypiques-chalets.com\/wp-content\/uploads\/2025\/03\/salon-charkhan-01-L.webp 1200w, https:\/\/les-atypiques-chalets.com\/wp-content\/uploads\/2025\/03\/salon-charkhan-01-L-300x169.webp 300w, https:\/\/les-atypiques-chalets.com\/wp-content\/uploads\/2025\/03\/salon-charkhan-01-L-1024x576.webp 1024w, https:\/\/les-atypiques-chalets.com\/wp-content\/uploads\/2025\/03\/salon-charkhan-01-L-768x432.webp 768w, https:\/\/les-atypiques-chalets.com\/wp-content\/uploads\/2025\/03\/salon-charkhan-01-L-100x56.webp 100w, https:\/\/les-atypiques-chalets.com\/wp-content\/uploads\/2025\/03\/salon-charkhan-01-L-600x338.webp 600w\" sizes=\"(max-width: 1200px) 100vw, 1200px\" \/><\/div>\n\t\t<\/figure>\n\t<\/div>\n<\/div><\/div><\/div><\/div><div class=\"vc_row wpb_row vc_row-fluid\"><div class=\"wpb_column vc_column_container vc_col-sm-12\"><div class=\"vc_column-inner\"><div class=\"wpb_wrapper\">\n\t<div class=\"wpb_text_column wpb_content_element\" >\n\t\t<div class=\"wpb_wrapper\">\n\t\t\t<h3 data-start=\"0\" data-end=\"49\"><strong data-start=\"0\" data-end=\"49\">Activit\u00e9s romantiques<br \/>\n\u00e0 proximit\u00e9 des chalets<\/strong><\/h3>\n<p class=\"\" data-start=\"51\" data-end=\"143\">Les environs des <a href=\"https:\/\/les-atypiques-chalets.com\/de\/sejour-romantique-a-gerardmer-avec-les-atypiques-chalets-chalets-saunas-et-bains-nordiques\/\" data-wpil-monitor-id=\"1524\">Atypiques Chalets regorgent d&rsquo;activit\u00e9s \u00e0 partager en couple<\/a>. Parmi elles :<\/p>\n<ul data-start=\"145\" data-end=\"506\">\n<li class=\"\" data-start=\"145\" data-end=\"252\">\n<p class=\"\" data-start=\"147\" data-end=\"252\"><strong data-start=\"147\" data-end=\"168\">Randonn\u00e9es en duo<\/strong> : <span class=\"relative -mx-px my-&#091;-0.2rem&#093; rounded px-px py-&#091;0.2rem&#093;\"><a href=\"https:\/\/les-atypiques-chalets.com\/de\/explorez-les-sentiers-vtt-de-gerardmer-avec-les-atypiques-chalets\/\" data-wpil-monitor-id=\"1530\">Explorez les sentiers balis\u00e9s des Vosges<\/a>, adapt\u00e9s \u00e0 tous les niveaux, et d\u00e9couvrez des panoramas \u00e9poustouflants.<\/span>\u200b<\/p>\n<\/li>\n<li class=\"\" data-start=\"254\" data-end=\"378\">\n<p class=\"\" data-start=\"256\" data-end=\"378\"><strong data-start=\"256\" data-end=\"294\">Balades autour du <a href=\"https:\/\/les-atypiques-chalets.com\/de\/decouvrez-le-lac-de-gerardmer\/\" data-wpil-monitor-id=\"1509\">Lac de G\u00e9rardmer<\/a><\/strong> : <span class=\"relative -mx-px my-&#091;-0.2rem&#093; rounded px-px py-&#091;0.2rem&#093;\">Profitez d&rsquo;une promenade sereine au bord du lac, main dans la main, en admirant les reflets du soleil sur l&rsquo;eau.<\/span>\u200b<\/p>\n<\/li>\n<li class=\"\" data-start=\"380\" data-end=\"506\">\n<p class=\"\" data-start=\"382\" data-end=\"506\"><strong data-start=\"382\" data-end=\"422\">D\u00e9gustation de la <a href=\"https:\/\/les-atypiques-chalets.com\/de\/vivez-la-veritable-magie-dun-noel-en-montagne-dans-les-vosges\/\" data-wpil-monitor-id=\"1514\">Lokale Gastronomie<\/a><\/strong> : <span class=\"relative -mx-px my-&#091;-0.2rem&#093; rounded px-px py-&#091;0.2rem&#093;\">Savourez les sp\u00e9cialit\u00e9s vosgiennes dans les restaurants locaux, offrant une ambiance chaleureuse et intime.<\/span>\u200b<span class=\"ml-1 inline-flex max-w-full items-center relative top-&#091;-0.094rem&#093;\"><a class=\"flex h-6 overflow-hidden rounded-xl px-2.5 text-&#091;0.5625em&#093; font-medium !bg-&#091;#F4F4F4&#093; !text-token-text-secondary dark:!bg-&#091;#303030&#093;\" href=\"https:\/\/www.ballons-hautes-vosges.com\/autres-specialites-regionales.html?utm_source=chatgpt.com\" target=\"_blank\" rel=\"noopener nofollow\"><span class=\"relative bottom-0 left-0 flex h-full w-full items-center\"><span class=\"flex h-4 w-full items-center justify-between overflow-hidden\"><span class=\"max-w-full grow overflow-hidden truncate text-center\">ballons-hautes-vosges.com<\/span><\/span><\/span><\/a><\/span><\/p>\n<\/li>\n<\/ul>\n<h3 data-start=\"508\" data-end=\"563\"><strong data-start=\"508\" data-end=\"563\">Bien-\u00eatre et d\u00e9tente :<br \/>\nLes services spa des chalets<\/strong><\/h3>\n<p class=\"\" data-start=\"565\" data-end=\"722\"><span class=\"relative -mx-px my-&#091;-0.2rem&#093; rounded px-px py-&#091;0.2rem&#093;\">Pour parfaire votre s\u00e9jour romantique, <a href=\"https:\/\/les-atypiques-chalets.com\/de\/decouverte-du-champ-de-roches-pres-de-gerardmer-hebergement-unique-aux-atypiques-chalets\/\" data-wpil-monitor-id=\"1512\">les Atypiques Chalets<\/a> proposent des services de bien-\u00eatre exclusifs.<\/span> <span class=\"relative -mx-px my-&#091;-0.2rem&#093; rounded px-px py-&#091;0.2rem&#093;\">Profitez de massages relaxants et de soins personnalis\u00e9s directement dans le confort de votre chalet.<\/span> <span class=\"relative -mx-px my-&#091;-0.2rem&#093; rounded px-px py-&#091;0.2rem&#093;\">Les espaces de relaxation priv\u00e9s, tels que les <a href=\"https:\/\/les-atypiques-chalets.com\/de\/quest-ce-quun-bain-nordique\/\" data-wpil-monitor-id=\"1518\">bains nordiques<\/a> et les saunas, sont con\u00e7us pour offrir une exp\u00e9rience de d\u00e9tente ultime, renfor\u00e7ant la complicit\u00e9 et le bien-\u00eatre du couple.<\/span>\u200b<\/p>\n<h3 data-start=\"724\" data-end=\"787\"><strong data-start=\"724\" data-end=\"787\">T\u00e9moignages de couples<br \/>\nayant s\u00e9journ\u00e9 aux Atypiques Chalets<\/strong><\/h3>\n<p class=\"\" data-start=\"789\" data-end=\"1047\">De nombreux couples ont choisi <a href=\"https:\/\/les-atypiques-chalets.com\/de\/a-propos-de-nous\/\" data-wpil-monitor-id=\"1513\">les Atypiques Chalets<\/a> pour c\u00e9l\u00e9brer des occasions sp\u00e9ciales ou simplement pour s&rsquo;\u00e9vader du quotidien. <span class=\"relative -mx-px my-&#091;-0.2rem&#093; rounded px-px py-&#091;0.2rem&#093;\">Leurs t\u00e9moignages soulignent l&rsquo;atmosph\u00e8re romantique, le confort exceptionnel des chalets et la qualit\u00e9 des services propos\u00e9s.<\/span> <span class=\"relative -mx-px my-&#091;-0.2rem&#093; rounded px-px py-&#091;0.2rem&#093;\">Beaucoup \u00e9voquent des souvenirs inoubliables, renforc\u00e9s par le <a href=\"https:\/\/les-atypiques-chalets.com\/de\/weekend-chalet-vosges-escapade-authentique-dans-un-cadre-enchanteur\/\" data-wpil-monitor-id=\"1526\">cadre enchanteur<\/a> et les petites attentions qui font toute la diff\u00e9rence.<\/span>\u200b<\/p>\n<h3 data-start=\"1049\" data-end=\"1084\"><strong data-start=\"1049\" data-end=\"1084\">Comment r\u00e9server votre s\u00e9jour ?<\/strong><\/h3>\n<p class=\"\" data-start=\"1086\" data-end=\"1251\"><span class=\"relative -mx-px my-&#091;-0.2rem&#093; rounded px-px py-&#091;0.2rem&#093;\">Die <a href=\"https:\/\/les-atypiques-chalets.com\/de\/reservez-votre-chalet-a-gerardmer-pour-6-personnes-aux-atypiques-chalets\/\" data-wpil-monitor-id=\"1532\">r\u00e9servation d&rsquo;un chalet<\/a> se fait ais\u00e9ment en ligne via le site officiel des Atypiques Chalets.<\/span> <span class=\"relative -mx-px my-&#091;-0.2rem&#093; rounded px-px py-&#091;0.2rem&#093;\">Le processus est simple et s\u00e9curis\u00e9, vous permettant de choisir le chalet qui correspond le mieux \u00e0 vos attentes.<\/span> <span class=\"relative -mx-px my-&#091;-0.2rem&#093; rounded px-px py-&#091;0.2rem&#093;\">Des offres sp\u00e9ciales pour les couples sont r\u00e9guli\u00e8rement propos\u00e9es, incluant des packages romantiques avec des services additionnels tels que des massages en duo ou des d\u00eeners aux chandelles.<\/span>\u200b<\/p>\n<h3 data-start=\"1253\" data-end=\"1305\"><strong data-start=\"1253\" data-end=\"1305\">Conseils pour un week-end<br \/>\nr\u00e9ussi dans les Vosges<\/strong><\/h3>\n<ul data-start=\"1307\" data-end=\"1577\">\n<li class=\"\" data-start=\"1307\" data-end=\"1433\">\n<p class=\"\" data-start=\"1309\" data-end=\"1433\"><strong data-start=\"1309\" data-end=\"1345\">Meilleures p\u00e9riodes pour visiter<\/strong> : <span class=\"relative -mx-px my-&#091;-0.2rem&#093; rounded px-px py-&#091;0.2rem&#093;\">Lesen <a href=\"https:\/\/les-atypiques-chalets.com\/de\/tag\/vogesen\/\" data-wpil-monitor-id=\"2167\">Vogesen<\/a> offrent des attraits en toutes saisons. L&rsquo;\u00e9t\u00e9 est id\u00e9al pour les <a href=\"https:\/\/les-atypiques-chalets.com\/de\/product\/reservation\/\" data-wpil-monitor-id=\"1529\">activit\u00e9s en plein air<\/a>, tandis que l&rsquo;hiver transforme le paysage en un d\u00e9cor f\u00e9erique, parfait pour les amateurs de neige.<\/span>\u200b<\/p>\n<\/li>\n<li class=\"\" data-start=\"1435\" data-end=\"1577\">\n<p class=\"\" data-start=\"1437\" data-end=\"1577\"><strong data-start=\"1437\" data-end=\"1489\"><a href=\"https:\/\/les-atypiques-chalets.com\/de\/comment-preparer-votre-sejour-a-gerardmer-conseils-et-astuces\/\" data-wpil-monitor-id=\"2098\">Astuces pour profiter pleinement de votre s\u00e9jour<\/a><\/strong> : <span class=\"relative -mx-px my-&#091;-0.2rem&#093; rounded px-px py-&#091;0.2rem&#093;\">Pr\u00e9voyez des v\u00eatements adapt\u00e9s aux variations climatiques de la montagne. R\u00e9servez vos activit\u00e9s \u00e0 l&rsquo;avance, surtout en haute saison, pour garantir votre place et \u00e9viter les d\u00e9ceptions.<\/span>\u200b<\/p>\n<\/li>\n<\/ul>\n<h3 data-start=\"1579\" data-end=\"1628\"><strong data-start=\"1579\" data-end=\"1628\">Die lokale Gastronomie<br \/>\n\u00e0 d\u00e9couvrir en amoureux<\/strong><\/h3>\n<p class=\"\" data-start=\"1630\" data-end=\"1715\"><span class=\"relative -mx-px my-&#091;-0.2rem&#093; rounded px-px py-&#091;0.2rem&#093;\">Les Vosges regorgent de sp\u00e9cialit\u00e9s culinaires \u00e0 savourer en couple :<\/span>\u200b<span class=\"ml-1 inline-flex max-w-full items-center relative top-&#091;-0.094rem&#093;\"><a class=\"flex h-6 overflow-hidden rounded-xl px-2.5 text-&#091;0.5625em&#093; font-medium !bg-&#091;#F4F4F4&#093; !text-token-text-secondary dark:!bg-&#091;#303030&#093;\" href=\"https:\/\/domaine-de-champe.fr\/fr\/que-faire-dans-le-parc-naturel-des-ballons-des-vosges\/le-top-5-des-specialites-culinaires-des-vosges\/?utm_source=chatgpt.com\" target=\"_blank\" rel=\"noopener nofollow\"><span class=\"relative bottom-0 left-0 flex h-full w-full items-center\"><span class=\"flex h-4 w-full items-center justify-between\"><span class=\"max-w-full grow overflow-hidden truncate text-center\">domaine-de-champe.fr<\/span><span class=\"-mr-1 ml-1 flex h-full items-center rounded-full px-1 text-&#091;#8F8F8F&#093;\">+1<\/span><\/span><span class=\"flex h-4 w-full items-center justify-between absolute\"><span class=\"max-w-full grow overflow-hidden truncate text-center\">ballons-hautes-vosges.com<\/span><span class=\"-mr-1 ml-1 flex h-full items-center rounded-full px-1 text-&#091;#8F8F8F&#093;\">+1<\/span><\/span><\/span><\/a><\/span><\/p>\n<ul data-start=\"1717\" data-end=\"2058\">\n<li class=\"\" data-start=\"1717\" data-end=\"1834\">\n<p class=\"\" data-start=\"1719\" data-end=\"1834\"><strong data-start=\"1719\" data-end=\"1746\">La tarte aux brimbelles<\/strong> : <span class=\"relative -mx-px my-&#091;-0.2rem&#093; rounded px-px py-&#091;0.2rem&#093;\">Un dessert traditionnel \u00e0 base de myrtilles sauvages, id\u00e9al pour une touche sucr\u00e9e en fin de repas.<\/span>\u200b<span class=\"ml-1 inline-flex max-w-full items-center relative top-&#091;-0.094rem&#093;\"><a class=\"flex h-6 overflow-hidden rounded-xl px-2.5 text-&#091;0.5625em&#093; font-medium !bg-&#091;#F4F4F4&#093; !text-token-text-secondary dark:!bg-&#091;#303030&#093;\" href=\"https:\/\/www.tourisme-remiremont-plombieres.com\/decouvrir\/produits-du-terroir-vosgien\/nos-specialites\/?utm_source=chatgpt.com\" target=\"_blank\" rel=\"noopener nofollow\"><span class=\"relative bottom-0 left-0 flex h-full w-full items-center\"><span class=\"flex h-4 w-full items-center justify-between absolute\"><span class=\"max-w-full grow overflow-hidden truncate text-center\">le-gout-de-nos-regions.com<\/span><span class=\"-mr-1 ml-1 flex h-full items-center rounded-full px-1 text-&#091;#8F8F8F&#093;\">+2<\/span><\/span><span class=\"flex h-4 w-full items-center justify-between\"><span class=\"max-w-full grow overflow-hidden truncate text-center\">tourisme-remiremont-plombieres.com<\/span><span class=\"-mr-1 ml-1 flex h-full items-center rounded-full px-1 text-&#091;#8F8F8F&#093;\">+2<\/span><\/span><span class=\"flex h-4 w-full items-center justify-between absolute\"><span class=\"max-w-full grow overflow-hidden truncate text-center\">domaine-de-champe.fr<\/span><span class=\"-mr-1 ml-1 flex h-full items-center rounded-full px-1 text-&#091;#8F8F8F&#093;\">+2<\/span><\/span><\/span><\/a><\/span><\/p>\n<\/li>\n<li class=\"\" data-start=\"1836\" data-end=\"1943\">\n<p class=\"\" data-start=\"1838\" data-end=\"1943\"><strong data-start=\"1838\" data-end=\"1855\">Les tofailles<\/strong> : <span class=\"relative -mx-px my-&#091;-0.2rem&#093; rounded px-px py-&#091;0.2rem&#093;\">Un plat r\u00e9confortant compos\u00e9 de pommes de terre, de lard et d&rsquo;oignons, parfait pour les soir\u00e9es fra\u00eeches.<\/span>\u200b<span class=\"ml-1 inline-flex max-w-full items-center relative top-&#091;-0.094rem&#093;\"><a class=\"flex h-6 overflow-hidden rounded-xl px-2.5 text-&#091;0.5625em&#093; font-medium !bg-&#091;#F4F4F4&#093; !text-token-text-secondary dark:!bg-&#091;#303030&#093;\" href=\"https:\/\/www.le-gout-de-nos-regions.com\/blog\/recettes\/le-top-5-des-specialites-culinaires-des-vosges.html?utm_source=chatgpt.com\" target=\"_blank\" rel=\"noopener nofollow\"><span class=\"relative bottom-0 left-0 flex h-full w-full items-center\"><span class=\"flex h-4 w-full items-center justify-between\"><span class=\"max-w-full grow overflow-hidden truncate text-center\">le-gout-de-nos-regions.com<\/span><span class=\"-mr-1 ml-1 flex h-full items-center rounded-full px-1 text-&#091;#8F8F8F&#093;\">+1<\/span><\/span><span class=\"flex h-4 w-full items-center justify-between absolute\"><span class=\"max-w-full grow overflow-hidden truncate text-center\">domaine-de-champe.fr<\/span><span class=\"-mr-1 ml-1 flex h-full items-center rounded-full px-1 text-&#091;#8F8F8F&#093;\">+1<\/span><\/span><\/span><\/a><\/span><\/p>\n<\/li>\n<li class=\"\" data-start=\"1945\" data-end=\"2058\">\n<p class=\"\" data-start=\"1947\" data-end=\"2058\"><strong data-start=\"1947\" data-end=\"1970\">La salade vosgienne<\/strong> : <span class=\"relative -mx-px my-&#091;-0.2rem&#093; rounded px-px py-&#091;0.2rem&#093;\">Une entr\u00e9e m\u00ealant salade verte, lardons, pommes de terre et \u0153ufs, offrant un \u00e9quilibre parfait entre fra\u00eecheur et gourmandise.<\/span>\u200b<span class=\"ml-1 inline-flex max-w-full items-center relative top-&#091;-0.094rem&#093;\"><a class=\"flex h-6 overflow-hidden rounded-xl px-2.5 text-&#091;0.5625em&#093; font-medium !bg-&#091;#F4F4F4&#093; !text-token-text-secondary dark:!bg-&#091;#303030&#093;\" href=\"https:\/\/www.lacuisinedesarrentes.fr\/le-top-5-des-specialites-culinaires-des-vosges\/?utm_source=chatgpt.com\" target=\"_blank\" rel=\"noopener nofollow\"><span class=\"relative bottom-0 left-0 flex h-full w-full items-center\"><span class=\"flex h-4 w-full items-center justify-between overflow-hidden\"><span class=\"max-w-full grow overflow-hidden truncate text-center\">lacuisinedesarrentes.fr<\/span><\/span><\/span><\/a><\/span><\/p>\n<\/li>\n<\/ul>\n<h3 data-start=\"2060\" data-end=\"2105\"><strong data-start=\"2060\" data-end=\"2105\">Les incontournables \u00e0 visiter \u00e0 G\u00e9rardmer<\/strong><\/h3>\n<p class=\"\" data-start=\"2107\" data-end=\"2192\"><span class=\"relative -mx-px my-&#091;-0.2rem&#093; rounded px-px py-&#091;0.2rem&#093;\">En plus de son lac embl\u00e9matique, <a href=\"https:\/\/les-atypiques-chalets.com\/de\/comment-economiser-sur-votre-location-de-chalet-a-gerardmer\/\" data-wpil-monitor-id=\"1522\">G\u00e9rardmer offre<\/a> plusieurs sites d&rsquo;int\u00e9r\u00eat :<\/span>\u200b<\/p>\n<ul data-start=\"2194\" data-end=\"2435\">\n<li class=\"\" data-start=\"2194\" data-end=\"2313\">\n<p class=\"\" data-start=\"2196\" data-end=\"2313\"><strong data-start=\"2196\" data-end=\"2225\">L&rsquo;Observatoire de M\u00e9relle<\/strong> : <span class=\"relative -mx-px my-&#091;-0.2rem&#093; rounded px-px py-&#091;0.2rem&#093;\">Offrant une <a href=\"https:\/\/les-atypiques-chalets.com\/de\/meilleurs-restaurants-gerardmer-tour-culinaire\/\" data-wpil-monitor-id=\"1950\">vue panoramique<\/a> sur le lac et les montagnes environnantes, c&rsquo;est un lieu pris\u00e9 des couples pour des moments de contemplation.<\/span>\u200b<\/p>\n<\/li>\n<li class=\"\" data-start=\"2315\" data-end=\"2435\">\n<p class=\"\" data-start=\"2317\" data-end=\"2435\"><strong data-start=\"2317\" data-end=\"2347\">Les cascades environnantes<\/strong> : <span class=\"relative -mx-px my-&#091;-0.2rem&#093; rounded px-px py-&#091;0.2rem&#093;\">Comme la <a href=\"https:\/\/les-atypiques-chalets.com\/de\/les-10-choses-a-faire-a-gerardmer-en-ete\/\" data-wpil-monitor-id=\"1743\">cascade de M\u00e9relle<\/a> ou le Saut des Cuves, id\u00e9ales pour des balades romantiques en pleine nature.<\/span>\u200b<span class=\"ml-1 inline-flex max-w-full items-center relative top-&#091;-0.094rem&#093;\"><a class=\"flex h-6 overflow-hidden rounded-xl px-2.5 text-&#091;0.5625em&#093; font-medium !bg-&#091;#F4F4F4&#093; !text-token-text-secondary dark:!bg-&#091;#303030&#093;\" href=\"https:\/\/www.tripadvisor.fr\/Attractions-g196614-Activities-zft12169-Gerardmer_Vosges_Grand_Est.html?utm_source=chatgpt.com\" target=\"_blank\" rel=\"noopener nofollow\"><span class=\"relative bottom-0 left-0 flex h-full w-full items-center\"><span class=\"flex h-4 w-full items-center justify-between absolute\"><span class=\"max-w-full grow overflow-hidden truncate text-center\">manoiraulac.com<\/span><span class=\"-mr-1 ml-1 flex h-full items-center rounded-full px-1 text-&#091;#8F8F8F&#093;\">+2<\/span><\/span><span class=\"flex h-4 w-full items-center justify-between\"><span class=\"max-w-full grow overflow-hidden truncate text-center\">Tripadvisor<\/span><span class=\"-mr-1 ml-1 flex h-full items-center rounded-full px-1 text-&#091;#8F8F8F&#093;\">+2<\/span><\/span><span class=\"flex h-4 w-full items-center justify-between absolute\"><span class=\"max-w-full grow overflow-hidden truncate text-center\">Blog de voyage &#8211; Le Bon Road Trip<\/span><span class=\"-mr-1 ml-1 flex h-full items-center rounded-full px-1 text-&#091;#8F8F8F&#093;\">+2<\/span><\/span><\/span><\/a><\/span><\/p>\n<\/li>\n<\/ul>\n<h3 data-start=\"2437\" data-end=\"2475\"><strong data-start=\"2437\" data-end=\"2475\">Pr\u00e9parer votre escapade romantique<\/strong><\/h3>\n<p class=\"\" data-start=\"2477\" data-end=\"2525\">Pour que votre week-end soit parfait, pensez \u00e0 :<\/p>\n<ul data-start=\"2527\" data-end=\"2790\">\n<li class=\"\" data-start=\"2527\" data-end=\"2656\">\n<p class=\"\" data-start=\"2529\" data-end=\"2656\"><strong data-start=\"2529\" data-end=\"2568\">Liste des indispensables \u00e0 emporter<\/strong> : <span class=\"relative -mx-px my-&#091;-0.2rem&#093; rounded px-px py-&#091;0.2rem&#093;\">V\u00eatements chauds, maillots de bain pour les <a href=\"https:\/\/les-atypiques-chalets.com\/de\/week-end-spa-dans-un-chalet-avec-bain-nordique-privatif-dans-les-vosges\/\" data-wpil-monitor-id=\"1527\">bains nordiques<\/a>, chaussures de marche pour les randonn\u00e9es, et bien s\u00fbr, une bouteille de champagne pour c\u00e9l\u00e9brer votre amour.<\/span>\u200b<\/p>\n<\/li>\n<li class=\"\" data-start=\"2658\" data-end=\"2790\">\n<p class=\"\" data-start=\"2660\" data-end=\"2790\"><strong data-start=\"2660\" data-end=\"2702\">Suggestions d&rsquo;itin\u00e9raires pour couples<\/strong> : <span class=\"relative -mx-px my-&#091;-0.2rem&#093; rounded px-px py-&#091;0.2rem&#093;\">Commencez par une balade autour du lac, suivie d&rsquo;un d\u00e9jeuner dans un restaurant local. L&rsquo;apr\u00e8s-midi, optez pour une visite de l&rsquo;Observatoire de M\u00e9relle, puis d\u00e9tendez-vous dans le <a href=\"https:\/\/les-atypiques-chalets.com\/de\/chalets-gerardmer-avec-sauna-chalets-vosges-avec-sauna-les-atypiques-chalets\/\" data-wpil-monitor-id=\"1531\">sauna de votre chalet<\/a> avant un d\u00eener aux chandelles.<\/span>\u200b<span class=\"ml-1 inline-flex max-w-full items-center relative top-&#091;-0.094rem&#093;\"><a class=\"flex h-6 overflow-hidden rounded-xl px-2.5 text-&#091;0.5625em&#093; font-medium !bg-&#091;#F4F4F4&#093; !text-token-text-secondary dark:!bg-&#091;#303030&#093;\" href=\"https:\/\/www.manoiraulac.com\/fr\/blog\/journee-entre-amoureux-a-gerardmer-que-faire?utm_source=chatgpt.com\" target=\"_blank\" rel=\"noopener nofollow\"><span class=\"relative bottom-0 left-0 flex h-full w-full items-center\"><span class=\"flex h-4 w-full items-center justify-between absolute\"><span class=\"max-w-full grow overflow-hidden truncate text-center\">Blog de voyage &#8211; Le Bon Road Trip<\/span><span class=\"-mr-1 ml-1 flex h-full items-center rounded-full px-1 text-&#091;#8F8F8F&#093;\">+2<\/span><\/span><span class=\"flex h-4 w-full items-center justify-between\"><span class=\"max-w-full grow overflow-hidden truncate text-center\">manoiraulac.com<\/span><span class=\"-mr-1 ml-1 flex h-full items-center rounded-full px-1 text-&#091;#8F8F8F&#093;\">+2<\/span><\/span><span class=\"flex h-4 w-full items-center justify-between absolute\"><span class=\"max-w-full grow overflow-hidden truncate text-center\">Tripadvisor<\/span><span class=\"-mr-1 ml-1 flex h-full items-center rounded-full px-1 text-&#091;#8F8F8F&#093;\">+2<\/span><\/span><\/span><\/a><\/span><\/p>\n<\/li>\n<\/ul>\n<h3 data-start=\"2792\" data-end=\"2806\"><strong data-start=\"2792\" data-end=\"2806\">Schlussfolgerung<\/strong><\/h3>\n<p class=\"\" data-start=\"2808\" data-end=\"2933\"><span class=\"relative -mx-px my-&#091;-0.2rem&#093; rounded px-px py-&#091;0.2rem&#093;\">Un week-end en amoureux dans les Vosges, et plus particuli\u00e8rement aux <a href=\"https:\/\/les-atypiques-chalets.com\/de\/halloween-2024-en-lorraine-les-meilleurs-evenements-a-ne-pas-manquer\/\" data-wpil-monitor-id=\"1519\">Atypiques Chalets de G\u00e9rardmer<\/a>, promet une exp\u00e9rience inoubliable alliant nature, confort et romantisme.<\/span> <span class=\"relative -mx-px my-&#091;-0.2rem&#093; rounded px-px py-&#091;0.2rem&#093;\">Entre les paysages enchanteurs, les activit\u00e9s vari\u00e9es et les moments de <a href=\"https:\/\/les-atypiques-chalets.com\/de\/sejour-detente-dans-un-chalet-avec-bain-nordique-et-sauna-dans-les-vosges\/\" data-wpil-monitor-id=\"1528\">d\u00e9tente dans votre chalet privatif<\/a>, chaque instant devient une c\u00e9l\u00e9bration de votre amour.<\/span><\/p>\n\n\t\t<\/div>\n\t<\/div>\n<\/div><\/div><\/div><\/div>\n<\/div>","protected":false},"excerpt":{"rendered":"<p>Week-end en amoureux dans les Vosges : chalet romantique avec bain nordique privatif, sauna. \u00c0 partir de 160\u20ac. Not\u00e9 4.8\/5. R\u00e9servez votre escapade !<\/p>\n<a href=\"https:\/\/les-atypiques-chalets.com\/de\/chalet-iorik\/\" class=\"sohohotel-more-link\">Read More<\/a>","protected":false},"author":1,"featured_media":1807919,"comment_status":"closed","ping_status":"closed","sticky":false,"template":"","format":"standard","meta":{"_yoast_wpseo_title":"","_yoast_wpseo_metadesc":"","_yoast_wpseo_focuskw":"#WeekEndAmoureux #Vosges #AtypiquesChalets #G\u00e9rardmer #ChaletRomantique #BainNordique #SaunaPrivatif #EscapadeCouple\u200b","footnotes":""},"categories":[1587,1167,1580,1166,707,810,1243,1423],"tags":[1593,1590,1477,1472,1592,1589,1145,1594,1591,1588],"class_list":["post-1807336","post","type-post","status-publish","format-standard","has-post-thumbnail","hentry","category-week-end-amoureux-2","category-chalet-avec-sauna-gerardmer","category-chalets-aframe","category-chalets-avec-sauna","category-gerardmer","category-locatif-saisonnier","category-un-chalet-des-vosges","category-week-end-amoureux","tag-bain-nordique-privatif-vosges","tag-chalet-romantique-gerardmer","tag-detente-en-couple-gerardmer","tag-escapade-romantique-gerardmer","tag-hebergement-atypique-gerardmer","tag-les-atypiques-chalets-gerardmer","tag-location-chalet-vosges","tag-sauna-privatif-chalet-vosges","tag-sejour-couple-vosges","tag-week-end-en-amoureux-vosges"],"_links":{"self":[{"href":"https:\/\/les-atypiques-chalets.com\/de\/wp-json\/wp\/v2\/posts\/1807336","targetHints":{"allow":["GET"]}}],"collection":[{"href":"https:\/\/les-atypiques-chalets.com\/de\/wp-json\/wp\/v2\/posts"}],"about":[{"href":"https:\/\/les-atypiques-chalets.com\/de\/wp-json\/wp\/v2\/types\/post"}],"author":[{"embeddable":true,"href":"https:\/\/les-atypiques-chalets.com\/de\/wp-json\/wp\/v2\/users\/1"}],"replies":[{"embeddable":true,"href":"https:\/\/les-atypiques-chalets.com\/de\/wp-json\/wp\/v2\/comments?post=1807336"}],"version-history":[{"count":0,"href":"https:\/\/les-atypiques-chalets.com\/de\/wp-json\/wp\/v2\/posts\/1807336\/revisions"}],"wp:featuredmedia":[{"embeddable":true,"href":"https:\/\/les-atypiques-chalets.com\/de\/wp-json\/wp\/v2\/media\/1807919"}],"wp:attachment":[{"href":"https:\/\/les-atypiques-chalets.com\/de\/wp-json\/wp\/v2\/media?parent=1807336"}],"wp:term":[{"taxonomy":"category","embeddable":true,"href":"https:\/\/les-atypiques-chalets.com\/de\/wp-json\/wp\/v2\/categories?post=1807336"},{"taxonomy":"post_tag","embeddable":true,"href":"https:\/\/les-atypiques-chalets.com\/de\/wp-json\/wp\/v2\/tags?post=1807336"}],"curies":[{"name":"wp","href":"https:\/\/api.w.org\/{rel}","templated":true}]}}