{"id":201942,"date":"2024-09-12T08:06:59","date_gmt":"2024-09-12T08:06:59","guid":{"rendered":"https:\/\/les-atypiques-chalets.com\/?p=201942"},"modified":"2025-05-06T08:33:40","modified_gmt":"2025-05-06T08:33:40","slug":"halloween-2024-en-lorraine-les-meilleurs-evenements-a-ne-pas-manquer","status":"publish","type":"post","link":"https:\/\/les-atypiques-chalets.com\/de\/halloween-2024-en-lorraine-les-meilleurs-evenements-a-ne-pas-manquer\/","title":{"rendered":"Halloween 2024 in Lothringen: Die besten Events, die man nicht verpassen sollte"},"content":{"rendered":"<div class=\"wpb-content-wrapper\"><div class=\"vc_row wpb_row vc_row-fluid\"><div class=\"wpb_column vc_column_container vc_col-sm-12\"><div class=\"vc_column-inner\"><div class=\"wpb_wrapper\">\n\t<div class=\"wpb_text_column wpb_content_element\" >\n\t\t<div class=\"wpb_wrapper\">\n\t\t\t<h1 class=\"p1\">\ud83c\udf83 <strong>Halloween 2024 en Lorraine :<br \/>\n<\/strong><strong>Les Meilleurs \u00c9v\u00e9nements<br \/>\n\u00e0 Ne Pas Manquer<\/strong> \ud83c\udf83<\/h1>\n\n\t\t<\/div>\n\t<\/div>\n<\/div><\/div><\/div><\/div><div class=\"vc_row wpb_row vc_row-fluid\"><div class=\"wpb_column vc_column_container vc_col-sm-12\"><div class=\"vc_column-inner\"><div class=\"wpb_wrapper\"><div class=\"vc_empty_space\"   style=\"height: 32px\"><span class=\"vc_empty_space_inner\"><\/span><\/div>\t\t\n\t\t\t\t\n\t\t\t<!-- BEGIN .shb-accommodation-listing-filter-sorting -->\n\t\t\t<div class=\"shb-accommodation-listing-filter-sorting shb-clearfix\">\n\t\t\t\n\t\t\t\t\t\t\t\n\t\t\t\t<div class=\"shb-accommodation-listing-filter shb-clearfix\">\n\t\t\t\t\t<p>Filtern nach:<\/p>\n\t\t\t\t\t<ul>\n\t\t\t\t\t\t<li class=\"shb-filter-current\"><a href=\"https:\/\/les-atypiques-chalets.com\/de\/wp-json\/wp\/v2\/posts\/201942?shb-orderby=2\">All<\/a><\/li><li class=\"\"><a href=\"https:\/\/les-atypiques-chalets.com\/de\/wp-json\/wp\/v2\/posts\/201942?shb-orderby=2&shb-accommodation-type=chalet-4-personnes-gerardmer\">Chalet f\u00fcr 4 Personen<\/a><\/li><li class=\"\"><a href=\"https:\/\/les-atypiques-chalets.com\/de\/wp-json\/wp\/v2\/posts\/201942?shb-orderby=2&shb-accommodation-type=chalet-6-personnes\">Chalet f\u00fcr 6 Personen<\/a><\/li><li class=\"\"><a href=\"https:\/\/les-atypiques-chalets.com\/de\/wp-json\/wp\/v2\/posts\/201942?shb-orderby=2&shb-accommodation-type=chalets-6-personnes\">Chalets f\u00fcr 6 Personen<\/a><\/li>\t\t\t\t\t<\/ul>\n\t\t\t\t<\/div>\n\t\t\t\n\t\t\t\t\t\t\t\n\t\t\t\t\t\t\t\n\t\t\t\t<div class=\"shb-accommodation-listing-sorting shb-clearfix\">\n\t\t\t\t\t<select>\n\t\t\t\t\t\t<option value=\"https:\/\/les-atypiques-chalets.com\/de\/wp-json\/wp\/v2\/posts\/201942?shb-accommodation-type=0\" selected>Standard-Sortierung<\/option><option value=\"https:\/\/les-atypiques-chalets.com\/de\/wp-json\/wp\/v2\/posts\/201942?shb-accommodation-type=0&shb-orderby=1\" >Preis niedrig bis hoch<\/option><option value=\"https:\/\/les-atypiques-chalets.com\/de\/wp-json\/wp\/v2\/posts\/201942?shb-accommodation-type=0&shb-orderby=2\" >Preis hoch bis niedrig<\/option>\t\t\t\t\t<\/select>\n\t\t\t\t\t<i class=\"fas fa-chevron-down\"><\/i>\n\t\t\t\t<\/div>\n\t\t\t\n\t\t\t\t\t\n\t\t\t<!-- END .shb-accommodation-listing-filter-sorting -->\n\t\t\t<\/div>\n\t\t\n\t\t\t\t\n\t\t<!-- BEGIN .shb-accommodation-listing-style-1 -->\n\t\t<div class=\"shb-accommodation-listing-style-1 shb-accommodation-listing-style-1-columns-3\">\n\t\t\t\n\t\t\t\t\n\t\t\t<!-- BEGIN .shb-accommodation-listing-item -->\n\t\t\t<div class=\"shb-accommodation-listing-item\">\n\t\t\t\n\t\t\t\t\t\t\t\t\t<a href=\"https:\/\/les-atypiques-chalets.com\/de\/chalet-charkhan\/\" rel=\"bookmark\" title=\"Chalet Charkhan\">\n\t\t\t\t\t\t\t\t\t\t\t\t<img decoding=\"async\" class=\"shb-accommodation-listing-image\" src=\"https:\/\/les-atypiques-chalets.com\/wp-content\/uploads\/2025\/03\/salon-charkhan-03-L-1180x675.webp\" alt=\"Chalet Charkhan\" \/>\t\t\t\t\t<\/a>\n\t\t\t\t\t\t\t\n\t\t\t\t<div class=\"shb-accommodation-listing-description-wrapper\">\n\t\t\t\t\n\t\t\t\t\t<h3><a href=\"https:\/\/les-atypiques-chalets.com\/de\/chalet-charkhan\/\" rel=\"bookmark\" title=\"Chalet Charkhan\">Chalet Charkhan<\/a><\/h3>\n\t\t\t\t\n\t\t\t\t\t<div class=\"shb-accommodation-listing-description shb-clearfix\">\n\t\t\t\t\t\t<ul>\r\n<li><i class=\"fas fa-user\"><\/i><span>Kapazit\u00e4t<\/span> 6 Personen<\/li>\r\n<li><i class=\"fas fa-ruler-combined\"><\/i><span>Oberfl\u00e4che<\/span> 65 m\u00b2<\/li>\r\n<li><i class=\"fas fa-hot-tub\"><\/i><span> Nordische Badewanne<\/span> privativ<\/li>\r\n<\/ul>\t\t\t\t\t\t<a href=\"https:\/\/les-atypiques-chalets.com\/de\/chalet-charkhan\/\" class=\"shb-accommodation-listing-button1\">ab 225\u20ac\/Nacht<\/a>\n\t\t\t\t\t\t<a href=\"https:\/\/les-atypiques-chalets.com\/de\/chalet-charkhan\/\" class=\"shb-accommodation-listing-button2\">Zimmer anzeigen<i class=\"fas fa-chevron-right\"><\/i><\/a>\n\t\t\t\t\t<\/div>\n\t\t\t\t\n\t\t\t\t<\/div>\n\t\t\t\n\t\t\t<!-- END .shb-accommodation-listing-item -->\n\t\t\t<\/div>\n\t\t\n\t\t\t\t\n\t\t\t<!-- BEGIN .shb-accommodation-listing-item -->\n\t\t\t<div class=\"shb-accommodation-listing-item\">\n\t\t\t\n\t\t\t\t\t\t\t\t\t<a href=\"https:\/\/les-atypiques-chalets.com\/de\/chalet-aslan\/\" rel=\"bookmark\" title=\"Chalet Aslan\">\n\t\t\t\t\t\t\t\t\t\t\t\t<img decoding=\"async\" class=\"shb-accommodation-listing-image\" src=\"https:\/\/les-atypiques-chalets.com\/wp-content\/uploads\/2025\/03\/ASLAN-2-900x710.webp\" alt=\"Chalet Aslan\" \/>\t\t\t\t\t<\/a>\n\t\t\t\t\t\t\t\n\t\t\t\t<div class=\"shb-accommodation-listing-description-wrapper\">\n\t\t\t\t\n\t\t\t\t\t<h3><a href=\"https:\/\/les-atypiques-chalets.com\/de\/chalet-aslan\/\" rel=\"bookmark\" title=\"Chalet Aslan\">Chalet Aslan<\/a><\/h3>\n\t\t\t\t\n\t\t\t\t\t<div class=\"shb-accommodation-listing-description shb-clearfix\">\n\t\t\t\t\t\t<ul>\r\n<li><i class=\"fas fa-user\"><\/i><span>Kapazit\u00e4t<\/span> 5 Personen<\/li>\r\n<li><i class=\"fas fa-ruler-combined\"><\/i><span>Oberfl\u00e4che<\/span> 65 m\u00b2<\/li>\r\n<li><i class=\"fas fa-hot-tub\"><\/i><span> Nordische Badewanne<\/span> privativ<\/li>\r\n<\/ul>\t\t\t\t\t\t<a href=\"https:\/\/les-atypiques-chalets.com\/de\/chalet-aslan\/\" class=\"shb-accommodation-listing-button1\">ab 215 \u20ac\/Nacht<\/a>\n\t\t\t\t\t\t<a href=\"https:\/\/les-atypiques-chalets.com\/de\/chalet-aslan\/\" class=\"shb-accommodation-listing-button2\">Zimmer anzeigen<i class=\"fas fa-chevron-right\"><\/i><\/a>\n\t\t\t\t\t<\/div>\n\t\t\t\t\n\t\t\t\t<\/div>\n\t\t\t\n\t\t\t<!-- END .shb-accommodation-listing-item -->\n\t\t\t<\/div>\n\t\t\n\t\t\t\t\n\t\t\t<!-- BEGIN .shb-accommodation-listing-item -->\n\t\t\t<div class=\"shb-accommodation-listing-item\">\n\t\t\t\n\t\t\t\t\t\t\t\t\t<a href=\"https:\/\/les-atypiques-chalets.com\/de\/chalet-iorik\/\" rel=\"bookmark\" title=\"Chalet Iorik\">\n\t\t\t\t\t\t\t\t\t\t\t\t<img decoding=\"async\" class=\"shb-accommodation-listing-image\" src=\"https:\/\/les-atypiques-chalets.com\/wp-content\/uploads\/2025\/09\/iorik-sejour-L-1024x710.webp\" alt=\"Chalet Iorik\" \/>\t\t\t\t\t<\/a>\n\t\t\t\t\t\t\t\n\t\t\t\t<div class=\"shb-accommodation-listing-description-wrapper\">\n\t\t\t\t\n\t\t\t\t\t<h3><a href=\"https:\/\/les-atypiques-chalets.com\/de\/chalet-iorik\/\" rel=\"bookmark\" title=\"Chalet Iorik\">Chalet Iorik<\/a><\/h3>\n\t\t\t\t\n\t\t\t\t\t<div class=\"shb-accommodation-listing-description shb-clearfix\">\n\t\t\t\t\t\t<ul>\r\n<li><i class=\"fas fa-user\"><\/i><span>Kapazit\u00e4t<\/span> 4 Personen<\/li>\r\n<li><i class=\"fas fa-ruler-combined\"><\/i><span>Oberfl\u00e4che<\/span> 45 m2<\/li>\r\n<li><i class=\"fas fa-hot-tub\"><\/i><span> Nordische Badewanne<\/span> privativ<\/li>\r\n<\/ul>\t\t\t\t\t\t<a href=\"https:\/\/les-atypiques-chalets.com\/de\/chalet-iorik\/\" class=\"shb-accommodation-listing-button1\">ab 170\u20ac\/Nacht<\/a>\n\t\t\t\t\t\t<a href=\"https:\/\/les-atypiques-chalets.com\/de\/chalet-iorik\/\" class=\"shb-accommodation-listing-button2\">Zimmer anzeigen<i class=\"fas fa-chevron-right\"><\/i><\/a>\n\t\t\t\t\t<\/div>\n\t\t\t\t\n\t\t\t\t<\/div>\n\t\t\t\n\t\t\t<!-- END .shb-accommodation-listing-item -->\n\t\t\t<\/div>\n\t\t\n\t\t\t\t\t\n\t\t<!-- END .shb-accommodation-listing-style-1 -->\n\t\t<\/div>\n\t\n\t\t\n\t\t\t\n\t\t<div class=\"shb-clearboth\"><\/div>\n\t\t<div class=\"shb-accommodation-listing-1-pagination\">\n\t\t\t\t<\/div>\n\t\t\n\t\t\n\t<div class=\"vc_empty_space\"   style=\"height: 32px\"><span class=\"vc_empty_space_inner\"><\/span><\/div><\/div><\/div><\/div><\/div><div class=\"vc_row wpb_row vc_row-fluid\"><div class=\"wpb_column vc_column_container vc_col-sm-12\"><div class=\"vc_column-inner\"><div class=\"wpb_wrapper\">\n\t<div class=\"wpb_text_column wpb_content_element\" >\n\t\t<div class=\"wpb_wrapper\">\n\t\t\t<article class=\"w-full text-token-text-primary focus-visible:outline-2 focus-visible:outline-offset-&#091;-4px&#093; sm:AIPRM__conversation__response\" dir=\"auto\" data-testid=\"conversation-turn-7\" data-scroll-anchor=\"false\">\n<div class=\"text-base py-&#091;18px&#093; px-3 md:px-4 m-auto w-full md:px-5 lg:px-1 xl:px-5\">\n<div class=\"mx-auto flex flex-1 gap-4 text-base md:gap-5 lg:gap-6 md:max-w-3xl lg:max-w-&#091;40rem&#093; xl:max-w-&#091;48rem&#093;\">\n<div class=\"group\/conversation-turn relative flex w-full min-w-0 flex-col agent-turn\">\n<div class=\"flex-col gap-1 md:gap-3\">\n<div class=\"flex max-w-full flex-col flex-grow AIPRM__conversation__response\">\n<div class=\"min-h-&#091;20px&#093; text-message flex w-full flex-col items-end gap-2 whitespace-normal break-words &#091;.text-message+&amp;&#093;:mt-5\" dir=\"auto\" data-message-author-role=\"assistant\" data-message-id=\"08ff1a67-e8fe-4640-b2af-0e74ab8ea162\">\n<div class=\"flex w-full flex-col gap-1 empty:hidden first:pt-&#091;3px&#093;\">\n<div class=\"markdown prose w-full break-words dark:prose-invert light\">\n<h3>\ud83c\udf83 <strong>Halloween 2024 en Lorraine :<br \/>\nLes Meilleurs \u00c9v\u00e9nements \u00e0 Ne Pas Manquer<\/strong> \ud83c\udf83<\/h3>\n<p>L&rsquo;automne est l\u00e0, et avec lui, les festivit\u00e9s d&rsquo;Halloween se pr\u00e9parent en Lorraine. La r\u00e9gion regorge d&rsquo;activit\u00e9s effrayantes et amusantes pour tous les \u00e2ges. Que vous soyez \u00e0 la recherche de frissons ou d&rsquo;un moment en famille, voici les \u00e9v\u00e9nements incontournables d&rsquo;Halloween 2024 !<\/p>\n<h3>\ud83d\udc7b <strong>Aqualun\u2019 Horror Show<br \/>\n\u00e0 Lun\u00e9ville<\/strong><\/h3>\n<p>Le centre aquatique <a target=\"_new\" rel=\"noopener\">Aqualun<\/a> se transforme pour Halloween en une for\u00eat hant\u00e9e. Avec des monstres en r\u00e9alit\u00e9 augment\u00e9e, des ateliers de maquillage, et m\u00eame des s\u00e9ances d&rsquo;aquagym effrayantes, l\u2019exp\u00e9rience est \u00e0 ne pas manquer pour les amateurs de sensations fortes ! R\u00e9servez votre place pour une soir\u00e9e immersive le 31 octobre.<\/p>\n<h3>\ud83e\uddd9\u200d\u2640\ufe0f <strong>Halloween \u00e0 la Cit\u00e9<br \/>\ndes Paysages \u00e0 Saxon-Sion<\/strong><\/h3>\n<p>Plongez dans l&rsquo;univers fantastique des sorciers \u00e0 la <a target=\"_new\" rel=\"noopener\">Cit\u00e9 des Paysages<\/a>, o\u00f9 petits et grands pourront participer \u00e0 des ateliers cr\u00e9atifs de fabrication de potions et de maquillages. Une <a href=\"https:\/\/les-atypiques-chalets.com\/de\/les-10-choses-a-faire-a-gerardmer-en-ete\/\"  data-wpil-monitor-id=\"1723\">Wanderung<\/a> nocturne vous attend le 4 novembre pour explorer la colline sous un autre jour.<\/p>\n<h3>\ud83c\udfb6 <strong>Concert d\u2019Halloween<br \/>\n\u00e0 l\u2019Op\u00e9ra National de Lorraine<\/strong><\/h3>\n<p>Pour une ambiance plus classique mais tout aussi envo\u00fbtante, rendez-vous \u00e0 <a href=\"https:\/\/www.opera-national-lorraine.fr\/\" target=\"_new\" rel=\"noopener nofollow\">l&rsquo;Op\u00e9ra de Lorraine<\/a> pour un concert gratuit le 31 octobre. Venez d\u00e9guis\u00e9s et laissez-vous porter par la musique de grands compositeurs comme Rachmaninov et Tcha\u00efkovski.<\/p>\n<h3>\ud83c\udf83 <strong>F\u00eate des Six-Trouilles<br \/>\nau Parc Sainte-Croix<\/strong><\/h3>\n<p>Jusqu&rsquo;au 5 novembre, le <a href=\"https:\/\/parcsaintecroix.com\/\" target=\"_new\" rel=\"noopener nofollow\">Parc Sainte-Croix<\/a> propose une f\u00eate familiale autour de la nature et de la faune sauvage. Les enfants pourront s\u2019amuser dans le labyrinthe des frissons, participer \u00e0 des ateliers de sculpture sur citrouille et assister \u00e0 des spectacles th\u00e9matiques.<\/p>\n<h3>\ud83c\udfa1 <strong>Halloween au Parc Walygator<br \/>\n\u00e0 Maizi\u00e8res-l\u00e8s-Metz<\/strong><\/h3>\n<p>Le <a href=\"https:\/\/walygatorparc.com\/\" target=\"_new\" rel=\"noopener nofollow\">Parc Walygator<\/a> se met aux couleurs d&rsquo;Halloween avec des nocturnes terrifiantes les 28 et 31 octobre. Attractions hant\u00e9es, zombies, feux d\u2019artifice et spectacles grandioses promettent une soir\u00e9e inoubliable pour toute la famille.<\/p>\n<h3>\ud83c\udf87 <strong>Nigloween<br \/>\n\u00e0 Nigloland<\/strong><\/h3>\n<p>Le parc <a href=\"https:\/\/www.nigloland.fr\/\" target=\"_new\" rel=\"noopener nofollow\">Nigloland<\/a> rev\u00eat ses plus beaux d\u00e9cors d&rsquo;Halloween avec des spectacles, des parades et des animations effrayantes. Venez d\u00e9guster des mets pr\u00e9par\u00e9s par les \u00ab\u00a0sorci\u00e8res\u00a0\u00bb du parc et profiter des feux d&rsquo;artifice en soir\u00e9e.<\/p>\n<h3>\ud83e\udd89 <strong>Cigoland<br \/>\n\u00e0 Kintzheim<\/strong><\/h3>\n<p>\u00c0 <a href=\"https:\/\/www.cigoland.fr\/\" target=\"_new\" rel=\"noopener nofollow\">Cigoland<\/a>, les festivit\u00e9s d&rsquo;Halloween sont \u00e0 la fois ludiques et f\u00e9eriques. Les enfants pourront d\u00e9couvrir la \u00ab\u00a0For\u00eat Enchant\u00e9e\u00a0\u00bb et participer \u00e0 la grande chasse aux bonbons. Un moment magique pour les plus petits.<\/p>\n<h3>\ud83c\udfe1 <strong>O\u00f9 loger pour profiter<br \/>\nd&rsquo;Halloween dans les Vosges ?<\/strong><\/h3>\n<p>Si vous souhaitez prolonger l&rsquo;exp\u00e9rience Halloween tout en profitant de la nature, les <strong><a href=\"https:\/\/lesatypiqueschalets.fr\/\" target=\"_new\" rel=\"noopener nofollow\">Au\u00dfergew\u00f6hnliche Chalets<\/a><\/strong>, situ\u00e9s \u00e0 seulement 10 km de G\u00e9rardmer, sont l&rsquo;endroit id\u00e9al pour un s\u00e9jour insolite. Entre for\u00eat et montagne, ces h\u00e9bergements <a href=\"https:\/\/les-atypiques-chalets.com\/de\/week-end-en-amoureux-decouvrez-les-vosges-a-deux-dans-des-chalets-atypiques\/\" data-wpil-monitor-id=\"977\">atypiques offrent une ambiance cosy parfaite pour un week-end<\/a> d&rsquo;Halloween en famille ou entre amis.<\/p>\n<hr \/>\n<p>Profitez des nombreuses festivit\u00e9s en Lorraine pour Halloween 2024 et plongez dans l&rsquo;univers magique et effrayant de cette f\u00eate embl\u00e9matique. Pour une exp\u00e9rience encore plus compl\u00e8te, r\u00e9servez votre h\u00e9bergement chez <strong>Die Ungew\u00f6hnlichen Chalets<\/strong><a href=\"https:\/\/les-atypiques-chalets.com\/de\/week-end-spa-dans-un-chalet-avec-bain-nordique-privatif-dans-les-vosges\/\" data-wpil-monitor-id=\"636\"> et explorez les beaut\u00e9s des Vosges<\/a>, tout en vivant des moments uniques en famille.<\/p>\n<\/div>\n<\/div>\n<\/div>\n<\/div>\n<\/div>\n<\/div>\n<\/div>\n<\/div>\n<\/article>\n\n\t\t<\/div>\n\t<\/div>\n<\/div><\/div><\/div><\/div>\n<\/div>","protected":false},"excerpt":{"rendered":"Chalet IORIK Capacit\u00e9: 4 personnes Superficie: 45 m2 Bain Nordique: privatif Description de notre Chalet Iorik dans les Vosges Id\u00e9al pour les couples ou les petites familles, le Chalet IORIK est un \u00e9crin de douceur pouvant accueillir jusqu\u2019\u00e0 4 personnes. Avec ses 2 chambres cosy et ces 2 lits de 140\u00d7190, il vous promet des<a href=\"https:\/\/les-atypiques-chalets.com\/de\/chalet-aslan\/\" class=\"sohohotel-more-link\">Read More<\/a>","protected":false},"author":1,"featured_media":201966,"comment_status":"closed","ping_status":"open","sticky":false,"template":"","format":"standard","meta":{"_yoast_wpseo_title":"Halloween en Lorraine 2024","_yoast_wpseo_metadesc":"D\u00e9couvrez les meilleurs \u00e9v\u00e9nements Halloween en Lorraine et r\u00e9servez vite !","_yoast_wpseo_focuskw":"#HalloweenLorraine #Nigloween #AqualunHorrorShow #WalygatorHalloween #ParcSainteCroix #ChaletsG\u00e9rardmer #VosgesHalloween #Cit\u00e9DesPaysages","footnotes":""},"categories":[1322],"tags":[1340,1332,1329,1339,906,1009,1335,1330,1328,1342,1324,1334,1338,1323,1336,1326,1333,1325,1331,1337,1341,1327],"class_list":["post-201942","post","type-post","status-publish","format-standard","has-post-thumbnail","hentry","category-halloween-2024","tag-activites-enfants-halloween","tag-activites-famille-halloween","tag-aqualun-horror-show","tag-attractions-hantees","tag-atypiques-chalets","tag-chalets-gerardmer","tag-cigoland-kintzheim","tag-citrouille-sculptee","tag-concert-halloween","tag-escapade-lorraine","tag-evenements-halloween","tag-fete-des-six-trouilles","tag-halloween-2024-lorraine","tag-halloween-lorraine","tag-hebergement-halloween-vosges","tag-nigloween","tag-opera-lorraine","tag-parc-sainte-croix-halloween","tag-randonnee-halloween","tag-sejour-halloween-vosges","tag-sejour-insolite-halloween","tag-walygator-halloween"],"_links":{"self":[{"href":"https:\/\/les-atypiques-chalets.com\/de\/wp-json\/wp\/v2\/posts\/201942","targetHints":{"allow":["GET"]}}],"collection":[{"href":"https:\/\/les-atypiques-chalets.com\/de\/wp-json\/wp\/v2\/posts"}],"about":[{"href":"https:\/\/les-atypiques-chalets.com\/de\/wp-json\/wp\/v2\/types\/post"}],"author":[{"embeddable":true,"href":"https:\/\/les-atypiques-chalets.com\/de\/wp-json\/wp\/v2\/users\/1"}],"replies":[{"embeddable":true,"href":"https:\/\/les-atypiques-chalets.com\/de\/wp-json\/wp\/v2\/comments?post=201942"}],"version-history":[{"count":0,"href":"https:\/\/les-atypiques-chalets.com\/de\/wp-json\/wp\/v2\/posts\/201942\/revisions"}],"wp:featuredmedia":[{"embeddable":true,"href":"https:\/\/les-atypiques-chalets.com\/de\/wp-json\/wp\/v2\/media\/201966"}],"wp:attachment":[{"href":"https:\/\/les-atypiques-chalets.com\/de\/wp-json\/wp\/v2\/media?parent=201942"}],"wp:term":[{"taxonomy":"category","embeddable":true,"href":"https:\/\/les-atypiques-chalets.com\/de\/wp-json\/wp\/v2\/categories?post=201942"},{"taxonomy":"post_tag","embeddable":true,"href":"https:\/\/les-atypiques-chalets.com\/de\/wp-json\/wp\/v2\/tags?post=201942"}],"curies":[{"name":"wp","href":"https:\/\/api.w.org\/{rel}","templated":true}]}}