{"id":202000,"date":"2024-09-12T08:33:11","date_gmt":"2024-09-12T08:33:11","guid":{"rendered":"https:\/\/les-atypiques-chalets.com\/?p=202000"},"modified":"2024-11-14T15:12:08","modified_gmt":"2024-11-14T15:12:08","slug":"halloween-dans-les-vosges-decouvrez-les-evenements-incontournables","status":"publish","type":"post","link":"https:\/\/les-atypiques-chalets.com\/de\/halloween-dans-les-vosges-decouvrez-les-evenements-incontournables\/","title":{"rendered":"Halloween dans les Vosges : D\u00e9couvrez les \u00c9v\u00e9nements Incontournables"},"content":{"rendered":"<div class=\"wpb-content-wrapper\"><div class=\"vc_row wpb_row vc_row-fluid\"><div class=\"wpb_column vc_column_container vc_col-sm-12\"><div class=\"vc_column-inner\"><div class=\"wpb_wrapper\">\n\t<div class=\"wpb_text_column wpb_content_element\" >\n\t\t<div class=\"wpb_wrapper\">\n\t\t\t<h1 class=\"p1\">\ud83c\udf83 Halloween dans les Vosges :<br \/>\nTop des \u00c9v\u00e9nements<br \/>\n\u00e0 Ne Pas Manquer\u00a0\ud83c\udf83<\/h1>\n\n\t\t<\/div>\n\t<\/div>\n<\/div><\/div><\/div><\/div><div class=\"vc_row wpb_row vc_row-fluid\"><div class=\"wpb_column vc_column_container vc_col-sm-12\"><div class=\"vc_column-inner\"><div class=\"wpb_wrapper\"><div class=\"vc_empty_space\"   style=\"height: 32px\"><span class=\"vc_empty_space_inner\"><\/span><\/div>\t\t\n\t\t\t\t\n\t\t\t<!-- BEGIN .shb-accommodation-listing-filter-sorting -->\n\t\t\t<div class=\"shb-accommodation-listing-filter-sorting shb-clearfix\">\n\t\t\t\n\t\t\t\t\t\t\t\n\t\t\t\t<div class=\"shb-accommodation-listing-filter shb-clearfix\">\n\t\t\t\t\t<p>Filtern nach:<\/p>\n\t\t\t\t\t<ul>\n\t\t\t\t\t\t<li class=\"shb-filter-current\"><a href=\"https:\/\/les-atypiques-chalets.com\/de\/wp-json\/wp\/v2\/posts\/202000?shb-orderby=2\">All<\/a><\/li><li class=\"\"><a href=\"https:\/\/les-atypiques-chalets.com\/de\/wp-json\/wp\/v2\/posts\/202000?shb-orderby=2&shb-accommodation-type=chalet-4-personnes-gerardmer\">Chalet f\u00fcr 4 Personen<\/a><\/li><li class=\"\"><a href=\"https:\/\/les-atypiques-chalets.com\/de\/wp-json\/wp\/v2\/posts\/202000?shb-orderby=2&shb-accommodation-type=chalet-6-personnes\">Chalet f\u00fcr 6 Personen<\/a><\/li><li class=\"\"><a href=\"https:\/\/les-atypiques-chalets.com\/de\/wp-json\/wp\/v2\/posts\/202000?shb-orderby=2&shb-accommodation-type=chalets-6-personnes\">Chalets f\u00fcr 6 Personen<\/a><\/li>\t\t\t\t\t<\/ul>\n\t\t\t\t<\/div>\n\t\t\t\n\t\t\t\t\t\t\t\n\t\t\t\t\t\t\t\n\t\t\t\t<div class=\"shb-accommodation-listing-sorting shb-clearfix\">\n\t\t\t\t\t<select>\n\t\t\t\t\t\t<option value=\"https:\/\/les-atypiques-chalets.com\/de\/wp-json\/wp\/v2\/posts\/202000?shb-accommodation-type=0\" selected>Standard-Sortierung<\/option><option value=\"https:\/\/les-atypiques-chalets.com\/de\/wp-json\/wp\/v2\/posts\/202000?shb-accommodation-type=0&shb-orderby=1\" >Preis niedrig bis hoch<\/option><option value=\"https:\/\/les-atypiques-chalets.com\/de\/wp-json\/wp\/v2\/posts\/202000?shb-accommodation-type=0&shb-orderby=2\" >Preis hoch bis niedrig<\/option>\t\t\t\t\t<\/select>\n\t\t\t\t\t<i class=\"fas fa-chevron-down\"><\/i>\n\t\t\t\t<\/div>\n\t\t\t\n\t\t\t\t\t\n\t\t\t<!-- END .shb-accommodation-listing-filter-sorting -->\n\t\t\t<\/div>\n\t\t\n\t\t\t\t\n\t\t<!-- BEGIN .shb-accommodation-listing-style-1 -->\n\t\t<div class=\"shb-accommodation-listing-style-1 shb-accommodation-listing-style-1-columns-3\">\n\t\t\t\n\t\t\t\t\n\t\t\t<!-- BEGIN .shb-accommodation-listing-item -->\n\t\t\t<div class=\"shb-accommodation-listing-item\">\n\t\t\t\n\t\t\t\t\t\t\t\t\t<a href=\"https:\/\/les-atypiques-chalets.com\/de\/chalet-charkhan\/\" rel=\"bookmark\" title=\"Chalet Charkhan\">\n\t\t\t\t\t\t\t\t\t\t\t\t<img decoding=\"async\" class=\"shb-accommodation-listing-image\" src=\"https:\/\/les-atypiques-chalets.com\/wp-content\/uploads\/2025\/03\/salon-charkhan-03-L-1180x675.webp\" alt=\"Chalet Charkhan\" \/>\t\t\t\t\t<\/a>\n\t\t\t\t\t\t\t\n\t\t\t\t<div class=\"shb-accommodation-listing-description-wrapper\">\n\t\t\t\t\n\t\t\t\t\t<h3><a href=\"https:\/\/les-atypiques-chalets.com\/de\/chalet-charkhan\/\" rel=\"bookmark\" title=\"Chalet Charkhan\">Chalet Charkhan<\/a><\/h3>\n\t\t\t\t\n\t\t\t\t\t<div class=\"shb-accommodation-listing-description shb-clearfix\">\n\t\t\t\t\t\t<ul>\r\n<li><i class=\"fas fa-user\"><\/i><span>Kapazit\u00e4t<\/span> 6 Personen<\/li>\r\n<li><i class=\"fas fa-ruler-combined\"><\/i><span>Oberfl\u00e4che<\/span> 65 m\u00b2<\/li>\r\n<li><i class=\"fas fa-hot-tub\"><\/i><span> Nordische Badewanne<\/span> privativ<\/li>\r\n<\/ul>\t\t\t\t\t\t<a href=\"https:\/\/les-atypiques-chalets.com\/de\/chalet-charkhan\/\" class=\"shb-accommodation-listing-button1\">ab 225\u20ac\/Nacht<\/a>\n\t\t\t\t\t\t<a href=\"https:\/\/les-atypiques-chalets.com\/de\/chalet-charkhan\/\" class=\"shb-accommodation-listing-button2\">Zimmer anzeigen<i class=\"fas fa-chevron-right\"><\/i><\/a>\n\t\t\t\t\t<\/div>\n\t\t\t\t\n\t\t\t\t<\/div>\n\t\t\t\n\t\t\t<!-- END .shb-accommodation-listing-item -->\n\t\t\t<\/div>\n\t\t\n\t\t\t\t\n\t\t\t<!-- BEGIN .shb-accommodation-listing-item -->\n\t\t\t<div class=\"shb-accommodation-listing-item\">\n\t\t\t\n\t\t\t\t\t\t\t\t\t<a href=\"https:\/\/les-atypiques-chalets.com\/de\/chalet-aslan\/\" rel=\"bookmark\" title=\"Chalet Aslan\">\n\t\t\t\t\t\t\t\t\t\t\t\t<img decoding=\"async\" class=\"shb-accommodation-listing-image\" src=\"https:\/\/les-atypiques-chalets.com\/wp-content\/uploads\/2025\/03\/ASLAN-2-900x710.webp\" alt=\"Chalet Aslan\" \/>\t\t\t\t\t<\/a>\n\t\t\t\t\t\t\t\n\t\t\t\t<div class=\"shb-accommodation-listing-description-wrapper\">\n\t\t\t\t\n\t\t\t\t\t<h3><a href=\"https:\/\/les-atypiques-chalets.com\/de\/chalet-aslan\/\" rel=\"bookmark\" title=\"Chalet Aslan\">Chalet Aslan<\/a><\/h3>\n\t\t\t\t\n\t\t\t\t\t<div class=\"shb-accommodation-listing-description shb-clearfix\">\n\t\t\t\t\t\t<ul>\r\n<li><i class=\"fas fa-user\"><\/i><span>Kapazit\u00e4t<\/span> 5 Personen<\/li>\r\n<li><i class=\"fas fa-ruler-combined\"><\/i><span>Oberfl\u00e4che<\/span> 65 m\u00b2<\/li>\r\n<li><i class=\"fas fa-hot-tub\"><\/i><span> Nordische Badewanne<\/span> privativ<\/li>\r\n<\/ul>\t\t\t\t\t\t<a href=\"https:\/\/les-atypiques-chalets.com\/de\/chalet-aslan\/\" class=\"shb-accommodation-listing-button1\">ab 215 \u20ac\/Nacht<\/a>\n\t\t\t\t\t\t<a href=\"https:\/\/les-atypiques-chalets.com\/de\/chalet-aslan\/\" class=\"shb-accommodation-listing-button2\">Zimmer anzeigen<i class=\"fas fa-chevron-right\"><\/i><\/a>\n\t\t\t\t\t<\/div>\n\t\t\t\t\n\t\t\t\t<\/div>\n\t\t\t\n\t\t\t<!-- END .shb-accommodation-listing-item -->\n\t\t\t<\/div>\n\t\t\n\t\t\t\t\n\t\t\t<!-- BEGIN .shb-accommodation-listing-item -->\n\t\t\t<div class=\"shb-accommodation-listing-item\">\n\t\t\t\n\t\t\t\t\t\t\t\t\t<a href=\"https:\/\/les-atypiques-chalets.com\/de\/chalet-iorik\/\" rel=\"bookmark\" title=\"Chalet Iorik\">\n\t\t\t\t\t\t\t\t\t\t\t\t<img decoding=\"async\" class=\"shb-accommodation-listing-image\" src=\"https:\/\/les-atypiques-chalets.com\/wp-content\/uploads\/2025\/09\/iorik-sejour-L-1024x710.webp\" alt=\"Chalet Iorik\" \/>\t\t\t\t\t<\/a>\n\t\t\t\t\t\t\t\n\t\t\t\t<div class=\"shb-accommodation-listing-description-wrapper\">\n\t\t\t\t\n\t\t\t\t\t<h3><a href=\"https:\/\/les-atypiques-chalets.com\/de\/chalet-iorik\/\" rel=\"bookmark\" title=\"Chalet Iorik\">Chalet Iorik<\/a><\/h3>\n\t\t\t\t\n\t\t\t\t\t<div class=\"shb-accommodation-listing-description shb-clearfix\">\n\t\t\t\t\t\t<ul>\r\n<li><i class=\"fas fa-user\"><\/i><span>Kapazit\u00e4t<\/span> 4 Personen<\/li>\r\n<li><i class=\"fas fa-ruler-combined\"><\/i><span>Oberfl\u00e4che<\/span> 45 m2<\/li>\r\n<li><i class=\"fas fa-hot-tub\"><\/i><span> Nordische Badewanne<\/span> privativ<\/li>\r\n<\/ul>\t\t\t\t\t\t<a href=\"https:\/\/les-atypiques-chalets.com\/de\/chalet-iorik\/\" class=\"shb-accommodation-listing-button1\">ab 170\u20ac\/Nacht<\/a>\n\t\t\t\t\t\t<a href=\"https:\/\/les-atypiques-chalets.com\/de\/chalet-iorik\/\" class=\"shb-accommodation-listing-button2\">Zimmer anzeigen<i class=\"fas fa-chevron-right\"><\/i><\/a>\n\t\t\t\t\t<\/div>\n\t\t\t\t\n\t\t\t\t<\/div>\n\t\t\t\n\t\t\t<!-- END .shb-accommodation-listing-item -->\n\t\t\t<\/div>\n\t\t\n\t\t\t\t\t\n\t\t<!-- END .shb-accommodation-listing-style-1 -->\n\t\t<\/div>\n\t\n\t\t\n\t\t\t\n\t\t<div class=\"shb-clearboth\"><\/div>\n\t\t<div class=\"shb-accommodation-listing-1-pagination\">\n\t\t\t\t<\/div>\n\t\t\n\t\t\n\t<div class=\"vc_empty_space\"   style=\"height: 32px\"><span class=\"vc_empty_space_inner\"><\/span><\/div><\/div><\/div><\/div><\/div><div class=\"vc_row wpb_row vc_row-fluid\"><div class=\"wpb_column vc_column_container vc_col-sm-12\"><div class=\"vc_column-inner\"><div class=\"wpb_wrapper\">\n\t<div class=\"wpb_text_column wpb_content_element\" >\n\t\t<div class=\"wpb_wrapper\">\n\t\t\t<article class=\"w-full text-token-text-primary focus-visible:outline-2 focus-visible:outline-offset-&#091;-4px&#093; sm:AIPRM__conversation__response\" dir=\"auto\" data-testid=\"conversation-turn-7\" data-scroll-anchor=\"false\">\n<div class=\"text-base py-&#091;18px&#093; px-3 md:px-4 m-auto w-full md:px-5 lg:px-1 xl:px-5\">\n<div class=\"mx-auto flex flex-1 gap-4 text-base md:gap-5 lg:gap-6 md:max-w-3xl lg:max-w-&#091;40rem&#093; xl:max-w-&#091;48rem&#093;\">\n<div class=\"group\/conversation-turn relative flex w-full min-w-0 flex-col agent-turn\">\n<div class=\"flex-col gap-1 md:gap-3\">\n<div class=\"flex max-w-full flex-col flex-grow AIPRM__conversation__response\">\n<div class=\"min-h-&#091;20px&#093; text-message flex w-full flex-col items-end gap-2 whitespace-normal break-words &#091;.text-message+&amp;&#093;:mt-5\" dir=\"auto\" data-message-author-role=\"assistant\" data-message-id=\"08ff1a67-e8fe-4640-b2af-0e74ab8ea162\">\n<div class=\"flex w-full flex-col gap-1 empty:hidden first:pt-&#091;3px&#093;\">\n<div class=\"markdown prose w-full break-words dark:prose-invert light\">\n<p>Cette ann\u00e9e, les Vosges se pr\u00e9parent \u00e0 c\u00e9l\u00e9brer Halloween avec une programmation riche en frissons et en divertissements pour tous. Laissez-vous porter par les l\u00e9gendes locales et vivez des moments effrayants tout en profitant d\u2019un s\u00e9jour de r\u00eave aux <a href=\"https:\/\/les-atypiques-chalets.com\/de\/\"><strong>Au\u00dfergew\u00f6hnliche Chalets<\/strong><\/a>, \u00e0 seulement 10 km de G\u00e9rardmer, avec bain nordique et sauna privatif pour une d\u00e9tente absolue apr\u00e8s une journ\u00e9e bien remplie.<\/p>\n<h3>\ud83c\udf83 1. <strong><a href=\"https:\/\/www.hautesmynes.com\/\" target=\"_blank\" rel=\"noopener nofollow\">Les Hautes-Mynes<\/a> du Thillot<\/strong><\/h3>\n<p>Entrez dans les profondeurs des anciennes mines pour une exp\u00e9rience unique et effrayante. Les visites nocturnes des 22 et 29 octobre m\u00ealent l&rsquo;histoire mini\u00e8re aux r\u00e9cits de sorci\u00e8res et de cr\u00e9atures surnaturelles, pour une aventure \u00e0 la fois \u00e9ducative et terrifiante.<\/p>\n<h3>\ud83c\udf83 2. <a href=\"https:\/\/www.facebook.com\/maisondutourment\/?locale=fr_FR\" target=\"_blank\" rel=\"noopener nofollow\"><strong>La Maison du Tourment \u00e0 Puzieux<\/strong><\/a><\/h3>\n<p>Si vous recherchez des sensations fortes, ne manquez pas cet \u00e9v\u00e9nement incontournable. Du 23 au 31 octobre, la Maison du Tourment vous plongera dans un univers cauchemardesque avec ses labyrinthes peupl\u00e9s de monstres. Une exp\u00e9rience parfaite pour les amateurs d&rsquo;adr\u00e9naline !<\/p>\n<h3>\ud83c\udf83 3. <strong>Soir\u00e9e D\u00e9guis\u00e9e au <a href=\"https:\/\/casino-contrexeville.partouche.com\/\" target=\"_blank\" rel=\"noopener nofollow\">Casino de Contrex\u00e9ville<\/a><\/strong><\/h3>\n<p>Le 31 octobre, le Casino de Contrex\u00e9ville organise une soir\u00e9e d\u00e9guis\u00e9e avec un d\u00eener th\u00e9matique et un concours de costumes. C\u2019est l\u2019occasion r\u00eav\u00e9e de c\u00e9l\u00e9brer Halloween dans un cadre festif et \u00e9l\u00e9gant.<\/p>\n<h3>\ud83c\udf83 4. <a href=\"https:\/\/aquanova-america.fr\/\" target=\"_blank\" rel=\"noopener nofollow\"><strong>Aqua Nova \u00e0 Saint-Di\u00e9-des-Vosges<\/strong><\/a><\/h3>\n<p>Pour un Halloween sous l\u2019eau, rendez-vous \u00e0 Aqua Nova le 30 octobre d\u00e8s 17 h. Des animations aquatiques surprenantes vous attendent, dans une ambiance sombre et myst\u00e9rieuse. Un moment insolite \u00e0 ne pas manquer !<\/p>\n<h3>\ud83c\udf83 5. <strong>Frissons Gourmands \u00e0 <a href=\"https:\/\/golbey.fr\/\" target=\"_blank\" rel=\"noopener nofollow\">Golbey<\/a> und <a href=\"https:\/\/www.epinal.fr\/\" rel=\"nofollow noopener\" target=\"_blank\">\u00c9pinal<\/a><\/strong><\/h3>\n<p>Les plus jeunes auront aussi leur lot de frayeurs avec un go\u00fbter sp\u00e9cial Halloween \u00e0 Golbey, o\u00f9 sucreries et costumes terrifiants seront de la partie. \u00c0 \u00c9pinal, une soir\u00e9e nocturne d\u00e9guis\u00e9e attend toute la famille avec des animations fantastiques.<\/p>\n<h3>\ud83c\udf83 6. <a href=\"https:\/\/www.lemanoirmaudit.com\/\" rel=\"nofollow noopener\" target=\"_blank\"><strong>Le Manoir Hant\u00e9 de Rambervillers<\/strong><\/a><\/h3>\n<p>Du 27 au 31 octobre, le Manoir de Rambervillers se transforme en une maison hant\u00e9e o\u00f9 chaque pi\u00e8ce cache une nouvelle terreur. Un lieu parfait pour ceux qui aiment l\u2019horreur sous toutes ses formes.<\/p>\n<h3>\ud83c\udf83 7. <a href=\"https:\/\/www.tourisme-epinal.com\/sejourner\/agenda\/visite-nocturne-du-chateau-des-brasseurs-4194300\" target=\"_blank\" rel=\"noopener nofollow\"><strong>Visite Nocturne au Ch\u00e2teau d\u2019\u00c9pinal<\/strong><\/a><\/h3>\n<p>Plongez dans les myst\u00e8res du ch\u00e2teau d\u2019\u00c9pinal lors de visites nocturnes sp\u00e9ciales. Les fant\u00f4mes et l\u00e9gendes locales prennent vie dans ce cadre gothique, vous offrant une exp\u00e9rience immersive et frissonnante.<\/p>\n<h3>\ud83c\udf83 8. <a href=\"https:\/\/gerardmer.net\/randos-et-balades-rando.php\" target=\"_blank\" rel=\"noopener nofollow\"><strong>Randonn\u00e9e Hant\u00e9e au Lac de G\u00e9rardmer<\/strong><\/a><\/h3>\n<p>Envie de d\u00e9couvrir les l\u00e9gendes vosgiennes tout en profitant des paysages nocturnes ? Le 29 octobre, une randonn\u00e9e autour du <a href=\"https:\/\/les-atypiques-chalets.com\/de\/location-proche-lac-gerardmer-decouvrez-les-atypiques-chalets-pour-un-sejour-inoubliable\/\" data-wpil-monitor-id=\"872\">Lac de G\u00e9rardmer<\/a> est organis\u00e9e. Ce m\u00e9lange de myst\u00e8re et de nature est une belle occasion de frissonner avant de rejoindre le confort des <strong><a href=\"https:\/\/les-atypiques-chalets.com\/de\/chalets-gerardmer-avec-sauna-chalets-vosges-avec-sauna-les-atypiques-chalets\/\" data-wpil-monitor-id=\"919\">Au\u00dfergew\u00f6hnliche Chalets<\/a><\/strong>.<\/p>\n<h3>\ud83c\udf83 9. <a href=\"https:\/\/surplace.bourgenbressedestinations.fr\/offres\/gere-ta-seance-projection-des-12-ans-bourg-en-bresse-fr-surplace-4332790\/\" target=\"_blank\" rel=\"noopener nofollow\"><strong>Projection de Films d\u2019Horreur \u00e0 La Bresse<\/strong><\/a><\/h3>\n<p>Le 30 octobre, venez vous plonger dans une ambiance cin\u00e9matographique d&rsquo;horreur \u00e0 La Bresse, avec des projections de films classiques et r\u00e9cents. Parfait pour passer une soir\u00e9e entre amis ou en famille, bien install\u00e9 dans un fauteuil, \u00e0 trembler de peur.<\/p>\n<h3>\ud83c\udf83 10. <a href=\"https:\/\/www.facebook.com\/watch\/?v=351324829452962\" target=\"_blank\" rel=\"noopener nofollow\"><strong>Ateliers Cr\u00e9atifs \u00e0 Saint-Am\u00e9<\/strong><\/a><\/h3>\n<p>Pour les familles avec enfants, Saint-Am\u00e9 propose des ateliers cr\u00e9atifs pour pr\u00e9parer des d\u00e9corations et des d\u00e9guisements monstrueux. Une activit\u00e9 amusante pour petits et grands, id\u00e9ale pour entrer dans l&rsquo;esprit d&rsquo;Halloween tout en laissant parler sa cr\u00e9ativit\u00e9.<\/p>\n<hr \/>\n<h3>\ud83c\udfe1 <strong>Un H\u00e9bergement de R\u00eave pour Halloween : Les Atypiques Chalets<\/strong><\/h3>\n<p>Apr\u00e8s une journ\u00e9e remplie de frissons et d\u2019aventures, quoi de mieux que de se d\u00e9tendre dans un cadre idyllique ? <a href=\"https:\/\/les-atypiques-chalets.com\/de\/\">Lesen <strong>Au\u00dfergew\u00f6hnliche Chalets<\/strong><\/a>, situ\u00e9s \u00e0 seulement 10 km de G\u00e9rardmer, vous offrent une escapade unique avec des bains nordiques et un sauna privatif. Profitez d\u2019une atmosph\u00e8re chaleureuse et relaxante au <a href=\"https:\/\/les-atypiques-chalets.com\/de\/votre-chalet-de-randonnee-dans-les-vosges-au-coeur-de-la-nature\/\" data-wpil-monitor-id=\"694\">c\u0153ur de la nature<\/a>, pour faire le plein d\u2019\u00e9nergie avant de repartir \u00e0 l\u2019aventure le lendemain.<\/p>\n<p>Que vous soyez amateur de films d\u2019horreur, passionn\u00e9 par les l\u00e9gendes ou \u00e0 la recherche de divertissements pour toute la famille, les <a href=\"https:\/\/les-atypiques-chalets.com\/de\/vivez-la-veritable-magie-dun-noel-en-montagne-dans-les-vosges\/\" data-wpil-monitor-id=\"818\">Vogesen<\/a> vous promettent un Halloween inoubliable, riche en d\u00e9couvertes et en frissons.<\/p>\n<\/div>\n<\/div>\n<\/div>\n<\/div>\n<\/div>\n<\/div>\n<\/div>\n<\/div>\n<\/article>\n\n\t\t<\/div>\n\t<\/div>\n<\/div><\/div><\/div><\/div>\n<\/div>","protected":false},"excerpt":{"rendered":"Chalet IORIK Capacit\u00e9: 4 personnes Superficie: 45 m2 Bain Nordique: privatif Description de notre Chalet Iorik dans les Vosges Id\u00e9al pour les couples ou les petites familles, le Chalet IORIK est un \u00e9crin de douceur pouvant accueillir jusqu\u2019\u00e0 4 personnes. Avec ses 2 chambres cosy et ces 2 lits de 140\u00d7190, il vous promet des<a href=\"https:\/\/les-atypiques-chalets.com\/de\/chalet-aslan\/\" class=\"sohohotel-more-link\">Read More<\/a>","protected":false},"author":1,"featured_media":202001,"comment_status":"closed","ping_status":"open","sticky":false,"template":"","format":"standard","meta":{"_yoast_wpseo_title":"Halloween dans les Vosges : Top \u00e9v\u00e9nements","_yoast_wpseo_metadesc":"D\u00e9couvrez les meilleurs \u00e9v\u00e9nements d'Halloween dans les Vosges. R\u00e9servez votre s\u00e9jour aux Atypiques Chalets d\u00e8s maintenant !","_yoast_wpseo_focuskw":"#HalloweenVosges #\u00c9v\u00e9nementsHalloween #G\u00e9rardmerHalloween #AtypiquesChalets #Randonn\u00e9eHant\u00e9e #FilmsHorreur #ManoirHant\u00e9","footnotes":""},"categories":[1322],"tags":[1345,819,1314,1344,1349,1355,1351,1343,1354,1347,1353,1346,1350,1348,1352],"class_list":["post-202000","post","type-post","status-publish","format-standard","has-post-thumbnail","hentry","category-halloween-2024","tag-activites-halloween-gerardmer","tag-atypiques-chalets-gerardmer","tag-bain-nordique-gerardmer","tag-evenements-halloween-vosges","tag-films-horreur-la-bresse","tag-frissons-vosges","tag-halloween-famille-vosges","tag-halloween-vosges","tag-legendes-sorcieres-vosges","tag-manoir-hante-rambervillers","tag-mines-hantees-thillot","tag-randonnee-hantee-gerardmer","tag-sauna-privatif-gerardmer","tag-soiree-deguisee-contrexeville","tag-visite-nocturne-epinal"],"_links":{"self":[{"href":"https:\/\/les-atypiques-chalets.com\/de\/wp-json\/wp\/v2\/posts\/202000","targetHints":{"allow":["GET"]}}],"collection":[{"href":"https:\/\/les-atypiques-chalets.com\/de\/wp-json\/wp\/v2\/posts"}],"about":[{"href":"https:\/\/les-atypiques-chalets.com\/de\/wp-json\/wp\/v2\/types\/post"}],"author":[{"embeddable":true,"href":"https:\/\/les-atypiques-chalets.com\/de\/wp-json\/wp\/v2\/users\/1"}],"replies":[{"embeddable":true,"href":"https:\/\/les-atypiques-chalets.com\/de\/wp-json\/wp\/v2\/comments?post=202000"}],"version-history":[{"count":0,"href":"https:\/\/les-atypiques-chalets.com\/de\/wp-json\/wp\/v2\/posts\/202000\/revisions"}],"wp:featuredmedia":[{"embeddable":true,"href":"https:\/\/les-atypiques-chalets.com\/de\/wp-json\/wp\/v2\/media\/202001"}],"wp:attachment":[{"href":"https:\/\/les-atypiques-chalets.com\/de\/wp-json\/wp\/v2\/media?parent=202000"}],"wp:term":[{"taxonomy":"category","embeddable":true,"href":"https:\/\/les-atypiques-chalets.com\/de\/wp-json\/wp\/v2\/categories?post=202000"},{"taxonomy":"post_tag","embeddable":true,"href":"https:\/\/les-atypiques-chalets.com\/de\/wp-json\/wp\/v2\/tags?post=202000"}],"curies":[{"name":"wp","href":"https:\/\/api.w.org\/{rel}","templated":true}]}}