{"id":2042792,"date":"2025-04-25T08:29:14","date_gmt":"2025-04-25T08:29:14","guid":{"rendered":"https:\/\/les-atypiques-chalets.com\/les-atypiques-chalets-a-gerardmer-un-sejour-atypique-dans-les-vosges-2\/"},"modified":"2025-12-12T07:53:31","modified_gmt":"2025-12-12T07:53:31","slug":"die-10-schonsten-dinge-die-man-in-gerardmer-unternehmen-kann","status":"publish","type":"post","link":"https:\/\/les-atypiques-chalets.com\/de\/les-10-choses-a-faire-a-gerardmer\/","title":{"rendered":"10 Activit\u00e9s Incontournables \u00e0 G\u00e9rardmer [Guide Complet 2026]"},"content":{"rendered":"<div class=\"wpb-content-wrapper\"><p><strong>que faire \u00e0 G\u00e9rardmer<\/strong> : D\u00e9couvrez les 10 activit\u00e9s incontournables \u00e0 G\u00e9rardmer : baignade au lac, ski, randonn\u00e9es, cascades, gastronomie vosgienne. Guide complet pour r\u00e9ussir votre s\u00e9jour.<\/p>\n<div class=\"vc_row wpb_row vc_row-fluid\"><div class=\"wpb_column vc_column_container vc_col-sm-12\"><div class=\"vc_column-inner\"><div class=\"wpb_wrapper\">\n\t<div class=\"wpb_text_column wpb_content_element\" >\n\t\t<div class=\"wpb_wrapper\">\n\t\t\t<h1>\u2728 Les 10 choses<br \/>\n\u00e0 faire \u00e0 G\u00e9rardmer\u00a0\u2728<\/h1>\n\n\t\t<\/div>\n\t<\/div>\n<\/div><\/div><\/div><\/div><div class=\"vc_row wpb_row vc_row-fluid\"><div class=\"wpb_column vc_column_container vc_col-sm-12\"><div class=\"vc_column-inner\"><div class=\"wpb_wrapper\"><div class=\"vc_empty_space\"   style=\"height: 32px\"><span class=\"vc_empty_space_inner\"><\/span><\/div>\t\n\t<!-- BEGIN .shb-accommodation-listing-style-1 -->\n\t<div class=\"shb-accommodation-listing-style-1 shb-accommodation-listing-style-1-columns-3 sohohotel-owl-carousel-4\">\n\t\t\n\t\t\t\t\n\t\t<!-- BEGIN .shb-accommodation-listing-item -->\n\t\t<div class=\"shb-accommodation-listing-item\">\n\t\t\t\n\t\t\t\t\t\t\t<a href=\"https:\/\/les-atypiques-chalets.com\/de\/chalet-charkhan\/\" rel=\"bookmark\" title=\"Chalet Charkhan\">\n\t\t\t\t\t\t\t\t\t\t<img decoding=\"async\" class=\"shb-accommodation-listing-image\" src=\"https:\/\/les-atypiques-chalets.com\/wp-content\/uploads\/2025\/03\/salon-charkhan-03-L-1180x675.webp\" alt=\"Chalet Charkhan\" \/>\t\t\t\t<\/a>\n\t\t\t\t\t\t\n\t\t\t<div class=\"shb-accommodation-listing-description-wrapper\">\n\t\t\t\t\n\t\t\t\t<h3><a href=\"https:\/\/les-atypiques-chalets.com\/de\/chalet-charkhan\/\" rel=\"bookmark\" title=\"Chalet Charkhan\">Chalet Charkhan<\/a><\/h3>\n\t\t\t\t\n\t\t\t\t<div class=\"shb-accommodation-listing-description shb-clearfix\">\n\t\t\t\t\t\n\t\t\t\t\t<ul>\r\n<li><i class=\"fas fa-user\"><\/i><span>Kapazit\u00e4t<\/span> 6 Personen<\/li>\r\n<li><i class=\"fas fa-ruler-combined\"><\/i><span>Oberfl\u00e4che<\/span> 65 m\u00b2<\/li>\r\n<li><i class=\"fas fa-hot-tub\"><\/i><span> Nordische Badewanne<\/span> privativ<\/li>\r\n<\/ul>\t\t\t\t\t\n\t\t\t\t\t<a href=\"https:\/\/les-atypiques-chalets.com\/de\/chalet-charkhan\/\" class=\"shb-accommodation-listing-button1\">ab 225\u20ac\/Nacht<\/a>\n\t\t\t\t\t<a href=\"https:\/\/les-atypiques-chalets.com\/de\/chalet-charkhan\/\" class=\"shb-accommodation-listing-button2\">Zimmer anzeigen<i class=\"fas fa-chevron-right\"><\/i><\/a>\n\t\t\t\t\n\t\t\t\t<\/div>\n\t\t\t\t\n\t\t\t<\/div>\n\t\t\t\n\t\t<!-- END .shb-accommodation-listing-item -->\n\t\t<\/div>\n\t\t\n\t\t\t\t\n\t\t<!-- BEGIN .shb-accommodation-listing-item -->\n\t\t<div class=\"shb-accommodation-listing-item\">\n\t\t\t\n\t\t\t\t\t\t\t<a href=\"https:\/\/les-atypiques-chalets.com\/de\/chalet-aslan\/\" rel=\"bookmark\" title=\"Chalet Aslan\">\n\t\t\t\t\t\t\t\t\t\t<img decoding=\"async\" class=\"shb-accommodation-listing-image\" src=\"https:\/\/les-atypiques-chalets.com\/wp-content\/uploads\/2025\/03\/ASLAN-2-900x710.webp\" alt=\"Chalet Aslan\" \/>\t\t\t\t<\/a>\n\t\t\t\t\t\t\n\t\t\t<div class=\"shb-accommodation-listing-description-wrapper\">\n\t\t\t\t\n\t\t\t\t<h3><a href=\"https:\/\/les-atypiques-chalets.com\/de\/chalet-aslan\/\" rel=\"bookmark\" title=\"Chalet Aslan\">Chalet Aslan<\/a><\/h3>\n\t\t\t\t\n\t\t\t\t<div class=\"shb-accommodation-listing-description shb-clearfix\">\n\t\t\t\t\t\n\t\t\t\t\t<ul>\r\n<li><i class=\"fas fa-user\"><\/i><span>Kapazit\u00e4t<\/span> 5 Personen<\/li>\r\n<li><i class=\"fas fa-ruler-combined\"><\/i><span>Oberfl\u00e4che<\/span> 65 m\u00b2<\/li>\r\n<li><i class=\"fas fa-hot-tub\"><\/i><span> Nordische Badewanne<\/span> privativ<\/li>\r\n<\/ul>\t\t\t\t\t\n\t\t\t\t\t<a href=\"https:\/\/les-atypiques-chalets.com\/de\/chalet-aslan\/\" class=\"shb-accommodation-listing-button1\">ab 215 \u20ac\/Nacht<\/a>\n\t\t\t\t\t<a href=\"https:\/\/les-atypiques-chalets.com\/de\/chalet-aslan\/\" class=\"shb-accommodation-listing-button2\">Zimmer anzeigen<i class=\"fas fa-chevron-right\"><\/i><\/a>\n\t\t\t\t\n\t\t\t\t<\/div>\n\t\t\t\t\n\t\t\t<\/div>\n\t\t\t\n\t\t<!-- END .shb-accommodation-listing-item -->\n\t\t<\/div>\n\t\t\n\t\t\t\t\n\t\t<!-- BEGIN .shb-accommodation-listing-item -->\n\t\t<div class=\"shb-accommodation-listing-item\">\n\t\t\t\n\t\t\t\t\t\t\t<a href=\"https:\/\/les-atypiques-chalets.com\/de\/chalet-iorik\/\" rel=\"bookmark\" title=\"Chalet Iorik\">\n\t\t\t\t\t\t\t\t\t\t<img decoding=\"async\" class=\"shb-accommodation-listing-image\" src=\"https:\/\/les-atypiques-chalets.com\/wp-content\/uploads\/2025\/09\/iorik-sejour-L-1024x710.webp\" alt=\"Chalet Iorik\" \/>\t\t\t\t<\/a>\n\t\t\t\t\t\t\n\t\t\t<div class=\"shb-accommodation-listing-description-wrapper\">\n\t\t\t\t\n\t\t\t\t<h3><a href=\"https:\/\/les-atypiques-chalets.com\/de\/chalet-iorik\/\" rel=\"bookmark\" title=\"Chalet Iorik\">Chalet Iorik<\/a><\/h3>\n\t\t\t\t\n\t\t\t\t<div class=\"shb-accommodation-listing-description shb-clearfix\">\n\t\t\t\t\t\n\t\t\t\t\t<ul>\r\n<li><i class=\"fas fa-user\"><\/i><span>Kapazit\u00e4t<\/span> 4 Personen<\/li>\r\n<li><i class=\"fas fa-ruler-combined\"><\/i><span>Oberfl\u00e4che<\/span> 45 m2<\/li>\r\n<li><i class=\"fas fa-hot-tub\"><\/i><span> Nordische Badewanne<\/span> privativ<\/li>\r\n<\/ul>\t\t\t\t\t\n\t\t\t\t\t<a href=\"https:\/\/les-atypiques-chalets.com\/de\/chalet-iorik\/\" class=\"shb-accommodation-listing-button1\">ab 170\u20ac\/Nacht<\/a>\n\t\t\t\t\t<a href=\"https:\/\/les-atypiques-chalets.com\/de\/chalet-iorik\/\" class=\"shb-accommodation-listing-button2\">Zimmer anzeigen<i class=\"fas fa-chevron-right\"><\/i><\/a>\n\t\t\t\t\n\t\t\t\t<\/div>\n\t\t\t\t\n\t\t\t<\/div>\n\t\t\t\n\t\t<!-- END .shb-accommodation-listing-item -->\n\t\t<\/div>\n\t\t\n\t\t\t\t\n\t<!-- END .shb-accommodation-listing-style-1 -->\n\t<\/div>\n\t\n\t<div class=\"vc_row wpb_row vc_inner vc_row-fluid\"><div class=\"wpb_column vc_column_container vc_col-sm-4\"><div class=\"vc_column-inner\"><div class=\"wpb_wrapper\">\n\t<div  class=\"wpb_single_image wpb_content_element vc_align_left wpb_content_element\">\n\t\t\n\t\t<figure class=\"wpb_wrapper vc_figure\">\n\t\t\t<a href=\"https:\/\/www.airbnb.fr\/rooms\/1181799444491659558?source_impression_id=p3_1737454110_P389ZYEJ78eXKMcr\" target=\"_self\" class=\"vc_single_image-wrapper   vc_box_border_grey\" rel=\"nofollow noopener\"><img decoding=\"async\" width=\"694\" height=\"426\" src=\"https:\/\/les-atypiques-chalets.com\/wp-content\/uploads\/2025\/01\/Capture-decran-2025-01-15-a-13.55.52.jpg\" class=\"vc_single_image-img attachment-full\" alt=\"Die Atypiques Chalets mit einer perfekten Punktzahl von 5,0 ausgezeichnet, was sie zu einem Favoriten von Reisenden macht.\" title=\"Les Atypiques Chalets \u2013 Ein Herzenswunsch von Airbnb-Reisenden\" srcset=\"https:\/\/les-atypiques-chalets.com\/wp-content\/uploads\/2025\/01\/Capture-decran-2025-01-15-a-13.55.52.jpg 694w, https:\/\/les-atypiques-chalets.com\/wp-content\/uploads\/2025\/01\/Capture-decran-2025-01-15-a-13.55.52-300x184.jpg 300w, https:\/\/les-atypiques-chalets.com\/wp-content\/uploads\/2025\/01\/Capture-decran-2025-01-15-a-13.55.52-100x61.jpg 100w, https:\/\/les-atypiques-chalets.com\/wp-content\/uploads\/2025\/01\/Capture-decran-2025-01-15-a-13.55.52-600x368.jpg 600w\" sizes=\"(max-width: 694px) 100vw, 694px\" \/><\/a>\n\t\t<\/figure>\n\t<\/div>\n<\/div><\/div><\/div><div class=\"wpb_column vc_column_container vc_col-sm-4\"><div class=\"vc_column-inner\"><div class=\"wpb_wrapper\">\n\t<div  class=\"wpb_single_image wpb_content_element vc_align_left wpb_content_element\">\n\t\t\n\t\t<figure class=\"wpb_wrapper vc_figure\">\n\t\t\t<a href=\"https:\/\/www.google.com\/search?q=Les+Atypiques+Chalets&#038;stick=H4sIAAAAAAAA_-NgU1I1qDAxtzRONkwyTTM3MDK2TEmzMqgAshItTdIMTFINjC1NDJIXsYr6pBYrOJZUFmQWlgJZzhmJOaklxQAK4Na5QQAAAA&#038;hl=fr&#038;ma\" target=\"_self\" class=\"vc_single_image-wrapper   vc_box_border_grey\" rel=\"nofollow noopener\"><img decoding=\"async\" width=\"324\" height=\"156\" src=\"https:\/\/les-atypiques-chalets.com\/wp-content\/uploads\/2024\/03\/avis-google.webp\" class=\"vc_single_image-img attachment-full\" alt=\"\" title=\"Google-Bewertung\" srcset=\"https:\/\/les-atypiques-chalets.com\/wp-content\/uploads\/2024\/03\/avis-google.webp 324w, https:\/\/les-atypiques-chalets.com\/wp-content\/uploads\/2024\/03\/avis-google-300x144.webp 300w, https:\/\/les-atypiques-chalets.com\/wp-content\/uploads\/2024\/03\/avis-google-100x48.webp 100w\" sizes=\"(max-width: 324px) 100vw, 324px\" \/><\/a>\n\t\t<\/figure>\n\t<\/div>\n<\/div><\/div><\/div><div class=\"wpb_column vc_column_container vc_col-sm-4\"><div class=\"vc_column-inner\"><div class=\"wpb_wrapper\">\n\t<div  class=\"wpb_single_image wpb_content_element vc_align_left wpb_content_element\">\n\t\t\n\t\t<figure class=\"wpb_wrapper vc_figure\">\n\t\t\t<a href=\"https:\/\/www.airbnb.fr\/users\/show\/202431572\" target=\"_self\" class=\"vc_single_image-wrapper   vc_box_border_grey\" rel=\"nofollow noopener\"><img decoding=\"async\" width=\"375\" height=\"125\" src=\"https:\/\/les-atypiques-chalets.com\/wp-content\/uploads\/2024\/10\/create-a-professionally-written-new-airbnb-listing-1600x533-1.webp\" class=\"vc_single_image-img attachment-full\" alt=\"\" title=\"Erstellen Sie eine professionell geschriebene neue Airbnb-Liste (1600x533)\" srcset=\"https:\/\/les-atypiques-chalets.com\/wp-content\/uploads\/2024\/10\/create-a-professionally-written-new-airbnb-listing-1600x533-1.webp 375w, https:\/\/les-atypiques-chalets.com\/wp-content\/uploads\/2024\/10\/create-a-professionally-written-new-airbnb-listing-1600x533-1-300x100.webp 300w, https:\/\/les-atypiques-chalets.com\/wp-content\/uploads\/2024\/10\/create-a-professionally-written-new-airbnb-listing-1600x533-1-100x33.webp 100w\" sizes=\"(max-width: 375px) 100vw, 375px\" \/><\/a>\n\t\t<\/figure>\n\t<\/div>\n<\/div><\/div><\/div><\/div><\/div><\/div><\/div><\/div><div class=\"vc_row wpb_row vc_row-fluid\"><div class=\"wpb_column vc_column_container vc_col-sm-12\"><div class=\"vc_column-inner\"><div class=\"wpb_wrapper\">\n\t<div class=\"wpb_text_column wpb_content_element\" >\n\t\t<div class=\"wpb_wrapper\">\n\t\t\t<p><span style=\"vertical-align: inherit;\">Vous envisagez de visiter G\u00e9rardmer, la \u00ab Perle des Vosges \u00bb ? <\/span><strong><span style=\"vertical-align: inherit;\">Cette station<\/span><\/strong><span style=\"vertical-align: inherit;\"> unique vous s\u00e9duira par ses activit\u00e9s vari\u00e9es tout au long de l&rsquo;ann\u00e9e, que ce soit pour <\/span><strong><span style=\"vertical-align: inherit;\">le ski en hiver<\/span><\/strong><span style=\"vertical-align: inherit;\"> ou <\/span><strong><span style=\"vertical-align: inherit;\">la baignade en \u00e9t\u00e9<\/span><\/strong><span style=\"vertical-align: inherit;\"> . Avec des paysages \u00e0 couper le souffle, un lac majestueux et des pistes adapt\u00e9es \u00e0 tous les niveaux, G\u00e9rardmer est l&rsquo;endroit id\u00e9al pour <\/span><strong><span style=\"vertical-align: inherit;\">les amateurs de plein air<\/span><\/strong><span style=\"vertical-align: inherit;\"> et les familles \u00e0 la recherche d&rsquo;aventures. D\u00e9couvrez les <\/span><strong><span style=\"vertical-align: inherit;\">meilleures activit\u00e9s<\/span><\/strong><span style=\"vertical-align: inherit;\"> \u00e0 faire et pr\u00e9parez-vous \u00e0 profiter pleinement de votre s\u00e9jour !<\/span><\/p>\n<h3><span style=\"vertical-align: inherit;\">Points cl\u00e9s \u00e0 retenir :<\/span><\/h3>\n<ul>\n<li><span style=\"vertical-align: inherit;\">G\u00e9rardmer est une destination id\u00e9ale tant pour les sports d&rsquo;hiver que pour les activit\u00e9s estivales, offrant des paysages magnifiques et une vari\u00e9t\u00e9 d&rsquo;activit\u00e9s en plein air.<\/span><\/li>\n<li><span style=\"vertical-align: inherit;\">La station de <a href=\"https:\/\/les-atypiques-chalets.com\/de\/tag\/ski\/\" data-wpil-monitor-id=\"2237\">ski<\/a> de La Mauselaine dispose de 40 km de pistes, adapt\u00e9es \u00e0 tous les niveaux de skieurs, et propose \u00e9galement des activit\u00e9s nocturnes comme des descentes aux flambeaux.<\/span><\/li>\n<li><span style=\"vertical-align: inherit;\">Le biathlon et le saut \u00e0 ski sont des activit\u00e9s uniques \u00e0 exp\u00e9rimenter, encadr\u00e9es par des moniteurs qualifi\u00e9s, permettant d&rsquo;allier sport et loisir en famille.<\/span><\/li>\n<li><span style=\"vertical-align: inherit;\">Lesen <a href=\"https:\/\/les-atypiques-chalets.com\/de\/les-10-choses-a-faire-a-gerardmer-en-ete\/\" data-wpil-monitor-id=\"1654\">randonn\u00e9es en raquettes et autour du lac de G\u00e9rardmer<\/a> offrent des panoramas exceptionnels et sont accessibles \u00e0 un large public, incluant des sentiers adapt\u00e9s aux d\u00e9butants.<\/span><\/li>\n<li><span style=\"vertical-align: inherit;\">Pour les amateurs de sensations fortes, des activit\u00e9s comme le parapente et le VTT permettent de d\u00e9couvrir la beaut\u00e9 des <a href=\"https:\/\/les-atypiques-chalets.com\/de\/tag\/vogesen\/\" data-wpil-monitor-id=\"2165\">Vogesen<\/a> sous un autre angle.<\/span><\/li>\n<\/ul>\n<h2><span style=\"vertical-align: inherit;\">D\u00e9couverte de G\u00e9rardmer<\/span><\/h2>\n<p><span style=\"vertical-align: inherit;\">G\u00e9rardmer, connue comme la \u00ab Perle des Vosges \u00bb, est un v\u00e9ritable \u00e9crin de nature situ\u00e9 entre lac et montagnes. Dans cette station, vous trouverez de nombreuses <\/span><strong><span style=\"vertical-align: inherit;\">Outdoor-Aktivit\u00e4ten<\/span><\/strong><span style=\"vertical-align: inherit;\"> et des paysages \u00e0 couper le souffle, id\u00e9ales pour les amateurs de sports d&rsquo;hiver comme de loisirs estivaux. Placez-vous au c\u0153ur du Parc Naturel R\u00e9gional des Ballons des Vosges et laissez-vous s\u00e9duire par la diversit\u00e9 des activit\u00e9s qui vous attendent.<\/span><\/p>\n<h3><span style=\"vertical-align: inherit;\">Aper\u00e7u de G\u00e9rardmer<\/span><\/h3>\n<p><span style=\"vertical-align: inherit;\">G\u00e9rardmer est c\u00e9l\u00e8bre pour son lac naturel, le plus grand des Vosges, proposant des activit\u00e9s vari\u00e9es tout au long de l&rsquo;ann\u00e9e. En hiver, elle se transforme en station de ski avec ses 40 km de pistes, tandis qu&rsquo;en \u00e9t\u00e9, les randonneurs et les baigneurs en profitent pour explorer ses plages de sable et ses sentiers balis\u00e9s. Ce cadre enchanteur est parfait pour se ressourcer en famille ou entre amis.<\/span><\/p>\n<h3><span style=\"vertical-align: inherit;\">Activit\u00e9s saisonni\u00e8res<\/span><\/h3>\n<p><span style=\"vertical-align: inherit;\">La diversit\u00e9 des <\/span><strong><span style=\"vertical-align: inherit;\">activit\u00e9s saisonni\u00e8res<\/span><\/strong><span style=\"vertical-align: inherit;\"> \u00e0 <a href=\"https:\/\/les-atypiques-chalets.com\/de\/kategorie\/ski-gerardmer\/\" data-wpil-monitor-id=\"2151\">G\u00e9rardmer est impressionnante : en hiver, vous pouvez skier<\/a> \u00e0 La Mauselaine, pratiquer le biathlon, ou vous amuser en luge. \u00c0 mesure que les temp\u00e9ratures montent, le lac devient un centre d&rsquo;activit\u00e9s nautiques, et les randonn\u00e9es \u00e0 raquettes se transforment en balades \u00e0 pied ou en VTT en \u00e9t\u00e9. Chaque saison offre son lot de sensations fortes et de d\u00e9couvertes, que vous soyez sportif ou simplement en qu\u00eate de d\u00e9tente.<\/span><\/p>\n<h2><span style=\"vertical-align: inherit;\">Sports d&rsquo;hiver et activit\u00e9s<\/span><\/h2>\n<p><span style=\"vertical-align: inherit;\">\u00c0 G\u00e9rardmer, l&rsquo;hiver est synonyme de sensations fortes gr\u00e2ce \u00e0 une multitude d&rsquo;activit\u00e9s de plein air. Que vous soyez passionn\u00e9 de ski, amateur de raquettes ou tent\u00e9 par des exp\u00e9riences uniques, cette destination vosgienne offre des pistes enneig\u00e9es, des paysages \u00e0 couper le souffle et la promesse de <a href=\"https:\/\/les-atypiques-chalets.com\/de\/vacances-de-paques-dans-les-vosges-chalet-2025-pour-des-moments-inoubliables\/\" data-wpil-monitor-id=\"1769\">moments inoubliables<\/a> en famille ou entre amis. Pr\u00e9parez-vous \u00e0 explorer la neige dans un cadre naturel exceptionnel, o\u00f9 chaque activit\u00e9 est une invitation \u00e0 l&rsquo;aventure.<\/span><\/p>\n\n\t\t<\/div>\n\t<\/div>\n<\/div><\/div><\/div><\/div><div class=\"vc_row wpb_row vc_row-fluid\"><div class=\"wpb_column vc_column_container vc_col-sm-12\"><div class=\"vc_column-inner\"><div class=\"wpb_wrapper\">\n\t<div  class=\"wpb_single_image wpb_content_element vc_align_left wpb_content_element\">\n\t\t\n\t\t<figure class=\"wpb_wrapper vc_figure\">\n\t\t\t<div class=\"vc_single_image-wrapper   vc_box_border_grey\"><img decoding=\"async\" width=\"1456\" height=\"816\" src=\"https:\/\/les-atypiques-chalets.com\/wp-content\/uploads\/2025\/01\/yep-1-1.webp\" class=\"vc_single_image-img attachment-full\" alt=\"Famille profitant d&#039;une journ\u00e9e de ski dans les Vosges pr\u00e8s de G\u00e9rardmer, mettant en valeur la proximit\u00e9 des chalets avec les pistes enneig\u00e9es.\" title=\"Ski en Famille \u00e0 G\u00e9rardmer \u2013 Vivez l\u2019Hiver dans les Vosges\" srcset=\"https:\/\/les-atypiques-chalets.com\/wp-content\/uploads\/2025\/01\/yep-1-1.webp 1456w, https:\/\/les-atypiques-chalets.com\/wp-content\/uploads\/2025\/01\/yep-1-1-300x168.webp 300w, https:\/\/les-atypiques-chalets.com\/wp-content\/uploads\/2025\/01\/yep-1-1-1024x574.webp 1024w, https:\/\/les-atypiques-chalets.com\/wp-content\/uploads\/2025\/01\/yep-1-1-768x430.webp 768w, https:\/\/les-atypiques-chalets.com\/wp-content\/uploads\/2025\/01\/yep-1-1-100x56.webp 100w, https:\/\/les-atypiques-chalets.com\/wp-content\/uploads\/2025\/01\/yep-1-1-600x336.webp 600w\" sizes=\"(max-width: 1456px) 100vw, 1456px\" \/><\/div>\n\t\t<\/figure>\n\t<\/div>\n<\/div><\/div><\/div><\/div><div class=\"vc_row wpb_row vc_row-fluid\"><div class=\"wpb_column vc_column_container vc_col-sm-12\"><div class=\"vc_column-inner\"><div class=\"wpb_wrapper\">\n\t<div class=\"wpb_text_column wpb_content_element\" >\n\t\t<div class=\"wpb_wrapper\">\n\t\t\t<h3><span style=\"vertical-align: inherit;\">Ski \u00e0 La Mauselaine<\/span><\/h3>\n<p><a href=\"https:\/\/gerardmer.net\/details_adherent.php?produit=777000036\" target=\"_blank\" rel=\"noopener nofollow\"><span style=\"vertical-align: inherit;\">La station de ski alpin de <\/span><strong><span style=\"vertical-align: inherit;\">La Mauselaine<\/span><\/strong><\/a><span style=\"vertical-align: inherit;\"> est l&rsquo;une des plus grandes et renomm\u00e9es du Massif des Vosges. Avec <\/span><strong><span style=\"vertical-align: inherit;\">22 pistes<\/span><\/strong><span style=\"vertical-align: inherit;\"> und <\/span><strong><span style=\"vertical-align: inherit;\">40 km de descentes<\/span><\/strong><span style=\"vertical-align: inherit;\"> enneig\u00e9es, elle convient aux skieurs de tous niveaux. Les <\/span><strong><span style=\"vertical-align: inherit;\">t\u00e9l\u00e9si\u00e8ges<\/span><\/strong><span style=\"vertical-align: inherit;\"> vous permettent d&rsquo;acc\u00e9der facilement aux sommets, et gr\u00e2ce \u00e0 180 canons \u00e0 neige, vous pouvez profiter de la glisse tout au long de la saison hivernale. Ne manquez pas les sensations des descentes nocturnes et les descentes aux flambeaux !<\/span><\/p>\n\n\t\t<\/div>\n\t<\/div>\n<\/div><\/div><\/div><\/div><div class=\"vc_row wpb_row vc_row-fluid\"><div class=\"wpb_column vc_column_container vc_col-sm-12\"><div class=\"vc_column-inner\"><div class=\"wpb_wrapper\">\n\t<div  class=\"wpb_single_image wpb_content_element vc_align_left wpb_content_element\">\n\t\t\n\t\t<figure class=\"wpb_wrapper vc_figure\">\n\t\t\t<div class=\"vc_single_image-wrapper   vc_box_border_grey\"><img decoding=\"async\" width=\"1200\" height=\"673\" src=\"https:\/\/les-atypiques-chalets.com\/wp-content\/uploads\/2025\/03\/Experience-Biathlon.webp\" class=\"vc_single_image-img attachment-full\" alt=\"Skieur de fond en action sur les pistes enneig\u00e9es de G\u00e9rardmer avec panorama montagneux\" title=\"Biathlon \u00e0 G\u00e9rardmer : vivez l\u2019exp\u00e9rience sportive hivernale dans les Vosges\" srcset=\"https:\/\/les-atypiques-chalets.com\/wp-content\/uploads\/2025\/03\/Experience-Biathlon.webp 1200w, https:\/\/les-atypiques-chalets.com\/wp-content\/uploads\/2025\/03\/Experience-Biathlon-300x168.webp 300w, https:\/\/les-atypiques-chalets.com\/wp-content\/uploads\/2025\/03\/Experience-Biathlon-1024x574.webp 1024w, https:\/\/les-atypiques-chalets.com\/wp-content\/uploads\/2025\/03\/Experience-Biathlon-768x431.webp 768w, https:\/\/les-atypiques-chalets.com\/wp-content\/uploads\/2025\/03\/Experience-Biathlon-100x56.webp 100w, https:\/\/les-atypiques-chalets.com\/wp-content\/uploads\/2025\/03\/Experience-Biathlon-600x337.webp 600w\" sizes=\"(max-width: 1200px) 100vw, 1200px\" \/><\/div>\n\t\t<\/figure>\n\t<\/div>\n<\/div><\/div><\/div><\/div><div class=\"vc_row wpb_row vc_row-fluid\"><div class=\"wpb_column vc_column_container vc_col-sm-12\"><div class=\"vc_column-inner\"><div class=\"wpb_wrapper\">\n\t<div class=\"wpb_text_column wpb_content_element\" >\n\t\t<div class=\"wpb_wrapper\">\n\t\t\t<h3><span style=\"vertical-align: inherit;\">Exp\u00e9rience Biathlon<\/span><\/h3>\n<p><span style=\"vertical-align: inherit;\">Lors de votre s\u00e9jour, ne manquez pas l&rsquo;opportunit\u00e9 de vous <a href=\"https:\/\/www.esf-gerardmer.fr\/espace-nordique\/biathlon\/\" target=\"_blank\" rel=\"noopener nofollow\">initier au <\/a><\/span><strong><span style=\"vertical-align: inherit;\">biathlon<\/span><\/strong><span style=\"vertical-align: inherit;\"> , un sport qui allie le <\/span><strong><span style=\"vertical-align: inherit;\">ski de fond<\/span><\/strong><span style=\"vertical-align: inherit;\"> und das <\/span><strong><span style=\"vertical-align: inherit;\">tir \u00e0 la carabine<\/span><\/strong><span style=\"vertical-align: inherit;\"> . Encadr\u00e9 par des moniteurs qualifi\u00e9s, vous aurez l&rsquo;occasion de tester votre concentration et votre pr\u00e9cision sans retirer vos skis. Accessible d\u00e8s 7 ans, cette exp\u00e9rience apporte excitation et esprit d&rsquo;\u00e9quipe, parfait pour toute la famille !<\/span><\/p>\n<p><span style=\"vertical-align: inherit;\">Vous vous engagez par un cours d&rsquo;initiation au tir, o\u00f9 vous apprendrez les bases de cette discipline fascinante. Avec un \u00e9quipement de tir laser pour assurer votre s\u00e9curit\u00e9, vous adorerez les d\u00e9fis que vous devrez relever tout en d\u00e9valant un petit parcours. Ce moment convivial est une occasion exceptionnelle d&rsquo;\u00e9veiller vos sens tout en vous amusant, vous offrant une ambiance <\/span><strong><span style=\"vertical-align: inherit;\">dynamique<\/span><\/strong><span style=\"vertical-align: inherit;\"> und <\/span><strong><span style=\"vertical-align: inherit;\">ludique<\/span><\/strong><span style=\"vertical-align: inherit;\"> au c\u0153ur de la nature. Pr\u00eat \u00e0 relever le d\u00e9fi ?<\/span><\/p>\n<h2><\/h2>\n\n\t\t<\/div>\n\t<\/div>\n<\/div><\/div><\/div><\/div><div class=\"vc_row wpb_row vc_row-fluid\"><div class=\"wpb_column vc_column_container vc_col-sm-12\"><div class=\"vc_column-inner\"><div class=\"wpb_wrapper\">\n\t<div  class=\"wpb_single_image wpb_content_element vc_align_left wpb_content_element\">\n\t\t\n\t\t<figure class=\"wpb_wrapper vc_figure\">\n\t\t\t<div class=\"vc_single_image-wrapper   vc_box_border_grey\"><img decoding=\"async\" width=\"1456\" height=\"816\" src=\"https:\/\/les-atypiques-chalets.com\/wp-content\/uploads\/2024\/07\/luge-gerardmer.webp\" class=\"vc_single_image-img attachment-full\" alt=\"Famille d\u00e9valant une piste de luge \u00e0 G\u00e9rardmer\" title=\"Luge \u00e0 G\u00e9rardmer\" srcset=\"https:\/\/les-atypiques-chalets.com\/wp-content\/uploads\/2024\/07\/luge-gerardmer.webp 1456w, https:\/\/les-atypiques-chalets.com\/wp-content\/uploads\/2024\/07\/luge-gerardmer-300x168.webp 300w, https:\/\/les-atypiques-chalets.com\/wp-content\/uploads\/2024\/07\/luge-gerardmer-1024x574.webp 1024w, https:\/\/les-atypiques-chalets.com\/wp-content\/uploads\/2024\/07\/luge-gerardmer-768x430.webp 768w, https:\/\/les-atypiques-chalets.com\/wp-content\/uploads\/2024\/07\/luge-gerardmer-100x56.webp 100w, https:\/\/les-atypiques-chalets.com\/wp-content\/uploads\/2024\/07\/luge-gerardmer-600x336.webp 600w\" sizes=\"(max-width: 1456px) 100vw, 1456px\" \/><\/div>\n\t\t<\/figure>\n\t<\/div>\n<\/div><\/div><\/div><\/div><div class=\"vc_row wpb_row vc_row-fluid\"><div class=\"wpb_column vc_column_container vc_col-sm-12\"><div class=\"vc_column-inner\"><div class=\"wpb_wrapper\">\n\t<div class=\"wpb_text_column wpb_content_element\" >\n\t\t<div class=\"wpb_wrapper\">\n\t\t\t<h2><span style=\"vertical-align: inherit;\">Fun en Famille en Hiver<\/span><\/h2>\n<p><span style=\"vertical-align: inherit;\">\u00c0 G\u00e9rardmer, vos vacances d&rsquo;hiver se transforment en aventure familiale inoubliable. Entre glisse et rires, vous trouverez de nombreuses activit\u00e9s adapt\u00e9es \u00e0 tous les \u00e2ges. Que vous soyez amateur de sports de glisse ou que vous souhaitiez simplement passer du temps en ext\u00e9rieur, cette station des <a href=\"https:\/\/les-atypiques-chalets.com\/de\/week-end-en-amoureux-dans-les-vosges\/\" data-wpil-monitor-id=\"1767\">Vosges saura vous s\u00e9duire avec son ambiance conviviale<\/a> et ses paysages enchanteurs.<\/span><\/p>\n<h3><span style=\"vertical-align: inherit;\">Exp\u00e9rience de Luge<\/span><\/h3>\n<p>Pour une journ\u00e9e de glisse en famille, rendez-vous \u00e0 <a href=\"https:\/\/gerardmer.net\/details_adherent.php?produit=777002026\" target=\"_blank\" rel=\"noopener nofollow\">La Mauselaine o\u00f9 vous d\u00e9couvrirez deux pistes de luge adapt\u00e9es<\/a> \u00e0 tous. <strong>Accessible d\u00e8s 2 ans<\/strong>, cet espace est parfait pour les petits et les grands. N\u2019oubliez pas d\u2019emmener votre luge ou de la louer sur place : l\u2019amusement est garanti sans remonte-pente apr\u00e8s la descente, ce qui permet de muscler vos mollets tout en vous amusant !<\/p>\n<h3>Aventure en Raquettes<\/h3>\n<p>Enfilez vos raquettes et partez \u00e0 la d\u00e9couverte des magnifiques paysages hivernaux g\u00e9r\u00f4mois. G\u00e9rardmer offre de nombreux itin\u00e9raires balis\u00e9s \u00e0 travers des sapins <a href=\"https:\/\/les-atypiques-chalets.com\/de\/tag\/pistes-enneigees\/\" data-wpil-monitor-id=\"2272\">enneig\u00e9s<\/a>. Vous pouvez choisir des parcours faciles adapt\u00e9s \u00e0 votre niveau, tels que la Boucle du Chemin de la Fontaine Gourrier. <strong>Avec des panoramas exceptionnels<\/strong> \u00e0 chaque tournant, cette activit\u00e9 est id\u00e9ale pour passer des moments m\u00e9morables en famille. N&rsquo;oubliez pas de vous \u00e9quiper de bonnes chaussures et de profiter d&rsquo;un chaleureux restaurant de montagne apr\u00e8s votre randonn\u00e9e !<\/p>\n<h2><\/h2>\n\n\t\t<\/div>\n\t<\/div>\n<\/div><\/div><\/div><\/div><div class=\"vc_row wpb_row vc_row-fluid\"><div class=\"wpb_column vc_column_container vc_col-sm-12\"><div class=\"vc_column-inner\"><div class=\"wpb_wrapper\">\n\t<div  class=\"wpb_single_image wpb_content_element vc_align_left wpb_content_element\">\n\t\t\n\t\t<figure class=\"wpb_wrapper vc_figure\">\n\t\t\t<div class=\"vc_single_image-wrapper   vc_box_border_grey\"><img decoding=\"async\" width=\"1456\" height=\"816\" src=\"https:\/\/les-atypiques-chalets.com\/wp-content\/uploads\/2024\/07\/saut-a-ski.webp\" class=\"vc_single_image-img attachment-full\" alt=\"Skieur s&#039;\u00e9lan\u00e7ant sur un tremplin de saut \u00e0 ski\" title=\"Saut \u00e0 ski \u00e0 G\u00e9rardmer\" srcset=\"https:\/\/les-atypiques-chalets.com\/wp-content\/uploads\/2024\/07\/saut-a-ski.webp 1456w, https:\/\/les-atypiques-chalets.com\/wp-content\/uploads\/2024\/07\/saut-a-ski-300x168.webp 300w, https:\/\/les-atypiques-chalets.com\/wp-content\/uploads\/2024\/07\/saut-a-ski-1024x574.webp 1024w, https:\/\/les-atypiques-chalets.com\/wp-content\/uploads\/2024\/07\/saut-a-ski-768x430.webp 768w, https:\/\/les-atypiques-chalets.com\/wp-content\/uploads\/2024\/07\/saut-a-ski-100x56.webp 100w, https:\/\/les-atypiques-chalets.com\/wp-content\/uploads\/2024\/07\/saut-a-ski-600x336.webp 600w\" sizes=\"(max-width: 1456px) 100vw, 1456px\" \/><\/div>\n\t\t<\/figure>\n\t<\/div>\n<\/div><\/div><\/div><\/div><div class=\"vc_row wpb_row vc_row-fluid\"><div class=\"wpb_column vc_column_container vc_col-sm-12\"><div class=\"vc_column-inner\"><div class=\"wpb_wrapper\">\n\t<div class=\"wpb_text_column wpb_content_element\" >\n\t\t<div class=\"wpb_wrapper\">\n\t\t\t<h2>Frissons uniques<\/h2>\n<p>G\u00e9rardmer est l\u2019endroit id\u00e9al pour vivre des aventures hors du commun qui vous feront battre le c\u0153ur. Que vous souhaitiez vous essayer au <a href=\"https:\/\/gerardmer.net\/details_adherent.php?produit=777007505\" target=\"_blank\" rel=\"noopener nofollow\"><strong>saut \u00e0 ski<\/strong><\/a> ou survoler les paysages majestueux en <strong>parapente<\/strong>, chaque exp\u00e9rience promet des sensations fortes et des souvenirs inoubliables que vous ne serez pas pr\u00eat d\u2019oublier.<\/p>\n<h3>Introduction au saut \u00e0 ski<\/h3>\n<p>Vous \u00eates en qu\u00eate d&rsquo;une mont\u00e9e d&rsquo;adr\u00e9naline ? Essayez le <strong>saut \u00e0 ski<\/strong> ! Encadr\u00e9 par des professionnels, vous apprendrez les bases de cette discipline passionnante. Accessible d\u00e8s l&rsquo;\u00e2ge de 7 ans, cette initiation de deux heures vous permet de d\u00e9couvrir les techniques et de ressentir la sensation de voler au-dessus des sapins vosgiens.<\/p>\n\n\t\t<\/div>\n\t<\/div>\n<\/div><\/div><\/div><\/div><div class=\"vc_row wpb_row vc_row-fluid\"><div class=\"wpb_column vc_column_container vc_col-sm-12\"><div class=\"vc_column-inner\"><div class=\"wpb_wrapper\">\n\t<div  class=\"wpb_single_image wpb_content_element vc_align_left wpb_content_element\">\n\t\t\n\t\t<figure class=\"wpb_wrapper vc_figure\">\n\t\t\t<div class=\"vc_single_image-wrapper   vc_box_border_grey\"><img decoding=\"async\" width=\"1456\" height=\"816\" src=\"https:\/\/les-atypiques-chalets.com\/wp-content\/uploads\/2024\/07\/parapente.webp\" class=\"vc_single_image-img attachment-full\" alt=\"Parapentiste en vol au-dessus des montagnes vosgiennes\" title=\"Parapente \u00e0 G\u00e9rardmer\" srcset=\"https:\/\/les-atypiques-chalets.com\/wp-content\/uploads\/2024\/07\/parapente.webp 1456w, https:\/\/les-atypiques-chalets.com\/wp-content\/uploads\/2024\/07\/parapente-300x168.webp 300w, https:\/\/les-atypiques-chalets.com\/wp-content\/uploads\/2024\/07\/parapente-1024x574.webp 1024w, https:\/\/les-atypiques-chalets.com\/wp-content\/uploads\/2024\/07\/parapente-768x430.webp 768w, https:\/\/les-atypiques-chalets.com\/wp-content\/uploads\/2024\/07\/parapente-100x56.webp 100w, https:\/\/les-atypiques-chalets.com\/wp-content\/uploads\/2024\/07\/parapente-600x336.webp 600w\" sizes=\"(max-width: 1456px) 100vw, 1456px\" \/><\/div>\n\t\t<\/figure>\n\t<\/div>\n<\/div><\/div><\/div><\/div><div class=\"vc_row wpb_row vc_row-fluid\"><div class=\"wpb_column vc_column_container vc_col-sm-12\"><div class=\"vc_column-inner\"><div class=\"wpb_wrapper\">\n\t<div class=\"wpb_text_column wpb_content_element\" >\n\t\t<div class=\"wpb_wrapper\">\n\t\t\t<h3>Exp\u00e9rience en parapente<\/h3>\n<p>\u00c9prouvez l&rsquo;ultime sensation de libert\u00e9 en vous \u00e9lan\u00e7ant en <a href=\"https:\/\/www.vosges-dans-le-vent.com\/\" target=\"_blank\" rel=\"noopener nofollow\"><strong>parapente<\/strong><\/a>. Lors de cette activit\u00e9, vous serez guid\u00e9 par un moniteur exp\u00e9riment\u00e9, vous permettant de savourer chaque instant de votre vol. Vous aurez l&rsquo;occasion de profiter d&rsquo;une vue imprenable sur les magnifiques paysages vosgiens. Apr\u00e8s quelques sauts d&rsquo;initiation, vous serez pr\u00eat pour un vol en biplace qui vous permettra d&rsquo;admirer les cimes des Vosges et peut-\u00eatre m\u00eame les Alpes Suisses !<\/p>\n\n\t\t<\/div>\n\t<\/div>\n<\/div><\/div><\/div><\/div><div class=\"vc_row wpb_row vc_row-fluid\"><div class=\"wpb_column vc_column_container vc_col-sm-12\"><div class=\"vc_column-inner\"><div class=\"wpb_wrapper\">\n\t<div  class=\"wpb_single_image wpb_content_element vc_align_left wpb_content_element\">\n\t\t\n\t\t<figure class=\"wpb_wrapper vc_figure\">\n\t\t\t<div class=\"vc_single_image-wrapper   vc_box_border_grey\"><img decoding=\"async\" width=\"1000\" height=\"563\" src=\"https:\/\/les-atypiques-chalets.com\/wp-content\/uploads\/2024\/11\/gerardmer.webp\" class=\"vc_single_image-img attachment-full\" alt=\"Vue du lac de G\u00e9rardmer, entour\u00e9 de for\u00eats et de montagnes dans les Vosges\" title=\"Vue panoramique du lac de G\u00e9rardmer entour\u00e9 de for\u00eats vosgiennes\" srcset=\"https:\/\/les-atypiques-chalets.com\/wp-content\/uploads\/2024\/11\/gerardmer.webp 1000w, https:\/\/les-atypiques-chalets.com\/wp-content\/uploads\/2024\/11\/gerardmer-300x169.webp 300w, https:\/\/les-atypiques-chalets.com\/wp-content\/uploads\/2024\/11\/gerardmer-768x432.webp 768w, https:\/\/les-atypiques-chalets.com\/wp-content\/uploads\/2024\/11\/gerardmer-100x56.webp 100w, https:\/\/les-atypiques-chalets.com\/wp-content\/uploads\/2024\/11\/gerardmer-600x338.webp 600w\" sizes=\"(max-width: 1000px) 100vw, 1000px\" \/><\/div>\n\t\t<\/figure>\n\t<\/div>\n<\/div><\/div><\/div><\/div><div class=\"vc_row wpb_row vc_row-fluid\"><div class=\"wpb_column vc_column_container vc_col-sm-12\"><div class=\"vc_column-inner\"><div class=\"wpb_wrapper\">\n\t<div class=\"wpb_text_column wpb_content_element\" >\n\t\t<div class=\"wpb_wrapper\">\n\t\t\t<h2>Randonn\u00e9es Spectaculaires<\/h2>\n<p>\u00c0 G\u00e9rardmer, les randonn\u00e9es offrent des panoramas \u00e0 couper le souffle que vous ne devez pas manquer. Entre les sentiers balis\u00e9s du Parc Naturel R\u00e9gional des Ballons des Vosges et les paysages enchanteurs, vous aurez l&rsquo;occasion de vous immerger dans la beaut\u00e9 de la nature vosgienne. Pr\u00e9parez-vous \u00e0 admirer les sapins enneig\u00e9s, les lacs scintillants et la s\u00e9r\u00e9nit\u00e9 des lieux lors de vos escapades en plein air.<\/p>\n<h3>Explorer autour du Lac<\/h3>\n<p>En partant pour une randonn\u00e9e autour du lac de G\u00e9rardmer, vous profiterez de paysages idylliques tout en vous impr\u00e9gnant de l&rsquo;air vivifiant de la montagne. La boucle de 7,7 km vous permet d&rsquo;admirer la beaut\u00e9 des rives, tout en offrant de merveilleuses vues sur les for\u00eats environnantes et les <a href=\"https:\/\/les-atypiques-chalets.com\/de\/les-meilleurs-spots-pour-le-parapente-dans-la-region-de-gerardmer\/\" data-wpil-monitor-id=\"2018\">Cr\u00eates vosgiennes<\/a>. Une exp\u00e9rience \u00e0 ne pas manquer pour les amateurs de nature.<\/p>\n<h3>Gravir la Tour de M\u00e9relle<\/h3>\n<p>La randonn\u00e9e vers la <a href=\"https:\/\/www.tourisme.vosges.fr\/actus\/nouveaute\/loisirs\/triathlon-de-vallee-lacs-starting-blocks\/777008309-balade-de-lobservatoire-et-de-la-cascade-de-merelle\" target=\"_blank\" rel=\"noopener nofollow\">Tour de M\u00e9relle<\/a> est une aventure m\u00e9morable qui vous conduira \u00e0 travers 300 m\u00e8tres de d\u00e9nivel\u00e9 positif. Ce parcours de 7,7 km vous offre l&rsquo;opportunit\u00e9 de d\u00e9couvrir la cascade de M\u00e9relle. <strong>Attention aux passages escarp\u00e9s qui n\u00e9cessitent de bonnes chaussures<\/strong>. En grimpant les 85 marches en bois de la tour, pr\u00e9parez-vous \u00e0 \u00eatre r\u00e9compens\u00e9 par un panorama <strong>\u00e9poustouflant \u00e0 360\u00b0<\/strong> sur le lac et la nature environnante.<\/p>\n<p>En gravissant la Tour de M\u00e9relle, vous serez \u00e9merveill\u00e9 par la vue imprenable qui s\u2019offre \u00e0 vous au sommet. <strong>Assurez-vous de respecter la limite de 4 personnes \u00e0 la fois<\/strong> pour profiter pleinement de ce moment exceptionnel. Apr\u00e8s avoir contempl\u00e9 l&rsquo;\u00e9tendue du lac et les majestueuses for\u00eats de sapins, vous redescendrez le c\u0153ur rempli de souvenirs inoubliables et de photos saisissantes, pr\u00eates \u00e0 \u00eatre partag\u00e9es !<\/p>\n\n\t\t<\/div>\n\t<\/div>\n<\/div><\/div><\/div><\/div><div class=\"vc_row wpb_row vc_row-fluid\"><div class=\"wpb_column vc_column_container vc_col-sm-12\"><div class=\"vc_column-inner\"><div class=\"wpb_wrapper\">\n\t<div  class=\"wpb_single_image wpb_content_element vc_align_left wpb_content_element\">\n\t\t\n\t\t<figure class=\"wpb_wrapper vc_figure\">\n\t\t\t<div class=\"vc_single_image-wrapper   vc_box_border_grey\"><img decoding=\"async\" width=\"1456\" height=\"816\" src=\"https:\/\/les-atypiques-chalets.com\/wp-content\/uploads\/2023\/11\/vtt-les-atypiques-chalets.webp\" class=\"vc_single_image-img attachment-full\" alt=\"Parcours VTT technique G\u00e9rardmer dans les Vosges\" title=\"vtt-les-atypiques-chalets\" srcset=\"https:\/\/les-atypiques-chalets.com\/wp-content\/uploads\/2023\/11\/vtt-les-atypiques-chalets.webp 1456w, https:\/\/les-atypiques-chalets.com\/wp-content\/uploads\/2023\/11\/vtt-les-atypiques-chalets-300x168.webp 300w, https:\/\/les-atypiques-chalets.com\/wp-content\/uploads\/2023\/11\/vtt-les-atypiques-chalets-1024x574.webp 1024w, https:\/\/les-atypiques-chalets.com\/wp-content\/uploads\/2023\/11\/vtt-les-atypiques-chalets-768x430.webp 768w, https:\/\/les-atypiques-chalets.com\/wp-content\/uploads\/2023\/11\/vtt-les-atypiques-chalets-100x56.webp 100w, https:\/\/les-atypiques-chalets.com\/wp-content\/uploads\/2023\/11\/vtt-les-atypiques-chalets-600x336.webp 600w\" sizes=\"(max-width: 1456px) 100vw, 1456px\" \/><\/div>\n\t\t<\/figure>\n\t<\/div>\n<\/div><\/div><\/div><\/div><div class=\"vc_row wpb_row vc_row-fluid\"><div class=\"wpb_column vc_column_container vc_col-sm-12\"><div class=\"vc_column-inner\"><div class=\"wpb_wrapper\">\n\t<div class=\"wpb_text_column wpb_content_element\" >\n\t\t<div class=\"wpb_wrapper\">\n\t\t\t<h2>Cyclisme en plein air<\/h2>\n<p>G\u00e9rardmer est une destination de choix pour les amateurs <a href=\"https:\/\/gerardmer.net\/randos-et-balades-cyclo.php\" target=\"_blank\" rel=\"noopener nofollow\">de cyclisme en plein air<\/a>, offrant une combinaison parfaite de paysages pittoresques et de parcours adapt\u00e9s \u00e0 tous les niveaux. Que vous soyez un cycliste d\u00e9butant ou un v\u00e9t\u00e9tiste exp\u00e9riment\u00e9, vous aurez l&rsquo;opportunit\u00e9 de d\u00e9couvrir des sentiers balis\u00e9s entour\u00e9s de sapins et offrant des panoramas \u00e9poustouflants sur les Vosges. N&rsquo;oubliez pas d&rsquo;apporter votre mat\u00e9riel afin de profiter pleinement de cette exp\u00e9rience m\u00e9morable !<\/p>\n<h3>Sentiers de VTT dans les Vosges<\/h3>\n<p><a href=\"https:\/\/gerardmer.net\/randos-et-balades-vtt.php\" target=\"_blank\" rel=\"noopener nofollow\">Les sentiers de VTT<\/a> autour de G\u00e9rardmer, comme la boucle de la Roche des Bioquets, sont parfaits pour explorer le parc naturel. Avec 7,2 km de pistes et un d\u00e9nivel\u00e9 de 284 m, ces parcours sont accessibles \u00e0 tous et vous permettent d&rsquo;admirer des vues imprenables, notamment sur les Alpes Suisses par temps clair. Assurez-vous de respecter les consignes de s\u00e9curit\u00e9 tout en profitant des paysages \u00e0 couper le souffle !<\/p>\n<h2>Schlussfolgerung<\/h2>\n<p>En visitant G\u00e9rardmer, vous avez l&rsquo;opportunit\u00e9 de d\u00e9couvrir un v\u00e9ritable paradis pour les amateurs de nature et de sensations fortes. Que ce soit en d\u00e9valant les pistes de ski, en vous initiant au biathlon ou en survolant les paysages en parapente, chaque activit\u00e9 vous permettra de vivre des moments inoubliables. N&rsquo;oubliez pas de profiter des panoramas majestueux et de la richesse naturelle du Parc des Ballons des Vosges. Planifiez votre s\u00e9jour d\u00e8s maintenant pour explorer toutes les merveilles que cette r\u00e9gion a \u00e0 offrir.<\/p>\n\n\t\t<\/div>\n\t<\/div>\n<\/div><\/div><\/div><\/div><div class=\"vc_row wpb_row vc_row-fluid\"><div class=\"wpb_column vc_column_container vc_col-sm-12\"><div class=\"vc_column-inner\"><div class=\"wpb_wrapper\"><div class=\"vc_empty_space\"   style=\"height: 32px\"><span class=\"vc_empty_space_inner\"><\/span><\/div>\n\t<div class=\"wpb_text_column wpb_content_element\" >\n\t\t<div class=\"wpb_wrapper\">\n\t\t\t<h2>FAQ<\/h2>\n<h4>Q: Quelles sont les meilleures activit\u00e9s \u00e0 faire \u00e0 G\u00e9rardmer en hiver ?<\/h4>\n<p><span style=\"vertical-align: inherit;\">R : G\u00e9rardmer offre une vari\u00e9t\u00e9 d&rsquo;activit\u00e9s hivernales, notamment le ski alpin \u00e0 La Mauselaine, l&rsquo;initiation au biathlon, des pistes de luge pour toute la famille, ainsi que des randonn\u00e9es en raquettes. Vous pouvez \u00e9galement d\u00e9couvrir le saut \u00e0 ski pour les amateurs de sensations fortes.<\/span><\/p>\n<h4><span style=\"vertical-align: inherit;\">Q: Est-il n\u00e9cessaire de r\u00e9server \u00e0 l&rsquo;avance pour louer du mat\u00e9riel de ski ?<\/span><\/h4>\n<p><span style=\"vertical-align: inherit;\">R : Oui, il est recommand\u00e9 de r\u00e9server \u00e0 l&rsquo;avance votre mat\u00e9riel de ski pour \u00e9viter les fichiers d&rsquo;attente. En r\u00e9servant en ligne, vous pouvez m\u00eame b\u00e9n\u00e9ficier d&rsquo;une r\u00e9duction de 5 % sur le montant total de votre location gr\u00e2ce \u00e0 Generation Voyage.<\/span><\/p>\n<h4><span style=\"vertical-align: inherit;\">Q: Quelle est la difficult\u00e9 des randonn\u00e9es en raquettes autour de G\u00e9rardmer ?<\/span><\/h4>\n<p><span style=\"vertical-align: inherit;\">A: Les itin\u00e9raires de randonn\u00e9e en raquettes autour de G\u00e9rardmer varient de facile \u00e0 mod\u00e9r\u00e9. Les parcours durent entre 2 et 4 heures, avec des distances allant de 6 \u00e0 11 km, ce qui les rend accessibles \u00e0 tous les niveaux de randonneurs.<\/span><\/p>\n<h4><span style=\"vertical-align: inherit;\">Q: O\u00f9 puis-je pratiquer le parapente \u00e0 G\u00e9rardmer ?<\/span><\/h4>\n<p><span style=\"vertical-align: inherit;\">R : \u00c0 G\u00e9rardmer, plusieurs \u00e9coles de parapente proposent des s\u00e9ances d&rsquo;initiation et des vols en biplace. Lors de ces journ\u00e9es d\u00e9couvertes, vous apprendrez les bases du parapente avant de profiter d&rsquo;un vol avec un moniteur exp\u00e9riment\u00e9.<\/span><\/p>\n<h4><span style=\"vertical-align: inherit;\">Q : Quels sont les points de vue incontournables \u00e0 visiter lors d&rsquo;une randonn\u00e9e ?<\/span><\/h4>\n<p><span style=\"vertical-align: inherit;\">R : Lors de votre randonn\u00e9e autour du Lac de G\u00e9rardmer, ne d\u00e9passez pas l&rsquo;Observatoire de M\u00e9relle et la T\u00eate de Grouvelin. Ces sites offrent des panoramas spectaculaires sur le lac et la cha\u00eene des Vosges, parfaits pour prendre des photos m\u00e9morables.<\/span><\/p>\n\n\t\t<\/div>\n\t<\/div>\n<\/div><\/div><\/div><\/div>\n<\/div>","protected":false},"excerpt":{"rendered":"<p>Que faire \u00e0 G\u00e9rardmer ? D\u00e9couvrez 10 activit\u00e9s incontournables : lac, ski, randonn\u00e9e, gastronomie. Guide complet avec photos et bons plans !<\/p>\n<a href=\"https:\/\/les-atypiques-chalets.com\/de\/chalet-iorik\/\" class=\"sohohotel-more-link\">Read More<\/a>","protected":false},"author":1,"featured_media":2042865,"comment_status":"closed","ping_status":"closed","sticky":false,"template":"","format":"standard","meta":{"_yoast_wpseo_title":"","_yoast_wpseo_metadesc":"","_yoast_wpseo_focuskw":"#G\u00e9rardmer #VosgesNature #LacDeG\u00e9rardmer #Randonn\u00e9eVosges #CascadeDeM\u00e9relle #SkiVosges #ParapenteVosges #S\u00e9jourNature #VacancesVosges #AventureVosgienne","footnotes":""},"categories":[810,707],"tags":[1140,1660,664,708,731,838,1043,711,923,1554],"class_list":["post-2042792","post","type-post","status-publish","format-standard","has-post-thumbnail","hentry","category-locatif-saisonnier","category-gerardmer","tag-activites-vosges","tag-cascades-vosges","tag-gerardmer","tag-lac-de-gerardmer","tag-nature-vosges","tag-parapente-vosges","tag-randonnee-vosges","tag-ski-gerardmer","tag-tourisme-gerardmer","tag-week-end-nature"],"_links":{"self":[{"href":"https:\/\/les-atypiques-chalets.com\/de\/wp-json\/wp\/v2\/posts\/2042792","targetHints":{"allow":["GET"]}}],"collection":[{"href":"https:\/\/les-atypiques-chalets.com\/de\/wp-json\/wp\/v2\/posts"}],"about":[{"href":"https:\/\/les-atypiques-chalets.com\/de\/wp-json\/wp\/v2\/types\/post"}],"author":[{"embeddable":true,"href":"https:\/\/les-atypiques-chalets.com\/de\/wp-json\/wp\/v2\/users\/1"}],"replies":[{"embeddable":true,"href":"https:\/\/les-atypiques-chalets.com\/de\/wp-json\/wp\/v2\/comments?post=2042792"}],"version-history":[{"count":0,"href":"https:\/\/les-atypiques-chalets.com\/de\/wp-json\/wp\/v2\/posts\/2042792\/revisions"}],"wp:featuredmedia":[{"embeddable":true,"href":"https:\/\/les-atypiques-chalets.com\/de\/wp-json\/wp\/v2\/media\/2042865"}],"wp:attachment":[{"href":"https:\/\/les-atypiques-chalets.com\/de\/wp-json\/wp\/v2\/media?parent=2042792"}],"wp:term":[{"taxonomy":"category","embeddable":true,"href":"https:\/\/les-atypiques-chalets.com\/de\/wp-json\/wp\/v2\/categories?post=2042792"},{"taxonomy":"post_tag","embeddable":true,"href":"https:\/\/les-atypiques-chalets.com\/de\/wp-json\/wp\/v2\/tags?post=2042792"}],"curies":[{"name":"wp","href":"https:\/\/api.w.org\/{rel}","templated":true}]}}