{"id":2043002,"date":"2025-04-25T08:29:14","date_gmt":"2025-04-25T08:29:14","guid":{"rendered":"https:\/\/les-atypiques-chalets.com\/les-10-choses-a-faire-a-gerardmer-2\/"},"modified":"2026-03-23T10:35:40","modified_gmt":"2026-03-23T10:35:40","slug":"les-10-choses-a-faire-a-gerardmer-en-ete","status":"publish","type":"post","link":"https:\/\/les-atypiques-chalets.com\/de\/les-10-choses-a-faire-a-gerardmer-en-ete\/","title":{"rendered":"G\u00e9rardmer im Sommer: Der ultimative Leitfaden f\u00fcr die 15 unverzichtbaren Aktivit\u00e4ten 2026 \u2600\ufe0f"},"content":{"rendered":"<div class=\"wpb-content-wrapper\"><div class=\"vc_row wpb_row vc_row-fluid\"><div class=\"wpb_column vc_column_container vc_col-sm-12\"><div class=\"vc_column-inner\"><div class=\"wpb_wrapper\">\n\t<div class=\"wpb_text_column wpb_content_element\" >\n\t\t<div class=\"wpb_wrapper\">\n\t\t\t<p data-rm-block-id=\"block-1\">\n\n\t\t<\/div>\n\t<\/div>\n<\/div><\/div><\/div><\/div><div class=\"vc_row wpb_row vc_row-fluid\"><div class=\"wpb_column vc_column_container vc_col-sm-12\"><div class=\"vc_column-inner\"><div class=\"wpb_wrapper\">\n\t<div class=\"wpb_text_column wpb_content_element\" >\n\t\t<div class=\"wpb_wrapper\">\n\t\t\t<h1 data-rm-block-id=\"block-2\"><span dir=\"auto\" style=\"vertical-align: inherit;\"><span dir=\"auto\" style=\"vertical-align: inherit;\">\u2728<span style=\"color: #683c16;\">G\u00e9rardmer en \u00c9t\u00e9 : Guide Ultime<br \/>\ndes 15 Activit\u00e9s Incontournables 2026 \u2600\ufe0f<\/span><\/span><\/span><\/h1>\n\n\t\t<\/div>\n\t<\/div>\n<\/div><\/div><\/div><\/div><div class=\"vc_row wpb_row vc_row-fluid\"><div class=\"wpb_column vc_column_container vc_col-sm-12\"><div class=\"vc_column-inner\"><div class=\"wpb_wrapper\"><div class=\"vc_empty_space\"   style=\"height: 32px\"><span class=\"vc_empty_space_inner\"><\/span><\/div>\t\n\t<!-- BEGIN .shb-accommodation-listing-style-1 -->\n\t<div class=\"shb-accommodation-listing-style-1 shb-accommodation-listing-style-1-columns-3 sohohotel-owl-carousel-4\">\n\t\t\n\t\t\t\t\n\t\t<!-- BEGIN .shb-accommodation-listing-item -->\n\t\t<div class=\"shb-accommodation-listing-item\">\n\t\t\t\n\t\t\t\t\t\t\t<a href=\"https:\/\/les-atypiques-chalets.com\/de\/chalet-charkhan\/\" rel=\"bookmark\" title=\"Chalet Charkhan\">\n\t\t\t\t\t\t\t\t\t\t<img decoding=\"async\" class=\"shb-accommodation-listing-image\" src=\"https:\/\/les-atypiques-chalets.com\/wp-content\/uploads\/2025\/03\/salon-charkhan-03-L-1180x675.webp\" alt=\"Chalet Charkhan\" \/>\t\t\t\t<\/a>\n\t\t\t\t\t\t\n\t\t\t<div class=\"shb-accommodation-listing-description-wrapper\">\n\t\t\t\t\n\t\t\t\t<h3><a href=\"https:\/\/les-atypiques-chalets.com\/de\/chalet-charkhan\/\" rel=\"bookmark\" title=\"Chalet Charkhan\">Chalet Charkhan<\/a><\/h3>\n\t\t\t\t\n\t\t\t\t<div class=\"shb-accommodation-listing-description shb-clearfix\">\n\t\t\t\t\t\n\t\t\t\t\t<ul>\r\n<li><i class=\"fas fa-user\"><\/i><span>Kapazit\u00e4t<\/span> 6 Personen<\/li>\r\n<li><i class=\"fas fa-ruler-combined\"><\/i><span>Oberfl\u00e4che<\/span> 65 m\u00b2<\/li>\r\n<li><i class=\"fas fa-hot-tub\"><\/i><span> Nordische Badewanne<\/span> privativ<\/li>\r\n<\/ul>\t\t\t\t\t\n\t\t\t\t\t<a href=\"https:\/\/les-atypiques-chalets.com\/de\/chalet-charkhan\/\" class=\"shb-accommodation-listing-button1\">ab 225\u20ac\/Nacht<\/a>\n\t\t\t\t\t<a href=\"https:\/\/les-atypiques-chalets.com\/de\/chalet-charkhan\/\" class=\"shb-accommodation-listing-button2\">Zimmer anzeigen<i class=\"fas fa-chevron-right\"><\/i><\/a>\n\t\t\t\t\n\t\t\t\t<\/div>\n\t\t\t\t\n\t\t\t<\/div>\n\t\t\t\n\t\t<!-- END .shb-accommodation-listing-item -->\n\t\t<\/div>\n\t\t\n\t\t\t\t\n\t\t<!-- BEGIN .shb-accommodation-listing-item -->\n\t\t<div class=\"shb-accommodation-listing-item\">\n\t\t\t\n\t\t\t\t\t\t\t<a href=\"https:\/\/les-atypiques-chalets.com\/de\/chalet-aslan\/\" rel=\"bookmark\" title=\"Chalet Aslan\">\n\t\t\t\t\t\t\t\t\t\t<img decoding=\"async\" class=\"shb-accommodation-listing-image\" src=\"https:\/\/les-atypiques-chalets.com\/wp-content\/uploads\/2025\/03\/ASLAN-2-900x710.webp\" alt=\"Chalet Aslan\" \/>\t\t\t\t<\/a>\n\t\t\t\t\t\t\n\t\t\t<div class=\"shb-accommodation-listing-description-wrapper\">\n\t\t\t\t\n\t\t\t\t<h3><a href=\"https:\/\/les-atypiques-chalets.com\/de\/chalet-aslan\/\" rel=\"bookmark\" title=\"Chalet Aslan\">Chalet Aslan<\/a><\/h3>\n\t\t\t\t\n\t\t\t\t<div class=\"shb-accommodation-listing-description shb-clearfix\">\n\t\t\t\t\t\n\t\t\t\t\t<ul>\r\n<li><i class=\"fas fa-user\"><\/i><span>Kapazit\u00e4t<\/span> 5 Personen<\/li>\r\n<li><i class=\"fas fa-ruler-combined\"><\/i><span>Oberfl\u00e4che<\/span> 65 m\u00b2<\/li>\r\n<li><i class=\"fas fa-hot-tub\"><\/i><span> Nordische Badewanne<\/span> privativ<\/li>\r\n<\/ul>\t\t\t\t\t\n\t\t\t\t\t<a href=\"https:\/\/les-atypiques-chalets.com\/de\/chalet-aslan\/\" class=\"shb-accommodation-listing-button1\">ab 215 \u20ac\/Nacht<\/a>\n\t\t\t\t\t<a href=\"https:\/\/les-atypiques-chalets.com\/de\/chalet-aslan\/\" class=\"shb-accommodation-listing-button2\">Zimmer anzeigen<i class=\"fas fa-chevron-right\"><\/i><\/a>\n\t\t\t\t\n\t\t\t\t<\/div>\n\t\t\t\t\n\t\t\t<\/div>\n\t\t\t\n\t\t<!-- END .shb-accommodation-listing-item -->\n\t\t<\/div>\n\t\t\n\t\t\t\t\n\t\t<!-- BEGIN .shb-accommodation-listing-item -->\n\t\t<div class=\"shb-accommodation-listing-item\">\n\t\t\t\n\t\t\t\t\t\t\t<a href=\"https:\/\/les-atypiques-chalets.com\/de\/chalet-iorik\/\" rel=\"bookmark\" title=\"Chalet Iorik\">\n\t\t\t\t\t\t\t\t\t\t<img decoding=\"async\" class=\"shb-accommodation-listing-image\" src=\"https:\/\/les-atypiques-chalets.com\/wp-content\/uploads\/2025\/09\/iorik-sejour-L-1024x710.webp\" alt=\"Chalet Iorik\" \/>\t\t\t\t<\/a>\n\t\t\t\t\t\t\n\t\t\t<div class=\"shb-accommodation-listing-description-wrapper\">\n\t\t\t\t\n\t\t\t\t<h3><a href=\"https:\/\/les-atypiques-chalets.com\/de\/chalet-iorik\/\" rel=\"bookmark\" title=\"Chalet Iorik\">Chalet Iorik<\/a><\/h3>\n\t\t\t\t\n\t\t\t\t<div class=\"shb-accommodation-listing-description shb-clearfix\">\n\t\t\t\t\t\n\t\t\t\t\t<ul>\r\n<li><i class=\"fas fa-user\"><\/i><span>Kapazit\u00e4t<\/span> 4 Personen<\/li>\r\n<li><i class=\"fas fa-ruler-combined\"><\/i><span>Oberfl\u00e4che<\/span> 45 m2<\/li>\r\n<li><i class=\"fas fa-hot-tub\"><\/i><span> Nordische Badewanne<\/span> privativ<\/li>\r\n<\/ul>\t\t\t\t\t\n\t\t\t\t\t<a href=\"https:\/\/les-atypiques-chalets.com\/de\/chalet-iorik\/\" class=\"shb-accommodation-listing-button1\">ab 170\u20ac\/Nacht<\/a>\n\t\t\t\t\t<a href=\"https:\/\/les-atypiques-chalets.com\/de\/chalet-iorik\/\" class=\"shb-accommodation-listing-button2\">Zimmer anzeigen<i class=\"fas fa-chevron-right\"><\/i><\/a>\n\t\t\t\t\n\t\t\t\t<\/div>\n\t\t\t\t\n\t\t\t<\/div>\n\t\t\t\n\t\t<!-- END .shb-accommodation-listing-item -->\n\t\t<\/div>\n\t\t\n\t\t\t\t\n\t<!-- END .shb-accommodation-listing-style-1 -->\n\t<\/div>\n\t\n\t<div class=\"vc_row wpb_row vc_inner vc_row-fluid\"><div class=\"wpb_column vc_column_container vc_col-sm-4\"><div class=\"vc_column-inner\"><div class=\"wpb_wrapper\">\n\t<div  class=\"wpb_single_image wpb_content_element vc_align_left wpb_content_element\">\n\t\t\n\t\t<figure class=\"wpb_wrapper vc_figure\">\n\t\t\t<a href=\"https:\/\/www.airbnb.fr\/rooms\/1181799444491659558?source_impression_id=p3_1737454110_P389ZYEJ78eXKMcr\" target=\"_self\" class=\"vc_single_image-wrapper   vc_box_border_grey\" rel=\"nofollow noopener\"><img decoding=\"async\" width=\"694\" height=\"426\" src=\"https:\/\/les-atypiques-chalets.com\/wp-content\/uploads\/2025\/01\/Capture-decran-2025-01-15-a-13.55.52.jpg\" class=\"vc_single_image-img attachment-full\" alt=\"Die Atypiques Chalets mit einer perfekten Punktzahl von 5,0 ausgezeichnet, was sie zu einem Favoriten von Reisenden macht.\" title=\"Les Atypiques Chalets \u2013 Ein Herzenswunsch von Airbnb-Reisenden\" srcset=\"https:\/\/les-atypiques-chalets.com\/wp-content\/uploads\/2025\/01\/Capture-decran-2025-01-15-a-13.55.52.jpg 694w, https:\/\/les-atypiques-chalets.com\/wp-content\/uploads\/2025\/01\/Capture-decran-2025-01-15-a-13.55.52-300x184.jpg 300w, https:\/\/les-atypiques-chalets.com\/wp-content\/uploads\/2025\/01\/Capture-decran-2025-01-15-a-13.55.52-100x61.jpg 100w, https:\/\/les-atypiques-chalets.com\/wp-content\/uploads\/2025\/01\/Capture-decran-2025-01-15-a-13.55.52-600x368.jpg 600w\" sizes=\"(max-width: 694px) 100vw, 694px\" \/><\/a>\n\t\t<\/figure>\n\t<\/div>\n<\/div><\/div><\/div><div class=\"wpb_column vc_column_container vc_col-sm-4\"><div class=\"vc_column-inner\"><div class=\"wpb_wrapper\">\n\t<div  class=\"wpb_single_image wpb_content_element vc_align_left wpb_content_element\">\n\t\t\n\t\t<figure class=\"wpb_wrapper vc_figure\">\n\t\t\t<a href=\"https:\/\/www.google.com\/search?q=Les+Atypiques+Chalets&#038;stick=H4sIAAAAAAAA_-NgU1I1qDAxtzRONkwyTTM3MDK2TEmzMqgAshItTdIMTFINjC1NDJIXsYr6pBYrOJZUFmQWlgJZzhmJOaklxQAK4Na5QQAAAA&#038;hl=fr&#038;ma\" target=\"_self\" class=\"vc_single_image-wrapper   vc_box_border_grey\" rel=\"nofollow noopener\"><img decoding=\"async\" width=\"324\" height=\"156\" src=\"https:\/\/les-atypiques-chalets.com\/wp-content\/uploads\/2024\/03\/avis-google.webp\" class=\"vc_single_image-img attachment-full\" alt=\"\" title=\"Google-Bewertung\" srcset=\"https:\/\/les-atypiques-chalets.com\/wp-content\/uploads\/2024\/03\/avis-google.webp 324w, https:\/\/les-atypiques-chalets.com\/wp-content\/uploads\/2024\/03\/avis-google-300x144.webp 300w, https:\/\/les-atypiques-chalets.com\/wp-content\/uploads\/2024\/03\/avis-google-100x48.webp 100w\" sizes=\"(max-width: 324px) 100vw, 324px\" \/><\/a>\n\t\t<\/figure>\n\t<\/div>\n<\/div><\/div><\/div><div class=\"wpb_column vc_column_container vc_col-sm-4\"><div class=\"vc_column-inner\"><div class=\"wpb_wrapper\">\n\t<div  class=\"wpb_single_image wpb_content_element vc_align_left wpb_content_element\">\n\t\t\n\t\t<figure class=\"wpb_wrapper vc_figure\">\n\t\t\t<a href=\"https:\/\/www.airbnb.fr\/users\/show\/202431572\" target=\"_self\" class=\"vc_single_image-wrapper   vc_box_border_grey\" rel=\"nofollow noopener\"><img decoding=\"async\" width=\"375\" height=\"125\" src=\"https:\/\/les-atypiques-chalets.com\/wp-content\/uploads\/2024\/10\/create-a-professionally-written-new-airbnb-listing-1600x533-1.webp\" class=\"vc_single_image-img attachment-full\" alt=\"\" title=\"Erstellen Sie eine professionell geschriebene neue Airbnb-Liste (1600x533)\" srcset=\"https:\/\/les-atypiques-chalets.com\/wp-content\/uploads\/2024\/10\/create-a-professionally-written-new-airbnb-listing-1600x533-1.webp 375w, https:\/\/les-atypiques-chalets.com\/wp-content\/uploads\/2024\/10\/create-a-professionally-written-new-airbnb-listing-1600x533-1-300x100.webp 300w, https:\/\/les-atypiques-chalets.com\/wp-content\/uploads\/2024\/10\/create-a-professionally-written-new-airbnb-listing-1600x533-1-100x33.webp 100w\" sizes=\"(max-width: 375px) 100vw, 375px\" \/><\/a>\n\t\t<\/figure>\n\t<\/div>\n<\/div><\/div><\/div><\/div>\n\t<div class=\"wpb_text_column wpb_content_element\" >\n\t\t<div class=\"wpb_wrapper\">\n\t\t\t<p><img decoding=\"async\" style=\"max-width: 800px; height: auto; margin: 20px auto; display: block;\" src=\"https:\/\/les-atypiques-chalets.com\/wp-content\/uploads\/2025\/04\/natation-gerardmer.webp\" alt=\"G\u00e9rardmer en \u00e9t\u00e9 baignade lac activit\u00e9s nautiques Vosges\" width=\"100%\" \/><\/p>\n\n\t\t<\/div>\n\t<\/div>\n<\/div><\/div><\/div><\/div><div class=\"vc_row wpb_row vc_row-fluid\"><div class=\"wpb_column vc_column_container vc_col-sm-12\"><div class=\"vc_column-inner\"><div class=\"wpb_wrapper\">\n\t<div class=\"wpb_text_column wpb_content_element\" >\n\t\t<div class=\"wpb_wrapper\">\n\t\t\t<p><strong>Depuis nos chalets A-Frame de Barbey-Seroux<\/strong>, <strong>\u00e0 seulement 10 km de G\u00e9rardmer<\/strong>, nous accueillons chaque \u00e9t\u00e9 des centaines de voyageurs qui d\u00e9couvrent la \u00ab\u00a0<strong>Perle des Vosges<\/strong>\u00a0\u00bb sous le soleil. Apr\u00e8s trois ann\u00e9es \u00e0 guider nos h\u00f4tes vers les meilleures exp\u00e9riences estivales, <strong>nous avons rassembl\u00e9 dans ce guide les 15 activit\u00e9s incontournables pour profiter pleinement de G\u00e9rardmer en \u00e9t\u00e9<\/strong>.<\/p>\n<p data-rm-block-id=\"block-4\">Que vous veniez en famille, en couple ou entre amis, que vous soyez sportif ou contemplatif, amateur de nature ou de gastronomie, G\u00e9rardmer en \u00e9t\u00e9 offre une richesse d&rsquo;exp\u00e9riences qui transforme chaque s\u00e9jour en souvenir inoubliable. Et apr\u00e8s vos journ\u00e9es d&rsquo;exploration, rien de tel qu&rsquo;un retour \u00e0 nos <a href=\"https:\/\/les-atypiques-chalets.com\/de\/passez-lete-dans-un-chalet-avec-bain-nordiques-privatif-a-gerardmer\/\" data-wpil-monitor-id=\"2719\">chalets pour une soir\u00e9e d\u00e9tente dans votre bain nordique privatif<\/a> sous les \u00e9toiles vosgiennes.<\/p>\n<p data-rm-block-id=\"block-5\"><strong>Dans ce <a href=\"https:\/\/les-atypiques-chalets.com\/de\/die-10-schonsten-dinge-die-man-in-gerardmer-unternehmen-kann\/\" data-wpil-monitor-id=\"2717\">guide complet<\/a><\/strong> : activit\u00e9s au lac, randonn\u00e9es secr\u00e8tes, restaurants test\u00e9s, horaires des march\u00e9s, bons plans locaux et conseils pratiques pour r\u00e9ussir vos vacances \u00e0 G\u00e9rardmer en \u00e9t\u00e9.<\/p>\n\n\t\t<\/div>\n\t<\/div>\n\n\t<div class=\"wpb_video_widget wpb_content_element vc_clearfix   vc_video-aspect-ratio-169 vc_video-el-width-100 vc_video-align-center\" >\n\t\t<div class=\"wpb_wrapper\">\n\t\t\t\n\t\t\t<div class=\"wpb_video_wrapper\"><iframe title=\"LAC DE GERARDMER Vue du ciel #vosges\" width=\"500\" height=\"281\" src=\"https:\/\/www.youtube.com\/embed\/UCeb7ICzGdc?feature=oembed\" frameborder=\"0\" allow=\"accelerometer; autoplay; clipboard-write; encrypted-media; gyroscope; picture-in-picture; web-share\" referrerpolicy=\"strict-origin-when-cross-origin\" allowfullscreen><\/iframe><\/div>\n\t\t<\/div>\n\t<\/div>\n\n\t<div class=\"wpb_text_column wpb_content_element\" >\n\t\t<div class=\"wpb_wrapper\">\n\t\t\t<p style=\"text-align: center; margin-top: 10px; font-style: italic; color: #666;\">Le lac de G\u00e9rardmer en \u00e9t\u00e9 &#8211; Vue a\u00e9rienne et activit\u00e9s nautiques<\/p>\n\n\t\t<\/div>\n\t<\/div>\n<\/div><\/div><\/div><\/div><div class=\"vc_row wpb_row vc_row-fluid\"><div class=\"wpb_column vc_column_container vc_col-sm-12\"><div class=\"vc_column-inner\"><div class=\"wpb_wrapper\">\n\t<div  class=\"wpb_single_image wpb_content_element vc_align_left wpb_content_element\">\n\t\t\n\t\t<figure class=\"wpb_wrapper vc_figure\">\n\t\t\t<div class=\"vc_single_image-wrapper   vc_box_border_grey\"><img decoding=\"async\" width=\"1456\" height=\"816\" src=\"https:\/\/les-atypiques-chalets.com\/wp-content\/uploads\/2025\/03\/location-week-end-romantique.webp\" class=\"vc_single_image-img attachment-full\" alt=\"Couple souriant en balade dans une for\u00eat lumineuse des Vosges durant un week-end en chalet\" title=\"Week-end authentique en chalet dans les Vosges : moments complices en pleine nature\" srcset=\"https:\/\/les-atypiques-chalets.com\/wp-content\/uploads\/2025\/03\/location-week-end-romantique.webp 1456w, https:\/\/les-atypiques-chalets.com\/wp-content\/uploads\/2025\/03\/location-week-end-romantique-300x168.webp 300w, https:\/\/les-atypiques-chalets.com\/wp-content\/uploads\/2025\/03\/location-week-end-romantique-1024x574.webp 1024w, https:\/\/les-atypiques-chalets.com\/wp-content\/uploads\/2025\/03\/location-week-end-romantique-768x430.webp 768w, https:\/\/les-atypiques-chalets.com\/wp-content\/uploads\/2025\/03\/location-week-end-romantique-100x56.webp 100w, https:\/\/les-atypiques-chalets.com\/wp-content\/uploads\/2025\/03\/location-week-end-romantique-600x336.webp 600w\" sizes=\"(max-width: 1456px) 100vw, 1456px\" \/><\/div>\n\t\t<\/figure>\n\t<\/div>\n<\/div><\/div><\/div><\/div><div class=\"vc_row wpb_row vc_row-fluid\"><div class=\"wpb_column vc_column_container vc_col-sm-12\"><div class=\"vc_column-inner\"><div class=\"wpb_wrapper\">\n\t<div  class=\"wpb_single_image wpb_content_element vc_align_left wpb_content_element\">\n\t\t\n\t\t<figure class=\"wpb_wrapper vc_figure\">\n\t\t\t<div class=\"vc_single_image-wrapper   vc_box_border_grey\"><img decoding=\"async\" width=\"1000\" height=\"563\" src=\"https:\/\/les-atypiques-chalets.com\/wp-content\/uploads\/2024\/11\/gerardmer.webp\" class=\"vc_single_image-img attachment-full\" alt=\"Vue du lac de G\u00e9rardmer, entour\u00e9 de for\u00eats et de montagnes dans les Vosges\" title=\"Vue panoramique du lac de G\u00e9rardmer entour\u00e9 de for\u00eats vosgiennes\" srcset=\"https:\/\/les-atypiques-chalets.com\/wp-content\/uploads\/2024\/11\/gerardmer.webp 1000w, https:\/\/les-atypiques-chalets.com\/wp-content\/uploads\/2024\/11\/gerardmer-300x169.webp 300w, https:\/\/les-atypiques-chalets.com\/wp-content\/uploads\/2024\/11\/gerardmer-768x432.webp 768w, https:\/\/les-atypiques-chalets.com\/wp-content\/uploads\/2024\/11\/gerardmer-100x56.webp 100w, https:\/\/les-atypiques-chalets.com\/wp-content\/uploads\/2024\/11\/gerardmer-600x338.webp 600w\" sizes=\"(max-width: 1000px) 100vw, 1000px\" \/><\/div>\n\t\t<\/figure>\n\t<\/div>\n\n\t<div class=\"wpb_text_column wpb_content_element\" >\n\t\t<div class=\"wpb_wrapper\">\n\t\t\t<h2 data-rm-block-id=\"block-6\">\ud83c\udfca <span style=\"color: #683c16;\">Activit\u00e9s au Lac de G\u00e9rardmer en \u00e9t\u00e9<\/span><\/h2>\n<p data-rm-block-id=\"block-7\">Le <a href=\"https:\/\/les-atypiques-chalets.com\/de\/decouvrez-le-lac-de-gerardmer\/\" data-wpil-monitor-id=\"2724\">Lac de G\u00e9rardmer<\/a>, d&rsquo;origine glaciaire, est \u00e9videmment le c\u0153ur battant de la ville en \u00e9t\u00e9. Avec ses 2,2 km de long et sa <a href=\"https:\/\/www.meteofrance.com\/previsions-meteo-france\/gerardmer\/88400\" target=\"_blank\" rel=\"nofollow noopener\">temp\u00e9rature agr\u00e9able de juin \u00e0 septembre<\/a>, il offre une multitude d&rsquo;activit\u00e9s rafra\u00eechissantes.<\/p>\n<h3 data-rm-block-id=\"block-8\"><span style=\"color: #683c16;\">Baignade et plages am\u00e9nag\u00e9es<\/span><\/h3>\n<p data-rm-block-id=\"block-9\">Trois plages principales vous accueillent autour du lac :<\/p>\n<ul>\n<li data-rm-block-id=\"block-10\">&#8211; <strong>Plage de la Base de Loisirs<\/strong> (c\u00f4t\u00e9 ouest) : la plus grande, avec sanitaires, snack et location de transats. Id\u00e9ale pour les familles avec jeunes enfants gr\u00e2ce \u00e0 sa pente douce. Acc\u00e8s gratuit.<\/li>\n<li data-rm-block-id=\"block-11\">&#8211; <strong>Plage de la Ray\u00e9e<\/strong> (c\u00f4t\u00e9 est) : plus sauvage et calme, parfaite pour ceux qui recherchent la tranquillit\u00e9. Parking gratuit \u00e0 proximit\u00e9.<\/li>\n<li data-rm-block-id=\"block-12\">&#8211; <strong>Plage du Centre-Ville<\/strong> : pratique si vous logez en centre-ville, mais souvent plus fr\u00e9quent\u00e9e.<\/li>\n<\/ul>\n<p data-rm-block-id=\"block-13\">\ud83d\udca1 <strong>Notre conseil d&rsquo;h\u00f4tes<\/strong> : Arrivez avant 10h pour profiter des meilleures places et d&rsquo;une eau cristalline. En fin de journ\u00e9e apr\u00e8s 18h, le lac retrouve son calme et offre des conditions parfaites pour une baignade paisible.<\/p>\n<h3 data-rm-block-id=\"block-14\"><span style=\"color: #683c16;\">Sports nautiques : paddle, kayak, p\u00e9dalo<\/span><\/h3>\n<p data-rm-block-id=\"block-15\">Die <a href=\"https:\/\/www.gerardmer.net\/ete\/sports-et-loisirs\/activites-nautiques.html\" target=\"_blank\" rel=\"nofollow noopener\">Base Nautique de G\u00e9rardmer<\/a> (ouverte de juin \u00e0 septembre, 10h-19h) propose :<\/p>\n<ul>\n<li data-rm-block-id=\"block-16\">&#8211; Location de paddle (15\u20ac\/h) \u2014 notre activit\u00e9 pr\u00e9f\u00e9r\u00e9e pour explorer le lac<\/li>\n<li data-rm-block-id=\"block-17\">&#8211; Kayak et cano\u00eb (12\u20ac\/h)<\/li>\n<li data-rm-block-id=\"block-18\">&#8211; P\u00e9dalo 2-4 places (10-15\u20ac\/30min)<\/li>\n<li data-rm-block-id=\"block-19\">&#8211; Initiation voile et planche \u00e0 voile (cours \u00e0 partir de 25\u20ac)<\/li>\n<\/ul>\n<p data-rm-block-id=\"block-20\">Distance depuis nos chalets : 12 minutes en voiture<\/p>\n<h3 data-rm-block-id=\"block-21\"><span style=\"color: #683c16;\">Tour du lac \u00e0 pied ou \u00e0 v\u00e9lo<\/span><\/h3>\n<p data-rm-block-id=\"block-22\">Le sentier qui fait le tour complet du lac mesure 6 km et se parcourt en 1h30 \u00e0 pied ou 45 minutes \u00e0 v\u00e9lo. Le parcours est plat, accessible \u00e0 tous, et offre <a href=\"https:\/\/les-atypiques-chalets.com\/de\/les-plus-belles-randonnees-dans-le-haut-rhin-guide-complet\/\" data-wpil-monitor-id=\"2735\">de<\/a> magnifiques points de vue sur les montagnes environnantes.<\/p>\n<p data-rm-block-id=\"block-23\">\ud83d\udeb4 <strong>Location de v\u00e9los<\/strong> : Cycles Bertrand (centre-ville) propose des VTC \u00e0 partir de 15\u20ac\/jour. R\u00e9servation conseill\u00e9e en juillet-ao\u00fbt.<\/p>\n\n\t\t<\/div>\n\t<\/div>\n<\/div><\/div><\/div><\/div><div class=\"vc_row wpb_row vc_row-fluid\"><div class=\"wpb_column vc_column_container vc_col-sm-12\"><div class=\"vc_column-inner\"><div class=\"wpb_wrapper\">\n\t<div  class=\"wpb_single_image wpb_content_element vc_align_left wpb_content_element\">\n\t\t\n\t\t<figure class=\"wpb_wrapper vc_figure\">\n\t\t\t<div class=\"vc_single_image-wrapper   vc_box_border_grey\"><img decoding=\"async\" width=\"1000\" height=\"753\" src=\"https:\/\/les-atypiques-chalets.com\/wp-content\/uploads\/2025\/04\/velo-gerardmer.webp\" class=\"vc_single_image-img attachment-full\" alt=\"V\u00e9lo tour lac G\u00e9rardmer \u00e9t\u00e9 cyclisme piste cyclable Vosges\" title=\"velo-tour-lac-gerardmer-ete\" srcset=\"https:\/\/les-atypiques-chalets.com\/wp-content\/uploads\/2025\/04\/velo-gerardmer.webp 1000w, https:\/\/les-atypiques-chalets.com\/wp-content\/uploads\/2025\/04\/velo-gerardmer-300x226.webp 300w, https:\/\/les-atypiques-chalets.com\/wp-content\/uploads\/2025\/04\/velo-gerardmer-768x578.webp 768w, https:\/\/les-atypiques-chalets.com\/wp-content\/uploads\/2025\/04\/velo-gerardmer-100x75.webp 100w, https:\/\/les-atypiques-chalets.com\/wp-content\/uploads\/2025\/04\/velo-gerardmer-600x452.webp 600w\" sizes=\"(max-width: 1000px) 100vw, 1000px\" \/><\/div>\n\t\t<\/figure>\n\t<\/div>\n<\/div><\/div><\/div><\/div><div class=\"vc_row wpb_row vc_row-fluid\"><div class=\"wpb_column vc_column_container vc_col-sm-12\"><div class=\"vc_column-inner\"><div class=\"wpb_wrapper\">\n\t<div  class=\"wpb_single_image wpb_content_element vc_align_left wpb_content_element\">\n\t\t\n\t\t<figure class=\"wpb_wrapper vc_figure\">\n\t\t\t<div class=\"vc_single_image-wrapper   vc_box_border_grey\"><img decoding=\"async\" width=\"1344\" height=\"896\" src=\"https:\/\/les-atypiques-chalets.com\/wp-content\/uploads\/2024\/11\/randonnee-88.webp\" class=\"vc_single_image-img attachment-full\" alt=\"Deux randonneurs explorant un sentier panoramique dans les montagnes verdoyantes des Vosges, pr\u00e8s de G\u00e9rardmer, lors d\u2019un s\u00e9jour aux Atypiques Chalets.\" title=\"Randonn\u00e9e dans les Vosges avec vue panoramique pr\u00e8s de G\u00e9rardmer\" srcset=\"https:\/\/les-atypiques-chalets.com\/wp-content\/uploads\/2024\/11\/randonnee-88.webp 1344w, https:\/\/les-atypiques-chalets.com\/wp-content\/uploads\/2024\/11\/randonnee-88-300x200.webp 300w, https:\/\/les-atypiques-chalets.com\/wp-content\/uploads\/2024\/11\/randonnee-88-1024x683.webp 1024w, https:\/\/les-atypiques-chalets.com\/wp-content\/uploads\/2024\/11\/randonnee-88-768x512.webp 768w, https:\/\/les-atypiques-chalets.com\/wp-content\/uploads\/2024\/11\/randonnee-88-100x67.webp 100w, https:\/\/les-atypiques-chalets.com\/wp-content\/uploads\/2024\/11\/randonnee-88-600x400.webp 600w\" sizes=\"(max-width: 1344px) 100vw, 1344px\" \/><\/div>\n\t\t<\/figure>\n\t<\/div>\n<div class=\"vc_empty_space\"   style=\"height: 32px\"><span class=\"vc_empty_space_inner\"><\/span><\/div>\n\t<div class=\"wpb_text_column wpb_content_element\" >\n\t\t<div class=\"wpb_wrapper\">\n\t\t\t<h2 data-rm-block-id=\"block-24\">\ud83e\udd7e <span style=\"color: #683c16;\">Randonn\u00e9es et Nature :<\/span><br \/>\n<span style=\"color: #683c16;\">Que faire \u00e0 G\u00e9rardmer en \u00e9t\u00e9 ?<\/span><\/h2>\n<p data-rm-block-id=\"block-25\">Si vous s\u00e9journez dans nos <a href=\"https:\/\/les-atypiques-chalets.com\/de\/decouverte-du-champ-de-roches-pres-de-gerardmer-hebergement-unique-aux-atypiques-chalets\/\" data-wpil-monitor-id=\"2743\">chalets de Barbey-Seroux<\/a>, vous \u00eates au point de d\u00e9part id\u00e9al pour les plus belles randonn\u00e9es de G\u00e9rardmer en \u00e9t\u00e9. Chaussez vos chaussures de marche et partez explorer la nature vosgienne !<\/p>\n<h3 data-rm-block-id=\"block-26\"><span style=\"color: #683c16;\">Les 5 meilleures randonn\u00e9es<br \/>\ndepuis Barbey-Seroux<\/span><\/h3>\n<ul>\n<li data-rm-block-id=\"block-27\"><span style=\"color: #683c16;\"><strong>1. Le Saut des Cuves (facile \u2014 1h30 aller-retour)<\/strong><\/span><br \/>\nD\u00e9part : directement depuis nos <a href=\"https:\/\/les-atypiques-chalets.com\/de\/chalet-a-frame-vosges-lalliance-parfaite-entre-tradition-et-modernite\/\" data-wpil-monitor-id=\"2741\">chalets \u00e0<\/a> pied<br \/>\nCette cascade spectaculaire est accessible par un sentier forestier. L&rsquo;eau qui d\u00e9vale dans des vasques naturelles creus\u00e9es dans le granit est particuli\u00e8rement impressionnante apr\u00e8s les pluies. Pr\u00e9voir un pique-nique pour profiter des tables am\u00e9nag\u00e9es.<\/li>\n<li data-rm-block-id=\"block-28\"><strong>2. <span style=\"color: #683c16;\">Le Hohneck (mod\u00e9r\u00e9 \u2014 4h aller-retour)<\/span><\/strong><br \/>\nD\u00e9part : 15 min en voiture depuis les chalets<br \/>\nPoint culminant de la route des Cr\u00eates (1 363m), le Hohneck offre un panorama \u00e0 360\u00b0 sur les Vosges, la For\u00eat-Noire et, par temps clair, les Alpes. Le sentier traverse des chaumes (p\u00e2turages d&rsquo;altitude) o\u00f9 paissent les vaches vosgiennes.<\/li>\n<\/ul>\n<p data-rm-block-id=\"block-29\">\ud83d\udca1 <strong>Astuce locale<\/strong> : Montez t\u00f4t le matin pour assister au lever du soleil \u2014 un spectacle magique que nos h\u00f4tes classent r\u00e9guli\u00e8rement dans leur top 3 des exp\u00e9riences vosgiennes.<\/p>\n<ul>\n<li data-rm-block-id=\"block-30\"><span style=\"color: #683c16;\"><strong>3. Tour du Lac de Retournemer (facile \u2014 1h)<\/strong><\/span><br \/>\nD\u00e9part : 8 min en voiture<br \/>\nCe petit lac sauvage nich\u00e9 dans la for\u00eat est beaucoup moins fr\u00e9quent\u00e9 que le lac de G\u00e9rardmer. Le sentier plat fait le tour complet (2,5 km) et offre de magnifiques reflets montagneux dans l&rsquo;eau calme.<\/li>\n<li data-rm-block-id=\"block-31\"><span style=\"color: #683c16;\"><strong>4. La <a style=\"color: #683c16;\" href=\"https:\/\/les-atypiques-chalets.com\/de\/les-plus-belles-randonnees-du-88\/\" data-wpil-monitor-id=\"2732\">Cascade de la Pissoire<\/a> (facile \u2014 45 min aller-retour)<\/strong><\/span><br \/>\nD\u00e9part : 6 min en voiture<br \/>\nRandonn\u00e9e courte et familiale menant \u00e0 une cascade de 12 m\u00e8tres. Id\u00e9ale pour une sortie en fin d&rsquo;apr\u00e8s-midi avec les enfants.<\/li>\n<li data-rm-block-id=\"block-32\"><span style=\"color: #683c16;\"><strong>5. Le Sentier des Roches (difficile \u2014 5h)<\/strong><\/span><br \/>\nD\u00e9part : 20 min en voiture (parking Schlucht)<br \/>\nRandonn\u00e9e sportive avec passages rocheux et \u00e9chelles. Vue imprenable sur la vall\u00e9e. D\u00e9conseill\u00e9e par temps de pluie. R\u00e9serv\u00e9e aux randonneurs exp\u00e9riment\u00e9s.<\/li>\n<\/ul>\n<h3 data-rm-block-id=\"block-33\"><span style=\"color: #683c16;\">Cascades et points de vue panoramiques<\/span><\/h3>\n<p data-rm-block-id=\"block-34\">Au-del\u00e0 des randonn\u00e9es, G\u00e9rardmer en \u00e9t\u00e9 r\u00e9v\u00e8le des tr\u00e9sors naturels accessibles en courte balade :<\/p>\n<ul>\n<li data-rm-block-id=\"block-35\">&#8211; <strong>Roche des Bioquets<\/strong> : 20 min de marche, vue plongeante sur le lac<\/li>\n<li data-rm-block-id=\"block-36\">&#8211; <strong>Saut de la Bourrique<\/strong> : cascade rafra\u00eechissante, parking \u00e0 proximit\u00e9<\/li>\n<li data-rm-block-id=\"block-37\">&#8211; <strong>Belv\u00e9d\u00e8re de M\u00e9relle<\/strong> : point de vue accessible en 10 min \u00e0 pied<\/li>\n<\/ul>\n<p data-rm-block-id=\"block-38\">Distance moyenne depuis nos chalets : 5-15 minutes en voiture<\/p>\n\n\t\t<\/div>\n\t<\/div>\n<\/div><\/div><\/div><\/div><div class=\"vc_row wpb_row vc_row-fluid\"><div class=\"wpb_column vc_column_container vc_col-sm-12\"><div class=\"vc_column-inner\"><div class=\"wpb_wrapper\">\n\t<div  class=\"wpb_single_image wpb_content_element vc_align_left wpb_content_element\">\n\t\t\n\t\t<figure class=\"wpb_wrapper vc_figure\">\n\t\t\t<div class=\"vc_single_image-wrapper   vc_box_border_grey\"><img decoding=\"async\" width=\"1456\" height=\"816\" src=\"https:\/\/les-atypiques-chalets.com\/wp-content\/uploads\/2023\/11\/vtt-les-atypiques-chalets.webp\" class=\"vc_single_image-img attachment-full\" alt=\"Parcours VTT technique G\u00e9rardmer dans les Vosges\" title=\"vtt-les-atypiques-chalets\" srcset=\"https:\/\/les-atypiques-chalets.com\/wp-content\/uploads\/2023\/11\/vtt-les-atypiques-chalets.webp 1456w, https:\/\/les-atypiques-chalets.com\/wp-content\/uploads\/2023\/11\/vtt-les-atypiques-chalets-300x168.webp 300w, https:\/\/les-atypiques-chalets.com\/wp-content\/uploads\/2023\/11\/vtt-les-atypiques-chalets-1024x574.webp 1024w, https:\/\/les-atypiques-chalets.com\/wp-content\/uploads\/2023\/11\/vtt-les-atypiques-chalets-768x430.webp 768w, https:\/\/les-atypiques-chalets.com\/wp-content\/uploads\/2023\/11\/vtt-les-atypiques-chalets-100x56.webp 100w, https:\/\/les-atypiques-chalets.com\/wp-content\/uploads\/2023\/11\/vtt-les-atypiques-chalets-600x336.webp 600w\" sizes=\"(max-width: 1456px) 100vw, 1456px\" \/><\/div>\n\t\t<\/figure>\n\t<\/div>\n\n\t<div class=\"wpb_text_column wpb_content_element\" >\n\t\t<div class=\"wpb_wrapper\">\n\t\t\t<h2 data-rm-block-id=\"block-39\">\ud83d\udeb4 <span style=\"color: #683c16;\">VTT et Activit\u00e9s Sportives<\/span><br \/>\n<span style=\"color: #683c16;\">\u00e0 G\u00e9rardmer en \u00c9t\u00e9<\/span><\/h2>\n<p data-rm-block-id=\"block-40\">G\u00e9rardmer en \u00e9t\u00e9, c&rsquo;est aussi un terrain de jeu exceptionnel pour les amateurs de sensations et de sport en pleine nature.<\/p>\n<h3 data-rm-block-id=\"block-41\"><span style=\"color: #683c16;\">Parcours VTT balis\u00e9s<\/span><\/h3>\n<p data-rm-block-id=\"block-42\">La station de <strong>La Bresse-Lispach<\/strong> (\u00e0 15 km de G\u00e9rardmer) se transforme en bike park l&rsquo;\u00e9t\u00e9 avec 180 km de pistes VTT balis\u00e9es :<\/p>\n<ul>\n<li data-rm-block-id=\"block-43\">&#8211; Pistes vertes et bleues pour d\u00e9butants<\/li>\n<li data-rm-block-id=\"block-44\">&#8211; Pistes rouges et noires pour experts<\/li>\n<li data-rm-block-id=\"block-45\">&#8211; Remont\u00e9es m\u00e9caniques en fonction (t\u00e9l\u00e9si\u00e8ge \u00e0 v\u00e9lo)<\/li>\n<li data-rm-block-id=\"block-46\">&#8211; Location de VTT de descente sur place (\u00e0 partir de 35\u20ac\/jour)<\/li>\n<\/ul>\n<p data-rm-block-id=\"block-47\">Horaires \u00e9t\u00e9 : 9h-18h, tous les jours de mi-juin \u00e0 d\u00e9but septembre<br \/>\nTarif forfait remont\u00e9es : 18\u20ac\/jour adulte, 14\u20ac enfant<\/p>\n<h3 data-rm-block-id=\"block-48\"><span style=\"color: #683c16;\">Accrobranche et via ferrata<\/span><\/h3>\n<p data-rm-block-id=\"block-49\"><strong>Fantastic Parc<\/strong> (\u00e0 5 km de G\u00e9rardmer) propose :<\/p>\n<ul>\n<li data-rm-block-id=\"block-50\">&#8211; 8 parcours accrobranche dans les sapins (\u00e0 partir de 3 ans)<\/li>\n<li data-rm-block-id=\"block-51\">&#8211; Tyroliennes g\u00e9antes jusqu&rsquo;\u00e0 150m<\/li>\n<li data-rm-block-id=\"block-52\">&#8211; Via ferrata avec pont de singe<\/li>\n<li data-rm-block-id=\"block-53\">&#8211; Tarif : 22\u20ac adulte, 15\u20ac enfant (2h30 d&rsquo;activit\u00e9)<\/li>\n<\/ul>\n<p data-rm-block-id=\"block-54\">\ud83d\udca1 <strong>Bon plan de nos h\u00f4tes<\/strong> : <a href=\"https:\/\/les-atypiques-chalets.com\/de\/week-end-en-amoureux-decouvrez-les-vosges-a-deux-dans-des-chalets-atypiques\/\" data-wpil-monitor-id=\"2737\">R\u00e9servez en ligne<\/a> la veille pour \u00e9viter la queue, surtout en juillet-ao\u00fbt.<\/p>\n<h3 data-rm-block-id=\"block-55\"><span style=\"color: #683c16;\">Golf, tennis et mini-golf<\/span><\/h3>\n<ul>\n<li data-rm-block-id=\"block-56\">&#8211; <strong>Golf de <a href=\"https:\/\/les-atypiques-chalets.com\/de\/decouvrez-gerardmer-les-10-activites-incontournables\/\" data-wpil-monitor-id=\"2731\">la Mauselaine<\/a><\/strong> : parcours 9 trous avec vue sur le lac (green-fee 35\u20ac)<\/li>\n<li data-rm-block-id=\"block-57\">&#8211; <strong>Courts de tennis municipaux<\/strong> : 2 courts couverts + 4 ext\u00e9rieurs (location 10\u20ac\/h)<\/li>\n<li data-rm-block-id=\"block-58\">&#8211; <strong>Mini-golf du Lac<\/strong> : parfait pour une <a href=\"https:\/\/les-atypiques-chalets.com\/de\/les-activites-familiales-autour-de-gerardmer-suggestions-dactivites-et-de-sorties-adaptees-aux-familles-avec-enfants-dans-la-region\/\" data-wpil-monitor-id=\"2729\">activit\u00e9 familiale<\/a> en fin de journ\u00e9e (6\u20ac\/personne)<\/li>\n<\/ul>\n<p data-rm-block-id=\"block-59\">\n\n\t\t<\/div>\n\t<\/div>\n<\/div><\/div><\/div><\/div><div class=\"vc_row wpb_row vc_row-fluid\"><div class=\"wpb_column vc_column_container vc_col-sm-12\"><div class=\"vc_column-inner\"><div class=\"wpb_wrapper\">\n\t<div  class=\"wpb_single_image wpb_content_element vc_align_left wpb_content_element\">\n\t\t\n\t\t<figure class=\"wpb_wrapper vc_figure\">\n\t\t\t<div class=\"vc_single_image-wrapper   vc_box_border_grey\"><img decoding=\"async\" width=\"1456\" height=\"816\" src=\"https:\/\/les-atypiques-chalets.com\/wp-content\/uploads\/2023\/12\/resataurant-gerardmer.webp\" class=\"vc_single_image-img attachment-full\" alt=\"Table gastronomique dans un restaurant pr\u00e8s de G\u00e9rardmer, d\u00e9lices culinaires vosgiens\" title=\"Table gastronomique dans un restaurant pr\u00e8s de G\u00e9rardmer, d\u00e9lices culinaires vosgiens\" srcset=\"https:\/\/les-atypiques-chalets.com\/wp-content\/uploads\/2023\/12\/resataurant-gerardmer.webp 1456w, https:\/\/les-atypiques-chalets.com\/wp-content\/uploads\/2023\/12\/resataurant-gerardmer-300x168.webp 300w, https:\/\/les-atypiques-chalets.com\/wp-content\/uploads\/2023\/12\/resataurant-gerardmer-1024x574.webp 1024w, https:\/\/les-atypiques-chalets.com\/wp-content\/uploads\/2023\/12\/resataurant-gerardmer-768x430.webp 768w, https:\/\/les-atypiques-chalets.com\/wp-content\/uploads\/2023\/12\/resataurant-gerardmer-100x56.webp 100w, https:\/\/les-atypiques-chalets.com\/wp-content\/uploads\/2023\/12\/resataurant-gerardmer-600x336.webp 600w\" sizes=\"(max-width: 1456px) 100vw, 1456px\" \/><\/div>\n\t\t<\/figure>\n\t<\/div>\n\n\t<div class=\"wpb_text_column wpb_content_element\" >\n\t\t<div class=\"wpb_wrapper\">\n\t\t\t<h2 data-rm-block-id=\"block-60\">\ud83c\udf7d\ufe0f <span style=\"color: #683c16;\">Gastronomie et March\u00e9s Locaux<\/span><\/h2>\n<p data-rm-block-id=\"block-61\">Que faire \u00e0 G\u00e9rardmer en \u00e9t\u00e9 c\u00f4t\u00e9 papilles ?<br \/>\nLa gastronomie vosgienne m\u00e9rite \u00e0 elle seule le d\u00e9tour !<\/p>\n<h3 data-rm-block-id=\"block-62\"><span style=\"color: #683c16;\">March\u00e9s de G\u00e9rardmer : horaires et produits<\/span><\/h3>\n<p data-rm-block-id=\"block-63\"><strong><a href=\"https:\/\/www.gerardmer.net\/agenda\" target=\"_blank\" rel=\"noopener nofollow\" data-wpil-monitor-id=\"2736\">March\u00e9 hebdomadaire<\/a> du mardi matin<\/strong> (8h-13h, place des D\u00e9port\u00e9s)<br \/>\nLe plus grand march\u00e9 de la semaine avec 80+ stands :<\/p>\n<ul>\n<li data-rm-block-id=\"block-64\">&#8211; Fromages vosgiens : Munster, Bargkass, G\u00e9rom\u00e9<\/li>\n<li data-rm-block-id=\"block-65\">&#8211; Charcuteries : saucisse de Morteau, jambon fum\u00e9<\/li>\n<li data-rm-block-id=\"block-66\">&#8211; Miels et confitures artisanales<\/li>\n<li data-rm-block-id=\"block-67\">&#8211; Fruits et l\u00e9gumes locaux<\/li>\n<li data-rm-block-id=\"block-68\">&#8211; <a href=\"https:\/\/les-atypiques-chalets.com\/de\/decouvrir-le-charme-du-chalet-dans-les-vosges-au-printemps\/\" data-wpil-monitor-id=\"2738\">Artisanat vosgien<\/a><\/li>\n<\/ul>\n<p data-rm-block-id=\"block-69\">\ud83d\udca1 <strong>Notre stand pr\u00e9f\u00e9r\u00e9<\/strong> : Le fromager \u00ab Chez Cl\u00e9ment \u00bb qui propose des d\u00e9gustations de Munster affin\u00e9 \u00e0 la bi\u00e8re \u2014 un d\u00e9lice ! Arrivez avant 10h pour les meilleures pi\u00e8ces.<\/p>\n<p data-rm-block-id=\"block-70\"><strong>March\u00e9 fermier du jeudi soir<\/strong> (17h-20h, juin \u00e0 septembre)<br \/>\nAmbiance conviviale avec producteurs locaux, food trucks et musique. <a href=\"https:\/\/les-atypiques-chalets.com\/de\/le-chalet-parfait-a-gerardmer-pour-vos-vacances-dete\/\" data-wpil-monitor-id=\"2726\">Parfait pour acheter de quoi pr\u00e9parer votre d\u00eener au chalet<\/a>.<\/p>\n<h3 data-rm-block-id=\"block-71\"><span style=\"color: #683c16;\">Restaurants et fermes auberges recommand\u00e9s<\/span><\/h3>\n<p data-rm-block-id=\"block-72\">Nous envoyons r\u00e9guli\u00e8rement nos h\u00f4tes vers ces adresses test\u00e9es et approuv\u00e9es :<\/p>\n<p data-rm-block-id=\"block-73\"><a href=\"https:\/\/www.bas-rupts.com\/fr\/\" target=\"_blank\" rel=\"nofollow noopener\"><span style=\"color: #683c16;\"><strong>Les Bas-Rupts<\/strong><\/span><\/a> (<a href=\"https:\/\/les-atypiques-chalets.com\/de\/checklist-essentielle-pour-un-sejour-en-chalet-a-gerardmer\/\" data-wpil-monitor-id=\"2734\">restaurant gastronomique<\/a>, 1 \u00e9toile Michelin)<br \/>\nCuisine cr\u00e9ative inspir\u00e9e des produits vosgiens. R\u00e9servation indispensable. Budget : 80-120\u20ac\/personne. Distance : 3 km des chalets.<\/p>\n<p data-rm-block-id=\"block-74\"><a href=\"https:\/\/www.valleedelabruche.fr\/\" target=\"_blank\" rel=\"nofollow noopener\"><span style=\"color: #683c16;\"><strong>Ferme-Auberge du Bambois<\/strong><\/span><\/a><br \/>\nRepas marcaire authentique (tourte, viande, munster, dessert) servi \u00e0 volont\u00e9. Ambiance conviviale, r\u00e9servation obligatoire. 28\u20ac\/adulte. Pr\u00e9voyez un bon app\u00e9tit ! Distance : 12 km.<\/p>\n<p data-rm-block-id=\"block-75\"><a href=\"https:\/\/chaletauborddulac.fr\/\" target=\"_blank\" rel=\"nofollow noopener\"><span style=\"color: #683c16;\"><strong>Le Chalet du Lac<\/strong><\/span><\/a><br \/>\nTerrasse avec vue imprenable sur le lac. Sp\u00e9cialit\u00e9s vosgiennes et pizzas au feu de bois. Pas de r\u00e9servation, arrivez avant 19h30 pour avoir une table en terrasse. Budget : 15-30\u20ac. Distance : centre-ville G\u00e9rardmer.<\/p>\n<p data-rm-block-id=\"block-76\">\ud83d\udc49 Retrouvez notre s\u00e9lection compl\u00e8te dans notre <a href=\"https:\/\/les-atypiques-chalets.com\/de\/meilleurs-restaurants-gerardmer-tour-culinaire\/\">guide des 20 meilleurs restaurants de G\u00e9rardmer<\/a>.<\/p>\n<h3 data-rm-block-id=\"block-77\"><span style=\"color: #683c16;\">Sp\u00e9cialit\u00e9s vosgiennes \u00e0 go\u00fbter absolument<\/span><\/h3>\n<ul>\n<li data-rm-block-id=\"block-78\">&#8211; <strong>Munster fermier<\/strong> : fromage \u00e0 p\u00e2te molle au lait de vache<\/li>\n<li data-rm-block-id=\"block-79\">&#8211; <strong>Tofailles<\/strong> : galettes de pommes de terre r\u00e2p\u00e9es<\/li>\n<li data-rm-block-id=\"block-80\">&#8211; <strong>Tourte vosgienne<\/strong> : viande de porc marin\u00e9e dans du Riesling<\/li>\n<li data-rm-block-id=\"block-81\">&#8211; <strong>Myrtilles des Vosges<\/strong> : en tarte, confiture ou fra\u00eeches (saison juillet-septembre)<\/li>\n<li data-rm-block-id=\"block-82\">&#8211; <strong>Bi\u00e8re locale<\/strong> : Brasserie du Renard (brasserie <a href=\"https:\/\/les-atypiques-chalets.com\/de\/guide-brasserie-microbrasserie-vosges\/\" data-wpil-monitor-id=\"2744\">artisanale<\/a> \u00e0 G\u00e9rardmer)<\/li>\n<\/ul>\n\n\t\t<\/div>\n\t<\/div>\n<\/div><\/div><\/div><\/div><div class=\"vc_row wpb_row vc_row-fluid\"><div class=\"wpb_column vc_column_container vc_col-sm-12\"><div class=\"vc_column-inner\"><div class=\"wpb_wrapper\">\n\t<div  class=\"wpb_single_image wpb_content_element vc_align_left wpb_content_element\">\n\t\t\n\t\t<figure class=\"wpb_wrapper vc_figure\">\n\t\t\t<div class=\"vc_single_image-wrapper   vc_box_border_grey\"><img decoding=\"async\" width=\"1456\" height=\"816\" src=\"https:\/\/les-atypiques-chalets.com\/wp-content\/uploads\/2024\/01\/fantastiques-1.webp\" class=\"vc_single_image-img attachment-full\" alt=\"\" title=\"fantastiques\" srcset=\"https:\/\/les-atypiques-chalets.com\/wp-content\/uploads\/2024\/01\/fantastiques-1.webp 1456w, https:\/\/les-atypiques-chalets.com\/wp-content\/uploads\/2024\/01\/fantastiques-1-300x168.webp 300w, https:\/\/les-atypiques-chalets.com\/wp-content\/uploads\/2024\/01\/fantastiques-1-1024x574.webp 1024w, https:\/\/les-atypiques-chalets.com\/wp-content\/uploads\/2024\/01\/fantastiques-1-768x430.webp 768w, https:\/\/les-atypiques-chalets.com\/wp-content\/uploads\/2024\/01\/fantastiques-1-100x56.webp 100w, https:\/\/les-atypiques-chalets.com\/wp-content\/uploads\/2024\/01\/fantastiques-1-600x336.webp 600w\" sizes=\"(max-width: 1456px) 100vw, 1456px\" \/><\/div>\n\t\t<\/figure>\n\t<\/div>\n\n\t<div class=\"wpb_text_column wpb_content_element\" >\n\t\t<div class=\"wpb_wrapper\">\n\t\t\t<h2 data-rm-block-id=\"block-84\">\ud83c\udfad <span style=\"color: #683c16;\">Culture et \u00c9v\u00e9nements<br \/>\nEstivaux \u00e0 G\u00e9rardmer<\/span><\/h2>\n<p data-rm-block-id=\"block-85\">G\u00e9rardmer en \u00e9t\u00e9, c&rsquo;est aussi une vie culturelle riche qui anime la ville chaque soir.<\/p>\n<h3 data-rm-block-id=\"block-86\"><span style=\"color: #683c16;\">Festivals et concerts<\/span><\/h3>\n<p data-rm-block-id=\"block-87\"><span style=\"color: #683c16;\"><strong>Festival de la Musique M\u00e9canique<\/strong><\/span> (mi-juillet)<br \/>\nWeek-end d\u00e9di\u00e9 aux orgues de Barbarie, orchestrions et automates. Gratuit. Ambiance familiale et <a href=\"https:\/\/les-atypiques-chalets.com\/de\/gerardmer-se-prepare-a-accueillir-un-nouveau-festival-musical-et-culturel-prometteur-le-fa-solac\/\" data-wpil-monitor-id=\"2740\">concerts en plein air<\/a>.<\/p>\n<p data-rm-block-id=\"block-88\"><span style=\"color: #683c16;\"><strong>Concerts au Parc de la Mairie<\/strong><\/span> (tous les jeudis soir en juillet-ao\u00fbt, 20h30)<br \/>\nMusique classique, jazz ou vari\u00e9t\u00e9 fran\u00e7aise. Apportez votre couverture ! Gratuit.<\/p>\n<p data-rm-block-id=\"block-89\"><span style=\"color: #683c16;\"><strong>Feu d&rsquo;artifice du 14 juillet<\/strong><\/span><br \/>\nSpectacle pyrotechnique sur le lac, tir\u00e9 depuis des barges. Meilleur point de vue : plage de la Base de Loisirs. Arriv\u00e9e conseill\u00e9e vers 21h30 pour le feu \u00e0 23h.<\/p>\n<h3 data-rm-block-id=\"block-90\"><span style=\"color: #683c16;\">Visites culturelles<\/span><\/h3>\n<ul>\n<li data-rm-block-id=\"block-91\">&#8211; <strong>Mus\u00e9e Faune Lorraine<\/strong> : collection de 3 000 animaux naturalis\u00e9s (6\u20ac)<\/li>\n<li data-rm-block-id=\"block-92\">&#8211; <strong><a href=\"https:\/\/les-atypiques-chalets.com\/de\/10-activites-a-faire-a-gerardmer\/\" data-wpil-monitor-id=\"2718\">\u00c9glise Saint-Barth\u00e9l\u00e9my<\/a><\/strong> : architecture n\u00e9o-romane, vitraux remarquables<\/li>\n<li data-rm-block-id=\"block-93\">&#8211; <strong>Observatoire de M\u00e9relle<\/strong> : soir\u00e9es astronomie certains soirs d&rsquo;\u00e9t\u00e9 (r\u00e9servation obligatoire)<\/li>\n<\/ul>\n<h3 data-rm-block-id=\"block-94\"><span style=\"color: #683c16;\">Artisanat local et boutiques<\/span><\/h3>\n<p data-rm-block-id=\"block-95\">Ne manquez pas la <strong>Confiserie des Hautes-Vosges<\/strong> pour observer la fabrication artisanale de bonbons. Visite gratuite + d\u00e9gustation. Ouvert tous les jours 9h-19h.<\/p>\n\n\t\t<\/div>\n\t<\/div>\n<\/div><\/div><\/div><\/div><div class=\"vc_row wpb_row vc_row-fluid\"><div class=\"wpb_column vc_column_container vc_col-sm-12\"><div class=\"vc_column-inner\"><div class=\"wpb_wrapper\">\n\t<div class=\"wpb_text_column wpb_content_element\" >\n\t\t<div class=\"wpb_wrapper\">\n\t\t\t<h2 data-rm-block-id=\"block-96\">\ud83d\udc68\u200d\ud83d\udc69\u200d\ud83d\udc67 <span style=\"color: #683c16;\">Activit\u00e9s en Famille<\/span><br \/>\n<span style=\"color: #683c16;\">\u00e0 G\u00e9rardmer en \u00c9t\u00e9<\/span><\/h2>\n<h3 data-rm-block-id=\"block-97\"><span style=\"color: #683c16;\">Parcs et aires de jeux<\/span><\/h3>\n<ul>\n<li data-rm-block-id=\"block-98\">&#8211; <strong>Parc de la Mairie<\/strong> : grande aire de jeux, parcours sant\u00e9, espace pique-nique<\/li>\n<li data-rm-block-id=\"block-99\">&#8211; <strong>Base de Loisirs<\/strong> : trampolines, toboggans aquatiques (acc\u00e8s 8\u20ac\/enfant)<\/li>\n<li data-rm-block-id=\"block-100\">&#8211; <strong>Ludival<\/strong> (Xonrupt-Longemer, 5 km) : parc de jeux couvert, id\u00e9al les jours de pluie (10\u20ac\/enfant)<\/li>\n<\/ul>\n<h3 data-rm-block-id=\"block-101\"><span style=\"color: #683c16;\">Mini-golf et karting<\/span><\/h3>\n<ul>\n<li data-rm-block-id=\"block-102\">&#8211; <strong>Mini-golf du Lac<\/strong> : parcours 18 trous avec vue lac (6\u20ac, ouvert 10h-22h)<\/li>\n<li data-rm-block-id=\"block-103\">&#8211; <strong>Karting de G\u00e9rardmer<\/strong> : karts \u00e9lectriques d\u00e8s 7 ans (15\u20ac\/10 min)<\/li>\n<\/ul>\n<h3 data-rm-block-id=\"block-104\"><span style=\"color: #683c16;\">Animations pour enfants<\/span><\/h3>\n<p data-rm-block-id=\"block-105\">L&rsquo;Office de <a href=\"https:\/\/les-atypiques-chalets.com\/de\/decouvrez-le-tourisme-nature-dans-les-vosges\/\" data-wpil-monitor-id=\"2730\">Tourisme organise des <strong>ateliers d\u00e9couverte nature<\/strong><\/a> gratuits pour les 6-12 ans tous les mercredis matin en juillet-ao\u00fbt (inscription obligatoire sur place). Th\u00e8mes : reconnaissance de plantes, traces d&rsquo;animaux, land art.<\/p>\n\n\t\t<\/div>\n\t<\/div>\n<\/div><\/div><\/div><\/div><div class=\"vc_row wpb_row vc_row-fluid\"><div class=\"wpb_column vc_column_container vc_col-sm-12\"><div class=\"vc_column-inner\"><div class=\"wpb_wrapper\">\n\t<div  class=\"wpb_single_image wpb_content_element vc_align_left wpb_content_element\">\n\t\t\n\t\t<figure class=\"wpb_wrapper vc_figure\">\n\t\t\t<div class=\"vc_single_image-wrapper   vc_box_border_grey\"><img decoding=\"async\" width=\"1456\" height=\"816\" src=\"https:\/\/les-atypiques-chalets.com\/wp-content\/uploads\/2024\/11\/couple.webp\" class=\"vc_single_image-img attachment-full\" alt=\"romantische Unterkunft Paar G\u00e9rardmer\" title=\"Couple en randonn\u00e9e automnale dans les Vosges pr\u00e8s de G\u00e9rardmer\" srcset=\"https:\/\/les-atypiques-chalets.com\/wp-content\/uploads\/2024\/11\/couple.webp 1456w, https:\/\/les-atypiques-chalets.com\/wp-content\/uploads\/2024\/11\/couple-300x168.webp 300w, https:\/\/les-atypiques-chalets.com\/wp-content\/uploads\/2024\/11\/couple-1024x574.webp 1024w, https:\/\/les-atypiques-chalets.com\/wp-content\/uploads\/2024\/11\/couple-768x430.webp 768w, https:\/\/les-atypiques-chalets.com\/wp-content\/uploads\/2024\/11\/couple-100x56.webp 100w, https:\/\/les-atypiques-chalets.com\/wp-content\/uploads\/2024\/11\/couple-600x336.webp 600w\" sizes=\"(max-width: 1456px) 100vw, 1456px\" \/><\/div>\n\t\t<\/figure>\n\t<\/div>\n\n\t<div class=\"wpb_text_column wpb_content_element\" >\n\t\t<div class=\"wpb_wrapper\">\n\t\t\t<h2 data-rm-block-id=\"block-106\">\ud83c\udfd4\ufe0f <span style=\"color: #683c16;\">Excursions \u00e0<\/span><br \/>\n<span style=\"color: #683c16;\">N\u00e4he von G\u00e9rardmer<\/span><\/h2>\n<h3 data-rm-block-id=\"block-107\"><span style=\"color: #683c16;\">Route des Cr\u00eates<\/span><\/h3>\n<p data-rm-block-id=\"block-108\">Cette route panoramique de 77 km relie le Col du Bonhomme \u00e0 Cernay en suivant la ligne de cr\u00eate des Vosges. Points d&rsquo;arr\u00eat incontournables :<\/p>\n<ul>\n<li data-rm-block-id=\"block-109\">&#8211; <strong><a href=\"https:\/\/les-atypiques-chalets.com\/de\/decouverte-de-gerardmer-et-ses-environs\/\" data-wpil-monitor-id=\"2728\">Schluchtsattel<\/a><\/strong> (15 min de G\u00e9rardmer) : jardin d&rsquo;altitude, d\u00e9part randonn\u00e9es<\/li>\n<li data-rm-block-id=\"block-110\">&#8211; <strong>Le Hohneck<\/strong> : plus haut sommet de la route (1 363m)<\/li>\n<li data-rm-block-id=\"block-111\">&#8211; <strong>Grand Ballon<\/strong> : point culminant des Vosges (1 424m)<\/li>\n<\/ul>\n<p data-rm-block-id=\"block-112\">Pr\u00e9voir une journ\u00e9e compl\u00e8te. Nombreux restaurants d&rsquo;altitude (fermes-auberges).<\/p>\n<h3 data-rm-block-id=\"block-113\"><span style=\"color: #683c16;\">Villages vosgiens pittoresques<\/span><\/h3>\n<ul>\n<li data-rm-block-id=\"block-114\">&#8211; <strong>Kaysersberg<\/strong> (45 min) : \u00e9lu village pr\u00e9f\u00e9r\u00e9 des Fran\u00e7ais 2017<\/li>\n<li data-rm-block-id=\"block-115\">&#8211; <strong>Riquewihr<\/strong> (50 min) : cit\u00e9 m\u00e9di\u00e9vale au c\u0153ur du vignoble alsacien<\/li>\n<li data-rm-block-id=\"block-116\">&#8211; <strong>Munster<\/strong> (25 min) : capitale du fromage, march\u00e9 tous les samedis<\/li>\n<\/ul>\n<h3 data-rm-block-id=\"block-117\"><span style=\"color: #683c16;\">Lacs secondaires : Longemer et Retournemer<\/span><\/h3>\n<p data-rm-block-id=\"block-118\">\u00c0 10 minutes de G\u00e9rardmer, ces deux lacs plus sauvages offrent calme et nature pr\u00e9serv\u00e9e. Parfaits pour un pique-nique au bord de l&rsquo;eau ou une baignade tranquille loin de la foule.<\/p>\n\n\t\t<\/div>\n\t<\/div>\n<\/div><\/div><\/div><\/div><div class=\"vc_row wpb_row vc_row-fluid\"><div class=\"wpb_column vc_column_container vc_col-sm-12\"><div class=\"vc_column-inner\"><div class=\"wpb_wrapper\">\n\t<div  class=\"wpb_single_image wpb_content_element vc_align_left wpb_content_element\">\n\t\t\n\t\t<figure class=\"wpb_wrapper vc_figure\">\n\t\t\t<div class=\"vc_single_image-wrapper   vc_box_border_grey\"><img decoding=\"async\" width=\"1200\" height=\"900\" src=\"https:\/\/les-atypiques-chalets.com\/wp-content\/uploads\/2024\/09\/bain-nordique-charkhan-2.webp\" class=\"vc_single_image-img attachment-full\" alt=\"Bain nordique en ext\u00e9rieur aux Chalets Charkhan des Atypiques Chalets au coucher du soleil\" title=\"Bain nordique aux Chalets Charkhan au coucher du soleil\" srcset=\"https:\/\/les-atypiques-chalets.com\/wp-content\/uploads\/2024\/09\/bain-nordique-charkhan-2.webp 1200w, https:\/\/les-atypiques-chalets.com\/wp-content\/uploads\/2024\/09\/bain-nordique-charkhan-2-300x225.webp 300w, https:\/\/les-atypiques-chalets.com\/wp-content\/uploads\/2024\/09\/bain-nordique-charkhan-2-1024x768.webp 1024w, https:\/\/les-atypiques-chalets.com\/wp-content\/uploads\/2024\/09\/bain-nordique-charkhan-2-768x576.webp 768w, https:\/\/les-atypiques-chalets.com\/wp-content\/uploads\/2024\/09\/bain-nordique-charkhan-2-100x75.webp 100w, https:\/\/les-atypiques-chalets.com\/wp-content\/uploads\/2024\/09\/bain-nordique-charkhan-2-600x450.webp 600w\" sizes=\"(max-width: 1200px) 100vw, 1200px\" \/><\/div>\n\t\t<\/figure>\n\t<\/div>\n\n\t<div class=\"wpb_text_column wpb_content_element\" >\n\t\t<div class=\"wpb_wrapper\">\n\t\t\t<h2 data-rm-block-id=\"block-119\">\ud83c\udf19 <span style=\"color: #683c16;\">Que faire le soir<\/span><br \/>\n<span style=\"color: #683c16;\">\u00e0 G\u00e9rardmer en \u00e9t\u00e9 ?<\/span><\/h2>\n<h3 data-rm-block-id=\"block-120\"><span style=\"color: #683c16;\">Bars et terrasses<\/span><\/h3>\n<ul>\n<li data-rm-block-id=\"block-121\">&#8211; <strong>La Brasserie des Artistes<\/strong> : terrasse anim\u00e9e, bi\u00e8res locales<\/li>\n<li data-rm-block-id=\"block-122\">&#8211; <strong>Le Rond Point<\/strong> : bar cosy, cocktails cr\u00e9atifs<\/li>\n<li data-rm-block-id=\"block-123\">&#8211; <strong>Glacier Baba<\/strong> : glaces artisanales, ouvert jusqu&rsquo;\u00e0 23h<\/li>\n<\/ul>\n<h3 data-rm-block-id=\"block-124\"><span style=\"color: #683c16;\">Cin\u00e9ma et spectacles<\/span><\/h3>\n<p data-rm-block-id=\"block-125\"><strong>Cin\u00e9ma Le Palace<\/strong> : programmation vari\u00e9e incluant films d&rsquo;auteur (tarif 8,50\u20ac)<\/p>\n<h3 data-rm-block-id=\"block-126\"><span style=\"color: #683c16;\">Retour aux chalets pour bain nordique sous les \u00e9toiles<\/span><\/h3>\n<p data-rm-block-id=\"block-127\">Apr\u00e8s une journ\u00e9e bien remplie \u00e0 explorer G\u00e9rardmer en \u00e9t\u00e9, nos h\u00f4tes appr\u00e9cient particuli\u00e8rement de rentrer aux Atypiques <a href=\"https:\/\/les-atypiques-chalets.com\/de\/chalet-a-gerardmer\/\" data-wpil-monitor-id=\"2720\">Chalets pour allumer leur bain nordique privatif<\/a>. Sous les \u00e9toiles vosgiennes, \u00e0 38\u00b0C dans l&rsquo;eau chauff\u00e9e au feu de bois, avec vue sur la for\u00eat&#8230; c&rsquo;est LE moment d\u00e9tente <a href=\"https:\/\/les-atypiques-chalets.com\/de\/trouvez-le-chalet-parfait-a-louer-a-gerardmer\/\" data-wpil-monitor-id=\"2727\">parfait pour conclure une journ\u00e9e d&rsquo;\u00e9t\u00e9 \u00e0 G\u00e9rardmer<\/a>.<\/p>\n<p data-rm-block-id=\"block-128\">\ud83d\udc49 <a href=\"https:\/\/les-atypiques-chalets.com\/de\/\">D\u00e9couvrez nos 3 chalets A-Frame avec bain nordique privatif<\/a><\/p>\n\n\t\t<\/div>\n\t<\/div>\n<\/div><\/div><\/div><\/div><div class=\"vc_row wpb_row vc_row-fluid\"><div class=\"wpb_column vc_column_container vc_col-sm-12\"><div class=\"vc_column-inner\"><div class=\"wpb_wrapper\"><div class=\"vc_empty_space\"   style=\"height: 32px\"><span class=\"vc_empty_space_inner\"><\/span><\/div>\n\t<div  class=\"wpb_single_image wpb_content_element vc_align_left wpb_content_element\">\n\t\t\n\t\t<figure class=\"wpb_wrapper vc_figure\">\n\t\t\t<div class=\"vc_single_image-wrapper   vc_box_border_grey\"><img decoding=\"async\" width=\"567\" height=\"318\" src=\"https:\/\/les-atypiques-chalets.com\/wp-content\/uploads\/2024\/03\/google-5-etoile2-4.png\" class=\"vc_single_image-img attachment-full\" alt=\"Famille en balade automnale dans les Vosges \u2013 Les Atypiques Chalets, pr\u00e8s de G\u00e9rardmer, avec note Google 5 \u00e9toiles.\" title=\"Avis clients Les Atypiques Chalets \u2013 Note Google 5\/5\" srcset=\"https:\/\/les-atypiques-chalets.com\/wp-content\/uploads\/2024\/03\/google-5-etoile2-4.png 567w, https:\/\/les-atypiques-chalets.com\/wp-content\/uploads\/2024\/03\/google-5-etoile2-4-300x168.png 300w, https:\/\/les-atypiques-chalets.com\/wp-content\/uploads\/2024\/03\/google-5-etoile2-4-100x56.png 100w\" sizes=\"(max-width: 567px) 100vw, 567px\" \/><\/div>\n\t\t<\/figure>\n\t<\/div>\n\n\t<div class=\"wpb_text_column wpb_content_element\" >\n\t\t<div class=\"wpb_wrapper\">\n\t\t\t<h2 data-rm-block-id=\"block-129\"><span style=\"color: #683c16;\">\u2753 FAQ<br \/>\nVos Questions sur G\u00e9rardmer en \u00c9t\u00e9<\/span><\/h2>\n<h3 data-rm-block-id=\"block-130\"><span style=\"color: #683c16;\">Peut-on se baigner dans le lac de G\u00e9rardmer ?<\/span><\/h3>\n<p data-rm-block-id=\"block-131\">Oui, la baignade est autoris\u00e9e et surveill\u00e9e sur les 3 plages am\u00e9nag\u00e9es de juin \u00e0 septembre. L&rsquo;eau atteint une temp\u00e9rature agr\u00e9able de 20-23\u00b0C en juillet-ao\u00fbt. La qualit\u00e9 de l&rsquo;eau est contr\u00f4l\u00e9e r\u00e9guli\u00e8rement et affich\u00e9e sur les plages.<\/p>\n<h3 data-rm-block-id=\"block-132\"><span style=\"color: #683c16;\">Quelles sont les meilleures randonn\u00e9es<br \/>\n\u00e0 faire \u00e0 G\u00e9rardmer en \u00e9t\u00e9 ?<\/span><\/h3>\n<p data-rm-block-id=\"block-133\">Les 3 randonn\u00e9es incontournables sont : le Saut des Cuves (facile, 1h30), le Hohneck pour le panorama (mod\u00e9r\u00e9, 4h), et le tour du Lac de Retournemer (facile, 1h). Depuis nos chalets de Barbey-Seroux, vous acc\u00e9dez directement aux d\u00e9parts de sentiers \u00e0 pied.<\/p>\n<h3 data-rm-block-id=\"block-134\"><span style=\"color: #683c16;\">Y a-t-il des activit\u00e9s pour enfants<br \/>\n\u00e0 G\u00e9rardmer en \u00e9t\u00e9 ?<\/span><\/h3>\n<p data-rm-block-id=\"block-135\">Absolument ! G\u00e9rardmer en \u00e9t\u00e9 propose de nombreuses activit\u00e9s familiales : plages avec jeux d&rsquo;eau, accrobranche Fantastic Parc (d\u00e8s 3 ans), mini-golf, p\u00e9dalo sur le lac, ateliers nature gratuits les mercredis, et aires de jeux au Parc de la Mairie.<\/p>\n<h3 data-rm-block-id=\"block-136\"><span style=\"color: #683c16;\">O\u00f9 loger pour profiter<br \/>\nde G\u00e9rardmer en \u00e9t\u00e9 ?<\/span><\/h3>\n<p data-rm-block-id=\"block-137\">Nous recommandons de s\u00e9journer \u00e0 Barbey-Seroux, \u00e0 10 km de G\u00e9rardmer. Vous profitez du calme de la for\u00eat vosgienne tout en acc\u00e9dant rapidement au lac et aux activit\u00e9s. Nos <a href=\"https:\/\/les-atypiques-chalets.com\/de\/chalet-a-gerardmer\/\" data-wpil-monitor-id=\"2721\">chalets A-Frame avec bain nordique privatif<\/a> offrent le combo parfait : nature + bien-\u00eatre + proximit\u00e9 G\u00e9rardmer.<\/p>\n<h3 data-rm-block-id=\"block-138\"><span style=\"color: #683c16;\">Quel budget pr\u00e9voir pour des vacances<br \/>\n\u00e0 G\u00e9rardmer en \u00e9t\u00e9 ?<\/span><\/h3>\n<p data-rm-block-id=\"block-139\">Pour un couple, comptez environ 530-740\u20ac pour 3 jours\/2 nuits incluant h\u00e9bergement, repas et activit\u00e9s. Les march\u00e9s <a href=\"https:\/\/les-atypiques-chalets.com\/de\/tag\/cuisine-locale\/\" data-wpil-monitor-id=\"2745\">locaux permettent de cuisiner<\/a> au chalet et de r\u00e9duire le budget restaurant.<\/p>\n<h3 data-rm-block-id=\"block-140\"><span style=\"color: #683c16;\">La voiture est-elle indispensable<br \/>\n\u00e0 G\u00e9rardmer ?<\/span><\/h3>\n<p data-rm-block-id=\"block-141\">Fortement recommand\u00e9e pour explorer les alentours (Route des Cr\u00eates, villages alsaciens, randonn\u00e9es). Le centre-ville de G\u00e9rardmer est accessible \u00e0 pied ou en navette depuis certains h\u00e9bergements, mais une voiture offre beaucoup plus de libert\u00e9 pour profiter pleinement de la r\u00e9gion.<\/p>\n<h3 data-rm-block-id=\"block-142\"><span style=\"color: #683c16;\">Que faire \u00e0 G\u00e9rardmer<br \/>\nen \u00e9t\u00e9 quand il pleut ?<\/span><\/h3>\n<p data-rm-block-id=\"block-143\">En cas de pluie : Mus\u00e9e Faune Lorraine, Confiserie des Hautes-Vosges (visite gratuite), cin\u00e9ma Le Palace, shopping dans les boutiques du centre-ville, ou d\u00e9tente au <a href=\"https:\/\/les-atypiques-chalets.com\/de\/sejour-romantique-a-gerardmer-avec-les-atypiques-chalets-chalets-saunas-et-bains-nordiques\/\" data-wpil-monitor-id=\"2722\">chalet dans votre bain nordique<\/a> \u2014 l&rsquo;eau chaude sous la pluie est une exp\u00e9rience magique !<\/p>\n<h3 data-rm-block-id=\"block-144\"><span style=\"color: #683c16;\">Y a-t-il des march\u00e9s<br \/>\n\u00e0 G\u00e9rardmer en \u00e9t\u00e9 ?<\/span><\/h3>\n<p data-rm-block-id=\"block-145\">Oui, le grand march\u00e9 a lieu tous les mardis matin (8h-13h) place des D\u00e9port\u00e9s, avec 80+ stands de producteurs locaux. Le march\u00e9 fermier du jeudi soir (17h-20h, juin \u00e0 septembre) offre une ambiance plus intimiste avec food trucks et musique.<\/p>\n\n\t\t<\/div>\n\t<\/div>\n<\/div><\/div><\/div><\/div><div class=\"vc_row wpb_row vc_row-fluid\"><div class=\"wpb_column vc_column_container vc_col-sm-12\"><div class=\"vc_column-inner\"><div class=\"wpb_wrapper\">\n\t<div class=\"wpb_video_widget wpb_content_element vc_clearfix   vc_video-aspect-ratio-169 vc_video-el-width-100 vc_video-align-center\" >\n\t\t<div class=\"wpb_wrapper\">\n\t\t\t\n\t\t\t<div class=\"wpb_video_wrapper\"><iframe title=\"Das macht Chalet Aslan in G\u00e9rardmer so einzigartig\u2026\" width=\"500\" height=\"281\" src=\"https:\/\/www.youtube.com\/embed\/4bx2JRRGT6M?feature=oembed\" frameborder=\"0\" allow=\"accelerometer; autoplay; clipboard-write; encrypted-media; gyroscope; picture-in-picture; web-share\" referrerpolicy=\"strict-origin-when-cross-origin\" allowfullscreen><\/iframe><\/div>\n\t\t<\/div>\n\t<\/div>\n\n\t<div class=\"wpb_text_column wpb_content_element\" >\n\t\t<div class=\"wpb_wrapper\">\n\t\t\t<p style=\"text-align: center; margin-top: 10px; font-style: italic; color: #666;\">Nos chalets A-Frame avec bain nordique privatif \u00e0 10 km de G\u00e9rardmer &#8211; Le refuge parfait apr\u00e8s vos journ\u00e9es d&rsquo;exploration en \u00e9t\u00e9<\/p>\n\n\t\t<\/div>\n\t<\/div>\n\n\t<div class=\"wpb_text_column wpb_content_element\" >\n\t\t<div class=\"wpb_wrapper\">\n\t\t\t<h2 data-rm-block-id=\"block-146\"><span style=\"color: #683c16;\">R\u00e9servez votre s\u00e9jour \u00e0 G\u00e9rardmer en \u00e9t\u00e9<\/span><\/h2>\n<p data-rm-block-id=\"block-147\">Envie de profiter de toutes ces activit\u00e9s lors de vos prochaines vacances \u00e0 G\u00e9rardmer en \u00e9t\u00e9 ? Nos 3 chalets A-Frame vous accueillent \u00e0 Barbey-Seroux, \u00e0 10 km de G\u00e9rardmer, pour un s\u00e9jour alliant d\u00e9couverte de la r\u00e9gion et d\u00e9tente dans votre <a href=\"https:\/\/les-atypiques-chalets.com\/de\/chalet-a-gerardmer\/\" data-wpil-monitor-id=\"2723\">Private Nordsee-Einheit<\/a>.<\/p>\n<p data-rm-block-id=\"block-148\"><strong>Nos <a href=\"https:\/\/les-atypiques-chalets.com\/de\/quels-secrets-caches-offrent-les-chalets-de-gerardmer-pour-un-sejour-relaxant\/\" data-wpil-monitor-id=\"2725\">chalets pour vos vacances \u00e0 G\u00e9rardmer<\/a> :<\/strong><\/p>\n<ul>\n<li data-rm-block-id=\"block-149\">&#8211; <a href=\"https:\/\/les-atypiques-chalets.com\/de\/chalet-mit-jacuzzi-fur-4-personen-in-gerardmer\/\">Chalet Iorik 4 personnes<\/a> \u2014 d\u00e8s 170\u20ac\/nuit<\/li>\n<li data-rm-block-id=\"block-150\">&#8211; <a href=\"https:\/\/les-atypiques-chalets.com\/de\/chalet-mit-jacuzzi-in-gerardmer-vogesen\/\">Chalet Aslan 5 personnes<\/a> \u2014 d\u00e8s 215\u20ac\/nuit<\/li>\n<li data-rm-block-id=\"block-151\">&#8211; <a href=\"https:\/\/les-atypiques-chalets.com\/de\/chalet-fur-6-personen-gerardmer\/\">Chalet f\u00fcr 6 Personen<\/a> \u2014 d\u00e8s 225\u20ac\/nuit<\/li>\n<\/ul>\n<p data-rm-block-id=\"block-152\">\ud83d\udc49 <a href=\"https:\/\/les-atypiques-chalets.com\/de\/reservation\/\">R\u00e9servez d\u00e8s maintenant votre chalet pour l&rsquo;\u00e9t\u00e9 2026<\/a><\/p>\n<p data-rm-block-id=\"block-153\"><em>Fran\u00e7ois und Sibel beantworten Ihre Fragen innerhalb von 24 Stunden auf Franz\u00f6sisch und Deutsch.<\/em><\/p>\n\n\t\t<\/div>\n\t<\/div>\n<\/div><\/div><\/div><\/div><div class=\"vc_row wpb_row vc_row-fluid\"><div class=\"wpb_column vc_column_container vc_col-sm-12\"><div class=\"vc_column-inner\"><div class=\"wpb_wrapper\">\n\t<div class=\"wpb_text_column wpb_content_element\" >\n\t\t<div class=\"wpb_wrapper\">\n\t\t\t<p style=\"text-align: center;\"><a href=\"https:\/\/www.gerardmer.net\/agenda\" target=\"_blank\" rel=\"noopener nofollow\"><strong>Tourismusb\u00fcro von G\u00e9rardmer<\/strong><\/a><\/p>\n\n\t\t<\/div>\n\t<\/div>\n<\/div><\/div><\/div><\/div>\n<\/div>","protected":false},"excerpt":{"rendered":"<p>G\u00e9rardmer en \u00e9t\u00e9 : d\u00e9couvrez 10 activit\u00e9s incontournables &#8211; baignade au lac, randonn\u00e9e, v\u00e9lo, cano\u00eb. Guide complet avec tarifs et bons plans !<\/p>\n<a href=\"https:\/\/les-atypiques-chalets.com\/de\/chalet-iorik\/\" class=\"sohohotel-more-link\">Read More<\/a>","protected":false},"author":1,"featured_media":1550529,"comment_status":"closed","ping_status":"closed","sticky":false,"template":"","format":"standard","meta":{"_yoast_wpseo_title":"","_yoast_wpseo_metadesc":"","_yoast_wpseo_focuskw":"#G\u00e9rardmer #\u00c9t\u00e9Vosges #LacDeG\u00e9rardmer #Randonn\u00e9eVosges #CascadeDeM\u00e9relle #ParapenteVosges #BaignadeNature #VacancesEnFamille #AventureEnPleinAir #S\u00e9jourEstival","footnotes":""},"categories":[810,846,1190,965,707,1178,901,1385,1010],"tags":[1662,1754,1665,1664,1661,664,708,1755,1756,1043,1031],"class_list":["post-2043002","post","type-post","status-publish","format-standard","has-post-thumbnail","hentry","category-locatif-saisonnier","category-eco-responsables","category-faune-et-flore","category-festival-de-gerardmer","category-gerardmer","category-parc-naturel-des-vosges","category-randonnee-dans-les-vosges","category-randonnees","category-sauna","tag-activites-estivales","tag-activites-ete-gerardmer","tag-aventure-en-plein-air","tag-baignade-nature","tag-ete-vosges","tag-gerardmer","tag-lac-de-gerardmer","tag-lac-gerardmer-ete","tag-que-faire-gerardmer-ete","tag-randonnee-vosges","tag-vacances-en-famille"],"_links":{"self":[{"href":"https:\/\/les-atypiques-chalets.com\/de\/wp-json\/wp\/v2\/posts\/2043002","targetHints":{"allow":["GET"]}}],"collection":[{"href":"https:\/\/les-atypiques-chalets.com\/de\/wp-json\/wp\/v2\/posts"}],"about":[{"href":"https:\/\/les-atypiques-chalets.com\/de\/wp-json\/wp\/v2\/types\/post"}],"author":[{"embeddable":true,"href":"https:\/\/les-atypiques-chalets.com\/de\/wp-json\/wp\/v2\/users\/1"}],"replies":[{"embeddable":true,"href":"https:\/\/les-atypiques-chalets.com\/de\/wp-json\/wp\/v2\/comments?post=2043002"}],"version-history":[{"count":0,"href":"https:\/\/les-atypiques-chalets.com\/de\/wp-json\/wp\/v2\/posts\/2043002\/revisions"}],"wp:featuredmedia":[{"embeddable":true,"href":"https:\/\/les-atypiques-chalets.com\/de\/wp-json\/wp\/v2\/media\/1550529"}],"wp:attachment":[{"href":"https:\/\/les-atypiques-chalets.com\/de\/wp-json\/wp\/v2\/media?parent=2043002"}],"wp:term":[{"taxonomy":"category","embeddable":true,"href":"https:\/\/les-atypiques-chalets.com\/de\/wp-json\/wp\/v2\/categories?post=2043002"},{"taxonomy":"post_tag","embeddable":true,"href":"https:\/\/les-atypiques-chalets.com\/de\/wp-json\/wp\/v2\/tags?post=2043002"}],"curies":[{"name":"wp","href":"https:\/\/api.w.org\/{rel}","templated":true}]}}