{"id":2396146,"date":"2025-07-08T08:29:14","date_gmt":"2025-07-08T08:29:14","guid":{"rendered":"https:\/\/les-atypiques-chalets.com\/quels-secrets-caches-offrent-les-chalets-de-gerardmer-pour-un-sejour-relaxant-2\/"},"modified":"2025-07-08T13:44:54","modified_gmt":"2025-07-08T13:44:54","slug":"quels-evenements-il-ne-faudra-pas-manquer-a-gerardmer-en-fin-dannee-2025","status":"publish","type":"post","link":"https:\/\/les-atypiques-chalets.com\/de\/quels-evenements-il-ne-faudra-pas-manquer-a-gerardmer-en-fin-dannee-2025\/","title":{"rendered":"Welche Veranstaltungen sollte man auf keinen Fall auf der Suche nach einem Ziel f\u00fcr den Jahresendspurt im Jahr 2025 in G\u00e9rardmer verpassen?"},"content":{"rendered":"<div class=\"wpb-content-wrapper\"><div class=\"vc_row wpb_row vc_row-fluid\"><div class=\"wpb_column vc_column_container vc_col-sm-12\"><div class=\"vc_column-inner\"><div class=\"wpb_wrapper\">\n\t<div class=\"wpb_text_column wpb_content_element\" >\n\t\t<div class=\"wpb_wrapper\">\n\t\t\t<h1>\u2728Quels \u00e9v\u00e8nements il ne faudra pas manquer \u00e0 G\u00e9rardmer en fin d&rsquo;ann\u00e9e 2025\u2728<\/h1>\n<h2>de ao\u00fbt \u00e0 d\u00e9cembre 2025<\/h2>\n\n\t\t<\/div>\n\t<\/div>\n<\/div><\/div><\/div><\/div><div class=\"vc_row wpb_row vc_row-fluid\"><div class=\"wpb_column vc_column_container vc_col-sm-12\"><div class=\"vc_column-inner\"><div class=\"wpb_wrapper\"><div class=\"vc_empty_space\"   style=\"height: 32px\"><span class=\"vc_empty_space_inner\"><\/span><\/div>\t\n\t<!-- BEGIN .shb-accommodation-listing-style-1 -->\n\t<div class=\"shb-accommodation-listing-style-1 shb-accommodation-listing-style-1-columns-3 sohohotel-owl-carousel-4\">\n\t\t\n\t\t\t\t\n\t\t<!-- BEGIN .shb-accommodation-listing-item -->\n\t\t<div class=\"shb-accommodation-listing-item\">\n\t\t\t\n\t\t\t\t\t\t\t<a href=\"https:\/\/les-atypiques-chalets.com\/de\/chalet-charkhan\/\" rel=\"bookmark\" title=\"Chalet Charkhan\">\n\t\t\t\t\t\t\t\t\t\t<img decoding=\"async\" class=\"shb-accommodation-listing-image\" src=\"https:\/\/les-atypiques-chalets.com\/wp-content\/uploads\/2025\/03\/salon-charkhan-03-L-1180x675.webp\" alt=\"Chalet Charkhan\" \/>\t\t\t\t<\/a>\n\t\t\t\t\t\t\n\t\t\t<div class=\"shb-accommodation-listing-description-wrapper\">\n\t\t\t\t\n\t\t\t\t<h3><a href=\"https:\/\/les-atypiques-chalets.com\/de\/chalet-charkhan\/\" rel=\"bookmark\" title=\"Chalet Charkhan\">Chalet Charkhan<\/a><\/h3>\n\t\t\t\t\n\t\t\t\t<div class=\"shb-accommodation-listing-description shb-clearfix\">\n\t\t\t\t\t\n\t\t\t\t\t<ul>\r\n<li><i class=\"fas fa-user\"><\/i><span>Kapazit\u00e4t<\/span> 6 Personen<\/li>\r\n<li><i class=\"fas fa-ruler-combined\"><\/i><span>Oberfl\u00e4che<\/span> 65 m\u00b2<\/li>\r\n<li><i class=\"fas fa-hot-tub\"><\/i><span> Nordische Badewanne<\/span> privativ<\/li>\r\n<\/ul>\t\t\t\t\t\n\t\t\t\t\t<a href=\"https:\/\/les-atypiques-chalets.com\/de\/chalet-charkhan\/\" class=\"shb-accommodation-listing-button1\">ab 225\u20ac\/Nacht<\/a>\n\t\t\t\t\t<a href=\"https:\/\/les-atypiques-chalets.com\/de\/chalet-charkhan\/\" class=\"shb-accommodation-listing-button2\">Zimmer anzeigen<i class=\"fas fa-chevron-right\"><\/i><\/a>\n\t\t\t\t\n\t\t\t\t<\/div>\n\t\t\t\t\n\t\t\t<\/div>\n\t\t\t\n\t\t<!-- END .shb-accommodation-listing-item -->\n\t\t<\/div>\n\t\t\n\t\t\t\t\n\t\t<!-- BEGIN .shb-accommodation-listing-item -->\n\t\t<div class=\"shb-accommodation-listing-item\">\n\t\t\t\n\t\t\t\t\t\t\t<a href=\"https:\/\/les-atypiques-chalets.com\/de\/chalet-aslan\/\" rel=\"bookmark\" title=\"Chalet Aslan\">\n\t\t\t\t\t\t\t\t\t\t<img decoding=\"async\" class=\"shb-accommodation-listing-image\" src=\"https:\/\/les-atypiques-chalets.com\/wp-content\/uploads\/2025\/03\/ASLAN-2-900x710.webp\" alt=\"Chalet Aslan\" \/>\t\t\t\t<\/a>\n\t\t\t\t\t\t\n\t\t\t<div class=\"shb-accommodation-listing-description-wrapper\">\n\t\t\t\t\n\t\t\t\t<h3><a href=\"https:\/\/les-atypiques-chalets.com\/de\/chalet-aslan\/\" rel=\"bookmark\" title=\"Chalet Aslan\">Chalet Aslan<\/a><\/h3>\n\t\t\t\t\n\t\t\t\t<div class=\"shb-accommodation-listing-description shb-clearfix\">\n\t\t\t\t\t\n\t\t\t\t\t<ul>\r\n<li><i class=\"fas fa-user\"><\/i><span>Kapazit\u00e4t<\/span> 5 Personen<\/li>\r\n<li><i class=\"fas fa-ruler-combined\"><\/i><span>Oberfl\u00e4che<\/span> 65 m\u00b2<\/li>\r\n<li><i class=\"fas fa-hot-tub\"><\/i><span> Nordische Badewanne<\/span> privativ<\/li>\r\n<\/ul>\t\t\t\t\t\n\t\t\t\t\t<a href=\"https:\/\/les-atypiques-chalets.com\/de\/chalet-aslan\/\" class=\"shb-accommodation-listing-button1\">ab 215 \u20ac\/Nacht<\/a>\n\t\t\t\t\t<a href=\"https:\/\/les-atypiques-chalets.com\/de\/chalet-aslan\/\" class=\"shb-accommodation-listing-button2\">Zimmer anzeigen<i class=\"fas fa-chevron-right\"><\/i><\/a>\n\t\t\t\t\n\t\t\t\t<\/div>\n\t\t\t\t\n\t\t\t<\/div>\n\t\t\t\n\t\t<!-- END .shb-accommodation-listing-item -->\n\t\t<\/div>\n\t\t\n\t\t\t\t\n\t\t<!-- BEGIN .shb-accommodation-listing-item -->\n\t\t<div class=\"shb-accommodation-listing-item\">\n\t\t\t\n\t\t\t\t\t\t\t<a href=\"https:\/\/les-atypiques-chalets.com\/de\/chalet-iorik\/\" rel=\"bookmark\" title=\"Chalet Iorik\">\n\t\t\t\t\t\t\t\t\t\t<img decoding=\"async\" class=\"shb-accommodation-listing-image\" src=\"https:\/\/les-atypiques-chalets.com\/wp-content\/uploads\/2025\/09\/iorik-sejour-L-1024x710.webp\" alt=\"Chalet Iorik\" \/>\t\t\t\t<\/a>\n\t\t\t\t\t\t\n\t\t\t<div class=\"shb-accommodation-listing-description-wrapper\">\n\t\t\t\t\n\t\t\t\t<h3><a href=\"https:\/\/les-atypiques-chalets.com\/de\/chalet-iorik\/\" rel=\"bookmark\" title=\"Chalet Iorik\">Chalet Iorik<\/a><\/h3>\n\t\t\t\t\n\t\t\t\t<div class=\"shb-accommodation-listing-description shb-clearfix\">\n\t\t\t\t\t\n\t\t\t\t\t<ul>\r\n<li><i class=\"fas fa-user\"><\/i><span>Kapazit\u00e4t<\/span> 4 Personen<\/li>\r\n<li><i class=\"fas fa-ruler-combined\"><\/i><span>Oberfl\u00e4che<\/span> 45 m2<\/li>\r\n<li><i class=\"fas fa-hot-tub\"><\/i><span> Nordische Badewanne<\/span> privativ<\/li>\r\n<\/ul>\t\t\t\t\t\n\t\t\t\t\t<a href=\"https:\/\/les-atypiques-chalets.com\/de\/chalet-iorik\/\" class=\"shb-accommodation-listing-button1\">ab 170\u20ac\/Nacht<\/a>\n\t\t\t\t\t<a href=\"https:\/\/les-atypiques-chalets.com\/de\/chalet-iorik\/\" class=\"shb-accommodation-listing-button2\">Zimmer anzeigen<i class=\"fas fa-chevron-right\"><\/i><\/a>\n\t\t\t\t\n\t\t\t\t<\/div>\n\t\t\t\t\n\t\t\t<\/div>\n\t\t\t\n\t\t<!-- END .shb-accommodation-listing-item -->\n\t\t<\/div>\n\t\t\n\t\t\t\t\n\t<!-- END .shb-accommodation-listing-style-1 -->\n\t<\/div>\n\t\n\t<div class=\"vc_row wpb_row vc_inner vc_row-fluid\"><div class=\"wpb_column vc_column_container vc_col-sm-4\"><div class=\"vc_column-inner\"><div class=\"wpb_wrapper\">\n\t<div  class=\"wpb_single_image wpb_content_element vc_align_left wpb_content_element\">\n\t\t\n\t\t<figure class=\"wpb_wrapper vc_figure\">\n\t\t\t<a href=\"https:\/\/www.airbnb.fr\/rooms\/1181799444491659558?source_impression_id=p3_1737454110_P389ZYEJ78eXKMcr\" target=\"_self\" class=\"vc_single_image-wrapper   vc_box_border_grey\" rel=\"nofollow noopener\"><img decoding=\"async\" width=\"694\" height=\"426\" src=\"https:\/\/les-atypiques-chalets.com\/wp-content\/uploads\/2025\/01\/Capture-decran-2025-01-15-a-13.55.52.jpg\" class=\"vc_single_image-img attachment-full\" alt=\"Die Atypiques Chalets mit einer perfekten Punktzahl von 5,0 ausgezeichnet, was sie zu einem Favoriten von Reisenden macht.\" title=\"Les Atypiques Chalets \u2013 Ein Herzenswunsch von Airbnb-Reisenden\" srcset=\"https:\/\/les-atypiques-chalets.com\/wp-content\/uploads\/2025\/01\/Capture-decran-2025-01-15-a-13.55.52.jpg 694w, https:\/\/les-atypiques-chalets.com\/wp-content\/uploads\/2025\/01\/Capture-decran-2025-01-15-a-13.55.52-300x184.jpg 300w, https:\/\/les-atypiques-chalets.com\/wp-content\/uploads\/2025\/01\/Capture-decran-2025-01-15-a-13.55.52-100x61.jpg 100w, https:\/\/les-atypiques-chalets.com\/wp-content\/uploads\/2025\/01\/Capture-decran-2025-01-15-a-13.55.52-600x368.jpg 600w\" sizes=\"(max-width: 694px) 100vw, 694px\" \/><\/a>\n\t\t<\/figure>\n\t<\/div>\n<\/div><\/div><\/div><div class=\"wpb_column vc_column_container vc_col-sm-4\"><div class=\"vc_column-inner\"><div class=\"wpb_wrapper\">\n\t<div  class=\"wpb_single_image wpb_content_element vc_align_left wpb_content_element\">\n\t\t\n\t\t<figure class=\"wpb_wrapper vc_figure\">\n\t\t\t<a href=\"https:\/\/www.google.com\/search?q=Les+Atypiques+Chalets&#038;stick=H4sIAAAAAAAA_-NgU1I1qDAxtzRONkwyTTM3MDK2TEmzMqgAshItTdIMTFINjC1NDJIXsYr6pBYrOJZUFmQWlgJZzhmJOaklxQAK4Na5QQAAAA&#038;hl=fr&#038;ma\" target=\"_self\" class=\"vc_single_image-wrapper   vc_box_border_grey\" rel=\"nofollow noopener\"><img decoding=\"async\" width=\"324\" height=\"156\" src=\"https:\/\/les-atypiques-chalets.com\/wp-content\/uploads\/2024\/03\/avis-google.webp\" class=\"vc_single_image-img attachment-full\" alt=\"\" title=\"Google-Bewertung\" srcset=\"https:\/\/les-atypiques-chalets.com\/wp-content\/uploads\/2024\/03\/avis-google.webp 324w, https:\/\/les-atypiques-chalets.com\/wp-content\/uploads\/2024\/03\/avis-google-300x144.webp 300w, https:\/\/les-atypiques-chalets.com\/wp-content\/uploads\/2024\/03\/avis-google-100x48.webp 100w\" sizes=\"(max-width: 324px) 100vw, 324px\" \/><\/a>\n\t\t<\/figure>\n\t<\/div>\n<\/div><\/div><\/div><div class=\"wpb_column vc_column_container vc_col-sm-4\"><div class=\"vc_column-inner\"><div class=\"wpb_wrapper\">\n\t<div  class=\"wpb_single_image wpb_content_element vc_align_left wpb_content_element\">\n\t\t\n\t\t<figure class=\"wpb_wrapper vc_figure\">\n\t\t\t<a href=\"https:\/\/www.airbnb.fr\/users\/show\/202431572\" target=\"_self\" class=\"vc_single_image-wrapper   vc_box_border_grey\" rel=\"nofollow noopener\"><img decoding=\"async\" width=\"375\" height=\"125\" src=\"https:\/\/les-atypiques-chalets.com\/wp-content\/uploads\/2024\/10\/create-a-professionally-written-new-airbnb-listing-1600x533-1.webp\" class=\"vc_single_image-img attachment-full\" alt=\"\" title=\"Erstellen Sie eine professionell geschriebene neue Airbnb-Liste (1600x533)\" srcset=\"https:\/\/les-atypiques-chalets.com\/wp-content\/uploads\/2024\/10\/create-a-professionally-written-new-airbnb-listing-1600x533-1.webp 375w, https:\/\/les-atypiques-chalets.com\/wp-content\/uploads\/2024\/10\/create-a-professionally-written-new-airbnb-listing-1600x533-1-300x100.webp 300w, https:\/\/les-atypiques-chalets.com\/wp-content\/uploads\/2024\/10\/create-a-professionally-written-new-airbnb-listing-1600x533-1-100x33.webp 100w\" sizes=\"(max-width: 375px) 100vw, 375px\" \/><\/a>\n\t\t<\/figure>\n\t<\/div>\n<\/div><\/div><\/div><\/div><\/div><\/div><\/div><\/div><div class=\"vc_row wpb_row vc_row-fluid\"><div class=\"wpb_column vc_column_container vc_col-sm-12\"><div class=\"vc_column-inner\"><div class=\"wpb_wrapper\">\n\t<div class=\"wpb_text_column wpb_content_element\" >\n\t\t<div class=\"wpb_wrapper\">\n\t\t\t<p>Si vous pr\u00e9voyez de visiter G\u00e9rardmer dans la seconde moiti\u00e9 de 2025, vous devez absolument conna\u00eetre les <strong>\u00e9v\u00e8nements incontournables<\/strong> qui rythmeront cette p\u00e9riode. De la fin de l\u2019\u00e9t\u00e9 \u00e0 l\u2019approche de l\u2019hiver, la ville s\u2019anime avec des festivals, march\u00e9s et manifestations culturelles qui attireront votre attention. Pour profiter pleinement de votre s\u00e9jour dans les <strong>Au\u00dfergew\u00f6hnliche Chalets<\/strong>, nous avons s\u00e9lectionn\u00e9 pour vous les <strong>10 \u00e9v\u00e8nements majeurs<\/strong> \u00e0 ne surtout pas manquer, afin de vivre une exp\u00e9rience authentique et m\u00e9morable.<\/p>\n<h3>Key Takeaways:<\/h3>\n<ul>\n<li>En ao\u00fbt 2025, le Festival International du Film <a href=\"https:\/\/les-atypiques-chalets.com\/de\/les-legendes-et-histoires-mysterieuses-de-la-region-de-gerardmer\/\" data-wpil-monitor-id=\"2357\">Fantastique de G\u00e9rardmer<\/a> mettra en avant une s\u00e9lection exceptionnelle de films d\u2019horreur et de science-fiction.<\/li>\n<li>Septembre 2025 sera marqu\u00e9 par la traditionnelle F\u00eate de la Saint-Maurice, c\u00e9l\u00e9br\u00e9e avec des animations locales et des march\u00e9s artisanaux.<\/li>\n<li>En octobre, ne manquez pas le Festival des Atypiques Chalets, un <a href=\"https:\/\/les-atypiques-chalets.com\/de\/halloween-dans-les-vosges-decouvrez-les-evenements-incontournables\/\" data-wpil-monitor-id=\"2350\">\u00e9v\u00e9nement<\/a> unique m\u00ealant art, design et gastronomie locale dans les chalets typiques de G\u00e9rardmer.<\/li>\n<li>Novembre accueillera la Foire aux Vins et Produits du Terroir, id\u00e9ale pour d\u00e9couvrir les saveurs r\u00e9gionales et les sp\u00e9cialit\u00e9s vosgiennes.<\/li>\n<li>En d\u00e9cembre 2025, le March\u00e9 de No\u00ebl de G\u00e9rardmer offrira une <a href=\"https:\/\/les-atypiques-chalets.com\/de\/les-10-plus-beaux-marches-de-noel-en-alsace\/\" data-wpil-monitor-id=\"2344\">ambiance f\u00e9erique<\/a> avec ses illuminations, ses chalets d\u2019artisans et ses animations pour toute la famille.<\/li>\n<\/ul>\n<h2>L&rsquo;essence de la F\u00eate des Lacs<\/h2>\n<p><a href=\"https:\/\/www.vosgesmatin.fr\/culture-loisirs\/2025\/06\/24\/gerardmer-feux-d-artifice-aperos-electro-guinguette-une-quarantaine-de-rendez-vous-au-bord-du-lac-cet-ete\" target=\"_blank\" rel=\"noopener nofollow\">\u00c0 G\u00e9rardmer, la F\u00eate des Lacs incarne l&rsquo;\u00e2me de la fin d&rsquo;ann\u00e9e<\/a> avec une atmosph\u00e8re unique m\u00ealant tradition et modernit\u00e9. Vous serez plong\u00e9 au c\u0153ur d&rsquo;un \u00e9v\u00e9nement o\u00f9 la nature et la convivialit\u00e9 s\u2019entrelacent, offrant un spectacle lumineux sur les eaux paisibles. En participant, vous partagez un moment fort en \u00e9motions, entour\u00e9 par les montagnes et les <a href=\"https:\/\/les-atypiques-chalets.com\/de\/escapade-inoubliable-au-chalet-des-vosges-pour-la-fete-des-jonquilles\/\" data-wpil-monitor-id=\"2349\">Chalets<\/a> typiques, cr\u00e9ant des souvenirs inoubliables qui c\u00e9l\u00e8brent la beaut\u00e9 authentique de cette r\u00e9gion.<\/p>\n<h3>Activit\u00e9s et attractions au bord des lacs<\/h3>\n<p>Au bord des lacs, vous <a href=\"https:\/\/les-atypiques-chalets.com\/de\/decouvrez-le-lac-de-gerardmer\/\" data-wpil-monitor-id=\"2352\">d\u00e9couvrirez<\/a> une palette d&rsquo;activit\u00e9s pour tous les go\u00fbts, allant des balades en bateau aux randonn\u00e9es guid\u00e9es. <strong>Les animations nautiques et les march\u00e9s artisanaux<\/strong> vous permettront d\u2019explorer la richesse locale tout en profitant d\u2019un cadre naturel exceptionnel. Attention, certaines zones peuvent \u00eatre glissantes en hiver, alors \u00e9quipez-vous bien pour assurer votre s\u00e9curit\u00e9.<\/p>\n<h3>C\u00e9l\u00e9brations culturelles et gastronomie locale<\/h3>\n<p>La F\u00eate des Lacs c\u00e9l\u00e8bre aussi la culture r\u00e9gionale \u00e0 travers des spectacles traditionnels et des d\u00e9gustations. Vous aurez l&rsquo;occasion de go\u00fbter des sp\u00e9cialit\u00e9s savoureuses comme la tarte aux myrtilles ou la charcuterie locale, pr\u00e9par\u00e9es avec <strong>des produits du terroir d\u2019exception<\/strong>. Ces instants gourmands renforcent votre exp\u00e9rience en vous connectant \u00e0 l\u2019histoire et aux savoir-faire des Vosges.<\/p>\n<p>Lors de ces c\u00e9l\u00e9brations, <strong>vous plongerez dans un v\u00e9ritable festin culturel et culinaire<\/strong>. Des artisans, musiciens et chefs locaux se rassemblent pour vous offrir un panorama vivant des <a href=\"https:\/\/les-atypiques-chalets.com\/de\/lhistoire-et-la-culture-de-la-region-de-gerardmer\/\" data-wpil-monitor-id=\"2351\">traditions de G\u00e9rardmer<\/a>. <strong>Ne manquez pas ces moments o\u00f9 la culture s\u2019exprime pleinement<\/strong> : vous pourrez ainsi appr\u00e9cier des danses folkloriques tout en savourant des plats typiques, renfor\u00e7ant votre immersion dans l\u2019\u00e2me authentique de la r\u00e9gion.<\/p>\n<h2>\u00c9v\u00e9nement Sportif : La Course des Cr\u00eates<\/h2>\n<p>Chaque automne, <a href=\"https:\/\/cretesvosgiennes.fr\/\" target=\"_blank\" rel=\"noopener nofollow\">la Course des Cr\u00eates \u00e0 G\u00e9rardmer<\/a> vous invite \u00e0 relever un d\u00e9fi sportif exceptionnel en plein c\u0153ur des Vosges. Cet \u00e9v\u00e9nement r\u00e9put\u00e9 attire des coureurs exp\u00e9riment\u00e9s comme des amateurs passionn\u00e9s, pr\u00eats \u00e0 affronter un parcours exigeant sur les cr\u00eates montagneuses. Vous vivrez une exp\u00e9rience intense, entre effort physique et paysages \u00e0 couper le souffle, faisant de cette course un incontournable de la fin d&rsquo;ann\u00e9e 2025.<\/p>\n<h3>D\u00e9tails de la comp\u00e9tition et des participants<\/h3>\n<p>La Course des Cr\u00eates couvre une distance d\u2019environ 33 km avec un d\u00e9nivel\u00e9 positif de plus de 1200 m\u00e8tres. Vous serez d\u00e9fier par un parcours technique, comportant des passages <strong>exigeants et parfois dangereux<\/strong> par temps humide. La comp\u00e9tition rassemble des coureurs de haut niveau nationaux et internationaux, ainsi qu\u2019un grand nombre d\u2019amateurs passionn\u00e9s, ce qui cr\u00e9e une ambiance riche et motivante, parfaite pour repousser vos limites.<\/p>\n<h3>Impact sur la communaut\u00e9 et l&rsquo;\u00e9conomie locale<\/h3>\n<p>La Course des Cr\u00eates g\u00e9n\u00e8re un impact significatif sur G\u00e9rardmer, avec des centaines de visiteurs qui dynamisent l\u2019\u00e9conomie locale. Vous profiterez des commerces, restaurants et h\u00e9bergements, tous boost\u00e9s par cet afflux. L\u2019\u00e9v\u00e9nement renforce aussi la coh\u00e9sion communautaire, mobilisant b\u00e9n\u00e9voles et habitants autour d\u2019une passion commune. Veillez toutefois \u00e0 la gestion des flux pour minimiser les nuisances li\u00e9es \u00e0 l\u2019affluence.<\/p>\n<p><strong>L\u2019impact \u00e9conomique est majeur :<\/strong> en attirant un large public, l\u2019\u00e9v\u00e9nement favorise la saison touristique apr\u00e8s l\u2019\u00e9t\u00e9, stimulant vos activit\u00e9s locales. Sur le plan social, il cr\u00e9e un fort sentiment d\u2019appartenance et une valorisation du patrimoine naturel. Cependant, la course comporte aussi des <strong>risques physiques pour les participants<\/strong>, ce qui n\u00e9cessite une organisation rigoureuse et la pr\u00e9sence de secours. Votre participation ou votre accueil de cet \u00e9v\u00e9nement vous place au c\u0153ur d\u2019une dynamique sportive et festive incontournable.<\/p>\n<h2>Festival des Lumi\u00e8res de G\u00e9rardmer<\/h2>\n<p>Chaque ann\u00e9e, <a href=\"https:\/\/www.vosgesmatin.fr\/culture-loisirs\/2025\/01\/24\/gerardmer-spectacle-son-et-lumiere-sur-le-lac-exposition-itinerante-conferences-de-nombreux-evenements-pour-celebrer-les-150-ans-de-l-office-de-tourisme\" target=\"_blank\" rel=\"noopener nofollow\">le Festival des Lumi\u00e8res de G\u00e9rardmer illumine la ville d\u2019ao\u00fbt \u00e0 d\u00e9cembre<\/a>, m\u00ealant magie et cr\u00e9ativit\u00e9. Vous d\u00e9couvrirez des installations lumineuses exceptionnelles qui transforment les <a href=\"https:\/\/les-atypiques-chalets.com\/de\/quels-avantages-a-louer-un-chalet-spa-dans-les-vosges-pour-vos-vacances\/\" data-wpil-monitor-id=\"2355\">chalets et les paysages<\/a> environnants en un v\u00e9ritable r\u00eave visuel. Ce rendez-vous est <strong>immanquable<\/strong> si vous souhaitez vivre une <a href=\"https:\/\/les-atypiques-chalets.com\/de\/testimonials\/sarah\/\" data-wpil-monitor-id=\"2356\">exp\u00e9rience unique<\/a> m\u00ealant art et nature dans un cadre enchanteur.<\/p>\n<h3>Mise en lumi\u00e8re des projets artistiques<\/h3>\n<p>Lors du festival, vous serez \u00e9merveill\u00e9 par la <strong>mise en lumi\u00e8re innovante<\/strong> des projets artistiques, o\u00f9 des artistes locaux et internationaux exposent leurs \u0153uvres lumineuses. Ces cr\u00e9ations, souvent interactives, vous invitent \u00e0 red\u00e9couvrir <a href=\"https:\/\/les-atypiques-chalets.com\/de\/le-patrimoine-architectural-autour-de-gerardmer-decouverte-des-batiments-historiques-chateaux-et-eglises\/\" data-wpil-monitor-id=\"2353\">G\u00e9rardmer sous un angle in\u00e9dit, fusionnant modernit\u00e9<\/a> et tradition.<\/p>\n<h3>Attractivit\u00e9 pour les familles et les touristes<\/h3>\n<p>Le Festival des Lumi\u00e8res est con\u00e7u pour vous accueillir en famille ou entre amis, avec des animations adapt\u00e9es \u00e0 tous les \u00e2ges. Vous profiterez d\u2019un cadre s\u00e9curis\u00e9 et d\u2019activit\u00e9s vari\u00e9es qui rendent votre visite <strong>plaisante et accessible<\/strong> tout en favorisant des moments de partage inoubliables.<\/p>\n<p>En choisissant de visiter <a href=\"https:\/\/les-atypiques-chalets.com\/de\/tag\/visiter-gerardmer\/\" data-wpil-monitor-id=\"2340\">G\u00e9rardmer<\/a> durant cet \u00e9v\u00e9nement, vous b\u00e9n\u00e9ficiez d\u2019une offre touristique riche, m\u00ealant balades, gastronomie locale et h\u00e9bergements chaleureux comme Les Atypiques Chalets. <strong>Votre confort et votre s\u00e9curit\u00e9<\/strong> sont prioritaires, vous permettant ainsi de pleinement vous immerger dans la magie du festival sans souci.<\/p>\n<h2>March\u00e9s de No\u00ebl : Une Tradition Enchanteuse<\/h2>\n<p><a href=\"https:\/\/www.jds.fr\/gerardmer\/manifestations\/marche-de-noel\/marche-noel-gerardmer-40326_A\" target=\"_blank\" rel=\"noopener nofollow\">\u00c0 G\u00e9rardmer, les march\u00e9s de No\u00ebl<\/a> vous plongent dans une atmosph\u00e8re festive unique, alliant lumi\u00e8res scintillantes et odeurs enivrantes. Entre ao\u00fbt et d\u00e9cembre 2025, ne manquez pas ces rendez-vous incontournables o\u00f9 l\u2019esprit de No\u00ebl s\u2019anime au c\u0153ur des chalets traditionnels. Vous y d\u00e9couvrirez des tr\u00e9sors locaux tout en profitant d\u2019animations chaleureuses qui ravivent la magie des f\u00eates.<\/p>\n<h3>Artisanat local et produits du terroir<\/h3>\n<p>Lors de votre visite, vous aurez l\u2019opportunit\u00e9 d\u2019admirer un large \u00e9ventail d\u2019artisanat local, allant de la poterie aux bijoux faits main. Les produits du terroir, comme les miels, fromages et vins de la r\u00e9gion, vous inviteront \u00e0 un v\u00e9ritable voyage gustatif. <strong>Ces tr\u00e9sors authentiques<\/strong> repr\u00e9sentent un cadeau id\u00e9al ou un souvenir \u00e0 ch\u00e9rir.<\/p>\n<h3>Exp\u00e9riences immersives pour les visiteurs<\/h3>\n<p>Pour rendre votre <a href=\"https:\/\/les-atypiques-chalets.com\/de\/decouvrez-un-logement-insolite-a-gerardmer-pour-une-experience-unique\/\" data-wpil-monitor-id=\"2342\">s\u00e9jour inoubliable, G\u00e9rardmer propose des exp\u00e9riences<\/a> immersives captivantes, telles que des ateliers de cr\u00e9ation, des spectacles et des balades nocturnes en for\u00eat. Vous serez plong\u00e9 au c\u0153ur de la tradition locale tout en explorant des univers f\u00e9eriques. <strong>Ces activit\u00e9s interactives<\/strong> renforcent votre connexion avec la magie de la saison.<\/p>\n<p>En participant \u00e0 ces exp\u00e9riences immersives, vous b\u00e9n\u00e9ficiez d\u2019une v\u00e9ritable immersion culturelle et sensorielle. Vous pourrez, par exemple, cr\u00e9er votre propre d\u00e9coration de No\u00ebl sous la guidance d\u2019artisans exp\u00e9riment\u00e9s ou profiter d\u2019une randonn\u00e9e <a href=\"https:\/\/les-atypiques-chalets.com\/de\/guide-des-boutiques-de-gerardmer\/\" data-wpil-monitor-id=\"2346\">guid\u00e9e<\/a> nocturne illumin\u00e9e, qui vous d\u00e9voilera les secrets naturels de G\u00e9rardmer. <strong>Attention cependant \u00e0 bien vous \u00e9quiper<\/strong> pour affronter le froid hivernal et garantir votre s\u00e9curit\u00e9 pendant ces sorties en pleine nature.<\/p>\n<h2>\u00c9v\u00e8nements incontournables \u00e0 G\u00e9rardmer de ao\u00fbt \u00e0 d\u00e9cembre 2025<\/h2>\n<p>Vous ne devrez pas manquer les <a href=\"https:\/\/les-atypiques-chalets.com\/de\/gerardmer-hiver-ski-raquettes\/\" data-wpil-monitor-id=\"2343\">\u00e9v\u00e9nements majeurs qui rythmeront G\u00e9rardmer<\/a> de la fin de l&rsquo;\u00e9t\u00e9 \u00e0 l&rsquo;approche de l&rsquo;hiver. D\u00e8s ao\u00fbt, profitez du Festival de Musique en plein air, suivi en octobre par le traditionnel Festival du Film Fantastique. En novembre, plongez dans l\u2019ambiance chaleureuse de la F\u00eate des Saveurs vosgiennes. Enfin, d\u00e9cembre vous promet un <a href=\"https:\/\/les-atypiques-chalets.com\/de\/vivez-la-veritable-magie-dun-noel-en-montagne-dans-les-vosges\/\" data-wpil-monitor-id=\"2348\">Weihnachtsmarkt<\/a> enchanteur et des animations festives aux Atypiques Chalets, lieux parfaits pour savourer pleinement cette p\u00e9riode magique. Pr\u00e9parez-vous \u00e0 vivre une exp\u00e9rience unique et riche en d\u00e9couvertes.<\/p>\n<h2>FAQ<\/h2>\n<h4>Q: Quels sont les principaux \u00e9v\u00e8nements culturels \u00e0 G\u00e9rardmer entre ao\u00fbt et d\u00e9cembre 2025 ?<\/h4>\n<p>A: G\u00e9rardmer accueille plusieurs <a href=\"https:\/\/les-atypiques-chalets.com\/de\/decouvrez-les-evenements-incontournables-de-gerardmer-en-2025\/\" data-wpil-monitor-id=\"2339\">\u00e9v\u00e8nements<\/a> culturels majeurs en fin d&rsquo;ann\u00e9e 2025, comme le Festival Atypique des Chalets en septembre, un rendez-vous unique qui met en avant l\u2019art contemporain et les cr\u00e9ations locales. En octobre, vous pourrez profiter des Journ\u00e9es du Patrimoine avec des visites guid\u00e9es et animations autour de l\u2019histoire de la r\u00e9gion.<\/p>\n<h4>Q: Y a-t-il des manifestations sportives importantes \u00e0 G\u00e9rardmer au dernier trimestre 2025 ?<\/h4>\n<p>A: Oui, <a href=\"https:\/\/les-atypiques-chalets.com\/de\/les-10-choses-a-faire-a-gerardmer-en-ete\/\" data-wpil-monitor-id=\"2345\">G\u00e9rardmer<\/a> est r\u00e9put\u00e9e pour ses \u00e9v\u00e8nements sportifs, notamment les courses de trail et VTT en septembre et octobre. En novembre, la traditionnelle Marche Gourmande permet de d\u00e9couvrir les paysages environnants tout en d\u00e9gustant des produits locaux. Ces <a href=\"https:\/\/les-atypiques-chalets.com\/de\/apercu-de-levenement-gerardmer-open-swim-stars\/\" data-wpil-monitor-id=\"2354\">\u00e9v\u00e8nements attirent sportifs et amateurs de pleine nature<\/a>.<\/p>\n<h4>Q: Quels \u00e9v\u00e8nements festifs et musicaux sont pr\u00e9vus pour la fin d\u2019ann\u00e9e \u00e0 G\u00e9rardmer ?<\/h4>\n<p>A: De fin novembre \u00e0 d\u00e9cembre 2025, ne manquez pas le March\u00e9 de No\u00ebl avec ses animations, concerts et artisans locaux. \u00c0 la mi-d\u00e9cembre, des concerts sous chapiteau et des spectacles de rue animent la ville, cr\u00e9ant une ambiance chaleureuse pour c\u00e9l\u00e9brer les f\u00eates de fin d\u2019ann\u00e9e.<\/p>\n<h4>Q: O\u00f9 peut-on se loger :<\/h4>\n<p>A:Les Atypiques <a href=\"https:\/\/les-atypiques-chalets.com\/de\/location-proche-lac-gerardmer-decouvrez-les-atypiques-chalets-pour-un-sejour-inoubliable\/\" data-wpil-monitor-id=\"2341\">Chalets<\/a> est l&rsquo;endroit id\u00e9al pour profiter au calme des festivit\u00e9s de G\u00e9rardmer. A seulment 10 km de G\u00e9rardmer<\/p>\n<h4>Q: O\u00f9 peut-on se renseigner pour participer aux \u00e9v\u00e8nements \u00e0 G\u00e9rardmer en fin d\u2019ann\u00e9e 2025 ?<\/h4>\n<p>A: Pour toutes informations et inscriptions, il est conseill\u00e9 de consulter le site officiel de l\u2019office du tourisme de G\u00e9rardmer, ainsi que les r\u00e9seaux sociaux des \u00e9v\u00e8nements comme ceux des Atypiques Chalets. Les offices de tourisme locaux proposent \u00e9galement des brochures d\u00e9taill\u00e9es sur les manifestations \u00e0 venir.<\/p>\n\n\t\t<\/div>\n\t<\/div>\n<\/div><\/div><\/div><\/div><div class=\"vc_row wpb_row vc_row-fluid\"><div class=\"wpb_column vc_column_container vc_col-sm-12\"><div class=\"vc_column-inner\"><div class=\"wpb_wrapper\">\n\t<div  class=\"wpb_single_image wpb_content_element vc_align_left wpb_content_element\">\n\t\t\n\t\t<figure class=\"wpb_wrapper vc_figure\">\n\t\t\t<div class=\"vc_single_image-wrapper   vc_box_border_grey\"><img decoding=\"async\" width=\"1200\" height=\"675\" src=\"https:\/\/les-atypiques-chalets.com\/wp-content\/uploads\/2025\/03\/salon-aslan-05-L-1.webp\" class=\"vc_single_image-img attachment-full\" alt=\"Inneneinrichtung des Aslan A-Frame Chalets mit offener K\u00fcche und Panoramablick auf die Landschaft\" title=\"Chalet Aslan: Licht, Holz und Natur im Herzen der Vogesen\" srcset=\"https:\/\/les-atypiques-chalets.com\/wp-content\/uploads\/2025\/03\/salon-aslan-05-L-1.webp 1200w, https:\/\/les-atypiques-chalets.com\/wp-content\/uploads\/2025\/03\/salon-aslan-05-L-1-300x169.webp 300w, https:\/\/les-atypiques-chalets.com\/wp-content\/uploads\/2025\/03\/salon-aslan-05-L-1-1024x576.webp 1024w, https:\/\/les-atypiques-chalets.com\/wp-content\/uploads\/2025\/03\/salon-aslan-05-L-1-768x432.webp 768w, https:\/\/les-atypiques-chalets.com\/wp-content\/uploads\/2025\/03\/salon-aslan-05-L-1-100x56.webp 100w, https:\/\/les-atypiques-chalets.com\/wp-content\/uploads\/2025\/03\/salon-aslan-05-L-1-600x338.webp 600w\" sizes=\"(max-width: 1200px) 100vw, 1200px\" \/><\/div>\n\t\t<\/figure>\n\t<\/div>\n<\/div><\/div><\/div><\/div><div class=\"vc_row wpb_row vc_row-fluid\"><div class=\"wpb_column vc_column_container vc_col-sm-12\"><div class=\"vc_column-inner\"><div class=\"wpb_wrapper\">\n\t<div class=\"wpb_text_column wpb_content_element\" >\n\t\t<div class=\"wpb_wrapper\">\n\t\t\t<h2>FAQ<\/h2>\n<h4>Q: Quels types d&rsquo;h\u00e9bergements sont disponibles dans les chalets de G\u00e9rardmer?<\/h4>\n<p>A: Les <a href=\"https:\/\/les-atypiques-chalets.com\/de\/chalet-a-louer-gerardmer-decouvrez-nos-chalets-a-louer-a-gerardmer\/\" data-wpil-monitor-id=\"1846\">chalets de G\u00e9rardmer offrent une vari\u00e9t\u00e9<\/a> d&rsquo;h\u00e9bergements, allant des cabanes en bois traditionnelles aux chalets en montagne modernes. Chaque <a href=\"https:\/\/les-atypiques-chalets.com\/de\/chalets-abordables-dans-les-vosges-sejour-de-reve-a-petit-prix\/\" data-wpil-monitor-id=\"2347\">Chalet<\/a> est con\u00e7u pour garantir le confort et l&rsquo;intimit\u00e9 des visiteurs, avec des \u00e9quipements tels que des cuisines enti\u00e8rement \u00e9quip\u00e9es, des salons chaleureux et souvent des terrasses avec vue sur les paysages environnants.<\/p>\n<h4>Q: Quelles activit\u00e9s relaxantes peut-on pratiquer pr\u00e8s des chalets de G\u00e9rardmer?<\/h4>\n<p>A: Les alentours des chalets de G\u00e9rardmer proposent plusieurs <a href=\"https:\/\/les-atypiques-chalets.com\/de\/10-activites-a-faire-a-gerardmer\/\" data-wpil-monitor-id=\"2336\">activit\u00e9s<\/a> relaxantes, telles que des promenades en nature, des randonn\u00e9es dans les Vosges, ou encore des s\u00e9ances de yoga en plein air. De plus, le <a href=\"https:\/\/les-atypiques-chalets.com\/de\/tag\/lac-de-gerardmer\/\" data-wpil-monitor-id=\"2335\">Lac de G\u00e9rardmer<\/a> permet de pratiquer des activit\u00e9s aquatiques paisibles, comme le paddle ou la p\u00eache.<\/p>\n<h4>Q: Existe-t-il des \u00e9quipements de bien-\u00eatre dans les chalets?<\/h4>\n<p>A: Oui, de nombreux <a href=\"https:\/\/les-atypiques-chalets.com\/de\/location-chalet-vosges-jacuzzi\/\" data-wpil-monitor-id=\"2337\">chalets de G\u00e9rardmer sont \u00e9quip\u00e9s<\/a> de commodit\u00e9s de bien-\u00eatre, comme des spas, saunas ou jacuzzis. Ces installations permettent aux <a href=\"https:\/\/les-atypiques-chalets.com\/de\/testimonials\/kim\/\" data-wpil-monitor-id=\"2338\">h\u00f4tes<\/a> de se d\u00e9tendre apr\u00e8s une journ\u00e9e d&rsquo;exploration et d&rsquo;activit\u00e9s ext\u00e9rieures, contribuant ainsi \u00e0 un s\u00e9jour rejuvenant.<\/p>\n<h4>Q: Comment choisir le bon chalet pour un s\u00e9jour relaxant \u00e0 G\u00e9rardmer?<\/h4>\n<p>A: Pour choisir le bon chalet, il est conseill\u00e9 de prendre en compte vos pr\u00e9f\u00e9rences en mati\u00e8re de taille, d&rsquo;\u00e9quipements et de proximit\u00e9 des attractions. Il est \u00e9galement utile de lire les avis d&rsquo;autres clients pour \u00e9valuer la qualit\u00e9 de l&rsquo;h\u00e9bergement et des services offerts. Une bonne <a href=\"https:\/\/les-atypiques-chalets.com\/de\/conseils-pour-des-vacances-reussies-en-location-saisonniere\/\" data-wpil-monitor-id=\"1842\">communication avec le propri\u00e9taire ou l&rsquo;agence de location<\/a> peut \u00e9galement vous aider \u00e0 faire le meilleur choix.<\/p>\n<h4>Q: Quelles sont les meilleures p\u00e9riodes pour visiter G\u00e9rardmer et profiter de ses chalets?<\/h4>\n<p>A: Les <a href=\"https:\/\/les-atypiques-chalets.com\/de\/les-meilleurs-spots-pour-le-parapente-dans-la-region-de-gerardmer\/\" data-wpil-monitor-id=\"2036\">meilleurs moments pour visiter G\u00e9rardmer<\/a> d\u00e9pendent de vos pr\u00e9f\u00e9rences. En \u00e9t\u00e9, vous pourrez profiter des randonn\u00e9es et des activit\u00e9s nautiques, tandis qu&rsquo;en hiver, la r\u00e9gion est c\u00e9l\u00e8bre pour ses stations de ski et ses paysages <a href=\"https:\/\/les-atypiques-chalets.com\/de\/tag\/pistes-enneigees\/\" data-wpil-monitor-id=\"2271\">enneig\u00e9s<\/a>. Les saisons interm\u00e9diaires, comme le printemps et l&rsquo;automne, offrent \u00e9galement des paysages <a href=\"https:\/\/les-atypiques-chalets.com\/de\/testimonials\/charlotte\/\" data-wpil-monitor-id=\"2358\">magnifiques et une atmosph\u00e8re calme, id\u00e9als pour un s\u00e9jour<\/a> relaxant.<\/p>\n\n\t\t<\/div>\n\t<\/div>\n<\/div><\/div><\/div><\/div>\n<\/div>","protected":false},"excerpt":{"rendered":"Chalet IORIK Capacit\u00e9: 4 personnes Superficie: 45 m2 Bain Nordique: privatif Description de notre Chalet Iorik dans les Vosges Id\u00e9al pour les couples ou les petites familles, le Chalet IORIK est un \u00e9crin de douceur pouvant accueillir jusqu\u2019\u00e0 4 personnes. Avec ses 2 chambres cosy et ces 2 lits de 140\u00d7190, il vous promet des<a href=\"https:\/\/les-atypiques-chalets.com\/de\/chalet-aslan\/\" class=\"sohohotel-more-link\">Read More<\/a>","protected":false},"author":1,"featured_media":2396281,"comment_status":"closed","ping_status":"closed","sticky":false,"template":"","format":"standard","meta":{"_yoast_wpseo_title":"G\u00e9rardmer 2025 : les \u00e9v\u00e9nements incontournables \u00e0 ne pas manquer","_yoast_wpseo_metadesc":"D\u00e9couvrez les \u00e9v\u00e9nements phares de G\u00e9rardmer en 2025 : F\u00eate des Jonquilles, Festival fantastique, rallye, triathlon, march\u00e9 de No\u00ebl\u2026 Cliquez pour le programme\u202f!","_yoast_wpseo_focuskw":"#G\u00e9rardmer #Evenements2025 #FeteDesJonquilles #FestivalFantastique #RallyeVosges #TriathlonG\u00e9rardmer","footnotes":""},"categories":[707],"tags":[1177,1716,944,1719,1717,1718],"class_list":["post-2396146","post","type-post","status-publish","format-standard","has-post-thumbnail","hentry","category-gerardmer","tag-evenements-gerardmer","tag-festival-fantastique","tag-fete-des-jonquilles","tag-marche-de-noel-2025","tag-rallye-vosges","tag-triathlon-gerardmer"],"_links":{"self":[{"href":"https:\/\/les-atypiques-chalets.com\/de\/wp-json\/wp\/v2\/posts\/2396146","targetHints":{"allow":["GET"]}}],"collection":[{"href":"https:\/\/les-atypiques-chalets.com\/de\/wp-json\/wp\/v2\/posts"}],"about":[{"href":"https:\/\/les-atypiques-chalets.com\/de\/wp-json\/wp\/v2\/types\/post"}],"author":[{"embeddable":true,"href":"https:\/\/les-atypiques-chalets.com\/de\/wp-json\/wp\/v2\/users\/1"}],"replies":[{"embeddable":true,"href":"https:\/\/les-atypiques-chalets.com\/de\/wp-json\/wp\/v2\/comments?post=2396146"}],"version-history":[{"count":0,"href":"https:\/\/les-atypiques-chalets.com\/de\/wp-json\/wp\/v2\/posts\/2396146\/revisions"}],"wp:featuredmedia":[{"embeddable":true,"href":"https:\/\/les-atypiques-chalets.com\/de\/wp-json\/wp\/v2\/media\/2396281"}],"wp:attachment":[{"href":"https:\/\/les-atypiques-chalets.com\/de\/wp-json\/wp\/v2\/media?parent=2396146"}],"wp:term":[{"taxonomy":"category","embeddable":true,"href":"https:\/\/les-atypiques-chalets.com\/de\/wp-json\/wp\/v2\/categories?post=2396146"},{"taxonomy":"post_tag","embeddable":true,"href":"https:\/\/les-atypiques-chalets.com\/de\/wp-json\/wp\/v2\/tags?post=2396146"}],"curies":[{"name":"wp","href":"https:\/\/api.w.org\/{rel}","templated":true}]}}