{"id":369779,"date":"2024-10-24T12:33:53","date_gmt":"2024-10-24T12:33:53","guid":{"rendered":"https:\/\/les-atypiques-chalets.com\/?p=369779"},"modified":"2025-05-21T19:10:15","modified_gmt":"2025-05-21T19:10:15","slug":"vivez-la-veritable-magie-dun-noel-en-montagne-dans-les-vosges","status":"publish","type":"post","link":"https:\/\/les-atypiques-chalets.com\/de\/vivez-la-veritable-magie-dun-noel-en-montagne-dans-les-vosges\/","title":{"rendered":"Erleben Sie die wahre Magie eines Weihnachtsfests in den Bergen der Vogesen"},"content":{"rendered":"<div class=\"wpb-content-wrapper\"><div class=\"vc_row wpb_row vc_row-fluid\"><div class=\"wpb_column vc_column_container vc_col-sm-12\"><div class=\"vc_column-inner\"><div class=\"wpb_wrapper\">\n\t<div class=\"wpb_text_column wpb_content_element\" >\n\t\t<div class=\"wpb_wrapper\">\n\t\t\t<h1 class=\"p1\"><span style=\"color: #683c16;\">Vivez la V\u00e9ritable Magie d&rsquo;un No\u00ebl<\/span><br \/>\n<span style=\"color: #683c16;\">en Montagne dans les Vosges<\/span><\/h1>\n\n\t\t<\/div>\n\t<\/div>\n<\/div><\/div><\/div><\/div><div class=\"vc_row wpb_row vc_row-fluid\"><div class=\"wpb_column vc_column_container vc_col-sm-12\"><div class=\"vc_column-inner\"><div class=\"wpb_wrapper\"><div class=\"vc_empty_space\"   style=\"height: 32px\"><span class=\"vc_empty_space_inner\"><\/span><\/div>\t\t\n\t\t\t\t\n\t\t\t<!-- BEGIN .shb-accommodation-listing-filter-sorting -->\n\t\t\t<div class=\"shb-accommodation-listing-filter-sorting shb-clearfix\">\n\t\t\t\n\t\t\t\t\t\t\t\n\t\t\t\t<div class=\"shb-accommodation-listing-filter shb-clearfix\">\n\t\t\t\t\t<p>Filtern nach:<\/p>\n\t\t\t\t\t<ul>\n\t\t\t\t\t\t<li class=\"shb-filter-current\"><a href=\"https:\/\/les-atypiques-chalets.com\/de\/wp-json\/wp\/v2\/posts\/369779?shb-orderby=2\">All<\/a><\/li><li class=\"\"><a href=\"https:\/\/les-atypiques-chalets.com\/de\/wp-json\/wp\/v2\/posts\/369779?shb-orderby=2&shb-accommodation-type=chalet-4-personnes-gerardmer\">Chalet f\u00fcr 4 Personen<\/a><\/li><li class=\"\"><a href=\"https:\/\/les-atypiques-chalets.com\/de\/wp-json\/wp\/v2\/posts\/369779?shb-orderby=2&shb-accommodation-type=chalet-6-personnes\">Chalet f\u00fcr 6 Personen<\/a><\/li><li class=\"\"><a href=\"https:\/\/les-atypiques-chalets.com\/de\/wp-json\/wp\/v2\/posts\/369779?shb-orderby=2&shb-accommodation-type=chalets-6-personnes\">Chalets f\u00fcr 6 Personen<\/a><\/li>\t\t\t\t\t<\/ul>\n\t\t\t\t<\/div>\n\t\t\t\n\t\t\t\t\t\t\t\n\t\t\t\t\t\t\t\n\t\t\t\t<div class=\"shb-accommodation-listing-sorting shb-clearfix\">\n\t\t\t\t\t<select>\n\t\t\t\t\t\t<option value=\"https:\/\/les-atypiques-chalets.com\/de\/wp-json\/wp\/v2\/posts\/369779?shb-accommodation-type=0\" selected>Standard-Sortierung<\/option><option value=\"https:\/\/les-atypiques-chalets.com\/de\/wp-json\/wp\/v2\/posts\/369779?shb-accommodation-type=0&shb-orderby=1\" >Preis niedrig bis hoch<\/option><option value=\"https:\/\/les-atypiques-chalets.com\/de\/wp-json\/wp\/v2\/posts\/369779?shb-accommodation-type=0&shb-orderby=2\" >Preis hoch bis niedrig<\/option>\t\t\t\t\t<\/select>\n\t\t\t\t\t<i class=\"fas fa-chevron-down\"><\/i>\n\t\t\t\t<\/div>\n\t\t\t\n\t\t\t\t\t\n\t\t\t<!-- END .shb-accommodation-listing-filter-sorting -->\n\t\t\t<\/div>\n\t\t\n\t\t\t\t\n\t\t<!-- BEGIN .shb-accommodation-listing-style-1 -->\n\t\t<div class=\"shb-accommodation-listing-style-1 shb-accommodation-listing-style-1-columns-3\">\n\t\t\t\n\t\t\t\t\n\t\t\t<!-- BEGIN .shb-accommodation-listing-item -->\n\t\t\t<div class=\"shb-accommodation-listing-item\">\n\t\t\t\n\t\t\t\t\t\t\t\t\t<a href=\"https:\/\/les-atypiques-chalets.com\/de\/chalet-charkhan\/\" rel=\"bookmark\" title=\"Chalet Charkhan\">\n\t\t\t\t\t\t\t\t\t\t\t\t<img decoding=\"async\" class=\"shb-accommodation-listing-image\" src=\"https:\/\/les-atypiques-chalets.com\/wp-content\/uploads\/2025\/03\/salon-charkhan-03-L-1180x675.webp\" alt=\"Chalet Charkhan\" \/>\t\t\t\t\t<\/a>\n\t\t\t\t\t\t\t\n\t\t\t\t<div class=\"shb-accommodation-listing-description-wrapper\">\n\t\t\t\t\n\t\t\t\t\t<h3><a href=\"https:\/\/les-atypiques-chalets.com\/de\/chalet-charkhan\/\" rel=\"bookmark\" title=\"Chalet Charkhan\">Chalet Charkhan<\/a><\/h3>\n\t\t\t\t\n\t\t\t\t\t<div class=\"shb-accommodation-listing-description shb-clearfix\">\n\t\t\t\t\t\t<ul>\r\n<li><i class=\"fas fa-user\"><\/i><span>Kapazit\u00e4t<\/span> 6 Personen<\/li>\r\n<li><i class=\"fas fa-ruler-combined\"><\/i><span>Oberfl\u00e4che<\/span> 65 m\u00b2<\/li>\r\n<li><i class=\"fas fa-hot-tub\"><\/i><span> Nordische Badewanne<\/span> privativ<\/li>\r\n<\/ul>\t\t\t\t\t\t<a href=\"https:\/\/les-atypiques-chalets.com\/de\/chalet-charkhan\/\" class=\"shb-accommodation-listing-button1\">ab 225\u20ac\/Nacht<\/a>\n\t\t\t\t\t\t<a href=\"https:\/\/les-atypiques-chalets.com\/de\/chalet-charkhan\/\" class=\"shb-accommodation-listing-button2\">Zimmer anzeigen<i class=\"fas fa-chevron-right\"><\/i><\/a>\n\t\t\t\t\t<\/div>\n\t\t\t\t\n\t\t\t\t<\/div>\n\t\t\t\n\t\t\t<!-- END .shb-accommodation-listing-item -->\n\t\t\t<\/div>\n\t\t\n\t\t\t\t\n\t\t\t<!-- BEGIN .shb-accommodation-listing-item -->\n\t\t\t<div class=\"shb-accommodation-listing-item\">\n\t\t\t\n\t\t\t\t\t\t\t\t\t<a href=\"https:\/\/les-atypiques-chalets.com\/de\/chalet-aslan\/\" rel=\"bookmark\" title=\"Chalet Aslan\">\n\t\t\t\t\t\t\t\t\t\t\t\t<img decoding=\"async\" class=\"shb-accommodation-listing-image\" src=\"https:\/\/les-atypiques-chalets.com\/wp-content\/uploads\/2025\/03\/ASLAN-2-900x710.webp\" alt=\"Chalet Aslan\" \/>\t\t\t\t\t<\/a>\n\t\t\t\t\t\t\t\n\t\t\t\t<div class=\"shb-accommodation-listing-description-wrapper\">\n\t\t\t\t\n\t\t\t\t\t<h3><a href=\"https:\/\/les-atypiques-chalets.com\/de\/chalet-aslan\/\" rel=\"bookmark\" title=\"Chalet Aslan\">Chalet Aslan<\/a><\/h3>\n\t\t\t\t\n\t\t\t\t\t<div class=\"shb-accommodation-listing-description shb-clearfix\">\n\t\t\t\t\t\t<ul>\r\n<li><i class=\"fas fa-user\"><\/i><span>Kapazit\u00e4t<\/span> 5 Personen<\/li>\r\n<li><i class=\"fas fa-ruler-combined\"><\/i><span>Oberfl\u00e4che<\/span> 65 m\u00b2<\/li>\r\n<li><i class=\"fas fa-hot-tub\"><\/i><span> Nordische Badewanne<\/span> privativ<\/li>\r\n<\/ul>\t\t\t\t\t\t<a href=\"https:\/\/les-atypiques-chalets.com\/de\/chalet-aslan\/\" class=\"shb-accommodation-listing-button1\">ab 215 \u20ac\/Nacht<\/a>\n\t\t\t\t\t\t<a href=\"https:\/\/les-atypiques-chalets.com\/de\/chalet-aslan\/\" class=\"shb-accommodation-listing-button2\">Zimmer anzeigen<i class=\"fas fa-chevron-right\"><\/i><\/a>\n\t\t\t\t\t<\/div>\n\t\t\t\t\n\t\t\t\t<\/div>\n\t\t\t\n\t\t\t<!-- END .shb-accommodation-listing-item -->\n\t\t\t<\/div>\n\t\t\n\t\t\t\t\n\t\t\t<!-- BEGIN .shb-accommodation-listing-item -->\n\t\t\t<div class=\"shb-accommodation-listing-item\">\n\t\t\t\n\t\t\t\t\t\t\t\t\t<a href=\"https:\/\/les-atypiques-chalets.com\/de\/chalet-iorik\/\" rel=\"bookmark\" title=\"Chalet Iorik\">\n\t\t\t\t\t\t\t\t\t\t\t\t<img decoding=\"async\" class=\"shb-accommodation-listing-image\" src=\"https:\/\/les-atypiques-chalets.com\/wp-content\/uploads\/2025\/09\/iorik-sejour-L-1024x710.webp\" alt=\"Chalet Iorik\" \/>\t\t\t\t\t<\/a>\n\t\t\t\t\t\t\t\n\t\t\t\t<div class=\"shb-accommodation-listing-description-wrapper\">\n\t\t\t\t\n\t\t\t\t\t<h3><a href=\"https:\/\/les-atypiques-chalets.com\/de\/chalet-iorik\/\" rel=\"bookmark\" title=\"Chalet Iorik\">Chalet Iorik<\/a><\/h3>\n\t\t\t\t\n\t\t\t\t\t<div class=\"shb-accommodation-listing-description shb-clearfix\">\n\t\t\t\t\t\t<ul>\r\n<li><i class=\"fas fa-user\"><\/i><span>Kapazit\u00e4t<\/span> 4 Personen<\/li>\r\n<li><i class=\"fas fa-ruler-combined\"><\/i><span>Oberfl\u00e4che<\/span> 45 m2<\/li>\r\n<li><i class=\"fas fa-hot-tub\"><\/i><span> Nordische Badewanne<\/span> privativ<\/li>\r\n<\/ul>\t\t\t\t\t\t<a href=\"https:\/\/les-atypiques-chalets.com\/de\/chalet-iorik\/\" class=\"shb-accommodation-listing-button1\">ab 170\u20ac\/Nacht<\/a>\n\t\t\t\t\t\t<a href=\"https:\/\/les-atypiques-chalets.com\/de\/chalet-iorik\/\" class=\"shb-accommodation-listing-button2\">Zimmer anzeigen<i class=\"fas fa-chevron-right\"><\/i><\/a>\n\t\t\t\t\t<\/div>\n\t\t\t\t\n\t\t\t\t<\/div>\n\t\t\t\n\t\t\t<!-- END .shb-accommodation-listing-item -->\n\t\t\t<\/div>\n\t\t\n\t\t\t\t\t\n\t\t<!-- END .shb-accommodation-listing-style-1 -->\n\t\t<\/div>\n\t\n\t\t\n\t\t\t\n\t\t<div class=\"shb-clearboth\"><\/div>\n\t\t<div class=\"shb-accommodation-listing-1-pagination\">\n\t\t\t\t<\/div>\n\t\t\n\t\t\n\t<div class=\"vc_empty_space\"   style=\"height: 32px\"><span class=\"vc_empty_space_inner\"><\/span><\/div><\/div><\/div><\/div><\/div><div class=\"vc_row wpb_row vc_row-fluid\"><div class=\"wpb_column vc_column_container vc_col-sm-12\"><div class=\"vc_column-inner\"><div class=\"wpb_wrapper\">\n\t<div class=\"wpb_text_column wpb_content_element\" >\n\t\t<div class=\"wpb_wrapper\">\n\t\t\t<article class=\"w-full text-token-text-primary focus-visible:outline-2 focus-visible:outline-offset-&#091;-4px&#093; sm:AIPRM__conversation__response\" dir=\"auto\" data-testid=\"conversation-turn-7\" data-scroll-anchor=\"false\">\n<div class=\"text-base py-&#091;18px&#093; px-3 md:px-4 m-auto w-full md:px-5 lg:px-1 xl:px-5\">\n<div class=\"mx-auto flex flex-1 gap-4 text-base md:gap-5 lg:gap-6 md:max-w-3xl lg:max-w-&#091;40rem&#093; xl:max-w-&#091;48rem&#093;\">\n<div class=\"group\/conversation-turn relative flex w-full min-w-0 flex-col agent-turn\">\n<div class=\"flex-col gap-1 md:gap-3\">\n<div class=\"flex max-w-full flex-col flex-grow AIPRM__conversation__response\">\n<div class=\"min-h-&#091;20px&#093; text-message flex w-full flex-col items-end gap-2 whitespace-normal break-words &#091;.text-message+&amp;&#093;:mt-5\" dir=\"auto\" data-message-author-role=\"assistant\" data-message-id=\"08ff1a67-e8fe-4640-b2af-0e74ab8ea162\">\n<div class=\"flex w-full flex-col gap-1 empty:hidden first:pt-&#091;3px&#093;\">\n<div class=\"markdown prose w-full break-words dark:prose-invert light\">\n<p>Plongez au c\u0153ur des <strong>Vogesen<\/strong> pour une exp\u00e9rience inoubliable. \u00c0 l&rsquo;approche des f\u00eates, les montagnes se parent de leurs plus beaux atours pour offrir un spectacle f\u00e9\u00e9rique. Nous vous invitons \u00e0 d\u00e9couvrir comment les Vosges deviennent le th\u00e9\u00e2tre d&rsquo;un <strong>No\u00ebl enchanteur<\/strong>, m\u00ealant traditions, nature et festivit\u00e9s.<\/p>\n<h2>Un Cadre Enchanteur pour les F\u00eates<\/h2>\n<p>Les sommets enneig\u00e9s, les for\u00eats d&rsquo;\u00e9pic\u00e9as et les villages pittoresques cr\u00e9ent une atmosph\u00e8re unique. Les paysages des <a href=\"https:\/\/les-atypiques-chalets.com\/de\/tag\/vogesen\/\"  data-wpil-monitor-id=\"2189\">Vogesen<\/a> offrent un d\u00e9cor idyllique pour c\u00e9l\u00e9brer <strong>No\u00ebl en montagne<\/strong>.<\/p>\n<h3>Des Villages Authentiques<\/h3>\n<p>Parcourez les ruelles pav\u00e9es de villages comme <a href=\"https:\/\/gerardmer.net\/\" target=\"_blank\" rel=\"noopener nofollow\"><strong>G\u00e9rardmer<\/strong><\/a> ou <a href=\"https:\/\/www.labresse.net\/\" target=\"_blank\" rel=\"noopener nofollow\"><strong>La Bresse<\/strong><\/a>, o\u00f9 les maisons \u00e0 colombages sont illumin\u00e9es de mille feux. Les march\u00e9s de No\u00ebl y proposent des produits artisanaux, des sp\u00e9cialit\u00e9s culinaires et des animations pour petits et grands.<\/p>\n<h3>La Nature au Rendez-vous<\/h3>\n<p>Profitez des sentiers balis\u00e9s pour des <a href=\"https:\/\/les-atypiques-chalets.com\/de\/les-10-choses-a-faire-a-gerardmer-en-ete\/\" data-wpil-monitor-id=\"1724\">Wanderungen<\/a> en raquettes ou des balades en chiens de tra\u00eeneau. La montagne vosgienne est le lieu id\u00e9al pour se ressourcer en pleine nature et vivre des moments conviviaux en famille.<\/p>\n<h2>Activit\u00e9s Inoubliables pour Toute la Famille<\/h2>\n<p>Lesen <a href=\"https:\/\/les-atypiques-chalets.com\/de\/ungewohnliche-chalets-in-den-vogesen-ein-unvergesslicher-aufenthalt-im-einklang-mit-der-natur\/\" data-wpil-monitor-id=\"1222\">Vosges regorgent d&rsquo;activit\u00e9s pour rendre votre s\u00e9jour<\/a> m\u00e9morable. Que vous soyez amateur de sensations fortes ou en qu\u00eate de d\u00e9tente, il y en a pour tous les go\u00fbts.<\/p>\n<h3>Sports d&rsquo;Hiver<\/h3>\n<p>D\u00e9valez les pistes des stations de ski renomm\u00e9es comme <a href=\"https:\/\/www.lemarkstein.net\/\" target=\"_blank\" rel=\"noopener nofollow\"><strong>Le Markstein<\/strong><\/a> ou <a href=\"https:\/\/ventron.fr\/\" target=\"_blank\" rel=\"noopener nofollow\"><strong>Ventron<\/strong><\/a>. Ski alpin, snowboard, luge : les plaisirs de la glisse sont au rendez-vous pour des vacances dynamiques.<\/p>\n<h3>Bien-\u00eatre et D\u00e9tente<\/h3>\n<p>Apr\u00e8s une journ\u00e9e au grand air, relaxez-vous dans les spas et centres de bien-\u00eatre. Les \u00e9tablissements proposent des soins relaxants, des bains chauds et des massages pour un moment de pure d\u00e9tente.<\/p>\n<h2>Gastronomie Locale pour des F\u00eates Gourmandes<\/h2>\n<p>La r\u00e9gion est r\u00e9put\u00e9e pour sa <strong>cuisine traditionnelle<\/strong> qui ravira les papilles des plus fins gourmets.<\/p>\n<h3>Sp\u00e9cialit\u00e9s Vosgiennes<\/h3>\n<p>D\u00e9gustez la c\u00e9l\u00e8bre <strong>tarte aux myrtilles<\/strong>, les fromages locaux comme le <strong>Munster<\/strong> et les plats chaleureux tels que la <strong>choucroute<\/strong> ou le <strong>b\u00e6ckeoffe<\/strong>.<\/p>\n<h3>March\u00e9s de No\u00ebl Gourmands<\/h3>\n<p>Fl\u00e2nez dans les march\u00e9s pour d\u00e9couvrir les stands de produits du terroir. Charcuteries, confitures, miels et vins chauds sont autant de d\u00e9lices \u00e0 savourer sur place ou \u00e0 emporter.<\/p>\n<h2>Traditions et Culture au C\u0153ur des F\u00eates<\/h2>\n<p>Les Vosges sont riches en traditions qui donnent \u00e0 No\u00ebl une dimension particuli\u00e8re.<\/p>\n<h3>Contes et L\u00e9gendes<\/h3>\n<p>Assistez aux veill\u00e9es cont\u00e9es o\u00f9 les l\u00e9gendes locales prennent vie. Des histoires de lutins, de f\u00e9es et de myst\u00e8res de la for\u00eat enchantent les soir\u00e9es d&rsquo;hiver.<\/p>\n<h3>Artisanat Local<\/h3>\n<p>D\u00e9couvrez le savoir-faire des artisans vosgiens. La fabrication de boules de No\u00ebl en verre souffl\u00e9 \u00e0 <strong>Meisenthal<\/strong> est une tradition ancestrale qui perdure et \u00e9merveille toujours autant.<\/p>\n<h2>H\u00e9bergements de Charme pour un S\u00e9jour Authentique<\/h2>\n<p>Pour profiter pleinement de votre s\u00e9jour, choisissez parmi une gamme d&rsquo;h\u00e9bergements typiques.<\/p>\n<h3>Chalets en Bois<\/h3>\n<p>Optez pour un <a href=\"https:\/\/les-atypiques-chalets.com\/de\/\"><strong>chalet traditionnel<\/strong><\/a> offrant une vue imprenable sur les montagnes. L&rsquo;ambiance chaleureuse du bois et le cr\u00e9pitement du feu de chemin\u00e9e cr\u00e9ent une atmosph\u00e8re cosy id\u00e9ale pour les f\u00eates.<\/p>\n<h3>G\u00eetes et Maisons d&rsquo;H\u00f4tes<\/h3>\n<p>Lesen <strong>g\u00eetes ruraux<\/strong> und <strong>maisons d&rsquo;h\u00f4tes<\/strong> vous accueillent avec convivialit\u00e9. Partagez des moments authentiques avec vos h\u00f4tes et d\u00e9couvrez les coutumes locales.<\/p>\n<h2>Pr\u00e9parez Votre S\u00e9jour d\u00e8s Maintenant<\/h2>\n<p>N&rsquo;attendez plus pour organiser votre escapade. Les Vosges vous attendent pour vivre un <strong>No\u00ebl en montagne<\/strong> inoubliable, o\u00f9 magie, traditions et nature se conjuguent pour le plus grand plaisir de tous.<\/p>\n<\/div>\n<\/div>\n<\/div>\n<\/div>\n<\/div>\n<\/div>\n<\/div>\n<\/div>\n<\/article>\n\n\t\t<\/div>\n\t<\/div>\n<\/div><\/div><\/div><\/div><div class=\"vc_row wpb_row vc_row-fluid\"><div class=\"wpb_column vc_column_container vc_col-sm-12\"><div class=\"vc_column-inner\"><div class=\"wpb_wrapper\">\n\t<div  class=\"wpb_single_image wpb_content_element vc_align_center wpb_content_element\">\n\t\t\n\t\t<figure class=\"wpb_wrapper vc_figure\">\n\t\t\t<a href=\"https:\/\/les-atypiques-chalets.com\/de\/dev2025\/reservation\/\" target=\"_self\" class=\"vc_single_image-wrapper   vc_box_border_grey\"><img decoding=\"async\" width=\"1000\" height=\"503\" src=\"https:\/\/les-atypiques-chalets.com\/wp-content\/uploads\/2024\/10\/les-atypiques-chalets2.webp\" class=\"vc_single_image-img attachment-full\" alt=\"Les Atypiques Chalets en bois de forme triangulaire dans un cadre verdoyant, avec un ciel au coucher du soleil dans les Vosges.\" title=\"Les Atypiques Chalets - H\u00e9bergements insolites au c\u0153ur des Vosges\" srcset=\"https:\/\/les-atypiques-chalets.com\/wp-content\/uploads\/2024\/10\/les-atypiques-chalets2.webp 1000w, https:\/\/les-atypiques-chalets.com\/wp-content\/uploads\/2024\/10\/les-atypiques-chalets2-300x151.webp 300w, https:\/\/les-atypiques-chalets.com\/wp-content\/uploads\/2024\/10\/les-atypiques-chalets2-768x386.webp 768w, https:\/\/les-atypiques-chalets.com\/wp-content\/uploads\/2024\/10\/les-atypiques-chalets2-100x50.webp 100w, https:\/\/les-atypiques-chalets.com\/wp-content\/uploads\/2024\/10\/les-atypiques-chalets2-600x302.webp 600w\" sizes=\"(max-width: 1000px) 100vw, 1000px\" \/><\/a>\n\t\t<\/figure>\n\t<\/div>\n<\/div><\/div><\/div><\/div><div class=\"vc_row wpb_row vc_row-fluid\"><div class=\"wpb_column vc_column_container vc_col-sm-4\"><div class=\"vc_column-inner\"><div class=\"wpb_wrapper\">\n\t<div  class=\"wpb_single_image wpb_content_element vc_align_center wpb_content_element\">\n\t\t\n\t\t<figure class=\"wpb_wrapper vc_figure\">\n\t\t\t<a href=\"https:\/\/les-atypiques-chalets.com\/de\/dev2025\/reservation\/\" target=\"_self\" class=\"vc_single_image-wrapper   vc_box_border_grey\"><img decoding=\"async\" width=\"600\" height=\"600\" src=\"https:\/\/les-atypiques-chalets.com\/wp-content\/uploads\/2024\/10\/noel.webp\" class=\"vc_single_image-img attachment-full\" alt=\"Un elfe de No\u00ebl mignon avec de grands yeux bleus et un bonnet rouge et vert, souriant sous la neige.\" title=\"Elfe de No\u00ebl mignon - La magie des f\u00eates dans les Vosges\" srcset=\"https:\/\/les-atypiques-chalets.com\/wp-content\/uploads\/2024\/10\/noel.webp 600w, https:\/\/les-atypiques-chalets.com\/wp-content\/uploads\/2024\/10\/noel-300x300.webp 300w, https:\/\/les-atypiques-chalets.com\/wp-content\/uploads\/2024\/10\/noel-150x150.webp 150w, https:\/\/les-atypiques-chalets.com\/wp-content\/uploads\/2024\/10\/noel-124x124.webp 124w, https:\/\/les-atypiques-chalets.com\/wp-content\/uploads\/2024\/10\/noel-100x100.webp 100w, https:\/\/les-atypiques-chalets.com\/wp-content\/uploads\/2024\/10\/noel-190x190.webp 190w, https:\/\/les-atypiques-chalets.com\/wp-content\/uploads\/2024\/10\/noel-170x170.webp 170w\" sizes=\"(max-width: 600px) 100vw, 600px\" \/><\/a>\n\t\t<\/figure>\n\t<\/div>\n<\/div><\/div><\/div><div class=\"wpb_column vc_column_container vc_col-sm-4\"><div class=\"vc_column-inner\"><div class=\"wpb_wrapper\">\n\t<div  class=\"wpb_single_image wpb_content_element vc_align_center wpb_content_element\">\n\t\t\n\t\t<figure class=\"wpb_wrapper vc_figure\">\n\t\t\t<a href=\"https:\/\/les-atypiques-chalets.com\/de\/dev2025\/reservation\/\" target=\"_self\" class=\"vc_single_image-wrapper   vc_box_border_grey\"><img decoding=\"async\" width=\"600\" height=\"600\" src=\"https:\/\/les-atypiques-chalets.com\/wp-content\/uploads\/2024\/10\/village-noel.webp\" class=\"vc_single_image-img attachment-full\" alt=\"Un march\u00e9 de No\u00ebl enneig\u00e9 illumin\u00e9 de guirlandes lumineuses, avec des chalets en bois d\u00e9cor\u00e9s pour les f\u00eates.\" title=\"March\u00e9 de No\u00ebl enneig\u00e9 - Un No\u00ebl f\u00e9\u00e9rique dans les Vosges\" srcset=\"https:\/\/les-atypiques-chalets.com\/wp-content\/uploads\/2024\/10\/village-noel.webp 600w, https:\/\/les-atypiques-chalets.com\/wp-content\/uploads\/2024\/10\/village-noel-300x300.webp 300w, https:\/\/les-atypiques-chalets.com\/wp-content\/uploads\/2024\/10\/village-noel-150x150.webp 150w, https:\/\/les-atypiques-chalets.com\/wp-content\/uploads\/2024\/10\/village-noel-124x124.webp 124w, https:\/\/les-atypiques-chalets.com\/wp-content\/uploads\/2024\/10\/village-noel-100x100.webp 100w, https:\/\/les-atypiques-chalets.com\/wp-content\/uploads\/2024\/10\/village-noel-190x190.webp 190w, https:\/\/les-atypiques-chalets.com\/wp-content\/uploads\/2024\/10\/village-noel-170x170.webp 170w\" sizes=\"(max-width: 600px) 100vw, 600px\" \/><\/a>\n\t\t<\/figure>\n\t<\/div>\n<\/div><\/div><\/div><div class=\"wpb_column vc_column_container vc_col-sm-4\"><div class=\"vc_column-inner\"><div class=\"wpb_wrapper\">\n\t<div  class=\"wpb_single_image wpb_content_element vc_align_center wpb_content_element\">\n\t\t\n\t\t<figure class=\"wpb_wrapper vc_figure\">\n\t\t\t<a href=\"https:\/\/les-atypiques-chalets.com\/de\/dev2025\/reservation\/\" target=\"_self\" class=\"vc_single_image-wrapper   vc_box_border_grey\"><img decoding=\"async\" width=\"600\" height=\"600\" src=\"https:\/\/les-atypiques-chalets.com\/wp-content\/uploads\/2024\/10\/pere-noel.webp\" class=\"vc_single_image-img attachment-full\" alt=\"P\u00e8re No\u00ebl souriant avec une barbe blanche et un bonnet rouge, entour\u00e9 de flocons de neige, dans un d\u00e9cor festif.\" title=\"P\u00e8re No\u00ebl festif - L&#039;esprit de No\u00ebl dans les Vosges\" srcset=\"https:\/\/les-atypiques-chalets.com\/wp-content\/uploads\/2024\/10\/pere-noel.webp 600w, https:\/\/les-atypiques-chalets.com\/wp-content\/uploads\/2024\/10\/pere-noel-300x300.webp 300w, https:\/\/les-atypiques-chalets.com\/wp-content\/uploads\/2024\/10\/pere-noel-150x150.webp 150w, https:\/\/les-atypiques-chalets.com\/wp-content\/uploads\/2024\/10\/pere-noel-124x124.webp 124w, https:\/\/les-atypiques-chalets.com\/wp-content\/uploads\/2024\/10\/pere-noel-100x100.webp 100w, https:\/\/les-atypiques-chalets.com\/wp-content\/uploads\/2024\/10\/pere-noel-190x190.webp 190w, https:\/\/les-atypiques-chalets.com\/wp-content\/uploads\/2024\/10\/pere-noel-170x170.webp 170w\" sizes=\"(max-width: 600px) 100vw, 600px\" \/><\/a>\n\t\t<\/figure>\n\t<\/div>\n<\/div><\/div><\/div><\/div><div class=\"vc_row wpb_row vc_row-fluid\"><div class=\"wpb_column vc_column_container vc_col-sm-12\"><div class=\"vc_column-inner\"><div class=\"wpb_wrapper\">\n\t<div class=\"wpb_text_column wpb_content_element\" >\n\t\t<div class=\"wpb_wrapper\">\n\t\t\t<h2>Conseils Pratiques pour un S\u00e9jour R\u00e9ussi<\/h2>\n<p>Pour que votre escapade soit parfaite, voici quelques recommandations qui vous aideront \u00e0 profiter pleinement de votre <a href=\"https:\/\/les-atypiques-chalets.com\/de\/les-atypiques-chalets-a-gerardmer-un-sejour-atypique-dans-les-vosges\/\" data-wpil-monitor-id=\"1504\">s\u00e9jour dans les Vosges<\/a> pendant la p\u00e9riode de No\u00ebl.<\/p>\n<h3>Pr\u00e9parer Votre Valise<\/h3>\n<p>Le climat montagnard en hiver peut \u00eatre rigoureux. Pr\u00e9voyez des v\u00eatements chauds et imperm\u00e9ables, des chaussures adapt\u00e9es \u00e0 la neige, ainsi que des accessoires tels que des gants, des \u00e9charpes et des bonnets. N&rsquo;oubliez pas la cr\u00e8me solaire et les lunettes de soleil, car la r\u00e9verb\u00e9ration sur la neige peut \u00eatre intense.<\/p>\n<h3>R\u00e9server \u00e0 l&rsquo;Avance<\/h3>\n<p>La p\u00e9riode des f\u00eates attire de nombreux visiteurs. Il est donc conseill\u00e9 de r\u00e9server votre h\u00e9bergement, vos activit\u00e9s et vos restaurants \u00e0 l&rsquo;avance pour \u00e9viter toute d\u00e9convenue.<\/p>\n<h3>Se Renseigner sur les Conditions M\u00e9t\u00e9orologiques<\/h3>\n<p>Avant de partir en excursion, consultez les pr\u00e9visions m\u00e9t\u00e9o et informez-vous sur l&rsquo;\u00e9tat des routes et des sentiers. Les offices de tourisme locaux et les sites sp\u00e9cialis\u00e9s fournissent des informations actualis\u00e9es pour garantir votre s\u00e9curit\u00e9.<\/p>\n<h2>\u00c9v\u00e9nements et Festivit\u00e9s Incontournables<\/h2>\n<p>Les Vosges s&rsquo;animent particuli\u00e8rement pendant les f\u00eates de fin d&rsquo;ann\u00e9e avec une multitude d&rsquo;\u00e9v\u00e9nements \u00e0 ne pas manquer.<\/p>\n<h3>Les F\u00e9eries de No\u00ebl \u00e0 Plombi\u00e8res-les-Bains<\/h3>\n<p>La ville thermale de <strong>Plombi\u00e8res-les-Bains<\/strong> se pare de mille lumi\u00e8res pour les <strong>F\u00e9eries de No\u00ebl<\/strong>. Spectacles, animations de rue, expositions et march\u00e9s artisanaux rythment cette c\u00e9l\u00e9bration magique qui enchante petits et grands.<\/p>\n<h3>Le Festival des Images \u00e0 \u00c9pinal<\/h3>\n<p>Renomm\u00e9e pour ses images, la ville d&rsquo;<strong>\u00c9pinal<\/strong> organise un festival d\u00e9di\u00e9 \u00e0 l&rsquo;art graphique et aux traditions picturales de No\u00ebl. Expositions, ateliers et rencontres avec des artistes offrent une plong\u00e9e fascinante dans cet univers cr\u00e9atif.<\/p>\n<h3>Les Concerts de No\u00ebl dans les \u00c9glises<\/h3>\n<p>De nombreux villages proposent des <strong>concerts de No\u00ebl<\/strong> dans leurs \u00e9glises historiques. Les chants traditionnels et les m\u00e9lodies festives r\u00e9sonnent sous les vo\u00fbtes, cr\u00e9ant une atmosph\u00e8re empreinte de spiritualit\u00e9 et de convivialit\u00e9.<\/p>\n<h2>Les Sentiers de Randonn\u00e9e Hivernale<\/h2>\n<p>La montagne offre un terrain de jeu exceptionnel pour les amateurs de randonn\u00e9e.<\/p>\n<h3>Randonn\u00e9es en Raquettes<\/h3>\n<p>Partez \u00e0 la d\u00e9couverte des paysages <a href=\"https:\/\/les-atypiques-chalets.com\/de\/tag\/pistes-enneigees\/\" data-wpil-monitor-id=\"2284\">enneig\u00e9s<\/a> lors de randonn\u00e9es en raquettes. Des itin\u00e9raires balis\u00e9s de diff\u00e9rents niveaux sont accessibles, permettant \u00e0 chacun de profiter de la nature \u00e0 son rythme.<\/p>\n<h3>Itin\u00e9raires Th\u00e9matiques<\/h3>\n<p>Des sentiers th\u00e9matiques, comme le <strong>Chemin des Cr\u00e8ches<\/strong> ou le <strong>Sentier des Contes<\/strong>, offrent une exp\u00e9rience immersive alliant nature et culture. Suivez les parcours jalonn\u00e9s de sculptures, de cr\u00e8ches ou de panneaux racontant les l\u00e9gendes locales.<\/p>\n<h2>Exp\u00e9riences Insolites en Montagne<\/h2>\n<p>Pour vivre des moments uniques, laissez-vous tenter par des activit\u00e9s originales.<\/p>\n<h3>Nuit en Igloo<\/h3>\n<p>Vivez une <a href=\"https:\/\/les-atypiques-chalets.com\/de\/hebergement-romantique-pour-les-couples-vivez-une-experience-unique-dans-nos-chalets-atypiques\/\" data-wpil-monitor-id=\"988\">exp\u00e9rience<\/a> hors du commun en passant une <strong>nuit dans un igloo<\/strong>. Encadr\u00e9e par des professionnels, cette aventure vous plonge dans l&rsquo;univers des explorateurs polaires, avec tout le confort et la s\u00e9curit\u00e9 n\u00e9cessaires.<\/p>\n<h3>Balade en Motoneige<\/h3>\n<p>Pour des sensations fortes, optez pour une <strong>balade en motoneige<\/strong> \u00e0 travers les for\u00eats enneig\u00e9es. Cette activit\u00e9 allie vitesse et d\u00e9couverte, offrant des panoramas \u00e0 couper le souffle.<\/p>\n<h2>Artisanat et Savoir-Faire Local<\/h2>\n<p>Les Vosges sont un territoire riche en traditions artisanales.<\/p>\n<h3>Visite des Ateliers d&rsquo;Artisans<\/h3>\n<p>Rencontrez les artisans locaux dans leurs ateliers : potiers, \u00e9b\u00e9nistes, tisserands et souffleurs de verre vous feront partager leur passion et leur savoir-faire.<\/p>\n<h3>Achats de Souvenirs Authentiques<\/h3>\n<p>Profitez de votre s\u00e9jour pour rapporter des <strong>souvenirs authentiques<\/strong> : objets en bois sculpt\u00e9, textiles en laine locale, bijoux artisanaux ou encore produits gourmands issus du terroir.<\/p>\n<h2>Les Contes et L\u00e9gendes des Vosges<\/h2>\n<p>La r\u00e9gion est impr\u00e9gn\u00e9e de myst\u00e8res et de r\u00e9cits fantastiques.<\/p>\n<h3>Veill\u00e9es Cont\u00e9es<\/h3>\n<p>Assistez \u00e0 des <strong>veill\u00e9es cont\u00e9es<\/strong> o\u00f9 les conteurs vous transportent dans un univers f\u00e9\u00e9rique peupl\u00e9 de f\u00e9es, de lutins et de cr\u00e9atures l\u00e9gendaires. Ces soir\u00e9es conviviales sont l&rsquo;occasion de d\u00e9couvrir le patrimoine immat\u00e9riel vosgien.<\/p>\n<h3>Parcours Ludiques pour les Enfants<\/h3>\n<p>Des parcours et chasses au tr\u00e9sor sont organis\u00e9s pour les plus jeunes, leur permettant de s&rsquo;amuser tout en apprenant les l\u00e9gendes locales.<\/p>\n<h2>Les Stations Thermales pour un No\u00ebl Bien-\u00catre<\/h2>\n<p>Apr\u00e8s les activit\u00e9s en plein air, offrez-vous une parenth\u00e8se de d\u00e9tente dans les stations thermales des Vosges.<\/p>\n<h3>Bains et Soins Relaxants<\/h3>\n<p>Les stations de <strong>Vittel<\/strong>, <strong>Contrex\u00e9ville<\/strong> ou <strong>Bains-les-Bains<\/strong> proposent des soins relaxants, des bains bouillonnants et des massages aux huiles essentielles pour un moment de bien-\u00eatre absolu.<\/p>\n<h3>Programmes Sp\u00e9ciaux de No\u00ebl<\/h3>\n<p>Pendant les f\u00eates, des programmes sp\u00e9cifiques sont mis en place avec des rituels de soins th\u00e9matiques, des s\u00e9ances de yoga ou de m\u00e9ditation pour se ressourcer pleinement.<\/p>\n<h2>Profiter de la Montagne en Toute S\u00e9curit\u00e9<\/h2>\n<p>Votre s\u00e9curit\u00e9 est notre priorit\u00e9. Voici quelques conseils pour profiter des activit\u00e9s hivernales en toute tranquillit\u00e9.<\/p>\n<h3>Faire Appel \u00e0 des Professionnels<\/h3>\n<p>Pour les activit\u00e9s comme le <a href=\"https:\/\/les-atypiques-chalets.com\/de\/tag\/ski\/\" data-wpil-monitor-id=\"2266\">ski<\/a> hors-piste, les randonn\u00e9es en haute montagne ou les sorties nocturnes, il est recommand\u00e9 de faire appel \u00e0 des guides professionnels qui connaissent parfaitement le terrain.<\/p>\n<h3>Respecter les Consignes<\/h3>\n<p>Suivez les consignes de s\u00e9curit\u00e9, respectez les balisages et informez-vous sur les risques d&rsquo;avalanche. Adoptez une attitude responsable pour garantir votre s\u00e9curit\u00e9 et celle des autres.<\/p>\n<h2>T\u00e9moignages de Visiteurs<\/h2>\n<p>De nombreux voyageurs ont \u00e9t\u00e9 s\u00e9duits par la magie de No\u00ebl dans les Vosges.<\/p>\n<blockquote><p>\n<strong>Marie et Julien, Paris :<\/strong> \u00ab\u00a0Notre s\u00e9jour dans les Vosges a \u00e9t\u00e9 f\u00e9\u00e9rique. Les paysages enneig\u00e9s, les villages illumin\u00e9s et l&rsquo;accueil chaleureux des habitants ont rendu notre No\u00ebl inoubliable.\u00a0\u00bb\n<\/p><\/blockquote>\n<blockquote><p>\n<strong>Sophie, Lyon :<\/strong> \u00ab\u00a0Les activit\u00e9s propos\u00e9es pour les enfants sont fantastiques. Mes enfants ont ador\u00e9 rencontrer le P\u00e8re No\u00ebl et participer aux ateliers de fabrication de d\u00e9corations.\u00a0\u00bb\n<\/p><\/blockquote>\n<h2>Informations Pratiques<\/h2>\n<h3>Comment Venir dans les Vosges<\/h3>\n<ul>\n<li><strong>En voiture :<\/strong> Les Vosges sont accessibles par l&rsquo;autoroute A31 et A35. Les routes sont bien entretenues m\u00eame en hiver, mais pensez \u00e0 \u00e9quiper votre v\u00e9hicule de pneus neige.<\/li>\n<li><strong>En train :<\/strong> Des liaisons ferroviaires desservent les principales villes comme \u00c9pinal, Remiremont et Saint-Di\u00e9-des-Vosges.<\/li>\n<li><strong>En avion :<\/strong> Les a\u00e9roports les plus proches sont ceux de Strasbourg, B\u00e2le-Mulhouse et Nancy.<\/li>\n<\/ul>\n<h3>Se D\u00e9placer sur Place<\/h3>\n<p>Des navettes et des bus locaux facilitent vos d\u00e9placements entre les villages, les stations de ski et les sites touristiques.<\/p>\n<h2>Nous Contacter<\/h2>\n<p>Pour plus d&rsquo;informations, n&rsquo;h\u00e9sitez pas \u00e0 contacter les offices de tourisme locaux ou \u00e0 consulter les sites officiels d\u00e9di\u00e9s au tourisme dans les Vosges.<\/p>\n<hr \/>\n<p>Un No\u00ebl dans les Vosges, c&rsquo;est la promesse d&rsquo;un s\u00e9jour enchanteur o\u00f9 chaque instant se pare de magie. Entre traditions ancestrales, activit\u00e9s vari\u00e9es et paysages \u00e0 couper le souffle, tout est r\u00e9uni pour que vos f\u00eates de fin d&rsquo;ann\u00e9e soient m\u00e9morables. Nous serions ravis de vous accueillir et de partager avec vous la chaleur et l&rsquo;authenticit\u00e9 de notre belle r\u00e9gion.<\/p>\n\n\t\t<\/div>\n\t<\/div>\n<\/div><\/div><\/div><\/div>\n<\/div>","protected":false},"excerpt":{"rendered":"Chalet IORIK Capacit\u00e9: 4 personnes Superficie: 45 m2 Bain Nordique: privatif Description de notre Chalet Iorik dans les Vosges Id\u00e9al pour les couples ou les petites familles, le Chalet IORIK est un \u00e9crin de douceur pouvant accueillir jusqu\u2019\u00e0 4 personnes. Avec ses 2 chambres cosy et ces 2 lits de 140\u00d7190, il vous promet des<a href=\"https:\/\/les-atypiques-chalets.com\/de\/chalet-aslan\/\" class=\"sohohotel-more-link\">Read More<\/a>","protected":false},"author":1,"featured_media":369781,"comment_status":"closed","ping_status":"closed","sticky":false,"template":"","format":"standard","meta":{"_yoast_wpseo_title":"Vivez la magie d'un No\u00ebl en montagne dans les Vosges","_yoast_wpseo_metadesc":"D\u00e9couvrez un No\u00ebl f\u00e9\u00e9rique dans les Vosges. R\u00e9servez votre s\u00e9jour d\u00e8s maintenant\u202f!","_yoast_wpseo_focuskw":"#No\u00eblEnMontagne #Vosges #VacancesDeNo\u00ebl #TraditionsVosgiennes #SkiVosges #March\u00e9sDeNo\u00ebl #GastronomieVosgienne #Randonn\u00e9esHivernales #Bien\u00catreEnMontagne #ArtisanatLocal","footnotes":""},"categories":[1365],"tags":[1368,722,1373,1374,729,1371,1370,1366,1372,1369,924,1367,671],"class_list":["post-369779","post","type-post","status-publish","format-standard","has-post-thumbnail","hentry","category-noel","tag-activites-hivernales","tag-artisanat-vosgien","tag-bien-etre-en-montagne","tag-fetes-de-fin-dannee","tag-gastronomie-locale","tag-hebergements-de-charme","tag-marches-de-noel","tag-noel-en-montagne","tag-randonnees-en-raquettes","tag-stations-de-ski-vosges","tag-traditions-vosgiennes","tag-vacances-de-noel","tag-vosges"],"_links":{"self":[{"href":"https:\/\/les-atypiques-chalets.com\/de\/wp-json\/wp\/v2\/posts\/369779","targetHints":{"allow":["GET"]}}],"collection":[{"href":"https:\/\/les-atypiques-chalets.com\/de\/wp-json\/wp\/v2\/posts"}],"about":[{"href":"https:\/\/les-atypiques-chalets.com\/de\/wp-json\/wp\/v2\/types\/post"}],"author":[{"embeddable":true,"href":"https:\/\/les-atypiques-chalets.com\/de\/wp-json\/wp\/v2\/users\/1"}],"replies":[{"embeddable":true,"href":"https:\/\/les-atypiques-chalets.com\/de\/wp-json\/wp\/v2\/comments?post=369779"}],"version-history":[{"count":0,"href":"https:\/\/les-atypiques-chalets.com\/de\/wp-json\/wp\/v2\/posts\/369779\/revisions"}],"wp:featuredmedia":[{"embeddable":true,"href":"https:\/\/les-atypiques-chalets.com\/de\/wp-json\/wp\/v2\/media\/369781"}],"wp:attachment":[{"href":"https:\/\/les-atypiques-chalets.com\/de\/wp-json\/wp\/v2\/media?parent=369779"}],"wp:term":[{"taxonomy":"category","embeddable":true,"href":"https:\/\/les-atypiques-chalets.com\/de\/wp-json\/wp\/v2\/categories?post=369779"},{"taxonomy":"post_tag","embeddable":true,"href":"https:\/\/les-atypiques-chalets.com\/de\/wp-json\/wp\/v2\/tags?post=369779"}],"curies":[{"name":"wp","href":"https:\/\/api.w.org\/{rel}","templated":true}]}}