{"id":400217,"date":"2024-10-27T16:29:15","date_gmt":"2024-10-27T16:29:15","guid":{"rendered":"https:\/\/les-atypiques-chalets.com\/?p=400217"},"modified":"2026-01-07T10:00:31","modified_gmt":"2026-01-07T10:00:31","slug":"chalet-a-louer-gerardmer-decouvrez-nos-chalets-a-louer-a-gerardmer","status":"publish","type":"post","link":"https:\/\/les-atypiques-chalets.com\/de\/chalet-a-louer-gerardmer-decouvrez-nos-chalets-a-louer-a-gerardmer\/","title":{"rendered":"Chalet \u00e0 louer G\u00e9rardmer : D\u00e9couvrez nos chalets \u00e0 louer \u00e0 G\u00e9rardmer"},"content":{"rendered":"<div class=\"wpb-content-wrapper\"><div class=\"vc_row wpb_row vc_row-fluid\"><div class=\"wpb_column vc_column_container vc_col-sm-12\"><div class=\"vc_column-inner\"><div class=\"wpb_wrapper\">\n\t<div class=\"wpb_text_column wpb_content_element\" >\n\t\t<div class=\"wpb_wrapper\">\n\t\t\t<h1 class=\"p1\"><span style=\"color: #683c16;\">Chalet \u00e0 louer G\u00e9rardmer :<\/span><br \/>\n<span style=\"color: #683c16;\">D\u00e9couvrez nos chalets<\/span><br \/>\n<span style=\"color: #683c16;\">\u00e0 louer \u00e0 G\u00e9rardmer<\/span><\/h1>\n\n\t\t<\/div>\n\t<\/div>\n<\/div><\/div><\/div><\/div><div class=\"vc_row wpb_row vc_row-fluid\"><div class=\"wpb_column vc_column_container vc_col-sm-12\"><div class=\"vc_column-inner\"><div class=\"wpb_wrapper\"><div class=\"vc_empty_space\"   style=\"height: 32px\"><span class=\"vc_empty_space_inner\"><\/span><\/div>\t\t\n\t\t\t\t\n\t\t\t<!-- BEGIN .shb-accommodation-listing-filter-sorting -->\n\t\t\t<div class=\"shb-accommodation-listing-filter-sorting shb-clearfix\">\n\t\t\t\n\t\t\t\t\t\t\t\n\t\t\t\t<div class=\"shb-accommodation-listing-filter shb-clearfix\">\n\t\t\t\t\t<p>Filtern nach:<\/p>\n\t\t\t\t\t<ul>\n\t\t\t\t\t\t<li class=\"shb-filter-current\"><a href=\"https:\/\/les-atypiques-chalets.com\/de\/wp-json\/wp\/v2\/posts\/400217?shb-orderby=2\">All<\/a><\/li><li class=\"\"><a href=\"https:\/\/les-atypiques-chalets.com\/de\/wp-json\/wp\/v2\/posts\/400217?shb-orderby=2&shb-accommodation-type=chalet-4-personnes-gerardmer\">Chalet f\u00fcr 4 Personen<\/a><\/li><li class=\"\"><a href=\"https:\/\/les-atypiques-chalets.com\/de\/wp-json\/wp\/v2\/posts\/400217?shb-orderby=2&shb-accommodation-type=chalet-6-personnes\">Chalet f\u00fcr 6 Personen<\/a><\/li><li class=\"\"><a href=\"https:\/\/les-atypiques-chalets.com\/de\/wp-json\/wp\/v2\/posts\/400217?shb-orderby=2&shb-accommodation-type=chalets-6-personnes\">Chalets f\u00fcr 6 Personen<\/a><\/li>\t\t\t\t\t<\/ul>\n\t\t\t\t<\/div>\n\t\t\t\n\t\t\t\t\t\t\t\n\t\t\t\t\t\t\t\n\t\t\t\t<div class=\"shb-accommodation-listing-sorting shb-clearfix\">\n\t\t\t\t\t<select>\n\t\t\t\t\t\t<option value=\"https:\/\/les-atypiques-chalets.com\/de\/wp-json\/wp\/v2\/posts\/400217?shb-accommodation-type=0\" selected>Standard-Sortierung<\/option><option value=\"https:\/\/les-atypiques-chalets.com\/de\/wp-json\/wp\/v2\/posts\/400217?shb-accommodation-type=0&shb-orderby=1\" >Preis niedrig bis hoch<\/option><option value=\"https:\/\/les-atypiques-chalets.com\/de\/wp-json\/wp\/v2\/posts\/400217?shb-accommodation-type=0&shb-orderby=2\" >Preis hoch bis niedrig<\/option>\t\t\t\t\t<\/select>\n\t\t\t\t\t<i class=\"fas fa-chevron-down\"><\/i>\n\t\t\t\t<\/div>\n\t\t\t\n\t\t\t\t\t\n\t\t\t<!-- END .shb-accommodation-listing-filter-sorting -->\n\t\t\t<\/div>\n\t\t\n\t\t\t\t\n\t\t<!-- BEGIN .shb-accommodation-listing-style-1 -->\n\t\t<div class=\"shb-accommodation-listing-style-1 shb-accommodation-listing-style-1-columns-3\">\n\t\t\t\n\t\t\t\t\n\t\t\t<!-- BEGIN .shb-accommodation-listing-item -->\n\t\t\t<div class=\"shb-accommodation-listing-item\">\n\t\t\t\n\t\t\t\t\t\t\t\t\t<a href=\"https:\/\/les-atypiques-chalets.com\/de\/chalet-charkhan\/\" rel=\"bookmark\" title=\"Chalet Charkhan\">\n\t\t\t\t\t\t\t\t\t\t\t\t<img decoding=\"async\" class=\"shb-accommodation-listing-image\" src=\"https:\/\/les-atypiques-chalets.com\/wp-content\/uploads\/2025\/03\/salon-charkhan-03-L-1180x675.webp\" alt=\"Chalet Charkhan\" \/>\t\t\t\t\t<\/a>\n\t\t\t\t\t\t\t\n\t\t\t\t<div class=\"shb-accommodation-listing-description-wrapper\">\n\t\t\t\t\n\t\t\t\t\t<h3><a href=\"https:\/\/les-atypiques-chalets.com\/de\/chalet-charkhan\/\" rel=\"bookmark\" title=\"Chalet Charkhan\">Chalet Charkhan<\/a><\/h3>\n\t\t\t\t\n\t\t\t\t\t<div class=\"shb-accommodation-listing-description shb-clearfix\">\n\t\t\t\t\t\t<ul>\r\n<li><i class=\"fas fa-user\"><\/i><span>Kapazit\u00e4t<\/span> 6 Personen<\/li>\r\n<li><i class=\"fas fa-ruler-combined\"><\/i><span>Oberfl\u00e4che<\/span> 65 m\u00b2<\/li>\r\n<li><i class=\"fas fa-hot-tub\"><\/i><span> Nordische Badewanne<\/span> privativ<\/li>\r\n<\/ul>\t\t\t\t\t\t<a href=\"https:\/\/les-atypiques-chalets.com\/de\/chalet-charkhan\/\" class=\"shb-accommodation-listing-button1\">ab 225\u20ac\/Nacht<\/a>\n\t\t\t\t\t\t<a href=\"https:\/\/les-atypiques-chalets.com\/de\/chalet-charkhan\/\" class=\"shb-accommodation-listing-button2\">Zimmer anzeigen<i class=\"fas fa-chevron-right\"><\/i><\/a>\n\t\t\t\t\t<\/div>\n\t\t\t\t\n\t\t\t\t<\/div>\n\t\t\t\n\t\t\t<!-- END .shb-accommodation-listing-item -->\n\t\t\t<\/div>\n\t\t\n\t\t\t\t\n\t\t\t<!-- BEGIN .shb-accommodation-listing-item -->\n\t\t\t<div class=\"shb-accommodation-listing-item\">\n\t\t\t\n\t\t\t\t\t\t\t\t\t<a href=\"https:\/\/les-atypiques-chalets.com\/de\/chalet-aslan\/\" rel=\"bookmark\" title=\"Chalet Aslan\">\n\t\t\t\t\t\t\t\t\t\t\t\t<img decoding=\"async\" class=\"shb-accommodation-listing-image\" src=\"https:\/\/les-atypiques-chalets.com\/wp-content\/uploads\/2025\/03\/ASLAN-2-900x710.webp\" alt=\"Chalet Aslan\" \/>\t\t\t\t\t<\/a>\n\t\t\t\t\t\t\t\n\t\t\t\t<div class=\"shb-accommodation-listing-description-wrapper\">\n\t\t\t\t\n\t\t\t\t\t<h3><a href=\"https:\/\/les-atypiques-chalets.com\/de\/chalet-aslan\/\" rel=\"bookmark\" title=\"Chalet Aslan\">Chalet Aslan<\/a><\/h3>\n\t\t\t\t\n\t\t\t\t\t<div class=\"shb-accommodation-listing-description shb-clearfix\">\n\t\t\t\t\t\t<ul>\r\n<li><i class=\"fas fa-user\"><\/i><span>Kapazit\u00e4t<\/span> 5 Personen<\/li>\r\n<li><i class=\"fas fa-ruler-combined\"><\/i><span>Oberfl\u00e4che<\/span> 65 m\u00b2<\/li>\r\n<li><i class=\"fas fa-hot-tub\"><\/i><span> Nordische Badewanne<\/span> privativ<\/li>\r\n<\/ul>\t\t\t\t\t\t<a href=\"https:\/\/les-atypiques-chalets.com\/de\/chalet-aslan\/\" class=\"shb-accommodation-listing-button1\">ab 215 \u20ac\/Nacht<\/a>\n\t\t\t\t\t\t<a href=\"https:\/\/les-atypiques-chalets.com\/de\/chalet-aslan\/\" class=\"shb-accommodation-listing-button2\">Zimmer anzeigen<i class=\"fas fa-chevron-right\"><\/i><\/a>\n\t\t\t\t\t<\/div>\n\t\t\t\t\n\t\t\t\t<\/div>\n\t\t\t\n\t\t\t<!-- END .shb-accommodation-listing-item -->\n\t\t\t<\/div>\n\t\t\n\t\t\t\t\n\t\t\t<!-- BEGIN .shb-accommodation-listing-item -->\n\t\t\t<div class=\"shb-accommodation-listing-item\">\n\t\t\t\n\t\t\t\t\t\t\t\t\t<a href=\"https:\/\/les-atypiques-chalets.com\/de\/chalet-iorik\/\" rel=\"bookmark\" title=\"Chalet Iorik\">\n\t\t\t\t\t\t\t\t\t\t\t\t<img decoding=\"async\" class=\"shb-accommodation-listing-image\" src=\"https:\/\/les-atypiques-chalets.com\/wp-content\/uploads\/2025\/09\/iorik-sejour-L-1024x710.webp\" alt=\"Chalet Iorik\" \/>\t\t\t\t\t<\/a>\n\t\t\t\t\t\t\t\n\t\t\t\t<div class=\"shb-accommodation-listing-description-wrapper\">\n\t\t\t\t\n\t\t\t\t\t<h3><a href=\"https:\/\/les-atypiques-chalets.com\/de\/chalet-iorik\/\" rel=\"bookmark\" title=\"Chalet Iorik\">Chalet Iorik<\/a><\/h3>\n\t\t\t\t\n\t\t\t\t\t<div class=\"shb-accommodation-listing-description shb-clearfix\">\n\t\t\t\t\t\t<ul>\r\n<li><i class=\"fas fa-user\"><\/i><span>Kapazit\u00e4t<\/span> 4 Personen<\/li>\r\n<li><i class=\"fas fa-ruler-combined\"><\/i><span>Oberfl\u00e4che<\/span> 45 m2<\/li>\r\n<li><i class=\"fas fa-hot-tub\"><\/i><span> Nordische Badewanne<\/span> privativ<\/li>\r\n<\/ul>\t\t\t\t\t\t<a href=\"https:\/\/les-atypiques-chalets.com\/de\/chalet-iorik\/\" class=\"shb-accommodation-listing-button1\">ab 170\u20ac\/Nacht<\/a>\n\t\t\t\t\t\t<a href=\"https:\/\/les-atypiques-chalets.com\/de\/chalet-iorik\/\" class=\"shb-accommodation-listing-button2\">Zimmer anzeigen<i class=\"fas fa-chevron-right\"><\/i><\/a>\n\t\t\t\t\t<\/div>\n\t\t\t\t\n\t\t\t\t<\/div>\n\t\t\t\n\t\t\t<!-- END .shb-accommodation-listing-item -->\n\t\t\t<\/div>\n\t\t\n\t\t\t\t\t\n\t\t<!-- END .shb-accommodation-listing-style-1 -->\n\t\t<\/div>\n\t\n\t\t\n\t\t\t\n\t\t<div class=\"shb-clearboth\"><\/div>\n\t\t<div class=\"shb-accommodation-listing-1-pagination\">\n\t\t\t\t<\/div>\n\t\t\n\t\t\n\t<div class=\"vc_empty_space\"   style=\"height: 32px\"><span class=\"vc_empty_space_inner\"><\/span><\/div><\/div><\/div><\/div><\/div><div class=\"vc_row wpb_row vc_row-fluid\"><div class=\"wpb_column vc_column_container vc_col-sm-12\"><div class=\"vc_column-inner\"><div class=\"wpb_wrapper\">\n\t<div class=\"wpb_text_column wpb_content_element\" >\n\t\t<div class=\"wpb_wrapper\">\n\t\t\t<article class=\"w-full text-token-text-primary focus-visible:outline-2 focus-visible:outline-offset-&#091;-4px&#093; sm:AIPRM__conversation__response\" dir=\"auto\" data-testid=\"conversation-turn-7\" data-scroll-anchor=\"false\">\n<div class=\"text-base py-&#091;18px&#093; px-3 md:px-4 m-auto w-full md:px-5 lg:px-1 xl:px-5\">\n<div class=\"mx-auto flex flex-1 gap-4 text-base md:gap-5 lg:gap-6 md:max-w-3xl lg:max-w-&#091;40rem&#093; xl:max-w-&#091;48rem&#093;\">\n<div class=\"group\/conversation-turn relative flex w-full min-w-0 flex-col agent-turn\">\n<div class=\"flex-col gap-1 md:gap-3\">\n<div class=\"flex max-w-full flex-col flex-grow AIPRM__conversation__response\">\n<div class=\"min-h-&#091;20px&#093; text-message flex w-full flex-col items-end gap-2 whitespace-normal break-words &#091;.text-message+&amp;&#093;:mt-5\" dir=\"auto\" data-message-author-role=\"assistant\" data-message-id=\"08ff1a67-e8fe-4640-b2af-0e74ab8ea162\">\n<div class=\"flex w-full flex-col gap-1 empty:hidden first:pt-&#091;3px&#093;\">\n<div class=\"markdown prose w-full break-words dark:prose-invert light\">\n<p>Vous r\u00eavez d&rsquo;une escapade en montagne pour vous ressourcer ? Ne cherchez plus, G\u00e9rardmer est la destination id\u00e9ale ! Laissez-moi vous pr\u00e9senter <strong>Die Ungew\u00f6hnlichen Chalets<\/strong>, un havre de paix au c\u0153ur des Vosges qui allie confort, authenticit\u00e9 et exp\u00e9riences uniques avec des <strong>chalets A-frame<\/strong>, des bains nordiques et des saunas priv\u00e9s.<\/p>\n<h3><strong>L&rsquo;authenticit\u00e9 des Atypiques Chalets<\/strong><\/h3>\n<hr \/>\n<p>Chez <strong>Lesen <a href=\"https:\/\/les-atypiques-chalets.com\/de\/chalets-gerardmer-avec-sauna-chalets-vosges-avec-sauna-les-atypiques-chalets\/\"  data-wpil-monitor-id=\"914\">Au\u00dfergew\u00f6hnliche Chalets<\/a><\/strong>, nous mettons un point d&rsquo;honneur \u00e0 vous offrir une exp\u00e9rience unique qui allie modernit\u00e9 et nature, dans des chalets \u00e0 l\u2019architecture A-frame caract\u00e9ristique.<\/p>\n<h3><em><strong>Ein au\u00dfergew\u00f6hnlicher Naturrahmen<\/strong><\/em><\/h3>\n<hr \/>\n<p>Imaginez-vous r\u00e9veiller dans un <a href=\"https:\/\/les-atypiques-chalets.com\/de\/les-atypiques-chalets-a-gerardmer-un-sejour-atypique-dans-les-vosges\/\"  data-wpil-monitor-id=\"1487\">chalet A-frame<\/a> avec vue sur le paysage vosgien, entour\u00e9 par les montagnes majestueuses. Chaque <a href=\"https:\/\/les-atypiques-chalets.com\/de\/ungewohnliche-chalets-in-den-vogesen-ein-unvergesslicher-aufenthalt-im-einklang-mit-der-natur\/\"  data-wpil-monitor-id=\"1219\">Chalet<\/a> a \u00e9t\u00e9 con\u00e7u pour maximiser le contact avec la nature tout en offrant un int\u00e9rieur chaleureux et moderne.<\/p>\n<h3><strong>La beaut\u00e9 du lac de G\u00e9rardmer<\/strong><\/h3>\n<hr \/>\n<p>\u00c0 quelques minutes des chalets, le <a href=\"https:\/\/les-atypiques-chalets.com\/de\/pourquoi-choisir-gerardmer-pour-votre-prochaine-location-de-chalet\/\"  data-wpil-monitor-id=\"1053\">Lac de G\u00e9rardmer<\/a> offre des activit\u00e9s nautiques et des promenades apaisantes, \u00e9t\u00e9 comme hiver. Ce joyau naturel est id\u00e9al pour des moments de d\u00e9tente en famille ou entre amis.<\/p>\n<h3><strong>Les montagnes vosgiennes \u00e0 port\u00e9e de main<\/strong><\/h3>\n<hr \/>\n<p>Les montagnes environnantes offrent un terrain parfait pour les amateurs de randonn\u00e9e et de sports d&rsquo;hiver. Un cadre idyllique pour des vacances au grand air !<\/p>\n<h3><em><strong>Un h\u00e9bergement tout confort<\/strong><\/em><\/h3>\n<hr \/>\n<p><a href=\"https:\/\/les-atypiques-chalets.com\/de\/\">Die Ungew\u00f6hnlichen Chalets<\/a> allient charme rustique et confort moderne. Le design int\u00e9rieur met en avant le bois et des mat\u00e9riaux naturels, cr\u00e9ant une ambiance cosy qui invite \u00e0 la d\u00e9tente.<\/p>\n<h3><strong>Des \u00e9quipements modernes et complets<\/strong><\/h3>\n<hr \/>\n<p>Les chalets sont enti\u00e8rement \u00e9quip\u00e9s avec cuisine moderne, \u00e9lectrom\u00e9nagers en acier inoxydable, et connexion Wi-Fi, pour que vous ne manquiez de rien. Les espaces sont pens\u00e9s pour offrir confort et praticit\u00e9, avec des finitions en bois qui rappellent le charme de la montagne.<\/p>\n<h3><strong>Une d\u00e9coration chaleureuse et naturelle<\/strong><\/h3>\n<hr \/>\n<p>Chaque d\u00e9tail est soigneusement pens\u00e9 pour offrir une atmosph\u00e8re chaleureuse. Les \u00e9l\u00e9ments en bois brut, comme les rampes d&rsquo;escalier en branches naturelles, ajoutent une touche unique qui harmonise l&rsquo;int\u00e9rieur avec le cadre ext\u00e9rieur.<\/p>\n<h3><strong>D\u00e9tente et Bien-\u00eatre avec Bains Nordiques et Sauna<\/strong><\/h3>\n<hr \/>\n<p>L&rsquo;un des points forts des <a href=\"https:\/\/les-atypiques-chalets.com\/de\/hebergement-romantique-pour-les-couples-vivez-une-experience-unique-dans-nos-chalets-atypiques\/\"  data-wpil-monitor-id=\"987\">Au\u00dfergew\u00f6hnliche Chalets<\/a> est sans doute l&rsquo;espace bien-\u00eatre. Profitez de moments de relaxation en pleine nature avec un <a href=\"https:\/\/les-atypiques-chalets.com\/de\/week-end-en-amoureux-decouvrez-les-vosges-a-deux-dans-des-chalets-atypiques\/\"  data-wpil-monitor-id=\"968\">bain nordique privatif dans chaque chalet<\/a>. Parfait pour une soir\u00e9e sous les \u00e9toiles apr\u00e8s une journ\u00e9e de d\u00e9couvertes.<\/p>\n<h3><strong>Le sauna pour une exp\u00e9rience apaisante<\/strong><\/h3>\n<hr \/>\n<p>Chaque <a href=\"https:\/\/les-atypiques-chalets.com\/de\/chalet-mit-jacuzzi-in-gerardmer-vogesen\/\"  data-wpil-monitor-id=\"2418\">chalet est \u00e9galement \u00e9quip\u00e9 d&rsquo;un sauna<\/a> priv\u00e9, permettant de se d\u00e9tendre en profondeur, tout en profitant des bienfaits de la chaleur sur le corps. Un luxe accessible, id\u00e9al pour r\u00e9cup\u00e9rer apr\u00e8s une journ\u00e9e de <a href=\"https:\/\/les-atypiques-chalets.com\/de\/tag\/ski\/\"  data-wpil-monitor-id=\"2267\">ski<\/a> ou de randonn\u00e9e.<\/p>\n<h3><strong>Activit\u00e9s \u00e0 proximit\u00e9 de nos chalets<\/strong><\/h3>\n<hr \/>\n<p>Que vous soyez sportif aguerri ou adepte du farniente, G\u00e9rardmer a de quoi combler toutes vos envies.<\/p>\n<h3><em><strong>Sports d&rsquo;hiver<\/strong><\/em><\/h3>\n<hr \/>\n<p>En hiver, la station de <a href=\"https:\/\/les-atypiques-chalets.com\/de\/kategorie\/ski-gerardmer\/\"  data-wpil-monitor-id=\"2156\">ski de G\u00e9rardmer<\/a> vous offre un acc\u00e8s rapide aux pistes pour le ski alpin, le snowboard et les randonn\u00e9es en raquettes. <a href=\"https:\/\/les-atypiques-chalets.com\/de\/comment-preparer-votre-sejour-a-gerardmer-conseils-et-astuces\/\"  data-wpil-monitor-id=\"2068\">Die Ungew\u00f6hnlichen Chalets<\/a> sont id\u00e9alement situ\u00e9s pour profiter pleinement des sports de neige.<\/p>\n<h3><strong>Ski alpin et snowboard<\/strong><\/h3>\n<hr \/>\n<p>Avec des pistes adapt\u00e9es \u00e0 tous les niveaux, G\u00e9rardmer est un paradis pour les amateurs de glisse. Que vous soyez d\u00e9butant ou expert, vous y trouverez votre bonheur.<\/p>\n<h3><strong>Randonn\u00e9es en raquettes<\/strong><\/h3>\n<hr \/>\n<p>Les sentiers enneig\u00e9s et balis\u00e9s autour des chalets vous offrent une immersion totale dans les paysages hivernaux des <a href=\"https:\/\/les-atypiques-chalets.com\/de\/tag\/vogesen\/\"  data-wpil-monitor-id=\"2188\">Vogesen<\/a>.<\/p>\n<h3><em><strong>Loisirs estivaux<\/strong><\/em><\/h3>\n<hr \/>\n<p>Lorsque la neige fond, les montagnes et le lac deviennent le terrain de jeu id\u00e9al pour les activit\u00e9s estivales.<\/p>\n<h3><strong>Baignade et sports nautiques<\/strong><\/h3>\n<hr \/>\n<p>Le <a href=\"https:\/\/les-atypiques-chalets.com\/de\/les-10-choses-a-faire-a-gerardmer-en-ete\/\"  data-wpil-monitor-id=\"1668\">Lac de G\u00e9rardmer<\/a> permet de pratiquer la baignade, le kayak, le paddle et bien d&rsquo;autres sports nautiques.<\/p>\n<h3><strong>Randonn\u00e9es p\u00e9destres et VTT<\/strong><\/h3>\n<hr \/>\n<p>Les sentiers de randonn\u00e9e et de VTT sont nombreux et permettent de d\u00e9couvrir la faune et la flore locales.<\/p>\n<h3><strong>Pourquoi choisir Les Atypiques Chalets ?<\/strong><\/h3>\n<hr \/>\n<p>Parce que nous vous offrons une <a href=\"https:\/\/les-atypiques-chalets.com\/de\/nordische-bader-gerardmer\/\"  data-wpil-monitor-id=\"2479\">exp\u00e9rience unique<\/a>, o\u00f9 le confort rencontre la nature, et o\u00f9 chaque d\u00e9tail est pens\u00e9 pour votre bien-\u00eatre.<\/p>\n<h3><em><strong>Un service client irr\u00e9prochable<\/strong><\/em><\/h3>\n<hr \/>\n<p>Notre \u00e9quipe est \u00e0 votre \u00e9coute pour faire de votre s\u00e9jour une r\u00e9ussite totale, du conseil sur les activit\u00e9s aux besoins sp\u00e9cifiques dans le chalet.<\/p>\n<h3><em><strong>Des offres adapt\u00e9es \u00e0 tous les budgets<\/strong><\/em><\/h3>\n<hr \/>\n<p>Nous proposons plusieurs types de chalets, parfaits pour des s\u00e9jours en couple, en famille ou entre amis.<\/p>\n<h3><strong>Comment r\u00e9server votre chalet \u00e0 G\u00e9rardmer<\/strong><\/h3>\n<hr \/>\n<p>Pr\u00eat \u00e0 vivre l&rsquo;exp\u00e9rience ? Voici comment proc\u00e9der.<\/p>\n<h3><em><strong>Les diff\u00e9rentes options de r\u00e9servation<\/strong><\/em><\/h3>\n<hr \/>\n<p>En ligne ou par t\u00e9l\u00e9phone, r\u00e9servez en quelques clics ou appelez-nous pour un accompagnement personnalis\u00e9.<\/p>\n<h3><em><strong>Conseils pour un s\u00e9jour r\u00e9ussi<\/strong><\/em><\/h3>\n<hr \/>\n<p>N&rsquo;h\u00e9sitez pas \u00e0 nous demander des recommandations sur les activit\u00e9s et les lieux \u00e0 ne pas manquer pour une exp\u00e9rience compl\u00e8te.<\/p>\n<h3><strong>T\u00e9moignages de nos clients satisfaits<\/strong><\/h3>\n<hr \/>\n<p>Un s\u00e9jour <a href=\"https:\/\/les-atypiques-chalets.com\/de\/louez-un-chalet-a-gerardmer-pour-des-vacances-inoubliables\/\"  data-wpil-monitor-id=\"1024\">inoubliable dans un chalet<\/a> magnifique, avec le luxe du bain nordique !\u00a0\u00bb &#8211; Sophie<\/p>\n<p>Le <a href=\"https:\/\/les-atypiques-chalets.com\/de\/le-chalet-parfait-a-gerardmer-pour-vos-vacances-dete\/\"  data-wpil-monitor-id=\"1159\">Privatsauna<\/a> et le cadre naturel font toute la diff\u00e9rence, un vrai moment de d\u00e9tente.\u00a0\u00bb &#8211; Marc<\/p>\n<h3><strong>FAQ sur la location de chalets \u00e0 G\u00e9rardmer<\/strong><\/h3>\n<hr \/>\n<ol>\n<li><strong>Les chalets sont-ils accessibles toute l&rsquo;ann\u00e9e ?<\/strong> Oui, nos <a href=\"https:\/\/les-atypiques-chalets.com\/de\/location-dun-chalet-a-gerardmer-en-hiver\/\"  data-wpil-monitor-id=\"1106\">chalets sont ouverts \u00e0 la location<\/a> \u00e9t\u00e9 comme hiver, pour profiter des activit\u00e9s de chaque saison.<\/li>\n<li><strong>Les animaux de compagnie sont-ils accept\u00e9s ?<\/strong> Certains de nos chalets accueillent les animaux, renseignez-vous lors de la r\u00e9servation.<\/li>\n<li><strong>Quelles sont les options de bien-\u00eatre dans les <a href=\"https:\/\/les-atypiques-chalets.com\/de\/tag\/detente-en-chalet\/\"  data-wpil-monitor-id=\"2220\">Chalets<\/a> ?<\/strong> Chaque chalet est \u00e9quip\u00e9 d&rsquo;un bain nordique et d&rsquo;un sauna pour des moments de d\u00e9tente priv\u00e9s.<\/li>\n<li><strong>Quels sont les \u00e9quipements disponibles dans les chalets ?<\/strong> Nos chalets sont dot\u00e9s de cuisines modernes, de salons spacieux, et d\u2019\u00e9quipements en inox pour votre confort.<\/li>\n<li><strong>Est-il possible de b\u00e9n\u00e9ficier de r\u00e9ductions pour les s\u00e9jours prolong\u00e9s ?<\/strong> Oui, nous offrons des tarifs d\u00e9gressifs pour les s\u00e9jours de longue dur\u00e9e.<\/li>\n<\/ol>\n<p><strong>Schlussfolgerung<\/strong><\/p>\n<hr \/>\n<p>G\u00e9rardmer et <strong>Les Atypiques <a href=\"https:\/\/les-atypiques-chalets.com\/de\/location-proche-lac-gerardmer-decouvrez-les-atypiques-chalets-pour-un-sejour-inoubliable\/\"  data-wpil-monitor-id=\"852\">Chalets<\/a><\/strong> vous attendent pour une exp\u00e9rience inoubliable au c\u0153ur de la nature. Entre les bains nordiques, le sauna priv\u00e9 et les activit\u00e9s de pleine nature, tout est r\u00e9uni pour que vous passiez un <a href=\"https:\/\/les-atypiques-chalets.com\/de\/checklist-essentielle-pour-un-sejour-en-chalet-a-gerardmer\/\"  data-wpil-monitor-id=\"1199\">s\u00e9jour de r\u00eave dans nos chalets<\/a> A-frame uniques. Alors, quand est-ce que vous posez vos valises chez nous ?<\/p>\n<\/div>\n<\/div>\n<\/div>\n<\/div>\n<\/div>\n<\/div>\n<\/div>\n<\/div>\n<\/article>\n\n\t\t<\/div>\n\t<\/div>\n<\/div><\/div><\/div><\/div><div class=\"vc_row wpb_row vc_row-fluid\"><div class=\"wpb_column vc_column_container vc_col-sm-12\"><div class=\"vc_column-inner\"><div class=\"wpb_wrapper\">\n\t<div  class=\"wpb_single_image wpb_content_element vc_align_center wpb_content_element\">\n\t\t\n\t\t<figure class=\"wpb_wrapper vc_figure\">\n\t\t\t<a href=\"https:\/\/les-atypiques-chalets.com\/de\/dev2025\/reservation\/\" target=\"_self\" class=\"vc_single_image-wrapper   vc_box_border_grey\"><img decoding=\"async\" width=\"1000\" height=\"503\" src=\"https:\/\/les-atypiques-chalets.com\/wp-content\/uploads\/2024\/10\/les-atypiques-chalets2.webp\" class=\"vc_single_image-img attachment-full\" alt=\"Les Atypiques Chalets en bois de forme triangulaire dans un cadre verdoyant, avec un ciel au coucher du soleil dans les Vosges.\" title=\"Les Atypiques Chalets - H\u00e9bergements insolites au c\u0153ur des Vosges\" srcset=\"https:\/\/les-atypiques-chalets.com\/wp-content\/uploads\/2024\/10\/les-atypiques-chalets2.webp 1000w, https:\/\/les-atypiques-chalets.com\/wp-content\/uploads\/2024\/10\/les-atypiques-chalets2-300x151.webp 300w, https:\/\/les-atypiques-chalets.com\/wp-content\/uploads\/2024\/10\/les-atypiques-chalets2-768x386.webp 768w, https:\/\/les-atypiques-chalets.com\/wp-content\/uploads\/2024\/10\/les-atypiques-chalets2-100x50.webp 100w, https:\/\/les-atypiques-chalets.com\/wp-content\/uploads\/2024\/10\/les-atypiques-chalets2-600x302.webp 600w\" sizes=\"(max-width: 1000px) 100vw, 1000px\" \/><\/a>\n\t\t<\/figure>\n\t<\/div>\n<\/div><\/div><\/div><\/div><div class=\"vc_row wpb_row vc_row-fluid\"><div class=\"wpb_column vc_column_container vc_col-sm-4\"><div class=\"vc_column-inner\"><div class=\"wpb_wrapper\">\n\t<div  class=\"wpb_single_image wpb_content_element vc_align_center wpb_content_element\">\n\t\t\n\t\t<figure class=\"wpb_wrapper vc_figure\">\n\t\t\t<a href=\"https:\/\/les-atypiques-chalets.com\/de\/dev2025\/reservation\/\" target=\"_self\" class=\"vc_single_image-wrapper   vc_box_border_grey\"><img decoding=\"async\" width=\"600\" height=\"600\" src=\"https:\/\/les-atypiques-chalets.com\/wp-content\/uploads\/2024\/10\/noel.webp\" class=\"vc_single_image-img attachment-full\" alt=\"Un elfe de No\u00ebl mignon avec de grands yeux bleus et un bonnet rouge et vert, souriant sous la neige.\" title=\"Elfe de No\u00ebl mignon - La magie des f\u00eates dans les Vosges\" srcset=\"https:\/\/les-atypiques-chalets.com\/wp-content\/uploads\/2024\/10\/noel.webp 600w, https:\/\/les-atypiques-chalets.com\/wp-content\/uploads\/2024\/10\/noel-300x300.webp 300w, https:\/\/les-atypiques-chalets.com\/wp-content\/uploads\/2024\/10\/noel-150x150.webp 150w, https:\/\/les-atypiques-chalets.com\/wp-content\/uploads\/2024\/10\/noel-124x124.webp 124w, https:\/\/les-atypiques-chalets.com\/wp-content\/uploads\/2024\/10\/noel-100x100.webp 100w, https:\/\/les-atypiques-chalets.com\/wp-content\/uploads\/2024\/10\/noel-190x190.webp 190w, https:\/\/les-atypiques-chalets.com\/wp-content\/uploads\/2024\/10\/noel-170x170.webp 170w\" sizes=\"(max-width: 600px) 100vw, 600px\" \/><\/a>\n\t\t<\/figure>\n\t<\/div>\n<\/div><\/div><\/div><div class=\"wpb_column vc_column_container vc_col-sm-4\"><div class=\"vc_column-inner\"><div class=\"wpb_wrapper\">\n\t<div  class=\"wpb_single_image wpb_content_element vc_align_center wpb_content_element\">\n\t\t\n\t\t<figure class=\"wpb_wrapper vc_figure\">\n\t\t\t<a href=\"https:\/\/les-atypiques-chalets.com\/de\/dev2025\/reservation\/\" target=\"_self\" class=\"vc_single_image-wrapper   vc_box_border_grey\"><img decoding=\"async\" width=\"600\" height=\"600\" src=\"https:\/\/les-atypiques-chalets.com\/wp-content\/uploads\/2024\/10\/village-noel.webp\" class=\"vc_single_image-img attachment-full\" alt=\"Un march\u00e9 de No\u00ebl enneig\u00e9 illumin\u00e9 de guirlandes lumineuses, avec des chalets en bois d\u00e9cor\u00e9s pour les f\u00eates.\" title=\"March\u00e9 de No\u00ebl enneig\u00e9 - Un No\u00ebl f\u00e9\u00e9rique dans les Vosges\" srcset=\"https:\/\/les-atypiques-chalets.com\/wp-content\/uploads\/2024\/10\/village-noel.webp 600w, https:\/\/les-atypiques-chalets.com\/wp-content\/uploads\/2024\/10\/village-noel-300x300.webp 300w, https:\/\/les-atypiques-chalets.com\/wp-content\/uploads\/2024\/10\/village-noel-150x150.webp 150w, https:\/\/les-atypiques-chalets.com\/wp-content\/uploads\/2024\/10\/village-noel-124x124.webp 124w, https:\/\/les-atypiques-chalets.com\/wp-content\/uploads\/2024\/10\/village-noel-100x100.webp 100w, https:\/\/les-atypiques-chalets.com\/wp-content\/uploads\/2024\/10\/village-noel-190x190.webp 190w, https:\/\/les-atypiques-chalets.com\/wp-content\/uploads\/2024\/10\/village-noel-170x170.webp 170w\" sizes=\"(max-width: 600px) 100vw, 600px\" \/><\/a>\n\t\t<\/figure>\n\t<\/div>\n<\/div><\/div><\/div><div class=\"wpb_column vc_column_container vc_col-sm-4\"><div class=\"vc_column-inner\"><div class=\"wpb_wrapper\">\n\t<div  class=\"wpb_single_image wpb_content_element vc_align_center wpb_content_element\">\n\t\t\n\t\t<figure class=\"wpb_wrapper vc_figure\">\n\t\t\t<a href=\"https:\/\/les-atypiques-chalets.com\/de\/dev2025\/reservation\/\" target=\"_self\" class=\"vc_single_image-wrapper   vc_box_border_grey\"><img decoding=\"async\" width=\"600\" height=\"600\" src=\"https:\/\/les-atypiques-chalets.com\/wp-content\/uploads\/2024\/10\/pere-noel.webp\" class=\"vc_single_image-img attachment-full\" alt=\"P\u00e8re No\u00ebl souriant avec une barbe blanche et un bonnet rouge, entour\u00e9 de flocons de neige, dans un d\u00e9cor festif.\" title=\"P\u00e8re No\u00ebl festif - L&#039;esprit de No\u00ebl dans les Vosges\" srcset=\"https:\/\/les-atypiques-chalets.com\/wp-content\/uploads\/2024\/10\/pere-noel.webp 600w, https:\/\/les-atypiques-chalets.com\/wp-content\/uploads\/2024\/10\/pere-noel-300x300.webp 300w, https:\/\/les-atypiques-chalets.com\/wp-content\/uploads\/2024\/10\/pere-noel-150x150.webp 150w, https:\/\/les-atypiques-chalets.com\/wp-content\/uploads\/2024\/10\/pere-noel-124x124.webp 124w, https:\/\/les-atypiques-chalets.com\/wp-content\/uploads\/2024\/10\/pere-noel-100x100.webp 100w, https:\/\/les-atypiques-chalets.com\/wp-content\/uploads\/2024\/10\/pere-noel-190x190.webp 190w, https:\/\/les-atypiques-chalets.com\/wp-content\/uploads\/2024\/10\/pere-noel-170x170.webp 170w\" sizes=\"(max-width: 600px) 100vw, 600px\" \/><\/a>\n\t\t<\/figure>\n\t<\/div>\n<\/div><\/div><\/div><\/div>\n<\/div>","protected":false},"excerpt":{"rendered":"Chalet IORIK Capacit\u00e9: 4 personnes Superficie: 45 m2 Bain Nordique: privatif Description de notre Chalet Iorik dans les Vosges Id\u00e9al pour les couples ou les petites familles, le Chalet IORIK est un \u00e9crin de douceur pouvant accueillir jusqu\u2019\u00e0 4 personnes. Avec ses 2 chambres cosy et ces 2 lits de 140\u00d7190, il vous promet des<a href=\"https:\/\/les-atypiques-chalets.com\/de\/chalet-aslan\/\" class=\"sohohotel-more-link\">Read More<\/a>","protected":false},"author":1,"featured_media":400284,"comment_status":"closed","ping_status":"closed","sticky":false,"template":"","format":"standard","meta":{"_yoast_wpseo_title":"Chalet \u00e0 louer \u00e0 G\u00e9rardmer","_yoast_wpseo_metadesc":"R\u00e9servez un chalet avec sauna et bain nordique \u00e0 G\u00e9rardmer. Confort et nature !","_yoast_wpseo_focuskw":"#ChaletALouer #G\u00e9rardmer #LesAtypiquesChalets #VacancesVosges #D\u00e9tenteEnMontagne #BainNordique #SaunaPriv\u00e9 #NatureVosges","footnotes":""},"categories":[1099],"tags":[753,1376,1128,1375,1379,1268,1378,1380,968,1101,1006,1377,1131,1008,1160],"class_list":["post-400217","post","type-post","status-publish","format-standard","has-post-thumbnail","hentry","category-les-atypiques-chalets","tag-activites-gerardmer","tag-bain-nordique-chalet","tag-chalet-a-louer-gerardmer","tag-chalet-a-frame-gerardmer","tag-chalet-de-charme","tag-chalet-vosges","tag-detente-chalet-gerardmer","tag-escapade-montagne-gerardmer","tag-les-atypiques-chalets","tag-location-chalet-gerardmer","tag-location-saisonniere-gerardmer","tag-sauna-prive-chalet","tag-sejour-montagne-gerardmer","tag-vacances-gerardmer","tag-vacances-nature-vosges"],"_links":{"self":[{"href":"https:\/\/les-atypiques-chalets.com\/de\/wp-json\/wp\/v2\/posts\/400217","targetHints":{"allow":["GET"]}}],"collection":[{"href":"https:\/\/les-atypiques-chalets.com\/de\/wp-json\/wp\/v2\/posts"}],"about":[{"href":"https:\/\/les-atypiques-chalets.com\/de\/wp-json\/wp\/v2\/types\/post"}],"author":[{"embeddable":true,"href":"https:\/\/les-atypiques-chalets.com\/de\/wp-json\/wp\/v2\/users\/1"}],"replies":[{"embeddable":true,"href":"https:\/\/les-atypiques-chalets.com\/de\/wp-json\/wp\/v2\/comments?post=400217"}],"version-history":[{"count":0,"href":"https:\/\/les-atypiques-chalets.com\/de\/wp-json\/wp\/v2\/posts\/400217\/revisions"}],"wp:featuredmedia":[{"embeddable":true,"href":"https:\/\/les-atypiques-chalets.com\/de\/wp-json\/wp\/v2\/media\/400284"}],"wp:attachment":[{"href":"https:\/\/les-atypiques-chalets.com\/de\/wp-json\/wp\/v2\/media?parent=400217"}],"wp:term":[{"taxonomy":"category","embeddable":true,"href":"https:\/\/les-atypiques-chalets.com\/de\/wp-json\/wp\/v2\/categories?post=400217"},{"taxonomy":"post_tag","embeddable":true,"href":"https:\/\/les-atypiques-chalets.com\/de\/wp-json\/wp\/v2\/tags?post=400217"}],"curies":[{"name":"wp","href":"https:\/\/api.w.org\/{rel}","templated":true}]}}