{"id":539705,"date":"2024-11-12T15:00:57","date_gmt":"2024-11-12T15:00:57","guid":{"rendered":"https:\/\/les-atypiques-chalets.com\/?p=539705"},"modified":"2025-05-21T14:26:52","modified_gmt":"2025-05-21T14:26:52","slug":"les-plus-belles-randonnees-dans-le-haut-rhin-guide-complet","status":"publish","type":"post","link":"https:\/\/les-atypiques-chalets.com\/de\/les-plus-belles-randonnees-dans-le-haut-rhin-guide-complet\/","title":{"rendered":"Die sch\u00f6nsten Wanderungen im Oberelsass: Ein vollst\u00e4ndiger F\u00fchrer"},"content":{"rendered":"<div class=\"wpb-content-wrapper\"><div class=\"vc_row wpb_row vc_row-fluid\"><div class=\"wpb_column vc_column_container vc_col-sm-12\"><div class=\"vc_column-inner\"><div class=\"wpb_wrapper\">\n\t<div class=\"wpb_text_column wpb_content_element\" >\n\t\t<div class=\"wpb_wrapper\">\n\t\t\t<h1 class=\"p1\"><span style=\"color: #683c16;\">Les Plus Belles Randonn\u00e9es<br \/>\ndans le Haut-Rhin : Guide Complet<\/span><\/h1>\n\n\t\t<\/div>\n\t<\/div>\n<\/div><\/div><\/div><\/div><div class=\"vc_row wpb_row vc_row-fluid\"><div class=\"wpb_column vc_column_container vc_col-sm-12\"><div class=\"vc_column-inner\"><div class=\"wpb_wrapper\"><div class=\"vc_empty_space\"   style=\"height: 32px\"><span class=\"vc_empty_space_inner\"><\/span><\/div>\t\t\n\t\t\t\t\n\t\t\t<!-- BEGIN .shb-accommodation-listing-filter-sorting -->\n\t\t\t<div class=\"shb-accommodation-listing-filter-sorting shb-clearfix\">\n\t\t\t\n\t\t\t\t\t\t\t\n\t\t\t\t<div class=\"shb-accommodation-listing-filter shb-clearfix\">\n\t\t\t\t\t<p>Filtern nach:<\/p>\n\t\t\t\t\t<ul>\n\t\t\t\t\t\t<li class=\"shb-filter-current\"><a href=\"https:\/\/les-atypiques-chalets.com\/de\/wp-json\/wp\/v2\/posts\/539705?shb-orderby=2\">All<\/a><\/li><li class=\"\"><a href=\"https:\/\/les-atypiques-chalets.com\/de\/wp-json\/wp\/v2\/posts\/539705?shb-orderby=2&shb-accommodation-type=chalet-4-personnes-gerardmer\">Chalet f\u00fcr 4 Personen<\/a><\/li><li class=\"\"><a href=\"https:\/\/les-atypiques-chalets.com\/de\/wp-json\/wp\/v2\/posts\/539705?shb-orderby=2&shb-accommodation-type=chalet-6-personnes\">Chalet f\u00fcr 6 Personen<\/a><\/li><li class=\"\"><a href=\"https:\/\/les-atypiques-chalets.com\/de\/wp-json\/wp\/v2\/posts\/539705?shb-orderby=2&shb-accommodation-type=chalets-6-personnes\">Chalets f\u00fcr 6 Personen<\/a><\/li>\t\t\t\t\t<\/ul>\n\t\t\t\t<\/div>\n\t\t\t\n\t\t\t\t\t\t\t\n\t\t\t\t\t\t\t\n\t\t\t\t<div class=\"shb-accommodation-listing-sorting shb-clearfix\">\n\t\t\t\t\t<select>\n\t\t\t\t\t\t<option value=\"https:\/\/les-atypiques-chalets.com\/de\/wp-json\/wp\/v2\/posts\/539705?shb-accommodation-type=0\" selected>Standard-Sortierung<\/option><option value=\"https:\/\/les-atypiques-chalets.com\/de\/wp-json\/wp\/v2\/posts\/539705?shb-accommodation-type=0&shb-orderby=1\" >Preis niedrig bis hoch<\/option><option value=\"https:\/\/les-atypiques-chalets.com\/de\/wp-json\/wp\/v2\/posts\/539705?shb-accommodation-type=0&shb-orderby=2\" >Preis hoch bis niedrig<\/option>\t\t\t\t\t<\/select>\n\t\t\t\t\t<i class=\"fas fa-chevron-down\"><\/i>\n\t\t\t\t<\/div>\n\t\t\t\n\t\t\t\t\t\n\t\t\t<!-- END .shb-accommodation-listing-filter-sorting -->\n\t\t\t<\/div>\n\t\t\n\t\t\t\t\n\t\t<!-- BEGIN .shb-accommodation-listing-style-1 -->\n\t\t<div class=\"shb-accommodation-listing-style-1 shb-accommodation-listing-style-1-columns-3\">\n\t\t\t\n\t\t\t\t\n\t\t\t<!-- BEGIN .shb-accommodation-listing-item -->\n\t\t\t<div class=\"shb-accommodation-listing-item\">\n\t\t\t\n\t\t\t\t\t\t\t\t\t<a href=\"https:\/\/les-atypiques-chalets.com\/de\/chalet-charkhan\/\" rel=\"bookmark\" title=\"Chalet Charkhan\">\n\t\t\t\t\t\t\t\t\t\t\t\t<img decoding=\"async\" class=\"shb-accommodation-listing-image\" src=\"https:\/\/les-atypiques-chalets.com\/wp-content\/uploads\/2025\/03\/salon-charkhan-03-L-1180x675.webp\" alt=\"Chalet Charkhan\" \/>\t\t\t\t\t<\/a>\n\t\t\t\t\t\t\t\n\t\t\t\t<div class=\"shb-accommodation-listing-description-wrapper\">\n\t\t\t\t\n\t\t\t\t\t<h3><a href=\"https:\/\/les-atypiques-chalets.com\/de\/chalet-charkhan\/\" rel=\"bookmark\" title=\"Chalet Charkhan\">Chalet Charkhan<\/a><\/h3>\n\t\t\t\t\n\t\t\t\t\t<div class=\"shb-accommodation-listing-description shb-clearfix\">\n\t\t\t\t\t\t<ul>\r\n<li><i class=\"fas fa-user\"><\/i><span>Kapazit\u00e4t<\/span> 6 Personen<\/li>\r\n<li><i class=\"fas fa-ruler-combined\"><\/i><span>Oberfl\u00e4che<\/span> 65 m\u00b2<\/li>\r\n<li><i class=\"fas fa-hot-tub\"><\/i><span> Nordische Badewanne<\/span> privativ<\/li>\r\n<\/ul>\t\t\t\t\t\t<a href=\"https:\/\/les-atypiques-chalets.com\/de\/chalet-charkhan\/\" class=\"shb-accommodation-listing-button1\">ab 225\u20ac\/Nacht<\/a>\n\t\t\t\t\t\t<a href=\"https:\/\/les-atypiques-chalets.com\/de\/chalet-charkhan\/\" class=\"shb-accommodation-listing-button2\">Zimmer anzeigen<i class=\"fas fa-chevron-right\"><\/i><\/a>\n\t\t\t\t\t<\/div>\n\t\t\t\t\n\t\t\t\t<\/div>\n\t\t\t\n\t\t\t<!-- END .shb-accommodation-listing-item -->\n\t\t\t<\/div>\n\t\t\n\t\t\t\t\n\t\t\t<!-- BEGIN .shb-accommodation-listing-item -->\n\t\t\t<div class=\"shb-accommodation-listing-item\">\n\t\t\t\n\t\t\t\t\t\t\t\t\t<a href=\"https:\/\/les-atypiques-chalets.com\/de\/chalet-aslan\/\" rel=\"bookmark\" title=\"Chalet Aslan\">\n\t\t\t\t\t\t\t\t\t\t\t\t<img decoding=\"async\" class=\"shb-accommodation-listing-image\" src=\"https:\/\/les-atypiques-chalets.com\/wp-content\/uploads\/2025\/03\/ASLAN-2-900x710.webp\" alt=\"Chalet Aslan\" \/>\t\t\t\t\t<\/a>\n\t\t\t\t\t\t\t\n\t\t\t\t<div class=\"shb-accommodation-listing-description-wrapper\">\n\t\t\t\t\n\t\t\t\t\t<h3><a href=\"https:\/\/les-atypiques-chalets.com\/de\/chalet-aslan\/\" rel=\"bookmark\" title=\"Chalet Aslan\">Chalet Aslan<\/a><\/h3>\n\t\t\t\t\n\t\t\t\t\t<div class=\"shb-accommodation-listing-description shb-clearfix\">\n\t\t\t\t\t\t<ul>\r\n<li><i class=\"fas fa-user\"><\/i><span>Kapazit\u00e4t<\/span> 5 Personen<\/li>\r\n<li><i class=\"fas fa-ruler-combined\"><\/i><span>Oberfl\u00e4che<\/span> 65 m\u00b2<\/li>\r\n<li><i class=\"fas fa-hot-tub\"><\/i><span> Nordische Badewanne<\/span> privativ<\/li>\r\n<\/ul>\t\t\t\t\t\t<a href=\"https:\/\/les-atypiques-chalets.com\/de\/chalet-aslan\/\" class=\"shb-accommodation-listing-button1\">ab 215 \u20ac\/Nacht<\/a>\n\t\t\t\t\t\t<a href=\"https:\/\/les-atypiques-chalets.com\/de\/chalet-aslan\/\" class=\"shb-accommodation-listing-button2\">Zimmer anzeigen<i class=\"fas fa-chevron-right\"><\/i><\/a>\n\t\t\t\t\t<\/div>\n\t\t\t\t\n\t\t\t\t<\/div>\n\t\t\t\n\t\t\t<!-- END .shb-accommodation-listing-item -->\n\t\t\t<\/div>\n\t\t\n\t\t\t\t\n\t\t\t<!-- BEGIN .shb-accommodation-listing-item -->\n\t\t\t<div class=\"shb-accommodation-listing-item\">\n\t\t\t\n\t\t\t\t\t\t\t\t\t<a href=\"https:\/\/les-atypiques-chalets.com\/de\/chalet-iorik\/\" rel=\"bookmark\" title=\"Chalet Iorik\">\n\t\t\t\t\t\t\t\t\t\t\t\t<img decoding=\"async\" class=\"shb-accommodation-listing-image\" src=\"https:\/\/les-atypiques-chalets.com\/wp-content\/uploads\/2025\/09\/iorik-sejour-L-1024x710.webp\" alt=\"Chalet Iorik\" \/>\t\t\t\t\t<\/a>\n\t\t\t\t\t\t\t\n\t\t\t\t<div class=\"shb-accommodation-listing-description-wrapper\">\n\t\t\t\t\n\t\t\t\t\t<h3><a href=\"https:\/\/les-atypiques-chalets.com\/de\/chalet-iorik\/\" rel=\"bookmark\" title=\"Chalet Iorik\">Chalet Iorik<\/a><\/h3>\n\t\t\t\t\n\t\t\t\t\t<div class=\"shb-accommodation-listing-description shb-clearfix\">\n\t\t\t\t\t\t<ul>\r\n<li><i class=\"fas fa-user\"><\/i><span>Kapazit\u00e4t<\/span> 4 Personen<\/li>\r\n<li><i class=\"fas fa-ruler-combined\"><\/i><span>Oberfl\u00e4che<\/span> 45 m2<\/li>\r\n<li><i class=\"fas fa-hot-tub\"><\/i><span> Nordische Badewanne<\/span> privativ<\/li>\r\n<\/ul>\t\t\t\t\t\t<a href=\"https:\/\/les-atypiques-chalets.com\/de\/chalet-iorik\/\" class=\"shb-accommodation-listing-button1\">ab 170\u20ac\/Nacht<\/a>\n\t\t\t\t\t\t<a href=\"https:\/\/les-atypiques-chalets.com\/de\/chalet-iorik\/\" class=\"shb-accommodation-listing-button2\">Zimmer anzeigen<i class=\"fas fa-chevron-right\"><\/i><\/a>\n\t\t\t\t\t<\/div>\n\t\t\t\t\n\t\t\t\t<\/div>\n\t\t\t\n\t\t\t<!-- END .shb-accommodation-listing-item -->\n\t\t\t<\/div>\n\t\t\n\t\t\t\t\t\n\t\t<!-- END .shb-accommodation-listing-style-1 -->\n\t\t<\/div>\n\t\n\t\t\n\t\t\t\n\t\t<div class=\"shb-clearboth\"><\/div>\n\t\t<div class=\"shb-accommodation-listing-1-pagination\">\n\t\t\t\t<\/div>\n\t\t\n\t\t\n\t<div class=\"vc_empty_space\"   style=\"height: 32px\"><span class=\"vc_empty_space_inner\"><\/span><\/div><\/div><\/div><\/div><\/div><div class=\"vc_row wpb_row vc_row-fluid\"><div class=\"wpb_column vc_column_container vc_col-sm-12\"><div class=\"vc_column-inner\"><div class=\"wpb_wrapper\">\n\t<div class=\"wpb_text_column wpb_content_element\" >\n\t\t<div class=\"wpb_wrapper\">\n\t\t\t<article class=\"w-full text-token-text-primary focus-visible:outline-2 focus-visible:outline-offset-&#091;-4px&#093; sm:AIPRM__conversation__response\" dir=\"auto\" data-testid=\"conversation-turn-7\" data-scroll-anchor=\"false\">\n<div class=\"text-base py-&#091;18px&#093; px-3 md:px-4 m-auto w-full md:px-5 lg:px-1 xl:px-5\">\n<div class=\"mx-auto flex flex-1 gap-4 text-base md:gap-5 lg:gap-6 md:max-w-3xl lg:max-w-&#091;40rem&#093; xl:max-w-&#091;48rem&#093;\">\n<div class=\"group\/conversation-turn relative flex w-full min-w-0 flex-col agent-turn\">\n<div class=\"flex-col gap-1 md:gap-3\">\n<div class=\"flex max-w-full flex-col flex-grow AIPRM__conversation__response\">\n<div class=\"min-h-&#091;20px&#093; text-message flex w-full flex-col items-end gap-2 whitespace-normal break-words &#091;.text-message+&amp;&#093;:mt-5\" dir=\"auto\" data-message-author-role=\"assistant\" data-message-id=\"08ff1a67-e8fe-4640-b2af-0e74ab8ea162\">\n<div class=\"flex w-full flex-col gap-1 empty:hidden first:pt-&#091;3px&#093;\">\n<div class=\"markdown prose w-full break-words dark:prose-invert light\">\n<h3>Einf\u00fchrung<\/h3>\n<p>Le <strong>Haut-Rhin<\/strong> est une r\u00e9gion exceptionnelle pour les amateurs de nature et de randonn\u00e9e, offrant des paysages vari\u00e9s, des sommets majestueux, et une biodiversit\u00e9 riche. Que vous soyez un randonneur d\u00e9butant ou exp\u00e9riment\u00e9, les sentiers du Haut-Rhin vous garantissent des vues \u00e0 couper le souffle, des ambiances paisibles et une immersion totale dans la nature vosgienne. Dans cet article, nous vous pr\u00e9sentons les parcours incontournables pour d\u00e9couvrir le meilleur des <strong>randonn\u00e9es dans le Haut-Rhin<\/strong>.<\/p>\n<h3>1. <strong>Randonn\u00e9e des Trois Lacs<\/strong><\/h3>\n<hr \/>\n<p><strong>Description<\/strong> : La <strong><a href=\"https:\/\/les-atypiques-chalets.com\/de\/radrouten-gerardmer\/\"  data-wpil-monitor-id=\"905\">randonn\u00e9e des Trois Lacs<\/a><\/strong> est une boucle de 13,6 km au d\u00e9part d\u2019Orbey, qui vous fera traverser les c\u00e9l\u00e8bres lacs Blanc, Noir et du Forlet. Ce circuit, situ\u00e9 au c\u0153ur du massif vosgien, est parfait pour d\u00e9couvrir des <a href=\"https:\/\/les-atypiques-chalets.com\/de\/sejour-romantique-a-gerardmer-avec-les-atypiques-chalets-chalets-saunas-et-bains-nordiques\/\"  data-wpil-monitor-id=\"902\">paysages<\/a> alpins exceptionnels tout en restant accessible aux randonneurs de niveau interm\u00e9diaire.<\/p>\n<p><strong>Difficult\u00e9<\/strong> : Interm\u00e9diaire, avec un d\u00e9nivel\u00e9 de 460 m\u00e8tres, ce parcours est accessible \u00e0 ceux qui ont d\u00e9j\u00e0 une exp\u00e9rience de <a href=\"https:\/\/les-atypiques-chalets.com\/de\/les-10-choses-a-faire-a-gerardmer-en-ete\/\"  data-wpil-monitor-id=\"1725\">Wanderung<\/a>.<\/p>\n<p><strong>Points forts<\/strong> : Les panoramas sur les lacs glaciaires sont \u00e0 couper le souffle, avec des paysages qui changent au fil des saisons. Les couleurs automnales, en particulier, donnent aux <a href=\"https:\/\/les-atypiques-chalets.com\/de\/explorez-la-faune-et-la-flore-de-gerardmer\/\"  data-wpil-monitor-id=\"906\">lacs et aux for\u00eats<\/a> environnantes une teinte magique.<\/p>\n<p><strong>Lien utile<\/strong> : <a href=\"https:\/\/www.visorando.com\/randonnee-rando-des-trois-lacs\/\" target=\"_blank\" rel=\"noopener nofollow\">visorando.com\/randonnee-rando-des-trois-lacs\/<\/a><\/p>\n<h3>2. <strong>Circuit des Lacs<br \/>\ndes Perches et des Neuweiher<\/strong><\/h3>\n<hr \/>\n<p><strong>Description<\/strong> : Situ\u00e9 dans une r\u00e9gion moins fr\u00e9quent\u00e9e, le <strong>circuit des Lacs des Perches et des Neuweiher<\/strong> offre une randonn\u00e9e de 11,75 km qui ravira les amoureux de la nature et de la tranquillit\u00e9. Ce parcours traverse des lacs ench\u00e2ss\u00e9s dans des cirques glaciaires, offrant un cadre serein et apaisant.<\/p>\n<p><strong>Difficult\u00e9<\/strong> : Mod\u00e9r\u00e9e, avec un d\u00e9nivel\u00e9 de 628 m\u00e8tres. Accessible aux randonneurs de niveau interm\u00e9diaire, ce circuit reste abordable pour des marcheurs habitu\u00e9s aux reliefs mod\u00e9r\u00e9s.<\/p>\n<p><strong>Points forts<\/strong> : La richesse de la <strong>faune et de la flore<\/strong> est l&rsquo;un des principaux attraits de cette randonn\u00e9e. Les lacs, entour\u00e9s de for\u00eats denses, sont parfaits pour une pause pique-nique en <a href=\"https:\/\/les-atypiques-chalets.com\/de\/product\/reservation\/\" data-wpil-monitor-id=\"904\">Natur<\/a>.<\/p>\n<p><strong>Lien utile<\/strong> : <a href=\"https:\/\/www.visorando.com\/randonnee-circuit-des-lacs-des-perches-du-grand-et\/\" target=\"_blank\" rel=\"noopener nofollow\">visorando.com\/randonnee-circuit-des-lacs-des-perches-du-grand-et<\/a>\/<\/p>\n<h3>3. <strong>Sentier des Roches<\/strong><\/h3>\n<hr \/>\n<p><strong>Description<\/strong> : Pour ceux qui cherchent un d\u00e9fi, le <strong>Sentier des Roches<\/strong> est un itin\u00e9raire r\u00e9put\u00e9 pour ses passages techniques et ses vues imprenables sur les vall\u00e9es vosgiennes. Ce parcours escarp\u00e9 attire les randonneurs exp\u00e9riment\u00e9s en qu\u00eate de sensations fortes et de paysages grandioses.<\/p>\n<p><strong>Difficult\u00e9<\/strong> : \u00c9lev\u00e9e, cette randonn\u00e9e est <a href=\"https:\/\/les-atypiques-chalets.com\/de\/reservation\/\" data-wpil-monitor-id=\"903\">r\u00e9serv\u00e9e<\/a> aux marcheurs avertis, avec des passages abrupts et \u00e9troits qui n\u00e9cessitent un pied s\u00fbr et une bonne condition physique.<\/p>\n<p><strong>Points forts<\/strong> : Les panoramas sur les vall\u00e9es environnantes et les formations rocheuses naturelles cr\u00e9ent une atmosph\u00e8re unique. Le Sentier des Roches offre un condens\u00e9 de paysages sauvages et majestueux, typiques des <a href=\"https:\/\/les-atypiques-chalets.com\/de\/tag\/vogesen\/\" data-wpil-monitor-id=\"2187\">Vogesen<\/a>.<\/p>\n<p><strong>Lien utile<\/strong> : v<a href=\"https:\/\/www.visorando.com\/randonnee-le-sentier-des-roches\/\" target=\"_blank\" rel=\"noopener nofollow\">isorando.com\/randonnee-le-sentier-des-roches<\/a><\/p>\n<h3>4. <strong>Ascension du Petit Ballon<\/strong><\/h3>\n<hr \/>\n<p><strong>Description<\/strong> : L\u2019<strong>ascension du Petit <a href=\"https:\/\/les-atypiques-chalets.com\/de\/les-plus-belles-randonnees-du-88\/\" data-wpil-monitor-id=\"907\">Ballon<\/a><\/strong> est une randonn\u00e9e de 15,7 km qui conduit au sommet du Petit Ballon, \u00e0 1 272 m\u00e8tres d\u2019altitude. Ce sommet embl\u00e9matique offre une <a href=\"https:\/\/les-atypiques-chalets.com\/de\/meilleurs-restaurants-gerardmer-tour-culinaire\/\" data-wpil-monitor-id=\"1973\">vue panoramique<\/a> exceptionnelle sur le massif vosgien et, par temps clair, sur les Alpes suisses et la For\u00eat-Noire allemande.<\/p>\n<p><strong>Difficult\u00e9<\/strong> : Interm\u00e9diaire, avec un d\u00e9nivel\u00e9 de 800 m\u00e8tres, ce parcours est parfait pour les randonneurs souhaitant profiter de vues \u00e9tendues tout en r\u00e9alisant une randonn\u00e9e physique mais accessible.<\/p>\n<p><strong>Points forts<\/strong> : Les paysages alpins et la diversit\u00e9 de la flore sont les points culminants de cette <a href=\"https:\/\/les-atypiques-chalets.com\/de\/decouverte-du-champ-de-roches-pres-de-gerardmer-hebergement-unique-aux-atypiques-chalets\/\" data-wpil-monitor-id=\"901\">Wanderung<\/a>. Au printemps, le sommet se couvre de fleurs sauvages, cr\u00e9ant un spectacle color\u00e9 \u00e0 ne pas manquer.<\/p>\n<p><strong>Lien utile<\/strong> : <a href=\"https:\/\/www.visorando.com\/randonnee-petit-ballon.html\" target=\"_blank\" rel=\"noopener nofollow\">visorando.com\/randonnee-petit-ballon<\/a><\/p>\n<h3>5. <strong>Route des Cr\u00eates<\/strong><\/h3>\n<hr \/>\n<p><strong>Description<\/strong> : La <strong>Route des Cr\u00eates<\/strong> est un parcours panoramique de 89 km qui traverse le Parc naturel r\u00e9gional des Ballons des Vosges. Bien que ce soit une route accessible en voiture, plusieurs sections de sentiers permettent de d\u00e9couvrir les <a href=\"https:\/\/les-atypiques-chalets.com\/de\/les-meilleurs-spots-pour-le-parapente-dans-la-region-de-gerardmer\/\" data-wpil-monitor-id=\"2019\">cr\u00eates vosgiennes<\/a> \u00e0 pied, avec des panoramas spectaculaires.<\/p>\n<p><strong>Difficult\u00e9<\/strong> : Variable selon les sections choisies, de facile \u00e0 difficile, ce parcours est accessible \u00e0 tous.<\/p>\n<p><strong>Points forts<\/strong> : La Route des Cr\u00eates est riche en <strong>histoire<\/strong> et en patrimoine, notamment avec des vestiges de la Premi\u00e8re Guerre mondiale. Les vues sur les sommets vosgiens et les vall\u00e9es environnantes sont \u00e0 couper le souffle, surtout au lever et au coucher du soleil.<\/p>\n<p><strong>Lien utile<\/strong> : <a href=\"https:\/\/www.routes-touristiques.com\/tourisme\/les-circuits\/alsace\/route-des-cretes-d-alsace-68-et-88.html\" target=\"_blank\" rel=\"noopener nofollow\">routes-touristiques.com<\/a><\/p>\n<h3><strong>Conseils Pratiques pour<br \/>\nune Randonn\u00e9e R\u00e9ussie dans le Haut-Rhin<\/strong><\/h3>\n<hr \/>\n<h4><strong>\u00c9quipement Essentiel<\/strong><\/h4>\n<p>Pour profiter pleinement de votre randonn\u00e9e, il est crucial d\u2019\u00eatre bien \u00e9quip\u00e9. Pr\u00e9voyez des <strong>chaussures de randonn\u00e9e<\/strong> robustes et confortables, des v\u00eatements adapt\u00e9s aux conditions climatiques, une carte IGN du secteur, et \u00e9ventuellement des b\u00e2tons de randonn\u00e9e pour les parcours plus escarp\u00e9s. Un sac \u00e0 dos avec de l\u2019eau, des encas \u00e9nerg\u00e9tiques, et une trousse de premiers secours est aussi recommand\u00e9.<\/p>\n<h4><strong>Meilleure Saison pour Randonner<\/strong><\/h4>\n<p>Les sentiers de randonn\u00e9e du Haut-Rhin sont g\u00e9n\u00e9ralement accessibles de <strong>mai \u00e0 octobre<\/strong>, p\u00e9riode durant laquelle les conditions m\u00e9t\u00e9orologiques sont les plus favorables. L&rsquo;\u00e9t\u00e9 offre des temp\u00e9ratures agr\u00e9ables, tandis que l\u2019automne d\u00e9voile des couleurs flamboyantes dans les for\u00eats vosgiennes.<\/p>\n<h4><strong>Conseils de S\u00e9curit\u00e9<\/strong><\/h4>\n<p>La s\u00e9curit\u00e9 est primordiale lors d\u2019une randonn\u00e9e, surtout dans des parcours difficiles comme le <strong>Sentier des Roches<\/strong>. Informez un proche de votre itin\u00e9raire et v\u00e9rifiez les conditions m\u00e9t\u00e9orologiques avant votre d\u00e9part. En montagne, le climat peut changer rapidement, il est donc prudent de se pr\u00e9parer \u00e0 diff\u00e9rentes conditions.<\/p>\n<h3>Schlussfolgerung<\/h3>\n<hr \/>\n<p>Le Haut-Rhin regorge de sentiers <a href=\"https:\/\/les-atypiques-chalets.com\/de\/randonnee-en-montagne-une-aventure-inoubliable\/\" data-wpil-monitor-id=\"899\">de randonn\u00e9e<\/a> qui vous permettront de d\u00e9couvrir des <strong>paysages vari\u00e9s<\/strong> et une <strong>nature pr\u00e9serv\u00e9e<\/strong>. Que vous soyez \u00e0 la recherche d\u2019un parcours tranquille autour de lacs glaciaires ou d\u2019une ascension sportive vers un sommet embl\u00e9matique, la r\u00e9gion a de quoi combler toutes vos envies. En suivant les <a href=\"https:\/\/les-atypiques-chalets.com\/de\/les-activites-familiales-autour-de-gerardmer-suggestions-dactivites-et-de-sorties-adaptees-aux-familles-avec-enfants-dans-la-region\/\" data-wpil-monitor-id=\"900\">conseils pratiques et en choisissant la randonn\u00e9e adapt\u00e9e<\/a> \u00e0 votre niveau, vous vivrez une exp\u00e9rience inoubliable dans les <strong>montagnes vosgiennes<\/strong>. Profitez de la beaut\u00e9 naturelle de la r\u00e9gion et impr\u00e9gnez-vous de la tranquillit\u00e9 et de la grandeur des paysages.<\/p>\n<\/div>\n<\/div>\n<\/div>\n<\/div>\n<\/div>\n<\/div>\n<\/div>\n<\/div>\n<\/article>\n\n\t\t<\/div>\n\t<\/div>\n<\/div><\/div><\/div><\/div><div class=\"vc_row wpb_row vc_row-fluid\"><div class=\"wpb_column vc_column_container vc_col-sm-12\"><div class=\"vc_column-inner\"><div class=\"wpb_wrapper\"><div class=\"vc_empty_space\"   style=\"height: 32px\"><span class=\"vc_empty_space_inner\"><\/span><\/div>\n\t<div class=\"wpb_text_column wpb_content_element\" >\n\t\t<div class=\"wpb_wrapper\">\n\t\t\t<h3>FAQ sur les Plus Belles Randonn\u00e9es dans le Haut-Rhin<\/h3>\n<hr \/>\n<h4><strong>1. Quelle est la meilleure p\u00e9riode pour faire de la randonn\u00e9e dans le Haut-Rhin ?<\/strong><\/h4>\n<p>La meilleure p\u00e9riode pour randonner dans le Haut-Rhin s\u2019\u00e9tend de <strong>mai \u00e0 octobre<\/strong>. Les sentiers sont praticables et les temp\u00e9ratures sont agr\u00e9ables, permettant de profiter pleinement des paysages. En automne, les couleurs flamboyantes des for\u00eats vosgiennes ajoutent une dimension magique aux randonn\u00e9es.<\/p>\n<hr \/>\n<h4><strong>2. Quelles sont les randonn\u00e9es adapt\u00e9es aux d\u00e9butants dans le Haut-Rhin ?<\/strong><\/h4>\n<p>Les sentiers comme la <strong>Route des Cr\u00eates<\/strong> offrent des sections accessibles aux d\u00e9butants avec de magnifiques panoramas sans trop de d\u00e9nivel\u00e9. Le <strong>Circuit des Lacs des Perches<\/strong> est \u00e9galement une belle option pour les randonneurs novices, avec des parcours mod\u00e9r\u00e9s et des paysages paisibles.<\/p>\n<hr \/>\n<h4><strong>3. Y a-t-il des randonn\u00e9es pour les randonneurs exp\u00e9riment\u00e9s ?<\/strong><\/h4>\n<p>Absolument ! Le <strong>Sentier des Roches<\/strong> est une randonn\u00e9e plus technique et escarp\u00e9e, r\u00e9serv\u00e9e aux randonneurs exp\u00e9riment\u00e9s. Ce sentier offre des panoramas spectaculaires mais comporte des passages abrupts qui n\u00e9cessitent de l\u2019assurance et une bonne condition physique.<\/p>\n<hr \/>\n<h4><strong>4. Quel \u00e9quipement faut-il pour randonner dans le Haut-Rhin ?<\/strong><\/h4>\n<p>Pour une randonn\u00e9e r\u00e9ussie, \u00e9quipez-vous de <strong>chaussures de randonn\u00e9e<\/strong> robustes, de v\u00eatements adapt\u00e9s \u00e0 la m\u00e9t\u00e9o, d\u2019une carte IGN, et de b\u00e2tons si besoin. N\u2019oubliez pas de prendre de l\u2019eau, des encas, et une trousse de premiers secours.<\/p>\n<hr \/>\n<h4><strong>5. Faut-il informer quelqu&rsquo;un avant de partir en randonn\u00e9e ?<\/strong><\/h4>\n<p>Oui, il est fortement conseill\u00e9 d\u2019informer un proche de votre itin\u00e9raire, surtout pour les randonn\u00e9es plus difficiles. En montagne, le climat peut changer rapidement, et il est prudent que quelqu\u2019un soit inform\u00e9 de votre parcours en cas de besoin.<\/p>\n<hr \/>\n<h4><strong>6. O\u00f9 trouver des informations d\u00e9taill\u00e9es sur les sentiers ?<\/strong><\/h4>\n<p>Des sites comme <strong>AllTrails<\/strong> und <strong>Visorando<\/strong> fournissent des informations d\u00e9taill\u00e9es sur les parcours, les niveaux de difficult\u00e9 et les points d\u2019int\u00e9r\u00eat. Ces plateformes offrent aussi des avis de randonneurs qui peuvent \u00eatre utiles pour bien pr\u00e9parer votre sortie.<\/p>\n<hr \/>\n<h4><strong>7. Peut-on randonner avec des enfants dans le Haut-Rhin ?<\/strong><\/h4>\n<p>Oui, certains sentiers sont adapt\u00e9s aux familles, comme certaines sections de la <strong>Route des Cr\u00eates<\/strong> ou le <strong>circuit des Lacs des Perches<\/strong>. V\u00e9rifiez la difficult\u00e9 et la longueur du parcours pour choisir une randonn\u00e9e adapt\u00e9e aux enfants.<\/p>\n<hr \/>\n<h4><strong>8. Les chiens sont-ils autoris\u00e9s sur les sentiers ?<\/strong><\/h4>\n<p>La plupart des sentiers autorisent les chiens, mais il est conseill\u00e9 de v\u00e9rifier les r\u00e8gles sp\u00e9cifiques de chaque parcours. Certains sentiers escarp\u00e9s, comme le Sentier des Roches, peuvent \u00eatre difficiles pour les chiens, surtout ceux de petite taille.<\/p>\n<hr \/>\n<h4><strong>9. Y a-t-il des aires de pique-nique sur les parcours ?<\/strong><\/h4>\n<p>Oui, plusieurs randonn\u00e9es, notamment autour des lacs comme les Trois Lacs et les Lacs des Perches, proposent des espaces o\u00f9 vous pouvez vous arr\u00eater pour pique-niquer en pleine nature et profiter de la tranquillit\u00e9 des lieux.<\/p>\n<hr \/>\n<h4><strong>10. Quels sont les meilleurs points de vue \u00e0 ne pas manquer ?<\/strong><\/h4>\n<p>Lesen <strong>panoramas du Petit Ballon<\/strong>, les <strong>cr\u00eates du Sentier des Roches<\/strong>, et les <strong>vues sur les lacs glaciaires<\/strong> comme le Lac Blanc offrent des points de vue exceptionnels. Ces lieux permettent d&rsquo;admirer la grandeur des montagnes vosgiennes et la richesse naturelle du Haut-Rhin.<\/p>\n\n\t\t<\/div>\n\t<\/div>\n<\/div><\/div><\/div><\/div>\n<\/div>","protected":false},"excerpt":{"rendered":"Chalet IORIK Capacit\u00e9: 4 personnes Superficie: 45 m2 Bain Nordique: privatif Description de notre Chalet Iorik dans les Vosges Id\u00e9al pour les couples ou les petites familles, le Chalet IORIK est un \u00e9crin de douceur pouvant accueillir jusqu\u2019\u00e0 4 personnes. Avec ses 2 chambres cosy et ces 2 lits de 140\u00d7190, il vous promet des<a href=\"https:\/\/les-atypiques-chalets.com\/de\/chalet-aslan\/\" class=\"sohohotel-more-link\">Read More<\/a>","protected":false},"author":1,"featured_media":539798,"comment_status":"closed","ping_status":"closed","sticky":false,"template":"","format":"standard","meta":{"_yoast_wpseo_title":"Les plus belles randonn\u00e9es dans le Haut-Rhin","_yoast_wpseo_metadesc":"D\u00e9couvrez les plus beaux sentiers du Haut-Rhin ! Pr\u00eat pour l'aventure ?","_yoast_wpseo_focuskw":"#Randonn\u00e9eHautRhin #SentiersVosgiens #Randonn\u00e9eAlsace #NatureVosges #PetitBallon #RouteDesCr\u00eates #TroisLacs #Randonn\u00e9ePanoramique","footnotes":""},"categories":[1385],"tags":[1391,1394,1388,1390,1397,1389,1396,1386,1398,1395,1393,1399,1392,767,1387],"class_list":["post-539705","post","type-post","status-publish","format-standard","has-post-thumbnail","hentry","category-randonnees","tag-ascension-petit-ballon","tag-circuit-des-lacs-des-perches","tag-lacs-glaciaires","tag-nature-haut-rhin","tag-parc-naturel-ballons-des-vosges","tag-randonnee-alsace","tag-randonnee-en-montagne-vosges","tag-randonnee-haut-rhin","tag-randonnee-intermediaire-haut-rhin","tag-randonnee-panoramique-haut-rhin","tag-randonnee-trois-lacs","tag-randonnees-difficiles-haut-rhin","tag-route-des-cretes","tag-sentier-des-roches","tag-sentiers-vosgiens"],"_links":{"self":[{"href":"https:\/\/les-atypiques-chalets.com\/de\/wp-json\/wp\/v2\/posts\/539705","targetHints":{"allow":["GET"]}}],"collection":[{"href":"https:\/\/les-atypiques-chalets.com\/de\/wp-json\/wp\/v2\/posts"}],"about":[{"href":"https:\/\/les-atypiques-chalets.com\/de\/wp-json\/wp\/v2\/types\/post"}],"author":[{"embeddable":true,"href":"https:\/\/les-atypiques-chalets.com\/de\/wp-json\/wp\/v2\/users\/1"}],"replies":[{"embeddable":true,"href":"https:\/\/les-atypiques-chalets.com\/de\/wp-json\/wp\/v2\/comments?post=539705"}],"version-history":[{"count":0,"href":"https:\/\/les-atypiques-chalets.com\/de\/wp-json\/wp\/v2\/posts\/539705\/revisions"}],"wp:featuredmedia":[{"embeddable":true,"href":"https:\/\/les-atypiques-chalets.com\/de\/wp-json\/wp\/v2\/media\/539798"}],"wp:attachment":[{"href":"https:\/\/les-atypiques-chalets.com\/de\/wp-json\/wp\/v2\/media?parent=539705"}],"wp:term":[{"taxonomy":"category","embeddable":true,"href":"https:\/\/les-atypiques-chalets.com\/de\/wp-json\/wp\/v2\/categories?post=539705"},{"taxonomy":"post_tag","embeddable":true,"href":"https:\/\/les-atypiques-chalets.com\/de\/wp-json\/wp\/v2\/tags?post=539705"}],"curies":[{"name":"wp","href":"https:\/\/api.w.org\/{rel}","templated":true}]}}