{"id":539945,"date":"2024-11-12T15:47:43","date_gmt":"2024-11-12T15:47:43","guid":{"rendered":"https:\/\/les-atypiques-chalets.com\/?p=539945"},"modified":"2025-05-21T14:26:51","modified_gmt":"2025-05-21T14:26:51","slug":"les-plus-belles-randonnees-du-88","status":"publish","type":"post","link":"https:\/\/les-atypiques-chalets.com\/de\/les-plus-belles-randonnees-du-88\/","title":{"rendered":"Les plus belles randonn\u00e9es du 88"},"content":{"rendered":"<div class=\"wpb-content-wrapper\"><div class=\"vc_row wpb_row vc_row-fluid\"><div class=\"wpb_column vc_column_container vc_col-sm-12\"><div class=\"vc_column-inner\"><div class=\"wpb_wrapper\">\n\t<div class=\"wpb_text_column wpb_content_element\" >\n\t\t<div class=\"wpb_wrapper\">\n\t\t\t<h1 class=\"p1\"><span style=\"color: #683c16;\">Les plus belles randonn\u00e9es du 88<\/span><\/h1>\n\n\t\t<\/div>\n\t<\/div>\n<\/div><\/div><\/div><\/div><div class=\"vc_row wpb_row vc_row-fluid\"><div class=\"wpb_column vc_column_container vc_col-sm-12\"><div class=\"vc_column-inner\"><div class=\"wpb_wrapper\"><div class=\"vc_empty_space\"   style=\"height: 32px\"><span class=\"vc_empty_space_inner\"><\/span><\/div>\t\t\n\t\t\t\t\n\t\t\t<!-- BEGIN .shb-accommodation-listing-filter-sorting -->\n\t\t\t<div class=\"shb-accommodation-listing-filter-sorting shb-clearfix\">\n\t\t\t\n\t\t\t\t\t\t\t\n\t\t\t\t<div class=\"shb-accommodation-listing-filter shb-clearfix\">\n\t\t\t\t\t<p>Filtern nach:<\/p>\n\t\t\t\t\t<ul>\n\t\t\t\t\t\t<li class=\"shb-filter-current\"><a href=\"https:\/\/les-atypiques-chalets.com\/de\/wp-json\/wp\/v2\/posts\/539945?shb-orderby=2\">All<\/a><\/li><li class=\"\"><a href=\"https:\/\/les-atypiques-chalets.com\/de\/wp-json\/wp\/v2\/posts\/539945?shb-orderby=2&shb-accommodation-type=chalet-4-personnes-gerardmer\">Chalet 4 personnes<\/a><\/li><li class=\"\"><a href=\"https:\/\/les-atypiques-chalets.com\/de\/wp-json\/wp\/v2\/posts\/539945?shb-orderby=2&shb-accommodation-type=chalet-6-personnes\">Chalet 6 personnes<\/a><\/li><li class=\"\"><a href=\"https:\/\/les-atypiques-chalets.com\/de\/wp-json\/wp\/v2\/posts\/539945?shb-orderby=2&shb-accommodation-type=chalets-6-personnes\">Chalets 6 personnes<\/a><\/li>\t\t\t\t\t<\/ul>\n\t\t\t\t<\/div>\n\t\t\t\n\t\t\t\t\t\t\t\n\t\t\t\t\t\t\t\n\t\t\t\t<div class=\"shb-accommodation-listing-sorting shb-clearfix\">\n\t\t\t\t\t<select>\n\t\t\t\t\t\t<option value=\"https:\/\/les-atypiques-chalets.com\/de\/wp-json\/wp\/v2\/posts\/539945?shb-accommodation-type=0\" selected>Standard-Sortierung<\/option><option value=\"https:\/\/les-atypiques-chalets.com\/de\/wp-json\/wp\/v2\/posts\/539945?shb-accommodation-type=0&shb-orderby=1\" >Preis niedrig bis hoch<\/option><option value=\"https:\/\/les-atypiques-chalets.com\/de\/wp-json\/wp\/v2\/posts\/539945?shb-accommodation-type=0&shb-orderby=2\" >Preis hoch bis niedrig<\/option>\t\t\t\t\t<\/select>\n\t\t\t\t\t<i class=\"fas fa-chevron-down\"><\/i>\n\t\t\t\t<\/div>\n\t\t\t\n\t\t\t\t\t\n\t\t\t<!-- END .shb-accommodation-listing-filter-sorting -->\n\t\t\t<\/div>\n\t\t\n\t\t\t\t\n\t\t<!-- BEGIN .shb-accommodation-listing-style-1 -->\n\t\t<div class=\"shb-accommodation-listing-style-1 shb-accommodation-listing-style-1-columns-3\">\n\t\t\t\n\t\t\t\t\n\t\t\t<!-- BEGIN .shb-accommodation-listing-item -->\n\t\t\t<div class=\"shb-accommodation-listing-item\">\n\t\t\t\n\t\t\t\t\t\t\t\t\t<a href=\"https:\/\/les-atypiques-chalets.com\/de\/chalet-charkhan\/\" rel=\"bookmark\" title=\"Chalet Charkhan\">\n\t\t\t\t\t\t\t\t\t\t\t\t<img decoding=\"async\" class=\"shb-accommodation-listing-image\" src=\"https:\/\/les-atypiques-chalets.com\/wp-content\/uploads\/2025\/03\/salon-charkhan-03-L-1180x675.webp\" alt=\"Chalet Charkhan\" \/>\t\t\t\t\t<\/a>\n\t\t\t\t\t\t\t\n\t\t\t\t<div class=\"shb-accommodation-listing-description-wrapper\">\n\t\t\t\t\n\t\t\t\t\t<h3><a href=\"https:\/\/les-atypiques-chalets.com\/de\/chalet-charkhan\/\" rel=\"bookmark\" title=\"Chalet Charkhan\">Chalet Charkhan<\/a><\/h3>\n\t\t\t\t\n\t\t\t\t\t<div class=\"shb-accommodation-listing-description shb-clearfix\">\n\t\t\t\t\t\t<ul>\r\n<li><i class=\"fas fa-user\"><\/i><span>Capacit\u00e9 :<\/span> 6 personnes<\/li>\r\n<li><i class=\"fas fa-ruler-combined\"><\/i><span>Superficie :<\/span> 65 m2<\/li>\r\n<li><i class=\"fas fa-hot-tub\"><\/i><span> Bain Nordique :<\/span> privatif<\/li>\r\n<\/ul>\t\t\t\t\t\t<a href=\"https:\/\/les-atypiques-chalets.com\/de\/chalet-charkhan\/\" class=\"shb-accommodation-listing-button1\">\u00e0 partir de 225\u20ac\/Nuit<\/a>\n\t\t\t\t\t\t<a href=\"https:\/\/les-atypiques-chalets.com\/de\/chalet-charkhan\/\" class=\"shb-accommodation-listing-button2\">Zimmer anzeigen<i class=\"fas fa-chevron-right\"><\/i><\/a>\n\t\t\t\t\t<\/div>\n\t\t\t\t\n\t\t\t\t<\/div>\n\t\t\t\n\t\t\t<!-- END .shb-accommodation-listing-item -->\n\t\t\t<\/div>\n\t\t\n\t\t\t\t\n\t\t\t<!-- BEGIN .shb-accommodation-listing-item -->\n\t\t\t<div class=\"shb-accommodation-listing-item\">\n\t\t\t\n\t\t\t\t\t\t\t\t\t<a href=\"https:\/\/les-atypiques-chalets.com\/de\/chalet-aslan\/\" rel=\"bookmark\" title=\"Chalet Aslan\">\n\t\t\t\t\t\t\t\t\t\t\t\t<img decoding=\"async\" class=\"shb-accommodation-listing-image\" src=\"https:\/\/les-atypiques-chalets.com\/wp-content\/uploads\/2025\/03\/ASLAN-2-900x710.webp\" alt=\"Chalet Aslan\" \/>\t\t\t\t\t<\/a>\n\t\t\t\t\t\t\t\n\t\t\t\t<div class=\"shb-accommodation-listing-description-wrapper\">\n\t\t\t\t\n\t\t\t\t\t<h3><a href=\"https:\/\/les-atypiques-chalets.com\/de\/chalet-aslan\/\" rel=\"bookmark\" title=\"Chalet Aslan\">Chalet Aslan<\/a><\/h3>\n\t\t\t\t\n\t\t\t\t\t<div class=\"shb-accommodation-listing-description shb-clearfix\">\n\t\t\t\t\t\t<ul>\r\n<li><i class=\"fas fa-user\"><\/i><span>Capacit\u00e9 :<\/span> 5 personnes<\/li>\r\n<li><i class=\"fas fa-ruler-combined\"><\/i><span>Superficie :<\/span> 65 m2<\/li>\r\n<li><i class=\"fas fa-hot-tub\"><\/i><span> Bain Nordique :<\/span> privatif<\/li>\r\n<\/ul>\t\t\t\t\t\t<a href=\"https:\/\/les-atypiques-chalets.com\/de\/chalet-aslan\/\" class=\"shb-accommodation-listing-button1\">\u00e0 partir de 215\u20ac\/Nuit<\/a>\n\t\t\t\t\t\t<a href=\"https:\/\/les-atypiques-chalets.com\/de\/chalet-aslan\/\" class=\"shb-accommodation-listing-button2\">Zimmer anzeigen<i class=\"fas fa-chevron-right\"><\/i><\/a>\n\t\t\t\t\t<\/div>\n\t\t\t\t\n\t\t\t\t<\/div>\n\t\t\t\n\t\t\t<!-- END .shb-accommodation-listing-item -->\n\t\t\t<\/div>\n\t\t\n\t\t\t\t\n\t\t\t<!-- BEGIN .shb-accommodation-listing-item -->\n\t\t\t<div class=\"shb-accommodation-listing-item\">\n\t\t\t\n\t\t\t\t\t\t\t\t\t<a href=\"https:\/\/les-atypiques-chalets.com\/de\/chalet-iorik\/\" rel=\"bookmark\" title=\"Chalet Iorik\">\n\t\t\t\t\t\t\t\t\t\t\t\t<img decoding=\"async\" class=\"shb-accommodation-listing-image\" src=\"https:\/\/les-atypiques-chalets.com\/wp-content\/uploads\/2025\/09\/iorik-sejour-L-1024x710.webp\" alt=\"Chalet Iorik\" \/>\t\t\t\t\t<\/a>\n\t\t\t\t\t\t\t\n\t\t\t\t<div class=\"shb-accommodation-listing-description-wrapper\">\n\t\t\t\t\n\t\t\t\t\t<h3><a href=\"https:\/\/les-atypiques-chalets.com\/de\/chalet-iorik\/\" rel=\"bookmark\" title=\"Chalet Iorik\">Chalet Iorik<\/a><\/h3>\n\t\t\t\t\n\t\t\t\t\t<div class=\"shb-accommodation-listing-description shb-clearfix\">\n\t\t\t\t\t\t<ul>\r\n<li><i class=\"fas fa-user\"><\/i><span>Capacit\u00e9 :<\/span> 4 personnes<\/li>\r\n<li><i class=\"fas fa-ruler-combined\"><\/i><span>Superficie :<\/span> 45 m2<\/li>\r\n<li><i class=\"fas fa-hot-tub\"><\/i><span> Bain Nordique :<\/span> privatif<\/li>\r\n<\/ul>\t\t\t\t\t\t<a href=\"https:\/\/les-atypiques-chalets.com\/de\/chalet-iorik\/\" class=\"shb-accommodation-listing-button1\">\u00e0 partir de 170\u20ac\/Nuit<\/a>\n\t\t\t\t\t\t<a href=\"https:\/\/les-atypiques-chalets.com\/de\/chalet-iorik\/\" class=\"shb-accommodation-listing-button2\">Zimmer anzeigen<i class=\"fas fa-chevron-right\"><\/i><\/a>\n\t\t\t\t\t<\/div>\n\t\t\t\t\n\t\t\t\t<\/div>\n\t\t\t\n\t\t\t<!-- END .shb-accommodation-listing-item -->\n\t\t\t<\/div>\n\t\t\n\t\t\t\t\t\n\t\t<!-- END .shb-accommodation-listing-style-1 -->\n\t\t<\/div>\n\t\n\t\t\n\t\t\t\n\t\t<div class=\"shb-clearboth\"><\/div>\n\t\t<div class=\"shb-accommodation-listing-1-pagination\">\n\t\t\t\t<\/div>\n\t\t\n\t\t\n\t<div class=\"vc_empty_space\"   style=\"height: 32px\"><span class=\"vc_empty_space_inner\"><\/span><\/div><\/div><\/div><\/div><\/div><div class=\"vc_row wpb_row vc_row-fluid\"><div class=\"wpb_column vc_column_container vc_col-sm-12\"><div class=\"vc_column-inner\"><div class=\"wpb_wrapper\">\n\t<div class=\"wpb_text_column wpb_content_element\" >\n\t\t<div class=\"wpb_wrapper\">\n\t\t\t<article class=\"w-full text-token-text-primary focus-visible:outline-2 focus-visible:outline-offset-&#091;-4px&#093; sm:AIPRM__conversation__response\" dir=\"auto\" data-testid=\"conversation-turn-7\" data-scroll-anchor=\"false\">\n<div class=\"text-base py-&#091;18px&#093; px-3 md:px-4 m-auto w-full md:px-5 lg:px-1 xl:px-5\">\n<div class=\"mx-auto flex flex-1 gap-4 text-base md:gap-5 lg:gap-6 md:max-w-3xl lg:max-w-&#091;40rem&#093; xl:max-w-&#091;48rem&#093;\">\n<div class=\"group\/conversation-turn relative flex w-full min-w-0 flex-col agent-turn\">\n<div class=\"flex-col gap-1 md:gap-3\">\n<div class=\"flex max-w-full flex-col flex-grow AIPRM__conversation__response\">\n<div class=\"min-h-&#091;20px&#093; text-message flex w-full flex-col items-end gap-2 whitespace-normal break-words &#091;.text-message+&amp;&#093;:mt-5\" dir=\"auto\" data-message-author-role=\"assistant\" data-message-id=\"08ff1a67-e8fe-4640-b2af-0e74ab8ea162\">\n<div class=\"flex w-full flex-col gap-1 empty:hidden first:pt-&#091;3px&#093;\">\n<div class=\"markdown prose w-full break-words dark:prose-invert light\">\n<h3><strong>Introduction<\/strong><\/h3>\n<hr \/>\n<p>Les Vosges, avec leurs paysages montagneux, leurs lacs scintillants et leurs for\u00eats denses, offrent un cadre id\u00e9al pour les amateurs de randonn\u00e9e. Le d\u00e9partement des Vosges, aussi appel\u00e9 le \u00ab\u00a088\u00a0\u00bb, est un v\u00e9ritable paradis pour les randonneurs de tous niveaux. Cet article explore les plus belles randonn\u00e9es du 88, chacune offrant des panoramas inoubliables, des d\u00e9couvertes naturelles exceptionnelles et une immersion totale dans la nature vosgienne.<\/p>\n<hr \/>\n<p>&nbsp;<\/p>\n<\/div>\n<\/div>\n<\/div>\n<\/div>\n<\/div>\n<\/div>\n<\/div>\n<\/div>\n<\/article>\n\n\t\t<\/div>\n\t<\/div>\n<\/div><\/div><\/div><\/div><div data-vc-full-width=\"true\" data-vc-full-width-init=\"false\" class=\"vc_row wpb_row vc_row-fluid vc_custom_1734340795230 vc_row-has-fill\"><div class=\"wpb_column vc_column_container vc_col-sm-12\"><div class=\"vc_column-inner\"><div class=\"wpb_wrapper\">\n\t<div class=\"wpb_text_column wpb_content_element\" >\n\t\t<div class=\"wpb_wrapper\">\n\t\t\t<h3><span style=\"color: #ffffff;\">Notre coup de c\u0153ur, le Saut des Cuves<\/span><\/h3>\n<hr \/>\n<p><span style=\"color: #ffffff;\">\ud83c\udf1f\ud83c\udf1f\ud83c\udf1f\ud83c\udf1f\ud83c\udf1f<\/span><\/p>\n<p><span style=\"color: #ffffff;\"><strong>Un lieu enchanteur \u00e0 proximit\u00e9 des <a href=\"https:\/\/les-atypiques-chalets.com\/les-atypiques-chalets-a-gerardmer-un-sejour-atypique-dans-les-vosges\/\"  data-wpil-monitor-id=\"1507\">Atypiques Chalets<\/a> !<\/strong><\/span><\/p>\n<p><span style=\"color: #ffffff;\"><a style=\"color: #ffffff;\" href=\"https:\/\/maps.app.goo.gl\/9Uycip7ESTd3TgqV7\" target=\"_blank\" rel=\"noopener nofollow\">Le saut des cuves<\/a>, situ\u00e9e \u00e0 seulement 10 km des Atypiques Chalets, est un v\u00e9ritable joyau naturel. Entre le bruit apaisant de l&rsquo;eau qui s&rsquo;\u00e9coule et la beaut\u00e9 verdoyante de la for\u00eat environnante, cet endroit offre une exp\u00e9rience ressour\u00e7ante et d\u00e9paysante.<\/span><\/p>\n<p><span style=\"color: #ffffff;\">En s\u00e9journant aux Atypiques Chalets, vous \u00eates id\u00e9alement plac\u00e9s pour explorer cette merveille de la <a href=\"https:\/\/les-atypiques-chalets.com\/les-meilleurs-spots-pour-le-parapente-dans-la-region-de-gerardmer\/\" data-wpil-monitor-id=\"2033\">r\u00e9gion de G\u00e9rardmer<\/a>. Apr\u00e8s une balade revigorante, rien de tel que de retrouver le confort et le charme des chalets, parfaitement \u00e9quip\u00e9s et con\u00e7us pour un s\u00e9jour relaxant.<\/span><\/p>\n<p><span style=\"color: #ffffff;\">Je recommande vivement cette escapade nature et ce lieu unique \u00e0 tous les amoureux de la tranquillit\u00e9 et des paysages authentiques. Un incontournable !<\/span><\/p>\n<hr \/>\n\n\t\t<\/div>\n\t<\/div>\n<div class=\"vc_row wpb_row vc_inner vc_row-fluid\"><div class=\"wpb_column vc_column_container vc_col-sm-3\"><div class=\"vc_column-inner\"><div class=\"wpb_wrapper\">\n\t<div  class=\"wpb_single_image wpb_content_element vc_align_left wpb_content_element\">\n\t\t\n\t\t<figure class=\"wpb_wrapper vc_figure\">\n\t\t\t<a class=\"vc_single_image-wrapper   vc_box_border_grey\" data-lightbox=\"lightbox[rel-9919-3621879651]\" href=\"https:\/\/les-atypiques-chalets.com\/wp-content\/uploads\/2024\/11\/yep.webp\" target=\"_self\"><img decoding=\"async\" width=\"562\" height=\"1000\" src=\"https:\/\/les-atypiques-chalets.com\/wp-content\/uploads\/2024\/11\/yep.webp\" class=\"vc_single_image-img attachment-full\" alt=\"Vue en gros plan de la cascade du Saut des Loups dans une for\u00eat vosgienne, entour\u00e9e de rochers recouverts de mousse.\" title=\"Cascade du Saut des Loups \u2013 Nature et S\u00e9r\u00e9nit\u00e9 dans les Vosges\" srcset=\"https:\/\/les-atypiques-chalets.com\/wp-content\/uploads\/2024\/11\/yep.webp 562w, https:\/\/les-atypiques-chalets.com\/wp-content\/uploads\/2024\/11\/yep-169x300.webp 169w, https:\/\/les-atypiques-chalets.com\/wp-content\/uploads\/2024\/11\/yep-56x100.webp 56w\" sizes=\"(max-width: 562px) 100vw, 562px\" \/><\/a>\n\t\t<\/figure>\n\t<\/div>\n<\/div><\/div><\/div><div class=\"wpb_column vc_column_container vc_col-sm-3\"><div class=\"vc_column-inner\"><div class=\"wpb_wrapper\">\n\t<div  class=\"wpb_single_image wpb_content_element vc_align_left wpb_content_element\">\n\t\t\n\t\t<figure class=\"wpb_wrapper vc_figure\">\n\t\t\t<a class=\"vc_single_image-wrapper   vc_box_border_grey\" data-lightbox=\"lightbox[rel-9919-2062784458]\" href=\"https:\/\/les-atypiques-chalets.com\/wp-content\/uploads\/2024\/11\/yep2.webp\" target=\"_self\"><img decoding=\"async\" width=\"562\" height=\"1000\" src=\"https:\/\/les-atypiques-chalets.com\/wp-content\/uploads\/2024\/11\/yep2.webp\" class=\"vc_single_image-img attachment-full\" alt=\"La cascade du Saut des Loups entour\u00e9e de v\u00e9g\u00e9tation luxuriante, avec des rochers couverts de mousse et une lumi\u00e8re naturelle filtrant \u00e0 travers les arbres.\" title=\"D\u00e9couverte de la Cascade du Saut des Loups pr\u00e8s de G\u00e9rardmer\" srcset=\"https:\/\/les-atypiques-chalets.com\/wp-content\/uploads\/2024\/11\/yep2.webp 562w, https:\/\/les-atypiques-chalets.com\/wp-content\/uploads\/2024\/11\/yep2-169x300.webp 169w, https:\/\/les-atypiques-chalets.com\/wp-content\/uploads\/2024\/11\/yep2-56x100.webp 56w\" sizes=\"(max-width: 562px) 100vw, 562px\" \/><\/a>\n\t\t<\/figure>\n\t<\/div>\n<\/div><\/div><\/div><div class=\"wpb_column vc_column_container vc_col-sm-3\"><div class=\"vc_column-inner\"><div class=\"wpb_wrapper\">\n\t<div  class=\"wpb_single_image wpb_content_element vc_align_left wpb_content_element\">\n\t\t\n\t\t<figure class=\"wpb_wrapper vc_figure\">\n\t\t\t<a class=\"vc_single_image-wrapper   vc_box_border_grey\" data-lightbox=\"lightbox[rel-9919-3236906411]\" href=\"https:\/\/les-atypiques-chalets.com\/wp-content\/uploads\/2024\/11\/yep3-576x1024.webp\" target=\"_self\"><img decoding=\"async\" width=\"2030\" height=\"3612\" src=\"https:\/\/les-atypiques-chalets.com\/wp-content\/uploads\/2024\/11\/yep3.webp\" class=\"vc_single_image-img attachment-full\" alt=\"Une vue pittoresque de la cascade du Saut des Loups avec un pont de pierre en arri\u00e8re-plan et des rayons de soleil traversant la for\u00eat.\" title=\"Cascade du Saut des Loups \u2013 S\u00e9r\u00e9nit\u00e9 et Paysages Vosgiens\" srcset=\"https:\/\/les-atypiques-chalets.com\/wp-content\/uploads\/2024\/11\/yep3.webp 2030w, https:\/\/les-atypiques-chalets.com\/wp-content\/uploads\/2024\/11\/yep3-169x300.webp 169w, https:\/\/les-atypiques-chalets.com\/wp-content\/uploads\/2024\/11\/yep3-576x1024.webp 576w, https:\/\/les-atypiques-chalets.com\/wp-content\/uploads\/2024\/11\/yep3-768x1367.webp 768w, https:\/\/les-atypiques-chalets.com\/wp-content\/uploads\/2024\/11\/yep3-863x1536.webp 863w, https:\/\/les-atypiques-chalets.com\/wp-content\/uploads\/2024\/11\/yep3-1151x2048.webp 1151w, https:\/\/les-atypiques-chalets.com\/wp-content\/uploads\/2024\/11\/yep3-56x100.webp 56w, https:\/\/les-atypiques-chalets.com\/wp-content\/uploads\/2024\/11\/yep3-600x1068.webp 600w\" sizes=\"(max-width: 2030px) 100vw, 2030px\" \/><\/a>\n\t\t<\/figure>\n\t<\/div>\n<\/div><\/div><\/div><div class=\"wpb_column vc_column_container vc_col-sm-3\"><div class=\"vc_column-inner\"><div class=\"wpb_wrapper\">\n\t<div class=\"wpb_text_column wpb_content_element\" >\n\t\t<div class=\"wpb_wrapper\">\n\t\t\t<p><iframe style=\"border: 0;\" src=\"https:\/\/www.google.com\/maps\/embed?pb=!1m18!1m12!1m3!1d5330.635517498211!2d6.905166152028565!3d48.084810334950895!2m3!1f0!2f0!3f0!3m2!1i1024!2i768!4f13.1!3m3!1m2!1s0x4793c43b17d155c5%3A0x3f5d199008155ba3!2sSaut%20des%20Cuves!5e0!3m2!1sfr!2sfr!4v1734339453151!5m2!1sfr!2sfr\" width=\"600\" height=\"450\" allowfullscreen=\"allowfullscreen\"><\/iframe><\/p>\n\n\t\t<\/div>\n\t<\/div>\n<\/div><\/div><\/div><\/div><\/div><\/div><\/div><\/div><div class=\"vc_row-full-width vc_clearfix\"><\/div><div class=\"vc_row wpb_row vc_row-fluid\"><div class=\"wpb_column vc_column_container vc_col-sm-12\"><div class=\"vc_column-inner\"><div class=\"wpb_wrapper\">\n\t<div  class=\"wpb_single_image wpb_content_element vc_align_left wpb_content_element\">\n\t\t\n\t\t<figure class=\"wpb_wrapper vc_figure\">\n\t\t\t<a class=\"vc_single_image-wrapper   vc_box_border_grey\" data-lightbox=\"lightbox[rel-9919-2484575004]\" href=\"https:\/\/les-atypiques-chalets.com\/wp-content\/uploads\/2024\/11\/gerardmer.webp\" target=\"_self\"><img decoding=\"async\" width=\"1000\" height=\"563\" src=\"https:\/\/les-atypiques-chalets.com\/wp-content\/uploads\/2024\/11\/gerardmer.webp\" class=\"vc_single_image-img attachment-full\" alt=\"Vue du lac de G\u00e9rardmer, entour\u00e9 de for\u00eats et de montagnes dans les Vosges\" title=\"Vue panoramique du lac de G\u00e9rardmer entour\u00e9 de for\u00eats vosgiennes\" srcset=\"https:\/\/les-atypiques-chalets.com\/wp-content\/uploads\/2024\/11\/gerardmer.webp 1000w, https:\/\/les-atypiques-chalets.com\/wp-content\/uploads\/2024\/11\/gerardmer-300x169.webp 300w, https:\/\/les-atypiques-chalets.com\/wp-content\/uploads\/2024\/11\/gerardmer-768x432.webp 768w, https:\/\/les-atypiques-chalets.com\/wp-content\/uploads\/2024\/11\/gerardmer-100x56.webp 100w, https:\/\/les-atypiques-chalets.com\/wp-content\/uploads\/2024\/11\/gerardmer-600x338.webp 600w\" sizes=\"(max-width: 1000px) 100vw, 1000px\" \/><\/a>\n\t\t<\/figure>\n\t<\/div>\n\n\t<div class=\"wpb_text_column wpb_content_element\" >\n\t\t<div class=\"wpb_wrapper\">\n\t\t\t<h3><strong>1. Le tour du lac de G\u00e9rardmer<\/strong><\/h3>\n<hr \/>\n<p><strong>Distance<\/strong> : 5,3 km<br \/>\n<strong>Difficult\u00e9<\/strong> : Facile<\/p>\n<p>La <a href=\"https:\/\/les-atypiques-chalets.com\/randonnee-en-montagne-une-aventure-inoubliable\/\" data-wpil-monitor-id=\"891\">randonn\u00e9e autour du lac de G\u00e9rardmer<\/a> est une promenade agr\u00e9able et accessible \u00e0 tous, avec une vue panoramique sur les eaux cristallines du lac et les for\u00eats verdoyantes. C\u2019est l\u2019endroit parfait pour une sortie <a href=\"https:\/\/les-atypiques-chalets.com\/les-activites-familiales-autour-de-gerardmer-suggestions-dactivites-et-de-sorties-adaptees-aux-familles-avec-enfants-dans-la-region\/\" data-wpil-monitor-id=\"890\">en famille<\/a> ou entre amis, tout en profitant d\u2019une ambiance paisible et relaxante.<\/p>\n\n\t\t<\/div>\n\t<\/div>\n<\/div><\/div><\/div><\/div><div data-vc-full-width=\"true\" data-vc-full-width-init=\"false\" class=\"vc_row wpb_row vc_row-fluid vc_custom_1734341021917 vc_row-has-fill\"><div class=\"wpb_column vc_column_container vc_col-sm-12\"><div class=\"vc_column-inner\"><div class=\"wpb_wrapper\">\n\t<div class=\"wpb_text_column wpb_content_element\" >\n\t\t<div class=\"wpb_wrapper\">\n\t\t\t<h3><span style=\"color: #ffffff;\"><strong>2. Le Saut de la Bourrique<\/strong><\/span><\/h3>\n<hr \/>\n<p><span style=\"color: #ffffff;\"><strong>Distance<\/strong> : 8,6 km<\/span><br \/>\n<span style=\"color: #ffffff;\"><strong>Difficult\u00e9<\/strong> : Moyenne<\/span><\/p>\n<p><span style=\"color: #ffffff;\">Cette randonn\u00e9e m\u00e8ne \u00e0 une magnifique cascade, le Saut de la Bourrique, id\u00e9ale pour les familles qui souhaitent <a style=\"color: #ffffff;\" href=\"https:\/\/les-atypiques-chalets.com\/week-end-en-amoureux-decouvrez-les-vosges-a-deux-dans-des-chalets-atypiques\/\" data-wpil-monitor-id=\"976\">d\u00e9couvrir la beaut\u00e9 des Vosges<\/a>. Le chemin offre des passages bois\u00e9s, des petites clairi\u00e8res, et un d\u00e9paysement total au c\u0153ur de la nature.<\/span><\/p>\n<p><span style=\"color: #ffffff;\"><a style=\"color: #ffffff;\" href=\"https:\/\/maps.app.goo.gl\/YStAYrS56Rv6Xtfk9\" target=\"_blank\" rel=\"noopener nofollow\">google map<\/a><\/span><\/p>\n\n\t\t<\/div>\n\t<\/div>\n<div class=\"vc_row wpb_row vc_inner vc_row-fluid\"><div class=\"wpb_column vc_column_container vc_col-sm-4\"><div class=\"vc_column-inner\"><div class=\"wpb_wrapper\">\n\t<div  class=\"wpb_single_image wpb_content_element vc_align_left wpb_content_element\">\n\t\t\n\t\t<figure class=\"wpb_wrapper vc_figure\">\n\t\t\t<a class=\"vc_single_image-wrapper   vc_box_border_grey\" data-lightbox=\"lightbox[rel-9919-146400189]\" href=\"https:\/\/les-atypiques-chalets.com\/wp-content\/uploads\/2024\/11\/la-bourrique.webp\" target=\"_self\"><img decoding=\"async\" width=\"562\" height=\"1000\" src=\"https:\/\/les-atypiques-chalets.com\/wp-content\/uploads\/2024\/11\/la-bourrique.webp\" class=\"vc_single_image-img attachment-full\" alt=\"Vue en contre-plong\u00e9e d\u2019un pont en bois surplombant un ruisseau menant \u00e0 la cascade du Saut de la Bourrique, entour\u00e9 de v\u00e9g\u00e9tation.\" title=\"Pont de Bois et Cascade du Saut de la Bourrique\" srcset=\"https:\/\/les-atypiques-chalets.com\/wp-content\/uploads\/2024\/11\/la-bourrique.webp 562w, https:\/\/les-atypiques-chalets.com\/wp-content\/uploads\/2024\/11\/la-bourrique-169x300.webp 169w, https:\/\/les-atypiques-chalets.com\/wp-content\/uploads\/2024\/11\/la-bourrique-56x100.webp 56w\" sizes=\"(max-width: 562px) 100vw, 562px\" \/><\/a>\n\t\t<\/figure>\n\t<\/div>\n<\/div><\/div><\/div><div class=\"wpb_column vc_column_container vc_col-sm-4\"><div class=\"vc_column-inner\"><div class=\"wpb_wrapper\">\n\t<div  class=\"wpb_single_image wpb_content_element vc_align_left wpb_content_element\">\n\t\t\n\t\t<figure class=\"wpb_wrapper vc_figure\">\n\t\t\t<a class=\"vc_single_image-wrapper   vc_box_border_grey\" data-lightbox=\"lightbox[rel-9919-3097840994]\" href=\"https:\/\/les-atypiques-chalets.com\/wp-content\/uploads\/2024\/11\/la-bourrique2.webp\" target=\"_self\"><img decoding=\"async\" width=\"562\" height=\"1000\" src=\"https:\/\/les-atypiques-chalets.com\/wp-content\/uploads\/2024\/11\/la-bourrique2.webp\" class=\"vc_single_image-img attachment-full\" alt=\"Cascade du Saut de la Bourrique, entour\u00e9e de verdure luxuriante et de rochers dans une for\u00eat vosgienne.\" title=\"Cascade du Saut de la Bourrique \u2013 Beaut\u00e9 Naturelle des Vosges\" srcset=\"https:\/\/les-atypiques-chalets.com\/wp-content\/uploads\/2024\/11\/la-bourrique2.webp 562w, https:\/\/les-atypiques-chalets.com\/wp-content\/uploads\/2024\/11\/la-bourrique2-169x300.webp 169w, https:\/\/les-atypiques-chalets.com\/wp-content\/uploads\/2024\/11\/la-bourrique2-56x100.webp 56w\" sizes=\"(max-width: 562px) 100vw, 562px\" \/><\/a>\n\t\t<\/figure>\n\t<\/div>\n<\/div><\/div><\/div><div class=\"wpb_column vc_column_container vc_col-sm-4\"><div class=\"vc_column-inner\"><div class=\"wpb_wrapper\">\n\t<div class=\"wpb_text_column wpb_content_element\" >\n\t\t<div class=\"wpb_wrapper\">\n\t\t\t<p><iframe style=\"border: 0;\" src=\"https:\/\/www.google.com\/maps\/embed?pb=!1m18!1m12!1m3!1d10669.060531914853!2d6.832369815569828!3d48.04721833271613!2m3!1f0!2f0!3f0!3m2!1i1024!2i768!4f13.1!3m3!1m2!1s0x4793c6325f1a69bd%3A0x2fe75c0b14b2b8fc!2sSaut%20de%20la%20Bourrique!5e0!3m2!1sfr!2sfr!4v1734162787737!5m2!1sfr!2sfr\" width=\"600\" height=\"450\" allowfullscreen=\"allowfullscreen\"><\/iframe><\/p>\n\n\t\t<\/div>\n\t<\/div>\n<\/div><\/div><\/div><\/div><\/div><\/div><\/div><\/div><div class=\"vc_row-full-width vc_clearfix\"><\/div><div class=\"vc_row wpb_row vc_row-fluid\"><div class=\"wpb_column vc_column_container vc_col-sm-12\"><div class=\"vc_column-inner\"><div class=\"wpb_wrapper\">\n\t<div class=\"wpb_text_column wpb_content_element\" >\n\t\t<div class=\"wpb_wrapper\">\n\t\t\t<h3><strong>3. L\u2019ascension du Donon<\/strong><\/h3>\n<hr \/>\n<p><strong>Distance<\/strong> : 4,8 km<br \/>\n<strong>Difficult\u00e9<\/strong> : Moyenne \u00e0 Difficile<\/p>\n<p>Le Donon est l&rsquo;un des sommets embl\u00e9matiques des Vosges du Nord, offrant des <a href=\"https:\/\/les-atypiques-chalets.com\/meilleurs-restaurants-gerardmer-tour-culinaire\/\" data-wpil-monitor-id=\"1972\">vues panoramiques<\/a> incroyables et des vestiges gallo-romains en cours de route. Cette randonn\u00e9e est id\u00e9ale pour les amateurs d\u2019histoire et de beaux paysages, avec une ascension mod\u00e9r\u00e9e mais gratifiante.<\/p>\n<p><a href=\"https:\/\/www.visorando.com\/randonnee-le-donon.html\" target=\"_blank\" rel=\"noopener nofollow\">https:\/\/www.visorando.com\/randonnee-le-donon.htm<\/a>l<\/p>\n\n\t\t<\/div>\n\t<\/div>\n<\/div><\/div><\/div><\/div><div data-vc-full-width=\"true\" data-vc-full-width-init=\"false\" class=\"vc_row wpb_row vc_row-fluid vc_custom_1734341306840 vc_row-has-fill\"><div class=\"wpb_column vc_column_container vc_col-sm-12\"><div class=\"vc_column-inner\"><div class=\"wpb_wrapper\">\n\t<div class=\"wpb_text_column wpb_content_element\" >\n\t\t<div class=\"wpb_wrapper\">\n\t\t\t<h3><span style=\"color: #ffffff;\"><strong>4. Les lacs du Neuweiher et de Gresson<\/strong><\/span><\/h3>\n<hr \/>\n<p><span style=\"color: #ffffff;\"><strong>Distance<\/strong> : 8 km<\/span><br \/>\n<span style=\"color: #ffffff;\"><strong>Difficult\u00e9<\/strong> : Moyenne<\/span><\/p>\n<p><span style=\"color: #ffffff;\">Cette boucle permet de d\u00e9couvrir les lacs glaciaires du Neuweiher et de Gresson, nich\u00e9s dans un cadre naturel pr\u00e9serv\u00e9. Ces lacs offrent un spectacle unique, avec leurs eaux pures et les montagnes en arri\u00e8re-plan, un endroit parfait pour une pause pique-nique.<\/span><\/p>\n<p><span style=\"color: #ffffff;\"><a style=\"color: #ffffff;\" href=\"https:\/\/www.visorando.com\/randonnee-lacs-du-neuweiher-et-gresson\/\" target=\"_blank\" rel=\"noopener nofollow\">https:\/\/www.visorando.com\/randonnee-lacs-du-neuweiher-et-gresson\/<\/a><\/span><\/p>\n\n\t\t<\/div>\n\t<\/div>\n<\/div><\/div><\/div><\/div><div class=\"vc_row-full-width vc_clearfix\"><\/div><div class=\"vc_row wpb_row vc_row-fluid\"><div class=\"wpb_column vc_column_container vc_col-sm-12\"><div class=\"vc_column-inner\"><div class=\"wpb_wrapper\">\n\t<div class=\"wpb_text_column wpb_content_element\" >\n\t\t<div class=\"wpb_wrapper\">\n\t\t\t<h3><strong>5. La cascade de la Pissoire et le Haut du T\u00f4t<\/strong><\/h3>\n<hr \/>\n<p><strong>Distance<\/strong> : 6,2 km<br \/>\n<strong>Difficult\u00e9<\/strong> : Facile \u00e0 Moyenne<\/p>\n<p>Le Haut du T\u00f4t est le plus haut village des <a href=\"https:\/\/les-atypiques-chalets.com\/decouverte-du-champ-de-roches-pres-de-gerardmer-hebergement-unique-aux-atypiques-chalets\/\" data-wpil-monitor-id=\"892\">Vosges et cette randonn\u00e9e<\/a> vous m\u00e8ne \u00e0 la superbe cascade de la Pissoire. Les sentiers offrent de nombreux points de vue spectaculaires, et la promenade est agr\u00e9ment\u00e9e par le charme de ce petit village vosgien.<\/p>\n<p><a href=\"https:\/\/www.visorando.com\/randonnee-cascade-de-la-pissoire-et-haut-du-tot\/\" target=\"_blank\" rel=\"noopener nofollow\">https:\/\/www.visorando.com\/randonnee-cascade-de-la-pissoire-et-haut-du-tot\/<\/a><\/p>\n\n\t\t<\/div>\n\t<\/div>\n<div class=\"vc_row wpb_row vc_inner vc_row-fluid\"><div class=\"wpb_column vc_column_container vc_col-sm-4\"><div class=\"vc_column-inner\"><div class=\"wpb_wrapper\">\n\t<div  class=\"wpb_single_image wpb_content_element vc_align_left wpb_content_element\">\n\t\t\n\t\t<figure class=\"wpb_wrapper vc_figure\">\n\t\t\t<a class=\"vc_single_image-wrapper   vc_box_border_grey\" data-lightbox=\"lightbox[rel-9919-3049189135]\" href=\"https:\/\/les-atypiques-chalets.com\/wp-content\/uploads\/2024\/11\/cascade-de-la-pissoire.webp\" target=\"_self\"><img decoding=\"async\" width=\"562\" height=\"1000\" src=\"https:\/\/les-atypiques-chalets.com\/wp-content\/uploads\/2024\/11\/cascade-de-la-pissoire.webp\" class=\"vc_single_image-img attachment-full\" alt=\"Cascade de la Pissoire dans les Vosges\" title=\"Vue de la Cascade de la Pissoire entour\u00e9e de for\u00eat dans les Vosges\" srcset=\"https:\/\/les-atypiques-chalets.com\/wp-content\/uploads\/2024\/11\/cascade-de-la-pissoire.webp 562w, https:\/\/les-atypiques-chalets.com\/wp-content\/uploads\/2024\/11\/cascade-de-la-pissoire-169x300.webp 169w, https:\/\/les-atypiques-chalets.com\/wp-content\/uploads\/2024\/11\/cascade-de-la-pissoire-56x100.webp 56w\" sizes=\"(max-width: 562px) 100vw, 562px\" \/><\/a>\n\t\t<\/figure>\n\t<\/div>\n<\/div><\/div><\/div><div class=\"wpb_column vc_column_container vc_col-sm-4\"><div class=\"vc_column-inner\"><div class=\"wpb_wrapper\">\n\t<div class=\"wpb_text_column wpb_content_element\" >\n\t\t<div class=\"wpb_wrapper\">\n\t\t\t<p><iframe style=\"border: 0;\" src=\"https:\/\/www.google.com\/maps\/embed?pb=!1m18!1m12!1m3!1d10668.473858542398!2d6.735960815571971!3d48.05005038193221!2m3!1f0!2f0!3f0!3m2!1i1024!2i768!4f13.1!3m3!1m2!1s0x4793b82d13acedb7%3A0x267b38f715d868a!2sCascade%20de%20la%20Pissoire!5e0!3m2!1sfr!2sfr!4v1734162621048!5m2!1sfr!2sfr\" width=\"600\" height=\"450\" allowfullscreen=\"allowfullscreen\"><\/iframe><\/p>\n\n\t\t<\/div>\n\t<\/div>\n<\/div><\/div><\/div><div class=\"wpb_column vc_column_container vc_col-sm-4\"><div class=\"vc_column-inner\"><div class=\"wpb_wrapper\"><\/div><\/div><\/div><\/div><\/div><\/div><\/div><\/div><div data-vc-full-width=\"true\" data-vc-full-width-init=\"false\" class=\"vc_row wpb_row vc_row-fluid vc_custom_1734341588926 vc_row-has-fill\"><div class=\"wpb_column vc_column_container vc_col-sm-12\"><div class=\"vc_column-inner\"><div class=\"wpb_wrapper\">\n\t<div class=\"wpb_text_column wpb_content_element\" >\n\t\t<div class=\"wpb_wrapper\">\n\t\t\t<h3><span style=\"color: #ffffff;\"><strong>6. Les cinq lacs autour du Kastelberg<\/strong><\/span><\/h3>\n<hr \/>\n<p><span style=\"color: #ffffff;\"><strong>Distance<\/strong> : 18,5 km<\/span><br \/>\n<span style=\"color: #ffffff;\"><strong>Difficult\u00e9<\/strong> : Difficile<\/span><\/p>\n<p><span style=\"color: #ffffff;\">Pour les randonneurs exp\u00e9riment\u00e9s, cette boucle autour du Kastelberg propose des vues sur cinq magnifiques <a style=\"color: #ffffff;\" href=\"https:\/\/les-atypiques-chalets.com\/sejour-romantique-a-gerardmer-avec-les-atypiques-chalets-chalets-saunas-et-bains-nordiques\/\" data-wpil-monitor-id=\"893\">lacs et des paysages<\/a> alpins. Ce parcours de grande envergure offre une immersion compl\u00e8te dans la nature et promet des panoramas exceptionnels.<\/span><\/p>\n<p><span style=\"color: #ffffff;\"><a style=\"color: #ffffff;\" href=\"https:\/\/www.visorando.com\/randonnee-cinq-lacs-autour-du-kastelberg\/\" target=\"_blank\" rel=\"noopener nofollow\">https:\/\/www.visorando.com\/randonnee-cinq-lacs-autour-du-kastelberg\/<\/a><\/span><\/p>\n\n\t\t<\/div>\n\t<\/div>\n<\/div><\/div><\/div><\/div><div class=\"vc_row-full-width vc_clearfix\"><\/div><div class=\"vc_row wpb_row vc_row-fluid\"><div class=\"wpb_column vc_column_container vc_col-sm-12\"><div class=\"vc_column-inner\"><div class=\"wpb_wrapper\">\n\t<div class=\"wpb_text_column wpb_content_element\" >\n\t\t<div class=\"wpb_wrapper\">\n\t\t\t<h3><strong>7. Le lac des Corbeaux et la Croix Louis<\/strong><\/h3>\n<hr \/>\n<p><strong>Distance<\/strong> : 4,5 km<br \/>\n<strong>Difficult\u00e9<\/strong> : Facile<\/p>\n<p>Cette courte <a href=\"https:\/\/les-atypiques-chalets.com\/les-meilleurs-itineraires-de-randonnee-autour-de-gerardmer\/\" data-wpil-monitor-id=\"895\">randonn\u00e9e autour<\/a> du lac des Corbeaux est parfaite pour une sortie rapide. Le lac glaciaire, entour\u00e9 de for\u00eats de sapins, est un cadre paisible pour une balade tranquille. Une fois arriv\u00e9 \u00e0 la Croix Louis, on peut admirer une vue panoramique sur le paysage vosgien.<\/p>\n<p><a href=\"https:\/\/www.visorando.com\/randonnee-lac-des-corbeaux-et-la-croix-louis\/\" target=\"_blank\" rel=\"noopener nofollow\">https:\/\/www.visorando.com\/randonnee-lac-des-corbeaux-et-la-croix-louis\/<\/a><\/p>\n\n\t\t<\/div>\n\t<\/div>\n<\/div><\/div><\/div><\/div><div data-vc-full-width=\"true\" data-vc-full-width-init=\"false\" class=\"vc_row wpb_row vc_row-fluid vc_custom_1734341621076 vc_row-has-fill\"><div class=\"wpb_column vc_column_container vc_col-sm-12\"><div class=\"vc_column-inner\"><div class=\"wpb_wrapper\">\n\t<div class=\"wpb_text_column wpb_content_element\" >\n\t\t<div class=\"wpb_wrapper\">\n\t\t\t<h3><span style=\"color: #ffffff;\"><strong>8. Le Hohneck<\/strong><\/span><\/h3>\n<hr \/>\n<p><span style=\"color: #ffffff;\"><strong>Altitude<\/strong> : 1 363 m\u00e8tres<\/span><br \/>\n<span style=\"color: #ffffff;\"><strong>Difficult\u00e9<\/strong> : Moyenne \u00e0 Difficile<\/span><\/p>\n<p><span style=\"color: #ffffff;\">Le Hohneck est le troisi\u00e8me plus haut sommet des <a href=\"https:\/\/les-atypiques-chalets.com\/tag\/vosges\/\" data-wpil-monitor-id=\"2186\">Vosges<\/a> et offre des vues imprenables sur les vall\u00e9es environnantes. Accessible par plusieurs sentiers, il convient \u00e0 diff\u00e9rents niveaux de randonneurs et constitue un passage incontournable pour les amateurs de grands espaces.<\/span><\/p>\n<p><span style=\"color: #ffffff;\"><a style=\"color: #ffffff;\" href=\"https:\/\/www.visorando.com\/randonnee-le-hohneck.html\" target=\"_blank\" rel=\"noopener nofollow\">https:\/\/www.visorando.com\/randonnee-le-hohneck.html<\/a><\/span><\/p>\n\n\t\t<\/div>\n\t<\/div>\n<\/div><\/div><\/div><\/div><div class=\"vc_row-full-width vc_clearfix\"><\/div><div class=\"vc_row wpb_row vc_row-fluid\"><div class=\"wpb_column vc_column_container vc_col-sm-12\"><div class=\"vc_column-inner\"><div class=\"wpb_wrapper\">\n\t<div class=\"wpb_text_column wpb_content_element\" >\n\t\t<div class=\"wpb_wrapper\">\n\t\t\t<h3><strong>9. Le Sentier des Roches<\/strong><\/h3>\n<hr \/>\n<p><strong>Distance<\/strong> : 7 km<br \/>\n<strong>Difficult\u00e9<\/strong> : Difficile<\/p>\n<p>Ce sentier spectaculaire relie le col de la Schlucht au Frankenthal. Connu pour ses passages escarp\u00e9s et ses vues impressionnantes, il est recommand\u00e9 aux randonneurs aguerris. C\u2019est l\u2019une des randonn\u00e9es les plus populaires des Vosges, offrant un parcours exaltant \u00e0 travers des paysages grandioses.<\/p>\n<p><a href=\"https:\/\/www.visorando.com\/randonnee-le-sentier-des-roches\/\" target=\"_blank\" rel=\"noopener nofollow\">https:\/\/www.visorando.com\/randonnee-le-sentier-des-roches\/<\/a><\/p>\n\n\t\t<\/div>\n\t<\/div>\n<div class=\"vc_row wpb_row vc_inner vc_row-fluid\"><div class=\"wpb_column vc_column_container vc_col-sm-6\"><div class=\"vc_column-inner\"><div class=\"wpb_wrapper\">\n\t<div  class=\"wpb_single_image wpb_content_element vc_align_left wpb_content_element\">\n\t\t\n\t\t<figure class=\"wpb_wrapper vc_figure\">\n\t\t\t<a class=\"vc_single_image-wrapper   vc_box_border_grey\" data-lightbox=\"lightbox[rel-9919-2073885811]\" href=\"https:\/\/les-atypiques-chalets.com\/wp-content\/uploads\/2024\/01\/ChampDeRoches-1-1024x683.webp\" target=\"_self\"><img decoding=\"async\" width=\"1800\" height=\"1200\" src=\"https:\/\/les-atypiques-chalets.com\/wp-content\/uploads\/2024\/01\/ChampDeRoches-1.webp\" class=\"vc_single_image-img attachment-full\" alt=\"Champ de Roches pittoresque pr\u00e8s de G\u00e9rardmer\" title=\"Beaut\u00e9 Naturelle du Champ de Roches\" srcset=\"https:\/\/les-atypiques-chalets.com\/wp-content\/uploads\/2024\/01\/ChampDeRoches-1.webp 1800w, https:\/\/les-atypiques-chalets.com\/wp-content\/uploads\/2024\/01\/ChampDeRoches-1-300x200.webp 300w, https:\/\/les-atypiques-chalets.com\/wp-content\/uploads\/2024\/01\/ChampDeRoches-1-1024x683.webp 1024w, https:\/\/les-atypiques-chalets.com\/wp-content\/uploads\/2024\/01\/ChampDeRoches-1-768x512.webp 768w, https:\/\/les-atypiques-chalets.com\/wp-content\/uploads\/2024\/01\/ChampDeRoches-1-1536x1024.webp 1536w, https:\/\/les-atypiques-chalets.com\/wp-content\/uploads\/2024\/01\/ChampDeRoches-1-100x67.webp 100w, https:\/\/les-atypiques-chalets.com\/wp-content\/uploads\/2024\/01\/ChampDeRoches-1-600x400.webp 600w\" sizes=\"(max-width: 1800px) 100vw, 1800px\" \/><\/a>\n\t\t<\/figure>\n\t<\/div>\n<\/div><\/div><\/div><div class=\"wpb_column vc_column_container vc_col-sm-6\"><div class=\"vc_column-inner\"><div class=\"wpb_wrapper\">\n\t<div class=\"wpb_text_column wpb_content_element\" >\n\t\t<div class=\"wpb_wrapper\">\n\t\t\t<p><iframe style=\"border: 0;\" src=\"https:\/\/www.google.com\/maps\/embed?pb=!1m18!1m12!1m3!1d2662.9651033252785!2d6.857251112171118!3d48.13019635155486!2m3!1f0!2f0!3f0!3m2!1i1024!2i768!4f13.1!3m3!1m2!1s0x4793c1c93049d86b%3A0xb6e61fdd9447d438!2sChamp%20de%20roches!5e0!3m2!1sfr!2sfr!4v1734162879426!5m2!1sfr!2sfr\" width=\"600\" height=\"450\" allowfullscreen=\"allowfullscreen\"><\/iframe><\/p>\n\n\t\t<\/div>\n\t<\/div>\n<\/div><\/div><\/div><\/div><\/div><\/div><\/div><\/div><div data-vc-full-width=\"true\" data-vc-full-width-init=\"false\" class=\"vc_row wpb_row vc_row-fluid vc_custom_1734341898353 vc_row-has-fill\"><div class=\"wpb_column vc_column_container vc_col-sm-12\"><div class=\"vc_column-inner\"><div class=\"wpb_wrapper\">\n\t<div class=\"wpb_text_column wpb_content_element\" >\n\t\t<div class=\"wpb_wrapper\">\n\t\t\t<h3><span style=\"color: #ffffff;\"><strong>10. Le Lac des Corbeaux<\/strong><\/span><\/h3>\n<hr \/>\n<p><span style=\"color: #ffffff;\"><strong>Distance<\/strong> : 3,5 km<\/span><br \/>\n<span style=\"color: #ffffff;\"><strong>Difficult\u00e9<\/strong> : Facile<\/span><\/p>\n<p><span style=\"color: #ffffff;\">Ce sentier m\u00e8ne \u00e0 un lac glaciaire entour\u00e9 de for\u00eats de sapins. Le cadre est paisible et parfait pour une promenade en famille, offrant une belle opportunit\u00e9 de d\u00e9couvrir la beaut\u00e9 naturelle des Vosges sans trop d\u2019effort.<\/span><\/p>\n<p><span style=\"color: #ffffff;\"><a style=\"color: #ffffff;\" href=\"https:\/\/www.visorando.com\/randonnee-lac-des-corbeaux.html\" target=\"_blank\" rel=\"noopener nofollow\">https:\/\/www.visorando.com\/randonnee-lac-des-corbeaux.html<\/a><\/span><\/p>\n\n\t\t<\/div>\n\t<\/div>\n<\/div><\/div><\/div><\/div><div class=\"vc_row-full-width vc_clearfix\"><\/div><div class=\"vc_row wpb_row vc_row-fluid\"><div class=\"wpb_column vc_column_container vc_col-sm-12\"><div class=\"vc_column-inner\"><div class=\"wpb_wrapper\">\n\t<div class=\"wpb_text_column wpb_content_element\" >\n\t\t<div class=\"wpb_wrapper\">\n\t\t\t<h3><strong>11. Les Cascades de Tendon<\/strong><\/h3>\n<hr \/>\n<p><strong>Distance<\/strong> : 2,5 km (aller-retour)<br \/>\n<strong>Difficult\u00e9<\/strong> : Facile<\/p>\n<p>Cette randonn\u00e9e facile vous permettra de d\u00e9couvrir les plus hautes chutes d&rsquo;eau des Vosges. Le sentier relie la Grande Cascade \u00e0 la Petite Cascade, offrant un spectacle naturel impressionnant accessible \u00e0 tous.<\/p>\n<p><a href=\"https:\/\/www.visorando.com\/randonnee-les-cascades-de-tendon\/\" target=\"_blank\" rel=\"noopener nofollow\">https:\/\/www.visorando.com\/randonnee-les-cascades-de-tendon\/<\/a><\/p>\n\n\t\t<\/div>\n\t<\/div>\n<\/div><\/div><\/div><\/div><div data-vc-full-width=\"true\" data-vc-full-width-init=\"false\" class=\"vc_row wpb_row vc_row-fluid vc_custom_1734341926829 vc_row-has-fill\"><div class=\"wpb_column vc_column_container vc_col-sm-12\"><div class=\"vc_column-inner\"><div class=\"wpb_wrapper\">\n\t<div class=\"wpb_text_column wpb_content_element\" >\n\t\t<div class=\"wpb_wrapper\">\n\t\t\t<h3><span style=\"color: #ffffff;\"><strong>12. Le Ballon d&rsquo;Alsace<\/strong><\/span><\/h3>\n<hr \/>\n<p><span style=\"color: #ffffff;\"><strong>Distance<\/strong> : Varie selon le sentier choisi<\/span><br \/>\n<span style=\"color: #ffffff;\"><strong>Difficult\u00e9<\/strong> : Moyenne \u00e0 Difficile<\/span><\/p>\n<p><span style=\"color: #ffffff;\">\u00c0 la fronti\u00e8re avec les Vosges, le Ballon d&rsquo;Alsace est un site de randonn\u00e9e offrant de nombreux sentiers, avec des panoramas spectaculaires sur les montagnes environnantes. Par temps clair, on peut m\u00eame apercevoir les Alpes au loin.<\/span><\/p>\n<p><span style=\"color: #ffffff;\"><a style=\"color: #ffffff;\" href=\"https:\/\/www.ballondalsace.fr\/ete\/activites\/randonnee.htm\" target=\"_blank\" rel=\"noopener nofollow\">https:\/\/www.ballondalsace.fr\/ete\/activites\/randonnee.htm<\/a><\/span><\/p>\n\n\t\t<\/div>\n\t<\/div>\n<\/div><\/div><\/div><\/div><div class=\"vc_row-full-width vc_clearfix\"><\/div><div class=\"vc_row wpb_row vc_row-fluid\"><div class=\"wpb_column vc_column_container vc_col-sm-12\"><div class=\"vc_column-inner\"><div class=\"wpb_wrapper\">\n\t<div class=\"wpb_text_column wpb_content_element\" >\n\t\t<div class=\"wpb_wrapper\">\n\t\t\t<h3><strong>13. Le Sentier des Perles de Vologne<\/strong><\/h3>\n<hr \/>\n<p><strong>Distance<\/strong> : 7,5 km<br \/>\n<strong>Difficult\u00e9<\/strong> : Moyenne<\/p>\n<p>Ce sentier suit la rivi\u00e8re Vologne et traverse de magnifiques paysages forestiers, avec plusieurs points d&rsquo;eau pittoresques en chemin. C&rsquo;est une <a href=\"https:\/\/les-atypiques-chalets.com\/votre-chalet-de-randonnee-dans-les-vosges-au-coeur-de-la-nature\/\" data-wpil-monitor-id=\"897\">randonn\u00e9e<\/a> id\u00e9ale pour ceux qui cherchent \u00e0 s&rsquo;immerger dans la nature et \u00e0 d\u00e9couvrir les charmes de la r\u00e9gion.<\/p>\n<p><a href=\"https:\/\/www.visorando.com\/randonnee-les-perles-de-vologne\/\" target=\"_blank\" rel=\"noopener nofollow\">https:\/\/www.visorando.com\/randonnee-les-perles-de-vologne\/<\/a><\/p>\n<hr \/>\n\n\t\t<\/div>\n\t<\/div>\n<div class=\"vc_row wpb_row vc_inner vc_row-fluid\"><div class=\"wpb_column vc_column_container vc_col-sm-4\"><div class=\"vc_column-inner\"><div class=\"wpb_wrapper\">\n\t<div  class=\"wpb_single_image wpb_content_element vc_align_left wpb_content_element\">\n\t\t\n\t\t<figure class=\"wpb_wrapper vc_figure\">\n\t\t\t<a class=\"vc_single_image-wrapper   vc_box_border_grey\" data-lightbox=\"lightbox[rel-9919-1205084779]\" href=\"https:\/\/les-atypiques-chalets.com\/wp-content\/uploads\/2024\/11\/gerardmer-1.webp\" target=\"_self\"><img decoding=\"async\" width=\"562\" height=\"1000\" src=\"https:\/\/les-atypiques-chalets.com\/wp-content\/uploads\/2024\/11\/gerardmer-1.webp\" class=\"vc_single_image-img attachment-full\" alt=\"Vue du Sentier des Perles de la Vologne longeant la rivi\u00e8re dans une for\u00eat vosgienne\" title=\"Sentier des Perles de la Vologne \u00e0 G\u00e9rardmer\" srcset=\"https:\/\/les-atypiques-chalets.com\/wp-content\/uploads\/2024\/11\/gerardmer-1.webp 562w, https:\/\/les-atypiques-chalets.com\/wp-content\/uploads\/2024\/11\/gerardmer-1-169x300.webp 169w, https:\/\/les-atypiques-chalets.com\/wp-content\/uploads\/2024\/11\/gerardmer-1-56x100.webp 56w\" sizes=\"(max-width: 562px) 100vw, 562px\" \/><\/a>\n\t\t<\/figure>\n\t<\/div>\n<\/div><\/div><\/div><div class=\"wpb_column vc_column_container vc_col-sm-4\"><div class=\"vc_column-inner\"><div class=\"wpb_wrapper\">\n\t<div class=\"wpb_text_column wpb_content_element\" >\n\t\t<div class=\"wpb_wrapper\">\n\t\t\t<p><iframe style=\"border: 0;\" src=\"https:\/\/www.google.com\/maps\/embed?pb=!1m18!1m12!1m3!1d2665.3175919069895!2d6.907031912168936!3d48.084813554712866!2m3!1f0!2f0!3f0!3m2!1i1024!2i768!4f13.1!3m3!1m2!1s0x4793c43b3a9417e3%3A0xab20f7f9dbf5edf0!2sSentier%20touristique%20des%20perles%20de%20vologne!5e0!3m2!1sfr!2sfr!4v1734163021279!5m2!1sfr!2sfr\" width=\"600\" height=\"450\" allowfullscreen=\"allowfullscreen\"><\/iframe><\/p>\n\n\t\t<\/div>\n\t<\/div>\n<\/div><\/div><\/div><div class=\"wpb_column vc_column_container vc_col-sm-4\"><div class=\"vc_column-inner\"><div class=\"wpb_wrapper\"><\/div><\/div><\/div><\/div><\/div><\/div><\/div><\/div><div data-vc-full-width=\"true\" data-vc-full-width-init=\"false\" class=\"vc_row wpb_row vc_row-fluid vc_custom_1734342091728 vc_row-has-fill\"><div class=\"wpb_column vc_column_container vc_col-sm-12\"><div class=\"vc_column-inner\"><div class=\"wpb_wrapper\">\n\t<div class=\"wpb_text_column wpb_content_element\" >\n\t\t<div class=\"wpb_wrapper\">\n\t\t\t<h3><span style=\"color: #ffffff;\"><strong>14. Le tour du lac de Longemer<\/strong><\/span><\/h3>\n<hr \/>\n<p><span style=\"color: #ffffff;\"><strong>Distance<\/strong> : 6 km<\/span><br \/>\n<span style=\"color: #ffffff;\"><strong>Difficult\u00e9<\/strong> : Facile<\/span><\/p>\n<p><span style=\"color: #ffffff;\">Cette <a style=\"color: #ffffff;\" href=\"https:\/\/les-atypiques-chalets.com\/itineraires-cyclisme-gerardmer\/\" data-wpil-monitor-id=\"896\">randonn\u00e9e autour du lac<\/a> de Longemer est parfaite pour une balade en famille. Les sentiers offrent des vues splendides sur le lac et les montagnes environnantes. C\u2019est une promenade relaxante qui permet de profiter de la tranquillit\u00e9 de la r\u00e9gion.<\/span><\/p>\n<p><span style=\"color: #ffffff;\"><a style=\"color: #ffffff;\" href=\"https:\/\/www.alltrails.com\/fr\/randonnee\/france\/vosges\/tour-du-lac-de-longemer\" target=\"_blank\" rel=\"noopener nofollow\">https:\/\/www.alltrails.com\/fr\/randonnee\/france\/vosges\/tour-du-lac-de-longemer<\/a><\/span><\/p>\n<hr \/>\n\n\t\t<\/div>\n\t<\/div>\n<div class=\"vc_row wpb_row vc_inner vc_row-fluid\"><div class=\"wpb_column vc_column_container vc_col-sm-4\"><div class=\"vc_column-inner\"><div class=\"wpb_wrapper\">\n\t<div  class=\"wpb_single_image wpb_content_element vc_align_left wpb_content_element\">\n\t\t\n\t\t<figure class=\"wpb_wrapper vc_figure\">\n\t\t\t<a class=\"vc_single_image-wrapper   vc_box_border_grey\" data-lightbox=\"lightbox[rel-9919-2675171644]\" href=\"https:\/\/les-atypiques-chalets.com\/wp-content\/uploads\/2024\/11\/lac-de-longemer.webp\" target=\"_self\"><img decoding=\"async\" width=\"562\" height=\"1000\" src=\"https:\/\/les-atypiques-chalets.com\/wp-content\/uploads\/2024\/11\/lac-de-longemer.webp\" class=\"vc_single_image-img attachment-full\" alt=\"\" title=\"lac-de-longemer\" srcset=\"https:\/\/les-atypiques-chalets.com\/wp-content\/uploads\/2024\/11\/lac-de-longemer.webp 562w, https:\/\/les-atypiques-chalets.com\/wp-content\/uploads\/2024\/11\/lac-de-longemer-169x300.webp 169w, https:\/\/les-atypiques-chalets.com\/wp-content\/uploads\/2024\/11\/lac-de-longemer-56x100.webp 56w\" sizes=\"(max-width: 562px) 100vw, 562px\" \/><\/a>\n\t\t<\/figure>\n\t<\/div>\n<\/div><\/div><\/div><div class=\"wpb_column vc_column_container vc_col-sm-4\"><div class=\"vc_column-inner\"><div class=\"wpb_wrapper\">\n\t<div class=\"wpb_text_column wpb_content_element\" >\n\t\t<div class=\"wpb_wrapper\">\n\t\t\t<p><iframe style=\"border: 0;\" src=\"https:\/\/www.google.com\/maps\/embed?pb=!1m18!1m12!1m3!1d5332.097291049595!2d6.948622102026669!3d48.07070393494491!2m3!1f0!2f0!3f0!3m2!1i1024!2i768!4f13.1!3m3!1m2!1s0x4793c4e2cdb6c265%3A0x5c5265e2d72f91e4!2sLac%20de%20Longemer!5e0!3m2!1sfr!2sfr!4v1734339544259!5m2!1sfr!2sfr\" width=\"600\" height=\"450\" allowfullscreen=\"allowfullscreen\"><\/iframe><\/p>\n\n\t\t<\/div>\n\t<\/div>\n<\/div><\/div><\/div><div class=\"wpb_column vc_column_container vc_col-sm-4\"><div class=\"vc_column-inner\"><div class=\"wpb_wrapper\"><\/div><\/div><\/div><\/div><\/div><\/div><\/div><\/div><div class=\"vc_row-full-width vc_clearfix\"><\/div><div class=\"vc_row wpb_row vc_row-fluid\"><div class=\"wpb_column vc_column_container vc_col-sm-12\"><div class=\"vc_column-inner\"><div class=\"wpb_wrapper\">\n\t<div class=\"wpb_text_column wpb_content_element\" >\n\t\t<div class=\"wpb_wrapper\">\n\t\t\t<h3><strong>15. Le chemin des Roches d&rsquo;Ormont<\/strong><\/h3>\n<hr \/>\n<p><strong>Distance<\/strong> : 5,5 km<br \/>\n<strong>Difficult\u00e9<\/strong> : Moyenne<\/p>\n<p>Ce sentier m\u00e8ne aux Roches d&rsquo;Ormont, offrant un magnifique panorama sur la vall\u00e9e. C\u2019est une randonn\u00e9e mod\u00e9r\u00e9e mais tr\u00e8s gratifiante, id\u00e9ale pour ceux qui recherchent un peu de d\u00e9fi sans s\u2019attaquer \u00e0 un parcours trop exigeant.<\/p>\n<p><a href=\"https:\/\/www.visorando.com\/randonnee-les-roches-d-ormont-la-cascade-des-molie\/\" target=\"_blank\" rel=\"noopener nofollow\">https:\/\/www.visorando.com\/randonnee-les-roches-d-ormont-la-cascade-des-molie\/<\/a><\/p>\n<p>&nbsp;<\/p>\n<hr \/>\n\n\t\t<\/div>\n\t<\/div>\n<\/div><\/div><\/div><\/div><div data-vc-full-width=\"true\" data-vc-full-width-init=\"false\" class=\"vc_row wpb_row vc_row-fluid vc_custom_1734342169673 vc_row-has-fill\"><div class=\"wpb_column vc_column_container vc_col-sm-12\"><div class=\"vc_column-inner\"><div class=\"wpb_wrapper\">\n\t<div class=\"wpb_text_column wpb_content_element\" >\n\t\t<div class=\"wpb_wrapper\">\n\t\t\t<h3><span style=\"color: #ffffff;\">16. La Cascade de M\u00e9relle<\/span><\/h3>\n<hr \/>\n<p><span style=\"color: #ffffff;\">nich\u00e9e au c\u0153ur du massif des Vosges \u00e0 G\u00e9rardmer, est une chute d&rsquo;eau pittoresque o\u00f9 le ruisseau de M\u00e9relle d\u00e9vale une dalle de porphyre en deux filets principaux, sur une hauteur d&rsquo;environ 5 m\u00e8tres.<\/span><\/p>\n<div class=\"relative inline-flex items-center\"><span style=\"color: #ffffff;\"><a class=\"flex h-&#091;22px&#093; items-center rounded-xl px-2 text-&#091;0.5em&#093; !font-medium uppercase bg-&#091;#f4f4f4&#093; !text-token-text-secondary hover:bg-token-text-primary hover:!text-token-main-surface-secondary dark:bg-token-main-surface-secondary dark:hover:bg-token-text-primary relative top-&#091;-0.094rem&#093;\" style=\"color: #ffffff;\" href=\"https:\/\/fr.wikipedia.org\/wiki\/Cascade_de_M%C3%A9relle?utm_source=chatgpt.com\" target=\"_blank\" rel=\"noopener nofollow\"><span class=\"truncate\">Wikipedia<\/span><\/a><\/span><\/div>\n<p><span style=\"color: #ffffff;\">Bien que son d\u00e9bit soit modeste, notamment en \u00e9t\u00e9, la cascade offre un cadre naturel apaisant, particuli\u00e8rement appr\u00e9ci\u00e9 au printemps et en automne lorsque les eaux sont plus abondantes.<\/span><\/p>\n<div class=\"relative inline-flex items-center\"><span style=\"color: #ffffff;\"><a class=\"flex h-&#091;22px&#093; items-center rounded-xl px-2 text-&#091;0.5em&#093; !font-medium uppercase bg-&#091;#f4f4f4&#093; !text-token-text-secondary hover:bg-token-text-primary hover:!text-token-main-surface-secondary dark:bg-token-main-surface-secondary dark:hover:bg-token-text-primary relative top-&#091;-0.094rem&#093;\" style=\"color: #ffffff;\" href=\"https:\/\/visitgrandest.com\/cascade-de-merelle?utm_source=chatgpt.com\" target=\"_blank\" rel=\"noopener nofollow\"><span class=\"truncate\">Visit Grand Est<\/span><\/a><\/span><\/div>\n<p><span style=\"color: #ffffff;\">Pour acc\u00e9der \u00e0 la cascade, plusieurs itin\u00e9raires s&rsquo;offrent aux randonneurs. Depuis G\u00e9rardmer, dirigez-vous vers Ramberchamp sur la D417, puis stationnez pr\u00e8s du stade. Empruntez ensuite la route foresti\u00e8re menant \u00e0 la T\u00eate de M\u00e9relle jusqu&rsquo;au parking du Belv\u00e9d\u00e8re des M\u00e9relles. De l\u00e0, suivez le balisage disque bleu qui vous conduira \u00e0 la cascade apr\u00e8s environ 15 minutes de marche.<\/span><\/p>\n<div class=\"relative inline-flex items-center\"><span style=\"color: #ffffff;\"><a class=\"flex h-&#091;22px&#093; items-center rounded-xl px-2 text-&#091;0.5em&#093; !font-medium uppercase bg-&#091;#f4f4f4&#093; !text-token-text-secondary hover:bg-token-text-primary hover:!text-token-main-surface-secondary dark:bg-token-main-surface-secondary dark:hover:bg-token-text-primary relative top-&#091;-0.094rem&#093;\" style=\"color: #ffffff;\" href=\"https:\/\/cascadesdefrance.fr\/listing\/cascade-de-merelle-gerardmer-vosges\/?utm_source=chatgpt.com\" target=\"_blank\" rel=\"noopener nofollow\"><span class=\"truncate\">Cascades de France<\/span><\/a><\/span><\/div>\n<p><span style=\"color: #ffffff;\">Une autre option consiste \u00e0 partir du parking du Lido Appart Hotel, situ\u00e9 le long de la D69. Traversez le pont en face de l&rsquo;h\u00f4tel et suivez le sentier forestier. Apr\u00e8s une ascension d&rsquo;environ 30 minutes, vous atteindrez la cascade. Cet itin\u00e9raire est plus direct mais pr\u00e9sente une pente plus raide.<\/span><\/p>\n<div class=\"relative inline-flex items-center\"><span style=\"color: #ffffff;\"><a class=\"flex h-&#091;22px&#093; items-center rounded-xl px-2 text-&#091;0.5em&#093; !font-medium uppercase bg-&#091;#f4f4f4&#093; !text-token-text-secondary hover:bg-token-text-primary hover:!text-token-main-surface-secondary dark:bg-token-main-surface-secondary dark:hover:bg-token-text-primary relative top-&#091;-0.094rem&#093;\" style=\"color: #ffffff;\" href=\"https:\/\/cascadesdefrance.fr\/listing\/cascade-de-merelle-gerardmer-vosges\/?utm_source=chatgpt.com\" target=\"_blank\" rel=\"noopener nofollow\"><span class=\"truncate\">Cascades de France<\/span><\/a><\/span><\/div>\n<p><span style=\"color: #ffffff;\">Il est recommand\u00e9 de porter des chaussures de randonn\u00e9e adapt\u00e9es, car certains passages peuvent \u00eatre glissants, surtout par temps humide. En chemin, ne manquez pas de visiter la Tour de M\u00e9relle, un observatoire offrant une vue panoramique \u00e0 360\u00b0 sur le <a style=\"color: #ffffff;\" href=\"https:\/\/les-atypiques-chalets.com\/pourquoi-choisir-gerardmer-pour-votre-prochaine-location-de-chalet\/\" data-wpil-monitor-id=\"1069\">lac de G\u00e9rardmer<\/a> et ses environs.<\/span><\/p>\n<div class=\"relative inline-flex items-center\"><span style=\"color: #ffffff;\"><a class=\"flex h-&#091;22px&#093; items-center rounded-xl px-2 text-&#091;0.5em&#093; !font-medium uppercase bg-&#091;#f4f4f4&#093; !text-token-text-secondary hover:bg-token-text-primary hover:!text-token-main-surface-secondary dark:bg-token-main-surface-secondary dark:hover:bg-token-text-primary relative top-&#091;-0.094rem&#093;\" style=\"color: #ffffff;\" href=\"https:\/\/visitgrandest.com\/cascade-de-merelle?utm_source=chatgpt.com\" target=\"_blank\" rel=\"noopener nofollow\"><span class=\"truncate\">Visit Grand Est<\/span><\/a><\/span><\/div>\n<p><span style=\"color: #ffffff;\">La <a href=\"https:\/\/les-atypiques-chalets.com\/les-10-choses-a-faire-a-gerardmer-en-ete\/\" data-wpil-monitor-id=\"1726\">Cascade de M\u00e9relle<\/a> est une destination id\u00e9ale pour les amoureux de la nature et les passionn\u00e9s de randonn\u00e9e, offrant une immersion totale dans la beaut\u00e9 naturelle des Vosges.<\/span><\/p>\n\n\t\t<\/div>\n\t<\/div>\n<div class=\"vc_row wpb_row vc_inner vc_row-fluid\"><div class=\"wpb_column vc_column_container vc_col-sm-4\"><div class=\"vc_column-inner\"><div class=\"wpb_wrapper\">\n\t<div  class=\"wpb_single_image wpb_content_element vc_align_left wpb_content_element\">\n\t\t\n\t\t<figure class=\"wpb_wrapper vc_figure\">\n\t\t\t<a class=\"vc_single_image-wrapper   vc_box_border_grey\" data-lightbox=\"lightbox[rel-9919-3826993996]\" href=\"https:\/\/les-atypiques-chalets.com\/wp-content\/uploads\/2024\/11\/cascade-de-merelle.webp\" target=\"_self\"><img decoding=\"async\" width=\"562\" height=\"1000\" src=\"https:\/\/les-atypiques-chalets.com\/wp-content\/uploads\/2024\/11\/cascade-de-merelle.webp\" class=\"vc_single_image-img attachment-full\" alt=\"Vue de la Cascade de M\u00e9relle entour\u00e9e de for\u00eat dans les Vosges\" title=\"Cascade de M\u00e9relle \u00e0 G\u00e9rardmer\" srcset=\"https:\/\/les-atypiques-chalets.com\/wp-content\/uploads\/2024\/11\/cascade-de-merelle.webp 562w, https:\/\/les-atypiques-chalets.com\/wp-content\/uploads\/2024\/11\/cascade-de-merelle-169x300.webp 169w, https:\/\/les-atypiques-chalets.com\/wp-content\/uploads\/2024\/11\/cascade-de-merelle-56x100.webp 56w\" sizes=\"(max-width: 562px) 100vw, 562px\" \/><\/a>\n\t\t<\/figure>\n\t<\/div>\n<\/div><\/div><\/div><div class=\"wpb_column vc_column_container vc_col-sm-4\"><div class=\"vc_column-inner\"><div class=\"wpb_wrapper\">\n\t<div class=\"wpb_text_column wpb_content_element\" >\n\t\t<div class=\"wpb_wrapper\">\n\t\t\t<p><iframe style=\"border: 0;\" src=\"https:\/\/www.google.com\/maps\/embed?pb=!1m18!1m12!1m3!1d2666.5209250230273!2d6.8329914971444605!3d48.061587097067616!2m3!1f0!2f0!3f0!3m2!1i1024!2i768!4f13.1!3m3!1m2!1s0x4793c7b3dad858eb%3A0xa39f059f030e8c9b!2sCascade%20de%20M%C3%A9relle!5e0!3m2!1sfr!2sfr!4v1734339594659!5m2!1sfr!2sfr\" width=\"600\" height=\"450\" allowfullscreen=\"allowfullscreen\"><\/iframe><\/p>\n\n\t\t<\/div>\n\t<\/div>\n<\/div><\/div><\/div><div class=\"wpb_column vc_column_container vc_col-sm-4\"><div class=\"vc_column-inner\"><div class=\"wpb_wrapper\"><\/div><\/div><\/div><\/div><\/div><\/div><\/div><\/div><div class=\"vc_row-full-width vc_clearfix\"><\/div><div class=\"vc_row wpb_row vc_row-fluid\"><div class=\"wpb_column vc_column_container vc_col-sm-12\"><div class=\"vc_column-inner\"><div class=\"wpb_wrapper\">\n\t<div class=\"wpb_text_column wpb_content_element\" >\n\t\t<div class=\"wpb_wrapper\">\n\t\t\t<hr \/>\n<h3><strong>Conclusion<\/strong><\/h3>\n<p>Les Vosges regorgent de sentiers et de circuits de randonn\u00e9e pour tous les go\u00fbts et niveaux. Que vous soyez \u00e0 la recherche de promenades paisibles autour des lacs ou de d\u00e9fis plus intenses vers les sommets, le \u00ab\u00a088\u00a0\u00bb a de quoi vous combler. Avec des panoramas \u00e0 couper le souffle, des cascades, des for\u00eats et des lacs glaciaires, chaque randonn\u00e9e vous plonge dans une nature intacte et magnifique.<\/p>\n<hr \/>\n\n\t\t<\/div>\n\t<\/div>\n<\/div><\/div><\/div><\/div><div class=\"vc_row wpb_row vc_row-fluid\"><div class=\"wpb_column vc_column_container vc_col-sm-12\"><div class=\"vc_column-inner\"><div class=\"wpb_wrapper\"><div class=\"vc_empty_space\"   style=\"height: 32px\"><span class=\"vc_empty_space_inner\"><\/span><\/div>\n\t<div class=\"wpb_text_column wpb_content_element\" >\n\t\t<div class=\"wpb_wrapper\">\n\t\t\t<p><span style=\"color: #999999;\"><strong>Foire Aux Questions (FAQ) sur les Plus Belles Randonn\u00e9es des Vosges (88)<\/strong><\/span><\/p>\n<p><span style=\"color: #999999;\"><strong>1. Quelle est la meilleure p\u00e9riode pour faire de la randonn\u00e9e dans les Vosges ?<\/strong><\/span><\/p>\n<p><span style=\"color: #999999;\">La meilleure p\u00e9riode pour randonner dans les Vosges s&rsquo;\u00e9tend de mai \u00e0 octobre. Les sentiers sont praticables et les temp\u00e9ratures sont agr\u00e9ables, permettant de profiter pleinement des paysages. En automne, les couleurs flamboyantes des for\u00eats vosgiennes ajoutent une dimension magique aux randonn\u00e9es.<\/span><\/p>\n<p><span style=\"color: #999999;\"><strong>2. Quelles sont les randonn\u00e9es adapt\u00e9es aux d\u00e9butants dans les Vosges ?<\/strong><\/span><\/p>\n<p><span style=\"color: #999999;\">Des sentiers comme le tour du lac de G\u00e9rardmer ou la cascade de la Pissoire sont accessibles aux d\u00e9butants. Ces parcours offrent des paysages magnifiques sans n\u00e9cessiter une grande exp\u00e9rience en randonn\u00e9e.<\/span><\/p>\n<p><span style=\"color: #999999;\"><strong>3. Y a-t-il des randonn\u00e9es pour les randonneurs exp\u00e9riment\u00e9s ?<\/strong><\/span><\/p>\n<p><span style=\"color: #999999;\">Absolument ! Le Sentier des Roches est une randonn\u00e9e plus technique et escarp\u00e9e, r\u00e9serv\u00e9e aux randonneurs exp\u00e9riment\u00e9s. Ce sentier offre des panoramas spectaculaires mais comporte des passages abrupts qui n\u00e9cessitent de l&rsquo;assurance et une bonne condition physique.<\/span><\/p>\n<p><span style=\"color: #999999;\"><strong>4. Quel \u00e9quipement faut-il pour randonner dans les Vosges ?<\/strong><\/span><\/p>\n<p><span style=\"color: #999999;\">Pour une randonn\u00e9e r\u00e9ussie, \u00e9quipez-vous de chaussures de randonn\u00e9e robustes, de v\u00eatements adapt\u00e9s \u00e0 la m\u00e9t\u00e9o, d&rsquo;une carte IGN, et de b\u00e2tons si besoin. N&rsquo;oubliez pas de prendre de l&rsquo;eau, des encas, et une trousse de premiers secours.<\/span><\/p>\n<p><span style=\"color: #999999;\"><strong>5. Faut-il informer quelqu&rsquo;un avant de partir en randonn\u00e9e ?<\/strong><\/span><\/p>\n<p><span style=\"color: #999999;\">Oui, il est fortement conseill\u00e9 d&rsquo;informer un proche de votre itin\u00e9raire, surtout pour les randonn\u00e9es plus difficiles. En montagne, le climat peut changer rapidement, et il est prudent que quelqu&rsquo;un soit inform\u00e9 de votre parcours en cas de besoin.<\/span><\/p>\n<p><span style=\"color: #999999;\"><strong>6. O\u00f9 trouver des informations d\u00e9taill\u00e9es sur les sentiers ?<\/strong><\/span><\/p>\n<p><span style=\"color: #999999;\">Des sites comme AllTrails et Visorando fournissent des informations d\u00e9taill\u00e9es sur les parcours, les niveaux de difficult\u00e9 et les points d&rsquo;int\u00e9r\u00eat. Ces plateformes offrent aussi des avis de randonneurs qui peuvent \u00eatre utiles pour bien pr\u00e9parer votre sortie.<\/span><\/p>\n<p><span style=\"color: #999999;\"><strong>7. Peut-on randonner avec des enfants dans les Vosges ?<\/strong><\/span><\/p>\n<p><span style=\"color: #999999;\">Oui, certains sentiers sont adapt\u00e9s aux familles, comme le tour du lac de G\u00e9rardmer ou la cascade de la Pissoire. V\u00e9rifiez la difficult\u00e9 et la longueur du parcours pour choisir une randonn\u00e9e adapt\u00e9e aux enfants.<\/span><\/p>\n<p><span style=\"color: #999999;\"><strong>8. Les chiens sont-ils autoris\u00e9s sur les sentiers ?<\/strong><\/span><\/p>\n<p><span style=\"color: #999999;\">La plupart des sentiers autorisent les chiens, mais il est conseill\u00e9 de v\u00e9rifier les r\u00e8gles sp\u00e9cifiques de chaque parcours. Certains sentiers escarp\u00e9s, comme le Sentier des Roches, peuvent \u00eatre difficiles pour les chiens, surtout ceux de petite taille.<\/span><\/p>\n<p><span style=\"color: #999999;\"><strong>9. Y a-t-il des aires de pique-nique sur les parcours ?<\/strong><\/span><\/p>\n<p><span style=\"color: #999999;\">Oui, plusieurs randonn\u00e9es, notamment autour des lacs comme le lac de G\u00e9rardmer, proposent des espaces o\u00f9 vous pouvez vous arr\u00eater pour pique-niquer en pleine nature et profiter de la tranquillit\u00e9 des lieux.<\/span><\/p>\n<p><span style=\"color: #999999;\"><strong>10. Quels sont les meilleurs points de vue \u00e0 ne pas manquer ?<\/strong><\/span><\/p>\n<p><span style=\"color: #999999;\">Les panoramas du Hohneck, les cr\u00eates du Sentier des Roches, et les vues sur les lacs glaciaires comme le lac des Corbeaux offrent des points de vue exceptionnels. Ces lieux permettent d&rsquo;admirer la grandeur des montagnes vosgiennes et la richesse naturelle de la r\u00e9gion.<\/span><\/p>\n\n\t\t<\/div>\n\t<\/div>\n<\/div><\/div><\/div><\/div>\n<\/div>","protected":false},"excerpt":{"rendered":"Chalet IORIK Capacit\u00e9: 4 personnes Superficie: 45 m2 Bain Nordique: privatif Description de notre Chalet Iorik dans les Vosges Id\u00e9al pour les couples ou les petites familles, le Chalet IORIK est un \u00e9crin de douceur pouvant accueillir jusqu\u2019\u00e0 4 personnes. Avec ses 2 chambres cosy et ces 2 lits de 140\u00d7190, il vous promet des<a href=\"https:\/\/les-atypiques-chalets.com\/de\/chalet-aslan\/\" class=\"sohohotel-more-link\">Read More<\/a>","protected":false},"author":1,"featured_media":540087,"comment_status":"closed","ping_status":"closed","sticky":false,"template":"","format":"standard","meta":{"_yoast_wpseo_title":"Les plus belles randonn\u00e9es des Vosges \"88\"","_yoast_wpseo_metadesc":"D\u00e9couvrez les plus belles randonn\u00e9es des Vosges ! Des paysages exceptionnels vous attendent. Pr\u00eat pour l\u2019aventure ?","_yoast_wpseo_focuskw":"#Randonn\u00e9eVosges #NatureVosges #LacG\u00e9rardmer #CascadeVosges #SentierVosges #MontagneVosges #BaladeEnFamille #Randonn\u00e9e88 #PaysageVosgien #VoyageNature","footnotes":""},"categories":[1385,707,1127],"tags":[1403,1412,1411,1405,1274,1406,1409,1407,1401,1404,1413,1400,1402,710,1043,1410,1408],"class_list":["post-539945","post","type-post","status-publish","format-standard","has-post-thumbnail","hentry","category-randonnees","category-gerardmer","category-location-chalet-gerardmer","tag-ascension-donon","tag-ballon-dalsace-randonnee","tag-cascades-de-tendon","tag-haut-du-tot-randonnee","tag-hohneck-randonnee","tag-kastelberg-cinq-lacs","tag-lac-de-longemer-randonnee","tag-lac-des-corbeaux-randonnee","tag-lac-gerardmer-randonnee","tag-lacs-neuweiher-gresson","tag-perles-de-vologne","tag-plus-belles-randonnees-vosges","tag-randonnee-cascade-bourrique","tag-randonnee-gerardmer","tag-randonnee-vosges","tag-roches-dormont","tag-sentier-des-roches-vosges"],"_links":{"self":[{"href":"https:\/\/les-atypiques-chalets.com\/de\/wp-json\/wp\/v2\/posts\/539945","targetHints":{"allow":["GET"]}}],"collection":[{"href":"https:\/\/les-atypiques-chalets.com\/de\/wp-json\/wp\/v2\/posts"}],"about":[{"href":"https:\/\/les-atypiques-chalets.com\/de\/wp-json\/wp\/v2\/types\/post"}],"author":[{"embeddable":true,"href":"https:\/\/les-atypiques-chalets.com\/de\/wp-json\/wp\/v2\/users\/1"}],"replies":[{"embeddable":true,"href":"https:\/\/les-atypiques-chalets.com\/de\/wp-json\/wp\/v2\/comments?post=539945"}],"version-history":[{"count":0,"href":"https:\/\/les-atypiques-chalets.com\/de\/wp-json\/wp\/v2\/posts\/539945\/revisions"}],"wp:featuredmedia":[{"embeddable":true,"href":"https:\/\/les-atypiques-chalets.com\/de\/wp-json\/wp\/v2\/media\/540087"}],"wp:attachment":[{"href":"https:\/\/les-atypiques-chalets.com\/de\/wp-json\/wp\/v2\/media?parent=539945"}],"wp:term":[{"taxonomy":"category","embeddable":true,"href":"https:\/\/les-atypiques-chalets.com\/de\/wp-json\/wp\/v2\/categories?post=539945"},{"taxonomy":"post_tag","embeddable":true,"href":"https:\/\/les-atypiques-chalets.com\/de\/wp-json\/wp\/v2\/tags?post=539945"}],"curies":[{"name":"wp","href":"https:\/\/api.w.org\/{rel}","templated":true}]}}