{"id":6459,"date":"2022-04-28T09:55:32","date_gmt":"2022-04-28T09:55:32","guid":{"rendered":"http:\/\/www.nicdarkthemes.com\/themes\/hotel-booking\/wp\/demo\/hotel\/?p=6459"},"modified":"2025-05-21T14:26:11","modified_gmt":"2025-05-21T14:26:11","slug":"rejoignez-laventure-a-gerardmer-reservez-votre-sejour","status":"publish","type":"post","link":"https:\/\/les-atypiques-chalets.com\/de\/rejoignez-laventure-a-gerardmer-reservez-votre-sejour\/","title":{"rendered":"G\u00e9rardmer: Der Wachtraum eines Skifahrers!"},"content":{"rendered":"<h1><span class=\"ez-toc-section\" id=\"Les_Atypiques_Chalets\"><\/span>Die Ungew\u00f6hnlichen Chalets<span class=\"ez-toc-section-end\"><\/span><\/h1><div id=\"ez-toc-container\" class=\"ez-toc-v2_0_82_2 counter-hierarchy ez-toc-counter ez-toc-grey ez-toc-container-direction\">\n<div class=\"ez-toc-title-container\">\n<p class=\"ez-toc-title\" style=\"cursor:inherit\">Zusammenfassung<\/p>\n<span class=\"ez-toc-title-toggle\"><a href=\"#\" class=\"ez-toc-pull-right ez-toc-btn ez-toc-btn-xs ez-toc-btn-default ez-toc-toggle\" aria-label=\"Toggle Table of Content\"><span class=\"ez-toc-js-icon-con\"><span class=\"\"><span class=\"eztoc-hide\" style=\"display:none;\">Umschalten<\/span><span class=\"ez-toc-icon-toggle-span\"><svg style=\"fill: #999;color:#999\" xmlns=\"http:\/\/www.w3.org\/2000\/svg\" class=\"list-377408\" width=\"20px\" height=\"20px\" viewbox=\"0 0 24 24\" fill=\"none\"><path d=\"M6 6H4v2h2V6zm14 0H8v2h12V6zM4 11h2v2H4v-2zm16 0H8v2h12v-2zM4 16h2v2H4v-2zm16 0H8v2h12v-2z\" fill=\"currentColor\"><\/path><\/svg><svg style=\"fill: #999;color:#999\" class=\"arrow-unsorted-368013\" xmlns=\"http:\/\/www.w3.org\/2000\/svg\" width=\"10px\" height=\"10px\" viewbox=\"0 0 24 24\" version=\"1.2\" baseprofile=\"tiny\"><path d=\"M18.2 9.3l-6.2-6.3-6.2 6.3c-.2.2-.3.4-.3.7s.1.5.3.7c.2.2.4.3.7.3h11c.3 0 .5-.1.7-.3.2-.2.3-.5.3-.7s-.1-.5-.3-.7zM5.8 14.7l6.2 6.3 6.2-6.3c.2-.2.3-.5.3-.7s-.1-.5-.3-.7c-.2-.2-.4-.3-.7-.3h-11c-.3 0-.5.1-.7.3-.2.2-.3.5-.3.7s.1.5.3.7z\"\/><\/svg><\/span><\/span><\/span><\/a><\/span><\/div>\n<nav><ul class='ez-toc-list ez-toc-list-level-1 ez-toc-columns-2' ><li class='ez-toc-page-1 ez-toc-heading-level-1'><a class=\"ez-toc-link ez-toc-heading-1\" href=\"https:\/\/les-atypiques-chalets.com\/de\/rejoignez-laventure-a-gerardmer-reservez-votre-sejour\/#Les_Atypiques_Chalets\" >Die Ungew\u00f6hnlichen Chalets<\/a><ul class='ez-toc-list-level-3' ><li class='ez-toc-heading-level-3'><ul class='ez-toc-list-level-3' ><li class='ez-toc-heading-level-3'><a class=\"ez-toc-link ez-toc-heading-2\" href=\"https:\/\/les-atypiques-chalets.com\/de\/rejoignez-laventure-a-gerardmer-reservez-votre-sejour\/#Les_Atypiques_Chalets-2\" >Die Ungew\u00f6hnlichen Chalets<\/a><\/li><li class='ez-toc-page-1 ez-toc-heading-level-3'><a class=\"ez-toc-link ez-toc-heading-3\" href=\"https:\/\/les-atypiques-chalets.com\/de\/rejoignez-laventure-a-gerardmer-reservez-votre-sejour\/#7_Jours_de_Ski_a_Gerardmer_Le_Reve_Eveille_dun_Skieur\" >7 Jours de Ski \u00e0 G\u00e9rardmer : Le R\u00eave \u00c9veill\u00e9 d&rsquo;un Skieur !<\/a><\/li><\/ul><\/li><li class='ez-toc-page-1 ez-toc-heading-level-2'><a class=\"ez-toc-link ez-toc-heading-4\" href=\"https:\/\/les-atypiques-chalets.com\/de\/rejoignez-laventure-a-gerardmer-reservez-votre-sejour\/#Dans_les_Bras_des_Montagnes_Ou_Sejourner\" >Dans les Bras des Montagnes : O\u00f9 S\u00e9journer<\/a><ul class='ez-toc-list-level-3' ><li class='ez-toc-heading-level-3'><a class=\"ez-toc-link ez-toc-heading-5\" href=\"https:\/\/les-atypiques-chalets.com\/de\/rejoignez-laventure-a-gerardmer-reservez-votre-sejour\/#Preparez-vous_pour_les_Pistes_Essentiels_du_Ski_a_Gerardmer\" >Pr\u00e9parez-vous pour les Pistes : Essentiels du Ski \u00e0 G\u00e9rardmer<\/a><\/li><li class='ez-toc-page-1 ez-toc-heading-level-3'><a class=\"ez-toc-link ez-toc-heading-6\" href=\"https:\/\/les-atypiques-chalets.com\/de\/rejoignez-laventure-a-gerardmer-reservez-votre-sejour\/#Nos_clients_parlent_des_Atypique_Chalets\" >Nos clients parlent des Atypique Chalets<\/a><\/li><li class='ez-toc-page-1 ez-toc-heading-level-3'><a class=\"ez-toc-link ez-toc-heading-7\" href=\"https:\/\/les-atypiques-chalets.com\/de\/rejoignez-laventure-a-gerardmer-reservez-votre-sejour\/#Inscrivez-vous_a_notre_news\" >Inscrivez-vous \u00e0 notre news<\/a><\/li><li class='ez-toc-page-1 ez-toc-heading-level-3'><a class=\"ez-toc-link ez-toc-heading-8\" href=\"https:\/\/les-atypiques-chalets.com\/de\/rejoignez-laventure-a-gerardmer-reservez-votre-sejour\/#Contactez-nous\" >Kontaktieren Sie uns<\/a><\/li><\/ul><\/li><\/ul><\/li><\/ul><\/nav><\/div>\n\n<figure><img decoding=\"async\" src=\"https:\/\/les-atypiques-chalets.com\/wp-content\/uploads\/elementor\/thumbs\/ski-les-atypiques-chalets-qezzm88g5lbljh0m9zpzyh3dxixdo96zthvoymcyhs.webp\" alt=\"ski-les-atypiques-chalets\" \/><\/figure>\n<figure><img decoding=\"async\" src=\"https:\/\/les-atypiques-chalets.com\/wp-content\/uploads\/elementor\/thumbs\/les-atypiques-chalets-02-qeyv3pzvk4qilnkuxjm10iuz1vpxzr0vak4pa0whb4.webp\" alt=\"les Atypiques chalets. Chalet insolite \u00e0 Gerardmer dans les Vosges. Forme de chalet Atypique en A, tr\u00e8s chaleureux\" \/><\/figure>\n<figure><img decoding=\"async\" src=\"https:\/\/les-atypiques-chalets.com\/wp-content\/uploads\/elementor\/thumbs\/vtt-les-atypiques-chalets-qffry2uiufbc47xy4di7s03pj0xfyudr4cqinwc3a8.webp\" alt=\"vtt-les-atypiques-chalets\" \/><\/figure>\n<figure><img decoding=\"async\" src=\"https:\/\/les-atypiques-chalets.com\/wp-content\/uploads\/elementor\/thumbs\/les-atypiqueschalets-qffsaz6smkyzfl7gsy7wzqxezdcrlbl5k70dql7lwg.webp\" alt=\"les-atypiqueschalets\" \/><\/figure>\n<figure><img decoding=\"async\" src=\"https:\/\/les-atypiques-chalets.com\/wp-content\/uploads\/elementor\/thumbs\/athypiques-chalets-013-qeyw8fe9iugjdqga8n1ehr2l5l36bvmek16ogejpuo.webp\" alt=\"salle de bain des Atypiques chalets. Chalets insolite \u00e0 Gerardmer\" \/><\/figure>\n<figure><img decoding=\"async\" src=\"https:\/\/les-atypiques-chalets.com\/wp-content\/uploads\/elementor\/thumbs\/les-atypiques-chalets-accueil-qez05f6qo7gww1nexl2si67oya58xfcxxw0nylhsio.webp\" alt=\"les Atypiques chalets. Chalets insolite en forme de A \u00e0 Gerardmer\" \/><\/figure>\n<p>\t\t\t\t\t\t<svg aria-hidden=\"true\" viewbox=\"0 0 1000 1000\" xmlns=\"http:\/\/www.w3.org\/2000\/svg\"><path d=\"M646 125C629 125 613 133 604 142L308 442C296 454 292 471 292 487 292 504 296 521 308 533L604 854C617 867 629 875 646 875 663 875 679 871 692 858 704 846 713 829 713 812 713 796 708 779 692 767L438 487 692 225C700 217 708 204 708 187 708 171 704 154 692 142 675 129 663 125 646 125Z\"><\/path><\/svg><br \/>\n\t\t\t\t\t\t<svg aria-hidden=\"true\" viewbox=\"0 0 1000 1000\" xmlns=\"http:\/\/www.w3.org\/2000\/svg\"><path d=\"M696 533C708 521 713 504 713 487 713 471 708 454 696 446L400 146C388 133 375 125 354 125 338 125 325 129 313 142 300 154 292 171 292 187 292 204 296 221 308 233L563 492 304 771C292 783 288 800 288 817 288 833 296 850 308 863 321 871 338 875 354 875 371 875 388 867 400 854L696 533Z\"><\/path><\/svg>\t\t\t\t\t<\/p>\n<h3><span class=\"ez-toc-section\" id=\"Les_Atypiques_Chalets-2\"><\/span><a href=\"https:\/\/les-atypiques-chalets.com\/de\/\">Die Ungew\u00f6hnlichen Chalets<\/a><span class=\"ez-toc-section-end\"><\/span><\/h3>\n<h3><span class=\"ez-toc-section\" id=\"7_Jours_de_Ski_a_Gerardmer_Le_Reve_Eveille_dun_Skieur\"><\/span><a href=\"https:\/\/www.gerardmer-ski.com\/fr\/\" rel=\"nofollow noopener\" target=\"_blank\">7 Jours de Ski \u00e0 G\u00e9rardmer : Le R\u00eave \u00c9veill\u00e9 d&rsquo;un Skieur !<\/a><span class=\"ez-toc-section-end\"><\/span><\/h3>\n<p><strong>Bienvenue dans le monde enchanteur de G\u00e9rardmer, un joyau de la couronne des Vosges o\u00f9 les pentes enneig\u00e9es offrent des aventures sans fin et o\u00f9 chaque descente peint une nouvelle \u0153uvre sur la toile hivernale.<\/strong><\/p>\n<p>La diversit\u00e9 des pistes de G\u00e9rardmer propose un gradient de d\u00e9fis, assurant que chaque skieur trouve son rythme dans l\u2019\u00e9treinte des montagnes. Du murmure des skis sur les pistes vertes des d\u00e9butants \u00e0 la pouss\u00e9e d&rsquo;adr\u00e9naline sur les pistes noires des experts, ces pentes promettent une histoire pour chaque skieur.<\/p>\n<h2><span class=\"ez-toc-section\" id=\"Dans_les_Bras_des_Montagnes_Ou_Sejourner\"><\/span><strong>Dans les Bras des Montagnes : O\u00f9 S\u00e9journer<\/strong><span class=\"ez-toc-section-end\"><\/span><\/h2>\n<p>Quand le jour c\u00e8de la place au cr\u00e9puscule, la lueur des feux de foyer attire. La gamme d&rsquo;h\u00e9bergements \u00e0 <a href=\"https:\/\/les-atypiques-chalets.com\/de\/quest-ce-quun-bain-nordique\/\" data-wpil-monitor-id=\"316\">G\u00e9rardmer<\/a> promet un chez-soi loin de chez soi, o\u00f9 la chaleur d&rsquo;un lit accueillant n&rsquo;est surpass\u00e9e que par l&rsquo;hospitalit\u00e9 de ses h\u00f4tes.<\/p>\n<p><a href=\"https:\/\/les-atypiques-chalets.com\/de\/\" target=\"_blank\" rel=\"noopener\">Des chalets rustiques<\/a> qui murmurent les contes de la montagne aux lodges luxueux qui offrent une retraite de pampering, trouver votre s\u00e9jour parfait n\u2019est qu\u2019\u00e0 un battement de c\u0153ur.<\/p>\n<h3><span class=\"ez-toc-section\" id=\"Preparez-vous_pour_les_Pistes_Essentiels_du_Ski_a_Gerardmer\"><\/span><a href=\"https:\/\/www.gerardmer-ski.com\/\" rel=\"nofollow noopener\" target=\"_blank\">Pr\u00e9parez-vous pour les Pistes : Essentiels du Ski \u00e0 G\u00e9rardmer<br \/>\n<\/a><span class=\"ez-toc-section-end\"><\/span><\/h3>\n<p>La montagne \u00e9tant votre sc\u00e8ne, avoir le bon \u00e9quipement est primordial. \u00c0 <a href=\"https:\/\/les-atypiques-chalets.com\/de\/organisez-votre-sejour-a-gerardmer\/\" data-wpil-monitor-id=\"358\">G\u00e9rardmer<\/a>, la qu\u00eate de l\u2019ensemble de ski parfait fait partie de l&rsquo;aventure. Que vous passiez votre carte pour la derni\u00e8re technologie en mati\u00e8re de <a href=\"https:\/\/les-atypiques-chalets.com\/de\/tag\/ski\/\" data-wpil-monitor-id=\"2248\">ski<\/a> ou que vous attachiez des bottes de location promettant un ajustement parfait, les magasins de mat\u00e9riel ici ne sont pas de simples boutiques ; ils sont des tr\u00e9sors pour chaque skieur.<\/p>\n<p><strong>En conclusion<\/strong>, <a href=\"https:\/\/les-atypiques-chalets.com\/de\/kategorie\/ski-gerardmer\/\" data-wpil-monitor-id=\"2160\">G\u00e9rardmer est plus qu&rsquo;une destination de ski<\/a> ; c&rsquo;est une communaut\u00e9 qui bat au rythme de l&rsquo;amour pour les montagnes et le sport qui apporte tant de joie \u00e0 ceux qui la visitent. Que vous repartiez avec une collection de m\u00e9dailles, des souvenirs, ou simplement la satisfaction d&rsquo;avoir conquis les pentes, G\u00e9rardmer laisse sa marque sur votre c\u0153ur, vous appelant saison apr\u00e8s saison.<\/p>\n<p><strong>FAQ<\/strong><\/p>\n<ul>\n<li>Pourquoi la station de ski de <a href=\"https:\/\/les-atypiques-chalets.com\/de\/visitez-les-marches-de-gerardmer\/\" data-wpil-monitor-id=\"507\">G\u00e9rardmer<\/a> est-elle id\u00e9ale pour les d\u00e9butants ?<\/li>\n<li>Pouvez-vous recommander des <a href=\"https:\/\/les-atypiques-chalets.com\/de\/10-activites-a-faire-a-gerardmer\/\" data-wpil-monitor-id=\"221\">activit\u00e9s familiales \u00e0 G\u00e9rardmer<\/a> en dehors du ski ?<\/li>\n<li>O\u00f9 est le <a href=\"https:\/\/les-atypiques-chalets.com\/de\/les-meilleurs-bars-et-cafes-de-gerardmer\/\" data-wpil-monitor-id=\"459\">meilleur endroit pour vivre l&rsquo;apr\u00e8s-ski \u00e0 G\u00e9rardmer<\/a> ?<\/li>\n<li>Y a-t-il des \u00e9v\u00e9nements sp\u00e9ciaux ou des comp\u00e9titions \u00e0 <a href=\"https:\/\/les-atypiques-chalets.com\/de\/halloween-2024-en-lorraine-les-meilleurs-evenements-a-ne-pas-manquer\/\" data-wpil-monitor-id=\"588\">G\u00e9rardmer<\/a> \u00e0 ne pas manquer ?<\/li>\n<li><a href=\"https:\/\/les-atypiques-chalets.com\/de\/comment-economiser-sur-votre-location-de-chalet-a-gerardmer\/\" data-wpil-monitor-id=\"1189\">Comment G\u00e9rardmer<\/a> contribue-t-elle aux pratiques de ski durable ?<\/li>\n<li>Que doivent savoir les skieurs hors-piste avant d&rsquo;explorer l&rsquo;arri\u00e8re-pays de <a href=\"https:\/\/les-atypiques-chalets.com\/de\/les-10-choses-a-faire-a-gerardmer-en-ete\/\" data-wpil-monitor-id=\"1684\">G\u00e9rardmer<\/a> ?<\/li>\n<\/ul>\n<p>                                    <img decoding=\"async\" width=\"1024\" height=\"1024\" src=\"https:\/\/les-atypiques-chalets.com\/wp-content\/uploads\/2023\/11\/0_1.webp\" alt=\"\" srcset=\"https:\/\/les-atypiques-chalets.com\/wp-content\/uploads\/2023\/11\/0_1.webp 1024w, https:\/\/les-atypiques-chalets.com\/wp-content\/uploads\/2023\/11\/0_1-300x300.webp 300w, https:\/\/les-atypiques-chalets.com\/wp-content\/uploads\/2023\/11\/0_1-150x150.webp 150w, https:\/\/les-atypiques-chalets.com\/wp-content\/uploads\/2023\/11\/0_1-600x600.webp 600w, https:\/\/les-atypiques-chalets.com\/wp-content\/uploads\/2023\/11\/0_1-768x768.webp 768w, https:\/\/les-atypiques-chalets.com\/wp-content\/uploads\/2023\/11\/0_1-780x780.webp 780w, https:\/\/les-atypiques-chalets.com\/wp-content\/uploads\/2023\/11\/0_1-550x550.webp 550w, https:\/\/les-atypiques-chalets.com\/wp-content\/uploads\/2023\/11\/0_1-370x370.webp 370w, https:\/\/les-atypiques-chalets.com\/wp-content\/uploads\/2023\/11\/0_1-255x255.webp 255w\" sizes=\"(max-width: 1024px) 100vw, 1024px\" \/>                                        <img decoding=\"async\" width=\"1024\" height=\"1024\" src=\"https:\/\/les-atypiques-chalets.com\/wp-content\/uploads\/2023\/11\/0_1-1.webp\" alt=\"\" srcset=\"https:\/\/les-atypiques-chalets.com\/wp-content\/uploads\/2023\/11\/0_1-1.webp 1024w, https:\/\/les-atypiques-chalets.com\/wp-content\/uploads\/2023\/11\/0_1-1-300x300.webp 300w, https:\/\/les-atypiques-chalets.com\/wp-content\/uploads\/2023\/11\/0_1-1-150x150.webp 150w, https:\/\/les-atypiques-chalets.com\/wp-content\/uploads\/2023\/11\/0_1-1-600x600.webp 600w, https:\/\/les-atypiques-chalets.com\/wp-content\/uploads\/2023\/11\/0_1-1-768x768.webp 768w, https:\/\/les-atypiques-chalets.com\/wp-content\/uploads\/2023\/11\/0_1-1-780x780.webp 780w, https:\/\/les-atypiques-chalets.com\/wp-content\/uploads\/2023\/11\/0_1-1-550x550.webp 550w, https:\/\/les-atypiques-chalets.com\/wp-content\/uploads\/2023\/11\/0_1-1-370x370.webp 370w, https:\/\/les-atypiques-chalets.com\/wp-content\/uploads\/2023\/11\/0_1-1-255x255.webp 255w\" sizes=\"(max-width: 1024px) 100vw, 1024px\" \/>                                        <img decoding=\"async\" width=\"1024\" height=\"1024\" src=\"https:\/\/les-atypiques-chalets.com\/wp-content\/uploads\/2023\/11\/0_2.webp\" alt=\"\" srcset=\"https:\/\/les-atypiques-chalets.com\/wp-content\/uploads\/2023\/11\/0_2.webp 1024w, https:\/\/les-atypiques-chalets.com\/wp-content\/uploads\/2023\/11\/0_2-300x300.webp 300w, https:\/\/les-atypiques-chalets.com\/wp-content\/uploads\/2023\/11\/0_2-150x150.webp 150w, https:\/\/les-atypiques-chalets.com\/wp-content\/uploads\/2023\/11\/0_2-600x600.webp 600w, https:\/\/les-atypiques-chalets.com\/wp-content\/uploads\/2023\/11\/0_2-768x768.webp 768w, https:\/\/les-atypiques-chalets.com\/wp-content\/uploads\/2023\/11\/0_2-780x780.webp 780w, https:\/\/les-atypiques-chalets.com\/wp-content\/uploads\/2023\/11\/0_2-550x550.webp 550w, https:\/\/les-atypiques-chalets.com\/wp-content\/uploads\/2023\/11\/0_2-370x370.webp 370w, https:\/\/les-atypiques-chalets.com\/wp-content\/uploads\/2023\/11\/0_2-255x255.webp 255w\" sizes=\"(max-width: 1024px) 100vw, 1024px\" \/>                                        <img decoding=\"async\" width=\"1024\" height=\"1024\" src=\"https:\/\/les-atypiques-chalets.com\/wp-content\/uploads\/2023\/11\/0_3.webp\" alt=\"\" srcset=\"https:\/\/les-atypiques-chalets.com\/wp-content\/uploads\/2023\/11\/0_3.webp 1024w, https:\/\/les-atypiques-chalets.com\/wp-content\/uploads\/2023\/11\/0_3-300x300.webp 300w, https:\/\/les-atypiques-chalets.com\/wp-content\/uploads\/2023\/11\/0_3-150x150.webp 150w, https:\/\/les-atypiques-chalets.com\/wp-content\/uploads\/2023\/11\/0_3-600x600.webp 600w, https:\/\/les-atypiques-chalets.com\/wp-content\/uploads\/2023\/11\/0_3-768x768.webp 768w, https:\/\/les-atypiques-chalets.com\/wp-content\/uploads\/2023\/11\/0_3-780x780.webp 780w, https:\/\/les-atypiques-chalets.com\/wp-content\/uploads\/2023\/11\/0_3-550x550.webp 550w, https:\/\/les-atypiques-chalets.com\/wp-content\/uploads\/2023\/11\/0_3-370x370.webp 370w, https:\/\/les-atypiques-chalets.com\/wp-content\/uploads\/2023\/11\/0_3-255x255.webp 255w\" sizes=\"(max-width: 1024px) 100vw, 1024px\" \/>                                        <img decoding=\"async\" width=\"1024\" height=\"1024\" src=\"https:\/\/les-atypiques-chalets.com\/wp-content\/uploads\/2023\/11\/photo-pannier-gourmand-1.webp\" alt=\"panier gourmand, r\u00e9gional. Fromages, charcuteries, vins, fruits sec\" srcset=\"https:\/\/les-atypiques-chalets.com\/wp-content\/uploads\/2023\/11\/photo-pannier-gourmand-1.webp 1024w, https:\/\/les-atypiques-chalets.com\/wp-content\/uploads\/2023\/11\/photo-pannier-gourmand-1-300x300.webp 300w, https:\/\/les-atypiques-chalets.com\/wp-content\/uploads\/2023\/11\/photo-pannier-gourmand-1-150x150.webp 150w, https:\/\/les-atypiques-chalets.com\/wp-content\/uploads\/2023\/11\/photo-pannier-gourmand-1-600x600.webp 600w, https:\/\/les-atypiques-chalets.com\/wp-content\/uploads\/2023\/11\/photo-pannier-gourmand-1-768x768.webp 768w, https:\/\/les-atypiques-chalets.com\/wp-content\/uploads\/2023\/11\/photo-pannier-gourmand-1-720x720.webp 720w\" sizes=\"(max-width: 1024px) 100vw, 1024px\" \/>                                        <img decoding=\"async\" width=\"1000\" height=\"1000\" src=\"https:\/\/les-atypiques-chalets.com\/wp-content\/uploads\/2021\/05\/chalet-iorek-salon.webp\" alt=\"Chalet IOKEK, Salon, Aufenthaltsraum der Atypiques Chalets in G\u00e9rardmer in den Vogesen. Chalet f\u00fcr 4\/5 Personen. A-Form\" srcset=\"https:\/\/les-atypiques-chalets.com\/wp-content\/uploads\/2021\/05\/chalet-iorek-salon.webp 1000w, https:\/\/les-atypiques-chalets.com\/wp-content\/uploads\/2021\/05\/chalet-iorek-salon-300x300.webp 300w, https:\/\/les-atypiques-chalets.com\/wp-content\/uploads\/2021\/05\/chalet-iorek-salon-150x150.webp 150w, https:\/\/les-atypiques-chalets.com\/wp-content\/uploads\/2021\/05\/chalet-iorek-salon-600x600.webp 600w, https:\/\/les-atypiques-chalets.com\/wp-content\/uploads\/2021\/05\/chalet-iorek-salon-768x768.webp 768w, https:\/\/les-atypiques-chalets.com\/wp-content\/uploads\/2021\/05\/chalet-iorek-salon-720x720.webp 720w\" sizes=\"(max-width: 1000px) 100vw, 1000px\" \/>                                        <img decoding=\"async\" width=\"1000\" height=\"1000\" src=\"https:\/\/les-atypiques-chalets.com\/wp-content\/uploads\/2021\/05\/chalet-iorek-chambre1.webp\" alt=\"Chalet IOKEK, chambre. Les Atypiques Chalets \u00e0 Gerardmer dans les Vosges. Chalet pour 4\/5 personnes\" srcset=\"https:\/\/les-atypiques-chalets.com\/wp-content\/uploads\/2021\/05\/chalet-iorek-chambre1.webp 1000w, https:\/\/les-atypiques-chalets.com\/wp-content\/uploads\/2021\/05\/chalet-iorek-chambre1-300x300.webp 300w, https:\/\/les-atypiques-chalets.com\/wp-content\/uploads\/2021\/05\/chalet-iorek-chambre1-150x150.webp 150w, https:\/\/les-atypiques-chalets.com\/wp-content\/uploads\/2021\/05\/chalet-iorek-chambre1-600x600.webp 600w, https:\/\/les-atypiques-chalets.com\/wp-content\/uploads\/2021\/05\/chalet-iorek-chambre1-768x768.webp 768w, https:\/\/les-atypiques-chalets.com\/wp-content\/uploads\/2021\/05\/chalet-iorek-chambre1-720x720.webp 720w\" sizes=\"(max-width: 1000px) 100vw, 1000px\" \/>                                        <img decoding=\"async\" width=\"1000\" height=\"1000\" src=\"https:\/\/les-atypiques-chalets.com\/wp-content\/uploads\/2021\/05\/chalet-iorek-chambre2.webp\" alt=\"Chalet IOKEK, chambre mezzanine. Les Atypiques Chalets \u00e0 Gerardmer dans les Vosges. Chalet pour 4\/5 personnes\" srcset=\"https:\/\/les-atypiques-chalets.com\/wp-content\/uploads\/2021\/05\/chalet-iorek-chambre2.webp 1000w, https:\/\/les-atypiques-chalets.com\/wp-content\/uploads\/2021\/05\/chalet-iorek-chambre2-300x300.webp 300w, https:\/\/les-atypiques-chalets.com\/wp-content\/uploads\/2021\/05\/chalet-iorek-chambre2-150x150.webp 150w, https:\/\/les-atypiques-chalets.com\/wp-content\/uploads\/2021\/05\/chalet-iorek-chambre2-600x600.webp 600w, https:\/\/les-atypiques-chalets.com\/wp-content\/uploads\/2021\/05\/chalet-iorek-chambre2-768x768.webp 768w, https:\/\/les-atypiques-chalets.com\/wp-content\/uploads\/2021\/05\/chalet-iorek-chambre2-720x720.webp 720w\" sizes=\"(max-width: 1000px) 100vw, 1000px\" \/>                                        <img decoding=\"async\" width=\"1000\" height=\"1000\" src=\"https:\/\/les-atypiques-chalets.com\/wp-content\/uploads\/2021\/05\/chalet-iorek03.webp\" alt=\"Chalet IOKEK, cuisine, s\u00e9jour. Les Atypiques Chalets \u00e0 Gerardmer dans les Vosges. Chalet pour 4\/5 personnes\" srcset=\"https:\/\/les-atypiques-chalets.com\/wp-content\/uploads\/2021\/05\/chalet-iorek03.webp 1000w, https:\/\/les-atypiques-chalets.com\/wp-content\/uploads\/2021\/05\/chalet-iorek03-300x300.webp 300w, https:\/\/les-atypiques-chalets.com\/wp-content\/uploads\/2021\/05\/chalet-iorek03-150x150.webp 150w, https:\/\/les-atypiques-chalets.com\/wp-content\/uploads\/2021\/05\/chalet-iorek03-600x600.webp 600w, https:\/\/les-atypiques-chalets.com\/wp-content\/uploads\/2021\/05\/chalet-iorek03-768x768.webp 768w, https:\/\/les-atypiques-chalets.com\/wp-content\/uploads\/2021\/05\/chalet-iorek03-720x720.webp 720w\" sizes=\"(max-width: 1000px) 100vw, 1000px\" \/>                                        <img decoding=\"async\" width=\"1000\" height=\"1000\" src=\"https:\/\/les-atypiques-chalets.com\/wp-content\/uploads\/2021\/05\/chalet-iorek01.webp\" alt=\"Chalet IOKEK, salon. Les Atypiques Chalets \u00e0 Gerardmer dans les Vosges. Chalet pour 4\/5 personnes\" srcset=\"https:\/\/les-atypiques-chalets.com\/wp-content\/uploads\/2021\/05\/chalet-iorek01.webp 1000w, https:\/\/les-atypiques-chalets.com\/wp-content\/uploads\/2021\/05\/chalet-iorek01-300x300.webp 300w, https:\/\/les-atypiques-chalets.com\/wp-content\/uploads\/2021\/05\/chalet-iorek01-150x150.webp 150w, https:\/\/les-atypiques-chalets.com\/wp-content\/uploads\/2021\/05\/chalet-iorek01-600x600.webp 600w, https:\/\/les-atypiques-chalets.com\/wp-content\/uploads\/2021\/05\/chalet-iorek01-768x768.webp 768w, https:\/\/les-atypiques-chalets.com\/wp-content\/uploads\/2021\/05\/chalet-iorek01-720x720.webp 720w\" sizes=\"(max-width: 1000px) 100vw, 1000px\" \/>                                        <img decoding=\"async\" width=\"512\" height=\"512\" src=\"https:\/\/les-atypiques-chalets.com\/wp-content\/uploads\/2023\/10\/cropped-logo-atypiques-chalets-icone.webp\" alt=\"\" srcset=\"https:\/\/les-atypiques-chalets.com\/wp-content\/uploads\/2023\/10\/cropped-logo-atypiques-chalets-icone.webp 512w, https:\/\/les-atypiques-chalets.com\/wp-content\/uploads\/2023\/10\/cropped-logo-atypiques-chalets-icone-300x300.webp 300w, https:\/\/les-atypiques-chalets.com\/wp-content\/uploads\/2023\/10\/cropped-logo-atypiques-chalets-icone-150x150.webp 150w, https:\/\/les-atypiques-chalets.com\/wp-content\/uploads\/2023\/10\/cropped-logo-atypiques-chalets-icone-100x100.webp 100w, https:\/\/les-atypiques-chalets.com\/wp-content\/uploads\/2023\/10\/cropped-logo-atypiques-chalets-icone-270x270.webp 270w, https:\/\/les-atypiques-chalets.com\/wp-content\/uploads\/2023\/10\/cropped-logo-atypiques-chalets-icone-192x192.webp 192w, https:\/\/les-atypiques-chalets.com\/wp-content\/uploads\/2023\/10\/cropped-logo-atypiques-chalets-icone-180x180.webp 180w, https:\/\/les-atypiques-chalets.com\/wp-content\/uploads\/2023\/10\/cropped-logo-atypiques-chalets-icone-32x32.webp 32w\" sizes=\"(max-width: 512px) 100vw, 512px\" \/>                                        <img decoding=\"async\" width=\"1024\" height=\"1024\" src=\"https:\/\/les-atypiques-chalets.com\/wp-content\/uploads\/2023\/11\/panier-festif-2.webp\" alt=\"Festliche Genusskorb-Auswahl der Atypischen Chalets\" srcset=\"https:\/\/les-atypiques-chalets.com\/wp-content\/uploads\/2023\/11\/panier-festif-2.webp 1024w, https:\/\/les-atypiques-chalets.com\/wp-content\/uploads\/2023\/11\/panier-festif-2-300x300.webp 300w, https:\/\/les-atypiques-chalets.com\/wp-content\/uploads\/2023\/11\/panier-festif-2-150x150.webp 150w, https:\/\/les-atypiques-chalets.com\/wp-content\/uploads\/2023\/11\/panier-festif-2-600x600.webp 600w, https:\/\/les-atypiques-chalets.com\/wp-content\/uploads\/2023\/11\/panier-festif-2-768x768.webp 768w, https:\/\/les-atypiques-chalets.com\/wp-content\/uploads\/2023\/11\/panier-festif-2-780x780.webp 780w, https:\/\/les-atypiques-chalets.com\/wp-content\/uploads\/2023\/11\/panier-festif-2-550x550.webp 550w, https:\/\/les-atypiques-chalets.com\/wp-content\/uploads\/2023\/11\/panier-festif-2-370x370.webp 370w, https:\/\/les-atypiques-chalets.com\/wp-content\/uploads\/2023\/11\/panier-festif-2-255x255.webp 255w\" sizes=\"(max-width: 1024px) 100vw, 1024px\" \/>                                        <img decoding=\"async\" width=\"1000\" height=\"1000\" src=\"https:\/\/les-atypiques-chalets.com\/wp-content\/uploads\/2021\/05\/chalet-iorek-sejour.webp\" alt=\"Chalet IOKEK, s\u00e9jour, cuisine, des Atypiques Chalets \u00e0 Gerardmer dans les Vosges. Chalet pour 4\/5 personnes. Forme en A\" srcset=\"https:\/\/les-atypiques-chalets.com\/wp-content\/uploads\/2021\/05\/chalet-iorek-sejour.webp 1000w, https:\/\/les-atypiques-chalets.com\/wp-content\/uploads\/2021\/05\/chalet-iorek-sejour-300x300.webp 300w, https:\/\/les-atypiques-chalets.com\/wp-content\/uploads\/2021\/05\/chalet-iorek-sejour-150x150.webp 150w, https:\/\/les-atypiques-chalets.com\/wp-content\/uploads\/2021\/05\/chalet-iorek-sejour-600x600.webp 600w, https:\/\/les-atypiques-chalets.com\/wp-content\/uploads\/2021\/05\/chalet-iorek-sejour-768x768.webp 768w, https:\/\/les-atypiques-chalets.com\/wp-content\/uploads\/2021\/05\/chalet-iorek-sejour-720x720.webp 720w\" sizes=\"(max-width: 1000px) 100vw, 1000px\" \/>                                    <\/p>\n<h3><span class=\"ez-toc-section\" id=\"Nos_clients_parlent_des_Atypique_Chalets\"><\/span>Nos clients parlent<br \/>des Atypique Chalets<span class=\"ez-toc-section-end\"><\/span><\/h3>\n<p>                                                        bonjour, super endroit, id\u00e9al pour faire du VTT ou du v\u00e9lo de route, j&rsquo;ai ador\u00e9.<br \/>\n                                        <img decoding=\"async\" width=\"300\" height=\"300\" src=\"https:\/\/les-atypiques-chalets.com\/wp-content\/uploads\/2023\/11\/0_2-1-300x300.webp\" alt=\"\" srcset=\"https:\/\/les-atypiques-chalets.com\/wp-content\/uploads\/2023\/11\/0_2-1-300x300.webp 300w, https:\/\/les-atypiques-chalets.com\/wp-content\/uploads\/2023\/11\/0_2-1-150x150.webp 150w, https:\/\/les-atypiques-chalets.com\/wp-content\/uploads\/2023\/11\/0_2-1-600x600.webp 600w, https:\/\/les-atypiques-chalets.com\/wp-content\/uploads\/2023\/11\/0_2-1-768x768.webp 768w, https:\/\/les-atypiques-chalets.com\/wp-content\/uploads\/2023\/11\/0_2-1-780x780.webp 780w, https:\/\/les-atypiques-chalets.com\/wp-content\/uploads\/2023\/11\/0_2-1-550x550.webp 550w, https:\/\/les-atypiques-chalets.com\/wp-content\/uploads\/2023\/11\/0_2-1-370x370.webp 370w, https:\/\/les-atypiques-chalets.com\/wp-content\/uploads\/2023\/11\/0_2-1-255x255.webp 255w, https:\/\/les-atypiques-chalets.com\/wp-content\/uploads\/2023\/11\/0_2-1.webp 1024w\" sizes=\"(max-width: 300px) 100vw, 300px\" \/>                                    \t                                \t                                    Julien\t                                    Blogger<br \/>\n                                                                                        Hyper sympa, juste \u00e0 c\u00f4t\u00e9 de G\u00e9rardmer, une belle d\u00e9couverte<br \/>\n                                        <img decoding=\"async\" width=\"300\" height=\"300\" src=\"https:\/\/les-atypiques-chalets.com\/wp-content\/uploads\/2023\/11\/0_2-300x300.webp\" alt=\"\" srcset=\"https:\/\/les-atypiques-chalets.com\/wp-content\/uploads\/2023\/11\/0_2-300x300.webp 300w, https:\/\/les-atypiques-chalets.com\/wp-content\/uploads\/2023\/11\/0_2-150x150.webp 150w, https:\/\/les-atypiques-chalets.com\/wp-content\/uploads\/2023\/11\/0_2-600x600.webp 600w, https:\/\/les-atypiques-chalets.com\/wp-content\/uploads\/2023\/11\/0_2-768x768.webp 768w, https:\/\/les-atypiques-chalets.com\/wp-content\/uploads\/2023\/11\/0_2-780x780.webp 780w, https:\/\/les-atypiques-chalets.com\/wp-content\/uploads\/2023\/11\/0_2-550x550.webp 550w, https:\/\/les-atypiques-chalets.com\/wp-content\/uploads\/2023\/11\/0_2-370x370.webp 370w, https:\/\/les-atypiques-chalets.com\/wp-content\/uploads\/2023\/11\/0_2-255x255.webp 255w, https:\/\/les-atypiques-chalets.com\/wp-content\/uploads\/2023\/11\/0_2.webp 1024w\" sizes=\"(max-width: 300px) 100vw, 300px\" \/>                                    \t                                \t                                    Fran\u00e7ois\t                                    Blogger<br \/>\n                                                                                        Tr\u00e8s belle prestation, lieu agr\u00e9able et chalet cocoon tout en bois ! Belle d\u00e9couverte..<br \/>\n                                        <img decoding=\"async\" width=\"300\" height=\"300\" src=\"https:\/\/les-atypiques-chalets.com\/wp-content\/uploads\/2023\/11\/0_1-300x300.webp\" alt=\"\" srcset=\"https:\/\/les-atypiques-chalets.com\/wp-content\/uploads\/2023\/11\/0_1-300x300.webp 300w, https:\/\/les-atypiques-chalets.com\/wp-content\/uploads\/2023\/11\/0_1-150x150.webp 150w, https:\/\/les-atypiques-chalets.com\/wp-content\/uploads\/2023\/11\/0_1-600x600.webp 600w, https:\/\/les-atypiques-chalets.com\/wp-content\/uploads\/2023\/11\/0_1-768x768.webp 768w, https:\/\/les-atypiques-chalets.com\/wp-content\/uploads\/2023\/11\/0_1-780x780.webp 780w, https:\/\/les-atypiques-chalets.com\/wp-content\/uploads\/2023\/11\/0_1-550x550.webp 550w, https:\/\/les-atypiques-chalets.com\/wp-content\/uploads\/2023\/11\/0_1-370x370.webp 370w, https:\/\/les-atypiques-chalets.com\/wp-content\/uploads\/2023\/11\/0_1-255x255.webp 255w, https:\/\/les-atypiques-chalets.com\/wp-content\/uploads\/2023\/11\/0_1.webp 1024w\" sizes=\"(max-width: 300px) 100vw, 300px\" \/>                                    \t                                \t                                    Mich\u00e8le\t                                    Blogger\t\t\t\t\t\t\t\t\t                            <\/p>\n<h3><span class=\"ez-toc-section\" id=\"Inscrivez-vous_a_notre_news\"><\/span>Inscrivez-vous \u00e0 notre news<span class=\"ez-toc-section-end\"><\/span><\/h3>\n<p>\t\t\t<!-- Mailchimp for WordPress v4.9.9 - https:\/\/wordpress.org\/plugins\/mailchimp-for-wp\/ --><\/p>\n<form id=\"mc4wp-form-3\" method=\"post\" data-id=\"7\" data-name=\"Newsletter\" action=\"\" >\n  <input type=\"email\" name=\"EMAIL\" placeholder=\"Your Email Address\" required=\"\"><br \/>\n  <button type=\"submit\">Abonnieren<\/button><\/p>\n<p>\n  <label><br \/>\n    <input name=\"AGREE_TO_TERMS\" type=\"checkbox\" value=\"1\" required=\"\"><br \/>\n    I agree to the <a href=\"#\" target=\"_blank\" rel=\"noopener noreferrer\">Privacy Policy<\/a><br \/>\n  <\/label>\n<\/p>\n<p><label style=\"display: none !important;\">Laissez ce champ vide si vous \u00eates humain\u00a0: <input type=\"text\" name=\"_mc4wp_honeypot\" value=\"\" tabindex=\"-1\" autocomplete=\"off\" \/><\/label><input type=\"hidden\" name=\"_mc4wp_timestamp\" value=\"1700128773\" \/><input type=\"hidden\" name=\"_mc4wp_form_id\" value=\"7\" \/><input type=\"hidden\" name=\"_mc4wp_form_element_id\" value=\"mc4wp-form-3\" \/><input type=\"hidden\" name=\"trp-form-language\" value=\"de\"\/><\/form>\n<p><!-- \/ Mailchimp for WordPress Plugin -->\t\t<\/p>\n<h3><span class=\"ez-toc-section\" id=\"Contactez-nous\"><\/span>Kontaktieren Sie uns<span class=\"ez-toc-section-end\"><\/span><\/h3>\n<p role=\"status\" aria-live=\"polite\" aria-atomic=\"true\">\n<ul><\/ul>\n<form action=\"\/dev\/wp-admin\/admin-ajax.php#wpcf7-f8161-o3\" method=\"post\" aria-label=\"Formulaire de contact\" novalidate=\"novalidate\" data-status=\"init\" data-trp-original-action=\"\/dev\/wp-admin\/admin-ajax.php#wpcf7-f8161-o3\">\n<input type=\"hidden\" name=\"_wpcf7\" value=\"8161\" \/><br \/>\n<input type=\"hidden\" name=\"_wpcf7_version\" value=\"5.8.3\" \/><br \/>\n<input type=\"hidden\" name=\"_wpcf7_locale\" value=\"fr_FR\" \/><br \/>\n<input type=\"hidden\" name=\"_wpcf7_unit_tag\" value=\"wpcf7-f8161-o3\" \/><br \/>\n<input type=\"hidden\" name=\"_wpcf7_container_post\" value=\"0\" \/><br \/>\n<input type=\"hidden\" name=\"_wpcf7_posted_data_hash\" value=\"\" \/><input type=\"hidden\" name=\"trp-form-language\" value=\"de\"\/><\/p>\n<p><label> Your name<br \/>\n<input size=\"40\" autocomplete=\"name\" aria-required=\"true\" aria-invalid=\"false\" value=\"\" type=\"text\" name=\"your-name\" \/> <\/label>\n<\/p>\n<p><label> Your email<br \/>\n<input size=\"40\" autocomplete=\"email\" aria-required=\"true\" aria-invalid=\"false\" value=\"\" type=\"email\" name=\"your-email\" \/> <\/label>\n<\/p>\n<p><label> Betreff<br \/>\n<input size=\"40\" aria-required=\"true\" aria-invalid=\"false\" value=\"\" type=\"text\" name=\"your-subject\" \/> <\/label>\n<\/p>\n<p><label> Your message (optional)<br \/>\n<textarea cols=\"40\" rows=\"10\" aria-invalid=\"false\" name=\"your-message\"><\/textarea> <\/label>\n<\/p>\n<p><input type=\"submit\" value=\"Einreichen\" \/>\n<\/p>\n<\/form>","protected":false},"excerpt":{"rendered":"<p>Entdecken Sie die makellosen Pisten des Skigebiets G\u00e9rardmer, ein Paradies in den Vogesen, wo jede Kurve ein neues Abenteuer ist! Perfekt f\u00fcr Ihren Winterurlaub.<\/p>\n<a href=\"https:\/\/les-atypiques-chalets.com\/de\/rejoignez-laventure-a-gerardmer-reservez-votre-sejour\/\" class=\"sohohotel-more-link\">Read More<\/a>","protected":false},"author":1,"featured_media":7873,"comment_status":"closed","ping_status":"closed","sticky":false,"template":"","format":"standard","meta":{"_yoast_wpseo_title":"\"G\u00e9rardmer Ski : L'\u00c9vasion Hivernale Parfaite","_yoast_wpseo_metadesc":"\"Rejoignez l'aventure \u00e0 G\u00e9rardmer \u2013 r\u00e9servez votre s\u00e9jour !\"","_yoast_wpseo_focuskw":"#G\u00e9rardmer #Ski #Vosges #PistesEnneig\u00e9es #H\u00e9bergementSki #\u00c9quipementSki #ForfaitsSki #\u00c9colesDeSki #Apr\u00e8sSki #CuisineLocale #AventuresEstivales #Comp\u00e9titionsSki #SkiDurable #HorsPiste","footnotes":""},"categories":[670],"tags":[657,658,659,660,661,662,663,664,665,666,667,668,669,671],"class_list":["post-6459","post","type-post","status-publish","format-standard","has-post-thumbnail","hentry","category-ski-gerardmer","tag-apres-ski","tag-aventures-estivales","tag-competitions-de-ski","tag-cuisine-locale","tag-ecoles-de-ski","tag-equipement-de-ski","tag-forfaits-de-ski","tag-gerardmer","tag-hebergement-ski","tag-hors-piste","tag-pistes-enneigees","tag-ski","tag-ski-durable","tag-vosges"],"_links":{"self":[{"href":"https:\/\/les-atypiques-chalets.com\/de\/wp-json\/wp\/v2\/posts\/6459","targetHints":{"allow":["GET"]}}],"collection":[{"href":"https:\/\/les-atypiques-chalets.com\/de\/wp-json\/wp\/v2\/posts"}],"about":[{"href":"https:\/\/les-atypiques-chalets.com\/de\/wp-json\/wp\/v2\/types\/post"}],"author":[{"embeddable":true,"href":"https:\/\/les-atypiques-chalets.com\/de\/wp-json\/wp\/v2\/users\/1"}],"replies":[{"embeddable":true,"href":"https:\/\/les-atypiques-chalets.com\/de\/wp-json\/wp\/v2\/comments?post=6459"}],"version-history":[{"count":0,"href":"https:\/\/les-atypiques-chalets.com\/de\/wp-json\/wp\/v2\/posts\/6459\/revisions"}],"wp:featuredmedia":[{"embeddable":true,"href":"https:\/\/les-atypiques-chalets.com\/de\/wp-json\/wp\/v2\/media\/7873"}],"wp:attachment":[{"href":"https:\/\/les-atypiques-chalets.com\/de\/wp-json\/wp\/v2\/media?parent=6459"}],"wp:term":[{"taxonomy":"category","embeddable":true,"href":"https:\/\/les-atypiques-chalets.com\/de\/wp-json\/wp\/v2\/categories?post=6459"},{"taxonomy":"post_tag","embeddable":true,"href":"https:\/\/les-atypiques-chalets.com\/de\/wp-json\/wp\/v2\/tags?post=6459"}],"curies":[{"name":"wp","href":"https:\/\/api.w.org\/{rel}","templated":true}]}}