{"id":75840,"date":"2024-07-31T07:32:35","date_gmt":"2024-07-31T07:32:35","guid":{"rendered":"https:\/\/les-atypiques-chalets.com\/?p=75840"},"modified":"2025-05-21T19:10:17","modified_gmt":"2025-05-21T19:10:17","slug":"idees-de-week-end-a-gerardmer","status":"publish","type":"post","link":"https:\/\/les-atypiques-chalets.com\/de\/idees-de-week-end-a-gerardmer\/","title":{"rendered":"Wochenendideen in G\u00e9rardmer"},"content":{"rendered":"<div class=\"wpb-content-wrapper\"><div class=\"vc_row wpb_row vc_row-fluid\"><div class=\"wpb_column vc_column_container vc_col-sm-12\"><div class=\"vc_column-inner\"><div class=\"wpb_wrapper\">\n\t<div class=\"wpb_text_column wpb_content_element\" >\n\t\t<div class=\"wpb_wrapper\">\n\t\t\t<h1>Wochenendideen in G\u00e9rardmer<\/h1>\n\n\t\t<\/div>\n\t<\/div>\n<\/div><\/div><\/div><\/div><div class=\"vc_row wpb_row vc_row-fluid\"><div class=\"wpb_column vc_column_container vc_col-sm-12\"><div class=\"vc_column-inner\"><div class=\"wpb_wrapper\"><div class=\"vc_separator wpb_content_element vc_separator_align_center vc_sep_width_100 vc_sep_pos_align_center wpb_content_element vc_separator-has-text\" ><span class=\"vc_sep_holder vc_sep_holder_l\"><span style=\"border-color:#683c16;\" class=\"vc_sep_line\"><\/span><\/span><h4>Die Ungew\u00f6hnlichen Chalets<\/h4><span class=\"vc_sep_holder vc_sep_holder_r\"><span style=\"border-color:#683c16;\" class=\"vc_sep_line\"><\/span><\/span>\n<\/div>\t\t\n\t\t\t\t\n\t\t\t<!-- BEGIN .shb-accommodation-listing-filter-sorting -->\n\t\t\t<div class=\"shb-accommodation-listing-filter-sorting shb-clearfix\">\n\t\t\t\n\t\t\t\t\t\t\t\n\t\t\t\t<div class=\"shb-accommodation-listing-filter shb-clearfix\">\n\t\t\t\t\t<p>Filtern nach:<\/p>\n\t\t\t\t\t<ul>\n\t\t\t\t\t\t<li class=\"shb-filter-current\"><a href=\"https:\/\/les-atypiques-chalets.com\/de\/wp-json\/wp\/v2\/posts\/75840?shb-orderby=2\">All<\/a><\/li><li class=\"\"><a href=\"https:\/\/les-atypiques-chalets.com\/de\/wp-json\/wp\/v2\/posts\/75840?shb-orderby=2&shb-accommodation-type=chalet-4-personnes-gerardmer\">Chalet f\u00fcr 4 Personen<\/a><\/li><li class=\"\"><a href=\"https:\/\/les-atypiques-chalets.com\/de\/wp-json\/wp\/v2\/posts\/75840?shb-orderby=2&shb-accommodation-type=chalet-6-personnes\">Chalet f\u00fcr 6 Personen<\/a><\/li><li class=\"\"><a href=\"https:\/\/les-atypiques-chalets.com\/de\/wp-json\/wp\/v2\/posts\/75840?shb-orderby=2&shb-accommodation-type=chalets-6-personnes\">Chalets f\u00fcr 6 Personen<\/a><\/li>\t\t\t\t\t<\/ul>\n\t\t\t\t<\/div>\n\t\t\t\n\t\t\t\t\t\t\t\n\t\t\t\t\t\t\t\n\t\t\t\t<div class=\"shb-accommodation-listing-sorting shb-clearfix\">\n\t\t\t\t\t<select>\n\t\t\t\t\t\t<option value=\"https:\/\/les-atypiques-chalets.com\/de\/wp-json\/wp\/v2\/posts\/75840?shb-accommodation-type=0\" selected>Standard-Sortierung<\/option><option value=\"https:\/\/les-atypiques-chalets.com\/de\/wp-json\/wp\/v2\/posts\/75840?shb-accommodation-type=0&shb-orderby=1\" >Preis niedrig bis hoch<\/option><option value=\"https:\/\/les-atypiques-chalets.com\/de\/wp-json\/wp\/v2\/posts\/75840?shb-accommodation-type=0&shb-orderby=2\" >Preis hoch bis niedrig<\/option>\t\t\t\t\t<\/select>\n\t\t\t\t\t<i class=\"fas fa-chevron-down\"><\/i>\n\t\t\t\t<\/div>\n\t\t\t\n\t\t\t\t\t\n\t\t\t<!-- END .shb-accommodation-listing-filter-sorting -->\n\t\t\t<\/div>\n\t\t\n\t\t\t\t\n\t\t<!-- BEGIN .shb-accommodation-listing-style-1 -->\n\t\t<div class=\"shb-accommodation-listing-style-1 shb-accommodation-listing-style-1-columns-3\">\n\t\t\t\n\t\t\t\t\n\t\t\t<!-- BEGIN .shb-accommodation-listing-item -->\n\t\t\t<div class=\"shb-accommodation-listing-item\">\n\t\t\t\n\t\t\t\t\t\t\t\t\t<a href=\"https:\/\/les-atypiques-chalets.com\/de\/chalet-charkhan\/\" rel=\"bookmark\" title=\"Chalet Charkhan\">\n\t\t\t\t\t\t\t\t\t\t\t\t<img decoding=\"async\" class=\"shb-accommodation-listing-image\" src=\"https:\/\/les-atypiques-chalets.com\/wp-content\/uploads\/2025\/03\/salon-charkhan-03-L-1180x675.webp\" alt=\"Chalet Charkhan\" \/>\t\t\t\t\t<\/a>\n\t\t\t\t\t\t\t\n\t\t\t\t<div class=\"shb-accommodation-listing-description-wrapper\">\n\t\t\t\t\n\t\t\t\t\t<h3><a href=\"https:\/\/les-atypiques-chalets.com\/de\/chalet-charkhan\/\" rel=\"bookmark\" title=\"Chalet Charkhan\">Chalet Charkhan<\/a><\/h3>\n\t\t\t\t\n\t\t\t\t\t<div class=\"shb-accommodation-listing-description shb-clearfix\">\n\t\t\t\t\t\t<ul>\r\n<li><i class=\"fas fa-user\"><\/i><span>Kapazit\u00e4t<\/span> 6 Personen<\/li>\r\n<li><i class=\"fas fa-ruler-combined\"><\/i><span>Oberfl\u00e4che<\/span> 65 m\u00b2<\/li>\r\n<li><i class=\"fas fa-hot-tub\"><\/i><span> Nordische Badewanne<\/span> privativ<\/li>\r\n<\/ul>\t\t\t\t\t\t<a href=\"https:\/\/les-atypiques-chalets.com\/de\/chalet-charkhan\/\" class=\"shb-accommodation-listing-button1\">ab 225\u20ac\/Nacht<\/a>\n\t\t\t\t\t\t<a href=\"https:\/\/les-atypiques-chalets.com\/de\/chalet-charkhan\/\" class=\"shb-accommodation-listing-button2\">Zimmer anzeigen<i class=\"fas fa-chevron-right\"><\/i><\/a>\n\t\t\t\t\t<\/div>\n\t\t\t\t\n\t\t\t\t<\/div>\n\t\t\t\n\t\t\t<!-- END .shb-accommodation-listing-item -->\n\t\t\t<\/div>\n\t\t\n\t\t\t\t\n\t\t\t<!-- BEGIN .shb-accommodation-listing-item -->\n\t\t\t<div class=\"shb-accommodation-listing-item\">\n\t\t\t\n\t\t\t\t\t\t\t\t\t<a href=\"https:\/\/les-atypiques-chalets.com\/de\/chalet-aslan\/\" rel=\"bookmark\" title=\"Chalet Aslan\">\n\t\t\t\t\t\t\t\t\t\t\t\t<img decoding=\"async\" class=\"shb-accommodation-listing-image\" src=\"https:\/\/les-atypiques-chalets.com\/wp-content\/uploads\/2025\/03\/ASLAN-2-900x710.webp\" alt=\"Chalet Aslan\" \/>\t\t\t\t\t<\/a>\n\t\t\t\t\t\t\t\n\t\t\t\t<div class=\"shb-accommodation-listing-description-wrapper\">\n\t\t\t\t\n\t\t\t\t\t<h3><a href=\"https:\/\/les-atypiques-chalets.com\/de\/chalet-aslan\/\" rel=\"bookmark\" title=\"Chalet Aslan\">Chalet Aslan<\/a><\/h3>\n\t\t\t\t\n\t\t\t\t\t<div class=\"shb-accommodation-listing-description shb-clearfix\">\n\t\t\t\t\t\t<ul>\r\n<li><i class=\"fas fa-user\"><\/i><span>Kapazit\u00e4t<\/span> 5 Personen<\/li>\r\n<li><i class=\"fas fa-ruler-combined\"><\/i><span>Oberfl\u00e4che<\/span> 65 m\u00b2<\/li>\r\n<li><i class=\"fas fa-hot-tub\"><\/i><span> Nordische Badewanne<\/span> privativ<\/li>\r\n<\/ul>\t\t\t\t\t\t<a href=\"https:\/\/les-atypiques-chalets.com\/de\/chalet-aslan\/\" class=\"shb-accommodation-listing-button1\">ab 215 \u20ac\/Nacht<\/a>\n\t\t\t\t\t\t<a href=\"https:\/\/les-atypiques-chalets.com\/de\/chalet-aslan\/\" class=\"shb-accommodation-listing-button2\">Zimmer anzeigen<i class=\"fas fa-chevron-right\"><\/i><\/a>\n\t\t\t\t\t<\/div>\n\t\t\t\t\n\t\t\t\t<\/div>\n\t\t\t\n\t\t\t<!-- END .shb-accommodation-listing-item -->\n\t\t\t<\/div>\n\t\t\n\t\t\t\t\n\t\t\t<!-- BEGIN .shb-accommodation-listing-item -->\n\t\t\t<div class=\"shb-accommodation-listing-item\">\n\t\t\t\n\t\t\t\t\t\t\t\t\t<a href=\"https:\/\/les-atypiques-chalets.com\/de\/chalet-iorik\/\" rel=\"bookmark\" title=\"Chalet Iorik\">\n\t\t\t\t\t\t\t\t\t\t\t\t<img decoding=\"async\" class=\"shb-accommodation-listing-image\" src=\"https:\/\/les-atypiques-chalets.com\/wp-content\/uploads\/2025\/09\/iorik-sejour-L-1024x710.webp\" alt=\"Chalet Iorik\" \/>\t\t\t\t\t<\/a>\n\t\t\t\t\t\t\t\n\t\t\t\t<div class=\"shb-accommodation-listing-description-wrapper\">\n\t\t\t\t\n\t\t\t\t\t<h3><a href=\"https:\/\/les-atypiques-chalets.com\/de\/chalet-iorik\/\" rel=\"bookmark\" title=\"Chalet Iorik\">Chalet Iorik<\/a><\/h3>\n\t\t\t\t\n\t\t\t\t\t<div class=\"shb-accommodation-listing-description shb-clearfix\">\n\t\t\t\t\t\t<ul>\r\n<li><i class=\"fas fa-user\"><\/i><span>Kapazit\u00e4t<\/span> 4 Personen<\/li>\r\n<li><i class=\"fas fa-ruler-combined\"><\/i><span>Oberfl\u00e4che<\/span> 45 m2<\/li>\r\n<li><i class=\"fas fa-hot-tub\"><\/i><span> Nordische Badewanne<\/span> privativ<\/li>\r\n<\/ul>\t\t\t\t\t\t<a href=\"https:\/\/les-atypiques-chalets.com\/de\/chalet-iorik\/\" class=\"shb-accommodation-listing-button1\">ab 170\u20ac\/Nacht<\/a>\n\t\t\t\t\t\t<a href=\"https:\/\/les-atypiques-chalets.com\/de\/chalet-iorik\/\" class=\"shb-accommodation-listing-button2\">Zimmer anzeigen<i class=\"fas fa-chevron-right\"><\/i><\/a>\n\t\t\t\t\t<\/div>\n\t\t\t\t\n\t\t\t\t<\/div>\n\t\t\t\n\t\t\t<!-- END .shb-accommodation-listing-item -->\n\t\t\t<\/div>\n\t\t\n\t\t\t\t\t\n\t\t<!-- END .shb-accommodation-listing-style-1 -->\n\t\t<\/div>\n\t\n\t\t\n\t\t\t\n\t\t<div class=\"shb-clearboth\"><\/div>\n\t\t<div class=\"shb-accommodation-listing-1-pagination\">\n\t\t\t\t<\/div>\n\t\t\n\t\t\n\t<div class=\"vc_separator wpb_content_element vc_separator_align_center vc_sep_width_100 vc_sep_pos_align_center wpb_content_element vc_separator-has-text\" ><span class=\"vc_sep_holder vc_sep_holder_l\"><span style=\"border-color:#683c16;\" class=\"vc_sep_line\"><\/span><\/span><h4>Die Ungew\u00f6hnlichen Chalets<\/h4><span class=\"vc_sep_holder vc_sep_holder_r\"><span style=\"border-color:#683c16;\" class=\"vc_sep_line\"><\/span><\/span>\n<\/div><\/div><\/div><\/div><\/div><div class=\"vc_row wpb_row vc_row-fluid\"><div class=\"wpb_column vc_column_container vc_col-sm-12\"><div class=\"vc_column-inner\"><div class=\"wpb_wrapper\">\n\t<div class=\"wpb_text_column wpb_content_element\" >\n\t\t<div class=\"wpb_wrapper\">\n\t\t\t<h3><span style=\"color: #683c16;\"><strong>Einf\u00fchrung<\/strong><\/span><\/h3>\n<hr \/>\n<p>Situ\u00e9e au c\u0153ur des Vosges, G\u00e9rardmer est une destination id\u00e9ale pour un week-end d&rsquo;\u00e9vasion. Que vous soyez amateur de nature, de sports ou simplement \u00e0 la recherche de d\u00e9tente, cette charmante ville de montagne a tout pour plaire. Dans cet article, nous vous proposons de d\u00e9couvrir les meilleures id\u00e9es pour un week-end \u00e0 G\u00e9rardmer, avec des activit\u00e9s vari\u00e9es, des h\u00e9bergements adapt\u00e9s \u00e0 tous les budgets, et des conseils pratiques pour un s\u00e9jour inoubliable.<\/p>\n<h3><span style=\"color: #683c16;\"><strong>Pourquoi choisir G\u00e9rardmer<br \/>\npour un week-end ?<\/strong><\/span><\/h3>\n<hr \/>\n<p>G\u00e9rardmer, surnomm\u00e9e la \u00ab Perle des <a href=\"https:\/\/les-atypiques-chalets.com\/de\/vivez-la-veritable-magie-dun-noel-en-montagne-dans-les-vosges\/\"  data-wpil-monitor-id=\"832\">Vogesen<\/a> \u00bb, est une ville qui attire les visiteurs tout au long de l&rsquo;ann\u00e9e gr\u00e2ce \u00e0 son environnement naturel exceptionnel. Nich\u00e9e entre for\u00eats et montagnes, elle offre un cadre id\u00e9al pour se ressourcer loin de l&rsquo;agitation urbaine. Le climat, avec ses hivers <a href=\"https:\/\/les-atypiques-chalets.com\/de\/tag\/pistes-enneigees\/\"  data-wpil-monitor-id=\"2285\">enneig\u00e9s<\/a> et ses \u00e9t\u00e9s doux, permet de profiter d&rsquo;activit\u00e9s diversifi\u00e9es en toute saison.<\/p>\n<h2><span style=\"color: #683c16;\"><strong>Comment se rendre \u00e0 G\u00e9rardmer ?<\/strong><\/span><\/h2>\n<hr \/>\n<p>Que vous veniez en voiture, en train ou en bus, G\u00e9rardmer est facilement accessible. En voiture, depuis Paris, il faut compter environ 4 heures de route. En train, la gare la plus proche est celle de Remiremont, avec des correspondances en bus ou en taxi pour rejoindre <a href=\"https:\/\/les-atypiques-chalets.com\/de\/visitez-les-marches-de-gerardmer\/\"  data-wpil-monitor-id=\"471\">G\u00e9rardmer<\/a>. Pour ceux qui pr\u00e9f\u00e8rent les transports en commun, plusieurs lignes de bus desservent \u00e9galement la ville.<\/p>\n<h3><span style=\"color: #683c16;\"><strong>Les activit\u00e9s incontournables \u00e0 G\u00e9rardmer<\/strong><\/span><\/h3>\n<hr \/>\n<p><strong>Activit\u00e9s nature<\/strong><\/p>\n<ul>\n<li><strong>Randonn\u00e9e autour du <a href=\"https:\/\/les-atypiques-chalets.com\/de\/visitez-le-parc-naturel-de-gerardmer\/\"  data-wpil-monitor-id=\"415\">Lac de G\u00e9rardmer<\/a><\/strong> : Le lac de G\u00e9rardmer est le joyau de la ville. Une promenade autour du lac, qui dure environ 1h30, permet de profiter de magnifiques vues sur l&rsquo;eau et les montagnes environnantes.<\/li>\n<li><strong>Promenades en for\u00eat<\/strong> : Les sentiers de randonn\u00e9e \u00e0 travers les for\u00eats vosgiennes sont nombreux et bien balis\u00e9s, offrant des possibilit\u00e9s pour tous les niveaux.<\/li>\n<\/ul>\n<p><strong>Sports et aventures<\/strong><\/p>\n<ul>\n<li><strong>Ski et sports d&rsquo;hiver<\/strong> : En hiver, <a href=\"https:\/\/les-atypiques-chalets.com\/de\/rejoignez-laventure-a-gerardmer-reservez-votre-sejour\/\"  data-wpil-monitor-id=\"735\">G\u00e9rardmer devient une station de ski<\/a> pris\u00e9e, avec des pistes pour tous les niveaux. Le domaine skiable de la Mauselaine est parfait pour les amateurs de glisse.<\/li>\n<li><strong>VTT et cyclisme<\/strong> : En \u00e9t\u00e9, les montagnes environnantes sont un terrain de jeu id\u00e9al pour les cyclistes, avec des parcours vari\u00e9s et des paysages \u00e9poustouflants.<\/li>\n<\/ul>\n<h3><span style=\"color: #683c16;\"><strong>D\u00e9tente et relaxation<\/strong><\/span><\/h3>\n<hr \/>\n<ul>\n<li><strong>Spa et centres de bien-\u00eatre<\/strong> : Apr\u00e8s une journ\u00e9e d&rsquo;activit\u00e9s, rien de tel qu&rsquo;un moment de d\u00e9tente dans l&rsquo;un des nombreux spas de la ville. Massages, hammams et jacuzzis sont au rendez-vous pour une relaxation totale.<\/li>\n<li><strong>Promenade en bateau sur le lac<\/strong> : Pour une exp\u00e9rience plus tranquille, une promenade en bateau sur le <a href=\"https:\/\/les-atypiques-chalets.com\/de\/decouvrez-le-lac-de-gerardmer\/\"  data-wpil-monitor-id=\"427\">lac est une activit\u00e9 relaxante qui permet de d\u00e9couvrir G\u00e9rardmer<\/a> sous un autre angle.<\/li>\n<\/ul>\n<h3><span style=\"color: #683c16;\"><strong>D\u00e9couverte culinaire \u00e0 G\u00e9rardmer<\/strong><\/span><\/h3>\n<hr \/>\n<p>G\u00e9rardmer est \u00e9galement une destination gourmande. Les sp\u00e9cialit\u00e9s locales, comme les fameuses charcuteries vosgiennes, le munster fermier ou encore les myrtilles sauvages, sont \u00e0 d\u00e9guster sans mod\u00e9ration. Parmi les restaurants \u00e0 ne pas manquer, on trouve Le Couchetat et La Table du Rouan.<\/p>\n<h3><span style=\"color: #683c16;\"><strong>H\u00e9bergements \u00e0 G\u00e9rardmer<\/strong><\/span><\/h3>\n<hr \/>\n<p><strong>H\u00f4tels et auberges<\/strong><\/p>\n<ul>\n<li><strong>Options de luxe<\/strong> : Si vous cherchez un s\u00e9jour tout confort, des h\u00f4tels comme Le Grand H\u00f4tel &amp; <a href=\"https:\/\/les-atypiques-chalets.com\/de\/tag\/spa\/\"  data-wpil-monitor-id=\"2132\">Spa<\/a> offrent des prestations haut de gamme avec vue sur le lac.<\/li>\n<li><strong>H\u00e9bergements abordables<\/strong> : Pour les budgets plus serr\u00e9s, l&rsquo;h\u00f4tel Les Reflets du Lac propose un bon rapport qualit\u00e9-prix tout en offrant une vue imprenable sur le lac.<\/li>\n<\/ul>\n<p><strong>G\u00eetes et chambres d&rsquo;h\u00f4tes<\/strong><\/p>\n<ul>\n<li><strong>S\u00e9jours chez l&rsquo;habitant<\/strong> : Pour une exp\u00e9rience plus authentique, les chambres d&rsquo;h\u00f4tes comme Les Reflets Bleus offrent un accueil chaleureux et des conseils personnalis\u00e9s pour votre s\u00e9jour.<\/li>\n<li><strong>Locations saisonni\u00e8res<\/strong> : Si vous pr\u00e9f\u00e9rez l&rsquo;ind\u00e9pendance, de nombreux <a href=\"https:\/\/les-atypiques-chalets.com\/de\/\">g\u00eetes et chalets<\/a> sont disponibles \u00e0 la location, parfaits pour un s\u00e9jour en famille ou entre amis.<\/li>\n<\/ul>\n<p><strong>Camping et h\u00e9bergements insolites<\/strong><\/p>\n<ul>\n<li><strong>Camping sauvage<\/strong> : Pour les amoureux de la nature, le camping sauvage est une option populaire dans les Vosges, avec plusieurs emplacements <a href=\"https:\/\/les-atypiques-chalets.com\/de\/location-proche-lac-gerardmer-decouvrez-les-atypiques-chalets-pour-un-sejour-inoubliable\/\"  data-wpil-monitor-id=\"869\">proches de G\u00e9rardmer<\/a>.<\/li>\n<li><strong>Cabane dans les arbres<\/strong> : Pour une <a href=\"https:\/\/les-atypiques-chalets.com\/de\/hebergement-romantique-pour-les-couples-vivez-une-experience-unique-dans-nos-chalets-atypiques\/\"  data-wpil-monitor-id=\"1011\">exp\u00e9rience unique<\/a>, pourquoi ne pas passer la nuit dans une cabane perch\u00e9e dans les arbres ? Un choix id\u00e9al pour un week-end romantique ou en famille.<\/li>\n<\/ul>\n<h3><span style=\"color: #683c16;\"><strong>Id\u00e9es d&rsquo;itin\u00e9raires pour un week-end parfait<\/strong><\/span><\/h3>\n<hr \/>\n<p><strong>Jour 1 : D\u00e9couverte du lac et des alentours<\/strong><\/p>\n<ul>\n<li><strong>Matin\u00e9e : Randonn\u00e9e autour du lac<\/strong> &#8211; Commencez votre s\u00e9jour par une randonn\u00e9e autour du lac pour vous impr\u00e9gner de l&rsquo;atmosph\u00e8re sereine de G\u00e9rardmer.<\/li>\n<li><strong>Apr\u00e8s-midi : Visite du centre-ville<\/strong> &#8211; Explorez le centre-ville avec ses boutiques artisanales, son march\u00e9 local et ses charmantes ruelles.<\/li>\n<\/ul>\n<p><strong>Jour 2 : <a href=\"https:\/\/les-atypiques-chalets.com\/de\/les-10-choses-a-faire-a-gerardmer-en-ete\/\"  data-wpil-monitor-id=\"1655\">Aventures en plein air<\/a> et d\u00e9tente<\/strong><\/p>\n<ul>\n<li><strong>Matin\u00e9e : <a href=\"https:\/\/les-atypiques-chalets.com\/de\/tag\/ski\/\"  data-wpil-monitor-id=\"2260\">Ski<\/a> ou VTT<\/strong> &#8211; Pour les amateurs de sensations fortes, commencez la journ\u00e9e par une session de ski ou de VTT selon la saison.<\/li>\n<li><strong>Apr\u00e8s-midi : D\u00e9tente dans un spa<\/strong> &#8211; Apr\u00e8s l&rsquo;effort, rien de tel qu&rsquo;un moment de d\u00e9tente dans un <a href=\"https:\/\/les-atypiques-chalets.com\/de\/week-end-spa-dans-un-chalet-avec-bain-nordique-privatif-dans-les-vosges\/\"  data-wpil-monitor-id=\"533\">spa pour conclure votre week-end<\/a> en beaut\u00e9.<\/li>\n<\/ul>\n<h3><span style=\"color: #683c16;\"><strong>Les \u00e9v\u00e9nements<br \/>\net festivit\u00e9s \u00e0 ne pas manquer<\/strong><\/span><\/h3>\n<hr \/>\n<p>G\u00e9rardmer est \u00e9galement r\u00e9put\u00e9e pour ses \u00e9v\u00e9nements culturels et festifs. Parmi les plus c\u00e9l\u00e8bres, on retrouve le Carnaval de G\u00e9rardmer, qui attire chaque ann\u00e9e des milliers de visiteurs, et le Festival du Film Fantastique, une r\u00e9f\u00e9rence pour les amateurs de cin\u00e9ma de genre.<\/p>\n<p><strong>Conseils pratiques pour un week-end r\u00e9ussi<\/strong><\/p>\n<p>Pour profiter pleinement de votre s\u00e9jour, pensez \u00e0 bien pr\u00e9parer votre valise en fonction de la saison. En hiver, des v\u00eatements chauds et imperm\u00e9ables sont indispensables, tandis qu&rsquo;en \u00e9t\u00e9, n&rsquo;oubliez pas votre cr\u00e8me solaire et des chaussures de randonn\u00e9e. Pour \u00e9conomiser, r\u00e9servez vos h\u00e9bergements et activit\u00e9s \u00e0 l&rsquo;avance, et consultez les offres sp\u00e9ciales disponibles sur les sites de tourisme.<\/p>\n<h3><span style=\"color: #683c16;\"><strong>Schlussfolgerung<\/strong><\/span><\/h3>\n<hr \/>\n<p>G\u00e9rardmer est une destination id\u00e9ale pour un week-end d\u00e9paysant, que vous soyez en qu\u00eate de nature, d&rsquo;aventures ou de d\u00e9tente. Avec ses paysages enchanteurs, ses activit\u00e9s vari\u00e9es et son accueil chaleureux, cette ville des <a href=\"https:\/\/les-atypiques-chalets.com\/de\/sejour-detente-dans-un-chalet-avec-bain-nordique-et-sauna-dans-les-vosges\/\"  data-wpil-monitor-id=\"550\">Vosges saura vous charmer et vous offrir un s\u00e9jour<\/a> inoubliable.<\/p>\n<h3><strong>H\u00e4ufig gestellte Fragen<\/strong><\/h3>\n<hr \/>\n<ol>\n<li><strong>Quelle est la <a href=\"https:\/\/les-atypiques-chalets.com\/de\/les-meilleurs-bars-et-cafes-de-gerardmer\/\"  data-wpil-monitor-id=\"451\">meilleure p\u00e9riode pour visiter G\u00e9rardmer<\/a> ?<\/strong>\n<ul>\n<li>La meilleure p\u00e9riode d\u00e9pend de vos pr\u00e9f\u00e9rences : l&rsquo;hiver pour le ski, l&rsquo;\u00e9t\u00e9 pour les randonn\u00e9es et les activit\u00e9s en plein air.<\/li>\n<\/ul>\n<\/li>\n<li><strong>G\u00e9rardmer est-il adapt\u00e9 pour un week-end en famille ?<\/strong>\n<ul>\n<li>Oui, G\u00e9rardmer offre de nombreuses activit\u00e9s adapt\u00e9es aux familles, comme la promenade autour du lac, le parc d&rsquo;aventures et les visites culturelles.<\/li>\n<\/ul>\n<\/li>\n<li><strong>Quels sont les meilleurs <a href=\"https:\/\/les-atypiques-chalets.com\/de\/hebergement-romantique-pour-les-couples\/\"  data-wpil-monitor-id=\"1766\">h\u00e9bergements pour un s\u00e9jour romantique<\/a> ?<\/strong>\n<ul>\n<li>Pour un s\u00e9jour romantique, optez pour un h\u00f4tel avec spa comme Le Grand H\u00f4tel &amp; Spa, ou une cabane dans les arbres pour une exp\u00e9rience unique.<\/li>\n<\/ul>\n<\/li>\n<li><strong><a href=\"https:\/\/les-atypiques-chalets.com\/de\/comment-economiser-sur-votre-location-de-chalet-a-gerardmer\/\"  data-wpil-monitor-id=\"1182\">Comment organiser un week-end \u00e9conomique \u00e0 G\u00e9rardmer<\/a> ?<\/strong>\n<ul>\n<li>Pour un week-end \u00e9conomique, r\u00e9servez \u00e0 l&rsquo;avance, choisissez des h\u00e9bergements abordables comme les g\u00eetes, et profitez des activit\u00e9s gratuites comme la randonn\u00e9e.<\/li>\n<\/ul>\n<\/li>\n<li><strong>Quelles sont les activit\u00e9s adapt\u00e9es pour les enfants \u00e0 G\u00e9rardmer ?<\/strong>\n<ul>\n<li>Les activit\u00e9s pour enfants incluent le parc d&rsquo;aventures, les promenades en for\u00eat, et les visites de fermes locales.<\/li>\n<\/ul>\n<\/li>\n<\/ol>\n\n\t\t<\/div>\n\t<\/div>\n<\/div><\/div><\/div><\/div>\n<\/div>","protected":false},"excerpt":{"rendered":"Chalet IORIK Capacit\u00e9: 4 personnes Superficie: 45 m2 Bain Nordique: privatif Description de notre Chalet Iorik dans les Vosges Id\u00e9al pour les couples ou les petites familles, le Chalet IORIK est un \u00e9crin de douceur pouvant accueillir jusqu\u2019\u00e0 4 personnes. Avec ses 2 chambres cosy et ces 2 lits de 140\u00d7190, il vous promet des<a href=\"https:\/\/les-atypiques-chalets.com\/de\/chalet-aslan\/\" class=\"sohohotel-more-link\">Read More<\/a>","protected":false},"author":1,"featured_media":75861,"comment_status":"closed","ping_status":"open","sticky":false,"template":"","format":"standard","meta":{"_yoast_wpseo_title":"Week-end \u00e0 G\u00e9rardmer","_yoast_wpseo_metadesc":"D\u00e9couvrez les meilleures id\u00e9es pour un week-end \u00e0 G\u00e9rardmer et r\u00e9servez d\u00e8s maintenant !","_yoast_wpseo_focuskw":"#VacancesG\u00e9rardmer #WeekendG\u00e9rardmer #TourismeVosges #Activit\u00e9sG\u00e9rardmer #SkiVosges #Randonn\u00e9eVosges #D\u00e9tenteG\u00e9rardmer #EscapadeNature","footnotes":""},"categories":[707],"tags":[753,822,1114,1177,758,708,710,922,711,1175,923,1008,1176,671,1174],"class_list":["post-75840","post","type-post","status-publish","format-standard","has-post-thumbnail","hentry","category-gerardmer","tag-activites-gerardmer","tag-detente-gerardmer","tag-escapade-gerardmer","tag-evenements-gerardmer","tag-hebergements-gerardmer","tag-lac-de-gerardmer","tag-randonnee-gerardmer","tag-sejour-gerardmer","tag-ski-gerardmer","tag-specialites-gerardmer","tag-tourisme-gerardmer","tag-vacances-gerardmer","tag-visites-gerardmer","tag-vosges","tag-week-end-gerardmer"],"_links":{"self":[{"href":"https:\/\/les-atypiques-chalets.com\/de\/wp-json\/wp\/v2\/posts\/75840","targetHints":{"allow":["GET"]}}],"collection":[{"href":"https:\/\/les-atypiques-chalets.com\/de\/wp-json\/wp\/v2\/posts"}],"about":[{"href":"https:\/\/les-atypiques-chalets.com\/de\/wp-json\/wp\/v2\/types\/post"}],"author":[{"embeddable":true,"href":"https:\/\/les-atypiques-chalets.com\/de\/wp-json\/wp\/v2\/users\/1"}],"replies":[{"embeddable":true,"href":"https:\/\/les-atypiques-chalets.com\/de\/wp-json\/wp\/v2\/comments?post=75840"}],"version-history":[{"count":0,"href":"https:\/\/les-atypiques-chalets.com\/de\/wp-json\/wp\/v2\/posts\/75840\/revisions"}],"wp:featuredmedia":[{"embeddable":true,"href":"https:\/\/les-atypiques-chalets.com\/de\/wp-json\/wp\/v2\/media\/75861"}],"wp:attachment":[{"href":"https:\/\/les-atypiques-chalets.com\/de\/wp-json\/wp\/v2\/media?parent=75840"}],"wp:term":[{"taxonomy":"category","embeddable":true,"href":"https:\/\/les-atypiques-chalets.com\/de\/wp-json\/wp\/v2\/categories?post=75840"},{"taxonomy":"post_tag","embeddable":true,"href":"https:\/\/les-atypiques-chalets.com\/de\/wp-json\/wp\/v2\/tags?post=75840"}],"curies":[{"name":"wp","href":"https:\/\/api.w.org\/{rel}","templated":true}]}}