{"id":78714,"date":"2024-08-01T08:33:20","date_gmt":"2024-08-01T08:33:20","guid":{"rendered":"https:\/\/les-atypiques-chalets.com\/?p=78714"},"modified":"2025-05-21T12:46:26","modified_gmt":"2025-05-21T12:46:26","slug":"visitez-le-parc-naturel-de-gerardmer","status":"publish","type":"post","link":"https:\/\/les-atypiques-chalets.com\/de\/visitez-le-parc-naturel-de-gerardmer\/","title":{"rendered":"Visitez le parc naturel de G\u00e9rardmer"},"content":{"rendered":"<div class=\"wpb-content-wrapper\"><div class=\"vc_row wpb_row vc_row-fluid\"><div class=\"wpb_column vc_column_container vc_col-sm-12\"><div class=\"vc_column-inner\"><div class=\"wpb_wrapper\">\n\t<div class=\"wpb_text_column wpb_content_element\" >\n\t\t<div class=\"wpb_wrapper\">\n\t\t\t<h1><span style=\"color: #683c16;\">Visitez le parc naturel<\/span><br \/>\n<span style=\"color: #683c16;\">de G\u00e9rardmer<\/span><\/h1>\n\n\t\t<\/div>\n\t<\/div>\n<\/div><\/div><\/div><\/div><div class=\"vc_row wpb_row vc_row-fluid\"><div class=\"wpb_column vc_column_container vc_col-sm-12\"><div class=\"vc_column-inner\"><div class=\"wpb_wrapper\"><div class=\"vc_separator wpb_content_element vc_separator_align_center vc_sep_width_100 vc_sep_pos_align_center wpb_content_element vc_separator-has-text\" ><span class=\"vc_sep_holder vc_sep_holder_l\"><span style=\"border-color:#683c16;\" class=\"vc_sep_line\"><\/span><\/span><h4>Les Atypiques Chalets - Sauna et Bain nordique - privatif<\/h4><span class=\"vc_sep_holder vc_sep_holder_r\"><span style=\"border-color:#683c16;\" class=\"vc_sep_line\"><\/span><\/span>\n<\/div>\t\t\n\t\t\t\t\n\t\t\t<!-- BEGIN .shb-accommodation-listing-filter-sorting -->\n\t\t\t<div class=\"shb-accommodation-listing-filter-sorting shb-clearfix\">\n\t\t\t\n\t\t\t\t\t\t\t\n\t\t\t\t<div class=\"shb-accommodation-listing-filter shb-clearfix\">\n\t\t\t\t\t<p>Filtern nach:<\/p>\n\t\t\t\t\t<ul>\n\t\t\t\t\t\t<li class=\"shb-filter-current\"><a href=\"https:\/\/les-atypiques-chalets.com\/de\/wp-json\/wp\/v2\/posts\/78714?shb-orderby=2\">All<\/a><\/li><li class=\"\"><a href=\"https:\/\/les-atypiques-chalets.com\/de\/wp-json\/wp\/v2\/posts\/78714?shb-orderby=2&shb-accommodation-type=chalet-4-personnes-gerardmer\">Chalet f\u00fcr 4 Personen<\/a><\/li><li class=\"\"><a href=\"https:\/\/les-atypiques-chalets.com\/de\/wp-json\/wp\/v2\/posts\/78714?shb-orderby=2&shb-accommodation-type=chalet-6-personnes\">Chalet f\u00fcr 6 Personen<\/a><\/li><li class=\"\"><a href=\"https:\/\/les-atypiques-chalets.com\/de\/wp-json\/wp\/v2\/posts\/78714?shb-orderby=2&shb-accommodation-type=chalets-6-personnes\">Chalets f\u00fcr 6 Personen<\/a><\/li>\t\t\t\t\t<\/ul>\n\t\t\t\t<\/div>\n\t\t\t\n\t\t\t\t\t\t\t\n\t\t\t\t\t\t\t\n\t\t\t\t<div class=\"shb-accommodation-listing-sorting shb-clearfix\">\n\t\t\t\t\t<select>\n\t\t\t\t\t\t<option value=\"https:\/\/les-atypiques-chalets.com\/de\/wp-json\/wp\/v2\/posts\/78714?shb-accommodation-type=0\" selected>Standard-Sortierung<\/option><option value=\"https:\/\/les-atypiques-chalets.com\/de\/wp-json\/wp\/v2\/posts\/78714?shb-accommodation-type=0&shb-orderby=1\" >Preis niedrig bis hoch<\/option><option value=\"https:\/\/les-atypiques-chalets.com\/de\/wp-json\/wp\/v2\/posts\/78714?shb-accommodation-type=0&shb-orderby=2\" >Preis hoch bis niedrig<\/option>\t\t\t\t\t<\/select>\n\t\t\t\t\t<i class=\"fas fa-chevron-down\"><\/i>\n\t\t\t\t<\/div>\n\t\t\t\n\t\t\t\t\t\n\t\t\t<!-- END .shb-accommodation-listing-filter-sorting -->\n\t\t\t<\/div>\n\t\t\n\t\t\t\t\n\t\t<!-- BEGIN .shb-accommodation-listing-style-1 -->\n\t\t<div class=\"shb-accommodation-listing-style-1 shb-accommodation-listing-style-1-columns-3\">\n\t\t\t\n\t\t\t\t\n\t\t\t<!-- BEGIN .shb-accommodation-listing-item -->\n\t\t\t<div class=\"shb-accommodation-listing-item\">\n\t\t\t\n\t\t\t\t\t\t\t\t\t<a href=\"https:\/\/les-atypiques-chalets.com\/de\/chalet-charkhan\/\" rel=\"bookmark\" title=\"Chalet Charkhan\">\n\t\t\t\t\t\t\t\t\t\t\t\t<img decoding=\"async\" class=\"shb-accommodation-listing-image\" src=\"https:\/\/les-atypiques-chalets.com\/wp-content\/uploads\/2025\/03\/salon-charkhan-03-L-1180x675.webp\" alt=\"Chalet Charkhan\" \/>\t\t\t\t\t<\/a>\n\t\t\t\t\t\t\t\n\t\t\t\t<div class=\"shb-accommodation-listing-description-wrapper\">\n\t\t\t\t\n\t\t\t\t\t<h3><a href=\"https:\/\/les-atypiques-chalets.com\/de\/chalet-charkhan\/\" rel=\"bookmark\" title=\"Chalet Charkhan\">Chalet Charkhan<\/a><\/h3>\n\t\t\t\t\n\t\t\t\t\t<div class=\"shb-accommodation-listing-description shb-clearfix\">\n\t\t\t\t\t\t<ul>\r\n<li><i class=\"fas fa-user\"><\/i><span>Kapazit\u00e4t<\/span> 6 Personen<\/li>\r\n<li><i class=\"fas fa-ruler-combined\"><\/i><span>Oberfl\u00e4che<\/span> 65 m\u00b2<\/li>\r\n<li><i class=\"fas fa-hot-tub\"><\/i><span> Nordische Badewanne<\/span> privativ<\/li>\r\n<\/ul>\t\t\t\t\t\t<a href=\"https:\/\/les-atypiques-chalets.com\/de\/chalet-charkhan\/\" class=\"shb-accommodation-listing-button1\">ab 225\u20ac\/Nacht<\/a>\n\t\t\t\t\t\t<a href=\"https:\/\/les-atypiques-chalets.com\/de\/chalet-charkhan\/\" class=\"shb-accommodation-listing-button2\">Zimmer anzeigen<i class=\"fas fa-chevron-right\"><\/i><\/a>\n\t\t\t\t\t<\/div>\n\t\t\t\t\n\t\t\t\t<\/div>\n\t\t\t\n\t\t\t<!-- END .shb-accommodation-listing-item -->\n\t\t\t<\/div>\n\t\t\n\t\t\t\t\n\t\t\t<!-- BEGIN .shb-accommodation-listing-item -->\n\t\t\t<div class=\"shb-accommodation-listing-item\">\n\t\t\t\n\t\t\t\t\t\t\t\t\t<a href=\"https:\/\/les-atypiques-chalets.com\/de\/chalet-aslan\/\" rel=\"bookmark\" title=\"Chalet Aslan\">\n\t\t\t\t\t\t\t\t\t\t\t\t<img decoding=\"async\" class=\"shb-accommodation-listing-image\" src=\"https:\/\/les-atypiques-chalets.com\/wp-content\/uploads\/2025\/03\/ASLAN-2-900x710.webp\" alt=\"Chalet Aslan\" \/>\t\t\t\t\t<\/a>\n\t\t\t\t\t\t\t\n\t\t\t\t<div class=\"shb-accommodation-listing-description-wrapper\">\n\t\t\t\t\n\t\t\t\t\t<h3><a href=\"https:\/\/les-atypiques-chalets.com\/de\/chalet-aslan\/\" rel=\"bookmark\" title=\"Chalet Aslan\">Chalet Aslan<\/a><\/h3>\n\t\t\t\t\n\t\t\t\t\t<div class=\"shb-accommodation-listing-description shb-clearfix\">\n\t\t\t\t\t\t<ul>\r\n<li><i class=\"fas fa-user\"><\/i><span>Kapazit\u00e4t<\/span> 5 Personen<\/li>\r\n<li><i class=\"fas fa-ruler-combined\"><\/i><span>Oberfl\u00e4che<\/span> 65 m\u00b2<\/li>\r\n<li><i class=\"fas fa-hot-tub\"><\/i><span> Nordische Badewanne<\/span> privativ<\/li>\r\n<\/ul>\t\t\t\t\t\t<a href=\"https:\/\/les-atypiques-chalets.com\/de\/chalet-aslan\/\" class=\"shb-accommodation-listing-button1\">ab 215 \u20ac\/Nacht<\/a>\n\t\t\t\t\t\t<a href=\"https:\/\/les-atypiques-chalets.com\/de\/chalet-aslan\/\" class=\"shb-accommodation-listing-button2\">Zimmer anzeigen<i class=\"fas fa-chevron-right\"><\/i><\/a>\n\t\t\t\t\t<\/div>\n\t\t\t\t\n\t\t\t\t<\/div>\n\t\t\t\n\t\t\t<!-- END .shb-accommodation-listing-item -->\n\t\t\t<\/div>\n\t\t\n\t\t\t\t\n\t\t\t<!-- BEGIN .shb-accommodation-listing-item -->\n\t\t\t<div class=\"shb-accommodation-listing-item\">\n\t\t\t\n\t\t\t\t\t\t\t\t\t<a href=\"https:\/\/les-atypiques-chalets.com\/de\/chalet-iorik\/\" rel=\"bookmark\" title=\"Chalet Iorik\">\n\t\t\t\t\t\t\t\t\t\t\t\t<img decoding=\"async\" class=\"shb-accommodation-listing-image\" src=\"https:\/\/les-atypiques-chalets.com\/wp-content\/uploads\/2025\/09\/iorik-sejour-L-1024x710.webp\" alt=\"Chalet Iorik\" \/>\t\t\t\t\t<\/a>\n\t\t\t\t\t\t\t\n\t\t\t\t<div class=\"shb-accommodation-listing-description-wrapper\">\n\t\t\t\t\n\t\t\t\t\t<h3><a href=\"https:\/\/les-atypiques-chalets.com\/de\/chalet-iorik\/\" rel=\"bookmark\" title=\"Chalet Iorik\">Chalet Iorik<\/a><\/h3>\n\t\t\t\t\n\t\t\t\t\t<div class=\"shb-accommodation-listing-description shb-clearfix\">\n\t\t\t\t\t\t<ul>\r\n<li><i class=\"fas fa-user\"><\/i><span>Kapazit\u00e4t<\/span> 4 Personen<\/li>\r\n<li><i class=\"fas fa-ruler-combined\"><\/i><span>Oberfl\u00e4che<\/span> 45 m2<\/li>\r\n<li><i class=\"fas fa-hot-tub\"><\/i><span> Nordische Badewanne<\/span> privativ<\/li>\r\n<\/ul>\t\t\t\t\t\t<a href=\"https:\/\/les-atypiques-chalets.com\/de\/chalet-iorik\/\" class=\"shb-accommodation-listing-button1\">ab 170\u20ac\/Nacht<\/a>\n\t\t\t\t\t\t<a href=\"https:\/\/les-atypiques-chalets.com\/de\/chalet-iorik\/\" class=\"shb-accommodation-listing-button2\">Zimmer anzeigen<i class=\"fas fa-chevron-right\"><\/i><\/a>\n\t\t\t\t\t<\/div>\n\t\t\t\t\n\t\t\t\t<\/div>\n\t\t\t\n\t\t\t<!-- END .shb-accommodation-listing-item -->\n\t\t\t<\/div>\n\t\t\n\t\t\t\t\t\n\t\t<!-- END .shb-accommodation-listing-style-1 -->\n\t\t<\/div>\n\t\n\t\t\n\t\t\t\n\t\t<div class=\"shb-clearboth\"><\/div>\n\t\t<div class=\"shb-accommodation-listing-1-pagination\">\n\t\t\t\t<\/div>\n\t\t\n\t\t\n\t<div class=\"vc_separator wpb_content_element vc_separator_align_center vc_sep_width_100 vc_sep_pos_align_center wpb_content_element vc_separator-has-text\" ><span class=\"vc_sep_holder vc_sep_holder_l\"><span style=\"border-color:#683c16;\" class=\"vc_sep_line\"><\/span><\/span><h4>Les Atypiques Chalets - Sauna et Bain nordique - privatif<\/h4><span class=\"vc_sep_holder vc_sep_holder_r\"><span style=\"border-color:#683c16;\" class=\"vc_sep_line\"><\/span><\/span>\n<\/div><\/div><\/div><\/div><\/div><div class=\"vc_row wpb_row vc_row-fluid\"><div class=\"wpb_column vc_column_container vc_col-sm-12\"><div class=\"vc_column-inner\"><div class=\"wpb_wrapper\">\n\t<div class=\"wpb_text_column wpb_content_element\" >\n\t\t<div class=\"wpb_wrapper\">\n\t\t\t<h3><span style=\"color: #683c16;\">Visitez le parc naturel de G\u00e9rardmer<\/span><\/h3>\n<hr \/>\n<p>G\u00e9rardmer, situ\u00e9e au c\u0153ur des Vosges, est une destination de choix pour les amoureux de la nature. <a href=\"https:\/\/gerardmer.net\/sites-naturels.php#top\" target=\"_blank\" rel=\"noopener nofollow\">Son parc naturel<\/a> est un joyau cach\u00e9 qui offre une multitude de paysages \u00e0 couper le souffle, des montagnes imposantes aux lacs tranquilles, en passant par des for\u00eats verdoyantes. Que vous soyez un amateur de randonn\u00e9es, un passionn\u00e9 de faune ou simplement \u00e0 la recherche d&rsquo;une \u00e9vasion paisible, le parc naturel de G\u00e9rardmer a de quoi combler toutes vos attentes.<\/p>\n<h3><span style=\"color: #683c16;\">Histoire et g\u00e9ographie de G\u00e9rardmer<\/span><\/h3>\n<hr \/>\n<h4><strong>Contexte historique de la r\u00e9gion<\/strong><\/h4>\n<p>G\u00e9rardmer, surnomm\u00e9e la \u00ab\u00a0Perle des Vosges\u00a0\u00bb, poss\u00e8de une riche histoire qui remonte au Moyen \u00c2ge. Son d\u00e9veloppement a \u00e9t\u00e9 largement influenc\u00e9 par l&rsquo;industrie textile et l&rsquo;exploitation des ressources naturelles de la r\u00e9gion. Aujourd&rsquo;hui, elle est surtout connue pour ses magnifiques paysages naturels et son engagement en faveur de la pr\u00e9servation de l&rsquo;environnement.<\/p>\n<h4><strong>Localisation g\u00e9ographique<br \/>\net caract\u00e9ristiques du parc<\/strong><\/h4>\n<p>Situ\u00e9 dans le d\u00e9partement des <a href=\"https:\/\/les-atypiques-chalets.com\/de\/rejoignez-laventure-a-gerardmer-reservez-votre-sejour\/\" data-wpil-monitor-id=\"763\">Vogesen<\/a>, en r\u00e9gion Grand Est, G\u00e9rardmer est entour\u00e9e de montagnes, de lacs et de for\u00eats, ce qui en fait une destination id\u00e9ale pour les amateurs de plein air. <a href=\"https:\/\/www.parc-vosges-nord.fr\/\" target=\"_blank\" rel=\"noopener nofollow\">Le parc naturel<\/a> de G\u00e9rardmer est un espace prot\u00e9g\u00e9 qui s&rsquo;\u00e9tend sur plusieurs hectares, offrant aux visiteurs un aper\u00e7u de la biodiversit\u00e9 locale et des \u00e9cosyst\u00e8mes fragiles.<\/p>\n<h3><span style=\"color: #683c16;\">Les paysages \u00e0 couper le souffle<\/span><\/h3>\n<hr \/>\n<h4><strong>Les montagnes des Vosges<\/strong><\/h4>\n<p>Les montagnes des Vosges dominent le paysage de <a href=\"https:\/\/les-atypiques-chalets.com\/de\/visitez-les-marches-de-gerardmer\/\" data-wpil-monitor-id=\"467\">G\u00e9rardmer<\/a>, offrant des panoramas spectaculaires et une multitude de sentiers de randonn\u00e9e. Que vous soyez un marcheur exp\u00e9riment\u00e9 ou un d\u00e9butant, les sentiers des <a href=\"https:\/\/les-atypiques-chalets.com\/de\/vivez-la-veritable-magie-dun-noel-en-montagne-dans-les-vosges\/\" data-wpil-monitor-id=\"831\">Vogesen<\/a> vous offriront une exp\u00e9rience inoubliable au c\u0153ur de la nature.<\/p>\n<h4><strong>Les lacs et rivi\u00e8res<\/strong><\/h4>\n<p>Le <a href=\"https:\/\/les-atypiques-chalets.com\/de\/decouvrez-le-lac-de-gerardmer\/\" data-wpil-monitor-id=\"424\">Lac de G\u00e9rardmer<\/a>, surnomm\u00e9 le \u00ab\u00a0Lac de Perle\u00a0\u00bb, est l&rsquo;un des principaux attraits de la r\u00e9gion. Avec ses eaux cristallines et ses plages tranquilles, c&rsquo;est l&rsquo;endroit parfait pour une journ\u00e9e de d\u00e9tente ou une promenade en bateau. Les rivi\u00e8res environnantes ajoutent \u00e9galement \u00e0 la beaut\u00e9 naturelle de la r\u00e9gion.<\/p>\n<h4><strong>Les for\u00eats denses<\/strong><\/h4>\n<p>Les for\u00eats qui entourent G\u00e9rardmer sont riches en biodiversit\u00e9 et offrent une ombre bienvenue pendant les chaudes journ\u00e9es d&rsquo;\u00e9t\u00e9. Ces for\u00eats sont le lieu id\u00e9al pour une promenade tranquille, o\u00f9 vous pourrez observer une faune vari\u00e9e et profiter du chant des oiseaux.<\/p>\n<h3><span style=\"color: #683c16;\">La faune et la flore locales<\/span><\/h3>\n<hr \/>\n<h4><strong>Esp\u00e8ces animales \u00e0 observer<\/strong><\/h4>\n<p>Le parc naturel de G\u00e9rardmer abrite une grande vari\u00e9t\u00e9 d&rsquo;esp\u00e8ces animales, y compris des cerfs, des renards, des blaireaux et une multitude d&rsquo;oiseaux. Les amateurs d&rsquo;observation de la faune auront l&rsquo;occasion de voir ces animaux dans leur habitat naturel, ce qui ajoute une dimension fascinante \u00e0 toute visite.<\/p>\n<h4><strong>V\u00e9g\u00e9tation typique de la r\u00e9gion<\/strong><\/h4>\n<p>Die <a href=\"https:\/\/les-atypiques-chalets.com\/de\/explorez-la-faune-et-la-flore-de-gerardmer\/\" data-wpil-monitor-id=\"461\">flore de G\u00e9rardmer est tout aussi impressionnante que sa faune<\/a>. Les for\u00eats sont principalement compos\u00e9es de sapins, de h\u00eatres et de ch\u00eanes, tandis que les prairies et les zones humides abritent une grande diversit\u00e9 de plantes, certaines d&rsquo;entre elles \u00e9tant rares et prot\u00e9g\u00e9es.<\/p>\n<h3><span style=\"color: #683c16;\">Activit\u00e9s \u00e0 faire dans le parc naturel<\/span><\/h3>\n<hr \/>\n<h4><strong>Randonn\u00e9es p\u00e9destres<\/strong><\/h4>\n<p>Die <a href=\"https:\/\/les-atypiques-chalets.com\/de\/les-10-choses-a-faire-a-gerardmer-en-ete\/\" data-wpil-monitor-id=\"1673\">randonn\u00e9e est l&rsquo;une des activit\u00e9s les plus populaires \u00e0 G\u00e9rardmer<\/a>. Le parc naturel offre une multitude de sentiers balis\u00e9s qui varient en difficult\u00e9, permettant \u00e0 chacun de trouver une randonn\u00e9e adapt\u00e9e \u00e0 son niveau. Les <a href=\"https:\/\/les-atypiques-chalets.com\/de\/meilleurs-restaurants-gerardmer-tour-culinaire\/\" data-wpil-monitor-id=\"1981\">vues panoramiques<\/a> depuis les sommets des Vosges sont \u00e0 couper le souffle et r\u00e9compensent tous les efforts.<\/p>\n<h4><strong>Cyclisme et VTT<\/strong><\/h4>\n<p>Pour les amateurs de v\u00e9lo, G\u00e9rardmer propose des pistes cyclables bien entretenues ainsi que des parcours de VTT pour les plus aventureux. Explorer la r\u00e9gion \u00e0 v\u00e9lo est un excellent moyen de d\u00e9couvrir ses paysages vari\u00e9s tout en pratiquant une activit\u00e9 physique.<\/p>\n<h4><strong>Observation de la faune<\/strong><\/h4>\n<p>Les visiteurs qui s&rsquo;int\u00e9ressent \u00e0 la faune ne seront pas d\u00e9\u00e7us. Avec un peu de patience et de discr\u00e9tion, il est possible d&rsquo;observer de nombreuses esp\u00e8ces animales dans leur habitat naturel, une exp\u00e9rience qui ravira petits et grands.<\/p>\n<h3><span style=\"color: #683c16;\"><strong>Les Atypiques Chalets : Un s\u00e9jour inoubliable<\/strong><\/span><\/h3>\n<hr \/>\n<h4><strong>Pr\u00e9sentation des chalets atypiques<\/strong><\/h4>\n<p>Pour ceux qui souhaitent prolonger leur exp\u00e9rience dans la nature, l<a href=\"https:\/\/les-atypiques-chalets.com\/de\/\">es Atypiques Chalets de G\u00e9rardmer<\/a> offrent un h\u00e9bergement unique en son genre. Ces chalets, con\u00e7us pour s&rsquo;int\u00e9grer parfaitement dans l&rsquo;environnement naturel, offrent tout le confort moderne tout en permettant de rester en contact \u00e9troit avec la nature.<\/p>\n<h4><strong>Exp\u00e9rience immersive en pleine nature<\/strong><\/h4>\n<p>Aufenthalt in einem <a href=\"https:\/\/les-atypiques-chalets.com\/de\/a-propos-de-nous\/\" data-wpil-monitor-id=\"435\">chalet atypique<\/a> \u00e0 G\u00e9rardmer, c&rsquo;est vivre une immersion totale en pleine nature. Imaginez-vous vous r\u00e9veiller au son des oiseaux, prendre votre caf\u00e9 en admirant les montagnes, et passer vos soir\u00e9es au coin du feu sous un ciel \u00e9toil\u00e9. C&rsquo;est l&rsquo;exp\u00e9rience ultime pour d\u00e9connecter du stress quotidien et se ressourcer.<\/p>\n<h3><span style=\"color: #683c16;\">Pourquoi choisir G\u00e9rardmer<br \/>\npour vos vacances nature ?<\/span><\/h3>\n<hr \/>\n<h4><strong>Accessibilit\u00e9 et commodit\u00e9s<\/strong><\/h4>\n<p>G\u00e9rardmer est facilement accessible depuis plusieurs grandes villes fran\u00e7aises et europ\u00e9ennes, ce qui en fait une destination id\u00e9ale pour une escapade nature. De plus, la r\u00e9gion offre une gamme compl\u00e8te de commodit\u00e9s, y compris des restaurants, des commerces, et des services de location d&rsquo;\u00e9quipement pour les activit\u00e9s de plein air.<\/p>\n<h4><strong>S\u00e9r\u00e9nit\u00e9 et d\u00e9tente en pleine nature<\/strong><\/h4>\n<p>L&rsquo;une des principales raisons de choisir <a href=\"https:\/\/les-atypiques-chalets.com\/de\/guide-des-boutiques-de-gerardmer\/\" data-wpil-monitor-id=\"653\">G\u00e9rardmer pour vos vacances est la tranquillit\u00e9 qu&rsquo;offre cette r\u00e9gion<\/a>. Loin du tumulte des grandes villes, G\u00e9rardmer vous permet de vous d\u00e9tendre en pleine nature, de respirer l&rsquo;air pur des montagnes, et de vous reconnecter avec vous-m\u00eame.<\/p>\n<h3><span style=\"color: #683c16;\">Conseils pratiques pour votre visite<\/span><\/h3>\n<hr \/>\n<h4><strong>Meilleures p\u00e9riodes pour visiter<\/strong><\/h4>\n<p>Le parc naturel de G\u00e9rardmer est magnifique tout au long de l&rsquo;ann\u00e9e, mais chaque saison offre une exp\u00e9rience diff\u00e9rente. Le printemps et l&rsquo;\u00e9t\u00e9 sont id\u00e9aux pour les randonn\u00e9es et l&rsquo;observation de la faune, tandis que l&rsquo;automne transforme les for\u00eats en un spectacle de couleurs vives. L&rsquo;hiver, avec ses paysages enneig\u00e9s, est parfait pour les sports d&rsquo;hiver et les promenades en raquettes.<\/p>\n<h4><strong>Que pr\u00e9voir pour votre s\u00e9jour<\/strong><\/h4>\n<p>Lorsque vous planifiez votre visite \u00e0 G\u00e9rardmer, il est essentiel de pr\u00e9parer l&rsquo;\u00e9quipement ad\u00e9quat. Des v\u00eatements de plein air confortables, des chaussures de randonn\u00e9e robustes et une protection contre le soleil et les insectes sont indispensables. N&rsquo;oubliez pas d&rsquo;apporter de quoi pique-niquer pour profiter pleinement de votre journ\u00e9e dans la nature.<\/p>\n<h3><span style=\"color: #683c16;\">Schlussfolgerung<\/span><\/h3>\n<hr \/>\n<p><a href=\"https:\/\/les-atypiques-chalets.com\/de\/le-chalet-parfait-a-gerardmer-pour-vos-vacances-dete\/\" data-wpil-monitor-id=\"1171\">G\u00e9rardmer et son parc naturel offrent une escapade parfaite<\/a> pour ceux qui recherchent une exp\u00e9rience immersive dans la nature. Des montagnes majestueuses aux for\u00eats luxuriantes, en passant par des lacs paisibles, G\u00e9rardmer a tout pour s\u00e9duire. Que vous soyez un passionn\u00e9 de randonn\u00e9e, un amoureux des animaux ou simplement \u00e0 la recherche de s\u00e9r\u00e9nit\u00e9, cette r\u00e9gion saura vous offrir des souvenirs inoubliables. Alors, pourquoi attendre ? Pr\u00e9parez vos bagages et venez <a href=\"https:\/\/les-atypiques-chalets.com\/de\/chalet-a-louer-gerardmer-decouvrez-nos-chalets-a-louer-a-gerardmer\/\" data-wpil-monitor-id=\"848\">d\u00e9couvrir la beaut\u00e9 naturelle de G\u00e9rardmer<\/a> !<\/p>\n<hr \/>\n<h3><span style=\"color: #683c16;\"><strong>FAQ<\/strong><\/span><\/h3>\n<hr \/>\n<h4><strong>Quelle est la meilleure saison pour visiter le parc naturel de G\u00e9rardmer ?<\/strong><\/h4>\n<p>Le printemps et l&rsquo;\u00e9t\u00e9 sont parfaits pour les activit\u00e9s de plein air comme la randonn\u00e9e et l&rsquo;observation de la faune, tandis que l&rsquo;hiver est id\u00e9al pour les sports d&rsquo;hiver.<\/p>\n<h4><strong>Les Atypiques Chalets sont-ils adapt\u00e9s aux familles ?<\/strong><\/h4>\n<p>Oui, les <a href=\"https:\/\/les-atypiques-chalets.com\/de\/explorez-les-sentiers-vtt-de-gerardmer-avec-les-atypiques-chalets\/\" data-wpil-monitor-id=\"442\">Au\u00dfergew\u00f6hnliche Chalets<\/a> sont con\u00e7us pour accueillir des familles et offrent tout le confort n\u00e9cessaire pour un s\u00e9jour agr\u00e9able.<\/p>\n<h4><strong>Peut-on observer des esp\u00e8ces rares dans le parc ?<\/strong><\/h4>\n<p>Le parc naturel de G\u00e9rardmer abrite une vari\u00e9t\u00e9 d&rsquo;esp\u00e8ces, dont certaines sont rares et prot\u00e9g\u00e9es. Avec un peu de chance et de patience, vous pourrez les observer.<\/p>\n<h4><strong>Quelles sont les activit\u00e9s incontournables dans la r\u00e9gion ?<\/strong><\/h4>\n<p>La randonn\u00e9e, le VTT, l&rsquo;observation de la faune, et la d\u00e9tente au bord du <a href=\"https:\/\/les-atypiques-chalets.com\/de\/location-proche-lac-gerardmer-decouvrez-les-atypiques-chalets-pour-un-sejour-inoubliable\/\" data-wpil-monitor-id=\"877\">Lac de G\u00e9rardmer<\/a> sont parmi les activit\u00e9s les plus populaires.<\/p>\n<h4><strong>Y a-t-il des options de restauration \u00e0 proximit\u00e9 du parc naturel ?<\/strong><\/h4>\n<p>Oui, <a href=\"https:\/\/les-atypiques-chalets.com\/de\/les-meilleurs-bars-et-cafes-de-gerardmer\/\" data-wpil-monitor-id=\"454\">G\u00e9rardmer offre plusieurs restaurants et caf\u00e9s<\/a> o\u00f9 vous pouvez d\u00e9guster des sp\u00e9cialit\u00e9s locales apr\u00e8s une journ\u00e9e d&rsquo;exploration.<\/p>\n\n\t\t<\/div>\n\t<\/div>\n<\/div><\/div><\/div><\/div>\n<\/div>","protected":false},"excerpt":{"rendered":"Chalet IORIK Capacit\u00e9: 4 personnes Superficie: 45 m2 Bain Nordique: privatif Description de notre Chalet Iorik dans les Vosges Id\u00e9al pour les couples ou les petites familles, le Chalet IORIK est un \u00e9crin de douceur pouvant accueillir jusqu\u2019\u00e0 4 personnes. Avec ses 2 chambres cosy et ces 2 lits de 140\u00d7190, il vous promet des<a href=\"https:\/\/les-atypiques-chalets.com\/de\/chalet-aslan\/\" class=\"sohohotel-more-link\">Read More<\/a>","protected":false},"author":1,"featured_media":78715,"comment_status":"closed","ping_status":"open","sticky":false,"template":"","format":"standard","meta":{"_yoast_wpseo_title":"Visitez le parc naturel de G\u00e9rardmer","_yoast_wpseo_metadesc":"D\u00e9couvrez le parc naturel de G\u00e9rardmer. Planifiez votre visite et r\u00e9servez votre chalet d\u00e8s aujourd'hui !","_yoast_wpseo_focuskw":"#G\u00e9rardmer #Vosges #Nature #Randonn\u00e9e #FauneFlore #VacancesNature #TourismeG\u00e9rardmer #AtypiquesChalets #LacG\u00e9rardmer #VoyageFrance","footnotes":""},"categories":[1178],"tags":[1184,882,1181,1182,1185,708,968,1183,1124,1186,1179,1180,710,1043,1108,1042],"class_list":["post-78714","post","type-post","status-publish","format-standard","has-post-thumbnail","hentry","category-parc-naturel-des-vosges","tag-activites-plein-air-gerardmer","tag-chalets-atypiques-vosges","tag-faune-gerardmer","tag-flore-gerardmer","tag-gerardmer-tourisme","tag-lac-de-gerardmer","tag-les-atypiques-chalets","tag-montagne-des-vosges","tag-nature-gerardmer","tag-observation-faune-vosges","tag-parc-natuel-des-vosges","tag-parc-naturel-gerardmer","tag-randonnee-gerardmer","tag-randonnee-vosges","tag-sejour-nature-gerardmer","tag-vacances-nature-gerardmer"],"_links":{"self":[{"href":"https:\/\/les-atypiques-chalets.com\/de\/wp-json\/wp\/v2\/posts\/78714","targetHints":{"allow":["GET"]}}],"collection":[{"href":"https:\/\/les-atypiques-chalets.com\/de\/wp-json\/wp\/v2\/posts"}],"about":[{"href":"https:\/\/les-atypiques-chalets.com\/de\/wp-json\/wp\/v2\/types\/post"}],"author":[{"embeddable":true,"href":"https:\/\/les-atypiques-chalets.com\/de\/wp-json\/wp\/v2\/users\/1"}],"replies":[{"embeddable":true,"href":"https:\/\/les-atypiques-chalets.com\/de\/wp-json\/wp\/v2\/comments?post=78714"}],"version-history":[{"count":0,"href":"https:\/\/les-atypiques-chalets.com\/de\/wp-json\/wp\/v2\/posts\/78714\/revisions"}],"wp:featuredmedia":[{"embeddable":true,"href":"https:\/\/les-atypiques-chalets.com\/de\/wp-json\/wp\/v2\/media\/78715"}],"wp:attachment":[{"href":"https:\/\/les-atypiques-chalets.com\/de\/wp-json\/wp\/v2\/media?parent=78714"}],"wp:term":[{"taxonomy":"category","embeddable":true,"href":"https:\/\/les-atypiques-chalets.com\/de\/wp-json\/wp\/v2\/categories?post=78714"},{"taxonomy":"post_tag","embeddable":true,"href":"https:\/\/les-atypiques-chalets.com\/de\/wp-json\/wp\/v2\/tags?post=78714"}],"curies":[{"name":"wp","href":"https:\/\/api.w.org\/{rel}","templated":true}]}}