{"id":817088,"date":"2024-12-13T09:12:52","date_gmt":"2024-12-13T09:12:52","guid":{"rendered":"https:\/\/les-atypiques-chalets.com\/?p=817088"},"modified":"2025-05-21T14:26:48","modified_gmt":"2025-05-21T14:26:48","slug":"decouvrez-les-evenements-incontournables-de-gerardmer-en-2025","status":"publish","type":"post","link":"https:\/\/les-atypiques-chalets.com\/de\/decouvrez-les-evenements-incontournables-de-gerardmer-en-2025\/","title":{"rendered":"Entdecken Sie die unumg\u00e4nglichen Veranstaltungen in G\u00e9rardmer 2025"},"content":{"rendered":"<div class=\"wpb-content-wrapper\"><div class=\"vc_row wpb_row vc_row-fluid\"><div class=\"wpb_column vc_column_container vc_col-sm-12\"><div class=\"vc_column-inner\"><div class=\"wpb_wrapper\">\n\t<div class=\"wpb_text_column wpb_content_element\" >\n\t\t<div class=\"wpb_wrapper\">\n\t\t\t<h1 class=\"p1\"><span style=\"color: #683c16;\">D\u00e9couvrez les \u00c9v\u00e9nements<br \/>\nIncontournables<br \/>\nde G\u00e9rardmer en 2025<\/span><\/h1>\n<hr \/>\n<h2 class=\"p1\">Culture, Sport et Traditions<br \/>\nau C\u0153ur des Vosges<\/h2>\n\n\t\t<\/div>\n\t<\/div>\n<\/div><\/div><\/div><\/div><div class=\"vc_row wpb_row vc_row-fluid\"><div class=\"wpb_column vc_column_container vc_col-sm-12\"><div class=\"vc_column-inner\"><div class=\"wpb_wrapper\"><div class=\"vc_empty_space\"   style=\"height: 32px\"><span class=\"vc_empty_space_inner\"><\/span><\/div>\t\n\t<!-- BEGIN .shb-accommodation-listing-style-1 -->\n\t<div class=\"shb-accommodation-listing-style-1 shb-accommodation-listing-style-1-columns-3 sohohotel-owl-carousel-4\">\n\t\t\n\t\t\t\t\n\t\t<!-- BEGIN .shb-accommodation-listing-item -->\n\t\t<div class=\"shb-accommodation-listing-item\">\n\t\t\t\n\t\t\t\t\t\t\t<a href=\"https:\/\/les-atypiques-chalets.com\/de\/chalet-charkhan\/\" rel=\"bookmark\" title=\"Chalet Charkhan\">\n\t\t\t\t\t\t\t\t\t\t<img decoding=\"async\" class=\"shb-accommodation-listing-image\" src=\"https:\/\/les-atypiques-chalets.com\/wp-content\/uploads\/2025\/03\/salon-charkhan-03-L-1180x675.webp\" alt=\"Chalet Charkhan\" \/>\t\t\t\t<\/a>\n\t\t\t\t\t\t\n\t\t\t<div class=\"shb-accommodation-listing-description-wrapper\">\n\t\t\t\t\n\t\t\t\t<h3><a href=\"https:\/\/les-atypiques-chalets.com\/de\/chalet-charkhan\/\" rel=\"bookmark\" title=\"Chalet Charkhan\">Chalet Charkhan<\/a><\/h3>\n\t\t\t\t\n\t\t\t\t<div class=\"shb-accommodation-listing-description shb-clearfix\">\n\t\t\t\t\t\n\t\t\t\t\t<ul>\r\n<li><i class=\"fas fa-user\"><\/i><span>Kapazit\u00e4t<\/span> 6 Personen<\/li>\r\n<li><i class=\"fas fa-ruler-combined\"><\/i><span>Oberfl\u00e4che<\/span> 65 m\u00b2<\/li>\r\n<li><i class=\"fas fa-hot-tub\"><\/i><span> Nordische Badewanne<\/span> privativ<\/li>\r\n<\/ul>\t\t\t\t\t\n\t\t\t\t\t<a href=\"https:\/\/les-atypiques-chalets.com\/de\/chalet-charkhan\/\" class=\"shb-accommodation-listing-button1\">ab 225\u20ac\/Nacht<\/a>\n\t\t\t\t\t<a href=\"https:\/\/les-atypiques-chalets.com\/de\/chalet-charkhan\/\" class=\"shb-accommodation-listing-button2\">Zimmer anzeigen<i class=\"fas fa-chevron-right\"><\/i><\/a>\n\t\t\t\t\n\t\t\t\t<\/div>\n\t\t\t\t\n\t\t\t<\/div>\n\t\t\t\n\t\t<!-- END .shb-accommodation-listing-item -->\n\t\t<\/div>\n\t\t\n\t\t\t\t\n\t\t<!-- BEGIN .shb-accommodation-listing-item -->\n\t\t<div class=\"shb-accommodation-listing-item\">\n\t\t\t\n\t\t\t\t\t\t\t<a href=\"https:\/\/les-atypiques-chalets.com\/de\/chalet-aslan\/\" rel=\"bookmark\" title=\"Chalet Aslan\">\n\t\t\t\t\t\t\t\t\t\t<img decoding=\"async\" class=\"shb-accommodation-listing-image\" src=\"https:\/\/les-atypiques-chalets.com\/wp-content\/uploads\/2025\/03\/ASLAN-2-900x710.webp\" alt=\"Chalet Aslan\" \/>\t\t\t\t<\/a>\n\t\t\t\t\t\t\n\t\t\t<div class=\"shb-accommodation-listing-description-wrapper\">\n\t\t\t\t\n\t\t\t\t<h3><a href=\"https:\/\/les-atypiques-chalets.com\/de\/chalet-aslan\/\" rel=\"bookmark\" title=\"Chalet Aslan\">Chalet Aslan<\/a><\/h3>\n\t\t\t\t\n\t\t\t\t<div class=\"shb-accommodation-listing-description shb-clearfix\">\n\t\t\t\t\t\n\t\t\t\t\t<ul>\r\n<li><i class=\"fas fa-user\"><\/i><span>Kapazit\u00e4t<\/span> 5 Personen<\/li>\r\n<li><i class=\"fas fa-ruler-combined\"><\/i><span>Oberfl\u00e4che<\/span> 65 m\u00b2<\/li>\r\n<li><i class=\"fas fa-hot-tub\"><\/i><span> Nordische Badewanne<\/span> privativ<\/li>\r\n<\/ul>\t\t\t\t\t\n\t\t\t\t\t<a href=\"https:\/\/les-atypiques-chalets.com\/de\/chalet-aslan\/\" class=\"shb-accommodation-listing-button1\">ab 215 \u20ac\/Nacht<\/a>\n\t\t\t\t\t<a href=\"https:\/\/les-atypiques-chalets.com\/de\/chalet-aslan\/\" class=\"shb-accommodation-listing-button2\">Zimmer anzeigen<i class=\"fas fa-chevron-right\"><\/i><\/a>\n\t\t\t\t\n\t\t\t\t<\/div>\n\t\t\t\t\n\t\t\t<\/div>\n\t\t\t\n\t\t<!-- END .shb-accommodation-listing-item -->\n\t\t<\/div>\n\t\t\n\t\t\t\t\n\t\t<!-- BEGIN .shb-accommodation-listing-item -->\n\t\t<div class=\"shb-accommodation-listing-item\">\n\t\t\t\n\t\t\t\t\t\t\t<a href=\"https:\/\/les-atypiques-chalets.com\/de\/chalet-iorik\/\" rel=\"bookmark\" title=\"Chalet Iorik\">\n\t\t\t\t\t\t\t\t\t\t<img decoding=\"async\" class=\"shb-accommodation-listing-image\" src=\"https:\/\/les-atypiques-chalets.com\/wp-content\/uploads\/2025\/09\/iorik-sejour-L-1024x710.webp\" alt=\"Chalet Iorik\" \/>\t\t\t\t<\/a>\n\t\t\t\t\t\t\n\t\t\t<div class=\"shb-accommodation-listing-description-wrapper\">\n\t\t\t\t\n\t\t\t\t<h3><a href=\"https:\/\/les-atypiques-chalets.com\/de\/chalet-iorik\/\" rel=\"bookmark\" title=\"Chalet Iorik\">Chalet Iorik<\/a><\/h3>\n\t\t\t\t\n\t\t\t\t<div class=\"shb-accommodation-listing-description shb-clearfix\">\n\t\t\t\t\t\n\t\t\t\t\t<ul>\r\n<li><i class=\"fas fa-user\"><\/i><span>Kapazit\u00e4t<\/span> 4 Personen<\/li>\r\n<li><i class=\"fas fa-ruler-combined\"><\/i><span>Oberfl\u00e4che<\/span> 45 m2<\/li>\r\n<li><i class=\"fas fa-hot-tub\"><\/i><span> Nordische Badewanne<\/span> privativ<\/li>\r\n<\/ul>\t\t\t\t\t\n\t\t\t\t\t<a href=\"https:\/\/les-atypiques-chalets.com\/de\/chalet-iorik\/\" class=\"shb-accommodation-listing-button1\">ab 170\u20ac\/Nacht<\/a>\n\t\t\t\t\t<a href=\"https:\/\/les-atypiques-chalets.com\/de\/chalet-iorik\/\" class=\"shb-accommodation-listing-button2\">Zimmer anzeigen<i class=\"fas fa-chevron-right\"><\/i><\/a>\n\t\t\t\t\n\t\t\t\t<\/div>\n\t\t\t\t\n\t\t\t<\/div>\n\t\t\t\n\t\t<!-- END .shb-accommodation-listing-item -->\n\t\t<\/div>\n\t\t\n\t\t\t\t\n\t<!-- END .shb-accommodation-listing-style-1 -->\n\t<\/div>\n\t\n\t<\/div><\/div><\/div><\/div><div class=\"vc_row wpb_row vc_row-fluid\"><div class=\"wpb_column vc_column_container vc_col-sm-12\"><div class=\"vc_column-inner\"><div class=\"wpb_wrapper\">\n\t<div  class=\"wpb_single_image wpb_content_element vc_align_left wpb_content_element\">\n\t\t\n\t\t<figure class=\"wpb_wrapper vc_figure\">\n\t\t\t<div class=\"vc_single_image-wrapper   vc_box_border_grey\"><img decoding=\"async\" width=\"1000\" height=\"563\" src=\"https:\/\/les-atypiques-chalets.com\/wp-content\/uploads\/2024\/11\/gerardmer.webp\" class=\"vc_single_image-img attachment-full\" alt=\"Vue du lac de G\u00e9rardmer, entour\u00e9 de for\u00eats et de montagnes dans les Vosges\" title=\"Vue panoramique du lac de G\u00e9rardmer entour\u00e9 de for\u00eats vosgiennes\" srcset=\"https:\/\/les-atypiques-chalets.com\/wp-content\/uploads\/2024\/11\/gerardmer.webp 1000w, https:\/\/les-atypiques-chalets.com\/wp-content\/uploads\/2024\/11\/gerardmer-300x169.webp 300w, https:\/\/les-atypiques-chalets.com\/wp-content\/uploads\/2024\/11\/gerardmer-768x432.webp 768w, https:\/\/les-atypiques-chalets.com\/wp-content\/uploads\/2024\/11\/gerardmer-100x56.webp 100w, https:\/\/les-atypiques-chalets.com\/wp-content\/uploads\/2024\/11\/gerardmer-600x338.webp 600w\" sizes=\"(max-width: 1000px) 100vw, 1000px\" \/><\/div>\n\t\t<\/figure>\n\t<\/div>\n\n\t<div class=\"wpb_text_column wpb_content_element\" >\n\t\t<div class=\"wpb_wrapper\">\n\t\t\t<article class=\"w-full text-token-text-primary focus-visible:outline-2 focus-visible:outline-offset-&#091;-4px&#093; sm:AIPRM__conversation__response\" dir=\"auto\" data-testid=\"conversation-turn-7\" data-scroll-anchor=\"false\">\n<div class=\"text-base py-&#091;18px&#093; px-3 md:px-4 m-auto w-full md:px-5 lg:px-1 xl:px-5\">\n<div class=\"mx-auto flex flex-1 gap-4 text-base md:gap-5 lg:gap-6 md:max-w-3xl lg:max-w-&#091;40rem&#093; xl:max-w-&#091;48rem&#093;\">\n<div class=\"group\/conversation-turn relative flex w-full min-w-0 flex-col agent-turn\">\n<div class=\"flex-col gap-1 md:gap-3\">\n<div class=\"flex max-w-full flex-col flex-grow AIPRM__conversation__response\">\n<div class=\"min-h-&#091;20px&#093; text-message flex w-full flex-col items-end gap-2 whitespace-normal break-words &#091;.text-message+&amp;&#093;:mt-5\" dir=\"auto\" data-message-author-role=\"assistant\" data-message-id=\"08ff1a67-e8fe-4640-b2af-0e74ab8ea162\">\n<div class=\"flex w-full flex-col gap-1 empty:hidden first:pt-&#091;3px&#093;\">\n<div class=\"markdown prose w-full break-words dark:prose-invert light\">G\u00e9rardmer, perle des Vosges, offre une riche palette d&rsquo;\u00e9v\u00e9nements culturels et sportifs tout au long de l&rsquo;ann\u00e9e 2025. Voici un aper\u00e7u des activit\u00e9s pr\u00e9vues, mois par mois, avec les dates et liens correspondants.<\/div>\n<\/div>\n<\/div>\n<\/div>\n<\/div>\n<\/div>\n<\/div>\n<\/div>\n<\/article>\n\n\t\t<\/div>\n\t<\/div>\n<\/div><\/div><\/div><\/div><div class=\"vc_row wpb_row vc_row-fluid\"><div class=\"wpb_column vc_column_container vc_col-sm-12\"><div class=\"vc_column-inner\"><div class=\"wpb_wrapper\">\n\t<div  class=\"wpb_single_image wpb_content_element vc_align_left wpb_content_element\">\n\t\t\n\t\t<figure class=\"wpb_wrapper vc_figure\">\n\t\t\t<div class=\"vc_single_image-wrapper   vc_box_border_grey\"><img decoding=\"async\" width=\"1456\" height=\"816\" src=\"https:\/\/les-atypiques-chalets.com\/wp-content\/uploads\/2024\/12\/lesatypiques-base-1.webp\" class=\"vc_single_image-img attachment-full\" alt=\"Affiche officielle du 32\u1d49 Festival International du Film Fantastique de G\u00e9rardmer 2025\" title=\"Affiche du 32\u1d49 Festival International du Film Fantastique de G\u00e9rardmer 2025\" srcset=\"https:\/\/les-atypiques-chalets.com\/wp-content\/uploads\/2024\/12\/lesatypiques-base-1.webp 1456w, https:\/\/les-atypiques-chalets.com\/wp-content\/uploads\/2024\/12\/lesatypiques-base-1-300x168.webp 300w, https:\/\/les-atypiques-chalets.com\/wp-content\/uploads\/2024\/12\/lesatypiques-base-1-1024x574.webp 1024w, https:\/\/les-atypiques-chalets.com\/wp-content\/uploads\/2024\/12\/lesatypiques-base-1-768x430.webp 768w, https:\/\/les-atypiques-chalets.com\/wp-content\/uploads\/2024\/12\/lesatypiques-base-1-100x56.webp 100w, https:\/\/les-atypiques-chalets.com\/wp-content\/uploads\/2024\/12\/lesatypiques-base-1-600x336.webp 600w\" sizes=\"(max-width: 1456px) 100vw, 1456px\" \/><\/div>\n\t\t<\/figure>\n\t<\/div>\n\n\t<div class=\"wpb_text_column wpb_content_element\" >\n\t\t<div class=\"wpb_wrapper\">\n\t\t\t<article class=\"w-full text-token-text-primary focus-visible:outline-2 focus-visible:outline-offset-&#091;-4px&#093; sm:AIPRM__conversation__response\" dir=\"auto\" data-testid=\"conversation-turn-7\" data-scroll-anchor=\"false\">\n<div class=\"text-base py-&#091;18px&#093; px-3 md:px-4 m-auto w-full md:px-5 lg:px-1 xl:px-5\">\n<div class=\"mx-auto flex flex-1 gap-4 text-base md:gap-5 lg:gap-6 md:max-w-3xl lg:max-w-&#091;40rem&#093; xl:max-w-&#091;48rem&#093;\">\n<div class=\"group\/conversation-turn relative flex w-full min-w-0 flex-col agent-turn\">\n<div class=\"flex-col gap-1 md:gap-3\">\n<div class=\"flex max-w-full flex-col flex-grow AIPRM__conversation__response\">\n<div class=\"min-h-&#091;20px&#093; text-message flex w-full flex-col items-end gap-2 whitespace-normal break-words &#091;.text-message+&amp;&#093;:mt-5\" dir=\"auto\" data-message-author-role=\"assistant\" data-message-id=\"08ff1a67-e8fe-4640-b2af-0e74ab8ea162\">\n<div class=\"flex w-full flex-col gap-1 empty:hidden first:pt-&#091;3px&#093;\">\n<div class=\"markdown prose w-full break-words dark:prose-invert light\">\n<p><strong>Janvier 2025<\/strong><\/p>\n<ul>\n<li><strong>Festival International du Film Fantastique de G\u00e9rardmer<\/strong> : Du 29 janvier au 2 f\u00e9vrier 2025, ce festival met en lumi\u00e8re le cin\u00e9ma fantastique avec des projections, des rencontres et des comp\u00e9titions.<a href=\"https:\/\/festival-gerardmer.com\/2025\/\" target=\"_blank\" rel=\"noopener nofollow\">Plus d&rsquo;informations<\/a><\/li>\n<\/ul>\n<\/div>\n<\/div>\n<\/div>\n<\/div>\n<\/div>\n<\/div>\n<\/div>\n<\/div>\n<\/article>\n\n\t\t<\/div>\n\t<\/div>\n<\/div><\/div><\/div><\/div><div class=\"vc_row wpb_row vc_row-fluid\"><div class=\"wpb_column vc_column_container vc_col-sm-12\"><div class=\"vc_column-inner\"><div class=\"wpb_wrapper\">\n\t<div  class=\"wpb_single_image wpb_content_element vc_align_left wpb_content_element\">\n\t\t\n\t\t<figure class=\"wpb_wrapper vc_figure\">\n\t\t\t<div class=\"vc_single_image-wrapper   vc_box_border_grey\"><img decoding=\"async\" width=\"1456\" height=\"816\" src=\"https:\/\/les-atypiques-chalets.com\/wp-content\/uploads\/2024\/12\/jonquilles.webp\" class=\"vc_single_image-img attachment-full\" alt=\"Affiche officielle de la 51\u1d49 F\u00eate des Jonquilles de G\u00e9rardmer 2025\" title=\"Affiche de la 51\u1d49 F\u00eate des Jonquilles de G\u00e9rardmer 2025\" srcset=\"https:\/\/les-atypiques-chalets.com\/wp-content\/uploads\/2024\/12\/jonquilles.webp 1456w, https:\/\/les-atypiques-chalets.com\/wp-content\/uploads\/2024\/12\/jonquilles-300x168.webp 300w, https:\/\/les-atypiques-chalets.com\/wp-content\/uploads\/2024\/12\/jonquilles-1024x574.webp 1024w, https:\/\/les-atypiques-chalets.com\/wp-content\/uploads\/2024\/12\/jonquilles-768x430.webp 768w, https:\/\/les-atypiques-chalets.com\/wp-content\/uploads\/2024\/12\/jonquilles-100x56.webp 100w, https:\/\/les-atypiques-chalets.com\/wp-content\/uploads\/2024\/12\/jonquilles-600x336.webp 600w\" sizes=\"(max-width: 1456px) 100vw, 1456px\" \/><\/div>\n\t\t<\/figure>\n\t<\/div>\n\n\t<div class=\"wpb_text_column wpb_content_element\" >\n\t\t<div class=\"wpb_wrapper\">\n\t\t\t<article class=\"w-full text-token-text-primary focus-visible:outline-2 focus-visible:outline-offset-&#091;-4px&#093; sm:AIPRM__conversation__response\" dir=\"auto\" data-testid=\"conversation-turn-7\" data-scroll-anchor=\"false\">\n<div class=\"text-base py-&#091;18px&#093; px-3 md:px-4 m-auto w-full md:px-5 lg:px-1 xl:px-5\">\n<div class=\"mx-auto flex flex-1 gap-4 text-base md:gap-5 lg:gap-6 md:max-w-3xl lg:max-w-&#091;40rem&#093; xl:max-w-&#091;48rem&#093;\">\n<div class=\"group\/conversation-turn relative flex w-full min-w-0 flex-col agent-turn\">\n<div class=\"flex-col gap-1 md:gap-3\">\n<div class=\"flex max-w-full flex-col flex-grow AIPRM__conversation__response\">\n<div class=\"min-h-&#091;20px&#093; text-message flex w-full flex-col items-end gap-2 whitespace-normal break-words &#091;.text-message+&amp;&#093;:mt-5\" dir=\"auto\" data-message-author-role=\"assistant\" data-message-id=\"08ff1a67-e8fe-4640-b2af-0e74ab8ea162\">\n<div class=\"flex w-full flex-col gap-1 empty:hidden first:pt-&#091;3px&#093;\">\n<div class=\"markdown prose w-full break-words dark:prose-invert light\">\n<p><strong>Avril 2025<\/strong><\/p>\n<ul>\n<li><strong>F\u00eate des Jonquilles<\/strong> : Du 4 au 6 avril 2025, G\u00e9rardmer se pare de milliers de jonquilles pour c\u00e9l\u00e9brer le printemps avec un grand corso fleuri et diverses animations.<a href=\"https:\/\/www.fete-des-jonquilles-gerardmer-officiel.fr\/\" target=\"_blank\" rel=\"noopener nofollow\">Plus d&rsquo;informations<\/a><\/li>\n<\/ul>\n<\/div>\n<\/div>\n<\/div>\n<\/div>\n<\/div>\n<\/div>\n<\/div>\n<\/div>\n<\/article>\n\n\t\t<\/div>\n\t<\/div>\n<\/div><\/div><\/div><\/div><div class=\"vc_row wpb_row vc_row-fluid\"><div class=\"wpb_column vc_column_container vc_col-sm-12\"><div class=\"vc_column-inner\"><div class=\"wpb_wrapper\">\n\t<div  class=\"wpb_single_image wpb_content_element vc_align_left wpb_content_element\">\n\t\t\n\t\t<figure class=\"wpb_wrapper vc_figure\">\n\t\t\t<div class=\"vc_single_image-wrapper   vc_box_border_grey\"><img decoding=\"async\" width=\"1456\" height=\"816\" src=\"https:\/\/les-atypiques-chalets.com\/wp-content\/uploads\/2024\/12\/festival-du-film.webp\" class=\"vc_single_image-img attachment-full\" alt=\"Affiche du 60\u1d49 anniversaire du film \u00ab Les Grandes Gueules \u00bb\" title=\"Affiche comm\u00e9morative des 60 ans de \u00ab Les Grandes Gueules \u00bb\" srcset=\"https:\/\/les-atypiques-chalets.com\/wp-content\/uploads\/2024\/12\/festival-du-film.webp 1456w, https:\/\/les-atypiques-chalets.com\/wp-content\/uploads\/2024\/12\/festival-du-film-300x168.webp 300w, https:\/\/les-atypiques-chalets.com\/wp-content\/uploads\/2024\/12\/festival-du-film-1024x574.webp 1024w, https:\/\/les-atypiques-chalets.com\/wp-content\/uploads\/2024\/12\/festival-du-film-768x430.webp 768w, https:\/\/les-atypiques-chalets.com\/wp-content\/uploads\/2024\/12\/festival-du-film-100x56.webp 100w, https:\/\/les-atypiques-chalets.com\/wp-content\/uploads\/2024\/12\/festival-du-film-600x336.webp 600w\" sizes=\"(max-width: 1456px) 100vw, 1456px\" \/><\/div>\n\t\t<\/figure>\n\t<\/div>\n\n\t<div class=\"wpb_text_column wpb_content_element\" >\n\t\t<div class=\"wpb_wrapper\">\n\t\t\t<article class=\"w-full text-token-text-primary focus-visible:outline-2 focus-visible:outline-offset-&#091;-4px&#093; sm:AIPRM__conversation__response\" dir=\"auto\" data-testid=\"conversation-turn-7\" data-scroll-anchor=\"false\">\n<div class=\"text-base py-&#091;18px&#093; px-3 md:px-4 m-auto w-full md:px-5 lg:px-1 xl:px-5\">\n<div class=\"mx-auto flex flex-1 gap-4 text-base md:gap-5 lg:gap-6 md:max-w-3xl lg:max-w-&#091;40rem&#093; xl:max-w-&#091;48rem&#093;\">\n<div class=\"group\/conversation-turn relative flex w-full min-w-0 flex-col agent-turn\">\n<div class=\"flex-col gap-1 md:gap-3\">\n<div class=\"flex max-w-full flex-col flex-grow AIPRM__conversation__response\">\n<div class=\"min-h-&#091;20px&#093; text-message flex w-full flex-col items-end gap-2 whitespace-normal break-words &#091;.text-message+&amp;&#093;:mt-5\" dir=\"auto\" data-message-author-role=\"assistant\" data-message-id=\"08ff1a67-e8fe-4640-b2af-0e74ab8ea162\">\n<div class=\"flex w-full flex-col gap-1 empty:hidden first:pt-&#091;3px&#093;\">\n<div class=\"markdown prose w-full break-words dark:prose-invert light\">\n<p><strong>Mai 2025<\/strong><\/p>\n<ul>\n<li><strong>60\u1d49 anniversaire du film \u00ab\u00a0Les Grandes Gueules\u00a0\u00bb<\/strong> : Le 10 mai 2025 \u00e0 14h30, c\u00e9l\u00e9bration de l&rsquo;anniversaire du film avec projections et discussions.<a href=\"https:\/\/mclgerardmer.fr\/evenements-culture\/cine-evenements\/60eme-anniversaire-des-grandes-gueules\/\" target=\"_blank\" rel=\"noopener nofollow\">Plus d&rsquo;informations<\/a><\/li>\n<\/ul>\n<\/div>\n<\/div>\n<\/div>\n<\/div>\n<\/div>\n<\/div>\n<\/div>\n<\/div>\n<\/article>\n\n\t\t<\/div>\n\t<\/div>\n<\/div><\/div><\/div><\/div><div class=\"vc_row wpb_row vc_row-fluid\"><div class=\"wpb_column vc_column_container vc_col-sm-12\"><div class=\"vc_column-inner\"><div class=\"wpb_wrapper\">\n\t<div  class=\"wpb_single_image wpb_content_element vc_align_left wpb_content_element\">\n\t\t\n\t\t<figure class=\"wpb_wrapper vc_figure\">\n\t\t\t<div class=\"vc_single_image-wrapper   vc_box_border_grey\"><img decoding=\"async\" width=\"1456\" height=\"816\" src=\"https:\/\/les-atypiques-chalets.com\/wp-content\/uploads\/2024\/12\/rally.webp\" class=\"vc_single_image-img attachment-full\" alt=\"Voiture de rallye en action lors du Rallye Vosges Grand Est\" title=\"Comp\u00e9tition automobile au Rallye Vosges Grand Est 2025\" srcset=\"https:\/\/les-atypiques-chalets.com\/wp-content\/uploads\/2024\/12\/rally.webp 1456w, https:\/\/les-atypiques-chalets.com\/wp-content\/uploads\/2024\/12\/rally-300x168.webp 300w, https:\/\/les-atypiques-chalets.com\/wp-content\/uploads\/2024\/12\/rally-1024x574.webp 1024w, https:\/\/les-atypiques-chalets.com\/wp-content\/uploads\/2024\/12\/rally-768x430.webp 768w, https:\/\/les-atypiques-chalets.com\/wp-content\/uploads\/2024\/12\/rally-100x56.webp 100w, https:\/\/les-atypiques-chalets.com\/wp-content\/uploads\/2024\/12\/rally-600x336.webp 600w\" sizes=\"(max-width: 1456px) 100vw, 1456px\" \/><\/div>\n\t\t<\/figure>\n\t<\/div>\n\n\t<div class=\"wpb_text_column wpb_content_element\" >\n\t\t<div class=\"wpb_wrapper\">\n\t\t\t<article class=\"w-full text-token-text-primary focus-visible:outline-2 focus-visible:outline-offset-&#091;-4px&#093; sm:AIPRM__conversation__response\" dir=\"auto\" data-testid=\"conversation-turn-7\" data-scroll-anchor=\"false\">\n<div class=\"text-base py-&#091;18px&#093; px-3 md:px-4 m-auto w-full md:px-5 lg:px-1 xl:px-5\">\n<div class=\"mx-auto flex flex-1 gap-4 text-base md:gap-5 lg:gap-6 md:max-w-3xl lg:max-w-&#091;40rem&#093; xl:max-w-&#091;48rem&#093;\">\n<div class=\"group\/conversation-turn relative flex w-full min-w-0 flex-col agent-turn\">\n<div class=\"flex-col gap-1 md:gap-3\">\n<div class=\"flex max-w-full flex-col flex-grow AIPRM__conversation__response\">\n<div class=\"min-h-&#091;20px&#093; text-message flex w-full flex-col items-end gap-2 whitespace-normal break-words &#091;.text-message+&amp;&#093;:mt-5\" dir=\"auto\" data-message-author-role=\"assistant\" data-message-id=\"08ff1a67-e8fe-4640-b2af-0e74ab8ea162\">\n<div class=\"flex w-full flex-col gap-1 empty:hidden first:pt-&#091;3px&#093;\">\n<div class=\"markdown prose w-full break-words dark:prose-invert light\">\n<p><strong>Juin 2025<\/strong><\/p>\n<ul>\n<li><strong>Rallye Vosges Grand Est<\/strong> : Du 13 au 15 juin 2025, la 40\u1d49 \u00e9dition de ce rallye automobile, \u00e9preuve du championnat de France des rallyes 1\u00e8re division, traverse les routes vosgiennes.<a href=\"https:\/\/www.rallyevosgesgrandest.com\/\" target=\"_blank\" rel=\"noopener nofollow\">Plus d&rsquo;informations<\/a><\/li>\n<\/ul>\n<\/div>\n<\/div>\n<\/div>\n<\/div>\n<\/div>\n<\/div>\n<\/div>\n<\/div>\n<\/article>\n\n\t\t<\/div>\n\t<\/div>\n<\/div><\/div><\/div><\/div><div class=\"vc_row wpb_row vc_row-fluid\"><div class=\"wpb_column vc_column_container vc_col-sm-12\"><div class=\"vc_column-inner\"><div class=\"wpb_wrapper\">\n\t<div  class=\"wpb_single_image wpb_content_element vc_align_left wpb_content_element\">\n\t\t\n\t\t<figure class=\"wpb_wrapper vc_figure\">\n\t\t\t<div class=\"vc_single_image-wrapper   vc_box_border_grey\"><img decoding=\"async\" width=\"1456\" height=\"816\" src=\"https:\/\/les-atypiques-chalets.com\/wp-content\/uploads\/2024\/12\/feux-artifice.webp\" class=\"vc_single_image-img attachment-full\" alt=\"Feu d&#039;artifice illuminant le lac de G\u00e9rardmer lors de la F\u00eate Nationale.\" title=\"Spectacle pyrotechnique du 14 juillet \u00e0 G\u00e9rardmer.\" srcset=\"https:\/\/les-atypiques-chalets.com\/wp-content\/uploads\/2024\/12\/feux-artifice.webp 1456w, https:\/\/les-atypiques-chalets.com\/wp-content\/uploads\/2024\/12\/feux-artifice-300x168.webp 300w, https:\/\/les-atypiques-chalets.com\/wp-content\/uploads\/2024\/12\/feux-artifice-1024x574.webp 1024w, https:\/\/les-atypiques-chalets.com\/wp-content\/uploads\/2024\/12\/feux-artifice-768x430.webp 768w, https:\/\/les-atypiques-chalets.com\/wp-content\/uploads\/2024\/12\/feux-artifice-100x56.webp 100w, https:\/\/les-atypiques-chalets.com\/wp-content\/uploads\/2024\/12\/feux-artifice-600x336.webp 600w\" sizes=\"(max-width: 1456px) 100vw, 1456px\" \/><\/div>\n\t\t<\/figure>\n\t<\/div>\n\n\t<div class=\"wpb_text_column wpb_content_element\" >\n\t\t<div class=\"wpb_wrapper\">\n\t\t\t<article class=\"w-full text-token-text-primary focus-visible:outline-2 focus-visible:outline-offset-&#091;-4px&#093; sm:AIPRM__conversation__response\" dir=\"auto\" data-testid=\"conversation-turn-7\" data-scroll-anchor=\"false\">\n<div class=\"text-base py-&#091;18px&#093; px-3 md:px-4 m-auto w-full md:px-5 lg:px-1 xl:px-5\">\n<div class=\"mx-auto flex flex-1 gap-4 text-base md:gap-5 lg:gap-6 md:max-w-3xl lg:max-w-&#091;40rem&#093; xl:max-w-&#091;48rem&#093;\">\n<div class=\"group\/conversation-turn relative flex w-full min-w-0 flex-col agent-turn\">\n<div class=\"flex-col gap-1 md:gap-3\">\n<div class=\"flex max-w-full flex-col flex-grow AIPRM__conversation__response\">\n<div class=\"min-h-&#091;20px&#093; text-message flex w-full flex-col items-end gap-2 whitespace-normal break-words &#091;.text-message+&amp;&#093;:mt-5\" dir=\"auto\" data-message-author-role=\"assistant\" data-message-id=\"08ff1a67-e8fe-4640-b2af-0e74ab8ea162\">\n<div class=\"flex w-full flex-col gap-1 empty:hidden first:pt-&#091;3px&#093;\">\n<div class=\"markdown prose w-full break-words dark:prose-invert light\">\n<p><strong>Juillet 2025<\/strong><\/p>\n<ul>\n<li><strong>F\u00eate Nationale<\/strong> : Le 14 juillet 2025, c\u00e9l\u00e9brations avec feux d&rsquo;artifice et festivit\u00e9s diverses. <a href=\"https:\/\/www.jds.fr\/gerardmer-395_V\/agenda\/manifestations-fetes-festivals-137_B\" target=\"_new\" rel=\"noopener nofollow\">Plus d&rsquo;informations<\/a><\/li>\n<li><strong>March\u00e9 des Artisans<\/strong> : En juillet et ao\u00fbt, les jeudis et samedis de 9h \u00e0 12h, place du Vieux <a href=\"https:\/\/les-atypiques-chalets.com\/de\/les-10-choses-a-faire-a-gerardmer-en-ete\/\" data-wpil-monitor-id=\"1730\">G\u00e9rardm\u00e9<\/a> devant l&rsquo;\u00e9glise, d\u00e9couvrez le savoir-faire des artisans locaux. <a href=\"https:\/\/www.aubergedeliezey.fr\/blog\/evenements\/manifestations-agenda\/marches\" target=\"_new\" rel=\"noopener nofollow\">Plus d&rsquo;informations<\/a><\/li>\n<li><strong>March\u00e9 Nocturne d&rsquo;\u00c9t\u00e9<\/strong> : En juillet et ao\u00fbt, tous les vendredis de 17h \u00e0 21h, au square du Trexeau au bord du lac, artisans et producteurs locaux proposent leurs produits dans une ambiance festive. <a href=\"https:\/\/www.aubergedeliezey.fr\/blog\/evenements\/manifestations-agenda\/marches\" target=\"_new\" rel=\"noopener nofollow\">Plus d&rsquo;informations<\/a><\/li>\n<\/ul>\n<\/div>\n<\/div>\n<\/div>\n<\/div>\n<\/div>\n<\/div>\n<\/div>\n<\/div>\n<\/article>\n\n\t\t<\/div>\n\t<\/div>\n<\/div><\/div><\/div><\/div><div class=\"vc_row wpb_row vc_row-fluid\"><div class=\"wpb_column vc_column_container vc_col-sm-12\"><div class=\"vc_column-inner\"><div class=\"wpb_wrapper\">\n\t<div  class=\"wpb_single_image wpb_content_element vc_align_left wpb_content_element\">\n\t\t\n\t\t<figure class=\"wpb_wrapper vc_figure\">\n\t\t\t<div class=\"vc_single_image-wrapper   vc_box_border_grey\"><img decoding=\"async\" width=\"1456\" height=\"816\" src=\"https:\/\/les-atypiques-chalets.com\/wp-content\/uploads\/2024\/12\/Triathlon.webp\" class=\"vc_single_image-img attachment-full\" alt=\"Athl\u00e8tes en action lors du Triathlon de G\u00e9rardmer, traversant le lac en natation.\" title=\"Participants du Triathlon de G\u00e9rardmer en pleine \u00e9preuve de natation\" srcset=\"https:\/\/les-atypiques-chalets.com\/wp-content\/uploads\/2024\/12\/Triathlon.webp 1456w, https:\/\/les-atypiques-chalets.com\/wp-content\/uploads\/2024\/12\/Triathlon-300x168.webp 300w, https:\/\/les-atypiques-chalets.com\/wp-content\/uploads\/2024\/12\/Triathlon-1024x574.webp 1024w, https:\/\/les-atypiques-chalets.com\/wp-content\/uploads\/2024\/12\/Triathlon-768x430.webp 768w, https:\/\/les-atypiques-chalets.com\/wp-content\/uploads\/2024\/12\/Triathlon-100x56.webp 100w, https:\/\/les-atypiques-chalets.com\/wp-content\/uploads\/2024\/12\/Triathlon-600x336.webp 600w\" sizes=\"(max-width: 1456px) 100vw, 1456px\" \/><\/div>\n\t\t<\/figure>\n\t<\/div>\n\n\t<div class=\"wpb_text_column wpb_content_element\" >\n\t\t<div class=\"wpb_wrapper\">\n\t\t\t<article class=\"w-full text-token-text-primary focus-visible:outline-2 focus-visible:outline-offset-&#091;-4px&#093; sm:AIPRM__conversation__response\" dir=\"auto\" data-testid=\"conversation-turn-7\" data-scroll-anchor=\"false\">\n<div class=\"text-base py-&#091;18px&#093; px-3 md:px-4 m-auto w-full md:px-5 lg:px-1 xl:px-5\">\n<div class=\"mx-auto flex flex-1 gap-4 text-base md:gap-5 lg:gap-6 md:max-w-3xl lg:max-w-&#091;40rem&#093; xl:max-w-&#091;48rem&#093;\">\n<div class=\"group\/conversation-turn relative flex w-full min-w-0 flex-col agent-turn\">\n<div class=\"flex-col gap-1 md:gap-3\">\n<div class=\"flex max-w-full flex-col flex-grow AIPRM__conversation__response\">\n<div class=\"min-h-&#091;20px&#093; text-message flex w-full flex-col items-end gap-2 whitespace-normal break-words &#091;.text-message+&amp;&#093;:mt-5\" dir=\"auto\" data-message-author-role=\"assistant\" data-message-id=\"08ff1a67-e8fe-4640-b2af-0e74ab8ea162\">\n<div class=\"flex w-full flex-col gap-1 empty:hidden first:pt-&#091;3px&#093;\">\n<div class=\"markdown prose w-full break-words dark:prose-invert light\">\n<p><strong>Septembre 2025<\/strong><\/p>\n<ul>\n<li><strong>Triathlon von G\u00e9rardmer<\/strong> : Les 6 et 7 septembre 2025, l&rsquo;un des triathlons les plus renomm\u00e9s de France propose plusieurs \u00e9preuves adapt\u00e9es \u00e0 tous les niveaux.<a href=\"https:\/\/triathlondegerardmer.com\/\" target=\"_new\" rel=\"noopener nofollow\">Plus d&rsquo;informations<\/a><\/li>\n<\/ul>\n<\/div>\n<\/div>\n<\/div>\n<\/div>\n<\/div>\n<\/div>\n<\/div>\n<\/div>\n<\/article>\n\n\t\t<\/div>\n\t<\/div>\n<\/div><\/div><\/div><\/div><div class=\"vc_row wpb_row vc_row-fluid\"><div class=\"wpb_column vc_column_container vc_col-sm-12\"><div class=\"vc_column-inner\"><div class=\"wpb_wrapper\">\n\t<div  class=\"wpb_single_image wpb_content_element vc_align_left wpb_content_element\">\n\t\t\n\t\t<figure class=\"wpb_wrapper vc_figure\">\n\t\t\t<div class=\"vc_single_image-wrapper   vc_box_border_grey\"><img decoding=\"async\" width=\"1456\" height=\"816\" src=\"https:\/\/les-atypiques-chalets.com\/wp-content\/uploads\/2024\/12\/marche.webp\" class=\"vc_single_image-img attachment-full\" alt=\"Chalets illumin\u00e9s du March\u00e9 de No\u00ebl de G\u00e9rardmer en soir\u00e9e.\" title=\"March\u00e9 de No\u00ebl de G\u00e9rardmer en soir\u00e9e.\" srcset=\"https:\/\/les-atypiques-chalets.com\/wp-content\/uploads\/2024\/12\/marche.webp 1456w, https:\/\/les-atypiques-chalets.com\/wp-content\/uploads\/2024\/12\/marche-300x168.webp 300w, https:\/\/les-atypiques-chalets.com\/wp-content\/uploads\/2024\/12\/marche-1024x574.webp 1024w, https:\/\/les-atypiques-chalets.com\/wp-content\/uploads\/2024\/12\/marche-768x430.webp 768w, https:\/\/les-atypiques-chalets.com\/wp-content\/uploads\/2024\/12\/marche-100x56.webp 100w, https:\/\/les-atypiques-chalets.com\/wp-content\/uploads\/2024\/12\/marche-600x336.webp 600w\" sizes=\"(max-width: 1456px) 100vw, 1456px\" \/><\/div>\n\t\t<\/figure>\n\t<\/div>\n\n\t<div class=\"wpb_text_column wpb_content_element\" >\n\t\t<div class=\"wpb_wrapper\">\n\t\t\t<article class=\"w-full text-token-text-primary focus-visible:outline-2 focus-visible:outline-offset-&#091;-4px&#093; sm:AIPRM__conversation__response\" dir=\"auto\" data-testid=\"conversation-turn-7\" data-scroll-anchor=\"false\">\n<div class=\"text-base py-&#091;18px&#093; px-3 md:px-4 m-auto w-full md:px-5 lg:px-1 xl:px-5\">\n<div class=\"mx-auto flex flex-1 gap-4 text-base md:gap-5 lg:gap-6 md:max-w-3xl lg:max-w-&#091;40rem&#093; xl:max-w-&#091;48rem&#093;\">\n<div class=\"group\/conversation-turn relative flex w-full min-w-0 flex-col agent-turn\">\n<div class=\"flex-col gap-1 md:gap-3\">\n<div class=\"flex max-w-full flex-col flex-grow AIPRM__conversation__response\">\n<div class=\"min-h-&#091;20px&#093; text-message flex w-full flex-col items-end gap-2 whitespace-normal break-words &#091;.text-message+&amp;&#093;:mt-5\" dir=\"auto\" data-message-author-role=\"assistant\" data-message-id=\"08ff1a67-e8fe-4640-b2af-0e74ab8ea162\">\n<div class=\"flex w-full flex-col gap-1 empty:hidden first:pt-&#091;3px&#093;\">\n<div class=\"markdown prose w-full break-words dark:prose-invert light\">\n<p><strong>D\u00e9cembre 2025<\/strong><\/p>\n<ul>\n<li><strong>March\u00e9 de No\u00ebl de G\u00e9rardmer<\/strong> : De fin novembre 2025 au d\u00e9but janvier 2026, le march\u00e9 de No\u00ebl offre des stands artisanaux, des animations festives et une ambiance chaleureuse.<a href=\"https:\/\/www.jds.fr\/gerardmer-395_V\/agenda\/\" target=\"_new\" rel=\"noopener nofollow\">Plus d&rsquo;informations<\/a><\/li>\n<\/ul>\n<\/div>\n<\/div>\n<\/div>\n<\/div>\n<\/div>\n<\/div>\n<\/div>\n<\/div>\n<\/article>\n\n\t\t<\/div>\n\t<\/div>\n<\/div><\/div><\/div><\/div><div class=\"vc_row wpb_row vc_row-fluid\"><div class=\"wpb_column vc_column_container vc_col-sm-12\"><div class=\"vc_column-inner\"><div class=\"wpb_wrapper\"><div class=\"vc_empty_space\"   style=\"height: 60px\"><span class=\"vc_empty_space_inner\"><\/span><\/div><\/div><\/div><\/div><\/div><div class=\"vc_row wpb_row vc_row-fluid\"><div class=\"wpb_column vc_column_container vc_col-sm-12\"><div class=\"vc_column-inner\"><div class=\"wpb_wrapper\"><div class=\"vc_btn3-container vc_btn3-center vc_do_btn\" ><a class=\"vc_general vc_btn3 vc_btn3-size-lg vc_btn3-shape-rounded vc_btn3-style-modern vc_btn3-color-success\" href=\"https:\/\/les-atypiques-chalets.com\/de\/meilleurs-restaurants-gerardmer-tour-culinaire\/\" title=\"https:\/\/les-atypiques-chalets.com\/meilleurs-restaurants-gerardmer-tour-culinaire\/\">\u201cAvant ou apr\u00e8s un \u00e9v\u00e9nement, offrez-vous une pause dans l\u2019un des meilleurs restaurants de G\u00e9rardmer.\u201d<\/a><\/div><\/div><\/div><\/div><\/div><div class=\"vc_row wpb_row vc_row-fluid\"><div class=\"wpb_column vc_column_container vc_col-sm-12\"><div class=\"vc_column-inner\"><div class=\"wpb_wrapper\"><div class=\"vc_empty_space\"   style=\"height: 60px\"><span class=\"vc_empty_space_inner\"><\/span><\/div><\/div><\/div><\/div><\/div><div class=\"vc_row wpb_row vc_row-fluid\"><div class=\"wpb_column vc_column_container vc_col-sm-12\"><div class=\"vc_column-inner\"><div class=\"wpb_wrapper\">\n\t<div class=\"wpb_text_column wpb_content_element\" >\n\t\t<div class=\"wpb_wrapper\">\n\t\t\t<p><span style=\"color: #808080;\">Was sind die <a href=\"https:\/\/les-atypiques-chalets.com\/de\/tag\/gerardmer\/\" data-wpil-monitor-id=\"2149\">principaux \u00e9v\u00e9nements \u00e0 G\u00e9rardmer<\/a> en 2025 ?<\/span><\/p>\n<p><span style=\"color: #808080;\"><a href=\"https:\/\/les-atypiques-chalets.com\/de\/politique-de-confidentialite\/\" data-wpil-monitor-id=\"1997\">G\u00e9rardmer propose une vari\u00e9t\u00e9 d&rsquo;\u00e9v\u00e9nements tout au long de<\/a> l&rsquo;ann\u00e9e 2025, notamment :<\/span><\/p>\n<ul>\n<li><span style=\"color: #808080;\"><a href=\"https:\/\/les-atypiques-chalets.com\/de\/triathlon-gerardmer-2024-hebergement-atypiques-chalets\/\" data-wpil-monitor-id=\"2109\">Festival International du Film Fantastique<\/a> (29 janvier &#8211; 2 f\u00e9vrier) : d\u00e9di\u00e9 au cin\u00e9ma fantastique avec projections et rencontres.<\/span><\/li>\n<li><span style=\"color: #808080;\"><a href=\"https:\/\/les-atypiques-chalets.com\/de\/tag\/spa\/\" data-wpil-monitor-id=\"2137\">F\u00eate des Jonquilles<\/a> (4 &#8211; 6 avril) : c\u00e9l\u00e9bration florale majeure avec d\u00e9fil\u00e9s de chars orn\u00e9s de jonquilles.<\/span><\/li>\n<li><span style=\"color: #808080;\">Rallye <a href=\"https:\/\/les-atypiques-chalets.com\/de\/tag\/vogesen\/\" data-wpil-monitor-id=\"2182\">Vogesen<\/a> Grand Est (13 &#8211; 15 juin) : comp\u00e9tition automobile sur les routes vosgiennes.<\/span><\/li>\n<li><span style=\"color: #808080;\"><a href=\"https:\/\/les-atypiques-chalets.com\/de\/wpbc-booking\/\" data-wpil-monitor-id=\"2048\">Triathlon von G\u00e9rardmer<\/a> (6 &#8211; 7 septembre) : \u00e9preuves sportives de natation, cyclisme et course \u00e0 pied.<\/span><\/li>\n<li><span style=\"color: #808080;\">March\u00e9 de <a href=\"https:\/\/les-atypiques-chalets.com\/de\/tag\/relaxation-en-chalet\/\" data-wpil-monitor-id=\"2202\">Weihnachten<\/a> (fin novembre &#8211; d\u00e9but janvier) : stands artisanaux et animations festives.<\/span><\/li>\n<\/ul>\n<p><span style=\"color: #808080;\">O\u00f9 puis-je trouver <a href=\"https:\/\/les-atypiques-chalets.com\/de\/les-meilleurs-spots-pour-le-parapente-dans-la-region-de-gerardmer\/\" data-wpil-monitor-id=\"2021\">le<\/a> programme complet de la F\u00eate des Jonquilles 2025 ?<\/span><\/p>\n<p><span style=\"color: #808080;\">Le programme d\u00e9taill\u00e9 sera disponible sur le site officiel de la Soci\u00e9t\u00e9 des F\u00eates de G\u00e9rardmer : <a style=\"color: #808080;\" href=\"https:\/\/www.fete-des-jonquilles-gerardmer-officiel.fr\/\" target=\"_new\" rel=\"noopener nofollow\">fete-des-jonquilles-gerardmer-officiel.fr<\/a>.<\/span><\/p>\n<p><span style=\"color: #808080;\"><a href=\"https:\/\/les-atypiques-chalets.com\/de\/comment-economiser-sur-votre-location-de-chalet-a-gerardmer\/\" data-wpil-monitor-id=\"1180\">Comment participer au Triathlon de G\u00e9rardmer<\/a> ?<\/span><\/p>\n<p><span style=\"color: #808080;\">Les inscriptions se font en ligne sur le site officiel de l&rsquo;\u00e9v\u00e9nement : <a style=\"color: #808080;\" href=\"https:\/\/triathlondegerardmer.com\/\" target=\"_new\" rel=\"noopener nofollow\">triathlondegerardmer.com<\/a>. Les places \u00e9tant limit\u00e9es, il est conseill\u00e9 de s&rsquo;inscrire t\u00f4t.<\/span><\/p>\n<p><span style=\"color: #808080;\">Y a-t-il des march\u00e9s de <a href=\"https:\/\/les-atypiques-chalets.com\/de\/kategorie\/ski-gerardmer\/\" data-wpil-monitor-id=\"2150\">producteurs locaux<\/a> \u00e0 G\u00e9rardmer ?<\/span><\/p>\n<p><span style=\"color: #808080;\">Oui, en juillet et ao\u00fbt, des march\u00e9s de <a href=\"https:\/\/les-atypiques-chalets.com\/de\/tag\/sejour-de-luxe\/\" data-wpil-monitor-id=\"2207\">producteurs<\/a> et d&rsquo;artisans locaux se tiennent :<\/span><\/p>\n<ul>\n<li><span style=\"color: #808080;\">March\u00e9 des Artisans : jeudis et samedis de 9h \u00e0 12h, place du Vieux G\u00e9rardm\u00e9.<\/span><\/li>\n<li><span style=\"color: #808080;\">March\u00e9 Nocturne d&rsquo;\u00c9t\u00e9 : vendredis de 17h \u00e0 21h, square du Trexeau au bord du lac.<\/span><\/li>\n<\/ul>\n<p><span style=\"color: #808080;\">Plus d&rsquo;informations sur ces march\u00e9s sont disponibles <a style=\"color: #808080;\" href=\"https:\/\/www.aubergedeliezey.fr\/blog\/evenements\/manifestations-agenda\/marches\" target=\"_new\" rel=\"noopener nofollow\">ici<\/a>.<\/span><\/p>\n<p><span style=\"color: #808080;\">Comment obtenir des billets pour le <a href=\"https:\/\/les-atypiques-chalets.com\/de\/guide-complet-des-activites-a-faire-lors-de-la-location-dun-chalet-a-gerardmer\/\" data-wpil-monitor-id=\"2112\">Festival International du Film Fantastique<\/a> ?<\/span><\/p>\n<p><span style=\"color: #808080;\">Les billets seront en vente sur le site officiel du festival : <a style=\"color: #808080;\" href=\"https:\/\/festival-gerardmer.com\/2025\/\" target=\"_new\" rel=\"noopener nofollow\">festival-gerardmer.com<\/a>. Des pass pour plusieurs jours ou s\u00e9ances individuelles sont g\u00e9n\u00e9ralement propos\u00e9s.<\/span><\/p>\n<p><span style=\"color: #808080;\">Quelles sont les <a href=\"https:\/\/les-atypiques-chalets.com\/de\/reseaux-sociaux\/\" data-wpil-monitor-id=\"2057\">options d&rsquo;h\u00e9bergement lors de ces \u00e9v\u00e9nements<\/a> ?<\/span><\/p>\n<p><span style=\"color: #808080;\">G\u00e9rardmer offre une gamme vari\u00e9e d&rsquo;h\u00e9bergements : h\u00f4tels, chambres d&rsquo;h\u00f4tes, g\u00eetes et campings. Il est recommand\u00e9 de r\u00e9server \u00e0 l&rsquo;avance, surtout lors des grands \u00e9v\u00e9nements. <a href=\"https:\/\/les-atypiques-chalets.com\/de\/infos-legales\/\" data-wpil-monitor-id=\"2010\">L&rsquo;Office de Tourisme de G\u00e9rardmer<\/a> peut fournir une liste compl\u00e8te des options disponibles.<\/span><\/p>\n<p><span style=\"color: #808080;\">O\u00f9 puis-je trouver des <a href=\"https:\/\/les-atypiques-chalets.com\/de\/comment-preparer-votre-sejour-a-gerardmer-conseils-et-astuces\/\" data-wpil-monitor-id=\"2080\">informations actualis\u00e9es sur les \u00e9v\u00e9nements \u00e0 G\u00e9rardmer<\/a> ?<\/span><\/p>\n<p><span style=\"color: #808080;\">Pour les informations les plus r\u00e9centes, consultez l&rsquo;agenda de l&rsquo;Office de Tourisme de G\u00e9rardmer : <a style=\"color: #808080;\" href=\"https:\/\/gerardmer.net\/agenda.php\" target=\"_new\" rel=\"noopener nofollow\">gerardmer.net\/agenda.php<\/a>.<\/span><\/p>\n<p><span style=\"color: #808080;\">Les \u00e9v\u00e9nements sont-ils accessibles aux personnes \u00e0 mobilit\u00e9 r\u00e9duite ?<\/span><\/p>\n<p><span style=\"color: #808080;\">De nombreux \u00e9v\u00e9nements \u00e0 G\u00e9rardmer sont con\u00e7us pour \u00eatre accessibles \u00e0 tous. Il est toutefois conseill\u00e9 de v\u00e9rifier les d\u00e9tails sp\u00e9cifiques aupr\u00e8s des organisateurs ou de l&rsquo;Office de Tourisme.<\/span><\/p>\n<p><span style=\"color: #808080;\">Comment se d\u00e9placer \u00e0 G\u00e9rardmer pendant les \u00e9v\u00e9nements ?<\/span><\/p>\n<p><span style=\"color: #808080;\">G\u00e9rardmer dispose de services de transport locaux, et des navettes sp\u00e9ciales sont parfois mises en place lors des grands \u00e9v\u00e9nements. Le centre-ville est \u00e9galement facilement accessible \u00e0 pied.<\/span><\/p>\n<p><span style=\"color: #808080;\">Les animaux de compagnie sont-ils admis lors des \u00e9v\u00e9nements ?<\/span><\/p>\n<p><span style=\"color: #808080;\">La politique concernant les animaux varie selon les \u00e9v\u00e9nements. Il est recommand\u00e9 de consulter les organisateurs ou les sites officiels pour obtenir des informations pr\u00e9cises.<\/span><\/p>\n\n\t\t<\/div>\n\t<\/div>\n<\/div><\/div><\/div><\/div><div class=\"vc_row wpb_row vc_row-fluid\"><div class=\"wpb_column vc_column_container vc_col-sm-12\"><div class=\"vc_column-inner\"><div class=\"wpb_wrapper\"><div class=\"vc_empty_space\"   style=\"height: 60px\"><span class=\"vc_empty_space_inner\"><\/span><\/div><\/div><\/div><\/div><\/div>\n<\/div>","protected":false},"excerpt":{"rendered":"Chalet IORIK Capacit\u00e9: 4 personnes Superficie: 45 m2 Bain Nordique: privatif Description de notre Chalet Iorik dans les Vosges Id\u00e9al pour les couples ou les petites familles, le Chalet IORIK est un \u00e9crin de douceur pouvant accueillir jusqu\u2019\u00e0 4 personnes. Avec ses 2 chambres cosy et ces 2 lits de 140\u00d7190, il vous promet des<a href=\"https:\/\/les-atypiques-chalets.com\/de\/chalet-aslan\/\" class=\"sohohotel-more-link\">Read More<\/a>","protected":false},"author":1,"featured_media":817276,"comment_status":"closed","ping_status":"closed","sticky":false,"template":"","format":"standard","meta":{"_yoast_wpseo_title":"D\u00e9couvrez les \u00c9v\u00e9nements Incontournables de G\u00e9rardmer en 2025","_yoast_wpseo_metadesc":"Plongez au c\u0153ur des Vosges avec notre guide des \u00e9v\u00e9nements majeurs de G\u00e9rardmer en 2025. Ne manquez rien de cette ann\u00e9e riche en culture et en sport !","_yoast_wpseo_focuskw":"#\u00c9v\u00e9nementsG\u00e9rardmer2025 #AgendaG\u00e9rardmer #CultureEtSportVosges #F\u00eateDesJonquilles #FestivalFilmFantastique #TriathlonG\u00e9rardmer #March\u00e9No\u00eblG\u00e9rardmer #RallyeVosges #March\u00e9sProducteurs","footnotes":""},"categories":[707,810],"tags":[1459,1460,1470,1458,1457,1462,1461,1468,1464,1466,1465,1469,923,1463,1467],"class_list":["post-817088","post","type-post","status-publish","format-standard","has-post-thumbnail","hentry","category-gerardmer","category-locatif-saisonnier","tag-activites-culturelles-gerardmer","tag-activites-sportives-gerardmer","tag-agenda-culturel-vosges","tag-agenda-gerardmer","tag-evenements-gerardmer-2025","tag-festival-du-film-fantastique-gerardmer","tag-fete-des-jonquilles-gerardmer","tag-manifestations-gerardmer","tag-marche-de-noel-gerardmer","tag-marches-producteurs-gerardmer","tag-rallye-vosges-grand-est","tag-sorties-gerardmer","tag-tourisme-gerardmer","tag-triathlon-de-gerardmer","tag-vosges-evenements-2025"],"_links":{"self":[{"href":"https:\/\/les-atypiques-chalets.com\/de\/wp-json\/wp\/v2\/posts\/817088","targetHints":{"allow":["GET"]}}],"collection":[{"href":"https:\/\/les-atypiques-chalets.com\/de\/wp-json\/wp\/v2\/posts"}],"about":[{"href":"https:\/\/les-atypiques-chalets.com\/de\/wp-json\/wp\/v2\/types\/post"}],"author":[{"embeddable":true,"href":"https:\/\/les-atypiques-chalets.com\/de\/wp-json\/wp\/v2\/users\/1"}],"replies":[{"embeddable":true,"href":"https:\/\/les-atypiques-chalets.com\/de\/wp-json\/wp\/v2\/comments?post=817088"}],"version-history":[{"count":0,"href":"https:\/\/les-atypiques-chalets.com\/de\/wp-json\/wp\/v2\/posts\/817088\/revisions"}],"wp:featuredmedia":[{"embeddable":true,"href":"https:\/\/les-atypiques-chalets.com\/de\/wp-json\/wp\/v2\/media\/817276"}],"wp:attachment":[{"href":"https:\/\/les-atypiques-chalets.com\/de\/wp-json\/wp\/v2\/media?parent=817088"}],"wp:term":[{"taxonomy":"category","embeddable":true,"href":"https:\/\/les-atypiques-chalets.com\/de\/wp-json\/wp\/v2\/categories?post=817088"},{"taxonomy":"post_tag","embeddable":true,"href":"https:\/\/les-atypiques-chalets.com\/de\/wp-json\/wp\/v2\/tags?post=817088"}],"curies":[{"name":"wp","href":"https:\/\/api.w.org\/{rel}","templated":true}]}}