{"id":859528,"date":"2024-12-17T13:22:38","date_gmt":"2024-12-17T13:22:38","guid":{"rendered":"https:\/\/les-atypiques-chalets.com\/?p=859528"},"modified":"2025-05-21T19:10:05","modified_gmt":"2025-05-21T19:10:05","slug":"pourquoi-gerardmer-est-la-destination-parfaite-pour-les-amoureux-de-la-nature","status":"publish","type":"post","link":"https:\/\/les-atypiques-chalets.com\/de\/pourquoi-gerardmer-est-la-destination-parfaite-pour-les-amoureux-de-la-nature\/","title":{"rendered":"Warum G\u00e9rardmer das perfekte Reiseziel ist"},"content":{"rendered":"<div class=\"wpb-content-wrapper\"><div class=\"vc_row wpb_row vc_row-fluid\"><div class=\"wpb_column vc_column_container vc_col-sm-12\"><div class=\"vc_column-inner\"><div class=\"wpb_wrapper\">\n\t<div class=\"wpb_text_column wpb_content_element\" >\n\t\t<div class=\"wpb_wrapper\">\n\t\t\t<h1 class=\"p1\"><span style=\"color: #683c16;\">Pourquoi G\u00e9rardmer<br \/>\nest la Destination Parfaite<\/span><\/h1>\n<hr \/>\n<h2 class=\"p1\">pour les Amoureux de la Nature<\/h2>\n\n\t\t<\/div>\n\t<\/div>\n<\/div><\/div><\/div><\/div><div class=\"vc_row wpb_row vc_row-fluid\"><div class=\"wpb_column vc_column_container vc_col-sm-12\"><div class=\"vc_column-inner\"><div class=\"wpb_wrapper\"><div class=\"vc_empty_space\"   style=\"height: 32px\"><span class=\"vc_empty_space_inner\"><\/span><\/div>\t\n\t<!-- BEGIN .shb-accommodation-listing-style-1 -->\n\t<div class=\"shb-accommodation-listing-style-1 shb-accommodation-listing-style-1-columns-3 sohohotel-owl-carousel-4\">\n\t\t\n\t\t\t\t\n\t\t<!-- BEGIN .shb-accommodation-listing-item -->\n\t\t<div class=\"shb-accommodation-listing-item\">\n\t\t\t\n\t\t\t\t\t\t\t<a href=\"https:\/\/les-atypiques-chalets.com\/de\/chalet-charkhan\/\" rel=\"bookmark\" title=\"Chalet Charkhan\">\n\t\t\t\t\t\t\t\t\t\t<img decoding=\"async\" class=\"shb-accommodation-listing-image\" src=\"https:\/\/les-atypiques-chalets.com\/wp-content\/uploads\/2025\/03\/salon-charkhan-03-L-1180x675.webp\" alt=\"Chalet Charkhan\" \/>\t\t\t\t<\/a>\n\t\t\t\t\t\t\n\t\t\t<div class=\"shb-accommodation-listing-description-wrapper\">\n\t\t\t\t\n\t\t\t\t<h3><a href=\"https:\/\/les-atypiques-chalets.com\/de\/chalet-charkhan\/\" rel=\"bookmark\" title=\"Chalet Charkhan\">Chalet Charkhan<\/a><\/h3>\n\t\t\t\t\n\t\t\t\t<div class=\"shb-accommodation-listing-description shb-clearfix\">\n\t\t\t\t\t\n\t\t\t\t\t<ul>\r\n<li><i class=\"fas fa-user\"><\/i><span>Kapazit\u00e4t<\/span> 6 Personen<\/li>\r\n<li><i class=\"fas fa-ruler-combined\"><\/i><span>Oberfl\u00e4che<\/span> 65 m\u00b2<\/li>\r\n<li><i class=\"fas fa-hot-tub\"><\/i><span> Nordische Badewanne<\/span> privativ<\/li>\r\n<\/ul>\t\t\t\t\t\n\t\t\t\t\t<a href=\"https:\/\/les-atypiques-chalets.com\/de\/chalet-charkhan\/\" class=\"shb-accommodation-listing-button1\">ab 225\u20ac\/Nacht<\/a>\n\t\t\t\t\t<a href=\"https:\/\/les-atypiques-chalets.com\/de\/chalet-charkhan\/\" class=\"shb-accommodation-listing-button2\">Zimmer anzeigen<i class=\"fas fa-chevron-right\"><\/i><\/a>\n\t\t\t\t\n\t\t\t\t<\/div>\n\t\t\t\t\n\t\t\t<\/div>\n\t\t\t\n\t\t<!-- END .shb-accommodation-listing-item -->\n\t\t<\/div>\n\t\t\n\t\t\t\t\n\t\t<!-- BEGIN .shb-accommodation-listing-item -->\n\t\t<div class=\"shb-accommodation-listing-item\">\n\t\t\t\n\t\t\t\t\t\t\t<a href=\"https:\/\/les-atypiques-chalets.com\/de\/chalet-aslan\/\" rel=\"bookmark\" title=\"Chalet Aslan\">\n\t\t\t\t\t\t\t\t\t\t<img decoding=\"async\" class=\"shb-accommodation-listing-image\" src=\"https:\/\/les-atypiques-chalets.com\/wp-content\/uploads\/2025\/03\/ASLAN-2-900x710.webp\" alt=\"Chalet Aslan\" \/>\t\t\t\t<\/a>\n\t\t\t\t\t\t\n\t\t\t<div class=\"shb-accommodation-listing-description-wrapper\">\n\t\t\t\t\n\t\t\t\t<h3><a href=\"https:\/\/les-atypiques-chalets.com\/de\/chalet-aslan\/\" rel=\"bookmark\" title=\"Chalet Aslan\">Chalet Aslan<\/a><\/h3>\n\t\t\t\t\n\t\t\t\t<div class=\"shb-accommodation-listing-description shb-clearfix\">\n\t\t\t\t\t\n\t\t\t\t\t<ul>\r\n<li><i class=\"fas fa-user\"><\/i><span>Kapazit\u00e4t<\/span> 5 Personen<\/li>\r\n<li><i class=\"fas fa-ruler-combined\"><\/i><span>Oberfl\u00e4che<\/span> 65 m\u00b2<\/li>\r\n<li><i class=\"fas fa-hot-tub\"><\/i><span> Nordische Badewanne<\/span> privativ<\/li>\r\n<\/ul>\t\t\t\t\t\n\t\t\t\t\t<a href=\"https:\/\/les-atypiques-chalets.com\/de\/chalet-aslan\/\" class=\"shb-accommodation-listing-button1\">ab 215 \u20ac\/Nacht<\/a>\n\t\t\t\t\t<a href=\"https:\/\/les-atypiques-chalets.com\/de\/chalet-aslan\/\" class=\"shb-accommodation-listing-button2\">Zimmer anzeigen<i class=\"fas fa-chevron-right\"><\/i><\/a>\n\t\t\t\t\n\t\t\t\t<\/div>\n\t\t\t\t\n\t\t\t<\/div>\n\t\t\t\n\t\t<!-- END .shb-accommodation-listing-item -->\n\t\t<\/div>\n\t\t\n\t\t\t\t\n\t\t<!-- BEGIN .shb-accommodation-listing-item -->\n\t\t<div class=\"shb-accommodation-listing-item\">\n\t\t\t\n\t\t\t\t\t\t\t<a href=\"https:\/\/les-atypiques-chalets.com\/de\/chalet-iorik\/\" rel=\"bookmark\" title=\"Chalet Iorik\">\n\t\t\t\t\t\t\t\t\t\t<img decoding=\"async\" class=\"shb-accommodation-listing-image\" src=\"https:\/\/les-atypiques-chalets.com\/wp-content\/uploads\/2025\/09\/iorik-sejour-L-1024x710.webp\" alt=\"Chalet Iorik\" \/>\t\t\t\t<\/a>\n\t\t\t\t\t\t\n\t\t\t<div class=\"shb-accommodation-listing-description-wrapper\">\n\t\t\t\t\n\t\t\t\t<h3><a href=\"https:\/\/les-atypiques-chalets.com\/de\/chalet-iorik\/\" rel=\"bookmark\" title=\"Chalet Iorik\">Chalet Iorik<\/a><\/h3>\n\t\t\t\t\n\t\t\t\t<div class=\"shb-accommodation-listing-description shb-clearfix\">\n\t\t\t\t\t\n\t\t\t\t\t<ul>\r\n<li><i class=\"fas fa-user\"><\/i><span>Kapazit\u00e4t<\/span> 4 Personen<\/li>\r\n<li><i class=\"fas fa-ruler-combined\"><\/i><span>Oberfl\u00e4che<\/span> 45 m2<\/li>\r\n<li><i class=\"fas fa-hot-tub\"><\/i><span> Nordische Badewanne<\/span> privativ<\/li>\r\n<\/ul>\t\t\t\t\t\n\t\t\t\t\t<a href=\"https:\/\/les-atypiques-chalets.com\/de\/chalet-iorik\/\" class=\"shb-accommodation-listing-button1\">ab 170\u20ac\/Nacht<\/a>\n\t\t\t\t\t<a href=\"https:\/\/les-atypiques-chalets.com\/de\/chalet-iorik\/\" class=\"shb-accommodation-listing-button2\">Zimmer anzeigen<i class=\"fas fa-chevron-right\"><\/i><\/a>\n\t\t\t\t\n\t\t\t\t<\/div>\n\t\t\t\t\n\t\t\t<\/div>\n\t\t\t\n\t\t<!-- END .shb-accommodation-listing-item -->\n\t\t<\/div>\n\t\t\n\t\t\t\t\n\t<!-- END .shb-accommodation-listing-style-1 -->\n\t<\/div>\n\t\n\t<\/div><\/div><\/div><\/div><div class=\"vc_row wpb_row vc_row-fluid\"><div class=\"wpb_column vc_column_container vc_col-sm-12\"><div class=\"vc_column-inner\"><div class=\"wpb_wrapper\">\n\t<div class=\"wpb_text_column wpb_content_element\" >\n\t\t<div class=\"wpb_wrapper\">\n\t\t\t<hr \/>\n<h2><span style=\"color: #683c16;\">Einf\u00fchrung<\/span><\/h2>\n<hr \/>\n<p>Nich\u00e9e au c\u0153ur des Vosges, G\u00e9rardmer, surnomm\u00e9e la <em>\u00ab\u00a0Perle des Vosges\u00a0\u00bb<\/em>, est un v\u00e9ritable havre de paix pour les amoureux de la nature. Avec ses paysages vari\u00e9s, son lac majestueux, ses sentiers de randonn\u00e9e et ses stations de ski, cette charmante ville offre une multitude d&rsquo;activit\u00e9s en plein air. D\u00e9couvrez pourquoi G\u00e9rardmer est la destination id\u00e9ale pour un s\u00e9jour ressour\u00e7ant.<\/p>\n<hr \/>\n<h3><span style=\"color: #683c16;\">Le Lac de G\u00e9rardmer :<br \/>\nUn \u00c9crin de S\u00e9r\u00e9nit\u00e9<\/span><\/h3>\n<hr \/>\n<p>Le lac de <a href=\"https:\/\/les-atypiques-chalets.com\/de\/les-atypiques-chalets-a-gerardmer-un-sejour-atypique-dans-les-vosges\/\"  data-wpil-monitor-id=\"1503\">G\u00e9rardmer est le plus grand lac naturel des Vosges<\/a>. Entour\u00e9 de collines verdoyantes, il invite \u00e0 la d\u00e9tente et \u00e0 la d\u00e9couverte. Vous pouvez vous y promener, faire du paddle, du kayak ou tout simplement pique-niquer au bord de l\u2019eau. Une promenade de 6 kilom\u00e8tres permet d\u2019en faire le tour \u00e0 pied tout en profitant de magnifiques panoramas.<br \/>\n\ud83d\udc49 <em>Plus d&rsquo;infos sur le lac de G\u00e9rardmer<\/em> : <a href=\"https:\/\/www.tourisme-gerardmer.com\" target=\"_new\" rel=\"noopener nofollow\">tourisme-gerardmer.com<\/a><\/p>\n<hr \/>\n<h3><span style=\"color: #683c16;\">Randonn\u00e9es Inoubliables<br \/>\ndans les Montagnes Vosgiennes<\/span><\/h3>\n<hr \/>\n<p>Les montagnes vosgiennes autour de G\u00e9rardmer offrent des sentiers adapt\u00e9s \u00e0 tous les niveaux. Parmi les incontournables :<\/p>\n<ul>\n<li><strong>Le Sentier des Roches<\/strong> pour les plus aguerris<\/li>\n<li><strong>Le Hohneck<\/strong>, sommet mythique avec des <a href=\"https:\/\/les-atypiques-chalets.com\/de\/meilleurs-restaurants-gerardmer-tour-culinaire\/\" data-wpil-monitor-id=\"1965\">vues panoramiques<\/a><\/li>\n<li><strong>Les Balcons du Lac<\/strong>, pour une vue imprenable sur G\u00e9rardmer<\/li>\n<\/ul>\n<p>Chaque sentier est une invitation \u00e0 la d\u00e9couverte de la flore et de la faune locale.<br \/>\n\ud83d\udc49 <em>Parcours d\u00e9taill\u00e9s<\/em> : <a href=\"https:\/\/www.vosges-rando.fr\" target=\"_new\" rel=\"noopener nofollow\">vosges-rando.fr<\/a><\/p>\n<hr \/>\n<h3><span style=\"color: #683c16;\"><strong>Les Cascades Enchanteuses :<br \/>\nTendon et M\u00e9relle<\/strong><\/span><\/h3>\n<hr \/>\n<p>\u00c0 quelques kilom\u00e8tres de G\u00e9rardmer, les cascades du Tendon et de M\u00e9relle sont des joyaux naturels \u00e0 ne pas manquer. Le doux murmure de l\u2019eau et le cadre enchanteur de la for\u00eat environnante en font des lieux parfaits pour se ressourcer. Les sentiers d\u2019acc\u00e8s sont faciles et adapt\u00e9s \u00e0 toute la famille.<br \/>\n\ud83d\udc49 <em>D\u00e9couvrir les cascades<\/em> : <a href=\"https:\/\/www.vosges-tourisme.com\" target=\"_new\" rel=\"noopener nofollow\">vosges-tourisme.com<\/a><\/p>\n<hr \/>\n<h3><span style=\"color: #683c16;\">Les Activit\u00e9s Nautiques<br \/>\npour Petits et Grands<\/span><\/h3>\n<hr \/>\n<p>En \u00e9t\u00e9, le lac devient le paradis des sports nautiques. Que vous soyez d\u00e9butant ou expert, essayez :<\/p>\n<ul>\n<li>Le paddle<\/li>\n<li>Le cano\u00eb-kayak<\/li>\n<li>La voile<\/li>\n<li>Le p\u00e9dalo<\/li>\n<\/ul>\n<p>Ces activit\u00e9s offrent des moments inoubliables au c\u0153ur d\u2019un cadre naturel unique.<br \/>\n\ud83d\udc49 <em>R\u00e9servez vos activit\u00e9s nautiques<\/em> : <a href=\"https:\/\/www.lac-gerardmer.com\" target=\"_new\" rel=\"noopener nofollow\">lac-gerardmer.com<\/a><\/p>\n<hr \/>\n<h3><span style=\"color: #683c16;\">Parapente : Survoler G\u00e9rardmer<br \/>\net ses Paysages<\/span><\/h3>\n<hr \/>\n<p>Le <a href=\"https:\/\/les-atypiques-chalets.com\/de\/les-meilleurs-spots-pour-le-parapente-dans-la-region-de-gerardmer\/\" data-wpil-monitor-id=\"2029\">parapente est l\u2019activit\u00e9 r\u00eav\u00e9e pour admirer G\u00e9rardmer<\/a> sous un autre angle. Depuis les sommets des Vosges, les vols offrent une vue imprenable sur le lac et les for\u00eats. Les \u00e9coles locales proposent des bapt\u00eames en tandem pour les d\u00e9butants.<br \/>\n\ud83d\udc49 <em>Renseignez-vous ici<\/em> : <a href=\"https:\/\/www.vosges-parapente.com\" target=\"_new\" rel=\"noopener nofollow\">vosges-parapente.com<\/a><\/p>\n<hr \/>\n<h3><span style=\"color: #683c16;\">Les Jardins de Berchigranges :<br \/>\nUn Havre Botanique<\/span><\/h3>\n<hr \/>\n<p>\u00c0 seulement quelques kilom\u00e8tres, <a href=\"https:\/\/les-atypiques-chalets.com\/de\/le-jardin-de-berchigranges\/\" data-wpil-monitor-id=\"2359\">les <strong>jardins de Berchigranges<\/strong><\/a> offrent un cadre exceptionnel pour les amoureux des fleurs et des plantes. Chaque espace est soigneusement am\u00e9nag\u00e9 pour une balade po\u00e9tique et apaisante.<br \/>\n\ud83d\udc49 <em>Visitez les jardins<\/em> : <a href=\"https:\/\/www.berchigranges.com\" target=\"_new\" rel=\"noopener nofollow\">berchigranges.com<\/a><\/p>\n<hr \/>\n<h3><span style=\"color: #683c16;\">Le March\u00e9 Local :<\/span><br \/>\n<span style=\"color: #683c16;\">Savourez les Produits du Terroir<\/span><\/h3>\n<hr \/>\n<p>Le march\u00e9 de G\u00e9rardmer est une v\u00e9ritable c\u00e9l\u00e9bration des saveurs vosgiennes. Vous y trouverez :<\/p>\n<ul>\n<li>Des fromages comme le Munster<\/li>\n<li>Des confitures artisanales<\/li>\n<li>Du miel de montagne<\/li>\n<li>De la charcuterie locale<\/li>\n<\/ul>\n<p>Profitez-en pour discuter avec les producteurs passionn\u00e9s qui partagent volontiers leurs histoires.<br \/>\n\ud83d\udc49 <em>Horaires du march\u00e9<\/em> : <a href=\"https:\/\/www.mairie-gerardmer.fr\" target=\"_new\" rel=\"noopener nofollow\">mairie-gerardmer.fr<\/a><\/p>\n<hr \/>\n<h3><span style=\"color: #683c16;\">Les Stations de Ski :<br \/>\nG\u00e9rardmer en Hiver<\/span><\/h3>\n<hr \/>\n<p>L\u2019hiver transforme G\u00e9rardmer en station de sports d\u2019hiver familiale. La <strong>Mauselaine<\/strong> propose :<\/p>\n<ul>\n<li>40 km de pistes de <a href=\"https:\/\/les-atypiques-chalets.com\/de\/tag\/ski\/\" data-wpil-monitor-id=\"2244\">ski<\/a> alpin<\/li>\n<li>Des espaces pour la luge<\/li>\n<li>Du ski nordique et des <a href=\"https:\/\/les-atypiques-chalets.com\/de\/les-10-choses-a-faire-a-gerardmer-en-ete\/\" data-wpil-monitor-id=\"1677\">Wanderungen<\/a> en raquettes<\/li>\n<\/ul>\n<p>Les paysages <a href=\"https:\/\/les-atypiques-chalets.com\/de\/tag\/pistes-enneigees\/\" data-wpil-monitor-id=\"2277\">enneig\u00e9s<\/a> sont simplement magiques.<br \/>\n\ud83d\udc49 <em>D\u00e9tails sur les stations de ski<\/em> : <a href=\"https:\/\/www.ski-gerardmer.com\" target=\"_new\" rel=\"noopener nofollow\">ski-gerardmer.com<\/a><\/p>\n<hr \/>\n<h3><span style=\"color: #683c16;\">S\u00e9journer dans un Chalet Cosy<\/span><\/h3>\n<hr \/>\n<p>Pour vivre pleinement votre s\u00e9jour, rien de mieux qu\u2019un chalet traditionnel vosgien. Confortables et chaleureux, ils offrent une exp\u00e9rience authentique au c\u0153ur de la nature. Le soir, savourez un chocolat chaud pr\u00e8s de la chemin\u00e9e.<br \/>\n\ud83d\udc49 <a href=\"https:\/\/les-atypiques-chalets.com\/de\/\"><i>D\u00e9couvrez les Atypiques Chalets<\/i><\/a><\/p>\n<hr \/>\n<h3><span style=\"color: #683c16;\">Bien-\u00eatre et D\u00e9tente :<\/span><br \/>\n<span style=\"color: #683c16;\">Spas et Relaxation<\/span><\/h3>\n<hr \/>\n<p>Apr\u00e8s une journ\u00e9e d\u2019aventures, offrez-vous une pause bien-\u00eatre dans l\u2019un des spas de G\u00e9rardmer. Profitez de massages, saunas et bains relaxants pour vous ressourcer.<br \/>\n\ud83d\udc49 <em>R\u00e9servez votre moment d\u00e9tente<\/em> : <a href=\"https:\/\/les-atypiques-chalets.com\/de\/\">Die Ungew\u00f6hnlichen Chalets<\/a><\/p>\n<hr \/>\n<h3><span style=\"color: #683c16;\">Pourquoi G\u00e9rardmer<br \/>\nest-elle un Incontournable <\/span><strong>?<\/strong><\/h3>\n<hr \/>\n<p>Entre montagnes, for\u00eats, lac et traditions locales, G\u00e9rardmer est un v\u00e9ritable joyau naturel. Que vous soyez amateur d\u2019aventures, en qu\u00eate de d\u00e9tente ou simplement amoureux des grands espaces, cette destination saura vous s\u00e9duire \u00e0 chaque saison.<\/p>\n<hr \/>\n<h3><span style=\"color: #683c16;\">FAQ : Vos Questions R\u00e9pondues<\/span><\/h3>\n<hr \/>\n<p><strong>1. Quelle est la <a href=\"https:\/\/les-atypiques-chalets.com\/de\/comment-preparer-votre-sejour-a-gerardmer-conseils-et-astuces\/\" data-wpil-monitor-id=\"2078\">meilleure p\u00e9riode pour visiter G\u00e9rardmer<\/a> ?<\/strong><br \/>\nL\u2019\u00e9t\u00e9 pour les activit\u00e9s nautiques et la randonn\u00e9e, l\u2019hiver pour le ski et les paysages enneig\u00e9s.<\/p>\n<p><strong>2. <a href=\"https:\/\/les-atypiques-chalets.com\/de\/comment-economiser-sur-votre-location-de-chalet-a-gerardmer\/\" data-wpil-monitor-id=\"1179\">Comment se rendre \u00e0 G\u00e9rardmer<\/a> ?<\/strong><br \/>\nEn voiture, train ou bus depuis les grandes villes comme Nancy ou Strasbourg.<\/p>\n<p><strong>3. Quelles activit\u00e9s sont adapt\u00e9es aux familles ?<\/strong><br \/>\nLes balades au lac, la luge, l\u2019accrobranche et les march\u00e9s locaux.<\/p>\n<p><strong>4. Quels souvenirs rapporter de G\u00e9rardmer ?<\/strong><br \/>\nFromages, miel, confitures artisanales et bonbons des <a href=\"https:\/\/les-atypiques-chalets.com\/de\/tag\/vogesen\/\" data-wpil-monitor-id=\"2181\">Vogesen<\/a>.<\/p>\n<p><strong>5. Peut-on camper \u00e0 G\u00e9rardmer ?<\/strong><br \/>\nOui, plusieurs campings offrent des emplacements au bord du lac.<\/p>\n<hr \/>\n<h3><span style=\"color: #683c16;\"><strong>Schlussfolgerung<\/strong><\/span><\/h3>\n<hr \/>\n<p>G\u00e9rardmer est une destination qui enchante par sa diversit\u00e9. Entre d\u00e9tente, aventure et d\u00e9couverte, chaque visiteur repart avec des souvenirs inoubliables.<\/p>\n\n\t\t<\/div>\n\t<\/div>\n<\/div><\/div><\/div><\/div><div class=\"vc_row wpb_row vc_row-fluid\"><div class=\"wpb_column vc_column_container vc_col-sm-12\"><div class=\"vc_column-inner\"><div class=\"wpb_wrapper\"><div class=\"vc_empty_space\"   style=\"height: 60px\"><span class=\"vc_empty_space_inner\"><\/span><\/div><\/div><\/div><\/div><\/div>\n<\/div>","protected":false},"excerpt":{"rendered":"Chalet IORIK Capacit\u00e9: 4 personnes Superficie: 45 m2 Bain Nordique: privatif Description de notre Chalet Iorik dans les Vosges Id\u00e9al pour les couples ou les petites familles, le Chalet IORIK est un \u00e9crin de douceur pouvant accueillir jusqu\u2019\u00e0 4 personnes. Avec ses 2 chambres cosy et ces 2 lits de 140\u00d7190, il vous promet des<a href=\"https:\/\/les-atypiques-chalets.com\/de\/chalet-aslan\/\" class=\"sohohotel-more-link\">Read More<\/a>","protected":false},"author":1,"featured_media":859634,"comment_status":"closed","ping_status":"closed","sticky":false,"template":"","format":"standard","meta":{"_yoast_wpseo_title":"Pourquoi G\u00e9rardmer est la destination parfaite pour les amoureux de la nature","_yoast_wpseo_metadesc":"D\u00e9couvrez G\u00e9rardmer : lac, montagne, nature. Partez pour une aventure inoubliable !","_yoast_wpseo_focuskw":"#G\u00e9rardmer #PerleDesVosges #VacancesNature #LacDeG\u00e9rardmer #TourismeVosges #SkiVosges #Randonn\u00e9eVosges","footnotes":""},"categories":[707,1167,1166,810],"tags":[1044,1484,1411,664,1486,708,1485,837,1482,710,1246,700,1483,923,1160],"class_list":["post-859528","post","type-post","status-publish","format-standard","has-post-thumbnail","hentry","category-gerardmer","category-chalet-avec-sauna-gerardmer","category-chalets-avec-sauna","category-locatif-saisonnier","tag-activites-nautiques-gerardmer","tag-bien-etre-gerardmer","tag-cascades-de-tendon","tag-gerardmer","tag-jardins-de-berchigranges","tag-lac-de-gerardmer","tag-marches-locaux-gerardmer","tag-parapente-gerardmer","tag-perle-des-vosges","tag-randonnee-gerardmer","tag-sejour-en-chalet-vosges","tag-ski-vosges","tag-station-de-ski-gerardmer","tag-tourisme-gerardmer","tag-vacances-nature-vosges"],"_links":{"self":[{"href":"https:\/\/les-atypiques-chalets.com\/de\/wp-json\/wp\/v2\/posts\/859528","targetHints":{"allow":["GET"]}}],"collection":[{"href":"https:\/\/les-atypiques-chalets.com\/de\/wp-json\/wp\/v2\/posts"}],"about":[{"href":"https:\/\/les-atypiques-chalets.com\/de\/wp-json\/wp\/v2\/types\/post"}],"author":[{"embeddable":true,"href":"https:\/\/les-atypiques-chalets.com\/de\/wp-json\/wp\/v2\/users\/1"}],"replies":[{"embeddable":true,"href":"https:\/\/les-atypiques-chalets.com\/de\/wp-json\/wp\/v2\/comments?post=859528"}],"version-history":[{"count":0,"href":"https:\/\/les-atypiques-chalets.com\/de\/wp-json\/wp\/v2\/posts\/859528\/revisions"}],"wp:featuredmedia":[{"embeddable":true,"href":"https:\/\/les-atypiques-chalets.com\/de\/wp-json\/wp\/v2\/media\/859634"}],"wp:attachment":[{"href":"https:\/\/les-atypiques-chalets.com\/de\/wp-json\/wp\/v2\/media?parent=859528"}],"wp:term":[{"taxonomy":"category","embeddable":true,"href":"https:\/\/les-atypiques-chalets.com\/de\/wp-json\/wp\/v2\/categories?post=859528"},{"taxonomy":"post_tag","embeddable":true,"href":"https:\/\/les-atypiques-chalets.com\/de\/wp-json\/wp\/v2\/tags?post=859528"}],"curies":[{"name":"wp","href":"https:\/\/api.w.org\/{rel}","templated":true}]}}