{"id":9109,"date":"2023-11-21T13:38:55","date_gmt":"2023-11-21T13:38:55","guid":{"rendered":"https:\/\/les-atypiques-chalets.com\/?p=9109"},"modified":"2026-01-29T16:35:29","modified_gmt":"2026-01-29T16:35:29","slug":"station-ski-vosges-guide-2026","status":"publish","type":"post","link":"https:\/\/les-atypiques-chalets.com\/de\/station-ski-vosges-guide-2026\/","title":{"rendered":"Stations de Ski Vosges : Guide Complet 2025-2026 [Tarifs + Pistes]"},"content":{"rendered":"<div class=\"wpb-content-wrapper\"><div class=\"vc_row wpb_row vc_row-fluid\"><div class=\"wpb_column vc_column_container vc_col-sm-12\"><div class=\"vc_column-inner\"><div class=\"wpb_wrapper\">\n\t<div class=\"wpb_text_column wpb_content_element\" >\n\t\t<div class=\"wpb_wrapper\">\n\t\t\t<h1 class=\"shb-blog-single-title\"><span style=\"color: #683c16;\">Stations de Ski Vosges :<\/span><br \/>\n<span style=\"color: #683c16;\">Guide Complet 2025-2026<br \/>\n[Tarifs + Pistes]<\/span><\/h1>\n\n\t\t<\/div>\n\t<\/div>\n<\/div><\/div><\/div><\/div><div class=\"vc_row wpb_row vc_row-fluid\"><div class=\"wpb_column vc_column_container vc_col-sm-12\"><div class=\"vc_column-inner\"><div class=\"wpb_wrapper\">\n\t<div class=\"wpb_text_column wpb_content_element\" >\n\t\t<div class=\"wpb_wrapper\">\n\t\t\t<h2>\u2744\ufe0f <span style=\"color: #683c16;\">Les stations de ski Vosges en 1 minute<\/span><\/h2>\n\n\t\t<\/div>\n\t<\/div>\n<div class=\"vc_row wpb_row vc_inner vc_row-fluid\"><div class=\"wpb_column vc_column_container vc_col-sm-6\"><div class=\"vc_column-inner\"><div class=\"wpb_wrapper\">\n\t<div  class=\"wpb_single_image wpb_content_element vc_align_left wpb_content_element\">\n\t\t\n\t\t<figure class=\"wpb_wrapper vc_figure\">\n\t\t\t<div class=\"vc_single_image-wrapper   vc_box_border_grey\"><img decoding=\"async\" width=\"1456\" height=\"816\" src=\"https:\/\/les-atypiques-chalets.com\/wp-content\/uploads\/2025\/01\/yep-1-1-1-1-1.webp\" class=\"vc_single_image-img attachment-full\" alt=\"Famille profitant d&#039;une journ\u00e9e de ski dans les Vosges pr\u00e8s de G\u00e9rardmer, mettant en valeur la proximit\u00e9 des chalets avec les pistes enneig\u00e9es.\" title=\"Ski en Famille \u00e0 G\u00e9rardmer \u2013 Vivez l\u2019Hiver dans les Vosges\" srcset=\"https:\/\/les-atypiques-chalets.com\/wp-content\/uploads\/2025\/01\/yep-1-1-1-1-1.webp 1456w, https:\/\/les-atypiques-chalets.com\/wp-content\/uploads\/2025\/01\/yep-1-1-1-1-1-300x168.webp 300w, https:\/\/les-atypiques-chalets.com\/wp-content\/uploads\/2025\/01\/yep-1-1-1-1-1-1024x574.webp 1024w, https:\/\/les-atypiques-chalets.com\/wp-content\/uploads\/2025\/01\/yep-1-1-1-1-1-768x430.webp 768w, https:\/\/les-atypiques-chalets.com\/wp-content\/uploads\/2025\/01\/yep-1-1-1-1-1-100x56.webp 100w, https:\/\/les-atypiques-chalets.com\/wp-content\/uploads\/2025\/01\/yep-1-1-1-1-1-600x336.webp 600w\" sizes=\"(max-width: 1456px) 100vw, 1456px\" \/><\/div>\n\t\t<\/figure>\n\t<\/div>\n<\/div><\/div><\/div><div class=\"wpb_column vc_column_container vc_col-sm-6\"><div class=\"vc_column-inner\"><div class=\"wpb_wrapper\">\n\t<div  class=\"wpb_single_image wpb_content_element vc_align_left wpb_content_element\">\n\t\t\n\t\t<figure class=\"wpb_wrapper vc_figure\">\n\t\t\t<div class=\"vc_single_image-wrapper   vc_box_border_grey\"><img decoding=\"async\" width=\"1456\" height=\"816\" src=\"https:\/\/les-atypiques-chalets.com\/wp-content\/uploads\/2024\/07\/biathlon.webp\" class=\"vc_single_image-img attachment-full\" alt=\"Participant au biathlon combinant ski de fond et tir \u00e0 la carabine\" title=\"Biathlon \u00e0 G\u00e9rardmer\" srcset=\"https:\/\/les-atypiques-chalets.com\/wp-content\/uploads\/2024\/07\/biathlon.webp 1456w, https:\/\/les-atypiques-chalets.com\/wp-content\/uploads\/2024\/07\/biathlon-300x168.webp 300w, https:\/\/les-atypiques-chalets.com\/wp-content\/uploads\/2024\/07\/biathlon-1024x574.webp 1024w, https:\/\/les-atypiques-chalets.com\/wp-content\/uploads\/2024\/07\/biathlon-768x430.webp 768w, https:\/\/les-atypiques-chalets.com\/wp-content\/uploads\/2024\/07\/biathlon-100x56.webp 100w, https:\/\/les-atypiques-chalets.com\/wp-content\/uploads\/2024\/07\/biathlon-600x336.webp 600w\" sizes=\"(max-width: 1456px) 100vw, 1456px\" \/><\/div>\n\t\t<\/figure>\n\t<\/div>\n<\/div><\/div><\/div><\/div><\/div><\/div><\/div><\/div><div class=\"vc_row wpb_row vc_row-fluid\"><div class=\"wpb_column vc_column_container vc_col-sm-12\"><div class=\"vc_column-inner\"><div class=\"wpb_wrapper\">\n\t<div class=\"wpb_text_column wpb_content_element\" >\n\t\t<div class=\"wpb_wrapper\">\n\t\t\t<p>Vous cherchez une\u00a0<strong>station de ski Vosges<\/strong>\u00a0pour vos prochaines vacances d\u2019hiver ? Les Vosges offrent\u00a0<strong>6 stations de ski exceptionnelles<\/strong>, parfaites pour un week-end ski, un s\u00e9jour nature ou une escapade bien-\u00eatre. Chaque\u00a0<strong>station de ski des Vosges<\/strong>\u00a0a sa personnalit\u00e9 : familiale, sportive, panoramique ou authentique.<\/p>\n<p>Depuis\u00a0<strong>Les Atypiques Chalets<\/strong>\u00a0\u00e0 Barbey-Seroux, positionnement id\u00e9al entre G\u00e9rardmer et La Bresse, vous acc\u00e9dez en quelques minutes aux meilleures\u00a0<strong>stations de ski Vosges 2026<\/strong>\u00a0: La Bresse-Hohneck, G\u00e9rardmer-La <a href=\"https:\/\/les-atypiques-chalets.com\/decouvrez-gerardmer-les-10-activites-incontournables\/\" data-wpil-monitor-id=\"2606\">Mauselaine<\/a>, Le Grand Valtin, Le Markstein, Ventron et Lac Blanc.<\/p>\n<p><strong>\ud83c\udfbf Ce guide complet des stations de ski Vosges 2026 vous pr\u00e9sente :<\/strong><\/p>\n<ul>\n<li>\u2705\u00a0<strong>6 stations de ski Vosges<\/strong>\u00a0d\u00e9taill\u00e9es avec caract\u00e9ristiques<\/li>\n<li>\u2705 Tableaux comparatifs : tarifs, dates, distances<\/li>\n<li>\u2705 Webcams live de chaque station de ski Vosges<\/li>\n<li>\u2705 Meilleure p\u00e9riode pour skier dans <a href=\"https:\/\/les-atypiques-chalets.com\/votre-chalet-de-randonnee-dans-les-vosges-au-coeur-de-la-nature\/\" data-wpil-monitor-id=\"2604\">les Vosges<\/a><\/li>\n<li>\u2705 H\u00e9bergement id\u00e9al aux <a href=\"https:\/\/les-atypiques-chalets.com\/sejour-romantique-a-gerardmer-avec-les-atypiques-chalets-chalets-saunas-et-bains-nordiques\/\" data-wpil-monitor-id=\"2609\">Atypiques Chalets<\/a> (bain nordique + sauna)<\/li>\n<\/ul>\n<p><em>\ud83d\udca1 Tarifs stations de ski Vosges 2026 : de 18\u20ac \u00e0 35\u20ac\/jour selon la station<\/em><\/p>\n\n\t\t<\/div>\n\t<\/div>\n<\/div><\/div><\/div><\/div><div class=\"vc_row wpb_row vc_row-fluid\"><div class=\"wpb_column vc_column_container vc_col-sm-12\"><div class=\"vc_column-inner\"><div class=\"wpb_wrapper\">\t\t\n\t\t\t\t\n\t\t\t<!-- BEGIN .shb-accommodation-listing-filter-sorting -->\n\t\t\t<div class=\"shb-accommodation-listing-filter-sorting shb-clearfix\">\n\t\t\t\n\t\t\t\t\t\t\t\n\t\t\t\t<div class=\"shb-accommodation-listing-filter shb-clearfix\">\n\t\t\t\t\t<p>Filtern nach:<\/p>\n\t\t\t\t\t<ul>\n\t\t\t\t\t\t<li class=\"shb-filter-current\"><a href=\"https:\/\/les-atypiques-chalets.com\/de\/wp-json\/wp\/v2\/posts\/9109?shb-orderby=2\">All<\/a><\/li><li class=\"\"><a href=\"https:\/\/les-atypiques-chalets.com\/de\/wp-json\/wp\/v2\/posts\/9109?shb-orderby=2&amp;shb-accommodation-type=chalet-4-personnes-gerardmer\">Chalet 4 personnes<\/a><\/li><li class=\"\"><a href=\"https:\/\/les-atypiques-chalets.com\/de\/wp-json\/wp\/v2\/posts\/9109?shb-orderby=2&amp;shb-accommodation-type=chalet-6-personnes\">Chalet 6 personnes<\/a><\/li><li class=\"\"><a href=\"https:\/\/les-atypiques-chalets.com\/de\/wp-json\/wp\/v2\/posts\/9109?shb-orderby=2&amp;shb-accommodation-type=chalets-6-personnes\">Chalets 6 personnes<\/a><\/li>\t\t\t\t\t<\/ul>\n\t\t\t\t<\/div>\n\t\t\t\n\t\t\t\t\t\t\t\n\t\t\t\t\t\t\t\n\t\t\t\t<div class=\"shb-accommodation-listing-sorting shb-clearfix\">\n\t\t\t\t\t<select>\n\t\t\t\t\t\t<option value=\"https:\/\/les-atypiques-chalets.com\/de\/wp-json\/wp\/v2\/posts\/9109?shb-accommodation-type=0\" selected>Standard-Sortierung<\/option><option value=\"https:\/\/les-atypiques-chalets.com\/de\/wp-json\/wp\/v2\/posts\/9109?shb-accommodation-type=0&shb-orderby=1\" >Preis niedrig bis hoch<\/option><option value=\"https:\/\/les-atypiques-chalets.com\/de\/wp-json\/wp\/v2\/posts\/9109?shb-accommodation-type=0&shb-orderby=2\" >Preis hoch bis niedrig<\/option>\t\t\t\t\t<\/select>\n\t\t\t\t\t<i class=\"fas fa-chevron-down\"><\/i>\n\t\t\t\t<\/div>\n\t\t\t\n\t\t\t\t\t\n\t\t\t<!-- END .shb-accommodation-listing-filter-sorting -->\n\t\t\t<\/div>\n\t\t\n\t\t\t\t\n\t\t<!-- BEGIN .shb-accommodation-listing-style-2 -->\n\t\t<div class=\"shb-accommodation-listing-style-2 shb-accommodation-listing-style-2-columns-3\">\n\t\t\t\n\t\t\t\t\n\t\t\t<!-- BEGIN .shb-accommodation-listing-item -->\n\t\t\t<div class=\"shb-accommodation-listing-item\">\n\t\t\t\t\n\t\t\t\t<div class=\"shb-accommodation-listing-image\">\n\t\t\t\t\t\n\t\t\t\t\t<a href=\"https:\/\/les-atypiques-chalets.com\/de\/chalet-charkhan\/\" rel=\"bookmark\" class=\"shb-accommodation-listing-button1\">\u00e0 partir de 225\u20ac\/Nuit<\/a>\n\t\t\t\t\t\n\t\t\t\t\t\t\t\t\t\t\t\t\t\t\t<a href=\"https:\/\/les-atypiques-chalets.com\/de\/chalet-charkhan\/\" rel=\"bookmark\">\n\t\t\t\t\t\t<img decoding=\"async\" src=\"https:\/\/les-atypiques-chalets.com\/wp-content\/uploads\/2025\/03\/salon-charkhan-03-L-1180x675.webp\" alt=\"Chalet Charkhan\" \/>\t\t\t\t\t<\/a>\n\t\t\t\t\t\t\t\t\t\t\n\t\t\t\t<\/div>\n\t\t\t\t\n\t\t\t\t<div class=\"shb-accommodation-listing-description-wrapper\">\n\t\t\t\t\n\t\t\t\t\t<h3><a href=\"https:\/\/les-atypiques-chalets.com\/de\/chalet-charkhan\/\" rel=\"bookmark\" title=\"Chalet Charkhan\">Chalet Charkhan<\/a><\/h3>\n\t\t\t\t\n\t\t\t\t\t<div class=\"shb-accommodation-listing-description shb-clearfix\">\n\t\t\t\t\t\n\t\t\t\t\t\t<ul>\r\n<li><i class=\"fas fa-user\"><\/i><span>Capacit\u00e9 :<\/span> 6 personnes<\/li>\r\n<li><i class=\"fas fa-ruler-combined\"><\/i><span>Superficie :<\/span> 65 m2<\/li>\r\n<li><i class=\"fas fa-hot-tub\"><\/i><span> Bain Nordique :<\/span> privatif<\/li>\r\n<\/ul>\t\t\t\t\t\n\t\t\t\t\t<\/div>\n\t\t\t\t\n\t\t\t\t<\/div>\n\t\t\t\t\n\t\t\t<!-- END .shb-accommodation-listing-item -->\n\t\t\t<\/div>\n\t\t\n\t\t\t\t\n\t\t\t<!-- BEGIN .shb-accommodation-listing-item -->\n\t\t\t<div class=\"shb-accommodation-listing-item\">\n\t\t\t\t\n\t\t\t\t<div class=\"shb-accommodation-listing-image\">\n\t\t\t\t\t\n\t\t\t\t\t<a href=\"https:\/\/les-atypiques-chalets.com\/de\/chalet-aslan\/\" rel=\"bookmark\" class=\"shb-accommodation-listing-button1\">\u00e0 partir de 215\u20ac\/Nuit<\/a>\n\t\t\t\t\t\n\t\t\t\t\t\t\t\t\t\t\t\t\t\t\t<a href=\"https:\/\/les-atypiques-chalets.com\/de\/chalet-aslan\/\" rel=\"bookmark\">\n\t\t\t\t\t\t<img decoding=\"async\" src=\"https:\/\/les-atypiques-chalets.com\/wp-content\/uploads\/2025\/03\/ASLAN-2-900x710.webp\" alt=\"Chalet Aslan\" \/>\t\t\t\t\t<\/a>\n\t\t\t\t\t\t\t\t\t\t\n\t\t\t\t<\/div>\n\t\t\t\t\n\t\t\t\t<div class=\"shb-accommodation-listing-description-wrapper\">\n\t\t\t\t\n\t\t\t\t\t<h3><a href=\"https:\/\/les-atypiques-chalets.com\/de\/chalet-aslan\/\" rel=\"bookmark\" title=\"Chalet Aslan\">Chalet Aslan<\/a><\/h3>\n\t\t\t\t\n\t\t\t\t\t<div class=\"shb-accommodation-listing-description shb-clearfix\">\n\t\t\t\t\t\n\t\t\t\t\t\t<ul>\r\n<li><i class=\"fas fa-user\"><\/i><span>Capacit\u00e9 :<\/span> 5 personnes<\/li>\r\n<li><i class=\"fas fa-ruler-combined\"><\/i><span>Superficie :<\/span> 65 m2<\/li>\r\n<li><i class=\"fas fa-hot-tub\"><\/i><span> Bain Nordique :<\/span> privatif<\/li>\r\n<\/ul>\t\t\t\t\t\n\t\t\t\t\t<\/div>\n\t\t\t\t\n\t\t\t\t<\/div>\n\t\t\t\t\n\t\t\t<!-- END .shb-accommodation-listing-item -->\n\t\t\t<\/div>\n\t\t\n\t\t\t\t\n\t\t\t<!-- BEGIN .shb-accommodation-listing-item -->\n\t\t\t<div class=\"shb-accommodation-listing-item\">\n\t\t\t\t\n\t\t\t\t<div class=\"shb-accommodation-listing-image\">\n\t\t\t\t\t\n\t\t\t\t\t<a href=\"https:\/\/les-atypiques-chalets.com\/de\/chalet-iorik\/\" rel=\"bookmark\" class=\"shb-accommodation-listing-button1\">\u00e0 partir de 170\u20ac\/Nuit<\/a>\n\t\t\t\t\t\n\t\t\t\t\t\t\t\t\t\t\t\t\t\t\t<a href=\"https:\/\/les-atypiques-chalets.com\/de\/chalet-iorik\/\" rel=\"bookmark\">\n\t\t\t\t\t\t<img decoding=\"async\" src=\"https:\/\/les-atypiques-chalets.com\/wp-content\/uploads\/2025\/09\/iorik-sejour-L-1024x710.webp\" alt=\"Chalet Iorik\" \/>\t\t\t\t\t<\/a>\n\t\t\t\t\t\t\t\t\t\t\n\t\t\t\t<\/div>\n\t\t\t\t\n\t\t\t\t<div class=\"shb-accommodation-listing-description-wrapper\">\n\t\t\t\t\n\t\t\t\t\t<h3><a href=\"https:\/\/les-atypiques-chalets.com\/de\/chalet-iorik\/\" rel=\"bookmark\" title=\"Chalet Iorik\">Chalet Iorik<\/a><\/h3>\n\t\t\t\t\n\t\t\t\t\t<div class=\"shb-accommodation-listing-description shb-clearfix\">\n\t\t\t\t\t\n\t\t\t\t\t\t<ul>\r\n<li><i class=\"fas fa-user\"><\/i><span>Capacit\u00e9 :<\/span> 4 personnes<\/li>\r\n<li><i class=\"fas fa-ruler-combined\"><\/i><span>Superficie :<\/span> 45 m2<\/li>\r\n<li><i class=\"fas fa-hot-tub\"><\/i><span> Bain Nordique :<\/span> privatif<\/li>\r\n<\/ul>\t\t\t\t\t\n\t\t\t\t\t<\/div>\n\t\t\t\t\n\t\t\t\t<\/div>\n\t\t\t\t\n\t\t\t<!-- END .shb-accommodation-listing-item -->\n\t\t\t<\/div>\n\t\t\n\t\t\t\t\t\n\t\t<!-- END .shb-accommodation-listing-style-2 -->\n\t\t<\/div>\n\t\n\t\t\n\t\t\t\n\t\t<div class=\"shb-clearboth\"><\/div>\n\t\t<div class=\"shb-accommodation-listing-2-pagination\">\n\t\t\t\t<\/div>\n\t\t\n\t\t\n\t<\/div><\/div><\/div><\/div><div class=\"vc_row wpb_row vc_row-fluid\"><div class=\"wpb_column vc_column_container vc_col-sm-12\"><div class=\"vc_column-inner\"><div class=\"wpb_wrapper\">\n\t<div class=\"wpb_text_column wpb_content_element\" >\n\t\t<div class=\"wpb_wrapper\">\n\t\t\t<h2>\ud83c\udfd4\ufe0f Les 6 Meilleures Stations<br \/>\nde Ski Vosges en 2026<\/h2>\n<p>Le massif des Vosges compte plusieurs\u00a0<strong>stations de ski<\/strong>\u00a0de qualit\u00e9. Voici notre s\u00e9lection des\u00a0<strong>6 meilleures stations de ski Vosges<\/strong>\u00a0accessibles depuis Les Atypiques Chalets.<\/p>\n<h3>\ud83c\udfc2 Station de Ski La Bresse-Hohneck :<br \/>\nLa Plus Grande Station de Ski des Vosges<\/h3>\n<p><img decoding=\"async\" class=\"wp-image-8982 size-large\" src=\"https:\/\/les-atypiques-chalets.com\/wp-content\/uploads\/2023\/11\/ski-gerardmer-la-bresse-1024x574.webp\" sizes=\"(max-width: 1024px) 100vw, 1024px\" srcset=\"https:\/\/les-atypiques-chalets.com\/wp-content\/uploads\/2023\/11\/ski-gerardmer-la-bresse-1024x574.webp 1024w, https:\/\/les-atypiques-chalets.com\/wp-content\/uploads\/2023\/11\/ski-gerardmer-la-bresse-300x168.webp 300w, https:\/\/les-atypiques-chalets.com\/wp-content\/uploads\/2023\/11\/ski-gerardmer-la-bresse-768x430.webp 768w, https:\/\/les-atypiques-chalets.com\/wp-content\/uploads\/2023\/11\/ski-gerardmer-la-bresse-100x56.webp 100w, https:\/\/les-atypiques-chalets.com\/wp-content\/uploads\/2023\/11\/ski-gerardmer-la-bresse-600x336.webp 600w, https:\/\/les-atypiques-chalets.com\/wp-content\/uploads\/2023\/11\/ski-gerardmer-la-bresse.webp 1456w\" alt=\"Situ\u00e9s id\u00e9alement \u00e0 seulement 10 km des pistes de ski. Gerardmer, la Bresse\" width=\"1024\" height=\"574\" \/><\/p>\n<p>Au c\u0153ur du Parc naturel du Ballon des Vosges,\u00a0<strong>La Bresse-Hohneck<\/strong>\u00a0est incontestablement\u00a0<strong>la plus grande station de ski des Vosges<\/strong>. Cette\u00a0<strong>station de ski Vosges<\/strong>\u00a0d\u2019exception offre le domaine skiable le plus \u00e9tendu du Nord-Est de la France.<\/p>\n<p><strong>\ud83c\udfbf Caract\u00e9ristiques de la <a href=\"https:\/\/les-atypiques-chalets.com\/pourquoi-louer-un-chalet-dans-les-vosges-pour-vos-vacances-en-famille\/\" data-wpil-monitor-id=\"2612\">station de ski<\/a> La Bresse-Hohneck :<\/strong><\/p>\n<ul>\n<li>\u2705\u00a0<strong>33 pistes de ski<\/strong>\u00a0(900m \u00e0 1350m d\u2019altitude)<\/li>\n<li>\u2705\u00a0<strong>Plus de 300 canons \u00e0 neige<\/strong>\u00a0(enneigement garanti)<\/li>\n<li>\u2705 15 remont\u00e9es m\u00e9caniques<\/li>\n<li>\u2705\u00a0<strong>Ski nocturne<\/strong>\u00a0jusqu\u2019\u00e0 21h45 (week-ends et vacances)<\/li>\n<li>\u2705\u00a0<strong>Ski aurore<\/strong>\u00a0d\u00e8s 6h du matin (<a href=\"https:\/\/les-atypiques-chalets.com\/les-meilleurs-bars-et-cafes-de-gerardmer\/\" data-wpil-monitor-id=\"2614\">exp\u00e9rience unique<\/a> !)<\/li>\n<li>\u2705 D\u00e9nivel\u00e9 de 450 m\u00e8tres<\/li>\n<li>\u2705 Stations annexes : La Bresse Lispach et La Bresse Brabant<\/li>\n<\/ul>\n<p><strong>\ud83d\udcb0 Tarifs station de ski La Bresse 2026 :<\/strong>\u00a0Forfait journ\u00e9e adulte 35\u20ac, enfant 28\u20ac<\/p>\n<p><strong>\ud83d\udccd Distance depuis Les Atypiques Chalets :<\/strong>\u00a015 minutes (10 km)<\/p>\n<p>\ud83d\udd17\u00a0<em>Cette station de ski Vosges est id\u00e9ale pour un s\u00e9jour ski et spa dans les Vosges.<\/em><\/p>\n\n\t\t<\/div>\n\t<\/div>\n<\/div><\/div><\/div><\/div><div class=\"vc_row wpb_row vc_row-fluid\"><div class=\"wpb_column vc_column_container vc_col-sm-12\"><div class=\"vc_column-inner\"><div class=\"wpb_wrapper\">\n\t<div class=\"wpb_text_column wpb_content_element\" >\n\t\t<div class=\"wpb_wrapper\">\n\t\t\t<h3>\ud83c\udfbf Station de Ski G\u00e9rardmer-La Mauselaine :<br \/>\nLa Perle des Vosges<\/h3>\n<p><img decoding=\"async\" class=\"size-medium wp-image-629341\" src=\"https:\/\/les-atypiques-chalets.com\/wp-content\/uploads\/2024\/11\/gerardmer-300x169.webp\" sizes=\"(max-width: 300px) 100vw, 300px\" srcset=\"https:\/\/les-atypiques-chalets.com\/wp-content\/uploads\/2024\/11\/gerardmer-300x169.webp 300w, https:\/\/les-atypiques-chalets.com\/wp-content\/uploads\/2024\/11\/gerardmer-768x432.webp 768w, https:\/\/les-atypiques-chalets.com\/wp-content\/uploads\/2024\/11\/gerardmer-100x56.webp 100w, https:\/\/les-atypiques-chalets.com\/wp-content\/uploads\/2024\/11\/gerardmer-600x338.webp 600w, https:\/\/les-atypiques-chalets.com\/wp-content\/uploads\/2024\/11\/gerardmer.webp 1000w\" alt=\"Vue du lac de G\u00e9rardmer, entour\u00e9 de for\u00eats et de montagnes dans les Vosges\" width=\"300\" height=\"169\" \/><\/p>\n<p>La\u00a0<strong>station de ski G\u00e9rardmer<\/strong>, surnomm\u00e9e \u00ab\u00a0La Perle des Vosges\u00a0\u00bb, combine charme montagnard et dynamisme. Cette\u00a0<strong>station de ski Vosges<\/strong>\u00a0b\u00e9n\u00e9ficie d\u2019un cadre exceptionnel entre son lac l\u00e9gendaire et les for\u00eats de sapins.<\/p>\n<p><strong>\ud83c\udfbf Caract\u00e9ristiques de la station de <a href=\"https:\/\/les-atypiques-chalets.com\/ski-gerardmer\/\" data-wpil-monitor-id=\"2601\">ski G\u00e9rardmer<\/a> :<\/strong><\/p>\n<ul>\n<li>\u2705\u00a0<strong>21 pistes<\/strong>\u00a0r\u00e9parties sur 4 secteurs (40 km total)<\/li>\n<li>\u2705\u00a0<strong>La plus longue descente des Vosges<\/strong>\u00a0: 2 900 m\u00e8tres (Les Chevreuils)<\/li>\n<li>\u2705 18 remont\u00e9es m\u00e9caniques<\/li>\n<li>\u2705 Altitude : 750m \u00e0 1140m (d\u00e9nivel\u00e9 390m)<\/li>\n<li>\u2705\u00a0<strong>Ski nocturne<\/strong>\u00a0sous \u00e9clairages et sonorisation<\/li>\n<li>\u2705 Snowpark, luge, fil neige gratuit<\/li>\n<li>\u2705\u00a0<strong>Ski nordique<\/strong>\u00a0: 30 km aux Bas-Rupts (100 km reli\u00e9s)<\/li>\n<li>\u2705 Label Famille Plus Montagne<\/li>\n<\/ul>\n<p><strong>\ud83d\udcb0 Tarifs station de ski G\u00e9rardmer 2026 :<\/strong>\u00a0Forfait journ\u00e9e adulte 33\u20ac, enfant 27\u20ac<\/p>\n<p><strong>\ud83d\udccd Distance depuis Les Atypiques Chalets :<\/strong>\u00a08 minutes (6 km) \u2014\u00a0<em>la station de ski la plus proche !<\/em><\/p>\n<p>Cette\u00a0<strong>station de ski Vosges<\/strong>\u00a0est parfaite pour les familles et ceux qui recherchent une ambiance festive apr\u00e8s le ski.<\/p>\n<hr \/>\n<h3>\ud83c\udfde\ufe0f Station de Ski Le Grand Valtin :<br \/>\nLa Plus Petite Station d\u2019Europe<\/h3>\n<p>Le\u00a0<strong>Grand Valtin<\/strong>\u00a0d\u00e9tient le titre de\u00a0<strong>plus petite station de ski d\u2019Europe<\/strong>, mais c\u2019est une v\u00e9ritable\u00a0<strong>station de ski Vosges<\/strong>\u00a0authentique, nich\u00e9e dans une clairi\u00e8re de sapins.<\/p>\n<p><strong>\ud83c\udfbf Caract\u00e9ristiques de la station de ski Grand Valtin :<\/strong><\/p>\n<ul>\n<li>\u2705 2 pistes douces (parfait d\u00e9butants)<\/li>\n<li>\u2705 Altitude : 750m \u00e0 1000m (d\u00e9nivel\u00e9 250m)<\/li>\n<li>\u2705 Zone de luge familiale<\/li>\n<li>\u2705 Ambiance village intimiste<\/li>\n<li>\u2705\u00a0<strong>Tarifs les plus doux du massif<\/strong><\/li>\n<li>\u2705 Sentiers raquettes \u00e0 proximit\u00e9<\/li>\n<\/ul>\n<p><strong>\ud83d\udcb0 Tarifs station de ski Grand Valtin 2026 :<\/strong>\u00a0Forfait journ\u00e9e adulte 18\u20ac, enfant 15\u20ac<\/p>\n<p><strong>\ud83d\udccd Distance depuis Les Atypiques Chalets :<\/strong>\u00a012 minutes (8 km)<\/p>\n<p>Cette petite\u00a0<strong>station de ski Vosges<\/strong>\u00a0est id\u00e9ale pour l\u2019apprentissage du ski en toute s\u00e9r\u00e9nit\u00e9.<\/p>\n<hr \/>\n<h3>\ud83c\udfd4\ufe0f Station de Ski Le Markstein \/ Grand Ballon :<br \/>\nPanoramas Exceptionnels<\/h3>\n<p>La\u00a0<strong>station de ski Le Markstein<\/strong>\u00a0offre des panoramas \u00e0 couper le souffle sur la plaine d\u2019Alsace, la For\u00eat-Noire et m\u00eame les Alpes. Cette\u00a0<strong>station de ski Vosges<\/strong>\u00a0d\u2019altitude (1268m au sommet) garantit un excellent enneigement.<\/p>\n<p><strong>\ud83c\udfbf Caract\u00e9ristiques de la station de ski Le Markstein :<\/strong><\/p>\n<ul>\n<li>\u2705 13 pistes (1085m \u00e0 1268m d\u2019altitude)<\/li>\n<li>\u2705 40 km de <a href=\"https:\/\/les-atypiques-chalets.com\/gerardmer-hiver-ski-raquettes\/\" data-wpil-monitor-id=\"2603\">ski nordique<\/a><\/li>\n<li>\u2705 Snowpark pour riders<\/li>\n<li>\u2705 Zone de snowkite<\/li>\n<li>\u2705 Luge sur rails<\/li>\n<li>\u2705 Site class\u00e9 \u00ab\u00a0Grand Site de France\u00a0\u00bb<\/li>\n<li>\u2705 Activit\u00e9s sylvoth\u00e9rapie<\/li>\n<\/ul>\n<p><strong>\ud83d\udcb0 Tarifs station de ski Markstein 2026 :<\/strong>\u00a0Forfait journ\u00e9e adulte 30\u20ac, enfant 24\u20ac<\/p>\n<p><strong>\ud83d\udccd Distance depuis Les Atypiques Chalets :<\/strong>\u00a050 minutes (45 km)<\/p>\n<hr \/>\n<h3>\u26f7\ufe0f Station de Ski Ventron :<br \/>\nAmbiance Familiale et Authentique<\/h3>\n<p>La\u00a0<strong>station de ski Ventron<\/strong>\u00a0(aussi appel\u00e9e Ermitage Fr\u00e8re Joseph) est une\u00a0<strong>station de ski Vosges<\/strong>\u00a0tranquille et familiale, situ\u00e9e \u00e0 870m d\u2019altitude dans un <a href=\"https:\/\/les-atypiques-chalets.com\/reservez-votre-chalet-a-gerardmer-pour-les-jo-confort-et-nature-vous-attendent\/\" data-wpil-monitor-id=\"2615\">cadre naturel<\/a> pr\u00e9serv\u00e9.<\/p>\n<p><strong>\ud83c\udfbf Caract\u00e9ristiques de la station de ski Ventron :<\/strong><\/p>\n<ul>\n<li>\u2705 9 pistes sur 10 km (d\u00e9nivel\u00e9 280m)<\/li>\n<li>\u2705 50% de pistes bleues (id\u00e9al familles)<\/li>\n<li>\u2705 7 remont\u00e9es m\u00e9caniques<\/li>\n<li>\u2705 Village authentique<\/li>\n<li>\u2705 <a href=\"https:\/\/les-atypiques-chalets.com\/10-activites-a-faire-a-gerardmer\/\" data-wpil-monitor-id=\"2607\">Piste de luge<\/a><\/li>\n<li>\u2705 Randonn\u00e9es raquettes<\/li>\n<\/ul>\n<p><strong>\ud83d\udcb0 Tarifs station de ski Ventron 2026 :<\/strong>\u00a0Forfait journ\u00e9e adulte 28\u20ac, enfant 22\u20ac<\/p>\n<p><strong>\ud83d\udccd Distance depuis Les Atypiques Chalets :<\/strong>\u00a025 minutes (18 km)<\/p>\n<hr \/>\n<h3>\ud83c\udf32 Station de Ski Lac Blanc :<br \/>\nFor\u00eats F\u00e9eriques et Ski Nordique<\/h3>\n<p>La\u00a0<strong>station de ski Lac Blanc<\/strong>, situ\u00e9e dans la vall\u00e9e de Kaysersberg, est une\u00a0<strong>station de ski Vosges<\/strong>\u00a0enchant\u00e9e, au c\u0153ur du <a href=\"https:\/\/les-atypiques-chalets.com\/decouverte-de-gerardmer-et-ses-environs\/\" data-wpil-monitor-id=\"2605\">Parc naturel r\u00e9gional des Ballons des Vosges<\/a>.<\/p>\n<p><strong>\ud83c\udfbf Caract\u00e9ristiques de la station de ski Lac Blanc :<\/strong><\/p>\n<ul>\n<li>\u2705 12 pistes (900m \u00e0 1200m d\u2019altitude)<\/li>\n<li>\u2705 D\u00e9nivel\u00e9 de 300 m\u00e8tres<\/li>\n<li>\u2705 Ski alpin ET nordique<\/li>\n<li>\u2705 Boardercross<\/li>\n<li>\u2705 Paysages forestiers magiques<\/li>\n<li>\u2705 Tous niveaux<\/li>\n<\/ul>\n<p><strong>\ud83d\udcb0 Tarifs station de ski Lac Blanc 2026 :<\/strong>\u00a0Forfait journ\u00e9e adulte 32\u20ac, enfant 26\u20ac<\/p>\n<p><strong>\ud83d\udccd Distance depuis Les Atypiques Chalets :<\/strong>\u00a045 minutes (40 km)<\/p>\n\n\t\t<\/div>\n\t<\/div>\n<\/div><\/div><\/div><\/div><div class=\"vc_row wpb_row vc_row-fluid\"><div class=\"wpb_column vc_column_container vc_col-sm-12\"><div class=\"vc_column-inner\"><div class=\"wpb_wrapper\"><div class=\"vc_btn3-container vc_btn3-inline vc_do_btn\" ><a class=\"vc_general vc_btn3 vc_btn3-size-md vc_btn3-shape-rounded vc_btn3-style-modern vc_btn3-color-sandy-brown\" href=\"https:\/\/les-atypiques-chalets.com\/reservation\/\" title=\"\">R\u00e9servez votre chalet<\/a><\/div><\/div><\/div><\/div><\/div><div class=\"vc_row wpb_row vc_row-fluid\"><div class=\"wpb_column vc_column_container vc_col-sm-12\"><div class=\"vc_column-inner\"><div class=\"wpb_wrapper\">\n\t<div class=\"wpb_text_column wpb_content_element\" >\n\t\t<div class=\"wpb_wrapper\">\n\t\t\t<h2>\ud83d\udcca Tableau Comparatif<br \/>\ndes Stations de Ski Vosges 2026<\/h2>\n<h3>\ud83d\uddfb Caract\u00e9ristiques des Stations de Ski Vosges : Altitude, Pistes, Distances<\/h3>\n<p>&nbsp;<\/p>\n<table>\n<thead>\n<tr>\n<th>Station de ski Vosges<\/th>\n<th>Altitude<\/th>\n<th>D\u00e9nivel\u00e9<\/th>\n<th>Nb pistes<\/th>\n<th>Ambiance<\/th>\n<th>Distance Atypiques Chalet<strong>s<\/strong><\/th>\n<\/tr>\n<\/thead>\n<tbody>\n<tr>\n<td><strong>La Bresse-Hohneck<\/strong><\/td>\n<td>900-1350m<\/td>\n<td>450m<\/td>\n<td>33 pistes<\/td>\n<td>Sportive<\/td>\n<td>15 min (10 km)<\/td>\n<\/tr>\n<tr>\n<td><strong>G\u00e9rardmer-La Mauselaine<\/strong><\/td>\n<td>750-1140m<\/td>\n<td>390m<\/td>\n<td>21 pistes<\/td>\n<td>Familiale<\/td>\n<td>8 min (6 km)<\/td>\n<\/tr>\n<tr>\n<td><strong>Le Grand Valtin<\/strong><\/td>\n<td>750-1000m<\/td>\n<td>250m<\/td>\n<td>2 pistes<\/td>\n<td>Paisible<\/td>\n<td>12 min (8 km)<\/td>\n<\/tr>\n<tr>\n<td><strong>Le Markstein<\/strong><\/td>\n<td>1085-1268m<\/td>\n<td>183m<\/td>\n<td>13 pistes<\/td>\n<td>Panoramique<\/td>\n<td>50 min (45 km)<\/td>\n<\/tr>\n<tr>\n<td><strong>Ventron<\/strong><\/td>\n<td>870-1150m<\/td>\n<td>280m<\/td>\n<td>9 pistes<\/td>\n<td>Familiale<\/td>\n<td>25 min (18 km)<\/td>\n<\/tr>\n<tr>\n<td><strong>Lac Blanc<\/strong><\/td>\n<td>900-1200m<\/td>\n<td>300m<\/td>\n<td>12 pistes<\/td>\n<td>Nature<\/td>\n<td>45 min (40 km)<\/td>\n<\/tr>\n<\/tbody>\n<\/table>\n<p><em>\ud83d\udca1 Ces\u00a0<strong>stations de ski Vosges<\/strong>\u00a0offrent un enneigement r\u00e9gulier de d\u00e9cembre \u00e0 mars.<\/em><\/p>\n<hr \/>\n<h3>\ud83d\uddd3\ufe0f Dates d\u2019Ouverture des Stations de Ski Vosges \u2013 Saison 2025-2026<\/h3>\n<p>Toutes les\u00a0<strong>stations de ski Vosges<\/strong>\u00a0ouvrent entre mi-d\u00e9cembre et fin d\u00e9cembre 2025.<\/p>\n<table>\n<thead>\n<tr>\n<th>Station de ski Vosges<\/th>\n<th>Date d\u2019ouverture 2025-2026<\/th>\n<\/tr>\n<\/thead>\n<tbody>\n<tr>\n<td>Le Champ du Feu<\/td>\n<td>13 D\u00e9cembre 2025<\/td>\n<\/tr>\n<tr>\n<td>Bussang \u2013 Larcenaire<\/td>\n<td>20 D\u00e9cembre 2025<\/td>\n<\/tr>\n<tr>\n<td><strong>La Bresse Hohneck<\/strong><\/td>\n<td><strong>20 D\u00e9cembre 2025<\/strong><\/td>\n<\/tr>\n<tr>\n<td>La Bresse Lispach<\/td>\n<td>20 D\u00e9cembre 2025<\/td>\n<\/tr>\n<tr>\n<td>La Planche des Belles Filles<\/td>\n<td>20 D\u00e9cembre 2025<\/td>\n<\/tr>\n<tr>\n<td>Saint-Maurice-sur-Moselle<\/td>\n<td>20 D\u00e9cembre 2025<\/td>\n<\/tr>\n<tr>\n<td>Le Markstein<\/td>\n<td>26 D\u00e9cembre 2025<\/td>\n<\/tr>\n<tr>\n<td>Le Ballon d\u2019Alsace<\/td>\n<td>27 D\u00e9cembre 2025<\/td>\n<\/tr>\n<tr>\n<td><strong>G\u00e9rardmer<\/strong><\/td>\n<td><strong>27 D\u00e9cembre 2025<\/strong><\/td>\n<\/tr>\n<tr>\n<td>La Bresse Brabant<\/td>\n<td>27 D\u00e9cembre 2025<\/td>\n<\/tr>\n<tr>\n<td>La Schlucht<\/td>\n<td>27 D\u00e9cembre 2025<\/td>\n<\/tr>\n<tr>\n<td>Gaschney 360<\/td>\n<td>27 D\u00e9cembre 2025<\/td>\n<\/tr>\n<tr>\n<td><strong>Le Grand Valtin<\/strong><\/td>\n<td><strong>27 D\u00e9cembre 2025<\/strong><\/td>\n<\/tr>\n<tr>\n<td>Le Lac Blanc<\/td>\n<td>27 D\u00e9cembre 2025<\/td>\n<\/tr>\n<tr>\n<td>Le Schnepfenried<\/td>\n<td>27 D\u00e9cembre 2025<\/td>\n<\/tr>\n<tr>\n<td>Xonrupt \u2013 Le Poli<\/td>\n<td>27 D\u00e9cembre 2025<\/td>\n<\/tr>\n<tr>\n<td>Ventron<\/td>\n<td>27 D\u00e9cembre 2025<\/td>\n<\/tr>\n<\/tbody>\n<\/table>\n<p><em>\ud83d\udcc5 La plupart des\u00a0<strong>stations de ski Vosges<\/strong>\u00a0ferment d\u00e9but mars selon l\u2019enneigement.<\/em><\/p>\n<hr \/>\n<h3>\ud83d\udcb0 Tarifs des Forfaits Stations de Ski Vosges 2026<\/h3>\n<p>Les\u00a0<strong>tarifs des stations de ski Vosges<\/strong>\u00a0sont tr\u00e8s accessibles compar\u00e9s aux stations alpines.<\/p>\n<table>\n<thead>\n<tr>\n<th>Station de ski Vosges<\/th>\n<th>Forfait adulte\/jour<\/th>\n<th>Forfait enfant\/jour<\/th>\n<th>Location ski\/jour<\/th>\n<\/tr>\n<\/thead>\n<tbody>\n<tr>\n<td><strong>La Bresse-Hohneck<\/strong><\/td>\n<td>35\u20ac<\/td>\n<td>28\u20ac<\/td>\n<td>20-25\u20ac<\/td>\n<\/tr>\n<tr>\n<td><strong>G\u00e9rardmer-La Mauselaine<\/strong><\/td>\n<td>33\u20ac<\/td>\n<td>27\u20ac<\/td>\n<td>18-25\u20ac<\/td>\n<\/tr>\n<tr>\n<td><strong>Le Grand Valtin<\/strong><\/td>\n<td>18\u20ac<\/td>\n<td>15\u20ac<\/td>\n<td>15-20\u20ac<\/td>\n<\/tr>\n<tr>\n<td>Le Markstein<\/td>\n<td>30\u20ac<\/td>\n<td>24\u20ac<\/td>\n<td>18-22\u20ac<\/td>\n<\/tr>\n<tr>\n<td>Ventron<\/td>\n<td>28\u20ac<\/td>\n<td>22\u20ac<\/td>\n<td>17-21\u20ac<\/td>\n<\/tr>\n<tr>\n<td>Lac Blanc<\/td>\n<td>32\u20ac<\/td>\n<td>26\u20ac<\/td>\n<td>19-24\u20ac<\/td>\n<\/tr>\n<\/tbody>\n<\/table>\n<p><em>\ud83d\udca1\u00a0<strong>Bon plan :<\/strong>\u00a0R\u00e9servez vos forfaits en ligne pour \u00e9conomiser jusqu\u2019\u00e0 10% !<\/em><\/p>\n<hr \/>\n<h2 id=\"webcams\">\ud83d\udcf7 Webcams Stations de Ski Vosges :<br \/>\nConditions en Temps R\u00e9el<\/h2>\n<p>[INS\u00c9RER IMAGE: Capture d\u2019\u00e9cran webcam]<\/p>\n<p>Consultez les\u00a0<strong>webcams des stations de ski Vosges<\/strong>\u00a0pour v\u00e9rifier l\u2019enneigement avant de partir !<\/p>\n<h3>\ud83d\udd34 Webcams Station de Ski La Bresse-Hohneck<\/h3>\n<ul>\n<li>\u27a1\ufe0f\u00a0<a href=\"https:\/\/labresse.labellemontagne.com\/fr\/hiver\/infos-station\/webcams\/\" target=\"_blank\" rel=\"noopener nofollow\">Webcam Front de Neige (900m)<\/a><\/li>\n<li>\u27a1\ufe0f\u00a0<a href=\"https:\/\/www.bergfex.fr\/la-bresse-hohneck\/webcams\/\" target=\"_blank\" rel=\"noopener nofollow\">Webcam Haut de Chitelet (1260m)<\/a><\/li>\n<li>\u27a1\ufe0f\u00a0<a href=\"https:\/\/www.webcam-montagne.com\/vosges\/webcam-la-bresse-front-de-neige\/\" target=\"_blank\" rel=\"noopener nofollow\">Webcam 360\u00b0 panoramique<\/a><\/li>\n<\/ul>\n<h3>\ud83d\udd34 Webcams Station de Ski G\u00e9rardmer-La Mauselaine<\/h3>\n<ul>\n<li>\u27a1\ufe0f\u00a0<a href=\"https:\/\/www.gerardmer-ski.com\/fr\/webcams\" target=\"_blank\" rel=\"noopener nofollow\">Webcam La Mauselaine<\/a><\/li>\n<li>\u27a1\ufe0f\u00a0<a href=\"https:\/\/www.bergfex.fr\/gerardmer\/webcams\/\" target=\"_blank\" rel=\"noopener nofollow\">Webcam Chaume Francis<\/a><\/li>\n<li>\u27a1\ufe0f\u00a0<a href=\"https:\/\/gerardmer.net\/webcams.php\" target=\"_blank\" rel=\"noopener nofollow\">Toutes les webcams G\u00e9rardmer<\/a><\/li>\n<\/ul>\n<h3>\ud83d\udd34 Webcams Autres Stations de Ski Vosges<\/h3>\n<ul>\n<li>\u27a1\ufe0f\u00a0<a href=\"https:\/\/www.bergfex.fr\/grand-valtin\/webcams\/\" target=\"_blank\" rel=\"noopener nofollow\">Webcam Grand Valtin<\/a><\/li>\n<li>\u27a1\ufe0f\u00a0<a href=\"https:\/\/www.lemarkstein.net\/fr\/\" target=\"_blank\" rel=\"noopener nofollow\">Webcams Le Markstein<\/a><\/li>\n<li>\u27a1\ufe0f\u00a0<a href=\"https:\/\/www.bergfex.fr\/ventron\/webcams\/\" target=\"_blank\" rel=\"noopener nofollow\">Webcam Ventron<\/a><\/li>\n<li>\u27a1\ufe0f\u00a0<a href=\"https:\/\/www.lac-blanc.com\/\" target=\"_blank\" rel=\"noopener nofollow\">Webcams Lac Blanc<\/a><\/li>\n<\/ul>\n<p><em>\ud83d\udca1\u00a0<strong>Astuce :<\/strong>\u00a0Consultez les webcams au petit-d\u00e9jeuner pour choisir votre\u00a0<strong>station de ski Vosges<\/strong>\u00a0de la journ\u00e9e !<\/em><\/p>\n<hr \/>\n<h2>\ud83c\udfd4\ufe0f Autres Stations de Ski Vosges \u00e0 D\u00e9couvrir<\/h2>\n<p>Le massif des Vosges compte d\u2019autres\u00a0<strong>stations de ski<\/strong>\u00a0plus discr\u00e8tes :<\/p>\n<ul>\n<li><strong>Le Champ du Feu<\/strong>\u00a0: station de ski Vosges ludique (tubing, snowpark, luge)<\/li>\n<li><strong>Rouge Gazon \/ Saint-Maurice-sur-Moselle<\/strong>\u00a0: ambiance village authentique<\/li>\n<li><strong>La Schlucht<\/strong>\u00a0: spot freestyle \u00e0 5 min de La Bresse<\/li>\n<li><strong>Schnepfenried<\/strong>\u00a0: grand domaine familial (16 pistes)<\/li>\n<li><strong>Le Ballon d\u2019Alsace<\/strong>\u00a0: site class\u00e9 \u00ab\u00a0Grand Site de France\u00a0\u00bb<\/li>\n<\/ul>\n<hr \/>\n<h2>\ud83c\udf28\ufe0f Quand Partir dans<br \/>\nles Stations de Ski Vosges ?<\/h2>\n<h3>\ud83d\udcc5 Meilleures P\u00e9riodes pour les Stations de Ski Vosges<\/h3>\n<ul>\n<li><strong>Mi-janvier \u00e0 d\u00e9but mars<\/strong>\u00a0: p\u00e9riode id\u00e9ale (neige + calme)<\/li>\n<li><strong>F\u00e9vrier<\/strong>\u00a0: le mois le plus neigeux dans les\u00a0<strong>stations de ski Vosges<\/strong><\/li>\n<li><strong>D\u00e9cembre<\/strong>\u00a0: <a href=\"https:\/\/les-atypiques-chalets.com\/les-10-plus-beaux-marches-de-noel-en-alsace\/\" data-wpil-monitor-id=\"2608\">ambiance f\u00e9erique<\/a> des f\u00eates<\/li>\n<\/ul>\n<h3>\u2744\ufe0f Enneigement des Stations de Ski Vosges<\/h3>\n<p>Les\u00a0<strong>stations de ski Vosges<\/strong>\u00a0b\u00e9n\u00e9ficient d\u2019un bon enneigement de d\u00e9cembre \u00e0 mars. Les stations \u00e9quip\u00e9es de canons \u00e0 neige (La Bresse, G\u00e9rardmer) garantissent des conditions optimales.<\/p>\n<h3>\ud83d\udc68\u200d\ud83d\udc69\u200d\ud83d\udc67\u200d\ud83d\udc66 Affluence<\/h3>\n<ul>\n<li><strong>Week-ends et vacances :<\/strong>\u00a0Plus anim\u00e9<\/li>\n<li><strong>Semaine hors vacances :<\/strong>\u00a0Beaucoup plus calme<\/li>\n<\/ul>\n\n\t\t<\/div>\n\t<\/div>\n<\/div><\/div><\/div><\/div><div class=\"vc_row wpb_row vc_row-fluid\"><div class=\"wpb_column vc_column_container vc_col-sm-12\"><div class=\"vc_column-inner\"><div class=\"wpb_wrapper\">\n\t<div class=\"wpb_text_column wpb_content_element\" >\n\t\t<div class=\"wpb_wrapper\">\n\t\t\t<h2>\ud83c\udfe1 O\u00f9 S\u00e9journer Pr\u00e8s des Stations de Ski Vosges ?<\/h2>\n\n\t\t<\/div>\n\t<\/div>\n\t\t\n\t\t\t\t\n\t\t\t<!-- BEGIN .shb-accommodation-listing-filter-sorting -->\n\t\t\t<div class=\"shb-accommodation-listing-filter-sorting shb-clearfix\">\n\t\t\t\n\t\t\t\t\t\t\t\n\t\t\t\t<div class=\"shb-accommodation-listing-filter shb-clearfix\">\n\t\t\t\t\t<p>Filtern nach:<\/p>\n\t\t\t\t\t<ul>\n\t\t\t\t\t\t<li class=\"shb-filter-current\"><a href=\"https:\/\/les-atypiques-chalets.com\/de\/wp-json\/wp\/v2\/posts\/9109?shb-orderby=2\">All<\/a><\/li><li class=\"\"><a href=\"https:\/\/les-atypiques-chalets.com\/de\/wp-json\/wp\/v2\/posts\/9109?shb-orderby=2&amp;shb-accommodation-type=chalet-4-personnes-gerardmer\">Chalet 4 personnes<\/a><\/li><li class=\"\"><a href=\"https:\/\/les-atypiques-chalets.com\/de\/wp-json\/wp\/v2\/posts\/9109?shb-orderby=2&amp;shb-accommodation-type=chalet-6-personnes\">Chalet 6 personnes<\/a><\/li><li class=\"\"><a href=\"https:\/\/les-atypiques-chalets.com\/de\/wp-json\/wp\/v2\/posts\/9109?shb-orderby=2&amp;shb-accommodation-type=chalets-6-personnes\">Chalets 6 personnes<\/a><\/li>\t\t\t\t\t<\/ul>\n\t\t\t\t<\/div>\n\t\t\t\n\t\t\t\t\t\t\t\n\t\t\t\t\t\t\t\n\t\t\t\t<div class=\"shb-accommodation-listing-sorting shb-clearfix\">\n\t\t\t\t\t<select>\n\t\t\t\t\t\t<option value=\"https:\/\/les-atypiques-chalets.com\/de\/wp-json\/wp\/v2\/posts\/9109?shb-accommodation-type=0\" selected>Standard-Sortierung<\/option><option value=\"https:\/\/les-atypiques-chalets.com\/de\/wp-json\/wp\/v2\/posts\/9109?shb-accommodation-type=0&shb-orderby=1\" >Preis niedrig bis hoch<\/option><option value=\"https:\/\/les-atypiques-chalets.com\/de\/wp-json\/wp\/v2\/posts\/9109?shb-accommodation-type=0&shb-orderby=2\" >Preis hoch bis niedrig<\/option>\t\t\t\t\t<\/select>\n\t\t\t\t\t<i class=\"fas fa-chevron-down\"><\/i>\n\t\t\t\t<\/div>\n\t\t\t\n\t\t\t\t\t\n\t\t\t<!-- END .shb-accommodation-listing-filter-sorting -->\n\t\t\t<\/div>\n\t\t\n\t\t\t\t\n\t\t<!-- BEGIN .shb-accommodation-listing-style-2 -->\n\t\t<div class=\"shb-accommodation-listing-style-2 shb-accommodation-listing-style-2-columns-3\">\n\t\t\t\n\t\t\t\t\n\t\t\t<!-- BEGIN .shb-accommodation-listing-item -->\n\t\t\t<div class=\"shb-accommodation-listing-item\">\n\t\t\t\t\n\t\t\t\t<div class=\"shb-accommodation-listing-image\">\n\t\t\t\t\t\n\t\t\t\t\t<a href=\"https:\/\/les-atypiques-chalets.com\/de\/chalet-charkhan\/\" rel=\"bookmark\" class=\"shb-accommodation-listing-button1\">\u00e0 partir de 225\u20ac\/Nuit<\/a>\n\t\t\t\t\t\n\t\t\t\t\t\t\t\t\t\t\t\t\t\t\t<a href=\"https:\/\/les-atypiques-chalets.com\/de\/chalet-charkhan\/\" rel=\"bookmark\">\n\t\t\t\t\t\t<img decoding=\"async\" src=\"https:\/\/les-atypiques-chalets.com\/wp-content\/uploads\/2025\/03\/salon-charkhan-03-L-1180x675.webp\" alt=\"Chalet Charkhan\" \/>\t\t\t\t\t<\/a>\n\t\t\t\t\t\t\t\t\t\t\n\t\t\t\t<\/div>\n\t\t\t\t\n\t\t\t\t<div class=\"shb-accommodation-listing-description-wrapper\">\n\t\t\t\t\n\t\t\t\t\t<h3><a href=\"https:\/\/les-atypiques-chalets.com\/de\/chalet-charkhan\/\" rel=\"bookmark\" title=\"Chalet Charkhan\">Chalet Charkhan<\/a><\/h3>\n\t\t\t\t\n\t\t\t\t\t<div class=\"shb-accommodation-listing-description shb-clearfix\">\n\t\t\t\t\t\n\t\t\t\t\t\t<ul>\r\n<li><i class=\"fas fa-user\"><\/i><span>Capacit\u00e9 :<\/span> 6 personnes<\/li>\r\n<li><i class=\"fas fa-ruler-combined\"><\/i><span>Superficie :<\/span> 65 m2<\/li>\r\n<li><i class=\"fas fa-hot-tub\"><\/i><span> Bain Nordique :<\/span> privatif<\/li>\r\n<\/ul>\t\t\t\t\t\n\t\t\t\t\t<\/div>\n\t\t\t\t\n\t\t\t\t<\/div>\n\t\t\t\t\n\t\t\t<!-- END .shb-accommodation-listing-item -->\n\t\t\t<\/div>\n\t\t\n\t\t\t\t\n\t\t\t<!-- BEGIN .shb-accommodation-listing-item -->\n\t\t\t<div class=\"shb-accommodation-listing-item\">\n\t\t\t\t\n\t\t\t\t<div class=\"shb-accommodation-listing-image\">\n\t\t\t\t\t\n\t\t\t\t\t<a href=\"https:\/\/les-atypiques-chalets.com\/de\/chalet-aslan\/\" rel=\"bookmark\" class=\"shb-accommodation-listing-button1\">\u00e0 partir de 215\u20ac\/Nuit<\/a>\n\t\t\t\t\t\n\t\t\t\t\t\t\t\t\t\t\t\t\t\t\t<a href=\"https:\/\/les-atypiques-chalets.com\/de\/chalet-aslan\/\" rel=\"bookmark\">\n\t\t\t\t\t\t<img decoding=\"async\" src=\"https:\/\/les-atypiques-chalets.com\/wp-content\/uploads\/2025\/03\/ASLAN-2-900x710.webp\" alt=\"Chalet Aslan\" \/>\t\t\t\t\t<\/a>\n\t\t\t\t\t\t\t\t\t\t\n\t\t\t\t<\/div>\n\t\t\t\t\n\t\t\t\t<div class=\"shb-accommodation-listing-description-wrapper\">\n\t\t\t\t\n\t\t\t\t\t<h3><a href=\"https:\/\/les-atypiques-chalets.com\/de\/chalet-aslan\/\" rel=\"bookmark\" title=\"Chalet Aslan\">Chalet Aslan<\/a><\/h3>\n\t\t\t\t\n\t\t\t\t\t<div class=\"shb-accommodation-listing-description shb-clearfix\">\n\t\t\t\t\t\n\t\t\t\t\t\t<ul>\r\n<li><i class=\"fas fa-user\"><\/i><span>Capacit\u00e9 :<\/span> 5 personnes<\/li>\r\n<li><i class=\"fas fa-ruler-combined\"><\/i><span>Superficie :<\/span> 65 m2<\/li>\r\n<li><i class=\"fas fa-hot-tub\"><\/i><span> Bain Nordique :<\/span> privatif<\/li>\r\n<\/ul>\t\t\t\t\t\n\t\t\t\t\t<\/div>\n\t\t\t\t\n\t\t\t\t<\/div>\n\t\t\t\t\n\t\t\t<!-- END .shb-accommodation-listing-item -->\n\t\t\t<\/div>\n\t\t\n\t\t\t\t\n\t\t\t<!-- BEGIN .shb-accommodation-listing-item -->\n\t\t\t<div class=\"shb-accommodation-listing-item\">\n\t\t\t\t\n\t\t\t\t<div class=\"shb-accommodation-listing-image\">\n\t\t\t\t\t\n\t\t\t\t\t<a href=\"https:\/\/les-atypiques-chalets.com\/de\/chalet-iorik\/\" rel=\"bookmark\" class=\"shb-accommodation-listing-button1\">\u00e0 partir de 170\u20ac\/Nuit<\/a>\n\t\t\t\t\t\n\t\t\t\t\t\t\t\t\t\t\t\t\t\t\t<a href=\"https:\/\/les-atypiques-chalets.com\/de\/chalet-iorik\/\" rel=\"bookmark\">\n\t\t\t\t\t\t<img decoding=\"async\" src=\"https:\/\/les-atypiques-chalets.com\/wp-content\/uploads\/2025\/09\/iorik-sejour-L-1024x710.webp\" alt=\"Chalet Iorik\" \/>\t\t\t\t\t<\/a>\n\t\t\t\t\t\t\t\t\t\t\n\t\t\t\t<\/div>\n\t\t\t\t\n\t\t\t\t<div class=\"shb-accommodation-listing-description-wrapper\">\n\t\t\t\t\n\t\t\t\t\t<h3><a href=\"https:\/\/les-atypiques-chalets.com\/de\/chalet-iorik\/\" rel=\"bookmark\" title=\"Chalet Iorik\">Chalet Iorik<\/a><\/h3>\n\t\t\t\t\n\t\t\t\t\t<div class=\"shb-accommodation-listing-description shb-clearfix\">\n\t\t\t\t\t\n\t\t\t\t\t\t<ul>\r\n<li><i class=\"fas fa-user\"><\/i><span>Capacit\u00e9 :<\/span> 4 personnes<\/li>\r\n<li><i class=\"fas fa-ruler-combined\"><\/i><span>Superficie :<\/span> 45 m2<\/li>\r\n<li><i class=\"fas fa-hot-tub\"><\/i><span> Bain Nordique :<\/span> privatif<\/li>\r\n<\/ul>\t\t\t\t\t\n\t\t\t\t\t<\/div>\n\t\t\t\t\n\t\t\t\t<\/div>\n\t\t\t\t\n\t\t\t<!-- END .shb-accommodation-listing-item -->\n\t\t\t<\/div>\n\t\t\n\t\t\t\t\t\n\t\t<!-- END .shb-accommodation-listing-style-2 -->\n\t\t<\/div>\n\t\n\t\t\n\t\t\t\n\t\t<div class=\"shb-clearboth\"><\/div>\n\t\t<div class=\"shb-accommodation-listing-2-pagination\">\n\t\t\t\t<\/div>\n\t\t\n\t\t\n\t<\/div><\/div><\/div><\/div><div class=\"vc_row wpb_row vc_row-fluid\"><div class=\"wpb_column vc_column_container vc_col-sm-12\"><div class=\"vc_column-inner\"><div class=\"wpb_wrapper\">\n\t<div class=\"wpb_text_column wpb_content_element\" >\n\t\t<div class=\"wpb_wrapper\">\n\t\t\t<div class=\"wpb-content-wrapper\">\n<div class=\"vc_row wpb_row vc_row-fluid\">\n<div class=\"wpb_column vc_column_container vc_col-sm-12\">\n<div class=\"vc_column-inner\">\n<div class=\"wpb_wrapper\">\n<div class=\"wpb_text_column wpb_content_element\">\n<div class=\"wpb_wrapper\">\n<h2>\u2753 FAQ : Tout Savoir sur les Stations de Ski Vosges 2026<\/h2>\n<h3>\ud83c\udfbf Quelle est la plus grande station de ski Vosges ?<\/h3>\n<p><strong>La Bresse-Hohneck<\/strong>\u00a0est la plus grande\u00a0<strong>station de ski des Vosges<\/strong>, avec 33 pistes et 15 remont\u00e9es m\u00e9caniques.<\/p>\n<h3>\u2744\ufe0f Quelle station de ski Vosges est la plus enneig\u00e9e ?<\/h3>\n<p><strong>La Bresse-Hohneck<\/strong>, gr\u00e2ce \u00e0 son altitude (1350m) et ses 300+ canons \u00e0 neige.<\/p>\n<h3>\ud83d\udc68\u200d\ud83d\udc69\u200d\ud83d\udc67 Quelle station de ski Vosges choisir en famille ?<\/h3>\n<p><strong>G\u00e9rardmer<\/strong>\u00a0(label Famille Plus) et\u00a0<strong>Le Grand Valtin<\/strong>\u00a0sont les meilleures\u00a0<strong>stations de ski Vosges<\/strong>\u00a0pour familles.<\/p>\n<h3>\ud83d\udcb0 Quels sont les tarifs des stations de ski Vosges en 2026 ?<\/h3>\n<p>Les\u00a0<strong>forfaits stations de ski Vosges<\/strong>\u00a0varient de 18\u20ac (Grand Valtin) \u00e0 35\u20ac (La Bresse).<\/p>\n<h3>\ud83d\udcc5 Quand ouvrent les stations de ski Vosges 2025-2026 ?<\/h3>\n<p>La plupart ouvrent entre le 20 et le 27 d\u00e9cembre 2025.<\/p>\n<h3>\ud83c\udfd4\ufe0f Quelle station de ski Vosges offre la plus belle vue ?<\/h3>\n<p><strong>Le Markstein<\/strong>\u00a0et le\u00a0<strong>Grand Ballon<\/strong>\u00a0offrent des panoramas sur les Alpes et la plaine d\u2019Alsace.<\/p>\n<h3>\ud83c\udf19 O\u00f9 faire du ski nocturne dans les stations de ski Vosges ?<\/h3>\n<p><strong>La Bresse-Hohneck<\/strong>\u00a0et\u00a0<strong>G\u00e9rardmer<\/strong>\u00a0proposent du ski nocturne jusqu\u2019\u00e0 21h45.<\/p>\n<h3>\ud83c\udfbf Quelle est la plus longue piste des stations de ski Vosges ?<\/h3>\n<p>La piste \u00ab\u00a0Les Chevreuils\u00a0\u00bb \u00e0 G\u00e9rardmer :\u00a0<strong>2 900 m\u00e8tres<\/strong>.<\/p>\n<h3>\ud83c\udfe1 O\u00f9 loger pour visiter plusieurs stations de ski Vosges ?<\/h3>\n<p>Aux\u00a0<strong>Atypiques Chalets<\/strong>\u00a0\u00e0 Barbey-Seroux : position centrale entre toutes les stations.<\/p>\n<h3>\ud83d\udcda Y a-t-il des \u00e9coles de ski dans les stations de ski Vosges ?<\/h3>\n<p>Oui, toutes les grandes\u00a0<strong>stations de ski Vosges<\/strong>\u00a0proposent des cours ESF.<\/p>\n<h3>\ud83d\udc15 Les chiens sont-ils accept\u00e9s dans les stations de ski Vosges ?<\/h3>\n<p>Certaines\u00a0<strong>stations de ski Vosges<\/strong>\u00a0acceptent les chiens en laisse. Les Atypiques Chalets sont dog-friendly.<\/p>\n<h3>\ud83c\udf92 Peut-on faire du ski de fond dans les stations de ski Vosges ?<\/h3>\n<p>Oui ! G\u00e9rardmer (30 km), Le Markstein (40 km), r\u00e9seau reli\u00e9 de 100 km.<\/p>\n<h3>\ud83c\udf28\ufe0f Les stations de ski Vosges ont-elles de la neige en f\u00e9vrier ?<\/h3>\n<p>Oui, f\u00e9vrier est le mois le plus neigeux dans les\u00a0<strong>stations de ski Vosges<\/strong>.<\/p>\n<h3>\ud83d\udcb3 Peut-on acheter les forfaits en ligne ?<\/h3>\n<p>Oui, toutes les\u00a0<strong>stations de ski Vosges<\/strong>\u00a0proposent l\u2019achat en ligne avec r\u00e9ductions.<\/p>\n<h3>\ud83d\ude97 Les stations de ski Vosges sont-elles facilement accessibles ?<\/h3>\n<p>Oui, depuis <a href=\"https:\/\/les-atypiques-chalets.com\/chalet-insolite-vosges-un-sejour-inoubliable-en-harmonie-avec-la-nature\/\" data-wpil-monitor-id=\"2610\">Les Atypiques Chalets<\/a>, vous atteignez les stations en 8 \u00e0 50 minutes.<\/p>\n<h3>\u26f7\ufe0f Quelle station de ski Vosges pour d\u00e9butants ?<\/h3>\n<p><strong>Le Grand Valtin<\/strong>\u00a0: 2 pistes douces, tarifs bas, ambiance familiale.<\/p>\n<h3>\ud83c\udfc2 Quelle station de ski Vosges pour snowboarders ?<\/h3>\n<p><strong>Le Markstein<\/strong>\u00a0(snowpark) et\u00a0<strong>La Bresse<\/strong>\u00a0(diversit\u00e9).<\/p>\n<h3>\ud83c\udf04 Peut-on faire du ski de randonn\u00e9e dans les stations de ski Vosges ?<\/h3>\n<p>Oui, Le Markstein, le Grand Ballon et le Hohneck offrent de superbes itin\u00e9raires.<\/p>\n<h3>\ud83d\udcf7 O\u00f9 trouver les webcams des stations de ski Vosges ?<\/h3>\n<p>Consultez la\u00a0<a href=\"https:\/\/les-atypiques-chalets.com\/station-ski-vosges-guide-2026\/?preview_id=9109&amp;preview_nonce=8776fddb24&amp;_thumbnail_id=9114&amp;preview=true#webcams\">section webcams<\/a>\u00a0de cet article.<\/p>\n<h3>\ud83c\udfbf Les stations de ski Vosges sont-elles moins ch\u00e8res que les Alpes ?<\/h3>\n<p>Oui ! Les\u00a0<strong>tarifs des stations de ski Vosges<\/strong>\u00a0(18-35\u20ac) sont 2 \u00e0 3 fois moins \u00e9lev\u00e9s qu\u2019aux Alpes.<\/p>\n<hr \/>\n<h2>\ud83c\udfbf Pr\u00eat pour Votre S\u00e9jour dans les Stations de Ski Vosges 2026 ?<\/h2>\n<p>Les\u00a0<strong>stations de ski Vosges<\/strong>\u00a0offrent une\u00a0<strong>alternative authentique et accessible<\/strong>\u00a0aux grandes stations alpines : tarifs doux, paysages enchanteurs, <a href=\"https:\/\/les-atypiques-chalets.com\/week-end-en-amoureux-dans-les-vosges\/\" data-wpil-monitor-id=\"2613\">ambiance conviviale<\/a>.<\/p>\n<p><strong>R\u00e9capitulatif des meilleures stations de ski Vosges :<\/strong><\/p>\n<ul>\n<li>\ud83c\udfc2\u00a0<strong>Sportifs :<\/strong>\u00a0La Bresse-Hohneck (plus grande station)<\/li>\n<li>\ud83d\udc68\u200d\ud83d\udc69\u200d\ud83d\udc67\u00a0<strong>Familles :<\/strong>\u00a0G\u00e9rardmer ou Le Grand Valtin<\/li>\n<li>\ud83c\udfd4\ufe0f\u00a0<strong>Panoramas :<\/strong>\u00a0Le Markstein \/ Grand Ballon<\/li>\n<li>\ud83c\udf32\u00a0<strong>Nature :<\/strong>\u00a0Lac Blanc ou Ventron<\/li>\n<li>\ud83d\udcb0\u00a0<strong>Budget serr\u00e9 :<\/strong>\u00a0Le Grand Valtin (18\u20ac)<\/li>\n<li>\ud83c\udf19\u00a0<strong>Ski nocturne :<\/strong>\u00a0La Bresse ou G\u00e9rardmer<\/li>\n<\/ul>\n<p>Pour transformer votre s\u00e9jour dans les\u00a0<strong>stations de ski Vosges<\/strong>\u00a0en exp\u00e9rience bien-\u00eatre, r\u00e9servez votre <a href=\"https:\/\/les-atypiques-chalets.com\/location-proche-lac-gerardmer-decouvrez-les-atypiques-chalets-pour-un-sejour-inoubliable\/\" data-wpil-monitor-id=\"2611\">chalet aux Atypiques<\/a> Chalets : bain nordique et sauna apr\u00e8s l\u2019effort !<\/p>\n<\/div>\n<\/div>\n<\/div>\n<\/div>\n<\/div>\n<\/div>\n<div class=\"vc_row wpb_row vc_row-fluid\">\n<div class=\"wpb_column vc_column_container vc_col-sm-12\">\n<div class=\"vc_column-inner\">\n<div class=\"wpb_wrapper\">\n<div class=\"vc_btn3-container vc_btn3-center vc_do_btn\"><\/div>\n<\/div>\n<\/div>\n<\/div>\n<\/div>\n<div class=\"vc_row wpb_row vc_row-fluid\">\n<div class=\"wpb_column vc_column_container vc_col-sm-12\">\n<div class=\"vc_column-inner\">\n<div class=\"wpb_wrapper\">\n<div class=\"wpb_text_column wpb_content_element\">\n<div class=\"wpb_wrapper\">\n<p>\u26f7\ufe0f Les Atypiques Chalets : Votre camp de base pour explorer les\u00a0<strong>stations de ski Vosges<\/strong>\u00a02026<\/p>\n<hr \/>\n<p><strong>Mots-cl\u00e9s :<\/strong>\u00a0station de ski Vosges, stations de ski Vosges, La Bresse-Hohneck, <a href=\"https:\/\/les-atypiques-chalets.com\/gerardmer-hiver-ski-raquettes\/\" data-wpil-monitor-id=\"2602\">G\u00e9rardmer ski<\/a>, station de ski Vosges familiale, forfait station de ski Vosges, tarif station de ski Vosges 2026, webcam station de ski Vosges, dates ouverture station de ski Vosges, meilleure station de ski Vosges, chalet station de ski Vosges, s\u00e9jour ski Vosges, Le Grand Valtin, Le Markstein, Ventron, Lac Blanc, ski nocturne Vosges, ski de fond Vosges, Les Atypiques Chalets<\/p>\n<\/div>\n<\/div>\n<\/div>\n<\/div>\n<\/div>\n<\/div>\n<\/div>\n<p class=\"sohohotel-post-tags sohohotel-clearboth\">Tags:\u00a0<a href=\"https:\/\/les-atypiques-chalets.com\/tag\/gerardmer\/\" rel=\"tag\">G\u00e9rardmer<\/a>,\u00a0<a href=\"https:\/\/les-atypiques-chalets.com\/tag\/la-bresse-hohneck\/\" rel=\"tag\">La Bresse-Hohneck<\/a>,\u00a0<a href=\"https:\/\/les-atypiques-chalets.com\/tag\/lac-blanc\/\" rel=\"tag\">Lac Blanc<\/a>,\u00a0<a href=\"https:\/\/les-atypiques-chalets.com\/tag\/le-grand-ballon\/\" rel=\"tag\">Le Grand Ballon<\/a>,\u00a0<a href=\"https:\/\/les-atypiques-chalets.com\/tag\/le-markstein\/\" rel=\"tag\">Le Markstein<\/a>,\u00a0<a href=\"https:\/\/les-atypiques-chalets.com\/tag\/ski-alpin-vosges\/\" rel=\"tag\">ski alpin Vosges<\/a>,\u00a0<a href=\"https:\/\/les-atypiques-chalets.com\/tag\/ski-familial-vosges\/\" rel=\"tag\">ski familial Vosges<\/a>,\u00a0<a href=\"https:\/\/les-atypiques-chalets.com\/tag\/ski-nordique-vosges\/\" rel=\"tag\">ski nordique Vosges<\/a>,\u00a0<a href=\"https:\/\/les-atypiques-chalets.com\/tag\/ski-vosges\/\" rel=\"tag\">ski Vosges<\/a>,\u00a0<a href=\"https:\/\/les-atypiques-chalets.com\/tag\/stations-de-ski-des-vosges\/\" rel=\"tag\">stations de ski des Vosges<\/a>,\u00a0<a href=\"https:\/\/les-atypiques-chalets.com\/tag\/vacances-ski-vosges\/\" rel=\"tag\">vacances ski Vosges<\/a>,\u00a0<a href=\"https:\/\/les-atypiques-chalets.com\/tag\/ventron\/\" rel=\"tag\">Ventron<\/a><\/p>\n\n\t\t<\/div>\n\t<\/div>\n<\/div><\/div><\/div><\/div>\n<\/div>","protected":false},"excerpt":{"rendered":"<p>Skigebiete Vogesen: Vollst\u00e4ndiger F\u00fchrer 2025-2026 mit G\u00e9rardmer, La Bresse, Le Markstein. Preise, Pisten, Unterk\u00fcnfte. Vergleichen und buchen!<\/p>\n<a href=\"https:\/\/les-atypiques-chalets.com\/de\/chalet-iorik\/\" class=\"sohohotel-more-link\">Read More<\/a>","protected":false},"author":1,"featured_media":9114,"comment_status":"closed","ping_status":"open","sticky":false,"template":"","format":"standard","meta":{"_yoast_wpseo_title":"","_yoast_wpseo_metadesc":"","_yoast_wpseo_focuskw":"#SkiVosges #LaBresseHohneck #G\u00e9rardmer #LacBlanc #Ventron #Markstein #GrandBallon #SkiFamilial #Alpin #Nordique","footnotes":""},"categories":[670],"tags":[664,693,694,695,696,697,698,699,700,701,702,703],"class_list":["post-9109","post","type-post","status-publish","format-standard","has-post-thumbnail","hentry","category-ski-gerardmer","tag-gerardmer","tag-la-bresse-hohneck","tag-lac-blanc","tag-le-grand-ballon","tag-le-markstein","tag-ski-alpin-vosges","tag-ski-familial-vosges","tag-ski-nordique-vosges","tag-ski-vosges","tag-stations-de-ski-des-vosges","tag-vacances-ski-vosges","tag-ventron"],"_links":{"self":[{"href":"https:\/\/les-atypiques-chalets.com\/de\/wp-json\/wp\/v2\/posts\/9109","targetHints":{"allow":["GET"]}}],"collection":[{"href":"https:\/\/les-atypiques-chalets.com\/de\/wp-json\/wp\/v2\/posts"}],"about":[{"href":"https:\/\/les-atypiques-chalets.com\/de\/wp-json\/wp\/v2\/types\/post"}],"author":[{"embeddable":true,"href":"https:\/\/les-atypiques-chalets.com\/de\/wp-json\/wp\/v2\/users\/1"}],"replies":[{"embeddable":true,"href":"https:\/\/les-atypiques-chalets.com\/de\/wp-json\/wp\/v2\/comments?post=9109"}],"version-history":[{"count":0,"href":"https:\/\/les-atypiques-chalets.com\/de\/wp-json\/wp\/v2\/posts\/9109\/revisions"}],"wp:featuredmedia":[{"embeddable":true,"href":"https:\/\/les-atypiques-chalets.com\/de\/wp-json\/wp\/v2\/media\/9114"}],"wp:attachment":[{"href":"https:\/\/les-atypiques-chalets.com\/de\/wp-json\/wp\/v2\/media?parent=9109"}],"wp:term":[{"taxonomy":"category","embeddable":true,"href":"https:\/\/les-atypiques-chalets.com\/de\/wp-json\/wp\/v2\/categories?post=9109"},{"taxonomy":"post_tag","embeddable":true,"href":"https:\/\/les-atypiques-chalets.com\/de\/wp-json\/wp\/v2\/tags?post=9109"}],"curies":[{"name":"wp","href":"https:\/\/api.w.org\/{rel}","templated":true}]}}