{"id":9122,"date":"2023-11-21T14:54:37","date_gmt":"2023-11-21T14:54:37","guid":{"rendered":"https:\/\/les-atypiques-chalets.com\/?p=9122"},"modified":"2025-05-21T19:06:01","modified_gmt":"2025-05-21T19:06:01","slug":"decouvrez-gerardmer-les-10-activites-incontournables","status":"publish","type":"post","link":"https:\/\/les-atypiques-chalets.com\/de\/decouvrez-gerardmer-les-10-activites-incontournables\/","title":{"rendered":"Entdecken Sie G\u00e9rardmer: Die 10 unverzichtbaren Aktivit\u00e4ten"},"content":{"rendered":"<p><svg xmlns=\"http:\/\/www.w3.org\/2000\/svg\" viewbox=\"0 0 31.06 29.67\">\n                        <path d=\"M36.53,21.85,31.78,18s-7.5.83-9.68,16.39C22.1,34.34,25.7,21.66,36.53,21.85Z\" transform=\"translate(-5.47 -4.66)\"><\/path>\n                        <path d=\"M5.47,21.85,10.22,18s7.5.83,9.68,16.39C19.9,34.34,16.3,21.66,5.47,21.85Z\" transform=\"translate(-5.47 -4.66)\"><\/path>\n                        <polygon points=\"15.53 0 18.66 6.56 15.53 22.16 12.39 6.56 15.53 0\"><\/polygon>\n                    <\/svg>                                                                <svg xmlns=\"http:\/\/www.w3.org\/2000\/svg\" viewbox=\"0 0 31.06 29.67\">\n                        <path d=\"M36.53,21.85,31.78,18s-7.5.83-9.68,16.39C22.1,34.34,25.7,21.66,36.53,21.85Z\" transform=\"translate(-5.47 -4.66)\"><\/path>\n                        <path d=\"M5.47,21.85,10.22,18s7.5.83,9.68,16.39C19.9,34.34,16.3,21.66,5.47,21.85Z\" transform=\"translate(-5.47 -4.66)\"><\/path>\n                        <polygon points=\"15.53 0 18.66 6.56 15.53 22.16 12.39 6.56 15.53 0\"><\/polygon>\n                    <\/svg>                        \t\t<\/p>\n<p><strong>Einleitung :<\/strong> Nich\u00e9e au c\u0153ur des Vosges, G\u00e9rardmer est une destination de r\u00eave pour les amateurs de nature, d&rsquo;aventure et de culture. Voici les 10 activit\u00e9s \u00e0 ne pas manquer pour une exp\u00e9rience inoubliable dans cette perle des Vosges.<\/p>\n<p>                                            <svg xmlns=\"http:\/\/www.w3.org\/2000\/svg\" viewbox=\"0 0 31.06 29.67\">\n                        <path d=\"M36.53,21.85,31.78,18s-7.5.83-9.68,16.39C22.1,34.34,25.7,21.66,36.53,21.85Z\" transform=\"translate(-5.47 -4.66)\"><\/path>\n                        <path d=\"M5.47,21.85,10.22,18s7.5.83,9.68,16.39C19.9,34.34,16.3,21.66,5.47,21.85Z\" transform=\"translate(-5.47 -4.66)\"><\/path>\n                        <polygon points=\"15.53 0 18.66 6.56 15.53 22.16 12.39 6.56 15.53 0\"><\/polygon>\n                    <\/svg>                                                                <svg xmlns=\"http:\/\/www.w3.org\/2000\/svg\" viewbox=\"0 0 31.06 29.67\">\n                        <path d=\"M36.53,21.85,31.78,18s-7.5.83-9.68,16.39C22.1,34.34,25.7,21.66,36.53,21.85Z\" transform=\"translate(-5.47 -4.66)\"><\/path>\n                        <path d=\"M5.47,21.85,10.22,18s7.5.83,9.68,16.39C19.9,34.34,16.3,21.66,5.47,21.85Z\" transform=\"translate(-5.47 -4.66)\"><\/path>\n                        <polygon points=\"15.53 0 18.66 6.56 15.53 22.16 12.39 6.56 15.53 0\"><\/polygon>\n                    <\/svg><br \/>\n\t\t\t\t\t\t\t\t\t\t\t\t\t\t\t<img decoding=\"async\" width=\"1024\" height=\"574\" src=\"https:\/\/les-atypiques-chalets.com\/wp-content\/uploads\/2023\/11\/station-de-ski-des-vosges-1024x574.webp\" alt=\"\" srcset=\"https:\/\/les-atypiques-chalets.com\/wp-content\/uploads\/2023\/11\/station-de-ski-des-vosges-1024x574.webp 1024w, https:\/\/les-atypiques-chalets.com\/wp-content\/uploads\/2023\/11\/station-de-ski-des-vosges-300x168.webp 300w, https:\/\/les-atypiques-chalets.com\/wp-content\/uploads\/2023\/11\/station-de-ski-des-vosges-768x430.webp 768w, https:\/\/les-atypiques-chalets.com\/wp-content\/uploads\/2023\/11\/station-de-ski-des-vosges-1440x807.webp 1440w, https:\/\/les-atypiques-chalets.com\/wp-content\/uploads\/2023\/11\/station-de-ski-des-vosges-1200x673.webp 1200w, https:\/\/les-atypiques-chalets.com\/wp-content\/uploads\/2023\/11\/station-de-ski-des-vosges-780x437.webp 780w, https:\/\/les-atypiques-chalets.com\/wp-content\/uploads\/2023\/11\/station-de-ski-des-vosges-600x336.webp 600w, https:\/\/les-atypiques-chalets.com\/wp-content\/uploads\/2023\/11\/station-de-ski-des-vosges-550x308.webp 550w, https:\/\/les-atypiques-chalets.com\/wp-content\/uploads\/2023\/11\/station-de-ski-des-vosges-370x207.webp 370w, https:\/\/les-atypiques-chalets.com\/wp-content\/uploads\/2023\/11\/station-de-ski-des-vosges-255x143.webp 255w, https:\/\/les-atypiques-chalets.com\/wp-content\/uploads\/2023\/11\/station-de-ski-des-vosges-150x84.webp 150w, https:\/\/les-atypiques-chalets.com\/wp-content\/uploads\/2023\/11\/station-de-ski-des-vosges.webp 1456w\" sizes=\"(max-width: 1024px) 100vw, 1024px\" \/><br \/>\n                                            <svg xmlns=\"http:\/\/www.w3.org\/2000\/svg\" viewbox=\"0 0 31.06 29.67\">\n                        <path d=\"M36.53,21.85,31.78,18s-7.5.83-9.68,16.39C22.1,34.34,25.7,21.66,36.53,21.85Z\" transform=\"translate(-5.47 -4.66)\"><\/path>\n                        <path d=\"M5.47,21.85,10.22,18s7.5.83,9.68,16.39C19.9,34.34,16.3,21.66,5.47,21.85Z\" transform=\"translate(-5.47 -4.66)\"><\/path>\n                        <polygon points=\"15.53 0 18.66 6.56 15.53 22.16 12.39 6.56 15.53 0\"><\/polygon>\n                    <\/svg>                                                                <svg xmlns=\"http:\/\/www.w3.org\/2000\/svg\" viewbox=\"0 0 31.06 29.67\">\n                        <path d=\"M36.53,21.85,31.78,18s-7.5.83-9.68,16.39C22.1,34.34,25.7,21.66,36.53,21.85Z\" transform=\"translate(-5.47 -4.66)\"><\/path>\n                        <path d=\"M5.47,21.85,10.22,18s7.5.83,9.68,16.39C19.9,34.34,16.3,21.66,5.47,21.85Z\" transform=\"translate(-5.47 -4.66)\"><\/path>\n                        <polygon points=\"15.53 0 18.66 6.56 15.53 22.16 12.39 6.56 15.53 0\"><\/polygon>\n                    <\/svg>                        \t\t<\/p>\n<h2><span class=\"ez-toc-section\" id=\"1_Ski_et_Sports_dHiver_a_La_Mauselaine\"><\/span>1. Ski et Sports d&rsquo;Hiver \u00e0 La Mauselaine<span class=\"ez-toc-section-end\"><\/span><\/h2><div id=\"ez-toc-container\" class=\"ez-toc-v2_0_82_2 counter-hierarchy ez-toc-counter ez-toc-grey ez-toc-container-direction\">\n<div class=\"ez-toc-title-container\">\n<p class=\"ez-toc-title\" style=\"cursor:inherit\">Zusammenfassung<\/p>\n<span class=\"ez-toc-title-toggle\"><a href=\"#\" class=\"ez-toc-pull-right ez-toc-btn ez-toc-btn-xs ez-toc-btn-default ez-toc-toggle\" aria-label=\"Toggle Table of Content\"><span class=\"ez-toc-js-icon-con\"><span class=\"\"><span class=\"eztoc-hide\" style=\"display:none;\">Umschalten<\/span><span class=\"ez-toc-icon-toggle-span\"><svg style=\"fill: #999;color:#999\" xmlns=\"http:\/\/www.w3.org\/2000\/svg\" class=\"list-377408\" width=\"20px\" height=\"20px\" viewbox=\"0 0 24 24\" fill=\"none\"><path d=\"M6 6H4v2h2V6zm14 0H8v2h12V6zM4 11h2v2H4v-2zm16 0H8v2h12v-2zM4 16h2v2H4v-2zm16 0H8v2h12v-2z\" fill=\"currentColor\"><\/path><\/svg><svg style=\"fill: #999;color:#999\" class=\"arrow-unsorted-368013\" xmlns=\"http:\/\/www.w3.org\/2000\/svg\" width=\"10px\" height=\"10px\" viewbox=\"0 0 24 24\" version=\"1.2\" baseprofile=\"tiny\"><path d=\"M18.2 9.3l-6.2-6.3-6.2 6.3c-.2.2-.3.4-.3.7s.1.5.3.7c.2.2.4.3.7.3h11c.3 0 .5-.1.7-.3.2-.2.3-.5.3-.7s-.1-.5-.3-.7zM5.8 14.7l6.2 6.3 6.2-6.3c.2-.2.3-.5.3-.7s-.1-.5-.3-.7c-.2-.2-.4-.3-.7-.3h-11c-.3 0-.5.1-.7.3-.2.2-.3.5-.3.7s.1.5.3.7z\"\/><\/svg><\/span><\/span><\/span><\/a><\/span><\/div>\n<nav><ul class='ez-toc-list ez-toc-list-level-1 ez-toc-columns-2' ><li class='ez-toc-page-1 ez-toc-heading-level-2'><a class=\"ez-toc-link ez-toc-heading-1\" href=\"https:\/\/les-atypiques-chalets.com\/de\/decouvrez-gerardmer-les-10-activites-incontournables\/#1_Ski_et_Sports_dHiver_a_La_Mauselaine\" >1. Ski et Sports d&rsquo;Hiver \u00e0 La Mauselaine<\/a><\/li><li class='ez-toc-page-1 ez-toc-heading-level-2'><a class=\"ez-toc-link ez-toc-heading-2\" href=\"https:\/\/les-atypiques-chalets.com\/de\/decouvrez-gerardmer-les-10-activites-incontournables\/#2_Randonnees_autour_du_Lac_de_Gerardmer\" >2. Randonn\u00e9es autour du Lac de G\u00e9rardmer<\/a><\/li><li class='ez-toc-page-1 ez-toc-heading-level-2'><a class=\"ez-toc-link ez-toc-heading-3\" href=\"https:\/\/les-atypiques-chalets.com\/de\/decouvrez-gerardmer-les-10-activites-incontournables\/#3_Detente_au_Bord_du_Lac\" >3. D\u00e9tente au Bord du Lac<\/a><\/li><li class='ez-toc-page-1 ez-toc-heading-level-2'><a class=\"ez-toc-link ez-toc-heading-4\" href=\"https:\/\/les-atypiques-chalets.com\/de\/decouvrez-gerardmer-les-10-activites-incontournables\/#4_Decouverte_de_la_Gastronomie_Locale\" >4. D\u00e9couverte de la Gastronomie Locale<\/a><\/li><li class='ez-toc-page-1 ez-toc-heading-level-2'><a class=\"ez-toc-link ez-toc-heading-5\" href=\"https:\/\/les-atypiques-chalets.com\/de\/decouvrez-gerardmer-les-10-activites-incontournables\/#5_Visite_du_Marche_de_Gerardmer\" >5. Visite du March\u00e9 de G\u00e9rardmer<\/a><ul class='ez-toc-list-level-4' ><li class='ez-toc-heading-level-4'><ul class='ez-toc-list-level-4' ><li class='ez-toc-heading-level-4'><a class=\"ez-toc-link ez-toc-heading-6\" href=\"https:\/\/les-atypiques-chalets.com\/de\/decouvrez-gerardmer-les-10-activites-incontournables\/#Decouvrez_les_atypiques_chalets\" >D\u00e9couvrez les atypiques chalets<\/a><\/li><\/ul><\/li><\/ul><\/li><li class='ez-toc-page-1 ez-toc-heading-level-2'><a class=\"ez-toc-link ez-toc-heading-7\" href=\"https:\/\/les-atypiques-chalets.com\/de\/decouvrez-gerardmer-les-10-activites-incontournables\/#6_Sports_Nautiques_sur_le_Lac\" >6. Sports Nautiques sur le Lac<\/a><\/li><li class='ez-toc-page-1 ez-toc-heading-level-2'><a class=\"ez-toc-link ez-toc-heading-8\" href=\"https:\/\/les-atypiques-chalets.com\/de\/decouvrez-gerardmer-les-10-activites-incontournables\/#7_Festival_International_du_Film_Fantastique\" >7. Festival International du Film Fantastique<\/a><\/li><li class='ez-toc-page-1 ez-toc-heading-level-2'><a class=\"ez-toc-link ez-toc-heading-9\" href=\"https:\/\/les-atypiques-chalets.com\/de\/decouvrez-gerardmer-les-10-activites-incontournables\/#8_Escalade_et_Aventure_en_Montagne\" >8. Escalade et Aventure en Montagne<\/a><\/li><li class='ez-toc-page-1 ez-toc-heading-level-2'><a class=\"ez-toc-link ez-toc-heading-10\" href=\"https:\/\/les-atypiques-chalets.com\/de\/decouvrez-gerardmer-les-10-activites-incontournables\/#9_Spa_et_Bien-etre\" >9. Spa et Bien-\u00eatre<\/a><\/li><li class='ez-toc-page-1 ez-toc-heading-level-2'><a class=\"ez-toc-link ez-toc-heading-11\" href=\"https:\/\/les-atypiques-chalets.com\/de\/decouvrez-gerardmer-les-10-activites-incontournables\/#10_Culture_et_Patrimoine\" >10. Culture et Patrimoine<\/a><\/li><\/ul><\/nav><\/div>\n\n<p>Ski G\u00e9rardmer, La Mauselaine Avec ses pistes diversifi\u00e9es, la station de ski de <a href=\"https:\/\/www.skiresort.fr\/domaine-skiable\/gerardmer-la-mauselaine\/#:~:text=Le%20domaine%20skiable%20G%C3%A9rardmer%20%E2%80%93%20La%20Mauselaine%20se%20situe%20dans%20les,et%201.140%20m%20d&#039;altitude.\" target=\"_blank\" rel=\"noopener nofollow\">La Mauselaine<\/a> est parfaite pour tous les niveaux. Profitez des sports d&rsquo;hiver dans un cadre enchanteur.<\/p>\n<p>                                            <svg xmlns=\"http:\/\/www.w3.org\/2000\/svg\" viewbox=\"0 0 31.06 29.67\">\n                        <path d=\"M36.53,21.85,31.78,18s-7.5.83-9.68,16.39C22.1,34.34,25.7,21.66,36.53,21.85Z\" transform=\"translate(-5.47 -4.66)\"><\/path>\n                        <path d=\"M5.47,21.85,10.22,18s7.5.83,9.68,16.39C19.9,34.34,16.3,21.66,5.47,21.85Z\" transform=\"translate(-5.47 -4.66)\"><\/path>\n                        <polygon points=\"15.53 0 18.66 6.56 15.53 22.16 12.39 6.56 15.53 0\"><\/polygon>\n                    <\/svg>                                                                <svg xmlns=\"http:\/\/www.w3.org\/2000\/svg\" viewbox=\"0 0 31.06 29.67\">\n                        <path d=\"M36.53,21.85,31.78,18s-7.5.83-9.68,16.39C22.1,34.34,25.7,21.66,36.53,21.85Z\" transform=\"translate(-5.47 -4.66)\"><\/path>\n                        <path d=\"M5.47,21.85,10.22,18s7.5.83,9.68,16.39C19.9,34.34,16.3,21.66,5.47,21.85Z\" transform=\"translate(-5.47 -4.66)\"><\/path>\n                        <polygon points=\"15.53 0 18.66 6.56 15.53 22.16 12.39 6.56 15.53 0\"><\/polygon>\n                    <\/svg><br \/>\n\t\t\t\t\t\t\t\t\t\t\t\t\t\t\t<img decoding=\"async\" width=\"1024\" height=\"574\" src=\"https:\/\/les-atypiques-chalets.com\/wp-content\/uploads\/2023\/11\/les-atypiqueschalets-1024x574.webp\" alt=\"\" srcset=\"https:\/\/les-atypiques-chalets.com\/wp-content\/uploads\/2023\/11\/les-atypiqueschalets-1024x574.webp 1024w, https:\/\/les-atypiques-chalets.com\/wp-content\/uploads\/2023\/11\/les-atypiqueschalets-150x84.webp 150w, https:\/\/les-atypiques-chalets.com\/wp-content\/uploads\/2023\/11\/les-atypiqueschalets-600x336.webp 600w, https:\/\/les-atypiques-chalets.com\/wp-content\/uploads\/2023\/11\/les-atypiqueschalets-300x168.webp 300w, https:\/\/les-atypiques-chalets.com\/wp-content\/uploads\/2023\/11\/les-atypiqueschalets-768x430.webp 768w, https:\/\/les-atypiques-chalets.com\/wp-content\/uploads\/2023\/11\/les-atypiqueschalets-1440x807.webp 1440w, https:\/\/les-atypiques-chalets.com\/wp-content\/uploads\/2023\/11\/les-atypiqueschalets-1200x673.webp 1200w, https:\/\/les-atypiques-chalets.com\/wp-content\/uploads\/2023\/11\/les-atypiqueschalets-780x437.webp 780w, https:\/\/les-atypiques-chalets.com\/wp-content\/uploads\/2023\/11\/les-atypiqueschalets-550x308.webp 550w, https:\/\/les-atypiques-chalets.com\/wp-content\/uploads\/2023\/11\/les-atypiqueschalets-370x207.webp 370w, https:\/\/les-atypiques-chalets.com\/wp-content\/uploads\/2023\/11\/les-atypiqueschalets-255x143.webp 255w, https:\/\/les-atypiques-chalets.com\/wp-content\/uploads\/2023\/11\/les-atypiqueschalets.webp 1456w\" sizes=\"(max-width: 1024px) 100vw, 1024px\" \/><br \/>\n                                            <svg xmlns=\"http:\/\/www.w3.org\/2000\/svg\" viewbox=\"0 0 31.06 29.67\">\n                        <path d=\"M36.53,21.85,31.78,18s-7.5.83-9.68,16.39C22.1,34.34,25.7,21.66,36.53,21.85Z\" transform=\"translate(-5.47 -4.66)\"><\/path>\n                        <path d=\"M5.47,21.85,10.22,18s7.5.83,9.68,16.39C19.9,34.34,16.3,21.66,5.47,21.85Z\" transform=\"translate(-5.47 -4.66)\"><\/path>\n                        <polygon points=\"15.53 0 18.66 6.56 15.53 22.16 12.39 6.56 15.53 0\"><\/polygon>\n                    <\/svg>                                                                <svg xmlns=\"http:\/\/www.w3.org\/2000\/svg\" viewbox=\"0 0 31.06 29.67\">\n                        <path d=\"M36.53,21.85,31.78,18s-7.5.83-9.68,16.39C22.1,34.34,25.7,21.66,36.53,21.85Z\" transform=\"translate(-5.47 -4.66)\"><\/path>\n                        <path d=\"M5.47,21.85,10.22,18s7.5.83,9.68,16.39C19.9,34.34,16.3,21.66,5.47,21.85Z\" transform=\"translate(-5.47 -4.66)\"><\/path>\n                        <polygon points=\"15.53 0 18.66 6.56 15.53 22.16 12.39 6.56 15.53 0\"><\/polygon>\n                    <\/svg>                        \t\t<\/p>\n<h2><span class=\"ez-toc-section\" id=\"2_Randonnees_autour_du_Lac_de_Gerardmer\"><\/span>2. Randonn\u00e9es autour du Lac de G\u00e9rardmer<span class=\"ez-toc-section-end\"><\/span><\/h2>\n<p><a href=\"https:\/\/gerardmer.net\/randos-et-balades-rando.php\" target=\"_blank\" rel=\"noopener nofollow\">Randonn\u00e9e G\u00e9rardmer<\/a>, Lac de G\u00e9rardmer Explorez les sentiers pittoresques autour du lac. Que ce soit \u00e0 pied ou en VTT, les paysages vous couperont le souffle.<\/p>\n<p>                                            <svg xmlns=\"http:\/\/www.w3.org\/2000\/svg\" viewbox=\"0 0 31.06 29.67\">\n                        <path d=\"M36.53,21.85,31.78,18s-7.5.83-9.68,16.39C22.1,34.34,25.7,21.66,36.53,21.85Z\" transform=\"translate(-5.47 -4.66)\"><\/path>\n                        <path d=\"M5.47,21.85,10.22,18s7.5.83,9.68,16.39C19.9,34.34,16.3,21.66,5.47,21.85Z\" transform=\"translate(-5.47 -4.66)\"><\/path>\n                        <polygon points=\"15.53 0 18.66 6.56 15.53 22.16 12.39 6.56 15.53 0\"><\/polygon>\n                    <\/svg>                                                                <svg xmlns=\"http:\/\/www.w3.org\/2000\/svg\" viewbox=\"0 0 31.06 29.67\">\n                        <path d=\"M36.53,21.85,31.78,18s-7.5.83-9.68,16.39C22.1,34.34,25.7,21.66,36.53,21.85Z\" transform=\"translate(-5.47 -4.66)\"><\/path>\n                        <path d=\"M5.47,21.85,10.22,18s7.5.83,9.68,16.39C19.9,34.34,16.3,21.66,5.47,21.85Z\" transform=\"translate(-5.47 -4.66)\"><\/path>\n                        <polygon points=\"15.53 0 18.66 6.56 15.53 22.16 12.39 6.56 15.53 0\"><\/polygon>\n                    <\/svg><br \/>\n\t\t\t\t\t\t\t\t\t\t\t\t\t\t\t<img decoding=\"async\" width=\"1024\" height=\"574\" src=\"https:\/\/les-atypiques-chalets.com\/wp-content\/uploads\/2023\/11\/lac-de-gerardmer-2-1024x574.webp\" alt=\"\" srcset=\"https:\/\/les-atypiques-chalets.com\/wp-content\/uploads\/2023\/11\/lac-de-gerardmer-2-1024x574.webp 1024w, https:\/\/les-atypiques-chalets.com\/wp-content\/uploads\/2023\/11\/lac-de-gerardmer-2-300x168.webp 300w, https:\/\/les-atypiques-chalets.com\/wp-content\/uploads\/2023\/11\/lac-de-gerardmer-2-768x430.webp 768w, https:\/\/les-atypiques-chalets.com\/wp-content\/uploads\/2023\/11\/lac-de-gerardmer-2-1440x807.webp 1440w, https:\/\/les-atypiques-chalets.com\/wp-content\/uploads\/2023\/11\/lac-de-gerardmer-2-1200x673.webp 1200w, https:\/\/les-atypiques-chalets.com\/wp-content\/uploads\/2023\/11\/lac-de-gerardmer-2-780x437.webp 780w, https:\/\/les-atypiques-chalets.com\/wp-content\/uploads\/2023\/11\/lac-de-gerardmer-2-600x336.webp 600w, https:\/\/les-atypiques-chalets.com\/wp-content\/uploads\/2023\/11\/lac-de-gerardmer-2-550x308.webp 550w, https:\/\/les-atypiques-chalets.com\/wp-content\/uploads\/2023\/11\/lac-de-gerardmer-2-370x207.webp 370w, https:\/\/les-atypiques-chalets.com\/wp-content\/uploads\/2023\/11\/lac-de-gerardmer-2-255x143.webp 255w, https:\/\/les-atypiques-chalets.com\/wp-content\/uploads\/2023\/11\/lac-de-gerardmer-2-150x84.webp 150w, https:\/\/les-atypiques-chalets.com\/wp-content\/uploads\/2023\/11\/lac-de-gerardmer-2.webp 1456w\" sizes=\"(max-width: 1024px) 100vw, 1024px\" \/><br \/>\n                                            <svg xmlns=\"http:\/\/www.w3.org\/2000\/svg\" viewbox=\"0 0 31.06 29.67\">\n                        <path d=\"M36.53,21.85,31.78,18s-7.5.83-9.68,16.39C22.1,34.34,25.7,21.66,36.53,21.85Z\" transform=\"translate(-5.47 -4.66)\"><\/path>\n                        <path d=\"M5.47,21.85,10.22,18s7.5.83,9.68,16.39C19.9,34.34,16.3,21.66,5.47,21.85Z\" transform=\"translate(-5.47 -4.66)\"><\/path>\n                        <polygon points=\"15.53 0 18.66 6.56 15.53 22.16 12.39 6.56 15.53 0\"><\/polygon>\n                    <\/svg>                                                                <svg xmlns=\"http:\/\/www.w3.org\/2000\/svg\" viewbox=\"0 0 31.06 29.67\">\n                        <path d=\"M36.53,21.85,31.78,18s-7.5.83-9.68,16.39C22.1,34.34,25.7,21.66,36.53,21.85Z\" transform=\"translate(-5.47 -4.66)\"><\/path>\n                        <path d=\"M5.47,21.85,10.22,18s7.5.83,9.68,16.39C19.9,34.34,16.3,21.66,5.47,21.85Z\" transform=\"translate(-5.47 -4.66)\"><\/path>\n                        <polygon points=\"15.53 0 18.66 6.56 15.53 22.16 12.39 6.56 15.53 0\"><\/polygon>\n                    <\/svg>                        \t\t<\/p>\n<h2><span class=\"ez-toc-section\" id=\"3_Detente_au_Bord_du_Lac\"><\/span>3. D\u00e9tente au Bord du Lac<span class=\"ez-toc-section-end\"><\/span><\/h2>\n<p><a href=\"https:\/\/gerardmer.net\/\" target=\"_blank\" rel=\"noopener nofollow\">Plage G\u00e9rardmer<\/a>, Lac de G\u00e9rardmer Profitez d&rsquo;une journ\u00e9e de d\u00e9tente sur les plages du lac. Pique-nique, baignade ou simplement farniente, il y en a pour tous les go\u00fbts.<\/p>\n<p>                                            <svg xmlns=\"http:\/\/www.w3.org\/2000\/svg\" viewbox=\"0 0 31.06 29.67\">\n                        <path d=\"M36.53,21.85,31.78,18s-7.5.83-9.68,16.39C22.1,34.34,25.7,21.66,36.53,21.85Z\" transform=\"translate(-5.47 -4.66)\"><\/path>\n                        <path d=\"M5.47,21.85,10.22,18s7.5.83,9.68,16.39C19.9,34.34,16.3,21.66,5.47,21.85Z\" transform=\"translate(-5.47 -4.66)\"><\/path>\n                        <polygon points=\"15.53 0 18.66 6.56 15.53 22.16 12.39 6.56 15.53 0\"><\/polygon>\n                    <\/svg>                                                                <svg xmlns=\"http:\/\/www.w3.org\/2000\/svg\" viewbox=\"0 0 31.06 29.67\">\n                        <path d=\"M36.53,21.85,31.78,18s-7.5.83-9.68,16.39C22.1,34.34,25.7,21.66,36.53,21.85Z\" transform=\"translate(-5.47 -4.66)\"><\/path>\n                        <path d=\"M5.47,21.85,10.22,18s7.5.83,9.68,16.39C19.9,34.34,16.3,21.66,5.47,21.85Z\" transform=\"translate(-5.47 -4.66)\"><\/path>\n                        <polygon points=\"15.53 0 18.66 6.56 15.53 22.16 12.39 6.56 15.53 0\"><\/polygon>\n                    <\/svg><br \/>\n\t\t\t\t\t\t\t\t\t\t\t\t\t\t\t<img decoding=\"async\" width=\"1024\" height=\"574\" src=\"https:\/\/les-atypiques-chalets.com\/wp-content\/uploads\/2023\/11\/gastronomie-vosgienne-1024x574.webp\" alt=\"\" srcset=\"https:\/\/les-atypiques-chalets.com\/wp-content\/uploads\/2023\/11\/gastronomie-vosgienne-1024x574.webp 1024w, https:\/\/les-atypiques-chalets.com\/wp-content\/uploads\/2023\/11\/gastronomie-vosgienne-300x168.webp 300w, https:\/\/les-atypiques-chalets.com\/wp-content\/uploads\/2023\/11\/gastronomie-vosgienne-768x430.webp 768w, https:\/\/les-atypiques-chalets.com\/wp-content\/uploads\/2023\/11\/gastronomie-vosgienne-1440x807.webp 1440w, https:\/\/les-atypiques-chalets.com\/wp-content\/uploads\/2023\/11\/gastronomie-vosgienne-1200x673.webp 1200w, https:\/\/les-atypiques-chalets.com\/wp-content\/uploads\/2023\/11\/gastronomie-vosgienne-780x437.webp 780w, https:\/\/les-atypiques-chalets.com\/wp-content\/uploads\/2023\/11\/gastronomie-vosgienne-600x336.webp 600w, https:\/\/les-atypiques-chalets.com\/wp-content\/uploads\/2023\/11\/gastronomie-vosgienne-550x308.webp 550w, https:\/\/les-atypiques-chalets.com\/wp-content\/uploads\/2023\/11\/gastronomie-vosgienne-370x207.webp 370w, https:\/\/les-atypiques-chalets.com\/wp-content\/uploads\/2023\/11\/gastronomie-vosgienne-255x143.webp 255w, https:\/\/les-atypiques-chalets.com\/wp-content\/uploads\/2023\/11\/gastronomie-vosgienne-150x84.webp 150w, https:\/\/les-atypiques-chalets.com\/wp-content\/uploads\/2023\/11\/gastronomie-vosgienne.webp 1456w\" sizes=\"(max-width: 1024px) 100vw, 1024px\" \/><br \/>\n                                            <svg xmlns=\"http:\/\/www.w3.org\/2000\/svg\" viewbox=\"0 0 31.06 29.67\">\n                        <path d=\"M36.53,21.85,31.78,18s-7.5.83-9.68,16.39C22.1,34.34,25.7,21.66,36.53,21.85Z\" transform=\"translate(-5.47 -4.66)\"><\/path>\n                        <path d=\"M5.47,21.85,10.22,18s7.5.83,9.68,16.39C19.9,34.34,16.3,21.66,5.47,21.85Z\" transform=\"translate(-5.47 -4.66)\"><\/path>\n                        <polygon points=\"15.53 0 18.66 6.56 15.53 22.16 12.39 6.56 15.53 0\"><\/polygon>\n                    <\/svg>                                                                <svg xmlns=\"http:\/\/www.w3.org\/2000\/svg\" viewbox=\"0 0 31.06 29.67\">\n                        <path d=\"M36.53,21.85,31.78,18s-7.5.83-9.68,16.39C22.1,34.34,25.7,21.66,36.53,21.85Z\" transform=\"translate(-5.47 -4.66)\"><\/path>\n                        <path d=\"M5.47,21.85,10.22,18s7.5.83,9.68,16.39C19.9,34.34,16.3,21.66,5.47,21.85Z\" transform=\"translate(-5.47 -4.66)\"><\/path>\n                        <polygon points=\"15.53 0 18.66 6.56 15.53 22.16 12.39 6.56 15.53 0\"><\/polygon>\n                    <\/svg>                        \t\t<\/p>\n<h2><span class=\"ez-toc-section\" id=\"4_Decouverte_de_la_Gastronomie_Locale\"><\/span>4. D\u00e9couverte de la Gastronomie Locale<span class=\"ez-toc-section-end\"><\/span><\/h2>\n<p>Gastronomie Vosgienne, Restaurants <a href=\"https:\/\/les-atypiques-chalets.com\/de\/10-activites-a-faire-a-gerardmer\/\" data-wpil-monitor-id=\"208\">G\u00e9rardmer<\/a> Savourez la richesse de la cuisine locale dans les nombreux restaurants de la ville. Ne manquez pas les sp\u00e9cialit\u00e9s vosgiennes !<\/p>\n<p>                                            <svg xmlns=\"http:\/\/www.w3.org\/2000\/svg\" viewbox=\"0 0 31.06 29.67\">\n                        <path d=\"M36.53,21.85,31.78,18s-7.5.83-9.68,16.39C22.1,34.34,25.7,21.66,36.53,21.85Z\" transform=\"translate(-5.47 -4.66)\"><\/path>\n                        <path d=\"M5.47,21.85,10.22,18s7.5.83,9.68,16.39C19.9,34.34,16.3,21.66,5.47,21.85Z\" transform=\"translate(-5.47 -4.66)\"><\/path>\n                        <polygon points=\"15.53 0 18.66 6.56 15.53 22.16 12.39 6.56 15.53 0\"><\/polygon>\n                    <\/svg>                                                                <svg xmlns=\"http:\/\/www.w3.org\/2000\/svg\" viewbox=\"0 0 31.06 29.67\">\n                        <path d=\"M36.53,21.85,31.78,18s-7.5.83-9.68,16.39C22.1,34.34,25.7,21.66,36.53,21.85Z\" transform=\"translate(-5.47 -4.66)\"><\/path>\n                        <path d=\"M5.47,21.85,10.22,18s7.5.83,9.68,16.39C19.9,34.34,16.3,21.66,5.47,21.85Z\" transform=\"translate(-5.47 -4.66)\"><\/path>\n                        <polygon points=\"15.53 0 18.66 6.56 15.53 22.16 12.39 6.56 15.53 0\"><\/polygon>\n                    <\/svg><br \/>\n\t\t\t\t\t\t\t\t\t\t\t\t\t\t\t<img decoding=\"async\" width=\"1024\" height=\"574\" src=\"https:\/\/les-atypiques-chalets.com\/wp-content\/uploads\/2023\/11\/marche-de-gerardmer-1024x574.webp\" alt=\"\" srcset=\"https:\/\/les-atypiques-chalets.com\/wp-content\/uploads\/2023\/11\/marche-de-gerardmer-1024x574.webp 1024w, https:\/\/les-atypiques-chalets.com\/wp-content\/uploads\/2023\/11\/marche-de-gerardmer-300x168.webp 300w, https:\/\/les-atypiques-chalets.com\/wp-content\/uploads\/2023\/11\/marche-de-gerardmer-768x430.webp 768w, https:\/\/les-atypiques-chalets.com\/wp-content\/uploads\/2023\/11\/marche-de-gerardmer-1440x807.webp 1440w, https:\/\/les-atypiques-chalets.com\/wp-content\/uploads\/2023\/11\/marche-de-gerardmer-1200x673.webp 1200w, https:\/\/les-atypiques-chalets.com\/wp-content\/uploads\/2023\/11\/marche-de-gerardmer-780x437.webp 780w, https:\/\/les-atypiques-chalets.com\/wp-content\/uploads\/2023\/11\/marche-de-gerardmer-600x336.webp 600w, https:\/\/les-atypiques-chalets.com\/wp-content\/uploads\/2023\/11\/marche-de-gerardmer-550x308.webp 550w, https:\/\/les-atypiques-chalets.com\/wp-content\/uploads\/2023\/11\/marche-de-gerardmer-370x207.webp 370w, https:\/\/les-atypiques-chalets.com\/wp-content\/uploads\/2023\/11\/marche-de-gerardmer-255x143.webp 255w, https:\/\/les-atypiques-chalets.com\/wp-content\/uploads\/2023\/11\/marche-de-gerardmer-150x84.webp 150w, https:\/\/les-atypiques-chalets.com\/wp-content\/uploads\/2023\/11\/marche-de-gerardmer.webp 1456w\" sizes=\"(max-width: 1024px) 100vw, 1024px\" \/><br \/>\n                                            <svg xmlns=\"http:\/\/www.w3.org\/2000\/svg\" viewbox=\"0 0 31.06 29.67\">\n                        <path d=\"M36.53,21.85,31.78,18s-7.5.83-9.68,16.39C22.1,34.34,25.7,21.66,36.53,21.85Z\" transform=\"translate(-5.47 -4.66)\"><\/path>\n                        <path d=\"M5.47,21.85,10.22,18s7.5.83,9.68,16.39C19.9,34.34,16.3,21.66,5.47,21.85Z\" transform=\"translate(-5.47 -4.66)\"><\/path>\n                        <polygon points=\"15.53 0 18.66 6.56 15.53 22.16 12.39 6.56 15.53 0\"><\/polygon>\n                    <\/svg>                                                                <svg xmlns=\"http:\/\/www.w3.org\/2000\/svg\" viewbox=\"0 0 31.06 29.67\">\n                        <path d=\"M36.53,21.85,31.78,18s-7.5.83-9.68,16.39C22.1,34.34,25.7,21.66,36.53,21.85Z\" transform=\"translate(-5.47 -4.66)\"><\/path>\n                        <path d=\"M5.47,21.85,10.22,18s7.5.83,9.68,16.39C19.9,34.34,16.3,21.66,5.47,21.85Z\" transform=\"translate(-5.47 -4.66)\"><\/path>\n                        <polygon points=\"15.53 0 18.66 6.56 15.53 22.16 12.39 6.56 15.53 0\"><\/polygon>\n                    <\/svg>                        \t\t<\/p>\n<h2><span class=\"ez-toc-section\" id=\"5_Visite_du_Marche_de_Gerardmer\"><\/span>5. Visite du March\u00e9 de G\u00e9rardmer<span class=\"ez-toc-section-end\"><\/span><\/h2>\n<p><a href=\"https:\/\/gerardmer.net\/imprimer-agenda-dynamique.php\" target=\"_blank\" rel=\"noopener nofollow\">March\u00e9 G\u00e9rardmer<\/a>, Produits Locaux D\u00e9couvrez les produits du terroir au march\u00e9 de G\u00e9rardmer. Fromages, charcuteries, et autres d\u00e9lices vous attendent.<\/p>\n<p>                                            <svg xmlns=\"http:\/\/www.w3.org\/2000\/svg\" viewbox=\"0 0 31.06 29.67\">\n                        <path d=\"M36.53,21.85,31.78,18s-7.5.83-9.68,16.39C22.1,34.34,25.7,21.66,36.53,21.85Z\" transform=\"translate(-5.47 -4.66)\"><\/path>\n                        <path d=\"M5.47,21.85,10.22,18s7.5.83,9.68,16.39C19.9,34.34,16.3,21.66,5.47,21.85Z\" transform=\"translate(-5.47 -4.66)\"><\/path>\n                        <polygon points=\"15.53 0 18.66 6.56 15.53 22.16 12.39 6.56 15.53 0\"><\/polygon>\n                    <\/svg>                                                                <svg xmlns=\"http:\/\/www.w3.org\/2000\/svg\" viewbox=\"0 0 31.06 29.67\">\n                        <path d=\"M36.53,21.85,31.78,18s-7.5.83-9.68,16.39C22.1,34.34,25.7,21.66,36.53,21.85Z\" transform=\"translate(-5.47 -4.66)\"><\/path>\n                        <path d=\"M5.47,21.85,10.22,18s7.5.83,9.68,16.39C19.9,34.34,16.3,21.66,5.47,21.85Z\" transform=\"translate(-5.47 -4.66)\"><\/path>\n                        <polygon points=\"15.53 0 18.66 6.56 15.53 22.16 12.39 6.56 15.53 0\"><\/polygon>\n                    <\/svg><br \/>\n\t\t                    <img decoding=\"async\" width=\"1060\" height=\"905\" src=\"https:\/\/les-atypiques-chalets.com\/wp-content\/uploads\/2023\/11\/les-atypiques-chalets.png\" alt=\"\" srcset=\"https:\/\/les-atypiques-chalets.com\/wp-content\/uploads\/2023\/11\/les-atypiques-chalets.png 1060w, https:\/\/les-atypiques-chalets.com\/wp-content\/uploads\/2023\/11\/les-atypiques-chalets-300x256.png 300w, https:\/\/les-atypiques-chalets.com\/wp-content\/uploads\/2023\/11\/les-atypiques-chalets-1024x874.png 1024w, https:\/\/les-atypiques-chalets.com\/wp-content\/uploads\/2023\/11\/les-atypiques-chalets-768x656.png 768w, https:\/\/les-atypiques-chalets.com\/wp-content\/uploads\/2023\/11\/les-atypiques-chalets-780x666.png 780w, https:\/\/les-atypiques-chalets.com\/wp-content\/uploads\/2023\/11\/les-atypiques-chalets-600x512.png 600w, https:\/\/les-atypiques-chalets.com\/wp-content\/uploads\/2023\/11\/les-atypiques-chalets-550x470.png 550w, https:\/\/les-atypiques-chalets.com\/wp-content\/uploads\/2023\/11\/les-atypiques-chalets-370x316.png 370w, https:\/\/les-atypiques-chalets.com\/wp-content\/uploads\/2023\/11\/les-atypiques-chalets-255x218.png 255w, https:\/\/les-atypiques-chalets.com\/wp-content\/uploads\/2023\/11\/les-atypiques-chalets-150x128.png 150w\" sizes=\"(max-width: 1060px) 100vw, 1060px\" \/><br \/>\n                \t\t\t\t\tVous chercez un h\u00e9bergement \u00e0 gerardmer\t\t            <\/p>\n<h4><span class=\"ez-toc-section\" id=\"Decouvrez_les_atypiques_chalets\"><\/span>\n\t\t                D\u00e9couvrez les atypiques chalets\t\t            <span class=\"ez-toc-section-end\"><\/span><\/h4>\n<p>avec un bain finlandais pour votre d\u00e9tente<\/p>\n<p>\t                    <a role=\"button\" href=\"#\"><br \/>\n\t                        R\u00e9servez vite\t                    <\/a><br \/>\n\t                \t\t\t                <a href=\"#\"><\/a><br \/>\n\t\t\t\t\t\t\t\t\t\t\t\t\t\t\t<img decoding=\"async\" width=\"1024\" height=\"574\" src=\"https:\/\/les-atypiques-chalets.com\/wp-content\/uploads\/2023\/11\/sport-nautique-1024x574.webp\" alt=\"\" srcset=\"https:\/\/les-atypiques-chalets.com\/wp-content\/uploads\/2023\/11\/sport-nautique-1024x574.webp 1024w, https:\/\/les-atypiques-chalets.com\/wp-content\/uploads\/2023\/11\/sport-nautique-300x168.webp 300w, https:\/\/les-atypiques-chalets.com\/wp-content\/uploads\/2023\/11\/sport-nautique-768x430.webp 768w, https:\/\/les-atypiques-chalets.com\/wp-content\/uploads\/2023\/11\/sport-nautique-1440x807.webp 1440w, https:\/\/les-atypiques-chalets.com\/wp-content\/uploads\/2023\/11\/sport-nautique-1200x673.webp 1200w, https:\/\/les-atypiques-chalets.com\/wp-content\/uploads\/2023\/11\/sport-nautique-780x437.webp 780w, https:\/\/les-atypiques-chalets.com\/wp-content\/uploads\/2023\/11\/sport-nautique-600x336.webp 600w, https:\/\/les-atypiques-chalets.com\/wp-content\/uploads\/2023\/11\/sport-nautique-550x308.webp 550w, https:\/\/les-atypiques-chalets.com\/wp-content\/uploads\/2023\/11\/sport-nautique-370x207.webp 370w, https:\/\/les-atypiques-chalets.com\/wp-content\/uploads\/2023\/11\/sport-nautique-255x143.webp 255w, https:\/\/les-atypiques-chalets.com\/wp-content\/uploads\/2023\/11\/sport-nautique-150x84.webp 150w, https:\/\/les-atypiques-chalets.com\/wp-content\/uploads\/2023\/11\/sport-nautique.webp 1456w\" sizes=\"(max-width: 1024px) 100vw, 1024px\" \/><br \/>\n                                            <svg xmlns=\"http:\/\/www.w3.org\/2000\/svg\" viewbox=\"0 0 31.06 29.67\">\n                        <path d=\"M36.53,21.85,31.78,18s-7.5.83-9.68,16.39C22.1,34.34,25.7,21.66,36.53,21.85Z\" transform=\"translate(-5.47 -4.66)\"><\/path>\n                        <path d=\"M5.47,21.85,10.22,18s7.5.83,9.68,16.39C19.9,34.34,16.3,21.66,5.47,21.85Z\" transform=\"translate(-5.47 -4.66)\"><\/path>\n                        <polygon points=\"15.53 0 18.66 6.56 15.53 22.16 12.39 6.56 15.53 0\"><\/polygon>\n                    <\/svg>                                                                <svg xmlns=\"http:\/\/www.w3.org\/2000\/svg\" viewbox=\"0 0 31.06 29.67\">\n                        <path d=\"M36.53,21.85,31.78,18s-7.5.83-9.68,16.39C22.1,34.34,25.7,21.66,36.53,21.85Z\" transform=\"translate(-5.47 -4.66)\"><\/path>\n                        <path d=\"M5.47,21.85,10.22,18s7.5.83,9.68,16.39C19.9,34.34,16.3,21.66,5.47,21.85Z\" transform=\"translate(-5.47 -4.66)\"><\/path>\n                        <polygon points=\"15.53 0 18.66 6.56 15.53 22.16 12.39 6.56 15.53 0\"><\/polygon>\n                    <\/svg>                        \t\t<\/p>\n<h2><span class=\"ez-toc-section\" id=\"6_Sports_Nautiques_sur_le_Lac\"><\/span>6. Sports Nautiques sur le Lac<span class=\"ez-toc-section-end\"><\/span><\/h2>\n<p><a href=\"https:\/\/les-atypiques-chalets.com\/de\/passez-lete-dans-un-chalet-avec-bain-nordiques-privatif-a-gerardmer\/\" data-wpil-monitor-id=\"184\">Sports Nautiques G\u00e9rardmer<\/a>, Activit\u00e9s Lac Le lac de G\u00e9rardmer est id\u00e9al pour les sports nautiques : voile, cano\u00eb, ou paddle, choisissez votre activit\u00e9 pr\u00e9f\u00e9r\u00e9e.<\/p>\n<p>                                            <svg xmlns=\"http:\/\/www.w3.org\/2000\/svg\" viewbox=\"0 0 31.06 29.67\">\n                        <path d=\"M36.53,21.85,31.78,18s-7.5.83-9.68,16.39C22.1,34.34,25.7,21.66,36.53,21.85Z\" transform=\"translate(-5.47 -4.66)\"><\/path>\n                        <path d=\"M5.47,21.85,10.22,18s7.5.83,9.68,16.39C19.9,34.34,16.3,21.66,5.47,21.85Z\" transform=\"translate(-5.47 -4.66)\"><\/path>\n                        <polygon points=\"15.53 0 18.66 6.56 15.53 22.16 12.39 6.56 15.53 0\"><\/polygon>\n                    <\/svg>                                                                <svg xmlns=\"http:\/\/www.w3.org\/2000\/svg\" viewbox=\"0 0 31.06 29.67\">\n                        <path d=\"M36.53,21.85,31.78,18s-7.5.83-9.68,16.39C22.1,34.34,25.7,21.66,36.53,21.85Z\" transform=\"translate(-5.47 -4.66)\"><\/path>\n                        <path d=\"M5.47,21.85,10.22,18s7.5.83,9.68,16.39C19.9,34.34,16.3,21.66,5.47,21.85Z\" transform=\"translate(-5.47 -4.66)\"><\/path>\n                        <polygon points=\"15.53 0 18.66 6.56 15.53 22.16 12.39 6.56 15.53 0\"><\/polygon>\n                    <\/svg><br \/>\n\t\t\t\t\t\t\t\t\t\t\t\t\t\t\t<img decoding=\"async\" width=\"1024\" height=\"574\" src=\"https:\/\/les-atypiques-chalets.com\/wp-content\/uploads\/2023\/11\/Festival-Film-Gerardmer-1024x574.webp\" alt=\"\" srcset=\"https:\/\/les-atypiques-chalets.com\/wp-content\/uploads\/2023\/11\/Festival-Film-Gerardmer-1024x574.webp 1024w, https:\/\/les-atypiques-chalets.com\/wp-content\/uploads\/2023\/11\/Festival-Film-Gerardmer-300x168.webp 300w, https:\/\/les-atypiques-chalets.com\/wp-content\/uploads\/2023\/11\/Festival-Film-Gerardmer-768x430.webp 768w, https:\/\/les-atypiques-chalets.com\/wp-content\/uploads\/2023\/11\/Festival-Film-Gerardmer-1440x807.webp 1440w, https:\/\/les-atypiques-chalets.com\/wp-content\/uploads\/2023\/11\/Festival-Film-Gerardmer-1200x673.webp 1200w, https:\/\/les-atypiques-chalets.com\/wp-content\/uploads\/2023\/11\/Festival-Film-Gerardmer-780x437.webp 780w, https:\/\/les-atypiques-chalets.com\/wp-content\/uploads\/2023\/11\/Festival-Film-Gerardmer-600x336.webp 600w, https:\/\/les-atypiques-chalets.com\/wp-content\/uploads\/2023\/11\/Festival-Film-Gerardmer-550x308.webp 550w, https:\/\/les-atypiques-chalets.com\/wp-content\/uploads\/2023\/11\/Festival-Film-Gerardmer-370x207.webp 370w, https:\/\/les-atypiques-chalets.com\/wp-content\/uploads\/2023\/11\/Festival-Film-Gerardmer-255x143.webp 255w, https:\/\/les-atypiques-chalets.com\/wp-content\/uploads\/2023\/11\/Festival-Film-Gerardmer-150x84.webp 150w, https:\/\/les-atypiques-chalets.com\/wp-content\/uploads\/2023\/11\/Festival-Film-Gerardmer.webp 1456w\" sizes=\"(max-width: 1024px) 100vw, 1024px\" \/><br \/>\n                                            <svg xmlns=\"http:\/\/www.w3.org\/2000\/svg\" viewbox=\"0 0 31.06 29.67\">\n                        <path d=\"M36.53,21.85,31.78,18s-7.5.83-9.68,16.39C22.1,34.34,25.7,21.66,36.53,21.85Z\" transform=\"translate(-5.47 -4.66)\"><\/path>\n                        <path d=\"M5.47,21.85,10.22,18s7.5.83,9.68,16.39C19.9,34.34,16.3,21.66,5.47,21.85Z\" transform=\"translate(-5.47 -4.66)\"><\/path>\n                        <polygon points=\"15.53 0 18.66 6.56 15.53 22.16 12.39 6.56 15.53 0\"><\/polygon>\n                    <\/svg>                                                                <svg xmlns=\"http:\/\/www.w3.org\/2000\/svg\" viewbox=\"0 0 31.06 29.67\">\n                        <path d=\"M36.53,21.85,31.78,18s-7.5.83-9.68,16.39C22.1,34.34,25.7,21.66,36.53,21.85Z\" transform=\"translate(-5.47 -4.66)\"><\/path>\n                        <path d=\"M5.47,21.85,10.22,18s7.5.83,9.68,16.39C19.9,34.34,16.3,21.66,5.47,21.85Z\" transform=\"translate(-5.47 -4.66)\"><\/path>\n                        <polygon points=\"15.53 0 18.66 6.56 15.53 22.16 12.39 6.56 15.53 0\"><\/polygon>\n                    <\/svg>                        \t\t<\/p>\n<h2><span class=\"ez-toc-section\" id=\"7_Festival_International_du_Film_Fantastique\"><\/span>7. Festival International du Film Fantastique<span class=\"ez-toc-section-end\"><\/span><\/h2>\n<p>Festival Film <a href=\"https:\/\/les-atypiques-chalets.com\/de\/quest-ce-quun-bain-nordique\/\" data-wpil-monitor-id=\"312\">G\u00e9rardmer<\/a> Ne manquez pas ce festival de renom qui attire les cin\u00e9philes du monde entier.<\/p>\n<p>                                            <svg xmlns=\"http:\/\/www.w3.org\/2000\/svg\" viewbox=\"0 0 31.06 29.67\">\n                        <path d=\"M36.53,21.85,31.78,18s-7.5.83-9.68,16.39C22.1,34.34,25.7,21.66,36.53,21.85Z\" transform=\"translate(-5.47 -4.66)\"><\/path>\n                        <path d=\"M5.47,21.85,10.22,18s7.5.83,9.68,16.39C19.9,34.34,16.3,21.66,5.47,21.85Z\" transform=\"translate(-5.47 -4.66)\"><\/path>\n                        <polygon points=\"15.53 0 18.66 6.56 15.53 22.16 12.39 6.56 15.53 0\"><\/polygon>\n                    <\/svg>                                                                <svg xmlns=\"http:\/\/www.w3.org\/2000\/svg\" viewbox=\"0 0 31.06 29.67\">\n                        <path d=\"M36.53,21.85,31.78,18s-7.5.83-9.68,16.39C22.1,34.34,25.7,21.66,36.53,21.85Z\" transform=\"translate(-5.47 -4.66)\"><\/path>\n                        <path d=\"M5.47,21.85,10.22,18s7.5.83,9.68,16.39C19.9,34.34,16.3,21.66,5.47,21.85Z\" transform=\"translate(-5.47 -4.66)\"><\/path>\n                        <polygon points=\"15.53 0 18.66 6.56 15.53 22.16 12.39 6.56 15.53 0\"><\/polygon>\n                    <\/svg><br \/>\n\t\t\t\t\t\t\t\t\t\t\t\t\t\t\t<img decoding=\"async\" width=\"1024\" height=\"574\" src=\"https:\/\/les-atypiques-chalets.com\/wp-content\/uploads\/2023\/11\/escalade-1024x574.webp\" alt=\"\" srcset=\"https:\/\/les-atypiques-chalets.com\/wp-content\/uploads\/2023\/11\/escalade-1024x574.webp 1024w, https:\/\/les-atypiques-chalets.com\/wp-content\/uploads\/2023\/11\/escalade-300x168.webp 300w, https:\/\/les-atypiques-chalets.com\/wp-content\/uploads\/2023\/11\/escalade-768x430.webp 768w, https:\/\/les-atypiques-chalets.com\/wp-content\/uploads\/2023\/11\/escalade-1440x807.webp 1440w, https:\/\/les-atypiques-chalets.com\/wp-content\/uploads\/2023\/11\/escalade-1200x673.webp 1200w, https:\/\/les-atypiques-chalets.com\/wp-content\/uploads\/2023\/11\/escalade-780x437.webp 780w, https:\/\/les-atypiques-chalets.com\/wp-content\/uploads\/2023\/11\/escalade-600x336.webp 600w, https:\/\/les-atypiques-chalets.com\/wp-content\/uploads\/2023\/11\/escalade-550x308.webp 550w, https:\/\/les-atypiques-chalets.com\/wp-content\/uploads\/2023\/11\/escalade-370x207.webp 370w, https:\/\/les-atypiques-chalets.com\/wp-content\/uploads\/2023\/11\/escalade-255x143.webp 255w, https:\/\/les-atypiques-chalets.com\/wp-content\/uploads\/2023\/11\/escalade-150x84.webp 150w, https:\/\/les-atypiques-chalets.com\/wp-content\/uploads\/2023\/11\/escalade.webp 1456w\" sizes=\"(max-width: 1024px) 100vw, 1024px\" \/><br \/>\n                                            <svg xmlns=\"http:\/\/www.w3.org\/2000\/svg\" viewbox=\"0 0 31.06 29.67\">\n                        <path d=\"M36.53,21.85,31.78,18s-7.5.83-9.68,16.39C22.1,34.34,25.7,21.66,36.53,21.85Z\" transform=\"translate(-5.47 -4.66)\"><\/path>\n                        <path d=\"M5.47,21.85,10.22,18s7.5.83,9.68,16.39C19.9,34.34,16.3,21.66,5.47,21.85Z\" transform=\"translate(-5.47 -4.66)\"><\/path>\n                        <polygon points=\"15.53 0 18.66 6.56 15.53 22.16 12.39 6.56 15.53 0\"><\/polygon>\n                    <\/svg>                                                                <svg xmlns=\"http:\/\/www.w3.org\/2000\/svg\" viewbox=\"0 0 31.06 29.67\">\n                        <path d=\"M36.53,21.85,31.78,18s-7.5.83-9.68,16.39C22.1,34.34,25.7,21.66,36.53,21.85Z\" transform=\"translate(-5.47 -4.66)\"><\/path>\n                        <path d=\"M5.47,21.85,10.22,18s7.5.83,9.68,16.39C19.9,34.34,16.3,21.66,5.47,21.85Z\" transform=\"translate(-5.47 -4.66)\"><\/path>\n                        <polygon points=\"15.53 0 18.66 6.56 15.53 22.16 12.39 6.56 15.53 0\"><\/polygon>\n                    <\/svg>                        \t\t<\/p>\n<h2><span class=\"ez-toc-section\" id=\"8_Escalade_et_Aventure_en_Montagne\"><\/span>8. Escalade et Aventure en Montagne<span class=\"ez-toc-section-end\"><\/span><\/h2>\n<p><a href=\"https:\/\/gerardmer.net\/details_adherent.php?produit=777000220\" target=\"_blank\" rel=\"noopener nofollow\">Escalade Vosges<\/a>, Aventure G\u00e9rardmer Pour les amateurs de sensations fortes, les possibilit\u00e9s d&rsquo;escalade et d&rsquo;aventure dans les montagnes environnantes sont infinies.<\/p>\n<p>                                            <svg xmlns=\"http:\/\/www.w3.org\/2000\/svg\" viewbox=\"0 0 31.06 29.67\">\n                        <path d=\"M36.53,21.85,31.78,18s-7.5.83-9.68,16.39C22.1,34.34,25.7,21.66,36.53,21.85Z\" transform=\"translate(-5.47 -4.66)\"><\/path>\n                        <path d=\"M5.47,21.85,10.22,18s7.5.83,9.68,16.39C19.9,34.34,16.3,21.66,5.47,21.85Z\" transform=\"translate(-5.47 -4.66)\"><\/path>\n                        <polygon points=\"15.53 0 18.66 6.56 15.53 22.16 12.39 6.56 15.53 0\"><\/polygon>\n                    <\/svg>                                                                <svg xmlns=\"http:\/\/www.w3.org\/2000\/svg\" viewbox=\"0 0 31.06 29.67\">\n                        <path d=\"M36.53,21.85,31.78,18s-7.5.83-9.68,16.39C22.1,34.34,25.7,21.66,36.53,21.85Z\" transform=\"translate(-5.47 -4.66)\"><\/path>\n                        <path d=\"M5.47,21.85,10.22,18s7.5.83,9.68,16.39C19.9,34.34,16.3,21.66,5.47,21.85Z\" transform=\"translate(-5.47 -4.66)\"><\/path>\n                        <polygon points=\"15.53 0 18.66 6.56 15.53 22.16 12.39 6.56 15.53 0\"><\/polygon>\n                    <\/svg><br \/>\n\t\t\t\t\t\t\t\t\t\t\t\t\t\t\t<img decoding=\"async\" width=\"1024\" height=\"574\" src=\"https:\/\/les-atypiques-chalets.com\/wp-content\/uploads\/2023\/11\/spa-mes-atypiques-chalets-1024x574.webp\" alt=\"\" srcset=\"https:\/\/les-atypiques-chalets.com\/wp-content\/uploads\/2023\/11\/spa-mes-atypiques-chalets-1024x574.webp 1024w, https:\/\/les-atypiques-chalets.com\/wp-content\/uploads\/2023\/11\/spa-mes-atypiques-chalets-300x168.webp 300w, https:\/\/les-atypiques-chalets.com\/wp-content\/uploads\/2023\/11\/spa-mes-atypiques-chalets-768x430.webp 768w, https:\/\/les-atypiques-chalets.com\/wp-content\/uploads\/2023\/11\/spa-mes-atypiques-chalets-1440x807.webp 1440w, https:\/\/les-atypiques-chalets.com\/wp-content\/uploads\/2023\/11\/spa-mes-atypiques-chalets-1200x673.webp 1200w, https:\/\/les-atypiques-chalets.com\/wp-content\/uploads\/2023\/11\/spa-mes-atypiques-chalets-780x437.webp 780w, https:\/\/les-atypiques-chalets.com\/wp-content\/uploads\/2023\/11\/spa-mes-atypiques-chalets-600x336.webp 600w, https:\/\/les-atypiques-chalets.com\/wp-content\/uploads\/2023\/11\/spa-mes-atypiques-chalets-550x308.webp 550w, https:\/\/les-atypiques-chalets.com\/wp-content\/uploads\/2023\/11\/spa-mes-atypiques-chalets-370x207.webp 370w, https:\/\/les-atypiques-chalets.com\/wp-content\/uploads\/2023\/11\/spa-mes-atypiques-chalets-255x143.webp 255w, https:\/\/les-atypiques-chalets.com\/wp-content\/uploads\/2023\/11\/spa-mes-atypiques-chalets-150x84.webp 150w, https:\/\/les-atypiques-chalets.com\/wp-content\/uploads\/2023\/11\/spa-mes-atypiques-chalets.webp 1456w\" sizes=\"(max-width: 1024px) 100vw, 1024px\" \/><br \/>\n                                            <svg xmlns=\"http:\/\/www.w3.org\/2000\/svg\" viewbox=\"0 0 31.06 29.67\">\n                        <path d=\"M36.53,21.85,31.78,18s-7.5.83-9.68,16.39C22.1,34.34,25.7,21.66,36.53,21.85Z\" transform=\"translate(-5.47 -4.66)\"><\/path>\n                        <path d=\"M5.47,21.85,10.22,18s7.5.83,9.68,16.39C19.9,34.34,16.3,21.66,5.47,21.85Z\" transform=\"translate(-5.47 -4.66)\"><\/path>\n                        <polygon points=\"15.53 0 18.66 6.56 15.53 22.16 12.39 6.56 15.53 0\"><\/polygon>\n                    <\/svg>                                                                <svg xmlns=\"http:\/\/www.w3.org\/2000\/svg\" viewbox=\"0 0 31.06 29.67\">\n                        <path d=\"M36.53,21.85,31.78,18s-7.5.83-9.68,16.39C22.1,34.34,25.7,21.66,36.53,21.85Z\" transform=\"translate(-5.47 -4.66)\"><\/path>\n                        <path d=\"M5.47,21.85,10.22,18s7.5.83,9.68,16.39C19.9,34.34,16.3,21.66,5.47,21.85Z\" transform=\"translate(-5.47 -4.66)\"><\/path>\n                        <polygon points=\"15.53 0 18.66 6.56 15.53 22.16 12.39 6.56 15.53 0\"><\/polygon>\n                    <\/svg>                        \t\t<\/p>\n<h2><span class=\"ez-toc-section\" id=\"9_Spa_et_Bien-etre\"><\/span>9. Spa et Bien-\u00eatre<span class=\"ez-toc-section-end\"><\/span><\/h2>\n<p><a href=\"https:\/\/les-atypiques-chalets.com\/de\/\" target=\"_blank\" rel=\"noopener\">Spa G\u00e9rardmer<\/a>, Bien-\u00eatre Vosges Relaxez-vous dans l&rsquo;un des nombreux centres de spa et de bien-\u00eatre de la ville.<\/p>\n<p>                                            <svg xmlns=\"http:\/\/www.w3.org\/2000\/svg\" viewbox=\"0 0 31.06 29.67\">\n                        <path d=\"M36.53,21.85,31.78,18s-7.5.83-9.68,16.39C22.1,34.34,25.7,21.66,36.53,21.85Z\" transform=\"translate(-5.47 -4.66)\"><\/path>\n                        <path d=\"M5.47,21.85,10.22,18s7.5.83,9.68,16.39C19.9,34.34,16.3,21.66,5.47,21.85Z\" transform=\"translate(-5.47 -4.66)\"><\/path>\n                        <polygon points=\"15.53 0 18.66 6.56 15.53 22.16 12.39 6.56 15.53 0\"><\/polygon>\n                    <\/svg>                                                                <svg xmlns=\"http:\/\/www.w3.org\/2000\/svg\" viewbox=\"0 0 31.06 29.67\">\n                        <path d=\"M36.53,21.85,31.78,18s-7.5.83-9.68,16.39C22.1,34.34,25.7,21.66,36.53,21.85Z\" transform=\"translate(-5.47 -4.66)\"><\/path>\n                        <path d=\"M5.47,21.85,10.22,18s7.5.83,9.68,16.39C19.9,34.34,16.3,21.66,5.47,21.85Z\" transform=\"translate(-5.47 -4.66)\"><\/path>\n                        <polygon points=\"15.53 0 18.66 6.56 15.53 22.16 12.39 6.56 15.53 0\"><\/polygon>\n                    <\/svg><br \/>\n\t\t\t\t\t\t\t\t\t\t\t\t\t\t\t<img decoding=\"async\" width=\"1024\" height=\"574\" src=\"https:\/\/les-atypiques-chalets.com\/wp-content\/uploads\/2023\/11\/patrimoine-1024x574.webp\" alt=\"\" srcset=\"https:\/\/les-atypiques-chalets.com\/wp-content\/uploads\/2023\/11\/patrimoine-1024x574.webp 1024w, https:\/\/les-atypiques-chalets.com\/wp-content\/uploads\/2023\/11\/patrimoine-300x168.webp 300w, https:\/\/les-atypiques-chalets.com\/wp-content\/uploads\/2023\/11\/patrimoine-768x430.webp 768w, https:\/\/les-atypiques-chalets.com\/wp-content\/uploads\/2023\/11\/patrimoine-1440x807.webp 1440w, https:\/\/les-atypiques-chalets.com\/wp-content\/uploads\/2023\/11\/patrimoine-1200x673.webp 1200w, https:\/\/les-atypiques-chalets.com\/wp-content\/uploads\/2023\/11\/patrimoine-780x437.webp 780w, https:\/\/les-atypiques-chalets.com\/wp-content\/uploads\/2023\/11\/patrimoine-600x336.webp 600w, https:\/\/les-atypiques-chalets.com\/wp-content\/uploads\/2023\/11\/patrimoine-550x308.webp 550w, https:\/\/les-atypiques-chalets.com\/wp-content\/uploads\/2023\/11\/patrimoine-370x207.webp 370w, https:\/\/les-atypiques-chalets.com\/wp-content\/uploads\/2023\/11\/patrimoine-255x143.webp 255w, https:\/\/les-atypiques-chalets.com\/wp-content\/uploads\/2023\/11\/patrimoine-150x84.webp 150w, https:\/\/les-atypiques-chalets.com\/wp-content\/uploads\/2023\/11\/patrimoine.webp 1456w\" sizes=\"(max-width: 1024px) 100vw, 1024px\" \/><br \/>\n                                            <svg xmlns=\"http:\/\/www.w3.org\/2000\/svg\" viewbox=\"0 0 31.06 29.67\">\n                        <path d=\"M36.53,21.85,31.78,18s-7.5.83-9.68,16.39C22.1,34.34,25.7,21.66,36.53,21.85Z\" transform=\"translate(-5.47 -4.66)\"><\/path>\n                        <path d=\"M5.47,21.85,10.22,18s7.5.83,9.68,16.39C19.9,34.34,16.3,21.66,5.47,21.85Z\" transform=\"translate(-5.47 -4.66)\"><\/path>\n                        <polygon points=\"15.53 0 18.66 6.56 15.53 22.16 12.39 6.56 15.53 0\"><\/polygon>\n                    <\/svg>                                                                <svg xmlns=\"http:\/\/www.w3.org\/2000\/svg\" viewbox=\"0 0 31.06 29.67\">\n                        <path d=\"M36.53,21.85,31.78,18s-7.5.83-9.68,16.39C22.1,34.34,25.7,21.66,36.53,21.85Z\" transform=\"translate(-5.47 -4.66)\"><\/path>\n                        <path d=\"M5.47,21.85,10.22,18s7.5.83,9.68,16.39C19.9,34.34,16.3,21.66,5.47,21.85Z\" transform=\"translate(-5.47 -4.66)\"><\/path>\n                        <polygon points=\"15.53 0 18.66 6.56 15.53 22.16 12.39 6.56 15.53 0\"><\/polygon>\n                    <\/svg>                        \t\t<\/p>\n<h2><span class=\"ez-toc-section\" id=\"10_Culture_et_Patrimoine\"><\/span>10. Culture et Patrimoine<span class=\"ez-toc-section-end\"><\/span><\/h2>\n<p><a href=\"https:\/\/gerardmerinfo.fr\/2023\/09\/journees-europeennes-patrimoine-a-gerardmer-2\/\" target=\"_blank\" rel=\"noopener nofollow\">Patrimoine G\u00e9rardmer<\/a>, Culture Vosges D\u00e9couvrez le riche patrimoine culturel de G\u00e9rardmer, \u00e0 travers ses mus\u00e9es, son architecture et ses \u00e9v\u00e9nements culturels.<\/p>\n<p>                                            <svg xmlns=\"http:\/\/www.w3.org\/2000\/svg\" viewbox=\"0 0 31.06 29.67\">\n                        <path d=\"M36.53,21.85,31.78,18s-7.5.83-9.68,16.39C22.1,34.34,25.7,21.66,36.53,21.85Z\" transform=\"translate(-5.47 -4.66)\"><\/path>\n                        <path d=\"M5.47,21.85,10.22,18s7.5.83,9.68,16.39C19.9,34.34,16.3,21.66,5.47,21.85Z\" transform=\"translate(-5.47 -4.66)\"><\/path>\n                        <polygon points=\"15.53 0 18.66 6.56 15.53 22.16 12.39 6.56 15.53 0\"><\/polygon>\n                    <\/svg>                                                                <svg xmlns=\"http:\/\/www.w3.org\/2000\/svg\" viewbox=\"0 0 31.06 29.67\">\n                        <path d=\"M36.53,21.85,31.78,18s-7.5.83-9.68,16.39C22.1,34.34,25.7,21.66,36.53,21.85Z\" transform=\"translate(-5.47 -4.66)\"><\/path>\n                        <path d=\"M5.47,21.85,10.22,18s7.5.83,9.68,16.39C19.9,34.34,16.3,21.66,5.47,21.85Z\" transform=\"translate(-5.47 -4.66)\"><\/path>\n                        <polygon points=\"15.53 0 18.66 6.56 15.53 22.16 12.39 6.56 15.53 0\"><\/polygon>\n                    <\/svg>                        \t\t<\/p>\n<p><strong>Conclusion :<\/strong> <a href=\"https:\/\/les-atypiques-chalets.com\/de\/visitez-les-marches-de-gerardmer\/\" data-wpil-monitor-id=\"491\">G\u00e9rardmer<\/a> a tant \u00e0 offrir, que vous soyez \u00e0 la recherche d&rsquo;aventure, de d\u00e9tente ou de d\u00e9couvertes culturelles. Ces 10 activit\u00e9s vous garantissent une exp\u00e9rience riche et m\u00e9morable dans ce joyau des <a href=\"https:\/\/les-atypiques-chalets.com\/de\/organisez-votre-sejour-a-gerardmer\/\" data-wpil-monitor-id=\"342\">Vogesen<\/a>.<\/p>","protected":false},"excerpt":{"rendered":"<p>Einleitung: Eingebettet im Herzen der Vogesen ist G\u00e9rardmer ein Traumziel f\u00fcr Naturliebhaber, Abenteurer und Kulturliebhaber. Hier sind die 10 Aktivit\u00e4ten, die Sie sich f\u00fcr ein unvergessliches Erlebnis in dieser Perle der Vogesen nicht entgehen lassen sollten. 1. Ski und Wintersport im La Mauselaine Ski G\u00e9rardmer, La Mauselaine Mit seinen abwechslungsreichen Pisten,<\/p>\n<a href=\"https:\/\/les-atypiques-chalets.com\/de\/decouvrez-gerardmer-les-10-activites-incontournables\/\" class=\"sohohotel-more-link\">Read More<\/a>","protected":false},"author":1,"featured_media":9124,"comment_status":"closed","ping_status":"open","sticky":false,"template":"","format":"standard","meta":{"_yoast_wpseo_title":"","_yoast_wpseo_metadesc":"","_yoast_wpseo_focuskw":"#G\u00e9rardmer #Ski #Randonn\u00e9e #LacG\u00e9rardmer #GastronomieVosgienne #March\u00e9 #SportsNautiques #FestivalFilm #Escalade #Spa #Culture","footnotes":""},"categories":[707],"tags":[704,705,706,664,708,709,710,711,712,713],"class_list":["post-9122","post","type-post","status-publish","format-standard","has-post-thumbnail","hentry","category-gerardmer","tag-escalade-vosges","tag-festival-film-gerardmer","tag-gastronomie-vosgienne","tag-gerardmer","tag-lac-de-gerardmer","tag-marche-gerardmer","tag-randonnee-gerardmer","tag-ski-gerardmer","tag-spa-gerardmer","tag-sports-nautiques-gerardmer"],"_links":{"self":[{"href":"https:\/\/les-atypiques-chalets.com\/de\/wp-json\/wp\/v2\/posts\/9122","targetHints":{"allow":["GET"]}}],"collection":[{"href":"https:\/\/les-atypiques-chalets.com\/de\/wp-json\/wp\/v2\/posts"}],"about":[{"href":"https:\/\/les-atypiques-chalets.com\/de\/wp-json\/wp\/v2\/types\/post"}],"author":[{"embeddable":true,"href":"https:\/\/les-atypiques-chalets.com\/de\/wp-json\/wp\/v2\/users\/1"}],"replies":[{"embeddable":true,"href":"https:\/\/les-atypiques-chalets.com\/de\/wp-json\/wp\/v2\/comments?post=9122"}],"version-history":[{"count":0,"href":"https:\/\/les-atypiques-chalets.com\/de\/wp-json\/wp\/v2\/posts\/9122\/revisions"}],"wp:featuredmedia":[{"embeddable":true,"href":"https:\/\/les-atypiques-chalets.com\/de\/wp-json\/wp\/v2\/media\/9124"}],"wp:attachment":[{"href":"https:\/\/les-atypiques-chalets.com\/de\/wp-json\/wp\/v2\/media?parent=9122"}],"wp:term":[{"taxonomy":"category","embeddable":true,"href":"https:\/\/les-atypiques-chalets.com\/de\/wp-json\/wp\/v2\/categories?post=9122"},{"taxonomy":"post_tag","embeddable":true,"href":"https:\/\/les-atypiques-chalets.com\/de\/wp-json\/wp\/v2\/tags?post=9122"}],"curies":[{"name":"wp","href":"https:\/\/api.w.org\/{rel}","templated":true}]}}