{"id":9318,"date":"2023-12-14T10:28:11","date_gmt":"2023-12-14T10:28:11","guid":{"rendered":"https:\/\/les-atypiques-chalets.com\/?p=9318"},"modified":"2025-12-11T21:18:28","modified_gmt":"2025-12-11T21:18:28","slug":"votre-guide-des-evenements-et-festivals-a-gerardmer-2024","status":"publish","type":"post","link":"https:\/\/les-atypiques-chalets.com\/de\/votre-guide-des-evenements-et-festivals-a-gerardmer-2024\/","title":{"rendered":"\u00c9v\u00e9nements G\u00e9rardmer 2026 : Festivals, March\u00e9s, Animations [Agenda]"},"content":{"rendered":"<p><strong>\u00e9v\u00e9nements G\u00e9rardmer<\/strong> : Agenda complet des \u00e9v\u00e9nements \u00e0 G\u00e9rardmer 2026 : Festival du Film Fantastique, march\u00e9s de No\u00ebl, concerts, animations sportives. Ne manquez rien !<\/p>\n\n\n<p><\/p>\n\n\n<p><\/p>\n\n\n<p><\/p>\n<p><strong>Introduction<\/strong><\/p>\n<p>G\u00e9rardmer, nich\u00e9 dans les Vosges, est un v\u00e9ritable joyau de culture et de festivit\u00e9s. Alors que 2024 approche, cette ville vibrante se pr\u00e9pare \u00e0 accueillir une multitude d&rsquo;\u00e9v\u00e9nements et de festivals captivants. Cet article vous guide \u00e0 travers les diverses attractions culturelles et festives de <a href=\"https:\/\/les-atypiques-chalets.com\/10-activites-a-faire-a-gerardmer\/\"  data-wpil-monitor-id=\"230\">G\u00e9rardmer<\/a> en 2024, offrant une exp\u00e9rience immersive dans l&rsquo;essence m\u00eame de cette destination pittoresque.<\/p>\n<hr \/>\n<p><strong>\u00c9v\u00e9nements et Festivals \u00e0 <a href=\"https:\/\/les-atypiques-chalets.com\/quest-ce-quun-bain-nordique\/\"  data-wpil-monitor-id=\"310\">G\u00e9rardmer<\/a><\/strong><\/p>\n<p><strong>Le Festival International du Film Fantastique de <a href=\"https:\/\/les-atypiques-chalets.com\/organisez-votre-sejour-a-gerardmer\/\"  data-wpil-monitor-id=\"351\">G\u00e9rardmer<\/a> du 24 au 28 janvier 2024<\/strong><br \/><a href=\"https:\/\/festival-gerardmer.com\/2024\" target=\"_blank\" rel=\"noopener nofollow\">Le Festival International du Film Fantastique<\/a> est une tradition annuelle incontournable. En 2024, le festival promet une programmation encore plus riche, avec des projections de films, des ateliers, et des invit\u00e9s de renom. C&rsquo;est un rendez-vous privil\u00e9gi\u00e9 pour les cin\u00e9philes.<\/p>\n<p><strong>La F\u00eate des Jonquilles le 24 mars 2024<\/strong><br \/>Symbole du renouveau printanier, <a href=\"https:\/\/www.fete-des-jonquilles-gerardmer-officiel.fr\/\" target=\"_blank\" rel=\"noopener nofollow\">la F\u00eate des Jonquilles \u00e0 G\u00e9rardmer<\/a> est une c\u00e9l\u00e9bration color\u00e9e. Les rues de la ville s&rsquo;animent avec des chars fleuris, de la musique, et des d\u00e9fil\u00e9s, cr\u00e9ant une atmosph\u00e8re joyeuse et familiale.<\/p>\n<p><strong>Le Triathlon de <a href=\"https:\/\/les-atypiques-chalets.com\/visitez-les-marches-de-gerardmer\/\" data-wpil-monitor-id=\"489\">G\u00e9rardmer<\/a> du 7\/09 au 8\/09 2024<\/strong><br \/>Pour les sportifs, <a href=\"https:\/\/triathlondegerardmer.com\/\" target=\"_blank\" rel=\"noopener nofollow\">le Triathlon de G\u00e9rardmer<\/a> est un \u00e9v\u00e9nement phare. Alliant natation, v\u00e9lo, et course \u00e0 pied, cette comp\u00e9tition attire des athl\u00e8tes du monde entier. En 2024, attendez-vous \u00e0 des parcours \u00e9poustouflants et \u00e0 une ambiance \u00e9lectrique.<\/p>\n<p><strong>Les Journ\u00e9es de la Laine<\/strong><br \/>Cet \u00e9v\u00e9nement unique c\u00e9l\u00e8bre l&rsquo;artisanat <a href=\"https:\/\/les-atypiques-chalets.com\/guide-des-boutiques-de-gerardmer\/\" data-wpil-monitor-id=\"642\">local<\/a> et le savoir-faire dans le travail de la laine. Des ateliers, des d\u00e9monstrations et des march\u00e9s d&rsquo;artisans permettent de d\u00e9couvrir des techniques ancestrales et des cr\u00e9ations modernes.<\/p>\n<p><strong>Le Festival Electro Mountain 8\/9 mars 2024<\/strong><br \/>G\u00e9rardmer accueille \u00e9galement un festival de musique <a href=\"https:\/\/gerardmerinfo.fr\/2023\/12\/the-avener-tete-daffiche-de-2eme-edition-gerardmer-electro-mountain-festival\/#:~:text=La%20seconde%20%C3%A9dition%20de%20G%C3%A9rardmer,L&#039;espace%20L.A.C.\" target=\"_blank\" rel=\"noopener nofollow\"><strong>Electro Mountain Festival<\/strong><\/a>, rassemblant des musiciens de renomm\u00e9e internationale. Les m\u00e9lodies envo\u00fbtantes r\u00e9sonnent dans des cadres historiques, offrant une exp\u00e9rience m\u00e9morable aux m\u00e9lomanes.<\/p>\n<p><strong>Le <a href=\"https:\/\/les-atypiques-chalets.com\/les-10-plus-beaux-marches-de-noel-en-alsace\/\" data-wpil-monitor-id=\"575\">March\u00e9 de No\u00ebl<\/a> de G\u00e9rardmer du 24\/11\/2024 au 7 janvier 2024<\/strong><br \/>En fin d&rsquo;ann\u00e9e, l<a href=\"https:\/\/www.mairie-gerardmer.fr\/component\/dpcalendar\/event\/708?calid=11\" target=\"_blank\" rel=\"noopener nofollow\">e March\u00e9 de No\u00ebl transforme G\u00e9rardmer<\/a> en un paysage f\u00e9erique. Stands de <a href=\"https:\/\/les-atypiques-chalets.com\/astuces-eco-responsables-pour-les-locataires-saisonniers-conseils-pour-un-sejour-ecologique-et-responsable-dans-votre-location-saisonniere\/\" data-wpil-monitor-id=\"257\">produits locaux<\/a>, illuminations scintillantes, et ambiance chaleureuse font de ce march\u00e9 un incontournable des festivit\u00e9s hivernales.<\/p>\t\t\n\t\t\t<style>\/*! elementor - v3.18.0 - 08-12-2023 *\/\n.elementor-widget-image{text-align:center}.elementor-widget-image a{display:inline-block}.elementor-widget-image a img[src$=\".svg\"]{width:48px}.elementor-widget-image img{vertical-align:middle;display:inline-block}<\/style>\t\t\t\t\t\t\t\t\t\t\t\t<img decoding=\"async\" width=\"1024\" height=\"574\" src=\"https:\/\/les-atypiques-chalets.com\/wp-content\/uploads\/2023\/12\/film-fanstastique-2024-1024x574.webp\" alt=\"\" srcset=\"https:\/\/les-atypiques-chalets.com\/wp-content\/uploads\/2023\/12\/film-fanstastique-2024-1024x574.webp 1024w, https:\/\/les-atypiques-chalets.com\/wp-content\/uploads\/2023\/12\/film-fanstastique-2024-300x168.webp 300w, https:\/\/les-atypiques-chalets.com\/wp-content\/uploads\/2023\/12\/film-fanstastique-2024-768x430.webp 768w, https:\/\/les-atypiques-chalets.com\/wp-content\/uploads\/2023\/12\/film-fanstastique-2024-1440x807.webp 1440w, https:\/\/les-atypiques-chalets.com\/wp-content\/uploads\/2023\/12\/film-fanstastique-2024-1200x673.webp 1200w, https:\/\/les-atypiques-chalets.com\/wp-content\/uploads\/2023\/12\/film-fanstastique-2024-780x437.webp 780w, https:\/\/les-atypiques-chalets.com\/wp-content\/uploads\/2023\/12\/film-fanstastique-2024-600x336.webp 600w, https:\/\/les-atypiques-chalets.com\/wp-content\/uploads\/2023\/12\/film-fanstastique-2024-550x308.webp 550w, https:\/\/les-atypiques-chalets.com\/wp-content\/uploads\/2023\/12\/film-fanstastique-2024-370x207.webp 370w, https:\/\/les-atypiques-chalets.com\/wp-content\/uploads\/2023\/12\/film-fanstastique-2024-255x143.webp 255w, https:\/\/les-atypiques-chalets.com\/wp-content\/uploads\/2023\/12\/film-fanstastique-2024-150x84.webp 150w, https:\/\/les-atypiques-chalets.com\/wp-content\/uploads\/2023\/12\/film-fanstastique-2024.webp 1456w\" sizes=\"(max-width: 1024px) 100vw, 1024px\" \/>\t\t\t\t\t\t\t\t\t\t\t\t\t\t\t\n        \t            Le Festival International du Film Fantastique de <a href=\"https:\/\/les-atypiques-chalets.com\/les-10-choses-a-faire-a-gerardmer-en-ete\/\" data-wpil-monitor-id=\"1687\">G\u00e9rardmer<\/a> du 24 au 28 janvier 2024\t            <h4><span class=\"ez-toc-section\" id=\"Focus\"><\/span>\n\t                Focus\t            <span class=\"ez-toc-section-end\"><\/span><\/h4><div id=\"ez-toc-container\" class=\"ez-toc-v2_0_82_2 counter-hierarchy ez-toc-counter ez-toc-grey ez-toc-container-direction\">\n<div class=\"ez-toc-title-container\">\n<p class=\"ez-toc-title\" style=\"cursor:inherit\">Sommaire<\/p>\n<span class=\"ez-toc-title-toggle\"><a href=\"#\" class=\"ez-toc-pull-right ez-toc-btn ez-toc-btn-xs ez-toc-btn-default ez-toc-toggle\" aria-label=\"Toggle Table of Content\"><span class=\"ez-toc-js-icon-con\"><span class=\"\"><span class=\"eztoc-hide\" style=\"display:none;\">Toggle<\/span><span class=\"ez-toc-icon-toggle-span\"><svg style=\"fill: #999;color:#999\" xmlns=\"http:\/\/www.w3.org\/2000\/svg\" class=\"list-377408\" width=\"20px\" height=\"20px\" viewBox=\"0 0 24 24\" fill=\"none\"><path d=\"M6 6H4v2h2V6zm14 0H8v2h12V6zM4 11h2v2H4v-2zm16 0H8v2h12v-2zM4 16h2v2H4v-2zm16 0H8v2h12v-2z\" fill=\"currentColor\"><\/path><\/svg><svg style=\"fill: #999;color:#999\" class=\"arrow-unsorted-368013\" xmlns=\"http:\/\/www.w3.org\/2000\/svg\" width=\"10px\" height=\"10px\" viewBox=\"0 0 24 24\" version=\"1.2\" baseProfile=\"tiny\"><path d=\"M18.2 9.3l-6.2-6.3-6.2 6.3c-.2.2-.3.4-.3.7s.1.5.3.7c.2.2.4.3.7.3h11c.3 0 .5-.1.7-.3.2-.2.3-.5.3-.7s-.1-.5-.3-.7zM5.8 14.7l6.2 6.3 6.2-6.3c.2-.2.3-.5.3-.7s-.1-.5-.3-.7c-.2-.2-.4-.3-.7-.3h-11c-.3 0-.5.1-.7.3-.2.2-.3.5-.3.7s.1.5.3.7z\"\/><\/svg><\/span><\/span><\/span><\/a><\/span><\/div>\n<nav><ul class='ez-toc-list ez-toc-list-level-1 ez-toc-columns-2 ' ><li class='ez-toc-page-1 ez-toc-heading-level-4'><a class=\"ez-toc-link ez-toc-heading-1\" href=\"https:\/\/les-atypiques-chalets.com\/de\/votre-guide-des-evenements-et-festivals-a-gerardmer-2024\/#Focus\" >Focus<\/a><\/li><\/ul><\/nav><\/div>\n\t            \n\t                <p><strong>La Merveille Cin\u00e9matographique de <a href=\"https:\/\/les-atypiques-chalets.com\/rejoignez-laventure-a-gerardmer-reservez-votre-sejour\/\" data-wpil-monitor-id=\"799\">G\u00e9rardmer<\/a><\/strong><\/p>\t                    \t\t\n\t\t<p style=\"--tw-border-spacing-x: 0; --tw-border-spacing-y: 0; --tw-translate-x: 0; --tw-translate-y: 0; --tw-rotate: 0; --tw-skew-x: 0; --tw-skew-y: 0; --tw-scale-x: 1; --tw-scale-y: 1; --tw-scroll-snap-strictness: proximity; --tw-ring-offset-width: 0px; --tw-ring-offset-color: #fff; --tw-ring-color: rgba(69,89,164,0.5); --tw-ring-offset-shadow: 0 0 transparent; --tw-ring-shadow: 0 0 transparent; --tw-shadow: 0 0 transparent; --tw-shadow-colored: 0 0 transparent; margin-right: 0px; margin-bottom: 1.25em; margin-left: 0px; color: #374151; font-family: S\u00f6hne, ui-sans-serif, system-ui, -apple-system, 'Segoe UI', Roboto, Ubuntu, Cantarell, 'Noto Sans', sans-serif, 'Helvetica Neue', Arial, 'Apple Color Emoji', 'Segoe UI Emoji', 'Segoe UI Symbol', 'Noto Color Emoji'; font-size: 16px; white-space: pre-wrap; border: 0px solid #d9d9e3;\">Quand on parle de G\u00e9rardmer, il est impossible de ne pas \u00e9voquer son Festival International du Film Fantastique. Ce festival, qui se tient chaque ann\u00e9e, est devenu un \u00e9v\u00e9nement phare pour les amateurs du genre. En 2024, le festival promet d&rsquo;\u00eatre encore plus spectaculaire, avec une s\u00e9lection de films qui d\u00e9fient l&rsquo;imagination.<\/p>\n<p style=\"--tw-border-spacing-x: 0; --tw-border-spacing-y: 0; --tw-translate-x: 0; --tw-translate-y: 0; --tw-rotate: 0; --tw-skew-x: 0; --tw-skew-y: 0; --tw-scale-x: 1; --tw-scale-y: 1; --tw-scroll-snap-strictness: proximity; --tw-ring-offset-width: 0px; --tw-ring-offset-color: #fff; --tw-ring-color: rgba(69,89,164,0.5); --tw-ring-offset-shadow: 0 0 transparent; --tw-ring-shadow: 0 0 transparent; --tw-shadow: 0 0 transparent; --tw-shadow-colored: 0 0 transparent; margin: 1.25em 0px; color: #374151; font-family: S\u00f6hne, ui-sans-serif, system-ui, -apple-system, 'Segoe UI', Roboto, Ubuntu, Cantarell, 'Noto Sans', sans-serif, 'Helvetica Neue', Arial, 'Apple Color Emoji', 'Segoe UI Emoji', 'Segoe UI Symbol', 'Noto Color Emoji'; font-size: 16px; white-space: pre-wrap; border: 0px solid #d9d9e3;\">Un \u00c9ventail de Films Envo\u00fbtants<br style=\"border: 0px solid #d9d9e3; --tw-border-spacing-x: 0; --tw-border-spacing-y: 0; --tw-translate-x: 0; --tw-translate-y: 0; --tw-rotate: 0; --tw-skew-x: 0; --tw-skew-y: 0; --tw-scale-x: 1; --tw-scale-y: 1; --tw-scroll-snap-strictness: proximity; --tw-ring-offset-width: 0px; --tw-ring-offset-color: #fff; --tw-ring-color: rgba(69,89,164,0.5); --tw-ring-offset-shadow: 0 0 transparent; --tw-ring-shadow: 0 0 transparent; --tw-shadow: 0 0 transparent; --tw-shadow-colored: 0 0 transparent;\" \/>Le c\u0153ur du festival est sa programmation diversifi\u00e9e de films fantastiques. Des thrillers surnaturels aux \u00e9pop\u00e9es de science-fiction, chaque film s\u00e9lectionn\u00e9 promet de transporter les spectateurs dans des mondes hors du commun. La qualit\u00e9 des films projet\u00e9s est toujours au rendez-vous, avec des \u0153uvres venant du monde entier.<\/p>\n<p style=\"--tw-border-spacing-x: 0; --tw-border-spacing-y: 0; --tw-translate-x: 0; --tw-translate-y: 0; --tw-rotate: 0; --tw-skew-x: 0; --tw-skew-y: 0; --tw-scale-x: 1; --tw-scale-y: 1; --tw-scroll-snap-strictness: proximity; --tw-ring-offset-width: 0px; --tw-ring-offset-color: #fff; --tw-ring-color: rgba(69,89,164,0.5); --tw-ring-offset-shadow: 0 0 transparent; --tw-ring-shadow: 0 0 transparent; --tw-shadow: 0 0 transparent; --tw-shadow-colored: 0 0 transparent; margin: 1.25em 0px; color: #374151; font-family: S\u00f6hne, ui-sans-serif, system-ui, -apple-system, 'Segoe UI', Roboto, Ubuntu, Cantarell, 'Noto Sans', sans-serif, 'Helvetica Neue', Arial, 'Apple Color Emoji', 'Segoe UI Emoji', 'Segoe UI Symbol', 'Noto Color Emoji'; font-size: 16px; white-space: pre-wrap; border: 0px solid #d9d9e3;\">Des Invit\u00e9s de Renom<br style=\"border: 0px solid #d9d9e3; --tw-border-spacing-x: 0; --tw-border-spacing-y: 0; --tw-translate-x: 0; --tw-translate-y: 0; --tw-rotate: 0; --tw-skew-x: 0; --tw-skew-y: 0; --tw-scale-x: 1; --tw-scale-y: 1; --tw-scroll-snap-strictness: proximity; --tw-ring-offset-width: 0px; --tw-ring-offset-color: #fff; --tw-ring-color: rgba(69,89,164,0.5); --tw-ring-offset-shadow: 0 0 transparent; --tw-ring-shadow: 0 0 transparent; --tw-shadow: 0 0 transparent; --tw-shadow-colored: 0 0 transparent;\" \/>Chaque \u00e9dition du festival voit la pr\u00e9sence de personnalit\u00e9s \u00e9minentes du cin\u00e9ma. R\u00e9alisateurs, acteurs, et critiques se rassemblent pour c\u00e9l\u00e9brer le fantastique sous toutes ses formes. Les discussions et les interviews offrent aux visiteurs une chance unique de plonger dans les coulisses du cin\u00e9ma.<\/p>\n<p style=\"--tw-border-spacing-x: 0; --tw-border-spacing-y: 0; --tw-translate-x: 0; --tw-translate-y: 0; --tw-rotate: 0; --tw-skew-x: 0; --tw-skew-y: 0; --tw-scale-x: 1; --tw-scale-y: 1; --tw-scroll-snap-strictness: proximity; --tw-ring-offset-width: 0px; --tw-ring-offset-color: #fff; --tw-ring-color: rgba(69,89,164,0.5); --tw-ring-offset-shadow: 0 0 transparent; --tw-ring-shadow: 0 0 transparent; --tw-shadow: 0 0 transparent; --tw-shadow-colored: 0 0 transparent; margin: 1.25em 0px; color: #374151; font-family: S\u00f6hne, ui-sans-serif, system-ui, -apple-system, 'Segoe UI', Roboto, Ubuntu, Cantarell, 'Noto Sans', sans-serif, 'Helvetica Neue', Arial, 'Apple Color Emoji', 'Segoe UI Emoji', 'Segoe UI Symbol', 'Noto Color Emoji'; font-size: 16px; white-space: pre-wrap; border: 0px solid #d9d9e3;\">Ateliers et Panels Interactifs<br style=\"border: 0px solid #d9d9e3; --tw-border-spacing-x: 0; --tw-border-spacing-y: 0; --tw-translate-x: 0; --tw-translate-y: 0; --tw-rotate: 0; --tw-skew-x: 0; --tw-skew-y: 0; --tw-scale-x: 1; --tw-scale-y: 1; --tw-scroll-snap-strictness: proximity; --tw-ring-offset-width: 0px; --tw-ring-offset-color: #fff; --tw-ring-color: rgba(69,89,164,0.5); --tw-ring-offset-shadow: 0 0 transparent; --tw-ring-shadow: 0 0 transparent; --tw-shadow: 0 0 transparent; --tw-shadow-colored: 0 0 transparent;\" \/>Le festival propose \u00e9galement une s\u00e9rie d&rsquo;ateliers et de panels. Ces sessions interactives permettent aux visiteurs de se familiariser avec les diff\u00e9rentes facettes de la cr\u00e9ation cin\u00e9matographique, de la sc\u00e9narisation \u00e0 la r\u00e9alisation, en passant par les effets sp\u00e9ciaux.<\/p>\n<p style=\"--tw-border-spacing-x: 0; --tw-border-spacing-y: 0; --tw-translate-x: 0; --tw-translate-y: 0; --tw-rotate: 0; --tw-skew-x: 0; --tw-skew-y: 0; --tw-scale-x: 1; --tw-scale-y: 1; --tw-scroll-snap-strictness: proximity; --tw-ring-offset-width: 0px; --tw-ring-offset-color: #fff; --tw-ring-color: rgba(69,89,164,0.5); --tw-ring-offset-shadow: 0 0 transparent; --tw-ring-shadow: 0 0 transparent; --tw-shadow: 0 0 transparent; --tw-shadow-colored: 0 0 transparent; margin: 1.25em 0px; color: #374151; font-family: S\u00f6hne, ui-sans-serif, system-ui, -apple-system, 'Segoe UI', Roboto, Ubuntu, Cantarell, 'Noto Sans', sans-serif, 'Helvetica Neue', Arial, 'Apple Color Emoji', 'Segoe UI Emoji', 'Segoe UI Symbol', 'Noto Color Emoji'; font-size: 16px; white-space: pre-wrap; border: 0px solid #d9d9e3;\">Un Impact Culturel Profond<br style=\"border: 0px solid #d9d9e3; --tw-border-spacing-x: 0; --tw-border-spacing-y: 0; --tw-translate-x: 0; --tw-translate-y: 0; --tw-rotate: 0; --tw-skew-x: 0; --tw-skew-y: 0; --tw-scale-x: 1; --tw-scale-y: 1; --tw-scroll-snap-strictness: proximity; --tw-ring-offset-width: 0px; --tw-ring-offset-color: #fff; --tw-ring-color: rgba(69,89,164,0.5); --tw-ring-offset-shadow: 0 0 transparent; --tw-ring-shadow: 0 0 transparent; --tw-shadow: 0 0 transparent; --tw-shadow-colored: 0 0 transparent;\" \/>Le Festival International du Film Fantastique de G\u00e9rardmer n&rsquo;est pas seulement un \u00e9v\u00e9nement cin\u00e9matographique, c&rsquo;est aussi un catalyseur culturel. Il encourage la cr\u00e9ation et la diffusion du cin\u00e9ma fantastique et contribue \u00e0 l&rsquo;\u00e9volution du genre. Le festival est une c\u00e9l\u00e9bration de la cr\u00e9ativit\u00e9 et de l&rsquo;imaginaire, un espace o\u00f9 l&rsquo;art cin\u00e9matographique rencontre le public dans toute sa diversit\u00e9 et sa passion.<\/p>\n<p style=\"--tw-border-spacing-x: 0; --tw-border-spacing-y: 0; --tw-translate-x: 0; --tw-translate-y: 0; --tw-rotate: 0; --tw-skew-x: 0; --tw-skew-y: 0; --tw-scale-x: 1; --tw-scale-y: 1; --tw-scroll-snap-strictness: proximity; --tw-ring-offset-width: 0px; --tw-ring-offset-color: #fff; --tw-ring-color: rgba(69,89,164,0.5); --tw-ring-offset-shadow: 0 0 transparent; --tw-ring-shadow: 0 0 transparent; --tw-shadow: 0 0 transparent; --tw-shadow-colored: 0 0 transparent; margin: 1.25em 0px; color: #374151; font-family: S\u00f6hne, ui-sans-serif, system-ui, -apple-system, 'Segoe UI', Roboto, Ubuntu, Cantarell, 'Noto Sans', sans-serif, 'Helvetica Neue', Arial, 'Apple Color Emoji', 'Segoe UI Emoji', 'Segoe UI Symbol', 'Noto Color Emoji'; font-size: 16px; white-space: pre-wrap; border: 0px solid #d9d9e3;\">Une Exp\u00e9rience Inoubliable<br style=\"border: 0px solid #d9d9e3; --tw-border-spacing-x: 0; --tw-border-spacing-y: 0; --tw-translate-x: 0; --tw-translate-y: 0; --tw-rotate: 0; --tw-skew-x: 0; --tw-skew-y: 0; --tw-scale-x: 1; --tw-scale-y: 1; --tw-scroll-snap-strictness: proximity; --tw-ring-offset-width: 0px; --tw-ring-offset-color: #fff; --tw-ring-color: rgba(69,89,164,0.5); --tw-ring-offset-shadow: 0 0 transparent; --tw-ring-shadow: 0 0 transparent; --tw-shadow: 0 0 transparent; --tw-shadow-colored: 0 0 transparent;\" \/>Pour ceux qui ont la chance de participer au festival, l&rsquo;exp\u00e9rience est inoubliable. L&rsquo;atmosph\u00e8re unique de G\u00e9rardmer, combin\u00e9e \u00e0 la magie du cin\u00e9ma, cr\u00e9e des souvenirs qui durent toute une vie. Le Festival International du Film Fantastique est plus qu&rsquo;un \u00e9v\u00e9nement, c&rsquo;est une fen\u00eatre ouverte sur un univers o\u00f9 tout est possible.<\/p>","protected":false},"excerpt":{"rendered":"<p>\u00c9v\u00e9nements G\u00e9rardmer 2026 : Festival du Film Fantastique, march\u00e9s de No\u00ebl, travers\u00e9e du lac. Agenda complet des festivals et animations !<\/p>\n<a href=\"https:\/\/les-atypiques-chalets.com\/de\/votre-guide-des-evenements-et-festivals-a-gerardmer-2024\/\" class=\"sohohotel-more-link\">Read More<\/a>","protected":false},"author":1,"featured_media":9321,"comment_status":"closed","ping_status":"open","sticky":false,"template":"","format":"standard","meta":{"_yoast_wpseo_title":"","_yoast_wpseo_metadesc":"","_yoast_wpseo_focuskw":"#Festivals \u00e0 G\u00e9rardmer #\u00c9v\u00e9nements Culturels 2024 #Attractions Touristiques G\u00e9rardmer","footnotes":""},"categories":[707],"tags":[714,715],"class_list":["post-9318","post","type-post","status-publish","format-standard","has-post-thumbnail","hentry","category-gerardmer","tag-evenements-culturels-2024","tag-festivals-a-gerardmer"],"_links":{"self":[{"href":"https:\/\/les-atypiques-chalets.com\/de\/wp-json\/wp\/v2\/posts\/9318","targetHints":{"allow":["GET"]}}],"collection":[{"href":"https:\/\/les-atypiques-chalets.com\/de\/wp-json\/wp\/v2\/posts"}],"about":[{"href":"https:\/\/les-atypiques-chalets.com\/de\/wp-json\/wp\/v2\/types\/post"}],"author":[{"embeddable":true,"href":"https:\/\/les-atypiques-chalets.com\/de\/wp-json\/wp\/v2\/users\/1"}],"replies":[{"embeddable":true,"href":"https:\/\/les-atypiques-chalets.com\/de\/wp-json\/wp\/v2\/comments?post=9318"}],"version-history":[{"count":0,"href":"https:\/\/les-atypiques-chalets.com\/de\/wp-json\/wp\/v2\/posts\/9318\/revisions"}],"wp:featuredmedia":[{"embeddable":true,"href":"https:\/\/les-atypiques-chalets.com\/de\/wp-json\/wp\/v2\/media\/9321"}],"wp:attachment":[{"href":"https:\/\/les-atypiques-chalets.com\/de\/wp-json\/wp\/v2\/media?parent=9318"}],"wp:term":[{"taxonomy":"category","embeddable":true,"href":"https:\/\/les-atypiques-chalets.com\/de\/wp-json\/wp\/v2\/categories?post=9318"},{"taxonomy":"post_tag","embeddable":true,"href":"https:\/\/les-atypiques-chalets.com\/de\/wp-json\/wp\/v2\/tags?post=9318"}],"curies":[{"name":"wp","href":"https:\/\/api.w.org\/{rel}","templated":true}]}}