{"id":9426,"date":"2024-01-04T09:48:58","date_gmt":"2024-01-04T09:48:58","guid":{"rendered":"https:\/\/les-atypiques-chalets.com\/?p=9426"},"modified":"2025-12-11T21:18:37","modified_gmt":"2025-12-11T21:18:37","slug":"conseils-pour-des-vacances-reussies-en-location-saisonniere","status":"publish","type":"post","link":"https:\/\/les-atypiques-chalets.com\/de\/conseils-pour-des-vacances-reussies-en-location-saisonniere\/","title":{"rendered":"Location Saisonni\u00e8re : 10 Conseils Pour des Vacances R\u00e9ussies [Guide]"},"content":{"rendered":"<p><strong>location saisonni\u00e8re conseils<\/strong> : 10 conseils essentiels pour r\u00e9ussir vos vacances en location saisonni\u00e8re : comment r\u00e9server, que v\u00e9rifier, r\u00e8gles \u00e0 respecter, communication avec l&rsquo;h\u00f4te.<\/p>\n<h2><span class=\"ez-toc-section\" id=\"Conseils_pour_des_Vacances_Reussies_en_Location_Saisonniere\"><\/span>Conseils pour des Vacances R\u00e9ussies en Location Saisonni\u00e8re<span class=\"ez-toc-section-end\"><\/span><\/h2><div id=\"ez-toc-container\" class=\"ez-toc-v2_0_82_2 counter-hierarchy ez-toc-counter ez-toc-grey ez-toc-container-direction\">\n<div class=\"ez-toc-title-container\">\n<p class=\"ez-toc-title\" style=\"cursor:inherit\">Zusammenfassung<\/p>\n<span class=\"ez-toc-title-toggle\"><a href=\"#\" class=\"ez-toc-pull-right ez-toc-btn ez-toc-btn-xs ez-toc-btn-default ez-toc-toggle\" aria-label=\"Toggle Table of Content\"><span class=\"ez-toc-js-icon-con\"><span class=\"\"><span class=\"eztoc-hide\" style=\"display:none;\">Umschalten<\/span><span class=\"ez-toc-icon-toggle-span\"><svg style=\"fill: #999;color:#999\" xmlns=\"http:\/\/www.w3.org\/2000\/svg\" class=\"list-377408\" width=\"20px\" height=\"20px\" viewbox=\"0 0 24 24\" fill=\"none\"><path d=\"M6 6H4v2h2V6zm14 0H8v2h12V6zM4 11h2v2H4v-2zm16 0H8v2h12v-2zM4 16h2v2H4v-2zm16 0H8v2h12v-2z\" fill=\"currentColor\"><\/path><\/svg><svg style=\"fill: #999;color:#999\" class=\"arrow-unsorted-368013\" xmlns=\"http:\/\/www.w3.org\/2000\/svg\" width=\"10px\" height=\"10px\" viewbox=\"0 0 24 24\" version=\"1.2\" baseprofile=\"tiny\"><path d=\"M18.2 9.3l-6.2-6.3-6.2 6.3c-.2.2-.3.4-.3.7s.1.5.3.7c.2.2.4.3.7.3h11c.3 0 .5-.1.7-.3.2-.2.3-.5.3-.7s-.1-.5-.3-.7zM5.8 14.7l6.2 6.3 6.2-6.3c.2-.2.3-.5.3-.7s-.1-.5-.3-.7c-.2-.2-.4-.3-.7-.3h-11c-.3 0-.5.1-.7.3-.2.2-.3.5-.3.7s.1.5.3.7z\"\/><\/svg><\/span><\/span><\/span><\/a><\/span><\/div>\n<nav><ul class='ez-toc-list ez-toc-list-level-1 ez-toc-columns-2' ><li class='ez-toc-page-1 ez-toc-heading-level-2'><a class=\"ez-toc-link ez-toc-heading-1\" href=\"https:\/\/les-atypiques-chalets.com\/de\/conseils-pour-des-vacances-reussies-en-location-saisonniere\/#Conseils_pour_des_Vacances_Reussies_en_Location_Saisonniere\" >Conseils pour des Vacances R\u00e9ussies en Location Saisonni\u00e8re<\/a><ul class='ez-toc-list-level-3' ><li class='ez-toc-heading-level-3'><a class=\"ez-toc-link ez-toc-heading-2\" href=\"https:\/\/les-atypiques-chalets.com\/de\/conseils-pour-des-vacances-reussies-en-location-saisonniere\/#Introduction_aux_Vacances_en_Location_Saisonniere\" >Introduction aux Vacances en Location Saisonni\u00e8re<\/a><\/li><li class='ez-toc-page-1 ez-toc-heading-level-3'><a class=\"ez-toc-link ez-toc-heading-3\" href=\"https:\/\/les-atypiques-chalets.com\/de\/conseils-pour-des-vacances-reussies-en-location-saisonniere\/#Choix_de_la_Destination_Ideale\" >Choix de la Destination Id\u00e9ale<\/a><\/li><li class='ez-toc-page-1 ez-toc-heading-level-3'><a class=\"ez-toc-link ez-toc-heading-4\" href=\"https:\/\/les-atypiques-chalets.com\/de\/conseils-pour-des-vacances-reussies-en-location-saisonniere\/#Recherche_de_la_Location_Parfaite\" >Recherche de la Location Parfaite<\/a><\/li><li class='ez-toc-page-1 ez-toc-heading-level-3'><a class=\"ez-toc-link ez-toc-heading-5\" href=\"https:\/\/les-atypiques-chalets.com\/de\/conseils-pour-des-vacances-reussies-en-location-saisonniere\/#https_les-atypiques-chaletscomconditions-generales-de-vente-cgvBudget_et_Planification_Financiere\" >https:\/\/les-atypiques-chalets.com\/conditions-generales-de-vente-cgv\/Budget et Planification Financi\u00e8re<\/a><\/li><li class='ez-toc-page-1 ez-toc-heading-level-3'><a class=\"ez-toc-link ez-toc-heading-6\" href=\"https:\/\/les-atypiques-chalets.com\/de\/conseils-pour-des-vacances-reussies-en-location-saisonniere\/#Comprendre_les_Termes_du_Contrat_de_Location\" >Comprendre les Termes du Contrat de Location<\/a><\/li><\/ul><\/li><li class='ez-toc-page-1 ez-toc-heading-level-2'><a class=\"ez-toc-link ez-toc-heading-7\" href=\"https:\/\/les-atypiques-chalets.com\/de\/conseils-pour-des-vacances-reussies-en-location-saisonniere\/#Chalet_IORIK\" >Chalet IORIK<\/a><ul class='ez-toc-list-level-3' ><li class='ez-toc-heading-level-3'><a class=\"ez-toc-link ez-toc-heading-8\" href=\"https:\/\/les-atypiques-chalets.com\/de\/conseils-pour-des-vacances-reussies-en-location-saisonniere\/#Preparation_avant_le_Depart\" >Pr\u00e9paration avant le D\u00e9part<\/a><\/li><li class='ez-toc-page-1 ez-toc-heading-level-3'><a class=\"ez-toc-link ez-toc-heading-9\" href=\"https:\/\/les-atypiques-chalets.com\/de\/conseils-pour-des-vacances-reussies-en-location-saisonniere\/#Arrivee_et_Installation\" >Arriv\u00e9e et Installation<\/a><\/li><li class='ez-toc-page-1 ez-toc-heading-level-3'><a class=\"ez-toc-link ez-toc-heading-10\" href=\"https:\/\/les-atypiques-chalets.com\/de\/conseils-pour-des-vacances-reussies-en-location-saisonniere\/#Securite_et_Sante_pendant_le_Sejour\" >S\u00e9curit\u00e9 et Sant\u00e9 pendant le S\u00e9jour<\/a><\/li><li class='ez-toc-page-1 ez-toc-heading-level-3'><a class=\"ez-toc-link ez-toc-heading-11\" href=\"https:\/\/les-atypiques-chalets.com\/de\/conseils-pour-des-vacances-reussies-en-location-saisonniere\/#Maximiser_lExperience_de_Location\" >Maximiser l&rsquo;Exp\u00e9rience de Location<\/a><\/li><li class='ez-toc-page-1 ez-toc-heading-level-3'><a class=\"ez-toc-link ez-toc-heading-12\" href=\"https:\/\/les-atypiques-chalets.com\/de\/conseils-pour-des-vacances-reussies-en-location-saisonniere\/#Gestion_des_Repas_et_Courses\" >Gestion des Repas et Courses<\/a><\/li><li class='ez-toc-page-1 ez-toc-heading-level-3'><a class=\"ez-toc-link ez-toc-heading-13\" href=\"https:\/\/les-atypiques-chalets.com\/de\/conseils-pour-des-vacances-reussies-en-location-saisonniere\/#Respect_des_Regles_et_Etiquette_de_la_Location\" >Respect des R\u00e8gles et \u00c9tiquette de la Location<\/a><\/li><li class='ez-toc-page-1 ez-toc-heading-level-3'><a class=\"ez-toc-link ez-toc-heading-14\" href=\"https:\/\/les-atypiques-chalets.com\/de\/conseils-pour-des-vacances-reussies-en-location-saisonniere\/#Activites_et_Divertissements_Locaux\" >Activit\u00e9s et Divertissements Locaux<\/a><\/li><li class='ez-toc-page-1 ez-toc-heading-level-3'><a class=\"ez-toc-link ez-toc-heading-15\" href=\"https:\/\/les-atypiques-chalets.com\/de\/conseils-pour-des-vacances-reussies-en-location-saisonniere\/#Communication_avec_le_Proprietaire_ou_lAgence\" >Communication avec le Propri\u00e9taire ou l&rsquo;Agence<\/a><\/li><li class='ez-toc-page-1 ez-toc-heading-level-3'><a class=\"ez-toc-link ez-toc-heading-16\" href=\"https:\/\/les-atypiques-chalets.com\/de\/conseils-pour-des-vacances-reussies-en-location-saisonniere\/#Gestion_des_Problemes_et_Imprevus\" >Gestion des Probl\u00e8mes et Impr\u00e9vus<\/a><\/li><li class='ez-toc-page-1 ez-toc-heading-level-3'><a class=\"ez-toc-link ez-toc-heading-17\" href=\"https:\/\/les-atypiques-chalets.com\/de\/conseils-pour-des-vacances-reussies-en-location-saisonniere\/#Preparation_du_Depart\" >Pr\u00e9paration du D\u00e9part<\/a><\/li><li class='ez-toc-page-1 ez-toc-heading-level-3'><a class=\"ez-toc-link ez-toc-heading-18\" href=\"https:\/\/les-atypiques-chalets.com\/de\/conseils-pour-des-vacances-reussies-en-location-saisonniere\/#Reflexions_Post-Voyage\" >R\u00e9flexions Post-Voyage<\/a><\/li><\/ul><\/li><li class='ez-toc-page-1 ez-toc-heading-level-2'><a class=\"ez-toc-link ez-toc-heading-19\" href=\"https:\/\/les-atypiques-chalets.com\/de\/conseils-pour-des-vacances-reussies-en-location-saisonniere\/#Contactez_les_Atypiques_Chalets\" >Contactez les Atypiques Chalets<\/a><\/li><li class='ez-toc-page-1 ez-toc-heading-level-2'><a class=\"ez-toc-link ez-toc-heading-20\" href=\"https:\/\/les-atypiques-chalets.com\/de\/conseils-pour-des-vacances-reussies-en-location-saisonniere\/#FAQ_location_saissonniere\" >FAQ location saissonni\u00e8re<\/a><ul class='ez-toc-list-level-3' ><li class='ez-toc-heading-level-3'><a class=\"ez-toc-link ez-toc-heading-21\" href=\"https:\/\/les-atypiques-chalets.com\/de\/conseils-pour-des-vacances-reussies-en-location-saisonniere\/#Conclusion_Recapitulatif_des_Conseils_Cles\" >Conclusion: R\u00e9capitulatif des Conseils Cl\u00e9s<\/a><\/li><\/ul><\/li><\/ul><\/nav><\/div>\n\n<h3><span class=\"ez-toc-section\" id=\"Introduction_aux_Vacances_en_Location_Saisonniere\"><\/span><strong>Introduction aux Vacances en Location Saisonni\u00e8re<\/strong><span class=\"ez-toc-section-end\"><\/span><\/h3>\n<p><a href=\"https:\/\/les-atypiques-chalets.com\/de\/\">Les vacances en location saisonni\u00e8re offrent une exp\u00e9rience unique<\/a>, m\u00ealant confort de la maison et d\u00e9couverte de nouvelles destinations. Pour que votre s\u00e9jour soit une r\u00e9ussite, il est essentiel de bien choisir votre h\u00e9bergement et de planifier soigneusement votre voyage.<\/p>\n<h3><span class=\"ez-toc-section\" id=\"Choix_de_la_Destination_Ideale\"><\/span><strong>Choix de la Destination Id\u00e9ale<\/strong><span class=\"ez-toc-section-end\"><\/span><\/h3>\n<p>Choisir la bonne destination est le premier pas vers des vacances inoubliables. Prenez en compte les facteurs tels que le climat, les activit\u00e9s disponibles, et la culture locale. Les destinations populaires offrent souvent une large gamme de <a href=\"https:\/\/les-atypiques-chalets.com\/de\/contrat-de-location-saisonniere\/\"  data-wpil-monitor-id=\"49\">locations saisonni\u00e8res<\/a> adapt\u00e9es \u00e0 tous les go\u00fbts.<\/p>\n<h3><span class=\"ez-toc-section\" id=\"Recherche_de_la_Location_Parfaite\"><\/span><strong>Recherche de la Location Parfaite<\/strong><span class=\"ez-toc-section-end\"><\/span><\/h3>\n<p>La cl\u00e9 d&rsquo;un <a href=\"https:\/\/les-atypiques-chalets.com\/de\/location-proche-lac-gerardmer-decouvrez-les-atypiques-chalets-pour-un-sejour-inoubliable\/\"  data-wpil-monitor-id=\"881\">s\u00e9jour r\u00e9ussi r\u00e9side dans le choix de la location<\/a>. \u00c9tablissez vos crit\u00e8res essentiels comme la proximit\u00e9 de la plage ou des attractions touristiques. <a href=\"https:\/\/les-atypiques-chalets.com\/de\/avis-voyageurs\/\"  data-wpil-monitor-id=\"604\">Les plateformes en ligne sont d&rsquo;excellents outils pour comparer les options<\/a> et lire les avis des pr\u00e9c\u00e9dents vacanciers.<\/p>\n<h3><span class=\"ez-toc-section\" id=\"https_les-atypiques-chaletscomconditions-generales-de-vente-cgvBudget_et_Planification_Financiere\"><\/span><strong><a href=\"https:\/\/les-atypiques-chalets.com\/de\/conditions-generales-de-vente-cgv\/\">https:\/\/les-atypiques-chalets.com\/conditions-generales-de-vente-cgv\/<\/a>Budget et Planification Financi\u00e8re<\/strong><span class=\"ez-toc-section-end\"><\/span><\/h3>\n<p>Planifier votre budget est crucial. Estimez les co\u00fbts de la location, des repas, et des activit\u00e9s. Pensez \u00e9galement \u00e0 rechercher des <a href=\"https:\/\/les-atypiques-chalets.com\/de\/comment-economiser-sur-votre-location-de-chalet-a-gerardmer\/\"  data-wpil-monitor-id=\"1188\">astuces<\/a> pour \u00e9conomiser, comme r\u00e9server \u00e0 l&rsquo;avance ou en basse saison.<\/p>\n<h3><span class=\"ez-toc-section\" id=\"Comprendre_les_Termes_du_Contrat_de_Location\"><\/span><strong>Comprendre les Termes du Contrat de Location<\/strong><span class=\"ez-toc-section-end\"><\/span><\/h3>\n<p>Avant de finaliser votre r\u00e9servation, assurez-vous de bien comprendre le contrat de location. Faites attention aux clauses concernant le d\u00e9p\u00f4t de garantie, les conditions d&rsquo;annulation, et les services inclus.<\/p>\n<ul>\n<li><img decoding=\"async\" src=\"https:\/\/les-atypiques-chalets.com\/wp-content\/uploads\/2021\/05\/chalet-iorek03.webp\" sizes=\"(max-width: 780px) 100vw, 780px\" srcset=\"https:\/\/les-atypiques-chalets.com\/wp-content\/uploads\/2021\/05\/chalet-iorek03.webp 1000w, https:\/\/les-atypiques-chalets.com\/wp-content\/uploads\/2021\/05\/chalet-iorek03-300x300.webp 300w, https:\/\/les-atypiques-chalets.com\/wp-content\/uploads\/2021\/05\/chalet-iorek03-150x150.webp 150w, https:\/\/les-atypiques-chalets.com\/wp-content\/uploads\/2021\/05\/chalet-iorek03-600x600.webp 600w, https:\/\/les-atypiques-chalets.com\/wp-content\/uploads\/2021\/05\/chalet-iorek03-768x768.webp 768w, https:\/\/les-atypiques-chalets.com\/wp-content\/uploads\/2021\/05\/chalet-iorek03-720x720.webp 720w\" alt=\"Chalet IOKEK, cuisine, s\u00e9jour. Les Atypiques Chalets \u00e0 Gerardmer dans les Vosges. Chalet pour 4\/5 personnes\" width=\"780\" height=\"780\" \/><\/li>\n<li><img decoding=\"async\" src=\"https:\/\/les-atypiques-chalets.com\/wp-content\/uploads\/2021\/05\/chalet-iorek-sejour.webp\" sizes=\"(max-width: 780px) 100vw, 780px\" srcset=\"https:\/\/les-atypiques-chalets.com\/wp-content\/uploads\/2021\/05\/chalet-iorek-sejour.webp 1000w, https:\/\/les-atypiques-chalets.com\/wp-content\/uploads\/2021\/05\/chalet-iorek-sejour-300x300.webp 300w, https:\/\/les-atypiques-chalets.com\/wp-content\/uploads\/2021\/05\/chalet-iorek-sejour-150x150.webp 150w, https:\/\/les-atypiques-chalets.com\/wp-content\/uploads\/2021\/05\/chalet-iorek-sejour-600x600.webp 600w, https:\/\/les-atypiques-chalets.com\/wp-content\/uploads\/2021\/05\/chalet-iorek-sejour-768x768.webp 768w, https:\/\/les-atypiques-chalets.com\/wp-content\/uploads\/2021\/05\/chalet-iorek-sejour-720x720.webp 720w\" alt=\"Chalet IOKEK, s\u00e9jour, cuisine, des Atypiques Chalets \u00e0 Gerardmer dans les Vosges. Chalet pour 4\/5 personnes. Forme en A\" width=\"780\" height=\"780\" \/><\/li>\n<li><img decoding=\"async\" src=\"https:\/\/les-atypiques-chalets.com\/wp-content\/uploads\/2021\/05\/chalet-iorek-salon.webp\" sizes=\"(max-width: 780px) 100vw, 780px\" srcset=\"https:\/\/les-atypiques-chalets.com\/wp-content\/uploads\/2021\/05\/chalet-iorek-salon.webp 1000w, https:\/\/les-atypiques-chalets.com\/wp-content\/uploads\/2021\/05\/chalet-iorek-salon-300x300.webp 300w, https:\/\/les-atypiques-chalets.com\/wp-content\/uploads\/2021\/05\/chalet-iorek-salon-150x150.webp 150w, https:\/\/les-atypiques-chalets.com\/wp-content\/uploads\/2021\/05\/chalet-iorek-salon-600x600.webp 600w, https:\/\/les-atypiques-chalets.com\/wp-content\/uploads\/2021\/05\/chalet-iorek-salon-768x768.webp 768w, https:\/\/les-atypiques-chalets.com\/wp-content\/uploads\/2021\/05\/chalet-iorek-salon-720x720.webp 720w\" alt=\"Chalet IOKEK, Salon, Aufenthaltsraum der Atypiques Chalets in G\u00e9rardmer in den Vogesen. Chalet f\u00fcr 4\/5 Personen. A-Form\" width=\"780\" height=\"780\" \/><\/li>\n<li><img decoding=\"async\" src=\"https:\/\/les-atypiques-chalets.com\/wp-content\/uploads\/2021\/05\/chalet-iorek-chambre2.webp\" sizes=\"(max-width: 780px) 100vw, 780px\" srcset=\"https:\/\/les-atypiques-chalets.com\/wp-content\/uploads\/2021\/05\/chalet-iorek-chambre2.webp 1000w, https:\/\/les-atypiques-chalets.com\/wp-content\/uploads\/2021\/05\/chalet-iorek-chambre2-300x300.webp 300w, https:\/\/les-atypiques-chalets.com\/wp-content\/uploads\/2021\/05\/chalet-iorek-chambre2-150x150.webp 150w, https:\/\/les-atypiques-chalets.com\/wp-content\/uploads\/2021\/05\/chalet-iorek-chambre2-600x600.webp 600w, https:\/\/les-atypiques-chalets.com\/wp-content\/uploads\/2021\/05\/chalet-iorek-chambre2-768x768.webp 768w, https:\/\/les-atypiques-chalets.com\/wp-content\/uploads\/2021\/05\/chalet-iorek-chambre2-720x720.webp 720w\" alt=\"Chalet IOKEK, chambre mezzanine. Les Atypiques Chalets \u00e0 Gerardmer dans les Vosges. Chalet pour 4\/5 personnes\" width=\"780\" height=\"780\" \/><\/li>\n<li><img decoding=\"async\" src=\"https:\/\/les-atypiques-chalets.com\/wp-content\/uploads\/2023\/11\/athypiques-chalets-013.webp\" sizes=\"(max-width: 780px) 100vw, 780px\" srcset=\"https:\/\/les-atypiques-chalets.com\/wp-content\/uploads\/2023\/11\/athypiques-chalets-013.webp 1060w, https:\/\/les-atypiques-chalets.com\/wp-content\/uploads\/2023\/11\/athypiques-chalets-013-100x150.webp 100w, https:\/\/les-atypiques-chalets.com\/wp-content\/uploads\/2023\/11\/athypiques-chalets-013-600x900.webp 600w, https:\/\/les-atypiques-chalets.com\/wp-content\/uploads\/2023\/11\/athypiques-chalets-013-200x300.webp 200w, https:\/\/les-atypiques-chalets.com\/wp-content\/uploads\/2023\/11\/athypiques-chalets-013-683x1024.webp 683w, https:\/\/les-atypiques-chalets.com\/wp-content\/uploads\/2023\/11\/athypiques-chalets-013-768x1152.webp 768w, https:\/\/les-atypiques-chalets.com\/wp-content\/uploads\/2023\/11\/athypiques-chalets-013-1024x1536.webp 1024w\" alt=\"salle de bain des Atypiques chalets. Chalets insolite \u00e0 Gerardmer\" width=\"780\" height=\"1170\" \/><\/li>\n<li><img decoding=\"async\" src=\"https:\/\/les-atypiques-chalets.com\/wp-content\/uploads\/2023\/04\/chalet-Iorik-sdb.jpg\" sizes=\"(max-width: 709px) 100vw, 709px\" srcset=\"https:\/\/les-atypiques-chalets.com\/wp-content\/uploads\/2023\/04\/chalet-Iorik-sdb.jpg 709w, https:\/\/les-atypiques-chalets.com\/wp-content\/uploads\/2023\/04\/chalet-Iorik-sdb-169x300.jpg 169w, https:\/\/les-atypiques-chalets.com\/wp-content\/uploads\/2023\/04\/chalet-Iorik-sdb-576x1024.jpg 576w, https:\/\/les-atypiques-chalets.com\/wp-content\/uploads\/2023\/04\/chalet-Iorik-sdb-600x1066.jpg 600w, https:\/\/les-atypiques-chalets.com\/wp-content\/uploads\/2023\/04\/chalet-Iorik-sdb-550x977.jpg 550w, https:\/\/les-atypiques-chalets.com\/wp-content\/uploads\/2023\/04\/chalet-Iorik-sdb-370x658.jpg 370w, https:\/\/les-atypiques-chalets.com\/wp-content\/uploads\/2023\/04\/chalet-Iorik-sdb-255x453.jpg 255w, https:\/\/les-atypiques-chalets.com\/wp-content\/uploads\/2023\/04\/chalet-Iorik-sdb-84x150.jpg 84w\" alt=\"Chalet IOKEK, salle de bain. Les Atypiques Chalets \u00e0 Gerardmer dans les Vosges. Chalet pour 4\/5 personnes\" width=\"709\" height=\"1260\" \/><\/li>\n<li><img decoding=\"async\" src=\"https:\/\/les-atypiques-chalets.com\/wp-content\/uploads\/2023\/11\/athypiques-chalets-004.webp\" sizes=\"(max-width: 780px) 100vw, 780px\" srcset=\"https:\/\/les-atypiques-chalets.com\/wp-content\/uploads\/2023\/11\/athypiques-chalets-004.webp 1060w, https:\/\/les-atypiques-chalets.com\/wp-content\/uploads\/2023\/11\/athypiques-chalets-004-150x100.webp 150w, https:\/\/les-atypiques-chalets.com\/wp-content\/uploads\/2023\/11\/athypiques-chalets-004-600x400.webp 600w, https:\/\/les-atypiques-chalets.com\/wp-content\/uploads\/2023\/11\/athypiques-chalets-004-300x200.webp 300w, https:\/\/les-atypiques-chalets.com\/wp-content\/uploads\/2023\/11\/athypiques-chalets-004-1024x683.webp 1024w, https:\/\/les-atypiques-chalets.com\/wp-content\/uploads\/2023\/11\/athypiques-chalets-004-768x512.webp 768w\" alt=\"chambre des Atypiques chalets. Chalets insolite \u00e0 Gerardmer\" width=\"780\" height=\"520\" \/><\/li>\n<li><img decoding=\"async\" src=\"https:\/\/les-atypiques-chalets.com\/wp-content\/uploads\/2021\/05\/chalet-iorek05.webp\" sizes=\"(max-width: 780px) 100vw, 780px\" srcset=\"https:\/\/les-atypiques-chalets.com\/wp-content\/uploads\/2021\/05\/chalet-iorek05.webp 1000w, https:\/\/les-atypiques-chalets.com\/wp-content\/uploads\/2021\/05\/chalet-iorek05-300x300.webp 300w, https:\/\/les-atypiques-chalets.com\/wp-content\/uploads\/2021\/05\/chalet-iorek05-150x150.webp 150w, https:\/\/les-atypiques-chalets.com\/wp-content\/uploads\/2021\/05\/chalet-iorek05-600x600.webp 600w, https:\/\/les-atypiques-chalets.com\/wp-content\/uploads\/2021\/05\/chalet-iorek05-768x768.webp 768w, https:\/\/les-atypiques-chalets.com\/wp-content\/uploads\/2021\/05\/chalet-iorek05-720x720.webp 720w\" alt=\"Les Atypiques chalets. Chalet en forme de A insolite en bois en plein milieu de la nature \u00e0 Gerardmer dans les Vosges\" width=\"780\" height=\"780\" \/><\/li>\n<li><img decoding=\"async\" src=\"https:\/\/les-atypiques-chalets.com\/wp-content\/uploads\/2023\/11\/les-atypiques-chalets-780x666.webp\" sizes=\"(max-width: 780px) 100vw, 780px\" srcset=\"https:\/\/les-atypiques-chalets.com\/wp-content\/uploads\/2023\/11\/les-atypiques-chalets-780x666.webp 780w, https:\/\/les-atypiques-chalets.com\/wp-content\/uploads\/2023\/11\/les-atypiques-chalets-300x256.webp 300w, https:\/\/les-atypiques-chalets.com\/wp-content\/uploads\/2023\/11\/les-atypiques-chalets-1024x874.webp 1024w, https:\/\/les-atypiques-chalets.com\/wp-content\/uploads\/2023\/11\/les-atypiques-chalets-768x656.webp 768w, https:\/\/les-atypiques-chalets.com\/wp-content\/uploads\/2023\/11\/les-atypiques-chalets-600x512.webp 600w, https:\/\/les-atypiques-chalets.com\/wp-content\/uploads\/2023\/11\/les-atypiques-chalets-550x470.webp 550w, https:\/\/les-atypiques-chalets.com\/wp-content\/uploads\/2023\/11\/les-atypiques-chalets-370x316.webp 370w, https:\/\/les-atypiques-chalets.com\/wp-content\/uploads\/2023\/11\/les-atypiques-chalets-255x218.webp 255w, https:\/\/les-atypiques-chalets.com\/wp-content\/uploads\/2023\/11\/les-atypiques-chalets-150x128.webp 150w, https:\/\/les-atypiques-chalets.com\/wp-content\/uploads\/2023\/11\/les-atypiques-chalets.webp 1060w\" alt=\"les Atypiques chalets. Chalets insolite en forme de A \u00e0 Gerardmer\" width=\"780\" height=\"666\" \/><\/li>\n<\/ul>\n<header>\n<h2><span class=\"ez-toc-section\" id=\"Chalet_IORIK\"><\/span><a href=\"https:\/\/les-atypiques-chalets.com\/de\/room\/chalet-iorik\/\">Chalet IORIK<\/a><span class=\"ez-toc-section-end\"><\/span><\/h2>\n<p>Location uniquement \u00e0 la semaine pendant les cong\u00e9s scolaires<\/p>\n<\/header>\n<p>Id\u00e9al pour les couples ou les petites familles, ce charmant Chalet est un \u00e9crin de douceur pouvant accueillir jusqu\u2019\u00e0 4 personnes. Avec ses 2 chambres cosy, il vous promet des nuits paisibles berc\u00e9es par le chant des \u00e9toiles.<\/p>\n<footer><a href=\"https:\/\/les-atypiques-chalets.com\/de\/room\/chalet-iorik\/\"><br \/>\nen savoir plus<br \/>\n<\/a><\/footer>\n<h3><span class=\"ez-toc-section\" id=\"Preparation_avant_le_Depart\"><\/span><strong>Pr\u00e9paration avant le D\u00e9part<\/strong><span class=\"ez-toc-section-end\"><\/span><\/h3>\n<p>Une bonne <a href=\"https:\/\/les-atypiques-chalets.com\/de\/comment-preparer-votre-sejour-a-gerardmer-conseils-et-astuces\/\"  data-wpil-monitor-id=\"2100\">pr\u00e9paration peut faciliter votre s\u00e9jour<\/a>. Pr\u00e9parez une liste de v\u00e9rification pour ne rien oublier et suivez des conseils d&#8217;emballage pratiques pour \u00e9viter les surplus de bagages.<\/p>\n<h3><span class=\"ez-toc-section\" id=\"Arrivee_et_Installation\"><\/span><strong>Arriv\u00e9e et Installation<\/strong><span class=\"ez-toc-section-end\"><\/span><\/h3>\n<p>\u00c0 votre arriv\u00e9e, prenez le temps de vous installer et de vous familiariser avec les lieux. C&rsquo;est le moment de v\u00e9rifier que tout est en ordre et de vous adapter \u00e0 votre nouvel environnement.<\/p>\n<h3><span class=\"ez-toc-section\" id=\"Securite_et_Sante_pendant_le_Sejour\"><\/span><strong>S\u00e9curit\u00e9 et Sant\u00e9 pendant le S\u00e9jour<\/strong><span class=\"ez-toc-section-end\"><\/span><\/h3>\n<p>La s\u00e9curit\u00e9 et la sant\u00e9 sont primordiales. Respectez les mesures de s\u00e9curit\u00e9 de la location et soyez pr\u00e9par\u00e9 \u00e0 g\u00e9rer les urgences, en connaissant par exemple les contacts des services de sant\u00e9 locaux.<\/p>\n<h3><span class=\"ez-toc-section\" id=\"Maximiser_lExperience_de_Location\"><\/span><strong>Maximiser l&rsquo;Exp\u00e9rience de Location<\/strong><span class=\"ez-toc-section-end\"><\/span><\/h3>\n<p>Profitez au maximum de votre location en explorant les activit\u00e9s et attractions \u00e0 proximit\u00e9. N&rsquo;h\u00e9sitez pas \u00e0 interagir avec les habitants pour des recommandations locales authentiques.<\/p>\n<h3><span class=\"ez-toc-section\" id=\"Gestion_des_Repas_et_Courses\"><\/span><strong>Gestion des Repas et Courses<\/strong><span class=\"ez-toc-section-end\"><\/span><\/h3>\n<p>Si votre location dispose d&rsquo;une cuisine, profitez-en pour cuisiner avec des <a href=\"https:\/\/les-atypiques-chalets.com\/de\/astuces-eco-responsables-pour-les-locataires-saisonniers-conseils-pour-un-sejour-ecologique-et-responsable-dans-votre-location-saisonniere\/\"  data-wpil-monitor-id=\"251\">lokale Produkte<\/a>. D\u00e9couvrez les march\u00e9s et magasins des environs pour une <a href=\"https:\/\/les-atypiques-chalets.com\/de\/meilleurs-restaurants-gerardmer-tour-culinaire\/\"  data-wpil-monitor-id=\"1977\">exp\u00e9rience culinaire<\/a> enrichissante.<\/p>\n<h3><span class=\"ez-toc-section\" id=\"Respect_des_Regles_et_Etiquette_de_la_Location\"><\/span><strong>Respect des R\u00e8gles et \u00c9tiquette de la Location<\/strong><span class=\"ez-toc-section-end\"><\/span><\/h3>\n<p>F\u00fcr einen <a href=\"https:\/\/les-atypiques-chalets.com\/de\/ungewohnliche-chalets-in-den-vogesen-ein-unvergesslicher-aufenthalt-im-einklang-mit-der-natur\/\"  data-wpil-monitor-id=\"1226\">s\u00e9jour harmonieux<\/a>, respectez les r\u00e8gles de la location et adoptez une \u00e9tiquette appropri\u00e9e. Soyez courtois avec les voisins et prenez soin du logement comme si c&rsquo;\u00e9tait le v\u00f4tre.<\/p>\n<h3><span class=\"ez-toc-section\" id=\"Activites_et_Divertissements_Locaux\"><\/span><strong>Activit\u00e9s et Divertissements Locaux<\/strong><span class=\"ez-toc-section-end\"><\/span><\/h3>\n<p>Explorez les activit\u00e9s culturelles et de divertissement offertes par la destination. Que ce soit des visites historiques, des <a href=\"https:\/\/les-atypiques-chalets.com\/de\/les-10-choses-a-faire-a-gerardmer-en-ete\/\"  data-wpil-monitor-id=\"1690\">Wanderungen<\/a>, ou des soir\u00e9es locales, il y a toujours quelque chose de nouveau \u00e0 d\u00e9couvrir.<\/p>\n<h3><span class=\"ez-toc-section\" id=\"Communication_avec_le_Proprietaire_ou_lAgence\"><\/span><strong>Communication avec le Propri\u00e9taire ou l&rsquo;Agence<\/strong><span class=\"ez-toc-section-end\"><\/span><\/h3>\n<p>Une bonne communication avec le propri\u00e9taire ou l&rsquo;agence de location peut am\u00e9liorer votre exp\u00e9rience. N&rsquo;h\u00e9sitez pas \u00e0 les contacter pour toute question ou besoin.<\/p>\n<h3><span class=\"ez-toc-section\" id=\"Gestion_des_Problemes_et_Imprevus\"><\/span><strong>Gestion des Probl\u00e8mes et Impr\u00e9vus<\/strong><span class=\"ez-toc-section-end\"><\/span><\/h3>\n<p>M\u00eame avec une planification minutieuse, des probl\u00e8mes peuvent survenir. Savoir comment g\u00e9rer ces impr\u00e9vus et avoir des contacts d&rsquo;urgence \u00e0 disposition est essentiel.<\/p>\n<h3><span class=\"ez-toc-section\" id=\"Preparation_du_Depart\"><\/span><strong>Pr\u00e9paration du D\u00e9part<\/strong><span class=\"ez-toc-section-end\"><\/span><\/h3>\n<p>Avant de quitter la location, assurez-vous de tout remettre en ordre. C&rsquo;est \u00e9galement un bon moment pour r\u00e9diger un avis ou un feedback sur votre s\u00e9jour.<\/p>\n<h3><span class=\"ez-toc-section\" id=\"Reflexions_Post-Voyage\"><\/span><strong>R\u00e9flexions Post-Voyage<\/strong><span class=\"ez-toc-section-end\"><\/span><\/h3>\n<p>Apr\u00e8s votre retour, prenez le temps de r\u00e9fl\u00e9chir \u00e0 votre exp\u00e9rience. Cela peut vous aider \u00e0 planifier encore mieux vos prochaines vacances en <a href=\"https:\/\/les-atypiques-chalets.com\/de\/passez-lete-dans-un-chalet-avec-bain-nordiques-privatif-a-gerardmer\/\"  data-wpil-monitor-id=\"191\">location saisonni\u00e8re<\/a>.<\/p>\n<h2><span class=\"ez-toc-section\" id=\"Contactez_les_Atypiques_Chalets\"><\/span>Contactez les Atypiques Chalets<span class=\"ez-toc-section-end\"><\/span><\/h2>\n<form action=\"\/wp-admin\/admin-ajax.php#wpcf7-f8161-o3\" method=\"post\" novalidate=\"novalidate\" aria-label=\"Formulaire de contact\" data-status=\"init\" data-trp-original-action=\"\/wp-admin\/admin-ajax.php#wpcf7-f8161-o3\"><input name=\"_wpcf7\" type=\"hidden\" value=\"8161\" \/><br \/>\n<input name=\"_wpcf7_version\" type=\"hidden\" value=\"5.8.5\" \/><br \/>\n<input name=\"_wpcf7_locale\" type=\"hidden\" value=\"fr_FR\" \/><br \/>\n<input name=\"_wpcf7_unit_tag\" type=\"hidden\" value=\"wpcf7-f8161-o3\" \/><br \/>\n<input name=\"_wpcf7_container_post\" type=\"hidden\" value=\"0\" \/><br \/>\n<input name=\"_wpcf7_posted_data_hash\" type=\"hidden\" value=\"\" \/><input type=\"hidden\" name=\"trp-form-language\" value=\"de\"\/><\/form>\n<p><label> Dein Name<br \/>\n<input autocomplete=\"name\" name=\"your-name\" size=\"40\" type=\"text\" value=\"\" aria-required=\"true\" aria-invalid=\"false\" \/> <\/label><\/p>\n<p><label> Ihre E-Mail<br \/>\n<input autocomplete=\"email\" name=\"your-email\" size=\"40\" type=\"email\" value=\"\" aria-required=\"true\" aria-invalid=\"false\" \/> <\/label><\/p>\n<p><label> Subjet<br \/>\n<input name=\"your-subject\" size=\"40\" type=\"text\" value=\"\" aria-required=\"true\" aria-invalid=\"false\" \/> <\/label><\/p>\n<p><label> Votre message<br \/>\n<textarea cols=\"40\" name=\"your-message\" rows=\"10\" aria-invalid=\"false\" data-gramm=\"false\"><\/textarea> <\/label><\/p>\n<p><input type=\"submit\" value=\"envoyer\" \/><\/p>\n<h2><span class=\"ez-toc-section\" id=\"FAQ_location_saissonniere\"><\/span>FAQ location saissonni\u00e8re<span class=\"ez-toc-section-end\"><\/span><\/h2>\n<ol>\n<li><strong>Comment choisir la meilleure <a href=\"https:\/\/les-atypiques-chalets.com\/de\/chalets-abordables-dans-les-vosges-sejour-de-reve-a-petit-prix\/\"  data-wpil-monitor-id=\"747\">location saisonni\u00e8re<\/a> ?<\/strong><br \/>\nPour choisir la meilleure location, d\u00e9terminez d&rsquo;abord vos besoins et pr\u00e9f\u00e9rences, comme le type d&rsquo;h\u00e9bergement, la localisation, et le budget. Utilisez des plateformes de location fiables, lisez attentivement les descriptions et les avis, et n&rsquo;h\u00e9sitez pas \u00e0 poser des questions au propri\u00e9taire ou \u00e0 l&rsquo;agence.<\/li>\n<li><strong>Quels sont les avantages d&rsquo;une <a href=\"https:\/\/les-atypiques-chalets.com\/de\/pourquoi-choisir-gerardmer-pour-votre-prochaine-location-de-chalet\/\"  data-wpil-monitor-id=\"1061\">location saisonni\u00e8re<\/a> par rapport \u00e0 un h\u00f4tel ?<\/strong><br \/>\nLes locations saisonni\u00e8res offrent plus d&rsquo;espace, de confort et de flexibilit\u00e9 qu&rsquo;un h\u00f4tel. Elles permettent de vivre une exp\u00e9rience plus authentique, souvent \u00e0 un co\u00fbt inf\u00e9rieur, surtout pour les groupes ou les familles. De plus, elles offrent la possibilit\u00e9 de cuisiner, ce qui peut \u00eatre plus \u00e9conomique et convivial.<\/li>\n<li><strong>Comment s&rsquo;assurer de la s\u00e9curit\u00e9 de la location ?<\/strong><br \/>\nV\u00e9rifiez les avis d&rsquo;autres voyageurs concernant la s\u00e9curit\u00e9 de la location et du quartier. Assurez-vous que la location dispose de mesures de s\u00e9curit\u00e9 ad\u00e9quates, comme des serrures solides, des d\u00e9tecteurs de fum\u00e9e, et \u00e9ventuellement un syst\u00e8me d&rsquo;alarme. En cas de doute, contactez le propri\u00e9taire pour obtenir plus d&rsquo;informations.<\/li>\n<li><strong>Quelles sont les activit\u00e9s incontournables autour des locations saisonni\u00e8res populaires ?<\/strong><br \/>\nCela d\u00e9pend de la destination. En g\u00e9n\u00e9ral, explorez les attractions locales, les sites culturels et historiques, les activit\u00e9s de plein air (randonn\u00e9es, plages, sports), et les \u00e9v\u00e9nements locaux. Interrogez le propri\u00e9taire ou les habitants pour des recommandations personnalis\u00e9es.<\/li>\n<li><strong>Comment g\u00e9rer les impr\u00e9vus pendant le s\u00e9jour ?<\/strong><br \/>\nPour g\u00e9rer les impr\u00e9vus, ayez toujours les contacts d&rsquo;urgence \u00e0 port\u00e9e de main, y compris ceux du propri\u00e9taire ou de l&rsquo;agence de location. En cas de probl\u00e8me avec la location, communiquez-le imm\u00e9diatement pour trouver une solution. Pour les urgences m\u00e9dicales ou de s\u00e9curit\u00e9, contactez les services locaux appropri\u00e9s.<\/li>\n<li><strong>Quels sont les meilleurs <a href=\"https:\/\/les-atypiques-chalets.com\/de\/tag\/conseils-location\/\"  data-wpil-monitor-id=\"2290\">conseils pour \u00e9conomiser sur une location<\/a> saisonni\u00e8re ?<\/strong><br \/>\nPour \u00e9conomiser, r\u00e9servez en dehors des p\u00e9riodes de haute saison, comparez les prix sur diff\u00e9rentes plateformes, et n&rsquo;h\u00e9sitez pas \u00e0 n\u00e9gocier avec le propri\u00e9taire, surtout pour les s\u00e9jours prolong\u00e9s. Aussi, consid\u00e9rez des destinations moins connues mais tout aussi charmantes.<\/li>\n<\/ol>\n<h3><span class=\"ez-toc-section\" id=\"Conclusion_Recapitulatif_des_Conseils_Cles\"><\/span><strong>Conclusion: R\u00e9capitulatif des Conseils Cl\u00e9s<\/strong><span class=\"ez-toc-section-end\"><\/span><\/h3>\n<p>En suivant ces conseils, vous \u00eates pr\u00eat \u00e0 profiter pleinement de vos vacances en location saisonni\u00e8re. La cl\u00e9 est de bien planifier, choisir judicieusement, et s&rsquo;adapter \u00e0 votre environnement pour une exp\u00e9rience de voyage inoubliable.<\/p>","protected":false},"excerpt":{"rendered":"<p>Location saisonni\u00e8re : 10 conseils pour des vacances r\u00e9ussies &#8211; r\u00e9servation, check-in, \u00e9quipements, r\u00e8gles. Guide complet pour \u00e9viter les pi\u00e8ges !<\/p>\n<a href=\"https:\/\/les-atypiques-chalets.com\/de\/conseils-pour-des-vacances-reussies-en-location-saisonniere\/\" class=\"sohohotel-more-link\">Read More<\/a>","protected":false},"author":1,"featured_media":9139,"comment_status":"closed","ping_status":"open","sticky":false,"template":"","format":"standard","meta":{"_yoast_wpseo_title":"","_yoast_wpseo_metadesc":"","_yoast_wpseo_focuskw":"#LocationSaisonni\u00e8re #Vacances #ConseilsVoyage #BudgetVoyage #S\u00e9curit\u00e9Vacances #PlanificationVacances","footnotes":""},"categories":[746],"tags":[736,737,738,739,740,741,742,743,744,745,747,748,749,750,751,752],"class_list":["post-9426","post","type-post","status-publish","format-standard","has-post-thumbnail","hentry","category-location-saisonniere","tag-activites-vacances","tag-avis-location-saisonniere","tag-budget-voyage","tag-choix-hebergement","tag-conseils-location","tag-contrat-de-location","tag-cuisine-en-vacances","tag-destination-vacances","tag-economiser-en-voyage","tag-experience-de-location","tag-location-saisonniere","tag-planification-vacances","tag-preparation-voyage","tag-resolution-de-conflits-en-vacances","tag-securite-location","tag-vacances-reussies"],"_links":{"self":[{"href":"https:\/\/les-atypiques-chalets.com\/de\/wp-json\/wp\/v2\/posts\/9426","targetHints":{"allow":["GET"]}}],"collection":[{"href":"https:\/\/les-atypiques-chalets.com\/de\/wp-json\/wp\/v2\/posts"}],"about":[{"href":"https:\/\/les-atypiques-chalets.com\/de\/wp-json\/wp\/v2\/types\/post"}],"author":[{"embeddable":true,"href":"https:\/\/les-atypiques-chalets.com\/de\/wp-json\/wp\/v2\/users\/1"}],"replies":[{"embeddable":true,"href":"https:\/\/les-atypiques-chalets.com\/de\/wp-json\/wp\/v2\/comments?post=9426"}],"version-history":[{"count":0,"href":"https:\/\/les-atypiques-chalets.com\/de\/wp-json\/wp\/v2\/posts\/9426\/revisions"}],"wp:featuredmedia":[{"embeddable":true,"href":"https:\/\/les-atypiques-chalets.com\/de\/wp-json\/wp\/v2\/media\/9139"}],"wp:attachment":[{"href":"https:\/\/les-atypiques-chalets.com\/de\/wp-json\/wp\/v2\/media?parent=9426"}],"wp:term":[{"taxonomy":"category","embeddable":true,"href":"https:\/\/les-atypiques-chalets.com\/de\/wp-json\/wp\/v2\/categories?post=9426"},{"taxonomy":"post_tag","embeddable":true,"href":"https:\/\/les-atypiques-chalets.com\/de\/wp-json\/wp\/v2\/tags?post=9426"}],"curies":[{"name":"wp","href":"https:\/\/api.w.org\/{rel}","templated":true}]}}