{"id":94351,"date":"2024-08-06T08:03:39","date_gmt":"2024-08-06T08:03:39","guid":{"rendered":"https:\/\/les-atypiques-chalets.com\/?p=94351"},"modified":"2025-05-21T14:26:58","modified_gmt":"2025-05-21T14:26:58","slug":"decouvrez-le-lac-de-gerardmer","status":"publish","type":"post","link":"https:\/\/les-atypiques-chalets.com\/de\/decouvrez-le-lac-de-gerardmer\/","title":{"rendered":"Entdecke den Gerardmer-See"},"content":{"rendered":"<div class=\"wpb-content-wrapper\"><div class=\"vc_row wpb_row vc_row-fluid\"><div class=\"wpb_column vc_column_container vc_col-sm-12\"><div class=\"vc_column-inner\"><div class=\"wpb_wrapper\">\n\t<div class=\"wpb_text_column wpb_content_element\" >\n\t\t<div class=\"wpb_wrapper\">\n\t\t\t<h1><span style=\"color: #683c16;\">Entdecke den Gerardmer-See<\/span><\/h1>\n\n\t\t<\/div>\n\t<\/div>\n<\/div><\/div><\/div><\/div><div class=\"vc_row wpb_row vc_row-fluid\"><div class=\"wpb_column vc_column_container vc_col-sm-12\"><div class=\"vc_column-inner\"><div class=\"wpb_wrapper\"><div class=\"vc_empty_space\"   style=\"height: 32px\"><span class=\"vc_empty_space_inner\"><\/span><\/div>\t\t\n\t\t\t\t\n\t\t\t<!-- BEGIN .shb-accommodation-listing-filter-sorting -->\n\t\t\t<div class=\"shb-accommodation-listing-filter-sorting shb-clearfix\">\n\t\t\t\n\t\t\t\t\t\t\t\n\t\t\t\t<div class=\"shb-accommodation-listing-filter shb-clearfix\">\n\t\t\t\t\t<p>Filtern nach:<\/p>\n\t\t\t\t\t<ul>\n\t\t\t\t\t\t<li class=\"shb-filter-current\"><a href=\"https:\/\/les-atypiques-chalets.com\/de\/wp-json\/wp\/v2\/posts\/94351?shb-orderby=2\">All<\/a><\/li><li class=\"\"><a href=\"https:\/\/les-atypiques-chalets.com\/de\/wp-json\/wp\/v2\/posts\/94351?shb-orderby=2&shb-accommodation-type=chalet-4-personnes-gerardmer\">Chalet f\u00fcr 4 Personen<\/a><\/li><li class=\"\"><a href=\"https:\/\/les-atypiques-chalets.com\/de\/wp-json\/wp\/v2\/posts\/94351?shb-orderby=2&shb-accommodation-type=chalet-6-personnes\">Chalet f\u00fcr 6 Personen<\/a><\/li><li class=\"\"><a href=\"https:\/\/les-atypiques-chalets.com\/de\/wp-json\/wp\/v2\/posts\/94351?shb-orderby=2&shb-accommodation-type=chalets-6-personnes\">Chalets f\u00fcr 6 Personen<\/a><\/li>\t\t\t\t\t<\/ul>\n\t\t\t\t<\/div>\n\t\t\t\n\t\t\t\t\t\t\t\n\t\t\t\t\t\t\t\n\t\t\t\t<div class=\"shb-accommodation-listing-sorting shb-clearfix\">\n\t\t\t\t\t<select>\n\t\t\t\t\t\t<option value=\"https:\/\/les-atypiques-chalets.com\/de\/wp-json\/wp\/v2\/posts\/94351?shb-accommodation-type=0\" selected>Standard-Sortierung<\/option><option value=\"https:\/\/les-atypiques-chalets.com\/de\/wp-json\/wp\/v2\/posts\/94351?shb-accommodation-type=0&shb-orderby=1\" >Preis niedrig bis hoch<\/option><option value=\"https:\/\/les-atypiques-chalets.com\/de\/wp-json\/wp\/v2\/posts\/94351?shb-accommodation-type=0&shb-orderby=2\" >Preis hoch bis niedrig<\/option>\t\t\t\t\t<\/select>\n\t\t\t\t\t<i class=\"fas fa-chevron-down\"><\/i>\n\t\t\t\t<\/div>\n\t\t\t\n\t\t\t\t\t\n\t\t\t<!-- END .shb-accommodation-listing-filter-sorting -->\n\t\t\t<\/div>\n\t\t\n\t\t\t\t\n\t\t<!-- BEGIN .shb-accommodation-listing-style-1 -->\n\t\t<div class=\"shb-accommodation-listing-style-1 shb-accommodation-listing-style-1-columns-3\">\n\t\t\t\n\t\t\t\t\n\t\t\t<!-- BEGIN .shb-accommodation-listing-item -->\n\t\t\t<div class=\"shb-accommodation-listing-item\">\n\t\t\t\n\t\t\t\t\t\t\t\t\t<a href=\"https:\/\/les-atypiques-chalets.com\/de\/chalet-charkhan\/\" rel=\"bookmark\" title=\"Chalet Charkhan\">\n\t\t\t\t\t\t\t\t\t\t\t\t<img decoding=\"async\" class=\"shb-accommodation-listing-image\" src=\"https:\/\/les-atypiques-chalets.com\/wp-content\/uploads\/2025\/03\/salon-charkhan-03-L-1180x675.webp\" alt=\"Chalet Charkhan\" \/>\t\t\t\t\t<\/a>\n\t\t\t\t\t\t\t\n\t\t\t\t<div class=\"shb-accommodation-listing-description-wrapper\">\n\t\t\t\t\n\t\t\t\t\t<h3><a href=\"https:\/\/les-atypiques-chalets.com\/de\/chalet-charkhan\/\" rel=\"bookmark\" title=\"Chalet Charkhan\">Chalet Charkhan<\/a><\/h3>\n\t\t\t\t\n\t\t\t\t\t<div class=\"shb-accommodation-listing-description shb-clearfix\">\n\t\t\t\t\t\t<ul>\r\n<li><i class=\"fas fa-user\"><\/i><span>Kapazit\u00e4t<\/span> 6 Personen<\/li>\r\n<li><i class=\"fas fa-ruler-combined\"><\/i><span>Oberfl\u00e4che<\/span> 65 m\u00b2<\/li>\r\n<li><i class=\"fas fa-hot-tub\"><\/i><span> Nordische Badewanne<\/span> privativ<\/li>\r\n<\/ul>\t\t\t\t\t\t<a href=\"https:\/\/les-atypiques-chalets.com\/de\/chalet-charkhan\/\" class=\"shb-accommodation-listing-button1\">ab 225\u20ac\/Nacht<\/a>\n\t\t\t\t\t\t<a href=\"https:\/\/les-atypiques-chalets.com\/de\/chalet-charkhan\/\" class=\"shb-accommodation-listing-button2\">Zimmer anzeigen<i class=\"fas fa-chevron-right\"><\/i><\/a>\n\t\t\t\t\t<\/div>\n\t\t\t\t\n\t\t\t\t<\/div>\n\t\t\t\n\t\t\t<!-- END .shb-accommodation-listing-item -->\n\t\t\t<\/div>\n\t\t\n\t\t\t\t\n\t\t\t<!-- BEGIN .shb-accommodation-listing-item -->\n\t\t\t<div class=\"shb-accommodation-listing-item\">\n\t\t\t\n\t\t\t\t\t\t\t\t\t<a href=\"https:\/\/les-atypiques-chalets.com\/de\/chalet-aslan\/\" rel=\"bookmark\" title=\"Chalet Aslan\">\n\t\t\t\t\t\t\t\t\t\t\t\t<img decoding=\"async\" class=\"shb-accommodation-listing-image\" src=\"https:\/\/les-atypiques-chalets.com\/wp-content\/uploads\/2025\/03\/ASLAN-2-900x710.webp\" alt=\"Chalet Aslan\" \/>\t\t\t\t\t<\/a>\n\t\t\t\t\t\t\t\n\t\t\t\t<div class=\"shb-accommodation-listing-description-wrapper\">\n\t\t\t\t\n\t\t\t\t\t<h3><a href=\"https:\/\/les-atypiques-chalets.com\/de\/chalet-aslan\/\" rel=\"bookmark\" title=\"Chalet Aslan\">Chalet Aslan<\/a><\/h3>\n\t\t\t\t\n\t\t\t\t\t<div class=\"shb-accommodation-listing-description shb-clearfix\">\n\t\t\t\t\t\t<ul>\r\n<li><i class=\"fas fa-user\"><\/i><span>Kapazit\u00e4t<\/span> 5 Personen<\/li>\r\n<li><i class=\"fas fa-ruler-combined\"><\/i><span>Oberfl\u00e4che<\/span> 65 m\u00b2<\/li>\r\n<li><i class=\"fas fa-hot-tub\"><\/i><span> Nordische Badewanne<\/span> privativ<\/li>\r\n<\/ul>\t\t\t\t\t\t<a href=\"https:\/\/les-atypiques-chalets.com\/de\/chalet-aslan\/\" class=\"shb-accommodation-listing-button1\">ab 215 \u20ac\/Nacht<\/a>\n\t\t\t\t\t\t<a href=\"https:\/\/les-atypiques-chalets.com\/de\/chalet-aslan\/\" class=\"shb-accommodation-listing-button2\">Zimmer anzeigen<i class=\"fas fa-chevron-right\"><\/i><\/a>\n\t\t\t\t\t<\/div>\n\t\t\t\t\n\t\t\t\t<\/div>\n\t\t\t\n\t\t\t<!-- END .shb-accommodation-listing-item -->\n\t\t\t<\/div>\n\t\t\n\t\t\t\t\n\t\t\t<!-- BEGIN .shb-accommodation-listing-item -->\n\t\t\t<div class=\"shb-accommodation-listing-item\">\n\t\t\t\n\t\t\t\t\t\t\t\t\t<a href=\"https:\/\/les-atypiques-chalets.com\/de\/chalet-iorik\/\" rel=\"bookmark\" title=\"Chalet Iorik\">\n\t\t\t\t\t\t\t\t\t\t\t\t<img decoding=\"async\" class=\"shb-accommodation-listing-image\" src=\"https:\/\/les-atypiques-chalets.com\/wp-content\/uploads\/2025\/09\/iorik-sejour-L-1024x710.webp\" alt=\"Chalet Iorik\" \/>\t\t\t\t\t<\/a>\n\t\t\t\t\t\t\t\n\t\t\t\t<div class=\"shb-accommodation-listing-description-wrapper\">\n\t\t\t\t\n\t\t\t\t\t<h3><a href=\"https:\/\/les-atypiques-chalets.com\/de\/chalet-iorik\/\" rel=\"bookmark\" title=\"Chalet Iorik\">Chalet Iorik<\/a><\/h3>\n\t\t\t\t\n\t\t\t\t\t<div class=\"shb-accommodation-listing-description shb-clearfix\">\n\t\t\t\t\t\t<ul>\r\n<li><i class=\"fas fa-user\"><\/i><span>Kapazit\u00e4t<\/span> 4 Personen<\/li>\r\n<li><i class=\"fas fa-ruler-combined\"><\/i><span>Oberfl\u00e4che<\/span> 45 m2<\/li>\r\n<li><i class=\"fas fa-hot-tub\"><\/i><span> Nordische Badewanne<\/span> privativ<\/li>\r\n<\/ul>\t\t\t\t\t\t<a href=\"https:\/\/les-atypiques-chalets.com\/de\/chalet-iorik\/\" class=\"shb-accommodation-listing-button1\">ab 170\u20ac\/Nacht<\/a>\n\t\t\t\t\t\t<a href=\"https:\/\/les-atypiques-chalets.com\/de\/chalet-iorik\/\" class=\"shb-accommodation-listing-button2\">Zimmer anzeigen<i class=\"fas fa-chevron-right\"><\/i><\/a>\n\t\t\t\t\t<\/div>\n\t\t\t\t\n\t\t\t\t<\/div>\n\t\t\t\n\t\t\t<!-- END .shb-accommodation-listing-item -->\n\t\t\t<\/div>\n\t\t\n\t\t\t\t\t\n\t\t<!-- END .shb-accommodation-listing-style-1 -->\n\t\t<\/div>\n\t\n\t\t\n\t\t\t\n\t\t<div class=\"shb-clearboth\"><\/div>\n\t\t<div class=\"shb-accommodation-listing-1-pagination\">\n\t\t\t\t<\/div>\n\t\t\n\t\t\n\t<div class=\"vc_empty_space\"   style=\"height: 32px\"><span class=\"vc_empty_space_inner\"><\/span><\/div><\/div><\/div><\/div><\/div><div class=\"vc_row wpb_row vc_row-fluid\"><div class=\"wpb_column vc_column_container vc_col-sm-12\"><div class=\"vc_column-inner\"><div class=\"wpb_wrapper\">\n\t<div class=\"wpb_text_column wpb_content_element\" >\n\t\t<div class=\"wpb_wrapper\">\n\t\t\t<h3><span style=\"color: #683c16;\"><strong>Einf\u00fchrung<\/strong><\/span><\/h3>\n<hr \/>\n<p>Le lac de G\u00e9rardmer est un joyau nich\u00e9 au c\u0153ur des Vosges, en France. Ce lac glaciaire, entour\u00e9 de montagnes verdoyantes et de for\u00eats denses, attire chaque ann\u00e9e des milliers de visiteurs en qu\u00eate de d\u00e9tente, d\u2019aventures en plein air, et de paysages \u00e0 couper le souffle. Que vous soyez amateur de sports nautiques, randonneur passionn\u00e9 ou simplement en qu\u00eate d\u2019un havre de paix, le lac de G\u00e9rardmer a de quoi satisfaire toutes vos envies.<\/p>\n<h3><span style=\"color: #683c16;\">Histoire du lac de G\u00e9rardmer<\/span><\/h3>\n<hr \/>\n<p>Le lac de <a href=\"https:\/\/les-atypiques-chalets.com\/de\/visitez-les-marches-de-gerardmer\/\"  data-wpil-monitor-id=\"470\">G\u00e9rardmer<\/a> est le r\u00e9sultat d\u2019une activit\u00e9 glaciaire datant de milliers d\u2019ann\u00e9es. Selon les l\u00e9gendes locales, le lac serait \u00e9galement le th\u00e9\u00e2tre de r\u00e9cits mystiques, ajoutant une touche de myst\u00e8re \u00e0 cette destination d\u00e9j\u00e0 fascinante. Au fil des ann\u00e9es, le lac est devenu une destination touristique pris\u00e9e, notamment gr\u00e2ce \u00e0 l\u2019essor des infrastructures et \u00e0 l\u2019engagement des habitants pour valoriser leur patrimoine naturel.<\/p>\n<h3><span style=\"color: #683c16;\">G\u00e9ographie et caract\u00e9ristiques du lac<\/span><\/h3>\n<hr \/>\n<p>Situ\u00e9 \u00e0 environ 670 m\u00e8tres d\u2019altitude, le <a href=\"https:\/\/les-atypiques-chalets.com\/de\/location-proche-lac-gerardmer-decouvrez-les-atypiques-chalets-pour-un-sejour-inoubliable\/\"  data-wpil-monitor-id=\"854\">Lac de G\u00e9rardmer<\/a> s\u2019\u00e9tend sur une superficie de 115 hectares, avec une profondeur maximale d\u2019environ 38 m\u00e8tres. Ses eaux cristallines sont entour\u00e9es par une nature luxuriante, offrant un cadre id\u00e9al pour les amoureux de la nature. La biodiversit\u00e9 y est riche, avec une <a href=\"https:\/\/les-atypiques-chalets.com\/de\/explorez-la-faune-et-la-flore-de-gerardmer\/\"  data-wpil-monitor-id=\"462\">faune et une flore<\/a> vari\u00e9es qui contribuent \u00e0 l\u2019attrait de cette r\u00e9gion.<\/p>\n<h3><span style=\"color: #683c16;\">Activit\u00e9s nautiques au lac de G\u00e9rardmer<\/span><\/h3>\n<hr \/>\n<p>Le <a href=\"https:\/\/les-atypiques-chalets.com\/de\/pourquoi-choisir-gerardmer-pour-votre-prochaine-location-de-chalet\/\"  data-wpil-monitor-id=\"1057\">Lac de G\u00e9rardmer<\/a> est un paradis pour les amateurs de sports nautiques. Vous pouvez vous adonner \u00e0 la voile, \u00e0 la planche \u00e0 voile ou encore au p\u00e9dalo, tout en profitant du cadre magnifique. Pour les plus aventureux, le cano\u00eb-kayak offre une fa\u00e7on unique d\u2019explorer le lac. La p\u00eache est \u00e9galement une activit\u00e9 populaire ici, avec une grande vari\u00e9t\u00e9 de poissons peuplant ses eaux.<\/p>\n<h3><span style=\"color: #683c16;\">Randonn\u00e9es autour du lac de G\u00e9rardmer<\/span><\/h3>\n<hr \/>\n<p>die Wanderwege <a href=\"https:\/\/les-atypiques-chalets.com\/de\/les-10-choses-a-faire-a-gerardmer-en-ete\/\"  data-wpil-monitor-id=\"1657\">randonn\u00e9e autour du lac de G\u00e9rardmer<\/a> sont nombreux et vari\u00e9s, allant des promenades tranquilles aux randonn\u00e9es plus ardues. Certains sentiers m\u00e8nent \u00e0 des points de <a href=\"https:\/\/les-atypiques-chalets.com\/de\/meilleurs-restaurants-gerardmer-tour-culinaire\/\"  data-wpil-monitor-id=\"1982\">Panoramablick<\/a> spectaculaires, o\u00f9 vous pourrez admirer le lac dans toute sa splendeur. En chemin, vous d\u00e9couvrirez une faune et une flore diversifi\u00e9es, faisant de chaque <a href=\"https:\/\/les-atypiques-chalets.com\/de\/randonnee-en-montagne-une-aventure-inoubliable\/\"  data-wpil-monitor-id=\"615\">randonn\u00e9e une v\u00e9ritable aventure<\/a>.<\/p>\n<h3><span style=\"color: #683c16;\">Les atypiques chalets autour du lac<\/span><\/h3>\n<hr \/>\n<p><a href=\"https:\/\/les-atypiques-chalets.com\/de\/\">Les chalets atypiques<\/a> a 10 km du lac de G\u00e9rardmer offrent une exp\u00e9rience unique pour les visiteurs. Ces h\u00e9bergements, souvent construits en bois avec une architecture en Aframe, allient confort moderne. Que vous recherchiez un <a href=\"https:\/\/les-atypiques-chalets.com\/de\/sejour-detente-dans-un-chalet-avec-bain-nordique-et-sauna-dans-les-vosges\/\"  data-wpil-monitor-id=\"549\">chalet romantique pour un s\u00e9jour<\/a> en amoureux ou un grand chalet pour des vacances en famille, il y en a pour tous les go\u00fbts.<\/p>\n<h3><span style=\"color: #683c16;\">Activit\u00e9s hivernales \u00e0 G\u00e9rardmer<\/span><\/h3>\n<hr \/>\n<p>En hiver, <a href=\"https:\/\/les-atypiques-chalets.com\/de\/kategorie\/ski-gerardmer\/\"  data-wpil-monitor-id=\"2157\">G\u00e9rardmer se transforme en station de ski<\/a> anim\u00e9e. Vous pouvez profiter des pistes de <a href=\"https:\/\/les-atypiques-chalets.com\/de\/tag\/ski\/\"  data-wpil-monitor-id=\"2261\">ski<\/a> alpin et nordique, ou encore vous essayer au patinage sur le lac gel\u00e9, une exp\u00e9rience inoubliable. Les <a href=\"https:\/\/les-atypiques-chalets.com\/de\/vivez-la-veritable-magie-dun-noel-en-montagne-dans-les-vosges\/\"  data-wpil-monitor-id=\"825\">Schneeschuhwandern<\/a> sont \u00e9galement tr\u00e8s populaires, permettant de d\u00e9couvrir les paysages enneig\u00e9s sous un autre angle.<\/p>\n<h3><span style=\"color: #683c16;\">\u00c9v\u00e9nements annuels \u00e0 G\u00e9rardmer<\/span><\/h3>\n<hr \/>\n<p>G\u00e9rardmer est \u00e9galement connu pour ses \u00e9v\u00e9nements annuels, tels que la F\u00eate des jonquilles, o\u00f9 la ville se pare de milliers de fleurs jaunes, ou encore le Festival international du film fantastique, qui attire des cin\u00e9philes du monde entier. Ces \u00e9v\u00e9nements ajoutent une dimension culturelle et festive \u00e0 votre visite.<\/p>\n<h3><span style=\"color: #683c16;\"><strong>Gastronomie locale autour du lac<\/strong><\/span><\/h3>\n<hr \/>\n<p>Les sp\u00e9cialit\u00e9s culinaires des <a href=\"https:\/\/les-atypiques-chalets.com\/de\/chalets-abordables-dans-les-vosges-sejour-de-reve-a-petit-prix\/\"  data-wpil-monitor-id=\"754\">Vosges sont \u00e0 ne pas manquer lors de votre s\u00e9jour<\/a> \u00e0 G\u00e9rardmer. Des plats traditionnels comme la tarte aux myrtilles ou les fameux munster fermiers sauront ravir vos papilles. Les restaurants <a href=\"https:\/\/les-atypiques-chalets.com\/de\/tag\/cuisine-locale\/\"  data-wpil-monitor-id=\"2148\">locaux proposent une cuisine<\/a> authentique, mettant en avant les produits du terroir.<\/p>\n<h3><span style=\"color: #683c16;\">Comment acc\u00e9der au lac de G\u00e9rardmer<\/span><\/h3>\n<hr \/>\n<p>Le lac de G\u00e9rardmer est facilement accessible en voiture, avec des parkings disponibles \u00e0 proximit\u00e9. Vous pouvez \u00e9galement y acc\u00e9der en train ou en bus depuis les grandes villes voisines. La meilleure p\u00e9riode pour visiter d\u00e9pend de vos pr\u00e9f\u00e9rences : l\u2019\u00e9t\u00e9 pour les activit\u00e9s nautiques ou l\u2019hiver pour les sports de neige.<\/p>\n<h3><span style=\"color: #683c16;\">Conseils pour une visite r\u00e9ussie<\/span><\/h3>\n<hr \/>\n<p>Pour profiter pleinement de votre visite au lac de G\u00e9rardmer, il est conseill\u00e9 de bien pr\u00e9parer votre s\u00e9jour. Emportez des v\u00eatements adapt\u00e9s aux activit\u00e9s que vous souhaitez pratiquer et renseignez-vous sur les conditions m\u00e9t\u00e9orologiques. Si vous pr\u00e9f\u00e9rez \u00e9viter la foule, privil\u00e9giez les mois de mai, juin, ou septembre.<\/p>\n<h3><span style=\"color: #683c16;\">Impact environnemental et initiatives \u00e9cologiques<\/span><\/h3>\n<hr \/>\n<p>Le tourisme de masse peut avoir un impact sur l\u2019environnement du lac de G\u00e9rardmer. Cependant, plusieurs initiatives locales visent \u00e0 prot\u00e9ger cet \u00e9cosyst\u00e8me fragile. Les visiteurs sont encourag\u00e9s \u00e0 respecter la nature, \u00e0 utiliser les infrastructures durables mises en place, et \u00e0 participer aux efforts de pr\u00e9servation.<\/p>\n<h3><span style=\"color: #683c16;\">La ville de G\u00e9rardmer : une destination \u00e0 part enti\u00e8re<\/span><\/h3>\n<hr \/>\n<p>G\u00e9rardmer n\u2019est pas seulement le lac, c\u2019est aussi une ville charmante \u00e0 d\u00e9couvrir. Fl\u00e2nez dans ses rues pittoresques, visitez les boutiques locales, et <a href=\"https:\/\/les-atypiques-chalets.com\/de\/week-end-en-amoureux-decouvrez-les-vosges-a-deux-dans-des-chalets-atypiques\/\"  data-wpil-monitor-id=\"975\">d\u00e9couvrez<\/a> d\u2019autres attractions comme le Jardin de Berchigranges ou le Parc naturel r\u00e9gional des Ballons des Vosges. La vie nocturne y est \u00e9galement anim\u00e9e, avec plusieurs bars et restaurants o\u00f9 passer une agr\u00e9able soir\u00e9e.<\/p>\n<h3><span style=\"color: #683c16;\">H\u00e9bergement et options de s\u00e9jour<\/span><\/h3>\n<hr \/>\n<p>Que vous pr\u00e9f\u00e9riez un h\u00f4tel, une auberge, un camping ou un <a href=\"https:\/\/les-atypiques-chalets.com\/de\/a-propos-de-nous\/\"  data-wpil-monitor-id=\"434\">chalet atypique<\/a>, G\u00e9rardmer offre une large gamme d\u2019options d\u2019h\u00e9bergement. Pour une exp\u00e9rience authentique, <a href=\"https:\/\/les-atypiques-chalets.com\/de\/chalets-a-gerardmer-pour-noel-reservez-maintenant\/\"  data-wpil-monitor-id=\"1038\">r\u00e9server un chalet<\/a> au bord du lac est une excellente id\u00e9e, surtout si vous souhaitez vous immerger pleinement dans l\u2019ambiance locale.<\/p>\n<h3><span style=\"color: #683c16;\">Schlussfolgerung<\/span><\/h3>\n<hr \/>\n<p>Le lac de G\u00e9rardmer est une destination incontournable pour les amoureux de la nature, les sportifs, et ceux en qu\u00eate de tranquillit\u00e9. Que ce soit pour une escapade d\u2019un week-end ou des vacances prolong\u00e9es, le lac et ses environs ont de quoi satisfaire toutes les envies. N\u2019attendez plus pour d\u00e9couvrir ce joyau des <a href=\"https:\/\/les-atypiques-chalets.com\/de\/tag\/vogesen\/\"  data-wpil-monitor-id=\"2195\">Vogesen<\/a> !<\/p>\n<hr \/>\n<h3><span style=\"color: #683c16;\">H\u00e4ufig gestellte Fragen<\/span><\/h3>\n<hr \/>\n<ol>\n<li><strong>Quelle est la <a href=\"https:\/\/les-atypiques-chalets.com\/de\/les-meilleurs-bars-et-cafes-de-gerardmer\/\"  data-wpil-monitor-id=\"450\">meilleure p\u00e9riode pour visiter le lac de G\u00e9rardmer<\/a> ?<\/strong><br \/>\nLa meilleure p\u00e9riode pour visiter d\u00e9pend de vos pr\u00e9f\u00e9rences : l&rsquo;\u00e9t\u00e9 pour les activit\u00e9s nautiques et les randonn\u00e9es, ou l&rsquo;hiver pour les sports d&rsquo;hiver.<\/li>\n<li><strong>Peut-on se baigner dans le lac de G\u00e9rardmer ?<\/strong><br \/>\nOui, la baignade est autoris\u00e9e dans le lac de G\u00e9rardmer et des plages am\u00e9nag\u00e9es sont disponibles.<\/li>\n<li><strong>Quelles sont les activit\u00e9s \u00e0 faire en famille autour du lac ?<\/strong><br \/>\nLes activit\u00e9s familiales incluent la baignade, les balades en p\u00e9dalo, les randonn\u00e9es faciles, et la visite des \u00e9v\u00e9nements locaux.<\/li>\n<li><strong>Comment r\u00e9server un <a href=\"https:\/\/les-atypiques-chalets.com\/de\/explorez-les-sentiers-vtt-de-gerardmer-avec-les-atypiques-chalets\/\"  data-wpil-monitor-id=\"441\">chalet atypique \u00e0 G\u00e9rardmer<\/a> ?<\/strong><br \/>\nVous pouvez r\u00e9server un <a href=\"https:\/\/les-atypiques-chalets.com\/de\/location-dun-chalet-a-gerardmer-en-hiver\/\"  data-wpil-monitor-id=\"1112\">chalet via des plateformes de location<\/a> en ligne ou directement aupr\u00e8s des propri\u00e9taires locaux.<\/li>\n<li><strong>Y a-t-il des guides pour les randonn\u00e9es autour du lac ?<\/strong><br \/>\nOui, plusieurs guides locaux proposent des randonn\u00e9es accompagn\u00e9es autour du <a href=\"https:\/\/les-atypiques-chalets.com\/de\/guide-des-boutiques-de-gerardmer\/\"  data-wpil-monitor-id=\"647\">lac pour d\u00e9couvrir<\/a> la r\u00e9gion en toute s\u00e9curit\u00e9.<\/li>\n<\/ol>\n\n\t\t<\/div>\n\t<\/div>\n<\/div><\/div><\/div><\/div>\n<\/div>","protected":false},"excerpt":{"rendered":"Chalet IORIK Capacit\u00e9: 4 personnes Superficie: 45 m2 Bain Nordique: privatif Description de notre Chalet Iorik dans les Vosges Id\u00e9al pour les couples ou les petites familles, le Chalet IORIK est un \u00e9crin de douceur pouvant accueillir jusqu\u2019\u00e0 4 personnes. Avec ses 2 chambres cosy et ces 2 lits de 140\u00d7190, il vous promet des<a href=\"https:\/\/les-atypiques-chalets.com\/de\/chalet-aslan\/\" class=\"sohohotel-more-link\">Read More<\/a>","protected":false},"author":1,"featured_media":94353,"comment_status":"closed","ping_status":"open","sticky":false,"template":"","format":"standard","meta":{"_yoast_wpseo_title":"D\u00e9couvrez le lac de G\u00e9rardmer","_yoast_wpseo_metadesc":"Explorez G\u00e9rardmer, ses activit\u00e9s nautiques et ses chalets. Planifiez votre s\u00e9jour maintenant !","_yoast_wpseo_focuskw":"#LacG\u00e9rardmer #TourismeVosges #Randonn\u00e9es #ChaletsAtypiques #SportsDHiver #VacancesNature #Activit\u00e9sNautiques #SkiG\u00e9rardmer","footnotes":""},"categories":[707],"tags":[1044,1169,1189,1177,1188,730,708,731,1187,711,1093,923,1008],"class_list":["post-94351","post","type-post","status-publish","format-standard","has-post-thumbnail","hentry","category-gerardmer","tag-activites-nautiques-gerardmer","tag-chalets-atypiques-gerardmer","tag-environnement-gerardmer","tag-evenements-gerardmer","tag-gastronomie-vosges","tag-hebergement-gerardmer","tag-lac-de-gerardmer","tag-nature-vosges","tag-randonnees-gerardmer","tag-ski-gerardmer","tag-sports-dhiver-gerardmer","tag-tourisme-gerardmer","tag-vacances-gerardmer"],"_links":{"self":[{"href":"https:\/\/les-atypiques-chalets.com\/de\/wp-json\/wp\/v2\/posts\/94351","targetHints":{"allow":["GET"]}}],"collection":[{"href":"https:\/\/les-atypiques-chalets.com\/de\/wp-json\/wp\/v2\/posts"}],"about":[{"href":"https:\/\/les-atypiques-chalets.com\/de\/wp-json\/wp\/v2\/types\/post"}],"author":[{"embeddable":true,"href":"https:\/\/les-atypiques-chalets.com\/de\/wp-json\/wp\/v2\/users\/1"}],"replies":[{"embeddable":true,"href":"https:\/\/les-atypiques-chalets.com\/de\/wp-json\/wp\/v2\/comments?post=94351"}],"version-history":[{"count":0,"href":"https:\/\/les-atypiques-chalets.com\/de\/wp-json\/wp\/v2\/posts\/94351\/revisions"}],"wp:featuredmedia":[{"embeddable":true,"href":"https:\/\/les-atypiques-chalets.com\/de\/wp-json\/wp\/v2\/media\/94353"}],"wp:attachment":[{"href":"https:\/\/les-atypiques-chalets.com\/de\/wp-json\/wp\/v2\/media?parent=94351"}],"wp:term":[{"taxonomy":"category","embeddable":true,"href":"https:\/\/les-atypiques-chalets.com\/de\/wp-json\/wp\/v2\/categories?post=94351"},{"taxonomy":"post_tag","embeddable":true,"href":"https:\/\/les-atypiques-chalets.com\/de\/wp-json\/wp\/v2\/tags?post=94351"}],"curies":[{"name":"wp","href":"https:\/\/api.w.org\/{rel}","templated":true}]}}