{"id":9544,"date":"2024-01-10T16:23:42","date_gmt":"2024-01-10T16:23:42","guid":{"rendered":"https:\/\/les-atypiques-chalets.com\/?p=9544"},"modified":"2025-05-21T13:17:48","modified_gmt":"2025-05-21T13:17:48","slug":"le-patrimoine-architectural-autour-de-gerardmer-decouverte-des-batiments-historiques-chateaux-et-eglises","status":"publish","type":"post","link":"https:\/\/les-atypiques-chalets.com\/de\/le-patrimoine-architectural-autour-de-gerardmer-decouverte-des-batiments-historiques-chateaux-et-eglises\/","title":{"rendered":"Le Patrimoine Architectural autour de G\u00e9rardmer : D\u00e9couverte des b\u00e2timents historiques, ch\u00e2teaux et \u00e9glises"},"content":{"rendered":"<div class=\"wpb-content-wrapper\"><div class=\"vc_row wpb_row vc_row-fluid\"><div class=\"wpb_column vc_column_container vc_col-sm-12\"><div class=\"vc_column-inner\"><div class=\"wpb_wrapper\">\n\t<div class=\"wpb_text_column wpb_content_element\" >\n\t\t<div class=\"wpb_wrapper\">\n\t\t\t<h1>Le Patrimoine Architectural autour de G\u00e9rardmer :<\/h1>\n<h2>D\u00e9couverte des b\u00e2timents historiques, ch\u00e2teaux et \u00e9glises<\/h2>\n\n\t\t<\/div>\n\t<\/div>\n<\/div><\/div><\/div><\/div><div class=\"vc_row wpb_row vc_row-fluid\"><div class=\"wpb_column vc_column_container vc_col-sm-12\"><div class=\"vc_column-inner\"><div class=\"wpb_wrapper\"><div class=\"vc_empty_space\"   style=\"height: 32px\"><span class=\"vc_empty_space_inner\"><\/span><\/div>\t\n\t<!-- BEGIN .shb-accommodation-listing-style-1 -->\n\t<div class=\"shb-accommodation-listing-style-1 shb-accommodation-listing-style-1-columns-3 sohohotel-owl-carousel-4\">\n\t\t\n\t\t\t\t\n\t\t<!-- BEGIN .shb-accommodation-listing-item -->\n\t\t<div class=\"shb-accommodation-listing-item\">\n\t\t\t\n\t\t\t\t\t\t\t<a href=\"https:\/\/les-atypiques-chalets.com\/de\/chalet-charkhan\/\" rel=\"bookmark\" title=\"Chalet Charkhan\">\n\t\t\t\t\t\t\t\t\t\t<img decoding=\"async\" class=\"shb-accommodation-listing-image\" src=\"https:\/\/les-atypiques-chalets.com\/wp-content\/uploads\/2025\/03\/salon-charkhan-03-L-1180x675.webp\" alt=\"Chalet Charkhan\" \/>\t\t\t\t<\/a>\n\t\t\t\t\t\t\n\t\t\t<div class=\"shb-accommodation-listing-description-wrapper\">\n\t\t\t\t\n\t\t\t\t<h3><a href=\"https:\/\/les-atypiques-chalets.com\/de\/chalet-charkhan\/\" rel=\"bookmark\" title=\"Chalet Charkhan\">Chalet Charkhan<\/a><\/h3>\n\t\t\t\t\n\t\t\t\t<div class=\"shb-accommodation-listing-description shb-clearfix\">\n\t\t\t\t\t\n\t\t\t\t\t<ul>\r\n<li><i class=\"fas fa-user\"><\/i><span>Kapazit\u00e4t<\/span> 6 Personen<\/li>\r\n<li><i class=\"fas fa-ruler-combined\"><\/i><span>Oberfl\u00e4che<\/span> 65 m\u00b2<\/li>\r\n<li><i class=\"fas fa-hot-tub\"><\/i><span> Nordische Badewanne<\/span> privativ<\/li>\r\n<\/ul>\t\t\t\t\t\n\t\t\t\t\t<a href=\"https:\/\/les-atypiques-chalets.com\/de\/chalet-charkhan\/\" class=\"shb-accommodation-listing-button1\">ab 225\u20ac\/Nacht<\/a>\n\t\t\t\t\t<a href=\"https:\/\/les-atypiques-chalets.com\/de\/chalet-charkhan\/\" class=\"shb-accommodation-listing-button2\">Zimmer anzeigen<i class=\"fas fa-chevron-right\"><\/i><\/a>\n\t\t\t\t\n\t\t\t\t<\/div>\n\t\t\t\t\n\t\t\t<\/div>\n\t\t\t\n\t\t<!-- END .shb-accommodation-listing-item -->\n\t\t<\/div>\n\t\t\n\t\t\t\t\n\t\t<!-- BEGIN .shb-accommodation-listing-item -->\n\t\t<div class=\"shb-accommodation-listing-item\">\n\t\t\t\n\t\t\t\t\t\t\t<a href=\"https:\/\/les-atypiques-chalets.com\/de\/chalet-aslan\/\" rel=\"bookmark\" title=\"Chalet Aslan\">\n\t\t\t\t\t\t\t\t\t\t<img decoding=\"async\" class=\"shb-accommodation-listing-image\" src=\"https:\/\/les-atypiques-chalets.com\/wp-content\/uploads\/2025\/03\/ASLAN-2-900x710.webp\" alt=\"Chalet Aslan\" \/>\t\t\t\t<\/a>\n\t\t\t\t\t\t\n\t\t\t<div class=\"shb-accommodation-listing-description-wrapper\">\n\t\t\t\t\n\t\t\t\t<h3><a href=\"https:\/\/les-atypiques-chalets.com\/de\/chalet-aslan\/\" rel=\"bookmark\" title=\"Chalet Aslan\">Chalet Aslan<\/a><\/h3>\n\t\t\t\t\n\t\t\t\t<div class=\"shb-accommodation-listing-description shb-clearfix\">\n\t\t\t\t\t\n\t\t\t\t\t<ul>\r\n<li><i class=\"fas fa-user\"><\/i><span>Kapazit\u00e4t<\/span> 5 Personen<\/li>\r\n<li><i class=\"fas fa-ruler-combined\"><\/i><span>Oberfl\u00e4che<\/span> 65 m\u00b2<\/li>\r\n<li><i class=\"fas fa-hot-tub\"><\/i><span> Nordische Badewanne<\/span> privativ<\/li>\r\n<\/ul>\t\t\t\t\t\n\t\t\t\t\t<a href=\"https:\/\/les-atypiques-chalets.com\/de\/chalet-aslan\/\" class=\"shb-accommodation-listing-button1\">ab 215 \u20ac\/Nacht<\/a>\n\t\t\t\t\t<a href=\"https:\/\/les-atypiques-chalets.com\/de\/chalet-aslan\/\" class=\"shb-accommodation-listing-button2\">Zimmer anzeigen<i class=\"fas fa-chevron-right\"><\/i><\/a>\n\t\t\t\t\n\t\t\t\t<\/div>\n\t\t\t\t\n\t\t\t<\/div>\n\t\t\t\n\t\t<!-- END .shb-accommodation-listing-item -->\n\t\t<\/div>\n\t\t\n\t\t\t\t\n\t\t<!-- BEGIN .shb-accommodation-listing-item -->\n\t\t<div class=\"shb-accommodation-listing-item\">\n\t\t\t\n\t\t\t\t\t\t\t<a href=\"https:\/\/les-atypiques-chalets.com\/de\/chalet-iorik\/\" rel=\"bookmark\" title=\"Chalet Iorik\">\n\t\t\t\t\t\t\t\t\t\t<img decoding=\"async\" class=\"shb-accommodation-listing-image\" src=\"https:\/\/les-atypiques-chalets.com\/wp-content\/uploads\/2025\/09\/iorik-sejour-L-1024x710.webp\" alt=\"Chalet Iorik\" \/>\t\t\t\t<\/a>\n\t\t\t\t\t\t\n\t\t\t<div class=\"shb-accommodation-listing-description-wrapper\">\n\t\t\t\t\n\t\t\t\t<h3><a href=\"https:\/\/les-atypiques-chalets.com\/de\/chalet-iorik\/\" rel=\"bookmark\" title=\"Chalet Iorik\">Chalet Iorik<\/a><\/h3>\n\t\t\t\t\n\t\t\t\t<div class=\"shb-accommodation-listing-description shb-clearfix\">\n\t\t\t\t\t\n\t\t\t\t\t<ul>\r\n<li><i class=\"fas fa-user\"><\/i><span>Kapazit\u00e4t<\/span> 4 Personen<\/li>\r\n<li><i class=\"fas fa-ruler-combined\"><\/i><span>Oberfl\u00e4che<\/span> 45 m2<\/li>\r\n<li><i class=\"fas fa-hot-tub\"><\/i><span> Nordische Badewanne<\/span> privativ<\/li>\r\n<\/ul>\t\t\t\t\t\n\t\t\t\t\t<a href=\"https:\/\/les-atypiques-chalets.com\/de\/chalet-iorik\/\" class=\"shb-accommodation-listing-button1\">ab 170\u20ac\/Nacht<\/a>\n\t\t\t\t\t<a href=\"https:\/\/les-atypiques-chalets.com\/de\/chalet-iorik\/\" class=\"shb-accommodation-listing-button2\">Zimmer anzeigen<i class=\"fas fa-chevron-right\"><\/i><\/a>\n\t\t\t\t\n\t\t\t\t<\/div>\n\t\t\t\t\n\t\t\t<\/div>\n\t\t\t\n\t\t<!-- END .shb-accommodation-listing-item -->\n\t\t<\/div>\n\t\t\n\t\t\t\t\n\t<!-- END .shb-accommodation-listing-style-1 -->\n\t<\/div>\n\t\n\t<div class=\"vc_row wpb_row vc_inner vc_row-fluid\"><div class=\"wpb_column vc_column_container vc_col-sm-4\"><div class=\"vc_column-inner\"><div class=\"wpb_wrapper\">\n\t<div  class=\"wpb_single_image wpb_content_element vc_align_left wpb_content_element\">\n\t\t\n\t\t<figure class=\"wpb_wrapper vc_figure\">\n\t\t\t<a href=\"https:\/\/www.airbnb.fr\/rooms\/1181799444491659558?source_impression_id=p3_1737454110_P389ZYEJ78eXKMcr\" target=\"_self\" class=\"vc_single_image-wrapper   vc_box_border_grey\" rel=\"nofollow noopener\"><img decoding=\"async\" width=\"694\" height=\"426\" src=\"https:\/\/les-atypiques-chalets.com\/wp-content\/uploads\/2025\/01\/Capture-decran-2025-01-15-a-13.55.52.jpg\" class=\"vc_single_image-img attachment-full\" alt=\"Die Atypiques Chalets mit einer perfekten Punktzahl von 5,0 ausgezeichnet, was sie zu einem Favoriten von Reisenden macht.\" title=\"Les Atypiques Chalets \u2013 Ein Herzenswunsch von Airbnb-Reisenden\" srcset=\"https:\/\/les-atypiques-chalets.com\/wp-content\/uploads\/2025\/01\/Capture-decran-2025-01-15-a-13.55.52.jpg 694w, https:\/\/les-atypiques-chalets.com\/wp-content\/uploads\/2025\/01\/Capture-decran-2025-01-15-a-13.55.52-300x184.jpg 300w, https:\/\/les-atypiques-chalets.com\/wp-content\/uploads\/2025\/01\/Capture-decran-2025-01-15-a-13.55.52-100x61.jpg 100w, https:\/\/les-atypiques-chalets.com\/wp-content\/uploads\/2025\/01\/Capture-decran-2025-01-15-a-13.55.52-600x368.jpg 600w\" sizes=\"(max-width: 694px) 100vw, 694px\" \/><\/a>\n\t\t<\/figure>\n\t<\/div>\n<\/div><\/div><\/div><div class=\"wpb_column vc_column_container vc_col-sm-4\"><div class=\"vc_column-inner\"><div class=\"wpb_wrapper\">\n\t<div  class=\"wpb_single_image wpb_content_element vc_align_left wpb_content_element\">\n\t\t\n\t\t<figure class=\"wpb_wrapper vc_figure\">\n\t\t\t<a href=\"https:\/\/www.google.com\/search?q=Les+Atypiques+Chalets&#038;stick=H4sIAAAAAAAA_-NgU1I1qDAxtzRONkwyTTM3MDK2TEmzMqgAshItTdIMTFINjC1NDJIXsYr6pBYrOJZUFmQWlgJZzhmJOaklxQAK4Na5QQAAAA&#038;hl=fr&#038;ma\" target=\"_self\" class=\"vc_single_image-wrapper   vc_box_border_grey\" rel=\"nofollow noopener\"><img decoding=\"async\" width=\"324\" height=\"156\" src=\"https:\/\/les-atypiques-chalets.com\/wp-content\/uploads\/2024\/03\/avis-google.webp\" class=\"vc_single_image-img attachment-full\" alt=\"\" title=\"Google-Bewertung\" srcset=\"https:\/\/les-atypiques-chalets.com\/wp-content\/uploads\/2024\/03\/avis-google.webp 324w, https:\/\/les-atypiques-chalets.com\/wp-content\/uploads\/2024\/03\/avis-google-300x144.webp 300w, https:\/\/les-atypiques-chalets.com\/wp-content\/uploads\/2024\/03\/avis-google-100x48.webp 100w\" sizes=\"(max-width: 324px) 100vw, 324px\" \/><\/a>\n\t\t<\/figure>\n\t<\/div>\n<\/div><\/div><\/div><div class=\"wpb_column vc_column_container vc_col-sm-4\"><div class=\"vc_column-inner\"><div class=\"wpb_wrapper\">\n\t<div  class=\"wpb_single_image wpb_content_element vc_align_left wpb_content_element\">\n\t\t\n\t\t<figure class=\"wpb_wrapper vc_figure\">\n\t\t\t<a href=\"https:\/\/www.airbnb.fr\/users\/show\/202431572\" target=\"_self\" class=\"vc_single_image-wrapper   vc_box_border_grey\" rel=\"nofollow noopener\"><img decoding=\"async\" width=\"375\" height=\"125\" src=\"https:\/\/les-atypiques-chalets.com\/wp-content\/uploads\/2024\/10\/create-a-professionally-written-new-airbnb-listing-1600x533-1.webp\" class=\"vc_single_image-img attachment-full\" alt=\"\" title=\"Erstellen Sie eine professionell geschriebene neue Airbnb-Liste (1600x533)\" srcset=\"https:\/\/les-atypiques-chalets.com\/wp-content\/uploads\/2024\/10\/create-a-professionally-written-new-airbnb-listing-1600x533-1.webp 375w, https:\/\/les-atypiques-chalets.com\/wp-content\/uploads\/2024\/10\/create-a-professionally-written-new-airbnb-listing-1600x533-1-300x100.webp 300w, https:\/\/les-atypiques-chalets.com\/wp-content\/uploads\/2024\/10\/create-a-professionally-written-new-airbnb-listing-1600x533-1-100x33.webp 100w\" sizes=\"(max-width: 375px) 100vw, 375px\" \/><\/a>\n\t\t<\/figure>\n\t<\/div>\n<\/div><\/div><\/div><\/div><\/div><\/div><\/div><\/div><div class=\"vc_row wpb_row vc_row-fluid\"><div class=\"wpb_column vc_column_container vc_col-sm-12\"><div class=\"vc_column-inner\"><div class=\"wpb_wrapper\">\n\t<div class=\"wpb_text_column wpb_content_element\" >\n\t\t<div class=\"wpb_wrapper\">\n\t\t\t<p><strong>Introduction au Patrimoine Architectural de G\u00e9rardmer<\/strong><\/p>\n<p>Nich\u00e9e dans les Vosges, G\u00e9rardmer est une ville empreinte d&rsquo;histoire et de richesse architecturale. Connue pour son lac et ses montagnes, elle abrite \u00e9galement un patrimoine b\u00e2ti remarquable, t\u00e9moignant de si\u00e8cles d&rsquo;histoire et de culture. Dans cet article, nous allons explorer le patrimoine architectural de G\u00e9rardmer, en nous plongeant dans <a href=\"https:\/\/gerardmerinfo.fr\/2021\/10\/journees-de-larchitecture-a-gerardmer-patrimoine-a-defendre-a-expliquer\/\" target=\"_blank\" rel=\"noopener nofollow\">l&rsquo;histoire de ses b\u00e2timents les plus embl\u00e9matiques<\/a>, tels que ses ch\u00e2teaux et \u00e9glises, ainsi que dans l&rsquo;architecture traditionnelle et contemporaine qui caract\u00e9rise cette r\u00e9gion.<\/p>\n<p><strong>Les Ch\u00e2teaux Historiques pr\u00e8s de <a href=\"https:\/\/les-atypiques-chalets.com\/de\/10-activites-a-faire-a-gerardmer\/\" data-wpil-monitor-id=\"225\">G\u00e9rardmer<\/a><\/strong><\/p>\n<p>Les ch\u00e2teaux qui entourent <a href=\"https:\/\/les-atypiques-chalets.com\/de\/quest-ce-quun-bain-nordique\/\" data-wpil-monitor-id=\"295\">G\u00e9rardmer<\/a> sont des vestiges fascinants de l&rsquo;\u00e9poque m\u00e9di\u00e9vale et de la Renaissance. Parmi eux, le <a href=\"https:\/\/www.reinhardstein.net\/fr\/\" target=\"_blank\" rel=\"noopener nofollow\">Ch\u00e2teau de Reinhardstein<\/a>, situ\u00e9 \u00e0 quelques kilom\u00e8tres de G\u00e9rardmer, est un exemple impressionnant de l&rsquo;architecture m\u00e9di\u00e9vale. Construit au 14\u00e8me si\u00e8cle, il a \u00e9t\u00e9 restaur\u00e9 avec soin pour pr\u00e9server son caract\u00e8re historique. Le Ch\u00e2teau du Haut-Koenigsbourg, quant \u00e0 lui, offre un voyage dans le temps avec sa reconstruction au d\u00e9but du 20\u00e8me si\u00e8cle, illustrant parfaitement la p\u00e9riode de la Renaissance.<\/p>\n<p><strong>\u00c9glises et \u00c9difices Religieux<\/strong><\/p>\n<p><a href=\"https:\/\/www.catholique88.fr\/lieu\/eglise-saint-barthelemy-9\" target=\"_blank\" rel=\"noopener nofollow\">L&rsquo;\u00c9glise Saint-Barth\u00e9lemy de G\u00e9rardmer<\/a>, un joyau de l&rsquo;architecture religieuse, date du 19\u00e8me si\u00e8cle et se distingue par son style n\u00e9o-gothique. L&rsquo;abbaye de Senones, fond\u00e9e au 18\u00e8me si\u00e8cle, est un autre exemple important d&rsquo;architecture religieuse, refl\u00e9tant l&rsquo;influence du baroque dans la r\u00e9gion.<\/p>\n<p><strong>Architecture Traditionnelle et Maisons \u00e0 Colombages<\/strong><\/p>\n<p>L&rsquo;architecture traditionnelle de la r\u00e9gion est magnifiquement repr\u00e9sent\u00e9e par les maisons \u00e0 colombages, qui allient charme et histoire. Ces structures, avec leurs poutres apparentes et leurs fa\u00e7ades color\u00e9es, sont typiques de l&rsquo;Alsace et de la Lorraine, et <a href=\"https:\/\/les-atypiques-chalets.com\/de\/organisez-votre-sejour-a-gerardmer\/\" data-wpil-monitor-id=\"347\">G\u00e9rardmer<\/a> en poss\u00e8de de nombreux exemples remarquables.<\/p>\n<p><strong>Les B\u00e2timents Modernes et leur Int\u00e9gration dans le Paysage Historique<\/strong><\/p>\n<p>L&rsquo;int\u00e9gration de l&rsquo;architecture moderne dans ce paysage historique est un sujet de d\u00e9bat \u00e0 <a href=\"https:\/\/les-atypiques-chalets.com\/de\/visitez-les-marches-de-gerardmer\/\" data-wpil-monitor-id=\"478\">G\u00e9rardmer<\/a>. Certains projets r\u00e9cents ont r\u00e9ussi \u00e0 harmoniser modernit\u00e9 et tradition, illustrant un respect pour l&rsquo;h\u00e9ritage tout en apportant une touche contemporaine.<\/p>\n<p><strong>Restauration et Conservation des B\u00e2timents Historiques<\/strong><\/p>\n<p>La restauration et la conservation des b\u00e2timents historiques sont essentielles pour pr\u00e9server le patrimoine de <a href=\"https:\/\/les-atypiques-chalets.com\/de\/rejoignez-laventure-a-gerardmer-reservez-votre-sejour\/\" data-wpil-monitor-id=\"793\">G\u00e9rardmer<\/a>. Des projets r\u00e9cents ont mis en lumi\u00e8re l&rsquo;importance de ces efforts pour maintenir l&rsquo;authenticit\u00e9 et l&rsquo;int\u00e9grit\u00e9 du patrimoine architectural.<\/p>\n<p><strong>L&rsquo;Influence de la Nature sur l&rsquo;Architecture de <a href=\"https:\/\/les-atypiques-chalets.com\/de\/les-10-choses-a-faire-a-gerardmer-en-ete\/\" data-wpil-monitor-id=\"1694\">G\u00e9rardmer<\/a><\/strong><\/p>\n<p>L&rsquo;environnement <a href=\"https:\/\/les-atypiques-chalets.com\/de\/visitez-le-parc-naturel-de-gerardmer\/\" data-wpil-monitor-id=\"420\">naturel de G\u00e9rardmer<\/a> a eu une influence significative sur son architecture. La relation entre les b\u00e2timents et le paysage environnant est un aspect cl\u00e9 de l&rsquo;identit\u00e9 architecturale de la r\u00e9gion.<\/p>\n<p><strong>Les Festivals et \u00c9v\u00e9nements C\u00e9l\u00e9brant l&rsquo;Architecture de G\u00e9rardmer<\/strong><\/p>\n<p><a href=\"https:\/\/les-atypiques-chalets.com\/de\/decouverte-de-gerardmer-et-ses-environs\/\">Les festivals et \u00e9v\u00e9nements locaux c\u00e9l\u00e8brent le patrimoine<\/a> architectural de G\u00e9rardmer, offrant aux visiteurs et aux r\u00e9sidents l&rsquo;opportunit\u00e9 de d\u00e9couvrir l&rsquo;histoire et la beaut\u00e9 de ces structures.<\/p>\n<p><strong>L&rsquo;Architecture de G\u00e9rardmer dans la Litt\u00e9rature et les Arts<\/strong><\/p>\n<p>L&rsquo;architecture de G\u00e9rardmer a \u00e9galement trouv\u00e9 sa place dans la litt\u00e9rature et les arts, o\u00f9 elle est souvent repr\u00e9sent\u00e9e et c\u00e9l\u00e9br\u00e9e pour son caract\u00e8re unique et sa beaut\u00e9.<\/p>\n<p><strong>Conclusion : L&rsquo;importance du Patrimoine Architectural de G\u00e9rardmer pour l&rsquo;Avenir<\/strong><\/p>\n<p>En conclusion, le patrimoine architectural de G\u00e9rardmer est un tr\u00e9sor \u00e0 pr\u00e9server pour les g\u00e9n\u00e9rations futures. Sa richesse et sa diversit\u00e9 refl\u00e8tent non seulement l&rsquo;histoire de la r\u00e9gion, mais aussi son identit\u00e9 culturelle et son avenir.<\/p>\n<footer><\/footer>\n<p><strong>Schlussfolgerung<\/strong><\/p>\n<p>Le patrimoine architectural de G\u00e9rardmer est un m\u00e9lange unique d&rsquo;histoire, de culture, et d&rsquo;art qui m\u00e9rite d&rsquo;\u00eatre explor\u00e9 et pr\u00e9serv\u00e9. Chaque b\u00e2timent raconte une histoire, refl\u00e9tant les \u00e9poques et les styles qui ont fa\u00e7onn\u00e9 cette magnifique r\u00e9gion. En pr\u00e9servant ces tr\u00e9sors, G\u00e9rardmer assure non seulement la protection de son histoire, mais aussi la p\u00e9rennit\u00e9 de son identit\u00e9 culturelle.<\/p>\n<h2>FAQ<\/h2>\n<ol>\n<li><strong>Quelle est l&rsquo;histoire du Ch\u00e2teau de Reinhardstein ?<\/strong><br \/>\nLe Ch\u00e2teau de Reinhardstein, situ\u00e9 pr\u00e8s de G\u00e9rardmer, a \u00e9t\u00e9 construit au 14\u00e8me si\u00e8cle. Il a jou\u00e9 un r\u00f4le important dans l&rsquo;histoire locale, servant de r\u00e9sidence \u00e0 divers seigneurs et nobles au fil des si\u00e8cles. Restaur\u00e9 avec soin dans les ann\u00e9es 1960, il est aujourd&rsquo;hui un exemple remarquable de l&rsquo;architecture m\u00e9di\u00e9vale et accueille des visiteurs pour des visites guid\u00e9es et des \u00e9v\u00e9nements culturels.<\/li>\n<li><strong><a href=\"https:\/\/les-atypiques-chalets.com\/de\/comment-economiser-sur-votre-location-de-chalet-a-gerardmer\/\" data-wpil-monitor-id=\"1184\">Comment l&rsquo;architecture de G\u00e9rardmer<\/a> a-t-elle \u00e9volu\u00e9 au fil du temps ?<\/strong><br \/>\nL&rsquo;architecture de G\u00e9rardmer a \u00e9volu\u00e9 pour refl\u00e9ter les diverses influences culturelles et <a href=\"https:\/\/les-atypiques-chalets.com\/de\/guide-des-boutiques-de-gerardmer\/\" data-wpil-monitor-id=\"671\">historiques<\/a> de la r\u00e9gion. Depuis les maisons traditionnelles \u00e0 colombages jusqu&rsquo;aux \u00e9difices religieux n\u00e9o-gothiques et baroques, chaque \u00e9poque a laiss\u00e9 son empreinte. Plus r\u00e9cemment, des b\u00e2timents modernes ont \u00e9t\u00e9 con\u00e7us pour s&rsquo;int\u00e9grer harmonieusement dans ce riche paysage historique, cr\u00e9ant un m\u00e9lange int\u00e9ressant d&rsquo;ancien et de nouveau.<\/li>\n<li><strong>Quels sont les exemples de maisons \u00e0 colombages \u00e0 G\u00e9rardmer ?<\/strong><br \/>\nG\u00e9rardmer et ses environs comptent plusieurs maisons \u00e0 colombages, qui sont des exemples typiques de l&rsquo;architecture traditionnelle de la r\u00e9gion. Ces b\u00e2timents se caract\u00e9risent par leurs structures en bois apparentes et leurs fa\u00e7ades peintes ou sculpt\u00e9es. Ils sont souvent situ\u00e9s dans les vieux quartiers de la ville ou dans des villages pittoresques \u00e0 proximit\u00e9.<\/li>\n<li><strong><a href=\"https:\/\/les-atypiques-chalets.com\/de\/comment-preparer-votre-sejour-a-gerardmer-conseils-et-astuces\/\" data-wpil-monitor-id=\"2092\">Comment la modernit\u00e9 s&rsquo;int\u00e8gre-t-elle dans l&rsquo;architecture de G\u00e9rardmer<\/a> ?<\/strong><br \/>\n\u00c0 G\u00e9rardmer, la modernit\u00e9 s&rsquo;int\u00e8gre dans l&rsquo;architecture de mani\u00e8re respectueuse et r\u00e9fl\u00e9chie. Les nouveaux b\u00e2timents sont con\u00e7us pour compl\u00e9ter l&rsquo;esth\u00e9tique existante tout en apportant une touche contemporaine. Cela se traduit par l&rsquo;utilisation de mat\u00e9riaux modernes et de techniques de construction innovantes, tout en respectant le caract\u00e8re et l&rsquo;histoire de l&rsquo;environnement urbain et naturel.<\/li>\n<li><strong>Quels sont les efforts de restauration pour les b\u00e2timents historiques \u00e0 G\u00e9rardmer ?<\/strong><br \/>\nLes efforts de <a href=\"https:\/\/les-atypiques-chalets.com\/de\/meilleurs-restaurants-gerardmer-tour-culinaire\/\" data-wpil-monitor-id=\"1945\">restauration \u00e0 G\u00e9rardmer<\/a> visent \u00e0 pr\u00e9server l&rsquo;int\u00e9grit\u00e9 et l&rsquo;authenticit\u00e9 des b\u00e2timents historiques. Ces projets impliquent souvent la r\u00e9paration des structures endommag\u00e9es, la restauration des fa\u00e7ades et des d\u00e9tails architecturaux, et l&rsquo;adaptation des b\u00e2timents \u00e0 des usages modernes tout en conservant leur caract\u00e8re historique.<\/li>\n<li><strong>Comment l&rsquo;environnement naturel influence-t-il l&rsquo;architecture de G\u00e9rardmer ?<\/strong><br \/>\nL&rsquo;environnement naturel de G\u00e9rardmer, avec ses montagnes, son lac et ses for\u00eats, a grandement influenc\u00e9 l&rsquo;architecture de la r\u00e9gion. Les b\u00e2timents sont souvent con\u00e7us pour s&rsquo;int\u00e9grer dans le paysage, utilisant des mat\u00e9riaux locaux et refl\u00e9tant la beaut\u00e9 naturelle environnante. Cette symbiose entre nature et architecture est une caract\u00e9ristique distincte du patrimoine architectural de G\u00e9rardmer.<\/li>\n<\/ol>\n\n\t\t<\/div>\n\t<\/div>\n<\/div><\/div><\/div><\/div>\n<\/div>","protected":false},"excerpt":{"rendered":"Chalet IORIK Capacit\u00e9: 4 personnes Superficie: 45 m2 Bain Nordique: privatif Description de notre Chalet Iorik dans les Vosges Id\u00e9al pour les couples ou les petites familles, le Chalet IORIK est un \u00e9crin de douceur pouvant accueillir jusqu\u2019\u00e0 4 personnes. Avec ses 2 chambres cosy et ces 2 lits de 140\u00d7190, il vous promet des<a href=\"https:\/\/les-atypiques-chalets.com\/de\/chalet-aslan\/\" class=\"sohohotel-more-link\">Read More<\/a>","protected":false},"author":1,"featured_media":9545,"comment_status":"closed","ping_status":"open","sticky":false,"template":"","format":"standard","meta":{"_yoast_wpseo_title":"Explorez G\u00e9rardmer et son Architecture","_yoast_wpseo_metadesc":"D\u00e9couvrez l'architecture de G\u00e9rardmer. Ch\u00e2teaux, \u00e9glises, et plus !","_yoast_wpseo_focuskw":"#G\u00e9rardmer #PatrimoineArchitectural #Ch\u00e2teaux #\u00c9glises #MaisonsColombages #ArchitectureModerne #Restauration #NatureArchitecture #CultureG\u00e9rardmer","footnotes":""},"categories":[707],"tags":[857,858,859,860,861,862,664,863,864,865,866],"class_list":["post-9544","post","type-post","status-publish","format-standard","has-post-thumbnail","hentry","category-gerardmer","tag-architecture-moderne","tag-batiments-historiques","tag-chateaux","tag-conservation","tag-culture-de-gerardmer","tag-eglises","tag-gerardmer","tag-maisons-a-colombages","tag-nature-et-architecture","tag-patrimoine-architectural","tag-restauration"],"_links":{"self":[{"href":"https:\/\/les-atypiques-chalets.com\/de\/wp-json\/wp\/v2\/posts\/9544","targetHints":{"allow":["GET"]}}],"collection":[{"href":"https:\/\/les-atypiques-chalets.com\/de\/wp-json\/wp\/v2\/posts"}],"about":[{"href":"https:\/\/les-atypiques-chalets.com\/de\/wp-json\/wp\/v2\/types\/post"}],"author":[{"embeddable":true,"href":"https:\/\/les-atypiques-chalets.com\/de\/wp-json\/wp\/v2\/users\/1"}],"replies":[{"embeddable":true,"href":"https:\/\/les-atypiques-chalets.com\/de\/wp-json\/wp\/v2\/comments?post=9544"}],"version-history":[{"count":0,"href":"https:\/\/les-atypiques-chalets.com\/de\/wp-json\/wp\/v2\/posts\/9544\/revisions"}],"wp:featuredmedia":[{"embeddable":true,"href":"https:\/\/les-atypiques-chalets.com\/de\/wp-json\/wp\/v2\/media\/9545"}],"wp:attachment":[{"href":"https:\/\/les-atypiques-chalets.com\/de\/wp-json\/wp\/v2\/media?parent=9544"}],"wp:term":[{"taxonomy":"category","embeddable":true,"href":"https:\/\/les-atypiques-chalets.com\/de\/wp-json\/wp\/v2\/categories?post=9544"},{"taxonomy":"post_tag","embeddable":true,"href":"https:\/\/les-atypiques-chalets.com\/de\/wp-json\/wp\/v2\/tags?post=9544"}],"curies":[{"name":"wp","href":"https:\/\/api.w.org\/{rel}","templated":true}]}}