{"id":9611,"date":"2024-01-15T15:01:28","date_gmt":"2024-01-15T15:01:28","guid":{"rendered":"https:\/\/les-atypiques-chalets.com\/?p=9611"},"modified":"2025-05-21T19:08:19","modified_gmt":"2025-05-21T19:08:19","slug":"chalets-abordables-dans-les-vosges-sejour-de-reve-a-petit-prix","status":"publish","type":"post","link":"https:\/\/les-atypiques-chalets.com\/de\/chalets-abordables-dans-les-vosges-sejour-de-reve-a-petit-prix\/","title":{"rendered":"Chalets Abordables dans les Vosges : S\u00e9jour de R\u00eave \u00e0 Petit Prix"},"content":{"rendered":"<p>Les Vosges, cette magnifique r\u00e9gion de France, attirent chaque ann\u00e9e des milliers de visiteurs en qu\u00eate de nature, de tranquillit\u00e9 et d&rsquo;aventure. Mais profiter de cette beaut\u00e9 naturelle ne signifie pas forc\u00e9ment devoir d\u00e9penser une fortune. Chez \u00ab\u00a0Les Atypiques Chalets\u00a0\u00bb, nous croyons fermement que le luxe et le confort ne doivent pas toujours rimer avec cher. C&rsquo;est pourquoi nous sommes fiers de vous pr\u00e9senter notre gamme de <a href=\"https:\/\/les-atypiques-chalets.com\/de\/meilleurs-chalets-familiaux-a-louer-dans-les-vosges\/\" data-wpil-monitor-id=\"122\">chalets abordables dans les Vosges<\/a>.<\/p>\n<h3><span class=\"ez-toc-section\" id=\"Un_Confort_Incomparable_a_Prix_Doux\"><\/span>Un Confort Incomparable \u00e0 Prix Doux<span class=\"ez-toc-section-end\"><\/span><\/h3><div id=\"ez-toc-container\" class=\"ez-toc-v2_0_82_2 counter-hierarchy ez-toc-counter ez-toc-grey ez-toc-container-direction\">\n<div class=\"ez-toc-title-container\">\n<p class=\"ez-toc-title\" style=\"cursor:inherit\">Zusammenfassung<\/p>\n<span class=\"ez-toc-title-toggle\"><a href=\"#\" class=\"ez-toc-pull-right ez-toc-btn ez-toc-btn-xs ez-toc-btn-default ez-toc-toggle\" aria-label=\"Toggle Table of Content\"><span class=\"ez-toc-js-icon-con\"><span class=\"\"><span class=\"eztoc-hide\" style=\"display:none;\">Umschalten<\/span><span class=\"ez-toc-icon-toggle-span\"><svg style=\"fill: #999;color:#999\" xmlns=\"http:\/\/www.w3.org\/2000\/svg\" class=\"list-377408\" width=\"20px\" height=\"20px\" viewbox=\"0 0 24 24\" fill=\"none\"><path d=\"M6 6H4v2h2V6zm14 0H8v2h12V6zM4 11h2v2H4v-2zm16 0H8v2h12v-2zM4 16h2v2H4v-2zm16 0H8v2h12v-2z\" fill=\"currentColor\"><\/path><\/svg><svg style=\"fill: #999;color:#999\" class=\"arrow-unsorted-368013\" xmlns=\"http:\/\/www.w3.org\/2000\/svg\" width=\"10px\" height=\"10px\" viewbox=\"0 0 24 24\" version=\"1.2\" baseprofile=\"tiny\"><path d=\"M18.2 9.3l-6.2-6.3-6.2 6.3c-.2.2-.3.4-.3.7s.1.5.3.7c.2.2.4.3.7.3h11c.3 0 .5-.1.7-.3.2-.2.3-.5.3-.7s-.1-.5-.3-.7zM5.8 14.7l6.2 6.3 6.2-6.3c.2-.2.3-.5.3-.7s-.1-.5-.3-.7c-.2-.2-.4-.3-.7-.3h-11c-.3 0-.5.1-.7.3-.2.2-.3.5-.3.7s.1.5.3.7z\"\/><\/svg><\/span><\/span><\/span><\/a><\/span><\/div>\n<nav><ul class='ez-toc-list ez-toc-list-level-1 ez-toc-columns-2' ><ul class='ez-toc-list-level-3' ><li class='ez-toc-heading-level-3'><a class=\"ez-toc-link ez-toc-heading-1\" href=\"https:\/\/les-atypiques-chalets.com\/de\/chalets-abordables-dans-les-vosges-sejour-de-reve-a-petit-prix\/#Un_Confort_Incomparable_a_Prix_Doux\" >Un Confort Incomparable \u00e0 Prix Doux<\/a><\/li><li class='ez-toc-page-1 ez-toc-heading-level-3'><a class=\"ez-toc-link ez-toc-heading-2\" href=\"https:\/\/les-atypiques-chalets.com\/de\/chalets-abordables-dans-les-vosges-sejour-de-reve-a-petit-prix\/#La_Nature_a_Votre_Porte\" >La Nature \u00e0 Votre Porte<\/a><\/li><\/ul><\/li><li class='ez-toc-page-1 ez-toc-heading-level-2'><a class=\"ez-toc-link ez-toc-heading-3\" href=\"https:\/\/les-atypiques-chalets.com\/de\/chalets-abordables-dans-les-vosges-sejour-de-reve-a-petit-prix\/#Chalet_IORIK\" >Chalet IORIK<\/a><\/li><li class='ez-toc-page-1 ez-toc-heading-level-2'><a class=\"ez-toc-link ez-toc-heading-4\" href=\"https:\/\/les-atypiques-chalets.com\/de\/chalets-abordables-dans-les-vosges-sejour-de-reve-a-petit-prix\/#Chalet_CHARKHAN\" >Chalet CHARKHAN<\/a><\/li><li class='ez-toc-page-1 ez-toc-heading-level-2'><a class=\"ez-toc-link ez-toc-heading-5\" href=\"https:\/\/les-atypiques-chalets.com\/de\/chalets-abordables-dans-les-vosges-sejour-de-reve-a-petit-prix\/#Chalet_ASLAN\" >Chalet ASLAN<\/a><ul class='ez-toc-list-level-3' ><li class='ez-toc-heading-level-3'><a class=\"ez-toc-link ez-toc-heading-6\" href=\"https:\/\/les-atypiques-chalets.com\/de\/chalets-abordables-dans-les-vosges-sejour-de-reve-a-petit-prix\/#Un_Sejour_Abordable_pour_Toutes_les_Bourses\" >Un S\u00e9jour Abordable pour Toutes les Bourses<\/a><\/li><li class='ez-toc-page-1 ez-toc-heading-level-3'><a class=\"ez-toc-link ez-toc-heading-7\" href=\"https:\/\/les-atypiques-chalets.com\/de\/chalets-abordables-dans-les-vosges-sejour-de-reve-a-petit-prix\/#Reservez_Votre_Chalet_Ideal\" >R\u00e9servez Votre Chalet Id\u00e9al<\/a><\/li><li class='ez-toc-page-1 ez-toc-heading-level-3'><a class=\"ez-toc-link ez-toc-heading-8\" href=\"https:\/\/les-atypiques-chalets.com\/de\/chalets-abordables-dans-les-vosges-sejour-de-reve-a-petit-prix\/#Un_Service_Client_Dedie\" >Un Service Client D\u00e9di\u00e9<\/a><\/li><li class='ez-toc-page-1 ez-toc-heading-level-3'><a class=\"ez-toc-link ez-toc-heading-9\" href=\"https:\/\/les-atypiques-chalets.com\/de\/chalets-abordables-dans-les-vosges-sejour-de-reve-a-petit-prix\/#Des_Souvenirs_Inoubliables\" >Des Souvenirs Inoubliables<\/a><\/li><li class='ez-toc-page-1 ez-toc-heading-level-3'><a class=\"ez-toc-link ez-toc-heading-10\" href=\"https:\/\/les-atypiques-chalets.com\/de\/chalets-abordables-dans-les-vosges-sejour-de-reve-a-petit-prix\/#Reservez_des_Maintenant\" >R\u00e9servez d\u00e8s Maintenant!<\/a><\/li><\/ul><\/li><\/ul><\/nav><\/div>\n\n<p>Nos chalets dans les vosges, situ\u00e9s au c\u0153ur des paysages pittoresques des <a href=\"https:\/\/les-atypiques-chalets.com\/de\/quest-ce-quun-bain-nordique\/\" data-wpil-monitor-id=\"291\">Vogesen<\/a>, offrent tout le confort et l&rsquo;\u00e9quipement n\u00e9cessaires pour un s\u00e9jour m\u00e9morable. Que vous planifiez une <a href=\"https:\/\/les-atypiques-chalets.com\/de\/chalets-de-luxe-avec-jacuzzi-ou-bain-finlandais\/\" data-wpil-monitor-id=\"676\">romantische Eskapade<\/a>, des vacances en famille ou un week-end entre amis, nos chalets sont con\u00e7us pour r\u00e9pondre \u00e0 tous vos besoins. Avec des cuisines \u00e9quip\u00e9es, des salons chaleureux et des chambres douillettes, nos h\u00e9bergements allient parfaitement rusticit\u00e9 et modernit\u00e9.<\/p>\n<h3><span class=\"ez-toc-section\" id=\"La_Nature_a_Votre_Porte\"><\/span>La Nature \u00e0 Votre Porte<span class=\"ez-toc-section-end\"><\/span><\/h3>\n<p>Imaginez vous r\u00e9veiller chaque matin avec une vue imprenable sur les for\u00eats et les montagnes des <a href=\"https:\/\/les-atypiques-chalets.com\/de\/organisez-votre-sejour-a-gerardmer\/\" data-wpil-monitor-id=\"335\">Vogesen<\/a>. Nos <a href=\"https:\/\/les-atypiques-chalets.com\/de\/votre-chalet-de-randonnee-dans-les-vosges-au-coeur-de-la-nature\/\" data-wpil-monitor-id=\"677\">Chalets<\/a> sont id\u00e9alement situ\u00e9s pour vous permettre de profiter pleinement de la nature environnante. Randonn\u00e9es, VTT, <a href=\"https:\/\/les-atypiques-chalets.com\/de\/tag\/ski\/\"  data-wpil-monitor-id=\"2253\">ski<\/a> ou simplement d\u00e9tente au bord d&rsquo;un lac, les activit\u00e9s ne manquent pas pour explorer et appr\u00e9cier la beaut\u00e9 de la r\u00e9gion.<\/p>\n<p>&nbsp;<\/p>\n<ul>\n<li><img decoding=\"async\" src=\"https:\/\/les-atypiques-chalets.com\/wp-content\/uploads\/2021\/05\/chalet-iorek03.webp\" sizes=\"(max-width: 780px) 100vw, 780px\" srcset=\"https:\/\/les-atypiques-chalets.com\/wp-content\/uploads\/2021\/05\/chalet-iorek03.webp 1000w, https:\/\/les-atypiques-chalets.com\/wp-content\/uploads\/2021\/05\/chalet-iorek03-300x300.webp 300w, https:\/\/les-atypiques-chalets.com\/wp-content\/uploads\/2021\/05\/chalet-iorek03-150x150.webp 150w, https:\/\/les-atypiques-chalets.com\/wp-content\/uploads\/2021\/05\/chalet-iorek03-600x600.webp 600w, https:\/\/les-atypiques-chalets.com\/wp-content\/uploads\/2021\/05\/chalet-iorek03-768x768.webp 768w, https:\/\/les-atypiques-chalets.com\/wp-content\/uploads\/2021\/05\/chalet-iorek03-720x720.webp 720w\" alt=\"Chalet IOKEK, cuisine, s\u00e9jour. Les Atypiques Chalets \u00e0 Gerardmer dans les Vosges. Chalet pour 4\/5 personnes\" width=\"780\" height=\"780\" \/><\/li>\n<li><img decoding=\"async\" src=\"https:\/\/les-atypiques-chalets.com\/wp-content\/uploads\/2021\/05\/chalet-iorek-sejour.webp\" sizes=\"(max-width: 780px) 100vw, 780px\" srcset=\"https:\/\/les-atypiques-chalets.com\/wp-content\/uploads\/2021\/05\/chalet-iorek-sejour.webp 1000w, https:\/\/les-atypiques-chalets.com\/wp-content\/uploads\/2021\/05\/chalet-iorek-sejour-300x300.webp 300w, https:\/\/les-atypiques-chalets.com\/wp-content\/uploads\/2021\/05\/chalet-iorek-sejour-150x150.webp 150w, https:\/\/les-atypiques-chalets.com\/wp-content\/uploads\/2021\/05\/chalet-iorek-sejour-600x600.webp 600w, https:\/\/les-atypiques-chalets.com\/wp-content\/uploads\/2021\/05\/chalet-iorek-sejour-768x768.webp 768w, https:\/\/les-atypiques-chalets.com\/wp-content\/uploads\/2021\/05\/chalet-iorek-sejour-720x720.webp 720w\" alt=\"Chalet IOKEK, s\u00e9jour, cuisine, des Atypiques Chalets \u00e0 Gerardmer dans les Vosges. Chalet pour 4\/5 personnes. Forme en A\" width=\"780\" height=\"780\" \/><\/li>\n<li><img decoding=\"async\" src=\"https:\/\/les-atypiques-chalets.com\/wp-content\/uploads\/2021\/05\/chalet-iorek-salon.webp\" sizes=\"(max-width: 780px) 100vw, 780px\" srcset=\"https:\/\/les-atypiques-chalets.com\/wp-content\/uploads\/2021\/05\/chalet-iorek-salon.webp 1000w, https:\/\/les-atypiques-chalets.com\/wp-content\/uploads\/2021\/05\/chalet-iorek-salon-300x300.webp 300w, https:\/\/les-atypiques-chalets.com\/wp-content\/uploads\/2021\/05\/chalet-iorek-salon-150x150.webp 150w, https:\/\/les-atypiques-chalets.com\/wp-content\/uploads\/2021\/05\/chalet-iorek-salon-600x600.webp 600w, https:\/\/les-atypiques-chalets.com\/wp-content\/uploads\/2021\/05\/chalet-iorek-salon-768x768.webp 768w, https:\/\/les-atypiques-chalets.com\/wp-content\/uploads\/2021\/05\/chalet-iorek-salon-720x720.webp 720w\" alt=\"Chalet IOKEK, Salon, Aufenthaltsraum der Atypiques Chalets in G\u00e9rardmer in den Vogesen. Chalet f\u00fcr 4\/5 Personen. A-Form\" width=\"780\" height=\"780\" \/><\/li>\n<li><img decoding=\"async\" src=\"https:\/\/les-atypiques-chalets.com\/wp-content\/uploads\/2021\/05\/chalet-iorek-chambre2.webp\" sizes=\"(max-width: 780px) 100vw, 780px\" srcset=\"https:\/\/les-atypiques-chalets.com\/wp-content\/uploads\/2021\/05\/chalet-iorek-chambre2.webp 1000w, https:\/\/les-atypiques-chalets.com\/wp-content\/uploads\/2021\/05\/chalet-iorek-chambre2-300x300.webp 300w, https:\/\/les-atypiques-chalets.com\/wp-content\/uploads\/2021\/05\/chalet-iorek-chambre2-150x150.webp 150w, https:\/\/les-atypiques-chalets.com\/wp-content\/uploads\/2021\/05\/chalet-iorek-chambre2-600x600.webp 600w, https:\/\/les-atypiques-chalets.com\/wp-content\/uploads\/2021\/05\/chalet-iorek-chambre2-768x768.webp 768w, https:\/\/les-atypiques-chalets.com\/wp-content\/uploads\/2021\/05\/chalet-iorek-chambre2-720x720.webp 720w\" alt=\"Chalet IOKEK, chambre mezzanine. Les Atypiques Chalets \u00e0 Gerardmer dans les Vosges. Chalet pour 4\/5 personnes\" width=\"780\" height=\"780\" \/><\/li>\n<li><img decoding=\"async\" src=\"https:\/\/les-atypiques-chalets.com\/wp-content\/uploads\/2023\/11\/athypiques-chalets-013.webp\" sizes=\"(max-width: 780px) 100vw, 780px\" srcset=\"https:\/\/les-atypiques-chalets.com\/wp-content\/uploads\/2023\/11\/athypiques-chalets-013.webp 1060w, https:\/\/les-atypiques-chalets.com\/wp-content\/uploads\/2023\/11\/athypiques-chalets-013-100x150.webp 100w, https:\/\/les-atypiques-chalets.com\/wp-content\/uploads\/2023\/11\/athypiques-chalets-013-600x900.webp 600w, https:\/\/les-atypiques-chalets.com\/wp-content\/uploads\/2023\/11\/athypiques-chalets-013-200x300.webp 200w, https:\/\/les-atypiques-chalets.com\/wp-content\/uploads\/2023\/11\/athypiques-chalets-013-683x1024.webp 683w, https:\/\/les-atypiques-chalets.com\/wp-content\/uploads\/2023\/11\/athypiques-chalets-013-768x1152.webp 768w, https:\/\/les-atypiques-chalets.com\/wp-content\/uploads\/2023\/11\/athypiques-chalets-013-1024x1536.webp 1024w\" alt=\"salle de bain des Atypiques chalets. Chalets insolite \u00e0 Gerardmer\" width=\"780\" height=\"1170\" \/><\/li>\n<li><img decoding=\"async\" src=\"https:\/\/les-atypiques-chalets.com\/wp-content\/uploads\/2023\/04\/chalet-Iorik-sdb.jpg\" sizes=\"(max-width: 709px) 100vw, 709px\" srcset=\"https:\/\/les-atypiques-chalets.com\/wp-content\/uploads\/2023\/04\/chalet-Iorik-sdb.jpg 709w, https:\/\/les-atypiques-chalets.com\/wp-content\/uploads\/2023\/04\/chalet-Iorik-sdb-169x300.jpg 169w, https:\/\/les-atypiques-chalets.com\/wp-content\/uploads\/2023\/04\/chalet-Iorik-sdb-576x1024.jpg 576w, https:\/\/les-atypiques-chalets.com\/wp-content\/uploads\/2023\/04\/chalet-Iorik-sdb-600x1066.jpg 600w, https:\/\/les-atypiques-chalets.com\/wp-content\/uploads\/2023\/04\/chalet-Iorik-sdb-550x977.jpg 550w, https:\/\/les-atypiques-chalets.com\/wp-content\/uploads\/2023\/04\/chalet-Iorik-sdb-370x658.jpg 370w, https:\/\/les-atypiques-chalets.com\/wp-content\/uploads\/2023\/04\/chalet-Iorik-sdb-255x453.jpg 255w, https:\/\/les-atypiques-chalets.com\/wp-content\/uploads\/2023\/04\/chalet-Iorik-sdb-84x150.jpg 84w\" alt=\"Chalet IOKEK, salle de bain. Les Atypiques Chalets \u00e0 Gerardmer dans les Vosges. Chalet pour 4\/5 personnes\" width=\"709\" height=\"1260\" \/><\/li>\n<li><img decoding=\"async\" src=\"https:\/\/les-atypiques-chalets.com\/wp-content\/uploads\/2023\/11\/athypiques-chalets-004.webp\" sizes=\"(max-width: 780px) 100vw, 780px\" srcset=\"https:\/\/les-atypiques-chalets.com\/wp-content\/uploads\/2023\/11\/athypiques-chalets-004.webp 1060w, https:\/\/les-atypiques-chalets.com\/wp-content\/uploads\/2023\/11\/athypiques-chalets-004-150x100.webp 150w, https:\/\/les-atypiques-chalets.com\/wp-content\/uploads\/2023\/11\/athypiques-chalets-004-600x400.webp 600w, https:\/\/les-atypiques-chalets.com\/wp-content\/uploads\/2023\/11\/athypiques-chalets-004-300x200.webp 300w, https:\/\/les-atypiques-chalets.com\/wp-content\/uploads\/2023\/11\/athypiques-chalets-004-1024x683.webp 1024w, https:\/\/les-atypiques-chalets.com\/wp-content\/uploads\/2023\/11\/athypiques-chalets-004-768x512.webp 768w\" alt=\"chambre des Atypiques chalets. Chalets insolite \u00e0 Gerardmer\" width=\"780\" height=\"520\" \/><\/li>\n<li><img decoding=\"async\" src=\"https:\/\/les-atypiques-chalets.com\/wp-content\/uploads\/2021\/05\/chalet-iorek05.webp\" sizes=\"(max-width: 780px) 100vw, 780px\" srcset=\"https:\/\/les-atypiques-chalets.com\/wp-content\/uploads\/2021\/05\/chalet-iorek05.webp 1000w, https:\/\/les-atypiques-chalets.com\/wp-content\/uploads\/2021\/05\/chalet-iorek05-300x300.webp 300w, https:\/\/les-atypiques-chalets.com\/wp-content\/uploads\/2021\/05\/chalet-iorek05-150x150.webp 150w, https:\/\/les-atypiques-chalets.com\/wp-content\/uploads\/2021\/05\/chalet-iorek05-600x600.webp 600w, https:\/\/les-atypiques-chalets.com\/wp-content\/uploads\/2021\/05\/chalet-iorek05-768x768.webp 768w, https:\/\/les-atypiques-chalets.com\/wp-content\/uploads\/2021\/05\/chalet-iorek05-720x720.webp 720w\" alt=\"Les Atypiques chalets. Chalet en forme de A insolite en bois en plein milieu de la nature \u00e0 Gerardmer dans les Vosges\" width=\"780\" height=\"780\" \/><\/li>\n<li><img decoding=\"async\" src=\"https:\/\/les-atypiques-chalets.com\/wp-content\/uploads\/2023\/11\/les-atypiques-chalets-780x666.webp\" sizes=\"(max-width: 780px) 100vw, 780px\" srcset=\"https:\/\/les-atypiques-chalets.com\/wp-content\/uploads\/2023\/11\/les-atypiques-chalets-780x666.webp 780w, https:\/\/les-atypiques-chalets.com\/wp-content\/uploads\/2023\/11\/les-atypiques-chalets-300x256.webp 300w, https:\/\/les-atypiques-chalets.com\/wp-content\/uploads\/2023\/11\/les-atypiques-chalets-1024x874.webp 1024w, https:\/\/les-atypiques-chalets.com\/wp-content\/uploads\/2023\/11\/les-atypiques-chalets-768x656.webp 768w, https:\/\/les-atypiques-chalets.com\/wp-content\/uploads\/2023\/11\/les-atypiques-chalets-600x512.webp 600w, https:\/\/les-atypiques-chalets.com\/wp-content\/uploads\/2023\/11\/les-atypiques-chalets-550x470.webp 550w, https:\/\/les-atypiques-chalets.com\/wp-content\/uploads\/2023\/11\/les-atypiques-chalets-370x316.webp 370w, https:\/\/les-atypiques-chalets.com\/wp-content\/uploads\/2023\/11\/les-atypiques-chalets-255x218.webp 255w, https:\/\/les-atypiques-chalets.com\/wp-content\/uploads\/2023\/11\/les-atypiques-chalets-150x128.webp 150w, https:\/\/les-atypiques-chalets.com\/wp-content\/uploads\/2023\/11\/les-atypiques-chalets.webp 1060w\" alt=\"les Atypiques chalets. Chalets insolite en forme de A \u00e0 Gerardmer\" width=\"780\" height=\"666\" \/><\/li>\n<\/ul>\n<p>&nbsp;<\/p>\n<header>\n<h2><span class=\"ez-toc-section\" id=\"Chalet_IORIK\"><\/span><a href=\"https:\/\/les-atypiques-chalets.com\/de\/room\/chalet-iorik\/\">Chalet IORIK<\/a><span class=\"ez-toc-section-end\"><\/span><\/h2>\n<p>Location uniquement \u00e0 la semaine pendant les cong\u00e9s scolaires<\/p>\n<\/header>\n<p>Id\u00e9al pour les couples ou les petites familles, ce charmant Chalet est un \u00e9crin de douceur pouvant accueillir jusqu\u2019\u00e0 4 personnes. Avec ses 2 chambres cosy, il vous promet des nuits paisibles berc\u00e9es par le chant des \u00e9toiles.<\/p>\n<footer><a href=\"https:\/\/les-atypiques-chalets.com\/de\/room\/chalet-iorik\/\"><br \/>\nen savoir plus<br \/>\n<\/a><\/footer>\n<p><a href=\"https:\/\/les-atypiques-chalets.com\/de\/room\/chalet-charkhan\/\"><img decoding=\"async\" src=\"https:\/\/les-atypiques-chalets.com\/wp-content\/uploads\/2023\/10\/logo-atypiques-chalets-icone.webp\" sizes=\"(max-width: 512px) 100vw, 512px\" srcset=\"https:\/\/les-atypiques-chalets.com\/wp-content\/uploads\/2023\/10\/logo-atypiques-chalets-icone.webp 512w, https:\/\/les-atypiques-chalets.com\/wp-content\/uploads\/2023\/10\/logo-atypiques-chalets-icone-300x300.webp 300w, https:\/\/les-atypiques-chalets.com\/wp-content\/uploads\/2023\/10\/logo-atypiques-chalets-icone-150x150.webp 150w\" alt=\"\" width=\"512\" height=\"512\" \/> <\/a><\/p>\n<header>\n<h2><span class=\"ez-toc-section\" id=\"Chalet_CHARKHAN\"><\/span><a href=\"https:\/\/les-atypiques-chalets.com\/de\/room\/chalet-charkhan\/\">Chalet CHARKHAN<\/a><span class=\"ez-toc-section-end\"><\/span><\/h2>\n<p>77 m\u00b2 \/ 2 chambres \/ 7 Pers.<\/p>\n<\/header>\n<p>Con\u00e7us pour les grandes \u00e9pop\u00e9es familiales ou les escapades entre amis, nos Grands Chalets peuvent accueillir de 6 \u00e0 8 personnes.<\/p>\n<footer><a href=\"https:\/\/les-atypiques-chalets.com\/de\/room\/chalet-charkhan\/\"><br \/>\nen savoir plus<br \/>\n<\/a><\/footer>\n<p><a href=\"https:\/\/les-atypiques-chalets.com\/de\/room\/chalet-aslan\/\"><img decoding=\"async\" src=\"https:\/\/les-atypiques-chalets.com\/wp-content\/uploads\/2023\/10\/logo-atypiques-chalets-icone.webp\" sizes=\"(max-width: 512px) 100vw, 512px\" srcset=\"https:\/\/les-atypiques-chalets.com\/wp-content\/uploads\/2023\/10\/logo-atypiques-chalets-icone.webp 512w, https:\/\/les-atypiques-chalets.com\/wp-content\/uploads\/2023\/10\/logo-atypiques-chalets-icone-300x300.webp 300w, https:\/\/les-atypiques-chalets.com\/wp-content\/uploads\/2023\/10\/logo-atypiques-chalets-icone-150x150.webp 150w\" alt=\"\" width=\"512\" height=\"512\" \/> <\/a><\/p>\n<header>\n<h2><span class=\"ez-toc-section\" id=\"Chalet_ASLAN\"><\/span><a href=\"https:\/\/les-atypiques-chalets.com\/de\/room\/chalet-aslan\/\">Chalet ASLAN<\/a><span class=\"ez-toc-section-end\"><\/span><\/h2>\n<p>77 m\u00b2 \/ 2 chambres \/ 7 Pers.<\/p>\n<\/header>\n<p>Con\u00e7us pour les grandes \u00e9pop\u00e9es familiales ou les escapades entre amis, nos Grands Chalets peuvent accueillir de 6 \u00e0 8 personnes.<\/p>\n<footer><a href=\"https:\/\/les-atypiques-chalets.com\/de\/room\/chalet-aslan\/\"><br \/>\nen savoir plus<br \/>\n<\/a><\/footer>\n<h3><span class=\"ez-toc-section\" id=\"Un_Sejour_Abordable_pour_Toutes_les_Bourses\"><\/span>Un S\u00e9jour Abordable pour Toutes les Bourses<span class=\"ez-toc-section-end\"><\/span><\/h3>\n<p>Nous comprenons que le budget est un \u00e9l\u00e9ment cl\u00e9 dans la planification de vos vacances. C&rsquo;est pourquoi nous proposons des tarifs comp\u00e9titifs sans compromettre la qualit\u00e9 de votre s\u00e9jour. Les <a href=\"https:\/\/les-atypiques-chalets.com\/de\/a-propos-de-nous\/\" data-wpil-monitor-id=\"10\">Au\u00dfergew\u00f6hnliche Chalets<\/a> sont la preuve que l&rsquo;on peut profiter d&rsquo;un h\u00e9bergement de qualit\u00e9 dans les Vosges sans se ruiner.<\/p>\n<h3><span class=\"ez-toc-section\" id=\"Reservez_Votre_Chalet_Ideal\"><\/span>R\u00e9servez Votre Chalet Id\u00e9al<span class=\"ez-toc-section-end\"><\/span><\/h3>\n<p>N&rsquo;attendez plus pour d\u00e9couvrir nos offres de <a href=\"https:\/\/les-atypiques-chalets.com\/de\/chalets-avec-bain-nordique-dans-les-vosges\/\" data-wpil-monitor-id=\"139\">chalets abordables dans les Vosges<\/a>. Visitez notre site web \u00ab\u00a0<a href=\"https:\/\/les-atypiques-chalets.com\/de\/\">les-atypiques-chalets.com<\/a>\u00a0\u00bb pour plus d&rsquo;informations et pour r\u00e9server le chalet qui rendra votre s\u00e9jour dans les Vosges inoubliable. Que vous cherchiez l&rsquo;aventure, le repos ou un peu des deux, nos chalets sont le point de d\u00e9part parfait pour vos vacances dans les Vosges.<\/p>\n<p>Chez \u00ab\u00a0Les <a href=\"https:\/\/les-atypiques-chalets.com\/de\/explorez-les-sentiers-vtt-de-gerardmer-avec-les-atypiques-chalets\/\" data-wpil-monitor-id=\"73\">Atypiques Chalets\u00a0\u00bb<\/a>, nous sommes d\u00e9di\u00e9s \u00e0 rendre votre exp\u00e9rience aussi agr\u00e9able et abordable que possible. Notre engagement envers la qualit\u00e9 et l&rsquo;accessibilit\u00e9 fait de nous une destination pris\u00e9e pour ceux qui cherchent \u00e0 explorer les <a href=\"https:\/\/les-atypiques-chalets.com\/de\/idees-de-week-end-a-gerardmer\/\" data-wpil-monitor-id=\"405\">Vogesen<\/a> sans se soucier de leur budget.<\/p>\n<h3><span class=\"ez-toc-section\" id=\"Un_Service_Client_Dedie\"><\/span>Un Service Client D\u00e9di\u00e9<span class=\"ez-toc-section-end\"><\/span><\/h3>\n<p>Notre \u00e9quipe est toujours disponible pour vous assurer que votre s\u00e9jour se d\u00e9roule sans encombre. De la r\u00e9servation \u00e0 votre d\u00e9part, nous sommes l\u00e0 pour r\u00e9pondre \u00e0 toutes vos questions et vous aider \u00e0 planifier des <a href=\"https:\/\/les-atypiques-chalets.com\/de\/le-chalet-parfait-a-gerardmer-pour-vos-vacances-dete\/\" data-wpil-monitor-id=\"1169\">vacances parfaites<\/a>.<\/p>\n<h3><span class=\"ez-toc-section\" id=\"Des_Souvenirs_Inoubliables\"><\/span>Des Souvenirs Inoubliables<span class=\"ez-toc-section-end\"><\/span><\/h3>\n<p>Lesen <a href=\"https:\/\/les-atypiques-chalets.com\/de\/rejoignez-laventure-a-gerardmer-reservez-votre-sejour\/\" data-wpil-monitor-id=\"776\">Vogesen<\/a> sont une destination qui laisse des souvenirs ind\u00e9l\u00e9biles. Les panoramas \u00e9poustouflants, l&rsquo;air pur de la montagne et l&rsquo;ambiance apaisante de nos <a href=\"https:\/\/les-atypiques-chalets.com\/de\/trouvez-le-chalet-parfait-a-louer-a-gerardmer\/\" data-wpil-monitor-id=\"168\">chalets sont les ingr\u00e9dients parfaits<\/a> pour une \u00e9vasion r\u00e9ussie du quotidien. Et avec nos prix abordables, ces moments pr\u00e9cieux sont \u00e0 port\u00e9e de main pour tous.<\/p>\n<h3><span class=\"ez-toc-section\" id=\"Reservez_des_Maintenant\"><\/span>R\u00e9servez d\u00e8s Maintenant!<span class=\"ez-toc-section-end\"><\/span><\/h3>\n<p>Visitez notre site web \u00ab\u00a0les-atypiques-chalets.com\u00a0\u00bb d\u00e8s aujourd&rsquo;hui pour d\u00e9couvrir nos <a href=\"https:\/\/les-atypiques-chalets.com\/de\/offrez-vous-un-week-end-dans-un-chalet-des-vosges\/\" data-wpil-monitor-id=\"522\">chalets abordables dans les Vosges<\/a>. Profitez de tarifs attractifs sans compromettre la qualit\u00e9 et l&rsquo;exp\u00e9rience. Votre aventure dans les Vosges commence avec \u00ab\u00a0Les <a href=\"https:\/\/les-atypiques-chalets.com\/de\/blog\/\" data-wpil-monitor-id=\"92\">Atypiques Chalets\u00a0\u00bb<\/a>!<\/p>","protected":false},"excerpt":{"rendered":"<p>Les Vosges, cette magnifique r\u00e9gion de France, attirent chaque ann\u00e9e des milliers de visiteurs en qu\u00eate de nature, de tranquillit\u00e9 et d&rsquo;aventure. Mais profiter de cette beaut\u00e9 naturelle ne signifie pas forc\u00e9ment devoir d\u00e9penser une fortune. Chez \u00ab\u00a0Les Atypiques Chalets\u00a0\u00bb, nous croyons fermement que le luxe et le confort ne doivent pas toujours rimer avec<\/p>\n<a href=\"https:\/\/les-atypiques-chalets.com\/de\/chalets-abordables-dans-les-vosges-sejour-de-reve-a-petit-prix\/\" class=\"sohohotel-more-link\">Read More<\/a>","protected":false},"author":1,"featured_media":9203,"comment_status":"closed","ping_status":"open","sticky":false,"template":"","format":"standard","meta":{"_yoast_wpseo_title":"Chalets \u00c9conomiques Vosges - Confort \u00e0 Petit Prix","_yoast_wpseo_metadesc":"D\u00e9couvrez des chalets abordables dans les Vosges. Confort et qualit\u00e9 \u00e0 prix doux. R\u00e9servez maintenant!","_yoast_wpseo_focuskw":"#ChaletsVosgesAbordables #Vacances\u00c9conomiques #H\u00e9bergementVosges #BudgetVoyage #NatureVosges #TourismeVosges","footnotes":""},"categories":[672,707,746],"tags":[881,882,883,884,885,886,887,731,888,889,890,891,892,893],"class_list":["post-9611","post","type-post","status-publish","format-standard","has-post-thumbnail","hentry","category-bain-finlandais","category-gerardmer","category-location-saisonniere","tag-chalets-abordables-vosges","tag-chalets-atypiques-vosges","tag-chalets-confortables-vosges","tag-chalets-qualite-prix","tag-escapade-vosges-pas-cher","tag-hebergement-pas-cher-vosges","tag-location-chalet-economique","tag-nature-vosges","tag-reservez-chalet-vosges","tag-sejour-montagne-economique","tag-tourisme-vosges-economique","tag-vacances-budget-vosges","tag-vacances-familiales-abordables","tag-vacances-vosges-abordables"],"_links":{"self":[{"href":"https:\/\/les-atypiques-chalets.com\/de\/wp-json\/wp\/v2\/posts\/9611","targetHints":{"allow":["GET"]}}],"collection":[{"href":"https:\/\/les-atypiques-chalets.com\/de\/wp-json\/wp\/v2\/posts"}],"about":[{"href":"https:\/\/les-atypiques-chalets.com\/de\/wp-json\/wp\/v2\/types\/post"}],"author":[{"embeddable":true,"href":"https:\/\/les-atypiques-chalets.com\/de\/wp-json\/wp\/v2\/users\/1"}],"replies":[{"embeddable":true,"href":"https:\/\/les-atypiques-chalets.com\/de\/wp-json\/wp\/v2\/comments?post=9611"}],"version-history":[{"count":0,"href":"https:\/\/les-atypiques-chalets.com\/de\/wp-json\/wp\/v2\/posts\/9611\/revisions"}],"wp:featuredmedia":[{"embeddable":true,"href":"https:\/\/les-atypiques-chalets.com\/de\/wp-json\/wp\/v2\/media\/9203"}],"wp:attachment":[{"href":"https:\/\/les-atypiques-chalets.com\/de\/wp-json\/wp\/v2\/media?parent=9611"}],"wp:term":[{"taxonomy":"category","embeddable":true,"href":"https:\/\/les-atypiques-chalets.com\/de\/wp-json\/wp\/v2\/categories?post=9611"},{"taxonomy":"post_tag","embeddable":true,"href":"https:\/\/les-atypiques-chalets.com\/de\/wp-json\/wp\/v2\/tags?post=9611"}],"curies":[{"name":"wp","href":"https:\/\/api.w.org\/{rel}","templated":true}]}}