{"id":663,"count":1,"description":"Vous pr\u00e9parez votre s\u00e9jour au ski dans les Vosges ? Consultez ici les <strong>tarifs des forfaits de ski \u00e0 G\u00e9rardmer<\/strong> ainsi que les options pour les familles, les groupes ou les courts s\u00e9jours. Profitez de nos conseils pour choisir le bon forfait selon votre niveau et la dur\u00e9e de votre escapade hivernale.\r\n\r\nCompl\u00e9tez votre pr\u00e9paration avec notre guide <a href=\"https:\/\/les-atypiques-chalets.com\/de\/comment-preparer-votre-sejour-en-hiver-a-gerardmer\/\">\u201cComment pr\u00e9parer votre s\u00e9jour en hiver \u00e0 G\u00e9rardmer\u201d<\/a> ou d\u00e9couvrez les <a href=\"https:\/\/les-atypiques-chalets.com\/de\/tag\/competitions-de-ski\/\">comp\u00e9titions de ski \u00e0 ne pas manquer<\/a>.","link":"https:\/\/les-atypiques-chalets.com\/de\/tag\/forfaits-de-ski\/","name":"forfaits de ski","slug":"forfaits-de-ski","taxonomy":"post_tag","meta":[],"_links":{"self":[{"href":"https:\/\/les-atypiques-chalets.com\/de\/wp-json\/wp\/v2\/tags\/663","targetHints":{"allow":["GET"]}}],"collection":[{"href":"https:\/\/les-atypiques-chalets.com\/de\/wp-json\/wp\/v2\/tags"}],"about":[{"href":"https:\/\/les-atypiques-chalets.com\/de\/wp-json\/wp\/v2\/taxonomies\/post_tag"}],"wp:post_type":[{"href":"https:\/\/les-atypiques-chalets.com\/de\/wp-json\/wp\/v2\/posts?tags=663"}],"curies":[{"name":"wp","href":"https:\/\/api.w.org\/{rel}","templated":true}]}}