{"id":709,"count":1,"description":"<p>Le <strong>march\u00e9 de G\u00e9rardmer<\/strong> est l\u2019un des plus vivants des Vosges, avec ses producteurs locaux, ses sp\u00e9cialit\u00e9s artisanales et ses \u00e9tals color\u00e9s. Id\u00e9al pour acheter du fromage de Munster, de la charcuterie vosgienne, du miel de montagne ou de jolies cr\u00e9ations faites main.<\/p>\r\n\r\n<p>Prolongez l\u2019exp\u00e9rience avec notre page sur la <a href=\"https:\/\/les-atypiques-chalets.com\/de\/tag\/gastronomie-der-vogesen\/\">Gastronomie der Vogesen<\/a> ou d\u00e9couvrez les <a href=\"https:\/\/les-atypiques-chalets.com\/de\/meilleurs-restaurants-gerardmer-tour-culinaire\/\">meilleurs restaurants de G\u00e9rardmer<\/a> pour prolonger la d\u00e9couverte culinaire.<\/p>","link":"https:\/\/les-atypiques-chalets.com\/de\/tag\/marche-gerardmer\/","name":"march\u00e9 G\u00e9rardmer","slug":"marche-gerardmer","taxonomy":"post_tag","meta":[],"_links":{"self":[{"href":"https:\/\/les-atypiques-chalets.com\/de\/wp-json\/wp\/v2\/tags\/709","targetHints":{"allow":["GET"]}}],"collection":[{"href":"https:\/\/les-atypiques-chalets.com\/de\/wp-json\/wp\/v2\/tags"}],"about":[{"href":"https:\/\/les-atypiques-chalets.com\/de\/wp-json\/wp\/v2\/taxonomies\/post_tag"}],"wp:post_type":[{"href":"https:\/\/les-atypiques-chalets.com\/de\/wp-json\/wp\/v2\/posts?tags=709"}],"curies":[{"name":"wp","href":"https:\/\/api.w.org\/{rel}","templated":true}]}}