{"id":737,"count":1,"description":"<p>D\u00e9couvrez les <strong>avis authentiques de nos clients<\/strong> sur leur s\u00e9jour dans nos locations saisonni\u00e8res situ\u00e9es dans les Vosges. Ces retours d\u2019exp\u00e9rience mettent en lumi\u00e8re la qualit\u00e9 de nos chalets, le confort des \u00e9quipements, la tranquillit\u00e9 du cadre naturel et l\u2019accueil chaleureux que nous r\u00e9servons \u00e0 chaque visiteur.<\/p>\r\n\r\n<p>Retrouvez aussi nos <a href=\"https:\/\/les-atypiques-chalets.com\/de\/tag\/chalet-spa-vosges\/\">chalets avec spa privatif<\/a>, nos <a href=\"https:\/\/les-atypiques-chalets.com\/de\/tag\/sejour-en-famille-vosges\/\">s\u00e9jours en famille<\/a> ou <a href=\"https:\/\/les-atypiques-chalets.com\/de\/tag\/avis-airbnb\/\">nos avis Airbnb les plus r\u00e9cents<\/a>.<\/p>","link":"https:\/\/les-atypiques-chalets.com\/de\/tag\/avis-location-saisonniere\/","name":"avis location saisonni\u00e8re","slug":"avis-location-saisonniere","taxonomy":"post_tag","meta":[],"_links":{"self":[{"href":"https:\/\/les-atypiques-chalets.com\/de\/wp-json\/wp\/v2\/tags\/737","targetHints":{"allow":["GET"]}}],"collection":[{"href":"https:\/\/les-atypiques-chalets.com\/de\/wp-json\/wp\/v2\/tags"}],"about":[{"href":"https:\/\/les-atypiques-chalets.com\/de\/wp-json\/wp\/v2\/taxonomies\/post_tag"}],"wp:post_type":[{"href":"https:\/\/les-atypiques-chalets.com\/de\/wp-json\/wp\/v2\/posts?tags=737"}],"curies":[{"name":"wp","href":"https:\/\/api.w.org\/{rel}","templated":true}]}}